{"id":17653,"date":"2021-12-10T20:30:00","date_gmt":"2021-12-11T01:30:00","guid":{"rendered":"http:\/\/www.uartes.edu.ec\/sitio\/?p=17653"},"modified":"2024-07-04T11:24:58","modified_gmt":"2024-07-04T16:24:58","slug":"catalogo-de-graduados-2021-uartes-mas-que-un-anuario","status":"publish","type":"post","link":"https:\/\/www.uartes.edu.ec\/sitio\/fr\/blog\/2021\/12\/10\/catalogo-de-graduados-2021-uartes-mas-que-un-anuario\/","title":{"rendered":"Cat\u00e1logo de Graduados 2021 UArtes, m\u00e1s que un anuario"},"content":{"rendered":"<p>La interpretaci\u00f3n que Megan Wong, egresada de la Escuela de Artes Sonoras, hizo de los temas <em>Una flor,<\/em> de su autor\u00eda, y <em>Soledad y el mar,<\/em> de Natalia Lafourcade, marc\u00f3 este viernes 10 de diciembre de 2021 el inicio del lanzamiento del Cat\u00e1logo de Graduados, elaborado por el sello editorial de la Universidad de las Artes. La jornada pintaba sustancialmente informativa, no obstante, result\u00f3 una cita con la memoria y un reencuentro con las vivencias y experiencias ganadas.<\/p>\n\n\n\n<p>Esto porque luego de las intervenciones del rector y del vicerrector Acad\u00e9mico, doctores William Herrera y Bradley Hilgert, respectivamente, las egresadas Laura Nivela, quien es ahora funcionaria administrativa de la UArtes, y Tamia S\u00e1nchez, una de las tres primeras graduadas de Danza, fueron invitadas por Jos\u00e9 Miguel Cabrera, director de UArtes Ediciones, a compartir los contenidos de los trabajos de tesis que investigaron y desarrollaron y que constan en el cat\u00e1logo junto con los de todos los estudiantes de tambi\u00e9n todas las carreras de las escuelas de nuestra instituci\u00f3n de educaci\u00f3n superior.<\/p>\n\n\n\n<p>Las ceremonias de graduaci\u00f3n siempre han revestido vital importancia para la UArtes, se dijo; no obstante, la de este 2021 resulta especial porque se grad\u00faan alumnos de todas las carreras, porque la de Danza tiene su primera cohorte y porque de la Escuela de Posgrados, cuyos estudiantes tambi\u00e9n recibir\u00e1n su t\u00edtulo este s\u00e1bado 11, la Maestr\u00eda de Composici\u00f3n Musical y Artes Sonoras es la primera y \u00fanica en el pa\u00eds.<\/p>\n\n\n\n<p>El Rector de la UArtes remarc\u00f3, adem\u00e1s, que el Cat\u00e1logo de Graduados 2021 era el primero de este nuevo momento de la vida institucional de nuestra universidad, con autoridades elegidas en un proceso democr\u00e1tico y con el inicio del periodo de cogobierno.<\/p>\n\n\n\n<p>Entramos a una nueva etapa con fuerza y energ\u00eda y el cat\u00e1logo lo refleja (\u2026), se\u00f1al\u00f3. Un momento emocionante con los proyectos de titulaci\u00f3n de la carrera de Danza, con el trabajo de sus tres primeras graduadas, con la apreciaci\u00f3n de Lorena Delgado, coordinadora de la carrera. El cat\u00e1logo refleja la producci\u00f3n de los graduados de esta cuarta promoci\u00f3n de la Universidad de las Artes. Los lectores podr\u00e1n constatar la alta capacidad de reflexi\u00f3n cr\u00edtica sus propuestas e investigaciones.<\/p>\n\n\n\n<p>Tras leer una parte del pr\u00f3logo que escribi\u00f3 para el cat\u00e1logo, el doctor Herrera enfatiz\u00f3 en que su lanzamiento era un reencuentro como comunidad universitaria. \u201cEstamos aqu\u00ed para celebrar a los graduados de la UArtes, de lo cual nos sentimos muy orgullosos\u201d, agreg\u00f3.<\/p>\n\n\n\n<p>Igualmente, como un acto celebrativo calific\u00f3 el Vicerrector Acad\u00e9mico al lanzamiento. Brome\u00f3 indicando de que los graduados iban a tener muchos aplausos el fin de semana y que, por ello, iba a ser breve. La presentaci\u00f3n de Megan Wong le hizo recordar lo escrito por Bertha D\u00edaz en el cat\u00e1logo, donde ella menciona c\u00f3mo el conocimiento aterriza en el cuerpo y el cuerpo tambi\u00e9n produce ese conocimiento \u201cy la intervenci\u00f3n musical (presenciada) es realmente transversal, porque no importa qu\u00e9 carrera, si es danza o m\u00fasica, se centra mucho en eso. Lo vemos en una graduada de composici\u00f3n musical (Wong) que crea esos temas que definen la esencia; como instituci\u00f3n lo vemos en varias instancias\u201d.<\/p>\n\n\n\n<p>Tambi\u00e9n refleja, en ese sentido, c\u00f3mo est\u00e1 pensado nuestro modelo pedag\u00f3gico. Bradley Hilgert hizo referencia a una clase del docente Fredy Vallejos, de la EAS, en la que \u00e9l se\u00f1alaba de que hab\u00eda que apropiarse de la tecnolog\u00eda y no solo aprender a consumirla. \u201cY muchos estudiantes han hecho justamente eso\u201d. Proyectos pedag\u00f3gicos como el de Priscila Aguirre en la exc\u00e1rcel pesan en el modelo pedag\u00f3gico y las artes en articulaci\u00f3n con nosotros, anot\u00f3.<\/p>\n\n\n\n<div class=\"wp-block-image\"><figure class=\"aligncenter size-full\"><img fetchpriority=\"high\" decoding=\"async\" width=\"2000\" height=\"1333\" src=\"http:\/\/www.uartes.edu.ec\/sitio\/wp-content\/uploads\/2021\/12\/CATALOGO-GRADUADOS-03-WEB.jpg\" alt=\"\" class=\"wp-image-17655\" srcset=\"https:\/\/www.uartes.edu.ec\/sitio\/wp-content\/uploads\/2021\/12\/CATALOGO-GRADUADOS-03-WEB.jpg 2000w, https:\/\/www.uartes.edu.ec\/sitio\/wp-content\/uploads\/2021\/12\/CATALOGO-GRADUADOS-03-WEB-644x429.jpg 644w, https:\/\/www.uartes.edu.ec\/sitio\/wp-content\/uploads\/2021\/12\/CATALOGO-GRADUADOS-03-WEB-768x511.jpg 768w, https:\/\/www.uartes.edu.ec\/sitio\/wp-content\/uploads\/2021\/12\/CATALOGO-GRADUADOS-03-WEB-600x399.jpg 600w, https:\/\/www.uartes.edu.ec\/sitio\/wp-content\/uploads\/2021\/12\/CATALOGO-GRADUADOS-03-WEB-272x182.jpg 272w\" sizes=\"(max-width: 2000px) 100vw, 2000px\" \/><\/figure><\/div>\n\n\n\n<p>Que en el cat\u00e1logo no solo hay abstractos res\u00famenes, sino que cada uno tiene su c\u00f3digo QR y el lector puede entrar y apreciar la obra, otro hito importante.<\/p>\n\n\n\n<p>Hilgert revel\u00f3 su participaci\u00f3n en el Congreso por el 75 aniversario de la UFBA, donde bajo la tem\u00e1tica \u201cDilemas y perspectivas de la cultura en Am\u00e9rica del Sur\u201d se reflexion\u00f3 sobre el momento presente y las interrogantes del futuro del campo cultural en Sudam\u00e9rica. Manifest\u00f3 que concluyeron en que el arte reviste importancia por su potencial, lo cual se refleja en el cat\u00e1logo.<\/p>\n\n\n\n<p>Habl\u00f3 de los modelos de pensar la hegemon\u00eda, de la poshegemon\u00eda, del poder constituyente. \u201cEs aqu\u00ed donde habla del poder de los afectos y, de nuevo, lo vemos plasmado en la obra de nuestros graduados. (\u2026) El potencial de eso es sumamente importante, y es por eso que vemos ese ataque a la cultura en todos los pa\u00edses. (\u2026) Es a trav\u00e9s de eso que podemos constituir sujetos distintos y es a trav\u00e9s de esa subjetivaci\u00f3n distinta que podemos imaginar mundos diferentes, mejores\u201d.<\/p>\n\n\n\n<p>El Vicerrector Acad\u00e9mico indic\u00f3 a la audiencia que, si revisa el cat\u00e1logo y pasa por las salas de exhibiciones en el CIF y la B\u00f3vedas, ver\u00e1 lo que plantean los estudiantes \u201cy si se logra entrar eso como poder constituyente, el tipo de subjetivaci\u00f3n y, por ende, el tipo de ciudadano que podemos imaginar, ese s\u00ed puede transformar el mundo\u201d.<\/p>\n\n\n\n<p>Cabrera, por su parte, indic\u00f3 que el cat\u00e1logo era m\u00e1s que un anuario, revelando que siempre se plante\u00f3 hacer algo diferente. \u201cEs una carta de presentaci\u00f3n de los estudiantes al mercado laboral\u201d. Por ello, desde su segunda edici\u00f3n se agregaron algunos datos y siempre un enlace que muestra algo m\u00e1s de los estudiantes de titulaci\u00f3n.<\/p>\n\n\n\n<p>En su estructura, el cat\u00e1logo presenta un peque\u00f1o resumen y un acercamiento de los proyectos presentados por los estudiantes graduados. El director de UArtes Ediciones lo mencion\u00f3, invitando a Nivela y S\u00e1nchez a compartir los procesos de investigaci\u00f3n rese\u00f1ados en la publicaci\u00f3n que por ahora se encuentra en digital, pero que luego ser\u00e1 impresa. Asimismo, anim\u00f3 a Mac\u00edas a compartir la experiencia de haber sido parte, en sus pr\u00e1cticas profesionales en la editorial, del proceso de revisi\u00f3n, construcci\u00f3n y elaboraci\u00f3n del cat\u00e1logo.<\/p>\n\n\n\n<p>El primer cat\u00e1logo de graduados de la universidad fue el de 2018, mismo que dio cuenta de los trabajos de titulaci\u00f3n de los artistas de Artes Visuales, primera promoci\u00f3n de la UArtes. En diciembre de 2019 se gradu\u00f3 la segunda cohorte y en diciembre de 2020 la tercera, con estudiantes de las cinco escuelas, de Maestr\u00edas y de Validaci\u00f3n de Trayectoria.<\/p>","protected":false},"excerpt":{"rendered":"<p>La interpretaci\u00f3n que Megan Wong, egresada de la Escuela de Artes Sonoras, hizo de los temas \u201cUna flor\u201d, de su autor\u00eda, y \u201cSoledad y el mar\u201d, de Natalia Lafourcade, marc\u00f3 este viernes 10 de diciembre de 2021 el inicio del lanzamiento del Cat\u00e1logo de Graduados, elaborado por el sello editorial de la Universidad de las Artes. La jornada pintaba sustancialmente informativa, mas result\u00f3 una cita con la memoria y un reencuentro con las vivencias.<\/p>","protected":false},"author":10,"featured_media":17654,"comment_status":"open","ping_status":"open","sticky":false,"template":"","format":"standard","meta":{"_acf_changed":false,"_uag_custom_page_level_css":"","_monsterinsights_skip_tracking":false,"_monsterinsights_sitenote_active":false,"_monsterinsights_sitenote_note":"","_monsterinsights_sitenote_category":0,"cybocfi_hide_featured_image":"","footnotes":""},"categories":[159,150,157,147,76,284,175,215],"tags":[591],"infouartes":[],"class_list":["post-17653","post","type-post","status-publish","format-standard","has-post-thumbnail","hentry","category-artes-escenicas","category-artes-sonoras","category-artes-visuales","category-cine","category-estudiantes","category-investigacion","category-literatura","category-uartes-ediciones","tag-catalogo-2021"],"acf":[],"yoast_head":"<!-- This site is optimized with the Yoast SEO plugin v27.4 - https:\/\/yoast.com\/product\/yoast-seo-wordpress\/ -->\n<title>Universidad de las Artes - Cat\u00e1logo de Graduados 2021 UArtes, m\u00e1s que un anuario<\/title>\n<meta name=\"description\" content=\"Universidad de las Artes - Cat\u00e1logo de Graduados 2021 UArtes, m\u00e1s que un anuario\" \/>\n<meta name=\"robots\" content=\"index, follow, max-snippet:-1, max-image-preview:large, max-video-preview:-1\" \/>\n<link rel=\"canonical\" href=\"https:\/\/www.uartes.edu.ec\/sitio\/fr\/blog\/2021\/12\/10\/catalogo-de-graduados-2021-uartes-mas-que-un-anuario\/\" \/>\n<meta property=\"og:locale\" content=\"fr_FR\" \/>\n<meta property=\"og:type\" content=\"article\" \/>\n<meta property=\"og:title\" content=\"Universidad de las Artes - Cat\u00e1logo de Graduados 2021 UArtes, m\u00e1s que un anuario\" \/>\n<meta property=\"og:description\" content=\"Universidad de las Artes - Cat\u00e1logo de Graduados 2021 UArtes, m\u00e1s que un anuario\" \/>\n<meta property=\"og:url\" content=\"https:\/\/www.uartes.edu.ec\/sitio\/fr\/blog\/2021\/12\/10\/catalogo-de-graduados-2021-uartes-mas-que-un-anuario\/\" \/>\n<meta property=\"og:site_name\" content=\"Universidad de las Artes\" \/>\n<meta property=\"article:publisher\" content=\"https:\/\/www.facebook.com\/uartesec\" \/>\n<meta property=\"article:published_time\" content=\"2021-12-11T01:30:00+00:00\" \/>\n<meta property=\"article:modified_time\" content=\"2024-07-04T16:24:58+00:00\" \/>\n<meta property=\"og:image\" content=\"https:\/\/www.uartes.edu.ec\/sitio\/wp-content\/uploads\/2021\/12\/CATALOGO-GRADUADOS-01-WEB.jpg\" \/>\n\t<meta property=\"og:image:width\" content=\"2000\" \/>\n\t<meta property=\"og:image:height\" content=\"1333\" \/>\n\t<meta property=\"og:image:type\" content=\"image\/jpeg\" \/>\n<meta name=\"author\" content=\"ccortez\" \/>\n<meta name=\"twitter:card\" content=\"summary_large_image\" \/>\n<meta name=\"twitter:creator\" content=\"@uartesec\" \/>\n<meta name=\"twitter:site\" content=\"@uartesec\" \/>\n<meta name=\"twitter:label1\" content=\"\u00c9crit par\" \/>\n\t<meta name=\"twitter:data1\" content=\"ccortez\" \/>\n\t<meta name=\"twitter:label2\" content=\"Dur\u00e9e de lecture estim\u00e9e\" \/>\n\t<meta name=\"twitter:data2\" content=\"5 minutes\" \/>\n<script type=\"application\/ld+json\" class=\"yoast-schema-graph\">{\"@context\":\"https:\\\/\\\/schema.org\",\"@graph\":[{\"@type\":\"Article\",\"@id\":\"https:\\\/\\\/www.uartes.edu.ec\\\/sitio\\\/fr\\\/blog\\\/2021\\\/12\\\/10\\\/catalogo-de-graduados-2021-uartes-mas-que-un-anuario\\\/#article\",\"isPartOf\":{\"@id\":\"https:\\\/\\\/www.uartes.edu.ec\\\/sitio\\\/fr\\\/blog\\\/2021\\\/12\\\/10\\\/catalogo-de-graduados-2021-uartes-mas-que-un-anuario\\\/\"},\"author\":{\"name\":\"ccortez\",\"@id\":\"https:\\\/\\\/www.uartes.edu.ec\\\/sitio\\\/fr\\\/#\\\/schema\\\/person\\\/efa1b8275797664fd7f13a79ccc0b1f4\"},\"headline\":\"Cat\u00e1logo de Graduados 2021 UArtes, m\u00e1s que un anuario\",\"datePublished\":\"2021-12-11T01:30:00+00:00\",\"dateModified\":\"2024-07-04T16:24:58+00:00\",\"mainEntityOfPage\":{\"@id\":\"https:\\\/\\\/www.uartes.edu.ec\\\/sitio\\\/fr\\\/blog\\\/2021\\\/12\\\/10\\\/catalogo-de-graduados-2021-uartes-mas-que-un-anuario\\\/\"},\"wordCount\":1118,\"commentCount\":0,\"publisher\":{\"@id\":\"https:\\\/\\\/www.uartes.edu.ec\\\/sitio\\\/fr\\\/#organization\"},\"image\":{\"@id\":\"https:\\\/\\\/www.uartes.edu.ec\\\/sitio\\\/fr\\\/blog\\\/2021\\\/12\\\/10\\\/catalogo-de-graduados-2021-uartes-mas-que-un-anuario\\\/#primaryimage\"},\"thumbnailUrl\":\"https:\\\/\\\/www.uartes.edu.ec\\\/sitio\\\/wp-content\\\/uploads\\\/2021\\\/12\\\/CATALOGO-GRADUADOS-01-WEB.jpg\",\"keywords\":[\"cat\u00e1logo 2021\"],\"articleSection\":[\"Artes Esc\u00e9nicas\",\"Artes Sonoras\",\"Artes Visuales\",\"Cine\",\"Estudiantes\",\"Investigaci\u00f3n\",\"Literatura\",\"UArtes Ediciones\"],\"inLanguage\":\"fr-FR\",\"potentialAction\":[{\"@type\":\"CommentAction\",\"name\":\"Comment\",\"target\":[\"https:\\\/\\\/www.uartes.edu.ec\\\/sitio\\\/fr\\\/blog\\\/2021\\\/12\\\/10\\\/catalogo-de-graduados-2021-uartes-mas-que-un-anuario\\\/#respond\"]}]},{\"@type\":[\"WebPage\",\"ItemPage\"],\"@id\":\"https:\\\/\\\/www.uartes.edu.ec\\\/sitio\\\/fr\\\/blog\\\/2021\\\/12\\\/10\\\/catalogo-de-graduados-2021-uartes-mas-que-un-anuario\\\/\",\"url\":\"https:\\\/\\\/www.uartes.edu.ec\\\/sitio\\\/fr\\\/blog\\\/2021\\\/12\\\/10\\\/catalogo-de-graduados-2021-uartes-mas-que-un-anuario\\\/\",\"name\":\"Universidad de las Artes - Cat\u00e1logo de Graduados 2021 UArtes, m\u00e1s que un anuario\",\"isPartOf\":{\"@id\":\"https:\\\/\\\/www.uartes.edu.ec\\\/sitio\\\/fr\\\/#website\"},\"primaryImageOfPage\":{\"@id\":\"https:\\\/\\\/www.uartes.edu.ec\\\/sitio\\\/fr\\\/blog\\\/2021\\\/12\\\/10\\\/catalogo-de-graduados-2021-uartes-mas-que-un-anuario\\\/#primaryimage\"},\"image\":{\"@id\":\"https:\\\/\\\/www.uartes.edu.ec\\\/sitio\\\/fr\\\/blog\\\/2021\\\/12\\\/10\\\/catalogo-de-graduados-2021-uartes-mas-que-un-anuario\\\/#primaryimage\"},\"thumbnailUrl\":\"https:\\\/\\\/www.uartes.edu.ec\\\/sitio\\\/wp-content\\\/uploads\\\/2021\\\/12\\\/CATALOGO-GRADUADOS-01-WEB.jpg\",\"datePublished\":\"2021-12-11T01:30:00+00:00\",\"dateModified\":\"2024-07-04T16:24:58+00:00\",\"description\":\"Universidad de las Artes - Cat\u00e1logo de Graduados 2021 UArtes, m\u00e1s que un anuario\",\"breadcrumb\":{\"@id\":\"https:\\\/\\\/www.uartes.edu.ec\\\/sitio\\\/fr\\\/blog\\\/2021\\\/12\\\/10\\\/catalogo-de-graduados-2021-uartes-mas-que-un-anuario\\\/#breadcrumb\"},\"inLanguage\":\"fr-FR\",\"potentialAction\":[{\"@type\":\"ReadAction\",\"target\":[\"https:\\\/\\\/www.uartes.edu.ec\\\/sitio\\\/fr\\\/blog\\\/2021\\\/12\\\/10\\\/catalogo-de-graduados-2021-uartes-mas-que-un-anuario\\\/\"]}]},{\"@type\":\"ImageObject\",\"inLanguage\":\"fr-FR\",\"@id\":\"https:\\\/\\\/www.uartes.edu.ec\\\/sitio\\\/fr\\\/blog\\\/2021\\\/12\\\/10\\\/catalogo-de-graduados-2021-uartes-mas-que-un-anuario\\\/#primaryimage\",\"url\":\"https:\\\/\\\/www.uartes.edu.ec\\\/sitio\\\/wp-content\\\/uploads\\\/2021\\\/12\\\/CATALOGO-GRADUADOS-01-WEB.jpg\",\"contentUrl\":\"https:\\\/\\\/www.uartes.edu.ec\\\/sitio\\\/wp-content\\\/uploads\\\/2021\\\/12\\\/CATALOGO-GRADUADOS-01-WEB.jpg\",\"width\":2000,\"height\":1333},{\"@type\":\"BreadcrumbList\",\"@id\":\"https:\\\/\\\/www.uartes.edu.ec\\\/sitio\\\/fr\\\/blog\\\/2021\\\/12\\\/10\\\/catalogo-de-graduados-2021-uartes-mas-que-un-anuario\\\/#breadcrumb\",\"itemListElement\":[{\"@type\":\"ListItem\",\"position\":1,\"name\":\"Inicio\",\"item\":\"https:\\\/\\\/www.uartes.edu.ec\\\/sitio\\\/\"},{\"@type\":\"ListItem\",\"position\":2,\"name\":\"Cat\u00e1logo de Graduados 2021 UArtes, m\u00e1s que un anuario\"}]},{\"@type\":\"WebSite\",\"@id\":\"https:\\\/\\\/www.uartes.edu.ec\\\/sitio\\\/fr\\\/#website\",\"url\":\"https:\\\/\\\/www.uartes.edu.ec\\\/sitio\\\/fr\\\/\",\"name\":\"Universidad de las Artes\",\"description\":\"Sitio oficial de la Universidad Nacional de las Artes del Ecuador\",\"publisher\":{\"@id\":\"https:\\\/\\\/www.uartes.edu.ec\\\/sitio\\\/fr\\\/#organization\"},\"potentialAction\":[{\"@type\":\"SearchAction\",\"target\":{\"@type\":\"EntryPoint\",\"urlTemplate\":\"https:\\\/\\\/www.uartes.edu.ec\\\/sitio\\\/fr\\\/?s={search_term_string}\"},\"query-input\":{\"@type\":\"PropertyValueSpecification\",\"valueRequired\":true,\"valueName\":\"search_term_string\"}}],\"inLanguage\":\"fr-FR\"},{\"@type\":\"Organization\",\"@id\":\"https:\\\/\\\/www.uartes.edu.ec\\\/sitio\\\/fr\\\/#organization\",\"name\":\"Universidad de las Artes\",\"url\":\"https:\\\/\\\/www.uartes.edu.ec\\\/sitio\\\/fr\\\/\",\"logo\":{\"@type\":\"ImageObject\",\"inLanguage\":\"fr-FR\",\"@id\":\"https:\\\/\\\/www.uartes.edu.ec\\\/sitio\\\/fr\\\/#\\\/schema\\\/logo\\\/image\\\/\",\"url\":\"https:\\\/\\\/www.uartes.edu.ec\\\/sitio\\\/wp-content\\\/uploads\\\/2022\\\/07\\\/logo-ua-horizontal.png\",\"contentUrl\":\"https:\\\/\\\/www.uartes.edu.ec\\\/sitio\\\/wp-content\\\/uploads\\\/2022\\\/07\\\/logo-ua-horizontal.png\",\"width\":800,\"height\":276,\"caption\":\"Universidad de las Artes\"},\"image\":{\"@id\":\"https:\\\/\\\/www.uartes.edu.ec\\\/sitio\\\/fr\\\/#\\\/schema\\\/logo\\\/image\\\/\"},\"sameAs\":[\"https:\\\/\\\/www.facebook.com\\\/uartesec\",\"https:\\\/\\\/x.com\\\/uartesec\",\"https:\\\/\\\/www.tiktok.com\\\/@uartesec\"]},{\"@type\":\"Person\",\"@id\":\"https:\\\/\\\/www.uartes.edu.ec\\\/sitio\\\/fr\\\/#\\\/schema\\\/person\\\/efa1b8275797664fd7f13a79ccc0b1f4\",\"name\":\"ccortez\",\"image\":{\"@type\":\"ImageObject\",\"inLanguage\":\"fr-FR\",\"@id\":\"https:\\\/\\\/secure.gravatar.com\\\/avatar\\\/b2a6f664a3ae8e074346ef91775736c5ec479e637ecced6842de9dc98b5da9cd?s=96&d=mm&r=g\",\"url\":\"https:\\\/\\\/secure.gravatar.com\\\/avatar\\\/b2a6f664a3ae8e074346ef91775736c5ec479e637ecced6842de9dc98b5da9cd?s=96&d=mm&r=g\",\"contentUrl\":\"https:\\\/\\\/secure.gravatar.com\\\/avatar\\\/b2a6f664a3ae8e074346ef91775736c5ec479e637ecced6842de9dc98b5da9cd?s=96&d=mm&r=g\",\"caption\":\"ccortez\"},\"url\":\"https:\\\/\\\/www.uartes.edu.ec\\\/sitio\\\/fr\\\/blog\\\/author\\\/ccortez\\\/\"}]}<\/script>\n<!-- \/ Yoast SEO plugin. -->","yoast_head_json":{"title":"Universidad de las Artes - Cat\u00e1logo de Graduados 2021 UArtes, m\u00e1s que un anuario","description":"Universidad de las Artes - Cat\u00e1logo de Graduados 2021 UArtes, m\u00e1s que un anuario","robots":{"index":"index","follow":"follow","max-snippet":"max-snippet:-1","max-image-preview":"max-image-preview:large","max-video-preview":"max-video-preview:-1"},"canonical":"https:\/\/www.uartes.edu.ec\/sitio\/fr\/blog\/2021\/12\/10\/catalogo-de-graduados-2021-uartes-mas-que-un-anuario\/","og_locale":"fr_FR","og_type":"article","og_title":"Universidad de las Artes - Cat\u00e1logo de Graduados 2021 UArtes, m\u00e1s que un anuario","og_description":"Universidad de las Artes - Cat\u00e1logo de Graduados 2021 UArtes, m\u00e1s que un anuario","og_url":"https:\/\/www.uartes.edu.ec\/sitio\/fr\/blog\/2021\/12\/10\/catalogo-de-graduados-2021-uartes-mas-que-un-anuario\/","og_site_name":"Universidad de las Artes","article_publisher":"https:\/\/www.facebook.com\/uartesec","article_published_time":"2021-12-11T01:30:00+00:00","article_modified_time":"2024-07-04T16:24:58+00:00","og_image":[{"width":2000,"height":1333,"url":"https:\/\/www.uartes.edu.ec\/sitio\/wp-content\/uploads\/2021\/12\/CATALOGO-GRADUADOS-01-WEB.jpg","type":"image\/jpeg"}],"author":"ccortez","twitter_card":"summary_large_image","twitter_creator":"@uartesec","twitter_site":"@uartesec","twitter_misc":{"\u00c9crit par":"ccortez","Dur\u00e9e de lecture estim\u00e9e":"5 minutes"},"schema":{"@context":"https:\/\/schema.org","@graph":[{"@type":"Article","@id":"https:\/\/www.uartes.edu.ec\/sitio\/fr\/blog\/2021\/12\/10\/catalogo-de-graduados-2021-uartes-mas-que-un-anuario\/#article","isPartOf":{"@id":"https:\/\/www.uartes.edu.ec\/sitio\/fr\/blog\/2021\/12\/10\/catalogo-de-graduados-2021-uartes-mas-que-un-anuario\/"},"author":{"name":"ccortez","@id":"https:\/\/www.uartes.edu.ec\/sitio\/fr\/#\/schema\/person\/efa1b8275797664fd7f13a79ccc0b1f4"},"headline":"Cat\u00e1logo de Graduados 2021 UArtes, m\u00e1s que un anuario","datePublished":"2021-12-11T01:30:00+00:00","dateModified":"2024-07-04T16:24:58+00:00","mainEntityOfPage":{"@id":"https:\/\/www.uartes.edu.ec\/sitio\/fr\/blog\/2021\/12\/10\/catalogo-de-graduados-2021-uartes-mas-que-un-anuario\/"},"wordCount":1118,"commentCount":0,"publisher":{"@id":"https:\/\/www.uartes.edu.ec\/sitio\/fr\/#organization"},"image":{"@id":"https:\/\/www.uartes.edu.ec\/sitio\/fr\/blog\/2021\/12\/10\/catalogo-de-graduados-2021-uartes-mas-que-un-anuario\/#primaryimage"},"thumbnailUrl":"https:\/\/www.uartes.edu.ec\/sitio\/wp-content\/uploads\/2021\/12\/CATALOGO-GRADUADOS-01-WEB.jpg","keywords":["cat\u00e1logo 2021"],"articleSection":["Artes Esc\u00e9nicas","Artes Sonoras","Artes Visuales","Cine","Estudiantes","Investigaci\u00f3n","Literatura","UArtes Ediciones"],"inLanguage":"fr-FR","potentialAction":[{"@type":"CommentAction","name":"Comment","target":["https:\/\/www.uartes.edu.ec\/sitio\/fr\/blog\/2021\/12\/10\/catalogo-de-graduados-2021-uartes-mas-que-un-anuario\/#respond"]}]},{"@type":["WebPage","ItemPage"],"@id":"https:\/\/www.uartes.edu.ec\/sitio\/fr\/blog\/2021\/12\/10\/catalogo-de-graduados-2021-uartes-mas-que-un-anuario\/","url":"https:\/\/www.uartes.edu.ec\/sitio\/fr\/blog\/2021\/12\/10\/catalogo-de-graduados-2021-uartes-mas-que-un-anuario\/","name":"Universidad de las Artes - Cat\u00e1logo de Graduados 2021 UArtes, m\u00e1s que un anuario","isPartOf":{"@id":"https:\/\/www.uartes.edu.ec\/sitio\/fr\/#website"},"primaryImageOfPage":{"@id":"https:\/\/www.uartes.edu.ec\/sitio\/fr\/blog\/2021\/12\/10\/catalogo-de-graduados-2021-uartes-mas-que-un-anuario\/#primaryimage"},"image":{"@id":"https:\/\/www.uartes.edu.ec\/sitio\/fr\/blog\/2021\/12\/10\/catalogo-de-graduados-2021-uartes-mas-que-un-anuario\/#primaryimage"},"thumbnailUrl":"https:\/\/www.uartes.edu.ec\/sitio\/wp-content\/uploads\/2021\/12\/CATALOGO-GRADUADOS-01-WEB.jpg","datePublished":"2021-12-11T01:30:00+00:00","dateModified":"2024-07-04T16:24:58+00:00","description":"Universidad de las Artes - Cat\u00e1logo de Graduados 2021 UArtes, m\u00e1s que un anuario","breadcrumb":{"@id":"https:\/\/www.uartes.edu.ec\/sitio\/fr\/blog\/2021\/12\/10\/catalogo-de-graduados-2021-uartes-mas-que-un-anuario\/#breadcrumb"},"inLanguage":"fr-FR","potentialAction":[{"@type":"ReadAction","target":["https:\/\/www.uartes.edu.ec\/sitio\/fr\/blog\/2021\/12\/10\/catalogo-de-graduados-2021-uartes-mas-que-un-anuario\/"]}]},{"@type":"ImageObject","inLanguage":"fr-FR","@id":"https:\/\/www.uartes.edu.ec\/sitio\/fr\/blog\/2021\/12\/10\/catalogo-de-graduados-2021-uartes-mas-que-un-anuario\/#primaryimage","url":"https:\/\/www.uartes.edu.ec\/sitio\/wp-content\/uploads\/2021\/12\/CATALOGO-GRADUADOS-01-WEB.jpg","contentUrl":"https:\/\/www.uartes.edu.ec\/sitio\/wp-content\/uploads\/2021\/12\/CATALOGO-GRADUADOS-01-WEB.jpg","width":2000,"height":1333},{"@type":"BreadcrumbList","@id":"https:\/\/www.uartes.edu.ec\/sitio\/fr\/blog\/2021\/12\/10\/catalogo-de-graduados-2021-uartes-mas-que-un-anuario\/#breadcrumb","itemListElement":[{"@type":"ListItem","position":1,"name":"Inicio","item":"https:\/\/www.uartes.edu.ec\/sitio\/"},{"@type":"ListItem","position":2,"name":"Cat\u00e1logo de Graduados 2021 UArtes, m\u00e1s que un anuario"}]},{"@type":"WebSite","@id":"https:\/\/www.uartes.edu.ec\/sitio\/fr\/#website","url":"https:\/\/www.uartes.edu.ec\/sitio\/fr\/","name":"Universidad de las Artes","description":"Sitio oficial de la Universidad Nacional de las Artes del Ecuador","publisher":{"@id":"https:\/\/www.uartes.edu.ec\/sitio\/fr\/#organization"},"potentialAction":[{"@type":"SearchAction","target":{"@type":"EntryPoint","urlTemplate":"https:\/\/www.uartes.edu.ec\/sitio\/fr\/?s={search_term_string}"},"query-input":{"@type":"PropertyValueSpecification","valueRequired":true,"valueName":"search_term_string"}}],"inLanguage":"fr-FR"},{"@type":"Organization","@id":"https:\/\/www.uartes.edu.ec\/sitio\/fr\/#organization","name":"Universidad de las Artes","url":"https:\/\/www.uartes.edu.ec\/sitio\/fr\/","logo":{"@type":"ImageObject","inLanguage":"fr-FR","@id":"https:\/\/www.uartes.edu.ec\/sitio\/fr\/#\/schema\/logo\/image\/","url":"https:\/\/www.uartes.edu.ec\/sitio\/wp-content\/uploads\/2022\/07\/logo-ua-horizontal.png","contentUrl":"https:\/\/www.uartes.edu.ec\/sitio\/wp-content\/uploads\/2022\/07\/logo-ua-horizontal.png","width":800,"height":276,"caption":"Universidad de las Artes"},"image":{"@id":"https:\/\/www.uartes.edu.ec\/sitio\/fr\/#\/schema\/logo\/image\/"},"sameAs":["https:\/\/www.facebook.com\/uartesec","https:\/\/x.com\/uartesec","https:\/\/www.tiktok.com\/@uartesec"]},{"@type":"Person","@id":"https:\/\/www.uartes.edu.ec\/sitio\/fr\/#\/schema\/person\/efa1b8275797664fd7f13a79ccc0b1f4","name":"ccortez","image":{"@type":"ImageObject","inLanguage":"fr-FR","@id":"https:\/\/secure.gravatar.com\/avatar\/b2a6f664a3ae8e074346ef91775736c5ec479e637ecced6842de9dc98b5da9cd?s=96&d=mm&r=g","url":"https:\/\/secure.gravatar.com\/avatar\/b2a6f664a3ae8e074346ef91775736c5ec479e637ecced6842de9dc98b5da9cd?s=96&d=mm&r=g","contentUrl":"https:\/\/secure.gravatar.com\/avatar\/b2a6f664a3ae8e074346ef91775736c5ec479e637ecced6842de9dc98b5da9cd?s=96&d=mm&r=g","caption":"ccortez"},"url":"https:\/\/www.uartes.edu.ec\/sitio\/fr\/blog\/author\/ccortez\/"}]}},"uagb_featured_image_src":{"full":["https:\/\/www.uartes.edu.ec\/sitio\/wp-content\/uploads\/2021\/12\/CATALOGO-GRADUADOS-01-WEB.jpg",2000,1333,false],"thumbnail":["https:\/\/www.uartes.edu.ec\/sitio\/wp-content\/uploads\/2021\/12\/CATALOGO-GRADUADOS-01-WEB-150x150.jpg",150,150,true],"medium":["https:\/\/www.uartes.edu.ec\/sitio\/wp-content\/uploads\/2021\/12\/CATALOGO-GRADUADOS-01-WEB-300x200.jpg",300,200,true],"medium_large":["https:\/\/www.uartes.edu.ec\/sitio\/wp-content\/uploads\/2021\/12\/CATALOGO-GRADUADOS-01-WEB-768x512.jpg",768,512,true],"large":["https:\/\/www.uartes.edu.ec\/sitio\/wp-content\/uploads\/2021\/12\/CATALOGO-GRADUADOS-01-WEB-644x429.jpg",644,429,true],"1536x1536":["https:\/\/www.uartes.edu.ec\/sitio\/wp-content\/uploads\/2021\/12\/CATALOGO-GRADUADOS-01-WEB-1536x1024.jpg",1536,1024,true],"2048x2048":["https:\/\/www.uartes.edu.ec\/sitio\/wp-content\/uploads\/2021\/12\/CATALOGO-GRADUADOS-01-WEB.jpg",2000,1333,false],"trp-custom-language-flag":["https:\/\/www.uartes.edu.ec\/sitio\/wp-content\/uploads\/2021\/12\/CATALOGO-GRADUADOS-01-WEB.jpg",18,12,false],"htmega_size_585x295":["https:\/\/www.uartes.edu.ec\/sitio\/wp-content\/uploads\/2021\/12\/CATALOGO-GRADUADOS-01-WEB.jpg",443,295,false],"htmega_size_1170x536":["https:\/\/www.uartes.edu.ec\/sitio\/wp-content\/uploads\/2021\/12\/CATALOGO-GRADUADOS-01-WEB.jpg",804,536,false],"htmega_size_396x360":["https:\/\/www.uartes.edu.ec\/sitio\/wp-content\/uploads\/2021\/12\/CATALOGO-GRADUADOS-01-WEB.jpg",396,264,false],"gb-block-post-grid-landscape":["https:\/\/www.uartes.edu.ec\/sitio\/wp-content\/uploads\/2021\/12\/CATALOGO-GRADUADOS-01-WEB-600x400.jpg",600,400,true],"gb-block-post-grid-square":["https:\/\/www.uartes.edu.ec\/sitio\/wp-content\/uploads\/2021\/12\/CATALOGO-GRADUADOS-01-WEB-600x600.jpg",600,600,true],"university-hub-thumb":["https:\/\/www.uartes.edu.ec\/sitio\/wp-content\/uploads\/2021\/12\/CATALOGO-GRADUADOS-01-WEB-400x267.jpg",400,267,true],"mailpoet_newsletter_max":["https:\/\/www.uartes.edu.ec\/sitio\/wp-content\/uploads\/2021\/12\/CATALOGO-GRADUADOS-01-WEB.jpg",1320,880,false]},"uagb_author_info":{"display_name":"ccortez","author_link":"https:\/\/www.uartes.edu.ec\/sitio\/fr\/blog\/author\/ccortez\/"},"uagb_comment_info":0,"uagb_excerpt":"La interpretaci\u00f3n que Megan Wong, egresada de la Escuela de Artes Sonoras, hizo de los temas \u201cUna flor\u201d, de su autor\u00eda, y \u201cSoledad y el mar\u201d, de Natalia Lafourcade, marc\u00f3 este viernes 10 de diciembre de 2021 el inicio del lanzamiento del Cat\u00e1logo de Graduados, elaborado por el sello editorial de la Universidad de las\u2026","featured_image_src":"https:\/\/www.uartes.edu.ec\/sitio\/wp-content\/uploads\/2021\/12\/CATALOGO-GRADUADOS-01-WEB-600x400.jpg","featured_image_src_square":"https:\/\/www.uartes.edu.ec\/sitio\/wp-content\/uploads\/2021\/12\/CATALOGO-GRADUADOS-01-WEB-600x600.jpg","author_info":{"display_name":"ccortez","author_link":"https:\/\/www.uartes.edu.ec\/sitio\/fr\/blog\/author\/ccortez\/"},"publishpress_future_workflow_manual_trigger":{"enabledWorkflows":[]},"distributor_meta":false,"distributor_terms":false,"distributor_media":false,"distributor_original_site_name":"Universidad de las Artes","distributor_original_site_url":"https:\/\/www.uartes.edu.ec\/sitio\/fr","push-errors":false,"_links":{"self":[{"href":"https:\/\/www.uartes.edu.ec\/sitio\/fr\/wp-json\/wp\/v2\/posts\/17653","targetHints":{"allow":["GET"]}}],"collection":[{"href":"https:\/\/www.uartes.edu.ec\/sitio\/fr\/wp-json\/wp\/v2\/posts"}],"about":[{"href":"https:\/\/www.uartes.edu.ec\/sitio\/fr\/wp-json\/wp\/v2\/types\/post"}],"author":[{"embeddable":true,"href":"https:\/\/www.uartes.edu.ec\/sitio\/fr\/wp-json\/wp\/v2\/users\/10"}],"replies":[{"embeddable":true,"href":"https:\/\/www.uartes.edu.ec\/sitio\/fr\/wp-json\/wp\/v2\/comments?post=17653"}],"version-history":[{"count":1,"href":"https:\/\/www.uartes.edu.ec\/sitio\/fr\/wp-json\/wp\/v2\/posts\/17653\/revisions"}],"predecessor-version":[{"id":17656,"href":"https:\/\/www.uartes.edu.ec\/sitio\/fr\/wp-json\/wp\/v2\/posts\/17653\/revisions\/17656"}],"wp:featuredmedia":[{"embeddable":true,"href":"https:\/\/www.uartes.edu.ec\/sitio\/fr\/wp-json\/wp\/v2\/media\/17654"}],"wp:attachment":[{"href":"https:\/\/www.uartes.edu.ec\/sitio\/fr\/wp-json\/wp\/v2\/media?parent=17653"}],"wp:term":[{"taxonomy":"category","embeddable":true,"href":"https:\/\/www.uartes.edu.ec\/sitio\/fr\/wp-json\/wp\/v2\/categories?post=17653"},{"taxonomy":"post_tag","embeddable":true,"href":"https:\/\/www.uartes.edu.ec\/sitio\/fr\/wp-json\/wp\/v2\/tags?post=17653"},{"taxonomy":"infouartes","embeddable":true,"href":"https:\/\/www.uartes.edu.ec\/sitio\/fr\/wp-json\/wp\/v2\/infouartes?post=17653"}],"curies":[{"name":"wp","href":"https:\/\/api.w.org\/{rel}","templated":true}]}}