{"id":18254,"date":"2021-12-14T15:35:00","date_gmt":"2021-12-14T20:35:00","guid":{"rendered":"http:\/\/www.uartes.edu.ec\/sitio\/?p=18254"},"modified":"2024-07-04T11:24:57","modified_gmt":"2024-07-04T16:24:57","slug":"mz14-estrenara-amarillo-azul-y-rojo-pelicula-decine-comunitario-que-habla-de-la-movilidad-humana","status":"publish","type":"post","link":"https:\/\/www.uartes.edu.ec\/sitio\/fr\/blog\/2021\/12\/22\/mz14-estrenara-amarillo-azul-y-rojo-pelicula-decine-comunitario-que-habla-de-la-movilidad-humana\/","title":{"rendered":"MZ14 estrenar\u00e1 \u201cAmarillo, Azul y Rojo\u201d, pel\u00edcula de cine comunitario que habla de la movilidad humana"},"content":{"rendered":"<p>La Sala de Cine del Centro de Producci\u00f3n e Innovaci\u00f3n MZ14, de la Universidad de las Artes, es uno de los escenarios donde se estrena <em>Amarillo, Azul y Rojo,<\/em> una pel\u00edcula de cine comunitario realizada por m\u00e1s de 60 j\u00f3venes en situaci\u00f3n de movilidad humana. Su proyecci\u00f3n est\u00e1 programada para este mi\u00e9rcoles 15 de diciembre, a las 17:00.<\/p>\n\n\n\n<p>Otro de los escenarios de <em>Amarillo, Azul y Rojo<\/em> es el Festival Internacional de Cine sobre Migraci\u00f3n, inaugurado el pasado viernes 10 en el Ochoymedio de Quito; seg\u00fan se dijo entonces, su exhibici\u00f3n se extender\u00e1 a m\u00e1s ciudades ecuatorianas, como Tulc\u00e1n, Cotacachi y Lago Agrio, con proyecciones al aire libre; y, en Guayaquil, Cuenca, Huaquillas, Manta, Esmeraldas, Azogues y Machala, en las salas de cine.<\/p>\n\n\n\n<p>La producci\u00f3n cont\u00f3 con el apoyo de la Organizaci\u00f3n Internacional para las Migraciones (OIM), N\u00f3mada Cine Comunitario y la UArtes. Grabada en Quito, Cuenca y Playas, la pel\u00edcula aplic\u00f3 la metodolog\u00eda participativa, inclusiva y horizontal del cine comunitario, con 60 j\u00f3venes de Ecuador, Venezuela y Colombia en situaci\u00f3n de movilidad humana y comunidad de acogida.<\/p>\n\n\n\n<div class=\"wp-block-image\"><figure class=\"aligncenter size-full\"><img fetchpriority=\"high\" decoding=\"async\" width=\"2000\" height=\"1334\" src=\"http:\/\/www.uartes.edu.ec\/sitio\/wp-content\/uploads\/2021\/12\/ECUADOR-1.jpg\" alt=\"\" class=\"wp-image-18257\" srcset=\"https:\/\/www.uartes.edu.ec\/sitio\/wp-content\/uploads\/2021\/12\/ECUADOR-1.jpg 2000w, https:\/\/www.uartes.edu.ec\/sitio\/wp-content\/uploads\/2021\/12\/ECUADOR-1-644x429.jpg 644w, https:\/\/www.uartes.edu.ec\/sitio\/wp-content\/uploads\/2021\/12\/ECUADOR-1-768x512.jpg 768w, https:\/\/www.uartes.edu.ec\/sitio\/wp-content\/uploads\/2021\/12\/ECUADOR-1-600x400.jpg 600w, https:\/\/www.uartes.edu.ec\/sitio\/wp-content\/uploads\/2021\/12\/ECUADOR-1-272x182.jpg 272w\" sizes=\"(max-width: 2000px) 100vw, 2000px\" \/><\/figure><\/div>\n\n\n\n<p>As\u00ed, de la mano de N\u00f3mada Cine Comunitario, la OIM emprendi\u00f3 en 2019 un proyecto piloto que arroj\u00f3 como primer resultado el cortometraje <em>N\u00f3madas <\/em>\u2013de 16 minutos y grabado en Quito\u2013. Esto los anim\u00f3 a agrandar la propuesta y durante m\u00e1s de tres meses y medio los j\u00f3venes realizadores recibieron clases virtuales de producci\u00f3n, guion, fotograf\u00eda y lenguaje cinematogr\u00e1fico para pasar luego a talleres pr\u00e1cticos con los equipos, observando todas las medidas de bioseguridad necesarias y en espacios abiertos, a fin de evitar el contagio de COVID-19.<\/p>\n\n\n\n<p>El guion de la pel\u00edcula se inspir\u00f3 en las historias de los involucrados, generando una reflexi\u00f3n sobre la movilidad humana. Son tres historias unidas por un hilo narrativo, tres colores, en tres zonas diferentes del Ecuador, fusionando entre documental y ficci\u00f3n, donde muchas veces los j\u00f3venes se interpretan a s\u00ed mismos en el viaje.<\/p>\n\n\n\n<p>\u201cAmarillo\u201d cuenta una historia de amor de adolescentes. \u201cAzul\u201d habla sobre un joven que llega a Quito absolutamente solo y revela la manera en que se enfrenta a su nueva realidad. \u201cRojo\u201d toca el tema de la violencia de g\u00e9nero y narra sobre una mujer que escapa de su pareja porque era violentada y comienza una nueva vida en Cuenca.<\/p>\n\n\n\n<h3 class=\"wp-block-heading\" id=\"apuntes-de-la-produccion\"><strong>Apuntes de la producci\u00f3n<\/strong><\/h3>\n\n\n\n<p>En del Festival Internacional de Cine sobre Migraci\u00f3n, <em>Amarillo, Azul y Rojo<\/em> comparti\u00f3 cartelera con unas quince pel\u00edculas de diferentes pa\u00edses. Fueron parte de la agenda por el D\u00eda Internacional del Migrante, que se celebra el 18 de diciembre de cada a\u00f1o.<\/p>\n\n\n\n<p>La OIM busca que los filmes se conviertan en herramientas educativas que puedan influenciar las percepciones y actitudes hacia los migrantes, llevando el foco de atenci\u00f3n hacia las cuestiones sociales y creando espacios para nutrir debates e interacciones basados en un respeto mutuo.<\/p>\n\n\n\n<p>&nbsp;(Texto en referencia: <a href=\"https:\/\/www.eldiario.ec\/centro\/amarillo-azul-y-rojo-una-pelicula-que-retrata-la-migracion-en-ecuador\/\">https:\/\/www.eldiario.ec\/centro\/amarillo-azul-y-rojo-una-pelicula-que-retrata-la-migracion-en-ecuador\/<\/a>, que cita como fuente a la agencia EFE).<\/p>","protected":false},"excerpt":{"rendered":"<p>En su producci\u00f3n participaron m\u00e1s de 60 j\u00f3venes de Ecuador, Venezuela y Colombia en situaci\u00f3n de movilidad humana. Grabada en Quito, Cuenca y Playas, cuenta con el apoyo de la Organizaci\u00f3n Internacional para las Migraciones, N\u00f3mada Cine Comunitario y la UArtes. Consta en la cartelera del Festival Internacional de Cine sobre Migraci\u00f3n, inaugurado en el Ochoymedio de Quito.<\/p>","protected":false},"author":10,"featured_media":18269,"comment_status":"open","ping_status":"open","sticky":false,"template":"","format":"standard","meta":{"_acf_changed":false,"_uag_custom_page_level_css":"","_monsterinsights_skip_tracking":false,"_monsterinsights_sitenote_active":false,"_monsterinsights_sitenote_note":"","_monsterinsights_sitenote_category":0,"cybocfi_hide_featured_image":"","footnotes":""},"categories":[82,147,75,76],"tags":[518],"infouartes":[],"class_list":["post-18254","post","type-post","status-publish","format-standard","has-post-thumbnail","hentry","category-artes","category-cine","category-docentes","category-estudiantes","tag-produccion"],"acf":[],"yoast_head":"<!-- This site is optimized with the Yoast SEO plugin v27.4 - https:\/\/yoast.com\/product\/yoast-seo-wordpress\/ -->\n<title>Universidad de las Artes - MZ14 estrenar\u00e1 \u201cAmarillo, Azul y Rojo\u201d, pel\u00edcula de cine comunitario que habla de la movilidad humana<\/title>\n<meta name=\"description\" content=\"Universidad de las Artes - MZ14 estrenar\u00e1 \u201cAmarillo, Azul y Rojo\u201d, pel\u00edcula de cine comunitario que habla de la movilidad humana\" \/>\n<meta name=\"robots\" content=\"index, follow, max-snippet:-1, max-image-preview:large, max-video-preview:-1\" \/>\n<link rel=\"canonical\" href=\"https:\/\/www.uartes.edu.ec\/sitio\/fr\/blog\/2021\/12\/22\/mz14-estrenara-amarillo-azul-y-rojo-pelicula-decine-comunitario-que-habla-de-la-movilidad-humana\/\" \/>\n<meta property=\"og:locale\" content=\"fr_FR\" \/>\n<meta property=\"og:type\" content=\"article\" \/>\n<meta property=\"og:title\" content=\"Universidad de las Artes - MZ14 estrenar\u00e1 \u201cAmarillo, Azul y Rojo\u201d, pel\u00edcula de cine comunitario que habla de la movilidad humana\" \/>\n<meta property=\"og:description\" content=\"Universidad de las Artes - MZ14 estrenar\u00e1 \u201cAmarillo, Azul y Rojo\u201d, pel\u00edcula de cine comunitario que habla de la movilidad humana\" \/>\n<meta property=\"og:url\" content=\"https:\/\/www.uartes.edu.ec\/sitio\/fr\/blog\/2021\/12\/22\/mz14-estrenara-amarillo-azul-y-rojo-pelicula-decine-comunitario-que-habla-de-la-movilidad-humana\/\" \/>\n<meta property=\"og:site_name\" content=\"Universidad de las Artes\" \/>\n<meta property=\"article:publisher\" content=\"https:\/\/www.facebook.com\/uartesec\" \/>\n<meta property=\"article:published_time\" content=\"2021-12-14T20:35:00+00:00\" \/>\n<meta property=\"article:modified_time\" content=\"2024-07-04T16:24:57+00:00\" \/>\n<meta property=\"og:image\" content=\"https:\/\/www.uartes.edu.ec\/sitio\/wp-content\/uploads\/2021\/12\/ECUADOR-2-1.jpg\" \/>\n\t<meta property=\"og:image:width\" content=\"2000\" \/>\n\t<meta property=\"og:image:height\" content=\"1334\" \/>\n\t<meta property=\"og:image:type\" content=\"image\/jpeg\" \/>\n<meta name=\"author\" content=\"ccortez\" \/>\n<meta name=\"twitter:card\" content=\"summary_large_image\" \/>\n<meta name=\"twitter:creator\" content=\"@uartesec\" \/>\n<meta name=\"twitter:site\" content=\"@uartesec\" \/>\n<meta name=\"twitter:label1\" content=\"\u00c9crit par\" \/>\n\t<meta name=\"twitter:data1\" content=\"ccortez\" \/>\n\t<meta name=\"twitter:label2\" content=\"Dur\u00e9e de lecture estim\u00e9e\" \/>\n\t<meta name=\"twitter:data2\" content=\"3 minutes\" \/>\n<script type=\"application\/ld+json\" class=\"yoast-schema-graph\">{\"@context\":\"https:\\\/\\\/schema.org\",\"@graph\":[{\"@type\":\"Article\",\"@id\":\"https:\\\/\\\/www.uartes.edu.ec\\\/sitio\\\/fr\\\/blog\\\/2021\\\/12\\\/22\\\/mz14-estrenara-amarillo-azul-y-rojo-pelicula-decine-comunitario-que-habla-de-la-movilidad-humana\\\/#article\",\"isPartOf\":{\"@id\":\"https:\\\/\\\/www.uartes.edu.ec\\\/sitio\\\/fr\\\/blog\\\/2021\\\/12\\\/22\\\/mz14-estrenara-amarillo-azul-y-rojo-pelicula-decine-comunitario-que-habla-de-la-movilidad-humana\\\/\"},\"author\":{\"name\":\"ccortez\",\"@id\":\"https:\\\/\\\/www.uartes.edu.ec\\\/sitio\\\/fr\\\/#\\\/schema\\\/person\\\/efa1b8275797664fd7f13a79ccc0b1f4\"},\"headline\":\"MZ14 estrenar\u00e1 \u201cAmarillo, Azul y Rojo\u201d, pel\u00edcula de cine comunitario que habla de la movilidad humana\",\"datePublished\":\"2021-12-14T20:35:00+00:00\",\"dateModified\":\"2024-07-04T16:24:57+00:00\",\"mainEntityOfPage\":{\"@id\":\"https:\\\/\\\/www.uartes.edu.ec\\\/sitio\\\/fr\\\/blog\\\/2021\\\/12\\\/22\\\/mz14-estrenara-amarillo-azul-y-rojo-pelicula-decine-comunitario-que-habla-de-la-movilidad-humana\\\/\"},\"wordCount\":535,\"commentCount\":0,\"publisher\":{\"@id\":\"https:\\\/\\\/www.uartes.edu.ec\\\/sitio\\\/fr\\\/#organization\"},\"image\":{\"@id\":\"https:\\\/\\\/www.uartes.edu.ec\\\/sitio\\\/fr\\\/blog\\\/2021\\\/12\\\/22\\\/mz14-estrenara-amarillo-azul-y-rojo-pelicula-decine-comunitario-que-habla-de-la-movilidad-humana\\\/#primaryimage\"},\"thumbnailUrl\":\"https:\\\/\\\/www.uartes.edu.ec\\\/sitio\\\/wp-content\\\/uploads\\\/2021\\\/12\\\/ECUADOR-2-1.jpg\",\"keywords\":[\"producci\u00f3n\"],\"articleSection\":[\"Artes\",\"Cine\",\"Docentes\",\"Estudiantes\"],\"inLanguage\":\"fr-FR\",\"potentialAction\":[{\"@type\":\"CommentAction\",\"name\":\"Comment\",\"target\":[\"https:\\\/\\\/www.uartes.edu.ec\\\/sitio\\\/fr\\\/blog\\\/2021\\\/12\\\/22\\\/mz14-estrenara-amarillo-azul-y-rojo-pelicula-decine-comunitario-que-habla-de-la-movilidad-humana\\\/#respond\"]}]},{\"@type\":[\"WebPage\",\"ItemPage\"],\"@id\":\"https:\\\/\\\/www.uartes.edu.ec\\\/sitio\\\/fr\\\/blog\\\/2021\\\/12\\\/22\\\/mz14-estrenara-amarillo-azul-y-rojo-pelicula-decine-comunitario-que-habla-de-la-movilidad-humana\\\/\",\"url\":\"https:\\\/\\\/www.uartes.edu.ec\\\/sitio\\\/fr\\\/blog\\\/2021\\\/12\\\/22\\\/mz14-estrenara-amarillo-azul-y-rojo-pelicula-decine-comunitario-que-habla-de-la-movilidad-humana\\\/\",\"name\":\"Universidad de las Artes - MZ14 estrenar\u00e1 \u201cAmarillo, Azul y Rojo\u201d, pel\u00edcula de cine comunitario que habla de la movilidad humana\",\"isPartOf\":{\"@id\":\"https:\\\/\\\/www.uartes.edu.ec\\\/sitio\\\/fr\\\/#website\"},\"primaryImageOfPage\":{\"@id\":\"https:\\\/\\\/www.uartes.edu.ec\\\/sitio\\\/fr\\\/blog\\\/2021\\\/12\\\/22\\\/mz14-estrenara-amarillo-azul-y-rojo-pelicula-decine-comunitario-que-habla-de-la-movilidad-humana\\\/#primaryimage\"},\"image\":{\"@id\":\"https:\\\/\\\/www.uartes.edu.ec\\\/sitio\\\/fr\\\/blog\\\/2021\\\/12\\\/22\\\/mz14-estrenara-amarillo-azul-y-rojo-pelicula-decine-comunitario-que-habla-de-la-movilidad-humana\\\/#primaryimage\"},\"thumbnailUrl\":\"https:\\\/\\\/www.uartes.edu.ec\\\/sitio\\\/wp-content\\\/uploads\\\/2021\\\/12\\\/ECUADOR-2-1.jpg\",\"datePublished\":\"2021-12-14T20:35:00+00:00\",\"dateModified\":\"2024-07-04T16:24:57+00:00\",\"description\":\"Universidad de las Artes - MZ14 estrenar\u00e1 \u201cAmarillo, Azul y Rojo\u201d, pel\u00edcula de cine comunitario que habla de la movilidad humana\",\"breadcrumb\":{\"@id\":\"https:\\\/\\\/www.uartes.edu.ec\\\/sitio\\\/fr\\\/blog\\\/2021\\\/12\\\/22\\\/mz14-estrenara-amarillo-azul-y-rojo-pelicula-decine-comunitario-que-habla-de-la-movilidad-humana\\\/#breadcrumb\"},\"inLanguage\":\"fr-FR\",\"potentialAction\":[{\"@type\":\"ReadAction\",\"target\":[\"https:\\\/\\\/www.uartes.edu.ec\\\/sitio\\\/fr\\\/blog\\\/2021\\\/12\\\/22\\\/mz14-estrenara-amarillo-azul-y-rojo-pelicula-decine-comunitario-que-habla-de-la-movilidad-humana\\\/\"]}]},{\"@type\":\"ImageObject\",\"inLanguage\":\"fr-FR\",\"@id\":\"https:\\\/\\\/www.uartes.edu.ec\\\/sitio\\\/fr\\\/blog\\\/2021\\\/12\\\/22\\\/mz14-estrenara-amarillo-azul-y-rojo-pelicula-decine-comunitario-que-habla-de-la-movilidad-humana\\\/#primaryimage\",\"url\":\"https:\\\/\\\/www.uartes.edu.ec\\\/sitio\\\/wp-content\\\/uploads\\\/2021\\\/12\\\/ECUADOR-2-1.jpg\",\"contentUrl\":\"https:\\\/\\\/www.uartes.edu.ec\\\/sitio\\\/wp-content\\\/uploads\\\/2021\\\/12\\\/ECUADOR-2-1.jpg\",\"width\":2000,\"height\":1334},{\"@type\":\"BreadcrumbList\",\"@id\":\"https:\\\/\\\/www.uartes.edu.ec\\\/sitio\\\/fr\\\/blog\\\/2021\\\/12\\\/22\\\/mz14-estrenara-amarillo-azul-y-rojo-pelicula-decine-comunitario-que-habla-de-la-movilidad-humana\\\/#breadcrumb\",\"itemListElement\":[{\"@type\":\"ListItem\",\"position\":1,\"name\":\"Inicio\",\"item\":\"https:\\\/\\\/www.uartes.edu.ec\\\/sitio\\\/\"},{\"@type\":\"ListItem\",\"position\":2,\"name\":\"MZ14 estrenar\u00e1 \u201cAmarillo, Azul y Rojo\u201d, pel\u00edcula de cine comunitario que habla de la movilidad humana\"}]},{\"@type\":\"WebSite\",\"@id\":\"https:\\\/\\\/www.uartes.edu.ec\\\/sitio\\\/fr\\\/#website\",\"url\":\"https:\\\/\\\/www.uartes.edu.ec\\\/sitio\\\/fr\\\/\",\"name\":\"Universidad de las Artes\",\"description\":\"Sitio oficial de la Universidad Nacional de las Artes del Ecuador\",\"publisher\":{\"@id\":\"https:\\\/\\\/www.uartes.edu.ec\\\/sitio\\\/fr\\\/#organization\"},\"potentialAction\":[{\"@type\":\"SearchAction\",\"target\":{\"@type\":\"EntryPoint\",\"urlTemplate\":\"https:\\\/\\\/www.uartes.edu.ec\\\/sitio\\\/fr\\\/?s={search_term_string}\"},\"query-input\":{\"@type\":\"PropertyValueSpecification\",\"valueRequired\":true,\"valueName\":\"search_term_string\"}}],\"inLanguage\":\"fr-FR\"},{\"@type\":\"Organization\",\"@id\":\"https:\\\/\\\/www.uartes.edu.ec\\\/sitio\\\/fr\\\/#organization\",\"name\":\"Universidad de las Artes\",\"url\":\"https:\\\/\\\/www.uartes.edu.ec\\\/sitio\\\/fr\\\/\",\"logo\":{\"@type\":\"ImageObject\",\"inLanguage\":\"fr-FR\",\"@id\":\"https:\\\/\\\/www.uartes.edu.ec\\\/sitio\\\/fr\\\/#\\\/schema\\\/logo\\\/image\\\/\",\"url\":\"https:\\\/\\\/www.uartes.edu.ec\\\/sitio\\\/wp-content\\\/uploads\\\/2022\\\/07\\\/logo-ua-horizontal.png\",\"contentUrl\":\"https:\\\/\\\/www.uartes.edu.ec\\\/sitio\\\/wp-content\\\/uploads\\\/2022\\\/07\\\/logo-ua-horizontal.png\",\"width\":800,\"height\":276,\"caption\":\"Universidad de las Artes\"},\"image\":{\"@id\":\"https:\\\/\\\/www.uartes.edu.ec\\\/sitio\\\/fr\\\/#\\\/schema\\\/logo\\\/image\\\/\"},\"sameAs\":[\"https:\\\/\\\/www.facebook.com\\\/uartesec\",\"https:\\\/\\\/x.com\\\/uartesec\",\"https:\\\/\\\/www.tiktok.com\\\/@uartesec\"]},{\"@type\":\"Person\",\"@id\":\"https:\\\/\\\/www.uartes.edu.ec\\\/sitio\\\/fr\\\/#\\\/schema\\\/person\\\/efa1b8275797664fd7f13a79ccc0b1f4\",\"name\":\"ccortez\",\"image\":{\"@type\":\"ImageObject\",\"inLanguage\":\"fr-FR\",\"@id\":\"https:\\\/\\\/secure.gravatar.com\\\/avatar\\\/b2a6f664a3ae8e074346ef91775736c5ec479e637ecced6842de9dc98b5da9cd?s=96&d=mm&r=g\",\"url\":\"https:\\\/\\\/secure.gravatar.com\\\/avatar\\\/b2a6f664a3ae8e074346ef91775736c5ec479e637ecced6842de9dc98b5da9cd?s=96&d=mm&r=g\",\"contentUrl\":\"https:\\\/\\\/secure.gravatar.com\\\/avatar\\\/b2a6f664a3ae8e074346ef91775736c5ec479e637ecced6842de9dc98b5da9cd?s=96&d=mm&r=g\",\"caption\":\"ccortez\"},\"url\":\"https:\\\/\\\/www.uartes.edu.ec\\\/sitio\\\/fr\\\/blog\\\/author\\\/ccortez\\\/\"}]}<\/script>\n<!-- \/ Yoast SEO plugin. -->","yoast_head_json":{"title":"Universidad de las Artes - MZ14 estrenar\u00e1 \u201cAmarillo, Azul y Rojo\u201d, pel\u00edcula de cine comunitario que habla de la movilidad humana","description":"Universidad de las Artes - MZ14 estrenar\u00e1 \u201cAmarillo, Azul y Rojo\u201d, pel\u00edcula de cine comunitario que habla de la movilidad humana","robots":{"index":"index","follow":"follow","max-snippet":"max-snippet:-1","max-image-preview":"max-image-preview:large","max-video-preview":"max-video-preview:-1"},"canonical":"https:\/\/www.uartes.edu.ec\/sitio\/fr\/blog\/2021\/12\/22\/mz14-estrenara-amarillo-azul-y-rojo-pelicula-decine-comunitario-que-habla-de-la-movilidad-humana\/","og_locale":"fr_FR","og_type":"article","og_title":"Universidad de las Artes - MZ14 estrenar\u00e1 \u201cAmarillo, Azul y Rojo\u201d, pel\u00edcula de cine comunitario que habla de la movilidad humana","og_description":"Universidad de las Artes - MZ14 estrenar\u00e1 \u201cAmarillo, Azul y Rojo\u201d, pel\u00edcula de cine comunitario que habla de la movilidad humana","og_url":"https:\/\/www.uartes.edu.ec\/sitio\/fr\/blog\/2021\/12\/22\/mz14-estrenara-amarillo-azul-y-rojo-pelicula-decine-comunitario-que-habla-de-la-movilidad-humana\/","og_site_name":"Universidad de las Artes","article_publisher":"https:\/\/www.facebook.com\/uartesec","article_published_time":"2021-12-14T20:35:00+00:00","article_modified_time":"2024-07-04T16:24:57+00:00","og_image":[{"width":2000,"height":1334,"url":"https:\/\/www.uartes.edu.ec\/sitio\/wp-content\/uploads\/2021\/12\/ECUADOR-2-1.jpg","type":"image\/jpeg"}],"author":"ccortez","twitter_card":"summary_large_image","twitter_creator":"@uartesec","twitter_site":"@uartesec","twitter_misc":{"\u00c9crit par":"ccortez","Dur\u00e9e de lecture estim\u00e9e":"3 minutes"},"schema":{"@context":"https:\/\/schema.org","@graph":[{"@type":"Article","@id":"https:\/\/www.uartes.edu.ec\/sitio\/fr\/blog\/2021\/12\/22\/mz14-estrenara-amarillo-azul-y-rojo-pelicula-decine-comunitario-que-habla-de-la-movilidad-humana\/#article","isPartOf":{"@id":"https:\/\/www.uartes.edu.ec\/sitio\/fr\/blog\/2021\/12\/22\/mz14-estrenara-amarillo-azul-y-rojo-pelicula-decine-comunitario-que-habla-de-la-movilidad-humana\/"},"author":{"name":"ccortez","@id":"https:\/\/www.uartes.edu.ec\/sitio\/fr\/#\/schema\/person\/efa1b8275797664fd7f13a79ccc0b1f4"},"headline":"MZ14 estrenar\u00e1 \u201cAmarillo, Azul y Rojo\u201d, pel\u00edcula de cine comunitario que habla de la movilidad humana","datePublished":"2021-12-14T20:35:00+00:00","dateModified":"2024-07-04T16:24:57+00:00","mainEntityOfPage":{"@id":"https:\/\/www.uartes.edu.ec\/sitio\/fr\/blog\/2021\/12\/22\/mz14-estrenara-amarillo-azul-y-rojo-pelicula-decine-comunitario-que-habla-de-la-movilidad-humana\/"},"wordCount":535,"commentCount":0,"publisher":{"@id":"https:\/\/www.uartes.edu.ec\/sitio\/fr\/#organization"},"image":{"@id":"https:\/\/www.uartes.edu.ec\/sitio\/fr\/blog\/2021\/12\/22\/mz14-estrenara-amarillo-azul-y-rojo-pelicula-decine-comunitario-que-habla-de-la-movilidad-humana\/#primaryimage"},"thumbnailUrl":"https:\/\/www.uartes.edu.ec\/sitio\/wp-content\/uploads\/2021\/12\/ECUADOR-2-1.jpg","keywords":["producci\u00f3n"],"articleSection":["Artes","Cine","Docentes","Estudiantes"],"inLanguage":"fr-FR","potentialAction":[{"@type":"CommentAction","name":"Comment","target":["https:\/\/www.uartes.edu.ec\/sitio\/fr\/blog\/2021\/12\/22\/mz14-estrenara-amarillo-azul-y-rojo-pelicula-decine-comunitario-que-habla-de-la-movilidad-humana\/#respond"]}]},{"@type":["WebPage","ItemPage"],"@id":"https:\/\/www.uartes.edu.ec\/sitio\/fr\/blog\/2021\/12\/22\/mz14-estrenara-amarillo-azul-y-rojo-pelicula-decine-comunitario-que-habla-de-la-movilidad-humana\/","url":"https:\/\/www.uartes.edu.ec\/sitio\/fr\/blog\/2021\/12\/22\/mz14-estrenara-amarillo-azul-y-rojo-pelicula-decine-comunitario-que-habla-de-la-movilidad-humana\/","name":"Universidad de las Artes - MZ14 estrenar\u00e1 \u201cAmarillo, Azul y Rojo\u201d, pel\u00edcula de cine comunitario que habla de la movilidad humana","isPartOf":{"@id":"https:\/\/www.uartes.edu.ec\/sitio\/fr\/#website"},"primaryImageOfPage":{"@id":"https:\/\/www.uartes.edu.ec\/sitio\/fr\/blog\/2021\/12\/22\/mz14-estrenara-amarillo-azul-y-rojo-pelicula-decine-comunitario-que-habla-de-la-movilidad-humana\/#primaryimage"},"image":{"@id":"https:\/\/www.uartes.edu.ec\/sitio\/fr\/blog\/2021\/12\/22\/mz14-estrenara-amarillo-azul-y-rojo-pelicula-decine-comunitario-que-habla-de-la-movilidad-humana\/#primaryimage"},"thumbnailUrl":"https:\/\/www.uartes.edu.ec\/sitio\/wp-content\/uploads\/2021\/12\/ECUADOR-2-1.jpg","datePublished":"2021-12-14T20:35:00+00:00","dateModified":"2024-07-04T16:24:57+00:00","description":"Universidad de las Artes - MZ14 estrenar\u00e1 \u201cAmarillo, Azul y Rojo\u201d, pel\u00edcula de cine comunitario que habla de la movilidad humana","breadcrumb":{"@id":"https:\/\/www.uartes.edu.ec\/sitio\/fr\/blog\/2021\/12\/22\/mz14-estrenara-amarillo-azul-y-rojo-pelicula-decine-comunitario-que-habla-de-la-movilidad-humana\/#breadcrumb"},"inLanguage":"fr-FR","potentialAction":[{"@type":"ReadAction","target":["https:\/\/www.uartes.edu.ec\/sitio\/fr\/blog\/2021\/12\/22\/mz14-estrenara-amarillo-azul-y-rojo-pelicula-decine-comunitario-que-habla-de-la-movilidad-humana\/"]}]},{"@type":"ImageObject","inLanguage":"fr-FR","@id":"https:\/\/www.uartes.edu.ec\/sitio\/fr\/blog\/2021\/12\/22\/mz14-estrenara-amarillo-azul-y-rojo-pelicula-decine-comunitario-que-habla-de-la-movilidad-humana\/#primaryimage","url":"https:\/\/www.uartes.edu.ec\/sitio\/wp-content\/uploads\/2021\/12\/ECUADOR-2-1.jpg","contentUrl":"https:\/\/www.uartes.edu.ec\/sitio\/wp-content\/uploads\/2021\/12\/ECUADOR-2-1.jpg","width":2000,"height":1334},{"@type":"BreadcrumbList","@id":"https:\/\/www.uartes.edu.ec\/sitio\/fr\/blog\/2021\/12\/22\/mz14-estrenara-amarillo-azul-y-rojo-pelicula-decine-comunitario-que-habla-de-la-movilidad-humana\/#breadcrumb","itemListElement":[{"@type":"ListItem","position":1,"name":"Inicio","item":"https:\/\/www.uartes.edu.ec\/sitio\/"},{"@type":"ListItem","position":2,"name":"MZ14 estrenar\u00e1 \u201cAmarillo, Azul y Rojo\u201d, pel\u00edcula de cine comunitario que habla de la movilidad humana"}]},{"@type":"WebSite","@id":"https:\/\/www.uartes.edu.ec\/sitio\/fr\/#website","url":"https:\/\/www.uartes.edu.ec\/sitio\/fr\/","name":"Universidad de las Artes","description":"Sitio oficial de la Universidad Nacional de las Artes del Ecuador","publisher":{"@id":"https:\/\/www.uartes.edu.ec\/sitio\/fr\/#organization"},"potentialAction":[{"@type":"SearchAction","target":{"@type":"EntryPoint","urlTemplate":"https:\/\/www.uartes.edu.ec\/sitio\/fr\/?s={search_term_string}"},"query-input":{"@type":"PropertyValueSpecification","valueRequired":true,"valueName":"search_term_string"}}],"inLanguage":"fr-FR"},{"@type":"Organization","@id":"https:\/\/www.uartes.edu.ec\/sitio\/fr\/#organization","name":"Universidad de las Artes","url":"https:\/\/www.uartes.edu.ec\/sitio\/fr\/","logo":{"@type":"ImageObject","inLanguage":"fr-FR","@id":"https:\/\/www.uartes.edu.ec\/sitio\/fr\/#\/schema\/logo\/image\/","url":"https:\/\/www.uartes.edu.ec\/sitio\/wp-content\/uploads\/2022\/07\/logo-ua-horizontal.png","contentUrl":"https:\/\/www.uartes.edu.ec\/sitio\/wp-content\/uploads\/2022\/07\/logo-ua-horizontal.png","width":800,"height":276,"caption":"Universidad de las Artes"},"image":{"@id":"https:\/\/www.uartes.edu.ec\/sitio\/fr\/#\/schema\/logo\/image\/"},"sameAs":["https:\/\/www.facebook.com\/uartesec","https:\/\/x.com\/uartesec","https:\/\/www.tiktok.com\/@uartesec"]},{"@type":"Person","@id":"https:\/\/www.uartes.edu.ec\/sitio\/fr\/#\/schema\/person\/efa1b8275797664fd7f13a79ccc0b1f4","name":"ccortez","image":{"@type":"ImageObject","inLanguage":"fr-FR","@id":"https:\/\/secure.gravatar.com\/avatar\/b2a6f664a3ae8e074346ef91775736c5ec479e637ecced6842de9dc98b5da9cd?s=96&d=mm&r=g","url":"https:\/\/secure.gravatar.com\/avatar\/b2a6f664a3ae8e074346ef91775736c5ec479e637ecced6842de9dc98b5da9cd?s=96&d=mm&r=g","contentUrl":"https:\/\/secure.gravatar.com\/avatar\/b2a6f664a3ae8e074346ef91775736c5ec479e637ecced6842de9dc98b5da9cd?s=96&d=mm&r=g","caption":"ccortez"},"url":"https:\/\/www.uartes.edu.ec\/sitio\/fr\/blog\/author\/ccortez\/"}]}},"uagb_featured_image_src":{"full":["https:\/\/www.uartes.edu.ec\/sitio\/wp-content\/uploads\/2021\/12\/ECUADOR-2-1.jpg",2000,1334,false],"thumbnail":["https:\/\/www.uartes.edu.ec\/sitio\/wp-content\/uploads\/2021\/12\/ECUADOR-2-1-150x150.jpg",150,150,true],"medium":["https:\/\/www.uartes.edu.ec\/sitio\/wp-content\/uploads\/2021\/12\/ECUADOR-2-1-300x200.jpg",300,200,true],"medium_large":["https:\/\/www.uartes.edu.ec\/sitio\/wp-content\/uploads\/2021\/12\/ECUADOR-2-1-768x512.jpg",768,512,true],"large":["https:\/\/www.uartes.edu.ec\/sitio\/wp-content\/uploads\/2021\/12\/ECUADOR-2-1-644x430.jpg",644,430,true],"1536x1536":["https:\/\/www.uartes.edu.ec\/sitio\/wp-content\/uploads\/2021\/12\/ECUADOR-2-1-1536x1025.jpg",1536,1025,true],"2048x2048":["https:\/\/www.uartes.edu.ec\/sitio\/wp-content\/uploads\/2021\/12\/ECUADOR-2-1.jpg",2000,1334,false],"trp-custom-language-flag":["https:\/\/www.uartes.edu.ec\/sitio\/wp-content\/uploads\/2021\/12\/ECUADOR-2-1.jpg",18,12,false],"htmega_size_585x295":["https:\/\/www.uartes.edu.ec\/sitio\/wp-content\/uploads\/2021\/12\/ECUADOR-2-1.jpg",442,295,false],"htmega_size_1170x536":["https:\/\/www.uartes.edu.ec\/sitio\/wp-content\/uploads\/2021\/12\/ECUADOR-2-1.jpg",804,536,false],"htmega_size_396x360":["https:\/\/www.uartes.edu.ec\/sitio\/wp-content\/uploads\/2021\/12\/ECUADOR-2-1.jpg",396,264,false],"gb-block-post-grid-landscape":["https:\/\/www.uartes.edu.ec\/sitio\/wp-content\/uploads\/2021\/12\/ECUADOR-2-1-600x400.jpg",600,400,true],"gb-block-post-grid-square":["https:\/\/www.uartes.edu.ec\/sitio\/wp-content\/uploads\/2021\/12\/ECUADOR-2-1-600x600.jpg",600,600,true],"university-hub-thumb":["https:\/\/www.uartes.edu.ec\/sitio\/wp-content\/uploads\/2021\/12\/ECUADOR-2-1-400x267.jpg",400,267,true],"mailpoet_newsletter_max":["https:\/\/www.uartes.edu.ec\/sitio\/wp-content\/uploads\/2021\/12\/ECUADOR-2-1.jpg",1320,880,false]},"uagb_author_info":{"display_name":"ccortez","author_link":"https:\/\/www.uartes.edu.ec\/sitio\/fr\/blog\/author\/ccortez\/"},"uagb_comment_info":0,"uagb_excerpt":"En su producci\u00f3n participaron m\u00e1s de 60 j\u00f3venes de Ecuador, Venezuela y Colombia en situaci\u00f3n de movilidad humana. Grabada en Quito, Cuenca y Playas, cuenta con el apoyo de la Organizaci\u00f3n Internacional para las Migraciones, N\u00f3mada Cine Comunitario y la UArtes. Consta en la cartelera del Festival Internacional de Cine sobre Migraci\u00f3n, inaugurado en el\u2026","featured_image_src":"https:\/\/www.uartes.edu.ec\/sitio\/wp-content\/uploads\/2021\/12\/ECUADOR-2-1-600x400.jpg","featured_image_src_square":"https:\/\/www.uartes.edu.ec\/sitio\/wp-content\/uploads\/2021\/12\/ECUADOR-2-1-600x600.jpg","author_info":{"display_name":"ccortez","author_link":"https:\/\/www.uartes.edu.ec\/sitio\/fr\/blog\/author\/ccortez\/"},"publishpress_future_workflow_manual_trigger":{"enabledWorkflows":[]},"distributor_meta":false,"distributor_terms":false,"distributor_media":false,"distributor_original_site_name":"Universidad de las Artes","distributor_original_site_url":"https:\/\/www.uartes.edu.ec\/sitio\/fr","push-errors":false,"_links":{"self":[{"href":"https:\/\/www.uartes.edu.ec\/sitio\/fr\/wp-json\/wp\/v2\/posts\/18254","targetHints":{"allow":["GET"]}}],"collection":[{"href":"https:\/\/www.uartes.edu.ec\/sitio\/fr\/wp-json\/wp\/v2\/posts"}],"about":[{"href":"https:\/\/www.uartes.edu.ec\/sitio\/fr\/wp-json\/wp\/v2\/types\/post"}],"author":[{"embeddable":true,"href":"https:\/\/www.uartes.edu.ec\/sitio\/fr\/wp-json\/wp\/v2\/users\/10"}],"replies":[{"embeddable":true,"href":"https:\/\/www.uartes.edu.ec\/sitio\/fr\/wp-json\/wp\/v2\/comments?post=18254"}],"version-history":[{"count":2,"href":"https:\/\/www.uartes.edu.ec\/sitio\/fr\/wp-json\/wp\/v2\/posts\/18254\/revisions"}],"predecessor-version":[{"id":18259,"href":"https:\/\/www.uartes.edu.ec\/sitio\/fr\/wp-json\/wp\/v2\/posts\/18254\/revisions\/18259"}],"wp:featuredmedia":[{"embeddable":true,"href":"https:\/\/www.uartes.edu.ec\/sitio\/fr\/wp-json\/wp\/v2\/media\/18269"}],"wp:attachment":[{"href":"https:\/\/www.uartes.edu.ec\/sitio\/fr\/wp-json\/wp\/v2\/media?parent=18254"}],"wp:term":[{"taxonomy":"category","embeddable":true,"href":"https:\/\/www.uartes.edu.ec\/sitio\/fr\/wp-json\/wp\/v2\/categories?post=18254"},{"taxonomy":"post_tag","embeddable":true,"href":"https:\/\/www.uartes.edu.ec\/sitio\/fr\/wp-json\/wp\/v2\/tags?post=18254"},{"taxonomy":"infouartes","embeddable":true,"href":"https:\/\/www.uartes.edu.ec\/sitio\/fr\/wp-json\/wp\/v2\/infouartes?post=18254"}],"curies":[{"name":"wp","href":"https:\/\/api.w.org\/{rel}","templated":true}]}}