{"id":18710,"date":"2021-12-07T19:20:00","date_gmt":"2021-12-08T00:20:00","guid":{"rendered":"http:\/\/www.uartes.edu.ec\/sitio\/?p=18710"},"modified":"2024-07-04T11:24:59","modified_gmt":"2024-07-04T16:24:59","slug":"observatorio-de-la-uartes-propicio-undebate-entre-los-candidatos-a-la-ccng","status":"publish","type":"post","link":"https:\/\/www.uartes.edu.ec\/sitio\/fr\/blog\/2021\/12\/07\/observatorio-de-la-uartes-propicio-undebate-entre-los-candidatos-a-la-ccng\/","title":{"rendered":"Observatorio de la UArtes propici\u00f3 debate con candidatos a la CCNG"},"content":{"rendered":"<p>Lunes 6 de diciembre de 2021, 11:00. Fecha y hora del debate entre los candidatos\/as a la direcci\u00f3n de la Casa de la Cultura N\u00facleo del Guayas (CCNG), organizado por el Observatorio&nbsp;de Pol\u00edticas y Econom\u00eda de la Cultura&nbsp;de la Universidad de las Artes. Seis de los siete postulantes hab\u00edan confirmado su participaci\u00f3n y, en efecto, as\u00ed ocurri\u00f3.<\/p>\n\n\n\n<p>A la Terraza de la Biblioteca de las Artes llegaron puntualmente la mayor\u00eda de los invitados, miembros de la comunidad universitaria y p\u00fablico en general. Pablo Cardoso, director del Observatorio y del Instituto Latinoamericano de Investigaci\u00f3n en Artes (ILIA), anunci\u00f3 que se esperar\u00eda a la candidata Martha Rizzo, quien estaba a pocos minutos de arribar. Dijo tambi\u00e9n que Fernando Naranjo, actual director de la CCNG y postulante a reelecci\u00f3n, se hab\u00eda excusado.<\/p>\n\n\n\n<p>Ya con Rizzo junto a los otros candidatos: Miguel Cantos D\u00edaz, Ibsen Hern\u00e1ndez, Ermel Aguirre, Virgilio Aray y Andrea Crespo, el debate dio inicio. Cardoso anot\u00f3 que el di\u00e1logo permitir\u00e1 a los electores descubrir las distintas propuestas dirigidas al sector art\u00edstico y cultural. En su calidad de veedor del proceso electoral, el Observatorio&nbsp;ha propuesto diferentes iniciativas para intentar aportar a la realizaci\u00f3n de elecciones democr\u00e1ticas.&nbsp;<\/p>\n\n\n\n<p>Dividido en varios tiempos, el debate inici\u00f3 dando a los candidatos\/as cinco minutos para que expusieran sus propuestas. Hubo luego preguntas puntuales del Observatorio y una segunda ronda con inquietudes entre candidatos\/as. Al final, cada uno dio sus conclusiones.<\/p>\n\n\n\n<h2 class=\"wp-block-heading\" id=\"presentaciones-y-rondas-de-preguntas\">Presentaciones y rondas de preguntas<\/h2>\n\n\n\n<p>Ermel Aguirre, en su presentaci\u00f3n, habl\u00f3 del presupuesto de la CCNG y de la falta de emprendimientos en los \u00faltimos a\u00f1os. Virgilio Aray dijo apostar por la gente joven, la inclusi\u00f3n, libertad de creaci\u00f3n y pensamiento. Miguel Cantos plante\u00f3 cuatro ejes de trabajo: plan de desarrollo de p\u00fablicos; educaci\u00f3n y formaci\u00f3n cultural; gesti\u00f3n y administraci\u00f3n del acceso a la cultura; y, patrimonio y memoria.<\/p>\n\n\n\n<p>Andrea Crespo propuso pensar en una gobernanza clara y transparente. Ibsen Hern\u00e1ndez destac\u00f3 el trabajo realizado desde hace doce a\u00f1os junto a artistas y gestores para la construcci\u00f3n de una Ley de la Cultura; que apostaba, anot\u00f3, por descentralizar la CCNG. Martha Rizzo se refiri\u00f3 a la necesidad de ir hacia una nueva cultura de gesti\u00f3n, formaci\u00f3n, transparencia y \u00e9tica p\u00fablica.<\/p>\n\n\n\n<p>Tras las intervenciones, Cardoso inici\u00f3 las rondas de preguntas. A Aguirre le consult\u00f3 c\u00f3mo financiar\u00eda su propuesta de intervenir arquitect\u00f3nicamente a la CCNG, lo cual no precisamente respondi\u00f3. El candidato anot\u00f3 que impulsar\u00eda un proyecto comunicacional que inclu\u00eda un canal para poder difundir la cultura a todos y que el presupuesto para el n\u00facleo del Guayas era irrisorio porque todo est\u00e1 centralizado en Quito.<\/p>\n\n\n\n<p>Aray autodefini\u00f3 como la voz de los artistas culturales que no pertenecen a ning\u00fan colectivo cultural y que la cultura de una ciudad son todos sus habitantes, lo cual lo motiv\u00f3 a ser un canal para que los gestores culturales no dependan de un grupo o sector.&nbsp;<\/p>\n\n\n\n<div class=\"wp-block-image\"><figure class=\"aligncenter size-large\"><img fetchpriority=\"high\" decoding=\"async\" width=\"644\" height=\"429\" src=\"http:\/\/www.uartes.edu.ec\/sitio\/wp-content\/uploads\/2021\/12\/CANDIDATOS02-644x429.jpg\" alt=\"\" class=\"wp-image-18712\" srcset=\"https:\/\/www.uartes.edu.ec\/sitio\/wp-content\/uploads\/2021\/12\/CANDIDATOS02-644x429.jpg 644w, https:\/\/www.uartes.edu.ec\/sitio\/wp-content\/uploads\/2021\/12\/CANDIDATOS02-300x200.jpg 300w, https:\/\/www.uartes.edu.ec\/sitio\/wp-content\/uploads\/2021\/12\/CANDIDATOS02-768x512.jpg 768w, https:\/\/www.uartes.edu.ec\/sitio\/wp-content\/uploads\/2021\/12\/CANDIDATOS02-1536x1024.jpg 1536w, https:\/\/www.uartes.edu.ec\/sitio\/wp-content\/uploads\/2021\/12\/CANDIDATOS02-600x400.jpg 600w, https:\/\/www.uartes.edu.ec\/sitio\/wp-content\/uploads\/2021\/12\/CANDIDATOS02-400x267.jpg 400w, https:\/\/www.uartes.edu.ec\/sitio\/wp-content\/uploads\/2021\/12\/CANDIDATOS02-272x182.jpg 272w, https:\/\/www.uartes.edu.ec\/sitio\/wp-content\/uploads\/2021\/12\/CANDIDATOS02.jpg 2000w\" sizes=\"(max-width: 644px) 100vw, 644px\" \/><\/figure><\/div>\n\n\n\n<p>Frente a la inquietud del Observatorio sobre el acompa\u00f1amiento en la campa\u00f1a, Cantos revel\u00f3 haber trabajado con mesas y asambleas cantonales para conocer las necesidades del sector cultural. Que c\u00f3mo pudo enviar correos a los socios del RUAC, le cuestionaron los otros candidatos. \u00c9l neg\u00f3 haberlo hecho y se refiri\u00f3 m\u00e1s bien a la realizaci\u00f3n de asambleas. &nbsp;<\/p>\n\n\n\n<p>Crespo, por su parte, trajo al debate el tema de las&nbsp;ciudadan\u00edas culturales y transparencia, planteados en su propuesta. Uno de los candidatos le hizo referencia a la infraestructura, ante lo cual se\u00f1al\u00f3 que el bloqueo de la aerov\u00eda era una met\u00e1fora de la obstrucci\u00f3n que tiene el acceso de la cultura en la ciudad. &nbsp;<\/p>\n\n\n\n<p>Por la pregunta del Observatorio en torno a la descentralizaci\u00f3n y acci\u00f3n de la CCNG, Hern\u00e1ndez manifest\u00f3 que el plan de la casa de todos nace de los diferentes sectores, y que hay que fortalecer el mercado interno, lograr subsedes en cada barrio para dinamizar a artistas y artesanos.<\/p>\n\n\n\n<p>Ante la pregunta sobre la afiliaci\u00f3n a la seguridad social y el implemento de este derecho para los trabajadores de la cultura, Rizzo precis\u00f3 venirlo trabajando desde antes de presentarse en la CCNG, en el&nbsp;Telescopio Cultural&nbsp;a nivel internacional con otras universidades. De los otros candidatos surgi\u00f3 la inquietud por la privatizaci\u00f3n y financiaci\u00f3n de programas, a lo cual respondi\u00f3 que existe la necesidad de hacer alianzas estrat\u00e9gicas. &nbsp;<\/p>\n\n\n\n<h3 class=\"wp-block-heading\" id=\"apuntes\"><strong>Apuntes<\/strong><\/h3>\n\n\n\n<p>Las elecciones de la nueva directiva de la Casa de la Cultura N\u00facleo del Guayas debieron darse en agosto pasado, al igual que en el resto de los n\u00facleos provinciales. No obstante, una acci\u00f3n de protecci\u00f3n acogida por un juez civil dej\u00f3 sin efecto la ida a las urnas en ese tiempo. Hasta el cierre de esta edici\u00f3n la nueva fecha para el proceso electoral es el 9 de diciembre.<\/p>","protected":false},"excerpt":{"rendered":"<p>En su calidad de veedor del proceso electoral de la Casa de la Cultura N\u00facleo del Guayas (CCNG), el Observatorio de Pol\u00edticas y Econom\u00eda de la Cultura de la Universidad de las Artes invit\u00f3 a los candidatos a participar en un debate para conocer sus propuestas. Asistieron seis de los siete postulantes a dirigir el ente cultural. A la cita, desarrollada en la Terraza de la Biblioteca de las Artes, acudieron seis de siete postulantes. <\/p>","protected":false},"author":10,"featured_media":18711,"comment_status":"open","ping_status":"open","sticky":false,"template":"","format":"standard","meta":{"_acf_changed":false,"_uag_custom_page_level_css":"","_monsterinsights_skip_tracking":false,"_monsterinsights_sitenote_active":false,"_monsterinsights_sitenote_note":"","_monsterinsights_sitenote_category":0,"cybocfi_hide_featured_image":"","footnotes":""},"categories":[80,82],"tags":[608],"infouartes":[],"class_list":["post-18710","post","type-post","status-publish","format-standard","has-post-thumbnail","hentry","category-academico","category-artes","tag-observatorio"],"acf":[],"yoast_head":"<!-- This site is optimized with the Yoast SEO plugin v27.4 - https:\/\/yoast.com\/product\/yoast-seo-wordpress\/ -->\n<title>Universidad de las Artes - Observatorio de la UArtes propici\u00f3 debate con candidatos a la CCNG<\/title>\n<meta name=\"description\" content=\"Universidad de las Artes - Observatorio de la UArtes propici\u00f3 debate con candidatos a la CCNG\" \/>\n<meta name=\"robots\" content=\"index, follow, max-snippet:-1, max-image-preview:large, max-video-preview:-1\" \/>\n<link rel=\"canonical\" href=\"https:\/\/www.uartes.edu.ec\/sitio\/fr\/blog\/2021\/12\/07\/observatorio-de-la-uartes-propicio-undebate-entre-los-candidatos-a-la-ccng\/\" \/>\n<meta property=\"og:locale\" content=\"fr_FR\" \/>\n<meta property=\"og:type\" content=\"article\" \/>\n<meta property=\"og:title\" content=\"Universidad de las Artes - Observatorio de la UArtes propici\u00f3 debate con candidatos a la CCNG\" \/>\n<meta property=\"og:description\" content=\"Universidad de las Artes - Observatorio de la UArtes propici\u00f3 debate con candidatos a la CCNG\" \/>\n<meta property=\"og:url\" content=\"https:\/\/www.uartes.edu.ec\/sitio\/fr\/blog\/2021\/12\/07\/observatorio-de-la-uartes-propicio-undebate-entre-los-candidatos-a-la-ccng\/\" \/>\n<meta property=\"og:site_name\" content=\"Universidad de las Artes\" \/>\n<meta property=\"article:publisher\" content=\"https:\/\/www.facebook.com\/uartesec\" \/>\n<meta property=\"article:published_time\" content=\"2021-12-08T00:20:00+00:00\" \/>\n<meta property=\"article:modified_time\" content=\"2024-07-04T16:24:59+00:00\" \/>\n<meta property=\"og:image\" content=\"https:\/\/www.uartes.edu.ec\/sitio\/wp-content\/uploads\/2021\/12\/CANDIDATOS01.jpg\" \/>\n\t<meta property=\"og:image:width\" content=\"2000\" \/>\n\t<meta property=\"og:image:height\" content=\"1333\" \/>\n\t<meta property=\"og:image:type\" content=\"image\/jpeg\" \/>\n<meta name=\"author\" content=\"ccortez\" \/>\n<meta name=\"twitter:card\" content=\"summary_large_image\" \/>\n<meta name=\"twitter:creator\" content=\"@uartesec\" \/>\n<meta name=\"twitter:site\" content=\"@uartesec\" \/>\n<meta name=\"twitter:label1\" content=\"\u00c9crit par\" \/>\n\t<meta name=\"twitter:data1\" content=\"ccortez\" \/>\n\t<meta name=\"twitter:label2\" content=\"Dur\u00e9e de lecture estim\u00e9e\" \/>\n\t<meta name=\"twitter:data2\" content=\"4 minutes\" \/>\n<script type=\"application\/ld+json\" class=\"yoast-schema-graph\">{\"@context\":\"https:\\\/\\\/schema.org\",\"@graph\":[{\"@type\":\"Article\",\"@id\":\"https:\\\/\\\/www.uartes.edu.ec\\\/sitio\\\/fr\\\/blog\\\/2021\\\/12\\\/07\\\/observatorio-de-la-uartes-propicio-undebate-entre-los-candidatos-a-la-ccng\\\/#article\",\"isPartOf\":{\"@id\":\"https:\\\/\\\/www.uartes.edu.ec\\\/sitio\\\/fr\\\/blog\\\/2021\\\/12\\\/07\\\/observatorio-de-la-uartes-propicio-undebate-entre-los-candidatos-a-la-ccng\\\/\"},\"author\":{\"name\":\"ccortez\",\"@id\":\"https:\\\/\\\/www.uartes.edu.ec\\\/sitio\\\/fr\\\/#\\\/schema\\\/person\\\/efa1b8275797664fd7f13a79ccc0b1f4\"},\"headline\":\"Observatorio de la UArtes propici\u00f3 debate con candidatos a la CCNG\",\"datePublished\":\"2021-12-08T00:20:00+00:00\",\"dateModified\":\"2024-07-04T16:24:59+00:00\",\"mainEntityOfPage\":{\"@id\":\"https:\\\/\\\/www.uartes.edu.ec\\\/sitio\\\/fr\\\/blog\\\/2021\\\/12\\\/07\\\/observatorio-de-la-uartes-propicio-undebate-entre-los-candidatos-a-la-ccng\\\/\"},\"wordCount\":862,\"commentCount\":0,\"publisher\":{\"@id\":\"https:\\\/\\\/www.uartes.edu.ec\\\/sitio\\\/fr\\\/#organization\"},\"image\":{\"@id\":\"https:\\\/\\\/www.uartes.edu.ec\\\/sitio\\\/fr\\\/blog\\\/2021\\\/12\\\/07\\\/observatorio-de-la-uartes-propicio-undebate-entre-los-candidatos-a-la-ccng\\\/#primaryimage\"},\"thumbnailUrl\":\"https:\\\/\\\/www.uartes.edu.ec\\\/sitio\\\/wp-content\\\/uploads\\\/2021\\\/12\\\/CANDIDATOS01.jpg\",\"keywords\":[\"observatorio\"],\"articleSection\":[\"Acad\u00e9mico\",\"Artes\"],\"inLanguage\":\"fr-FR\",\"potentialAction\":[{\"@type\":\"CommentAction\",\"name\":\"Comment\",\"target\":[\"https:\\\/\\\/www.uartes.edu.ec\\\/sitio\\\/fr\\\/blog\\\/2021\\\/12\\\/07\\\/observatorio-de-la-uartes-propicio-undebate-entre-los-candidatos-a-la-ccng\\\/#respond\"]}]},{\"@type\":[\"WebPage\",\"ItemPage\"],\"@id\":\"https:\\\/\\\/www.uartes.edu.ec\\\/sitio\\\/fr\\\/blog\\\/2021\\\/12\\\/07\\\/observatorio-de-la-uartes-propicio-undebate-entre-los-candidatos-a-la-ccng\\\/\",\"url\":\"https:\\\/\\\/www.uartes.edu.ec\\\/sitio\\\/fr\\\/blog\\\/2021\\\/12\\\/07\\\/observatorio-de-la-uartes-propicio-undebate-entre-los-candidatos-a-la-ccng\\\/\",\"name\":\"Universidad de las Artes - Observatorio de la UArtes propici\u00f3 debate con candidatos a la CCNG\",\"isPartOf\":{\"@id\":\"https:\\\/\\\/www.uartes.edu.ec\\\/sitio\\\/fr\\\/#website\"},\"primaryImageOfPage\":{\"@id\":\"https:\\\/\\\/www.uartes.edu.ec\\\/sitio\\\/fr\\\/blog\\\/2021\\\/12\\\/07\\\/observatorio-de-la-uartes-propicio-undebate-entre-los-candidatos-a-la-ccng\\\/#primaryimage\"},\"image\":{\"@id\":\"https:\\\/\\\/www.uartes.edu.ec\\\/sitio\\\/fr\\\/blog\\\/2021\\\/12\\\/07\\\/observatorio-de-la-uartes-propicio-undebate-entre-los-candidatos-a-la-ccng\\\/#primaryimage\"},\"thumbnailUrl\":\"https:\\\/\\\/www.uartes.edu.ec\\\/sitio\\\/wp-content\\\/uploads\\\/2021\\\/12\\\/CANDIDATOS01.jpg\",\"datePublished\":\"2021-12-08T00:20:00+00:00\",\"dateModified\":\"2024-07-04T16:24:59+00:00\",\"description\":\"Universidad de las Artes - Observatorio de la UArtes propici\u00f3 debate con candidatos a la CCNG\",\"breadcrumb\":{\"@id\":\"https:\\\/\\\/www.uartes.edu.ec\\\/sitio\\\/fr\\\/blog\\\/2021\\\/12\\\/07\\\/observatorio-de-la-uartes-propicio-undebate-entre-los-candidatos-a-la-ccng\\\/#breadcrumb\"},\"inLanguage\":\"fr-FR\",\"potentialAction\":[{\"@type\":\"ReadAction\",\"target\":[\"https:\\\/\\\/www.uartes.edu.ec\\\/sitio\\\/fr\\\/blog\\\/2021\\\/12\\\/07\\\/observatorio-de-la-uartes-propicio-undebate-entre-los-candidatos-a-la-ccng\\\/\"]}]},{\"@type\":\"ImageObject\",\"inLanguage\":\"fr-FR\",\"@id\":\"https:\\\/\\\/www.uartes.edu.ec\\\/sitio\\\/fr\\\/blog\\\/2021\\\/12\\\/07\\\/observatorio-de-la-uartes-propicio-undebate-entre-los-candidatos-a-la-ccng\\\/#primaryimage\",\"url\":\"https:\\\/\\\/www.uartes.edu.ec\\\/sitio\\\/wp-content\\\/uploads\\\/2021\\\/12\\\/CANDIDATOS01.jpg\",\"contentUrl\":\"https:\\\/\\\/www.uartes.edu.ec\\\/sitio\\\/wp-content\\\/uploads\\\/2021\\\/12\\\/CANDIDATOS01.jpg\",\"width\":2000,\"height\":1333},{\"@type\":\"BreadcrumbList\",\"@id\":\"https:\\\/\\\/www.uartes.edu.ec\\\/sitio\\\/fr\\\/blog\\\/2021\\\/12\\\/07\\\/observatorio-de-la-uartes-propicio-undebate-entre-los-candidatos-a-la-ccng\\\/#breadcrumb\",\"itemListElement\":[{\"@type\":\"ListItem\",\"position\":1,\"name\":\"Inicio\",\"item\":\"https:\\\/\\\/www.uartes.edu.ec\\\/sitio\\\/\"},{\"@type\":\"ListItem\",\"position\":2,\"name\":\"Observatorio de la UArtes propici\u00f3 debate con candidatos a la CCNG\"}]},{\"@type\":\"WebSite\",\"@id\":\"https:\\\/\\\/www.uartes.edu.ec\\\/sitio\\\/fr\\\/#website\",\"url\":\"https:\\\/\\\/www.uartes.edu.ec\\\/sitio\\\/fr\\\/\",\"name\":\"Universidad de las Artes\",\"description\":\"Sitio oficial de la Universidad Nacional de las Artes del Ecuador\",\"publisher\":{\"@id\":\"https:\\\/\\\/www.uartes.edu.ec\\\/sitio\\\/fr\\\/#organization\"},\"potentialAction\":[{\"@type\":\"SearchAction\",\"target\":{\"@type\":\"EntryPoint\",\"urlTemplate\":\"https:\\\/\\\/www.uartes.edu.ec\\\/sitio\\\/fr\\\/?s={search_term_string}\"},\"query-input\":{\"@type\":\"PropertyValueSpecification\",\"valueRequired\":true,\"valueName\":\"search_term_string\"}}],\"inLanguage\":\"fr-FR\"},{\"@type\":\"Organization\",\"@id\":\"https:\\\/\\\/www.uartes.edu.ec\\\/sitio\\\/fr\\\/#organization\",\"name\":\"Universidad de las Artes\",\"url\":\"https:\\\/\\\/www.uartes.edu.ec\\\/sitio\\\/fr\\\/\",\"logo\":{\"@type\":\"ImageObject\",\"inLanguage\":\"fr-FR\",\"@id\":\"https:\\\/\\\/www.uartes.edu.ec\\\/sitio\\\/fr\\\/#\\\/schema\\\/logo\\\/image\\\/\",\"url\":\"https:\\\/\\\/www.uartes.edu.ec\\\/sitio\\\/wp-content\\\/uploads\\\/2022\\\/07\\\/logo-ua-horizontal.png\",\"contentUrl\":\"https:\\\/\\\/www.uartes.edu.ec\\\/sitio\\\/wp-content\\\/uploads\\\/2022\\\/07\\\/logo-ua-horizontal.png\",\"width\":800,\"height\":276,\"caption\":\"Universidad de las Artes\"},\"image\":{\"@id\":\"https:\\\/\\\/www.uartes.edu.ec\\\/sitio\\\/fr\\\/#\\\/schema\\\/logo\\\/image\\\/\"},\"sameAs\":[\"https:\\\/\\\/www.facebook.com\\\/uartesec\",\"https:\\\/\\\/x.com\\\/uartesec\",\"https:\\\/\\\/www.tiktok.com\\\/@uartesec\"]},{\"@type\":\"Person\",\"@id\":\"https:\\\/\\\/www.uartes.edu.ec\\\/sitio\\\/fr\\\/#\\\/schema\\\/person\\\/efa1b8275797664fd7f13a79ccc0b1f4\",\"name\":\"ccortez\",\"image\":{\"@type\":\"ImageObject\",\"inLanguage\":\"fr-FR\",\"@id\":\"https:\\\/\\\/secure.gravatar.com\\\/avatar\\\/b2a6f664a3ae8e074346ef91775736c5ec479e637ecced6842de9dc98b5da9cd?s=96&d=mm&r=g\",\"url\":\"https:\\\/\\\/secure.gravatar.com\\\/avatar\\\/b2a6f664a3ae8e074346ef91775736c5ec479e637ecced6842de9dc98b5da9cd?s=96&d=mm&r=g\",\"contentUrl\":\"https:\\\/\\\/secure.gravatar.com\\\/avatar\\\/b2a6f664a3ae8e074346ef91775736c5ec479e637ecced6842de9dc98b5da9cd?s=96&d=mm&r=g\",\"caption\":\"ccortez\"},\"url\":\"https:\\\/\\\/www.uartes.edu.ec\\\/sitio\\\/fr\\\/blog\\\/author\\\/ccortez\\\/\"}]}<\/script>\n<!-- \/ Yoast SEO plugin. -->","yoast_head_json":{"title":"Universidad de las Artes - Observatorio de la UArtes propici\u00f3 debate con candidatos a la CCNG","description":"Universidad de las Artes - Observatorio de la UArtes propici\u00f3 debate con candidatos a la CCNG","robots":{"index":"index","follow":"follow","max-snippet":"max-snippet:-1","max-image-preview":"max-image-preview:large","max-video-preview":"max-video-preview:-1"},"canonical":"https:\/\/www.uartes.edu.ec\/sitio\/fr\/blog\/2021\/12\/07\/observatorio-de-la-uartes-propicio-undebate-entre-los-candidatos-a-la-ccng\/","og_locale":"fr_FR","og_type":"article","og_title":"Universidad de las Artes - Observatorio de la UArtes propici\u00f3 debate con candidatos a la CCNG","og_description":"Universidad de las Artes - Observatorio de la UArtes propici\u00f3 debate con candidatos a la CCNG","og_url":"https:\/\/www.uartes.edu.ec\/sitio\/fr\/blog\/2021\/12\/07\/observatorio-de-la-uartes-propicio-undebate-entre-los-candidatos-a-la-ccng\/","og_site_name":"Universidad de las Artes","article_publisher":"https:\/\/www.facebook.com\/uartesec","article_published_time":"2021-12-08T00:20:00+00:00","article_modified_time":"2024-07-04T16:24:59+00:00","og_image":[{"width":2000,"height":1333,"url":"https:\/\/www.uartes.edu.ec\/sitio\/wp-content\/uploads\/2021\/12\/CANDIDATOS01.jpg","type":"image\/jpeg"}],"author":"ccortez","twitter_card":"summary_large_image","twitter_creator":"@uartesec","twitter_site":"@uartesec","twitter_misc":{"\u00c9crit par":"ccortez","Dur\u00e9e de lecture estim\u00e9e":"4 minutes"},"schema":{"@context":"https:\/\/schema.org","@graph":[{"@type":"Article","@id":"https:\/\/www.uartes.edu.ec\/sitio\/fr\/blog\/2021\/12\/07\/observatorio-de-la-uartes-propicio-undebate-entre-los-candidatos-a-la-ccng\/#article","isPartOf":{"@id":"https:\/\/www.uartes.edu.ec\/sitio\/fr\/blog\/2021\/12\/07\/observatorio-de-la-uartes-propicio-undebate-entre-los-candidatos-a-la-ccng\/"},"author":{"name":"ccortez","@id":"https:\/\/www.uartes.edu.ec\/sitio\/fr\/#\/schema\/person\/efa1b8275797664fd7f13a79ccc0b1f4"},"headline":"Observatorio de la UArtes propici\u00f3 debate con candidatos a la CCNG","datePublished":"2021-12-08T00:20:00+00:00","dateModified":"2024-07-04T16:24:59+00:00","mainEntityOfPage":{"@id":"https:\/\/www.uartes.edu.ec\/sitio\/fr\/blog\/2021\/12\/07\/observatorio-de-la-uartes-propicio-undebate-entre-los-candidatos-a-la-ccng\/"},"wordCount":862,"commentCount":0,"publisher":{"@id":"https:\/\/www.uartes.edu.ec\/sitio\/fr\/#organization"},"image":{"@id":"https:\/\/www.uartes.edu.ec\/sitio\/fr\/blog\/2021\/12\/07\/observatorio-de-la-uartes-propicio-undebate-entre-los-candidatos-a-la-ccng\/#primaryimage"},"thumbnailUrl":"https:\/\/www.uartes.edu.ec\/sitio\/wp-content\/uploads\/2021\/12\/CANDIDATOS01.jpg","keywords":["observatorio"],"articleSection":["Acad\u00e9mico","Artes"],"inLanguage":"fr-FR","potentialAction":[{"@type":"CommentAction","name":"Comment","target":["https:\/\/www.uartes.edu.ec\/sitio\/fr\/blog\/2021\/12\/07\/observatorio-de-la-uartes-propicio-undebate-entre-los-candidatos-a-la-ccng\/#respond"]}]},{"@type":["WebPage","ItemPage"],"@id":"https:\/\/www.uartes.edu.ec\/sitio\/fr\/blog\/2021\/12\/07\/observatorio-de-la-uartes-propicio-undebate-entre-los-candidatos-a-la-ccng\/","url":"https:\/\/www.uartes.edu.ec\/sitio\/fr\/blog\/2021\/12\/07\/observatorio-de-la-uartes-propicio-undebate-entre-los-candidatos-a-la-ccng\/","name":"Universidad de las Artes - Observatorio de la UArtes propici\u00f3 debate con candidatos a la CCNG","isPartOf":{"@id":"https:\/\/www.uartes.edu.ec\/sitio\/fr\/#website"},"primaryImageOfPage":{"@id":"https:\/\/www.uartes.edu.ec\/sitio\/fr\/blog\/2021\/12\/07\/observatorio-de-la-uartes-propicio-undebate-entre-los-candidatos-a-la-ccng\/#primaryimage"},"image":{"@id":"https:\/\/www.uartes.edu.ec\/sitio\/fr\/blog\/2021\/12\/07\/observatorio-de-la-uartes-propicio-undebate-entre-los-candidatos-a-la-ccng\/#primaryimage"},"thumbnailUrl":"https:\/\/www.uartes.edu.ec\/sitio\/wp-content\/uploads\/2021\/12\/CANDIDATOS01.jpg","datePublished":"2021-12-08T00:20:00+00:00","dateModified":"2024-07-04T16:24:59+00:00","description":"Universidad de las Artes - Observatorio de la UArtes propici\u00f3 debate con candidatos a la CCNG","breadcrumb":{"@id":"https:\/\/www.uartes.edu.ec\/sitio\/fr\/blog\/2021\/12\/07\/observatorio-de-la-uartes-propicio-undebate-entre-los-candidatos-a-la-ccng\/#breadcrumb"},"inLanguage":"fr-FR","potentialAction":[{"@type":"ReadAction","target":["https:\/\/www.uartes.edu.ec\/sitio\/fr\/blog\/2021\/12\/07\/observatorio-de-la-uartes-propicio-undebate-entre-los-candidatos-a-la-ccng\/"]}]},{"@type":"ImageObject","inLanguage":"fr-FR","@id":"https:\/\/www.uartes.edu.ec\/sitio\/fr\/blog\/2021\/12\/07\/observatorio-de-la-uartes-propicio-undebate-entre-los-candidatos-a-la-ccng\/#primaryimage","url":"https:\/\/www.uartes.edu.ec\/sitio\/wp-content\/uploads\/2021\/12\/CANDIDATOS01.jpg","contentUrl":"https:\/\/www.uartes.edu.ec\/sitio\/wp-content\/uploads\/2021\/12\/CANDIDATOS01.jpg","width":2000,"height":1333},{"@type":"BreadcrumbList","@id":"https:\/\/www.uartes.edu.ec\/sitio\/fr\/blog\/2021\/12\/07\/observatorio-de-la-uartes-propicio-undebate-entre-los-candidatos-a-la-ccng\/#breadcrumb","itemListElement":[{"@type":"ListItem","position":1,"name":"Inicio","item":"https:\/\/www.uartes.edu.ec\/sitio\/"},{"@type":"ListItem","position":2,"name":"Observatorio de la UArtes propici\u00f3 debate con candidatos a la CCNG"}]},{"@type":"WebSite","@id":"https:\/\/www.uartes.edu.ec\/sitio\/fr\/#website","url":"https:\/\/www.uartes.edu.ec\/sitio\/fr\/","name":"Universidad de las Artes","description":"Sitio oficial de la Universidad Nacional de las Artes del Ecuador","publisher":{"@id":"https:\/\/www.uartes.edu.ec\/sitio\/fr\/#organization"},"potentialAction":[{"@type":"SearchAction","target":{"@type":"EntryPoint","urlTemplate":"https:\/\/www.uartes.edu.ec\/sitio\/fr\/?s={search_term_string}"},"query-input":{"@type":"PropertyValueSpecification","valueRequired":true,"valueName":"search_term_string"}}],"inLanguage":"fr-FR"},{"@type":"Organization","@id":"https:\/\/www.uartes.edu.ec\/sitio\/fr\/#organization","name":"Universidad de las Artes","url":"https:\/\/www.uartes.edu.ec\/sitio\/fr\/","logo":{"@type":"ImageObject","inLanguage":"fr-FR","@id":"https:\/\/www.uartes.edu.ec\/sitio\/fr\/#\/schema\/logo\/image\/","url":"https:\/\/www.uartes.edu.ec\/sitio\/wp-content\/uploads\/2022\/07\/logo-ua-horizontal.png","contentUrl":"https:\/\/www.uartes.edu.ec\/sitio\/wp-content\/uploads\/2022\/07\/logo-ua-horizontal.png","width":800,"height":276,"caption":"Universidad de las Artes"},"image":{"@id":"https:\/\/www.uartes.edu.ec\/sitio\/fr\/#\/schema\/logo\/image\/"},"sameAs":["https:\/\/www.facebook.com\/uartesec","https:\/\/x.com\/uartesec","https:\/\/www.tiktok.com\/@uartesec"]},{"@type":"Person","@id":"https:\/\/www.uartes.edu.ec\/sitio\/fr\/#\/schema\/person\/efa1b8275797664fd7f13a79ccc0b1f4","name":"ccortez","image":{"@type":"ImageObject","inLanguage":"fr-FR","@id":"https:\/\/secure.gravatar.com\/avatar\/b2a6f664a3ae8e074346ef91775736c5ec479e637ecced6842de9dc98b5da9cd?s=96&d=mm&r=g","url":"https:\/\/secure.gravatar.com\/avatar\/b2a6f664a3ae8e074346ef91775736c5ec479e637ecced6842de9dc98b5da9cd?s=96&d=mm&r=g","contentUrl":"https:\/\/secure.gravatar.com\/avatar\/b2a6f664a3ae8e074346ef91775736c5ec479e637ecced6842de9dc98b5da9cd?s=96&d=mm&r=g","caption":"ccortez"},"url":"https:\/\/www.uartes.edu.ec\/sitio\/fr\/blog\/author\/ccortez\/"}]}},"uagb_featured_image_src":{"full":["https:\/\/www.uartes.edu.ec\/sitio\/wp-content\/uploads\/2021\/12\/CANDIDATOS01.jpg",2000,1333,false],"thumbnail":["https:\/\/www.uartes.edu.ec\/sitio\/wp-content\/uploads\/2021\/12\/CANDIDATOS01-150x150.jpg",150,150,true],"medium":["https:\/\/www.uartes.edu.ec\/sitio\/wp-content\/uploads\/2021\/12\/CANDIDATOS01-300x200.jpg",300,200,true],"medium_large":["https:\/\/www.uartes.edu.ec\/sitio\/wp-content\/uploads\/2021\/12\/CANDIDATOS01-768x512.jpg",768,512,true],"large":["https:\/\/www.uartes.edu.ec\/sitio\/wp-content\/uploads\/2021\/12\/CANDIDATOS01-644x429.jpg",644,429,true],"1536x1536":["https:\/\/www.uartes.edu.ec\/sitio\/wp-content\/uploads\/2021\/12\/CANDIDATOS01-1536x1024.jpg",1536,1024,true],"2048x2048":["https:\/\/www.uartes.edu.ec\/sitio\/wp-content\/uploads\/2021\/12\/CANDIDATOS01.jpg",2000,1333,false],"trp-custom-language-flag":["https:\/\/www.uartes.edu.ec\/sitio\/wp-content\/uploads\/2021\/12\/CANDIDATOS01.jpg",18,12,false],"htmega_size_585x295":["https:\/\/www.uartes.edu.ec\/sitio\/wp-content\/uploads\/2021\/12\/CANDIDATOS01.jpg",443,295,false],"htmega_size_1170x536":["https:\/\/www.uartes.edu.ec\/sitio\/wp-content\/uploads\/2021\/12\/CANDIDATOS01.jpg",804,536,false],"htmega_size_396x360":["https:\/\/www.uartes.edu.ec\/sitio\/wp-content\/uploads\/2021\/12\/CANDIDATOS01.jpg",396,264,false],"gb-block-post-grid-landscape":["https:\/\/www.uartes.edu.ec\/sitio\/wp-content\/uploads\/2021\/12\/CANDIDATOS01-600x400.jpg",600,400,true],"gb-block-post-grid-square":["https:\/\/www.uartes.edu.ec\/sitio\/wp-content\/uploads\/2021\/12\/CANDIDATOS01-600x600.jpg",600,600,true],"university-hub-thumb":["https:\/\/www.uartes.edu.ec\/sitio\/wp-content\/uploads\/2021\/12\/CANDIDATOS01-400x267.jpg",400,267,true],"mailpoet_newsletter_max":["https:\/\/www.uartes.edu.ec\/sitio\/wp-content\/uploads\/2021\/12\/CANDIDATOS01.jpg",1320,880,false]},"uagb_author_info":{"display_name":"ccortez","author_link":"https:\/\/www.uartes.edu.ec\/sitio\/fr\/blog\/author\/ccortez\/"},"uagb_comment_info":0,"uagb_excerpt":"En su calidad de veedor del proceso electoral de la Casa de la Cultura N\u00facleo del Guayas (CCNG), el Observatorio de Pol\u00edticas y Econom\u00eda de la Cultura de la Universidad de las Artes invit\u00f3 a los candidatos a participar en un debate para conocer sus propuestas. Asistieron seis de los siete postulantes a dirigir el\u2026","featured_image_src":"https:\/\/www.uartes.edu.ec\/sitio\/wp-content\/uploads\/2021\/12\/CANDIDATOS01-600x400.jpg","featured_image_src_square":"https:\/\/www.uartes.edu.ec\/sitio\/wp-content\/uploads\/2021\/12\/CANDIDATOS01-600x600.jpg","author_info":{"display_name":"ccortez","author_link":"https:\/\/www.uartes.edu.ec\/sitio\/fr\/blog\/author\/ccortez\/"},"publishpress_future_workflow_manual_trigger":{"enabledWorkflows":[]},"distributor_meta":false,"distributor_terms":false,"distributor_media":false,"distributor_original_site_name":"Universidad de las Artes","distributor_original_site_url":"https:\/\/www.uartes.edu.ec\/sitio\/fr","push-errors":false,"_links":{"self":[{"href":"https:\/\/www.uartes.edu.ec\/sitio\/fr\/wp-json\/wp\/v2\/posts\/18710","targetHints":{"allow":["GET"]}}],"collection":[{"href":"https:\/\/www.uartes.edu.ec\/sitio\/fr\/wp-json\/wp\/v2\/posts"}],"about":[{"href":"https:\/\/www.uartes.edu.ec\/sitio\/fr\/wp-json\/wp\/v2\/types\/post"}],"author":[{"embeddable":true,"href":"https:\/\/www.uartes.edu.ec\/sitio\/fr\/wp-json\/wp\/v2\/users\/10"}],"replies":[{"embeddable":true,"href":"https:\/\/www.uartes.edu.ec\/sitio\/fr\/wp-json\/wp\/v2\/comments?post=18710"}],"version-history":[{"count":3,"href":"https:\/\/www.uartes.edu.ec\/sitio\/fr\/wp-json\/wp\/v2\/posts\/18710\/revisions"}],"predecessor-version":[{"id":18716,"href":"https:\/\/www.uartes.edu.ec\/sitio\/fr\/wp-json\/wp\/v2\/posts\/18710\/revisions\/18716"}],"wp:featuredmedia":[{"embeddable":true,"href":"https:\/\/www.uartes.edu.ec\/sitio\/fr\/wp-json\/wp\/v2\/media\/18711"}],"wp:attachment":[{"href":"https:\/\/www.uartes.edu.ec\/sitio\/fr\/wp-json\/wp\/v2\/media?parent=18710"}],"wp:term":[{"taxonomy":"category","embeddable":true,"href":"https:\/\/www.uartes.edu.ec\/sitio\/fr\/wp-json\/wp\/v2\/categories?post=18710"},{"taxonomy":"post_tag","embeddable":true,"href":"https:\/\/www.uartes.edu.ec\/sitio\/fr\/wp-json\/wp\/v2\/tags?post=18710"},{"taxonomy":"infouartes","embeddable":true,"href":"https:\/\/www.uartes.edu.ec\/sitio\/fr\/wp-json\/wp\/v2\/infouartes?post=18710"}],"curies":[{"name":"wp","href":"https:\/\/api.w.org\/{rel}","templated":true}]}}