{"id":18753,"date":"2021-12-30T18:31:00","date_gmt":"2021-12-30T23:31:00","guid":{"rendered":"http:\/\/www.uartes.edu.ec\/sitio\/?p=18753"},"modified":"2024-07-04T11:24:45","modified_gmt":"2024-07-04T16:24:45","slug":"el-umbral-a-un-sueno-de-la-magister-maria-de-los-angeles-herrera","status":"publish","type":"post","link":"https:\/\/www.uartes.edu.ec\/sitio\/fr\/blog\/2021\/12\/30\/el-umbral-a-un-sueno-de-la-magister-maria-de-los-angeles-herrera\/","title":{"rendered":"El \u201cUmbral a un sue\u00f1o\u201d de la mag\u00edster Mar\u00eda de los \u00c1ngeles Herrera"},"content":{"rendered":"<p>La mag\u00edster en Composici\u00f3n Musical y Artes Sonoras Mar\u00eda de los \u00c1ngeles Herrera comparte con InfoUArtes el proceso que sigui\u00f3 para la realizaci\u00f3n de su tesis de grado. Menciona, en primera persona, las razones que la llevaron a plantear el tema, su propuesta, la investigaci\u00f3n que hizo, la preparaci\u00f3n acad\u00e9mica recibida, las metas que se impuso y los resultados obtenidos. Aqu\u00ed su experiencia:<\/p>\n\n\n\n<p>\u201cApuntarse a estudiar en estos tiempos puede resultar una aventura de cambios absolutos e impensables, pero, a su vez, es un reto a nuestra capacidad de adaptaci\u00f3n. Es reconocer cu\u00e1nto y qu\u00e9 realmente queremos alcanzar a trav\u00e9s de los desaf\u00edos. Como adultos con enormes responsabilidades, trabajo y quehaceres propios del oficio musical, ten\u00edamos el tiempo y el trabajo bastante agendado y el reto ante una situaci\u00f3n global nos orill\u00f3 a una serie de ajustes que nadie imagin\u00f3.<\/p>\n\n\n\n<p>Y es que la Maestr\u00eda en Composici\u00f3n Musical fue un reto constante de adaptaci\u00f3n para todos, de esta forma hab\u00eda que aprovecharla, y me brind\u00f3, desde diferentes perspectivas, algunas formas para perfilar la idea de mi trabajo final.<\/p>\n\n\n\n<figure class=\"wp-block-image size-full\"><img fetchpriority=\"high\" decoding=\"async\" width=\"2000\" height=\"1333\" src=\"http:\/\/www.uartes.edu.ec\/sitio\/wp-content\/uploads\/2021\/12\/MARIA2-DE-LOS-ANGELES-HERRERA-02.jpg\" alt=\"\" class=\"wp-image-18755\" srcset=\"https:\/\/www.uartes.edu.ec\/sitio\/wp-content\/uploads\/2021\/12\/MARIA2-DE-LOS-ANGELES-HERRERA-02.jpg 2000w, https:\/\/www.uartes.edu.ec\/sitio\/wp-content\/uploads\/2021\/12\/MARIA2-DE-LOS-ANGELES-HERRERA-02-644x429.jpg 644w, https:\/\/www.uartes.edu.ec\/sitio\/wp-content\/uploads\/2021\/12\/MARIA2-DE-LOS-ANGELES-HERRERA-02-768x511.jpg 768w, https:\/\/www.uartes.edu.ec\/sitio\/wp-content\/uploads\/2021\/12\/MARIA2-DE-LOS-ANGELES-HERRERA-02-600x399.jpg 600w, https:\/\/www.uartes.edu.ec\/sitio\/wp-content\/uploads\/2021\/12\/MARIA2-DE-LOS-ANGELES-HERRERA-02-272x182.jpg 272w\" sizes=\"(max-width: 2000px) 100vw, 2000px\" \/><\/figure>\n\n\n\n<p>Desde muchas variantes y sonidos, se fue creando una pieza inicial a la que llam\u00e9 <em>Tiempo agua y polvo,<\/em> haciendo alusi\u00f3n a los materiales de los cuales est\u00e1n hechos los instrumentos de arcilla que emple\u00e9 en esta composici\u00f3n. Guiada por una excelente tutora, la doctora Adina Izarra, a m\u00e1s de los talleres de titulaci\u00f3n que brindaron valiosos detalles del formato que se deb\u00eda emplear para cristalizar esta propuesta.<\/p>\n\n\n\n<p>La segunda pieza cont\u00f3 con la participaci\u00f3n del poeta David Guerra Layana, quien marc\u00f3 con su voz resonante, desde el poema <em>Engabao,<\/em> y palabras en lengua Ts\u00e1fiki, un sin n\u00famero de repeticiones y juegos de sonidos de instrumentos precolombinos que se grabaron previamente, pasando por procesos de transformaci\u00f3n mediante software de edici\u00f3n, como Ableton y MAX\/MSP.<\/p>\n\n\n\n<p>Todo este ejercicio de transformaci\u00f3n de sonidos de silbatos, flautas y ocarinas, a m\u00e1s de la voz, desprendi\u00f3 micro piezas que acompa\u00f1aban este entorno cargado de palabras, como transportando una narrativa hacia una puerta. Por ello, <em>Umbral a un sue\u00f1o<\/em> lleva ese nombre en relaci\u00f3n al uso de la palabra como un umbral o paso.<\/p>\n\n\n\n<div class=\"wp-block-image\"><figure class=\"aligncenter size-full\"><img decoding=\"async\" width=\"2000\" height=\"1333\" src=\"http:\/\/www.uartes.edu.ec\/sitio\/wp-content\/uploads\/2021\/12\/MARIA3-DE-LOS-ANGELES-HERRERA-03.jpg\" alt=\"\" class=\"wp-image-18756\" srcset=\"https:\/\/www.uartes.edu.ec\/sitio\/wp-content\/uploads\/2021\/12\/MARIA3-DE-LOS-ANGELES-HERRERA-03.jpg 2000w, https:\/\/www.uartes.edu.ec\/sitio\/wp-content\/uploads\/2021\/12\/MARIA3-DE-LOS-ANGELES-HERRERA-03-644x429.jpg 644w, https:\/\/www.uartes.edu.ec\/sitio\/wp-content\/uploads\/2021\/12\/MARIA3-DE-LOS-ANGELES-HERRERA-03-768x511.jpg 768w, https:\/\/www.uartes.edu.ec\/sitio\/wp-content\/uploads\/2021\/12\/MARIA3-DE-LOS-ANGELES-HERRERA-03-600x399.jpg 600w, https:\/\/www.uartes.edu.ec\/sitio\/wp-content\/uploads\/2021\/12\/MARIA3-DE-LOS-ANGELES-HERRERA-03-272x182.jpg 272w\" sizes=\"(max-width: 2000px) 100vw, 2000px\" \/><\/figure><\/div>\n\n\n\n<p>Resulta maravilloso expresar a trav\u00e9s de estas l\u00edneas mi gratitud a la escucha, a los espacios para las ideas, para los sonidos y composiciones que surgen a partir de esta primera maestr\u00eda en Composici\u00f3n Musical de Artes Sonoras de la cual soy parte.<\/p>\n\n\n\n<p>El 15 de noviembre me sent\u00ed muy emocionada de ser quien iniciaba en el listado de sustentaciones programado y, sin duda, llevar\u00e9 esa fecha en un sitio especial de mis recuerdos ya que, aquel lunes fui la primera en compartir formalmente una propuesta que surgi\u00f3 inicialmente desde el deseo profundo de hacer sonar los instrumentos de arcilla que son parte de mi colecci\u00f3n para estas piezas compuestas desde la expresividad y el imaginario sonoro\u201d.<\/p>\n\n\n\n<p>Las piezas se pueden escuchar en los enlaces:<br><a href=\"https:\/\/youtu.be\/5HFvqC-8Fpw\">https:\/\/youtu.be\/5HFvqC-8Fpw<\/a><\/p>\n\n\n\n<figure class=\"wp-block-embed is-type-video is-provider-youtube wp-block-embed-youtube wp-embed-aspect-16-9 wp-has-aspect-ratio\"><div class=\"wp-block-embed__wrapper\">\n<iframe title=\"UMBRAL A UN SUE\u00d1O-Sonidos de instrumentos Precolombinos y medios digitales- (Video Oficial)\" width=\"771\" height=\"434\" src=\"https:\/\/www.youtube.com\/embed\/MDAdGMvNsj8?feature=oembed\" frameborder=\"0\" allow=\"accelerometer; autoplay; clipboard-write; encrypted-media; gyroscope; picture-in-picture\" allowfullscreen><\/iframe>\n<\/div><\/figure>\n\n\n\n<p>Autora: \u00c1ngeles Herrera Buste (ECUADOR) maria.herrera@uartes.edu.ec<br>Co-autora: Adina Izarra, PhD. (ECU-VEN)<br><br><\/p>","protected":false},"excerpt":{"rendered":"<p>Mar\u00eda de los \u00c1ngeles Herrera Buste es mag\u00edster en Composici\u00f3n Musical y Artes Sonoras. Su preparaci\u00f3n acad\u00e9mica para obtener el t\u00edtulo de cuarto nivel la recibi\u00f3 en la UArtes y el 11 de diciembre de 2021, d\u00eda de la graduaci\u00f3n de los estudiantes de pregrado y posgrado de nuestra instituci\u00f3n, pas\u00f3 a integrar junto a 14 compa\u00f1eros la primera cohorte de una maestr\u00eda \u00fanica en Ecuador.<\/p>","protected":false},"author":10,"featured_media":18754,"comment_status":"open","ping_status":"open","sticky":false,"template":"","format":"standard","meta":{"_acf_changed":false,"_uag_custom_page_level_css":"","_monsterinsights_skip_tracking":false,"_monsterinsights_sitenote_active":false,"_monsterinsights_sitenote_note":"","_monsterinsights_sitenote_category":0,"cybocfi_hide_featured_image":"","footnotes":""},"categories":[80,82,75,76,264],"tags":[609],"infouartes":[],"class_list":["post-18753","post","type-post","status-publish","format-standard","has-post-thumbnail","hentry","category-academico","category-artes","category-docentes","category-estudiantes","category-maestrias","tag-tesis-de-grado"],"acf":[],"yoast_head":"<!-- This site is optimized with the Yoast SEO plugin v27.4 - https:\/\/yoast.com\/product\/yoast-seo-wordpress\/ -->\n<title>Universidad de las Artes - El \u201cUmbral a un sue\u00f1o\u201d de la mag\u00edster Mar\u00eda de los \u00c1ngeles Herrera<\/title>\n<meta name=\"description\" content=\"Universidad de las Artes - El \u201cUmbral a un sue\u00f1o\u201d de la mag\u00edster Mar\u00eda de los \u00c1ngeles Herrera\" \/>\n<meta name=\"robots\" content=\"index, follow, max-snippet:-1, max-image-preview:large, max-video-preview:-1\" \/>\n<link rel=\"canonical\" href=\"https:\/\/www.uartes.edu.ec\/sitio\/fr\/blog\/2021\/12\/30\/el-umbral-a-un-sueno-de-la-magister-maria-de-los-angeles-herrera\/\" \/>\n<meta property=\"og:locale\" content=\"fr_FR\" \/>\n<meta property=\"og:type\" content=\"article\" \/>\n<meta property=\"og:title\" content=\"Universidad de las Artes - El \u201cUmbral a un sue\u00f1o\u201d de la mag\u00edster Mar\u00eda de los \u00c1ngeles Herrera\" \/>\n<meta property=\"og:description\" content=\"Universidad de las Artes - El \u201cUmbral a un sue\u00f1o\u201d de la mag\u00edster Mar\u00eda de los \u00c1ngeles Herrera\" \/>\n<meta property=\"og:url\" content=\"https:\/\/www.uartes.edu.ec\/sitio\/fr\/blog\/2021\/12\/30\/el-umbral-a-un-sueno-de-la-magister-maria-de-los-angeles-herrera\/\" \/>\n<meta property=\"og:site_name\" content=\"Universidad de las Artes\" \/>\n<meta property=\"article:publisher\" content=\"https:\/\/www.facebook.com\/uartesec\" \/>\n<meta property=\"article:published_time\" content=\"2021-12-30T23:31:00+00:00\" \/>\n<meta property=\"article:modified_time\" content=\"2024-07-04T16:24:45+00:00\" \/>\n<meta property=\"og:image\" content=\"https:\/\/www.uartes.edu.ec\/sitio\/wp-content\/uploads\/2021\/12\/MARIA-DE-LOS-ANGELES-HERRERA.jpg\" \/>\n\t<meta property=\"og:image:width\" content=\"2000\" \/>\n\t<meta property=\"og:image:height\" content=\"1333\" \/>\n\t<meta property=\"og:image:type\" content=\"image\/jpeg\" \/>\n<meta name=\"author\" content=\"ccortez\" \/>\n<meta name=\"twitter:card\" content=\"summary_large_image\" \/>\n<meta name=\"twitter:creator\" content=\"@uartesec\" \/>\n<meta name=\"twitter:site\" content=\"@uartesec\" \/>\n<meta name=\"twitter:label1\" content=\"\u00c9crit par\" \/>\n\t<meta name=\"twitter:data1\" content=\"ccortez\" \/>\n\t<meta name=\"twitter:label2\" content=\"Dur\u00e9e de lecture estim\u00e9e\" \/>\n\t<meta name=\"twitter:data2\" content=\"3 minutes\" \/>\n<script type=\"application\/ld+json\" class=\"yoast-schema-graph\">{\"@context\":\"https:\\\/\\\/schema.org\",\"@graph\":[{\"@type\":\"Article\",\"@id\":\"https:\\\/\\\/www.uartes.edu.ec\\\/sitio\\\/fr\\\/blog\\\/2021\\\/12\\\/30\\\/el-umbral-a-un-sueno-de-la-magister-maria-de-los-angeles-herrera\\\/#article\",\"isPartOf\":{\"@id\":\"https:\\\/\\\/www.uartes.edu.ec\\\/sitio\\\/fr\\\/blog\\\/2021\\\/12\\\/30\\\/el-umbral-a-un-sueno-de-la-magister-maria-de-los-angeles-herrera\\\/\"},\"author\":{\"name\":\"ccortez\",\"@id\":\"https:\\\/\\\/www.uartes.edu.ec\\\/sitio\\\/fr\\\/#\\\/schema\\\/person\\\/efa1b8275797664fd7f13a79ccc0b1f4\"},\"headline\":\"El \u201cUmbral a un sue\u00f1o\u201d de la mag\u00edster Mar\u00eda de los \u00c1ngeles Herrera\",\"datePublished\":\"2021-12-30T23:31:00+00:00\",\"dateModified\":\"2024-07-04T16:24:45+00:00\",\"mainEntityOfPage\":{\"@id\":\"https:\\\/\\\/www.uartes.edu.ec\\\/sitio\\\/fr\\\/blog\\\/2021\\\/12\\\/30\\\/el-umbral-a-un-sueno-de-la-magister-maria-de-los-angeles-herrera\\\/\"},\"wordCount\":559,\"commentCount\":0,\"publisher\":{\"@id\":\"https:\\\/\\\/www.uartes.edu.ec\\\/sitio\\\/fr\\\/#organization\"},\"image\":{\"@id\":\"https:\\\/\\\/www.uartes.edu.ec\\\/sitio\\\/fr\\\/blog\\\/2021\\\/12\\\/30\\\/el-umbral-a-un-sueno-de-la-magister-maria-de-los-angeles-herrera\\\/#primaryimage\"},\"thumbnailUrl\":\"https:\\\/\\\/www.uartes.edu.ec\\\/sitio\\\/wp-content\\\/uploads\\\/2021\\\/12\\\/MARIA-DE-LOS-ANGELES-HERRERA.jpg\",\"keywords\":[\"tesis de grado\"],\"articleSection\":[\"Acad\u00e9mico\",\"Artes\",\"Docentes\",\"Estudiantes\",\"Maestr\u00edas\"],\"inLanguage\":\"fr-FR\",\"potentialAction\":[{\"@type\":\"CommentAction\",\"name\":\"Comment\",\"target\":[\"https:\\\/\\\/www.uartes.edu.ec\\\/sitio\\\/fr\\\/blog\\\/2021\\\/12\\\/30\\\/el-umbral-a-un-sueno-de-la-magister-maria-de-los-angeles-herrera\\\/#respond\"]}]},{\"@type\":[\"WebPage\",\"ItemPage\"],\"@id\":\"https:\\\/\\\/www.uartes.edu.ec\\\/sitio\\\/fr\\\/blog\\\/2021\\\/12\\\/30\\\/el-umbral-a-un-sueno-de-la-magister-maria-de-los-angeles-herrera\\\/\",\"url\":\"https:\\\/\\\/www.uartes.edu.ec\\\/sitio\\\/fr\\\/blog\\\/2021\\\/12\\\/30\\\/el-umbral-a-un-sueno-de-la-magister-maria-de-los-angeles-herrera\\\/\",\"name\":\"Universidad de las Artes - El \u201cUmbral a un sue\u00f1o\u201d de la mag\u00edster Mar\u00eda de los \u00c1ngeles Herrera\",\"isPartOf\":{\"@id\":\"https:\\\/\\\/www.uartes.edu.ec\\\/sitio\\\/fr\\\/#website\"},\"primaryImageOfPage\":{\"@id\":\"https:\\\/\\\/www.uartes.edu.ec\\\/sitio\\\/fr\\\/blog\\\/2021\\\/12\\\/30\\\/el-umbral-a-un-sueno-de-la-magister-maria-de-los-angeles-herrera\\\/#primaryimage\"},\"image\":{\"@id\":\"https:\\\/\\\/www.uartes.edu.ec\\\/sitio\\\/fr\\\/blog\\\/2021\\\/12\\\/30\\\/el-umbral-a-un-sueno-de-la-magister-maria-de-los-angeles-herrera\\\/#primaryimage\"},\"thumbnailUrl\":\"https:\\\/\\\/www.uartes.edu.ec\\\/sitio\\\/wp-content\\\/uploads\\\/2021\\\/12\\\/MARIA-DE-LOS-ANGELES-HERRERA.jpg\",\"datePublished\":\"2021-12-30T23:31:00+00:00\",\"dateModified\":\"2024-07-04T16:24:45+00:00\",\"description\":\"Universidad de las Artes - El \u201cUmbral a un sue\u00f1o\u201d de la mag\u00edster Mar\u00eda de los \u00c1ngeles Herrera\",\"breadcrumb\":{\"@id\":\"https:\\\/\\\/www.uartes.edu.ec\\\/sitio\\\/fr\\\/blog\\\/2021\\\/12\\\/30\\\/el-umbral-a-un-sueno-de-la-magister-maria-de-los-angeles-herrera\\\/#breadcrumb\"},\"inLanguage\":\"fr-FR\",\"potentialAction\":[{\"@type\":\"ReadAction\",\"target\":[\"https:\\\/\\\/www.uartes.edu.ec\\\/sitio\\\/fr\\\/blog\\\/2021\\\/12\\\/30\\\/el-umbral-a-un-sueno-de-la-magister-maria-de-los-angeles-herrera\\\/\"]}]},{\"@type\":\"ImageObject\",\"inLanguage\":\"fr-FR\",\"@id\":\"https:\\\/\\\/www.uartes.edu.ec\\\/sitio\\\/fr\\\/blog\\\/2021\\\/12\\\/30\\\/el-umbral-a-un-sueno-de-la-magister-maria-de-los-angeles-herrera\\\/#primaryimage\",\"url\":\"https:\\\/\\\/www.uartes.edu.ec\\\/sitio\\\/wp-content\\\/uploads\\\/2021\\\/12\\\/MARIA-DE-LOS-ANGELES-HERRERA.jpg\",\"contentUrl\":\"https:\\\/\\\/www.uartes.edu.ec\\\/sitio\\\/wp-content\\\/uploads\\\/2021\\\/12\\\/MARIA-DE-LOS-ANGELES-HERRERA.jpg\",\"width\":2000,\"height\":1333},{\"@type\":\"BreadcrumbList\",\"@id\":\"https:\\\/\\\/www.uartes.edu.ec\\\/sitio\\\/fr\\\/blog\\\/2021\\\/12\\\/30\\\/el-umbral-a-un-sueno-de-la-magister-maria-de-los-angeles-herrera\\\/#breadcrumb\",\"itemListElement\":[{\"@type\":\"ListItem\",\"position\":1,\"name\":\"Inicio\",\"item\":\"https:\\\/\\\/www.uartes.edu.ec\\\/sitio\\\/\"},{\"@type\":\"ListItem\",\"position\":2,\"name\":\"El \u201cUmbral a un sue\u00f1o\u201d de la mag\u00edster Mar\u00eda de los \u00c1ngeles Herrera\"}]},{\"@type\":\"WebSite\",\"@id\":\"https:\\\/\\\/www.uartes.edu.ec\\\/sitio\\\/fr\\\/#website\",\"url\":\"https:\\\/\\\/www.uartes.edu.ec\\\/sitio\\\/fr\\\/\",\"name\":\"Universidad de las Artes\",\"description\":\"Sitio oficial de la Universidad Nacional de las Artes del Ecuador\",\"publisher\":{\"@id\":\"https:\\\/\\\/www.uartes.edu.ec\\\/sitio\\\/fr\\\/#organization\"},\"potentialAction\":[{\"@type\":\"SearchAction\",\"target\":{\"@type\":\"EntryPoint\",\"urlTemplate\":\"https:\\\/\\\/www.uartes.edu.ec\\\/sitio\\\/fr\\\/?s={search_term_string}\"},\"query-input\":{\"@type\":\"PropertyValueSpecification\",\"valueRequired\":true,\"valueName\":\"search_term_string\"}}],\"inLanguage\":\"fr-FR\"},{\"@type\":\"Organization\",\"@id\":\"https:\\\/\\\/www.uartes.edu.ec\\\/sitio\\\/fr\\\/#organization\",\"name\":\"Universidad de las Artes\",\"url\":\"https:\\\/\\\/www.uartes.edu.ec\\\/sitio\\\/fr\\\/\",\"logo\":{\"@type\":\"ImageObject\",\"inLanguage\":\"fr-FR\",\"@id\":\"https:\\\/\\\/www.uartes.edu.ec\\\/sitio\\\/fr\\\/#\\\/schema\\\/logo\\\/image\\\/\",\"url\":\"https:\\\/\\\/www.uartes.edu.ec\\\/sitio\\\/wp-content\\\/uploads\\\/2022\\\/07\\\/logo-ua-horizontal.png\",\"contentUrl\":\"https:\\\/\\\/www.uartes.edu.ec\\\/sitio\\\/wp-content\\\/uploads\\\/2022\\\/07\\\/logo-ua-horizontal.png\",\"width\":800,\"height\":276,\"caption\":\"Universidad de las Artes\"},\"image\":{\"@id\":\"https:\\\/\\\/www.uartes.edu.ec\\\/sitio\\\/fr\\\/#\\\/schema\\\/logo\\\/image\\\/\"},\"sameAs\":[\"https:\\\/\\\/www.facebook.com\\\/uartesec\",\"https:\\\/\\\/x.com\\\/uartesec\",\"https:\\\/\\\/www.tiktok.com\\\/@uartesec\"]},{\"@type\":\"Person\",\"@id\":\"https:\\\/\\\/www.uartes.edu.ec\\\/sitio\\\/fr\\\/#\\\/schema\\\/person\\\/efa1b8275797664fd7f13a79ccc0b1f4\",\"name\":\"ccortez\",\"image\":{\"@type\":\"ImageObject\",\"inLanguage\":\"fr-FR\",\"@id\":\"https:\\\/\\\/secure.gravatar.com\\\/avatar\\\/b2a6f664a3ae8e074346ef91775736c5ec479e637ecced6842de9dc98b5da9cd?s=96&d=mm&r=g\",\"url\":\"https:\\\/\\\/secure.gravatar.com\\\/avatar\\\/b2a6f664a3ae8e074346ef91775736c5ec479e637ecced6842de9dc98b5da9cd?s=96&d=mm&r=g\",\"contentUrl\":\"https:\\\/\\\/secure.gravatar.com\\\/avatar\\\/b2a6f664a3ae8e074346ef91775736c5ec479e637ecced6842de9dc98b5da9cd?s=96&d=mm&r=g\",\"caption\":\"ccortez\"},\"url\":\"https:\\\/\\\/www.uartes.edu.ec\\\/sitio\\\/fr\\\/blog\\\/author\\\/ccortez\\\/\"}]}<\/script>\n<!-- \/ Yoast SEO plugin. -->","yoast_head_json":{"title":"Universidad de las Artes - El \u201cUmbral a un sue\u00f1o\u201d de la mag\u00edster Mar\u00eda de los \u00c1ngeles Herrera","description":"Universidad de las Artes - El \u201cUmbral a un sue\u00f1o\u201d de la mag\u00edster Mar\u00eda de los \u00c1ngeles Herrera","robots":{"index":"index","follow":"follow","max-snippet":"max-snippet:-1","max-image-preview":"max-image-preview:large","max-video-preview":"max-video-preview:-1"},"canonical":"https:\/\/www.uartes.edu.ec\/sitio\/fr\/blog\/2021\/12\/30\/el-umbral-a-un-sueno-de-la-magister-maria-de-los-angeles-herrera\/","og_locale":"fr_FR","og_type":"article","og_title":"Universidad de las Artes - El \u201cUmbral a un sue\u00f1o\u201d de la mag\u00edster Mar\u00eda de los \u00c1ngeles Herrera","og_description":"Universidad de las Artes - El \u201cUmbral a un sue\u00f1o\u201d de la mag\u00edster Mar\u00eda de los \u00c1ngeles Herrera","og_url":"https:\/\/www.uartes.edu.ec\/sitio\/fr\/blog\/2021\/12\/30\/el-umbral-a-un-sueno-de-la-magister-maria-de-los-angeles-herrera\/","og_site_name":"Universidad de las Artes","article_publisher":"https:\/\/www.facebook.com\/uartesec","article_published_time":"2021-12-30T23:31:00+00:00","article_modified_time":"2024-07-04T16:24:45+00:00","og_image":[{"width":2000,"height":1333,"url":"https:\/\/www.uartes.edu.ec\/sitio\/wp-content\/uploads\/2021\/12\/MARIA-DE-LOS-ANGELES-HERRERA.jpg","type":"image\/jpeg"}],"author":"ccortez","twitter_card":"summary_large_image","twitter_creator":"@uartesec","twitter_site":"@uartesec","twitter_misc":{"\u00c9crit par":"ccortez","Dur\u00e9e de lecture estim\u00e9e":"3 minutes"},"schema":{"@context":"https:\/\/schema.org","@graph":[{"@type":"Article","@id":"https:\/\/www.uartes.edu.ec\/sitio\/fr\/blog\/2021\/12\/30\/el-umbral-a-un-sueno-de-la-magister-maria-de-los-angeles-herrera\/#article","isPartOf":{"@id":"https:\/\/www.uartes.edu.ec\/sitio\/fr\/blog\/2021\/12\/30\/el-umbral-a-un-sueno-de-la-magister-maria-de-los-angeles-herrera\/"},"author":{"name":"ccortez","@id":"https:\/\/www.uartes.edu.ec\/sitio\/fr\/#\/schema\/person\/efa1b8275797664fd7f13a79ccc0b1f4"},"headline":"El \u201cUmbral a un sue\u00f1o\u201d de la mag\u00edster Mar\u00eda de los \u00c1ngeles Herrera","datePublished":"2021-12-30T23:31:00+00:00","dateModified":"2024-07-04T16:24:45+00:00","mainEntityOfPage":{"@id":"https:\/\/www.uartes.edu.ec\/sitio\/fr\/blog\/2021\/12\/30\/el-umbral-a-un-sueno-de-la-magister-maria-de-los-angeles-herrera\/"},"wordCount":559,"commentCount":0,"publisher":{"@id":"https:\/\/www.uartes.edu.ec\/sitio\/fr\/#organization"},"image":{"@id":"https:\/\/www.uartes.edu.ec\/sitio\/fr\/blog\/2021\/12\/30\/el-umbral-a-un-sueno-de-la-magister-maria-de-los-angeles-herrera\/#primaryimage"},"thumbnailUrl":"https:\/\/www.uartes.edu.ec\/sitio\/wp-content\/uploads\/2021\/12\/MARIA-DE-LOS-ANGELES-HERRERA.jpg","keywords":["tesis de grado"],"articleSection":["Acad\u00e9mico","Artes","Docentes","Estudiantes","Maestr\u00edas"],"inLanguage":"fr-FR","potentialAction":[{"@type":"CommentAction","name":"Comment","target":["https:\/\/www.uartes.edu.ec\/sitio\/fr\/blog\/2021\/12\/30\/el-umbral-a-un-sueno-de-la-magister-maria-de-los-angeles-herrera\/#respond"]}]},{"@type":["WebPage","ItemPage"],"@id":"https:\/\/www.uartes.edu.ec\/sitio\/fr\/blog\/2021\/12\/30\/el-umbral-a-un-sueno-de-la-magister-maria-de-los-angeles-herrera\/","url":"https:\/\/www.uartes.edu.ec\/sitio\/fr\/blog\/2021\/12\/30\/el-umbral-a-un-sueno-de-la-magister-maria-de-los-angeles-herrera\/","name":"Universidad de las Artes - El \u201cUmbral a un sue\u00f1o\u201d de la mag\u00edster Mar\u00eda de los \u00c1ngeles Herrera","isPartOf":{"@id":"https:\/\/www.uartes.edu.ec\/sitio\/fr\/#website"},"primaryImageOfPage":{"@id":"https:\/\/www.uartes.edu.ec\/sitio\/fr\/blog\/2021\/12\/30\/el-umbral-a-un-sueno-de-la-magister-maria-de-los-angeles-herrera\/#primaryimage"},"image":{"@id":"https:\/\/www.uartes.edu.ec\/sitio\/fr\/blog\/2021\/12\/30\/el-umbral-a-un-sueno-de-la-magister-maria-de-los-angeles-herrera\/#primaryimage"},"thumbnailUrl":"https:\/\/www.uartes.edu.ec\/sitio\/wp-content\/uploads\/2021\/12\/MARIA-DE-LOS-ANGELES-HERRERA.jpg","datePublished":"2021-12-30T23:31:00+00:00","dateModified":"2024-07-04T16:24:45+00:00","description":"Universidad de las Artes - El \u201cUmbral a un sue\u00f1o\u201d de la mag\u00edster Mar\u00eda de los \u00c1ngeles Herrera","breadcrumb":{"@id":"https:\/\/www.uartes.edu.ec\/sitio\/fr\/blog\/2021\/12\/30\/el-umbral-a-un-sueno-de-la-magister-maria-de-los-angeles-herrera\/#breadcrumb"},"inLanguage":"fr-FR","potentialAction":[{"@type":"ReadAction","target":["https:\/\/www.uartes.edu.ec\/sitio\/fr\/blog\/2021\/12\/30\/el-umbral-a-un-sueno-de-la-magister-maria-de-los-angeles-herrera\/"]}]},{"@type":"ImageObject","inLanguage":"fr-FR","@id":"https:\/\/www.uartes.edu.ec\/sitio\/fr\/blog\/2021\/12\/30\/el-umbral-a-un-sueno-de-la-magister-maria-de-los-angeles-herrera\/#primaryimage","url":"https:\/\/www.uartes.edu.ec\/sitio\/wp-content\/uploads\/2021\/12\/MARIA-DE-LOS-ANGELES-HERRERA.jpg","contentUrl":"https:\/\/www.uartes.edu.ec\/sitio\/wp-content\/uploads\/2021\/12\/MARIA-DE-LOS-ANGELES-HERRERA.jpg","width":2000,"height":1333},{"@type":"BreadcrumbList","@id":"https:\/\/www.uartes.edu.ec\/sitio\/fr\/blog\/2021\/12\/30\/el-umbral-a-un-sueno-de-la-magister-maria-de-los-angeles-herrera\/#breadcrumb","itemListElement":[{"@type":"ListItem","position":1,"name":"Inicio","item":"https:\/\/www.uartes.edu.ec\/sitio\/"},{"@type":"ListItem","position":2,"name":"El \u201cUmbral a un sue\u00f1o\u201d de la mag\u00edster Mar\u00eda de los \u00c1ngeles Herrera"}]},{"@type":"WebSite","@id":"https:\/\/www.uartes.edu.ec\/sitio\/fr\/#website","url":"https:\/\/www.uartes.edu.ec\/sitio\/fr\/","name":"Universidad de las Artes","description":"Sitio oficial de la Universidad Nacional de las Artes del Ecuador","publisher":{"@id":"https:\/\/www.uartes.edu.ec\/sitio\/fr\/#organization"},"potentialAction":[{"@type":"SearchAction","target":{"@type":"EntryPoint","urlTemplate":"https:\/\/www.uartes.edu.ec\/sitio\/fr\/?s={search_term_string}"},"query-input":{"@type":"PropertyValueSpecification","valueRequired":true,"valueName":"search_term_string"}}],"inLanguage":"fr-FR"},{"@type":"Organization","@id":"https:\/\/www.uartes.edu.ec\/sitio\/fr\/#organization","name":"Universidad de las Artes","url":"https:\/\/www.uartes.edu.ec\/sitio\/fr\/","logo":{"@type":"ImageObject","inLanguage":"fr-FR","@id":"https:\/\/www.uartes.edu.ec\/sitio\/fr\/#\/schema\/logo\/image\/","url":"https:\/\/www.uartes.edu.ec\/sitio\/wp-content\/uploads\/2022\/07\/logo-ua-horizontal.png","contentUrl":"https:\/\/www.uartes.edu.ec\/sitio\/wp-content\/uploads\/2022\/07\/logo-ua-horizontal.png","width":800,"height":276,"caption":"Universidad de las Artes"},"image":{"@id":"https:\/\/www.uartes.edu.ec\/sitio\/fr\/#\/schema\/logo\/image\/"},"sameAs":["https:\/\/www.facebook.com\/uartesec","https:\/\/x.com\/uartesec","https:\/\/www.tiktok.com\/@uartesec"]},{"@type":"Person","@id":"https:\/\/www.uartes.edu.ec\/sitio\/fr\/#\/schema\/person\/efa1b8275797664fd7f13a79ccc0b1f4","name":"ccortez","image":{"@type":"ImageObject","inLanguage":"fr-FR","@id":"https:\/\/secure.gravatar.com\/avatar\/b2a6f664a3ae8e074346ef91775736c5ec479e637ecced6842de9dc98b5da9cd?s=96&d=mm&r=g","url":"https:\/\/secure.gravatar.com\/avatar\/b2a6f664a3ae8e074346ef91775736c5ec479e637ecced6842de9dc98b5da9cd?s=96&d=mm&r=g","contentUrl":"https:\/\/secure.gravatar.com\/avatar\/b2a6f664a3ae8e074346ef91775736c5ec479e637ecced6842de9dc98b5da9cd?s=96&d=mm&r=g","caption":"ccortez"},"url":"https:\/\/www.uartes.edu.ec\/sitio\/fr\/blog\/author\/ccortez\/"}]}},"uagb_featured_image_src":{"full":["https:\/\/www.uartes.edu.ec\/sitio\/wp-content\/uploads\/2021\/12\/MARIA-DE-LOS-ANGELES-HERRERA.jpg",2000,1333,false],"thumbnail":["https:\/\/www.uartes.edu.ec\/sitio\/wp-content\/uploads\/2021\/12\/MARIA-DE-LOS-ANGELES-HERRERA-150x150.jpg",150,150,true],"medium":["https:\/\/www.uartes.edu.ec\/sitio\/wp-content\/uploads\/2021\/12\/MARIA-DE-LOS-ANGELES-HERRERA-300x200.jpg",300,200,true],"medium_large":["https:\/\/www.uartes.edu.ec\/sitio\/wp-content\/uploads\/2021\/12\/MARIA-DE-LOS-ANGELES-HERRERA-768x512.jpg",768,512,true],"large":["https:\/\/www.uartes.edu.ec\/sitio\/wp-content\/uploads\/2021\/12\/MARIA-DE-LOS-ANGELES-HERRERA-644x429.jpg",644,429,true],"1536x1536":["https:\/\/www.uartes.edu.ec\/sitio\/wp-content\/uploads\/2021\/12\/MARIA-DE-LOS-ANGELES-HERRERA-1536x1024.jpg",1536,1024,true],"2048x2048":["https:\/\/www.uartes.edu.ec\/sitio\/wp-content\/uploads\/2021\/12\/MARIA-DE-LOS-ANGELES-HERRERA.jpg",2000,1333,false],"trp-custom-language-flag":["https:\/\/www.uartes.edu.ec\/sitio\/wp-content\/uploads\/2021\/12\/MARIA-DE-LOS-ANGELES-HERRERA.jpg",18,12,false],"htmega_size_585x295":["https:\/\/www.uartes.edu.ec\/sitio\/wp-content\/uploads\/2021\/12\/MARIA-DE-LOS-ANGELES-HERRERA.jpg",443,295,false],"htmega_size_1170x536":["https:\/\/www.uartes.edu.ec\/sitio\/wp-content\/uploads\/2021\/12\/MARIA-DE-LOS-ANGELES-HERRERA.jpg",804,536,false],"htmega_size_396x360":["https:\/\/www.uartes.edu.ec\/sitio\/wp-content\/uploads\/2021\/12\/MARIA-DE-LOS-ANGELES-HERRERA.jpg",396,264,false],"gb-block-post-grid-landscape":["https:\/\/www.uartes.edu.ec\/sitio\/wp-content\/uploads\/2021\/12\/MARIA-DE-LOS-ANGELES-HERRERA-600x400.jpg",600,400,true],"gb-block-post-grid-square":["https:\/\/www.uartes.edu.ec\/sitio\/wp-content\/uploads\/2021\/12\/MARIA-DE-LOS-ANGELES-HERRERA-600x600.jpg",600,600,true],"university-hub-thumb":["https:\/\/www.uartes.edu.ec\/sitio\/wp-content\/uploads\/2021\/12\/MARIA-DE-LOS-ANGELES-HERRERA-400x267.jpg",400,267,true],"mailpoet_newsletter_max":["https:\/\/www.uartes.edu.ec\/sitio\/wp-content\/uploads\/2021\/12\/MARIA-DE-LOS-ANGELES-HERRERA.jpg",1320,880,false]},"uagb_author_info":{"display_name":"ccortez","author_link":"https:\/\/www.uartes.edu.ec\/sitio\/fr\/blog\/author\/ccortez\/"},"uagb_comment_info":0,"uagb_excerpt":"Mar\u00eda de los \u00c1ngeles Herrera Buste es mag\u00edster en Composici\u00f3n Musical y Artes Sonoras. Su preparaci\u00f3n acad\u00e9mica para obtener el t\u00edtulo de cuarto nivel la recibi\u00f3 en la UArtes y el 11 de diciembre de 2021, d\u00eda de la graduaci\u00f3n de los estudiantes de pregrado y posgrado de nuestra instituci\u00f3n, pas\u00f3 a integrar junto a\u2026","featured_image_src":"https:\/\/www.uartes.edu.ec\/sitio\/wp-content\/uploads\/2021\/12\/MARIA-DE-LOS-ANGELES-HERRERA-600x400.jpg","featured_image_src_square":"https:\/\/www.uartes.edu.ec\/sitio\/wp-content\/uploads\/2021\/12\/MARIA-DE-LOS-ANGELES-HERRERA-600x600.jpg","author_info":{"display_name":"ccortez","author_link":"https:\/\/www.uartes.edu.ec\/sitio\/fr\/blog\/author\/ccortez\/"},"publishpress_future_workflow_manual_trigger":{"enabledWorkflows":[]},"distributor_meta":false,"distributor_terms":false,"distributor_media":false,"distributor_original_site_name":"Universidad de las Artes","distributor_original_site_url":"https:\/\/www.uartes.edu.ec\/sitio\/fr","push-errors":false,"_links":{"self":[{"href":"https:\/\/www.uartes.edu.ec\/sitio\/fr\/wp-json\/wp\/v2\/posts\/18753","targetHints":{"allow":["GET"]}}],"collection":[{"href":"https:\/\/www.uartes.edu.ec\/sitio\/fr\/wp-json\/wp\/v2\/posts"}],"about":[{"href":"https:\/\/www.uartes.edu.ec\/sitio\/fr\/wp-json\/wp\/v2\/types\/post"}],"author":[{"embeddable":true,"href":"https:\/\/www.uartes.edu.ec\/sitio\/fr\/wp-json\/wp\/v2\/users\/10"}],"replies":[{"embeddable":true,"href":"https:\/\/www.uartes.edu.ec\/sitio\/fr\/wp-json\/wp\/v2\/comments?post=18753"}],"version-history":[{"count":4,"href":"https:\/\/www.uartes.edu.ec\/sitio\/fr\/wp-json\/wp\/v2\/posts\/18753\/revisions"}],"predecessor-version":[{"id":18762,"href":"https:\/\/www.uartes.edu.ec\/sitio\/fr\/wp-json\/wp\/v2\/posts\/18753\/revisions\/18762"}],"wp:featuredmedia":[{"embeddable":true,"href":"https:\/\/www.uartes.edu.ec\/sitio\/fr\/wp-json\/wp\/v2\/media\/18754"}],"wp:attachment":[{"href":"https:\/\/www.uartes.edu.ec\/sitio\/fr\/wp-json\/wp\/v2\/media?parent=18753"}],"wp:term":[{"taxonomy":"category","embeddable":true,"href":"https:\/\/www.uartes.edu.ec\/sitio\/fr\/wp-json\/wp\/v2\/categories?post=18753"},{"taxonomy":"post_tag","embeddable":true,"href":"https:\/\/www.uartes.edu.ec\/sitio\/fr\/wp-json\/wp\/v2\/tags?post=18753"},{"taxonomy":"infouartes","embeddable":true,"href":"https:\/\/www.uartes.edu.ec\/sitio\/fr\/wp-json\/wp\/v2\/infouartes?post=18753"}],"curies":[{"name":"wp","href":"https:\/\/api.w.org\/{rel}","templated":true}]}}