{"id":19005,"date":"2022-01-12T17:30:00","date_gmt":"2022-01-12T22:30:00","guid":{"rendered":"http:\/\/www.uartes.edu.ec\/sitio\/?p=19005"},"modified":"2024-07-04T11:24:13","modified_gmt":"2024-07-04T16:24:13","slug":"victor-hugo-mendoza-y-sus-recorridos-porla-movida-artistica-y-cultural-de-guayaquil","status":"publish","type":"post","link":"https:\/\/www.uartes.edu.ec\/sitio\/fr\/blog\/2022\/01\/12\/victor-hugo-mendoza-y-sus-recorridos-porla-movida-artistica-y-cultural-de-guayaquil\/","title":{"rendered":"V\u00edctor Hugo Mendoza, estudiante de Artes Visuales, y sus recorridos por la movida art\u00edstica y cultural guayaca"},"content":{"rendered":"<p>Doce j\u00f3venes artistas y uno de mayor trayectoria participan en la muestra colectiva <em>Escrituras fragmentadas del recuerdo, <\/em>que hasta el pr\u00f3ximo 16 de enero de 2022 permanecer\u00e1 abierta en el Museo del Cacao. Los noveles expositores son alumnis de la Escuela de Artes Visuales de la Universidad de las Artes y, como se\u00f1ala el curador de la exhibici\u00f3n, doctor Eduardo Albert Santos, ya se inscriben con nombres propios en el escenario de la creaci\u00f3n.<\/p>\n\n\n\n<p>Necesaria es la referencia de la exposici\u00f3n en la que junto a Jorge Velarde, docente de Artes Visuales, participan \u00c1ngelo Avilez, Kenia Carbo, Jos\u00e9 Luis Choez, Ruth Cruz, Jean Carlo Guizado, Ray Medina, Andrea Mej\u00eda, Jos\u00e9 Mor\u00e1n, \u00c9ricka Olivares, Ezequiel Palacios, Jos\u00e9 Pinto y Silvia Quezada. Lo es por su actualidad, por su diversidad, por la calidad de los artistas y por ser uno de los escenarios recurrentes de la iniciativa de V\u00edctor Hugo Mendoza, estudiante UArtes que cursa el octavo semestre del itinerario Pict\u00f3rica y cumple con un recorrido presencial y virtual por la movida art\u00edstica y cultural guayaca.<\/p>\n\n\n\n<p>Lo viene haciendo desde 2014 cuando inici\u00f3 sus estudios en el ITAE y los continu\u00f3 luego en la UArtes. A manera de investigaci\u00f3n y para retroalimentarse de las producciones de sus compa\u00f1eros y difundirlas, Mendoza se propuso visitar las exposiciones que se inauguraban en la ciudad. Lo hab\u00eda venido haciendo de manera presencial y cuando apareci\u00f3 la pandemia, llev\u00e1ndonos al confinamiento y posterior distanciamiento social, empez\u00f3 a asistir a actividades virtuales.<\/p>\n\n\n\n<div class=\"wp-block-image\"><figure class=\"aligncenter size-large\"><img fetchpriority=\"high\" decoding=\"async\" width=\"644\" height=\"483\" src=\"http:\/\/www.uartes.edu.ec\/sitio\/wp-content\/uploads\/2022\/01\/victor5-1-644x483.jpeg\" alt=\"\" class=\"wp-image-19007\" srcset=\"https:\/\/www.uartes.edu.ec\/sitio\/wp-content\/uploads\/2022\/01\/victor5-1-644x483.jpeg 644w, https:\/\/www.uartes.edu.ec\/sitio\/wp-content\/uploads\/2022\/01\/victor5-1-768x576.jpeg 768w, https:\/\/www.uartes.edu.ec\/sitio\/wp-content\/uploads\/2022\/01\/victor5-1.jpeg 1600w, https:\/\/www.uartes.edu.ec\/sitio\/wp-content\/uploads\/2022\/01\/victor5-1-400x300.jpeg 400w, https:\/\/www.uartes.edu.ec\/sitio\/wp-content\/uploads\/2022\/01\/victor5-1-600x450.jpeg 600w\" sizes=\"(max-width: 644px) 100vw, 644px\" \/><figcaption>En la muestra <em>Escrituras fragmentadas del recuerd<\/em>o.<\/figcaption><\/figure><\/div>\n\n\n\n<p>La propuesta que Mendoza a\u00fan mantiene ten\u00eda un tercer prop\u00f3sito: evidenciar que en Guayaquil s\u00ed se desarrollaban actividades culturales y art\u00edsticas. Esto por el criterio casi generalizado entonces \u2013y que, indica, persiste en ciertos sectores\u2013 de que no hab\u00eda espacio para el arte en el Puerto Principal y de que sus habitantes solo hablaban de Barcelona y Emelec.<\/p>\n\n\n\n<p>Muestra de la que se enteraba, muestra a la que acud\u00eda. Lleg\u00f3 incluso a hacerse una agenda de recorridos, los cuales publicaba en su cuenta de Facebook, llegando a crear una p\u00e1gina a la que denomin\u00f3 \u201cGuayaquil, la ciudad de las artes\u201d.<\/p>\n\n\n\n<p>\u201cMi intenci\u00f3n era y es dar un empuje a la difusi\u00f3n de las escenas art\u00edsticas y contrarrestar err\u00f3neas ideas de que no consumimos arte. Me propongo posicionar a nuestra ciudad como una de las pocas de las artes en el mundo. Valencia, en Espa\u00f1a, es llamada Ciudad de las Artes y Ciencias \u2013y cuenta con un complejo cultural\u2013 y Buenos Aires, en Argentina, es tambi\u00e9n reconocida como la Ciudad de las Artes\u201d, argumenta.<\/p>\n\n\n\n<div class=\"wp-block-image\"><figure class=\"aligncenter size-large\"><img decoding=\"async\" width=\"644\" height=\"429\" src=\"http:\/\/www.uartes.edu.ec\/sitio\/wp-content\/uploads\/2022\/01\/VHS-2-WEB-644x429.jpg\" alt=\"\" class=\"wp-image-19008\" srcset=\"https:\/\/www.uartes.edu.ec\/sitio\/wp-content\/uploads\/2022\/01\/VHS-2-WEB-644x429.jpg 644w, https:\/\/www.uartes.edu.ec\/sitio\/wp-content\/uploads\/2022\/01\/VHS-2-WEB-768x511.jpg 768w, https:\/\/www.uartes.edu.ec\/sitio\/wp-content\/uploads\/2022\/01\/VHS-2-WEB.jpg 2000w, https:\/\/www.uartes.edu.ec\/sitio\/wp-content\/uploads\/2022\/01\/VHS-2-WEB-600x399.jpg 600w, https:\/\/www.uartes.edu.ec\/sitio\/wp-content\/uploads\/2022\/01\/VHS-2-WEB-272x182.jpg 272w\" sizes=\"(max-width: 644px) 100vw, 644px\" \/><\/figure><\/div>\n\n\n\n<p>Antes, Mendoza deb\u00eda estar atento a las muestras y espacios expositivos que se inauguraban, a\u00fan lo est\u00e1, pero la diferencia es que ahora lo invitan. Acepta que no hace cr\u00f3nicas, emite comentarios u opiniones ni realiza cr\u00edticas. \u00c9l acude y lo registra todo con su lente, graba tambi\u00e9n videos y los difunde en las redes.<\/p>\n\n\n\n<p>En el tiempo que lleva haciendo sus recorridos, el alumno UArtes atestigua c\u00f3mo los relacionados con las Artes Visuales (muestras, instalaciones, foros) se han ido multiplicando, a pesar de la pandemia. \u201cSi unimos todos los eventos culturales, hay uno cada d\u00eda y son gratuitos\u201d, a\u00f1ade.<\/p>\n\n\n\n<p>Reconoce que s\u00ed selecciona los eventos a los cuales asiste. Acude por invitaci\u00f3n, porque conoce al artista expositor, porque la propuesta le interesa como alumno de Artes Visuales e investigador independiente, o porque captan la atenci\u00f3n del p\u00fablico.<\/p>\n\n\n\n<div class=\"wp-block-image\"><figure class=\"aligncenter size-large\"><img decoding=\"async\" width=\"644\" height=\"429\" src=\"http:\/\/www.uartes.edu.ec\/sitio\/wp-content\/uploads\/2022\/01\/VHS-3-WEB-644x429.jpg\" alt=\"\" class=\"wp-image-19009\" srcset=\"https:\/\/www.uartes.edu.ec\/sitio\/wp-content\/uploads\/2022\/01\/VHS-3-WEB-644x429.jpg 644w, https:\/\/www.uartes.edu.ec\/sitio\/wp-content\/uploads\/2022\/01\/VHS-3-WEB-768x511.jpg 768w, https:\/\/www.uartes.edu.ec\/sitio\/wp-content\/uploads\/2022\/01\/VHS-3-WEB.jpg 2000w, https:\/\/www.uartes.edu.ec\/sitio\/wp-content\/uploads\/2022\/01\/VHS-3-WEB-600x399.jpg 600w, https:\/\/www.uartes.edu.ec\/sitio\/wp-content\/uploads\/2022\/01\/VHS-3-WEB-272x182.jpg 272w\" sizes=\"(max-width: 644px) 100vw, 644px\" \/><\/figure><\/div>\n\n\n\n<p>V\u00edctor Hugo Mendoza ha participado en varias muestras colectivas, como una que se inaugur\u00f3 en el patrimonial edificio El Tel\u00e9grafo, y en el 2021 present\u00f3 la individual <em>GoodWill, <\/em>en el MZ14 (foto sobre estas l\u00edneas) y el GAD de Dur\u00e1n. Ahora\u00a0 trabaja en un blog que le servir\u00e1 como un repositorio de sus recorridos. Con respecto a las investigaciones que ha podido realizar, indica que estar\u00e1n en su muestra de titulaci\u00f3n.  <\/p>\n\n\n\n<p>Im\u00e1genes: Cortes\u00eda de V\u00edctor Hugo Mendoza, quien aparece en la foto principal en la muestra inaugurada en el MZ14; en la siguiente, el doctor Eduardo Albert Santos, curador de la exposici\u00f3n <em>Escrituras fragmentadas del recuerd<\/em>o.<\/p>","protected":false},"excerpt":{"rendered":"<p>Est\u00e1 en octavo semestre de la Escuela de Artes Visuales de la UArtes y desde 2014 V\u00edctor Hugo Mendoza revela que recorre las actividades culturales que se realizan en Guayaquil, a fin de registrarlas en fotos y videos que luego difunde en las redes sociales. Lo hace por un proceso de investigaci\u00f3n personal y porque busca el reconocimiento de la Ciudad de las Artes para la urbe.  <\/p>","protected":false},"author":10,"featured_media":19006,"comment_status":"open","ping_status":"open","sticky":false,"template":"","format":"standard","meta":{"_acf_changed":false,"_uag_custom_page_level_css":"","_monsterinsights_skip_tracking":false,"_monsterinsights_sitenote_active":false,"_monsterinsights_sitenote_note":"","_monsterinsights_sitenote_category":0,"cybocfi_hide_featured_image":"","footnotes":""},"categories":[82,159,76],"tags":[522],"infouartes":[],"class_list":["post-19005","post","type-post","status-publish","format-standard","has-post-thumbnail","hentry","category-artes","category-artes-escenicas","category-estudiantes","tag-taller"],"acf":[],"yoast_head":"<!-- This site is optimized with the Yoast SEO plugin v27.4 - https:\/\/yoast.com\/product\/yoast-seo-wordpress\/ -->\n<title>Universidad de las Artes - V\u00edctor Hugo Mendoza, estudiante de Artes Visuales, y sus recorridos por la movida art\u00edstica y cultural guayaca<\/title>\n<meta name=\"description\" content=\"Universidad de las Artes - V\u00edctor Hugo Mendoza, estudiante de Artes Visuales, y sus recorridos por la movida art\u00edstica y cultural guayaca\" \/>\n<meta name=\"robots\" content=\"index, follow, max-snippet:-1, max-image-preview:large, max-video-preview:-1\" \/>\n<link rel=\"canonical\" href=\"https:\/\/www.uartes.edu.ec\/sitio\/fr\/blog\/2022\/01\/12\/victor-hugo-mendoza-y-sus-recorridos-porla-movida-artistica-y-cultural-de-guayaquil\/\" \/>\n<meta property=\"og:locale\" content=\"fr_FR\" \/>\n<meta property=\"og:type\" content=\"article\" \/>\n<meta property=\"og:title\" content=\"Universidad de las Artes - V\u00edctor Hugo Mendoza, estudiante de Artes Visuales, y sus recorridos por la movida art\u00edstica y cultural guayaca\" \/>\n<meta property=\"og:description\" content=\"Universidad de las Artes - V\u00edctor Hugo Mendoza, estudiante de Artes Visuales, y sus recorridos por la movida art\u00edstica y cultural guayaca\" \/>\n<meta property=\"og:url\" content=\"https:\/\/www.uartes.edu.ec\/sitio\/fr\/blog\/2022\/01\/12\/victor-hugo-mendoza-y-sus-recorridos-porla-movida-artistica-y-cultural-de-guayaquil\/\" \/>\n<meta property=\"og:site_name\" content=\"Universidad de las Artes\" \/>\n<meta property=\"article:publisher\" content=\"https:\/\/www.facebook.com\/uartesec\" \/>\n<meta property=\"article:published_time\" content=\"2022-01-12T22:30:00+00:00\" \/>\n<meta property=\"article:modified_time\" content=\"2024-07-04T16:24:13+00:00\" \/>\n<meta property=\"og:image\" content=\"https:\/\/www.uartes.edu.ec\/sitio\/wp-content\/uploads\/2022\/01\/VHS-1-WEB.jpg\" \/>\n\t<meta property=\"og:image:width\" content=\"2000\" \/>\n\t<meta property=\"og:image:height\" content=\"1333\" \/>\n\t<meta property=\"og:image:type\" content=\"image\/jpeg\" \/>\n<meta name=\"author\" content=\"ccortez\" \/>\n<meta name=\"twitter:card\" content=\"summary_large_image\" \/>\n<meta name=\"twitter:creator\" content=\"@uartesec\" \/>\n<meta name=\"twitter:site\" content=\"@uartesec\" \/>\n<meta name=\"twitter:label1\" content=\"\u00c9crit par\" \/>\n\t<meta name=\"twitter:data1\" content=\"ccortez\" \/>\n\t<meta name=\"twitter:label2\" content=\"Dur\u00e9e de lecture estim\u00e9e\" \/>\n\t<meta name=\"twitter:data2\" content=\"4 minutes\" \/>\n<script type=\"application\/ld+json\" class=\"yoast-schema-graph\">{\"@context\":\"https:\\\/\\\/schema.org\",\"@graph\":[{\"@type\":\"Article\",\"@id\":\"https:\\\/\\\/www.uartes.edu.ec\\\/sitio\\\/fr\\\/blog\\\/2022\\\/01\\\/12\\\/victor-hugo-mendoza-y-sus-recorridos-porla-movida-artistica-y-cultural-de-guayaquil\\\/#article\",\"isPartOf\":{\"@id\":\"https:\\\/\\\/www.uartes.edu.ec\\\/sitio\\\/fr\\\/blog\\\/2022\\\/01\\\/12\\\/victor-hugo-mendoza-y-sus-recorridos-porla-movida-artistica-y-cultural-de-guayaquil\\\/\"},\"author\":{\"name\":\"ccortez\",\"@id\":\"https:\\\/\\\/www.uartes.edu.ec\\\/sitio\\\/fr\\\/#\\\/schema\\\/person\\\/efa1b8275797664fd7f13a79ccc0b1f4\"},\"headline\":\"V\u00edctor Hugo Mendoza, estudiante de Artes Visuales, y sus recorridos por la movida art\u00edstica y cultural guayaca\",\"datePublished\":\"2022-01-12T22:30:00+00:00\",\"dateModified\":\"2024-07-04T16:24:13+00:00\",\"mainEntityOfPage\":{\"@id\":\"https:\\\/\\\/www.uartes.edu.ec\\\/sitio\\\/fr\\\/blog\\\/2022\\\/01\\\/12\\\/victor-hugo-mendoza-y-sus-recorridos-porla-movida-artistica-y-cultural-de-guayaquil\\\/\"},\"wordCount\":733,\"commentCount\":0,\"publisher\":{\"@id\":\"https:\\\/\\\/www.uartes.edu.ec\\\/sitio\\\/fr\\\/#organization\"},\"image\":{\"@id\":\"https:\\\/\\\/www.uartes.edu.ec\\\/sitio\\\/fr\\\/blog\\\/2022\\\/01\\\/12\\\/victor-hugo-mendoza-y-sus-recorridos-porla-movida-artistica-y-cultural-de-guayaquil\\\/#primaryimage\"},\"thumbnailUrl\":\"https:\\\/\\\/www.uartes.edu.ec\\\/sitio\\\/wp-content\\\/uploads\\\/2022\\\/01\\\/VHS-1-WEB.jpg\",\"keywords\":[\"taller\"],\"articleSection\":[\"Artes\",\"Artes Esc\u00e9nicas\",\"Estudiantes\"],\"inLanguage\":\"fr-FR\",\"potentialAction\":[{\"@type\":\"CommentAction\",\"name\":\"Comment\",\"target\":[\"https:\\\/\\\/www.uartes.edu.ec\\\/sitio\\\/fr\\\/blog\\\/2022\\\/01\\\/12\\\/victor-hugo-mendoza-y-sus-recorridos-porla-movida-artistica-y-cultural-de-guayaquil\\\/#respond\"]}]},{\"@type\":[\"WebPage\",\"ItemPage\"],\"@id\":\"https:\\\/\\\/www.uartes.edu.ec\\\/sitio\\\/fr\\\/blog\\\/2022\\\/01\\\/12\\\/victor-hugo-mendoza-y-sus-recorridos-porla-movida-artistica-y-cultural-de-guayaquil\\\/\",\"url\":\"https:\\\/\\\/www.uartes.edu.ec\\\/sitio\\\/fr\\\/blog\\\/2022\\\/01\\\/12\\\/victor-hugo-mendoza-y-sus-recorridos-porla-movida-artistica-y-cultural-de-guayaquil\\\/\",\"name\":\"Universidad de las Artes - V\u00edctor Hugo Mendoza, estudiante de Artes Visuales, y sus recorridos por la movida art\u00edstica y cultural guayaca\",\"isPartOf\":{\"@id\":\"https:\\\/\\\/www.uartes.edu.ec\\\/sitio\\\/fr\\\/#website\"},\"primaryImageOfPage\":{\"@id\":\"https:\\\/\\\/www.uartes.edu.ec\\\/sitio\\\/fr\\\/blog\\\/2022\\\/01\\\/12\\\/victor-hugo-mendoza-y-sus-recorridos-porla-movida-artistica-y-cultural-de-guayaquil\\\/#primaryimage\"},\"image\":{\"@id\":\"https:\\\/\\\/www.uartes.edu.ec\\\/sitio\\\/fr\\\/blog\\\/2022\\\/01\\\/12\\\/victor-hugo-mendoza-y-sus-recorridos-porla-movida-artistica-y-cultural-de-guayaquil\\\/#primaryimage\"},\"thumbnailUrl\":\"https:\\\/\\\/www.uartes.edu.ec\\\/sitio\\\/wp-content\\\/uploads\\\/2022\\\/01\\\/VHS-1-WEB.jpg\",\"datePublished\":\"2022-01-12T22:30:00+00:00\",\"dateModified\":\"2024-07-04T16:24:13+00:00\",\"description\":\"Universidad de las Artes - V\u00edctor Hugo Mendoza, estudiante de Artes Visuales, y sus recorridos por la movida art\u00edstica y cultural guayaca\",\"breadcrumb\":{\"@id\":\"https:\\\/\\\/www.uartes.edu.ec\\\/sitio\\\/fr\\\/blog\\\/2022\\\/01\\\/12\\\/victor-hugo-mendoza-y-sus-recorridos-porla-movida-artistica-y-cultural-de-guayaquil\\\/#breadcrumb\"},\"inLanguage\":\"fr-FR\",\"potentialAction\":[{\"@type\":\"ReadAction\",\"target\":[\"https:\\\/\\\/www.uartes.edu.ec\\\/sitio\\\/fr\\\/blog\\\/2022\\\/01\\\/12\\\/victor-hugo-mendoza-y-sus-recorridos-porla-movida-artistica-y-cultural-de-guayaquil\\\/\"]}]},{\"@type\":\"ImageObject\",\"inLanguage\":\"fr-FR\",\"@id\":\"https:\\\/\\\/www.uartes.edu.ec\\\/sitio\\\/fr\\\/blog\\\/2022\\\/01\\\/12\\\/victor-hugo-mendoza-y-sus-recorridos-porla-movida-artistica-y-cultural-de-guayaquil\\\/#primaryimage\",\"url\":\"https:\\\/\\\/www.uartes.edu.ec\\\/sitio\\\/wp-content\\\/uploads\\\/2022\\\/01\\\/VHS-1-WEB.jpg\",\"contentUrl\":\"https:\\\/\\\/www.uartes.edu.ec\\\/sitio\\\/wp-content\\\/uploads\\\/2022\\\/01\\\/VHS-1-WEB.jpg\",\"width\":2000,\"height\":1333},{\"@type\":\"BreadcrumbList\",\"@id\":\"https:\\\/\\\/www.uartes.edu.ec\\\/sitio\\\/fr\\\/blog\\\/2022\\\/01\\\/12\\\/victor-hugo-mendoza-y-sus-recorridos-porla-movida-artistica-y-cultural-de-guayaquil\\\/#breadcrumb\",\"itemListElement\":[{\"@type\":\"ListItem\",\"position\":1,\"name\":\"Inicio\",\"item\":\"https:\\\/\\\/www.uartes.edu.ec\\\/sitio\\\/\"},{\"@type\":\"ListItem\",\"position\":2,\"name\":\"V\u00edctor Hugo Mendoza, estudiante de Artes Visuales, y sus recorridos por la movida art\u00edstica y cultural guayaca\"}]},{\"@type\":\"WebSite\",\"@id\":\"https:\\\/\\\/www.uartes.edu.ec\\\/sitio\\\/fr\\\/#website\",\"url\":\"https:\\\/\\\/www.uartes.edu.ec\\\/sitio\\\/fr\\\/\",\"name\":\"Universidad de las Artes\",\"description\":\"Sitio oficial de la Universidad Nacional de las Artes del Ecuador\",\"publisher\":{\"@id\":\"https:\\\/\\\/www.uartes.edu.ec\\\/sitio\\\/fr\\\/#organization\"},\"potentialAction\":[{\"@type\":\"SearchAction\",\"target\":{\"@type\":\"EntryPoint\",\"urlTemplate\":\"https:\\\/\\\/www.uartes.edu.ec\\\/sitio\\\/fr\\\/?s={search_term_string}\"},\"query-input\":{\"@type\":\"PropertyValueSpecification\",\"valueRequired\":true,\"valueName\":\"search_term_string\"}}],\"inLanguage\":\"fr-FR\"},{\"@type\":\"Organization\",\"@id\":\"https:\\\/\\\/www.uartes.edu.ec\\\/sitio\\\/fr\\\/#organization\",\"name\":\"Universidad de las Artes\",\"url\":\"https:\\\/\\\/www.uartes.edu.ec\\\/sitio\\\/fr\\\/\",\"logo\":{\"@type\":\"ImageObject\",\"inLanguage\":\"fr-FR\",\"@id\":\"https:\\\/\\\/www.uartes.edu.ec\\\/sitio\\\/fr\\\/#\\\/schema\\\/logo\\\/image\\\/\",\"url\":\"https:\\\/\\\/www.uartes.edu.ec\\\/sitio\\\/wp-content\\\/uploads\\\/2022\\\/07\\\/logo-ua-horizontal.png\",\"contentUrl\":\"https:\\\/\\\/www.uartes.edu.ec\\\/sitio\\\/wp-content\\\/uploads\\\/2022\\\/07\\\/logo-ua-horizontal.png\",\"width\":800,\"height\":276,\"caption\":\"Universidad de las Artes\"},\"image\":{\"@id\":\"https:\\\/\\\/www.uartes.edu.ec\\\/sitio\\\/fr\\\/#\\\/schema\\\/logo\\\/image\\\/\"},\"sameAs\":[\"https:\\\/\\\/www.facebook.com\\\/uartesec\",\"https:\\\/\\\/x.com\\\/uartesec\",\"https:\\\/\\\/www.tiktok.com\\\/@uartesec\"]},{\"@type\":\"Person\",\"@id\":\"https:\\\/\\\/www.uartes.edu.ec\\\/sitio\\\/fr\\\/#\\\/schema\\\/person\\\/efa1b8275797664fd7f13a79ccc0b1f4\",\"name\":\"ccortez\",\"image\":{\"@type\":\"ImageObject\",\"inLanguage\":\"fr-FR\",\"@id\":\"https:\\\/\\\/secure.gravatar.com\\\/avatar\\\/b2a6f664a3ae8e074346ef91775736c5ec479e637ecced6842de9dc98b5da9cd?s=96&d=mm&r=g\",\"url\":\"https:\\\/\\\/secure.gravatar.com\\\/avatar\\\/b2a6f664a3ae8e074346ef91775736c5ec479e637ecced6842de9dc98b5da9cd?s=96&d=mm&r=g\",\"contentUrl\":\"https:\\\/\\\/secure.gravatar.com\\\/avatar\\\/b2a6f664a3ae8e074346ef91775736c5ec479e637ecced6842de9dc98b5da9cd?s=96&d=mm&r=g\",\"caption\":\"ccortez\"},\"url\":\"https:\\\/\\\/www.uartes.edu.ec\\\/sitio\\\/fr\\\/blog\\\/author\\\/ccortez\\\/\"}]}<\/script>\n<!-- \/ Yoast SEO plugin. -->","yoast_head_json":{"title":"Universidad de las Artes - V\u00edctor Hugo Mendoza, estudiante de Artes Visuales, y sus recorridos por la movida art\u00edstica y cultural guayaca","description":"Universidad de las Artes - V\u00edctor Hugo Mendoza, estudiante de Artes Visuales, y sus recorridos por la movida art\u00edstica y cultural guayaca","robots":{"index":"index","follow":"follow","max-snippet":"max-snippet:-1","max-image-preview":"max-image-preview:large","max-video-preview":"max-video-preview:-1"},"canonical":"https:\/\/www.uartes.edu.ec\/sitio\/fr\/blog\/2022\/01\/12\/victor-hugo-mendoza-y-sus-recorridos-porla-movida-artistica-y-cultural-de-guayaquil\/","og_locale":"fr_FR","og_type":"article","og_title":"Universidad de las Artes - V\u00edctor Hugo Mendoza, estudiante de Artes Visuales, y sus recorridos por la movida art\u00edstica y cultural guayaca","og_description":"Universidad de las Artes - V\u00edctor Hugo Mendoza, estudiante de Artes Visuales, y sus recorridos por la movida art\u00edstica y cultural guayaca","og_url":"https:\/\/www.uartes.edu.ec\/sitio\/fr\/blog\/2022\/01\/12\/victor-hugo-mendoza-y-sus-recorridos-porla-movida-artistica-y-cultural-de-guayaquil\/","og_site_name":"Universidad de las Artes","article_publisher":"https:\/\/www.facebook.com\/uartesec","article_published_time":"2022-01-12T22:30:00+00:00","article_modified_time":"2024-07-04T16:24:13+00:00","og_image":[{"width":2000,"height":1333,"url":"https:\/\/www.uartes.edu.ec\/sitio\/wp-content\/uploads\/2022\/01\/VHS-1-WEB.jpg","type":"image\/jpeg"}],"author":"ccortez","twitter_card":"summary_large_image","twitter_creator":"@uartesec","twitter_site":"@uartesec","twitter_misc":{"\u00c9crit par":"ccortez","Dur\u00e9e de lecture estim\u00e9e":"4 minutes"},"schema":{"@context":"https:\/\/schema.org","@graph":[{"@type":"Article","@id":"https:\/\/www.uartes.edu.ec\/sitio\/fr\/blog\/2022\/01\/12\/victor-hugo-mendoza-y-sus-recorridos-porla-movida-artistica-y-cultural-de-guayaquil\/#article","isPartOf":{"@id":"https:\/\/www.uartes.edu.ec\/sitio\/fr\/blog\/2022\/01\/12\/victor-hugo-mendoza-y-sus-recorridos-porla-movida-artistica-y-cultural-de-guayaquil\/"},"author":{"name":"ccortez","@id":"https:\/\/www.uartes.edu.ec\/sitio\/fr\/#\/schema\/person\/efa1b8275797664fd7f13a79ccc0b1f4"},"headline":"V\u00edctor Hugo Mendoza, estudiante de Artes Visuales, y sus recorridos por la movida art\u00edstica y cultural guayaca","datePublished":"2022-01-12T22:30:00+00:00","dateModified":"2024-07-04T16:24:13+00:00","mainEntityOfPage":{"@id":"https:\/\/www.uartes.edu.ec\/sitio\/fr\/blog\/2022\/01\/12\/victor-hugo-mendoza-y-sus-recorridos-porla-movida-artistica-y-cultural-de-guayaquil\/"},"wordCount":733,"commentCount":0,"publisher":{"@id":"https:\/\/www.uartes.edu.ec\/sitio\/fr\/#organization"},"image":{"@id":"https:\/\/www.uartes.edu.ec\/sitio\/fr\/blog\/2022\/01\/12\/victor-hugo-mendoza-y-sus-recorridos-porla-movida-artistica-y-cultural-de-guayaquil\/#primaryimage"},"thumbnailUrl":"https:\/\/www.uartes.edu.ec\/sitio\/wp-content\/uploads\/2022\/01\/VHS-1-WEB.jpg","keywords":["taller"],"articleSection":["Artes","Artes Esc\u00e9nicas","Estudiantes"],"inLanguage":"fr-FR","potentialAction":[{"@type":"CommentAction","name":"Comment","target":["https:\/\/www.uartes.edu.ec\/sitio\/fr\/blog\/2022\/01\/12\/victor-hugo-mendoza-y-sus-recorridos-porla-movida-artistica-y-cultural-de-guayaquil\/#respond"]}]},{"@type":["WebPage","ItemPage"],"@id":"https:\/\/www.uartes.edu.ec\/sitio\/fr\/blog\/2022\/01\/12\/victor-hugo-mendoza-y-sus-recorridos-porla-movida-artistica-y-cultural-de-guayaquil\/","url":"https:\/\/www.uartes.edu.ec\/sitio\/fr\/blog\/2022\/01\/12\/victor-hugo-mendoza-y-sus-recorridos-porla-movida-artistica-y-cultural-de-guayaquil\/","name":"Universidad de las Artes - V\u00edctor Hugo Mendoza, estudiante de Artes Visuales, y sus recorridos por la movida art\u00edstica y cultural guayaca","isPartOf":{"@id":"https:\/\/www.uartes.edu.ec\/sitio\/fr\/#website"},"primaryImageOfPage":{"@id":"https:\/\/www.uartes.edu.ec\/sitio\/fr\/blog\/2022\/01\/12\/victor-hugo-mendoza-y-sus-recorridos-porla-movida-artistica-y-cultural-de-guayaquil\/#primaryimage"},"image":{"@id":"https:\/\/www.uartes.edu.ec\/sitio\/fr\/blog\/2022\/01\/12\/victor-hugo-mendoza-y-sus-recorridos-porla-movida-artistica-y-cultural-de-guayaquil\/#primaryimage"},"thumbnailUrl":"https:\/\/www.uartes.edu.ec\/sitio\/wp-content\/uploads\/2022\/01\/VHS-1-WEB.jpg","datePublished":"2022-01-12T22:30:00+00:00","dateModified":"2024-07-04T16:24:13+00:00","description":"Universidad de las Artes - V\u00edctor Hugo Mendoza, estudiante de Artes Visuales, y sus recorridos por la movida art\u00edstica y cultural guayaca","breadcrumb":{"@id":"https:\/\/www.uartes.edu.ec\/sitio\/fr\/blog\/2022\/01\/12\/victor-hugo-mendoza-y-sus-recorridos-porla-movida-artistica-y-cultural-de-guayaquil\/#breadcrumb"},"inLanguage":"fr-FR","potentialAction":[{"@type":"ReadAction","target":["https:\/\/www.uartes.edu.ec\/sitio\/fr\/blog\/2022\/01\/12\/victor-hugo-mendoza-y-sus-recorridos-porla-movida-artistica-y-cultural-de-guayaquil\/"]}]},{"@type":"ImageObject","inLanguage":"fr-FR","@id":"https:\/\/www.uartes.edu.ec\/sitio\/fr\/blog\/2022\/01\/12\/victor-hugo-mendoza-y-sus-recorridos-porla-movida-artistica-y-cultural-de-guayaquil\/#primaryimage","url":"https:\/\/www.uartes.edu.ec\/sitio\/wp-content\/uploads\/2022\/01\/VHS-1-WEB.jpg","contentUrl":"https:\/\/www.uartes.edu.ec\/sitio\/wp-content\/uploads\/2022\/01\/VHS-1-WEB.jpg","width":2000,"height":1333},{"@type":"BreadcrumbList","@id":"https:\/\/www.uartes.edu.ec\/sitio\/fr\/blog\/2022\/01\/12\/victor-hugo-mendoza-y-sus-recorridos-porla-movida-artistica-y-cultural-de-guayaquil\/#breadcrumb","itemListElement":[{"@type":"ListItem","position":1,"name":"Inicio","item":"https:\/\/www.uartes.edu.ec\/sitio\/"},{"@type":"ListItem","position":2,"name":"V\u00edctor Hugo Mendoza, estudiante de Artes Visuales, y sus recorridos por la movida art\u00edstica y cultural guayaca"}]},{"@type":"WebSite","@id":"https:\/\/www.uartes.edu.ec\/sitio\/fr\/#website","url":"https:\/\/www.uartes.edu.ec\/sitio\/fr\/","name":"Universidad de las Artes","description":"Sitio oficial de la Universidad Nacional de las Artes del Ecuador","publisher":{"@id":"https:\/\/www.uartes.edu.ec\/sitio\/fr\/#organization"},"potentialAction":[{"@type":"SearchAction","target":{"@type":"EntryPoint","urlTemplate":"https:\/\/www.uartes.edu.ec\/sitio\/fr\/?s={search_term_string}"},"query-input":{"@type":"PropertyValueSpecification","valueRequired":true,"valueName":"search_term_string"}}],"inLanguage":"fr-FR"},{"@type":"Organization","@id":"https:\/\/www.uartes.edu.ec\/sitio\/fr\/#organization","name":"Universidad de las Artes","url":"https:\/\/www.uartes.edu.ec\/sitio\/fr\/","logo":{"@type":"ImageObject","inLanguage":"fr-FR","@id":"https:\/\/www.uartes.edu.ec\/sitio\/fr\/#\/schema\/logo\/image\/","url":"https:\/\/www.uartes.edu.ec\/sitio\/wp-content\/uploads\/2022\/07\/logo-ua-horizontal.png","contentUrl":"https:\/\/www.uartes.edu.ec\/sitio\/wp-content\/uploads\/2022\/07\/logo-ua-horizontal.png","width":800,"height":276,"caption":"Universidad de las Artes"},"image":{"@id":"https:\/\/www.uartes.edu.ec\/sitio\/fr\/#\/schema\/logo\/image\/"},"sameAs":["https:\/\/www.facebook.com\/uartesec","https:\/\/x.com\/uartesec","https:\/\/www.tiktok.com\/@uartesec"]},{"@type":"Person","@id":"https:\/\/www.uartes.edu.ec\/sitio\/fr\/#\/schema\/person\/efa1b8275797664fd7f13a79ccc0b1f4","name":"ccortez","image":{"@type":"ImageObject","inLanguage":"fr-FR","@id":"https:\/\/secure.gravatar.com\/avatar\/b2a6f664a3ae8e074346ef91775736c5ec479e637ecced6842de9dc98b5da9cd?s=96&d=mm&r=g","url":"https:\/\/secure.gravatar.com\/avatar\/b2a6f664a3ae8e074346ef91775736c5ec479e637ecced6842de9dc98b5da9cd?s=96&d=mm&r=g","contentUrl":"https:\/\/secure.gravatar.com\/avatar\/b2a6f664a3ae8e074346ef91775736c5ec479e637ecced6842de9dc98b5da9cd?s=96&d=mm&r=g","caption":"ccortez"},"url":"https:\/\/www.uartes.edu.ec\/sitio\/fr\/blog\/author\/ccortez\/"}]}},"uagb_featured_image_src":{"full":["https:\/\/www.uartes.edu.ec\/sitio\/wp-content\/uploads\/2022\/01\/VHS-1-WEB.jpg",2000,1333,false],"thumbnail":["https:\/\/www.uartes.edu.ec\/sitio\/wp-content\/uploads\/2022\/01\/VHS-1-WEB-150x150.jpg",150,150,true],"medium":["https:\/\/www.uartes.edu.ec\/sitio\/wp-content\/uploads\/2022\/01\/VHS-1-WEB-300x200.jpg",300,200,true],"medium_large":["https:\/\/www.uartes.edu.ec\/sitio\/wp-content\/uploads\/2022\/01\/VHS-1-WEB-768x512.jpg",768,512,true],"large":["https:\/\/www.uartes.edu.ec\/sitio\/wp-content\/uploads\/2022\/01\/VHS-1-WEB-644x429.jpg",644,429,true],"1536x1536":["https:\/\/www.uartes.edu.ec\/sitio\/wp-content\/uploads\/2022\/01\/VHS-1-WEB-1536x1024.jpg",1536,1024,true],"2048x2048":["https:\/\/www.uartes.edu.ec\/sitio\/wp-content\/uploads\/2022\/01\/VHS-1-WEB.jpg",2000,1333,false],"trp-custom-language-flag":["https:\/\/www.uartes.edu.ec\/sitio\/wp-content\/uploads\/2022\/01\/VHS-1-WEB.jpg",18,12,false],"htmega_size_585x295":["https:\/\/www.uartes.edu.ec\/sitio\/wp-content\/uploads\/2022\/01\/VHS-1-WEB.jpg",443,295,false],"htmega_size_1170x536":["https:\/\/www.uartes.edu.ec\/sitio\/wp-content\/uploads\/2022\/01\/VHS-1-WEB.jpg",804,536,false],"htmega_size_396x360":["https:\/\/www.uartes.edu.ec\/sitio\/wp-content\/uploads\/2022\/01\/VHS-1-WEB.jpg",396,264,false],"gb-block-post-grid-landscape":["https:\/\/www.uartes.edu.ec\/sitio\/wp-content\/uploads\/2022\/01\/VHS-1-WEB-600x400.jpg",600,400,true],"gb-block-post-grid-square":["https:\/\/www.uartes.edu.ec\/sitio\/wp-content\/uploads\/2022\/01\/VHS-1-WEB-600x600.jpg",600,600,true],"university-hub-thumb":["https:\/\/www.uartes.edu.ec\/sitio\/wp-content\/uploads\/2022\/01\/VHS-1-WEB-400x267.jpg",400,267,true],"mailpoet_newsletter_max":["https:\/\/www.uartes.edu.ec\/sitio\/wp-content\/uploads\/2022\/01\/VHS-1-WEB.jpg",1320,880,false]},"uagb_author_info":{"display_name":"ccortez","author_link":"https:\/\/www.uartes.edu.ec\/sitio\/fr\/blog\/author\/ccortez\/"},"uagb_comment_info":0,"uagb_excerpt":"Est\u00e1 en octavo semestre de la Escuela de Artes Visuales de la UArtes y desde 2014 V\u00edctor Hugo Mendoza revela que recorre las actividades culturales que se realizan en Guayaquil, a fin de registrarlas en fotos y videos que luego difunde en las redes sociales. Lo hace por un proceso de investigaci\u00f3n personal y porque\u2026","featured_image_src":"https:\/\/www.uartes.edu.ec\/sitio\/wp-content\/uploads\/2022\/01\/VHS-1-WEB-600x400.jpg","featured_image_src_square":"https:\/\/www.uartes.edu.ec\/sitio\/wp-content\/uploads\/2022\/01\/VHS-1-WEB-600x600.jpg","author_info":{"display_name":"ccortez","author_link":"https:\/\/www.uartes.edu.ec\/sitio\/fr\/blog\/author\/ccortez\/"},"publishpress_future_workflow_manual_trigger":{"enabledWorkflows":[]},"distributor_meta":false,"distributor_terms":false,"distributor_media":false,"distributor_original_site_name":"Universidad de las Artes","distributor_original_site_url":"https:\/\/www.uartes.edu.ec\/sitio\/fr","push-errors":false,"_links":{"self":[{"href":"https:\/\/www.uartes.edu.ec\/sitio\/fr\/wp-json\/wp\/v2\/posts\/19005","targetHints":{"allow":["GET"]}}],"collection":[{"href":"https:\/\/www.uartes.edu.ec\/sitio\/fr\/wp-json\/wp\/v2\/posts"}],"about":[{"href":"https:\/\/www.uartes.edu.ec\/sitio\/fr\/wp-json\/wp\/v2\/types\/post"}],"author":[{"embeddable":true,"href":"https:\/\/www.uartes.edu.ec\/sitio\/fr\/wp-json\/wp\/v2\/users\/10"}],"replies":[{"embeddable":true,"href":"https:\/\/www.uartes.edu.ec\/sitio\/fr\/wp-json\/wp\/v2\/comments?post=19005"}],"version-history":[{"count":13,"href":"https:\/\/www.uartes.edu.ec\/sitio\/fr\/wp-json\/wp\/v2\/posts\/19005\/revisions"}],"predecessor-version":[{"id":19029,"href":"https:\/\/www.uartes.edu.ec\/sitio\/fr\/wp-json\/wp\/v2\/posts\/19005\/revisions\/19029"}],"wp:featuredmedia":[{"embeddable":true,"href":"https:\/\/www.uartes.edu.ec\/sitio\/fr\/wp-json\/wp\/v2\/media\/19006"}],"wp:attachment":[{"href":"https:\/\/www.uartes.edu.ec\/sitio\/fr\/wp-json\/wp\/v2\/media?parent=19005"}],"wp:term":[{"taxonomy":"category","embeddable":true,"href":"https:\/\/www.uartes.edu.ec\/sitio\/fr\/wp-json\/wp\/v2\/categories?post=19005"},{"taxonomy":"post_tag","embeddable":true,"href":"https:\/\/www.uartes.edu.ec\/sitio\/fr\/wp-json\/wp\/v2\/tags?post=19005"},{"taxonomy":"infouartes","embeddable":true,"href":"https:\/\/www.uartes.edu.ec\/sitio\/fr\/wp-json\/wp\/v2\/infouartes?post=19005"}],"curies":[{"name":"wp","href":"https:\/\/api.w.org\/{rel}","templated":true}]}}