{"id":19062,"date":"2022-01-17T17:25:00","date_gmt":"2022-01-17T22:25:00","guid":{"rendered":"http:\/\/www.uartes.edu.ec\/sitio\/?p=19062"},"modified":"2024-07-04T11:24:13","modified_gmt":"2024-07-04T16:24:13","slug":"escuela-de-posgrados-uartes-inicio-las-postulaciones-de-dos-de-sus-maestrias","status":"publish","type":"post","link":"https:\/\/www.uartes.edu.ec\/sitio\/fr\/blog\/2022\/01\/17\/escuela-de-posgrados-uartes-inicio-las-postulaciones-de-dos-de-sus-maestrias\/","title":{"rendered":"Escuela de Posgrados UArtes inici\u00f3 las postulaciones de 2 de sus maestr\u00edas"},"content":{"rendered":"<p>La Universidad de las Artes y su Escuela de Posgrados dieron inicio este 17 de enero de 2022 a las postulaciones para su nueva maestr\u00eda en Artes Visuales y Nuevos Medios, as\u00ed como para la segunda cohorte de la maestr\u00eda de Composici\u00f3n Musical y Artes Sonoras.<\/p>\n\n\n\n<p>Acorde al calendario del proceso de admisi\u00f3n del I Semestre 2022, la convocatoria para la recepci\u00f3n de las postulaciones mencionadas se mantendr\u00e1n hasta el 28 de febrero pr\u00f3ximo. Esta es abierta y se puede hacer de manera virtual desde el sitio web de la UArtes y de posgrados (al final del texto est\u00e1 el link).<\/p>\n\n\n\n<p>Del 1 al 10 de marzo se har\u00e1 la evaluaci\u00f3n de postulaciones y la preselecci\u00f3n. En ese mismo mes, el 11, se dar\u00e1 a conocer la n\u00f3mina de aspirantes preseleccionados y el cronograma de entrevistas, previstas estas del 14 al 17; el 18, se publicar\u00e1 la n\u00f3mina de aspirantes seleccionados. Las matr\u00edculas ordinarias de todas las maestr\u00edas ser\u00e1n del 4 al 8 de abril y las extraordinarias, del 11 al 22 de ese mismo mes; las clases se iniciar\u00e1n el 25.<\/p>\n\n\n\n<h3 class=\"wp-block-heading\" id=\"la-nueva-maestria-uartes\"><strong>La nueva maestr\u00eda UArtes<\/strong><\/h3>\n\n\n\n<p>La maestr\u00eda de Artes Visuales y Nuevos Medios tiene como objetivo formar profesionales con destrezas art\u00edsticas, conceptuales y tecnol\u00f3gicas para el desarrollo de pr\u00e1cticas y pensamientos art\u00edsticos articulados con y desde los nuevos medios, capaces de fortalecer el panorama art\u00edstico, cultural, social y econ\u00f3mico, desde el pensamiento cr\u00edtico y la innovaci\u00f3n.<\/p>\n\n\n\n<p>La doctora Diana Medina, directora de la Escuela de Posgrados, indic\u00f3 que es una maestr\u00eda orientada a la relaci\u00f3n entre arte, digitalizaci\u00f3n y tecnolog\u00eda. Su modalidad de aprendizaje es h\u00edbrida, con una duraci\u00f3n tres semestres. \u201cEs el reto para este 2022. Una maestr\u00eda dedicada al desarrollo de las artes visuales y sus relaciones con la tecnolog\u00eda y lo digital, con mediaci\u00f3n de ordenadores, programas y software, lo cual est\u00e1 permitiendo una relectura de las artes visuales\u201d.<\/p>\n\n\n\n<p>\u00bfQui\u00e9nes pueden postular? Profesionales con t\u00edtulo de tercer nivel afines a las artes y humanidades, comunicaci\u00f3n, estudios visuales y sociales, arquitectura, urbanismo, pedagog\u00edas, ingenier\u00edas inform\u00e1ticas, dise\u00f1adores o afines. Deben tener un nivel medio en el uso de las tecnolog\u00edas b\u00e1sicas, como el manejo de ordenadores, programas de edici\u00f3n audiovisual, nociones de electr\u00f3nica o programaci\u00f3n.<\/p>\n\n\n\n<p>En su perfil, \u00e9l\/la egresado\/a del programa podr\u00e1 distinguir y resolver las problem\u00e1ticas del arte en el contexto actual; dise\u00f1ar\u00e1 y ejecutar\u00e1 proyectos art\u00edsticos de calidad desde las artes visuales y los nuevos medios; demostrar\u00e1 su capacidad de investigaci\u00f3n y an\u00e1lisis sobre la importancia y repercusi\u00f3n del arte en la sociedad; evidenciar\u00e1 su trabajo individual y colectivo, as\u00ed como las formas de integraci\u00f3n y traslado del conocimiento; discernir\u00e1 contenidos te\u00f3ricos y discutir\u00e1 su aplicaci\u00f3n y pertinencia para ahondar en el ejercicio propio de las artes visuales y sus diversas dimensiones; y, desarrollar\u00e1 capacidades propias para los procesos de creaci\u00f3n mediante los medios tecnol\u00f3gicos y las incorporar\u00e1 a sus procesos de investigaci\u00f3n art\u00edstica y proyectos art\u00edsticos.<\/p>\n\n\n\n<h3 class=\"wp-block-heading\" id=\"composicion-musical-y-de-artes-sonoras\"><strong>Composici\u00f3n Musical y de Artes Sonoras<\/strong><\/h3>\n\n\n\n<p>De la maestr\u00eda de Composici\u00f3n Musical y de Artes Sonoras, la doctora Medina indic\u00f3 que llega a una segunda cohorte debido el \u00e9xito de la primera. En diciembre de 2021 se graduaron los primeros 15 maestrantes del programa y otros seis ya han entregado sus tesis y entrar\u00e1n al proceso de defensa en febrero.<\/p>\n\n\n\n<p>Los costos, tanto de matr\u00edcula como de colegiatura, y las opciones y modalidades de pago se encuentran detallados en el sitio web de la UArtes y de posgrados.<\/p>\n\n\n\n<p>Mayor informaci\u00f3n en:<br><a href=\"http:\/\/www.uartes.edu.ec\/sitio\/posgrado\/\">http:\/\/www.uartes.edu.ec\/sitio\/posgrado\/<\/a><\/p>\n\n\n\n<p>Ante cualquier inquietud escribir a:<br><a href=\"mailto:informacion.posgrados@uartes.edu.ec\" target=\"_blank\" rel=\"noreferrer noopener\">informacion.posgrados@uartes.edu.ec<\/a><\/p>","protected":false},"excerpt":{"rendered":"<p>Artes Visuales y Nuevos Medios es la nueva maestr\u00eda que oferta la Universidad de las Artes. Esta y la de Composici\u00f3n Musical y de Artes Sonoras, en su segunda cohorte, dieron inicio este 17 de enero de 2022 al periodo de postulaciones. Las cinco maestr\u00edas de la UArtes comenzar\u00e1n clases en abril pr\u00f3ximo<\/p>","protected":false},"author":10,"featured_media":19063,"comment_status":"open","ping_status":"open","sticky":false,"template":"","format":"standard","meta":{"_acf_changed":false,"_uag_custom_page_level_css":"","_monsterinsights_skip_tracking":false,"_monsterinsights_sitenote_active":false,"_monsterinsights_sitenote_note":"","_monsterinsights_sitenote_category":0,"cybocfi_hide_featured_image":"","footnotes":""},"categories":[80,82,76,284,264],"tags":[615],"infouartes":[],"class_list":["post-19062","post","type-post","status-publish","format-standard","has-post-thumbnail","hentry","category-academico","category-artes","category-estudiantes","category-investigacion","category-maestrias","tag-postulaciones"],"acf":[],"yoast_head":"<!-- This site is optimized with the Yoast SEO plugin v27.4 - https:\/\/yoast.com\/product\/yoast-seo-wordpress\/ -->\n<title>Universidad de las Artes - Escuela de Posgrados UArtes inici\u00f3 las postulaciones de 2 de sus maestr\u00edas<\/title>\n<meta name=\"description\" content=\"Universidad de las Artes - Escuela de Posgrados UArtes inici\u00f3 las postulaciones de 2 de sus maestr\u00edas\" \/>\n<meta name=\"robots\" content=\"index, follow, max-snippet:-1, max-image-preview:large, max-video-preview:-1\" \/>\n<link rel=\"canonical\" href=\"https:\/\/www.uartes.edu.ec\/sitio\/fr\/blog\/2022\/01\/17\/escuela-de-posgrados-uartes-inicio-las-postulaciones-de-dos-de-sus-maestrias\/\" \/>\n<meta property=\"og:locale\" content=\"fr_FR\" \/>\n<meta property=\"og:type\" content=\"article\" \/>\n<meta property=\"og:title\" content=\"Universidad de las Artes - Escuela de Posgrados UArtes inici\u00f3 las postulaciones de 2 de sus maestr\u00edas\" \/>\n<meta property=\"og:description\" content=\"Universidad de las Artes - Escuela de Posgrados UArtes inici\u00f3 las postulaciones de 2 de sus maestr\u00edas\" \/>\n<meta property=\"og:url\" content=\"https:\/\/www.uartes.edu.ec\/sitio\/fr\/blog\/2022\/01\/17\/escuela-de-posgrados-uartes-inicio-las-postulaciones-de-dos-de-sus-maestrias\/\" \/>\n<meta property=\"og:site_name\" content=\"Universidad de las Artes\" \/>\n<meta property=\"article:publisher\" content=\"https:\/\/www.facebook.com\/uartesec\" \/>\n<meta property=\"article:published_time\" content=\"2022-01-17T22:25:00+00:00\" \/>\n<meta property=\"article:modified_time\" content=\"2024-07-04T16:24:13+00:00\" \/>\n<meta property=\"og:image\" content=\"https:\/\/www.uartes.edu.ec\/sitio\/wp-content\/uploads\/2022\/01\/MAESTRIA-ARTES-VISUALES.jpg\" \/>\n\t<meta property=\"og:image:width\" content=\"2000\" \/>\n\t<meta property=\"og:image:height\" content=\"1333\" \/>\n\t<meta property=\"og:image:type\" content=\"image\/jpeg\" \/>\n<meta name=\"author\" content=\"ccortez\" \/>\n<meta name=\"twitter:card\" content=\"summary_large_image\" \/>\n<meta name=\"twitter:creator\" content=\"@uartesec\" \/>\n<meta name=\"twitter:site\" content=\"@uartesec\" \/>\n<meta name=\"twitter:label1\" content=\"\u00c9crit par\" \/>\n\t<meta name=\"twitter:data1\" content=\"ccortez\" \/>\n\t<meta name=\"twitter:label2\" content=\"Dur\u00e9e de lecture estim\u00e9e\" \/>\n\t<meta name=\"twitter:data2\" content=\"3 minutes\" \/>\n<script type=\"application\/ld+json\" class=\"yoast-schema-graph\">{\"@context\":\"https:\\\/\\\/schema.org\",\"@graph\":[{\"@type\":\"Article\",\"@id\":\"https:\\\/\\\/www.uartes.edu.ec\\\/sitio\\\/fr\\\/blog\\\/2022\\\/01\\\/17\\\/escuela-de-posgrados-uartes-inicio-las-postulaciones-de-dos-de-sus-maestrias\\\/#article\",\"isPartOf\":{\"@id\":\"https:\\\/\\\/www.uartes.edu.ec\\\/sitio\\\/fr\\\/blog\\\/2022\\\/01\\\/17\\\/escuela-de-posgrados-uartes-inicio-las-postulaciones-de-dos-de-sus-maestrias\\\/\"},\"author\":{\"name\":\"ccortez\",\"@id\":\"https:\\\/\\\/www.uartes.edu.ec\\\/sitio\\\/fr\\\/#\\\/schema\\\/person\\\/efa1b8275797664fd7f13a79ccc0b1f4\"},\"headline\":\"Escuela de Posgrados UArtes inici\u00f3 las postulaciones de 2 de sus maestr\u00edas\",\"datePublished\":\"2022-01-17T22:25:00+00:00\",\"dateModified\":\"2024-07-04T16:24:13+00:00\",\"mainEntityOfPage\":{\"@id\":\"https:\\\/\\\/www.uartes.edu.ec\\\/sitio\\\/fr\\\/blog\\\/2022\\\/01\\\/17\\\/escuela-de-posgrados-uartes-inicio-las-postulaciones-de-dos-de-sus-maestrias\\\/\"},\"wordCount\":652,\"commentCount\":0,\"publisher\":{\"@id\":\"https:\\\/\\\/www.uartes.edu.ec\\\/sitio\\\/fr\\\/#organization\"},\"image\":{\"@id\":\"https:\\\/\\\/www.uartes.edu.ec\\\/sitio\\\/fr\\\/blog\\\/2022\\\/01\\\/17\\\/escuela-de-posgrados-uartes-inicio-las-postulaciones-de-dos-de-sus-maestrias\\\/#primaryimage\"},\"thumbnailUrl\":\"https:\\\/\\\/www.uartes.edu.ec\\\/sitio\\\/wp-content\\\/uploads\\\/2022\\\/01\\\/MAESTRIA-ARTES-VISUALES.jpg\",\"keywords\":[\"postulaciones\"],\"articleSection\":[\"Acad\u00e9mico\",\"Artes\",\"Estudiantes\",\"Investigaci\u00f3n\",\"Maestr\u00edas\"],\"inLanguage\":\"fr-FR\",\"potentialAction\":[{\"@type\":\"CommentAction\",\"name\":\"Comment\",\"target\":[\"https:\\\/\\\/www.uartes.edu.ec\\\/sitio\\\/fr\\\/blog\\\/2022\\\/01\\\/17\\\/escuela-de-posgrados-uartes-inicio-las-postulaciones-de-dos-de-sus-maestrias\\\/#respond\"]}]},{\"@type\":[\"WebPage\",\"ItemPage\"],\"@id\":\"https:\\\/\\\/www.uartes.edu.ec\\\/sitio\\\/fr\\\/blog\\\/2022\\\/01\\\/17\\\/escuela-de-posgrados-uartes-inicio-las-postulaciones-de-dos-de-sus-maestrias\\\/\",\"url\":\"https:\\\/\\\/www.uartes.edu.ec\\\/sitio\\\/fr\\\/blog\\\/2022\\\/01\\\/17\\\/escuela-de-posgrados-uartes-inicio-las-postulaciones-de-dos-de-sus-maestrias\\\/\",\"name\":\"Universidad de las Artes - Escuela de Posgrados UArtes inici\u00f3 las postulaciones de 2 de sus maestr\u00edas\",\"isPartOf\":{\"@id\":\"https:\\\/\\\/www.uartes.edu.ec\\\/sitio\\\/fr\\\/#website\"},\"primaryImageOfPage\":{\"@id\":\"https:\\\/\\\/www.uartes.edu.ec\\\/sitio\\\/fr\\\/blog\\\/2022\\\/01\\\/17\\\/escuela-de-posgrados-uartes-inicio-las-postulaciones-de-dos-de-sus-maestrias\\\/#primaryimage\"},\"image\":{\"@id\":\"https:\\\/\\\/www.uartes.edu.ec\\\/sitio\\\/fr\\\/blog\\\/2022\\\/01\\\/17\\\/escuela-de-posgrados-uartes-inicio-las-postulaciones-de-dos-de-sus-maestrias\\\/#primaryimage\"},\"thumbnailUrl\":\"https:\\\/\\\/www.uartes.edu.ec\\\/sitio\\\/wp-content\\\/uploads\\\/2022\\\/01\\\/MAESTRIA-ARTES-VISUALES.jpg\",\"datePublished\":\"2022-01-17T22:25:00+00:00\",\"dateModified\":\"2024-07-04T16:24:13+00:00\",\"description\":\"Universidad de las Artes - Escuela de Posgrados UArtes inici\u00f3 las postulaciones de 2 de sus maestr\u00edas\",\"breadcrumb\":{\"@id\":\"https:\\\/\\\/www.uartes.edu.ec\\\/sitio\\\/fr\\\/blog\\\/2022\\\/01\\\/17\\\/escuela-de-posgrados-uartes-inicio-las-postulaciones-de-dos-de-sus-maestrias\\\/#breadcrumb\"},\"inLanguage\":\"fr-FR\",\"potentialAction\":[{\"@type\":\"ReadAction\",\"target\":[\"https:\\\/\\\/www.uartes.edu.ec\\\/sitio\\\/fr\\\/blog\\\/2022\\\/01\\\/17\\\/escuela-de-posgrados-uartes-inicio-las-postulaciones-de-dos-de-sus-maestrias\\\/\"]}]},{\"@type\":\"ImageObject\",\"inLanguage\":\"fr-FR\",\"@id\":\"https:\\\/\\\/www.uartes.edu.ec\\\/sitio\\\/fr\\\/blog\\\/2022\\\/01\\\/17\\\/escuela-de-posgrados-uartes-inicio-las-postulaciones-de-dos-de-sus-maestrias\\\/#primaryimage\",\"url\":\"https:\\\/\\\/www.uartes.edu.ec\\\/sitio\\\/wp-content\\\/uploads\\\/2022\\\/01\\\/MAESTRIA-ARTES-VISUALES.jpg\",\"contentUrl\":\"https:\\\/\\\/www.uartes.edu.ec\\\/sitio\\\/wp-content\\\/uploads\\\/2022\\\/01\\\/MAESTRIA-ARTES-VISUALES.jpg\",\"width\":2000,\"height\":1333},{\"@type\":\"BreadcrumbList\",\"@id\":\"https:\\\/\\\/www.uartes.edu.ec\\\/sitio\\\/fr\\\/blog\\\/2022\\\/01\\\/17\\\/escuela-de-posgrados-uartes-inicio-las-postulaciones-de-dos-de-sus-maestrias\\\/#breadcrumb\",\"itemListElement\":[{\"@type\":\"ListItem\",\"position\":1,\"name\":\"Inicio\",\"item\":\"https:\\\/\\\/www.uartes.edu.ec\\\/sitio\\\/\"},{\"@type\":\"ListItem\",\"position\":2,\"name\":\"Escuela de Posgrados UArtes inici\u00f3 las postulaciones de 2 de sus maestr\u00edas\"}]},{\"@type\":\"WebSite\",\"@id\":\"https:\\\/\\\/www.uartes.edu.ec\\\/sitio\\\/fr\\\/#website\",\"url\":\"https:\\\/\\\/www.uartes.edu.ec\\\/sitio\\\/fr\\\/\",\"name\":\"Universidad de las Artes\",\"description\":\"Sitio oficial de la Universidad Nacional de las Artes del Ecuador\",\"publisher\":{\"@id\":\"https:\\\/\\\/www.uartes.edu.ec\\\/sitio\\\/fr\\\/#organization\"},\"potentialAction\":[{\"@type\":\"SearchAction\",\"target\":{\"@type\":\"EntryPoint\",\"urlTemplate\":\"https:\\\/\\\/www.uartes.edu.ec\\\/sitio\\\/fr\\\/?s={search_term_string}\"},\"query-input\":{\"@type\":\"PropertyValueSpecification\",\"valueRequired\":true,\"valueName\":\"search_term_string\"}}],\"inLanguage\":\"fr-FR\"},{\"@type\":\"Organization\",\"@id\":\"https:\\\/\\\/www.uartes.edu.ec\\\/sitio\\\/fr\\\/#organization\",\"name\":\"Universidad de las Artes\",\"url\":\"https:\\\/\\\/www.uartes.edu.ec\\\/sitio\\\/fr\\\/\",\"logo\":{\"@type\":\"ImageObject\",\"inLanguage\":\"fr-FR\",\"@id\":\"https:\\\/\\\/www.uartes.edu.ec\\\/sitio\\\/fr\\\/#\\\/schema\\\/logo\\\/image\\\/\",\"url\":\"https:\\\/\\\/www.uartes.edu.ec\\\/sitio\\\/wp-content\\\/uploads\\\/2022\\\/07\\\/logo-ua-horizontal.png\",\"contentUrl\":\"https:\\\/\\\/www.uartes.edu.ec\\\/sitio\\\/wp-content\\\/uploads\\\/2022\\\/07\\\/logo-ua-horizontal.png\",\"width\":800,\"height\":276,\"caption\":\"Universidad de las Artes\"},\"image\":{\"@id\":\"https:\\\/\\\/www.uartes.edu.ec\\\/sitio\\\/fr\\\/#\\\/schema\\\/logo\\\/image\\\/\"},\"sameAs\":[\"https:\\\/\\\/www.facebook.com\\\/uartesec\",\"https:\\\/\\\/x.com\\\/uartesec\",\"https:\\\/\\\/www.tiktok.com\\\/@uartesec\"]},{\"@type\":\"Person\",\"@id\":\"https:\\\/\\\/www.uartes.edu.ec\\\/sitio\\\/fr\\\/#\\\/schema\\\/person\\\/efa1b8275797664fd7f13a79ccc0b1f4\",\"name\":\"ccortez\",\"image\":{\"@type\":\"ImageObject\",\"inLanguage\":\"fr-FR\",\"@id\":\"https:\\\/\\\/secure.gravatar.com\\\/avatar\\\/b2a6f664a3ae8e074346ef91775736c5ec479e637ecced6842de9dc98b5da9cd?s=96&d=mm&r=g\",\"url\":\"https:\\\/\\\/secure.gravatar.com\\\/avatar\\\/b2a6f664a3ae8e074346ef91775736c5ec479e637ecced6842de9dc98b5da9cd?s=96&d=mm&r=g\",\"contentUrl\":\"https:\\\/\\\/secure.gravatar.com\\\/avatar\\\/b2a6f664a3ae8e074346ef91775736c5ec479e637ecced6842de9dc98b5da9cd?s=96&d=mm&r=g\",\"caption\":\"ccortez\"},\"url\":\"https:\\\/\\\/www.uartes.edu.ec\\\/sitio\\\/fr\\\/blog\\\/author\\\/ccortez\\\/\"}]}<\/script>\n<!-- \/ Yoast SEO plugin. -->","yoast_head_json":{"title":"Universidad de las Artes - Escuela de Posgrados UArtes inici\u00f3 las postulaciones de 2 de sus maestr\u00edas","description":"Universidad de las Artes - Escuela de Posgrados UArtes inici\u00f3 las postulaciones de 2 de sus maestr\u00edas","robots":{"index":"index","follow":"follow","max-snippet":"max-snippet:-1","max-image-preview":"max-image-preview:large","max-video-preview":"max-video-preview:-1"},"canonical":"https:\/\/www.uartes.edu.ec\/sitio\/fr\/blog\/2022\/01\/17\/escuela-de-posgrados-uartes-inicio-las-postulaciones-de-dos-de-sus-maestrias\/","og_locale":"fr_FR","og_type":"article","og_title":"Universidad de las Artes - Escuela de Posgrados UArtes inici\u00f3 las postulaciones de 2 de sus maestr\u00edas","og_description":"Universidad de las Artes - Escuela de Posgrados UArtes inici\u00f3 las postulaciones de 2 de sus maestr\u00edas","og_url":"https:\/\/www.uartes.edu.ec\/sitio\/fr\/blog\/2022\/01\/17\/escuela-de-posgrados-uartes-inicio-las-postulaciones-de-dos-de-sus-maestrias\/","og_site_name":"Universidad de las Artes","article_publisher":"https:\/\/www.facebook.com\/uartesec","article_published_time":"2022-01-17T22:25:00+00:00","article_modified_time":"2024-07-04T16:24:13+00:00","og_image":[{"width":2000,"height":1333,"url":"https:\/\/www.uartes.edu.ec\/sitio\/wp-content\/uploads\/2022\/01\/MAESTRIA-ARTES-VISUALES.jpg","type":"image\/jpeg"}],"author":"ccortez","twitter_card":"summary_large_image","twitter_creator":"@uartesec","twitter_site":"@uartesec","twitter_misc":{"\u00c9crit par":"ccortez","Dur\u00e9e de lecture estim\u00e9e":"3 minutes"},"schema":{"@context":"https:\/\/schema.org","@graph":[{"@type":"Article","@id":"https:\/\/www.uartes.edu.ec\/sitio\/fr\/blog\/2022\/01\/17\/escuela-de-posgrados-uartes-inicio-las-postulaciones-de-dos-de-sus-maestrias\/#article","isPartOf":{"@id":"https:\/\/www.uartes.edu.ec\/sitio\/fr\/blog\/2022\/01\/17\/escuela-de-posgrados-uartes-inicio-las-postulaciones-de-dos-de-sus-maestrias\/"},"author":{"name":"ccortez","@id":"https:\/\/www.uartes.edu.ec\/sitio\/fr\/#\/schema\/person\/efa1b8275797664fd7f13a79ccc0b1f4"},"headline":"Escuela de Posgrados UArtes inici\u00f3 las postulaciones de 2 de sus maestr\u00edas","datePublished":"2022-01-17T22:25:00+00:00","dateModified":"2024-07-04T16:24:13+00:00","mainEntityOfPage":{"@id":"https:\/\/www.uartes.edu.ec\/sitio\/fr\/blog\/2022\/01\/17\/escuela-de-posgrados-uartes-inicio-las-postulaciones-de-dos-de-sus-maestrias\/"},"wordCount":652,"commentCount":0,"publisher":{"@id":"https:\/\/www.uartes.edu.ec\/sitio\/fr\/#organization"},"image":{"@id":"https:\/\/www.uartes.edu.ec\/sitio\/fr\/blog\/2022\/01\/17\/escuela-de-posgrados-uartes-inicio-las-postulaciones-de-dos-de-sus-maestrias\/#primaryimage"},"thumbnailUrl":"https:\/\/www.uartes.edu.ec\/sitio\/wp-content\/uploads\/2022\/01\/MAESTRIA-ARTES-VISUALES.jpg","keywords":["postulaciones"],"articleSection":["Acad\u00e9mico","Artes","Estudiantes","Investigaci\u00f3n","Maestr\u00edas"],"inLanguage":"fr-FR","potentialAction":[{"@type":"CommentAction","name":"Comment","target":["https:\/\/www.uartes.edu.ec\/sitio\/fr\/blog\/2022\/01\/17\/escuela-de-posgrados-uartes-inicio-las-postulaciones-de-dos-de-sus-maestrias\/#respond"]}]},{"@type":["WebPage","ItemPage"],"@id":"https:\/\/www.uartes.edu.ec\/sitio\/fr\/blog\/2022\/01\/17\/escuela-de-posgrados-uartes-inicio-las-postulaciones-de-dos-de-sus-maestrias\/","url":"https:\/\/www.uartes.edu.ec\/sitio\/fr\/blog\/2022\/01\/17\/escuela-de-posgrados-uartes-inicio-las-postulaciones-de-dos-de-sus-maestrias\/","name":"Universidad de las Artes - Escuela de Posgrados UArtes inici\u00f3 las postulaciones de 2 de sus maestr\u00edas","isPartOf":{"@id":"https:\/\/www.uartes.edu.ec\/sitio\/fr\/#website"},"primaryImageOfPage":{"@id":"https:\/\/www.uartes.edu.ec\/sitio\/fr\/blog\/2022\/01\/17\/escuela-de-posgrados-uartes-inicio-las-postulaciones-de-dos-de-sus-maestrias\/#primaryimage"},"image":{"@id":"https:\/\/www.uartes.edu.ec\/sitio\/fr\/blog\/2022\/01\/17\/escuela-de-posgrados-uartes-inicio-las-postulaciones-de-dos-de-sus-maestrias\/#primaryimage"},"thumbnailUrl":"https:\/\/www.uartes.edu.ec\/sitio\/wp-content\/uploads\/2022\/01\/MAESTRIA-ARTES-VISUALES.jpg","datePublished":"2022-01-17T22:25:00+00:00","dateModified":"2024-07-04T16:24:13+00:00","description":"Universidad de las Artes - Escuela de Posgrados UArtes inici\u00f3 las postulaciones de 2 de sus maestr\u00edas","breadcrumb":{"@id":"https:\/\/www.uartes.edu.ec\/sitio\/fr\/blog\/2022\/01\/17\/escuela-de-posgrados-uartes-inicio-las-postulaciones-de-dos-de-sus-maestrias\/#breadcrumb"},"inLanguage":"fr-FR","potentialAction":[{"@type":"ReadAction","target":["https:\/\/www.uartes.edu.ec\/sitio\/fr\/blog\/2022\/01\/17\/escuela-de-posgrados-uartes-inicio-las-postulaciones-de-dos-de-sus-maestrias\/"]}]},{"@type":"ImageObject","inLanguage":"fr-FR","@id":"https:\/\/www.uartes.edu.ec\/sitio\/fr\/blog\/2022\/01\/17\/escuela-de-posgrados-uartes-inicio-las-postulaciones-de-dos-de-sus-maestrias\/#primaryimage","url":"https:\/\/www.uartes.edu.ec\/sitio\/wp-content\/uploads\/2022\/01\/MAESTRIA-ARTES-VISUALES.jpg","contentUrl":"https:\/\/www.uartes.edu.ec\/sitio\/wp-content\/uploads\/2022\/01\/MAESTRIA-ARTES-VISUALES.jpg","width":2000,"height":1333},{"@type":"BreadcrumbList","@id":"https:\/\/www.uartes.edu.ec\/sitio\/fr\/blog\/2022\/01\/17\/escuela-de-posgrados-uartes-inicio-las-postulaciones-de-dos-de-sus-maestrias\/#breadcrumb","itemListElement":[{"@type":"ListItem","position":1,"name":"Inicio","item":"https:\/\/www.uartes.edu.ec\/sitio\/"},{"@type":"ListItem","position":2,"name":"Escuela de Posgrados UArtes inici\u00f3 las postulaciones de 2 de sus maestr\u00edas"}]},{"@type":"WebSite","@id":"https:\/\/www.uartes.edu.ec\/sitio\/fr\/#website","url":"https:\/\/www.uartes.edu.ec\/sitio\/fr\/","name":"Universidad de las Artes","description":"Sitio oficial de la Universidad Nacional de las Artes del Ecuador","publisher":{"@id":"https:\/\/www.uartes.edu.ec\/sitio\/fr\/#organization"},"potentialAction":[{"@type":"SearchAction","target":{"@type":"EntryPoint","urlTemplate":"https:\/\/www.uartes.edu.ec\/sitio\/fr\/?s={search_term_string}"},"query-input":{"@type":"PropertyValueSpecification","valueRequired":true,"valueName":"search_term_string"}}],"inLanguage":"fr-FR"},{"@type":"Organization","@id":"https:\/\/www.uartes.edu.ec\/sitio\/fr\/#organization","name":"Universidad de las Artes","url":"https:\/\/www.uartes.edu.ec\/sitio\/fr\/","logo":{"@type":"ImageObject","inLanguage":"fr-FR","@id":"https:\/\/www.uartes.edu.ec\/sitio\/fr\/#\/schema\/logo\/image\/","url":"https:\/\/www.uartes.edu.ec\/sitio\/wp-content\/uploads\/2022\/07\/logo-ua-horizontal.png","contentUrl":"https:\/\/www.uartes.edu.ec\/sitio\/wp-content\/uploads\/2022\/07\/logo-ua-horizontal.png","width":800,"height":276,"caption":"Universidad de las Artes"},"image":{"@id":"https:\/\/www.uartes.edu.ec\/sitio\/fr\/#\/schema\/logo\/image\/"},"sameAs":["https:\/\/www.facebook.com\/uartesec","https:\/\/x.com\/uartesec","https:\/\/www.tiktok.com\/@uartesec"]},{"@type":"Person","@id":"https:\/\/www.uartes.edu.ec\/sitio\/fr\/#\/schema\/person\/efa1b8275797664fd7f13a79ccc0b1f4","name":"ccortez","image":{"@type":"ImageObject","inLanguage":"fr-FR","@id":"https:\/\/secure.gravatar.com\/avatar\/b2a6f664a3ae8e074346ef91775736c5ec479e637ecced6842de9dc98b5da9cd?s=96&d=mm&r=g","url":"https:\/\/secure.gravatar.com\/avatar\/b2a6f664a3ae8e074346ef91775736c5ec479e637ecced6842de9dc98b5da9cd?s=96&d=mm&r=g","contentUrl":"https:\/\/secure.gravatar.com\/avatar\/b2a6f664a3ae8e074346ef91775736c5ec479e637ecced6842de9dc98b5da9cd?s=96&d=mm&r=g","caption":"ccortez"},"url":"https:\/\/www.uartes.edu.ec\/sitio\/fr\/blog\/author\/ccortez\/"}]}},"uagb_featured_image_src":{"full":["https:\/\/www.uartes.edu.ec\/sitio\/wp-content\/uploads\/2022\/01\/MAESTRIA-ARTES-VISUALES.jpg",2000,1333,false],"thumbnail":["https:\/\/www.uartes.edu.ec\/sitio\/wp-content\/uploads\/2022\/01\/MAESTRIA-ARTES-VISUALES-150x150.jpg",150,150,true],"medium":["https:\/\/www.uartes.edu.ec\/sitio\/wp-content\/uploads\/2022\/01\/MAESTRIA-ARTES-VISUALES-300x200.jpg",300,200,true],"medium_large":["https:\/\/www.uartes.edu.ec\/sitio\/wp-content\/uploads\/2022\/01\/MAESTRIA-ARTES-VISUALES-768x512.jpg",768,512,true],"large":["https:\/\/www.uartes.edu.ec\/sitio\/wp-content\/uploads\/2022\/01\/MAESTRIA-ARTES-VISUALES-644x429.jpg",644,429,true],"1536x1536":["https:\/\/www.uartes.edu.ec\/sitio\/wp-content\/uploads\/2022\/01\/MAESTRIA-ARTES-VISUALES-1536x1024.jpg",1536,1024,true],"2048x2048":["https:\/\/www.uartes.edu.ec\/sitio\/wp-content\/uploads\/2022\/01\/MAESTRIA-ARTES-VISUALES.jpg",2000,1333,false],"trp-custom-language-flag":["https:\/\/www.uartes.edu.ec\/sitio\/wp-content\/uploads\/2022\/01\/MAESTRIA-ARTES-VISUALES.jpg",18,12,false],"htmega_size_585x295":["https:\/\/www.uartes.edu.ec\/sitio\/wp-content\/uploads\/2022\/01\/MAESTRIA-ARTES-VISUALES.jpg",443,295,false],"htmega_size_1170x536":["https:\/\/www.uartes.edu.ec\/sitio\/wp-content\/uploads\/2022\/01\/MAESTRIA-ARTES-VISUALES.jpg",804,536,false],"htmega_size_396x360":["https:\/\/www.uartes.edu.ec\/sitio\/wp-content\/uploads\/2022\/01\/MAESTRIA-ARTES-VISUALES.jpg",396,264,false],"gb-block-post-grid-landscape":["https:\/\/www.uartes.edu.ec\/sitio\/wp-content\/uploads\/2022\/01\/MAESTRIA-ARTES-VISUALES-600x400.jpg",600,400,true],"gb-block-post-grid-square":["https:\/\/www.uartes.edu.ec\/sitio\/wp-content\/uploads\/2022\/01\/MAESTRIA-ARTES-VISUALES-600x600.jpg",600,600,true],"university-hub-thumb":["https:\/\/www.uartes.edu.ec\/sitio\/wp-content\/uploads\/2022\/01\/MAESTRIA-ARTES-VISUALES-400x267.jpg",400,267,true],"mailpoet_newsletter_max":["https:\/\/www.uartes.edu.ec\/sitio\/wp-content\/uploads\/2022\/01\/MAESTRIA-ARTES-VISUALES.jpg",1320,880,false]},"uagb_author_info":{"display_name":"ccortez","author_link":"https:\/\/www.uartes.edu.ec\/sitio\/fr\/blog\/author\/ccortez\/"},"uagb_comment_info":0,"uagb_excerpt":"Artes Visuales y Nuevos Medios es la nueva maestr\u00eda que oferta la Universidad de las Artes. Esta y la de Composici\u00f3n Musical y de Artes Sonoras, en su segunda cohorte, dieron inicio este 17 de enero de 2022 al periodo de postulaciones. Las cinco maestr\u00edas de la UArtes comenzar\u00e1n clases en abril pr\u00f3ximo","featured_image_src":"https:\/\/www.uartes.edu.ec\/sitio\/wp-content\/uploads\/2022\/01\/MAESTRIA-ARTES-VISUALES-600x400.jpg","featured_image_src_square":"https:\/\/www.uartes.edu.ec\/sitio\/wp-content\/uploads\/2022\/01\/MAESTRIA-ARTES-VISUALES-600x600.jpg","author_info":{"display_name":"ccortez","author_link":"https:\/\/www.uartes.edu.ec\/sitio\/fr\/blog\/author\/ccortez\/"},"publishpress_future_workflow_manual_trigger":{"enabledWorkflows":[]},"distributor_meta":false,"distributor_terms":false,"distributor_media":false,"distributor_original_site_name":"Universidad de las Artes","distributor_original_site_url":"https:\/\/www.uartes.edu.ec\/sitio\/fr","push-errors":false,"_links":{"self":[{"href":"https:\/\/www.uartes.edu.ec\/sitio\/fr\/wp-json\/wp\/v2\/posts\/19062","targetHints":{"allow":["GET"]}}],"collection":[{"href":"https:\/\/www.uartes.edu.ec\/sitio\/fr\/wp-json\/wp\/v2\/posts"}],"about":[{"href":"https:\/\/www.uartes.edu.ec\/sitio\/fr\/wp-json\/wp\/v2\/types\/post"}],"author":[{"embeddable":true,"href":"https:\/\/www.uartes.edu.ec\/sitio\/fr\/wp-json\/wp\/v2\/users\/10"}],"replies":[{"embeddable":true,"href":"https:\/\/www.uartes.edu.ec\/sitio\/fr\/wp-json\/wp\/v2\/comments?post=19062"}],"version-history":[{"count":2,"href":"https:\/\/www.uartes.edu.ec\/sitio\/fr\/wp-json\/wp\/v2\/posts\/19062\/revisions"}],"predecessor-version":[{"id":19065,"href":"https:\/\/www.uartes.edu.ec\/sitio\/fr\/wp-json\/wp\/v2\/posts\/19062\/revisions\/19065"}],"wp:featuredmedia":[{"embeddable":true,"href":"https:\/\/www.uartes.edu.ec\/sitio\/fr\/wp-json\/wp\/v2\/media\/19063"}],"wp:attachment":[{"href":"https:\/\/www.uartes.edu.ec\/sitio\/fr\/wp-json\/wp\/v2\/media?parent=19062"}],"wp:term":[{"taxonomy":"category","embeddable":true,"href":"https:\/\/www.uartes.edu.ec\/sitio\/fr\/wp-json\/wp\/v2\/categories?post=19062"},{"taxonomy":"post_tag","embeddable":true,"href":"https:\/\/www.uartes.edu.ec\/sitio\/fr\/wp-json\/wp\/v2\/tags?post=19062"},{"taxonomy":"infouartes","embeddable":true,"href":"https:\/\/www.uartes.edu.ec\/sitio\/fr\/wp-json\/wp\/v2\/infouartes?post=19062"}],"curies":[{"name":"wp","href":"https:\/\/api.w.org\/{rel}","templated":true}]}}