{"id":19685,"date":"2022-02-18T16:13:53","date_gmt":"2022-02-18T21:13:53","guid":{"rendered":"http:\/\/www.uartes.edu.ec\/sitio\/?p=19685"},"modified":"2024-07-04T11:23:56","modified_gmt":"2024-07-04T16:23:56","slug":"agregada-de-la-embajada-de-francia-visito-lauartes-y-se-reunio-con-el-rector-william-herrera","status":"publish","type":"post","link":"https:\/\/www.uartes.edu.ec\/sitio\/fr\/blog\/2022\/02\/18\/agregada-de-la-embajada-de-francia-visito-lauartes-y-se-reunio-con-el-rector-william-herrera\/","title":{"rendered":"Agregada de la Embajada de Francia hizo una visita protocolar a la UArtes y se reuni\u00f3 con el rector William Herrera"},"content":{"rendered":"<p>El rector de la Universidad de las Artes, doctor William Herrera, recibi\u00f3 este jueves 10 de febrero de 2022 la visita protocolar de Lola Bonnet-Pol, agregada de Cooperaci\u00f3n Universitaria y Cient\u00edfica de la Embajada de Francia, con quien abord\u00f3 temas relacionados con una posible cooperaci\u00f3n del ente diplom\u00e1tico europeo y otras instituciones francesas.<\/p>\n\n\n\n<div class=\"wp-block-image\"><figure class=\"aligncenter size-full\"><img fetchpriority=\"high\" decoding=\"async\" width=\"2000\" height=\"1333\" src=\"http:\/\/www.uartes.edu.ec\/sitio\/wp-content\/uploads\/2022\/02\/FRANCESA-2.jpg\" alt=\"\" class=\"wp-image-19681\" srcset=\"https:\/\/www.uartes.edu.ec\/sitio\/wp-content\/uploads\/2022\/02\/FRANCESA-2.jpg 2000w, https:\/\/www.uartes.edu.ec\/sitio\/wp-content\/uploads\/2022\/02\/FRANCESA-2-300x200.jpg 300w, https:\/\/www.uartes.edu.ec\/sitio\/wp-content\/uploads\/2022\/02\/FRANCESA-2-644x429.jpg 644w, https:\/\/www.uartes.edu.ec\/sitio\/wp-content\/uploads\/2022\/02\/FRANCESA-2-768x512.jpg 768w, https:\/\/www.uartes.edu.ec\/sitio\/wp-content\/uploads\/2022\/02\/FRANCESA-2-1536x1024.jpg 1536w, https:\/\/www.uartes.edu.ec\/sitio\/wp-content\/uploads\/2022\/02\/FRANCESA-2-600x400.jpg 600w, https:\/\/www.uartes.edu.ec\/sitio\/wp-content\/uploads\/2022\/02\/FRANCESA-2-400x267.jpg 400w, https:\/\/www.uartes.edu.ec\/sitio\/wp-content\/uploads\/2022\/02\/FRANCESA-2-272x182.jpg 272w\" sizes=\"(max-width: 2000px) 100vw, 2000px\" \/><\/figure><\/div>\n\n\n\n<p>Es de anotar que, desde su creaci\u00f3n, la UArtes ha mantenido relaciones con Francia y para el d\u00eda de su apertura, en el 2014, cont\u00f3 con la presencia del entonces director General de La F\u00e9mis, Marc Nicola (ya fallecido).<\/p>\n\n\n\n<p>Junto con el doctor William Herrera, en los di\u00e1logos con la agregada de la Embajada de Francia particip\u00f3 Susan Togra, directora de Relaciones Internacionales de la UArtes. La diplom\u00e1tica mantuvo, asimismo, una reuni\u00f3n con la doctora Olga L\u00f3pez, vicerrectora de Posgrados e Investigaci\u00f3n en Artes de nuestra instituci\u00f3n.<\/p>\n\n\n\n<div class=\"wp-block-image\"><figure class=\"aligncenter size-full\"><img decoding=\"async\" width=\"2000\" height=\"1333\" src=\"http:\/\/www.uartes.edu.ec\/sitio\/wp-content\/uploads\/2022\/02\/FRANCESA-1.jpg\" alt=\"\" class=\"wp-image-19680\" srcset=\"https:\/\/www.uartes.edu.ec\/sitio\/wp-content\/uploads\/2022\/02\/FRANCESA-1.jpg 2000w, https:\/\/www.uartes.edu.ec\/sitio\/wp-content\/uploads\/2022\/02\/FRANCESA-1-300x200.jpg 300w, https:\/\/www.uartes.edu.ec\/sitio\/wp-content\/uploads\/2022\/02\/FRANCESA-1-644x429.jpg 644w, https:\/\/www.uartes.edu.ec\/sitio\/wp-content\/uploads\/2022\/02\/FRANCESA-1-768x512.jpg 768w, https:\/\/www.uartes.edu.ec\/sitio\/wp-content\/uploads\/2022\/02\/FRANCESA-1-1536x1024.jpg 1536w, https:\/\/www.uartes.edu.ec\/sitio\/wp-content\/uploads\/2022\/02\/FRANCESA-1-600x400.jpg 600w, https:\/\/www.uartes.edu.ec\/sitio\/wp-content\/uploads\/2022\/02\/FRANCESA-1-400x267.jpg 400w, https:\/\/www.uartes.edu.ec\/sitio\/wp-content\/uploads\/2022\/02\/FRANCESA-1-272x182.jpg 272w\" sizes=\"(max-width: 2000px) 100vw, 2000px\" \/><\/figure><\/div>\n\n\n\n<p>En su visita, la agregada de la Embajada de Francia realiz\u00f3 un recorrido por algunas instalaciones de la UArtes. Conoci\u00f3, entre otros, el patrimonial edificio de El Tel\u00e9grafo.<\/p>\n\n\n\n<p>De los lazos que la Universidad de las Artes ha mantenido con Francia, vale mencionar la firma de convenios \u2013en distintos momentos\u2013 con instituciones de educaci\u00f3n superior de ese pa\u00eds. Unos siguen vigentes, otros est\u00e1n en etapa de negociaci\u00f3n y algunos no se renovaron. Aqu\u00ed sus nombres: Universit\u00e9 Paris 1 Panth\u00e9on Sorbonne, Escuela Nacional Superior de los oficios de la imagen y el sonido (La F\u00e9mis), Alianza Francesa de Guayaquil, Instituto Nacional de Lenguaje y Civilizaci\u00f3n Orientales INALCO, Conservatorio Nacional Superior de M\u00fasica y Danza de Paris (CNSMD) y Universit\u00e9 Sorbonne Nouvelle Paris 3.<\/p>\n\n\n\n<p>Desde finales del 2021 se han venido planificando actividades con la Alianza Francesa, como la Plaza de la Danza y talleres a desarrollar en Quito. En enero se organiz\u00f3 un taller para conocer sobre Campus France, mismo que cont\u00f3 con 64 inscritos.<\/p>","protected":false},"excerpt":{"rendered":"<p>El rector de la Universidad de las Artes, doctor William Herrera, recibi\u00f3 este jueves 10 de febrero de 2022 la visita protocolar de Lola Bonnet-Pol, agregada de Cooperaci\u00f3n Universitaria y Cient\u00edfica de la Embajada de Francia, con quien abord\u00f3 temas relacionados con una posible cooperaci\u00f3n del ente diplom\u00e1tico europeo y otras instituciones francesas.<\/p>","protected":false},"author":1,"featured_media":19682,"comment_status":"open","ping_status":"open","sticky":false,"template":"","format":"standard","meta":{"_acf_changed":false,"_uag_custom_page_level_css":"","_monsterinsights_skip_tracking":false,"_monsterinsights_sitenote_active":false,"_monsterinsights_sitenote_note":"","_monsterinsights_sitenote_category":0,"cybocfi_hide_featured_image":"","footnotes":""},"categories":[77,84],"tags":[62,405],"infouartes":[],"class_list":["post-19685","post","type-post","status-publish","format-standard","has-post-thumbnail","hentry","category-gestion","category-rectorado","tag-internacional","tag-william-herrera"],"acf":[],"yoast_head":"<!-- This site is optimized with the Yoast SEO plugin v27.4 - https:\/\/yoast.com\/product\/yoast-seo-wordpress\/ -->\n<title>Universidad de las Artes - Agregada de la Embajada de Francia hizo una visita protocolar a la UArtes y se reuni\u00f3 con el rector William Herrera<\/title>\n<meta name=\"description\" content=\"Universidad de las Artes - Agregada de la Embajada de Francia hizo una visita protocolar a la UArtes y se reuni\u00f3 con el rector William Herrera\" \/>\n<meta name=\"robots\" content=\"index, follow, max-snippet:-1, max-image-preview:large, max-video-preview:-1\" \/>\n<link rel=\"canonical\" href=\"https:\/\/www.uartes.edu.ec\/sitio\/fr\/blog\/2022\/02\/18\/agregada-de-la-embajada-de-francia-visito-lauartes-y-se-reunio-con-el-rector-william-herrera\/\" \/>\n<meta property=\"og:locale\" content=\"fr_FR\" \/>\n<meta property=\"og:type\" content=\"article\" \/>\n<meta property=\"og:title\" content=\"Universidad de las Artes - Agregada de la Embajada de Francia hizo una visita protocolar a la UArtes y se reuni\u00f3 con el rector William Herrera\" \/>\n<meta property=\"og:description\" content=\"Universidad de las Artes - Agregada de la Embajada de Francia hizo una visita protocolar a la UArtes y se reuni\u00f3 con el rector William Herrera\" \/>\n<meta property=\"og:url\" content=\"https:\/\/www.uartes.edu.ec\/sitio\/fr\/blog\/2022\/02\/18\/agregada-de-la-embajada-de-francia-visito-lauartes-y-se-reunio-con-el-rector-william-herrera\/\" \/>\n<meta property=\"og:site_name\" content=\"Universidad de las Artes\" \/>\n<meta property=\"article:publisher\" content=\"https:\/\/www.facebook.com\/uartesec\" \/>\n<meta property=\"article:published_time\" content=\"2022-02-18T21:13:53+00:00\" \/>\n<meta property=\"article:modified_time\" content=\"2024-07-04T16:23:56+00:00\" \/>\n<meta property=\"og:image\" content=\"https:\/\/www.uartes.edu.ec\/sitio\/wp-content\/uploads\/2022\/02\/FRANCESA-3.jpg\" \/>\n\t<meta property=\"og:image:width\" content=\"2000\" \/>\n\t<meta property=\"og:image:height\" content=\"1333\" \/>\n\t<meta property=\"og:image:type\" content=\"image\/jpeg\" \/>\n<meta name=\"author\" content=\"Universidad de las Artes\" \/>\n<meta name=\"twitter:card\" content=\"summary_large_image\" \/>\n<meta name=\"twitter:creator\" content=\"@uartesec\" \/>\n<meta name=\"twitter:site\" content=\"@uartesec\" \/>\n<meta name=\"twitter:label1\" content=\"\u00c9crit par\" \/>\n\t<meta name=\"twitter:data1\" content=\"Universidad de las Artes\" \/>\n\t<meta name=\"twitter:label2\" content=\"Dur\u00e9e de lecture estim\u00e9e\" \/>\n\t<meta name=\"twitter:data2\" content=\"2 minutes\" \/>\n<script type=\"application\/ld+json\" class=\"yoast-schema-graph\">{\"@context\":\"https:\\\/\\\/schema.org\",\"@graph\":[{\"@type\":\"Article\",\"@id\":\"https:\\\/\\\/www.uartes.edu.ec\\\/sitio\\\/fr\\\/blog\\\/2022\\\/02\\\/18\\\/agregada-de-la-embajada-de-francia-visito-lauartes-y-se-reunio-con-el-rector-william-herrera\\\/#article\",\"isPartOf\":{\"@id\":\"https:\\\/\\\/www.uartes.edu.ec\\\/sitio\\\/fr\\\/blog\\\/2022\\\/02\\\/18\\\/agregada-de-la-embajada-de-francia-visito-lauartes-y-se-reunio-con-el-rector-william-herrera\\\/\"},\"author\":{\"name\":\"Universidad de las Artes\",\"@id\":\"https:\\\/\\\/www.uartes.edu.ec\\\/sitio\\\/fr\\\/#\\\/schema\\\/person\\\/f33f8c1d2af0d5c80a38c8abf458184a\"},\"headline\":\"Agregada de la Embajada de Francia hizo una visita protocolar a la UArtes y se reuni\u00f3 con el rector William Herrera\",\"datePublished\":\"2022-02-18T21:13:53+00:00\",\"dateModified\":\"2024-07-04T16:23:56+00:00\",\"mainEntityOfPage\":{\"@id\":\"https:\\\/\\\/www.uartes.edu.ec\\\/sitio\\\/fr\\\/blog\\\/2022\\\/02\\\/18\\\/agregada-de-la-embajada-de-francia-visito-lauartes-y-se-reunio-con-el-rector-william-herrera\\\/\"},\"wordCount\":340,\"commentCount\":0,\"publisher\":{\"@id\":\"https:\\\/\\\/www.uartes.edu.ec\\\/sitio\\\/fr\\\/#organization\"},\"image\":{\"@id\":\"https:\\\/\\\/www.uartes.edu.ec\\\/sitio\\\/fr\\\/blog\\\/2022\\\/02\\\/18\\\/agregada-de-la-embajada-de-francia-visito-lauartes-y-se-reunio-con-el-rector-william-herrera\\\/#primaryimage\"},\"thumbnailUrl\":\"https:\\\/\\\/www.uartes.edu.ec\\\/sitio\\\/wp-content\\\/uploads\\\/2022\\\/02\\\/FRANCESA-3.jpg\",\"keywords\":[\"internacional\",\"William Herrera\"],\"articleSection\":[\"Gesti\u00f3n\",\"Rectorado\"],\"inLanguage\":\"fr-FR\",\"potentialAction\":[{\"@type\":\"CommentAction\",\"name\":\"Comment\",\"target\":[\"https:\\\/\\\/www.uartes.edu.ec\\\/sitio\\\/fr\\\/blog\\\/2022\\\/02\\\/18\\\/agregada-de-la-embajada-de-francia-visito-lauartes-y-se-reunio-con-el-rector-william-herrera\\\/#respond\"]}]},{\"@type\":[\"WebPage\",\"ItemPage\"],\"@id\":\"https:\\\/\\\/www.uartes.edu.ec\\\/sitio\\\/fr\\\/blog\\\/2022\\\/02\\\/18\\\/agregada-de-la-embajada-de-francia-visito-lauartes-y-se-reunio-con-el-rector-william-herrera\\\/\",\"url\":\"https:\\\/\\\/www.uartes.edu.ec\\\/sitio\\\/fr\\\/blog\\\/2022\\\/02\\\/18\\\/agregada-de-la-embajada-de-francia-visito-lauartes-y-se-reunio-con-el-rector-william-herrera\\\/\",\"name\":\"Universidad de las Artes - Agregada de la Embajada de Francia hizo una visita protocolar a la UArtes y se reuni\u00f3 con el rector William Herrera\",\"isPartOf\":{\"@id\":\"https:\\\/\\\/www.uartes.edu.ec\\\/sitio\\\/fr\\\/#website\"},\"primaryImageOfPage\":{\"@id\":\"https:\\\/\\\/www.uartes.edu.ec\\\/sitio\\\/fr\\\/blog\\\/2022\\\/02\\\/18\\\/agregada-de-la-embajada-de-francia-visito-lauartes-y-se-reunio-con-el-rector-william-herrera\\\/#primaryimage\"},\"image\":{\"@id\":\"https:\\\/\\\/www.uartes.edu.ec\\\/sitio\\\/fr\\\/blog\\\/2022\\\/02\\\/18\\\/agregada-de-la-embajada-de-francia-visito-lauartes-y-se-reunio-con-el-rector-william-herrera\\\/#primaryimage\"},\"thumbnailUrl\":\"https:\\\/\\\/www.uartes.edu.ec\\\/sitio\\\/wp-content\\\/uploads\\\/2022\\\/02\\\/FRANCESA-3.jpg\",\"datePublished\":\"2022-02-18T21:13:53+00:00\",\"dateModified\":\"2024-07-04T16:23:56+00:00\",\"description\":\"Universidad de las Artes - Agregada de la Embajada de Francia hizo una visita protocolar a la UArtes y se reuni\u00f3 con el rector William Herrera\",\"breadcrumb\":{\"@id\":\"https:\\\/\\\/www.uartes.edu.ec\\\/sitio\\\/fr\\\/blog\\\/2022\\\/02\\\/18\\\/agregada-de-la-embajada-de-francia-visito-lauartes-y-se-reunio-con-el-rector-william-herrera\\\/#breadcrumb\"},\"inLanguage\":\"fr-FR\",\"potentialAction\":[{\"@type\":\"ReadAction\",\"target\":[\"https:\\\/\\\/www.uartes.edu.ec\\\/sitio\\\/fr\\\/blog\\\/2022\\\/02\\\/18\\\/agregada-de-la-embajada-de-francia-visito-lauartes-y-se-reunio-con-el-rector-william-herrera\\\/\"]}]},{\"@type\":\"ImageObject\",\"inLanguage\":\"fr-FR\",\"@id\":\"https:\\\/\\\/www.uartes.edu.ec\\\/sitio\\\/fr\\\/blog\\\/2022\\\/02\\\/18\\\/agregada-de-la-embajada-de-francia-visito-lauartes-y-se-reunio-con-el-rector-william-herrera\\\/#primaryimage\",\"url\":\"https:\\\/\\\/www.uartes.edu.ec\\\/sitio\\\/wp-content\\\/uploads\\\/2022\\\/02\\\/FRANCESA-3.jpg\",\"contentUrl\":\"https:\\\/\\\/www.uartes.edu.ec\\\/sitio\\\/wp-content\\\/uploads\\\/2022\\\/02\\\/FRANCESA-3.jpg\",\"width\":2000,\"height\":1333},{\"@type\":\"BreadcrumbList\",\"@id\":\"https:\\\/\\\/www.uartes.edu.ec\\\/sitio\\\/fr\\\/blog\\\/2022\\\/02\\\/18\\\/agregada-de-la-embajada-de-francia-visito-lauartes-y-se-reunio-con-el-rector-william-herrera\\\/#breadcrumb\",\"itemListElement\":[{\"@type\":\"ListItem\",\"position\":1,\"name\":\"Inicio\",\"item\":\"https:\\\/\\\/www.uartes.edu.ec\\\/sitio\\\/\"},{\"@type\":\"ListItem\",\"position\":2,\"name\":\"Agregada de la Embajada de Francia hizo una visita protocolar a la UArtes y se reuni\u00f3 con el rector William Herrera\"}]},{\"@type\":\"WebSite\",\"@id\":\"https:\\\/\\\/www.uartes.edu.ec\\\/sitio\\\/fr\\\/#website\",\"url\":\"https:\\\/\\\/www.uartes.edu.ec\\\/sitio\\\/fr\\\/\",\"name\":\"Universidad de las Artes\",\"description\":\"Sitio oficial de la Universidad Nacional de las Artes del Ecuador\",\"publisher\":{\"@id\":\"https:\\\/\\\/www.uartes.edu.ec\\\/sitio\\\/fr\\\/#organization\"},\"potentialAction\":[{\"@type\":\"SearchAction\",\"target\":{\"@type\":\"EntryPoint\",\"urlTemplate\":\"https:\\\/\\\/www.uartes.edu.ec\\\/sitio\\\/fr\\\/?s={search_term_string}\"},\"query-input\":{\"@type\":\"PropertyValueSpecification\",\"valueRequired\":true,\"valueName\":\"search_term_string\"}}],\"inLanguage\":\"fr-FR\"},{\"@type\":\"Organization\",\"@id\":\"https:\\\/\\\/www.uartes.edu.ec\\\/sitio\\\/fr\\\/#organization\",\"name\":\"Universidad de las Artes\",\"url\":\"https:\\\/\\\/www.uartes.edu.ec\\\/sitio\\\/fr\\\/\",\"logo\":{\"@type\":\"ImageObject\",\"inLanguage\":\"fr-FR\",\"@id\":\"https:\\\/\\\/www.uartes.edu.ec\\\/sitio\\\/fr\\\/#\\\/schema\\\/logo\\\/image\\\/\",\"url\":\"https:\\\/\\\/www.uartes.edu.ec\\\/sitio\\\/wp-content\\\/uploads\\\/2022\\\/07\\\/logo-ua-horizontal.png\",\"contentUrl\":\"https:\\\/\\\/www.uartes.edu.ec\\\/sitio\\\/wp-content\\\/uploads\\\/2022\\\/07\\\/logo-ua-horizontal.png\",\"width\":800,\"height\":276,\"caption\":\"Universidad de las Artes\"},\"image\":{\"@id\":\"https:\\\/\\\/www.uartes.edu.ec\\\/sitio\\\/fr\\\/#\\\/schema\\\/logo\\\/image\\\/\"},\"sameAs\":[\"https:\\\/\\\/www.facebook.com\\\/uartesec\",\"https:\\\/\\\/x.com\\\/uartesec\",\"https:\\\/\\\/www.tiktok.com\\\/@uartesec\"]},{\"@type\":\"Person\",\"@id\":\"https:\\\/\\\/www.uartes.edu.ec\\\/sitio\\\/fr\\\/#\\\/schema\\\/person\\\/f33f8c1d2af0d5c80a38c8abf458184a\",\"name\":\"Universidad de las Artes\",\"image\":{\"@type\":\"ImageObject\",\"inLanguage\":\"fr-FR\",\"@id\":\"https:\\\/\\\/secure.gravatar.com\\\/avatar\\\/52e4757902f5cfa5ac52d020e5be83cae5487519154b6c35482fe08d589f3c13?s=96&d=mm&r=g\",\"url\":\"https:\\\/\\\/secure.gravatar.com\\\/avatar\\\/52e4757902f5cfa5ac52d020e5be83cae5487519154b6c35482fe08d589f3c13?s=96&d=mm&r=g\",\"contentUrl\":\"https:\\\/\\\/secure.gravatar.com\\\/avatar\\\/52e4757902f5cfa5ac52d020e5be83cae5487519154b6c35482fe08d589f3c13?s=96&d=mm&r=g\",\"caption\":\"Universidad de las Artes\"},\"url\":\"https:\\\/\\\/www.uartes.edu.ec\\\/sitio\\\/fr\\\/blog\\\/author\\\/dircomadm\\\/\"}]}<\/script>\n<!-- \/ Yoast SEO plugin. -->","yoast_head_json":{"title":"Universidad de las Artes - Agregada de la Embajada de Francia hizo una visita protocolar a la UArtes y se reuni\u00f3 con el rector William Herrera","description":"Universidad de las Artes - Agregada de la Embajada de Francia hizo una visita protocolar a la UArtes y se reuni\u00f3 con el rector William Herrera","robots":{"index":"index","follow":"follow","max-snippet":"max-snippet:-1","max-image-preview":"max-image-preview:large","max-video-preview":"max-video-preview:-1"},"canonical":"https:\/\/www.uartes.edu.ec\/sitio\/fr\/blog\/2022\/02\/18\/agregada-de-la-embajada-de-francia-visito-lauartes-y-se-reunio-con-el-rector-william-herrera\/","og_locale":"fr_FR","og_type":"article","og_title":"Universidad de las Artes - Agregada de la Embajada de Francia hizo una visita protocolar a la UArtes y se reuni\u00f3 con el rector William Herrera","og_description":"Universidad de las Artes - Agregada de la Embajada de Francia hizo una visita protocolar a la UArtes y se reuni\u00f3 con el rector William Herrera","og_url":"https:\/\/www.uartes.edu.ec\/sitio\/fr\/blog\/2022\/02\/18\/agregada-de-la-embajada-de-francia-visito-lauartes-y-se-reunio-con-el-rector-william-herrera\/","og_site_name":"Universidad de las Artes","article_publisher":"https:\/\/www.facebook.com\/uartesec","article_published_time":"2022-02-18T21:13:53+00:00","article_modified_time":"2024-07-04T16:23:56+00:00","og_image":[{"width":2000,"height":1333,"url":"https:\/\/www.uartes.edu.ec\/sitio\/wp-content\/uploads\/2022\/02\/FRANCESA-3.jpg","type":"image\/jpeg"}],"author":"Universidad de las Artes","twitter_card":"summary_large_image","twitter_creator":"@uartesec","twitter_site":"@uartesec","twitter_misc":{"\u00c9crit par":"Universidad de las Artes","Dur\u00e9e de lecture estim\u00e9e":"2 minutes"},"schema":{"@context":"https:\/\/schema.org","@graph":[{"@type":"Article","@id":"https:\/\/www.uartes.edu.ec\/sitio\/fr\/blog\/2022\/02\/18\/agregada-de-la-embajada-de-francia-visito-lauartes-y-se-reunio-con-el-rector-william-herrera\/#article","isPartOf":{"@id":"https:\/\/www.uartes.edu.ec\/sitio\/fr\/blog\/2022\/02\/18\/agregada-de-la-embajada-de-francia-visito-lauartes-y-se-reunio-con-el-rector-william-herrera\/"},"author":{"name":"Universidad de las Artes","@id":"https:\/\/www.uartes.edu.ec\/sitio\/fr\/#\/schema\/person\/f33f8c1d2af0d5c80a38c8abf458184a"},"headline":"Agregada de la Embajada de Francia hizo una visita protocolar a la UArtes y se reuni\u00f3 con el rector William Herrera","datePublished":"2022-02-18T21:13:53+00:00","dateModified":"2024-07-04T16:23:56+00:00","mainEntityOfPage":{"@id":"https:\/\/www.uartes.edu.ec\/sitio\/fr\/blog\/2022\/02\/18\/agregada-de-la-embajada-de-francia-visito-lauartes-y-se-reunio-con-el-rector-william-herrera\/"},"wordCount":340,"commentCount":0,"publisher":{"@id":"https:\/\/www.uartes.edu.ec\/sitio\/fr\/#organization"},"image":{"@id":"https:\/\/www.uartes.edu.ec\/sitio\/fr\/blog\/2022\/02\/18\/agregada-de-la-embajada-de-francia-visito-lauartes-y-se-reunio-con-el-rector-william-herrera\/#primaryimage"},"thumbnailUrl":"https:\/\/www.uartes.edu.ec\/sitio\/wp-content\/uploads\/2022\/02\/FRANCESA-3.jpg","keywords":["internacional","William Herrera"],"articleSection":["Gesti\u00f3n","Rectorado"],"inLanguage":"fr-FR","potentialAction":[{"@type":"CommentAction","name":"Comment","target":["https:\/\/www.uartes.edu.ec\/sitio\/fr\/blog\/2022\/02\/18\/agregada-de-la-embajada-de-francia-visito-lauartes-y-se-reunio-con-el-rector-william-herrera\/#respond"]}]},{"@type":["WebPage","ItemPage"],"@id":"https:\/\/www.uartes.edu.ec\/sitio\/fr\/blog\/2022\/02\/18\/agregada-de-la-embajada-de-francia-visito-lauartes-y-se-reunio-con-el-rector-william-herrera\/","url":"https:\/\/www.uartes.edu.ec\/sitio\/fr\/blog\/2022\/02\/18\/agregada-de-la-embajada-de-francia-visito-lauartes-y-se-reunio-con-el-rector-william-herrera\/","name":"Universidad de las Artes - Agregada de la Embajada de Francia hizo una visita protocolar a la UArtes y se reuni\u00f3 con el rector William Herrera","isPartOf":{"@id":"https:\/\/www.uartes.edu.ec\/sitio\/fr\/#website"},"primaryImageOfPage":{"@id":"https:\/\/www.uartes.edu.ec\/sitio\/fr\/blog\/2022\/02\/18\/agregada-de-la-embajada-de-francia-visito-lauartes-y-se-reunio-con-el-rector-william-herrera\/#primaryimage"},"image":{"@id":"https:\/\/www.uartes.edu.ec\/sitio\/fr\/blog\/2022\/02\/18\/agregada-de-la-embajada-de-francia-visito-lauartes-y-se-reunio-con-el-rector-william-herrera\/#primaryimage"},"thumbnailUrl":"https:\/\/www.uartes.edu.ec\/sitio\/wp-content\/uploads\/2022\/02\/FRANCESA-3.jpg","datePublished":"2022-02-18T21:13:53+00:00","dateModified":"2024-07-04T16:23:56+00:00","description":"Universidad de las Artes - Agregada de la Embajada de Francia hizo una visita protocolar a la UArtes y se reuni\u00f3 con el rector William Herrera","breadcrumb":{"@id":"https:\/\/www.uartes.edu.ec\/sitio\/fr\/blog\/2022\/02\/18\/agregada-de-la-embajada-de-francia-visito-lauartes-y-se-reunio-con-el-rector-william-herrera\/#breadcrumb"},"inLanguage":"fr-FR","potentialAction":[{"@type":"ReadAction","target":["https:\/\/www.uartes.edu.ec\/sitio\/fr\/blog\/2022\/02\/18\/agregada-de-la-embajada-de-francia-visito-lauartes-y-se-reunio-con-el-rector-william-herrera\/"]}]},{"@type":"ImageObject","inLanguage":"fr-FR","@id":"https:\/\/www.uartes.edu.ec\/sitio\/fr\/blog\/2022\/02\/18\/agregada-de-la-embajada-de-francia-visito-lauartes-y-se-reunio-con-el-rector-william-herrera\/#primaryimage","url":"https:\/\/www.uartes.edu.ec\/sitio\/wp-content\/uploads\/2022\/02\/FRANCESA-3.jpg","contentUrl":"https:\/\/www.uartes.edu.ec\/sitio\/wp-content\/uploads\/2022\/02\/FRANCESA-3.jpg","width":2000,"height":1333},{"@type":"BreadcrumbList","@id":"https:\/\/www.uartes.edu.ec\/sitio\/fr\/blog\/2022\/02\/18\/agregada-de-la-embajada-de-francia-visito-lauartes-y-se-reunio-con-el-rector-william-herrera\/#breadcrumb","itemListElement":[{"@type":"ListItem","position":1,"name":"Inicio","item":"https:\/\/www.uartes.edu.ec\/sitio\/"},{"@type":"ListItem","position":2,"name":"Agregada de la Embajada de Francia hizo una visita protocolar a la UArtes y se reuni\u00f3 con el rector William Herrera"}]},{"@type":"WebSite","@id":"https:\/\/www.uartes.edu.ec\/sitio\/fr\/#website","url":"https:\/\/www.uartes.edu.ec\/sitio\/fr\/","name":"Universidad de las Artes","description":"Sitio oficial de la Universidad Nacional de las Artes del Ecuador","publisher":{"@id":"https:\/\/www.uartes.edu.ec\/sitio\/fr\/#organization"},"potentialAction":[{"@type":"SearchAction","target":{"@type":"EntryPoint","urlTemplate":"https:\/\/www.uartes.edu.ec\/sitio\/fr\/?s={search_term_string}"},"query-input":{"@type":"PropertyValueSpecification","valueRequired":true,"valueName":"search_term_string"}}],"inLanguage":"fr-FR"},{"@type":"Organization","@id":"https:\/\/www.uartes.edu.ec\/sitio\/fr\/#organization","name":"Universidad de las Artes","url":"https:\/\/www.uartes.edu.ec\/sitio\/fr\/","logo":{"@type":"ImageObject","inLanguage":"fr-FR","@id":"https:\/\/www.uartes.edu.ec\/sitio\/fr\/#\/schema\/logo\/image\/","url":"https:\/\/www.uartes.edu.ec\/sitio\/wp-content\/uploads\/2022\/07\/logo-ua-horizontal.png","contentUrl":"https:\/\/www.uartes.edu.ec\/sitio\/wp-content\/uploads\/2022\/07\/logo-ua-horizontal.png","width":800,"height":276,"caption":"Universidad de las Artes"},"image":{"@id":"https:\/\/www.uartes.edu.ec\/sitio\/fr\/#\/schema\/logo\/image\/"},"sameAs":["https:\/\/www.facebook.com\/uartesec","https:\/\/x.com\/uartesec","https:\/\/www.tiktok.com\/@uartesec"]},{"@type":"Person","@id":"https:\/\/www.uartes.edu.ec\/sitio\/fr\/#\/schema\/person\/f33f8c1d2af0d5c80a38c8abf458184a","name":"Universidad de las Artes","image":{"@type":"ImageObject","inLanguage":"fr-FR","@id":"https:\/\/secure.gravatar.com\/avatar\/52e4757902f5cfa5ac52d020e5be83cae5487519154b6c35482fe08d589f3c13?s=96&d=mm&r=g","url":"https:\/\/secure.gravatar.com\/avatar\/52e4757902f5cfa5ac52d020e5be83cae5487519154b6c35482fe08d589f3c13?s=96&d=mm&r=g","contentUrl":"https:\/\/secure.gravatar.com\/avatar\/52e4757902f5cfa5ac52d020e5be83cae5487519154b6c35482fe08d589f3c13?s=96&d=mm&r=g","caption":"Universidad de las Artes"},"url":"https:\/\/www.uartes.edu.ec\/sitio\/fr\/blog\/author\/dircomadm\/"}]}},"uagb_featured_image_src":{"full":["https:\/\/www.uartes.edu.ec\/sitio\/wp-content\/uploads\/2022\/02\/FRANCESA-3.jpg",2000,1333,false],"thumbnail":["https:\/\/www.uartes.edu.ec\/sitio\/wp-content\/uploads\/2022\/02\/FRANCESA-3-150x150.jpg",150,150,true],"medium":["https:\/\/www.uartes.edu.ec\/sitio\/wp-content\/uploads\/2022\/02\/FRANCESA-3-300x200.jpg",300,200,true],"medium_large":["https:\/\/www.uartes.edu.ec\/sitio\/wp-content\/uploads\/2022\/02\/FRANCESA-3-768x512.jpg",768,512,true],"large":["https:\/\/www.uartes.edu.ec\/sitio\/wp-content\/uploads\/2022\/02\/FRANCESA-3-644x429.jpg",644,429,true],"1536x1536":["https:\/\/www.uartes.edu.ec\/sitio\/wp-content\/uploads\/2022\/02\/FRANCESA-3-1536x1024.jpg",1536,1024,true],"2048x2048":["https:\/\/www.uartes.edu.ec\/sitio\/wp-content\/uploads\/2022\/02\/FRANCESA-3.jpg",2000,1333,false],"trp-custom-language-flag":["https:\/\/www.uartes.edu.ec\/sitio\/wp-content\/uploads\/2022\/02\/FRANCESA-3.jpg",18,12,false],"htmega_size_585x295":["https:\/\/www.uartes.edu.ec\/sitio\/wp-content\/uploads\/2022\/02\/FRANCESA-3.jpg",443,295,false],"htmega_size_1170x536":["https:\/\/www.uartes.edu.ec\/sitio\/wp-content\/uploads\/2022\/02\/FRANCESA-3.jpg",804,536,false],"htmega_size_396x360":["https:\/\/www.uartes.edu.ec\/sitio\/wp-content\/uploads\/2022\/02\/FRANCESA-3.jpg",396,264,false],"gb-block-post-grid-landscape":["https:\/\/www.uartes.edu.ec\/sitio\/wp-content\/uploads\/2022\/02\/FRANCESA-3-600x400.jpg",600,400,true],"gb-block-post-grid-square":["https:\/\/www.uartes.edu.ec\/sitio\/wp-content\/uploads\/2022\/02\/FRANCESA-3-600x600.jpg",600,600,true],"university-hub-thumb":["https:\/\/www.uartes.edu.ec\/sitio\/wp-content\/uploads\/2022\/02\/FRANCESA-3-400x267.jpg",400,267,true]},"uagb_author_info":{"display_name":"Universidad de las Artes","author_link":"https:\/\/www.uartes.edu.ec\/sitio\/fr\/blog\/author\/dircomadm\/"},"uagb_comment_info":0,"uagb_excerpt":"El rector de la Universidad de las Artes, doctor William Herrera, recibi\u00f3 este jueves 10 de febrero de 2022 la visita protocolar de Lola Bonnet-Pol, agregada de Cooperaci\u00f3n Universitaria y Cient\u00edfica de la Embajada de Francia, con quien abord\u00f3 temas relacionados con una posible cooperaci\u00f3n del ente diplom\u00e1tico europeo y otras instituciones francesas.","featured_image_src":"https:\/\/www.uartes.edu.ec\/sitio\/wp-content\/uploads\/2022\/02\/FRANCESA-3-600x400.jpg","featured_image_src_square":"https:\/\/www.uartes.edu.ec\/sitio\/wp-content\/uploads\/2022\/02\/FRANCESA-3-600x600.jpg","author_info":{"display_name":"Universidad de las Artes","author_link":"https:\/\/www.uartes.edu.ec\/sitio\/fr\/blog\/author\/dircomadm\/"},"publishpress_future_workflow_manual_trigger":{"enabledWorkflows":[]},"distributor_meta":false,"distributor_terms":false,"distributor_media":false,"distributor_original_site_name":"Universidad de las Artes","distributor_original_site_url":"https:\/\/www.uartes.edu.ec\/sitio\/fr","push-errors":false,"_links":{"self":[{"href":"https:\/\/www.uartes.edu.ec\/sitio\/fr\/wp-json\/wp\/v2\/posts\/19685","targetHints":{"allow":["GET"]}}],"collection":[{"href":"https:\/\/www.uartes.edu.ec\/sitio\/fr\/wp-json\/wp\/v2\/posts"}],"about":[{"href":"https:\/\/www.uartes.edu.ec\/sitio\/fr\/wp-json\/wp\/v2\/types\/post"}],"author":[{"embeddable":true,"href":"https:\/\/www.uartes.edu.ec\/sitio\/fr\/wp-json\/wp\/v2\/users\/1"}],"replies":[{"embeddable":true,"href":"https:\/\/www.uartes.edu.ec\/sitio\/fr\/wp-json\/wp\/v2\/comments?post=19685"}],"version-history":[{"count":4,"href":"https:\/\/www.uartes.edu.ec\/sitio\/fr\/wp-json\/wp\/v2\/posts\/19685\/revisions"}],"predecessor-version":[{"id":19984,"href":"https:\/\/www.uartes.edu.ec\/sitio\/fr\/wp-json\/wp\/v2\/posts\/19685\/revisions\/19984"}],"wp:featuredmedia":[{"embeddable":true,"href":"https:\/\/www.uartes.edu.ec\/sitio\/fr\/wp-json\/wp\/v2\/media\/19682"}],"wp:attachment":[{"href":"https:\/\/www.uartes.edu.ec\/sitio\/fr\/wp-json\/wp\/v2\/media?parent=19685"}],"wp:term":[{"taxonomy":"category","embeddable":true,"href":"https:\/\/www.uartes.edu.ec\/sitio\/fr\/wp-json\/wp\/v2\/categories?post=19685"},{"taxonomy":"post_tag","embeddable":true,"href":"https:\/\/www.uartes.edu.ec\/sitio\/fr\/wp-json\/wp\/v2\/tags?post=19685"},{"taxonomy":"infouartes","embeddable":true,"href":"https:\/\/www.uartes.edu.ec\/sitio\/fr\/wp-json\/wp\/v2\/infouartes?post=19685"}],"curies":[{"name":"wp","href":"https:\/\/api.w.org\/{rel}","templated":true}]}}