{"id":19689,"date":"2022-02-18T17:07:33","date_gmt":"2022-02-18T22:07:33","guid":{"rendered":"http:\/\/www.uartes.edu.ec\/sitio\/?p=19689"},"modified":"2024-07-04T11:23:56","modified_gmt":"2024-07-04T16:23:56","slug":"uartes-presente-en-la-bienal-de-cuenca","status":"publish","type":"post","link":"https:\/\/www.uartes.edu.ec\/sitio\/fr\/blog\/2022\/02\/18\/uartes-presente-en-la-bienal-de-cuenca\/","title":{"rendered":"Una visita guiada a la obra de Cristian Villavicencio en la Bienal de Cuenca"},"content":{"rendered":"<p>El pasado viernes 11 de febrero representantes de la Universidad de las Artes estuvieron presentes en la edici\u00f3n n\u00famero 15 de la Bienal de Cuenca, denominada en este a\u00f1o como \u201cLa Bienal del Bioceno\u201d. Su tem\u00e1tica: <em>cambiar el verde por azul<\/em>. Este es un evento art\u00edstico de trascendencia para el arte contempor\u00e1neo, una de sus l\u00edneas conceptuales propone un acercamiento al arte como una forma de adoptar una posici\u00f3n ante la realidad.<\/p>\n\n\n\n<p>En el recorrido estuvo presente la directora de la Fundaci\u00f3n Municipal Bienal de Cuenca, Mgst. Katya Cazar; el rector de la Universidad de las Artes, doctor William Herrera; estudiantes de la carrera de Artes Visuales; funcionarios del Centro de Producci\u00f3n e Innovaci\u00f3n MZ14 de la UArtes, as\u00ed como otras autoridades y funcionarios de nuestra instituci\u00f3n de educaci\u00f3n superior. Pudieron conocer de cerca las exposiciones y propuestas de artistas nacionales e internacionales, en especial, la del docente Cristian Villavicencio, quien realiz\u00f3 una visita guiada a su obra <em>Tecnolog\u00edas de la\u202fExperiencia<\/em>.<\/p>\n\n\n\n<div class=\"wp-block-image\"><figure class=\"aligncenter size-full\"><img fetchpriority=\"high\" decoding=\"async\" width=\"2000\" height=\"1333\" src=\"http:\/\/www.uartes.edu.ec\/sitio\/wp-content\/uploads\/2022\/02\/BIENAL-CUENCA-WEB-02.jpg\" alt=\"\" class=\"wp-image-19690\" srcset=\"https:\/\/www.uartes.edu.ec\/sitio\/wp-content\/uploads\/2022\/02\/BIENAL-CUENCA-WEB-02.jpg 2000w, https:\/\/www.uartes.edu.ec\/sitio\/wp-content\/uploads\/2022\/02\/BIENAL-CUENCA-WEB-02-300x200.jpg 300w, https:\/\/www.uartes.edu.ec\/sitio\/wp-content\/uploads\/2022\/02\/BIENAL-CUENCA-WEB-02-644x429.jpg 644w, https:\/\/www.uartes.edu.ec\/sitio\/wp-content\/uploads\/2022\/02\/BIENAL-CUENCA-WEB-02-768x512.jpg 768w, https:\/\/www.uartes.edu.ec\/sitio\/wp-content\/uploads\/2022\/02\/BIENAL-CUENCA-WEB-02-1536x1024.jpg 1536w, https:\/\/www.uartes.edu.ec\/sitio\/wp-content\/uploads\/2022\/02\/BIENAL-CUENCA-WEB-02-600x400.jpg 600w, https:\/\/www.uartes.edu.ec\/sitio\/wp-content\/uploads\/2022\/02\/BIENAL-CUENCA-WEB-02-400x267.jpg 400w, https:\/\/www.uartes.edu.ec\/sitio\/wp-content\/uploads\/2022\/02\/BIENAL-CUENCA-WEB-02-272x182.jpg 272w\" sizes=\"(max-width: 2000px) 100vw, 2000px\" \/><\/figure><\/div>\n\n\n\n<p>\u00abLa obra del docente Cristian Villavicencio me trasmiti\u00f3 diversos saberes. Me gust\u00f3 esa contraposici\u00f3n de los elementos montados que buscaban dialogar uno con el otro.\u00a0En general, su investigaci\u00f3n me gusta porque trabaja desde el arte, la ciencia y la tecnolog\u00eda, esto es de mi inter\u00e9s en la pr\u00e1ctica art\u00edstica\u201d,<em> <\/em>coment\u00f3 Bel\u00e9n Mendoza, estudiante de la Escuela de Artes Visuales, quien form\u00f3 parte del recorrido.<\/p>\n\n\n\n<p>Por su parte, Villavicencio cont\u00f3 detalles sobre el proceso de montaje, el apoyo que tuvo de parte de la Universidad de las Artes y del Departamento de Ciencias Biol\u00f3gicas de la Escuela Polit\u00e9cnica Nacional, gesti\u00f3n que se logr\u00f3 a trav\u00e9s de un convenio de cooperaci\u00f3n entre ambas universidades p\u00fablicas.<\/p>\n\n\n\n<p>Las instalaciones de la Bienal de Cuenca se expanden hasta el centro de la capital azuaya, por esa raz\u00f3n no fue posible recorrer todas las sedes en un d\u00eda, sin embargo, \u201cla experiencia de haber visitado la bienal ha sido enriquecedora, colaborar en la organizaci\u00f3n con el equipo administrativo y poder ver la exposici\u00f3n de Cristian Villavicencio en vivo fue \u00fanica. La intervenci\u00f3n de los mediadores que gu\u00edan el recorrido en las exposiciones tambi\u00e9n fue excelente\u201d, coment\u00f3 Luisa Pozo, funcionaria de la UArtes.<\/p>\n\n\n\n<p>La Bienal de Cuenca cuenta con nueve sedes: Casa Sede Bienal de Cuenca, Museo Municipal de Arte Moderno \/ Casa de la Lira \/ Sala Proceso \/ Sal\u00f3n del Pueblo \/ Museo de la Ciudad (Escuela Central) \/ Alianza Francesa \/ Museo In Arte Contempor\u00e1neo \/ Museo Remigio Crespo. Estar\u00e1 abierta hasta el 28 de febrero del presente a\u00f1o.<\/p>","protected":false},"excerpt":{"rendered":"<p>El pasado viernes 11 de febrero representantes de la UArtes estuvieron presentes en la Bienal de Cuenca, que para este a\u00f1o \u2013en su edici\u00f3n 15\u2013 se llam\u00f3 \u201cLa Bienal del Bioceno\u201d. Su tem\u00e1tica: cambiar el verde por azul. Este es un evento art\u00edstico de trascendencia para el arte contempor\u00e1neo. Una de sus l\u00edneas conceptuales propone un acercamiento al arte como una forma de adoptar una posici\u00f3n ante la realidad.<\/p>","protected":false},"author":1,"featured_media":19691,"comment_status":"open","ping_status":"open","sticky":false,"template":"","format":"standard","meta":{"_acf_changed":false,"_uag_custom_page_level_css":"","_monsterinsights_skip_tracking":false,"_monsterinsights_sitenote_active":false,"_monsterinsights_sitenote_note":"","_monsterinsights_sitenote_category":0,"cybocfi_hide_featured_image":"","footnotes":""},"categories":[82,157,75,84],"tags":[631,281,405],"infouartes":[],"class_list":["post-19689","post","type-post","status-publish","format-standard","has-post-thumbnail","hentry","category-artes","category-artes-visuales","category-docentes","category-rectorado","tag-bienal-de-cuenca","tag-interinstitucional","tag-william-herrera"],"acf":[],"yoast_head":"<!-- This site is optimized with the Yoast SEO plugin v27.4 - https:\/\/yoast.com\/product\/yoast-seo-wordpress\/ -->\n<title>Universidad de las Artes - Una visita guiada a la obra de Cristian Villavicencio en la Bienal de Cuenca<\/title>\n<meta name=\"description\" content=\"Universidad de las Artes - Una visita guiada a la obra de Cristian Villavicencio en la Bienal de Cuenca\" \/>\n<meta name=\"robots\" content=\"index, follow, max-snippet:-1, max-image-preview:large, max-video-preview:-1\" \/>\n<link rel=\"canonical\" href=\"https:\/\/www.uartes.edu.ec\/sitio\/fr\/blog\/2022\/02\/18\/uartes-presente-en-la-bienal-de-cuenca\/\" \/>\n<meta property=\"og:locale\" content=\"fr_FR\" \/>\n<meta property=\"og:type\" content=\"article\" \/>\n<meta property=\"og:title\" content=\"Universidad de las Artes - Una visita guiada a la obra de Cristian Villavicencio en la Bienal de Cuenca\" \/>\n<meta property=\"og:description\" content=\"Universidad de las Artes - Una visita guiada a la obra de Cristian Villavicencio en la Bienal de Cuenca\" \/>\n<meta property=\"og:url\" content=\"https:\/\/www.uartes.edu.ec\/sitio\/fr\/blog\/2022\/02\/18\/uartes-presente-en-la-bienal-de-cuenca\/\" \/>\n<meta property=\"og:site_name\" content=\"Universidad de las Artes\" \/>\n<meta property=\"article:publisher\" content=\"https:\/\/www.facebook.com\/uartesec\" \/>\n<meta property=\"article:published_time\" content=\"2022-02-18T22:07:33+00:00\" \/>\n<meta property=\"article:modified_time\" content=\"2024-07-04T16:23:56+00:00\" \/>\n<meta property=\"og:image\" content=\"https:\/\/www.uartes.edu.ec\/sitio\/wp-content\/uploads\/2022\/02\/BIENAL-CUENCA-WEB-01.jpg\" \/>\n\t<meta property=\"og:image:width\" content=\"2000\" \/>\n\t<meta property=\"og:image:height\" content=\"1333\" \/>\n\t<meta property=\"og:image:type\" content=\"image\/jpeg\" \/>\n<meta name=\"author\" content=\"Universidad de las Artes\" \/>\n<meta name=\"twitter:card\" content=\"summary_large_image\" \/>\n<meta name=\"twitter:creator\" content=\"@uartesec\" \/>\n<meta name=\"twitter:site\" content=\"@uartesec\" \/>\n<meta name=\"twitter:label1\" content=\"\u00c9crit par\" \/>\n\t<meta name=\"twitter:data1\" content=\"Universidad de las Artes\" \/>\n\t<meta name=\"twitter:label2\" content=\"Dur\u00e9e de lecture estim\u00e9e\" \/>\n\t<meta name=\"twitter:data2\" content=\"3 minutes\" \/>\n<script type=\"application\/ld+json\" class=\"yoast-schema-graph\">{\"@context\":\"https:\\\/\\\/schema.org\",\"@graph\":[{\"@type\":\"Article\",\"@id\":\"https:\\\/\\\/www.uartes.edu.ec\\\/sitio\\\/fr\\\/blog\\\/2022\\\/02\\\/18\\\/uartes-presente-en-la-bienal-de-cuenca\\\/#article\",\"isPartOf\":{\"@id\":\"https:\\\/\\\/www.uartes.edu.ec\\\/sitio\\\/fr\\\/blog\\\/2022\\\/02\\\/18\\\/uartes-presente-en-la-bienal-de-cuenca\\\/\"},\"author\":{\"name\":\"Universidad de las Artes\",\"@id\":\"https:\\\/\\\/www.uartes.edu.ec\\\/sitio\\\/fr\\\/#\\\/schema\\\/person\\\/f33f8c1d2af0d5c80a38c8abf458184a\"},\"headline\":\"Una visita guiada a la obra de Cristian Villavicencio en la Bienal de Cuenca\",\"datePublished\":\"2022-02-18T22:07:33+00:00\",\"dateModified\":\"2024-07-04T16:23:56+00:00\",\"mainEntityOfPage\":{\"@id\":\"https:\\\/\\\/www.uartes.edu.ec\\\/sitio\\\/fr\\\/blog\\\/2022\\\/02\\\/18\\\/uartes-presente-en-la-bienal-de-cuenca\\\/\"},\"wordCount\":459,\"commentCount\":0,\"publisher\":{\"@id\":\"https:\\\/\\\/www.uartes.edu.ec\\\/sitio\\\/fr\\\/#organization\"},\"image\":{\"@id\":\"https:\\\/\\\/www.uartes.edu.ec\\\/sitio\\\/fr\\\/blog\\\/2022\\\/02\\\/18\\\/uartes-presente-en-la-bienal-de-cuenca\\\/#primaryimage\"},\"thumbnailUrl\":\"https:\\\/\\\/www.uartes.edu.ec\\\/sitio\\\/wp-content\\\/uploads\\\/2022\\\/02\\\/BIENAL-CUENCA-WEB-01.jpg\",\"keywords\":[\"Bienal de Cuenca\",\"interinstitucional\",\"William Herrera\"],\"articleSection\":[\"Artes\",\"Artes Visuales\",\"Docentes\",\"Rectorado\"],\"inLanguage\":\"fr-FR\",\"potentialAction\":[{\"@type\":\"CommentAction\",\"name\":\"Comment\",\"target\":[\"https:\\\/\\\/www.uartes.edu.ec\\\/sitio\\\/fr\\\/blog\\\/2022\\\/02\\\/18\\\/uartes-presente-en-la-bienal-de-cuenca\\\/#respond\"]}]},{\"@type\":[\"WebPage\",\"ItemPage\"],\"@id\":\"https:\\\/\\\/www.uartes.edu.ec\\\/sitio\\\/fr\\\/blog\\\/2022\\\/02\\\/18\\\/uartes-presente-en-la-bienal-de-cuenca\\\/\",\"url\":\"https:\\\/\\\/www.uartes.edu.ec\\\/sitio\\\/fr\\\/blog\\\/2022\\\/02\\\/18\\\/uartes-presente-en-la-bienal-de-cuenca\\\/\",\"name\":\"Universidad de las Artes - Una visita guiada a la obra de Cristian Villavicencio en la Bienal de Cuenca\",\"isPartOf\":{\"@id\":\"https:\\\/\\\/www.uartes.edu.ec\\\/sitio\\\/fr\\\/#website\"},\"primaryImageOfPage\":{\"@id\":\"https:\\\/\\\/www.uartes.edu.ec\\\/sitio\\\/fr\\\/blog\\\/2022\\\/02\\\/18\\\/uartes-presente-en-la-bienal-de-cuenca\\\/#primaryimage\"},\"image\":{\"@id\":\"https:\\\/\\\/www.uartes.edu.ec\\\/sitio\\\/fr\\\/blog\\\/2022\\\/02\\\/18\\\/uartes-presente-en-la-bienal-de-cuenca\\\/#primaryimage\"},\"thumbnailUrl\":\"https:\\\/\\\/www.uartes.edu.ec\\\/sitio\\\/wp-content\\\/uploads\\\/2022\\\/02\\\/BIENAL-CUENCA-WEB-01.jpg\",\"datePublished\":\"2022-02-18T22:07:33+00:00\",\"dateModified\":\"2024-07-04T16:23:56+00:00\",\"description\":\"Universidad de las Artes - Una visita guiada a la obra de Cristian Villavicencio en la Bienal de Cuenca\",\"breadcrumb\":{\"@id\":\"https:\\\/\\\/www.uartes.edu.ec\\\/sitio\\\/fr\\\/blog\\\/2022\\\/02\\\/18\\\/uartes-presente-en-la-bienal-de-cuenca\\\/#breadcrumb\"},\"inLanguage\":\"fr-FR\",\"potentialAction\":[{\"@type\":\"ReadAction\",\"target\":[\"https:\\\/\\\/www.uartes.edu.ec\\\/sitio\\\/fr\\\/blog\\\/2022\\\/02\\\/18\\\/uartes-presente-en-la-bienal-de-cuenca\\\/\"]}]},{\"@type\":\"ImageObject\",\"inLanguage\":\"fr-FR\",\"@id\":\"https:\\\/\\\/www.uartes.edu.ec\\\/sitio\\\/fr\\\/blog\\\/2022\\\/02\\\/18\\\/uartes-presente-en-la-bienal-de-cuenca\\\/#primaryimage\",\"url\":\"https:\\\/\\\/www.uartes.edu.ec\\\/sitio\\\/wp-content\\\/uploads\\\/2022\\\/02\\\/BIENAL-CUENCA-WEB-01.jpg\",\"contentUrl\":\"https:\\\/\\\/www.uartes.edu.ec\\\/sitio\\\/wp-content\\\/uploads\\\/2022\\\/02\\\/BIENAL-CUENCA-WEB-01.jpg\",\"width\":2000,\"height\":1333},{\"@type\":\"BreadcrumbList\",\"@id\":\"https:\\\/\\\/www.uartes.edu.ec\\\/sitio\\\/fr\\\/blog\\\/2022\\\/02\\\/18\\\/uartes-presente-en-la-bienal-de-cuenca\\\/#breadcrumb\",\"itemListElement\":[{\"@type\":\"ListItem\",\"position\":1,\"name\":\"Inicio\",\"item\":\"https:\\\/\\\/www.uartes.edu.ec\\\/sitio\\\/\"},{\"@type\":\"ListItem\",\"position\":2,\"name\":\"Una visita guiada a la obra de Cristian Villavicencio en la Bienal de Cuenca\"}]},{\"@type\":\"WebSite\",\"@id\":\"https:\\\/\\\/www.uartes.edu.ec\\\/sitio\\\/fr\\\/#website\",\"url\":\"https:\\\/\\\/www.uartes.edu.ec\\\/sitio\\\/fr\\\/\",\"name\":\"Universidad de las Artes\",\"description\":\"Sitio oficial de la Universidad Nacional de las Artes del Ecuador\",\"publisher\":{\"@id\":\"https:\\\/\\\/www.uartes.edu.ec\\\/sitio\\\/fr\\\/#organization\"},\"potentialAction\":[{\"@type\":\"SearchAction\",\"target\":{\"@type\":\"EntryPoint\",\"urlTemplate\":\"https:\\\/\\\/www.uartes.edu.ec\\\/sitio\\\/fr\\\/?s={search_term_string}\"},\"query-input\":{\"@type\":\"PropertyValueSpecification\",\"valueRequired\":true,\"valueName\":\"search_term_string\"}}],\"inLanguage\":\"fr-FR\"},{\"@type\":\"Organization\",\"@id\":\"https:\\\/\\\/www.uartes.edu.ec\\\/sitio\\\/fr\\\/#organization\",\"name\":\"Universidad de las Artes\",\"url\":\"https:\\\/\\\/www.uartes.edu.ec\\\/sitio\\\/fr\\\/\",\"logo\":{\"@type\":\"ImageObject\",\"inLanguage\":\"fr-FR\",\"@id\":\"https:\\\/\\\/www.uartes.edu.ec\\\/sitio\\\/fr\\\/#\\\/schema\\\/logo\\\/image\\\/\",\"url\":\"https:\\\/\\\/www.uartes.edu.ec\\\/sitio\\\/wp-content\\\/uploads\\\/2022\\\/07\\\/logo-ua-horizontal.png\",\"contentUrl\":\"https:\\\/\\\/www.uartes.edu.ec\\\/sitio\\\/wp-content\\\/uploads\\\/2022\\\/07\\\/logo-ua-horizontal.png\",\"width\":800,\"height\":276,\"caption\":\"Universidad de las Artes\"},\"image\":{\"@id\":\"https:\\\/\\\/www.uartes.edu.ec\\\/sitio\\\/fr\\\/#\\\/schema\\\/logo\\\/image\\\/\"},\"sameAs\":[\"https:\\\/\\\/www.facebook.com\\\/uartesec\",\"https:\\\/\\\/x.com\\\/uartesec\",\"https:\\\/\\\/www.tiktok.com\\\/@uartesec\"]},{\"@type\":\"Person\",\"@id\":\"https:\\\/\\\/www.uartes.edu.ec\\\/sitio\\\/fr\\\/#\\\/schema\\\/person\\\/f33f8c1d2af0d5c80a38c8abf458184a\",\"name\":\"Universidad de las Artes\",\"image\":{\"@type\":\"ImageObject\",\"inLanguage\":\"fr-FR\",\"@id\":\"https:\\\/\\\/secure.gravatar.com\\\/avatar\\\/52e4757902f5cfa5ac52d020e5be83cae5487519154b6c35482fe08d589f3c13?s=96&d=mm&r=g\",\"url\":\"https:\\\/\\\/secure.gravatar.com\\\/avatar\\\/52e4757902f5cfa5ac52d020e5be83cae5487519154b6c35482fe08d589f3c13?s=96&d=mm&r=g\",\"contentUrl\":\"https:\\\/\\\/secure.gravatar.com\\\/avatar\\\/52e4757902f5cfa5ac52d020e5be83cae5487519154b6c35482fe08d589f3c13?s=96&d=mm&r=g\",\"caption\":\"Universidad de las Artes\"},\"url\":\"https:\\\/\\\/www.uartes.edu.ec\\\/sitio\\\/fr\\\/blog\\\/author\\\/dircomadm\\\/\"}]}<\/script>\n<!-- \/ Yoast SEO plugin. -->","yoast_head_json":{"title":"Universidad de las Artes - Una visita guiada a la obra de Cristian Villavicencio en la Bienal de Cuenca","description":"Universidad de las Artes - Una visita guiada a la obra de Cristian Villavicencio en la Bienal de Cuenca","robots":{"index":"index","follow":"follow","max-snippet":"max-snippet:-1","max-image-preview":"max-image-preview:large","max-video-preview":"max-video-preview:-1"},"canonical":"https:\/\/www.uartes.edu.ec\/sitio\/fr\/blog\/2022\/02\/18\/uartes-presente-en-la-bienal-de-cuenca\/","og_locale":"fr_FR","og_type":"article","og_title":"Universidad de las Artes - Una visita guiada a la obra de Cristian Villavicencio en la Bienal de Cuenca","og_description":"Universidad de las Artes - Una visita guiada a la obra de Cristian Villavicencio en la Bienal de Cuenca","og_url":"https:\/\/www.uartes.edu.ec\/sitio\/fr\/blog\/2022\/02\/18\/uartes-presente-en-la-bienal-de-cuenca\/","og_site_name":"Universidad de las Artes","article_publisher":"https:\/\/www.facebook.com\/uartesec","article_published_time":"2022-02-18T22:07:33+00:00","article_modified_time":"2024-07-04T16:23:56+00:00","og_image":[{"width":2000,"height":1333,"url":"https:\/\/www.uartes.edu.ec\/sitio\/wp-content\/uploads\/2022\/02\/BIENAL-CUENCA-WEB-01.jpg","type":"image\/jpeg"}],"author":"Universidad de las Artes","twitter_card":"summary_large_image","twitter_creator":"@uartesec","twitter_site":"@uartesec","twitter_misc":{"\u00c9crit par":"Universidad de las Artes","Dur\u00e9e de lecture estim\u00e9e":"3 minutes"},"schema":{"@context":"https:\/\/schema.org","@graph":[{"@type":"Article","@id":"https:\/\/www.uartes.edu.ec\/sitio\/fr\/blog\/2022\/02\/18\/uartes-presente-en-la-bienal-de-cuenca\/#article","isPartOf":{"@id":"https:\/\/www.uartes.edu.ec\/sitio\/fr\/blog\/2022\/02\/18\/uartes-presente-en-la-bienal-de-cuenca\/"},"author":{"name":"Universidad de las Artes","@id":"https:\/\/www.uartes.edu.ec\/sitio\/fr\/#\/schema\/person\/f33f8c1d2af0d5c80a38c8abf458184a"},"headline":"Una visita guiada a la obra de Cristian Villavicencio en la Bienal de Cuenca","datePublished":"2022-02-18T22:07:33+00:00","dateModified":"2024-07-04T16:23:56+00:00","mainEntityOfPage":{"@id":"https:\/\/www.uartes.edu.ec\/sitio\/fr\/blog\/2022\/02\/18\/uartes-presente-en-la-bienal-de-cuenca\/"},"wordCount":459,"commentCount":0,"publisher":{"@id":"https:\/\/www.uartes.edu.ec\/sitio\/fr\/#organization"},"image":{"@id":"https:\/\/www.uartes.edu.ec\/sitio\/fr\/blog\/2022\/02\/18\/uartes-presente-en-la-bienal-de-cuenca\/#primaryimage"},"thumbnailUrl":"https:\/\/www.uartes.edu.ec\/sitio\/wp-content\/uploads\/2022\/02\/BIENAL-CUENCA-WEB-01.jpg","keywords":["Bienal de Cuenca","interinstitucional","William Herrera"],"articleSection":["Artes","Artes Visuales","Docentes","Rectorado"],"inLanguage":"fr-FR","potentialAction":[{"@type":"CommentAction","name":"Comment","target":["https:\/\/www.uartes.edu.ec\/sitio\/fr\/blog\/2022\/02\/18\/uartes-presente-en-la-bienal-de-cuenca\/#respond"]}]},{"@type":["WebPage","ItemPage"],"@id":"https:\/\/www.uartes.edu.ec\/sitio\/fr\/blog\/2022\/02\/18\/uartes-presente-en-la-bienal-de-cuenca\/","url":"https:\/\/www.uartes.edu.ec\/sitio\/fr\/blog\/2022\/02\/18\/uartes-presente-en-la-bienal-de-cuenca\/","name":"Universidad de las Artes - Una visita guiada a la obra de Cristian Villavicencio en la Bienal de Cuenca","isPartOf":{"@id":"https:\/\/www.uartes.edu.ec\/sitio\/fr\/#website"},"primaryImageOfPage":{"@id":"https:\/\/www.uartes.edu.ec\/sitio\/fr\/blog\/2022\/02\/18\/uartes-presente-en-la-bienal-de-cuenca\/#primaryimage"},"image":{"@id":"https:\/\/www.uartes.edu.ec\/sitio\/fr\/blog\/2022\/02\/18\/uartes-presente-en-la-bienal-de-cuenca\/#primaryimage"},"thumbnailUrl":"https:\/\/www.uartes.edu.ec\/sitio\/wp-content\/uploads\/2022\/02\/BIENAL-CUENCA-WEB-01.jpg","datePublished":"2022-02-18T22:07:33+00:00","dateModified":"2024-07-04T16:23:56+00:00","description":"Universidad de las Artes - Una visita guiada a la obra de Cristian Villavicencio en la Bienal de Cuenca","breadcrumb":{"@id":"https:\/\/www.uartes.edu.ec\/sitio\/fr\/blog\/2022\/02\/18\/uartes-presente-en-la-bienal-de-cuenca\/#breadcrumb"},"inLanguage":"fr-FR","potentialAction":[{"@type":"ReadAction","target":["https:\/\/www.uartes.edu.ec\/sitio\/fr\/blog\/2022\/02\/18\/uartes-presente-en-la-bienal-de-cuenca\/"]}]},{"@type":"ImageObject","inLanguage":"fr-FR","@id":"https:\/\/www.uartes.edu.ec\/sitio\/fr\/blog\/2022\/02\/18\/uartes-presente-en-la-bienal-de-cuenca\/#primaryimage","url":"https:\/\/www.uartes.edu.ec\/sitio\/wp-content\/uploads\/2022\/02\/BIENAL-CUENCA-WEB-01.jpg","contentUrl":"https:\/\/www.uartes.edu.ec\/sitio\/wp-content\/uploads\/2022\/02\/BIENAL-CUENCA-WEB-01.jpg","width":2000,"height":1333},{"@type":"BreadcrumbList","@id":"https:\/\/www.uartes.edu.ec\/sitio\/fr\/blog\/2022\/02\/18\/uartes-presente-en-la-bienal-de-cuenca\/#breadcrumb","itemListElement":[{"@type":"ListItem","position":1,"name":"Inicio","item":"https:\/\/www.uartes.edu.ec\/sitio\/"},{"@type":"ListItem","position":2,"name":"Una visita guiada a la obra de Cristian Villavicencio en la Bienal de Cuenca"}]},{"@type":"WebSite","@id":"https:\/\/www.uartes.edu.ec\/sitio\/fr\/#website","url":"https:\/\/www.uartes.edu.ec\/sitio\/fr\/","name":"Universidad de las Artes","description":"Sitio oficial de la Universidad Nacional de las Artes del Ecuador","publisher":{"@id":"https:\/\/www.uartes.edu.ec\/sitio\/fr\/#organization"},"potentialAction":[{"@type":"SearchAction","target":{"@type":"EntryPoint","urlTemplate":"https:\/\/www.uartes.edu.ec\/sitio\/fr\/?s={search_term_string}"},"query-input":{"@type":"PropertyValueSpecification","valueRequired":true,"valueName":"search_term_string"}}],"inLanguage":"fr-FR"},{"@type":"Organization","@id":"https:\/\/www.uartes.edu.ec\/sitio\/fr\/#organization","name":"Universidad de las Artes","url":"https:\/\/www.uartes.edu.ec\/sitio\/fr\/","logo":{"@type":"ImageObject","inLanguage":"fr-FR","@id":"https:\/\/www.uartes.edu.ec\/sitio\/fr\/#\/schema\/logo\/image\/","url":"https:\/\/www.uartes.edu.ec\/sitio\/wp-content\/uploads\/2022\/07\/logo-ua-horizontal.png","contentUrl":"https:\/\/www.uartes.edu.ec\/sitio\/wp-content\/uploads\/2022\/07\/logo-ua-horizontal.png","width":800,"height":276,"caption":"Universidad de las Artes"},"image":{"@id":"https:\/\/www.uartes.edu.ec\/sitio\/fr\/#\/schema\/logo\/image\/"},"sameAs":["https:\/\/www.facebook.com\/uartesec","https:\/\/x.com\/uartesec","https:\/\/www.tiktok.com\/@uartesec"]},{"@type":"Person","@id":"https:\/\/www.uartes.edu.ec\/sitio\/fr\/#\/schema\/person\/f33f8c1d2af0d5c80a38c8abf458184a","name":"Universidad de las Artes","image":{"@type":"ImageObject","inLanguage":"fr-FR","@id":"https:\/\/secure.gravatar.com\/avatar\/52e4757902f5cfa5ac52d020e5be83cae5487519154b6c35482fe08d589f3c13?s=96&d=mm&r=g","url":"https:\/\/secure.gravatar.com\/avatar\/52e4757902f5cfa5ac52d020e5be83cae5487519154b6c35482fe08d589f3c13?s=96&d=mm&r=g","contentUrl":"https:\/\/secure.gravatar.com\/avatar\/52e4757902f5cfa5ac52d020e5be83cae5487519154b6c35482fe08d589f3c13?s=96&d=mm&r=g","caption":"Universidad de las Artes"},"url":"https:\/\/www.uartes.edu.ec\/sitio\/fr\/blog\/author\/dircomadm\/"}]}},"uagb_featured_image_src":{"full":["https:\/\/www.uartes.edu.ec\/sitio\/wp-content\/uploads\/2022\/02\/BIENAL-CUENCA-WEB-01.jpg",2000,1333,false],"thumbnail":["https:\/\/www.uartes.edu.ec\/sitio\/wp-content\/uploads\/2022\/02\/BIENAL-CUENCA-WEB-01-150x150.jpg",150,150,true],"medium":["https:\/\/www.uartes.edu.ec\/sitio\/wp-content\/uploads\/2022\/02\/BIENAL-CUENCA-WEB-01-300x200.jpg",300,200,true],"medium_large":["https:\/\/www.uartes.edu.ec\/sitio\/wp-content\/uploads\/2022\/02\/BIENAL-CUENCA-WEB-01-768x512.jpg",768,512,true],"large":["https:\/\/www.uartes.edu.ec\/sitio\/wp-content\/uploads\/2022\/02\/BIENAL-CUENCA-WEB-01-644x429.jpg",644,429,true],"1536x1536":["https:\/\/www.uartes.edu.ec\/sitio\/wp-content\/uploads\/2022\/02\/BIENAL-CUENCA-WEB-01-1536x1024.jpg",1536,1024,true],"2048x2048":["https:\/\/www.uartes.edu.ec\/sitio\/wp-content\/uploads\/2022\/02\/BIENAL-CUENCA-WEB-01.jpg",2000,1333,false],"trp-custom-language-flag":["https:\/\/www.uartes.edu.ec\/sitio\/wp-content\/uploads\/2022\/02\/BIENAL-CUENCA-WEB-01.jpg",18,12,false],"htmega_size_585x295":["https:\/\/www.uartes.edu.ec\/sitio\/wp-content\/uploads\/2022\/02\/BIENAL-CUENCA-WEB-01.jpg",443,295,false],"htmega_size_1170x536":["https:\/\/www.uartes.edu.ec\/sitio\/wp-content\/uploads\/2022\/02\/BIENAL-CUENCA-WEB-01.jpg",804,536,false],"htmega_size_396x360":["https:\/\/www.uartes.edu.ec\/sitio\/wp-content\/uploads\/2022\/02\/BIENAL-CUENCA-WEB-01.jpg",396,264,false],"gb-block-post-grid-landscape":["https:\/\/www.uartes.edu.ec\/sitio\/wp-content\/uploads\/2022\/02\/BIENAL-CUENCA-WEB-01-600x400.jpg",600,400,true],"gb-block-post-grid-square":["https:\/\/www.uartes.edu.ec\/sitio\/wp-content\/uploads\/2022\/02\/BIENAL-CUENCA-WEB-01-600x600.jpg",600,600,true],"university-hub-thumb":["https:\/\/www.uartes.edu.ec\/sitio\/wp-content\/uploads\/2022\/02\/BIENAL-CUENCA-WEB-01-400x267.jpg",400,267,true]},"uagb_author_info":{"display_name":"Universidad de las Artes","author_link":"https:\/\/www.uartes.edu.ec\/sitio\/fr\/blog\/author\/dircomadm\/"},"uagb_comment_info":0,"uagb_excerpt":"El pasado viernes 11 de febrero representantes de la UArtes estuvieron presentes en la Bienal de Cuenca, que para este a\u00f1o \u2013en su edici\u00f3n 15\u2013 se llam\u00f3 \u201cLa Bienal del Bioceno\u201d. Su tem\u00e1tica: cambiar el verde por azul. Este es un evento art\u00edstico de trascendencia para el arte contempor\u00e1neo. Una de sus l\u00edneas conceptuales propone\u2026","featured_image_src":"https:\/\/www.uartes.edu.ec\/sitio\/wp-content\/uploads\/2022\/02\/BIENAL-CUENCA-WEB-01-600x400.jpg","featured_image_src_square":"https:\/\/www.uartes.edu.ec\/sitio\/wp-content\/uploads\/2022\/02\/BIENAL-CUENCA-WEB-01-600x600.jpg","author_info":{"display_name":"Universidad de las Artes","author_link":"https:\/\/www.uartes.edu.ec\/sitio\/fr\/blog\/author\/dircomadm\/"},"publishpress_future_workflow_manual_trigger":{"enabledWorkflows":[]},"distributor_meta":false,"distributor_terms":false,"distributor_media":false,"distributor_original_site_name":"Universidad de las Artes","distributor_original_site_url":"https:\/\/www.uartes.edu.ec\/sitio\/fr","push-errors":false,"_links":{"self":[{"href":"https:\/\/www.uartes.edu.ec\/sitio\/fr\/wp-json\/wp\/v2\/posts\/19689","targetHints":{"allow":["GET"]}}],"collection":[{"href":"https:\/\/www.uartes.edu.ec\/sitio\/fr\/wp-json\/wp\/v2\/posts"}],"about":[{"href":"https:\/\/www.uartes.edu.ec\/sitio\/fr\/wp-json\/wp\/v2\/types\/post"}],"author":[{"embeddable":true,"href":"https:\/\/www.uartes.edu.ec\/sitio\/fr\/wp-json\/wp\/v2\/users\/1"}],"replies":[{"embeddable":true,"href":"https:\/\/www.uartes.edu.ec\/sitio\/fr\/wp-json\/wp\/v2\/comments?post=19689"}],"version-history":[{"count":19,"href":"https:\/\/www.uartes.edu.ec\/sitio\/fr\/wp-json\/wp\/v2\/posts\/19689\/revisions"}],"predecessor-version":[{"id":19976,"href":"https:\/\/www.uartes.edu.ec\/sitio\/fr\/wp-json\/wp\/v2\/posts\/19689\/revisions\/19976"}],"wp:featuredmedia":[{"embeddable":true,"href":"https:\/\/www.uartes.edu.ec\/sitio\/fr\/wp-json\/wp\/v2\/media\/19691"}],"wp:attachment":[{"href":"https:\/\/www.uartes.edu.ec\/sitio\/fr\/wp-json\/wp\/v2\/media?parent=19689"}],"wp:term":[{"taxonomy":"category","embeddable":true,"href":"https:\/\/www.uartes.edu.ec\/sitio\/fr\/wp-json\/wp\/v2\/categories?post=19689"},{"taxonomy":"post_tag","embeddable":true,"href":"https:\/\/www.uartes.edu.ec\/sitio\/fr\/wp-json\/wp\/v2\/tags?post=19689"},{"taxonomy":"infouartes","embeddable":true,"href":"https:\/\/www.uartes.edu.ec\/sitio\/fr\/wp-json\/wp\/v2\/infouartes?post=19689"}],"curies":[{"name":"wp","href":"https:\/\/api.w.org\/{rel}","templated":true}]}}