{"id":19915,"date":"2022-03-09T13:57:54","date_gmt":"2022-03-09T18:57:54","guid":{"rendered":"http:\/\/www.uartes.edu.ec\/sitio\/?p=19915"},"modified":"2024-07-04T11:23:53","modified_gmt":"2024-07-04T16:23:53","slug":"temas-sociohistoricos-en-desde-la-verde-cunaprimera-muestra-individual-de-stefany-guzman","status":"publish","type":"post","link":"https:\/\/www.uartes.edu.ec\/sitio\/fr\/blog\/2022\/03\/09\/temas-sociohistoricos-en-desde-la-verde-cunaprimera-muestra-individual-de-stefany-guzman\/","title":{"rendered":"Temas sociohist\u00f3ricos en \u201cDesde la verde cuna\u201d, la primera exposici\u00f3n individual de Stefany Guzm\u00e1n M."},"content":{"rendered":"<p>Los espacios expositivos no son desconocidos para Stefany Guzm\u00e1n Morales, estudiante de la Escuela de Artes Visuales de la Universidad de las Artes. Ha participado en casi una veintena de muestras colectivas, pero la que inaugurar\u00e1 este jueves 10 de marzo es a\u00fan m\u00e1s especial, se\u00f1ala. Y es que ser\u00e1 su primera exposici\u00f3n individual. La titul\u00f3 <em>Desde la verde cuna <\/em>y en ella recoge memorias e im\u00e1genes remotas de su infancia, relacionadas al banano y al mar.<\/p>\n\n\n\n<p>Stefany Guzm\u00e1n acaba de egresar del itinerario de Investigaci\u00f3n y Creaci\u00f3n Pict\u00f3rica y para su propuesta puso en pr\u00e1ctica los conocimientos asimilados. Sus indagaciones para <em>Desde la verde cuna, <\/em>comenta, la llevaron hacia temas de inter\u00e9s sociohist\u00f3rico, derivados del monocultivo del banano en el Litoral ecuatoriano \u2013principalmente\u2013 y en Latinoam\u00e9rica, y su impacto en nuestra realidad cultural.<\/p>\n\n\n\n<p>La exposici\u00f3n aborda la represi\u00f3n a los trabajadores sindicalizados de la hacienda bananera Los \u00c1lamos, en Puerto Inca, Guayas (abril de 2002) y la Masacre de las Bananeras en Colombia (diciembre de 1928); el uso indiscriminado de agrot\u00f3xicos con grave impacto para la salud y el deterioro acelerado del medioambiente, as\u00ed como la imposici\u00f3n de una hegemon\u00eda cultural en torno a la fruta para generar un discurso positivo que valide el monocultivo del banano, explica la estudiante.<\/p>\n\n\n\n<p><em>Desde la verde cuna <\/em>se exhibir\u00e1 en el Museo Presley Norton, donde estar\u00e1 hasta el 26 de este mes. La componen 24 piezas bidimensionales (obras y bocetos) que surgieron de un riguroso proceso de investigaci\u00f3n documental y experimentaciones pl\u00e1sticas que Stefany Guzm\u00e1n inici\u00f3 en los primeros meses de 2020.<\/p>\n\n\n\n<p>La artista visual convoca en su producci\u00f3n, a trav\u00e9s del uso de papel, hojas de banano, textiles y otros materiales, la sintomatolog\u00eda del <em>Foc R4T <\/em>o <em>Mal de Panam\u00e1<\/em> (hongo del banano y otras especies) y lo barroco a trav\u00e9s de patrones para tratar estos temas de inter\u00e9s.<\/p>\n\n\n\n<div class=\"wp-block-image\"><figure class=\"aligncenter size-large\"><img fetchpriority=\"high\" decoding=\"async\" width=\"644\" height=\"429\" src=\"http:\/\/www.uartes.edu.ec\/sitio\/wp-content\/uploads\/2022\/03\/Stefany-Guzman-Morales-foto-prensa-1-644x429.jpg\" alt=\"\" class=\"wp-image-20120\" srcset=\"https:\/\/www.uartes.edu.ec\/sitio\/wp-content\/uploads\/2022\/03\/Stefany-Guzman-Morales-foto-prensa-1-644x429.jpg 644w, https:\/\/www.uartes.edu.ec\/sitio\/wp-content\/uploads\/2022\/03\/Stefany-Guzman-Morales-foto-prensa-1-768x511.jpg 768w, https:\/\/www.uartes.edu.ec\/sitio\/wp-content\/uploads\/2022\/03\/Stefany-Guzman-Morales-foto-prensa-1.jpg 2000w, https:\/\/www.uartes.edu.ec\/sitio\/wp-content\/uploads\/2022\/03\/Stefany-Guzman-Morales-foto-prensa-1-600x399.jpg 600w, https:\/\/www.uartes.edu.ec\/sitio\/wp-content\/uploads\/2022\/03\/Stefany-Guzman-Morales-foto-prensa-1-272x182.jpg 272w\" sizes=\"(max-width: 644px) 100vw, 644px\" \/><figcaption>La artista con una de sus obras. Stefany Guzm\u00e1n prepara recorridos guiados el 19 y 26, de 11:00 a 13:30.<\/figcaption><\/figure><\/div>\n\n\n\n<p>Stefany Guzm\u00e1n agrega que su proyecto art\u00edstico lo desarroll\u00f3 durante la materia Po\u00e9ticas Pict\u00f3ricas II, impartida por el docente Saidel Brito.<\/p>\n\n\n\n<p>El nombre de su exposici\u00f3n lo tom\u00f3 de los primeros versos del poema <em>Machala, amor y esperanza<\/em> (1949), que se\u00f1ala como muy popular por la versi\u00f3n musicalizada de Jos\u00e9 Antonio Jara. Su autor, Kl\u00e9ber Franco Cruz (escritor, poeta y compositor machale\u00f1o) posiblemente alude a la estabilidad econ\u00f3mica que el auge del banano daba a la capital orense: \u00abEn una verde cuna, mecida por los vientos, est\u00e1 Machala hermosa, un poema, una canci\u00f3n\u00bb. En otra interpretaci\u00f3n, el poeta pudo haberse referido a la cualidad arb\u00f3rea de Machala, antes de su expansi\u00f3n urbana.<\/p>\n\n\n\n<p>La curadur\u00eda de <em>Desde la verde cuna <\/em>la hizo Enrique A. Madrid, artista visual, gestor cultural y curador de varias muestras internacionales.<\/p>\n\n\n\n<p>Los horarios de atenci\u00f3n del Museo Presley Norton (9 de Octubre y Carchi) son: de martes a viernes, de 10:00 a 16:30 (\u00faltima hora de ingreso); s\u00e1bado, de 11:00 a 15:30 (\u00faltima hora de ingreso).<\/p>\n\n\n\n<p>Artistas y p\u00fablico en general pueden agendar un recorrido guiado por la artista a trav\u00e9s de estos medios: Instagram y Facebook: @stefanyguzmanm<\/p>\n\n\n\n<p>Para m\u00e1s informaci\u00f3n sobre su obra, pueden visitar su p\u00e1gina stefanyguzman.wordpress.com<\/p>\n\n\n\n<div class=\"wp-block-image\"><figure class=\"aligncenter size-large\"><img decoding=\"async\" width=\"644\" height=\"429\" src=\"http:\/\/www.uartes.edu.ec\/sitio\/wp-content\/uploads\/2022\/03\/DESDE-LA-VERDE-CUNA-WEB-644x429.jpg\" alt=\"\" class=\"wp-image-19917\" srcset=\"https:\/\/www.uartes.edu.ec\/sitio\/wp-content\/uploads\/2022\/03\/DESDE-LA-VERDE-CUNA-WEB-644x429.jpg 644w, https:\/\/www.uartes.edu.ec\/sitio\/wp-content\/uploads\/2022\/03\/DESDE-LA-VERDE-CUNA-WEB-768x511.jpg 768w, https:\/\/www.uartes.edu.ec\/sitio\/wp-content\/uploads\/2022\/03\/DESDE-LA-VERDE-CUNA-WEB.jpg 2000w, https:\/\/www.uartes.edu.ec\/sitio\/wp-content\/uploads\/2022\/03\/DESDE-LA-VERDE-CUNA-WEB-600x399.jpg 600w, https:\/\/www.uartes.edu.ec\/sitio\/wp-content\/uploads\/2022\/03\/DESDE-LA-VERDE-CUNA-WEB-272x182.jpg 272w\" sizes=\"(max-width: 644px) 100vw, 644px\" \/><\/figure><\/div>\n\n\n\n<p>Im\u00e1genes: La principal es la obra <em>Barroco provinciano I<\/em> (2021), mixta sobre hoja de banano: l\u00e1piz 8 B, grafito Monolith y acr\u00edlico sobre papel Canson Montval de 185 g., acr\u00edlico sobre lona 29.5 x 29.5 cm. Sobre estas l\u00edneas, afiche de la muestra.<\/p>","protected":false},"excerpt":{"rendered":"<p>Los espacios expositivos no son desconocidos para Stefany Guzm\u00e1n Morales, estudiante de la Escuela de Artes Visuales de la UArtes. Ha participado en casi una veintena de muestras colectivas, pero la que inaugurar\u00e1 este 10 de marzo es a\u00fan m\u00e1s especial. Ser\u00e1 su primera individual. La titul\u00f3 \u00abDesde la verde cuna\u00bb y en ella aborda temas de inter\u00e9s sociohist\u00f3rico.<\/p>","protected":false},"author":10,"featured_media":19916,"comment_status":"open","ping_status":"open","sticky":false,"template":"","format":"standard","meta":{"_acf_changed":false,"_uag_custom_page_level_css":"","_monsterinsights_skip_tracking":false,"_monsterinsights_sitenote_active":false,"_monsterinsights_sitenote_note":"","_monsterinsights_sitenote_category":0,"cybocfi_hide_featured_image":"","footnotes":""},"categories":[157,76,284],"tags":[517],"infouartes":[],"class_list":["post-19915","post","type-post","status-publish","format-standard","has-post-thumbnail","hentry","category-artes-visuales","category-estudiantes","category-investigacion","tag-exposicion"],"acf":[],"yoast_head":"<!-- This site is optimized with the Yoast SEO plugin v27.4 - https:\/\/yoast.com\/product\/yoast-seo-wordpress\/ -->\n<title>Universidad de las Artes - Temas sociohist\u00f3ricos en \u201cDesde la verde cuna\u201d, la primera exposici\u00f3n individual de Stefany Guzm\u00e1n M.<\/title>\n<meta name=\"description\" content=\"Universidad de las Artes - Temas sociohist\u00f3ricos en \u201cDesde la verde cuna\u201d, la primera exposici\u00f3n individual de Stefany Guzm\u00e1n M.\" \/>\n<meta name=\"robots\" content=\"index, follow, max-snippet:-1, max-image-preview:large, max-video-preview:-1\" \/>\n<link rel=\"canonical\" href=\"https:\/\/www.uartes.edu.ec\/sitio\/fr\/blog\/2022\/03\/09\/temas-sociohistoricos-en-desde-la-verde-cunaprimera-muestra-individual-de-stefany-guzman\/\" \/>\n<meta property=\"og:locale\" content=\"fr_FR\" \/>\n<meta property=\"og:type\" content=\"article\" \/>\n<meta property=\"og:title\" content=\"Universidad de las Artes - Temas sociohist\u00f3ricos en \u201cDesde la verde cuna\u201d, la primera exposici\u00f3n individual de Stefany Guzm\u00e1n M.\" \/>\n<meta property=\"og:description\" content=\"Universidad de las Artes - Temas sociohist\u00f3ricos en \u201cDesde la verde cuna\u201d, la primera exposici\u00f3n individual de Stefany Guzm\u00e1n M.\" \/>\n<meta property=\"og:url\" content=\"https:\/\/www.uartes.edu.ec\/sitio\/fr\/blog\/2022\/03\/09\/temas-sociohistoricos-en-desde-la-verde-cunaprimera-muestra-individual-de-stefany-guzman\/\" \/>\n<meta property=\"og:site_name\" content=\"Universidad de las Artes\" \/>\n<meta property=\"article:publisher\" content=\"https:\/\/www.facebook.com\/uartesec\" \/>\n<meta property=\"article:published_time\" content=\"2022-03-09T18:57:54+00:00\" \/>\n<meta property=\"article:modified_time\" content=\"2024-07-04T16:23:53+00:00\" \/>\n<meta property=\"og:image\" content=\"https:\/\/www.uartes.edu.ec\/sitio\/wp-content\/uploads\/2022\/03\/Obra-Stefany-Guzma\u0301n-Morales.jpg\" \/>\n\t<meta property=\"og:image:width\" content=\"2000\" \/>\n\t<meta property=\"og:image:height\" content=\"1333\" \/>\n\t<meta property=\"og:image:type\" content=\"image\/jpeg\" \/>\n<meta name=\"author\" content=\"ccortez\" \/>\n<meta name=\"twitter:card\" content=\"summary_large_image\" \/>\n<meta name=\"twitter:creator\" content=\"@uartesec\" \/>\n<meta name=\"twitter:site\" content=\"@uartesec\" \/>\n<meta name=\"twitter:label1\" content=\"\u00c9crit par\" \/>\n\t<meta name=\"twitter:data1\" content=\"ccortez\" \/>\n\t<meta name=\"twitter:label2\" content=\"Dur\u00e9e de lecture estim\u00e9e\" \/>\n\t<meta name=\"twitter:data2\" content=\"4 minutes\" \/>\n<script type=\"application\/ld+json\" class=\"yoast-schema-graph\">{\"@context\":\"https:\\\/\\\/schema.org\",\"@graph\":[{\"@type\":\"Article\",\"@id\":\"https:\\\/\\\/www.uartes.edu.ec\\\/sitio\\\/fr\\\/blog\\\/2022\\\/03\\\/09\\\/temas-sociohistoricos-en-desde-la-verde-cunaprimera-muestra-individual-de-stefany-guzman\\\/#article\",\"isPartOf\":{\"@id\":\"https:\\\/\\\/www.uartes.edu.ec\\\/sitio\\\/fr\\\/blog\\\/2022\\\/03\\\/09\\\/temas-sociohistoricos-en-desde-la-verde-cunaprimera-muestra-individual-de-stefany-guzman\\\/\"},\"author\":{\"name\":\"ccortez\",\"@id\":\"https:\\\/\\\/www.uartes.edu.ec\\\/sitio\\\/fr\\\/#\\\/schema\\\/person\\\/efa1b8275797664fd7f13a79ccc0b1f4\"},\"headline\":\"Temas sociohist\u00f3ricos en \u201cDesde la verde cuna\u201d, la primera exposici\u00f3n individual de Stefany Guzm\u00e1n M.\",\"datePublished\":\"2022-03-09T18:57:54+00:00\",\"dateModified\":\"2024-07-04T16:23:53+00:00\",\"mainEntityOfPage\":{\"@id\":\"https:\\\/\\\/www.uartes.edu.ec\\\/sitio\\\/fr\\\/blog\\\/2022\\\/03\\\/09\\\/temas-sociohistoricos-en-desde-la-verde-cunaprimera-muestra-individual-de-stefany-guzman\\\/\"},\"wordCount\":628,\"commentCount\":0,\"publisher\":{\"@id\":\"https:\\\/\\\/www.uartes.edu.ec\\\/sitio\\\/fr\\\/#organization\"},\"image\":{\"@id\":\"https:\\\/\\\/www.uartes.edu.ec\\\/sitio\\\/fr\\\/blog\\\/2022\\\/03\\\/09\\\/temas-sociohistoricos-en-desde-la-verde-cunaprimera-muestra-individual-de-stefany-guzman\\\/#primaryimage\"},\"thumbnailUrl\":\"https:\\\/\\\/www.uartes.edu.ec\\\/sitio\\\/wp-content\\\/uploads\\\/2022\\\/03\\\/Obra-Stefany-Guzma\u0301n-Morales.jpg\",\"keywords\":[\"exposici\u00f3n\"],\"articleSection\":[\"Artes Visuales\",\"Estudiantes\",\"Investigaci\u00f3n\"],\"inLanguage\":\"fr-FR\",\"potentialAction\":[{\"@type\":\"CommentAction\",\"name\":\"Comment\",\"target\":[\"https:\\\/\\\/www.uartes.edu.ec\\\/sitio\\\/fr\\\/blog\\\/2022\\\/03\\\/09\\\/temas-sociohistoricos-en-desde-la-verde-cunaprimera-muestra-individual-de-stefany-guzman\\\/#respond\"]}]},{\"@type\":[\"WebPage\",\"ItemPage\"],\"@id\":\"https:\\\/\\\/www.uartes.edu.ec\\\/sitio\\\/fr\\\/blog\\\/2022\\\/03\\\/09\\\/temas-sociohistoricos-en-desde-la-verde-cunaprimera-muestra-individual-de-stefany-guzman\\\/\",\"url\":\"https:\\\/\\\/www.uartes.edu.ec\\\/sitio\\\/fr\\\/blog\\\/2022\\\/03\\\/09\\\/temas-sociohistoricos-en-desde-la-verde-cunaprimera-muestra-individual-de-stefany-guzman\\\/\",\"name\":\"Universidad de las Artes - Temas sociohist\u00f3ricos en \u201cDesde la verde cuna\u201d, la primera exposici\u00f3n individual de Stefany Guzm\u00e1n M.\",\"isPartOf\":{\"@id\":\"https:\\\/\\\/www.uartes.edu.ec\\\/sitio\\\/fr\\\/#website\"},\"primaryImageOfPage\":{\"@id\":\"https:\\\/\\\/www.uartes.edu.ec\\\/sitio\\\/fr\\\/blog\\\/2022\\\/03\\\/09\\\/temas-sociohistoricos-en-desde-la-verde-cunaprimera-muestra-individual-de-stefany-guzman\\\/#primaryimage\"},\"image\":{\"@id\":\"https:\\\/\\\/www.uartes.edu.ec\\\/sitio\\\/fr\\\/blog\\\/2022\\\/03\\\/09\\\/temas-sociohistoricos-en-desde-la-verde-cunaprimera-muestra-individual-de-stefany-guzman\\\/#primaryimage\"},\"thumbnailUrl\":\"https:\\\/\\\/www.uartes.edu.ec\\\/sitio\\\/wp-content\\\/uploads\\\/2022\\\/03\\\/Obra-Stefany-Guzma\u0301n-Morales.jpg\",\"datePublished\":\"2022-03-09T18:57:54+00:00\",\"dateModified\":\"2024-07-04T16:23:53+00:00\",\"description\":\"Universidad de las Artes - Temas sociohist\u00f3ricos en \u201cDesde la verde cuna\u201d, la primera exposici\u00f3n individual de Stefany Guzm\u00e1n M.\",\"breadcrumb\":{\"@id\":\"https:\\\/\\\/www.uartes.edu.ec\\\/sitio\\\/fr\\\/blog\\\/2022\\\/03\\\/09\\\/temas-sociohistoricos-en-desde-la-verde-cunaprimera-muestra-individual-de-stefany-guzman\\\/#breadcrumb\"},\"inLanguage\":\"fr-FR\",\"potentialAction\":[{\"@type\":\"ReadAction\",\"target\":[\"https:\\\/\\\/www.uartes.edu.ec\\\/sitio\\\/fr\\\/blog\\\/2022\\\/03\\\/09\\\/temas-sociohistoricos-en-desde-la-verde-cunaprimera-muestra-individual-de-stefany-guzman\\\/\"]}]},{\"@type\":\"ImageObject\",\"inLanguage\":\"fr-FR\",\"@id\":\"https:\\\/\\\/www.uartes.edu.ec\\\/sitio\\\/fr\\\/blog\\\/2022\\\/03\\\/09\\\/temas-sociohistoricos-en-desde-la-verde-cunaprimera-muestra-individual-de-stefany-guzman\\\/#primaryimage\",\"url\":\"https:\\\/\\\/www.uartes.edu.ec\\\/sitio\\\/wp-content\\\/uploads\\\/2022\\\/03\\\/Obra-Stefany-Guzma\u0301n-Morales.jpg\",\"contentUrl\":\"https:\\\/\\\/www.uartes.edu.ec\\\/sitio\\\/wp-content\\\/uploads\\\/2022\\\/03\\\/Obra-Stefany-Guzma\u0301n-Morales.jpg\",\"width\":2000,\"height\":1333},{\"@type\":\"BreadcrumbList\",\"@id\":\"https:\\\/\\\/www.uartes.edu.ec\\\/sitio\\\/fr\\\/blog\\\/2022\\\/03\\\/09\\\/temas-sociohistoricos-en-desde-la-verde-cunaprimera-muestra-individual-de-stefany-guzman\\\/#breadcrumb\",\"itemListElement\":[{\"@type\":\"ListItem\",\"position\":1,\"name\":\"Inicio\",\"item\":\"https:\\\/\\\/www.uartes.edu.ec\\\/sitio\\\/\"},{\"@type\":\"ListItem\",\"position\":2,\"name\":\"Temas sociohist\u00f3ricos en \u201cDesde la verde cuna\u201d, la primera exposici\u00f3n individual de Stefany Guzm\u00e1n M.\"}]},{\"@type\":\"WebSite\",\"@id\":\"https:\\\/\\\/www.uartes.edu.ec\\\/sitio\\\/fr\\\/#website\",\"url\":\"https:\\\/\\\/www.uartes.edu.ec\\\/sitio\\\/fr\\\/\",\"name\":\"Universidad de las Artes\",\"description\":\"Sitio oficial de la Universidad Nacional de las Artes del Ecuador\",\"publisher\":{\"@id\":\"https:\\\/\\\/www.uartes.edu.ec\\\/sitio\\\/fr\\\/#organization\"},\"potentialAction\":[{\"@type\":\"SearchAction\",\"target\":{\"@type\":\"EntryPoint\",\"urlTemplate\":\"https:\\\/\\\/www.uartes.edu.ec\\\/sitio\\\/fr\\\/?s={search_term_string}\"},\"query-input\":{\"@type\":\"PropertyValueSpecification\",\"valueRequired\":true,\"valueName\":\"search_term_string\"}}],\"inLanguage\":\"fr-FR\"},{\"@type\":\"Organization\",\"@id\":\"https:\\\/\\\/www.uartes.edu.ec\\\/sitio\\\/fr\\\/#organization\",\"name\":\"Universidad de las Artes\",\"url\":\"https:\\\/\\\/www.uartes.edu.ec\\\/sitio\\\/fr\\\/\",\"logo\":{\"@type\":\"ImageObject\",\"inLanguage\":\"fr-FR\",\"@id\":\"https:\\\/\\\/www.uartes.edu.ec\\\/sitio\\\/fr\\\/#\\\/schema\\\/logo\\\/image\\\/\",\"url\":\"https:\\\/\\\/www.uartes.edu.ec\\\/sitio\\\/wp-content\\\/uploads\\\/2022\\\/07\\\/logo-ua-horizontal.png\",\"contentUrl\":\"https:\\\/\\\/www.uartes.edu.ec\\\/sitio\\\/wp-content\\\/uploads\\\/2022\\\/07\\\/logo-ua-horizontal.png\",\"width\":800,\"height\":276,\"caption\":\"Universidad de las Artes\"},\"image\":{\"@id\":\"https:\\\/\\\/www.uartes.edu.ec\\\/sitio\\\/fr\\\/#\\\/schema\\\/logo\\\/image\\\/\"},\"sameAs\":[\"https:\\\/\\\/www.facebook.com\\\/uartesec\",\"https:\\\/\\\/x.com\\\/uartesec\",\"https:\\\/\\\/www.tiktok.com\\\/@uartesec\"]},{\"@type\":\"Person\",\"@id\":\"https:\\\/\\\/www.uartes.edu.ec\\\/sitio\\\/fr\\\/#\\\/schema\\\/person\\\/efa1b8275797664fd7f13a79ccc0b1f4\",\"name\":\"ccortez\",\"image\":{\"@type\":\"ImageObject\",\"inLanguage\":\"fr-FR\",\"@id\":\"https:\\\/\\\/secure.gravatar.com\\\/avatar\\\/b2a6f664a3ae8e074346ef91775736c5ec479e637ecced6842de9dc98b5da9cd?s=96&d=mm&r=g\",\"url\":\"https:\\\/\\\/secure.gravatar.com\\\/avatar\\\/b2a6f664a3ae8e074346ef91775736c5ec479e637ecced6842de9dc98b5da9cd?s=96&d=mm&r=g\",\"contentUrl\":\"https:\\\/\\\/secure.gravatar.com\\\/avatar\\\/b2a6f664a3ae8e074346ef91775736c5ec479e637ecced6842de9dc98b5da9cd?s=96&d=mm&r=g\",\"caption\":\"ccortez\"},\"url\":\"https:\\\/\\\/www.uartes.edu.ec\\\/sitio\\\/fr\\\/blog\\\/author\\\/ccortez\\\/\"}]}<\/script>\n<!-- \/ Yoast SEO plugin. -->","yoast_head_json":{"title":"Universidad de las Artes - Temas sociohist\u00f3ricos en \u201cDesde la verde cuna\u201d, la primera exposici\u00f3n individual de Stefany Guzm\u00e1n M.","description":"Universidad de las Artes - Temas sociohist\u00f3ricos en \u201cDesde la verde cuna\u201d, la primera exposici\u00f3n individual de Stefany Guzm\u00e1n M.","robots":{"index":"index","follow":"follow","max-snippet":"max-snippet:-1","max-image-preview":"max-image-preview:large","max-video-preview":"max-video-preview:-1"},"canonical":"https:\/\/www.uartes.edu.ec\/sitio\/fr\/blog\/2022\/03\/09\/temas-sociohistoricos-en-desde-la-verde-cunaprimera-muestra-individual-de-stefany-guzman\/","og_locale":"fr_FR","og_type":"article","og_title":"Universidad de las Artes - Temas sociohist\u00f3ricos en \u201cDesde la verde cuna\u201d, la primera exposici\u00f3n individual de Stefany Guzm\u00e1n M.","og_description":"Universidad de las Artes - Temas sociohist\u00f3ricos en \u201cDesde la verde cuna\u201d, la primera exposici\u00f3n individual de Stefany Guzm\u00e1n M.","og_url":"https:\/\/www.uartes.edu.ec\/sitio\/fr\/blog\/2022\/03\/09\/temas-sociohistoricos-en-desde-la-verde-cunaprimera-muestra-individual-de-stefany-guzman\/","og_site_name":"Universidad de las Artes","article_publisher":"https:\/\/www.facebook.com\/uartesec","article_published_time":"2022-03-09T18:57:54+00:00","article_modified_time":"2024-07-04T16:23:53+00:00","og_image":[{"width":2000,"height":1333,"url":"https:\/\/www.uartes.edu.ec\/sitio\/wp-content\/uploads\/2022\/03\/Obra-Stefany-Guzma\u0301n-Morales.jpg","type":"image\/jpeg"}],"author":"ccortez","twitter_card":"summary_large_image","twitter_creator":"@uartesec","twitter_site":"@uartesec","twitter_misc":{"\u00c9crit par":"ccortez","Dur\u00e9e de lecture estim\u00e9e":"4 minutes"},"schema":{"@context":"https:\/\/schema.org","@graph":[{"@type":"Article","@id":"https:\/\/www.uartes.edu.ec\/sitio\/fr\/blog\/2022\/03\/09\/temas-sociohistoricos-en-desde-la-verde-cunaprimera-muestra-individual-de-stefany-guzman\/#article","isPartOf":{"@id":"https:\/\/www.uartes.edu.ec\/sitio\/fr\/blog\/2022\/03\/09\/temas-sociohistoricos-en-desde-la-verde-cunaprimera-muestra-individual-de-stefany-guzman\/"},"author":{"name":"ccortez","@id":"https:\/\/www.uartes.edu.ec\/sitio\/fr\/#\/schema\/person\/efa1b8275797664fd7f13a79ccc0b1f4"},"headline":"Temas sociohist\u00f3ricos en \u201cDesde la verde cuna\u201d, la primera exposici\u00f3n individual de Stefany Guzm\u00e1n M.","datePublished":"2022-03-09T18:57:54+00:00","dateModified":"2024-07-04T16:23:53+00:00","mainEntityOfPage":{"@id":"https:\/\/www.uartes.edu.ec\/sitio\/fr\/blog\/2022\/03\/09\/temas-sociohistoricos-en-desde-la-verde-cunaprimera-muestra-individual-de-stefany-guzman\/"},"wordCount":628,"commentCount":0,"publisher":{"@id":"https:\/\/www.uartes.edu.ec\/sitio\/fr\/#organization"},"image":{"@id":"https:\/\/www.uartes.edu.ec\/sitio\/fr\/blog\/2022\/03\/09\/temas-sociohistoricos-en-desde-la-verde-cunaprimera-muestra-individual-de-stefany-guzman\/#primaryimage"},"thumbnailUrl":"https:\/\/www.uartes.edu.ec\/sitio\/wp-content\/uploads\/2022\/03\/Obra-Stefany-Guzma\u0301n-Morales.jpg","keywords":["exposici\u00f3n"],"articleSection":["Artes Visuales","Estudiantes","Investigaci\u00f3n"],"inLanguage":"fr-FR","potentialAction":[{"@type":"CommentAction","name":"Comment","target":["https:\/\/www.uartes.edu.ec\/sitio\/fr\/blog\/2022\/03\/09\/temas-sociohistoricos-en-desde-la-verde-cunaprimera-muestra-individual-de-stefany-guzman\/#respond"]}]},{"@type":["WebPage","ItemPage"],"@id":"https:\/\/www.uartes.edu.ec\/sitio\/fr\/blog\/2022\/03\/09\/temas-sociohistoricos-en-desde-la-verde-cunaprimera-muestra-individual-de-stefany-guzman\/","url":"https:\/\/www.uartes.edu.ec\/sitio\/fr\/blog\/2022\/03\/09\/temas-sociohistoricos-en-desde-la-verde-cunaprimera-muestra-individual-de-stefany-guzman\/","name":"Universidad de las Artes - Temas sociohist\u00f3ricos en \u201cDesde la verde cuna\u201d, la primera exposici\u00f3n individual de Stefany Guzm\u00e1n M.","isPartOf":{"@id":"https:\/\/www.uartes.edu.ec\/sitio\/fr\/#website"},"primaryImageOfPage":{"@id":"https:\/\/www.uartes.edu.ec\/sitio\/fr\/blog\/2022\/03\/09\/temas-sociohistoricos-en-desde-la-verde-cunaprimera-muestra-individual-de-stefany-guzman\/#primaryimage"},"image":{"@id":"https:\/\/www.uartes.edu.ec\/sitio\/fr\/blog\/2022\/03\/09\/temas-sociohistoricos-en-desde-la-verde-cunaprimera-muestra-individual-de-stefany-guzman\/#primaryimage"},"thumbnailUrl":"https:\/\/www.uartes.edu.ec\/sitio\/wp-content\/uploads\/2022\/03\/Obra-Stefany-Guzma\u0301n-Morales.jpg","datePublished":"2022-03-09T18:57:54+00:00","dateModified":"2024-07-04T16:23:53+00:00","description":"Universidad de las Artes - Temas sociohist\u00f3ricos en \u201cDesde la verde cuna\u201d, la primera exposici\u00f3n individual de Stefany Guzm\u00e1n M.","breadcrumb":{"@id":"https:\/\/www.uartes.edu.ec\/sitio\/fr\/blog\/2022\/03\/09\/temas-sociohistoricos-en-desde-la-verde-cunaprimera-muestra-individual-de-stefany-guzman\/#breadcrumb"},"inLanguage":"fr-FR","potentialAction":[{"@type":"ReadAction","target":["https:\/\/www.uartes.edu.ec\/sitio\/fr\/blog\/2022\/03\/09\/temas-sociohistoricos-en-desde-la-verde-cunaprimera-muestra-individual-de-stefany-guzman\/"]}]},{"@type":"ImageObject","inLanguage":"fr-FR","@id":"https:\/\/www.uartes.edu.ec\/sitio\/fr\/blog\/2022\/03\/09\/temas-sociohistoricos-en-desde-la-verde-cunaprimera-muestra-individual-de-stefany-guzman\/#primaryimage","url":"https:\/\/www.uartes.edu.ec\/sitio\/wp-content\/uploads\/2022\/03\/Obra-Stefany-Guzma\u0301n-Morales.jpg","contentUrl":"https:\/\/www.uartes.edu.ec\/sitio\/wp-content\/uploads\/2022\/03\/Obra-Stefany-Guzma\u0301n-Morales.jpg","width":2000,"height":1333},{"@type":"BreadcrumbList","@id":"https:\/\/www.uartes.edu.ec\/sitio\/fr\/blog\/2022\/03\/09\/temas-sociohistoricos-en-desde-la-verde-cunaprimera-muestra-individual-de-stefany-guzman\/#breadcrumb","itemListElement":[{"@type":"ListItem","position":1,"name":"Inicio","item":"https:\/\/www.uartes.edu.ec\/sitio\/"},{"@type":"ListItem","position":2,"name":"Temas sociohist\u00f3ricos en \u201cDesde la verde cuna\u201d, la primera exposici\u00f3n individual de Stefany Guzm\u00e1n M."}]},{"@type":"WebSite","@id":"https:\/\/www.uartes.edu.ec\/sitio\/fr\/#website","url":"https:\/\/www.uartes.edu.ec\/sitio\/fr\/","name":"Universidad de las Artes","description":"Sitio oficial de la Universidad Nacional de las Artes del Ecuador","publisher":{"@id":"https:\/\/www.uartes.edu.ec\/sitio\/fr\/#organization"},"potentialAction":[{"@type":"SearchAction","target":{"@type":"EntryPoint","urlTemplate":"https:\/\/www.uartes.edu.ec\/sitio\/fr\/?s={search_term_string}"},"query-input":{"@type":"PropertyValueSpecification","valueRequired":true,"valueName":"search_term_string"}}],"inLanguage":"fr-FR"},{"@type":"Organization","@id":"https:\/\/www.uartes.edu.ec\/sitio\/fr\/#organization","name":"Universidad de las Artes","url":"https:\/\/www.uartes.edu.ec\/sitio\/fr\/","logo":{"@type":"ImageObject","inLanguage":"fr-FR","@id":"https:\/\/www.uartes.edu.ec\/sitio\/fr\/#\/schema\/logo\/image\/","url":"https:\/\/www.uartes.edu.ec\/sitio\/wp-content\/uploads\/2022\/07\/logo-ua-horizontal.png","contentUrl":"https:\/\/www.uartes.edu.ec\/sitio\/wp-content\/uploads\/2022\/07\/logo-ua-horizontal.png","width":800,"height":276,"caption":"Universidad de las Artes"},"image":{"@id":"https:\/\/www.uartes.edu.ec\/sitio\/fr\/#\/schema\/logo\/image\/"},"sameAs":["https:\/\/www.facebook.com\/uartesec","https:\/\/x.com\/uartesec","https:\/\/www.tiktok.com\/@uartesec"]},{"@type":"Person","@id":"https:\/\/www.uartes.edu.ec\/sitio\/fr\/#\/schema\/person\/efa1b8275797664fd7f13a79ccc0b1f4","name":"ccortez","image":{"@type":"ImageObject","inLanguage":"fr-FR","@id":"https:\/\/secure.gravatar.com\/avatar\/b2a6f664a3ae8e074346ef91775736c5ec479e637ecced6842de9dc98b5da9cd?s=96&d=mm&r=g","url":"https:\/\/secure.gravatar.com\/avatar\/b2a6f664a3ae8e074346ef91775736c5ec479e637ecced6842de9dc98b5da9cd?s=96&d=mm&r=g","contentUrl":"https:\/\/secure.gravatar.com\/avatar\/b2a6f664a3ae8e074346ef91775736c5ec479e637ecced6842de9dc98b5da9cd?s=96&d=mm&r=g","caption":"ccortez"},"url":"https:\/\/www.uartes.edu.ec\/sitio\/fr\/blog\/author\/ccortez\/"}]}},"uagb_featured_image_src":{"full":["https:\/\/www.uartes.edu.ec\/sitio\/wp-content\/uploads\/2022\/03\/Obra-Stefany-Guzma\u0301n-Morales.jpg",2000,1333,false],"thumbnail":["https:\/\/www.uartes.edu.ec\/sitio\/wp-content\/uploads\/2022\/03\/Obra-Stefany-Guzma\u0301n-Morales-150x150.jpg",150,150,true],"medium":["https:\/\/www.uartes.edu.ec\/sitio\/wp-content\/uploads\/2022\/03\/Obra-Stefany-Guzma\u0301n-Morales-300x200.jpg",300,200,true],"medium_large":["https:\/\/www.uartes.edu.ec\/sitio\/wp-content\/uploads\/2022\/03\/Obra-Stefany-Guzma\u0301n-Morales-768x512.jpg",768,512,true],"large":["https:\/\/www.uartes.edu.ec\/sitio\/wp-content\/uploads\/2022\/03\/Obra-Stefany-Guzma\u0301n-Morales-644x429.jpg",644,429,true],"1536x1536":["https:\/\/www.uartes.edu.ec\/sitio\/wp-content\/uploads\/2022\/03\/Obra-Stefany-Guzma\u0301n-Morales-1536x1024.jpg",1536,1024,true],"2048x2048":["https:\/\/www.uartes.edu.ec\/sitio\/wp-content\/uploads\/2022\/03\/Obra-Stefany-Guzma\u0301n-Morales.jpg",2000,1333,false],"trp-custom-language-flag":["https:\/\/www.uartes.edu.ec\/sitio\/wp-content\/uploads\/2022\/03\/Obra-Stefany-Guzma\u0301n-Morales.jpg",18,12,false],"htmega_size_585x295":["https:\/\/www.uartes.edu.ec\/sitio\/wp-content\/uploads\/2022\/03\/Obra-Stefany-Guzma\u0301n-Morales.jpg",443,295,false],"htmega_size_1170x536":["https:\/\/www.uartes.edu.ec\/sitio\/wp-content\/uploads\/2022\/03\/Obra-Stefany-Guzma\u0301n-Morales.jpg",804,536,false],"htmega_size_396x360":["https:\/\/www.uartes.edu.ec\/sitio\/wp-content\/uploads\/2022\/03\/Obra-Stefany-Guzma\u0301n-Morales.jpg",396,264,false],"gb-block-post-grid-landscape":["https:\/\/www.uartes.edu.ec\/sitio\/wp-content\/uploads\/2022\/03\/Obra-Stefany-Guzma\u0301n-Morales-600x400.jpg",600,400,true],"gb-block-post-grid-square":["https:\/\/www.uartes.edu.ec\/sitio\/wp-content\/uploads\/2022\/03\/Obra-Stefany-Guzma\u0301n-Morales-600x600.jpg",600,600,true],"university-hub-thumb":["https:\/\/www.uartes.edu.ec\/sitio\/wp-content\/uploads\/2022\/03\/Obra-Stefany-Guzma\u0301n-Morales-400x267.jpg",400,267,true],"mailpoet_newsletter_max":["https:\/\/www.uartes.edu.ec\/sitio\/wp-content\/uploads\/2022\/03\/Obra-Stefany-Guzma\u0301n-Morales.jpg",1320,880,false]},"uagb_author_info":{"display_name":"ccortez","author_link":"https:\/\/www.uartes.edu.ec\/sitio\/fr\/blog\/author\/ccortez\/"},"uagb_comment_info":0,"uagb_excerpt":"Los espacios expositivos no son desconocidos para Stefany Guzm\u00e1n Morales, estudiante de la Escuela de Artes Visuales de la UArtes. Ha participado en casi una veintena de muestras colectivas, pero la que inaugurar\u00e1 este 10 de marzo es a\u00fan m\u00e1s especial. Ser\u00e1 su primera individual. La titul\u00f3 \"Desde la verde cuna\" y en ella aborda\u2026","featured_image_src":"https:\/\/www.uartes.edu.ec\/sitio\/wp-content\/uploads\/2022\/03\/Obra-Stefany-Guzma\u0301n-Morales-600x400.jpg","featured_image_src_square":"https:\/\/www.uartes.edu.ec\/sitio\/wp-content\/uploads\/2022\/03\/Obra-Stefany-Guzma\u0301n-Morales-600x600.jpg","author_info":{"display_name":"ccortez","author_link":"https:\/\/www.uartes.edu.ec\/sitio\/fr\/blog\/author\/ccortez\/"},"publishpress_future_workflow_manual_trigger":{"enabledWorkflows":[]},"distributor_meta":false,"distributor_terms":false,"distributor_media":false,"distributor_original_site_name":"Universidad de las Artes","distributor_original_site_url":"https:\/\/www.uartes.edu.ec\/sitio\/fr","push-errors":false,"_links":{"self":[{"href":"https:\/\/www.uartes.edu.ec\/sitio\/fr\/wp-json\/wp\/v2\/posts\/19915","targetHints":{"allow":["GET"]}}],"collection":[{"href":"https:\/\/www.uartes.edu.ec\/sitio\/fr\/wp-json\/wp\/v2\/posts"}],"about":[{"href":"https:\/\/www.uartes.edu.ec\/sitio\/fr\/wp-json\/wp\/v2\/types\/post"}],"author":[{"embeddable":true,"href":"https:\/\/www.uartes.edu.ec\/sitio\/fr\/wp-json\/wp\/v2\/users\/10"}],"replies":[{"embeddable":true,"href":"https:\/\/www.uartes.edu.ec\/sitio\/fr\/wp-json\/wp\/v2\/comments?post=19915"}],"version-history":[{"count":8,"href":"https:\/\/www.uartes.edu.ec\/sitio\/fr\/wp-json\/wp\/v2\/posts\/19915\/revisions"}],"predecessor-version":[{"id":20122,"href":"https:\/\/www.uartes.edu.ec\/sitio\/fr\/wp-json\/wp\/v2\/posts\/19915\/revisions\/20122"}],"wp:featuredmedia":[{"embeddable":true,"href":"https:\/\/www.uartes.edu.ec\/sitio\/fr\/wp-json\/wp\/v2\/media\/19916"}],"wp:attachment":[{"href":"https:\/\/www.uartes.edu.ec\/sitio\/fr\/wp-json\/wp\/v2\/media?parent=19915"}],"wp:term":[{"taxonomy":"category","embeddable":true,"href":"https:\/\/www.uartes.edu.ec\/sitio\/fr\/wp-json\/wp\/v2\/categories?post=19915"},{"taxonomy":"post_tag","embeddable":true,"href":"https:\/\/www.uartes.edu.ec\/sitio\/fr\/wp-json\/wp\/v2\/tags?post=19915"},{"taxonomy":"infouartes","embeddable":true,"href":"https:\/\/www.uartes.edu.ec\/sitio\/fr\/wp-json\/wp\/v2\/infouartes?post=19915"}],"curies":[{"name":"wp","href":"https:\/\/api.w.org\/{rel}","templated":true}]}}