{"id":21184,"date":"2022-05-03T18:30:00","date_gmt":"2022-05-03T23:30:00","guid":{"rendered":"http:\/\/www.uartes.edu.ec\/sitio\/?p=21184"},"modified":"2024-07-04T11:23:43","modified_gmt":"2024-07-04T16:23:43","slug":"en-la-inauguracion-y-primera-jornada-de-lasconferencias-de-audio-y-sonido-del-ecuador","status":"publish","type":"post","link":"https:\/\/www.uartes.edu.ec\/sitio\/fr\/blog\/2022\/05\/03\/en-la-inauguracion-y-primera-jornada-de-lasconferencias-de-audio-y-sonido-del-ecuador\/","title":{"rendered":"Tras su inauguraci\u00f3n, CASE abord\u00f3 en primer d\u00eda tem\u00e1ticas como mezclas, masterizaci\u00f3n y grabaci\u00f3n coral"},"content":{"rendered":"<p>Como en sus pasadas ediciones, las Conferencias de Audio y Sonido del Ecuador (CASE), organizadas por la Escuela de Artes Sonoras de la Universidad de las Artes, tuvieron en este a\u00f1o un inicio espectacular. Su escenario, montado en la Plaza P\u00fablica del MZ14, observ\u00f3 todos los tecnicismos y recursos cuidados al detalle y con el profesionalismo de quienes est\u00e1n inmersos y conocen de la producci\u00f3n musical.<\/p>\n\n\n\n<p>El rector de la UArtes y el director de la EAS, doctores William Herrera y Andrey Astaiza, respectivamente, fueron los encargados de dar la bienvenida no solo a la comunidad universitaria, sino a estudiantes de otras instituciones y p\u00fablico en general, \u00e1vidos por conocer m\u00e1s de la escena musical ecuatoriana. En la inauguraci\u00f3n de las CASE se trajo a la memoria que las pasadas dos ediciones fueron online debido a la pandemia por COVID-19, lo cual contrasta con la actual que casi en su totalidad es presencial, salvo unas pocas participaciones que, por tiempo y distancias de sus ponentes, ser\u00e1n virtuales.<\/p>\n\n\n\n<p>Tambi\u00e9n se mencion\u00f3 la programaci\u00f3n de las CASE, dotada por charlas, conferencias, talleres, residencias y conciertos, en los que intervienen reconocidos m\u00fasicos y profesionales del audio a nivel nacional e internacional, una puesta en escena que es posible por el reconocimiento y posicionamiento del que gozan la UArtes y su Escuela de Artes Sonoras en el pa\u00eds y el exterior. Se habl\u00f3 de los relacionamientos, como el que la EAS mantiene con la Asociaci\u00f3n de Ingenieros de Audio del Ecuador (AES por sus siglas en ingl\u00e9s) y de las competencias musicales que se impulsan al interior del evento y que marcan, incluso, el inicio de las carreras musicales de quienes intervienen.<\/p>\n\n\n\n<p>En la jornada primera participaron tambi\u00e9n el DJ Set y Axis (en el acto inaugural), Carolina Ant\u00f3n (v\u00eda online) con el tema \u201cDolby Atmos: Mezcla, m\u00fasica y creatividad\u201d, Ivonne Jerez y Yanella Duarte con la \u201cGrabaci\u00f3n Coral\u201d, Jimmy S\u00e1enz de Viteri y Juan Jos\u00e9 Avil\u00e9s con \u201cPeriodismo, comunicaci\u00f3n y conceptualizaci\u00f3n musical\u201d, Andr\u00e9s Aguirre con \u201cHerramientas de masterizaci\u00f3n de audio\u201d, Mar\u00eda Claudia Mora \u2013tambi\u00e9n online\u2013 con \u201cMujeres en el mundo de la posproducci\u00f3n de audio y de los deportes\u201d y un feedback de proyectos estudiantiles. Hubo tambi\u00e9n un concierto imperdible con Andr\u00e9s Izquierdo, Tayos Tayos Tayos y Paola Navarrete.<\/p>\n\n\n<div class=\"wp-block-image\">\n<figure class=\"aligncenter size-large\"><img fetchpriority=\"high\" decoding=\"async\" width=\"644\" height=\"429\" src=\"http:\/\/www.uartes.edu.ec\/sitio\/wp-content\/uploads\/2022\/05\/CASE-ESTUDIO-WEB-644x429.jpg\" alt=\"\" class=\"wp-image-21206\" srcset=\"https:\/\/www.uartes.edu.ec\/sitio\/wp-content\/uploads\/2022\/05\/CASE-ESTUDIO-WEB-644x429.jpg 644w, https:\/\/www.uartes.edu.ec\/sitio\/wp-content\/uploads\/2022\/05\/CASE-ESTUDIO-WEB-768x512.jpg 768w, https:\/\/www.uartes.edu.ec\/sitio\/wp-content\/uploads\/2022\/05\/CASE-ESTUDIO-WEB.jpg 2000w, https:\/\/www.uartes.edu.ec\/sitio\/wp-content\/uploads\/2022\/05\/CASE-ESTUDIO-WEB-600x400.jpg 600w, https:\/\/www.uartes.edu.ec\/sitio\/wp-content\/uploads\/2022\/05\/CASE-ESTUDIO-WEB-272x182.jpg 272w\" sizes=\"(max-width: 644px) 100vw, 644px\" \/><\/figure>\n<\/div>\n\n<div class=\"wp-block-image\">\n<figure class=\"aligncenter size-large\"><img decoding=\"async\" width=\"644\" height=\"429\" src=\"http:\/\/www.uartes.edu.ec\/sitio\/wp-content\/uploads\/2022\/05\/CASE-PARTICIPACION-ESTUDIANTES-644x429.jpg\" alt=\"\" class=\"wp-image-21207\" srcset=\"https:\/\/www.uartes.edu.ec\/sitio\/wp-content\/uploads\/2022\/05\/CASE-PARTICIPACION-ESTUDIANTES-644x429.jpg 644w, https:\/\/www.uartes.edu.ec\/sitio\/wp-content\/uploads\/2022\/05\/CASE-PARTICIPACION-ESTUDIANTES-768x512.jpg 768w, https:\/\/www.uartes.edu.ec\/sitio\/wp-content\/uploads\/2022\/05\/CASE-PARTICIPACION-ESTUDIANTES.jpg 2000w, https:\/\/www.uartes.edu.ec\/sitio\/wp-content\/uploads\/2022\/05\/CASE-PARTICIPACION-ESTUDIANTES-600x400.jpg 600w, https:\/\/www.uartes.edu.ec\/sitio\/wp-content\/uploads\/2022\/05\/CASE-PARTICIPACION-ESTUDIANTES-272x182.jpg 272w\" sizes=\"(max-width: 644px) 100vw, 644px\" \/><\/figure>\n<\/div>\n\n\n<h3 class=\"wp-block-heading has-text-align-center\" id=\"la-conferencia-de-jimmy-saenz-de-viteri-y-juan-jose-aviles\"><strong>La conferencia de Jimmy S\u00e1enz de Viteri y Juan Jos\u00e9 Avil\u00e9s&nbsp;<\/strong><\/h3>\n\n\n\n<p>En su participaci\u00f3n, Jimmy S\u00e1enz de Viteri, alumnus de la UArtes, comparti\u00f3 junto a Juan Jos\u00e9 Avil\u00e9s sus experiencias en el \u00e1mbito musical y sus protagonistas. Lo hicieron como redactores de los medios <em>M\u00fasicagye<\/em> et <em>El Universo <\/em>y ponentes de la charla \u201cPeriodismo, comunicaci\u00f3n y conceptualizaci\u00f3n musical\u201d que tuvo lugar en el Sal\u00f3n de Usos M\u00faltiples del Pabell\u00f3n Araceli Gilbert.<\/p>\n\n\n\n<p>El di\u00e1logo lo abri\u00f3 Avil\u00e9s, quien coment\u00f3 su paso en <em>Radio City<\/em> y su columna en <em>El Universo<\/em> bajo el pseud\u00f3nimo de <em>Juanjo Cr\u00edtico<\/em> y de c\u00f3mo ha evolucionado el contexto comunicativo cultural en los \u00faltimos a\u00f1os. \u00c9l es editor del blog de La Ruidosa Caracola, espacio producido y creado por Erick Mujica.<\/p>\n\n\n\n<p>\u201cDesde que fui operario en <em>Radio City<\/em> recuerdo recibir mensajes por mis redes y casi ninguna organizaci\u00f3n en medios y artistas para gestionar sus contenidos, hoy soy testigo de c\u00f3mo las nuevas generaciones est\u00e1n trabajando de manera seria y buscando el profesionalismo creando sellos independientes, cadenas de distribuci\u00f3n, medios independientes y mucho m\u00e1s que no exist\u00eda antes\u201d, coment\u00f3 Avil\u00e9s.<\/p>\n\n\n<div class=\"wp-block-image\">\n<figure class=\"aligncenter size-large\"><img decoding=\"async\" width=\"644\" height=\"429\" src=\"http:\/\/www.uartes.edu.ec\/sitio\/wp-content\/uploads\/2022\/05\/CASE-02-WEB-JIMMY-644x429.jpg\" alt=\"\" class=\"wp-image-21208\" srcset=\"https:\/\/www.uartes.edu.ec\/sitio\/wp-content\/uploads\/2022\/05\/CASE-02-WEB-JIMMY-644x429.jpg 644w, https:\/\/www.uartes.edu.ec\/sitio\/wp-content\/uploads\/2022\/05\/CASE-02-WEB-JIMMY-768x512.jpg 768w, https:\/\/www.uartes.edu.ec\/sitio\/wp-content\/uploads\/2022\/05\/CASE-02-WEB-JIMMY.jpg 2000w, https:\/\/www.uartes.edu.ec\/sitio\/wp-content\/uploads\/2022\/05\/CASE-02-WEB-JIMMY-600x400.jpg 600w, https:\/\/www.uartes.edu.ec\/sitio\/wp-content\/uploads\/2022\/05\/CASE-02-WEB-JIMMY-272x182.jpg 272w\" sizes=\"(max-width: 644px) 100vw, 644px\" \/><figcaption class=\"wp-element-caption\">Jimmy S\u00e1enz de Viteri (en las butacas rojas, a la izq.) y Juan Jos\u00e9 Avil\u00e9s en la charla en la que participaron.<\/figcaption><\/figure>\n<\/div>\n\n\n<p>Hizo remembranza de libros biogr\u00e1ficos de sus artistas favoritos, as\u00ed como recomendaciones a los asistentes llamando a la unidad y al trabajo conjunto de instituciones de educaci\u00f3n superior en m\u00fasica y de medios tradicionales e independientes para un crecimiento cultural con un respaldo en estrategias medi\u00e1ticas que permitan que m\u00e1s personas conozcan la historia y la actualidad de los m\u00fasicos ecuatorianos.<\/p>\n\n\n\n<p>Asimismo, S\u00e1enz de Viteri plante\u00f3 recomendaciones y estrategias para interactuar con los medios de manera organizada y respondiendo a las necesidades actuales de la tecnolog\u00eda y la automatizaci\u00f3n de la informaci\u00f3n. Explic\u00f3 el uso de la pir\u00e1mide invertida, redacci\u00f3n de Press Kits y EPKs. Analiz\u00f3 c\u00f3mo los medios tradicionales utilizan el m\u00e9todo de copia y pega, conceptos de escritura no creativa e hizo \u00e9nfasis en la carencia de protocolos en instituciones p\u00fablicas para que el gran flujo de informaci\u00f3n que se produce a diario pueda ser comunicado de manera \u00f3ptima.<\/p>\n\n\n\n<p>\u201cCreo que es el momento de darle valor e importancia a todas las personas que trabajan en comunicaci\u00f3n, prensa y publicidad, haciendo posible que muchos artistas sean reconocidos y analizados de manera profesional y expuestos al p\u00fablico con responsabilidad, eficacia y respondiendo a las necesidades del lector y consumidor actual\u201d, anot\u00f3.<\/p>\n\n\n\n<p>Durante la charla, S\u00e1enz de Viteri y Avil\u00e9s dejaron abierta la posibilidad de elaborar un programa y un seminario de capacitaci\u00f3n a alumnos de la EAS y de realizar acuerdos institucionales con M\u00fasicagye para las pr\u00e1cticas preprofesionales de los estudiantes y el uso de sus espacios.&nbsp;<\/p>\n\n\n\n<p>En las im\u00e1genes varias de las actividades que se cumplieron en la primera jornada del CASE. Abajo de estas l\u00edneas, el concierto con el concluy\u00f3 el primer d\u00eda de las conferencias, lo cual se replicar\u00e1 ma\u00f1ana y el jueves.<\/p>\n\n\n<div class=\"wp-block-image\">\n<figure class=\"aligncenter size-large\"><img loading=\"lazy\" decoding=\"async\" width=\"644\" height=\"429\" src=\"http:\/\/www.uartes.edu.ec\/sitio\/wp-content\/uploads\/2022\/05\/CASE-03-WEB-CONCIERTO-644x429.jpg\" alt=\"\" class=\"wp-image-21210\" srcset=\"https:\/\/www.uartes.edu.ec\/sitio\/wp-content\/uploads\/2022\/05\/CASE-03-WEB-CONCIERTO-644x429.jpg 644w, https:\/\/www.uartes.edu.ec\/sitio\/wp-content\/uploads\/2022\/05\/CASE-03-WEB-CONCIERTO-768x512.jpg 768w, https:\/\/www.uartes.edu.ec\/sitio\/wp-content\/uploads\/2022\/05\/CASE-03-WEB-CONCIERTO.jpg 2000w, https:\/\/www.uartes.edu.ec\/sitio\/wp-content\/uploads\/2022\/05\/CASE-03-WEB-CONCIERTO-600x400.jpg 600w, https:\/\/www.uartes.edu.ec\/sitio\/wp-content\/uploads\/2022\/05\/CASE-03-WEB-CONCIERTO-272x182.jpg 272w\" sizes=\"(max-width: 644px) 100vw, 644px\" \/><\/figure>\n<\/div>","protected":false},"excerpt":{"rendered":"<p>El rector de la UArtes y el director de la EAS, William Herrera y Andrey Astaiza, dieron este 3 de mayo la bienvenida a la comunidad universitaria, estudiantes de m\u00fasica de otras instituciones y p\u00fablico general a la V edici\u00f3n de las Conferencias de Audio y Sonido del Ecuador. Se destac\u00f3 el retorno a la presencialidad y el posicionamiento que las CASE observa tanto dentro como fuera del pa\u00eds.<\/p>","protected":false},"author":10,"featured_media":21185,"comment_status":"open","ping_status":"open","sticky":false,"template":"","format":"standard","meta":{"_acf_changed":false,"_uag_custom_page_level_css":"","_monsterinsights_skip_tracking":false,"_monsterinsights_sitenote_active":false,"_monsterinsights_sitenote_note":"","_monsterinsights_sitenote_category":0,"cybocfi_hide_featured_image":"","footnotes":""},"categories":[80,150,75,76,1],"tags":[679],"infouartes":[],"class_list":["post-21184","post","type-post","status-publish","format-standard","has-post-thumbnail","hentry","category-academico","category-artes-sonoras","category-docentes","category-estudiantes","category-sin-categoria","tag-conferencias"],"acf":[],"yoast_head":"<!-- This site is optimized with the Yoast SEO plugin v27.4 - https:\/\/yoast.com\/product\/yoast-seo-wordpress\/ -->\n<title>Universidad de las Artes - Tras su inauguraci\u00f3n, CASE abord\u00f3 en primer d\u00eda tem\u00e1ticas como mezclas, masterizaci\u00f3n y grabaci\u00f3n coral<\/title>\n<meta name=\"description\" content=\"Universidad de las Artes - Tras su inauguraci\u00f3n, CASE abord\u00f3 en primer d\u00eda tem\u00e1ticas como mezclas, masterizaci\u00f3n y grabaci\u00f3n coral\" \/>\n<meta name=\"robots\" content=\"index, follow, max-snippet:-1, max-image-preview:large, max-video-preview:-1\" \/>\n<link rel=\"canonical\" href=\"https:\/\/www.uartes.edu.ec\/sitio\/fr\/blog\/2022\/05\/03\/en-la-inauguracion-y-primera-jornada-de-lasconferencias-de-audio-y-sonido-del-ecuador\/\" \/>\n<meta property=\"og:locale\" content=\"fr_FR\" \/>\n<meta property=\"og:type\" content=\"article\" \/>\n<meta property=\"og:title\" content=\"Universidad de las Artes - Tras su inauguraci\u00f3n, CASE abord\u00f3 en primer d\u00eda tem\u00e1ticas como mezclas, masterizaci\u00f3n y grabaci\u00f3n coral\" \/>\n<meta property=\"og:description\" content=\"Universidad de las Artes - Tras su inauguraci\u00f3n, CASE abord\u00f3 en primer d\u00eda tem\u00e1ticas como mezclas, masterizaci\u00f3n y grabaci\u00f3n coral\" \/>\n<meta property=\"og:url\" content=\"https:\/\/www.uartes.edu.ec\/sitio\/fr\/blog\/2022\/05\/03\/en-la-inauguracion-y-primera-jornada-de-lasconferencias-de-audio-y-sonido-del-ecuador\/\" \/>\n<meta property=\"og:site_name\" content=\"Universidad de las Artes\" \/>\n<meta property=\"article:publisher\" content=\"https:\/\/www.facebook.com\/uartesec\" \/>\n<meta property=\"article:published_time\" content=\"2022-05-03T23:30:00+00:00\" \/>\n<meta property=\"article:modified_time\" content=\"2024-07-04T16:23:43+00:00\" \/>\n<meta property=\"og:image\" content=\"https:\/\/www.uartes.edu.ec\/sitio\/wp-content\/uploads\/2022\/05\/CASE-01-WEB-1.jpg\" \/>\n\t<meta property=\"og:image:width\" content=\"2000\" \/>\n\t<meta property=\"og:image:height\" content=\"1334\" \/>\n\t<meta property=\"og:image:type\" content=\"image\/jpeg\" \/>\n<meta name=\"author\" content=\"ccortez\" \/>\n<meta name=\"twitter:card\" content=\"summary_large_image\" \/>\n<meta name=\"twitter:creator\" content=\"@uartesec\" \/>\n<meta name=\"twitter:site\" content=\"@uartesec\" \/>\n<meta name=\"twitter:label1\" content=\"\u00c9crit par\" \/>\n\t<meta name=\"twitter:data1\" content=\"ccortez\" \/>\n\t<meta name=\"twitter:label2\" content=\"Dur\u00e9e de lecture estim\u00e9e\" \/>\n\t<meta name=\"twitter:data2\" content=\"5 minutes\" \/>\n<script type=\"application\/ld+json\" class=\"yoast-schema-graph\">{\"@context\":\"https:\\\/\\\/schema.org\",\"@graph\":[{\"@type\":\"Article\",\"@id\":\"https:\\\/\\\/www.uartes.edu.ec\\\/sitio\\\/fr\\\/blog\\\/2022\\\/05\\\/03\\\/en-la-inauguracion-y-primera-jornada-de-lasconferencias-de-audio-y-sonido-del-ecuador\\\/#article\",\"isPartOf\":{\"@id\":\"https:\\\/\\\/www.uartes.edu.ec\\\/sitio\\\/fr\\\/blog\\\/2022\\\/05\\\/03\\\/en-la-inauguracion-y-primera-jornada-de-lasconferencias-de-audio-y-sonido-del-ecuador\\\/\"},\"author\":{\"name\":\"ccortez\",\"@id\":\"https:\\\/\\\/www.uartes.edu.ec\\\/sitio\\\/fr\\\/#\\\/schema\\\/person\\\/efa1b8275797664fd7f13a79ccc0b1f4\"},\"headline\":\"Tras su inauguraci\u00f3n, CASE abord\u00f3 en primer d\u00eda tem\u00e1ticas como mezclas, masterizaci\u00f3n y grabaci\u00f3n coral\",\"datePublished\":\"2022-05-03T23:30:00+00:00\",\"dateModified\":\"2024-07-04T16:23:43+00:00\",\"mainEntityOfPage\":{\"@id\":\"https:\\\/\\\/www.uartes.edu.ec\\\/sitio\\\/fr\\\/blog\\\/2022\\\/05\\\/03\\\/en-la-inauguracion-y-primera-jornada-de-lasconferencias-de-audio-y-sonido-del-ecuador\\\/\"},\"wordCount\":973,\"commentCount\":0,\"publisher\":{\"@id\":\"https:\\\/\\\/www.uartes.edu.ec\\\/sitio\\\/fr\\\/#organization\"},\"image\":{\"@id\":\"https:\\\/\\\/www.uartes.edu.ec\\\/sitio\\\/fr\\\/blog\\\/2022\\\/05\\\/03\\\/en-la-inauguracion-y-primera-jornada-de-lasconferencias-de-audio-y-sonido-del-ecuador\\\/#primaryimage\"},\"thumbnailUrl\":\"https:\\\/\\\/www.uartes.edu.ec\\\/sitio\\\/wp-content\\\/uploads\\\/2022\\\/05\\\/CASE-01-WEB-1.jpg\",\"keywords\":[\"conferencias\"],\"articleSection\":[\"Acad\u00e9mico\",\"Artes Sonoras\",\"Docentes\",\"Estudiantes\",\"Sin categor\u00eda\"],\"inLanguage\":\"fr-FR\",\"potentialAction\":[{\"@type\":\"CommentAction\",\"name\":\"Comment\",\"target\":[\"https:\\\/\\\/www.uartes.edu.ec\\\/sitio\\\/fr\\\/blog\\\/2022\\\/05\\\/03\\\/en-la-inauguracion-y-primera-jornada-de-lasconferencias-de-audio-y-sonido-del-ecuador\\\/#respond\"]}]},{\"@type\":[\"WebPage\",\"ItemPage\"],\"@id\":\"https:\\\/\\\/www.uartes.edu.ec\\\/sitio\\\/fr\\\/blog\\\/2022\\\/05\\\/03\\\/en-la-inauguracion-y-primera-jornada-de-lasconferencias-de-audio-y-sonido-del-ecuador\\\/\",\"url\":\"https:\\\/\\\/www.uartes.edu.ec\\\/sitio\\\/fr\\\/blog\\\/2022\\\/05\\\/03\\\/en-la-inauguracion-y-primera-jornada-de-lasconferencias-de-audio-y-sonido-del-ecuador\\\/\",\"name\":\"Universidad de las Artes - Tras su inauguraci\u00f3n, CASE abord\u00f3 en primer d\u00eda tem\u00e1ticas como mezclas, masterizaci\u00f3n y grabaci\u00f3n coral\",\"isPartOf\":{\"@id\":\"https:\\\/\\\/www.uartes.edu.ec\\\/sitio\\\/fr\\\/#website\"},\"primaryImageOfPage\":{\"@id\":\"https:\\\/\\\/www.uartes.edu.ec\\\/sitio\\\/fr\\\/blog\\\/2022\\\/05\\\/03\\\/en-la-inauguracion-y-primera-jornada-de-lasconferencias-de-audio-y-sonido-del-ecuador\\\/#primaryimage\"},\"image\":{\"@id\":\"https:\\\/\\\/www.uartes.edu.ec\\\/sitio\\\/fr\\\/blog\\\/2022\\\/05\\\/03\\\/en-la-inauguracion-y-primera-jornada-de-lasconferencias-de-audio-y-sonido-del-ecuador\\\/#primaryimage\"},\"thumbnailUrl\":\"https:\\\/\\\/www.uartes.edu.ec\\\/sitio\\\/wp-content\\\/uploads\\\/2022\\\/05\\\/CASE-01-WEB-1.jpg\",\"datePublished\":\"2022-05-03T23:30:00+00:00\",\"dateModified\":\"2024-07-04T16:23:43+00:00\",\"description\":\"Universidad de las Artes - Tras su inauguraci\u00f3n, CASE abord\u00f3 en primer d\u00eda tem\u00e1ticas como mezclas, masterizaci\u00f3n y grabaci\u00f3n coral\",\"breadcrumb\":{\"@id\":\"https:\\\/\\\/www.uartes.edu.ec\\\/sitio\\\/fr\\\/blog\\\/2022\\\/05\\\/03\\\/en-la-inauguracion-y-primera-jornada-de-lasconferencias-de-audio-y-sonido-del-ecuador\\\/#breadcrumb\"},\"inLanguage\":\"fr-FR\",\"potentialAction\":[{\"@type\":\"ReadAction\",\"target\":[\"https:\\\/\\\/www.uartes.edu.ec\\\/sitio\\\/fr\\\/blog\\\/2022\\\/05\\\/03\\\/en-la-inauguracion-y-primera-jornada-de-lasconferencias-de-audio-y-sonido-del-ecuador\\\/\"]}]},{\"@type\":\"ImageObject\",\"inLanguage\":\"fr-FR\",\"@id\":\"https:\\\/\\\/www.uartes.edu.ec\\\/sitio\\\/fr\\\/blog\\\/2022\\\/05\\\/03\\\/en-la-inauguracion-y-primera-jornada-de-lasconferencias-de-audio-y-sonido-del-ecuador\\\/#primaryimage\",\"url\":\"https:\\\/\\\/www.uartes.edu.ec\\\/sitio\\\/wp-content\\\/uploads\\\/2022\\\/05\\\/CASE-01-WEB-1.jpg\",\"contentUrl\":\"https:\\\/\\\/www.uartes.edu.ec\\\/sitio\\\/wp-content\\\/uploads\\\/2022\\\/05\\\/CASE-01-WEB-1.jpg\",\"width\":2000,\"height\":1334},{\"@type\":\"BreadcrumbList\",\"@id\":\"https:\\\/\\\/www.uartes.edu.ec\\\/sitio\\\/fr\\\/blog\\\/2022\\\/05\\\/03\\\/en-la-inauguracion-y-primera-jornada-de-lasconferencias-de-audio-y-sonido-del-ecuador\\\/#breadcrumb\",\"itemListElement\":[{\"@type\":\"ListItem\",\"position\":1,\"name\":\"Inicio\",\"item\":\"https:\\\/\\\/www.uartes.edu.ec\\\/sitio\\\/\"},{\"@type\":\"ListItem\",\"position\":2,\"name\":\"Tras su inauguraci\u00f3n, CASE abord\u00f3 en primer d\u00eda tem\u00e1ticas como mezclas, masterizaci\u00f3n y grabaci\u00f3n coral\"}]},{\"@type\":\"WebSite\",\"@id\":\"https:\\\/\\\/www.uartes.edu.ec\\\/sitio\\\/fr\\\/#website\",\"url\":\"https:\\\/\\\/www.uartes.edu.ec\\\/sitio\\\/fr\\\/\",\"name\":\"Universidad de las Artes\",\"description\":\"Sitio oficial de la Universidad Nacional de las Artes del Ecuador\",\"publisher\":{\"@id\":\"https:\\\/\\\/www.uartes.edu.ec\\\/sitio\\\/fr\\\/#organization\"},\"potentialAction\":[{\"@type\":\"SearchAction\",\"target\":{\"@type\":\"EntryPoint\",\"urlTemplate\":\"https:\\\/\\\/www.uartes.edu.ec\\\/sitio\\\/fr\\\/?s={search_term_string}\"},\"query-input\":{\"@type\":\"PropertyValueSpecification\",\"valueRequired\":true,\"valueName\":\"search_term_string\"}}],\"inLanguage\":\"fr-FR\"},{\"@type\":\"Organization\",\"@id\":\"https:\\\/\\\/www.uartes.edu.ec\\\/sitio\\\/fr\\\/#organization\",\"name\":\"Universidad de las Artes\",\"url\":\"https:\\\/\\\/www.uartes.edu.ec\\\/sitio\\\/fr\\\/\",\"logo\":{\"@type\":\"ImageObject\",\"inLanguage\":\"fr-FR\",\"@id\":\"https:\\\/\\\/www.uartes.edu.ec\\\/sitio\\\/fr\\\/#\\\/schema\\\/logo\\\/image\\\/\",\"url\":\"https:\\\/\\\/www.uartes.edu.ec\\\/sitio\\\/wp-content\\\/uploads\\\/2022\\\/07\\\/logo-ua-horizontal.png\",\"contentUrl\":\"https:\\\/\\\/www.uartes.edu.ec\\\/sitio\\\/wp-content\\\/uploads\\\/2022\\\/07\\\/logo-ua-horizontal.png\",\"width\":800,\"height\":276,\"caption\":\"Universidad de las Artes\"},\"image\":{\"@id\":\"https:\\\/\\\/www.uartes.edu.ec\\\/sitio\\\/fr\\\/#\\\/schema\\\/logo\\\/image\\\/\"},\"sameAs\":[\"https:\\\/\\\/www.facebook.com\\\/uartesec\",\"https:\\\/\\\/x.com\\\/uartesec\",\"https:\\\/\\\/www.tiktok.com\\\/@uartesec\"]},{\"@type\":\"Person\",\"@id\":\"https:\\\/\\\/www.uartes.edu.ec\\\/sitio\\\/fr\\\/#\\\/schema\\\/person\\\/efa1b8275797664fd7f13a79ccc0b1f4\",\"name\":\"ccortez\",\"image\":{\"@type\":\"ImageObject\",\"inLanguage\":\"fr-FR\",\"@id\":\"https:\\\/\\\/secure.gravatar.com\\\/avatar\\\/b2a6f664a3ae8e074346ef91775736c5ec479e637ecced6842de9dc98b5da9cd?s=96&d=mm&r=g\",\"url\":\"https:\\\/\\\/secure.gravatar.com\\\/avatar\\\/b2a6f664a3ae8e074346ef91775736c5ec479e637ecced6842de9dc98b5da9cd?s=96&d=mm&r=g\",\"contentUrl\":\"https:\\\/\\\/secure.gravatar.com\\\/avatar\\\/b2a6f664a3ae8e074346ef91775736c5ec479e637ecced6842de9dc98b5da9cd?s=96&d=mm&r=g\",\"caption\":\"ccortez\"},\"url\":\"https:\\\/\\\/www.uartes.edu.ec\\\/sitio\\\/fr\\\/blog\\\/author\\\/ccortez\\\/\"}]}<\/script>\n<!-- \/ Yoast SEO plugin. -->","yoast_head_json":{"title":"Universidad de las Artes - Tras su inauguraci\u00f3n, CASE abord\u00f3 en primer d\u00eda tem\u00e1ticas como mezclas, masterizaci\u00f3n y grabaci\u00f3n coral","description":"Universidad de las Artes - Tras su inauguraci\u00f3n, CASE abord\u00f3 en primer d\u00eda tem\u00e1ticas como mezclas, masterizaci\u00f3n y grabaci\u00f3n coral","robots":{"index":"index","follow":"follow","max-snippet":"max-snippet:-1","max-image-preview":"max-image-preview:large","max-video-preview":"max-video-preview:-1"},"canonical":"https:\/\/www.uartes.edu.ec\/sitio\/fr\/blog\/2022\/05\/03\/en-la-inauguracion-y-primera-jornada-de-lasconferencias-de-audio-y-sonido-del-ecuador\/","og_locale":"fr_FR","og_type":"article","og_title":"Universidad de las Artes - Tras su inauguraci\u00f3n, CASE abord\u00f3 en primer d\u00eda tem\u00e1ticas como mezclas, masterizaci\u00f3n y grabaci\u00f3n coral","og_description":"Universidad de las Artes - Tras su inauguraci\u00f3n, CASE abord\u00f3 en primer d\u00eda tem\u00e1ticas como mezclas, masterizaci\u00f3n y grabaci\u00f3n coral","og_url":"https:\/\/www.uartes.edu.ec\/sitio\/fr\/blog\/2022\/05\/03\/en-la-inauguracion-y-primera-jornada-de-lasconferencias-de-audio-y-sonido-del-ecuador\/","og_site_name":"Universidad de las Artes","article_publisher":"https:\/\/www.facebook.com\/uartesec","article_published_time":"2022-05-03T23:30:00+00:00","article_modified_time":"2024-07-04T16:23:43+00:00","og_image":[{"width":2000,"height":1334,"url":"https:\/\/www.uartes.edu.ec\/sitio\/wp-content\/uploads\/2022\/05\/CASE-01-WEB-1.jpg","type":"image\/jpeg"}],"author":"ccortez","twitter_card":"summary_large_image","twitter_creator":"@uartesec","twitter_site":"@uartesec","twitter_misc":{"\u00c9crit par":"ccortez","Dur\u00e9e de lecture estim\u00e9e":"5 minutes"},"schema":{"@context":"https:\/\/schema.org","@graph":[{"@type":"Article","@id":"https:\/\/www.uartes.edu.ec\/sitio\/fr\/blog\/2022\/05\/03\/en-la-inauguracion-y-primera-jornada-de-lasconferencias-de-audio-y-sonido-del-ecuador\/#article","isPartOf":{"@id":"https:\/\/www.uartes.edu.ec\/sitio\/fr\/blog\/2022\/05\/03\/en-la-inauguracion-y-primera-jornada-de-lasconferencias-de-audio-y-sonido-del-ecuador\/"},"author":{"name":"ccortez","@id":"https:\/\/www.uartes.edu.ec\/sitio\/fr\/#\/schema\/person\/efa1b8275797664fd7f13a79ccc0b1f4"},"headline":"Tras su inauguraci\u00f3n, CASE abord\u00f3 en primer d\u00eda tem\u00e1ticas como mezclas, masterizaci\u00f3n y grabaci\u00f3n coral","datePublished":"2022-05-03T23:30:00+00:00","dateModified":"2024-07-04T16:23:43+00:00","mainEntityOfPage":{"@id":"https:\/\/www.uartes.edu.ec\/sitio\/fr\/blog\/2022\/05\/03\/en-la-inauguracion-y-primera-jornada-de-lasconferencias-de-audio-y-sonido-del-ecuador\/"},"wordCount":973,"commentCount":0,"publisher":{"@id":"https:\/\/www.uartes.edu.ec\/sitio\/fr\/#organization"},"image":{"@id":"https:\/\/www.uartes.edu.ec\/sitio\/fr\/blog\/2022\/05\/03\/en-la-inauguracion-y-primera-jornada-de-lasconferencias-de-audio-y-sonido-del-ecuador\/#primaryimage"},"thumbnailUrl":"https:\/\/www.uartes.edu.ec\/sitio\/wp-content\/uploads\/2022\/05\/CASE-01-WEB-1.jpg","keywords":["conferencias"],"articleSection":["Acad\u00e9mico","Artes Sonoras","Docentes","Estudiantes","Sin categor\u00eda"],"inLanguage":"fr-FR","potentialAction":[{"@type":"CommentAction","name":"Comment","target":["https:\/\/www.uartes.edu.ec\/sitio\/fr\/blog\/2022\/05\/03\/en-la-inauguracion-y-primera-jornada-de-lasconferencias-de-audio-y-sonido-del-ecuador\/#respond"]}]},{"@type":["WebPage","ItemPage"],"@id":"https:\/\/www.uartes.edu.ec\/sitio\/fr\/blog\/2022\/05\/03\/en-la-inauguracion-y-primera-jornada-de-lasconferencias-de-audio-y-sonido-del-ecuador\/","url":"https:\/\/www.uartes.edu.ec\/sitio\/fr\/blog\/2022\/05\/03\/en-la-inauguracion-y-primera-jornada-de-lasconferencias-de-audio-y-sonido-del-ecuador\/","name":"Universidad de las Artes - Tras su inauguraci\u00f3n, CASE abord\u00f3 en primer d\u00eda tem\u00e1ticas como mezclas, masterizaci\u00f3n y grabaci\u00f3n coral","isPartOf":{"@id":"https:\/\/www.uartes.edu.ec\/sitio\/fr\/#website"},"primaryImageOfPage":{"@id":"https:\/\/www.uartes.edu.ec\/sitio\/fr\/blog\/2022\/05\/03\/en-la-inauguracion-y-primera-jornada-de-lasconferencias-de-audio-y-sonido-del-ecuador\/#primaryimage"},"image":{"@id":"https:\/\/www.uartes.edu.ec\/sitio\/fr\/blog\/2022\/05\/03\/en-la-inauguracion-y-primera-jornada-de-lasconferencias-de-audio-y-sonido-del-ecuador\/#primaryimage"},"thumbnailUrl":"https:\/\/www.uartes.edu.ec\/sitio\/wp-content\/uploads\/2022\/05\/CASE-01-WEB-1.jpg","datePublished":"2022-05-03T23:30:00+00:00","dateModified":"2024-07-04T16:23:43+00:00","description":"Universidad de las Artes - Tras su inauguraci\u00f3n, CASE abord\u00f3 en primer d\u00eda tem\u00e1ticas como mezclas, masterizaci\u00f3n y grabaci\u00f3n coral","breadcrumb":{"@id":"https:\/\/www.uartes.edu.ec\/sitio\/fr\/blog\/2022\/05\/03\/en-la-inauguracion-y-primera-jornada-de-lasconferencias-de-audio-y-sonido-del-ecuador\/#breadcrumb"},"inLanguage":"fr-FR","potentialAction":[{"@type":"ReadAction","target":["https:\/\/www.uartes.edu.ec\/sitio\/fr\/blog\/2022\/05\/03\/en-la-inauguracion-y-primera-jornada-de-lasconferencias-de-audio-y-sonido-del-ecuador\/"]}]},{"@type":"ImageObject","inLanguage":"fr-FR","@id":"https:\/\/www.uartes.edu.ec\/sitio\/fr\/blog\/2022\/05\/03\/en-la-inauguracion-y-primera-jornada-de-lasconferencias-de-audio-y-sonido-del-ecuador\/#primaryimage","url":"https:\/\/www.uartes.edu.ec\/sitio\/wp-content\/uploads\/2022\/05\/CASE-01-WEB-1.jpg","contentUrl":"https:\/\/www.uartes.edu.ec\/sitio\/wp-content\/uploads\/2022\/05\/CASE-01-WEB-1.jpg","width":2000,"height":1334},{"@type":"BreadcrumbList","@id":"https:\/\/www.uartes.edu.ec\/sitio\/fr\/blog\/2022\/05\/03\/en-la-inauguracion-y-primera-jornada-de-lasconferencias-de-audio-y-sonido-del-ecuador\/#breadcrumb","itemListElement":[{"@type":"ListItem","position":1,"name":"Inicio","item":"https:\/\/www.uartes.edu.ec\/sitio\/"},{"@type":"ListItem","position":2,"name":"Tras su inauguraci\u00f3n, CASE abord\u00f3 en primer d\u00eda tem\u00e1ticas como mezclas, masterizaci\u00f3n y grabaci\u00f3n coral"}]},{"@type":"WebSite","@id":"https:\/\/www.uartes.edu.ec\/sitio\/fr\/#website","url":"https:\/\/www.uartes.edu.ec\/sitio\/fr\/","name":"Universidad de las Artes","description":"Sitio oficial de la Universidad Nacional de las Artes del Ecuador","publisher":{"@id":"https:\/\/www.uartes.edu.ec\/sitio\/fr\/#organization"},"potentialAction":[{"@type":"SearchAction","target":{"@type":"EntryPoint","urlTemplate":"https:\/\/www.uartes.edu.ec\/sitio\/fr\/?s={search_term_string}"},"query-input":{"@type":"PropertyValueSpecification","valueRequired":true,"valueName":"search_term_string"}}],"inLanguage":"fr-FR"},{"@type":"Organization","@id":"https:\/\/www.uartes.edu.ec\/sitio\/fr\/#organization","name":"Universidad de las Artes","url":"https:\/\/www.uartes.edu.ec\/sitio\/fr\/","logo":{"@type":"ImageObject","inLanguage":"fr-FR","@id":"https:\/\/www.uartes.edu.ec\/sitio\/fr\/#\/schema\/logo\/image\/","url":"https:\/\/www.uartes.edu.ec\/sitio\/wp-content\/uploads\/2022\/07\/logo-ua-horizontal.png","contentUrl":"https:\/\/www.uartes.edu.ec\/sitio\/wp-content\/uploads\/2022\/07\/logo-ua-horizontal.png","width":800,"height":276,"caption":"Universidad de las Artes"},"image":{"@id":"https:\/\/www.uartes.edu.ec\/sitio\/fr\/#\/schema\/logo\/image\/"},"sameAs":["https:\/\/www.facebook.com\/uartesec","https:\/\/x.com\/uartesec","https:\/\/www.tiktok.com\/@uartesec"]},{"@type":"Person","@id":"https:\/\/www.uartes.edu.ec\/sitio\/fr\/#\/schema\/person\/efa1b8275797664fd7f13a79ccc0b1f4","name":"ccortez","image":{"@type":"ImageObject","inLanguage":"fr-FR","@id":"https:\/\/secure.gravatar.com\/avatar\/b2a6f664a3ae8e074346ef91775736c5ec479e637ecced6842de9dc98b5da9cd?s=96&d=mm&r=g","url":"https:\/\/secure.gravatar.com\/avatar\/b2a6f664a3ae8e074346ef91775736c5ec479e637ecced6842de9dc98b5da9cd?s=96&d=mm&r=g","contentUrl":"https:\/\/secure.gravatar.com\/avatar\/b2a6f664a3ae8e074346ef91775736c5ec479e637ecced6842de9dc98b5da9cd?s=96&d=mm&r=g","caption":"ccortez"},"url":"https:\/\/www.uartes.edu.ec\/sitio\/fr\/blog\/author\/ccortez\/"}]}},"uagb_featured_image_src":{"full":["https:\/\/www.uartes.edu.ec\/sitio\/wp-content\/uploads\/2022\/05\/CASE-01-WEB-1.jpg",2000,1334,false],"thumbnail":["https:\/\/www.uartes.edu.ec\/sitio\/wp-content\/uploads\/2022\/05\/CASE-01-WEB-1-150x150.jpg",150,150,true],"medium":["https:\/\/www.uartes.edu.ec\/sitio\/wp-content\/uploads\/2022\/05\/CASE-01-WEB-1-300x200.jpg",300,200,true],"medium_large":["https:\/\/www.uartes.edu.ec\/sitio\/wp-content\/uploads\/2022\/05\/CASE-01-WEB-1-768x512.jpg",768,512,true],"large":["https:\/\/www.uartes.edu.ec\/sitio\/wp-content\/uploads\/2022\/05\/CASE-01-WEB-1-644x430.jpg",644,430,true],"1536x1536":["https:\/\/www.uartes.edu.ec\/sitio\/wp-content\/uploads\/2022\/05\/CASE-01-WEB-1-1536x1025.jpg",1536,1025,true],"2048x2048":["https:\/\/www.uartes.edu.ec\/sitio\/wp-content\/uploads\/2022\/05\/CASE-01-WEB-1.jpg",2000,1334,false],"trp-custom-language-flag":["https:\/\/www.uartes.edu.ec\/sitio\/wp-content\/uploads\/2022\/05\/CASE-01-WEB-1.jpg",18,12,false],"htmega_size_585x295":["https:\/\/www.uartes.edu.ec\/sitio\/wp-content\/uploads\/2022\/05\/CASE-01-WEB-1.jpg",442,295,false],"htmega_size_1170x536":["https:\/\/www.uartes.edu.ec\/sitio\/wp-content\/uploads\/2022\/05\/CASE-01-WEB-1.jpg",804,536,false],"htmega_size_396x360":["https:\/\/www.uartes.edu.ec\/sitio\/wp-content\/uploads\/2022\/05\/CASE-01-WEB-1.jpg",396,264,false],"gb-block-post-grid-landscape":["https:\/\/www.uartes.edu.ec\/sitio\/wp-content\/uploads\/2022\/05\/CASE-01-WEB-1-600x400.jpg",600,400,true],"gb-block-post-grid-square":["https:\/\/www.uartes.edu.ec\/sitio\/wp-content\/uploads\/2022\/05\/CASE-01-WEB-1-600x600.jpg",600,600,true],"university-hub-thumb":["https:\/\/www.uartes.edu.ec\/sitio\/wp-content\/uploads\/2022\/05\/CASE-01-WEB-1-400x267.jpg",400,267,true],"mailpoet_newsletter_max":["https:\/\/www.uartes.edu.ec\/sitio\/wp-content\/uploads\/2022\/05\/CASE-01-WEB-1.jpg",1320,880,false]},"uagb_author_info":{"display_name":"ccortez","author_link":"https:\/\/www.uartes.edu.ec\/sitio\/fr\/blog\/author\/ccortez\/"},"uagb_comment_info":0,"uagb_excerpt":"El rector de la UArtes y el director de la EAS, William Herrera y Andrey Astaiza, dieron este 3 de mayo la bienvenida a la comunidad universitaria, estudiantes de m\u00fasica de otras instituciones y p\u00fablico general a la V edici\u00f3n de las Conferencias de Audio y Sonido del Ecuador. Se destac\u00f3 el retorno a la\u2026","featured_image_src":"https:\/\/www.uartes.edu.ec\/sitio\/wp-content\/uploads\/2022\/05\/CASE-01-WEB-1-600x400.jpg","featured_image_src_square":"https:\/\/www.uartes.edu.ec\/sitio\/wp-content\/uploads\/2022\/05\/CASE-01-WEB-1-600x600.jpg","author_info":{"display_name":"ccortez","author_link":"https:\/\/www.uartes.edu.ec\/sitio\/fr\/blog\/author\/ccortez\/"},"publishpress_future_workflow_manual_trigger":{"enabledWorkflows":[]},"distributor_meta":false,"distributor_terms":false,"distributor_media":false,"distributor_original_site_name":"Universidad de las Artes","distributor_original_site_url":"https:\/\/www.uartes.edu.ec\/sitio\/fr","push-errors":false,"_links":{"self":[{"href":"https:\/\/www.uartes.edu.ec\/sitio\/fr\/wp-json\/wp\/v2\/posts\/21184","targetHints":{"allow":["GET"]}}],"collection":[{"href":"https:\/\/www.uartes.edu.ec\/sitio\/fr\/wp-json\/wp\/v2\/posts"}],"about":[{"href":"https:\/\/www.uartes.edu.ec\/sitio\/fr\/wp-json\/wp\/v2\/types\/post"}],"author":[{"embeddable":true,"href":"https:\/\/www.uartes.edu.ec\/sitio\/fr\/wp-json\/wp\/v2\/users\/10"}],"replies":[{"embeddable":true,"href":"https:\/\/www.uartes.edu.ec\/sitio\/fr\/wp-json\/wp\/v2\/comments?post=21184"}],"version-history":[{"count":19,"href":"https:\/\/www.uartes.edu.ec\/sitio\/fr\/wp-json\/wp\/v2\/posts\/21184\/revisions"}],"predecessor-version":[{"id":41717,"href":"https:\/\/www.uartes.edu.ec\/sitio\/fr\/wp-json\/wp\/v2\/posts\/21184\/revisions\/41717"}],"wp:featuredmedia":[{"embeddable":true,"href":"https:\/\/www.uartes.edu.ec\/sitio\/fr\/wp-json\/wp\/v2\/media\/21185"}],"wp:attachment":[{"href":"https:\/\/www.uartes.edu.ec\/sitio\/fr\/wp-json\/wp\/v2\/media?parent=21184"}],"wp:term":[{"taxonomy":"category","embeddable":true,"href":"https:\/\/www.uartes.edu.ec\/sitio\/fr\/wp-json\/wp\/v2\/categories?post=21184"},{"taxonomy":"post_tag","embeddable":true,"href":"https:\/\/www.uartes.edu.ec\/sitio\/fr\/wp-json\/wp\/v2\/tags?post=21184"},{"taxonomy":"infouartes","embeddable":true,"href":"https:\/\/www.uartes.edu.ec\/sitio\/fr\/wp-json\/wp\/v2\/infouartes?post=21184"}],"curies":[{"name":"wp","href":"https:\/\/api.w.org\/{rel}","templated":true}]}}