{"id":21558,"date":"2022-05-17T13:28:00","date_gmt":"2022-05-17T18:28:00","guid":{"rendered":"http:\/\/www.uartes.edu.ec\/sitio\/?p=21558"},"modified":"2024-07-04T11:23:38","modified_gmt":"2024-07-04T16:23:38","slug":"disponibles-numeros-7-y-8-de-preliminar-notableasistencia-tuvo-jornada-de-lanzamiento-que-hizo-el-ilia","status":"publish","type":"post","link":"https:\/\/www.uartes.edu.ec\/sitio\/fr\/blog\/2022\/05\/17\/disponibles-numeros-7-y-8-de-preliminar-notableasistencia-tuvo-jornada-de-lanzamiento-que-hizo-el-ilia\/","title":{"rendered":"Disponibles en web nuevas ediciones de \u201cPreliminar\u201d. Notable asistencia en jornada de lanzamiento que hizo ILIA"},"content":{"rendered":"<p>En el marco del regreso a la presencialidad, el Instituto Latinoamericano de Investigaci\u00f3n en Artes (ILIA) realiz\u00f3 el pasado 12 de mayo el lanzamiento de los n\u00fameros 7 y 8 de <em>Preliminar: cuadernos de trabajo,<\/em> jornada en la que tambi\u00e9n se present\u00f3 un taller de postulaci\u00f3n a la revista. La actividad constituy\u00f3 la primera presentaci\u00f3n de nuevas ediciones del proyecto editorial donde se pudo compartir f\u00edsicamente con estudiantes y docentes de la Universidad de las Artes.<\/p>\n\n\n\n<p>La jornada se inici\u00f3 con el taller de postulaci\u00f3n en la Plaza P\u00fablica, a las 10:00. All\u00ed se compartieron con los asistentes los procedimientos y documentos para enviar trabajos a la revista. En esta actividad, Pablo Cardoso, director del ILIA, destac\u00f3 el aporte que ofrece <em>Preliminar <\/em>para que las producciones estudiantiles no queden olvidadas en los archivos del alumnado o de lxs docentes y puedan ser compartidas con la comunidad acad\u00e9mica y la sociedad en general. Con ello, se propone una democratizaci\u00f3n del conocimiento generado en clases por lxs estudiantes de la UArtes.<\/p>\n\n\n\n<p>Durante el taller varixs de los asistentes mostraron su inter\u00e9s en postular sus trabajos a la revista con propuestas de diferente naturaleza, como performances, ensayos fotogr\u00e1ficos y ensayos acad\u00e9micos. En este sentido, la informaci\u00f3n referente al env\u00edo de trabajos a <em>Preliminar <\/em>se encuentra disponible en su <a href=\"http:\/\/www.uartes.edu.ec\/sitio\/preliminar\/convocatoria-abierta-de-preliminar-cuadernos-de-trabajo-coleccion-estudiantes-y-docentes\/\">sitio web<\/a>, en el cual est\u00e1n tambi\u00e9n los documentos y formatos respectivos. Actualmente, la revista cuenta con una convocatoria abierta y permanente, por lo cual se recibir\u00e1n trabajos en cualquier momento del ciclo acad\u00e9mico.<\/p>\n\n\n\n<div class=\"wp-block-image\"><figure class=\"aligncenter size-large\"><img fetchpriority=\"high\" decoding=\"async\" width=\"644\" height=\"429\" src=\"http:\/\/www.uartes.edu.ec\/sitio\/wp-content\/uploads\/2022\/05\/PRELIMINAR-02-WEB-644x429.jpg\" alt=\"\" class=\"wp-image-21560\" srcset=\"https:\/\/www.uartes.edu.ec\/sitio\/wp-content\/uploads\/2022\/05\/PRELIMINAR-02-WEB-644x429.jpg 644w, https:\/\/www.uartes.edu.ec\/sitio\/wp-content\/uploads\/2022\/05\/PRELIMINAR-02-WEB-768x511.jpg 768w, https:\/\/www.uartes.edu.ec\/sitio\/wp-content\/uploads\/2022\/05\/PRELIMINAR-02-WEB.jpg 2000w, https:\/\/www.uartes.edu.ec\/sitio\/wp-content\/uploads\/2022\/05\/PRELIMINAR-02-WEB-600x399.jpg 600w, https:\/\/www.uartes.edu.ec\/sitio\/wp-content\/uploads\/2022\/05\/PRELIMINAR-02-WEB-272x182.jpg 272w\" sizes=\"(max-width: 644px) 100vw, 644px\" \/><figcaption>Mario Maquil\u00f3n, coordinador de <em>Preliminar,<\/em> y Ana Mar\u00eda Crespo, miembro del equipo editorial, durante el taller.&nbsp;<\/figcaption><\/figure><\/div>\n\n\n\n<p>La jornada continu\u00f3 a las 15:00 con el lanzamiento del s\u00e9ptimo n\u00famero de <em>Preliminar, \u201c<\/em>Devenires de la memoria: digitalidad expandida\u201d,en la Sala de Experimentaci\u00f3n Sonora. Esta actividad cont\u00f3 con la presencia de Ana Camila Corral, docente de la asignatura de Edici\u00f3n y Publicaci\u00f3n Literaria II, con la que se estableci\u00f3 una <a href=\"http:\/\/www.uartes.edu.ec\/sitio\/blog\/2021\/12\/07\/preliminar-contara-con-la-colaboracion-de-lacatedra-de-edicion-y-publicacion-literaria-ii\/\">colaboraci\u00f3n<\/a> que inici\u00f3 en el semestre B de 2021. As\u00ed, esta nueva edici\u00f3n de la colecci\u00f3n Estudiantes se trabaj\u00f3 y desarroll\u00f3 en las aulas de clase junto a lxs estudiantes de la materia antes referida.<\/p>\n\n\n\n<p>Ana Camila Corral hizo referencia a <em>Preliminar<\/em> como una publicaci\u00f3n en la que es posible conocer las producciones e intereses investigativos de las diferentes escuelas de la universidad, con lo que se genera un di\u00e1logo de saberes entre diferentes disciplinas. Resalt\u00f3 tambi\u00e9n el trabajo realizado por sus estudiantes, quienes propusieron la l\u00ednea editorial y el nombre de la edici\u00f3n. Es pertinente mencionar que el dise\u00f1o de la portada fue creado por la alumna Malena Guevara y la docente Mar\u00eda Mercedes Salgado, quien colabor\u00f3 tambi\u00e9n con este n\u00famero y con la c\u00e1tedra de Edici\u00f3n y Publicaci\u00f3n Literaria II.<\/p>\n\n\n\n<p>El lanzamiento incluy\u00f3 la intervenci\u00f3n de Jennifer Flores, quien en representaci\u00f3n del equipo editorial de <em>Preliminar<\/em> (junto a Nicole Maila y Brenda Guaja) expuso los aprendizajes adquiridos a trav\u00e9s de su experiencia en este proyecto. Posteriormente, se dio paso a entrevistas con tres de lxs autores publicados en este n\u00famero y que comentaron sobre su proceso de investigaci\u00f3n-creaci\u00f3n: Adri\u00e1n V\u00e9lez, Marietta Altamirano y Rogger Cede\u00f1o.<\/p>\n\n\n\n<div class=\"wp-block-image\"><figure class=\"aligncenter size-large\"><img decoding=\"async\" width=\"644\" height=\"429\" src=\"http:\/\/www.uartes.edu.ec\/sitio\/wp-content\/uploads\/2022\/05\/PRELIMINAR-03-WEB-644x429.jpg\" alt=\"\" class=\"wp-image-21561\" srcset=\"https:\/\/www.uartes.edu.ec\/sitio\/wp-content\/uploads\/2022\/05\/PRELIMINAR-03-WEB-644x429.jpg 644w, https:\/\/www.uartes.edu.ec\/sitio\/wp-content\/uploads\/2022\/05\/PRELIMINAR-03-WEB-768x511.jpg 768w, https:\/\/www.uartes.edu.ec\/sitio\/wp-content\/uploads\/2022\/05\/PRELIMINAR-03-WEB.jpg 2000w, https:\/\/www.uartes.edu.ec\/sitio\/wp-content\/uploads\/2022\/05\/PRELIMINAR-03-WEB-600x399.jpg 600w, https:\/\/www.uartes.edu.ec\/sitio\/wp-content\/uploads\/2022\/05\/PRELIMINAR-03-WEB-272x182.jpg 272w\" sizes=\"(max-width: 644px) 100vw, 644px\" \/><figcaption>Ana Camila Corral compartiendo la experiencia de colaboraci\u00f3n entre la c\u00e1tedra de Edici\u00f3n y Publicaci\u00f3n Literaria II y <em>Preliminar.<\/em> A su derecha: Rogger Cede\u00f1o, Jennifer Flores y Marietta Altamirano&nbsp;<\/figcaption><\/figure><\/div>\n\n\n\n<p>Como cierre de la jornada, a las 17:50 se present\u00f3 en la Sala de Cine del MZ14 el n\u00famero 8 de <em>Preliminar,<\/em> correspondiente a la colecci\u00f3n Docentes, \u201cAutoetnograf\u00edas: archivos y apropiaciones\u201d. Las palabras de bienvenida estuvieron a cargo de Pedro Cagigal, director de la Escuela de Cine, quien enfatiz\u00f3 la labor realizada por el docente Andr\u00e9s D\u00e1vila y la estudiante y co-editora Alejandra Carvajal.<\/p>\n\n\n\n<p>Tras la proyecci\u00f3n de los cortometrajes se dio paso al conversatorio con seis de lxs autores que participaron en el n\u00famero: Ileana Matamoros, Dom\u00e9nica Palma, G\u00e9nesis Barahona, Mayro Romero, Melanie Bravo y Alejandra Carvajal; estuvo coordinado por Ana Mar\u00eda Crespo y Eduarda D\u00e1valos, miembros del equipo editorial de <em>Preliminar.<\/em> En estas intervenciones las estudiantes abordaron el trabajo realizado a trav\u00e9s de la recuperaci\u00f3n de archivos f\u00edlmicos familiares e institucionales, a los cuales se les impregnaron las narrativas particulares de estxs creadores.<\/p>\n\n\n\n<p>As\u00ed, la realizaci\u00f3n de esta jornada permiti\u00f3 el reencuentro e integraci\u00f3n de la comunidad universitaria en torno a las producciones investigativas-creativas de sus estudiantes, con lo que tambi\u00e9n se puso de manifiesto las potencialidades de estos trabajos para generar conocimientos y debate en relaci\u00f3n a las propuestas incluidas en estas publicaciones.<\/p>\n\n\n\n<p>El contenido de los n\u00fameros 7 y 8 de <em>Preliminar <\/em>est\u00e1n disponibles para descarga en el <a href=\"http:\/\/www.uartes.edu.ec\/sitio\/preliminar\/\">sitio web<\/a> del proyecto.<br>Texto\/cobertura: Mario Maquil\u00f3n, funcionario del ILIA y coordinador de <em>Preliminar: cuadernos de trabajo.<\/em><br>En la imagen principal, el doctor Pablo Cardoso, director del ILIA, en la bienvenida que dio a los presentes en la jornada.<\/p>\n\n\n\n<div class=\"wp-block-image\"><figure class=\"aligncenter size-large\"><img decoding=\"async\" width=\"644\" height=\"429\" src=\"http:\/\/www.uartes.edu.ec\/sitio\/wp-content\/uploads\/2022\/05\/PRELIMINAR-04-WEB-644x429.jpg\" alt=\"\" class=\"wp-image-21562\" srcset=\"https:\/\/www.uartes.edu.ec\/sitio\/wp-content\/uploads\/2022\/05\/PRELIMINAR-04-WEB-644x429.jpg 644w, https:\/\/www.uartes.edu.ec\/sitio\/wp-content\/uploads\/2022\/05\/PRELIMINAR-04-WEB-768x511.jpg 768w, https:\/\/www.uartes.edu.ec\/sitio\/wp-content\/uploads\/2022\/05\/PRELIMINAR-04-WEB.jpg 2000w, https:\/\/www.uartes.edu.ec\/sitio\/wp-content\/uploads\/2022\/05\/PRELIMINAR-04-WEB-600x399.jpg 600w, https:\/\/www.uartes.edu.ec\/sitio\/wp-content\/uploads\/2022\/05\/PRELIMINAR-04-WEB-272x182.jpg 272w\" sizes=\"(max-width: 644px) 100vw, 644px\" \/><figcaption>Conversatorio con algunxs de lxs autores del n\u00famero 8 de<em>Preliminar: cuadernos de trabajo.&nbsp;<\/em><\/figcaption><\/figure><\/div>","protected":false},"excerpt":{"rendered":"<p>La jornada que organiz\u00f3 el Instituto Latinoamericano de Investigaci\u00f3n en Artes (ILIA) para dar a conocer las nuevas ediciones de \u00abPreliminar: cuadernos de trabajo\u00bb se desarroll\u00f3 en la Plaza P\u00fablica y el Cine del MZ14. Pablo Cardoso destac\u00f3 el aporte de la revista digital para que las producciones estudiantiles no queden olvidadas en los archivos del alumnado o de lxs docentes y puedan ser compartidas.<\/p>","protected":false},"author":10,"featured_media":21559,"comment_status":"open","ping_status":"open","sticky":false,"template":"","format":"standard","meta":{"_acf_changed":false,"_uag_custom_page_level_css":"","_monsterinsights_skip_tracking":false,"_monsterinsights_sitenote_active":false,"_monsterinsights_sitenote_note":"","_monsterinsights_sitenote_category":0,"cybocfi_hide_featured_image":"","footnotes":""},"categories":[159,150,157,147,75,76,284,175],"tags":[687],"infouartes":[],"class_list":["post-21558","post","type-post","status-publish","format-standard","has-post-thumbnail","hentry","category-artes-escenicas","category-artes-sonoras","category-artes-visuales","category-cine","category-docentes","category-estudiantes","category-investigacion","category-literatura","tag-revista-preliminar"],"acf":[],"yoast_head":"<!-- This site is optimized with the Yoast SEO plugin v27.4 - https:\/\/yoast.com\/product\/yoast-seo-wordpress\/ -->\n<title>Universidad de las Artes - Disponibles en web nuevas ediciones de \u201cPreliminar\u201d. Notable asistencia en jornada de lanzamiento que hizo ILIA<\/title>\n<meta name=\"description\" content=\"Universidad de las Artes - Disponibles en web nuevas ediciones de \u201cPreliminar\u201d. Notable asistencia en jornada de lanzamiento que hizo ILIA\" \/>\n<meta name=\"robots\" content=\"index, follow, max-snippet:-1, max-image-preview:large, max-video-preview:-1\" \/>\n<link rel=\"canonical\" href=\"https:\/\/www.uartes.edu.ec\/sitio\/fr\/blog\/2022\/05\/17\/disponibles-numeros-7-y-8-de-preliminar-notableasistencia-tuvo-jornada-de-lanzamiento-que-hizo-el-ilia\/\" \/>\n<meta property=\"og:locale\" content=\"fr_FR\" \/>\n<meta property=\"og:type\" content=\"article\" \/>\n<meta property=\"og:title\" content=\"Universidad de las Artes - Disponibles en web nuevas ediciones de \u201cPreliminar\u201d. Notable asistencia en jornada de lanzamiento que hizo ILIA\" \/>\n<meta property=\"og:description\" content=\"Universidad de las Artes - Disponibles en web nuevas ediciones de \u201cPreliminar\u201d. Notable asistencia en jornada de lanzamiento que hizo ILIA\" \/>\n<meta property=\"og:url\" content=\"https:\/\/www.uartes.edu.ec\/sitio\/fr\/blog\/2022\/05\/17\/disponibles-numeros-7-y-8-de-preliminar-notableasistencia-tuvo-jornada-de-lanzamiento-que-hizo-el-ilia\/\" \/>\n<meta property=\"og:site_name\" content=\"Universidad de las Artes\" \/>\n<meta property=\"article:publisher\" content=\"https:\/\/www.facebook.com\/uartesec\" \/>\n<meta property=\"article:published_time\" content=\"2022-05-17T18:28:00+00:00\" \/>\n<meta property=\"article:modified_time\" content=\"2024-07-04T16:23:38+00:00\" \/>\n<meta property=\"og:image\" content=\"https:\/\/www.uartes.edu.ec\/sitio\/wp-content\/uploads\/2022\/05\/PRELIMINAR-01-WEB.jpg\" \/>\n\t<meta property=\"og:image:width\" content=\"2000\" \/>\n\t<meta property=\"og:image:height\" content=\"1334\" \/>\n\t<meta property=\"og:image:type\" content=\"image\/jpeg\" \/>\n<meta name=\"author\" content=\"ccortez\" \/>\n<meta name=\"twitter:card\" content=\"summary_large_image\" \/>\n<meta name=\"twitter:creator\" content=\"@uartesec\" \/>\n<meta name=\"twitter:site\" content=\"@uartesec\" \/>\n<meta name=\"twitter:label1\" content=\"\u00c9crit par\" \/>\n\t<meta name=\"twitter:data1\" content=\"ccortez\" \/>\n\t<meta name=\"twitter:label2\" content=\"Dur\u00e9e de lecture estim\u00e9e\" \/>\n\t<meta name=\"twitter:data2\" content=\"5 minutes\" \/>\n<script type=\"application\/ld+json\" class=\"yoast-schema-graph\">{\"@context\":\"https:\\\/\\\/schema.org\",\"@graph\":[{\"@type\":\"Article\",\"@id\":\"https:\\\/\\\/www.uartes.edu.ec\\\/sitio\\\/fr\\\/blog\\\/2022\\\/05\\\/17\\\/disponibles-numeros-7-y-8-de-preliminar-notableasistencia-tuvo-jornada-de-lanzamiento-que-hizo-el-ilia\\\/#article\",\"isPartOf\":{\"@id\":\"https:\\\/\\\/www.uartes.edu.ec\\\/sitio\\\/fr\\\/blog\\\/2022\\\/05\\\/17\\\/disponibles-numeros-7-y-8-de-preliminar-notableasistencia-tuvo-jornada-de-lanzamiento-que-hizo-el-ilia\\\/\"},\"author\":{\"name\":\"ccortez\",\"@id\":\"https:\\\/\\\/www.uartes.edu.ec\\\/sitio\\\/fr\\\/#\\\/schema\\\/person\\\/efa1b8275797664fd7f13a79ccc0b1f4\"},\"headline\":\"Disponibles en web nuevas ediciones de \u201cPreliminar\u201d. Notable asistencia en jornada de lanzamiento que hizo ILIA\",\"datePublished\":\"2022-05-17T18:28:00+00:00\",\"dateModified\":\"2024-07-04T16:23:38+00:00\",\"mainEntityOfPage\":{\"@id\":\"https:\\\/\\\/www.uartes.edu.ec\\\/sitio\\\/fr\\\/blog\\\/2022\\\/05\\\/17\\\/disponibles-numeros-7-y-8-de-preliminar-notableasistencia-tuvo-jornada-de-lanzamiento-que-hizo-el-ilia\\\/\"},\"wordCount\":893,\"commentCount\":0,\"publisher\":{\"@id\":\"https:\\\/\\\/www.uartes.edu.ec\\\/sitio\\\/fr\\\/#organization\"},\"image\":{\"@id\":\"https:\\\/\\\/www.uartes.edu.ec\\\/sitio\\\/fr\\\/blog\\\/2022\\\/05\\\/17\\\/disponibles-numeros-7-y-8-de-preliminar-notableasistencia-tuvo-jornada-de-lanzamiento-que-hizo-el-ilia\\\/#primaryimage\"},\"thumbnailUrl\":\"https:\\\/\\\/www.uartes.edu.ec\\\/sitio\\\/wp-content\\\/uploads\\\/2022\\\/05\\\/PRELIMINAR-01-WEB.jpg\",\"keywords\":[\"revista Preliminar\"],\"articleSection\":[\"Artes Esc\u00e9nicas\",\"Artes Sonoras\",\"Artes Visuales\",\"Cine\",\"Docentes\",\"Estudiantes\",\"Investigaci\u00f3n\",\"Literatura\"],\"inLanguage\":\"fr-FR\",\"potentialAction\":[{\"@type\":\"CommentAction\",\"name\":\"Comment\",\"target\":[\"https:\\\/\\\/www.uartes.edu.ec\\\/sitio\\\/fr\\\/blog\\\/2022\\\/05\\\/17\\\/disponibles-numeros-7-y-8-de-preliminar-notableasistencia-tuvo-jornada-de-lanzamiento-que-hizo-el-ilia\\\/#respond\"]}]},{\"@type\":[\"WebPage\",\"ItemPage\"],\"@id\":\"https:\\\/\\\/www.uartes.edu.ec\\\/sitio\\\/fr\\\/blog\\\/2022\\\/05\\\/17\\\/disponibles-numeros-7-y-8-de-preliminar-notableasistencia-tuvo-jornada-de-lanzamiento-que-hizo-el-ilia\\\/\",\"url\":\"https:\\\/\\\/www.uartes.edu.ec\\\/sitio\\\/fr\\\/blog\\\/2022\\\/05\\\/17\\\/disponibles-numeros-7-y-8-de-preliminar-notableasistencia-tuvo-jornada-de-lanzamiento-que-hizo-el-ilia\\\/\",\"name\":\"Universidad de las Artes - Disponibles en web nuevas ediciones de \u201cPreliminar\u201d. Notable asistencia en jornada de lanzamiento que hizo ILIA\",\"isPartOf\":{\"@id\":\"https:\\\/\\\/www.uartes.edu.ec\\\/sitio\\\/fr\\\/#website\"},\"primaryImageOfPage\":{\"@id\":\"https:\\\/\\\/www.uartes.edu.ec\\\/sitio\\\/fr\\\/blog\\\/2022\\\/05\\\/17\\\/disponibles-numeros-7-y-8-de-preliminar-notableasistencia-tuvo-jornada-de-lanzamiento-que-hizo-el-ilia\\\/#primaryimage\"},\"image\":{\"@id\":\"https:\\\/\\\/www.uartes.edu.ec\\\/sitio\\\/fr\\\/blog\\\/2022\\\/05\\\/17\\\/disponibles-numeros-7-y-8-de-preliminar-notableasistencia-tuvo-jornada-de-lanzamiento-que-hizo-el-ilia\\\/#primaryimage\"},\"thumbnailUrl\":\"https:\\\/\\\/www.uartes.edu.ec\\\/sitio\\\/wp-content\\\/uploads\\\/2022\\\/05\\\/PRELIMINAR-01-WEB.jpg\",\"datePublished\":\"2022-05-17T18:28:00+00:00\",\"dateModified\":\"2024-07-04T16:23:38+00:00\",\"description\":\"Universidad de las Artes - Disponibles en web nuevas ediciones de \u201cPreliminar\u201d. Notable asistencia en jornada de lanzamiento que hizo ILIA\",\"breadcrumb\":{\"@id\":\"https:\\\/\\\/www.uartes.edu.ec\\\/sitio\\\/fr\\\/blog\\\/2022\\\/05\\\/17\\\/disponibles-numeros-7-y-8-de-preliminar-notableasistencia-tuvo-jornada-de-lanzamiento-que-hizo-el-ilia\\\/#breadcrumb\"},\"inLanguage\":\"fr-FR\",\"potentialAction\":[{\"@type\":\"ReadAction\",\"target\":[\"https:\\\/\\\/www.uartes.edu.ec\\\/sitio\\\/fr\\\/blog\\\/2022\\\/05\\\/17\\\/disponibles-numeros-7-y-8-de-preliminar-notableasistencia-tuvo-jornada-de-lanzamiento-que-hizo-el-ilia\\\/\"]}]},{\"@type\":\"ImageObject\",\"inLanguage\":\"fr-FR\",\"@id\":\"https:\\\/\\\/www.uartes.edu.ec\\\/sitio\\\/fr\\\/blog\\\/2022\\\/05\\\/17\\\/disponibles-numeros-7-y-8-de-preliminar-notableasistencia-tuvo-jornada-de-lanzamiento-que-hizo-el-ilia\\\/#primaryimage\",\"url\":\"https:\\\/\\\/www.uartes.edu.ec\\\/sitio\\\/wp-content\\\/uploads\\\/2022\\\/05\\\/PRELIMINAR-01-WEB.jpg\",\"contentUrl\":\"https:\\\/\\\/www.uartes.edu.ec\\\/sitio\\\/wp-content\\\/uploads\\\/2022\\\/05\\\/PRELIMINAR-01-WEB.jpg\",\"width\":2000,\"height\":1334},{\"@type\":\"BreadcrumbList\",\"@id\":\"https:\\\/\\\/www.uartes.edu.ec\\\/sitio\\\/fr\\\/blog\\\/2022\\\/05\\\/17\\\/disponibles-numeros-7-y-8-de-preliminar-notableasistencia-tuvo-jornada-de-lanzamiento-que-hizo-el-ilia\\\/#breadcrumb\",\"itemListElement\":[{\"@type\":\"ListItem\",\"position\":1,\"name\":\"Inicio\",\"item\":\"https:\\\/\\\/www.uartes.edu.ec\\\/sitio\\\/\"},{\"@type\":\"ListItem\",\"position\":2,\"name\":\"Disponibles en web nuevas ediciones de \u201cPreliminar\u201d. Notable asistencia en jornada de lanzamiento que hizo ILIA\"}]},{\"@type\":\"WebSite\",\"@id\":\"https:\\\/\\\/www.uartes.edu.ec\\\/sitio\\\/fr\\\/#website\",\"url\":\"https:\\\/\\\/www.uartes.edu.ec\\\/sitio\\\/fr\\\/\",\"name\":\"Universidad de las Artes\",\"description\":\"Sitio oficial de la Universidad Nacional de las Artes del Ecuador\",\"publisher\":{\"@id\":\"https:\\\/\\\/www.uartes.edu.ec\\\/sitio\\\/fr\\\/#organization\"},\"potentialAction\":[{\"@type\":\"SearchAction\",\"target\":{\"@type\":\"EntryPoint\",\"urlTemplate\":\"https:\\\/\\\/www.uartes.edu.ec\\\/sitio\\\/fr\\\/?s={search_term_string}\"},\"query-input\":{\"@type\":\"PropertyValueSpecification\",\"valueRequired\":true,\"valueName\":\"search_term_string\"}}],\"inLanguage\":\"fr-FR\"},{\"@type\":\"Organization\",\"@id\":\"https:\\\/\\\/www.uartes.edu.ec\\\/sitio\\\/fr\\\/#organization\",\"name\":\"Universidad de las Artes\",\"url\":\"https:\\\/\\\/www.uartes.edu.ec\\\/sitio\\\/fr\\\/\",\"logo\":{\"@type\":\"ImageObject\",\"inLanguage\":\"fr-FR\",\"@id\":\"https:\\\/\\\/www.uartes.edu.ec\\\/sitio\\\/fr\\\/#\\\/schema\\\/logo\\\/image\\\/\",\"url\":\"https:\\\/\\\/www.uartes.edu.ec\\\/sitio\\\/wp-content\\\/uploads\\\/2022\\\/07\\\/logo-ua-horizontal.png\",\"contentUrl\":\"https:\\\/\\\/www.uartes.edu.ec\\\/sitio\\\/wp-content\\\/uploads\\\/2022\\\/07\\\/logo-ua-horizontal.png\",\"width\":800,\"height\":276,\"caption\":\"Universidad de las Artes\"},\"image\":{\"@id\":\"https:\\\/\\\/www.uartes.edu.ec\\\/sitio\\\/fr\\\/#\\\/schema\\\/logo\\\/image\\\/\"},\"sameAs\":[\"https:\\\/\\\/www.facebook.com\\\/uartesec\",\"https:\\\/\\\/x.com\\\/uartesec\",\"https:\\\/\\\/www.tiktok.com\\\/@uartesec\"]},{\"@type\":\"Person\",\"@id\":\"https:\\\/\\\/www.uartes.edu.ec\\\/sitio\\\/fr\\\/#\\\/schema\\\/person\\\/efa1b8275797664fd7f13a79ccc0b1f4\",\"name\":\"ccortez\",\"image\":{\"@type\":\"ImageObject\",\"inLanguage\":\"fr-FR\",\"@id\":\"https:\\\/\\\/secure.gravatar.com\\\/avatar\\\/b2a6f664a3ae8e074346ef91775736c5ec479e637ecced6842de9dc98b5da9cd?s=96&d=mm&r=g\",\"url\":\"https:\\\/\\\/secure.gravatar.com\\\/avatar\\\/b2a6f664a3ae8e074346ef91775736c5ec479e637ecced6842de9dc98b5da9cd?s=96&d=mm&r=g\",\"contentUrl\":\"https:\\\/\\\/secure.gravatar.com\\\/avatar\\\/b2a6f664a3ae8e074346ef91775736c5ec479e637ecced6842de9dc98b5da9cd?s=96&d=mm&r=g\",\"caption\":\"ccortez\"},\"url\":\"https:\\\/\\\/www.uartes.edu.ec\\\/sitio\\\/fr\\\/blog\\\/author\\\/ccortez\\\/\"}]}<\/script>\n<!-- \/ Yoast SEO plugin. -->","yoast_head_json":{"title":"Universidad de las Artes - Disponibles en web nuevas ediciones de \u201cPreliminar\u201d. Notable asistencia en jornada de lanzamiento que hizo ILIA","description":"Universidad de las Artes - Disponibles en web nuevas ediciones de \u201cPreliminar\u201d. Notable asistencia en jornada de lanzamiento que hizo ILIA","robots":{"index":"index","follow":"follow","max-snippet":"max-snippet:-1","max-image-preview":"max-image-preview:large","max-video-preview":"max-video-preview:-1"},"canonical":"https:\/\/www.uartes.edu.ec\/sitio\/fr\/blog\/2022\/05\/17\/disponibles-numeros-7-y-8-de-preliminar-notableasistencia-tuvo-jornada-de-lanzamiento-que-hizo-el-ilia\/","og_locale":"fr_FR","og_type":"article","og_title":"Universidad de las Artes - Disponibles en web nuevas ediciones de \u201cPreliminar\u201d. Notable asistencia en jornada de lanzamiento que hizo ILIA","og_description":"Universidad de las Artes - Disponibles en web nuevas ediciones de \u201cPreliminar\u201d. Notable asistencia en jornada de lanzamiento que hizo ILIA","og_url":"https:\/\/www.uartes.edu.ec\/sitio\/fr\/blog\/2022\/05\/17\/disponibles-numeros-7-y-8-de-preliminar-notableasistencia-tuvo-jornada-de-lanzamiento-que-hizo-el-ilia\/","og_site_name":"Universidad de las Artes","article_publisher":"https:\/\/www.facebook.com\/uartesec","article_published_time":"2022-05-17T18:28:00+00:00","article_modified_time":"2024-07-04T16:23:38+00:00","og_image":[{"width":2000,"height":1334,"url":"https:\/\/www.uartes.edu.ec\/sitio\/wp-content\/uploads\/2022\/05\/PRELIMINAR-01-WEB.jpg","type":"image\/jpeg"}],"author":"ccortez","twitter_card":"summary_large_image","twitter_creator":"@uartesec","twitter_site":"@uartesec","twitter_misc":{"\u00c9crit par":"ccortez","Dur\u00e9e de lecture estim\u00e9e":"5 minutes"},"schema":{"@context":"https:\/\/schema.org","@graph":[{"@type":"Article","@id":"https:\/\/www.uartes.edu.ec\/sitio\/fr\/blog\/2022\/05\/17\/disponibles-numeros-7-y-8-de-preliminar-notableasistencia-tuvo-jornada-de-lanzamiento-que-hizo-el-ilia\/#article","isPartOf":{"@id":"https:\/\/www.uartes.edu.ec\/sitio\/fr\/blog\/2022\/05\/17\/disponibles-numeros-7-y-8-de-preliminar-notableasistencia-tuvo-jornada-de-lanzamiento-que-hizo-el-ilia\/"},"author":{"name":"ccortez","@id":"https:\/\/www.uartes.edu.ec\/sitio\/fr\/#\/schema\/person\/efa1b8275797664fd7f13a79ccc0b1f4"},"headline":"Disponibles en web nuevas ediciones de \u201cPreliminar\u201d. Notable asistencia en jornada de lanzamiento que hizo ILIA","datePublished":"2022-05-17T18:28:00+00:00","dateModified":"2024-07-04T16:23:38+00:00","mainEntityOfPage":{"@id":"https:\/\/www.uartes.edu.ec\/sitio\/fr\/blog\/2022\/05\/17\/disponibles-numeros-7-y-8-de-preliminar-notableasistencia-tuvo-jornada-de-lanzamiento-que-hizo-el-ilia\/"},"wordCount":893,"commentCount":0,"publisher":{"@id":"https:\/\/www.uartes.edu.ec\/sitio\/fr\/#organization"},"image":{"@id":"https:\/\/www.uartes.edu.ec\/sitio\/fr\/blog\/2022\/05\/17\/disponibles-numeros-7-y-8-de-preliminar-notableasistencia-tuvo-jornada-de-lanzamiento-que-hizo-el-ilia\/#primaryimage"},"thumbnailUrl":"https:\/\/www.uartes.edu.ec\/sitio\/wp-content\/uploads\/2022\/05\/PRELIMINAR-01-WEB.jpg","keywords":["revista Preliminar"],"articleSection":["Artes Esc\u00e9nicas","Artes Sonoras","Artes Visuales","Cine","Docentes","Estudiantes","Investigaci\u00f3n","Literatura"],"inLanguage":"fr-FR","potentialAction":[{"@type":"CommentAction","name":"Comment","target":["https:\/\/www.uartes.edu.ec\/sitio\/fr\/blog\/2022\/05\/17\/disponibles-numeros-7-y-8-de-preliminar-notableasistencia-tuvo-jornada-de-lanzamiento-que-hizo-el-ilia\/#respond"]}]},{"@type":["WebPage","ItemPage"],"@id":"https:\/\/www.uartes.edu.ec\/sitio\/fr\/blog\/2022\/05\/17\/disponibles-numeros-7-y-8-de-preliminar-notableasistencia-tuvo-jornada-de-lanzamiento-que-hizo-el-ilia\/","url":"https:\/\/www.uartes.edu.ec\/sitio\/fr\/blog\/2022\/05\/17\/disponibles-numeros-7-y-8-de-preliminar-notableasistencia-tuvo-jornada-de-lanzamiento-que-hizo-el-ilia\/","name":"Universidad de las Artes - Disponibles en web nuevas ediciones de \u201cPreliminar\u201d. Notable asistencia en jornada de lanzamiento que hizo ILIA","isPartOf":{"@id":"https:\/\/www.uartes.edu.ec\/sitio\/fr\/#website"},"primaryImageOfPage":{"@id":"https:\/\/www.uartes.edu.ec\/sitio\/fr\/blog\/2022\/05\/17\/disponibles-numeros-7-y-8-de-preliminar-notableasistencia-tuvo-jornada-de-lanzamiento-que-hizo-el-ilia\/#primaryimage"},"image":{"@id":"https:\/\/www.uartes.edu.ec\/sitio\/fr\/blog\/2022\/05\/17\/disponibles-numeros-7-y-8-de-preliminar-notableasistencia-tuvo-jornada-de-lanzamiento-que-hizo-el-ilia\/#primaryimage"},"thumbnailUrl":"https:\/\/www.uartes.edu.ec\/sitio\/wp-content\/uploads\/2022\/05\/PRELIMINAR-01-WEB.jpg","datePublished":"2022-05-17T18:28:00+00:00","dateModified":"2024-07-04T16:23:38+00:00","description":"Universidad de las Artes - Disponibles en web nuevas ediciones de \u201cPreliminar\u201d. Notable asistencia en jornada de lanzamiento que hizo ILIA","breadcrumb":{"@id":"https:\/\/www.uartes.edu.ec\/sitio\/fr\/blog\/2022\/05\/17\/disponibles-numeros-7-y-8-de-preliminar-notableasistencia-tuvo-jornada-de-lanzamiento-que-hizo-el-ilia\/#breadcrumb"},"inLanguage":"fr-FR","potentialAction":[{"@type":"ReadAction","target":["https:\/\/www.uartes.edu.ec\/sitio\/fr\/blog\/2022\/05\/17\/disponibles-numeros-7-y-8-de-preliminar-notableasistencia-tuvo-jornada-de-lanzamiento-que-hizo-el-ilia\/"]}]},{"@type":"ImageObject","inLanguage":"fr-FR","@id":"https:\/\/www.uartes.edu.ec\/sitio\/fr\/blog\/2022\/05\/17\/disponibles-numeros-7-y-8-de-preliminar-notableasistencia-tuvo-jornada-de-lanzamiento-que-hizo-el-ilia\/#primaryimage","url":"https:\/\/www.uartes.edu.ec\/sitio\/wp-content\/uploads\/2022\/05\/PRELIMINAR-01-WEB.jpg","contentUrl":"https:\/\/www.uartes.edu.ec\/sitio\/wp-content\/uploads\/2022\/05\/PRELIMINAR-01-WEB.jpg","width":2000,"height":1334},{"@type":"BreadcrumbList","@id":"https:\/\/www.uartes.edu.ec\/sitio\/fr\/blog\/2022\/05\/17\/disponibles-numeros-7-y-8-de-preliminar-notableasistencia-tuvo-jornada-de-lanzamiento-que-hizo-el-ilia\/#breadcrumb","itemListElement":[{"@type":"ListItem","position":1,"name":"Inicio","item":"https:\/\/www.uartes.edu.ec\/sitio\/"},{"@type":"ListItem","position":2,"name":"Disponibles en web nuevas ediciones de \u201cPreliminar\u201d. Notable asistencia en jornada de lanzamiento que hizo ILIA"}]},{"@type":"WebSite","@id":"https:\/\/www.uartes.edu.ec\/sitio\/fr\/#website","url":"https:\/\/www.uartes.edu.ec\/sitio\/fr\/","name":"Universidad de las Artes","description":"Sitio oficial de la Universidad Nacional de las Artes del Ecuador","publisher":{"@id":"https:\/\/www.uartes.edu.ec\/sitio\/fr\/#organization"},"potentialAction":[{"@type":"SearchAction","target":{"@type":"EntryPoint","urlTemplate":"https:\/\/www.uartes.edu.ec\/sitio\/fr\/?s={search_term_string}"},"query-input":{"@type":"PropertyValueSpecification","valueRequired":true,"valueName":"search_term_string"}}],"inLanguage":"fr-FR"},{"@type":"Organization","@id":"https:\/\/www.uartes.edu.ec\/sitio\/fr\/#organization","name":"Universidad de las Artes","url":"https:\/\/www.uartes.edu.ec\/sitio\/fr\/","logo":{"@type":"ImageObject","inLanguage":"fr-FR","@id":"https:\/\/www.uartes.edu.ec\/sitio\/fr\/#\/schema\/logo\/image\/","url":"https:\/\/www.uartes.edu.ec\/sitio\/wp-content\/uploads\/2022\/07\/logo-ua-horizontal.png","contentUrl":"https:\/\/www.uartes.edu.ec\/sitio\/wp-content\/uploads\/2022\/07\/logo-ua-horizontal.png","width":800,"height":276,"caption":"Universidad de las Artes"},"image":{"@id":"https:\/\/www.uartes.edu.ec\/sitio\/fr\/#\/schema\/logo\/image\/"},"sameAs":["https:\/\/www.facebook.com\/uartesec","https:\/\/x.com\/uartesec","https:\/\/www.tiktok.com\/@uartesec"]},{"@type":"Person","@id":"https:\/\/www.uartes.edu.ec\/sitio\/fr\/#\/schema\/person\/efa1b8275797664fd7f13a79ccc0b1f4","name":"ccortez","image":{"@type":"ImageObject","inLanguage":"fr-FR","@id":"https:\/\/secure.gravatar.com\/avatar\/b2a6f664a3ae8e074346ef91775736c5ec479e637ecced6842de9dc98b5da9cd?s=96&d=mm&r=g","url":"https:\/\/secure.gravatar.com\/avatar\/b2a6f664a3ae8e074346ef91775736c5ec479e637ecced6842de9dc98b5da9cd?s=96&d=mm&r=g","contentUrl":"https:\/\/secure.gravatar.com\/avatar\/b2a6f664a3ae8e074346ef91775736c5ec479e637ecced6842de9dc98b5da9cd?s=96&d=mm&r=g","caption":"ccortez"},"url":"https:\/\/www.uartes.edu.ec\/sitio\/fr\/blog\/author\/ccortez\/"}]}},"uagb_featured_image_src":{"full":["https:\/\/www.uartes.edu.ec\/sitio\/wp-content\/uploads\/2022\/05\/PRELIMINAR-01-WEB.jpg",2000,1334,false],"thumbnail":["https:\/\/www.uartes.edu.ec\/sitio\/wp-content\/uploads\/2022\/05\/PRELIMINAR-01-WEB-150x150.jpg",150,150,true],"medium":["https:\/\/www.uartes.edu.ec\/sitio\/wp-content\/uploads\/2022\/05\/PRELIMINAR-01-WEB-300x200.jpg",300,200,true],"medium_large":["https:\/\/www.uartes.edu.ec\/sitio\/wp-content\/uploads\/2022\/05\/PRELIMINAR-01-WEB-768x512.jpg",768,512,true],"large":["https:\/\/www.uartes.edu.ec\/sitio\/wp-content\/uploads\/2022\/05\/PRELIMINAR-01-WEB-644x430.jpg",644,430,true],"1536x1536":["https:\/\/www.uartes.edu.ec\/sitio\/wp-content\/uploads\/2022\/05\/PRELIMINAR-01-WEB-1536x1025.jpg",1536,1025,true],"2048x2048":["https:\/\/www.uartes.edu.ec\/sitio\/wp-content\/uploads\/2022\/05\/PRELIMINAR-01-WEB.jpg",2000,1334,false],"trp-custom-language-flag":["https:\/\/www.uartes.edu.ec\/sitio\/wp-content\/uploads\/2022\/05\/PRELIMINAR-01-WEB.jpg",18,12,false],"htmega_size_585x295":["https:\/\/www.uartes.edu.ec\/sitio\/wp-content\/uploads\/2022\/05\/PRELIMINAR-01-WEB.jpg",442,295,false],"htmega_size_1170x536":["https:\/\/www.uartes.edu.ec\/sitio\/wp-content\/uploads\/2022\/05\/PRELIMINAR-01-WEB.jpg",804,536,false],"htmega_size_396x360":["https:\/\/www.uartes.edu.ec\/sitio\/wp-content\/uploads\/2022\/05\/PRELIMINAR-01-WEB.jpg",396,264,false],"gb-block-post-grid-landscape":["https:\/\/www.uartes.edu.ec\/sitio\/wp-content\/uploads\/2022\/05\/PRELIMINAR-01-WEB-600x400.jpg",600,400,true],"gb-block-post-grid-square":["https:\/\/www.uartes.edu.ec\/sitio\/wp-content\/uploads\/2022\/05\/PRELIMINAR-01-WEB-600x600.jpg",600,600,true],"university-hub-thumb":["https:\/\/www.uartes.edu.ec\/sitio\/wp-content\/uploads\/2022\/05\/PRELIMINAR-01-WEB-400x267.jpg",400,267,true],"mailpoet_newsletter_max":["https:\/\/www.uartes.edu.ec\/sitio\/wp-content\/uploads\/2022\/05\/PRELIMINAR-01-WEB.jpg",1320,880,false]},"uagb_author_info":{"display_name":"ccortez","author_link":"https:\/\/www.uartes.edu.ec\/sitio\/fr\/blog\/author\/ccortez\/"},"uagb_comment_info":0,"uagb_excerpt":"La jornada que organiz\u00f3 el Instituto Latinoamericano de Investigaci\u00f3n en Artes (ILIA) para dar a conocer las nuevas ediciones de \"Preliminar: cuadernos de trabajo\" se desarroll\u00f3 en la Plaza P\u00fablica y el Cine del MZ14. Pablo Cardoso destac\u00f3 el aporte de la revista digital para que las producciones estudiantiles no queden olvidadas en los archivos\u2026","featured_image_src":"https:\/\/www.uartes.edu.ec\/sitio\/wp-content\/uploads\/2022\/05\/PRELIMINAR-01-WEB-600x400.jpg","featured_image_src_square":"https:\/\/www.uartes.edu.ec\/sitio\/wp-content\/uploads\/2022\/05\/PRELIMINAR-01-WEB-600x600.jpg","author_info":{"display_name":"ccortez","author_link":"https:\/\/www.uartes.edu.ec\/sitio\/fr\/blog\/author\/ccortez\/"},"publishpress_future_workflow_manual_trigger":{"enabledWorkflows":[]},"distributor_meta":false,"distributor_terms":false,"distributor_media":false,"distributor_original_site_name":"Universidad de las Artes","distributor_original_site_url":"https:\/\/www.uartes.edu.ec\/sitio\/fr","push-errors":false,"_links":{"self":[{"href":"https:\/\/www.uartes.edu.ec\/sitio\/fr\/wp-json\/wp\/v2\/posts\/21558","targetHints":{"allow":["GET"]}}],"collection":[{"href":"https:\/\/www.uartes.edu.ec\/sitio\/fr\/wp-json\/wp\/v2\/posts"}],"about":[{"href":"https:\/\/www.uartes.edu.ec\/sitio\/fr\/wp-json\/wp\/v2\/types\/post"}],"author":[{"embeddable":true,"href":"https:\/\/www.uartes.edu.ec\/sitio\/fr\/wp-json\/wp\/v2\/users\/10"}],"replies":[{"embeddable":true,"href":"https:\/\/www.uartes.edu.ec\/sitio\/fr\/wp-json\/wp\/v2\/comments?post=21558"}],"version-history":[{"count":13,"href":"https:\/\/www.uartes.edu.ec\/sitio\/fr\/wp-json\/wp\/v2\/posts\/21558\/revisions"}],"predecessor-version":[{"id":21591,"href":"https:\/\/www.uartes.edu.ec\/sitio\/fr\/wp-json\/wp\/v2\/posts\/21558\/revisions\/21591"}],"wp:featuredmedia":[{"embeddable":true,"href":"https:\/\/www.uartes.edu.ec\/sitio\/fr\/wp-json\/wp\/v2\/media\/21559"}],"wp:attachment":[{"href":"https:\/\/www.uartes.edu.ec\/sitio\/fr\/wp-json\/wp\/v2\/media?parent=21558"}],"wp:term":[{"taxonomy":"category","embeddable":true,"href":"https:\/\/www.uartes.edu.ec\/sitio\/fr\/wp-json\/wp\/v2\/categories?post=21558"},{"taxonomy":"post_tag","embeddable":true,"href":"https:\/\/www.uartes.edu.ec\/sitio\/fr\/wp-json\/wp\/v2\/tags?post=21558"},{"taxonomy":"infouartes","embeddable":true,"href":"https:\/\/www.uartes.edu.ec\/sitio\/fr\/wp-json\/wp\/v2\/infouartes?post=21558"}],"curies":[{"name":"wp","href":"https:\/\/api.w.org\/{rel}","templated":true}]}}