{"id":21984,"date":"2022-05-27T10:04:00","date_gmt":"2022-05-27T15:04:00","guid":{"rendered":"http:\/\/www.uartes.edu.ec\/sitio\/?p=21984"},"modified":"2024-07-04T11:23:26","modified_gmt":"2024-07-04T16:23:26","slug":"graduados-de-la-escuela-de-literatura-estan-a-cargodel-picnic-literario-una-propuesta-que-se-mantiene","status":"publish","type":"post","link":"https:\/\/www.uartes.edu.ec\/sitio\/fr\/blog\/2022\/05\/27\/graduados-de-la-escuela-de-literatura-estan-a-cargodel-picnic-literario-una-propuesta-que-se-mantiene\/","title":{"rendered":"Graduados de Literatura, activos en Picnic Literario, propuesta quincenal que se ha mantenido y va renovando"},"content":{"rendered":"<p>La propuesta del Picnic Literario surgi\u00f3 desde la Biblioteca de las Artes con&nbsp;el objetivo de formar v\u00ednculos en la comunidad. Se inaugur\u00f3 en septiembre del a\u00f1o pasado y desde entonces, pese a los distanciamientos por la pandemia que llev\u00f3 a sus organizadores a desarrollarlo bajo estrictas medidas de bioseguridad, su accionar no declin\u00f3. Es, incluso, considerada por la Biblioteca de las Artes como una de sus actividades permanentes.&nbsp;<\/p>\n\n\n\n<p>Con una frecuencia quincenal, y teniendo como sede la Terraza de la Biblioteca de las Artes, el Picnic Literario constituye un espacio de integraci\u00f3n para diversos encuentros suscitados a partir de las narrativas que se experimenten a trav\u00e9s de la literatura. Di\u00e1logos y reflexiones de las obras de diversos escritores nacionales e internacionales se observan en su desarrollo, a fin de promover aproximaciones de la ciudadan\u00eda en general hacia el \u00e1mbito cultural.&nbsp;<\/p>\n\n\n\n<p>En un inicio, el Picnic Literario cont\u00f3 con la participaci\u00f3n de estudiantes y egresados de la Escuela de Literatura y participaron, entre otros, Yuliana Ortiz, Rogger Cede\u00f1o, Jennifer Flores, Pamela Jim\u00e9nez, Andrea Alejandro y Dom\u00e9nica J\u00e1come. En la actualidad, con el prop\u00f3sito de dar especial visibilidad a los graduados, como una forma de integrar sus conocimientos literarios a espacios de mediaci\u00f3n cultural, son ellos quienes desde el pasado 12 de mayo se encuentran m\u00e1s activos en la conducci\u00f3n de la cita.<\/p>\n\n\n<div class=\"wp-block-image\">\n<figure class=\"aligncenter size-large\"><img fetchpriority=\"high\" decoding=\"async\" width=\"644\" height=\"429\" src=\"http:\/\/www.uartes.edu.ec\/sitio\/wp-content\/uploads\/2022\/05\/PICNIC-LITERARIO-01-644x429.jpg\" alt=\"\" class=\"wp-image-21987\" srcset=\"https:\/\/www.uartes.edu.ec\/sitio\/wp-content\/uploads\/2022\/05\/PICNIC-LITERARIO-01-644x429.jpg 644w, https:\/\/www.uartes.edu.ec\/sitio\/wp-content\/uploads\/2022\/05\/PICNIC-LITERARIO-01-768x511.jpg 768w, https:\/\/www.uartes.edu.ec\/sitio\/wp-content\/uploads\/2022\/05\/PICNIC-LITERARIO-01.jpg 2000w, https:\/\/www.uartes.edu.ec\/sitio\/wp-content\/uploads\/2022\/05\/PICNIC-LITERARIO-01-600x399.jpg 600w, https:\/\/www.uartes.edu.ec\/sitio\/wp-content\/uploads\/2022\/05\/PICNIC-LITERARIO-01-272x182.jpg 272w\" sizes=\"(max-width: 644px) 100vw, 644px\" \/><\/figure>\n<\/div>\n\n\n<p>Las licenciadas Melanie Moreira y Nicole Su\u00e1rez son quienes hasta el momento han participado. Justamente, Su\u00e1rez tuvo a su cargo el Picnic Literario de este jueves 26. \u201cHistorias nacionales, historias familiares: Una revisi\u00f3n del \u00e1lbum de la familia de Gabriela Alem\u00e1n\u201d fue el tema que invit\u00f3 a analizar con una audiencia que de a poco fue llenando la Terraza de la Biblioteca de las Artes, \u00e1vida por escuchar e intercambiar ideas y de, como se\u00f1al\u00f3 la usuaria Mariuxi Ramos, \u201cconocer un poco m\u00e1s sobre la literatura y obras que no hemos le\u00eddo o que lo hicimos, pero hemos olvidado su contenido\u201d.<\/p>\n\n\n\n<h3 class=\"wp-block-heading\" id=\"proxima-sesion-del-picnic-literario\"><strong>Pr\u00f3xima sesi\u00f3n del Picnic Literario<\/strong><\/h3>\n\n\n\n<p>La pr\u00f3xima sesi\u00f3n del Picnic Literario ser\u00e1 el jueves 9 de junio, a las 16:00. El tema a tratar ser\u00e1 \u201cLa cartograf\u00eda de Buenos Aires&nbsp;en la novela&nbsp;<em>La ciudad invencible<\/em>,&nbsp;de Fernanda Tr\u00edas\u201d. La moderadora de la cita ser\u00e1 Analy de la Vera, licenciada en Literatura, itinerario de Edici\u00f3n, quien es miembro-fundadora de Editorial Rasgu\u00f1o (2016-2019), editora de la tercera publicaci\u00f3n de la <em>Revista Tangente: Crear-Creer<\/em> (2019), editora y correctora independiente.<\/p>\n\n\n\n<p>En im\u00e1genes, la licenciada en Literatura Nicole Su\u00e1rez en la sesi\u00f3n del Picnic Literario de este jueves 26 de mayo.<\/p>","protected":false},"excerpt":{"rendered":"<p>Con una frecuencia quincenal, y teniendo como sede la Terraza de la Biblioteca de las Artes, el Picnic Literario constituye un espacio de integraci\u00f3n para diversos encuentros con las narrativas. Graduados de la carrera de Literatura son quienes se encuentran activos en la actividad. La pr\u00f3xima sesi\u00f3n ser\u00e1 el 9 de junio con el tema: La cartograf\u00eda de Buenos Aires en la novela \u201cLa ciudad invencible\u201d, de Fernanda Tr\u00edas.<\/p>","protected":false},"author":10,"featured_media":21986,"comment_status":"open","ping_status":"open","sticky":false,"template":"","format":"standard","meta":{"_acf_changed":false,"_uag_custom_page_level_css":"","_monsterinsights_skip_tracking":false,"_monsterinsights_sitenote_active":false,"_monsterinsights_sitenote_note":"","_monsterinsights_sitenote_category":0,"cybocfi_hide_featured_image":"","footnotes":""},"categories":[80,75,76,175],"tags":[697],"infouartes":[],"class_list":["post-21984","post","type-post","status-publish","format-standard","has-post-thumbnail","hentry","category-academico","category-docentes","category-estudiantes","category-literatura","tag-picnic-literario"],"acf":[],"yoast_head":"<!-- This site is optimized with the Yoast SEO plugin v27.4 - https:\/\/yoast.com\/product\/yoast-seo-wordpress\/ -->\n<title>Universidad de las Artes - Graduados de Literatura, activos en Picnic Literario, propuesta quincenal que se ha mantenido y va renovando<\/title>\n<meta name=\"description\" content=\"Universidad de las Artes - Graduados de Literatura, activos en Picnic Literario, propuesta quincenal que se ha mantenido y va renovando\" \/>\n<meta name=\"robots\" content=\"index, follow, max-snippet:-1, max-image-preview:large, max-video-preview:-1\" \/>\n<link rel=\"canonical\" href=\"https:\/\/www.uartes.edu.ec\/sitio\/fr\/blog\/2022\/05\/27\/graduados-de-la-escuela-de-literatura-estan-a-cargodel-picnic-literario-una-propuesta-que-se-mantiene\/\" \/>\n<meta property=\"og:locale\" content=\"fr_FR\" \/>\n<meta property=\"og:type\" content=\"article\" \/>\n<meta property=\"og:title\" content=\"Universidad de las Artes - Graduados de Literatura, activos en Picnic Literario, propuesta quincenal que se ha mantenido y va renovando\" \/>\n<meta property=\"og:description\" content=\"Universidad de las Artes - Graduados de Literatura, activos en Picnic Literario, propuesta quincenal que se ha mantenido y va renovando\" \/>\n<meta property=\"og:url\" content=\"https:\/\/www.uartes.edu.ec\/sitio\/fr\/blog\/2022\/05\/27\/graduados-de-la-escuela-de-literatura-estan-a-cargodel-picnic-literario-una-propuesta-que-se-mantiene\/\" \/>\n<meta property=\"og:site_name\" content=\"Universidad de las Artes\" \/>\n<meta property=\"article:publisher\" content=\"https:\/\/www.facebook.com\/uartesec\" \/>\n<meta property=\"article:published_time\" content=\"2022-05-27T15:04:00+00:00\" \/>\n<meta property=\"article:modified_time\" content=\"2024-07-04T16:23:26+00:00\" \/>\n<meta property=\"og:image\" content=\"https:\/\/www.uartes.edu.ec\/sitio\/wp-content\/uploads\/2022\/05\/PICNIC-LITERARIO-03.jpg\" \/>\n\t<meta property=\"og:image:width\" content=\"2000\" \/>\n\t<meta property=\"og:image:height\" content=\"1333\" \/>\n\t<meta property=\"og:image:type\" content=\"image\/jpeg\" \/>\n<meta name=\"author\" content=\"ccortez\" \/>\n<meta name=\"twitter:card\" content=\"summary_large_image\" \/>\n<meta name=\"twitter:creator\" content=\"@uartesec\" \/>\n<meta name=\"twitter:site\" content=\"@uartesec\" \/>\n<meta name=\"twitter:label1\" content=\"\u00c9crit par\" \/>\n\t<meta name=\"twitter:data1\" content=\"ccortez\" \/>\n\t<meta name=\"twitter:label2\" content=\"Dur\u00e9e de lecture estim\u00e9e\" \/>\n\t<meta name=\"twitter:data2\" content=\"3 minutes\" \/>\n<script type=\"application\/ld+json\" class=\"yoast-schema-graph\">{\"@context\":\"https:\\\/\\\/schema.org\",\"@graph\":[{\"@type\":\"Article\",\"@id\":\"https:\\\/\\\/www.uartes.edu.ec\\\/sitio\\\/fr\\\/blog\\\/2022\\\/05\\\/27\\\/graduados-de-la-escuela-de-literatura-estan-a-cargodel-picnic-literario-una-propuesta-que-se-mantiene\\\/#article\",\"isPartOf\":{\"@id\":\"https:\\\/\\\/www.uartes.edu.ec\\\/sitio\\\/fr\\\/blog\\\/2022\\\/05\\\/27\\\/graduados-de-la-escuela-de-literatura-estan-a-cargodel-picnic-literario-una-propuesta-que-se-mantiene\\\/\"},\"author\":{\"name\":\"ccortez\",\"@id\":\"https:\\\/\\\/www.uartes.edu.ec\\\/sitio\\\/fr\\\/#\\\/schema\\\/person\\\/efa1b8275797664fd7f13a79ccc0b1f4\"},\"headline\":\"Graduados de Literatura, activos en Picnic Literario, propuesta quincenal que se ha mantenido y va renovando\",\"datePublished\":\"2022-05-27T15:04:00+00:00\",\"dateModified\":\"2024-07-04T16:23:26+00:00\",\"mainEntityOfPage\":{\"@id\":\"https:\\\/\\\/www.uartes.edu.ec\\\/sitio\\\/fr\\\/blog\\\/2022\\\/05\\\/27\\\/graduados-de-la-escuela-de-literatura-estan-a-cargodel-picnic-literario-una-propuesta-que-se-mantiene\\\/\"},\"wordCount\":470,\"commentCount\":0,\"publisher\":{\"@id\":\"https:\\\/\\\/www.uartes.edu.ec\\\/sitio\\\/fr\\\/#organization\"},\"image\":{\"@id\":\"https:\\\/\\\/www.uartes.edu.ec\\\/sitio\\\/fr\\\/blog\\\/2022\\\/05\\\/27\\\/graduados-de-la-escuela-de-literatura-estan-a-cargodel-picnic-literario-una-propuesta-que-se-mantiene\\\/#primaryimage\"},\"thumbnailUrl\":\"https:\\\/\\\/www.uartes.edu.ec\\\/sitio\\\/wp-content\\\/uploads\\\/2022\\\/05\\\/PICNIC-LITERARIO-03.jpg\",\"keywords\":[\"picnic literario\"],\"articleSection\":[\"Acad\u00e9mico\",\"Docentes\",\"Estudiantes\",\"Literatura\"],\"inLanguage\":\"fr-FR\",\"potentialAction\":[{\"@type\":\"CommentAction\",\"name\":\"Comment\",\"target\":[\"https:\\\/\\\/www.uartes.edu.ec\\\/sitio\\\/fr\\\/blog\\\/2022\\\/05\\\/27\\\/graduados-de-la-escuela-de-literatura-estan-a-cargodel-picnic-literario-una-propuesta-que-se-mantiene\\\/#respond\"]}]},{\"@type\":[\"WebPage\",\"ItemPage\"],\"@id\":\"https:\\\/\\\/www.uartes.edu.ec\\\/sitio\\\/fr\\\/blog\\\/2022\\\/05\\\/27\\\/graduados-de-la-escuela-de-literatura-estan-a-cargodel-picnic-literario-una-propuesta-que-se-mantiene\\\/\",\"url\":\"https:\\\/\\\/www.uartes.edu.ec\\\/sitio\\\/fr\\\/blog\\\/2022\\\/05\\\/27\\\/graduados-de-la-escuela-de-literatura-estan-a-cargodel-picnic-literario-una-propuesta-que-se-mantiene\\\/\",\"name\":\"Universidad de las Artes - Graduados de Literatura, activos en Picnic Literario, propuesta quincenal que se ha mantenido y va renovando\",\"isPartOf\":{\"@id\":\"https:\\\/\\\/www.uartes.edu.ec\\\/sitio\\\/fr\\\/#website\"},\"primaryImageOfPage\":{\"@id\":\"https:\\\/\\\/www.uartes.edu.ec\\\/sitio\\\/fr\\\/blog\\\/2022\\\/05\\\/27\\\/graduados-de-la-escuela-de-literatura-estan-a-cargodel-picnic-literario-una-propuesta-que-se-mantiene\\\/#primaryimage\"},\"image\":{\"@id\":\"https:\\\/\\\/www.uartes.edu.ec\\\/sitio\\\/fr\\\/blog\\\/2022\\\/05\\\/27\\\/graduados-de-la-escuela-de-literatura-estan-a-cargodel-picnic-literario-una-propuesta-que-se-mantiene\\\/#primaryimage\"},\"thumbnailUrl\":\"https:\\\/\\\/www.uartes.edu.ec\\\/sitio\\\/wp-content\\\/uploads\\\/2022\\\/05\\\/PICNIC-LITERARIO-03.jpg\",\"datePublished\":\"2022-05-27T15:04:00+00:00\",\"dateModified\":\"2024-07-04T16:23:26+00:00\",\"description\":\"Universidad de las Artes - Graduados de Literatura, activos en Picnic Literario, propuesta quincenal que se ha mantenido y va renovando\",\"breadcrumb\":{\"@id\":\"https:\\\/\\\/www.uartes.edu.ec\\\/sitio\\\/fr\\\/blog\\\/2022\\\/05\\\/27\\\/graduados-de-la-escuela-de-literatura-estan-a-cargodel-picnic-literario-una-propuesta-que-se-mantiene\\\/#breadcrumb\"},\"inLanguage\":\"fr-FR\",\"potentialAction\":[{\"@type\":\"ReadAction\",\"target\":[\"https:\\\/\\\/www.uartes.edu.ec\\\/sitio\\\/fr\\\/blog\\\/2022\\\/05\\\/27\\\/graduados-de-la-escuela-de-literatura-estan-a-cargodel-picnic-literario-una-propuesta-que-se-mantiene\\\/\"]}]},{\"@type\":\"ImageObject\",\"inLanguage\":\"fr-FR\",\"@id\":\"https:\\\/\\\/www.uartes.edu.ec\\\/sitio\\\/fr\\\/blog\\\/2022\\\/05\\\/27\\\/graduados-de-la-escuela-de-literatura-estan-a-cargodel-picnic-literario-una-propuesta-que-se-mantiene\\\/#primaryimage\",\"url\":\"https:\\\/\\\/www.uartes.edu.ec\\\/sitio\\\/wp-content\\\/uploads\\\/2022\\\/05\\\/PICNIC-LITERARIO-03.jpg\",\"contentUrl\":\"https:\\\/\\\/www.uartes.edu.ec\\\/sitio\\\/wp-content\\\/uploads\\\/2022\\\/05\\\/PICNIC-LITERARIO-03.jpg\",\"width\":2000,\"height\":1333},{\"@type\":\"BreadcrumbList\",\"@id\":\"https:\\\/\\\/www.uartes.edu.ec\\\/sitio\\\/fr\\\/blog\\\/2022\\\/05\\\/27\\\/graduados-de-la-escuela-de-literatura-estan-a-cargodel-picnic-literario-una-propuesta-que-se-mantiene\\\/#breadcrumb\",\"itemListElement\":[{\"@type\":\"ListItem\",\"position\":1,\"name\":\"Inicio\",\"item\":\"https:\\\/\\\/www.uartes.edu.ec\\\/sitio\\\/\"},{\"@type\":\"ListItem\",\"position\":2,\"name\":\"Graduados de Literatura, activos en Picnic Literario, propuesta quincenal que se ha mantenido y va renovando\"}]},{\"@type\":\"WebSite\",\"@id\":\"https:\\\/\\\/www.uartes.edu.ec\\\/sitio\\\/fr\\\/#website\",\"url\":\"https:\\\/\\\/www.uartes.edu.ec\\\/sitio\\\/fr\\\/\",\"name\":\"Universidad de las Artes\",\"description\":\"Sitio oficial de la Universidad Nacional de las Artes del Ecuador\",\"publisher\":{\"@id\":\"https:\\\/\\\/www.uartes.edu.ec\\\/sitio\\\/fr\\\/#organization\"},\"potentialAction\":[{\"@type\":\"SearchAction\",\"target\":{\"@type\":\"EntryPoint\",\"urlTemplate\":\"https:\\\/\\\/www.uartes.edu.ec\\\/sitio\\\/fr\\\/?s={search_term_string}\"},\"query-input\":{\"@type\":\"PropertyValueSpecification\",\"valueRequired\":true,\"valueName\":\"search_term_string\"}}],\"inLanguage\":\"fr-FR\"},{\"@type\":\"Organization\",\"@id\":\"https:\\\/\\\/www.uartes.edu.ec\\\/sitio\\\/fr\\\/#organization\",\"name\":\"Universidad de las Artes\",\"url\":\"https:\\\/\\\/www.uartes.edu.ec\\\/sitio\\\/fr\\\/\",\"logo\":{\"@type\":\"ImageObject\",\"inLanguage\":\"fr-FR\",\"@id\":\"https:\\\/\\\/www.uartes.edu.ec\\\/sitio\\\/fr\\\/#\\\/schema\\\/logo\\\/image\\\/\",\"url\":\"https:\\\/\\\/www.uartes.edu.ec\\\/sitio\\\/wp-content\\\/uploads\\\/2022\\\/07\\\/logo-ua-horizontal.png\",\"contentUrl\":\"https:\\\/\\\/www.uartes.edu.ec\\\/sitio\\\/wp-content\\\/uploads\\\/2022\\\/07\\\/logo-ua-horizontal.png\",\"width\":800,\"height\":276,\"caption\":\"Universidad de las Artes\"},\"image\":{\"@id\":\"https:\\\/\\\/www.uartes.edu.ec\\\/sitio\\\/fr\\\/#\\\/schema\\\/logo\\\/image\\\/\"},\"sameAs\":[\"https:\\\/\\\/www.facebook.com\\\/uartesec\",\"https:\\\/\\\/x.com\\\/uartesec\",\"https:\\\/\\\/www.tiktok.com\\\/@uartesec\"]},{\"@type\":\"Person\",\"@id\":\"https:\\\/\\\/www.uartes.edu.ec\\\/sitio\\\/fr\\\/#\\\/schema\\\/person\\\/efa1b8275797664fd7f13a79ccc0b1f4\",\"name\":\"ccortez\",\"image\":{\"@type\":\"ImageObject\",\"inLanguage\":\"fr-FR\",\"@id\":\"https:\\\/\\\/secure.gravatar.com\\\/avatar\\\/b2a6f664a3ae8e074346ef91775736c5ec479e637ecced6842de9dc98b5da9cd?s=96&d=mm&r=g\",\"url\":\"https:\\\/\\\/secure.gravatar.com\\\/avatar\\\/b2a6f664a3ae8e074346ef91775736c5ec479e637ecced6842de9dc98b5da9cd?s=96&d=mm&r=g\",\"contentUrl\":\"https:\\\/\\\/secure.gravatar.com\\\/avatar\\\/b2a6f664a3ae8e074346ef91775736c5ec479e637ecced6842de9dc98b5da9cd?s=96&d=mm&r=g\",\"caption\":\"ccortez\"},\"url\":\"https:\\\/\\\/www.uartes.edu.ec\\\/sitio\\\/fr\\\/blog\\\/author\\\/ccortez\\\/\"}]}<\/script>\n<!-- \/ Yoast SEO plugin. -->","yoast_head_json":{"title":"Universidad de las Artes - Graduados de Literatura, activos en Picnic Literario, propuesta quincenal que se ha mantenido y va renovando","description":"Universidad de las Artes - Graduados de Literatura, activos en Picnic Literario, propuesta quincenal que se ha mantenido y va renovando","robots":{"index":"index","follow":"follow","max-snippet":"max-snippet:-1","max-image-preview":"max-image-preview:large","max-video-preview":"max-video-preview:-1"},"canonical":"https:\/\/www.uartes.edu.ec\/sitio\/fr\/blog\/2022\/05\/27\/graduados-de-la-escuela-de-literatura-estan-a-cargodel-picnic-literario-una-propuesta-que-se-mantiene\/","og_locale":"fr_FR","og_type":"article","og_title":"Universidad de las Artes - Graduados de Literatura, activos en Picnic Literario, propuesta quincenal que se ha mantenido y va renovando","og_description":"Universidad de las Artes - Graduados de Literatura, activos en Picnic Literario, propuesta quincenal que se ha mantenido y va renovando","og_url":"https:\/\/www.uartes.edu.ec\/sitio\/fr\/blog\/2022\/05\/27\/graduados-de-la-escuela-de-literatura-estan-a-cargodel-picnic-literario-una-propuesta-que-se-mantiene\/","og_site_name":"Universidad de las Artes","article_publisher":"https:\/\/www.facebook.com\/uartesec","article_published_time":"2022-05-27T15:04:00+00:00","article_modified_time":"2024-07-04T16:23:26+00:00","og_image":[{"width":2000,"height":1333,"url":"https:\/\/www.uartes.edu.ec\/sitio\/wp-content\/uploads\/2022\/05\/PICNIC-LITERARIO-03.jpg","type":"image\/jpeg"}],"author":"ccortez","twitter_card":"summary_large_image","twitter_creator":"@uartesec","twitter_site":"@uartesec","twitter_misc":{"\u00c9crit par":"ccortez","Dur\u00e9e de lecture estim\u00e9e":"3 minutes"},"schema":{"@context":"https:\/\/schema.org","@graph":[{"@type":"Article","@id":"https:\/\/www.uartes.edu.ec\/sitio\/fr\/blog\/2022\/05\/27\/graduados-de-la-escuela-de-literatura-estan-a-cargodel-picnic-literario-una-propuesta-que-se-mantiene\/#article","isPartOf":{"@id":"https:\/\/www.uartes.edu.ec\/sitio\/fr\/blog\/2022\/05\/27\/graduados-de-la-escuela-de-literatura-estan-a-cargodel-picnic-literario-una-propuesta-que-se-mantiene\/"},"author":{"name":"ccortez","@id":"https:\/\/www.uartes.edu.ec\/sitio\/fr\/#\/schema\/person\/efa1b8275797664fd7f13a79ccc0b1f4"},"headline":"Graduados de Literatura, activos en Picnic Literario, propuesta quincenal que se ha mantenido y va renovando","datePublished":"2022-05-27T15:04:00+00:00","dateModified":"2024-07-04T16:23:26+00:00","mainEntityOfPage":{"@id":"https:\/\/www.uartes.edu.ec\/sitio\/fr\/blog\/2022\/05\/27\/graduados-de-la-escuela-de-literatura-estan-a-cargodel-picnic-literario-una-propuesta-que-se-mantiene\/"},"wordCount":470,"commentCount":0,"publisher":{"@id":"https:\/\/www.uartes.edu.ec\/sitio\/fr\/#organization"},"image":{"@id":"https:\/\/www.uartes.edu.ec\/sitio\/fr\/blog\/2022\/05\/27\/graduados-de-la-escuela-de-literatura-estan-a-cargodel-picnic-literario-una-propuesta-que-se-mantiene\/#primaryimage"},"thumbnailUrl":"https:\/\/www.uartes.edu.ec\/sitio\/wp-content\/uploads\/2022\/05\/PICNIC-LITERARIO-03.jpg","keywords":["picnic literario"],"articleSection":["Acad\u00e9mico","Docentes","Estudiantes","Literatura"],"inLanguage":"fr-FR","potentialAction":[{"@type":"CommentAction","name":"Comment","target":["https:\/\/www.uartes.edu.ec\/sitio\/fr\/blog\/2022\/05\/27\/graduados-de-la-escuela-de-literatura-estan-a-cargodel-picnic-literario-una-propuesta-que-se-mantiene\/#respond"]}]},{"@type":["WebPage","ItemPage"],"@id":"https:\/\/www.uartes.edu.ec\/sitio\/fr\/blog\/2022\/05\/27\/graduados-de-la-escuela-de-literatura-estan-a-cargodel-picnic-literario-una-propuesta-que-se-mantiene\/","url":"https:\/\/www.uartes.edu.ec\/sitio\/fr\/blog\/2022\/05\/27\/graduados-de-la-escuela-de-literatura-estan-a-cargodel-picnic-literario-una-propuesta-que-se-mantiene\/","name":"Universidad de las Artes - Graduados de Literatura, activos en Picnic Literario, propuesta quincenal que se ha mantenido y va renovando","isPartOf":{"@id":"https:\/\/www.uartes.edu.ec\/sitio\/fr\/#website"},"primaryImageOfPage":{"@id":"https:\/\/www.uartes.edu.ec\/sitio\/fr\/blog\/2022\/05\/27\/graduados-de-la-escuela-de-literatura-estan-a-cargodel-picnic-literario-una-propuesta-que-se-mantiene\/#primaryimage"},"image":{"@id":"https:\/\/www.uartes.edu.ec\/sitio\/fr\/blog\/2022\/05\/27\/graduados-de-la-escuela-de-literatura-estan-a-cargodel-picnic-literario-una-propuesta-que-se-mantiene\/#primaryimage"},"thumbnailUrl":"https:\/\/www.uartes.edu.ec\/sitio\/wp-content\/uploads\/2022\/05\/PICNIC-LITERARIO-03.jpg","datePublished":"2022-05-27T15:04:00+00:00","dateModified":"2024-07-04T16:23:26+00:00","description":"Universidad de las Artes - Graduados de Literatura, activos en Picnic Literario, propuesta quincenal que se ha mantenido y va renovando","breadcrumb":{"@id":"https:\/\/www.uartes.edu.ec\/sitio\/fr\/blog\/2022\/05\/27\/graduados-de-la-escuela-de-literatura-estan-a-cargodel-picnic-literario-una-propuesta-que-se-mantiene\/#breadcrumb"},"inLanguage":"fr-FR","potentialAction":[{"@type":"ReadAction","target":["https:\/\/www.uartes.edu.ec\/sitio\/fr\/blog\/2022\/05\/27\/graduados-de-la-escuela-de-literatura-estan-a-cargodel-picnic-literario-una-propuesta-que-se-mantiene\/"]}]},{"@type":"ImageObject","inLanguage":"fr-FR","@id":"https:\/\/www.uartes.edu.ec\/sitio\/fr\/blog\/2022\/05\/27\/graduados-de-la-escuela-de-literatura-estan-a-cargodel-picnic-literario-una-propuesta-que-se-mantiene\/#primaryimage","url":"https:\/\/www.uartes.edu.ec\/sitio\/wp-content\/uploads\/2022\/05\/PICNIC-LITERARIO-03.jpg","contentUrl":"https:\/\/www.uartes.edu.ec\/sitio\/wp-content\/uploads\/2022\/05\/PICNIC-LITERARIO-03.jpg","width":2000,"height":1333},{"@type":"BreadcrumbList","@id":"https:\/\/www.uartes.edu.ec\/sitio\/fr\/blog\/2022\/05\/27\/graduados-de-la-escuela-de-literatura-estan-a-cargodel-picnic-literario-una-propuesta-que-se-mantiene\/#breadcrumb","itemListElement":[{"@type":"ListItem","position":1,"name":"Inicio","item":"https:\/\/www.uartes.edu.ec\/sitio\/"},{"@type":"ListItem","position":2,"name":"Graduados de Literatura, activos en Picnic Literario, propuesta quincenal que se ha mantenido y va renovando"}]},{"@type":"WebSite","@id":"https:\/\/www.uartes.edu.ec\/sitio\/fr\/#website","url":"https:\/\/www.uartes.edu.ec\/sitio\/fr\/","name":"Universidad de las Artes","description":"Sitio oficial de la Universidad Nacional de las Artes del Ecuador","publisher":{"@id":"https:\/\/www.uartes.edu.ec\/sitio\/fr\/#organization"},"potentialAction":[{"@type":"SearchAction","target":{"@type":"EntryPoint","urlTemplate":"https:\/\/www.uartes.edu.ec\/sitio\/fr\/?s={search_term_string}"},"query-input":{"@type":"PropertyValueSpecification","valueRequired":true,"valueName":"search_term_string"}}],"inLanguage":"fr-FR"},{"@type":"Organization","@id":"https:\/\/www.uartes.edu.ec\/sitio\/fr\/#organization","name":"Universidad de las Artes","url":"https:\/\/www.uartes.edu.ec\/sitio\/fr\/","logo":{"@type":"ImageObject","inLanguage":"fr-FR","@id":"https:\/\/www.uartes.edu.ec\/sitio\/fr\/#\/schema\/logo\/image\/","url":"https:\/\/www.uartes.edu.ec\/sitio\/wp-content\/uploads\/2022\/07\/logo-ua-horizontal.png","contentUrl":"https:\/\/www.uartes.edu.ec\/sitio\/wp-content\/uploads\/2022\/07\/logo-ua-horizontal.png","width":800,"height":276,"caption":"Universidad de las Artes"},"image":{"@id":"https:\/\/www.uartes.edu.ec\/sitio\/fr\/#\/schema\/logo\/image\/"},"sameAs":["https:\/\/www.facebook.com\/uartesec","https:\/\/x.com\/uartesec","https:\/\/www.tiktok.com\/@uartesec"]},{"@type":"Person","@id":"https:\/\/www.uartes.edu.ec\/sitio\/fr\/#\/schema\/person\/efa1b8275797664fd7f13a79ccc0b1f4","name":"ccortez","image":{"@type":"ImageObject","inLanguage":"fr-FR","@id":"https:\/\/secure.gravatar.com\/avatar\/b2a6f664a3ae8e074346ef91775736c5ec479e637ecced6842de9dc98b5da9cd?s=96&d=mm&r=g","url":"https:\/\/secure.gravatar.com\/avatar\/b2a6f664a3ae8e074346ef91775736c5ec479e637ecced6842de9dc98b5da9cd?s=96&d=mm&r=g","contentUrl":"https:\/\/secure.gravatar.com\/avatar\/b2a6f664a3ae8e074346ef91775736c5ec479e637ecced6842de9dc98b5da9cd?s=96&d=mm&r=g","caption":"ccortez"},"url":"https:\/\/www.uartes.edu.ec\/sitio\/fr\/blog\/author\/ccortez\/"}]}},"uagb_featured_image_src":{"full":["https:\/\/www.uartes.edu.ec\/sitio\/wp-content\/uploads\/2022\/05\/PICNIC-LITERARIO-03.jpg",2000,1333,false],"thumbnail":["https:\/\/www.uartes.edu.ec\/sitio\/wp-content\/uploads\/2022\/05\/PICNIC-LITERARIO-03-150x150.jpg",150,150,true],"medium":["https:\/\/www.uartes.edu.ec\/sitio\/wp-content\/uploads\/2022\/05\/PICNIC-LITERARIO-03-300x200.jpg",300,200,true],"medium_large":["https:\/\/www.uartes.edu.ec\/sitio\/wp-content\/uploads\/2022\/05\/PICNIC-LITERARIO-03-768x512.jpg",768,512,true],"large":["https:\/\/www.uartes.edu.ec\/sitio\/wp-content\/uploads\/2022\/05\/PICNIC-LITERARIO-03-644x429.jpg",644,429,true],"1536x1536":["https:\/\/www.uartes.edu.ec\/sitio\/wp-content\/uploads\/2022\/05\/PICNIC-LITERARIO-03-1536x1024.jpg",1536,1024,true],"2048x2048":["https:\/\/www.uartes.edu.ec\/sitio\/wp-content\/uploads\/2022\/05\/PICNIC-LITERARIO-03.jpg",2000,1333,false],"trp-custom-language-flag":["https:\/\/www.uartes.edu.ec\/sitio\/wp-content\/uploads\/2022\/05\/PICNIC-LITERARIO-03.jpg",18,12,false],"htmega_size_585x295":["https:\/\/www.uartes.edu.ec\/sitio\/wp-content\/uploads\/2022\/05\/PICNIC-LITERARIO-03.jpg",443,295,false],"htmega_size_1170x536":["https:\/\/www.uartes.edu.ec\/sitio\/wp-content\/uploads\/2022\/05\/PICNIC-LITERARIO-03.jpg",804,536,false],"htmega_size_396x360":["https:\/\/www.uartes.edu.ec\/sitio\/wp-content\/uploads\/2022\/05\/PICNIC-LITERARIO-03.jpg",396,264,false],"gb-block-post-grid-landscape":["https:\/\/www.uartes.edu.ec\/sitio\/wp-content\/uploads\/2022\/05\/PICNIC-LITERARIO-03-600x400.jpg",600,400,true],"gb-block-post-grid-square":["https:\/\/www.uartes.edu.ec\/sitio\/wp-content\/uploads\/2022\/05\/PICNIC-LITERARIO-03-600x600.jpg",600,600,true],"university-hub-thumb":["https:\/\/www.uartes.edu.ec\/sitio\/wp-content\/uploads\/2022\/05\/PICNIC-LITERARIO-03-400x267.jpg",400,267,true],"mailpoet_newsletter_max":["https:\/\/www.uartes.edu.ec\/sitio\/wp-content\/uploads\/2022\/05\/PICNIC-LITERARIO-03.jpg",1320,880,false]},"uagb_author_info":{"display_name":"ccortez","author_link":"https:\/\/www.uartes.edu.ec\/sitio\/fr\/blog\/author\/ccortez\/"},"uagb_comment_info":0,"uagb_excerpt":"Con una frecuencia quincenal, y teniendo como sede la Terraza de la Biblioteca de las Artes, el Picnic Literario constituye un espacio de integraci\u00f3n para diversos encuentros con las narrativas. Graduados de la carrera de Literatura son quienes se encuentran activos en la actividad. La pr\u00f3xima sesi\u00f3n ser\u00e1 el 9 de junio con el tema:\u2026","featured_image_src":"https:\/\/www.uartes.edu.ec\/sitio\/wp-content\/uploads\/2022\/05\/PICNIC-LITERARIO-03-600x400.jpg","featured_image_src_square":"https:\/\/www.uartes.edu.ec\/sitio\/wp-content\/uploads\/2022\/05\/PICNIC-LITERARIO-03-600x600.jpg","author_info":{"display_name":"ccortez","author_link":"https:\/\/www.uartes.edu.ec\/sitio\/fr\/blog\/author\/ccortez\/"},"publishpress_future_workflow_manual_trigger":{"enabledWorkflows":[]},"distributor_meta":false,"distributor_terms":false,"distributor_media":false,"distributor_original_site_name":"Universidad de las Artes","distributor_original_site_url":"https:\/\/www.uartes.edu.ec\/sitio\/fr","push-errors":false,"_links":{"self":[{"href":"https:\/\/www.uartes.edu.ec\/sitio\/fr\/wp-json\/wp\/v2\/posts\/21984","targetHints":{"allow":["GET"]}}],"collection":[{"href":"https:\/\/www.uartes.edu.ec\/sitio\/fr\/wp-json\/wp\/v2\/posts"}],"about":[{"href":"https:\/\/www.uartes.edu.ec\/sitio\/fr\/wp-json\/wp\/v2\/types\/post"}],"author":[{"embeddable":true,"href":"https:\/\/www.uartes.edu.ec\/sitio\/fr\/wp-json\/wp\/v2\/users\/10"}],"replies":[{"embeddable":true,"href":"https:\/\/www.uartes.edu.ec\/sitio\/fr\/wp-json\/wp\/v2\/comments?post=21984"}],"version-history":[{"count":16,"href":"https:\/\/www.uartes.edu.ec\/sitio\/fr\/wp-json\/wp\/v2\/posts\/21984\/revisions"}],"predecessor-version":[{"id":37201,"href":"https:\/\/www.uartes.edu.ec\/sitio\/fr\/wp-json\/wp\/v2\/posts\/21984\/revisions\/37201"}],"wp:featuredmedia":[{"embeddable":true,"href":"https:\/\/www.uartes.edu.ec\/sitio\/fr\/wp-json\/wp\/v2\/media\/21986"}],"wp:attachment":[{"href":"https:\/\/www.uartes.edu.ec\/sitio\/fr\/wp-json\/wp\/v2\/media?parent=21984"}],"wp:term":[{"taxonomy":"category","embeddable":true,"href":"https:\/\/www.uartes.edu.ec\/sitio\/fr\/wp-json\/wp\/v2\/categories?post=21984"},{"taxonomy":"post_tag","embeddable":true,"href":"https:\/\/www.uartes.edu.ec\/sitio\/fr\/wp-json\/wp\/v2\/tags?post=21984"},{"taxonomy":"infouartes","embeddable":true,"href":"https:\/\/www.uartes.edu.ec\/sitio\/fr\/wp-json\/wp\/v2\/infouartes?post=21984"}],"curies":[{"name":"wp","href":"https:\/\/api.w.org\/{rel}","templated":true}]}}