{"id":23291,"date":"2022-06-22T09:15:00","date_gmt":"2022-06-22T14:15:00","guid":{"rendered":"http:\/\/www.uartes.edu.ec\/sitio\/?p=23291"},"modified":"2024-07-04T11:23:22","modified_gmt":"2024-07-04T16:23:22","slug":"uartes-presente-con-maria-fernanda-lopez-en-la-conferencia-anual-del-urban-creativity","status":"publish","type":"post","link":"https:\/\/www.uartes.edu.ec\/sitio\/fr\/blog\/2022\/06\/22\/uartes-presente-con-maria-fernanda-lopez-en-la-conferencia-anual-del-urban-creativity\/","title":{"rendered":"Docente Mar\u00eda Fernanda L\u00f3pez, en la conferencia anual del Urban Creativity"},"content":{"rendered":"<p>La Universidad de las Artes estar\u00e1 presente en la conferencia anual y las actividades del Urban Creativity. La Ph.D. Mar\u00eda Fernanda L\u00f3pez Jaramillo, docente del Departamento Transversal&nbsp;de Teor\u00edas Cr\u00edticas y Pr\u00e1cticas Experimentales en&nbsp;Artes, ha sido invitada a tomar parte en la cita, que se desarrollar\u00e1 en julio pr\u00f3ximo en Lisboa, Portugal.<\/p>\n\n\n\n<p>El tema general del Urban Creativity de este a\u00f1o ser\u00e1 \u201cLiminal\u201d, entendi\u00e9ndose la liminalidad como una cualidad y estado de intermediaci\u00f3n cuya imagen del espacio-tiempo se extiende al contexto de la morfolog\u00eda urbana. Justamente, L\u00f3pez Jaramillo intervendr\u00e1 con una ponencia sustentada en sus indagaciones acerca de la pr\u00e1ctica curatorial como un espacio liminal entre el activismo y la investigaci\u00f3n en artes para el arte de calle.<\/p>\n\n\n\n<p>\u201cEl Urban Creativity es una plataforma mundial sobre el arte de calle en Lisboa\u201d, explica L\u00f3pez, quien dar\u00e1 su conferencia en ingl\u00e9s. No es su primera participaci\u00f3n en eventos internacionales en los que ha representado no solo a la UArtes, sino tambi\u00e9n al Ecuador. Esto \u00faltimo porque es la \u00fanica latinoamericana en ser miembro activo de INDAGUE, la asociaci\u00f3n espa\u00f1ola para la investigaci\u00f3n y difusi\u00f3n de graffiti y arte urbano. Adem\u00e1s de Espa\u00f1a, ha dado charlas en Holanda, Alemania, Inglaterra, Colombia, Per\u00fa, M\u00e9xico y Cuba.<\/p>\n\n\n\n<p>Creadora multidisciplinaria, L\u00f3pez Jaramillo mantiene una l\u00ednea de investigaci\u00f3n activa que se traduce en las plataformas Emergencias Curatoriales y Vandalismo Intelectual. En mayo pasado inaugur\u00f3 la muestra urbana <em>Cartograf\u00edas del encierro<\/em>, del cual fue su curadora que reuni\u00f3 en el MAAC a 43 artistas nacionales e internacionales. Igualmente ha producido y curado Cartograf\u00edas Paganas, la Primera Binacional de Arte Urbano Ecuador-Colombia y Arte, mujeres y espacio p\u00fablico Ecuador-M\u00e9xico, entre otros proyectos.&nbsp;<\/p>\n\n\n\n<p>Recientemente dict\u00f3 una conferencia sobre la dimensi\u00f3n pol\u00edtica del arte de calle para la Facultad de Ciencias Pol\u00edticas de Guatemala y realiz\u00f3 la curadur\u00eda de la muestra del artista mexicano Bloque Negro.<\/p>\n\n\n\n<p>De entre todas sus actividades, de las cuales la curadur\u00eda y la c\u00e1tedra son las que m\u00e1s disfruta, L\u00f3pez Jaramillo destaca el haber formado parte del comit\u00e9 t\u00e9cnico que design\u00f3 al jurado del Premio Nacional de las Artes Mariano Aguilera (PMA), que a su vez tuvo a su cargo la selecci\u00f3n de los ganadores del certamen de este a\u00f1o, su cuarta edici\u00f3n; la entrega de los reconocimientos se hizo el pasado 26 de mayo en el Centro de Arte Contempor\u00e1neo (CAC).&nbsp;<\/p>\n\n\n\n<p>El PMA tiene m\u00e1s de 100 a\u00f1os de vigencia y es producto de un acto filantr\u00f3pico de Mariano Aguilera, quien fue miembro del Municipio de Quito y en 1917 don\u00f3 un inmueble, cuyo arrendamiento anual hizo posible entregar tres permios a las mejores obras art\u00edsticas del a\u00f1o.<\/p>\n\n\n\n<p>\u00bfC\u00f3mo llega a ser parte del comit\u00e9 t\u00e9cnico del PMA? L\u00f3pez Jaramillo indica que respondi\u00f3 a la convocatoria abierta que se hizo desde el CAC, misma que llamaba a especialistas en arte contempor\u00e1neo. \u201cEs una distinci\u00f3n m\u00e1s compleja que el ser jurado, pues el comit\u00e9 t\u00e9cnico los selecciona\u201d.<\/p>\n\n\n\n<p>A\u00f1ade que el proceso para seleccionar al comit\u00e9 t\u00e9cnico fue largo, se presentaron m\u00e1s de 40 postulaciones, quedando siete candidatos a nivel nacional, n\u00famero que tras las entrevistas respectivas se redujo a cinco. \u201cLo hemos hablado con los exponentes del arte urbano a nivel local, pues este es un logro de todos. Es reconocer los procesos curatoriales, museogr\u00e1ficos y de investigaci\u00f3n de arte urbano realizados, a los cuales me debo desde hace 15 a\u00f1os y son parte del lenguaje de la cultura contempor\u00e1nea\u201d.<\/p>\n\n\n\n<p>La docente UArtes considera importante que se hayan tomado en cuenta su proceso formativo y aporte desde la curadur\u00eda y la museograf\u00eda. Especializada en arte de calle, ella maneja otros criterios curatoriales, metodolog\u00edas, estrategias e investigaci\u00f3n.<\/p>\n\n\n<div class=\"wp-block-image\">\n<figure class=\"aligncenter size-large\"><img fetchpriority=\"high\" decoding=\"async\" width=\"644\" height=\"429\" src=\"http:\/\/www.uartes.edu.ec\/sitio\/wp-content\/uploads\/2022\/06\/MAFO-LOPEZ-644x429.jpg\" alt=\"\" class=\"wp-image-23293\" srcset=\"https:\/\/www.uartes.edu.ec\/sitio\/wp-content\/uploads\/2022\/06\/MAFO-LOPEZ-644x429.jpg 644w, https:\/\/www.uartes.edu.ec\/sitio\/wp-content\/uploads\/2022\/06\/MAFO-LOPEZ-768x511.jpg 768w, https:\/\/www.uartes.edu.ec\/sitio\/wp-content\/uploads\/2022\/06\/MAFO-LOPEZ.jpg 2000w, https:\/\/www.uartes.edu.ec\/sitio\/wp-content\/uploads\/2022\/06\/MAFO-LOPEZ-600x399.jpg 600w, https:\/\/www.uartes.edu.ec\/sitio\/wp-content\/uploads\/2022\/06\/MAFO-LOPEZ-272x182.jpg 272w\" sizes=\"(max-width: 644px) 100vw, 644px\" \/><\/figure>\n<\/div>\n\n\n<p>\u201cTenemos como actores nacionales, en mi caso como gestora, curadora, activista, madre y ciudadana de la comunidad de base estar al servicio\u201d, expresa y agrega que lleg\u00f3 al CAC no para legitimar su trayectoria, sino para tener un derecho de acceso y participaci\u00f3n como miembro del campo de la cultura a la toma de decisiones. En el proceso de selecci\u00f3n particip\u00f3 en la revisi\u00f3n de 146 proyectos y 152 postulaciones, la designaci\u00f3n de los jurados nacionales e internacionales \u2013que finalmente eligen a los ganadores al Premio Nacional de las Artes Mariano Aguilera\u2013. La tarea fue amplia y ardua, y como parte del equipo t\u00e9cnico hizo algunas sugerencias. \u201cSi nos seleccionan es para aportar en cuanto a las metodolog\u00edas, los protocolos\u2026 Por algo piden t\u00edtulo de tercero y cuarto nivel, toda la experiencia, todos los avales. Conocen que soy frontal y tengo una voz cr\u00edtica, absolutamente real. A mis hijos no les voy a dejar bienes muebles ni inmuebles, sino los valores y educaci\u00f3n y como creadora y gestora la \u00e9tica es importantes\u201d.<\/p>\n\n\n\n<p>Junto con L\u00f3pez Jaramillo, el comit\u00e9 t\u00e9cnico del PMA lo integraron Pedro Soler, Consuelo Crespo, Jorge Izquierdo y Pablo Almeida.<\/p>\n\n\n\n<p>As\u00ed como para los PMA, en 2021 integr\u00f3 el jurado para la l\u00ednea de fomento a la Creaci\u00f3n del Arte Urbano y la L\u00ednea de Paz. En la UArtes, L\u00f3pez Jaramillo es docente titular de Gesti\u00f3n y Pol\u00edtica de la Cultura, tambi\u00e9n da c\u00e1tedra en otras IES como la Salesiana la Espol, donde est\u00e1 editando una publicaci\u00f3n indexada de arte de calle, \u201clo cual tambi\u00e9n es ic\u00f3nico porque no hab\u00eda\u201d.<\/p>\n\n\n\n<p>En la foto principal, la docente Mar\u00eda Fernanda L\u00f3pez (primera de la derecha) junto a los dem\u00e1s integrantes del comit\u00e9 t\u00e9cnico del PMA.<\/p>","protected":false},"excerpt":{"rendered":"<p>La Universidad de las Artes estar\u00e1 presente en la conferencia anual y las actividades del Urban Creativity. La Ph.D. Mar\u00eda Fernanda L\u00f3pez, quien es docente del Departamento Transversal\u00a0de Teor\u00edas Cr\u00edticas y Pr\u00e1cticas Experimentales en\u00a0Artes, ha sido invitada a tomar parte en la cita, que se desarrollar\u00e1 en julio pr\u00f3ximo en Lisboa, Portugal. Aqu\u00ed el detalle de sus participaciones en plataformas culturales nacionales y extranjeras.<\/p>","protected":false},"author":1,"featured_media":23292,"comment_status":"open","ping_status":"open","sticky":false,"template":"","format":"standard","meta":{"_acf_changed":false,"_uag_custom_page_level_css":"","_monsterinsights_skip_tracking":false,"_monsterinsights_sitenote_active":false,"_monsterinsights_sitenote_note":"","_monsterinsights_sitenote_category":0,"cybocfi_hide_featured_image":"","footnotes":""},"categories":[714,80,157,75],"tags":[],"infouartes":[],"class_list":["post-23291","post","type-post","status-publish","format-standard","has-post-thumbnail","hentry","category-2b","category-academico","category-artes-visuales","category-docentes"],"acf":[],"yoast_head":"<!-- This site is optimized with the Yoast SEO plugin v27.4 - https:\/\/yoast.com\/product\/yoast-seo-wordpress\/ -->\n<title>Universidad de las Artes - Docente Mar\u00eda Fernanda L\u00f3pez, en la conferencia anual del Urban Creativity<\/title>\n<meta name=\"description\" content=\"Universidad de las Artes - Docente Mar\u00eda Fernanda L\u00f3pez, en la conferencia anual del Urban Creativity\" \/>\n<meta name=\"robots\" content=\"index, follow, max-snippet:-1, max-image-preview:large, max-video-preview:-1\" \/>\n<link rel=\"canonical\" href=\"https:\/\/www.uartes.edu.ec\/sitio\/fr\/blog\/2022\/06\/22\/uartes-presente-con-maria-fernanda-lopez-en-la-conferencia-anual-del-urban-creativity\/\" \/>\n<meta property=\"og:locale\" content=\"fr_FR\" \/>\n<meta property=\"og:type\" content=\"article\" \/>\n<meta property=\"og:title\" content=\"Universidad de las Artes - Docente Mar\u00eda Fernanda L\u00f3pez, en la conferencia anual del Urban Creativity\" \/>\n<meta property=\"og:description\" content=\"Universidad de las Artes - Docente Mar\u00eda Fernanda L\u00f3pez, en la conferencia anual del Urban Creativity\" \/>\n<meta property=\"og:url\" content=\"https:\/\/www.uartes.edu.ec\/sitio\/fr\/blog\/2022\/06\/22\/uartes-presente-con-maria-fernanda-lopez-en-la-conferencia-anual-del-urban-creativity\/\" \/>\n<meta property=\"og:site_name\" content=\"Universidad de las Artes\" \/>\n<meta property=\"article:publisher\" content=\"https:\/\/www.facebook.com\/uartesec\" \/>\n<meta property=\"article:published_time\" content=\"2022-06-22T14:15:00+00:00\" \/>\n<meta property=\"article:modified_time\" content=\"2024-07-04T16:23:22+00:00\" \/>\n<meta property=\"og:image\" content=\"https:\/\/www.uartes.edu.ec\/sitio\/wp-content\/uploads\/2022\/06\/MAFO-2.jpg\" \/>\n\t<meta property=\"og:image:width\" content=\"2000\" \/>\n\t<meta property=\"og:image:height\" content=\"1333\" \/>\n\t<meta property=\"og:image:type\" content=\"image\/jpeg\" \/>\n<meta name=\"author\" content=\"Universidad de las Artes\" \/>\n<meta name=\"twitter:card\" content=\"summary_large_image\" \/>\n<meta name=\"twitter:creator\" content=\"@uartesec\" \/>\n<meta name=\"twitter:site\" content=\"@uartesec\" \/>\n<meta name=\"twitter:label1\" content=\"\u00c9crit par\" \/>\n\t<meta name=\"twitter:data1\" content=\"Universidad de las Artes\" \/>\n\t<meta name=\"twitter:label2\" content=\"Dur\u00e9e de lecture estim\u00e9e\" \/>\n\t<meta name=\"twitter:data2\" content=\"5 minutes\" \/>\n<script type=\"application\/ld+json\" class=\"yoast-schema-graph\">{\"@context\":\"https:\\\/\\\/schema.org\",\"@graph\":[{\"@type\":\"Article\",\"@id\":\"https:\\\/\\\/www.uartes.edu.ec\\\/sitio\\\/fr\\\/blog\\\/2022\\\/06\\\/22\\\/uartes-presente-con-maria-fernanda-lopez-en-la-conferencia-anual-del-urban-creativity\\\/#article\",\"isPartOf\":{\"@id\":\"https:\\\/\\\/www.uartes.edu.ec\\\/sitio\\\/fr\\\/blog\\\/2022\\\/06\\\/22\\\/uartes-presente-con-maria-fernanda-lopez-en-la-conferencia-anual-del-urban-creativity\\\/\"},\"author\":{\"name\":\"Universidad de las Artes\",\"@id\":\"https:\\\/\\\/www.uartes.edu.ec\\\/sitio\\\/fr\\\/#\\\/schema\\\/person\\\/f33f8c1d2af0d5c80a38c8abf458184a\"},\"headline\":\"Docente Mar\u00eda Fernanda L\u00f3pez, en la conferencia anual del Urban Creativity\",\"datePublished\":\"2022-06-22T14:15:00+00:00\",\"dateModified\":\"2024-07-04T16:23:22+00:00\",\"mainEntityOfPage\":{\"@id\":\"https:\\\/\\\/www.uartes.edu.ec\\\/sitio\\\/fr\\\/blog\\\/2022\\\/06\\\/22\\\/uartes-presente-con-maria-fernanda-lopez-en-la-conferencia-anual-del-urban-creativity\\\/\"},\"wordCount\":991,\"commentCount\":0,\"publisher\":{\"@id\":\"https:\\\/\\\/www.uartes.edu.ec\\\/sitio\\\/fr\\\/#organization\"},\"image\":{\"@id\":\"https:\\\/\\\/www.uartes.edu.ec\\\/sitio\\\/fr\\\/blog\\\/2022\\\/06\\\/22\\\/uartes-presente-con-maria-fernanda-lopez-en-la-conferencia-anual-del-urban-creativity\\\/#primaryimage\"},\"thumbnailUrl\":\"https:\\\/\\\/www.uartes.edu.ec\\\/sitio\\\/wp-content\\\/uploads\\\/2022\\\/06\\\/MAFO-2.jpg\",\"articleSection\":[\"2B\",\"Acad\u00e9mico\",\"Artes Visuales\",\"Docentes\"],\"inLanguage\":\"fr-FR\",\"potentialAction\":[{\"@type\":\"CommentAction\",\"name\":\"Comment\",\"target\":[\"https:\\\/\\\/www.uartes.edu.ec\\\/sitio\\\/fr\\\/blog\\\/2022\\\/06\\\/22\\\/uartes-presente-con-maria-fernanda-lopez-en-la-conferencia-anual-del-urban-creativity\\\/#respond\"]}]},{\"@type\":[\"WebPage\",\"ItemPage\"],\"@id\":\"https:\\\/\\\/www.uartes.edu.ec\\\/sitio\\\/fr\\\/blog\\\/2022\\\/06\\\/22\\\/uartes-presente-con-maria-fernanda-lopez-en-la-conferencia-anual-del-urban-creativity\\\/\",\"url\":\"https:\\\/\\\/www.uartes.edu.ec\\\/sitio\\\/fr\\\/blog\\\/2022\\\/06\\\/22\\\/uartes-presente-con-maria-fernanda-lopez-en-la-conferencia-anual-del-urban-creativity\\\/\",\"name\":\"Universidad de las Artes - Docente Mar\u00eda Fernanda L\u00f3pez, en la conferencia anual del Urban Creativity\",\"isPartOf\":{\"@id\":\"https:\\\/\\\/www.uartes.edu.ec\\\/sitio\\\/fr\\\/#website\"},\"primaryImageOfPage\":{\"@id\":\"https:\\\/\\\/www.uartes.edu.ec\\\/sitio\\\/fr\\\/blog\\\/2022\\\/06\\\/22\\\/uartes-presente-con-maria-fernanda-lopez-en-la-conferencia-anual-del-urban-creativity\\\/#primaryimage\"},\"image\":{\"@id\":\"https:\\\/\\\/www.uartes.edu.ec\\\/sitio\\\/fr\\\/blog\\\/2022\\\/06\\\/22\\\/uartes-presente-con-maria-fernanda-lopez-en-la-conferencia-anual-del-urban-creativity\\\/#primaryimage\"},\"thumbnailUrl\":\"https:\\\/\\\/www.uartes.edu.ec\\\/sitio\\\/wp-content\\\/uploads\\\/2022\\\/06\\\/MAFO-2.jpg\",\"datePublished\":\"2022-06-22T14:15:00+00:00\",\"dateModified\":\"2024-07-04T16:23:22+00:00\",\"description\":\"Universidad de las Artes - Docente Mar\u00eda Fernanda L\u00f3pez, en la conferencia anual del Urban Creativity\",\"breadcrumb\":{\"@id\":\"https:\\\/\\\/www.uartes.edu.ec\\\/sitio\\\/fr\\\/blog\\\/2022\\\/06\\\/22\\\/uartes-presente-con-maria-fernanda-lopez-en-la-conferencia-anual-del-urban-creativity\\\/#breadcrumb\"},\"inLanguage\":\"fr-FR\",\"potentialAction\":[{\"@type\":\"ReadAction\",\"target\":[\"https:\\\/\\\/www.uartes.edu.ec\\\/sitio\\\/fr\\\/blog\\\/2022\\\/06\\\/22\\\/uartes-presente-con-maria-fernanda-lopez-en-la-conferencia-anual-del-urban-creativity\\\/\"]}]},{\"@type\":\"ImageObject\",\"inLanguage\":\"fr-FR\",\"@id\":\"https:\\\/\\\/www.uartes.edu.ec\\\/sitio\\\/fr\\\/blog\\\/2022\\\/06\\\/22\\\/uartes-presente-con-maria-fernanda-lopez-en-la-conferencia-anual-del-urban-creativity\\\/#primaryimage\",\"url\":\"https:\\\/\\\/www.uartes.edu.ec\\\/sitio\\\/wp-content\\\/uploads\\\/2022\\\/06\\\/MAFO-2.jpg\",\"contentUrl\":\"https:\\\/\\\/www.uartes.edu.ec\\\/sitio\\\/wp-content\\\/uploads\\\/2022\\\/06\\\/MAFO-2.jpg\",\"width\":2000,\"height\":1333},{\"@type\":\"BreadcrumbList\",\"@id\":\"https:\\\/\\\/www.uartes.edu.ec\\\/sitio\\\/fr\\\/blog\\\/2022\\\/06\\\/22\\\/uartes-presente-con-maria-fernanda-lopez-en-la-conferencia-anual-del-urban-creativity\\\/#breadcrumb\",\"itemListElement\":[{\"@type\":\"ListItem\",\"position\":1,\"name\":\"Inicio\",\"item\":\"https:\\\/\\\/www.uartes.edu.ec\\\/sitio\\\/\"},{\"@type\":\"ListItem\",\"position\":2,\"name\":\"Docente Mar\u00eda Fernanda L\u00f3pez, en la conferencia anual del Urban Creativity\"}]},{\"@type\":\"WebSite\",\"@id\":\"https:\\\/\\\/www.uartes.edu.ec\\\/sitio\\\/fr\\\/#website\",\"url\":\"https:\\\/\\\/www.uartes.edu.ec\\\/sitio\\\/fr\\\/\",\"name\":\"Universidad de las Artes\",\"description\":\"Sitio oficial de la Universidad Nacional de las Artes del Ecuador\",\"publisher\":{\"@id\":\"https:\\\/\\\/www.uartes.edu.ec\\\/sitio\\\/fr\\\/#organization\"},\"potentialAction\":[{\"@type\":\"SearchAction\",\"target\":{\"@type\":\"EntryPoint\",\"urlTemplate\":\"https:\\\/\\\/www.uartes.edu.ec\\\/sitio\\\/fr\\\/?s={search_term_string}\"},\"query-input\":{\"@type\":\"PropertyValueSpecification\",\"valueRequired\":true,\"valueName\":\"search_term_string\"}}],\"inLanguage\":\"fr-FR\"},{\"@type\":\"Organization\",\"@id\":\"https:\\\/\\\/www.uartes.edu.ec\\\/sitio\\\/fr\\\/#organization\",\"name\":\"Universidad de las Artes\",\"url\":\"https:\\\/\\\/www.uartes.edu.ec\\\/sitio\\\/fr\\\/\",\"logo\":{\"@type\":\"ImageObject\",\"inLanguage\":\"fr-FR\",\"@id\":\"https:\\\/\\\/www.uartes.edu.ec\\\/sitio\\\/fr\\\/#\\\/schema\\\/logo\\\/image\\\/\",\"url\":\"https:\\\/\\\/www.uartes.edu.ec\\\/sitio\\\/wp-content\\\/uploads\\\/2022\\\/07\\\/logo-ua-horizontal.png\",\"contentUrl\":\"https:\\\/\\\/www.uartes.edu.ec\\\/sitio\\\/wp-content\\\/uploads\\\/2022\\\/07\\\/logo-ua-horizontal.png\",\"width\":800,\"height\":276,\"caption\":\"Universidad de las Artes\"},\"image\":{\"@id\":\"https:\\\/\\\/www.uartes.edu.ec\\\/sitio\\\/fr\\\/#\\\/schema\\\/logo\\\/image\\\/\"},\"sameAs\":[\"https:\\\/\\\/www.facebook.com\\\/uartesec\",\"https:\\\/\\\/x.com\\\/uartesec\",\"https:\\\/\\\/www.tiktok.com\\\/@uartesec\"]},{\"@type\":\"Person\",\"@id\":\"https:\\\/\\\/www.uartes.edu.ec\\\/sitio\\\/fr\\\/#\\\/schema\\\/person\\\/f33f8c1d2af0d5c80a38c8abf458184a\",\"name\":\"Universidad de las Artes\",\"image\":{\"@type\":\"ImageObject\",\"inLanguage\":\"fr-FR\",\"@id\":\"https:\\\/\\\/secure.gravatar.com\\\/avatar\\\/52e4757902f5cfa5ac52d020e5be83cae5487519154b6c35482fe08d589f3c13?s=96&d=mm&r=g\",\"url\":\"https:\\\/\\\/secure.gravatar.com\\\/avatar\\\/52e4757902f5cfa5ac52d020e5be83cae5487519154b6c35482fe08d589f3c13?s=96&d=mm&r=g\",\"contentUrl\":\"https:\\\/\\\/secure.gravatar.com\\\/avatar\\\/52e4757902f5cfa5ac52d020e5be83cae5487519154b6c35482fe08d589f3c13?s=96&d=mm&r=g\",\"caption\":\"Universidad de las Artes\"},\"url\":\"https:\\\/\\\/www.uartes.edu.ec\\\/sitio\\\/fr\\\/blog\\\/author\\\/dircomadm\\\/\"}]}<\/script>\n<!-- \/ Yoast SEO plugin. -->","yoast_head_json":{"title":"Universidad de las Artes - Docente Mar\u00eda Fernanda L\u00f3pez, en la conferencia anual del Urban Creativity","description":"Universidad de las Artes - Docente Mar\u00eda Fernanda L\u00f3pez, en la conferencia anual del Urban Creativity","robots":{"index":"index","follow":"follow","max-snippet":"max-snippet:-1","max-image-preview":"max-image-preview:large","max-video-preview":"max-video-preview:-1"},"canonical":"https:\/\/www.uartes.edu.ec\/sitio\/fr\/blog\/2022\/06\/22\/uartes-presente-con-maria-fernanda-lopez-en-la-conferencia-anual-del-urban-creativity\/","og_locale":"fr_FR","og_type":"article","og_title":"Universidad de las Artes - Docente Mar\u00eda Fernanda L\u00f3pez, en la conferencia anual del Urban Creativity","og_description":"Universidad de las Artes - Docente Mar\u00eda Fernanda L\u00f3pez, en la conferencia anual del Urban Creativity","og_url":"https:\/\/www.uartes.edu.ec\/sitio\/fr\/blog\/2022\/06\/22\/uartes-presente-con-maria-fernanda-lopez-en-la-conferencia-anual-del-urban-creativity\/","og_site_name":"Universidad de las Artes","article_publisher":"https:\/\/www.facebook.com\/uartesec","article_published_time":"2022-06-22T14:15:00+00:00","article_modified_time":"2024-07-04T16:23:22+00:00","og_image":[{"width":2000,"height":1333,"url":"https:\/\/www.uartes.edu.ec\/sitio\/wp-content\/uploads\/2022\/06\/MAFO-2.jpg","type":"image\/jpeg"}],"author":"Universidad de las Artes","twitter_card":"summary_large_image","twitter_creator":"@uartesec","twitter_site":"@uartesec","twitter_misc":{"\u00c9crit par":"Universidad de las Artes","Dur\u00e9e de lecture estim\u00e9e":"5 minutes"},"schema":{"@context":"https:\/\/schema.org","@graph":[{"@type":"Article","@id":"https:\/\/www.uartes.edu.ec\/sitio\/fr\/blog\/2022\/06\/22\/uartes-presente-con-maria-fernanda-lopez-en-la-conferencia-anual-del-urban-creativity\/#article","isPartOf":{"@id":"https:\/\/www.uartes.edu.ec\/sitio\/fr\/blog\/2022\/06\/22\/uartes-presente-con-maria-fernanda-lopez-en-la-conferencia-anual-del-urban-creativity\/"},"author":{"name":"Universidad de las Artes","@id":"https:\/\/www.uartes.edu.ec\/sitio\/fr\/#\/schema\/person\/f33f8c1d2af0d5c80a38c8abf458184a"},"headline":"Docente Mar\u00eda Fernanda L\u00f3pez, en la conferencia anual del Urban Creativity","datePublished":"2022-06-22T14:15:00+00:00","dateModified":"2024-07-04T16:23:22+00:00","mainEntityOfPage":{"@id":"https:\/\/www.uartes.edu.ec\/sitio\/fr\/blog\/2022\/06\/22\/uartes-presente-con-maria-fernanda-lopez-en-la-conferencia-anual-del-urban-creativity\/"},"wordCount":991,"commentCount":0,"publisher":{"@id":"https:\/\/www.uartes.edu.ec\/sitio\/fr\/#organization"},"image":{"@id":"https:\/\/www.uartes.edu.ec\/sitio\/fr\/blog\/2022\/06\/22\/uartes-presente-con-maria-fernanda-lopez-en-la-conferencia-anual-del-urban-creativity\/#primaryimage"},"thumbnailUrl":"https:\/\/www.uartes.edu.ec\/sitio\/wp-content\/uploads\/2022\/06\/MAFO-2.jpg","articleSection":["2B","Acad\u00e9mico","Artes Visuales","Docentes"],"inLanguage":"fr-FR","potentialAction":[{"@type":"CommentAction","name":"Comment","target":["https:\/\/www.uartes.edu.ec\/sitio\/fr\/blog\/2022\/06\/22\/uartes-presente-con-maria-fernanda-lopez-en-la-conferencia-anual-del-urban-creativity\/#respond"]}]},{"@type":["WebPage","ItemPage"],"@id":"https:\/\/www.uartes.edu.ec\/sitio\/fr\/blog\/2022\/06\/22\/uartes-presente-con-maria-fernanda-lopez-en-la-conferencia-anual-del-urban-creativity\/","url":"https:\/\/www.uartes.edu.ec\/sitio\/fr\/blog\/2022\/06\/22\/uartes-presente-con-maria-fernanda-lopez-en-la-conferencia-anual-del-urban-creativity\/","name":"Universidad de las Artes - Docente Mar\u00eda Fernanda L\u00f3pez, en la conferencia anual del Urban Creativity","isPartOf":{"@id":"https:\/\/www.uartes.edu.ec\/sitio\/fr\/#website"},"primaryImageOfPage":{"@id":"https:\/\/www.uartes.edu.ec\/sitio\/fr\/blog\/2022\/06\/22\/uartes-presente-con-maria-fernanda-lopez-en-la-conferencia-anual-del-urban-creativity\/#primaryimage"},"image":{"@id":"https:\/\/www.uartes.edu.ec\/sitio\/fr\/blog\/2022\/06\/22\/uartes-presente-con-maria-fernanda-lopez-en-la-conferencia-anual-del-urban-creativity\/#primaryimage"},"thumbnailUrl":"https:\/\/www.uartes.edu.ec\/sitio\/wp-content\/uploads\/2022\/06\/MAFO-2.jpg","datePublished":"2022-06-22T14:15:00+00:00","dateModified":"2024-07-04T16:23:22+00:00","description":"Universidad de las Artes - Docente Mar\u00eda Fernanda L\u00f3pez, en la conferencia anual del Urban Creativity","breadcrumb":{"@id":"https:\/\/www.uartes.edu.ec\/sitio\/fr\/blog\/2022\/06\/22\/uartes-presente-con-maria-fernanda-lopez-en-la-conferencia-anual-del-urban-creativity\/#breadcrumb"},"inLanguage":"fr-FR","potentialAction":[{"@type":"ReadAction","target":["https:\/\/www.uartes.edu.ec\/sitio\/fr\/blog\/2022\/06\/22\/uartes-presente-con-maria-fernanda-lopez-en-la-conferencia-anual-del-urban-creativity\/"]}]},{"@type":"ImageObject","inLanguage":"fr-FR","@id":"https:\/\/www.uartes.edu.ec\/sitio\/fr\/blog\/2022\/06\/22\/uartes-presente-con-maria-fernanda-lopez-en-la-conferencia-anual-del-urban-creativity\/#primaryimage","url":"https:\/\/www.uartes.edu.ec\/sitio\/wp-content\/uploads\/2022\/06\/MAFO-2.jpg","contentUrl":"https:\/\/www.uartes.edu.ec\/sitio\/wp-content\/uploads\/2022\/06\/MAFO-2.jpg","width":2000,"height":1333},{"@type":"BreadcrumbList","@id":"https:\/\/www.uartes.edu.ec\/sitio\/fr\/blog\/2022\/06\/22\/uartes-presente-con-maria-fernanda-lopez-en-la-conferencia-anual-del-urban-creativity\/#breadcrumb","itemListElement":[{"@type":"ListItem","position":1,"name":"Inicio","item":"https:\/\/www.uartes.edu.ec\/sitio\/"},{"@type":"ListItem","position":2,"name":"Docente Mar\u00eda Fernanda L\u00f3pez, en la conferencia anual del Urban Creativity"}]},{"@type":"WebSite","@id":"https:\/\/www.uartes.edu.ec\/sitio\/fr\/#website","url":"https:\/\/www.uartes.edu.ec\/sitio\/fr\/","name":"Universidad de las Artes","description":"Sitio oficial de la Universidad Nacional de las Artes del Ecuador","publisher":{"@id":"https:\/\/www.uartes.edu.ec\/sitio\/fr\/#organization"},"potentialAction":[{"@type":"SearchAction","target":{"@type":"EntryPoint","urlTemplate":"https:\/\/www.uartes.edu.ec\/sitio\/fr\/?s={search_term_string}"},"query-input":{"@type":"PropertyValueSpecification","valueRequired":true,"valueName":"search_term_string"}}],"inLanguage":"fr-FR"},{"@type":"Organization","@id":"https:\/\/www.uartes.edu.ec\/sitio\/fr\/#organization","name":"Universidad de las Artes","url":"https:\/\/www.uartes.edu.ec\/sitio\/fr\/","logo":{"@type":"ImageObject","inLanguage":"fr-FR","@id":"https:\/\/www.uartes.edu.ec\/sitio\/fr\/#\/schema\/logo\/image\/","url":"https:\/\/www.uartes.edu.ec\/sitio\/wp-content\/uploads\/2022\/07\/logo-ua-horizontal.png","contentUrl":"https:\/\/www.uartes.edu.ec\/sitio\/wp-content\/uploads\/2022\/07\/logo-ua-horizontal.png","width":800,"height":276,"caption":"Universidad de las Artes"},"image":{"@id":"https:\/\/www.uartes.edu.ec\/sitio\/fr\/#\/schema\/logo\/image\/"},"sameAs":["https:\/\/www.facebook.com\/uartesec","https:\/\/x.com\/uartesec","https:\/\/www.tiktok.com\/@uartesec"]},{"@type":"Person","@id":"https:\/\/www.uartes.edu.ec\/sitio\/fr\/#\/schema\/person\/f33f8c1d2af0d5c80a38c8abf458184a","name":"Universidad de las Artes","image":{"@type":"ImageObject","inLanguage":"fr-FR","@id":"https:\/\/secure.gravatar.com\/avatar\/52e4757902f5cfa5ac52d020e5be83cae5487519154b6c35482fe08d589f3c13?s=96&d=mm&r=g","url":"https:\/\/secure.gravatar.com\/avatar\/52e4757902f5cfa5ac52d020e5be83cae5487519154b6c35482fe08d589f3c13?s=96&d=mm&r=g","contentUrl":"https:\/\/secure.gravatar.com\/avatar\/52e4757902f5cfa5ac52d020e5be83cae5487519154b6c35482fe08d589f3c13?s=96&d=mm&r=g","caption":"Universidad de las Artes"},"url":"https:\/\/www.uartes.edu.ec\/sitio\/fr\/blog\/author\/dircomadm\/"}]}},"uagb_featured_image_src":{"full":["https:\/\/www.uartes.edu.ec\/sitio\/wp-content\/uploads\/2022\/06\/MAFO-2.jpg",2000,1333,false],"thumbnail":["https:\/\/www.uartes.edu.ec\/sitio\/wp-content\/uploads\/2022\/06\/MAFO-2-150x150.jpg",150,150,true],"medium":["https:\/\/www.uartes.edu.ec\/sitio\/wp-content\/uploads\/2022\/06\/MAFO-2-300x200.jpg",300,200,true],"medium_large":["https:\/\/www.uartes.edu.ec\/sitio\/wp-content\/uploads\/2022\/06\/MAFO-2-768x512.jpg",768,512,true],"large":["https:\/\/www.uartes.edu.ec\/sitio\/wp-content\/uploads\/2022\/06\/MAFO-2-644x429.jpg",644,429,true],"1536x1536":["https:\/\/www.uartes.edu.ec\/sitio\/wp-content\/uploads\/2022\/06\/MAFO-2-1536x1024.jpg",1536,1024,true],"2048x2048":["https:\/\/www.uartes.edu.ec\/sitio\/wp-content\/uploads\/2022\/06\/MAFO-2.jpg",2000,1333,false],"trp-custom-language-flag":["https:\/\/www.uartes.edu.ec\/sitio\/wp-content\/uploads\/2022\/06\/MAFO-2.jpg",18,12,false],"htmega_size_585x295":["https:\/\/www.uartes.edu.ec\/sitio\/wp-content\/uploads\/2022\/06\/MAFO-2.jpg",443,295,false],"htmega_size_1170x536":["https:\/\/www.uartes.edu.ec\/sitio\/wp-content\/uploads\/2022\/06\/MAFO-2.jpg",804,536,false],"htmega_size_396x360":["https:\/\/www.uartes.edu.ec\/sitio\/wp-content\/uploads\/2022\/06\/MAFO-2.jpg",396,264,false],"gb-block-post-grid-landscape":["https:\/\/www.uartes.edu.ec\/sitio\/wp-content\/uploads\/2022\/06\/MAFO-2-600x400.jpg",600,400,true],"gb-block-post-grid-square":["https:\/\/www.uartes.edu.ec\/sitio\/wp-content\/uploads\/2022\/06\/MAFO-2-600x600.jpg",600,600,true],"university-hub-thumb":["https:\/\/www.uartes.edu.ec\/sitio\/wp-content\/uploads\/2022\/06\/MAFO-2-400x267.jpg",400,267,true],"mailpoet_newsletter_max":["https:\/\/www.uartes.edu.ec\/sitio\/wp-content\/uploads\/2022\/06\/MAFO-2.jpg",1320,880,false]},"uagb_author_info":{"display_name":"Universidad de las Artes","author_link":"https:\/\/www.uartes.edu.ec\/sitio\/fr\/blog\/author\/dircomadm\/"},"uagb_comment_info":0,"uagb_excerpt":"La Universidad de las Artes estar\u00e1 presente en la conferencia anual y las actividades del Urban Creativity. La Ph.D. Mar\u00eda Fernanda L\u00f3pez, quien es docente del Departamento Transversal\u00a0de Teor\u00edas Cr\u00edticas y Pr\u00e1cticas Experimentales en\u00a0Artes, ha sido invitada a tomar parte en la cita, que se desarrollar\u00e1 en julio pr\u00f3ximo en Lisboa, Portugal. Aqu\u00ed el detalle\u2026","featured_image_src":"https:\/\/www.uartes.edu.ec\/sitio\/wp-content\/uploads\/2022\/06\/MAFO-2-600x400.jpg","featured_image_src_square":"https:\/\/www.uartes.edu.ec\/sitio\/wp-content\/uploads\/2022\/06\/MAFO-2-600x600.jpg","author_info":{"display_name":"Universidad de las Artes","author_link":"https:\/\/www.uartes.edu.ec\/sitio\/fr\/blog\/author\/dircomadm\/"},"publishpress_future_workflow_manual_trigger":{"enabledWorkflows":[]},"distributor_meta":false,"distributor_terms":false,"distributor_media":false,"distributor_original_site_name":"Universidad de las Artes","distributor_original_site_url":"https:\/\/www.uartes.edu.ec\/sitio\/fr","push-errors":false,"_links":{"self":[{"href":"https:\/\/www.uartes.edu.ec\/sitio\/fr\/wp-json\/wp\/v2\/posts\/23291","targetHints":{"allow":["GET"]}}],"collection":[{"href":"https:\/\/www.uartes.edu.ec\/sitio\/fr\/wp-json\/wp\/v2\/posts"}],"about":[{"href":"https:\/\/www.uartes.edu.ec\/sitio\/fr\/wp-json\/wp\/v2\/types\/post"}],"author":[{"embeddable":true,"href":"https:\/\/www.uartes.edu.ec\/sitio\/fr\/wp-json\/wp\/v2\/users\/1"}],"replies":[{"embeddable":true,"href":"https:\/\/www.uartes.edu.ec\/sitio\/fr\/wp-json\/wp\/v2\/comments?post=23291"}],"version-history":[{"count":8,"href":"https:\/\/www.uartes.edu.ec\/sitio\/fr\/wp-json\/wp\/v2\/posts\/23291\/revisions"}],"predecessor-version":[{"id":23695,"href":"https:\/\/www.uartes.edu.ec\/sitio\/fr\/wp-json\/wp\/v2\/posts\/23291\/revisions\/23695"}],"wp:featuredmedia":[{"embeddable":true,"href":"https:\/\/www.uartes.edu.ec\/sitio\/fr\/wp-json\/wp\/v2\/media\/23292"}],"wp:attachment":[{"href":"https:\/\/www.uartes.edu.ec\/sitio\/fr\/wp-json\/wp\/v2\/media?parent=23291"}],"wp:term":[{"taxonomy":"category","embeddable":true,"href":"https:\/\/www.uartes.edu.ec\/sitio\/fr\/wp-json\/wp\/v2\/categories?post=23291"},{"taxonomy":"post_tag","embeddable":true,"href":"https:\/\/www.uartes.edu.ec\/sitio\/fr\/wp-json\/wp\/v2\/tags?post=23291"},{"taxonomy":"infouartes","embeddable":true,"href":"https:\/\/www.uartes.edu.ec\/sitio\/fr\/wp-json\/wp\/v2\/infouartes?post=23291"}],"curies":[{"name":"wp","href":"https:\/\/api.w.org\/{rel}","templated":true}]}}