{"id":23319,"date":"2022-06-24T12:33:53","date_gmt":"2022-06-24T17:33:53","guid":{"rendered":"http:\/\/www.uartes.edu.ec\/sitio\/?p=23319"},"modified":"2024-07-04T11:23:21","modified_gmt":"2024-07-04T16:23:21","slug":"el-exitoso-encuentro-de-los-ninxs-con-las-artes-afianzo-el-vinculo-con-la-comunidad","status":"publish","type":"post","link":"https:\/\/www.uartes.edu.ec\/sitio\/fr\/blog\/2022\/06\/24\/el-exitoso-encuentro-de-los-ninxs-con-las-artes-afianzo-el-vinculo-con-la-comunidad\/","title":{"rendered":"Exitoso encuentro de los ni\u00f1os con las artes afianz\u00f3 v\u00ednculo con comunidad"},"content":{"rendered":"<p>Conciertos, teatro, proyecciones f\u00edlmicas, conversaciones de ni\u00f1xs, talleres de danza y de afiches, espect\u00e1culo de mediaci\u00f3n lectora y recorridos por la Biblioteca de las Artes fueron algunas de las actividades que se desarrollaron los pasados 9, 10 y 11 de junio en el tercer encuentro que ni\u00f1as y ni\u00f1os mantuvieron en la Sala R\u00eda con la Universidad de las Artes, el cual no solo result\u00f3 exitoso por la masiva concurrencia de los protagonistas de la cita, sino porque se formalizaron relacionamientos de vinculaci\u00f3n con la comunidad. Esto por la firma del convenio de cooperaci\u00f3n interinstitucional entre la UArtes y la Fundaci\u00f3n Huancavilca.<\/p>\n\n\n\n<p>Unos ni\u00f1xs llegaron con sus padres o familiares y otros con sus maestros o autoridades de las instituciones educativas en las que estudian. As\u00ed, en el III Encuentro las Ni\u00f1as y los Ni\u00f1os en las Artes estuvieron presentes educandos de San Vicente de Pa\u00fal, Young Living Academy, Proyecto Semillero de Fundaci\u00f3n Huancavilca (Socio Vivienda 2 y Monte Sina\u00ed), Asociaci\u00f3n de Acci\u00f3n Social de Coordinadores Barriales del Guayas (ACOBAG) y Red de Iglesias Evang\u00e9licas de Sergio Toral (Iglesia Nazareno, Iglesia Cuadrangular, Iglesia del Para\u00edso del Se\u00f1or Jesucristo).<\/p>\n\n\n\n<p>De la UArtes intervinieron varios de los equipos que mantienen e impulsan proyectos art\u00edsticos pedag\u00f3gicos, como el transdisciplinario UAPK, que estuvo presente dos de los tres d\u00edas de la cita con propuestas para la ense\u00f1anza del ingl\u00e9s.<\/p>\n\n\n\n<p>El docente Fernando Intriago, quien lo dirige, coment\u00f3 que el proyecto no solo est\u00e1 liderando la innovaci\u00f3n pedag\u00f3gica a trav\u00e9s de las artes, sino permitiendo que los perfiles preprofesionales de los y las estudiantes de carreras art\u00edsticas realicen aportes muy relevantes para mejorar la educaci\u00f3n b\u00e1sica elemental biling\u00fce del pa\u00eds.<\/p>\n\n\n<div class=\"wp-block-image\">\n<figure class=\"aligncenter size-large\"><img fetchpriority=\"high\" decoding=\"async\" width=\"644\" height=\"429\" src=\"http:\/\/www.uartes.edu.ec\/sitio\/wp-content\/uploads\/2022\/06\/encu1-644x429.jpg\" alt=\"\" class=\"wp-image-23323\" srcset=\"https:\/\/www.uartes.edu.ec\/sitio\/wp-content\/uploads\/2022\/06\/encu1-644x429.jpg 644w, https:\/\/www.uartes.edu.ec\/sitio\/wp-content\/uploads\/2022\/06\/encu1-300x200.jpg 300w, https:\/\/www.uartes.edu.ec\/sitio\/wp-content\/uploads\/2022\/06\/encu1-768x512.jpg 768w, https:\/\/www.uartes.edu.ec\/sitio\/wp-content\/uploads\/2022\/06\/encu1-1536x1024.jpg 1536w, https:\/\/www.uartes.edu.ec\/sitio\/wp-content\/uploads\/2022\/06\/encu1-600x400.jpg 600w, https:\/\/www.uartes.edu.ec\/sitio\/wp-content\/uploads\/2022\/06\/encu1-400x267.jpg 400w, https:\/\/www.uartes.edu.ec\/sitio\/wp-content\/uploads\/2022\/06\/encu1-272x182.jpg 272w, https:\/\/www.uartes.edu.ec\/sitio\/wp-content\/uploads\/2022\/06\/encu1.jpg 2000w\" sizes=\"(max-width: 644px) 100vw, 644px\" \/><\/figure>\n<\/div>\n\n\n<p>De la experiencia en el encuentro, \u00e9l manifest\u00f3: \u201cEstuvimos interactuando con los grupos escolares invitados durante jornadas matutinas del jueves y viernes; los y las pasantes de UAPK se sintieron emocionados; ver como sus creaciones eran bien recibidas por el p\u00fablico infantil les ha dado mayor prop\u00f3sito, incluso objetivos m\u00e1s aterrizados, a la hora de seguir creando el material destinado para el programa de ingl\u00e9s b\u00e1sico Kuyay: English through Arts. Estamos creando para la ni\u00f1ez, entonces el encuentro nos permiti\u00f3&nbsp;recanalizar nuestras fuerzas creativas hacia la misi\u00f3n de aportar con un material pedag\u00f3gico de calidad que ense\u00f1e ingl\u00e9s, pero que tambi\u00e9n promueva la educaci\u00f3n cultural y art\u00edstica desde el comienzo de la educaci\u00f3n formal en comunidades e instituciones p\u00fablicas del pa\u00eds\u201d.<\/p>\n\n\n\n<h3 class=\"wp-block-heading\"><strong>Convenio de cooperaci\u00f3n interinstitucional<\/strong><\/h3>\n\n\n\n<p>En cuanto al convenio UArtes-Fundaci\u00f3n Huancavilca, este lo suscribieron el rector William Herrera y el ingeniero Milton Salazar, director financiero del ente, en representaci\u00f3n de su directora ejecutiva, Alexandra Molinero. El prop\u00f3sito de la firma es desarrollar de manera conjunta programas, proyectos y actividades que contribuyan a la gesti\u00f3n de la educaci\u00f3n en artes de ni\u00f1os, ni\u00f1as y adolescentes; a la difusi\u00f3n del arte y la cultura; y, al desarrollo integral comunitario.<\/p>\n\n\n<div class=\"wp-block-image\">\n<figure class=\"aligncenter size-large\"><img decoding=\"async\" width=\"644\" height=\"429\" src=\"http:\/\/www.uartes.edu.ec\/sitio\/wp-content\/uploads\/2022\/06\/encu3-644x429.jpg\" alt=\"\" class=\"wp-image-23321\" srcset=\"https:\/\/www.uartes.edu.ec\/sitio\/wp-content\/uploads\/2022\/06\/encu3-644x429.jpg 644w, https:\/\/www.uartes.edu.ec\/sitio\/wp-content\/uploads\/2022\/06\/encu3-300x200.jpg 300w, https:\/\/www.uartes.edu.ec\/sitio\/wp-content\/uploads\/2022\/06\/encu3-768x512.jpg 768w, https:\/\/www.uartes.edu.ec\/sitio\/wp-content\/uploads\/2022\/06\/encu3-1536x1024.jpg 1536w, https:\/\/www.uartes.edu.ec\/sitio\/wp-content\/uploads\/2022\/06\/encu3-600x400.jpg 600w, https:\/\/www.uartes.edu.ec\/sitio\/wp-content\/uploads\/2022\/06\/encu3-400x267.jpg 400w, https:\/\/www.uartes.edu.ec\/sitio\/wp-content\/uploads\/2022\/06\/encu3-272x182.jpg 272w, https:\/\/www.uartes.edu.ec\/sitio\/wp-content\/uploads\/2022\/06\/encu3.jpg 2000w\" sizes=\"(max-width: 644px) 100vw, 644px\" \/><\/figure>\n<\/div>\n\n\n<p>La Fundaci\u00f3n Huancavilca es una organizaci\u00f3n no gubernamental (ONG), creada en Guayaquil en 1993 bajo rector\u00eda del entonces Ministerio de Bienestar Social. Opera en dos sedes, ubicadas en el Guasmo y la Prosperina, sin embargo, su gesti\u00f3n llega a otros sectores de la ciudad gracias al apoyo de Misi\u00f3n Alianza de Noruega en Ecuador. Tiene como objetivo principal el desarrollo de proyectos y\/o programas con finalidad social-comunal, como el fomento de emprendimientos comunitarios; capacitaciones para la autogesti\u00f3n; y, formaci\u00f3n temprana en artes y deporte.<\/p>\n\n\n\n<p>Acciona desde tres \u00e1reas: la educaci\u00f3n inicial, la formaci\u00f3n recreativa y el desarrollo empresarial comunitario. Esto a trav\u00e9s del Centro de Expresi\u00f3n Musical, el Centro de Expresi\u00f3n Corporal, y el Centro de Desarrollo Empresarial. As\u00ed, cuenta con la Orquesta Sinf\u00f3nica Infanto Juvenil, que se mantiene por autogesti\u00f3n y la conforman 38 integrantes, de entre 12 y 25 a\u00f1os, provenientes del Guasmo y la Prosperina.<\/p>\n\n\n\n<p>En 2017, la agrupaci\u00f3n represent\u00f3 al pa\u00eds en el Encuentro Binacional de Orquestas Sinf\u00f3nicas en San Juan de Pasto (Colombia) y al a\u00f1o siguiente cuatro de sus integrantes y su director art\u00edstico, Jorge Layana, participaron en el Campamento Internacional en Shangh\u00e1i (China). Cabe anotar que, en sus filas de colaboradores, han contado y cuentan con estudiantes UArtes, lo cual convierte a la Fundaci\u00f3n Huancavilca en un escenario de desarrollo profesional para futuros artistas y trabajadores de la cultura.<\/p>\n\n\n<div class=\"wp-block-image\">\n<figure class=\"aligncenter size-large\"><img decoding=\"async\" width=\"644\" height=\"429\" src=\"http:\/\/www.uartes.edu.ec\/sitio\/wp-content\/uploads\/2022\/06\/encu4-644x429.jpg\" alt=\"\" class=\"wp-image-23320\" srcset=\"https:\/\/www.uartes.edu.ec\/sitio\/wp-content\/uploads\/2022\/06\/encu4-644x429.jpg 644w, https:\/\/www.uartes.edu.ec\/sitio\/wp-content\/uploads\/2022\/06\/encu4-300x200.jpg 300w, https:\/\/www.uartes.edu.ec\/sitio\/wp-content\/uploads\/2022\/06\/encu4-768x512.jpg 768w, https:\/\/www.uartes.edu.ec\/sitio\/wp-content\/uploads\/2022\/06\/encu4-1536x1024.jpg 1536w, https:\/\/www.uartes.edu.ec\/sitio\/wp-content\/uploads\/2022\/06\/encu4-600x400.jpg 600w, https:\/\/www.uartes.edu.ec\/sitio\/wp-content\/uploads\/2022\/06\/encu4-400x267.jpg 400w, https:\/\/www.uartes.edu.ec\/sitio\/wp-content\/uploads\/2022\/06\/encu4-272x182.jpg 272w, https:\/\/www.uartes.edu.ec\/sitio\/wp-content\/uploads\/2022\/06\/encu4.jpg 2000w\" sizes=\"(max-width: 644px) 100vw, 644px\" \/><\/figure>\n<\/div>","protected":false},"excerpt":{"rendered":"<p>Conciertos, teatro, proyecciones, di\u00e1logos, talleres, mediaci\u00f3n lectora y recorridos por la Biblioteca de las Artes fueron las actividades que se desarrollaron el 9, 10 y 11 de junio en el encuentro que ni\u00f1as y ni\u00f1os mantuvieron en la Sala R\u00eda con la UArtes, el cual no solo result\u00f3 exitoso por la masiva concurrencia de los protagonistas de la cita, sino porque se formalizaron relacionamientos de vinculaci\u00f3n con la comunidad.<\/p>","protected":false},"author":1,"featured_media":23322,"comment_status":"open","ping_status":"open","sticky":false,"template":"","format":"standard","meta":{"_acf_changed":false,"_uag_custom_page_level_css":"","_monsterinsights_skip_tracking":false,"_monsterinsights_sitenote_active":false,"_monsterinsights_sitenote_note":"","_monsterinsights_sitenote_category":0,"cybocfi_hide_featured_image":"","footnotes":""},"categories":[716,75,76,79],"tags":[41,120,706],"infouartes":[],"class_list":["post-23319","post","type-post","status-publish","format-standard","has-post-thumbnail","hentry","category-1c","category-docentes","category-estudiantes","category-vinculo","tag-biblioteca","tag-ria","tag-uapk"],"acf":[],"yoast_head":"<!-- This site is optimized with the Yoast SEO plugin v27.4 - https:\/\/yoast.com\/product\/yoast-seo-wordpress\/ -->\n<title>Universidad de las Artes - Exitoso encuentro de los ni\u00f1os con las artes afianz\u00f3 v\u00ednculo con comunidad<\/title>\n<meta name=\"description\" content=\"Universidad de las Artes - Exitoso encuentro de los ni\u00f1os con las artes afianz\u00f3 v\u00ednculo con comunidad\" \/>\n<meta name=\"robots\" content=\"index, follow, max-snippet:-1, max-image-preview:large, max-video-preview:-1\" \/>\n<link rel=\"canonical\" href=\"https:\/\/www.uartes.edu.ec\/sitio\/fr\/blog\/2022\/06\/24\/el-exitoso-encuentro-de-los-ninxs-con-las-artes-afianzo-el-vinculo-con-la-comunidad\/\" \/>\n<meta property=\"og:locale\" content=\"fr_FR\" \/>\n<meta property=\"og:type\" content=\"article\" \/>\n<meta property=\"og:title\" content=\"Universidad de las Artes - Exitoso encuentro de los ni\u00f1os con las artes afianz\u00f3 v\u00ednculo con comunidad\" \/>\n<meta property=\"og:description\" content=\"Universidad de las Artes - Exitoso encuentro de los ni\u00f1os con las artes afianz\u00f3 v\u00ednculo con comunidad\" \/>\n<meta property=\"og:url\" content=\"https:\/\/www.uartes.edu.ec\/sitio\/fr\/blog\/2022\/06\/24\/el-exitoso-encuentro-de-los-ninxs-con-las-artes-afianzo-el-vinculo-con-la-comunidad\/\" \/>\n<meta property=\"og:site_name\" content=\"Universidad de las Artes\" \/>\n<meta property=\"article:publisher\" content=\"https:\/\/www.facebook.com\/uartesec\" \/>\n<meta property=\"article:published_time\" content=\"2022-06-24T17:33:53+00:00\" \/>\n<meta property=\"article:modified_time\" content=\"2024-07-04T16:23:21+00:00\" \/>\n<meta property=\"og:image\" content=\"https:\/\/www.uartes.edu.ec\/sitio\/wp-content\/uploads\/2022\/06\/encu2.jpg\" \/>\n\t<meta property=\"og:image:width\" content=\"2000\" \/>\n\t<meta property=\"og:image:height\" content=\"1333\" \/>\n\t<meta property=\"og:image:type\" content=\"image\/jpeg\" \/>\n<meta name=\"author\" content=\"Universidad de las Artes\" \/>\n<meta name=\"twitter:card\" content=\"summary_large_image\" \/>\n<meta name=\"twitter:creator\" content=\"@uartesec\" \/>\n<meta name=\"twitter:site\" content=\"@uartesec\" \/>\n<meta name=\"twitter:label1\" content=\"\u00c9crit par\" \/>\n\t<meta name=\"twitter:data1\" content=\"Universidad de las Artes\" \/>\n\t<meta name=\"twitter:label2\" content=\"Dur\u00e9e de lecture estim\u00e9e\" \/>\n\t<meta name=\"twitter:data2\" content=\"4 minutes\" \/>\n<script type=\"application\/ld+json\" class=\"yoast-schema-graph\">{\"@context\":\"https:\\\/\\\/schema.org\",\"@graph\":[{\"@type\":\"Article\",\"@id\":\"https:\\\/\\\/www.uartes.edu.ec\\\/sitio\\\/fr\\\/blog\\\/2022\\\/06\\\/24\\\/el-exitoso-encuentro-de-los-ninxs-con-las-artes-afianzo-el-vinculo-con-la-comunidad\\\/#article\",\"isPartOf\":{\"@id\":\"https:\\\/\\\/www.uartes.edu.ec\\\/sitio\\\/fr\\\/blog\\\/2022\\\/06\\\/24\\\/el-exitoso-encuentro-de-los-ninxs-con-las-artes-afianzo-el-vinculo-con-la-comunidad\\\/\"},\"author\":{\"name\":\"Universidad de las Artes\",\"@id\":\"https:\\\/\\\/www.uartes.edu.ec\\\/sitio\\\/fr\\\/#\\\/schema\\\/person\\\/f33f8c1d2af0d5c80a38c8abf458184a\"},\"headline\":\"Exitoso encuentro de los ni\u00f1os con las artes afianz\u00f3 v\u00ednculo con comunidad\",\"datePublished\":\"2022-06-24T17:33:53+00:00\",\"dateModified\":\"2024-07-04T16:23:21+00:00\",\"mainEntityOfPage\":{\"@id\":\"https:\\\/\\\/www.uartes.edu.ec\\\/sitio\\\/fr\\\/blog\\\/2022\\\/06\\\/24\\\/el-exitoso-encuentro-de-los-ninxs-con-las-artes-afianzo-el-vinculo-con-la-comunidad\\\/\"},\"wordCount\":785,\"commentCount\":0,\"publisher\":{\"@id\":\"https:\\\/\\\/www.uartes.edu.ec\\\/sitio\\\/fr\\\/#organization\"},\"image\":{\"@id\":\"https:\\\/\\\/www.uartes.edu.ec\\\/sitio\\\/fr\\\/blog\\\/2022\\\/06\\\/24\\\/el-exitoso-encuentro-de-los-ninxs-con-las-artes-afianzo-el-vinculo-con-la-comunidad\\\/#primaryimage\"},\"thumbnailUrl\":\"https:\\\/\\\/www.uartes.edu.ec\\\/sitio\\\/wp-content\\\/uploads\\\/2022\\\/06\\\/encu2.jpg\",\"keywords\":[\"biblioteca\",\"r\u00eda\",\"UAPK\"],\"articleSection\":[\"1C\",\"Docentes\",\"Estudiantes\",\"V\u00ednculo\"],\"inLanguage\":\"fr-FR\",\"potentialAction\":[{\"@type\":\"CommentAction\",\"name\":\"Comment\",\"target\":[\"https:\\\/\\\/www.uartes.edu.ec\\\/sitio\\\/fr\\\/blog\\\/2022\\\/06\\\/24\\\/el-exitoso-encuentro-de-los-ninxs-con-las-artes-afianzo-el-vinculo-con-la-comunidad\\\/#respond\"]}]},{\"@type\":[\"WebPage\",\"ItemPage\"],\"@id\":\"https:\\\/\\\/www.uartes.edu.ec\\\/sitio\\\/fr\\\/blog\\\/2022\\\/06\\\/24\\\/el-exitoso-encuentro-de-los-ninxs-con-las-artes-afianzo-el-vinculo-con-la-comunidad\\\/\",\"url\":\"https:\\\/\\\/www.uartes.edu.ec\\\/sitio\\\/fr\\\/blog\\\/2022\\\/06\\\/24\\\/el-exitoso-encuentro-de-los-ninxs-con-las-artes-afianzo-el-vinculo-con-la-comunidad\\\/\",\"name\":\"Universidad de las Artes - Exitoso encuentro de los ni\u00f1os con las artes afianz\u00f3 v\u00ednculo con comunidad\",\"isPartOf\":{\"@id\":\"https:\\\/\\\/www.uartes.edu.ec\\\/sitio\\\/fr\\\/#website\"},\"primaryImageOfPage\":{\"@id\":\"https:\\\/\\\/www.uartes.edu.ec\\\/sitio\\\/fr\\\/blog\\\/2022\\\/06\\\/24\\\/el-exitoso-encuentro-de-los-ninxs-con-las-artes-afianzo-el-vinculo-con-la-comunidad\\\/#primaryimage\"},\"image\":{\"@id\":\"https:\\\/\\\/www.uartes.edu.ec\\\/sitio\\\/fr\\\/blog\\\/2022\\\/06\\\/24\\\/el-exitoso-encuentro-de-los-ninxs-con-las-artes-afianzo-el-vinculo-con-la-comunidad\\\/#primaryimage\"},\"thumbnailUrl\":\"https:\\\/\\\/www.uartes.edu.ec\\\/sitio\\\/wp-content\\\/uploads\\\/2022\\\/06\\\/encu2.jpg\",\"datePublished\":\"2022-06-24T17:33:53+00:00\",\"dateModified\":\"2024-07-04T16:23:21+00:00\",\"description\":\"Universidad de las Artes - Exitoso encuentro de los ni\u00f1os con las artes afianz\u00f3 v\u00ednculo con comunidad\",\"breadcrumb\":{\"@id\":\"https:\\\/\\\/www.uartes.edu.ec\\\/sitio\\\/fr\\\/blog\\\/2022\\\/06\\\/24\\\/el-exitoso-encuentro-de-los-ninxs-con-las-artes-afianzo-el-vinculo-con-la-comunidad\\\/#breadcrumb\"},\"inLanguage\":\"fr-FR\",\"potentialAction\":[{\"@type\":\"ReadAction\",\"target\":[\"https:\\\/\\\/www.uartes.edu.ec\\\/sitio\\\/fr\\\/blog\\\/2022\\\/06\\\/24\\\/el-exitoso-encuentro-de-los-ninxs-con-las-artes-afianzo-el-vinculo-con-la-comunidad\\\/\"]}]},{\"@type\":\"ImageObject\",\"inLanguage\":\"fr-FR\",\"@id\":\"https:\\\/\\\/www.uartes.edu.ec\\\/sitio\\\/fr\\\/blog\\\/2022\\\/06\\\/24\\\/el-exitoso-encuentro-de-los-ninxs-con-las-artes-afianzo-el-vinculo-con-la-comunidad\\\/#primaryimage\",\"url\":\"https:\\\/\\\/www.uartes.edu.ec\\\/sitio\\\/wp-content\\\/uploads\\\/2022\\\/06\\\/encu2.jpg\",\"contentUrl\":\"https:\\\/\\\/www.uartes.edu.ec\\\/sitio\\\/wp-content\\\/uploads\\\/2022\\\/06\\\/encu2.jpg\",\"width\":2000,\"height\":1333},{\"@type\":\"BreadcrumbList\",\"@id\":\"https:\\\/\\\/www.uartes.edu.ec\\\/sitio\\\/fr\\\/blog\\\/2022\\\/06\\\/24\\\/el-exitoso-encuentro-de-los-ninxs-con-las-artes-afianzo-el-vinculo-con-la-comunidad\\\/#breadcrumb\",\"itemListElement\":[{\"@type\":\"ListItem\",\"position\":1,\"name\":\"Inicio\",\"item\":\"https:\\\/\\\/www.uartes.edu.ec\\\/sitio\\\/\"},{\"@type\":\"ListItem\",\"position\":2,\"name\":\"Exitoso encuentro de los ni\u00f1os con las artes afianz\u00f3 v\u00ednculo con comunidad\"}]},{\"@type\":\"WebSite\",\"@id\":\"https:\\\/\\\/www.uartes.edu.ec\\\/sitio\\\/fr\\\/#website\",\"url\":\"https:\\\/\\\/www.uartes.edu.ec\\\/sitio\\\/fr\\\/\",\"name\":\"Universidad de las Artes\",\"description\":\"Sitio oficial de la Universidad Nacional de las Artes del Ecuador\",\"publisher\":{\"@id\":\"https:\\\/\\\/www.uartes.edu.ec\\\/sitio\\\/fr\\\/#organization\"},\"potentialAction\":[{\"@type\":\"SearchAction\",\"target\":{\"@type\":\"EntryPoint\",\"urlTemplate\":\"https:\\\/\\\/www.uartes.edu.ec\\\/sitio\\\/fr\\\/?s={search_term_string}\"},\"query-input\":{\"@type\":\"PropertyValueSpecification\",\"valueRequired\":true,\"valueName\":\"search_term_string\"}}],\"inLanguage\":\"fr-FR\"},{\"@type\":\"Organization\",\"@id\":\"https:\\\/\\\/www.uartes.edu.ec\\\/sitio\\\/fr\\\/#organization\",\"name\":\"Universidad de las Artes\",\"url\":\"https:\\\/\\\/www.uartes.edu.ec\\\/sitio\\\/fr\\\/\",\"logo\":{\"@type\":\"ImageObject\",\"inLanguage\":\"fr-FR\",\"@id\":\"https:\\\/\\\/www.uartes.edu.ec\\\/sitio\\\/fr\\\/#\\\/schema\\\/logo\\\/image\\\/\",\"url\":\"https:\\\/\\\/www.uartes.edu.ec\\\/sitio\\\/wp-content\\\/uploads\\\/2022\\\/07\\\/logo-ua-horizontal.png\",\"contentUrl\":\"https:\\\/\\\/www.uartes.edu.ec\\\/sitio\\\/wp-content\\\/uploads\\\/2022\\\/07\\\/logo-ua-horizontal.png\",\"width\":800,\"height\":276,\"caption\":\"Universidad de las Artes\"},\"image\":{\"@id\":\"https:\\\/\\\/www.uartes.edu.ec\\\/sitio\\\/fr\\\/#\\\/schema\\\/logo\\\/image\\\/\"},\"sameAs\":[\"https:\\\/\\\/www.facebook.com\\\/uartesec\",\"https:\\\/\\\/x.com\\\/uartesec\",\"https:\\\/\\\/www.tiktok.com\\\/@uartesec\"]},{\"@type\":\"Person\",\"@id\":\"https:\\\/\\\/www.uartes.edu.ec\\\/sitio\\\/fr\\\/#\\\/schema\\\/person\\\/f33f8c1d2af0d5c80a38c8abf458184a\",\"name\":\"Universidad de las Artes\",\"image\":{\"@type\":\"ImageObject\",\"inLanguage\":\"fr-FR\",\"@id\":\"https:\\\/\\\/secure.gravatar.com\\\/avatar\\\/52e4757902f5cfa5ac52d020e5be83cae5487519154b6c35482fe08d589f3c13?s=96&d=mm&r=g\",\"url\":\"https:\\\/\\\/secure.gravatar.com\\\/avatar\\\/52e4757902f5cfa5ac52d020e5be83cae5487519154b6c35482fe08d589f3c13?s=96&d=mm&r=g\",\"contentUrl\":\"https:\\\/\\\/secure.gravatar.com\\\/avatar\\\/52e4757902f5cfa5ac52d020e5be83cae5487519154b6c35482fe08d589f3c13?s=96&d=mm&r=g\",\"caption\":\"Universidad de las Artes\"},\"url\":\"https:\\\/\\\/www.uartes.edu.ec\\\/sitio\\\/fr\\\/blog\\\/author\\\/dircomadm\\\/\"}]}<\/script>\n<!-- \/ Yoast SEO plugin. -->","yoast_head_json":{"title":"Universidad de las Artes - Exitoso encuentro de los ni\u00f1os con las artes afianz\u00f3 v\u00ednculo con comunidad","description":"Universidad de las Artes - Exitoso encuentro de los ni\u00f1os con las artes afianz\u00f3 v\u00ednculo con comunidad","robots":{"index":"index","follow":"follow","max-snippet":"max-snippet:-1","max-image-preview":"max-image-preview:large","max-video-preview":"max-video-preview:-1"},"canonical":"https:\/\/www.uartes.edu.ec\/sitio\/fr\/blog\/2022\/06\/24\/el-exitoso-encuentro-de-los-ninxs-con-las-artes-afianzo-el-vinculo-con-la-comunidad\/","og_locale":"fr_FR","og_type":"article","og_title":"Universidad de las Artes - Exitoso encuentro de los ni\u00f1os con las artes afianz\u00f3 v\u00ednculo con comunidad","og_description":"Universidad de las Artes - Exitoso encuentro de los ni\u00f1os con las artes afianz\u00f3 v\u00ednculo con comunidad","og_url":"https:\/\/www.uartes.edu.ec\/sitio\/fr\/blog\/2022\/06\/24\/el-exitoso-encuentro-de-los-ninxs-con-las-artes-afianzo-el-vinculo-con-la-comunidad\/","og_site_name":"Universidad de las Artes","article_publisher":"https:\/\/www.facebook.com\/uartesec","article_published_time":"2022-06-24T17:33:53+00:00","article_modified_time":"2024-07-04T16:23:21+00:00","og_image":[{"width":2000,"height":1333,"url":"https:\/\/www.uartes.edu.ec\/sitio\/wp-content\/uploads\/2022\/06\/encu2.jpg","type":"image\/jpeg"}],"author":"Universidad de las Artes","twitter_card":"summary_large_image","twitter_creator":"@uartesec","twitter_site":"@uartesec","twitter_misc":{"\u00c9crit par":"Universidad de las Artes","Dur\u00e9e de lecture estim\u00e9e":"4 minutes"},"schema":{"@context":"https:\/\/schema.org","@graph":[{"@type":"Article","@id":"https:\/\/www.uartes.edu.ec\/sitio\/fr\/blog\/2022\/06\/24\/el-exitoso-encuentro-de-los-ninxs-con-las-artes-afianzo-el-vinculo-con-la-comunidad\/#article","isPartOf":{"@id":"https:\/\/www.uartes.edu.ec\/sitio\/fr\/blog\/2022\/06\/24\/el-exitoso-encuentro-de-los-ninxs-con-las-artes-afianzo-el-vinculo-con-la-comunidad\/"},"author":{"name":"Universidad de las Artes","@id":"https:\/\/www.uartes.edu.ec\/sitio\/fr\/#\/schema\/person\/f33f8c1d2af0d5c80a38c8abf458184a"},"headline":"Exitoso encuentro de los ni\u00f1os con las artes afianz\u00f3 v\u00ednculo con comunidad","datePublished":"2022-06-24T17:33:53+00:00","dateModified":"2024-07-04T16:23:21+00:00","mainEntityOfPage":{"@id":"https:\/\/www.uartes.edu.ec\/sitio\/fr\/blog\/2022\/06\/24\/el-exitoso-encuentro-de-los-ninxs-con-las-artes-afianzo-el-vinculo-con-la-comunidad\/"},"wordCount":785,"commentCount":0,"publisher":{"@id":"https:\/\/www.uartes.edu.ec\/sitio\/fr\/#organization"},"image":{"@id":"https:\/\/www.uartes.edu.ec\/sitio\/fr\/blog\/2022\/06\/24\/el-exitoso-encuentro-de-los-ninxs-con-las-artes-afianzo-el-vinculo-con-la-comunidad\/#primaryimage"},"thumbnailUrl":"https:\/\/www.uartes.edu.ec\/sitio\/wp-content\/uploads\/2022\/06\/encu2.jpg","keywords":["biblioteca","r\u00eda","UAPK"],"articleSection":["1C","Docentes","Estudiantes","V\u00ednculo"],"inLanguage":"fr-FR","potentialAction":[{"@type":"CommentAction","name":"Comment","target":["https:\/\/www.uartes.edu.ec\/sitio\/fr\/blog\/2022\/06\/24\/el-exitoso-encuentro-de-los-ninxs-con-las-artes-afianzo-el-vinculo-con-la-comunidad\/#respond"]}]},{"@type":["WebPage","ItemPage"],"@id":"https:\/\/www.uartes.edu.ec\/sitio\/fr\/blog\/2022\/06\/24\/el-exitoso-encuentro-de-los-ninxs-con-las-artes-afianzo-el-vinculo-con-la-comunidad\/","url":"https:\/\/www.uartes.edu.ec\/sitio\/fr\/blog\/2022\/06\/24\/el-exitoso-encuentro-de-los-ninxs-con-las-artes-afianzo-el-vinculo-con-la-comunidad\/","name":"Universidad de las Artes - Exitoso encuentro de los ni\u00f1os con las artes afianz\u00f3 v\u00ednculo con comunidad","isPartOf":{"@id":"https:\/\/www.uartes.edu.ec\/sitio\/fr\/#website"},"primaryImageOfPage":{"@id":"https:\/\/www.uartes.edu.ec\/sitio\/fr\/blog\/2022\/06\/24\/el-exitoso-encuentro-de-los-ninxs-con-las-artes-afianzo-el-vinculo-con-la-comunidad\/#primaryimage"},"image":{"@id":"https:\/\/www.uartes.edu.ec\/sitio\/fr\/blog\/2022\/06\/24\/el-exitoso-encuentro-de-los-ninxs-con-las-artes-afianzo-el-vinculo-con-la-comunidad\/#primaryimage"},"thumbnailUrl":"https:\/\/www.uartes.edu.ec\/sitio\/wp-content\/uploads\/2022\/06\/encu2.jpg","datePublished":"2022-06-24T17:33:53+00:00","dateModified":"2024-07-04T16:23:21+00:00","description":"Universidad de las Artes - Exitoso encuentro de los ni\u00f1os con las artes afianz\u00f3 v\u00ednculo con comunidad","breadcrumb":{"@id":"https:\/\/www.uartes.edu.ec\/sitio\/fr\/blog\/2022\/06\/24\/el-exitoso-encuentro-de-los-ninxs-con-las-artes-afianzo-el-vinculo-con-la-comunidad\/#breadcrumb"},"inLanguage":"fr-FR","potentialAction":[{"@type":"ReadAction","target":["https:\/\/www.uartes.edu.ec\/sitio\/fr\/blog\/2022\/06\/24\/el-exitoso-encuentro-de-los-ninxs-con-las-artes-afianzo-el-vinculo-con-la-comunidad\/"]}]},{"@type":"ImageObject","inLanguage":"fr-FR","@id":"https:\/\/www.uartes.edu.ec\/sitio\/fr\/blog\/2022\/06\/24\/el-exitoso-encuentro-de-los-ninxs-con-las-artes-afianzo-el-vinculo-con-la-comunidad\/#primaryimage","url":"https:\/\/www.uartes.edu.ec\/sitio\/wp-content\/uploads\/2022\/06\/encu2.jpg","contentUrl":"https:\/\/www.uartes.edu.ec\/sitio\/wp-content\/uploads\/2022\/06\/encu2.jpg","width":2000,"height":1333},{"@type":"BreadcrumbList","@id":"https:\/\/www.uartes.edu.ec\/sitio\/fr\/blog\/2022\/06\/24\/el-exitoso-encuentro-de-los-ninxs-con-las-artes-afianzo-el-vinculo-con-la-comunidad\/#breadcrumb","itemListElement":[{"@type":"ListItem","position":1,"name":"Inicio","item":"https:\/\/www.uartes.edu.ec\/sitio\/"},{"@type":"ListItem","position":2,"name":"Exitoso encuentro de los ni\u00f1os con las artes afianz\u00f3 v\u00ednculo con comunidad"}]},{"@type":"WebSite","@id":"https:\/\/www.uartes.edu.ec\/sitio\/fr\/#website","url":"https:\/\/www.uartes.edu.ec\/sitio\/fr\/","name":"Universidad de las Artes","description":"Sitio oficial de la Universidad Nacional de las Artes del Ecuador","publisher":{"@id":"https:\/\/www.uartes.edu.ec\/sitio\/fr\/#organization"},"potentialAction":[{"@type":"SearchAction","target":{"@type":"EntryPoint","urlTemplate":"https:\/\/www.uartes.edu.ec\/sitio\/fr\/?s={search_term_string}"},"query-input":{"@type":"PropertyValueSpecification","valueRequired":true,"valueName":"search_term_string"}}],"inLanguage":"fr-FR"},{"@type":"Organization","@id":"https:\/\/www.uartes.edu.ec\/sitio\/fr\/#organization","name":"Universidad de las Artes","url":"https:\/\/www.uartes.edu.ec\/sitio\/fr\/","logo":{"@type":"ImageObject","inLanguage":"fr-FR","@id":"https:\/\/www.uartes.edu.ec\/sitio\/fr\/#\/schema\/logo\/image\/","url":"https:\/\/www.uartes.edu.ec\/sitio\/wp-content\/uploads\/2022\/07\/logo-ua-horizontal.png","contentUrl":"https:\/\/www.uartes.edu.ec\/sitio\/wp-content\/uploads\/2022\/07\/logo-ua-horizontal.png","width":800,"height":276,"caption":"Universidad de las Artes"},"image":{"@id":"https:\/\/www.uartes.edu.ec\/sitio\/fr\/#\/schema\/logo\/image\/"},"sameAs":["https:\/\/www.facebook.com\/uartesec","https:\/\/x.com\/uartesec","https:\/\/www.tiktok.com\/@uartesec"]},{"@type":"Person","@id":"https:\/\/www.uartes.edu.ec\/sitio\/fr\/#\/schema\/person\/f33f8c1d2af0d5c80a38c8abf458184a","name":"Universidad de las Artes","image":{"@type":"ImageObject","inLanguage":"fr-FR","@id":"https:\/\/secure.gravatar.com\/avatar\/52e4757902f5cfa5ac52d020e5be83cae5487519154b6c35482fe08d589f3c13?s=96&d=mm&r=g","url":"https:\/\/secure.gravatar.com\/avatar\/52e4757902f5cfa5ac52d020e5be83cae5487519154b6c35482fe08d589f3c13?s=96&d=mm&r=g","contentUrl":"https:\/\/secure.gravatar.com\/avatar\/52e4757902f5cfa5ac52d020e5be83cae5487519154b6c35482fe08d589f3c13?s=96&d=mm&r=g","caption":"Universidad de las Artes"},"url":"https:\/\/www.uartes.edu.ec\/sitio\/fr\/blog\/author\/dircomadm\/"}]}},"uagb_featured_image_src":{"full":["https:\/\/www.uartes.edu.ec\/sitio\/wp-content\/uploads\/2022\/06\/encu2.jpg",2000,1333,false],"thumbnail":["https:\/\/www.uartes.edu.ec\/sitio\/wp-content\/uploads\/2022\/06\/encu2-150x150.jpg",150,150,true],"medium":["https:\/\/www.uartes.edu.ec\/sitio\/wp-content\/uploads\/2022\/06\/encu2-300x200.jpg",300,200,true],"medium_large":["https:\/\/www.uartes.edu.ec\/sitio\/wp-content\/uploads\/2022\/06\/encu2-768x512.jpg",768,512,true],"large":["https:\/\/www.uartes.edu.ec\/sitio\/wp-content\/uploads\/2022\/06\/encu2-644x429.jpg",644,429,true],"1536x1536":["https:\/\/www.uartes.edu.ec\/sitio\/wp-content\/uploads\/2022\/06\/encu2-1536x1024.jpg",1536,1024,true],"2048x2048":["https:\/\/www.uartes.edu.ec\/sitio\/wp-content\/uploads\/2022\/06\/encu2.jpg",2000,1333,false],"trp-custom-language-flag":["https:\/\/www.uartes.edu.ec\/sitio\/wp-content\/uploads\/2022\/06\/encu2.jpg",18,12,false],"htmega_size_585x295":["https:\/\/www.uartes.edu.ec\/sitio\/wp-content\/uploads\/2022\/06\/encu2.jpg",443,295,false],"htmega_size_1170x536":["https:\/\/www.uartes.edu.ec\/sitio\/wp-content\/uploads\/2022\/06\/encu2.jpg",804,536,false],"htmega_size_396x360":["https:\/\/www.uartes.edu.ec\/sitio\/wp-content\/uploads\/2022\/06\/encu2.jpg",396,264,false],"gb-block-post-grid-landscape":["https:\/\/www.uartes.edu.ec\/sitio\/wp-content\/uploads\/2022\/06\/encu2-600x400.jpg",600,400,true],"gb-block-post-grid-square":["https:\/\/www.uartes.edu.ec\/sitio\/wp-content\/uploads\/2022\/06\/encu2-600x600.jpg",600,600,true],"university-hub-thumb":["https:\/\/www.uartes.edu.ec\/sitio\/wp-content\/uploads\/2022\/06\/encu2-400x267.jpg",400,267,true]},"uagb_author_info":{"display_name":"Universidad de las Artes","author_link":"https:\/\/www.uartes.edu.ec\/sitio\/fr\/blog\/author\/dircomadm\/"},"uagb_comment_info":0,"uagb_excerpt":"Conciertos, teatro, proyecciones, di\u00e1logos, talleres, mediaci\u00f3n lectora y recorridos por la Biblioteca de las Artes fueron las actividades que se desarrollaron el 9, 10 y 11 de junio en el encuentro que ni\u00f1as y ni\u00f1os mantuvieron en la Sala R\u00eda con la UArtes, el cual no solo result\u00f3 exitoso por la masiva concurrencia de los\u2026","featured_image_src":"https:\/\/www.uartes.edu.ec\/sitio\/wp-content\/uploads\/2022\/06\/encu2-600x400.jpg","featured_image_src_square":"https:\/\/www.uartes.edu.ec\/sitio\/wp-content\/uploads\/2022\/06\/encu2-600x600.jpg","author_info":{"display_name":"Universidad de las Artes","author_link":"https:\/\/www.uartes.edu.ec\/sitio\/fr\/blog\/author\/dircomadm\/"},"publishpress_future_workflow_manual_trigger":{"enabledWorkflows":[]},"distributor_meta":false,"distributor_terms":false,"distributor_media":false,"distributor_original_site_name":"Universidad de las Artes","distributor_original_site_url":"https:\/\/www.uartes.edu.ec\/sitio\/fr","push-errors":false,"_links":{"self":[{"href":"https:\/\/www.uartes.edu.ec\/sitio\/fr\/wp-json\/wp\/v2\/posts\/23319","targetHints":{"allow":["GET"]}}],"collection":[{"href":"https:\/\/www.uartes.edu.ec\/sitio\/fr\/wp-json\/wp\/v2\/posts"}],"about":[{"href":"https:\/\/www.uartes.edu.ec\/sitio\/fr\/wp-json\/wp\/v2\/types\/post"}],"author":[{"embeddable":true,"href":"https:\/\/www.uartes.edu.ec\/sitio\/fr\/wp-json\/wp\/v2\/users\/1"}],"replies":[{"embeddable":true,"href":"https:\/\/www.uartes.edu.ec\/sitio\/fr\/wp-json\/wp\/v2\/comments?post=23319"}],"version-history":[{"count":13,"href":"https:\/\/www.uartes.edu.ec\/sitio\/fr\/wp-json\/wp\/v2\/posts\/23319\/revisions"}],"predecessor-version":[{"id":40492,"href":"https:\/\/www.uartes.edu.ec\/sitio\/fr\/wp-json\/wp\/v2\/posts\/23319\/revisions\/40492"}],"wp:featuredmedia":[{"embeddable":true,"href":"https:\/\/www.uartes.edu.ec\/sitio\/fr\/wp-json\/wp\/v2\/media\/23322"}],"wp:attachment":[{"href":"https:\/\/www.uartes.edu.ec\/sitio\/fr\/wp-json\/wp\/v2\/media?parent=23319"}],"wp:term":[{"taxonomy":"category","embeddable":true,"href":"https:\/\/www.uartes.edu.ec\/sitio\/fr\/wp-json\/wp\/v2\/categories?post=23319"},{"taxonomy":"post_tag","embeddable":true,"href":"https:\/\/www.uartes.edu.ec\/sitio\/fr\/wp-json\/wp\/v2\/tags?post=23319"},{"taxonomy":"infouartes","embeddable":true,"href":"https:\/\/www.uartes.edu.ec\/sitio\/fr\/wp-json\/wp\/v2\/infouartes?post=23319"}],"curies":[{"name":"wp","href":"https:\/\/api.w.org\/{rel}","templated":true}]}}