{"id":23803,"date":"2022-07-01T14:36:00","date_gmt":"2022-07-01T19:36:00","guid":{"rendered":"http:\/\/www.uartes.edu.ec\/sitio\/?p=23803"},"modified":"2024-07-04T11:23:21","modified_gmt":"2024-07-04T16:23:21","slug":"biblioteca-de-las-artes-y-daescu-invitan-a-losalumni-uartes-a-ser-parte-de-su-agenda-cultural","status":"publish","type":"post","link":"https:\/\/www.uartes.edu.ec\/sitio\/fr\/blog\/2022\/07\/01\/biblioteca-de-las-artes-y-daescu-invitan-a-losalumni-uartes-a-ser-parte-de-su-agenda-cultural\/","title":{"rendered":"Biblioteca de las Artes y DAESCU invitan a los alumni a sumarse con propuestas a su agenda cultural"},"content":{"rendered":"<p>\u00a1S\u00e9 parte de nuestra agenda cultural! Esta invitaci\u00f3n la extienden la Biblioteca de las Artes y la Direcci\u00f3n de Asuntos Estudiantiles y Comunidad Universitaria (DAESCU) de la Universidad de las Artes a nuestros graduados, a quienes animan a participar en la Convocatoria Alumni, con el prop\u00f3sito de proveerlos de oportunidades para ejercer las diversas pr\u00e1cticas culturales, constituy\u00e9ndose en una primera aproximaci\u00f3n al desarrollo de actividades art\u00edsticas que involucren a la ciudadan\u00eda en general.<\/p>\n\n\n\n<p>Como centro de mediaci\u00f3n cultural, la Biblioteca de las Artes se vio en el 2020 afectada por la pandemia, raz\u00f3n por la cual se debieron plantear retos para la difusi\u00f3n de productos acad\u00e9micos-art\u00edsticos. As\u00ed, desde el 2021 ha venido trabajando en proyectos culturales con el apoyo de los alumni UArtes, quienes, comprometidos con el sector cultural y art\u00edstico, ejecutaron diversas actividades en el contexto del proyecto \u201cArt Connections\u201d, a fin de integrar a la comunidad universitaria y externa a las pr\u00e1cticas art\u00edsticas.<\/p>\n\n\n\n<p>Con la actual convocatoria se busca brindar una plataforma que permita a los alumni ganar experiencia laboral. Pueden postular quienes forman parte de la comunidad de graduados, con nociones en literatura, artes visuales, cine, producci\u00f3n musical, artes esc\u00e9nicas, pedagog\u00edas en artes y proyectos transdisciplinares.<\/p>\n\n\n\n<p>Abierta desde el pasado 16 de junio, la convocatoria se mantendr\u00e1 hasta el pr\u00f3ximo 29 de julio. Las propuestas de los proyectos art\u00edsticos\/culturales se recibir\u00e1n al correo electr\u00f3nico de la Biblioteca de las Artes: biblitoteca@uartes.edu.ec y, acorde al cronograma, los resultados ser\u00e1n notificados el 10 de agosto v\u00eda email a los postulantes seleccionados. A partir de esa fecha, y hasta el mes de noviembre, se pondr\u00e1n en marcha los proyectos.<\/p>\n\n\n\n<p>Como requisitos y documentaci\u00f3n a presentar, los postulantes deber\u00e1n llenar un formulario y en el asunto del correo se\u00f1alar: Convocatoria Alumni \u2013Talleres art\u00edsticos 2022 y agregar sus datos, como nombres, curriculum resumido, propuesta art\u00edstica, c\u00e9dula de identidad o RUC, ciudad, provincia, direcci\u00f3n de residencia y correo electr\u00f3nico, entre otros.<\/p>\n\n\n\n<p>En la convocatoria tambi\u00e9n se se\u00f1ala el procedimiento de selecci\u00f3n de los ganadores e informa de que habr\u00e1 un comit\u00e9 de selecci\u00f3n conformado por dos docentes invitados, un representante de la DAESCU, un representante de la Biblioteca de las Artes, un representante de los alumni y un representante del consejo estudiantil.<\/p>\n\n\n\n<p>Posterior a la evaluaci\u00f3n y deliberaci\u00f3n, el comit\u00e9 de selecci\u00f3n notificar\u00e1 a la Biblioteca de las Artes y a la DAESCU los resultados y los publicar\u00e1 en las redes sociales institucionales y por email a cada uno de los postulantes seleccionados. Como criterios de evaluaci\u00f3n figuran documentaci\u00f3n completa, calidad conceptual, viabilidad t\u00e9cnica y proyecci\u00f3n art\u00edstica (m\u00ednimo 1 a\u00f1o).<\/p>\n\n\n\n<p>Los espacios disponibles para la presentaci\u00f3n de las propuestas son: en la Biblioteca de las Artes, su terraza, sala multifuncional y sala de lectura (piso 1); en el campus centro de la UArtes, el Malakita, ubicado en el Pasaje Illingworth.<\/p>\n\n\n\n<p>En la convocatoria tambi\u00e9n est\u00e1n especificados los tiempos de presentaci\u00f3n de propuestas, el derecho y las obligaciones de los seleccionados en la convocatoria, as\u00ed como de la Biblioteca de las Artes y la DAESCU. Tambi\u00e9n est\u00e1 los anexos 1 y 2 que corresponden a la ficha de inscripci\u00f3n y una declaraci\u00f3n jurada.<\/p>\n\n\n\n<p>En la cuenta de Facebook de la Biblioteca de las Artes se pueden descargar las bases:<br><a href=\"https:\/\/www.facebook.com\/bibliouartes\">https:\/\/www.facebook.com\/bibliouartes<\/a><\/p>","protected":false},"excerpt":{"rendered":"<p>La Biblioteca de las Artes y la Direcci\u00f3n de Asuntos Estudiantiles y Comunidad Universitaria (DAESCU) invitan a los graduados UArtes a participar en la Convocatoria Alumni, con el prop\u00f3sito de proveerlos de oportunidades para ejercer las diversas pr\u00e1cticas culturales, constituy\u00e9ndose en una primera aproximaci\u00f3n al desarrollo de actividades art\u00edsticas que involucren a la ciudadan\u00eda en general. <\/p>","protected":false},"author":10,"featured_media":23840,"comment_status":"open","ping_status":"open","sticky":false,"template":"","format":"standard","meta":{"_acf_changed":false,"_uag_custom_page_level_css":"","_monsterinsights_skip_tracking":false,"_monsterinsights_sitenote_active":false,"_monsterinsights_sitenote_note":"","_monsterinsights_sitenote_category":0,"cybocfi_hide_featured_image":"","footnotes":""},"categories":[490,82],"tags":[41],"infouartes":[],"class_list":["post-23803","post","type-post","status-publish","format-standard","has-post-thumbnail","hentry","category-alumni","category-artes","tag-biblioteca"],"acf":[],"yoast_head":"<!-- This site is optimized with the Yoast SEO plugin v27.4 - https:\/\/yoast.com\/product\/yoast-seo-wordpress\/ -->\n<title>Universidad de las Artes - Biblioteca de las Artes y DAESCU invitan a los alumni a sumarse con propuestas a su agenda cultural<\/title>\n<meta name=\"description\" content=\"Universidad de las Artes - Biblioteca de las Artes y DAESCU invitan a los alumni a sumarse con propuestas a su agenda cultural\" \/>\n<meta name=\"robots\" content=\"index, follow, max-snippet:-1, max-image-preview:large, max-video-preview:-1\" \/>\n<link rel=\"canonical\" href=\"https:\/\/www.uartes.edu.ec\/sitio\/fr\/blog\/2022\/07\/01\/biblioteca-de-las-artes-y-daescu-invitan-a-losalumni-uartes-a-ser-parte-de-su-agenda-cultural\/\" \/>\n<meta property=\"og:locale\" content=\"fr_FR\" \/>\n<meta property=\"og:type\" content=\"article\" \/>\n<meta property=\"og:title\" content=\"Universidad de las Artes - Biblioteca de las Artes y DAESCU invitan a los alumni a sumarse con propuestas a su agenda cultural\" \/>\n<meta property=\"og:description\" content=\"Universidad de las Artes - Biblioteca de las Artes y DAESCU invitan a los alumni a sumarse con propuestas a su agenda cultural\" \/>\n<meta property=\"og:url\" content=\"https:\/\/www.uartes.edu.ec\/sitio\/fr\/blog\/2022\/07\/01\/biblioteca-de-las-artes-y-daescu-invitan-a-losalumni-uartes-a-ser-parte-de-su-agenda-cultural\/\" \/>\n<meta property=\"og:site_name\" content=\"Universidad de las Artes\" \/>\n<meta property=\"article:publisher\" content=\"https:\/\/www.facebook.com\/uartesec\" \/>\n<meta property=\"article:published_time\" content=\"2022-07-01T19:36:00+00:00\" \/>\n<meta property=\"article:modified_time\" content=\"2024-07-04T16:23:21+00:00\" \/>\n<meta property=\"og:image\" content=\"https:\/\/www.uartes.edu.ec\/sitio\/wp-content\/uploads\/2022\/07\/ALUMNI-UARTES-CONVOCATORIA.jpg\" \/>\n\t<meta property=\"og:image:width\" content=\"2000\" \/>\n\t<meta property=\"og:image:height\" content=\"1333\" \/>\n\t<meta property=\"og:image:type\" content=\"image\/jpeg\" \/>\n<meta name=\"author\" content=\"ccortez\" \/>\n<meta name=\"twitter:card\" content=\"summary_large_image\" \/>\n<meta name=\"twitter:creator\" content=\"@uartesec\" \/>\n<meta name=\"twitter:site\" content=\"@uartesec\" \/>\n<meta name=\"twitter:label1\" content=\"\u00c9crit par\" \/>\n\t<meta name=\"twitter:data1\" content=\"ccortez\" \/>\n\t<meta name=\"twitter:label2\" content=\"Dur\u00e9e de lecture estim\u00e9e\" \/>\n\t<meta name=\"twitter:data2\" content=\"3 minutes\" \/>\n<script type=\"application\/ld+json\" class=\"yoast-schema-graph\">{\"@context\":\"https:\\\/\\\/schema.org\",\"@graph\":[{\"@type\":\"Article\",\"@id\":\"https:\\\/\\\/www.uartes.edu.ec\\\/sitio\\\/fr\\\/blog\\\/2022\\\/07\\\/01\\\/biblioteca-de-las-artes-y-daescu-invitan-a-losalumni-uartes-a-ser-parte-de-su-agenda-cultural\\\/#article\",\"isPartOf\":{\"@id\":\"https:\\\/\\\/www.uartes.edu.ec\\\/sitio\\\/fr\\\/blog\\\/2022\\\/07\\\/01\\\/biblioteca-de-las-artes-y-daescu-invitan-a-losalumni-uartes-a-ser-parte-de-su-agenda-cultural\\\/\"},\"author\":{\"name\":\"ccortez\",\"@id\":\"https:\\\/\\\/www.uartes.edu.ec\\\/sitio\\\/fr\\\/#\\\/schema\\\/person\\\/efa1b8275797664fd7f13a79ccc0b1f4\"},\"headline\":\"Biblioteca de las Artes y DAESCU invitan a los alumni a sumarse con propuestas a su agenda cultural\",\"datePublished\":\"2022-07-01T19:36:00+00:00\",\"dateModified\":\"2024-07-04T16:23:21+00:00\",\"mainEntityOfPage\":{\"@id\":\"https:\\\/\\\/www.uartes.edu.ec\\\/sitio\\\/fr\\\/blog\\\/2022\\\/07\\\/01\\\/biblioteca-de-las-artes-y-daescu-invitan-a-losalumni-uartes-a-ser-parte-de-su-agenda-cultural\\\/\"},\"wordCount\":607,\"commentCount\":0,\"publisher\":{\"@id\":\"https:\\\/\\\/www.uartes.edu.ec\\\/sitio\\\/fr\\\/#organization\"},\"image\":{\"@id\":\"https:\\\/\\\/www.uartes.edu.ec\\\/sitio\\\/fr\\\/blog\\\/2022\\\/07\\\/01\\\/biblioteca-de-las-artes-y-daescu-invitan-a-losalumni-uartes-a-ser-parte-de-su-agenda-cultural\\\/#primaryimage\"},\"thumbnailUrl\":\"https:\\\/\\\/www.uartes.edu.ec\\\/sitio\\\/wp-content\\\/uploads\\\/2022\\\/07\\\/ALUMNI-UARTES-CONVOCATORIA.jpg\",\"keywords\":[\"biblioteca\"],\"articleSection\":[\"Alumni\",\"Artes\"],\"inLanguage\":\"fr-FR\",\"potentialAction\":[{\"@type\":\"CommentAction\",\"name\":\"Comment\",\"target\":[\"https:\\\/\\\/www.uartes.edu.ec\\\/sitio\\\/fr\\\/blog\\\/2022\\\/07\\\/01\\\/biblioteca-de-las-artes-y-daescu-invitan-a-losalumni-uartes-a-ser-parte-de-su-agenda-cultural\\\/#respond\"]}]},{\"@type\":[\"WebPage\",\"ItemPage\"],\"@id\":\"https:\\\/\\\/www.uartes.edu.ec\\\/sitio\\\/fr\\\/blog\\\/2022\\\/07\\\/01\\\/biblioteca-de-las-artes-y-daescu-invitan-a-losalumni-uartes-a-ser-parte-de-su-agenda-cultural\\\/\",\"url\":\"https:\\\/\\\/www.uartes.edu.ec\\\/sitio\\\/fr\\\/blog\\\/2022\\\/07\\\/01\\\/biblioteca-de-las-artes-y-daescu-invitan-a-losalumni-uartes-a-ser-parte-de-su-agenda-cultural\\\/\",\"name\":\"Universidad de las Artes - Biblioteca de las Artes y DAESCU invitan a los alumni a sumarse con propuestas a su agenda cultural\",\"isPartOf\":{\"@id\":\"https:\\\/\\\/www.uartes.edu.ec\\\/sitio\\\/fr\\\/#website\"},\"primaryImageOfPage\":{\"@id\":\"https:\\\/\\\/www.uartes.edu.ec\\\/sitio\\\/fr\\\/blog\\\/2022\\\/07\\\/01\\\/biblioteca-de-las-artes-y-daescu-invitan-a-losalumni-uartes-a-ser-parte-de-su-agenda-cultural\\\/#primaryimage\"},\"image\":{\"@id\":\"https:\\\/\\\/www.uartes.edu.ec\\\/sitio\\\/fr\\\/blog\\\/2022\\\/07\\\/01\\\/biblioteca-de-las-artes-y-daescu-invitan-a-losalumni-uartes-a-ser-parte-de-su-agenda-cultural\\\/#primaryimage\"},\"thumbnailUrl\":\"https:\\\/\\\/www.uartes.edu.ec\\\/sitio\\\/wp-content\\\/uploads\\\/2022\\\/07\\\/ALUMNI-UARTES-CONVOCATORIA.jpg\",\"datePublished\":\"2022-07-01T19:36:00+00:00\",\"dateModified\":\"2024-07-04T16:23:21+00:00\",\"description\":\"Universidad de las Artes - Biblioteca de las Artes y DAESCU invitan a los alumni a sumarse con propuestas a su agenda cultural\",\"breadcrumb\":{\"@id\":\"https:\\\/\\\/www.uartes.edu.ec\\\/sitio\\\/fr\\\/blog\\\/2022\\\/07\\\/01\\\/biblioteca-de-las-artes-y-daescu-invitan-a-losalumni-uartes-a-ser-parte-de-su-agenda-cultural\\\/#breadcrumb\"},\"inLanguage\":\"fr-FR\",\"potentialAction\":[{\"@type\":\"ReadAction\",\"target\":[\"https:\\\/\\\/www.uartes.edu.ec\\\/sitio\\\/fr\\\/blog\\\/2022\\\/07\\\/01\\\/biblioteca-de-las-artes-y-daescu-invitan-a-losalumni-uartes-a-ser-parte-de-su-agenda-cultural\\\/\"]}]},{\"@type\":\"ImageObject\",\"inLanguage\":\"fr-FR\",\"@id\":\"https:\\\/\\\/www.uartes.edu.ec\\\/sitio\\\/fr\\\/blog\\\/2022\\\/07\\\/01\\\/biblioteca-de-las-artes-y-daescu-invitan-a-losalumni-uartes-a-ser-parte-de-su-agenda-cultural\\\/#primaryimage\",\"url\":\"https:\\\/\\\/www.uartes.edu.ec\\\/sitio\\\/wp-content\\\/uploads\\\/2022\\\/07\\\/ALUMNI-UARTES-CONVOCATORIA.jpg\",\"contentUrl\":\"https:\\\/\\\/www.uartes.edu.ec\\\/sitio\\\/wp-content\\\/uploads\\\/2022\\\/07\\\/ALUMNI-UARTES-CONVOCATORIA.jpg\",\"width\":2000,\"height\":1333},{\"@type\":\"BreadcrumbList\",\"@id\":\"https:\\\/\\\/www.uartes.edu.ec\\\/sitio\\\/fr\\\/blog\\\/2022\\\/07\\\/01\\\/biblioteca-de-las-artes-y-daescu-invitan-a-losalumni-uartes-a-ser-parte-de-su-agenda-cultural\\\/#breadcrumb\",\"itemListElement\":[{\"@type\":\"ListItem\",\"position\":1,\"name\":\"Inicio\",\"item\":\"https:\\\/\\\/www.uartes.edu.ec\\\/sitio\\\/\"},{\"@type\":\"ListItem\",\"position\":2,\"name\":\"Biblioteca de las Artes y DAESCU invitan a los alumni a sumarse con propuestas a su agenda cultural\"}]},{\"@type\":\"WebSite\",\"@id\":\"https:\\\/\\\/www.uartes.edu.ec\\\/sitio\\\/fr\\\/#website\",\"url\":\"https:\\\/\\\/www.uartes.edu.ec\\\/sitio\\\/fr\\\/\",\"name\":\"Universidad de las Artes\",\"description\":\"Sitio oficial de la Universidad Nacional de las Artes del Ecuador\",\"publisher\":{\"@id\":\"https:\\\/\\\/www.uartes.edu.ec\\\/sitio\\\/fr\\\/#organization\"},\"potentialAction\":[{\"@type\":\"SearchAction\",\"target\":{\"@type\":\"EntryPoint\",\"urlTemplate\":\"https:\\\/\\\/www.uartes.edu.ec\\\/sitio\\\/fr\\\/?s={search_term_string}\"},\"query-input\":{\"@type\":\"PropertyValueSpecification\",\"valueRequired\":true,\"valueName\":\"search_term_string\"}}],\"inLanguage\":\"fr-FR\"},{\"@type\":\"Organization\",\"@id\":\"https:\\\/\\\/www.uartes.edu.ec\\\/sitio\\\/fr\\\/#organization\",\"name\":\"Universidad de las Artes\",\"url\":\"https:\\\/\\\/www.uartes.edu.ec\\\/sitio\\\/fr\\\/\",\"logo\":{\"@type\":\"ImageObject\",\"inLanguage\":\"fr-FR\",\"@id\":\"https:\\\/\\\/www.uartes.edu.ec\\\/sitio\\\/fr\\\/#\\\/schema\\\/logo\\\/image\\\/\",\"url\":\"https:\\\/\\\/www.uartes.edu.ec\\\/sitio\\\/wp-content\\\/uploads\\\/2022\\\/07\\\/logo-ua-horizontal.png\",\"contentUrl\":\"https:\\\/\\\/www.uartes.edu.ec\\\/sitio\\\/wp-content\\\/uploads\\\/2022\\\/07\\\/logo-ua-horizontal.png\",\"width\":800,\"height\":276,\"caption\":\"Universidad de las Artes\"},\"image\":{\"@id\":\"https:\\\/\\\/www.uartes.edu.ec\\\/sitio\\\/fr\\\/#\\\/schema\\\/logo\\\/image\\\/\"},\"sameAs\":[\"https:\\\/\\\/www.facebook.com\\\/uartesec\",\"https:\\\/\\\/x.com\\\/uartesec\",\"https:\\\/\\\/www.tiktok.com\\\/@uartesec\"]},{\"@type\":\"Person\",\"@id\":\"https:\\\/\\\/www.uartes.edu.ec\\\/sitio\\\/fr\\\/#\\\/schema\\\/person\\\/efa1b8275797664fd7f13a79ccc0b1f4\",\"name\":\"ccortez\",\"image\":{\"@type\":\"ImageObject\",\"inLanguage\":\"fr-FR\",\"@id\":\"https:\\\/\\\/secure.gravatar.com\\\/avatar\\\/b2a6f664a3ae8e074346ef91775736c5ec479e637ecced6842de9dc98b5da9cd?s=96&d=mm&r=g\",\"url\":\"https:\\\/\\\/secure.gravatar.com\\\/avatar\\\/b2a6f664a3ae8e074346ef91775736c5ec479e637ecced6842de9dc98b5da9cd?s=96&d=mm&r=g\",\"contentUrl\":\"https:\\\/\\\/secure.gravatar.com\\\/avatar\\\/b2a6f664a3ae8e074346ef91775736c5ec479e637ecced6842de9dc98b5da9cd?s=96&d=mm&r=g\",\"caption\":\"ccortez\"},\"url\":\"https:\\\/\\\/www.uartes.edu.ec\\\/sitio\\\/fr\\\/blog\\\/author\\\/ccortez\\\/\"}]}<\/script>\n<!-- \/ Yoast SEO plugin. -->","yoast_head_json":{"title":"Universidad de las Artes - Biblioteca de las Artes y DAESCU invitan a los alumni a sumarse con propuestas a su agenda cultural","description":"Universidad de las Artes - Biblioteca de las Artes y DAESCU invitan a los alumni a sumarse con propuestas a su agenda cultural","robots":{"index":"index","follow":"follow","max-snippet":"max-snippet:-1","max-image-preview":"max-image-preview:large","max-video-preview":"max-video-preview:-1"},"canonical":"https:\/\/www.uartes.edu.ec\/sitio\/fr\/blog\/2022\/07\/01\/biblioteca-de-las-artes-y-daescu-invitan-a-losalumni-uartes-a-ser-parte-de-su-agenda-cultural\/","og_locale":"fr_FR","og_type":"article","og_title":"Universidad de las Artes - Biblioteca de las Artes y DAESCU invitan a los alumni a sumarse con propuestas a su agenda cultural","og_description":"Universidad de las Artes - Biblioteca de las Artes y DAESCU invitan a los alumni a sumarse con propuestas a su agenda cultural","og_url":"https:\/\/www.uartes.edu.ec\/sitio\/fr\/blog\/2022\/07\/01\/biblioteca-de-las-artes-y-daescu-invitan-a-losalumni-uartes-a-ser-parte-de-su-agenda-cultural\/","og_site_name":"Universidad de las Artes","article_publisher":"https:\/\/www.facebook.com\/uartesec","article_published_time":"2022-07-01T19:36:00+00:00","article_modified_time":"2024-07-04T16:23:21+00:00","og_image":[{"width":2000,"height":1333,"url":"https:\/\/www.uartes.edu.ec\/sitio\/wp-content\/uploads\/2022\/07\/ALUMNI-UARTES-CONVOCATORIA.jpg","type":"image\/jpeg"}],"author":"ccortez","twitter_card":"summary_large_image","twitter_creator":"@uartesec","twitter_site":"@uartesec","twitter_misc":{"\u00c9crit par":"ccortez","Dur\u00e9e de lecture estim\u00e9e":"3 minutes"},"schema":{"@context":"https:\/\/schema.org","@graph":[{"@type":"Article","@id":"https:\/\/www.uartes.edu.ec\/sitio\/fr\/blog\/2022\/07\/01\/biblioteca-de-las-artes-y-daescu-invitan-a-losalumni-uartes-a-ser-parte-de-su-agenda-cultural\/#article","isPartOf":{"@id":"https:\/\/www.uartes.edu.ec\/sitio\/fr\/blog\/2022\/07\/01\/biblioteca-de-las-artes-y-daescu-invitan-a-losalumni-uartes-a-ser-parte-de-su-agenda-cultural\/"},"author":{"name":"ccortez","@id":"https:\/\/www.uartes.edu.ec\/sitio\/fr\/#\/schema\/person\/efa1b8275797664fd7f13a79ccc0b1f4"},"headline":"Biblioteca de las Artes y DAESCU invitan a los alumni a sumarse con propuestas a su agenda cultural","datePublished":"2022-07-01T19:36:00+00:00","dateModified":"2024-07-04T16:23:21+00:00","mainEntityOfPage":{"@id":"https:\/\/www.uartes.edu.ec\/sitio\/fr\/blog\/2022\/07\/01\/biblioteca-de-las-artes-y-daescu-invitan-a-losalumni-uartes-a-ser-parte-de-su-agenda-cultural\/"},"wordCount":607,"commentCount":0,"publisher":{"@id":"https:\/\/www.uartes.edu.ec\/sitio\/fr\/#organization"},"image":{"@id":"https:\/\/www.uartes.edu.ec\/sitio\/fr\/blog\/2022\/07\/01\/biblioteca-de-las-artes-y-daescu-invitan-a-losalumni-uartes-a-ser-parte-de-su-agenda-cultural\/#primaryimage"},"thumbnailUrl":"https:\/\/www.uartes.edu.ec\/sitio\/wp-content\/uploads\/2022\/07\/ALUMNI-UARTES-CONVOCATORIA.jpg","keywords":["biblioteca"],"articleSection":["Alumni","Artes"],"inLanguage":"fr-FR","potentialAction":[{"@type":"CommentAction","name":"Comment","target":["https:\/\/www.uartes.edu.ec\/sitio\/fr\/blog\/2022\/07\/01\/biblioteca-de-las-artes-y-daescu-invitan-a-losalumni-uartes-a-ser-parte-de-su-agenda-cultural\/#respond"]}]},{"@type":["WebPage","ItemPage"],"@id":"https:\/\/www.uartes.edu.ec\/sitio\/fr\/blog\/2022\/07\/01\/biblioteca-de-las-artes-y-daescu-invitan-a-losalumni-uartes-a-ser-parte-de-su-agenda-cultural\/","url":"https:\/\/www.uartes.edu.ec\/sitio\/fr\/blog\/2022\/07\/01\/biblioteca-de-las-artes-y-daescu-invitan-a-losalumni-uartes-a-ser-parte-de-su-agenda-cultural\/","name":"Universidad de las Artes - Biblioteca de las Artes y DAESCU invitan a los alumni a sumarse con propuestas a su agenda cultural","isPartOf":{"@id":"https:\/\/www.uartes.edu.ec\/sitio\/fr\/#website"},"primaryImageOfPage":{"@id":"https:\/\/www.uartes.edu.ec\/sitio\/fr\/blog\/2022\/07\/01\/biblioteca-de-las-artes-y-daescu-invitan-a-losalumni-uartes-a-ser-parte-de-su-agenda-cultural\/#primaryimage"},"image":{"@id":"https:\/\/www.uartes.edu.ec\/sitio\/fr\/blog\/2022\/07\/01\/biblioteca-de-las-artes-y-daescu-invitan-a-losalumni-uartes-a-ser-parte-de-su-agenda-cultural\/#primaryimage"},"thumbnailUrl":"https:\/\/www.uartes.edu.ec\/sitio\/wp-content\/uploads\/2022\/07\/ALUMNI-UARTES-CONVOCATORIA.jpg","datePublished":"2022-07-01T19:36:00+00:00","dateModified":"2024-07-04T16:23:21+00:00","description":"Universidad de las Artes - Biblioteca de las Artes y DAESCU invitan a los alumni a sumarse con propuestas a su agenda cultural","breadcrumb":{"@id":"https:\/\/www.uartes.edu.ec\/sitio\/fr\/blog\/2022\/07\/01\/biblioteca-de-las-artes-y-daescu-invitan-a-losalumni-uartes-a-ser-parte-de-su-agenda-cultural\/#breadcrumb"},"inLanguage":"fr-FR","potentialAction":[{"@type":"ReadAction","target":["https:\/\/www.uartes.edu.ec\/sitio\/fr\/blog\/2022\/07\/01\/biblioteca-de-las-artes-y-daescu-invitan-a-losalumni-uartes-a-ser-parte-de-su-agenda-cultural\/"]}]},{"@type":"ImageObject","inLanguage":"fr-FR","@id":"https:\/\/www.uartes.edu.ec\/sitio\/fr\/blog\/2022\/07\/01\/biblioteca-de-las-artes-y-daescu-invitan-a-losalumni-uartes-a-ser-parte-de-su-agenda-cultural\/#primaryimage","url":"https:\/\/www.uartes.edu.ec\/sitio\/wp-content\/uploads\/2022\/07\/ALUMNI-UARTES-CONVOCATORIA.jpg","contentUrl":"https:\/\/www.uartes.edu.ec\/sitio\/wp-content\/uploads\/2022\/07\/ALUMNI-UARTES-CONVOCATORIA.jpg","width":2000,"height":1333},{"@type":"BreadcrumbList","@id":"https:\/\/www.uartes.edu.ec\/sitio\/fr\/blog\/2022\/07\/01\/biblioteca-de-las-artes-y-daescu-invitan-a-losalumni-uartes-a-ser-parte-de-su-agenda-cultural\/#breadcrumb","itemListElement":[{"@type":"ListItem","position":1,"name":"Inicio","item":"https:\/\/www.uartes.edu.ec\/sitio\/"},{"@type":"ListItem","position":2,"name":"Biblioteca de las Artes y DAESCU invitan a los alumni a sumarse con propuestas a su agenda cultural"}]},{"@type":"WebSite","@id":"https:\/\/www.uartes.edu.ec\/sitio\/fr\/#website","url":"https:\/\/www.uartes.edu.ec\/sitio\/fr\/","name":"Universidad de las Artes","description":"Sitio oficial de la Universidad Nacional de las Artes del Ecuador","publisher":{"@id":"https:\/\/www.uartes.edu.ec\/sitio\/fr\/#organization"},"potentialAction":[{"@type":"SearchAction","target":{"@type":"EntryPoint","urlTemplate":"https:\/\/www.uartes.edu.ec\/sitio\/fr\/?s={search_term_string}"},"query-input":{"@type":"PropertyValueSpecification","valueRequired":true,"valueName":"search_term_string"}}],"inLanguage":"fr-FR"},{"@type":"Organization","@id":"https:\/\/www.uartes.edu.ec\/sitio\/fr\/#organization","name":"Universidad de las Artes","url":"https:\/\/www.uartes.edu.ec\/sitio\/fr\/","logo":{"@type":"ImageObject","inLanguage":"fr-FR","@id":"https:\/\/www.uartes.edu.ec\/sitio\/fr\/#\/schema\/logo\/image\/","url":"https:\/\/www.uartes.edu.ec\/sitio\/wp-content\/uploads\/2022\/07\/logo-ua-horizontal.png","contentUrl":"https:\/\/www.uartes.edu.ec\/sitio\/wp-content\/uploads\/2022\/07\/logo-ua-horizontal.png","width":800,"height":276,"caption":"Universidad de las Artes"},"image":{"@id":"https:\/\/www.uartes.edu.ec\/sitio\/fr\/#\/schema\/logo\/image\/"},"sameAs":["https:\/\/www.facebook.com\/uartesec","https:\/\/x.com\/uartesec","https:\/\/www.tiktok.com\/@uartesec"]},{"@type":"Person","@id":"https:\/\/www.uartes.edu.ec\/sitio\/fr\/#\/schema\/person\/efa1b8275797664fd7f13a79ccc0b1f4","name":"ccortez","image":{"@type":"ImageObject","inLanguage":"fr-FR","@id":"https:\/\/secure.gravatar.com\/avatar\/b2a6f664a3ae8e074346ef91775736c5ec479e637ecced6842de9dc98b5da9cd?s=96&d=mm&r=g","url":"https:\/\/secure.gravatar.com\/avatar\/b2a6f664a3ae8e074346ef91775736c5ec479e637ecced6842de9dc98b5da9cd?s=96&d=mm&r=g","contentUrl":"https:\/\/secure.gravatar.com\/avatar\/b2a6f664a3ae8e074346ef91775736c5ec479e637ecced6842de9dc98b5da9cd?s=96&d=mm&r=g","caption":"ccortez"},"url":"https:\/\/www.uartes.edu.ec\/sitio\/fr\/blog\/author\/ccortez\/"}]}},"uagb_featured_image_src":{"full":["https:\/\/www.uartes.edu.ec\/sitio\/wp-content\/uploads\/2022\/07\/ALUMNI-UARTES-CONVOCATORIA.jpg",2000,1333,false],"thumbnail":["https:\/\/www.uartes.edu.ec\/sitio\/wp-content\/uploads\/2022\/07\/ALUMNI-UARTES-CONVOCATORIA-150x150.jpg",150,150,true],"medium":["https:\/\/www.uartes.edu.ec\/sitio\/wp-content\/uploads\/2022\/07\/ALUMNI-UARTES-CONVOCATORIA-300x200.jpg",300,200,true],"medium_large":["https:\/\/www.uartes.edu.ec\/sitio\/wp-content\/uploads\/2022\/07\/ALUMNI-UARTES-CONVOCATORIA-768x512.jpg",768,512,true],"large":["https:\/\/www.uartes.edu.ec\/sitio\/wp-content\/uploads\/2022\/07\/ALUMNI-UARTES-CONVOCATORIA-644x429.jpg",644,429,true],"1536x1536":["https:\/\/www.uartes.edu.ec\/sitio\/wp-content\/uploads\/2022\/07\/ALUMNI-UARTES-CONVOCATORIA-1536x1024.jpg",1536,1024,true],"2048x2048":["https:\/\/www.uartes.edu.ec\/sitio\/wp-content\/uploads\/2022\/07\/ALUMNI-UARTES-CONVOCATORIA.jpg",2000,1333,false],"trp-custom-language-flag":["https:\/\/www.uartes.edu.ec\/sitio\/wp-content\/uploads\/2022\/07\/ALUMNI-UARTES-CONVOCATORIA.jpg",18,12,false],"htmega_size_585x295":["https:\/\/www.uartes.edu.ec\/sitio\/wp-content\/uploads\/2022\/07\/ALUMNI-UARTES-CONVOCATORIA.jpg",443,295,false],"htmega_size_1170x536":["https:\/\/www.uartes.edu.ec\/sitio\/wp-content\/uploads\/2022\/07\/ALUMNI-UARTES-CONVOCATORIA.jpg",804,536,false],"htmega_size_396x360":["https:\/\/www.uartes.edu.ec\/sitio\/wp-content\/uploads\/2022\/07\/ALUMNI-UARTES-CONVOCATORIA.jpg",396,264,false],"gb-block-post-grid-landscape":["https:\/\/www.uartes.edu.ec\/sitio\/wp-content\/uploads\/2022\/07\/ALUMNI-UARTES-CONVOCATORIA-600x400.jpg",600,400,true],"gb-block-post-grid-square":["https:\/\/www.uartes.edu.ec\/sitio\/wp-content\/uploads\/2022\/07\/ALUMNI-UARTES-CONVOCATORIA-600x600.jpg",600,600,true],"university-hub-thumb":["https:\/\/www.uartes.edu.ec\/sitio\/wp-content\/uploads\/2022\/07\/ALUMNI-UARTES-CONVOCATORIA-400x267.jpg",400,267,true],"mailpoet_newsletter_max":["https:\/\/www.uartes.edu.ec\/sitio\/wp-content\/uploads\/2022\/07\/ALUMNI-UARTES-CONVOCATORIA.jpg",1320,880,false]},"uagb_author_info":{"display_name":"ccortez","author_link":"https:\/\/www.uartes.edu.ec\/sitio\/fr\/blog\/author\/ccortez\/"},"uagb_comment_info":0,"uagb_excerpt":"La Biblioteca de las Artes y la Direcci\u00f3n de Asuntos Estudiantiles y Comunidad Universitaria (DAESCU) invitan a los graduados UArtes a participar en la Convocatoria Alumni, con el prop\u00f3sito de proveerlos de oportunidades para ejercer las diversas pr\u00e1cticas culturales, constituy\u00e9ndose en una primera aproximaci\u00f3n al desarrollo de actividades art\u00edsticas que involucren a la ciudadan\u00eda en\u2026","featured_image_src":"https:\/\/www.uartes.edu.ec\/sitio\/wp-content\/uploads\/2022\/07\/ALUMNI-UARTES-CONVOCATORIA-600x400.jpg","featured_image_src_square":"https:\/\/www.uartes.edu.ec\/sitio\/wp-content\/uploads\/2022\/07\/ALUMNI-UARTES-CONVOCATORIA-600x600.jpg","author_info":{"display_name":"ccortez","author_link":"https:\/\/www.uartes.edu.ec\/sitio\/fr\/blog\/author\/ccortez\/"},"publishpress_future_workflow_manual_trigger":{"enabledWorkflows":[]},"distributor_meta":false,"distributor_terms":false,"distributor_media":false,"distributor_original_site_name":"Universidad de las Artes","distributor_original_site_url":"https:\/\/www.uartes.edu.ec\/sitio\/fr","push-errors":false,"_links":{"self":[{"href":"https:\/\/www.uartes.edu.ec\/sitio\/fr\/wp-json\/wp\/v2\/posts\/23803","targetHints":{"allow":["GET"]}}],"collection":[{"href":"https:\/\/www.uartes.edu.ec\/sitio\/fr\/wp-json\/wp\/v2\/posts"}],"about":[{"href":"https:\/\/www.uartes.edu.ec\/sitio\/fr\/wp-json\/wp\/v2\/types\/post"}],"author":[{"embeddable":true,"href":"https:\/\/www.uartes.edu.ec\/sitio\/fr\/wp-json\/wp\/v2\/users\/10"}],"replies":[{"embeddable":true,"href":"https:\/\/www.uartes.edu.ec\/sitio\/fr\/wp-json\/wp\/v2\/comments?post=23803"}],"version-history":[{"count":9,"href":"https:\/\/www.uartes.edu.ec\/sitio\/fr\/wp-json\/wp\/v2\/posts\/23803\/revisions"}],"predecessor-version":[{"id":23835,"href":"https:\/\/www.uartes.edu.ec\/sitio\/fr\/wp-json\/wp\/v2\/posts\/23803\/revisions\/23835"}],"wp:featuredmedia":[{"embeddable":true,"href":"https:\/\/www.uartes.edu.ec\/sitio\/fr\/wp-json\/wp\/v2\/media\/23840"}],"wp:attachment":[{"href":"https:\/\/www.uartes.edu.ec\/sitio\/fr\/wp-json\/wp\/v2\/media?parent=23803"}],"wp:term":[{"taxonomy":"category","embeddable":true,"href":"https:\/\/www.uartes.edu.ec\/sitio\/fr\/wp-json\/wp\/v2\/categories?post=23803"},{"taxonomy":"post_tag","embeddable":true,"href":"https:\/\/www.uartes.edu.ec\/sitio\/fr\/wp-json\/wp\/v2\/tags?post=23803"},{"taxonomy":"infouartes","embeddable":true,"href":"https:\/\/www.uartes.edu.ec\/sitio\/fr\/wp-json\/wp\/v2\/infouartes?post=23803"}],"curies":[{"name":"wp","href":"https:\/\/api.w.org\/{rel}","templated":true}]}}