{"id":24285,"date":"2022-07-08T17:11:00","date_gmt":"2022-07-08T22:11:00","guid":{"rendered":"http:\/\/www.uartes.edu.ec\/sitio\/?p=24285"},"modified":"2024-07-04T11:23:20","modified_gmt":"2024-07-04T16:23:20","slug":"movimiento-y-bienestar-claves-del-taller-dirigido-a-administrativos-y-disenado-por-estudiantes-de-danza","status":"publish","type":"post","link":"https:\/\/www.uartes.edu.ec\/sitio\/fr\/blog\/2022\/07\/08\/movimiento-y-bienestar-claves-del-taller-dirigido-a-administrativos-y-disenado-por-estudiantes-de-danza\/","title":{"rendered":"Movimiento y bienestar, claves del taller dirigido a administrativos y dise\u00f1ado por estudiantes de Danza"},"content":{"rendered":"<p>Los estudiantes de octavo semestre de la carrera de Danza Andrea Su\u00e1rez, Samantha Aguilar y Kevin Santos son quienes, dirigidos por las docentes Sof\u00eda Mera y Lorena Delgado, hicieron realidad un pedido de funcionarias administrativas de la Universidad de las Artes: recibir alguna capacitaci\u00f3n que les permitiera ejercitarse. Es as\u00ed como surgi\u00f3 el Taller Movimiento y Bienestar que en este mes ha tenido ya sus primeras sesiones. Que est\u00e1 dirigido al personal administrativo, se se\u00f1al\u00f3 v\u00eda correo interno, indic\u00e1ndose, adem\u00e1s, que estaba enfocado en la reducci\u00f3n del estr\u00e9s.<\/p>\n\n\n\n<p>La docente Sof\u00eda Mera explic\u00f3 que, efectivamente, junto a Delgado coordin\u00f3 la actividad, pero el dise\u00f1o del taller lo realizaron sus alumnos. Se dio en el marco pr\u00e1ctico de ense\u00f1anza del itinerario de Pedagog\u00eda, que se da en los \u00faltimos semestres de la carrera de Danza. Fue concebido pensando en el personal administrativo y muchas veces del docente que no realiza ejercicio, dijo e hizo referencia a otras dos actividades pedag\u00f3gicas de la misma asignatura: un taller dirigido a escolares y otro, un estudio de danza contempor\u00e1nea, dirigido alumnos.<\/p>\n\n\n\n<h3 class=\"wp-block-heading\"><strong>Dos meses dise\u00f1ando la propuesta<\/strong><\/h3>\n\n\n\n<p>De la propuesta que desarrollaron, Kevin Santos destac\u00f3 el prop\u00f3sito de promover la disminuci\u00f3n del estr\u00e9s y mejorar el clima laboral a trav\u00e9s de la danza. \u201cPropiciamos el movimiento consciente ligado al bienestar para liberar tensiones y crear v\u00ednculos, estimulando la creatividad para generar un lenguaje corporal y se apropien del mismo\u201d, sostuvo y detall\u00f3 que dos meses les tom\u00f3 dise\u00f1ar el taller, que en su planificaci\u00f3n se trabaja de manera consiente y creativa el movimiento para disminuir el estr\u00e9s, crear frases sencillas que los participantes pueden usar en sus pausas activas y crear as\u00ed una estructura que los aleje del sedentarismo.<\/p>\n\n\n\n<figure class=\"wp-block-image size-full\"><img fetchpriority=\"high\" decoding=\"async\" width=\"2000\" height=\"1333\" src=\"http:\/\/www.uartes.edu.ec\/sitio\/wp-content\/uploads\/2022\/07\/TALLER-MOVIMIENTO-Y-BIENESTAR-02-1.jpg\" alt=\"\" class=\"wp-image-24287\" srcset=\"https:\/\/www.uartes.edu.ec\/sitio\/wp-content\/uploads\/2022\/07\/TALLER-MOVIMIENTO-Y-BIENESTAR-02-1.jpg 2000w, https:\/\/www.uartes.edu.ec\/sitio\/wp-content\/uploads\/2022\/07\/TALLER-MOVIMIENTO-Y-BIENESTAR-02-1-644x429.jpg 644w, https:\/\/www.uartes.edu.ec\/sitio\/wp-content\/uploads\/2022\/07\/TALLER-MOVIMIENTO-Y-BIENESTAR-02-1-768x511.jpg 768w, https:\/\/www.uartes.edu.ec\/sitio\/wp-content\/uploads\/2022\/07\/TALLER-MOVIMIENTO-Y-BIENESTAR-02-1-600x399.jpg 600w, https:\/\/www.uartes.edu.ec\/sitio\/wp-content\/uploads\/2022\/07\/TALLER-MOVIMIENTO-Y-BIENESTAR-02-1-272x182.jpg 272w\" sizes=\"(max-width: 2000px) 100vw, 2000px\" \/><\/figure>\n\n\n\n<p>Andrea Su\u00e1rez ponder\u00f3 que la propuesta haya surgido del personal administrativo. Le result\u00f3 interesante ese llamado a integrarse dentro de las actividades que puede ofrecer la universidad. Dijo que enfocaron el taller para que cada persona encuentre su movilidad a partir de consignas que ellos dan, con el fin de que liberen el estr\u00e9s, se muevan y disfruten el moverse. Que desde antes del taller se haya respondido una encuesta, que tuvo alta receptividad, puso en evidencia que hay algo que necesita ser atendido, agreg\u00f3.<\/p>\n\n\n\n<p>\u201cAbre la posibilidad de seguir trabajando con los administrativos y vincular a los docentes\u201d, refiri\u00f3 Su\u00e1rez, destacando la energ\u00eda y disposici\u00f3n de cada persona en participar. \u201cLa curiosidad de explorar su propio cuerpo y ser consciente de su respiraci\u00f3n dentro del cotidiano, hubo empoderamiento hacia el tiempo libre de cada uno\u201d.&nbsp;<\/p>\n\n\n\n<p>Samantha Aguilar igualmente resalt\u00f3 que el taller surgiera de la necesidad de quienes desarrollan un trabajo sedentario, en el que usualmente no activan su cuerpo durante largo tiempo. \u201cTomamos en cuenta a la comunidad administrativa de la UArtes para integrarlos a nuestras actividades y transmitir herramientas que aporten a su activaci\u00f3n corporal.&nbsp;(\u2026) El nombre nace de lo que queremos impartir, movimientos que generen la liberaci\u00f3n de tensiones, la consciencia de actividades que hacemos diariamente. Salir de un espacio diario para convivir y liberar la mente\u201d.<\/p>\n\n\n\n<h3 class=\"wp-block-heading\"><strong>La experiencia de tres participantes <\/strong><\/h3>\n\n\n\n<p>Mar\u00eda Fernanda Loor, de la Direcci\u00f3n de Planificaci\u00f3n de Proyectos, particip\u00f3 en la primera sesi\u00f3n del taller. Justamente fue ella quien junto a Sara Tobar, coordinadora de Planificaci\u00f3n y Gesti\u00f3n Estrat\u00e9gica, solicitaron recibir ese intercambio de saberes. Reconoci\u00f3 que la falta de movilidad y de ejercicio durante ocho horas de trabajo lleva a olvidar incluso algo tan elemental como respirar correctamente.<\/p>\n\n\n\n<p>\u201cUn ejercicio con un globo nos ayud\u00f3 a ver c\u00f3mo respiramos y lo importante que es para nuestras vidas hacerlo de manera correcta\u201d, expres\u00f3 Loor, recordando la necesidad de darse peque\u00f1os momentos para conectarse con uno mismo, con el cuerpo y el espacio. Durante la sesi\u00f3n del taller consigui\u00f3 desestresarse, relajarse y habitar el espacio. Se manifest\u00f3 orgullosa de que sean los mismos estudiantes quienes impartan las clases evidenciando en su desempe\u00f1o la formaci\u00f3n y los conocimientos recibidos. &nbsp;<\/p>\n\n\n\n<p>Tambi\u00e9n del \u00e1rea administrativa, Cecibel Cortez, de la Direcci\u00f3n de Vinculaci\u00f3n con la Sociedad, cont\u00f3 que en los ejercicios de respiraci\u00f3n y de relajaci\u00f3n aprendieron a estar conscientes del propio organismo, de los efectos de la respiraci\u00f3n en el cuerpo y del movimiento. \u201cTambi\u00e9n hicimos ejercicios en pareja, donde cada uno pudo percibir los efectos de la respiraci\u00f3n en el compa\u00f1ero. El compartir y el movernos nos dio una sensaci\u00f3n de libertad y de sensibilizarnos con el otro\u201d, a\u00f1adi\u00f3 y se\u00f1al\u00f3 a la propuesta como altamente beneficiosa para quienes hacen trabajo de escritorio. \u201cActiva el cuerpo y lo relaja. Adem\u00e1s, los instructores dan pautas o peque\u00f1as tareas para trabajar en casa o durante el trabajo\u201d.<\/p>\n\n\n\n<p>Paola Mac\u00edas, de la Direcci\u00f3n Administrativa, se\u00f1al\u00f3 como acertada la interacci\u00f3n que est\u00e1n realizando los estudiantes con los administrativos. La consider\u00f3 de gran ayuda a la gesti\u00f3n que se efect\u00faa. \u201cFue bueno hacer una pausa a las actividades y centrarnos en lo que nos ense\u00f1aban, que es muy importante cuidar de la respiraci\u00f3n, de los movimientos corporales, de conocer las funcionalidades de nuestro cuerpo y eso hicimos, pr\u00e1cticas, tambi\u00e9n en pareja, lo cual nos ayud\u00f3 a relacionarnos un poco m\u00e1s con las personas all\u00ed presentes\u201d.<\/p>\n\n\n\n<p>El taller concluir\u00e1 el 11 de agosto. Se imparte los martes, de 07:00 a 08:00, en el aula 101 del edificio El Tel\u00e9grafo; y jueves, de 14:00 a 15:00, en el Sal\u00f3n de Usos M\u00faltiples del pabell\u00f3n Araceli Gilbert.<\/p>","protected":false},"excerpt":{"rendered":"<p>Los estudiantes de octavo semestre de la carrera de Danza Andrea Su\u00e1rez, Samantha Aguilar y Kevin Santos son quienes, dirigidos por las docentes Sof\u00eda Mera y Lorena Delgado, hicieron realidad un pedido de funcionarias administrativas de la Universidad de las Artes: recibir alg\u00fan tipo de capacitaci\u00f3n que les permitiera ejercitarse. Es as\u00ed como ellos dise\u00f1aron el taller \u00abMovimiento y Bienestar\u00bb. <\/p>","protected":false},"author":10,"featured_media":24286,"comment_status":"open","ping_status":"open","sticky":false,"template":"","format":"standard","meta":{"_acf_changed":false,"_uag_custom_page_level_css":"","_monsterinsights_skip_tracking":false,"_monsterinsights_sitenote_active":false,"_monsterinsights_sitenote_note":"","_monsterinsights_sitenote_category":0,"cybocfi_hide_featured_image":"","footnotes":""},"categories":[438,159,75,76],"tags":[522],"infouartes":[],"class_list":["post-24285","post","type-post","status-publish","format-standard","has-post-thumbnail","hentry","category-administrativos","category-artes-escenicas","category-docentes","category-estudiantes","tag-taller"],"acf":[],"yoast_head":"<!-- This site is optimized with the Yoast SEO plugin v27.4 - https:\/\/yoast.com\/product\/yoast-seo-wordpress\/ -->\n<title>Universidad de las Artes - Movimiento y bienestar, claves del taller dirigido a administrativos y dise\u00f1ado por estudiantes de Danza<\/title>\n<meta name=\"description\" content=\"Universidad de las Artes - Movimiento y bienestar, claves del taller dirigido a administrativos y dise\u00f1ado por estudiantes de Danza\" \/>\n<meta name=\"robots\" content=\"index, follow, max-snippet:-1, max-image-preview:large, max-video-preview:-1\" \/>\n<link rel=\"canonical\" href=\"https:\/\/www.uartes.edu.ec\/sitio\/fr\/blog\/2022\/07\/08\/movimiento-y-bienestar-claves-del-taller-dirigido-a-administrativos-y-disenado-por-estudiantes-de-danza\/\" \/>\n<meta property=\"og:locale\" content=\"fr_FR\" \/>\n<meta property=\"og:type\" content=\"article\" \/>\n<meta property=\"og:title\" content=\"Universidad de las Artes - Movimiento y bienestar, claves del taller dirigido a administrativos y dise\u00f1ado por estudiantes de Danza\" \/>\n<meta property=\"og:description\" content=\"Universidad de las Artes - Movimiento y bienestar, claves del taller dirigido a administrativos y dise\u00f1ado por estudiantes de Danza\" \/>\n<meta property=\"og:url\" content=\"https:\/\/www.uartes.edu.ec\/sitio\/fr\/blog\/2022\/07\/08\/movimiento-y-bienestar-claves-del-taller-dirigido-a-administrativos-y-disenado-por-estudiantes-de-danza\/\" \/>\n<meta property=\"og:site_name\" content=\"Universidad de las Artes\" \/>\n<meta property=\"article:publisher\" content=\"https:\/\/www.facebook.com\/uartesec\" \/>\n<meta property=\"article:published_time\" content=\"2022-07-08T22:11:00+00:00\" \/>\n<meta property=\"article:modified_time\" content=\"2024-07-04T16:23:20+00:00\" \/>\n<meta property=\"og:image\" content=\"https:\/\/www.uartes.edu.ec\/sitio\/wp-content\/uploads\/2022\/07\/TALLER-MOVIMIENTO-Y-BIENESTAR-01.jpg\" \/>\n\t<meta property=\"og:image:width\" content=\"2000\" \/>\n\t<meta property=\"og:image:height\" content=\"1333\" \/>\n\t<meta property=\"og:image:type\" content=\"image\/jpeg\" \/>\n<meta name=\"author\" content=\"ccortez\" \/>\n<meta name=\"twitter:card\" content=\"summary_large_image\" \/>\n<meta name=\"twitter:creator\" content=\"@uartesec\" \/>\n<meta name=\"twitter:site\" content=\"@uartesec\" \/>\n<meta name=\"twitter:label1\" content=\"\u00c9crit par\" \/>\n\t<meta name=\"twitter:data1\" content=\"ccortez\" \/>\n\t<meta name=\"twitter:label2\" content=\"Dur\u00e9e de lecture estim\u00e9e\" \/>\n\t<meta name=\"twitter:data2\" content=\"5 minutes\" \/>\n<script type=\"application\/ld+json\" class=\"yoast-schema-graph\">{\"@context\":\"https:\\\/\\\/schema.org\",\"@graph\":[{\"@type\":\"Article\",\"@id\":\"https:\\\/\\\/www.uartes.edu.ec\\\/sitio\\\/fr\\\/blog\\\/2022\\\/07\\\/08\\\/movimiento-y-bienestar-claves-del-taller-dirigido-a-administrativos-y-disenado-por-estudiantes-de-danza\\\/#article\",\"isPartOf\":{\"@id\":\"https:\\\/\\\/www.uartes.edu.ec\\\/sitio\\\/fr\\\/blog\\\/2022\\\/07\\\/08\\\/movimiento-y-bienestar-claves-del-taller-dirigido-a-administrativos-y-disenado-por-estudiantes-de-danza\\\/\"},\"author\":{\"name\":\"ccortez\",\"@id\":\"https:\\\/\\\/www.uartes.edu.ec\\\/sitio\\\/fr\\\/#\\\/schema\\\/person\\\/efa1b8275797664fd7f13a79ccc0b1f4\"},\"headline\":\"Movimiento y bienestar, claves del taller dirigido a administrativos y dise\u00f1ado por estudiantes de Danza\",\"datePublished\":\"2022-07-08T22:11:00+00:00\",\"dateModified\":\"2024-07-04T16:23:20+00:00\",\"mainEntityOfPage\":{\"@id\":\"https:\\\/\\\/www.uartes.edu.ec\\\/sitio\\\/fr\\\/blog\\\/2022\\\/07\\\/08\\\/movimiento-y-bienestar-claves-del-taller-dirigido-a-administrativos-y-disenado-por-estudiantes-de-danza\\\/\"},\"wordCount\":976,\"commentCount\":0,\"publisher\":{\"@id\":\"https:\\\/\\\/www.uartes.edu.ec\\\/sitio\\\/fr\\\/#organization\"},\"image\":{\"@id\":\"https:\\\/\\\/www.uartes.edu.ec\\\/sitio\\\/fr\\\/blog\\\/2022\\\/07\\\/08\\\/movimiento-y-bienestar-claves-del-taller-dirigido-a-administrativos-y-disenado-por-estudiantes-de-danza\\\/#primaryimage\"},\"thumbnailUrl\":\"https:\\\/\\\/www.uartes.edu.ec\\\/sitio\\\/wp-content\\\/uploads\\\/2022\\\/07\\\/TALLER-MOVIMIENTO-Y-BIENESTAR-01.jpg\",\"keywords\":[\"taller\"],\"articleSection\":[\"Administrativos\",\"Artes Esc\u00e9nicas\",\"Docentes\",\"Estudiantes\"],\"inLanguage\":\"fr-FR\",\"potentialAction\":[{\"@type\":\"CommentAction\",\"name\":\"Comment\",\"target\":[\"https:\\\/\\\/www.uartes.edu.ec\\\/sitio\\\/fr\\\/blog\\\/2022\\\/07\\\/08\\\/movimiento-y-bienestar-claves-del-taller-dirigido-a-administrativos-y-disenado-por-estudiantes-de-danza\\\/#respond\"]}]},{\"@type\":[\"WebPage\",\"ItemPage\"],\"@id\":\"https:\\\/\\\/www.uartes.edu.ec\\\/sitio\\\/fr\\\/blog\\\/2022\\\/07\\\/08\\\/movimiento-y-bienestar-claves-del-taller-dirigido-a-administrativos-y-disenado-por-estudiantes-de-danza\\\/\",\"url\":\"https:\\\/\\\/www.uartes.edu.ec\\\/sitio\\\/fr\\\/blog\\\/2022\\\/07\\\/08\\\/movimiento-y-bienestar-claves-del-taller-dirigido-a-administrativos-y-disenado-por-estudiantes-de-danza\\\/\",\"name\":\"Universidad de las Artes - Movimiento y bienestar, claves del taller dirigido a administrativos y dise\u00f1ado por estudiantes de Danza\",\"isPartOf\":{\"@id\":\"https:\\\/\\\/www.uartes.edu.ec\\\/sitio\\\/fr\\\/#website\"},\"primaryImageOfPage\":{\"@id\":\"https:\\\/\\\/www.uartes.edu.ec\\\/sitio\\\/fr\\\/blog\\\/2022\\\/07\\\/08\\\/movimiento-y-bienestar-claves-del-taller-dirigido-a-administrativos-y-disenado-por-estudiantes-de-danza\\\/#primaryimage\"},\"image\":{\"@id\":\"https:\\\/\\\/www.uartes.edu.ec\\\/sitio\\\/fr\\\/blog\\\/2022\\\/07\\\/08\\\/movimiento-y-bienestar-claves-del-taller-dirigido-a-administrativos-y-disenado-por-estudiantes-de-danza\\\/#primaryimage\"},\"thumbnailUrl\":\"https:\\\/\\\/www.uartes.edu.ec\\\/sitio\\\/wp-content\\\/uploads\\\/2022\\\/07\\\/TALLER-MOVIMIENTO-Y-BIENESTAR-01.jpg\",\"datePublished\":\"2022-07-08T22:11:00+00:00\",\"dateModified\":\"2024-07-04T16:23:20+00:00\",\"description\":\"Universidad de las Artes - Movimiento y bienestar, claves del taller dirigido a administrativos y dise\u00f1ado por estudiantes de Danza\",\"breadcrumb\":{\"@id\":\"https:\\\/\\\/www.uartes.edu.ec\\\/sitio\\\/fr\\\/blog\\\/2022\\\/07\\\/08\\\/movimiento-y-bienestar-claves-del-taller-dirigido-a-administrativos-y-disenado-por-estudiantes-de-danza\\\/#breadcrumb\"},\"inLanguage\":\"fr-FR\",\"potentialAction\":[{\"@type\":\"ReadAction\",\"target\":[\"https:\\\/\\\/www.uartes.edu.ec\\\/sitio\\\/fr\\\/blog\\\/2022\\\/07\\\/08\\\/movimiento-y-bienestar-claves-del-taller-dirigido-a-administrativos-y-disenado-por-estudiantes-de-danza\\\/\"]}]},{\"@type\":\"ImageObject\",\"inLanguage\":\"fr-FR\",\"@id\":\"https:\\\/\\\/www.uartes.edu.ec\\\/sitio\\\/fr\\\/blog\\\/2022\\\/07\\\/08\\\/movimiento-y-bienestar-claves-del-taller-dirigido-a-administrativos-y-disenado-por-estudiantes-de-danza\\\/#primaryimage\",\"url\":\"https:\\\/\\\/www.uartes.edu.ec\\\/sitio\\\/wp-content\\\/uploads\\\/2022\\\/07\\\/TALLER-MOVIMIENTO-Y-BIENESTAR-01.jpg\",\"contentUrl\":\"https:\\\/\\\/www.uartes.edu.ec\\\/sitio\\\/wp-content\\\/uploads\\\/2022\\\/07\\\/TALLER-MOVIMIENTO-Y-BIENESTAR-01.jpg\",\"width\":2000,\"height\":1333},{\"@type\":\"BreadcrumbList\",\"@id\":\"https:\\\/\\\/www.uartes.edu.ec\\\/sitio\\\/fr\\\/blog\\\/2022\\\/07\\\/08\\\/movimiento-y-bienestar-claves-del-taller-dirigido-a-administrativos-y-disenado-por-estudiantes-de-danza\\\/#breadcrumb\",\"itemListElement\":[{\"@type\":\"ListItem\",\"position\":1,\"name\":\"Inicio\",\"item\":\"https:\\\/\\\/www.uartes.edu.ec\\\/sitio\\\/\"},{\"@type\":\"ListItem\",\"position\":2,\"name\":\"Movimiento y bienestar, claves del taller dirigido a administrativos y dise\u00f1ado por estudiantes de Danza\"}]},{\"@type\":\"WebSite\",\"@id\":\"https:\\\/\\\/www.uartes.edu.ec\\\/sitio\\\/fr\\\/#website\",\"url\":\"https:\\\/\\\/www.uartes.edu.ec\\\/sitio\\\/fr\\\/\",\"name\":\"Universidad de las Artes\",\"description\":\"Sitio oficial de la Universidad Nacional de las Artes del Ecuador\",\"publisher\":{\"@id\":\"https:\\\/\\\/www.uartes.edu.ec\\\/sitio\\\/fr\\\/#organization\"},\"potentialAction\":[{\"@type\":\"SearchAction\",\"target\":{\"@type\":\"EntryPoint\",\"urlTemplate\":\"https:\\\/\\\/www.uartes.edu.ec\\\/sitio\\\/fr\\\/?s={search_term_string}\"},\"query-input\":{\"@type\":\"PropertyValueSpecification\",\"valueRequired\":true,\"valueName\":\"search_term_string\"}}],\"inLanguage\":\"fr-FR\"},{\"@type\":\"Organization\",\"@id\":\"https:\\\/\\\/www.uartes.edu.ec\\\/sitio\\\/fr\\\/#organization\",\"name\":\"Universidad de las Artes\",\"url\":\"https:\\\/\\\/www.uartes.edu.ec\\\/sitio\\\/fr\\\/\",\"logo\":{\"@type\":\"ImageObject\",\"inLanguage\":\"fr-FR\",\"@id\":\"https:\\\/\\\/www.uartes.edu.ec\\\/sitio\\\/fr\\\/#\\\/schema\\\/logo\\\/image\\\/\",\"url\":\"https:\\\/\\\/www.uartes.edu.ec\\\/sitio\\\/wp-content\\\/uploads\\\/2022\\\/07\\\/logo-ua-horizontal.png\",\"contentUrl\":\"https:\\\/\\\/www.uartes.edu.ec\\\/sitio\\\/wp-content\\\/uploads\\\/2022\\\/07\\\/logo-ua-horizontal.png\",\"width\":800,\"height\":276,\"caption\":\"Universidad de las Artes\"},\"image\":{\"@id\":\"https:\\\/\\\/www.uartes.edu.ec\\\/sitio\\\/fr\\\/#\\\/schema\\\/logo\\\/image\\\/\"},\"sameAs\":[\"https:\\\/\\\/www.facebook.com\\\/uartesec\",\"https:\\\/\\\/x.com\\\/uartesec\",\"https:\\\/\\\/www.tiktok.com\\\/@uartesec\"]},{\"@type\":\"Person\",\"@id\":\"https:\\\/\\\/www.uartes.edu.ec\\\/sitio\\\/fr\\\/#\\\/schema\\\/person\\\/efa1b8275797664fd7f13a79ccc0b1f4\",\"name\":\"ccortez\",\"image\":{\"@type\":\"ImageObject\",\"inLanguage\":\"fr-FR\",\"@id\":\"https:\\\/\\\/secure.gravatar.com\\\/avatar\\\/b2a6f664a3ae8e074346ef91775736c5ec479e637ecced6842de9dc98b5da9cd?s=96&d=mm&r=g\",\"url\":\"https:\\\/\\\/secure.gravatar.com\\\/avatar\\\/b2a6f664a3ae8e074346ef91775736c5ec479e637ecced6842de9dc98b5da9cd?s=96&d=mm&r=g\",\"contentUrl\":\"https:\\\/\\\/secure.gravatar.com\\\/avatar\\\/b2a6f664a3ae8e074346ef91775736c5ec479e637ecced6842de9dc98b5da9cd?s=96&d=mm&r=g\",\"caption\":\"ccortez\"},\"url\":\"https:\\\/\\\/www.uartes.edu.ec\\\/sitio\\\/fr\\\/blog\\\/author\\\/ccortez\\\/\"}]}<\/script>\n<!-- \/ Yoast SEO plugin. -->","yoast_head_json":{"title":"Universidad de las Artes - Movimiento y bienestar, claves del taller dirigido a administrativos y dise\u00f1ado por estudiantes de Danza","description":"Universidad de las Artes - Movimiento y bienestar, claves del taller dirigido a administrativos y dise\u00f1ado por estudiantes de Danza","robots":{"index":"index","follow":"follow","max-snippet":"max-snippet:-1","max-image-preview":"max-image-preview:large","max-video-preview":"max-video-preview:-1"},"canonical":"https:\/\/www.uartes.edu.ec\/sitio\/fr\/blog\/2022\/07\/08\/movimiento-y-bienestar-claves-del-taller-dirigido-a-administrativos-y-disenado-por-estudiantes-de-danza\/","og_locale":"fr_FR","og_type":"article","og_title":"Universidad de las Artes - Movimiento y bienestar, claves del taller dirigido a administrativos y dise\u00f1ado por estudiantes de Danza","og_description":"Universidad de las Artes - Movimiento y bienestar, claves del taller dirigido a administrativos y dise\u00f1ado por estudiantes de Danza","og_url":"https:\/\/www.uartes.edu.ec\/sitio\/fr\/blog\/2022\/07\/08\/movimiento-y-bienestar-claves-del-taller-dirigido-a-administrativos-y-disenado-por-estudiantes-de-danza\/","og_site_name":"Universidad de las Artes","article_publisher":"https:\/\/www.facebook.com\/uartesec","article_published_time":"2022-07-08T22:11:00+00:00","article_modified_time":"2024-07-04T16:23:20+00:00","og_image":[{"width":2000,"height":1333,"url":"https:\/\/www.uartes.edu.ec\/sitio\/wp-content\/uploads\/2022\/07\/TALLER-MOVIMIENTO-Y-BIENESTAR-01.jpg","type":"image\/jpeg"}],"author":"ccortez","twitter_card":"summary_large_image","twitter_creator":"@uartesec","twitter_site":"@uartesec","twitter_misc":{"\u00c9crit par":"ccortez","Dur\u00e9e de lecture estim\u00e9e":"5 minutes"},"schema":{"@context":"https:\/\/schema.org","@graph":[{"@type":"Article","@id":"https:\/\/www.uartes.edu.ec\/sitio\/fr\/blog\/2022\/07\/08\/movimiento-y-bienestar-claves-del-taller-dirigido-a-administrativos-y-disenado-por-estudiantes-de-danza\/#article","isPartOf":{"@id":"https:\/\/www.uartes.edu.ec\/sitio\/fr\/blog\/2022\/07\/08\/movimiento-y-bienestar-claves-del-taller-dirigido-a-administrativos-y-disenado-por-estudiantes-de-danza\/"},"author":{"name":"ccortez","@id":"https:\/\/www.uartes.edu.ec\/sitio\/fr\/#\/schema\/person\/efa1b8275797664fd7f13a79ccc0b1f4"},"headline":"Movimiento y bienestar, claves del taller dirigido a administrativos y dise\u00f1ado por estudiantes de Danza","datePublished":"2022-07-08T22:11:00+00:00","dateModified":"2024-07-04T16:23:20+00:00","mainEntityOfPage":{"@id":"https:\/\/www.uartes.edu.ec\/sitio\/fr\/blog\/2022\/07\/08\/movimiento-y-bienestar-claves-del-taller-dirigido-a-administrativos-y-disenado-por-estudiantes-de-danza\/"},"wordCount":976,"commentCount":0,"publisher":{"@id":"https:\/\/www.uartes.edu.ec\/sitio\/fr\/#organization"},"image":{"@id":"https:\/\/www.uartes.edu.ec\/sitio\/fr\/blog\/2022\/07\/08\/movimiento-y-bienestar-claves-del-taller-dirigido-a-administrativos-y-disenado-por-estudiantes-de-danza\/#primaryimage"},"thumbnailUrl":"https:\/\/www.uartes.edu.ec\/sitio\/wp-content\/uploads\/2022\/07\/TALLER-MOVIMIENTO-Y-BIENESTAR-01.jpg","keywords":["taller"],"articleSection":["Administrativos","Artes Esc\u00e9nicas","Docentes","Estudiantes"],"inLanguage":"fr-FR","potentialAction":[{"@type":"CommentAction","name":"Comment","target":["https:\/\/www.uartes.edu.ec\/sitio\/fr\/blog\/2022\/07\/08\/movimiento-y-bienestar-claves-del-taller-dirigido-a-administrativos-y-disenado-por-estudiantes-de-danza\/#respond"]}]},{"@type":["WebPage","ItemPage"],"@id":"https:\/\/www.uartes.edu.ec\/sitio\/fr\/blog\/2022\/07\/08\/movimiento-y-bienestar-claves-del-taller-dirigido-a-administrativos-y-disenado-por-estudiantes-de-danza\/","url":"https:\/\/www.uartes.edu.ec\/sitio\/fr\/blog\/2022\/07\/08\/movimiento-y-bienestar-claves-del-taller-dirigido-a-administrativos-y-disenado-por-estudiantes-de-danza\/","name":"Universidad de las Artes - Movimiento y bienestar, claves del taller dirigido a administrativos y dise\u00f1ado por estudiantes de Danza","isPartOf":{"@id":"https:\/\/www.uartes.edu.ec\/sitio\/fr\/#website"},"primaryImageOfPage":{"@id":"https:\/\/www.uartes.edu.ec\/sitio\/fr\/blog\/2022\/07\/08\/movimiento-y-bienestar-claves-del-taller-dirigido-a-administrativos-y-disenado-por-estudiantes-de-danza\/#primaryimage"},"image":{"@id":"https:\/\/www.uartes.edu.ec\/sitio\/fr\/blog\/2022\/07\/08\/movimiento-y-bienestar-claves-del-taller-dirigido-a-administrativos-y-disenado-por-estudiantes-de-danza\/#primaryimage"},"thumbnailUrl":"https:\/\/www.uartes.edu.ec\/sitio\/wp-content\/uploads\/2022\/07\/TALLER-MOVIMIENTO-Y-BIENESTAR-01.jpg","datePublished":"2022-07-08T22:11:00+00:00","dateModified":"2024-07-04T16:23:20+00:00","description":"Universidad de las Artes - Movimiento y bienestar, claves del taller dirigido a administrativos y dise\u00f1ado por estudiantes de Danza","breadcrumb":{"@id":"https:\/\/www.uartes.edu.ec\/sitio\/fr\/blog\/2022\/07\/08\/movimiento-y-bienestar-claves-del-taller-dirigido-a-administrativos-y-disenado-por-estudiantes-de-danza\/#breadcrumb"},"inLanguage":"fr-FR","potentialAction":[{"@type":"ReadAction","target":["https:\/\/www.uartes.edu.ec\/sitio\/fr\/blog\/2022\/07\/08\/movimiento-y-bienestar-claves-del-taller-dirigido-a-administrativos-y-disenado-por-estudiantes-de-danza\/"]}]},{"@type":"ImageObject","inLanguage":"fr-FR","@id":"https:\/\/www.uartes.edu.ec\/sitio\/fr\/blog\/2022\/07\/08\/movimiento-y-bienestar-claves-del-taller-dirigido-a-administrativos-y-disenado-por-estudiantes-de-danza\/#primaryimage","url":"https:\/\/www.uartes.edu.ec\/sitio\/wp-content\/uploads\/2022\/07\/TALLER-MOVIMIENTO-Y-BIENESTAR-01.jpg","contentUrl":"https:\/\/www.uartes.edu.ec\/sitio\/wp-content\/uploads\/2022\/07\/TALLER-MOVIMIENTO-Y-BIENESTAR-01.jpg","width":2000,"height":1333},{"@type":"BreadcrumbList","@id":"https:\/\/www.uartes.edu.ec\/sitio\/fr\/blog\/2022\/07\/08\/movimiento-y-bienestar-claves-del-taller-dirigido-a-administrativos-y-disenado-por-estudiantes-de-danza\/#breadcrumb","itemListElement":[{"@type":"ListItem","position":1,"name":"Inicio","item":"https:\/\/www.uartes.edu.ec\/sitio\/"},{"@type":"ListItem","position":2,"name":"Movimiento y bienestar, claves del taller dirigido a administrativos y dise\u00f1ado por estudiantes de Danza"}]},{"@type":"WebSite","@id":"https:\/\/www.uartes.edu.ec\/sitio\/fr\/#website","url":"https:\/\/www.uartes.edu.ec\/sitio\/fr\/","name":"Universidad de las Artes","description":"Sitio oficial de la Universidad Nacional de las Artes del Ecuador","publisher":{"@id":"https:\/\/www.uartes.edu.ec\/sitio\/fr\/#organization"},"potentialAction":[{"@type":"SearchAction","target":{"@type":"EntryPoint","urlTemplate":"https:\/\/www.uartes.edu.ec\/sitio\/fr\/?s={search_term_string}"},"query-input":{"@type":"PropertyValueSpecification","valueRequired":true,"valueName":"search_term_string"}}],"inLanguage":"fr-FR"},{"@type":"Organization","@id":"https:\/\/www.uartes.edu.ec\/sitio\/fr\/#organization","name":"Universidad de las Artes","url":"https:\/\/www.uartes.edu.ec\/sitio\/fr\/","logo":{"@type":"ImageObject","inLanguage":"fr-FR","@id":"https:\/\/www.uartes.edu.ec\/sitio\/fr\/#\/schema\/logo\/image\/","url":"https:\/\/www.uartes.edu.ec\/sitio\/wp-content\/uploads\/2022\/07\/logo-ua-horizontal.png","contentUrl":"https:\/\/www.uartes.edu.ec\/sitio\/wp-content\/uploads\/2022\/07\/logo-ua-horizontal.png","width":800,"height":276,"caption":"Universidad de las Artes"},"image":{"@id":"https:\/\/www.uartes.edu.ec\/sitio\/fr\/#\/schema\/logo\/image\/"},"sameAs":["https:\/\/www.facebook.com\/uartesec","https:\/\/x.com\/uartesec","https:\/\/www.tiktok.com\/@uartesec"]},{"@type":"Person","@id":"https:\/\/www.uartes.edu.ec\/sitio\/fr\/#\/schema\/person\/efa1b8275797664fd7f13a79ccc0b1f4","name":"ccortez","image":{"@type":"ImageObject","inLanguage":"fr-FR","@id":"https:\/\/secure.gravatar.com\/avatar\/b2a6f664a3ae8e074346ef91775736c5ec479e637ecced6842de9dc98b5da9cd?s=96&d=mm&r=g","url":"https:\/\/secure.gravatar.com\/avatar\/b2a6f664a3ae8e074346ef91775736c5ec479e637ecced6842de9dc98b5da9cd?s=96&d=mm&r=g","contentUrl":"https:\/\/secure.gravatar.com\/avatar\/b2a6f664a3ae8e074346ef91775736c5ec479e637ecced6842de9dc98b5da9cd?s=96&d=mm&r=g","caption":"ccortez"},"url":"https:\/\/www.uartes.edu.ec\/sitio\/fr\/blog\/author\/ccortez\/"}]}},"uagb_featured_image_src":{"full":["https:\/\/www.uartes.edu.ec\/sitio\/wp-content\/uploads\/2022\/07\/TALLER-MOVIMIENTO-Y-BIENESTAR-01.jpg",2000,1333,false],"thumbnail":["https:\/\/www.uartes.edu.ec\/sitio\/wp-content\/uploads\/2022\/07\/TALLER-MOVIMIENTO-Y-BIENESTAR-01-150x150.jpg",150,150,true],"medium":["https:\/\/www.uartes.edu.ec\/sitio\/wp-content\/uploads\/2022\/07\/TALLER-MOVIMIENTO-Y-BIENESTAR-01-300x300.jpg",300,300,true],"medium_large":["https:\/\/www.uartes.edu.ec\/sitio\/wp-content\/uploads\/2022\/07\/TALLER-MOVIMIENTO-Y-BIENESTAR-01-768x511.jpg",768,511,true],"large":["https:\/\/www.uartes.edu.ec\/sitio\/wp-content\/uploads\/2022\/07\/TALLER-MOVIMIENTO-Y-BIENESTAR-01-644x429.jpg",644,429,true],"1536x1536":["https:\/\/www.uartes.edu.ec\/sitio\/wp-content\/uploads\/2022\/07\/TALLER-MOVIMIENTO-Y-BIENESTAR-01-1536x1536.jpg",1536,1536,true],"2048x2048":["https:\/\/www.uartes.edu.ec\/sitio\/wp-content\/uploads\/2022\/07\/TALLER-MOVIMIENTO-Y-BIENESTAR-01-2000x1333.jpg",2000,1333,true],"trp-custom-language-flag":["https:\/\/www.uartes.edu.ec\/sitio\/wp-content\/uploads\/2022\/07\/TALLER-MOVIMIENTO-Y-BIENESTAR-01.jpg",18,12,false],"htmega_size_585x295":["https:\/\/www.uartes.edu.ec\/sitio\/wp-content\/uploads\/2022\/07\/TALLER-MOVIMIENTO-Y-BIENESTAR-01.jpg",443,295,false],"htmega_size_1170x536":["https:\/\/www.uartes.edu.ec\/sitio\/wp-content\/uploads\/2022\/07\/TALLER-MOVIMIENTO-Y-BIENESTAR-01.jpg",804,536,false],"htmega_size_396x360":["https:\/\/www.uartes.edu.ec\/sitio\/wp-content\/uploads\/2022\/07\/TALLER-MOVIMIENTO-Y-BIENESTAR-01.jpg",396,264,false],"gb-block-post-grid-landscape":["https:\/\/www.uartes.edu.ec\/sitio\/wp-content\/uploads\/2022\/07\/TALLER-MOVIMIENTO-Y-BIENESTAR-01-600x400.jpg",600,400,true],"gb-block-post-grid-square":["https:\/\/www.uartes.edu.ec\/sitio\/wp-content\/uploads\/2022\/07\/TALLER-MOVIMIENTO-Y-BIENESTAR-01-600x600.jpg",600,600,true],"university-hub-thumb":["https:\/\/www.uartes.edu.ec\/sitio\/wp-content\/uploads\/2022\/07\/TALLER-MOVIMIENTO-Y-BIENESTAR-01-400x300.jpg",400,300,true]},"uagb_author_info":{"display_name":"ccortez","author_link":"https:\/\/www.uartes.edu.ec\/sitio\/fr\/blog\/author\/ccortez\/"},"uagb_comment_info":0,"uagb_excerpt":"Los estudiantes de octavo semestre de la carrera de Danza Andrea Su\u00e1rez, Samantha Aguilar y Kevin Santos son quienes, dirigidos por las docentes Sof\u00eda Mera y Lorena Delgado, hicieron realidad un pedido de funcionarias administrativas de la Universidad de las Artes: recibir alg\u00fan tipo de capacitaci\u00f3n que les permitiera ejercitarse. Es as\u00ed como ellos dise\u00f1aron\u2026","featured_image_src":"https:\/\/www.uartes.edu.ec\/sitio\/wp-content\/uploads\/2022\/07\/TALLER-MOVIMIENTO-Y-BIENESTAR-01-600x400.jpg","featured_image_src_square":"https:\/\/www.uartes.edu.ec\/sitio\/wp-content\/uploads\/2022\/07\/TALLER-MOVIMIENTO-Y-BIENESTAR-01-600x600.jpg","author_info":{"display_name":"ccortez","author_link":"https:\/\/www.uartes.edu.ec\/sitio\/fr\/blog\/author\/ccortez\/"},"publishpress_future_workflow_manual_trigger":{"enabledWorkflows":[]},"distributor_meta":false,"distributor_terms":false,"distributor_media":false,"distributor_original_site_name":"Universidad de las Artes","distributor_original_site_url":"https:\/\/www.uartes.edu.ec\/sitio\/fr","push-errors":false,"_links":{"self":[{"href":"https:\/\/www.uartes.edu.ec\/sitio\/fr\/wp-json\/wp\/v2\/posts\/24285","targetHints":{"allow":["GET"]}}],"collection":[{"href":"https:\/\/www.uartes.edu.ec\/sitio\/fr\/wp-json\/wp\/v2\/posts"}],"about":[{"href":"https:\/\/www.uartes.edu.ec\/sitio\/fr\/wp-json\/wp\/v2\/types\/post"}],"author":[{"embeddable":true,"href":"https:\/\/www.uartes.edu.ec\/sitio\/fr\/wp-json\/wp\/v2\/users\/10"}],"replies":[{"embeddable":true,"href":"https:\/\/www.uartes.edu.ec\/sitio\/fr\/wp-json\/wp\/v2\/comments?post=24285"}],"version-history":[{"count":11,"href":"https:\/\/www.uartes.edu.ec\/sitio\/fr\/wp-json\/wp\/v2\/posts\/24285\/revisions"}],"predecessor-version":[{"id":24658,"href":"https:\/\/www.uartes.edu.ec\/sitio\/fr\/wp-json\/wp\/v2\/posts\/24285\/revisions\/24658"}],"wp:featuredmedia":[{"embeddable":true,"href":"https:\/\/www.uartes.edu.ec\/sitio\/fr\/wp-json\/wp\/v2\/media\/24286"}],"wp:attachment":[{"href":"https:\/\/www.uartes.edu.ec\/sitio\/fr\/wp-json\/wp\/v2\/media?parent=24285"}],"wp:term":[{"taxonomy":"category","embeddable":true,"href":"https:\/\/www.uartes.edu.ec\/sitio\/fr\/wp-json\/wp\/v2\/categories?post=24285"},{"taxonomy":"post_tag","embeddable":true,"href":"https:\/\/www.uartes.edu.ec\/sitio\/fr\/wp-json\/wp\/v2\/tags?post=24285"},{"taxonomy":"infouartes","embeddable":true,"href":"https:\/\/www.uartes.edu.ec\/sitio\/fr\/wp-json\/wp\/v2\/infouartes?post=24285"}],"curies":[{"name":"wp","href":"https:\/\/api.w.org\/{rel}","templated":true}]}}