{"id":25534,"date":"2022-07-29T09:34:00","date_gmt":"2022-07-29T14:34:00","guid":{"rendered":"http:\/\/www.uartes.edu.ec\/sitio\/?p=25534"},"modified":"2024-07-04T11:23:15","modified_gmt":"2024-07-04T16:23:15","slug":"grupo-de-investigacion-creacion-uartes-comparteexperiencia-de-trabajo-de-campo-en-la-amazonia","status":"publish","type":"post","link":"https:\/\/www.uartes.edu.ec\/sitio\/fr\/blog\/2022\/07\/29\/grupo-de-investigacion-creacion-uartes-comparteexperiencia-de-trabajo-de-campo-en-la-amazonia\/","title":{"rendered":"Grupo de investigaci\u00f3n-creaci\u00f3n UArtes comparte experiencia de trabajo de campo en la Amazonia"},"content":{"rendered":"<p>El grupo de investigaci\u00f3n-creaci\u00f3n, que cuenta con el apoyo del Vicerrectorado de Posgrados e Investigaci\u00f3n en Artes, y que es dirigido por la docente e investigadora Sara Baranzoni, ha concluido con la segunda fase del proyecto \u00abEcolog\u00edas perform\u00e1ticas: pandemia, extractivismos y re-inventivas emergentes\u201d.<\/p>\n\n\n\n<p>El estudiante de titulaci\u00f3n de la Escuela de Artes Esc\u00e9nicas, Gustavo Ar\u00e9balo, escribi\u00f3 en primera persona para InfoUArtes, a fin de dar a conocer aspectos generales de la experiencia durante el trabajo de campo realizado, el cual, anota, reafirma el sentido de las acciones del grupo de investigaci\u00f3n-creaci\u00f3n de la UArtes. Aqu\u00ed su texto:<\/p>\n\n\n\n<p>La selva nos sobrevino como un evento repleto de imprevistos. Y aunque muchos aspectos pueden eventualmente anticiparse en sue\u00f1os, no todo se acota a trav\u00e9s de l\u00edneas rectas y cortes precisos. Los desdoblamientos practicados sobre el plan inicial no fueron, sin embargo, un problema para el equipo.<\/p>\n\n\n\n<p>El trabajo de campo realizado en la comunidad kichwa-amaz\u00f3nica Serena, cant\u00f3n Talag, provincia de Napo, tuvo como anfitrionas a las mujeres de la Asociaci\u00f3n de Guardia Kichwa Yuturi Warmi. Se trata de un colectivo organizado en contra de la explotaci\u00f3n de bienes naturales, principalmente contra el aprovechamiento del oro procedente de los r\u00edos. La extracci\u00f3n de oro aluvial es un tipo de miner\u00eda particularmente destructiva de los cuerpos de agua, una pr\u00e1ctica extractiva que vulnera no solo la salud de los ecosistemas acu\u00e1ticos, sino tambi\u00e9n las vidas humanas y los horizontes sagrados de las comunidades que atribuyen a dichos cuerpos una personalidad espiritual.<\/p>\n\n\n\n<p>Junto a las Yuturi Warmi efectuamos una serie de cuatro talleres que, aunque no fueron correlativos, mantuvieron constante unas variables comunes, como son el fondo contextual de los conflictos socioecol\u00f3gicos y el sentido continuo de integralidad con lo natural que orienta al pueblo amaz\u00f3nico al momento de definir lo que existe y de relacionarse con ello. El Laboratorio de pr\u00e1cticas art\u00edsticas y bio-sociales que propusimos se organiz\u00f3 sobre la base de una estructura que asume la \u201cecolog\u00eda de saberes\u201d como herramienta principal para el tejido de las interacciones entre la Selva, las Yuturi Warmi y el grupo de investigaci\u00f3n. <\/p>\n\n\n\n<figure class=\"wp-block-image size-full\"><img fetchpriority=\"high\" decoding=\"async\" width=\"2000\" height=\"1333\" src=\"http:\/\/www.uartes.edu.ec\/sitio\/wp-content\/uploads\/2022\/07\/AMAZONIA-ESCENICA-WEB-2.jpg\" alt=\"\" class=\"wp-image-25536\" srcset=\"https:\/\/www.uartes.edu.ec\/sitio\/wp-content\/uploads\/2022\/07\/AMAZONIA-ESCENICA-WEB-2.jpg 2000w, https:\/\/www.uartes.edu.ec\/sitio\/wp-content\/uploads\/2022\/07\/AMAZONIA-ESCENICA-WEB-2-644x429.jpg 644w, https:\/\/www.uartes.edu.ec\/sitio\/wp-content\/uploads\/2022\/07\/AMAZONIA-ESCENICA-WEB-2-768x511.jpg 768w, https:\/\/www.uartes.edu.ec\/sitio\/wp-content\/uploads\/2022\/07\/AMAZONIA-ESCENICA-WEB-2-600x399.jpg 600w, https:\/\/www.uartes.edu.ec\/sitio\/wp-content\/uploads\/2022\/07\/AMAZONIA-ESCENICA-WEB-2-272x182.jpg 272w\" sizes=\"(max-width: 2000px) 100vw, 2000px\" \/><figcaption class=\"wp-element-caption\">Vista del R\u00edo Jatun Yaku desde el antiguo sendereo que conduce a Cerro puntas, durante una excursi\u00f3n de<br>mapeo de los hitos sagrados del grupo. La foto es una cortes\u00eda de Sara F\u00e9lix.<\/figcaption><\/figure>\n\n\n\n<p>Como estrategia de conjunto, los talleres apuntaron a la producci\u00f3n tentativa de metodolog\u00edas de creaci\u00f3n art\u00edstica ecopoi\u00e9ticas, y a la construcci\u00f3n de alianzas eto-ecol\u00f3gicas que implican relacionamientos con poblaciones ecol\u00f3gicas que est\u00e1n m\u00e1s all\u00e1 del ser humano. De ah\u00ed que las t\u00e9cnicas provenientes de las artes esc\u00e9nicas con \u00e9nfasis en la creaci\u00f3n de espacios, el cine en formato documental experimental y la pr\u00e1ctica escritural que parte de un abordaje no convencional de la etnograf\u00eda e incluye el mapeo con dimensiones materiales recogidas del entorno como proceso narrativo del s\u00ed mismo, se pusieron en di\u00e1logo con saberes locales, como por ejemplo, aquellos relativos a plantas medicinales, procesos de curaci\u00f3n por medio de cantos y conocimientos cin\u00e9ticos que ayudan a desenvolverse en los bosques.<\/p>\n\n\n\n<p>Este di\u00e1logo \u2013hay que decirlo\u2013 nos demanda un movimiento que requiere necesariamente de aperturas radicales frente a las dimensiones intensivas de la ontolog\u00eda ind\u00edgena-amaz\u00f3nica, pues, las maneras en que se define la Selva y se establecen las relaciones con ella, los seres vivos que la habitan y los lugares sagrados, ponen en crisis las matrices hegem\u00f3nicas de la sensorialidad y el sentir. Lo cual, en efecto, podr\u00eda polinizar convenientemente procesos de creaci\u00f3n art\u00edstica, y en este sentido, ayudar en la activaci\u00f3n de procesos de subjetivaci\u00f3n distintos de los fabricados por el capitalismo global. Habr\u00eda que decir, adem\u00e1s, que dicho di\u00e1logo de saberes podr\u00eda contribuir desde la investigaci\u00f3n acad\u00e9mica en artes a las discusiones sobre conflictos socioambientales, prop\u00f3sitos de gran valor en los frentes de las humanidades ambientales y l\u00edneas de ecolog\u00eda pol\u00edtica.<\/p>\n\n\n\n<p>El grupo de investigaci\u00f3n apoyado por el Vicerrectorado de Posgrado e Investigaci\u00f3n en Artes, lo integran los docentes Sara Baranzoni y Paolo Vignola, y los estudiantes Sara F\u00e9lix, Gustavo Ar\u00e9balo (Escuela de Artes Esc\u00e9nicas), Alejandra Carvajal Reyes, (Escuela de Cine) y el egresado de la licenciatura en Creaci\u00f3n Teatral Julio Maqul\u00f3n Flores.<\/p>\n\n\n\n<p>En la foto principal constan, de derecha a izquierda, los y las estudiantes Gustavo Ar\u00e9balo y Sara F\u00e9lix (Escuela de Artes Esc\u00e9nicas), el egresado de la licenciatura en Creaci\u00f3n Teatral Julio Maquil\u00f3n Flores y Alejandra Carvajal Reyes (Escuela de Cine), junto a la Asociaci\u00f3n de Guardia Kichwa Yuturi Warmi, en la comunidad Serena, despu\u00e9s de una Guayusa Upina.<br><\/p>\n\n\n\n<p>Sitio web:<br><a href=\"https:\/\/ecologiasperformaticas.gq\/\">https:\/\/ecologiasperformaticas.gq\/<\/a><\/p>\n\n\n\n<p>&nbsp;Instagram: <a href=\"https:\/\/www.instagram.com\/ecologiasperformaticas7\/?igshid=YmMyMTA2M2Y%3D\">https:\/\/www.instagram.com\/ecologiasperformaticas7\/?igshid=YmMyMTA2M2Y%3D<\/a><\/p>\n\n\n\n<p>Contacto:<br>ecocriticas@gmail.com<\/p>\n\n\n\n<p>Asociaci\u00f3n de Guardia Kichwa Yuturi Warmi:&nbsp;<br><a href=\"https:\/\/www.instagram.com\/yuturiwarmi\/\">https:\/\/www.instagram.com\/yuturiwarmi\/<\/a><\/p>","protected":false},"excerpt":{"rendered":"<p>El grupo de investigaci\u00f3n-creaci\u00f3n de la UArtes, Eco-l\u00f3gicas: relaciones expansivas, reequilibrio de los extractivismos y derivaciones perform\u00e1ticas, comparte aspectos generales de su experiencia durante el trabajo de campo realizado en la Amazon\u00eda. Cuenta con el apoyo del Vicerrectorado de Posgrados e Investigaci\u00f3n en Artes y es dirigido por la docente Sara Baranzoni<\/p>","protected":false},"author":10,"featured_media":25535,"comment_status":"open","ping_status":"open","sticky":false,"template":"","format":"standard","meta":{"_acf_changed":false,"_uag_custom_page_level_css":"","_monsterinsights_skip_tracking":false,"_monsterinsights_sitenote_active":false,"_monsterinsights_sitenote_note":"","_monsterinsights_sitenote_category":0,"cybocfi_hide_featured_image":"","footnotes":""},"categories":[715,80,75,76,284],"tags":[746],"infouartes":[],"class_list":["post-25534","post","type-post","status-publish","format-standard","has-post-thumbnail","hentry","category-2c","category-academico","category-docentes","category-estudiantes","category-investigacion","tag-en-la-amazonia"],"acf":[],"yoast_head":"<!-- This site is optimized with the Yoast SEO plugin v27.4 - https:\/\/yoast.com\/product\/yoast-seo-wordpress\/ -->\n<title>Universidad de las Artes - Grupo de investigaci\u00f3n-creaci\u00f3n UArtes comparte experiencia de trabajo de campo en la Amazonia<\/title>\n<meta name=\"description\" content=\"Universidad de las Artes - Grupo de investigaci\u00f3n-creaci\u00f3n UArtes comparte experiencia de trabajo de campo en la Amazonia\" \/>\n<meta name=\"robots\" content=\"index, follow, max-snippet:-1, max-image-preview:large, max-video-preview:-1\" \/>\n<link rel=\"canonical\" href=\"https:\/\/www.uartes.edu.ec\/sitio\/fr\/blog\/2022\/07\/29\/grupo-de-investigacion-creacion-uartes-comparteexperiencia-de-trabajo-de-campo-en-la-amazonia\/\" \/>\n<meta property=\"og:locale\" content=\"fr_FR\" \/>\n<meta property=\"og:type\" content=\"article\" \/>\n<meta property=\"og:title\" content=\"Universidad de las Artes - Grupo de investigaci\u00f3n-creaci\u00f3n UArtes comparte experiencia de trabajo de campo en la Amazonia\" \/>\n<meta property=\"og:description\" content=\"Universidad de las Artes - Grupo de investigaci\u00f3n-creaci\u00f3n UArtes comparte experiencia de trabajo de campo en la Amazonia\" \/>\n<meta property=\"og:url\" content=\"https:\/\/www.uartes.edu.ec\/sitio\/fr\/blog\/2022\/07\/29\/grupo-de-investigacion-creacion-uartes-comparteexperiencia-de-trabajo-de-campo-en-la-amazonia\/\" \/>\n<meta property=\"og:site_name\" content=\"Universidad de las Artes\" \/>\n<meta property=\"article:publisher\" content=\"https:\/\/www.facebook.com\/uartesec\" \/>\n<meta property=\"article:published_time\" content=\"2022-07-29T14:34:00+00:00\" \/>\n<meta property=\"article:modified_time\" content=\"2024-07-04T16:23:15+00:00\" \/>\n<meta property=\"og:image\" content=\"https:\/\/www.uartes.edu.ec\/sitio\/wp-content\/uploads\/2022\/07\/AMAZONIA-ESCENICA-WEB.jpg\" \/>\n\t<meta property=\"og:image:width\" content=\"2000\" \/>\n\t<meta property=\"og:image:height\" content=\"1333\" \/>\n\t<meta property=\"og:image:type\" content=\"image\/jpeg\" \/>\n<meta name=\"author\" content=\"ccortez\" \/>\n<meta name=\"twitter:card\" content=\"summary_large_image\" \/>\n<meta name=\"twitter:creator\" content=\"@uartesec\" \/>\n<meta name=\"twitter:site\" content=\"@uartesec\" \/>\n<meta name=\"twitter:label1\" content=\"\u00c9crit par\" \/>\n\t<meta name=\"twitter:data1\" content=\"ccortez\" \/>\n\t<meta name=\"twitter:label2\" content=\"Dur\u00e9e de lecture estim\u00e9e\" \/>\n\t<meta name=\"twitter:data2\" content=\"4 minutes\" \/>\n<script type=\"application\/ld+json\" class=\"yoast-schema-graph\">{\"@context\":\"https:\\\/\\\/schema.org\",\"@graph\":[{\"@type\":\"Article\",\"@id\":\"https:\\\/\\\/www.uartes.edu.ec\\\/sitio\\\/fr\\\/blog\\\/2022\\\/07\\\/29\\\/grupo-de-investigacion-creacion-uartes-comparteexperiencia-de-trabajo-de-campo-en-la-amazonia\\\/#article\",\"isPartOf\":{\"@id\":\"https:\\\/\\\/www.uartes.edu.ec\\\/sitio\\\/fr\\\/blog\\\/2022\\\/07\\\/29\\\/grupo-de-investigacion-creacion-uartes-comparteexperiencia-de-trabajo-de-campo-en-la-amazonia\\\/\"},\"author\":{\"name\":\"ccortez\",\"@id\":\"https:\\\/\\\/www.uartes.edu.ec\\\/sitio\\\/fr\\\/#\\\/schema\\\/person\\\/efa1b8275797664fd7f13a79ccc0b1f4\"},\"headline\":\"Grupo de investigaci\u00f3n-creaci\u00f3n UArtes comparte experiencia de trabajo de campo en la Amazonia\",\"datePublished\":\"2022-07-29T14:34:00+00:00\",\"dateModified\":\"2024-07-04T16:23:15+00:00\",\"mainEntityOfPage\":{\"@id\":\"https:\\\/\\\/www.uartes.edu.ec\\\/sitio\\\/fr\\\/blog\\\/2022\\\/07\\\/29\\\/grupo-de-investigacion-creacion-uartes-comparteexperiencia-de-trabajo-de-campo-en-la-amazonia\\\/\"},\"wordCount\":876,\"commentCount\":0,\"publisher\":{\"@id\":\"https:\\\/\\\/www.uartes.edu.ec\\\/sitio\\\/fr\\\/#organization\"},\"image\":{\"@id\":\"https:\\\/\\\/www.uartes.edu.ec\\\/sitio\\\/fr\\\/blog\\\/2022\\\/07\\\/29\\\/grupo-de-investigacion-creacion-uartes-comparteexperiencia-de-trabajo-de-campo-en-la-amazonia\\\/#primaryimage\"},\"thumbnailUrl\":\"https:\\\/\\\/www.uartes.edu.ec\\\/sitio\\\/wp-content\\\/uploads\\\/2022\\\/07\\\/AMAZONIA-ESCENICA-WEB.jpg\",\"keywords\":[\"en la Amazon\u00eda\"],\"articleSection\":[\"2C\",\"Acad\u00e9mico\",\"Docentes\",\"Estudiantes\",\"Investigaci\u00f3n\"],\"inLanguage\":\"fr-FR\",\"potentialAction\":[{\"@type\":\"CommentAction\",\"name\":\"Comment\",\"target\":[\"https:\\\/\\\/www.uartes.edu.ec\\\/sitio\\\/fr\\\/blog\\\/2022\\\/07\\\/29\\\/grupo-de-investigacion-creacion-uartes-comparteexperiencia-de-trabajo-de-campo-en-la-amazonia\\\/#respond\"]}]},{\"@type\":[\"WebPage\",\"ItemPage\"],\"@id\":\"https:\\\/\\\/www.uartes.edu.ec\\\/sitio\\\/fr\\\/blog\\\/2022\\\/07\\\/29\\\/grupo-de-investigacion-creacion-uartes-comparteexperiencia-de-trabajo-de-campo-en-la-amazonia\\\/\",\"url\":\"https:\\\/\\\/www.uartes.edu.ec\\\/sitio\\\/fr\\\/blog\\\/2022\\\/07\\\/29\\\/grupo-de-investigacion-creacion-uartes-comparteexperiencia-de-trabajo-de-campo-en-la-amazonia\\\/\",\"name\":\"Universidad de las Artes - Grupo de investigaci\u00f3n-creaci\u00f3n UArtes comparte experiencia de trabajo de campo en la Amazonia\",\"isPartOf\":{\"@id\":\"https:\\\/\\\/www.uartes.edu.ec\\\/sitio\\\/fr\\\/#website\"},\"primaryImageOfPage\":{\"@id\":\"https:\\\/\\\/www.uartes.edu.ec\\\/sitio\\\/fr\\\/blog\\\/2022\\\/07\\\/29\\\/grupo-de-investigacion-creacion-uartes-comparteexperiencia-de-trabajo-de-campo-en-la-amazonia\\\/#primaryimage\"},\"image\":{\"@id\":\"https:\\\/\\\/www.uartes.edu.ec\\\/sitio\\\/fr\\\/blog\\\/2022\\\/07\\\/29\\\/grupo-de-investigacion-creacion-uartes-comparteexperiencia-de-trabajo-de-campo-en-la-amazonia\\\/#primaryimage\"},\"thumbnailUrl\":\"https:\\\/\\\/www.uartes.edu.ec\\\/sitio\\\/wp-content\\\/uploads\\\/2022\\\/07\\\/AMAZONIA-ESCENICA-WEB.jpg\",\"datePublished\":\"2022-07-29T14:34:00+00:00\",\"dateModified\":\"2024-07-04T16:23:15+00:00\",\"description\":\"Universidad de las Artes - Grupo de investigaci\u00f3n-creaci\u00f3n UArtes comparte experiencia de trabajo de campo en la Amazonia\",\"breadcrumb\":{\"@id\":\"https:\\\/\\\/www.uartes.edu.ec\\\/sitio\\\/fr\\\/blog\\\/2022\\\/07\\\/29\\\/grupo-de-investigacion-creacion-uartes-comparteexperiencia-de-trabajo-de-campo-en-la-amazonia\\\/#breadcrumb\"},\"inLanguage\":\"fr-FR\",\"potentialAction\":[{\"@type\":\"ReadAction\",\"target\":[\"https:\\\/\\\/www.uartes.edu.ec\\\/sitio\\\/fr\\\/blog\\\/2022\\\/07\\\/29\\\/grupo-de-investigacion-creacion-uartes-comparteexperiencia-de-trabajo-de-campo-en-la-amazonia\\\/\"]}]},{\"@type\":\"ImageObject\",\"inLanguage\":\"fr-FR\",\"@id\":\"https:\\\/\\\/www.uartes.edu.ec\\\/sitio\\\/fr\\\/blog\\\/2022\\\/07\\\/29\\\/grupo-de-investigacion-creacion-uartes-comparteexperiencia-de-trabajo-de-campo-en-la-amazonia\\\/#primaryimage\",\"url\":\"https:\\\/\\\/www.uartes.edu.ec\\\/sitio\\\/wp-content\\\/uploads\\\/2022\\\/07\\\/AMAZONIA-ESCENICA-WEB.jpg\",\"contentUrl\":\"https:\\\/\\\/www.uartes.edu.ec\\\/sitio\\\/wp-content\\\/uploads\\\/2022\\\/07\\\/AMAZONIA-ESCENICA-WEB.jpg\",\"width\":2000,\"height\":1333},{\"@type\":\"BreadcrumbList\",\"@id\":\"https:\\\/\\\/www.uartes.edu.ec\\\/sitio\\\/fr\\\/blog\\\/2022\\\/07\\\/29\\\/grupo-de-investigacion-creacion-uartes-comparteexperiencia-de-trabajo-de-campo-en-la-amazonia\\\/#breadcrumb\",\"itemListElement\":[{\"@type\":\"ListItem\",\"position\":1,\"name\":\"Inicio\",\"item\":\"https:\\\/\\\/www.uartes.edu.ec\\\/sitio\\\/\"},{\"@type\":\"ListItem\",\"position\":2,\"name\":\"Grupo de investigaci\u00f3n-creaci\u00f3n UArtes comparte experiencia de trabajo de campo en la Amazonia\"}]},{\"@type\":\"WebSite\",\"@id\":\"https:\\\/\\\/www.uartes.edu.ec\\\/sitio\\\/fr\\\/#website\",\"url\":\"https:\\\/\\\/www.uartes.edu.ec\\\/sitio\\\/fr\\\/\",\"name\":\"Universidad de las Artes\",\"description\":\"Sitio oficial de la Universidad Nacional de las Artes del Ecuador\",\"publisher\":{\"@id\":\"https:\\\/\\\/www.uartes.edu.ec\\\/sitio\\\/fr\\\/#organization\"},\"potentialAction\":[{\"@type\":\"SearchAction\",\"target\":{\"@type\":\"EntryPoint\",\"urlTemplate\":\"https:\\\/\\\/www.uartes.edu.ec\\\/sitio\\\/fr\\\/?s={search_term_string}\"},\"query-input\":{\"@type\":\"PropertyValueSpecification\",\"valueRequired\":true,\"valueName\":\"search_term_string\"}}],\"inLanguage\":\"fr-FR\"},{\"@type\":\"Organization\",\"@id\":\"https:\\\/\\\/www.uartes.edu.ec\\\/sitio\\\/fr\\\/#organization\",\"name\":\"Universidad de las Artes\",\"url\":\"https:\\\/\\\/www.uartes.edu.ec\\\/sitio\\\/fr\\\/\",\"logo\":{\"@type\":\"ImageObject\",\"inLanguage\":\"fr-FR\",\"@id\":\"https:\\\/\\\/www.uartes.edu.ec\\\/sitio\\\/fr\\\/#\\\/schema\\\/logo\\\/image\\\/\",\"url\":\"https:\\\/\\\/www.uartes.edu.ec\\\/sitio\\\/wp-content\\\/uploads\\\/2022\\\/07\\\/logo-ua-horizontal.png\",\"contentUrl\":\"https:\\\/\\\/www.uartes.edu.ec\\\/sitio\\\/wp-content\\\/uploads\\\/2022\\\/07\\\/logo-ua-horizontal.png\",\"width\":800,\"height\":276,\"caption\":\"Universidad de las Artes\"},\"image\":{\"@id\":\"https:\\\/\\\/www.uartes.edu.ec\\\/sitio\\\/fr\\\/#\\\/schema\\\/logo\\\/image\\\/\"},\"sameAs\":[\"https:\\\/\\\/www.facebook.com\\\/uartesec\",\"https:\\\/\\\/x.com\\\/uartesec\",\"https:\\\/\\\/www.tiktok.com\\\/@uartesec\"]},{\"@type\":\"Person\",\"@id\":\"https:\\\/\\\/www.uartes.edu.ec\\\/sitio\\\/fr\\\/#\\\/schema\\\/person\\\/efa1b8275797664fd7f13a79ccc0b1f4\",\"name\":\"ccortez\",\"image\":{\"@type\":\"ImageObject\",\"inLanguage\":\"fr-FR\",\"@id\":\"https:\\\/\\\/secure.gravatar.com\\\/avatar\\\/b2a6f664a3ae8e074346ef91775736c5ec479e637ecced6842de9dc98b5da9cd?s=96&d=mm&r=g\",\"url\":\"https:\\\/\\\/secure.gravatar.com\\\/avatar\\\/b2a6f664a3ae8e074346ef91775736c5ec479e637ecced6842de9dc98b5da9cd?s=96&d=mm&r=g\",\"contentUrl\":\"https:\\\/\\\/secure.gravatar.com\\\/avatar\\\/b2a6f664a3ae8e074346ef91775736c5ec479e637ecced6842de9dc98b5da9cd?s=96&d=mm&r=g\",\"caption\":\"ccortez\"},\"url\":\"https:\\\/\\\/www.uartes.edu.ec\\\/sitio\\\/fr\\\/blog\\\/author\\\/ccortez\\\/\"}]}<\/script>\n<!-- \/ Yoast SEO plugin. -->","yoast_head_json":{"title":"Universidad de las Artes - Grupo de investigaci\u00f3n-creaci\u00f3n UArtes comparte experiencia de trabajo de campo en la Amazonia","description":"Universidad de las Artes - Grupo de investigaci\u00f3n-creaci\u00f3n UArtes comparte experiencia de trabajo de campo en la Amazonia","robots":{"index":"index","follow":"follow","max-snippet":"max-snippet:-1","max-image-preview":"max-image-preview:large","max-video-preview":"max-video-preview:-1"},"canonical":"https:\/\/www.uartes.edu.ec\/sitio\/fr\/blog\/2022\/07\/29\/grupo-de-investigacion-creacion-uartes-comparteexperiencia-de-trabajo-de-campo-en-la-amazonia\/","og_locale":"fr_FR","og_type":"article","og_title":"Universidad de las Artes - Grupo de investigaci\u00f3n-creaci\u00f3n UArtes comparte experiencia de trabajo de campo en la Amazonia","og_description":"Universidad de las Artes - Grupo de investigaci\u00f3n-creaci\u00f3n UArtes comparte experiencia de trabajo de campo en la Amazonia","og_url":"https:\/\/www.uartes.edu.ec\/sitio\/fr\/blog\/2022\/07\/29\/grupo-de-investigacion-creacion-uartes-comparteexperiencia-de-trabajo-de-campo-en-la-amazonia\/","og_site_name":"Universidad de las Artes","article_publisher":"https:\/\/www.facebook.com\/uartesec","article_published_time":"2022-07-29T14:34:00+00:00","article_modified_time":"2024-07-04T16:23:15+00:00","og_image":[{"width":2000,"height":1333,"url":"https:\/\/www.uartes.edu.ec\/sitio\/wp-content\/uploads\/2022\/07\/AMAZONIA-ESCENICA-WEB.jpg","type":"image\/jpeg"}],"author":"ccortez","twitter_card":"summary_large_image","twitter_creator":"@uartesec","twitter_site":"@uartesec","twitter_misc":{"\u00c9crit par":"ccortez","Dur\u00e9e de lecture estim\u00e9e":"4 minutes"},"schema":{"@context":"https:\/\/schema.org","@graph":[{"@type":"Article","@id":"https:\/\/www.uartes.edu.ec\/sitio\/fr\/blog\/2022\/07\/29\/grupo-de-investigacion-creacion-uartes-comparteexperiencia-de-trabajo-de-campo-en-la-amazonia\/#article","isPartOf":{"@id":"https:\/\/www.uartes.edu.ec\/sitio\/fr\/blog\/2022\/07\/29\/grupo-de-investigacion-creacion-uartes-comparteexperiencia-de-trabajo-de-campo-en-la-amazonia\/"},"author":{"name":"ccortez","@id":"https:\/\/www.uartes.edu.ec\/sitio\/fr\/#\/schema\/person\/efa1b8275797664fd7f13a79ccc0b1f4"},"headline":"Grupo de investigaci\u00f3n-creaci\u00f3n UArtes comparte experiencia de trabajo de campo en la Amazonia","datePublished":"2022-07-29T14:34:00+00:00","dateModified":"2024-07-04T16:23:15+00:00","mainEntityOfPage":{"@id":"https:\/\/www.uartes.edu.ec\/sitio\/fr\/blog\/2022\/07\/29\/grupo-de-investigacion-creacion-uartes-comparteexperiencia-de-trabajo-de-campo-en-la-amazonia\/"},"wordCount":876,"commentCount":0,"publisher":{"@id":"https:\/\/www.uartes.edu.ec\/sitio\/fr\/#organization"},"image":{"@id":"https:\/\/www.uartes.edu.ec\/sitio\/fr\/blog\/2022\/07\/29\/grupo-de-investigacion-creacion-uartes-comparteexperiencia-de-trabajo-de-campo-en-la-amazonia\/#primaryimage"},"thumbnailUrl":"https:\/\/www.uartes.edu.ec\/sitio\/wp-content\/uploads\/2022\/07\/AMAZONIA-ESCENICA-WEB.jpg","keywords":["en la Amazon\u00eda"],"articleSection":["2C","Acad\u00e9mico","Docentes","Estudiantes","Investigaci\u00f3n"],"inLanguage":"fr-FR","potentialAction":[{"@type":"CommentAction","name":"Comment","target":["https:\/\/www.uartes.edu.ec\/sitio\/fr\/blog\/2022\/07\/29\/grupo-de-investigacion-creacion-uartes-comparteexperiencia-de-trabajo-de-campo-en-la-amazonia\/#respond"]}]},{"@type":["WebPage","ItemPage"],"@id":"https:\/\/www.uartes.edu.ec\/sitio\/fr\/blog\/2022\/07\/29\/grupo-de-investigacion-creacion-uartes-comparteexperiencia-de-trabajo-de-campo-en-la-amazonia\/","url":"https:\/\/www.uartes.edu.ec\/sitio\/fr\/blog\/2022\/07\/29\/grupo-de-investigacion-creacion-uartes-comparteexperiencia-de-trabajo-de-campo-en-la-amazonia\/","name":"Universidad de las Artes - Grupo de investigaci\u00f3n-creaci\u00f3n UArtes comparte experiencia de trabajo de campo en la Amazonia","isPartOf":{"@id":"https:\/\/www.uartes.edu.ec\/sitio\/fr\/#website"},"primaryImageOfPage":{"@id":"https:\/\/www.uartes.edu.ec\/sitio\/fr\/blog\/2022\/07\/29\/grupo-de-investigacion-creacion-uartes-comparteexperiencia-de-trabajo-de-campo-en-la-amazonia\/#primaryimage"},"image":{"@id":"https:\/\/www.uartes.edu.ec\/sitio\/fr\/blog\/2022\/07\/29\/grupo-de-investigacion-creacion-uartes-comparteexperiencia-de-trabajo-de-campo-en-la-amazonia\/#primaryimage"},"thumbnailUrl":"https:\/\/www.uartes.edu.ec\/sitio\/wp-content\/uploads\/2022\/07\/AMAZONIA-ESCENICA-WEB.jpg","datePublished":"2022-07-29T14:34:00+00:00","dateModified":"2024-07-04T16:23:15+00:00","description":"Universidad de las Artes - Grupo de investigaci\u00f3n-creaci\u00f3n UArtes comparte experiencia de trabajo de campo en la Amazonia","breadcrumb":{"@id":"https:\/\/www.uartes.edu.ec\/sitio\/fr\/blog\/2022\/07\/29\/grupo-de-investigacion-creacion-uartes-comparteexperiencia-de-trabajo-de-campo-en-la-amazonia\/#breadcrumb"},"inLanguage":"fr-FR","potentialAction":[{"@type":"ReadAction","target":["https:\/\/www.uartes.edu.ec\/sitio\/fr\/blog\/2022\/07\/29\/grupo-de-investigacion-creacion-uartes-comparteexperiencia-de-trabajo-de-campo-en-la-amazonia\/"]}]},{"@type":"ImageObject","inLanguage":"fr-FR","@id":"https:\/\/www.uartes.edu.ec\/sitio\/fr\/blog\/2022\/07\/29\/grupo-de-investigacion-creacion-uartes-comparteexperiencia-de-trabajo-de-campo-en-la-amazonia\/#primaryimage","url":"https:\/\/www.uartes.edu.ec\/sitio\/wp-content\/uploads\/2022\/07\/AMAZONIA-ESCENICA-WEB.jpg","contentUrl":"https:\/\/www.uartes.edu.ec\/sitio\/wp-content\/uploads\/2022\/07\/AMAZONIA-ESCENICA-WEB.jpg","width":2000,"height":1333},{"@type":"BreadcrumbList","@id":"https:\/\/www.uartes.edu.ec\/sitio\/fr\/blog\/2022\/07\/29\/grupo-de-investigacion-creacion-uartes-comparteexperiencia-de-trabajo-de-campo-en-la-amazonia\/#breadcrumb","itemListElement":[{"@type":"ListItem","position":1,"name":"Inicio","item":"https:\/\/www.uartes.edu.ec\/sitio\/"},{"@type":"ListItem","position":2,"name":"Grupo de investigaci\u00f3n-creaci\u00f3n UArtes comparte experiencia de trabajo de campo en la Amazonia"}]},{"@type":"WebSite","@id":"https:\/\/www.uartes.edu.ec\/sitio\/fr\/#website","url":"https:\/\/www.uartes.edu.ec\/sitio\/fr\/","name":"Universidad de las Artes","description":"Sitio oficial de la Universidad Nacional de las Artes del Ecuador","publisher":{"@id":"https:\/\/www.uartes.edu.ec\/sitio\/fr\/#organization"},"potentialAction":[{"@type":"SearchAction","target":{"@type":"EntryPoint","urlTemplate":"https:\/\/www.uartes.edu.ec\/sitio\/fr\/?s={search_term_string}"},"query-input":{"@type":"PropertyValueSpecification","valueRequired":true,"valueName":"search_term_string"}}],"inLanguage":"fr-FR"},{"@type":"Organization","@id":"https:\/\/www.uartes.edu.ec\/sitio\/fr\/#organization","name":"Universidad de las Artes","url":"https:\/\/www.uartes.edu.ec\/sitio\/fr\/","logo":{"@type":"ImageObject","inLanguage":"fr-FR","@id":"https:\/\/www.uartes.edu.ec\/sitio\/fr\/#\/schema\/logo\/image\/","url":"https:\/\/www.uartes.edu.ec\/sitio\/wp-content\/uploads\/2022\/07\/logo-ua-horizontal.png","contentUrl":"https:\/\/www.uartes.edu.ec\/sitio\/wp-content\/uploads\/2022\/07\/logo-ua-horizontal.png","width":800,"height":276,"caption":"Universidad de las Artes"},"image":{"@id":"https:\/\/www.uartes.edu.ec\/sitio\/fr\/#\/schema\/logo\/image\/"},"sameAs":["https:\/\/www.facebook.com\/uartesec","https:\/\/x.com\/uartesec","https:\/\/www.tiktok.com\/@uartesec"]},{"@type":"Person","@id":"https:\/\/www.uartes.edu.ec\/sitio\/fr\/#\/schema\/person\/efa1b8275797664fd7f13a79ccc0b1f4","name":"ccortez","image":{"@type":"ImageObject","inLanguage":"fr-FR","@id":"https:\/\/secure.gravatar.com\/avatar\/b2a6f664a3ae8e074346ef91775736c5ec479e637ecced6842de9dc98b5da9cd?s=96&d=mm&r=g","url":"https:\/\/secure.gravatar.com\/avatar\/b2a6f664a3ae8e074346ef91775736c5ec479e637ecced6842de9dc98b5da9cd?s=96&d=mm&r=g","contentUrl":"https:\/\/secure.gravatar.com\/avatar\/b2a6f664a3ae8e074346ef91775736c5ec479e637ecced6842de9dc98b5da9cd?s=96&d=mm&r=g","caption":"ccortez"},"url":"https:\/\/www.uartes.edu.ec\/sitio\/fr\/blog\/author\/ccortez\/"}]}},"uagb_featured_image_src":{"full":["https:\/\/www.uartes.edu.ec\/sitio\/wp-content\/uploads\/2022\/07\/AMAZONIA-ESCENICA-WEB.jpg",2000,1333,false],"thumbnail":["https:\/\/www.uartes.edu.ec\/sitio\/wp-content\/uploads\/2022\/07\/AMAZONIA-ESCENICA-WEB-150x150.jpg",150,150,true],"medium":["https:\/\/www.uartes.edu.ec\/sitio\/wp-content\/uploads\/2022\/07\/AMAZONIA-ESCENICA-WEB-300x200.jpg",300,200,true],"medium_large":["https:\/\/www.uartes.edu.ec\/sitio\/wp-content\/uploads\/2022\/07\/AMAZONIA-ESCENICA-WEB-768x512.jpg",768,512,true],"large":["https:\/\/www.uartes.edu.ec\/sitio\/wp-content\/uploads\/2022\/07\/AMAZONIA-ESCENICA-WEB-644x429.jpg",644,429,true],"1536x1536":["https:\/\/www.uartes.edu.ec\/sitio\/wp-content\/uploads\/2022\/07\/AMAZONIA-ESCENICA-WEB-1536x1024.jpg",1536,1024,true],"2048x2048":["https:\/\/www.uartes.edu.ec\/sitio\/wp-content\/uploads\/2022\/07\/AMAZONIA-ESCENICA-WEB.jpg",2000,1333,false],"trp-custom-language-flag":["https:\/\/www.uartes.edu.ec\/sitio\/wp-content\/uploads\/2022\/07\/AMAZONIA-ESCENICA-WEB.jpg",18,12,false],"htmega_size_585x295":["https:\/\/www.uartes.edu.ec\/sitio\/wp-content\/uploads\/2022\/07\/AMAZONIA-ESCENICA-WEB.jpg",443,295,false],"htmega_size_1170x536":["https:\/\/www.uartes.edu.ec\/sitio\/wp-content\/uploads\/2022\/07\/AMAZONIA-ESCENICA-WEB.jpg",804,536,false],"htmega_size_396x360":["https:\/\/www.uartes.edu.ec\/sitio\/wp-content\/uploads\/2022\/07\/AMAZONIA-ESCENICA-WEB.jpg",396,264,false],"gb-block-post-grid-landscape":["https:\/\/www.uartes.edu.ec\/sitio\/wp-content\/uploads\/2022\/07\/AMAZONIA-ESCENICA-WEB-600x400.jpg",600,400,true],"gb-block-post-grid-square":["https:\/\/www.uartes.edu.ec\/sitio\/wp-content\/uploads\/2022\/07\/AMAZONIA-ESCENICA-WEB-600x600.jpg",600,600,true],"university-hub-thumb":["https:\/\/www.uartes.edu.ec\/sitio\/wp-content\/uploads\/2022\/07\/AMAZONIA-ESCENICA-WEB-400x267.jpg",400,267,true]},"uagb_author_info":{"display_name":"ccortez","author_link":"https:\/\/www.uartes.edu.ec\/sitio\/fr\/blog\/author\/ccortez\/"},"uagb_comment_info":0,"uagb_excerpt":"El grupo de investigaci\u00f3n-creaci\u00f3n de la UArtes, Eco-l\u00f3gicas: relaciones expansivas, reequilibrio de los extractivismos y derivaciones perform\u00e1ticas, comparte aspectos generales de su experiencia durante el trabajo de campo realizado en la Amazon\u00eda. Cuenta con el apoyo del Vicerrectorado de Posgrados e Investigaci\u00f3n en Artes y es dirigido por la docente Sara Baranzoni","featured_image_src":"https:\/\/www.uartes.edu.ec\/sitio\/wp-content\/uploads\/2022\/07\/AMAZONIA-ESCENICA-WEB-600x400.jpg","featured_image_src_square":"https:\/\/www.uartes.edu.ec\/sitio\/wp-content\/uploads\/2022\/07\/AMAZONIA-ESCENICA-WEB-600x600.jpg","author_info":{"display_name":"ccortez","author_link":"https:\/\/www.uartes.edu.ec\/sitio\/fr\/blog\/author\/ccortez\/"},"publishpress_future_workflow_manual_trigger":{"enabledWorkflows":[]},"distributor_meta":false,"distributor_terms":false,"distributor_media":false,"distributor_original_site_name":"Universidad de las Artes","distributor_original_site_url":"https:\/\/www.uartes.edu.ec\/sitio\/fr","push-errors":false,"_links":{"self":[{"href":"https:\/\/www.uartes.edu.ec\/sitio\/fr\/wp-json\/wp\/v2\/posts\/25534","targetHints":{"allow":["GET"]}}],"collection":[{"href":"https:\/\/www.uartes.edu.ec\/sitio\/fr\/wp-json\/wp\/v2\/posts"}],"about":[{"href":"https:\/\/www.uartes.edu.ec\/sitio\/fr\/wp-json\/wp\/v2\/types\/post"}],"author":[{"embeddable":true,"href":"https:\/\/www.uartes.edu.ec\/sitio\/fr\/wp-json\/wp\/v2\/users\/10"}],"replies":[{"embeddable":true,"href":"https:\/\/www.uartes.edu.ec\/sitio\/fr\/wp-json\/wp\/v2\/comments?post=25534"}],"version-history":[{"count":6,"href":"https:\/\/www.uartes.edu.ec\/sitio\/fr\/wp-json\/wp\/v2\/posts\/25534\/revisions"}],"predecessor-version":[{"id":25719,"href":"https:\/\/www.uartes.edu.ec\/sitio\/fr\/wp-json\/wp\/v2\/posts\/25534\/revisions\/25719"}],"wp:featuredmedia":[{"embeddable":true,"href":"https:\/\/www.uartes.edu.ec\/sitio\/fr\/wp-json\/wp\/v2\/media\/25535"}],"wp:attachment":[{"href":"https:\/\/www.uartes.edu.ec\/sitio\/fr\/wp-json\/wp\/v2\/media?parent=25534"}],"wp:term":[{"taxonomy":"category","embeddable":true,"href":"https:\/\/www.uartes.edu.ec\/sitio\/fr\/wp-json\/wp\/v2\/categories?post=25534"},{"taxonomy":"post_tag","embeddable":true,"href":"https:\/\/www.uartes.edu.ec\/sitio\/fr\/wp-json\/wp\/v2\/tags?post=25534"},{"taxonomy":"infouartes","embeddable":true,"href":"https:\/\/www.uartes.edu.ec\/sitio\/fr\/wp-json\/wp\/v2\/infouartes?post=25534"}],"curies":[{"name":"wp","href":"https:\/\/api.w.org\/{rel}","templated":true}]}}