{"id":25549,"date":"2022-07-29T09:44:00","date_gmt":"2022-07-29T14:44:00","guid":{"rendered":"http:\/\/www.uartes.edu.ec\/sitio\/?p=25549"},"modified":"2024-07-04T11:23:14","modified_gmt":"2024-07-04T16:23:14","slug":"tras-una-temporada-de-mosquitos-llegan-los-sobrevivientes-a-bordo-seguidos-por-perencejo-son-presentaciones-impulsadas-desde-proyectarte","status":"publish","type":"post","link":"https:\/\/www.uartes.edu.ec\/sitio\/fr\/blog\/2022\/07\/29\/tras-una-temporada-de-mosquitos-llegan-los-sobrevivientes-a-bordo-seguidos-por-perencejo-son-presentaciones-impulsadas-desde-proyectarte\/","title":{"rendered":"Tras una \u00abTemporada de mosquitos\u00bb llegan los \u201cSobrevivientes a bordo\u201d; tienen el impulso de \u201cProyectArte\u201d"},"content":{"rendered":"<p>La Universidad de las Artes y su Direcci\u00f3n de Asuntos Estudiantiles y Comunidad Universitaria (DAESCU), con el apoyo de la Organizaci\u00f3n de Estados Iberoamericanos (OEI) y la Municipalidad de Dur\u00e1n, presentar\u00e1n este s\u00e1bado 30 de julio, a las 16:00, la obra teatral en clave clown \u201cSobrevivientes a bordo\u201d, dirigida por la alumni UArtes Cecilia Salazar, con las actuaciones de Melanie Padilla y Mabel Campoverde. Tendr\u00e1 lugar en las instalaciones del Malec\u00f3n Dr. Roberto Gilbert, ubicado junto a la estaci\u00f3n de la aerov\u00eda del vecino cant\u00f3n guayasense. La funci\u00f3n es abierta al p\u00fablico y al finalizar habr\u00e1 un foro abierto con las artistas.<\/p>\n\n\n\n<p>La presentaci\u00f3n de \u201cSobrevivientes a bordo\u201d se enmarca en la propuesta art\u00edstica audiovisual \u201cProyectArte\u201d, concebida por la UArtes para difundir el trabajo profesional de sus graduados.<\/p>\n\n\n\n<p>La puesta en escena de la obra en clave clown es la segunda organizada por \u201cProyectArte\u201d en este mes. El mi\u00e9rcoles 27 en el Teatro Jos\u00e9 Mart\u00ednez Queirolo de la Casa de la Cultura N\u00facleo del Guayas se present\u00f3 \u201cTemporada de mosquitos\u201d, propuesta esc\u00e9nica de la agrupaci\u00f3n que lleva el mismo nombre que igualmente fue abierta al p\u00fablico. Su direcci\u00f3n corri\u00f3 a cargo de Cristina Baquerizo, la musicalizaci\u00f3n de Grecia Alb\u00e1n, como int\u00e9rpretes y co-creadores participaron \u00c1ngela Maldonado, Miguel Palacios y David Albarrac\u00edn y en el dise\u00f1o, David Jarr\u00edn.<\/p>\n\n\n<div class=\"wp-block-image\">\n<figure class=\"aligncenter size-large\"><img fetchpriority=\"high\" decoding=\"async\" width=\"644\" height=\"429\" src=\"http:\/\/www.uartes.edu.ec\/sitio\/wp-content\/uploads\/2022\/07\/chechi-ok-1-644x429.jpg\" alt=\"\" class=\"wp-image-25598\" srcset=\"https:\/\/www.uartes.edu.ec\/sitio\/wp-content\/uploads\/2022\/07\/chechi-ok-1-644x429.jpg 644w, https:\/\/www.uartes.edu.ec\/sitio\/wp-content\/uploads\/2022\/07\/chechi-ok-1-300x200.jpg 300w, https:\/\/www.uartes.edu.ec\/sitio\/wp-content\/uploads\/2022\/07\/chechi-ok-1-768x512.jpg 768w, https:\/\/www.uartes.edu.ec\/sitio\/wp-content\/uploads\/2022\/07\/chechi-ok-1-1536x1024.jpg 1536w, https:\/\/www.uartes.edu.ec\/sitio\/wp-content\/uploads\/2022\/07\/chechi-ok-1-600x400.jpg 600w, https:\/\/www.uartes.edu.ec\/sitio\/wp-content\/uploads\/2022\/07\/chechi-ok-1-400x267.jpg 400w, https:\/\/www.uartes.edu.ec\/sitio\/wp-content\/uploads\/2022\/07\/chechi-ok-1-272x182.jpg 272w, https:\/\/www.uartes.edu.ec\/sitio\/wp-content\/uploads\/2022\/07\/chechi-ok-1.jpg 2000w\" sizes=\"(max-width: 644px) 100vw, 644px\" \/><figcaption class=\"wp-element-caption\">En \u00abSobrevivientes a bordo\u00bb act\u00faan Melanie Padilla y Mabel Campoverde, pero en ocasiones (como lo demuestra la imagen) tambi\u00e9n las acompa\u00f1a la directora de la obra, Cecilia Salazar<\/figcaption><\/figure>\n<\/div>\n\n<div class=\"wp-block-image\">\n<figure class=\"aligncenter size-large\"><img decoding=\"async\" width=\"644\" height=\"429\" src=\"http:\/\/www.uartes.edu.ec\/sitio\/wp-content\/uploads\/2022\/07\/TEMPORADA-DE-MOSQUITOS-WEB-MARIA-JOSE-CEVALLOS-03-644x429.jpg\" alt=\"\" class=\"wp-image-25597\" srcset=\"https:\/\/www.uartes.edu.ec\/sitio\/wp-content\/uploads\/2022\/07\/TEMPORADA-DE-MOSQUITOS-WEB-MARIA-JOSE-CEVALLOS-03-644x429.jpg 644w, https:\/\/www.uartes.edu.ec\/sitio\/wp-content\/uploads\/2022\/07\/TEMPORADA-DE-MOSQUITOS-WEB-MARIA-JOSE-CEVALLOS-03-300x200.jpg 300w, https:\/\/www.uartes.edu.ec\/sitio\/wp-content\/uploads\/2022\/07\/TEMPORADA-DE-MOSQUITOS-WEB-MARIA-JOSE-CEVALLOS-03-768x512.jpg 768w, https:\/\/www.uartes.edu.ec\/sitio\/wp-content\/uploads\/2022\/07\/TEMPORADA-DE-MOSQUITOS-WEB-MARIA-JOSE-CEVALLOS-03-1536x1024.jpg 1536w, https:\/\/www.uartes.edu.ec\/sitio\/wp-content\/uploads\/2022\/07\/TEMPORADA-DE-MOSQUITOS-WEB-MARIA-JOSE-CEVALLOS-03-600x400.jpg 600w, https:\/\/www.uartes.edu.ec\/sitio\/wp-content\/uploads\/2022\/07\/TEMPORADA-DE-MOSQUITOS-WEB-MARIA-JOSE-CEVALLOS-03-400x267.jpg 400w, https:\/\/www.uartes.edu.ec\/sitio\/wp-content\/uploads\/2022\/07\/TEMPORADA-DE-MOSQUITOS-WEB-MARIA-JOSE-CEVALLOS-03-272x182.jpg 272w, https:\/\/www.uartes.edu.ec\/sitio\/wp-content\/uploads\/2022\/07\/TEMPORADA-DE-MOSQUITOS-WEB-MARIA-JOSE-CEVALLOS-03.jpg 2000w\" sizes=\"(max-width: 644px) 100vw, 644px\" \/><figcaption class=\"wp-element-caption\">El elenco de \u00abTemporada de mosquitos\u00bb del grupo que lleva el mismo nombre que la propuesta esc\u00e9nica. <\/figcaption><\/figure>\n<\/div>\n\n\n<p>Desde la DAESCU se indica que para el 24 de agosto est\u00e1 previsto el montaje de la obra \u201cPerencejo\u201d, del alumni Mario Su\u00e1rez. Ser\u00e1 a las 18:00, en el Teatro Jos\u00e9 Mart\u00ednez Queirolo de la CCE N\u00facleo del Guayas.<\/p>\n\n\n\n<p>Las presentaciones de las obras de los alumni UArtes se realizan pasando un mes. Para el efecto \u201cProyectArte\u201d hace una convocatoria en distintas categor\u00edas. Este proyecto de circulaci\u00f3n de obra surgi\u00f3 de la necesidad como instituci\u00f3n de colaborar en la difusi\u00f3n y circulaci\u00f3n de la producci\u00f3n art\u00edstica de los graduados, fomentando la no precarizaci\u00f3n de la profesi\u00f3n en artes.<\/p>\n\n\n\n<p>La UArtes quiere que sus profesionales sean generadores de conocimiento y que sus trabajos, adem\u00e1s de excelencia y calidad art\u00edstica, tengan un contenido cr\u00edtico y de reflexi\u00f3n. Es por esta raz\u00f3n que, a trav\u00e9s de la DAESCU, se propuso \u201cProyectArte\u201d como iniciativa para la circulaci\u00f3n de obras de la comunidad alumni y para ir sentando bases para el reconocimiento del trabajo de nuestros graduados en las diferentes ramas del arte y en distintos espacios fuera de la academia. Tambi\u00e9n visibilizar e integrar otros espacios culturales que no son parte de la universidad.<\/p>\n\n\n\n<p>Las convocatorias de \u201cProyectArte\u201d, por tanto, est\u00e1n dirigidas a los graduados de las distintas carreras de la UArtes, denominadas categor\u00edas. Un comit\u00e9 de selecci\u00f3n, integrado por directores de la universidad y de sus escuelas y un invitado\/a conocedor\/a del sector cultural y art\u00edstico. Complementaria a la presentaci\u00f3n de obras, los\/las artistas deben cumplir con una actividad de mediaci\u00f3n con el p\u00fablico, como foros, conversatorios y talleres.<\/p>\n\n\n\n<p>Las presentaciones de las obras se mantendr\u00e1n hasta mayo del 2023, de acuerdo a una programaci\u00f3n previa.<\/p>\n\n\n\n<p>En la foto principal: \u00abTemporada de mosquitos\u00bb. Cr\u00e9ditos fotogr\u00e1ficos de esta obra: Mar\u00eda Jos\u00e9 Cevallos \u00b7 @justmjcevallos&nbsp;<\/p>","protected":false},"excerpt":{"rendered":"<p>Como parte de la propuesta \u201cProyectArte\u201d, el 27 de julio se present\u00f3 en la CCENG \u201cTemporada de mosquitos\u201d, obra que dirigi\u00f3 Cristina Baquerizo y que cont\u00f3 con la participaci\u00f3n, entre otros, de \u00c1ngela Maldonado, Miguel Palacios y David Albarrac\u00edn. Este s\u00e1bado 30 llegar\u00e1 al escenario \u201cSobrevivientes a bordo\u201d, bajo la direcci\u00f3n de Cecilia Salazar, y el 24 de agosto \u201cPerencejo\u201d.<\/p>","protected":false},"author":10,"featured_media":25596,"comment_status":"open","ping_status":"open","sticky":false,"template":"","format":"standard","meta":{"_acf_changed":false,"_uag_custom_page_level_css":"","_monsterinsights_skip_tracking":false,"_monsterinsights_sitenote_active":false,"_monsterinsights_sitenote_note":"","_monsterinsights_sitenote_category":0,"cybocfi_hide_featured_image":"","footnotes":""},"categories":[720,490,82],"tags":[747],"infouartes":[],"class_list":["post-25549","post","type-post","status-publish","format-standard","has-post-thumbnail","hentry","category-3d","category-alumni","category-artes","tag-proyecarte"],"acf":[],"yoast_head":"<!-- This site is optimized with the Yoast SEO plugin v27.4 - https:\/\/yoast.com\/product\/yoast-seo-wordpress\/ -->\n<title>Universidad de las Artes - Tras una &quot;Temporada de mosquitos&quot; llegan los \u201cSobrevivientes a bordo\u201d; tienen el impulso de \u201cProyectArte\u201d<\/title>\n<meta name=\"description\" content=\"Universidad de las Artes - Tras una &quot;Temporada de mosquitos&quot; llegan los \u201cSobrevivientes a bordo\u201d; tienen el impulso de \u201cProyectArte\u201d\" \/>\n<meta name=\"robots\" content=\"index, follow, max-snippet:-1, max-image-preview:large, max-video-preview:-1\" \/>\n<link rel=\"canonical\" href=\"https:\/\/www.uartes.edu.ec\/sitio\/fr\/blog\/2022\/07\/29\/tras-una-temporada-de-mosquitos-llegan-los-sobrevivientes-a-bordo-seguidos-por-perencejo-son-presentaciones-impulsadas-desde-proyectarte\/\" \/>\n<meta property=\"og:locale\" content=\"fr_FR\" \/>\n<meta property=\"og:type\" content=\"article\" \/>\n<meta property=\"og:title\" content=\"Universidad de las Artes - Tras una &quot;Temporada de mosquitos&quot; llegan los \u201cSobrevivientes a bordo\u201d; tienen el impulso de \u201cProyectArte\u201d\" \/>\n<meta property=\"og:description\" content=\"Universidad de las Artes - Tras una &quot;Temporada de mosquitos&quot; llegan los \u201cSobrevivientes a bordo\u201d; tienen el impulso de \u201cProyectArte\u201d\" \/>\n<meta property=\"og:url\" content=\"https:\/\/www.uartes.edu.ec\/sitio\/fr\/blog\/2022\/07\/29\/tras-una-temporada-de-mosquitos-llegan-los-sobrevivientes-a-bordo-seguidos-por-perencejo-son-presentaciones-impulsadas-desde-proyectarte\/\" \/>\n<meta property=\"og:site_name\" content=\"Universidad de las Artes\" \/>\n<meta property=\"article:publisher\" content=\"https:\/\/www.facebook.com\/uartesec\" \/>\n<meta property=\"article:published_time\" content=\"2022-07-29T14:44:00+00:00\" \/>\n<meta property=\"article:modified_time\" content=\"2024-07-04T16:23:14+00:00\" \/>\n<meta property=\"og:image\" content=\"https:\/\/www.uartes.edu.ec\/sitio\/wp-content\/uploads\/2022\/07\/TEMPORADA-DE-MOSQUITOS-WEB-MARIA-JOSE-CEVALLOS.jpg\" \/>\n\t<meta property=\"og:image:width\" content=\"2000\" \/>\n\t<meta property=\"og:image:height\" content=\"1333\" \/>\n\t<meta property=\"og:image:type\" content=\"image\/jpeg\" \/>\n<meta name=\"author\" content=\"ccortez\" \/>\n<meta name=\"twitter:card\" content=\"summary_large_image\" \/>\n<meta name=\"twitter:creator\" content=\"@uartesec\" \/>\n<meta name=\"twitter:site\" content=\"@uartesec\" \/>\n<meta name=\"twitter:label1\" content=\"\u00c9crit par\" \/>\n\t<meta name=\"twitter:data1\" content=\"ccortez\" \/>\n\t<meta name=\"twitter:label2\" content=\"Dur\u00e9e de lecture estim\u00e9e\" \/>\n\t<meta name=\"twitter:data2\" content=\"3 minutes\" \/>\n<script type=\"application\/ld+json\" class=\"yoast-schema-graph\">{\"@context\":\"https:\\\/\\\/schema.org\",\"@graph\":[{\"@type\":\"Article\",\"@id\":\"https:\\\/\\\/www.uartes.edu.ec\\\/sitio\\\/fr\\\/blog\\\/2022\\\/07\\\/29\\\/tras-una-temporada-de-mosquitos-llegan-los-sobrevivientes-a-bordo-seguidos-por-perencejo-son-presentaciones-impulsadas-desde-proyectarte\\\/#article\",\"isPartOf\":{\"@id\":\"https:\\\/\\\/www.uartes.edu.ec\\\/sitio\\\/fr\\\/blog\\\/2022\\\/07\\\/29\\\/tras-una-temporada-de-mosquitos-llegan-los-sobrevivientes-a-bordo-seguidos-por-perencejo-son-presentaciones-impulsadas-desde-proyectarte\\\/\"},\"author\":{\"name\":\"ccortez\",\"@id\":\"https:\\\/\\\/www.uartes.edu.ec\\\/sitio\\\/fr\\\/#\\\/schema\\\/person\\\/efa1b8275797664fd7f13a79ccc0b1f4\"},\"headline\":\"Tras una \u00abTemporada de mosquitos\u00bb llegan los \u201cSobrevivientes a bordo\u201d; tienen el impulso de \u201cProyectArte\u201d\",\"datePublished\":\"2022-07-29T14:44:00+00:00\",\"dateModified\":\"2024-07-04T16:23:14+00:00\",\"mainEntityOfPage\":{\"@id\":\"https:\\\/\\\/www.uartes.edu.ec\\\/sitio\\\/fr\\\/blog\\\/2022\\\/07\\\/29\\\/tras-una-temporada-de-mosquitos-llegan-los-sobrevivientes-a-bordo-seguidos-por-perencejo-son-presentaciones-impulsadas-desde-proyectarte\\\/\"},\"wordCount\":626,\"commentCount\":0,\"publisher\":{\"@id\":\"https:\\\/\\\/www.uartes.edu.ec\\\/sitio\\\/fr\\\/#organization\"},\"image\":{\"@id\":\"https:\\\/\\\/www.uartes.edu.ec\\\/sitio\\\/fr\\\/blog\\\/2022\\\/07\\\/29\\\/tras-una-temporada-de-mosquitos-llegan-los-sobrevivientes-a-bordo-seguidos-por-perencejo-son-presentaciones-impulsadas-desde-proyectarte\\\/#primaryimage\"},\"thumbnailUrl\":\"https:\\\/\\\/www.uartes.edu.ec\\\/sitio\\\/wp-content\\\/uploads\\\/2022\\\/07\\\/TEMPORADA-DE-MOSQUITOS-WEB-MARIA-JOSE-CEVALLOS.jpg\",\"keywords\":[\"ProyecArte\"],\"articleSection\":[\"3D\",\"Alumni\",\"Artes\"],\"inLanguage\":\"fr-FR\",\"potentialAction\":[{\"@type\":\"CommentAction\",\"name\":\"Comment\",\"target\":[\"https:\\\/\\\/www.uartes.edu.ec\\\/sitio\\\/fr\\\/blog\\\/2022\\\/07\\\/29\\\/tras-una-temporada-de-mosquitos-llegan-los-sobrevivientes-a-bordo-seguidos-por-perencejo-son-presentaciones-impulsadas-desde-proyectarte\\\/#respond\"]}]},{\"@type\":[\"WebPage\",\"ItemPage\"],\"@id\":\"https:\\\/\\\/www.uartes.edu.ec\\\/sitio\\\/fr\\\/blog\\\/2022\\\/07\\\/29\\\/tras-una-temporada-de-mosquitos-llegan-los-sobrevivientes-a-bordo-seguidos-por-perencejo-son-presentaciones-impulsadas-desde-proyectarte\\\/\",\"url\":\"https:\\\/\\\/www.uartes.edu.ec\\\/sitio\\\/fr\\\/blog\\\/2022\\\/07\\\/29\\\/tras-una-temporada-de-mosquitos-llegan-los-sobrevivientes-a-bordo-seguidos-por-perencejo-son-presentaciones-impulsadas-desde-proyectarte\\\/\",\"name\":\"Universidad de las Artes - Tras una \\\"Temporada de mosquitos\\\" llegan los \u201cSobrevivientes a bordo\u201d; tienen el impulso de \u201cProyectArte\u201d\",\"isPartOf\":{\"@id\":\"https:\\\/\\\/www.uartes.edu.ec\\\/sitio\\\/fr\\\/#website\"},\"primaryImageOfPage\":{\"@id\":\"https:\\\/\\\/www.uartes.edu.ec\\\/sitio\\\/fr\\\/blog\\\/2022\\\/07\\\/29\\\/tras-una-temporada-de-mosquitos-llegan-los-sobrevivientes-a-bordo-seguidos-por-perencejo-son-presentaciones-impulsadas-desde-proyectarte\\\/#primaryimage\"},\"image\":{\"@id\":\"https:\\\/\\\/www.uartes.edu.ec\\\/sitio\\\/fr\\\/blog\\\/2022\\\/07\\\/29\\\/tras-una-temporada-de-mosquitos-llegan-los-sobrevivientes-a-bordo-seguidos-por-perencejo-son-presentaciones-impulsadas-desde-proyectarte\\\/#primaryimage\"},\"thumbnailUrl\":\"https:\\\/\\\/www.uartes.edu.ec\\\/sitio\\\/wp-content\\\/uploads\\\/2022\\\/07\\\/TEMPORADA-DE-MOSQUITOS-WEB-MARIA-JOSE-CEVALLOS.jpg\",\"datePublished\":\"2022-07-29T14:44:00+00:00\",\"dateModified\":\"2024-07-04T16:23:14+00:00\",\"description\":\"Universidad de las Artes - Tras una \\\"Temporada de mosquitos\\\" llegan los \u201cSobrevivientes a bordo\u201d; tienen el impulso de \u201cProyectArte\u201d\",\"breadcrumb\":{\"@id\":\"https:\\\/\\\/www.uartes.edu.ec\\\/sitio\\\/fr\\\/blog\\\/2022\\\/07\\\/29\\\/tras-una-temporada-de-mosquitos-llegan-los-sobrevivientes-a-bordo-seguidos-por-perencejo-son-presentaciones-impulsadas-desde-proyectarte\\\/#breadcrumb\"},\"inLanguage\":\"fr-FR\",\"potentialAction\":[{\"@type\":\"ReadAction\",\"target\":[\"https:\\\/\\\/www.uartes.edu.ec\\\/sitio\\\/fr\\\/blog\\\/2022\\\/07\\\/29\\\/tras-una-temporada-de-mosquitos-llegan-los-sobrevivientes-a-bordo-seguidos-por-perencejo-son-presentaciones-impulsadas-desde-proyectarte\\\/\"]}]},{\"@type\":\"ImageObject\",\"inLanguage\":\"fr-FR\",\"@id\":\"https:\\\/\\\/www.uartes.edu.ec\\\/sitio\\\/fr\\\/blog\\\/2022\\\/07\\\/29\\\/tras-una-temporada-de-mosquitos-llegan-los-sobrevivientes-a-bordo-seguidos-por-perencejo-son-presentaciones-impulsadas-desde-proyectarte\\\/#primaryimage\",\"url\":\"https:\\\/\\\/www.uartes.edu.ec\\\/sitio\\\/wp-content\\\/uploads\\\/2022\\\/07\\\/TEMPORADA-DE-MOSQUITOS-WEB-MARIA-JOSE-CEVALLOS.jpg\",\"contentUrl\":\"https:\\\/\\\/www.uartes.edu.ec\\\/sitio\\\/wp-content\\\/uploads\\\/2022\\\/07\\\/TEMPORADA-DE-MOSQUITOS-WEB-MARIA-JOSE-CEVALLOS.jpg\",\"width\":2000,\"height\":1333},{\"@type\":\"BreadcrumbList\",\"@id\":\"https:\\\/\\\/www.uartes.edu.ec\\\/sitio\\\/fr\\\/blog\\\/2022\\\/07\\\/29\\\/tras-una-temporada-de-mosquitos-llegan-los-sobrevivientes-a-bordo-seguidos-por-perencejo-son-presentaciones-impulsadas-desde-proyectarte\\\/#breadcrumb\",\"itemListElement\":[{\"@type\":\"ListItem\",\"position\":1,\"name\":\"Inicio\",\"item\":\"https:\\\/\\\/www.uartes.edu.ec\\\/sitio\\\/\"},{\"@type\":\"ListItem\",\"position\":2,\"name\":\"Tras una \u00abTemporada de mosquitos\u00bb llegan los \u201cSobrevivientes a bordo\u201d; tienen el impulso de \u201cProyectArte\u201d\"}]},{\"@type\":\"WebSite\",\"@id\":\"https:\\\/\\\/www.uartes.edu.ec\\\/sitio\\\/fr\\\/#website\",\"url\":\"https:\\\/\\\/www.uartes.edu.ec\\\/sitio\\\/fr\\\/\",\"name\":\"Universidad de las Artes\",\"description\":\"Sitio oficial de la Universidad Nacional de las Artes del Ecuador\",\"publisher\":{\"@id\":\"https:\\\/\\\/www.uartes.edu.ec\\\/sitio\\\/fr\\\/#organization\"},\"potentialAction\":[{\"@type\":\"SearchAction\",\"target\":{\"@type\":\"EntryPoint\",\"urlTemplate\":\"https:\\\/\\\/www.uartes.edu.ec\\\/sitio\\\/fr\\\/?s={search_term_string}\"},\"query-input\":{\"@type\":\"PropertyValueSpecification\",\"valueRequired\":true,\"valueName\":\"search_term_string\"}}],\"inLanguage\":\"fr-FR\"},{\"@type\":\"Organization\",\"@id\":\"https:\\\/\\\/www.uartes.edu.ec\\\/sitio\\\/fr\\\/#organization\",\"name\":\"Universidad de las Artes\",\"url\":\"https:\\\/\\\/www.uartes.edu.ec\\\/sitio\\\/fr\\\/\",\"logo\":{\"@type\":\"ImageObject\",\"inLanguage\":\"fr-FR\",\"@id\":\"https:\\\/\\\/www.uartes.edu.ec\\\/sitio\\\/fr\\\/#\\\/schema\\\/logo\\\/image\\\/\",\"url\":\"https:\\\/\\\/www.uartes.edu.ec\\\/sitio\\\/wp-content\\\/uploads\\\/2022\\\/07\\\/logo-ua-horizontal.png\",\"contentUrl\":\"https:\\\/\\\/www.uartes.edu.ec\\\/sitio\\\/wp-content\\\/uploads\\\/2022\\\/07\\\/logo-ua-horizontal.png\",\"width\":800,\"height\":276,\"caption\":\"Universidad de las Artes\"},\"image\":{\"@id\":\"https:\\\/\\\/www.uartes.edu.ec\\\/sitio\\\/fr\\\/#\\\/schema\\\/logo\\\/image\\\/\"},\"sameAs\":[\"https:\\\/\\\/www.facebook.com\\\/uartesec\",\"https:\\\/\\\/x.com\\\/uartesec\",\"https:\\\/\\\/www.tiktok.com\\\/@uartesec\"]},{\"@type\":\"Person\",\"@id\":\"https:\\\/\\\/www.uartes.edu.ec\\\/sitio\\\/fr\\\/#\\\/schema\\\/person\\\/efa1b8275797664fd7f13a79ccc0b1f4\",\"name\":\"ccortez\",\"image\":{\"@type\":\"ImageObject\",\"inLanguage\":\"fr-FR\",\"@id\":\"https:\\\/\\\/secure.gravatar.com\\\/avatar\\\/b2a6f664a3ae8e074346ef91775736c5ec479e637ecced6842de9dc98b5da9cd?s=96&d=mm&r=g\",\"url\":\"https:\\\/\\\/secure.gravatar.com\\\/avatar\\\/b2a6f664a3ae8e074346ef91775736c5ec479e637ecced6842de9dc98b5da9cd?s=96&d=mm&r=g\",\"contentUrl\":\"https:\\\/\\\/secure.gravatar.com\\\/avatar\\\/b2a6f664a3ae8e074346ef91775736c5ec479e637ecced6842de9dc98b5da9cd?s=96&d=mm&r=g\",\"caption\":\"ccortez\"},\"url\":\"https:\\\/\\\/www.uartes.edu.ec\\\/sitio\\\/fr\\\/blog\\\/author\\\/ccortez\\\/\"}]}<\/script>\n<!-- \/ Yoast SEO plugin. -->","yoast_head_json":{"title":"Universidad de las Artes - Tras una \"Temporada de mosquitos\" llegan los \u201cSobrevivientes a bordo\u201d; tienen el impulso de \u201cProyectArte\u201d","description":"Universidad de las Artes - Tras una \"Temporada de mosquitos\" llegan los \u201cSobrevivientes a bordo\u201d; tienen el impulso de \u201cProyectArte\u201d","robots":{"index":"index","follow":"follow","max-snippet":"max-snippet:-1","max-image-preview":"max-image-preview:large","max-video-preview":"max-video-preview:-1"},"canonical":"https:\/\/www.uartes.edu.ec\/sitio\/fr\/blog\/2022\/07\/29\/tras-una-temporada-de-mosquitos-llegan-los-sobrevivientes-a-bordo-seguidos-por-perencejo-son-presentaciones-impulsadas-desde-proyectarte\/","og_locale":"fr_FR","og_type":"article","og_title":"Universidad de las Artes - Tras una \"Temporada de mosquitos\" llegan los \u201cSobrevivientes a bordo\u201d; tienen el impulso de \u201cProyectArte\u201d","og_description":"Universidad de las Artes - Tras una \"Temporada de mosquitos\" llegan los \u201cSobrevivientes a bordo\u201d; tienen el impulso de \u201cProyectArte\u201d","og_url":"https:\/\/www.uartes.edu.ec\/sitio\/fr\/blog\/2022\/07\/29\/tras-una-temporada-de-mosquitos-llegan-los-sobrevivientes-a-bordo-seguidos-por-perencejo-son-presentaciones-impulsadas-desde-proyectarte\/","og_site_name":"Universidad de las Artes","article_publisher":"https:\/\/www.facebook.com\/uartesec","article_published_time":"2022-07-29T14:44:00+00:00","article_modified_time":"2024-07-04T16:23:14+00:00","og_image":[{"width":2000,"height":1333,"url":"https:\/\/www.uartes.edu.ec\/sitio\/wp-content\/uploads\/2022\/07\/TEMPORADA-DE-MOSQUITOS-WEB-MARIA-JOSE-CEVALLOS.jpg","type":"image\/jpeg"}],"author":"ccortez","twitter_card":"summary_large_image","twitter_creator":"@uartesec","twitter_site":"@uartesec","twitter_misc":{"\u00c9crit par":"ccortez","Dur\u00e9e de lecture estim\u00e9e":"3 minutes"},"schema":{"@context":"https:\/\/schema.org","@graph":[{"@type":"Article","@id":"https:\/\/www.uartes.edu.ec\/sitio\/fr\/blog\/2022\/07\/29\/tras-una-temporada-de-mosquitos-llegan-los-sobrevivientes-a-bordo-seguidos-por-perencejo-son-presentaciones-impulsadas-desde-proyectarte\/#article","isPartOf":{"@id":"https:\/\/www.uartes.edu.ec\/sitio\/fr\/blog\/2022\/07\/29\/tras-una-temporada-de-mosquitos-llegan-los-sobrevivientes-a-bordo-seguidos-por-perencejo-son-presentaciones-impulsadas-desde-proyectarte\/"},"author":{"name":"ccortez","@id":"https:\/\/www.uartes.edu.ec\/sitio\/fr\/#\/schema\/person\/efa1b8275797664fd7f13a79ccc0b1f4"},"headline":"Tras una \u00abTemporada de mosquitos\u00bb llegan los \u201cSobrevivientes a bordo\u201d; tienen el impulso de \u201cProyectArte\u201d","datePublished":"2022-07-29T14:44:00+00:00","dateModified":"2024-07-04T16:23:14+00:00","mainEntityOfPage":{"@id":"https:\/\/www.uartes.edu.ec\/sitio\/fr\/blog\/2022\/07\/29\/tras-una-temporada-de-mosquitos-llegan-los-sobrevivientes-a-bordo-seguidos-por-perencejo-son-presentaciones-impulsadas-desde-proyectarte\/"},"wordCount":626,"commentCount":0,"publisher":{"@id":"https:\/\/www.uartes.edu.ec\/sitio\/fr\/#organization"},"image":{"@id":"https:\/\/www.uartes.edu.ec\/sitio\/fr\/blog\/2022\/07\/29\/tras-una-temporada-de-mosquitos-llegan-los-sobrevivientes-a-bordo-seguidos-por-perencejo-son-presentaciones-impulsadas-desde-proyectarte\/#primaryimage"},"thumbnailUrl":"https:\/\/www.uartes.edu.ec\/sitio\/wp-content\/uploads\/2022\/07\/TEMPORADA-DE-MOSQUITOS-WEB-MARIA-JOSE-CEVALLOS.jpg","keywords":["ProyecArte"],"articleSection":["3D","Alumni","Artes"],"inLanguage":"fr-FR","potentialAction":[{"@type":"CommentAction","name":"Comment","target":["https:\/\/www.uartes.edu.ec\/sitio\/fr\/blog\/2022\/07\/29\/tras-una-temporada-de-mosquitos-llegan-los-sobrevivientes-a-bordo-seguidos-por-perencejo-son-presentaciones-impulsadas-desde-proyectarte\/#respond"]}]},{"@type":["WebPage","ItemPage"],"@id":"https:\/\/www.uartes.edu.ec\/sitio\/fr\/blog\/2022\/07\/29\/tras-una-temporada-de-mosquitos-llegan-los-sobrevivientes-a-bordo-seguidos-por-perencejo-son-presentaciones-impulsadas-desde-proyectarte\/","url":"https:\/\/www.uartes.edu.ec\/sitio\/fr\/blog\/2022\/07\/29\/tras-una-temporada-de-mosquitos-llegan-los-sobrevivientes-a-bordo-seguidos-por-perencejo-son-presentaciones-impulsadas-desde-proyectarte\/","name":"Universidad de las Artes - Tras una \"Temporada de mosquitos\" llegan los \u201cSobrevivientes a bordo\u201d; tienen el impulso de \u201cProyectArte\u201d","isPartOf":{"@id":"https:\/\/www.uartes.edu.ec\/sitio\/fr\/#website"},"primaryImageOfPage":{"@id":"https:\/\/www.uartes.edu.ec\/sitio\/fr\/blog\/2022\/07\/29\/tras-una-temporada-de-mosquitos-llegan-los-sobrevivientes-a-bordo-seguidos-por-perencejo-son-presentaciones-impulsadas-desde-proyectarte\/#primaryimage"},"image":{"@id":"https:\/\/www.uartes.edu.ec\/sitio\/fr\/blog\/2022\/07\/29\/tras-una-temporada-de-mosquitos-llegan-los-sobrevivientes-a-bordo-seguidos-por-perencejo-son-presentaciones-impulsadas-desde-proyectarte\/#primaryimage"},"thumbnailUrl":"https:\/\/www.uartes.edu.ec\/sitio\/wp-content\/uploads\/2022\/07\/TEMPORADA-DE-MOSQUITOS-WEB-MARIA-JOSE-CEVALLOS.jpg","datePublished":"2022-07-29T14:44:00+00:00","dateModified":"2024-07-04T16:23:14+00:00","description":"Universidad de las Artes - Tras una \"Temporada de mosquitos\" llegan los \u201cSobrevivientes a bordo\u201d; tienen el impulso de \u201cProyectArte\u201d","breadcrumb":{"@id":"https:\/\/www.uartes.edu.ec\/sitio\/fr\/blog\/2022\/07\/29\/tras-una-temporada-de-mosquitos-llegan-los-sobrevivientes-a-bordo-seguidos-por-perencejo-son-presentaciones-impulsadas-desde-proyectarte\/#breadcrumb"},"inLanguage":"fr-FR","potentialAction":[{"@type":"ReadAction","target":["https:\/\/www.uartes.edu.ec\/sitio\/fr\/blog\/2022\/07\/29\/tras-una-temporada-de-mosquitos-llegan-los-sobrevivientes-a-bordo-seguidos-por-perencejo-son-presentaciones-impulsadas-desde-proyectarte\/"]}]},{"@type":"ImageObject","inLanguage":"fr-FR","@id":"https:\/\/www.uartes.edu.ec\/sitio\/fr\/blog\/2022\/07\/29\/tras-una-temporada-de-mosquitos-llegan-los-sobrevivientes-a-bordo-seguidos-por-perencejo-son-presentaciones-impulsadas-desde-proyectarte\/#primaryimage","url":"https:\/\/www.uartes.edu.ec\/sitio\/wp-content\/uploads\/2022\/07\/TEMPORADA-DE-MOSQUITOS-WEB-MARIA-JOSE-CEVALLOS.jpg","contentUrl":"https:\/\/www.uartes.edu.ec\/sitio\/wp-content\/uploads\/2022\/07\/TEMPORADA-DE-MOSQUITOS-WEB-MARIA-JOSE-CEVALLOS.jpg","width":2000,"height":1333},{"@type":"BreadcrumbList","@id":"https:\/\/www.uartes.edu.ec\/sitio\/fr\/blog\/2022\/07\/29\/tras-una-temporada-de-mosquitos-llegan-los-sobrevivientes-a-bordo-seguidos-por-perencejo-son-presentaciones-impulsadas-desde-proyectarte\/#breadcrumb","itemListElement":[{"@type":"ListItem","position":1,"name":"Inicio","item":"https:\/\/www.uartes.edu.ec\/sitio\/"},{"@type":"ListItem","position":2,"name":"Tras una \u00abTemporada de mosquitos\u00bb llegan los \u201cSobrevivientes a bordo\u201d; tienen el impulso de \u201cProyectArte\u201d"}]},{"@type":"WebSite","@id":"https:\/\/www.uartes.edu.ec\/sitio\/fr\/#website","url":"https:\/\/www.uartes.edu.ec\/sitio\/fr\/","name":"Universidad de las Artes","description":"Sitio oficial de la Universidad Nacional de las Artes del Ecuador","publisher":{"@id":"https:\/\/www.uartes.edu.ec\/sitio\/fr\/#organization"},"potentialAction":[{"@type":"SearchAction","target":{"@type":"EntryPoint","urlTemplate":"https:\/\/www.uartes.edu.ec\/sitio\/fr\/?s={search_term_string}"},"query-input":{"@type":"PropertyValueSpecification","valueRequired":true,"valueName":"search_term_string"}}],"inLanguage":"fr-FR"},{"@type":"Organization","@id":"https:\/\/www.uartes.edu.ec\/sitio\/fr\/#organization","name":"Universidad de las Artes","url":"https:\/\/www.uartes.edu.ec\/sitio\/fr\/","logo":{"@type":"ImageObject","inLanguage":"fr-FR","@id":"https:\/\/www.uartes.edu.ec\/sitio\/fr\/#\/schema\/logo\/image\/","url":"https:\/\/www.uartes.edu.ec\/sitio\/wp-content\/uploads\/2022\/07\/logo-ua-horizontal.png","contentUrl":"https:\/\/www.uartes.edu.ec\/sitio\/wp-content\/uploads\/2022\/07\/logo-ua-horizontal.png","width":800,"height":276,"caption":"Universidad de las Artes"},"image":{"@id":"https:\/\/www.uartes.edu.ec\/sitio\/fr\/#\/schema\/logo\/image\/"},"sameAs":["https:\/\/www.facebook.com\/uartesec","https:\/\/x.com\/uartesec","https:\/\/www.tiktok.com\/@uartesec"]},{"@type":"Person","@id":"https:\/\/www.uartes.edu.ec\/sitio\/fr\/#\/schema\/person\/efa1b8275797664fd7f13a79ccc0b1f4","name":"ccortez","image":{"@type":"ImageObject","inLanguage":"fr-FR","@id":"https:\/\/secure.gravatar.com\/avatar\/b2a6f664a3ae8e074346ef91775736c5ec479e637ecced6842de9dc98b5da9cd?s=96&d=mm&r=g","url":"https:\/\/secure.gravatar.com\/avatar\/b2a6f664a3ae8e074346ef91775736c5ec479e637ecced6842de9dc98b5da9cd?s=96&d=mm&r=g","contentUrl":"https:\/\/secure.gravatar.com\/avatar\/b2a6f664a3ae8e074346ef91775736c5ec479e637ecced6842de9dc98b5da9cd?s=96&d=mm&r=g","caption":"ccortez"},"url":"https:\/\/www.uartes.edu.ec\/sitio\/fr\/blog\/author\/ccortez\/"}]}},"uagb_featured_image_src":{"full":["https:\/\/www.uartes.edu.ec\/sitio\/wp-content\/uploads\/2022\/07\/TEMPORADA-DE-MOSQUITOS-WEB-MARIA-JOSE-CEVALLOS.jpg",2000,1333,false],"thumbnail":["https:\/\/www.uartes.edu.ec\/sitio\/wp-content\/uploads\/2022\/07\/TEMPORADA-DE-MOSQUITOS-WEB-MARIA-JOSE-CEVALLOS-150x150.jpg",150,150,true],"medium":["https:\/\/www.uartes.edu.ec\/sitio\/wp-content\/uploads\/2022\/07\/TEMPORADA-DE-MOSQUITOS-WEB-MARIA-JOSE-CEVALLOS-300x200.jpg",300,200,true],"medium_large":["https:\/\/www.uartes.edu.ec\/sitio\/wp-content\/uploads\/2022\/07\/TEMPORADA-DE-MOSQUITOS-WEB-MARIA-JOSE-CEVALLOS-768x512.jpg",768,512,true],"large":["https:\/\/www.uartes.edu.ec\/sitio\/wp-content\/uploads\/2022\/07\/TEMPORADA-DE-MOSQUITOS-WEB-MARIA-JOSE-CEVALLOS-644x429.jpg",644,429,true],"1536x1536":["https:\/\/www.uartes.edu.ec\/sitio\/wp-content\/uploads\/2022\/07\/TEMPORADA-DE-MOSQUITOS-WEB-MARIA-JOSE-CEVALLOS-1536x1024.jpg",1536,1024,true],"2048x2048":["https:\/\/www.uartes.edu.ec\/sitio\/wp-content\/uploads\/2022\/07\/TEMPORADA-DE-MOSQUITOS-WEB-MARIA-JOSE-CEVALLOS.jpg",2000,1333,false],"trp-custom-language-flag":["https:\/\/www.uartes.edu.ec\/sitio\/wp-content\/uploads\/2022\/07\/TEMPORADA-DE-MOSQUITOS-WEB-MARIA-JOSE-CEVALLOS.jpg",18,12,false],"htmega_size_585x295":["https:\/\/www.uartes.edu.ec\/sitio\/wp-content\/uploads\/2022\/07\/TEMPORADA-DE-MOSQUITOS-WEB-MARIA-JOSE-CEVALLOS.jpg",443,295,false],"htmega_size_1170x536":["https:\/\/www.uartes.edu.ec\/sitio\/wp-content\/uploads\/2022\/07\/TEMPORADA-DE-MOSQUITOS-WEB-MARIA-JOSE-CEVALLOS.jpg",804,536,false],"htmega_size_396x360":["https:\/\/www.uartes.edu.ec\/sitio\/wp-content\/uploads\/2022\/07\/TEMPORADA-DE-MOSQUITOS-WEB-MARIA-JOSE-CEVALLOS.jpg",396,264,false],"gb-block-post-grid-landscape":["https:\/\/www.uartes.edu.ec\/sitio\/wp-content\/uploads\/2022\/07\/TEMPORADA-DE-MOSQUITOS-WEB-MARIA-JOSE-CEVALLOS-600x400.jpg",600,400,true],"gb-block-post-grid-square":["https:\/\/www.uartes.edu.ec\/sitio\/wp-content\/uploads\/2022\/07\/TEMPORADA-DE-MOSQUITOS-WEB-MARIA-JOSE-CEVALLOS-600x600.jpg",600,600,true],"university-hub-thumb":["https:\/\/www.uartes.edu.ec\/sitio\/wp-content\/uploads\/2022\/07\/TEMPORADA-DE-MOSQUITOS-WEB-MARIA-JOSE-CEVALLOS-400x267.jpg",400,267,true]},"uagb_author_info":{"display_name":"ccortez","author_link":"https:\/\/www.uartes.edu.ec\/sitio\/fr\/blog\/author\/ccortez\/"},"uagb_comment_info":0,"uagb_excerpt":"Como parte de la propuesta \u201cProyectArte\u201d, el 27 de julio se present\u00f3 en la CCENG \u201cTemporada de mosquitos\u201d, obra que dirigi\u00f3 Cristina Baquerizo y que cont\u00f3 con la participaci\u00f3n, entre otros, de \u00c1ngela Maldonado, Miguel Palacios y David Albarrac\u00edn. Este s\u00e1bado 30 llegar\u00e1 al escenario \u201cSobrevivientes a bordo\u201d, bajo la direcci\u00f3n de Cecilia Salazar, y\u2026","featured_image_src":"https:\/\/www.uartes.edu.ec\/sitio\/wp-content\/uploads\/2022\/07\/TEMPORADA-DE-MOSQUITOS-WEB-MARIA-JOSE-CEVALLOS-600x400.jpg","featured_image_src_square":"https:\/\/www.uartes.edu.ec\/sitio\/wp-content\/uploads\/2022\/07\/TEMPORADA-DE-MOSQUITOS-WEB-MARIA-JOSE-CEVALLOS-600x600.jpg","author_info":{"display_name":"ccortez","author_link":"https:\/\/www.uartes.edu.ec\/sitio\/fr\/blog\/author\/ccortez\/"},"publishpress_future_workflow_manual_trigger":{"enabledWorkflows":[]},"distributor_meta":false,"distributor_terms":false,"distributor_media":false,"distributor_original_site_name":"Universidad de las Artes","distributor_original_site_url":"https:\/\/www.uartes.edu.ec\/sitio\/fr","push-errors":false,"_links":{"self":[{"href":"https:\/\/www.uartes.edu.ec\/sitio\/fr\/wp-json\/wp\/v2\/posts\/25549","targetHints":{"allow":["GET"]}}],"collection":[{"href":"https:\/\/www.uartes.edu.ec\/sitio\/fr\/wp-json\/wp\/v2\/posts"}],"about":[{"href":"https:\/\/www.uartes.edu.ec\/sitio\/fr\/wp-json\/wp\/v2\/types\/post"}],"author":[{"embeddable":true,"href":"https:\/\/www.uartes.edu.ec\/sitio\/fr\/wp-json\/wp\/v2\/users\/10"}],"replies":[{"embeddable":true,"href":"https:\/\/www.uartes.edu.ec\/sitio\/fr\/wp-json\/wp\/v2\/comments?post=25549"}],"version-history":[{"count":18,"href":"https:\/\/www.uartes.edu.ec\/sitio\/fr\/wp-json\/wp\/v2\/posts\/25549\/revisions"}],"predecessor-version":[{"id":25712,"href":"https:\/\/www.uartes.edu.ec\/sitio\/fr\/wp-json\/wp\/v2\/posts\/25549\/revisions\/25712"}],"wp:featuredmedia":[{"embeddable":true,"href":"https:\/\/www.uartes.edu.ec\/sitio\/fr\/wp-json\/wp\/v2\/media\/25596"}],"wp:attachment":[{"href":"https:\/\/www.uartes.edu.ec\/sitio\/fr\/wp-json\/wp\/v2\/media?parent=25549"}],"wp:term":[{"taxonomy":"category","embeddable":true,"href":"https:\/\/www.uartes.edu.ec\/sitio\/fr\/wp-json\/wp\/v2\/categories?post=25549"},{"taxonomy":"post_tag","embeddable":true,"href":"https:\/\/www.uartes.edu.ec\/sitio\/fr\/wp-json\/wp\/v2\/tags?post=25549"},{"taxonomy":"infouartes","embeddable":true,"href":"https:\/\/www.uartes.edu.ec\/sitio\/fr\/wp-json\/wp\/v2\/infouartes?post=25549"}],"curies":[{"name":"wp","href":"https:\/\/api.w.org\/{rel}","templated":true}]}}