{"id":25818,"date":"2022-07-26T16:57:00","date_gmt":"2022-07-26T21:57:00","guid":{"rendered":"http:\/\/www.uartes.edu.ec\/sitio\/?p=25818"},"modified":"2024-07-04T11:23:16","modified_gmt":"2024-07-04T16:23:16","slug":"en-el-cierre-del-mapeo-critico-colectivo-del-centro-de-guayaquil-cuyos-resultados-se-veran-en-7mo-encuentro-iberoamericano","status":"publish","type":"post","link":"https:\/\/www.uartes.edu.ec\/sitio\/fr\/blog\/2022\/07\/26\/en-el-cierre-del-mapeo-critico-colectivo-del-centro-de-guayaquil-cuyos-resultados-se-veran-en-7mo-encuentro-iberoamericano\/","title":{"rendered":"Al cierre del Mapeo Cr\u00edtico Colectivo del Centro de Guayaquil; resultados, en el encuentro iberoamericano"},"content":{"rendered":"<p>Es mi\u00e9rcoles 20 de julio y en el CIF del MZ14 estudiantes de la c\u00e1tedra de Gesti\u00f3n Pol\u00edtica de la Cultura de la UArtes analizan junto a Alejandra Pinto, integrante del Colectivo Licuadora Gestora, los ejes del Mapeo Cr\u00edtico Colectivo del Centro de Guayaquil propuesto conjuntamente con Arte Actual FLACSO y la Universidad de las Artes para situarnos, reconocernos y conectarnos.<\/p>\n\n\n\n<p>Unos ya hab\u00edan acudido por cuenta propia para aportar con la l\u00ednea de tiempo, representada en un enorme gr\u00e1fico que ocupa todas las paredes de la galer\u00eda con fechas y todo tipo de anotaciones de lo que ha sido la ciudad desde el gran incendio de 1896 hasta nuestros d\u00edas e incluso de lo que se aspira de la urbe porte\u00f1a a futuro, de lo que le falta y la potencializa. Otros han estado en los talleres que gener\u00f3 la propuesta e incluso hicieron la respectiva cartograf\u00eda del centro de Guayaquil.<\/p>\n\n\n\n<p>Este ejercicio de creaci\u00f3n creativa se inici\u00f3 a inicios de este mes, el 5, y ya en su tercera y \u00faltima semana va arrojando resultados satisfactorios. Y es que al gran laboratorio en que se convirti\u00f3 la Galer\u00eda CIF del Centro de Producci\u00f3n e Innovaci\u00f3n MZ14 de la UArtes ha acudido no solo la comunidad universitaria, sino el p\u00fablico en general.<\/p>\n\n\n\n<p>\u201cHa despertado muchas reflexiones\u201d, dijo Pinto y record\u00f3 que, justamente, el mapeo colectivo buscaba ir m\u00e1s all\u00e1 del conocimiento sobre el espacio p\u00fablico, la gesti\u00f3n cultural, la comunidad\u2026 Propici\u00f3 unir estos conceptos y muchos m\u00e1s para anclarlos al territorio y tener recursos reflexivos que permiten generar otro tipo de proyectos, agreg\u00f3.<\/p>\n\n\n<div class=\"wp-block-image\">\n<figure class=\"aligncenter size-large\"><img fetchpriority=\"high\" decoding=\"async\" width=\"644\" height=\"429\" src=\"http:\/\/www.uartes.edu.ec\/sitio\/wp-content\/uploads\/2022\/07\/MAPEO-CRITICO-COLECTIVO-FOTOS-VARIAS-2-644x429.jpg\" alt=\"\" class=\"wp-image-25820\" srcset=\"https:\/\/www.uartes.edu.ec\/sitio\/wp-content\/uploads\/2022\/07\/MAPEO-CRITICO-COLECTIVO-FOTOS-VARIAS-2-644x429.jpg 644w, https:\/\/www.uartes.edu.ec\/sitio\/wp-content\/uploads\/2022\/07\/MAPEO-CRITICO-COLECTIVO-FOTOS-VARIAS-2-300x200.jpg 300w, https:\/\/www.uartes.edu.ec\/sitio\/wp-content\/uploads\/2022\/07\/MAPEO-CRITICO-COLECTIVO-FOTOS-VARIAS-2-768x512.jpg 768w, https:\/\/www.uartes.edu.ec\/sitio\/wp-content\/uploads\/2022\/07\/MAPEO-CRITICO-COLECTIVO-FOTOS-VARIAS-2-1536x1024.jpg 1536w, https:\/\/www.uartes.edu.ec\/sitio\/wp-content\/uploads\/2022\/07\/MAPEO-CRITICO-COLECTIVO-FOTOS-VARIAS-2-600x400.jpg 600w, https:\/\/www.uartes.edu.ec\/sitio\/wp-content\/uploads\/2022\/07\/MAPEO-CRITICO-COLECTIVO-FOTOS-VARIAS-2-400x267.jpg 400w, https:\/\/www.uartes.edu.ec\/sitio\/wp-content\/uploads\/2022\/07\/MAPEO-CRITICO-COLECTIVO-FOTOS-VARIAS-2-272x182.jpg 272w, https:\/\/www.uartes.edu.ec\/sitio\/wp-content\/uploads\/2022\/07\/MAPEO-CRITICO-COLECTIVO-FOTOS-VARIAS-2.jpg 2000w\" sizes=\"(max-width: 644px) 100vw, 644px\" \/><\/figure>\n<\/div>\n\n\n<p>El mapeo en el CIF llegaba a su tercera semana, pero quienes lo propusieron y gestaron \u201cllevamos mucho m\u00e1s tiempo\u201d. No ha sido el trabajo de un arquitecto que se\u00f1ala esto se hace as\u00ed, anot\u00f3 Pinto. \u201cDesde que iniciamos el proyecto los estudiantes, docentes y p\u00fablico en general se ha ido implicando y compartiendo sus percepciones, opiniones, pensamientos e ideas sobre lo que han ido viendo en los recorridos por el centro de la ciudad\u201d. Un registro sustentado en los tres ejes planteados: el cultural, el urbano (que tiene que ver con arquitectura, patrimonio, vialidad, formas de existencia) y el de g\u00e9nero, aport\u00f3 Natalia Tamayo, docente UArtes que ha participado junto con sus alumnos en todos los procesos de esta propuesta de creaci\u00f3n creativa.<\/p>\n\n\n\n<p>\u00bfQu\u00e9 es lo que se busca con todo lo actuado?, \u201crearmar una cartograf\u00eda del centro de la ciudad y ponerla en resultados f\u00edsicos y reflexivos alrededor de c\u00f3mo se vive en el centro hist\u00f3rico, cu\u00e1les son las l\u00f3gicas de existencia, de tr\u00e1nsito, de comercio, de gesti\u00f3n cultural y de vida para los diferentes grupos humanos que estamos de manera activa en el centro de la ciudad\u201d, subray\u00f3 la docente.<\/p>\n\n\n\n<p>Tamayo resalt\u00f3 tambi\u00e9n el trasfondo del mapeo: ver el impacto de la Universidad de las Artes en el centro de la ciudad, qu\u00e9 ha hecho o impreso su funcionamiento en varios niveles: econ\u00f3mico, cultural, urbano&#8230; Al igual que Pinto, la catedr\u00e1tica UArtes record\u00f3 que los resultados finales del trabajo con la l\u00ednea del tiempo, de la recopilaci\u00f3n de nuevos relatos y narraciones desde el territorio, a fin de dar voz a nuevas voces que no son las oficiales, se expondr\u00e1n en el 7mo. Encuentro Iberoamericano de Arte, Trabajo y Econom\u00eda (7EIATE) 2022, \u201cConstruir un nosotrxs\u201d, que es la fase 2 del proyecto. Este se desarrollar\u00e1 en octubre pr\u00f3ximo, organizado de manera conjunta con la FLACSO y el Instituto Latinoamericano de Investigaci\u00f3n en Artes (ILIA). &nbsp;<\/p>\n\n\n<div class=\"wp-block-image\">\n<figure class=\"aligncenter size-large\"><img decoding=\"async\" width=\"644\" height=\"429\" src=\"http:\/\/www.uartes.edu.ec\/sitio\/wp-content\/uploads\/2022\/07\/MAPEO-CRITICO-COLECTIVO-FOTOS-VARIAS-3-644x429.jpg\" alt=\"\" class=\"wp-image-25821\" srcset=\"https:\/\/www.uartes.edu.ec\/sitio\/wp-content\/uploads\/2022\/07\/MAPEO-CRITICO-COLECTIVO-FOTOS-VARIAS-3-644x429.jpg 644w, https:\/\/www.uartes.edu.ec\/sitio\/wp-content\/uploads\/2022\/07\/MAPEO-CRITICO-COLECTIVO-FOTOS-VARIAS-3-300x200.jpg 300w, https:\/\/www.uartes.edu.ec\/sitio\/wp-content\/uploads\/2022\/07\/MAPEO-CRITICO-COLECTIVO-FOTOS-VARIAS-3-768x512.jpg 768w, https:\/\/www.uartes.edu.ec\/sitio\/wp-content\/uploads\/2022\/07\/MAPEO-CRITICO-COLECTIVO-FOTOS-VARIAS-3-1536x1024.jpg 1536w, https:\/\/www.uartes.edu.ec\/sitio\/wp-content\/uploads\/2022\/07\/MAPEO-CRITICO-COLECTIVO-FOTOS-VARIAS-3-600x400.jpg 600w, https:\/\/www.uartes.edu.ec\/sitio\/wp-content\/uploads\/2022\/07\/MAPEO-CRITICO-COLECTIVO-FOTOS-VARIAS-3-400x267.jpg 400w, https:\/\/www.uartes.edu.ec\/sitio\/wp-content\/uploads\/2022\/07\/MAPEO-CRITICO-COLECTIVO-FOTOS-VARIAS-3-272x182.jpg 272w, https:\/\/www.uartes.edu.ec\/sitio\/wp-content\/uploads\/2022\/07\/MAPEO-CRITICO-COLECTIVO-FOTOS-VARIAS-3.jpg 2000w\" sizes=\"(max-width: 644px) 100vw, 644px\" \/><\/figure>\n<\/div>\n\n\n<p>El Mapeo Cr\u00edtico Colectivo del Centro de Guayaquil concluir\u00e1 este 22 de julio \u201cy luego del taller de la l\u00ednea del tiempo y de los ejercicios de mapear y cartografiar, de los an\u00e1lisis y la reflexi\u00f3n, vendr\u00e1 el proceso de sistematizar todo lo aportado mediante anotaciones y los pitogramas que facilitamos para sintetizar ideas y percepciones; creo es la parte m\u00e1s dif\u00edcil de la propuesta\u201d, manifest\u00f3 Pinto, se\u00f1alando en la Galer\u00eda CIF todo lo que se hab\u00eda anexado en la parte posterior de la sala: cientos de anotaciones dejadas por quienes intervinieron en talleres, charlas y recorridos realizados en torno al mapeo. \u201cNuestra labor, tras desmontar, ser\u00e1 tratar de conectar esas reflexiones y reflejarlas en la exposici\u00f3n que tendr\u00e1 lugar en el 7mo. Encuentro Iberoamericano de Arte, Trabajo y Econom\u00eda\u201d.<\/p>","protected":false},"excerpt":{"rendered":"<p>Es mi\u00e9rcoles 20 de julio y en el CIF del MZ14 estudiantes de la c\u00e1tedra de Gesti\u00f3n Pol\u00edtica de la Cultura de la UArtes analizan junto a Alejandra Pinto, integrante del Colectivo Licuadora Gestora, los ejes del Mapeo Cr\u00edtico Colectivo del Centro de Guayaquil propuesto conjuntamente con Arte Actual FLACSO y la Universidad de las Artes para situarnos, reconocernos y conectarnos.<\/p>","protected":false},"author":1,"featured_media":25819,"comment_status":"open","ping_status":"open","sticky":false,"template":"","format":"standard","meta":{"_acf_changed":false,"_uag_custom_page_level_css":"","_monsterinsights_skip_tracking":false,"_monsterinsights_sitenote_active":false,"_monsterinsights_sitenote_note":"","_monsterinsights_sitenote_category":0,"cybocfi_hide_featured_image":"","footnotes":""},"categories":[722,80],"tags":[106],"infouartes":[],"class_list":["post-25818","post","type-post","status-publish","format-standard","has-post-thumbnail","hentry","category-1f","category-academico","tag-mz14"],"acf":[],"yoast_head":"<!-- This site is optimized with the Yoast SEO plugin v27.4 - https:\/\/yoast.com\/product\/yoast-seo-wordpress\/ -->\n<title>Universidad de las Artes - Al cierre del Mapeo Cr\u00edtico Colectivo del Centro de Guayaquil; resultados, en el encuentro iberoamericano<\/title>\n<meta name=\"description\" content=\"Universidad de las Artes - Al cierre del Mapeo Cr\u00edtico Colectivo del Centro de Guayaquil; resultados, en el encuentro iberoamericano\" \/>\n<meta name=\"robots\" content=\"index, follow, max-snippet:-1, max-image-preview:large, max-video-preview:-1\" \/>\n<link rel=\"canonical\" href=\"https:\/\/www.uartes.edu.ec\/sitio\/fr\/blog\/2022\/07\/26\/en-el-cierre-del-mapeo-critico-colectivo-del-centro-de-guayaquil-cuyos-resultados-se-veran-en-7mo-encuentro-iberoamericano\/\" \/>\n<meta property=\"og:locale\" content=\"fr_FR\" \/>\n<meta property=\"og:type\" content=\"article\" \/>\n<meta property=\"og:title\" content=\"Universidad de las Artes - Al cierre del Mapeo Cr\u00edtico Colectivo del Centro de Guayaquil; resultados, en el encuentro iberoamericano\" \/>\n<meta property=\"og:description\" content=\"Universidad de las Artes - Al cierre del Mapeo Cr\u00edtico Colectivo del Centro de Guayaquil; resultados, en el encuentro iberoamericano\" \/>\n<meta property=\"og:url\" content=\"https:\/\/www.uartes.edu.ec\/sitio\/fr\/blog\/2022\/07\/26\/en-el-cierre-del-mapeo-critico-colectivo-del-centro-de-guayaquil-cuyos-resultados-se-veran-en-7mo-encuentro-iberoamericano\/\" \/>\n<meta property=\"og:site_name\" content=\"Universidad de las Artes\" \/>\n<meta property=\"article:publisher\" content=\"https:\/\/www.facebook.com\/uartesec\" \/>\n<meta property=\"article:published_time\" content=\"2022-07-26T21:57:00+00:00\" \/>\n<meta property=\"article:modified_time\" content=\"2024-07-04T16:23:16+00:00\" \/>\n<meta property=\"og:image\" content=\"https:\/\/www.uartes.edu.ec\/sitio\/wp-content\/uploads\/2022\/07\/MAPEO-CRITICO-COLECTIVO-FOTOS-VARIAS-1.jpg\" \/>\n\t<meta property=\"og:image:width\" content=\"2000\" \/>\n\t<meta property=\"og:image:height\" content=\"1333\" \/>\n\t<meta property=\"og:image:type\" content=\"image\/jpeg\" \/>\n<meta name=\"author\" content=\"Universidad de las Artes\" \/>\n<meta name=\"twitter:card\" content=\"summary_large_image\" \/>\n<meta name=\"twitter:creator\" content=\"@uartesec\" \/>\n<meta name=\"twitter:site\" content=\"@uartesec\" \/>\n<meta name=\"twitter:label1\" content=\"\u00c9crit par\" \/>\n\t<meta name=\"twitter:data1\" content=\"Universidad de las Artes\" \/>\n\t<meta name=\"twitter:label2\" content=\"Dur\u00e9e de lecture estim\u00e9e\" \/>\n\t<meta name=\"twitter:data2\" content=\"4 minutes\" \/>\n<script type=\"application\/ld+json\" class=\"yoast-schema-graph\">{\"@context\":\"https:\\\/\\\/schema.org\",\"@graph\":[{\"@type\":\"Article\",\"@id\":\"https:\\\/\\\/www.uartes.edu.ec\\\/sitio\\\/fr\\\/blog\\\/2022\\\/07\\\/26\\\/en-el-cierre-del-mapeo-critico-colectivo-del-centro-de-guayaquil-cuyos-resultados-se-veran-en-7mo-encuentro-iberoamericano\\\/#article\",\"isPartOf\":{\"@id\":\"https:\\\/\\\/www.uartes.edu.ec\\\/sitio\\\/fr\\\/blog\\\/2022\\\/07\\\/26\\\/en-el-cierre-del-mapeo-critico-colectivo-del-centro-de-guayaquil-cuyos-resultados-se-veran-en-7mo-encuentro-iberoamericano\\\/\"},\"author\":{\"name\":\"Universidad de las Artes\",\"@id\":\"https:\\\/\\\/www.uartes.edu.ec\\\/sitio\\\/fr\\\/#\\\/schema\\\/person\\\/f33f8c1d2af0d5c80a38c8abf458184a\"},\"headline\":\"Al cierre del Mapeo Cr\u00edtico Colectivo del Centro de Guayaquil; resultados, en el encuentro iberoamericano\",\"datePublished\":\"2022-07-26T21:57:00+00:00\",\"dateModified\":\"2024-07-04T16:23:16+00:00\",\"mainEntityOfPage\":{\"@id\":\"https:\\\/\\\/www.uartes.edu.ec\\\/sitio\\\/fr\\\/blog\\\/2022\\\/07\\\/26\\\/en-el-cierre-del-mapeo-critico-colectivo-del-centro-de-guayaquil-cuyos-resultados-se-veran-en-7mo-encuentro-iberoamericano\\\/\"},\"wordCount\":776,\"commentCount\":0,\"publisher\":{\"@id\":\"https:\\\/\\\/www.uartes.edu.ec\\\/sitio\\\/fr\\\/#organization\"},\"image\":{\"@id\":\"https:\\\/\\\/www.uartes.edu.ec\\\/sitio\\\/fr\\\/blog\\\/2022\\\/07\\\/26\\\/en-el-cierre-del-mapeo-critico-colectivo-del-centro-de-guayaquil-cuyos-resultados-se-veran-en-7mo-encuentro-iberoamericano\\\/#primaryimage\"},\"thumbnailUrl\":\"https:\\\/\\\/www.uartes.edu.ec\\\/sitio\\\/wp-content\\\/uploads\\\/2022\\\/07\\\/MAPEO-CRITICO-COLECTIVO-FOTOS-VARIAS-1.jpg\",\"keywords\":[\"mz14\"],\"articleSection\":[\"1F\",\"Acad\u00e9mico\"],\"inLanguage\":\"fr-FR\",\"potentialAction\":[{\"@type\":\"CommentAction\",\"name\":\"Comment\",\"target\":[\"https:\\\/\\\/www.uartes.edu.ec\\\/sitio\\\/fr\\\/blog\\\/2022\\\/07\\\/26\\\/en-el-cierre-del-mapeo-critico-colectivo-del-centro-de-guayaquil-cuyos-resultados-se-veran-en-7mo-encuentro-iberoamericano\\\/#respond\"]}]},{\"@type\":[\"WebPage\",\"ItemPage\"],\"@id\":\"https:\\\/\\\/www.uartes.edu.ec\\\/sitio\\\/fr\\\/blog\\\/2022\\\/07\\\/26\\\/en-el-cierre-del-mapeo-critico-colectivo-del-centro-de-guayaquil-cuyos-resultados-se-veran-en-7mo-encuentro-iberoamericano\\\/\",\"url\":\"https:\\\/\\\/www.uartes.edu.ec\\\/sitio\\\/fr\\\/blog\\\/2022\\\/07\\\/26\\\/en-el-cierre-del-mapeo-critico-colectivo-del-centro-de-guayaquil-cuyos-resultados-se-veran-en-7mo-encuentro-iberoamericano\\\/\",\"name\":\"Universidad de las Artes - Al cierre del Mapeo Cr\u00edtico Colectivo del Centro de Guayaquil; resultados, en el encuentro iberoamericano\",\"isPartOf\":{\"@id\":\"https:\\\/\\\/www.uartes.edu.ec\\\/sitio\\\/fr\\\/#website\"},\"primaryImageOfPage\":{\"@id\":\"https:\\\/\\\/www.uartes.edu.ec\\\/sitio\\\/fr\\\/blog\\\/2022\\\/07\\\/26\\\/en-el-cierre-del-mapeo-critico-colectivo-del-centro-de-guayaquil-cuyos-resultados-se-veran-en-7mo-encuentro-iberoamericano\\\/#primaryimage\"},\"image\":{\"@id\":\"https:\\\/\\\/www.uartes.edu.ec\\\/sitio\\\/fr\\\/blog\\\/2022\\\/07\\\/26\\\/en-el-cierre-del-mapeo-critico-colectivo-del-centro-de-guayaquil-cuyos-resultados-se-veran-en-7mo-encuentro-iberoamericano\\\/#primaryimage\"},\"thumbnailUrl\":\"https:\\\/\\\/www.uartes.edu.ec\\\/sitio\\\/wp-content\\\/uploads\\\/2022\\\/07\\\/MAPEO-CRITICO-COLECTIVO-FOTOS-VARIAS-1.jpg\",\"datePublished\":\"2022-07-26T21:57:00+00:00\",\"dateModified\":\"2024-07-04T16:23:16+00:00\",\"description\":\"Universidad de las Artes - Al cierre del Mapeo Cr\u00edtico Colectivo del Centro de Guayaquil; resultados, en el encuentro iberoamericano\",\"breadcrumb\":{\"@id\":\"https:\\\/\\\/www.uartes.edu.ec\\\/sitio\\\/fr\\\/blog\\\/2022\\\/07\\\/26\\\/en-el-cierre-del-mapeo-critico-colectivo-del-centro-de-guayaquil-cuyos-resultados-se-veran-en-7mo-encuentro-iberoamericano\\\/#breadcrumb\"},\"inLanguage\":\"fr-FR\",\"potentialAction\":[{\"@type\":\"ReadAction\",\"target\":[\"https:\\\/\\\/www.uartes.edu.ec\\\/sitio\\\/fr\\\/blog\\\/2022\\\/07\\\/26\\\/en-el-cierre-del-mapeo-critico-colectivo-del-centro-de-guayaquil-cuyos-resultados-se-veran-en-7mo-encuentro-iberoamericano\\\/\"]}]},{\"@type\":\"ImageObject\",\"inLanguage\":\"fr-FR\",\"@id\":\"https:\\\/\\\/www.uartes.edu.ec\\\/sitio\\\/fr\\\/blog\\\/2022\\\/07\\\/26\\\/en-el-cierre-del-mapeo-critico-colectivo-del-centro-de-guayaquil-cuyos-resultados-se-veran-en-7mo-encuentro-iberoamericano\\\/#primaryimage\",\"url\":\"https:\\\/\\\/www.uartes.edu.ec\\\/sitio\\\/wp-content\\\/uploads\\\/2022\\\/07\\\/MAPEO-CRITICO-COLECTIVO-FOTOS-VARIAS-1.jpg\",\"contentUrl\":\"https:\\\/\\\/www.uartes.edu.ec\\\/sitio\\\/wp-content\\\/uploads\\\/2022\\\/07\\\/MAPEO-CRITICO-COLECTIVO-FOTOS-VARIAS-1.jpg\",\"width\":2000,\"height\":1333},{\"@type\":\"BreadcrumbList\",\"@id\":\"https:\\\/\\\/www.uartes.edu.ec\\\/sitio\\\/fr\\\/blog\\\/2022\\\/07\\\/26\\\/en-el-cierre-del-mapeo-critico-colectivo-del-centro-de-guayaquil-cuyos-resultados-se-veran-en-7mo-encuentro-iberoamericano\\\/#breadcrumb\",\"itemListElement\":[{\"@type\":\"ListItem\",\"position\":1,\"name\":\"Inicio\",\"item\":\"https:\\\/\\\/www.uartes.edu.ec\\\/sitio\\\/\"},{\"@type\":\"ListItem\",\"position\":2,\"name\":\"Al cierre del Mapeo Cr\u00edtico Colectivo del Centro de Guayaquil; resultados, en el encuentro iberoamericano\"}]},{\"@type\":\"WebSite\",\"@id\":\"https:\\\/\\\/www.uartes.edu.ec\\\/sitio\\\/fr\\\/#website\",\"url\":\"https:\\\/\\\/www.uartes.edu.ec\\\/sitio\\\/fr\\\/\",\"name\":\"Universidad de las Artes\",\"description\":\"Sitio oficial de la Universidad Nacional de las Artes del Ecuador\",\"publisher\":{\"@id\":\"https:\\\/\\\/www.uartes.edu.ec\\\/sitio\\\/fr\\\/#organization\"},\"potentialAction\":[{\"@type\":\"SearchAction\",\"target\":{\"@type\":\"EntryPoint\",\"urlTemplate\":\"https:\\\/\\\/www.uartes.edu.ec\\\/sitio\\\/fr\\\/?s={search_term_string}\"},\"query-input\":{\"@type\":\"PropertyValueSpecification\",\"valueRequired\":true,\"valueName\":\"search_term_string\"}}],\"inLanguage\":\"fr-FR\"},{\"@type\":\"Organization\",\"@id\":\"https:\\\/\\\/www.uartes.edu.ec\\\/sitio\\\/fr\\\/#organization\",\"name\":\"Universidad de las Artes\",\"url\":\"https:\\\/\\\/www.uartes.edu.ec\\\/sitio\\\/fr\\\/\",\"logo\":{\"@type\":\"ImageObject\",\"inLanguage\":\"fr-FR\",\"@id\":\"https:\\\/\\\/www.uartes.edu.ec\\\/sitio\\\/fr\\\/#\\\/schema\\\/logo\\\/image\\\/\",\"url\":\"https:\\\/\\\/www.uartes.edu.ec\\\/sitio\\\/wp-content\\\/uploads\\\/2022\\\/07\\\/logo-ua-horizontal.png\",\"contentUrl\":\"https:\\\/\\\/www.uartes.edu.ec\\\/sitio\\\/wp-content\\\/uploads\\\/2022\\\/07\\\/logo-ua-horizontal.png\",\"width\":800,\"height\":276,\"caption\":\"Universidad de las Artes\"},\"image\":{\"@id\":\"https:\\\/\\\/www.uartes.edu.ec\\\/sitio\\\/fr\\\/#\\\/schema\\\/logo\\\/image\\\/\"},\"sameAs\":[\"https:\\\/\\\/www.facebook.com\\\/uartesec\",\"https:\\\/\\\/x.com\\\/uartesec\",\"https:\\\/\\\/www.tiktok.com\\\/@uartesec\"]},{\"@type\":\"Person\",\"@id\":\"https:\\\/\\\/www.uartes.edu.ec\\\/sitio\\\/fr\\\/#\\\/schema\\\/person\\\/f33f8c1d2af0d5c80a38c8abf458184a\",\"name\":\"Universidad de las Artes\",\"image\":{\"@type\":\"ImageObject\",\"inLanguage\":\"fr-FR\",\"@id\":\"https:\\\/\\\/secure.gravatar.com\\\/avatar\\\/52e4757902f5cfa5ac52d020e5be83cae5487519154b6c35482fe08d589f3c13?s=96&d=mm&r=g\",\"url\":\"https:\\\/\\\/secure.gravatar.com\\\/avatar\\\/52e4757902f5cfa5ac52d020e5be83cae5487519154b6c35482fe08d589f3c13?s=96&d=mm&r=g\",\"contentUrl\":\"https:\\\/\\\/secure.gravatar.com\\\/avatar\\\/52e4757902f5cfa5ac52d020e5be83cae5487519154b6c35482fe08d589f3c13?s=96&d=mm&r=g\",\"caption\":\"Universidad de las Artes\"},\"url\":\"https:\\\/\\\/www.uartes.edu.ec\\\/sitio\\\/fr\\\/blog\\\/author\\\/dircomadm\\\/\"}]}<\/script>\n<!-- \/ Yoast SEO plugin. -->","yoast_head_json":{"title":"Universidad de las Artes - Al cierre del Mapeo Cr\u00edtico Colectivo del Centro de Guayaquil; resultados, en el encuentro iberoamericano","description":"Universidad de las Artes - Al cierre del Mapeo Cr\u00edtico Colectivo del Centro de Guayaquil; resultados, en el encuentro iberoamericano","robots":{"index":"index","follow":"follow","max-snippet":"max-snippet:-1","max-image-preview":"max-image-preview:large","max-video-preview":"max-video-preview:-1"},"canonical":"https:\/\/www.uartes.edu.ec\/sitio\/fr\/blog\/2022\/07\/26\/en-el-cierre-del-mapeo-critico-colectivo-del-centro-de-guayaquil-cuyos-resultados-se-veran-en-7mo-encuentro-iberoamericano\/","og_locale":"fr_FR","og_type":"article","og_title":"Universidad de las Artes - Al cierre del Mapeo Cr\u00edtico Colectivo del Centro de Guayaquil; resultados, en el encuentro iberoamericano","og_description":"Universidad de las Artes - Al cierre del Mapeo Cr\u00edtico Colectivo del Centro de Guayaquil; resultados, en el encuentro iberoamericano","og_url":"https:\/\/www.uartes.edu.ec\/sitio\/fr\/blog\/2022\/07\/26\/en-el-cierre-del-mapeo-critico-colectivo-del-centro-de-guayaquil-cuyos-resultados-se-veran-en-7mo-encuentro-iberoamericano\/","og_site_name":"Universidad de las Artes","article_publisher":"https:\/\/www.facebook.com\/uartesec","article_published_time":"2022-07-26T21:57:00+00:00","article_modified_time":"2024-07-04T16:23:16+00:00","og_image":[{"width":2000,"height":1333,"url":"https:\/\/www.uartes.edu.ec\/sitio\/wp-content\/uploads\/2022\/07\/MAPEO-CRITICO-COLECTIVO-FOTOS-VARIAS-1.jpg","type":"image\/jpeg"}],"author":"Universidad de las Artes","twitter_card":"summary_large_image","twitter_creator":"@uartesec","twitter_site":"@uartesec","twitter_misc":{"\u00c9crit par":"Universidad de las Artes","Dur\u00e9e de lecture estim\u00e9e":"4 minutes"},"schema":{"@context":"https:\/\/schema.org","@graph":[{"@type":"Article","@id":"https:\/\/www.uartes.edu.ec\/sitio\/fr\/blog\/2022\/07\/26\/en-el-cierre-del-mapeo-critico-colectivo-del-centro-de-guayaquil-cuyos-resultados-se-veran-en-7mo-encuentro-iberoamericano\/#article","isPartOf":{"@id":"https:\/\/www.uartes.edu.ec\/sitio\/fr\/blog\/2022\/07\/26\/en-el-cierre-del-mapeo-critico-colectivo-del-centro-de-guayaquil-cuyos-resultados-se-veran-en-7mo-encuentro-iberoamericano\/"},"author":{"name":"Universidad de las Artes","@id":"https:\/\/www.uartes.edu.ec\/sitio\/fr\/#\/schema\/person\/f33f8c1d2af0d5c80a38c8abf458184a"},"headline":"Al cierre del Mapeo Cr\u00edtico Colectivo del Centro de Guayaquil; resultados, en el encuentro iberoamericano","datePublished":"2022-07-26T21:57:00+00:00","dateModified":"2024-07-04T16:23:16+00:00","mainEntityOfPage":{"@id":"https:\/\/www.uartes.edu.ec\/sitio\/fr\/blog\/2022\/07\/26\/en-el-cierre-del-mapeo-critico-colectivo-del-centro-de-guayaquil-cuyos-resultados-se-veran-en-7mo-encuentro-iberoamericano\/"},"wordCount":776,"commentCount":0,"publisher":{"@id":"https:\/\/www.uartes.edu.ec\/sitio\/fr\/#organization"},"image":{"@id":"https:\/\/www.uartes.edu.ec\/sitio\/fr\/blog\/2022\/07\/26\/en-el-cierre-del-mapeo-critico-colectivo-del-centro-de-guayaquil-cuyos-resultados-se-veran-en-7mo-encuentro-iberoamericano\/#primaryimage"},"thumbnailUrl":"https:\/\/www.uartes.edu.ec\/sitio\/wp-content\/uploads\/2022\/07\/MAPEO-CRITICO-COLECTIVO-FOTOS-VARIAS-1.jpg","keywords":["mz14"],"articleSection":["1F","Acad\u00e9mico"],"inLanguage":"fr-FR","potentialAction":[{"@type":"CommentAction","name":"Comment","target":["https:\/\/www.uartes.edu.ec\/sitio\/fr\/blog\/2022\/07\/26\/en-el-cierre-del-mapeo-critico-colectivo-del-centro-de-guayaquil-cuyos-resultados-se-veran-en-7mo-encuentro-iberoamericano\/#respond"]}]},{"@type":["WebPage","ItemPage"],"@id":"https:\/\/www.uartes.edu.ec\/sitio\/fr\/blog\/2022\/07\/26\/en-el-cierre-del-mapeo-critico-colectivo-del-centro-de-guayaquil-cuyos-resultados-se-veran-en-7mo-encuentro-iberoamericano\/","url":"https:\/\/www.uartes.edu.ec\/sitio\/fr\/blog\/2022\/07\/26\/en-el-cierre-del-mapeo-critico-colectivo-del-centro-de-guayaquil-cuyos-resultados-se-veran-en-7mo-encuentro-iberoamericano\/","name":"Universidad de las Artes - Al cierre del Mapeo Cr\u00edtico Colectivo del Centro de Guayaquil; resultados, en el encuentro iberoamericano","isPartOf":{"@id":"https:\/\/www.uartes.edu.ec\/sitio\/fr\/#website"},"primaryImageOfPage":{"@id":"https:\/\/www.uartes.edu.ec\/sitio\/fr\/blog\/2022\/07\/26\/en-el-cierre-del-mapeo-critico-colectivo-del-centro-de-guayaquil-cuyos-resultados-se-veran-en-7mo-encuentro-iberoamericano\/#primaryimage"},"image":{"@id":"https:\/\/www.uartes.edu.ec\/sitio\/fr\/blog\/2022\/07\/26\/en-el-cierre-del-mapeo-critico-colectivo-del-centro-de-guayaquil-cuyos-resultados-se-veran-en-7mo-encuentro-iberoamericano\/#primaryimage"},"thumbnailUrl":"https:\/\/www.uartes.edu.ec\/sitio\/wp-content\/uploads\/2022\/07\/MAPEO-CRITICO-COLECTIVO-FOTOS-VARIAS-1.jpg","datePublished":"2022-07-26T21:57:00+00:00","dateModified":"2024-07-04T16:23:16+00:00","description":"Universidad de las Artes - Al cierre del Mapeo Cr\u00edtico Colectivo del Centro de Guayaquil; resultados, en el encuentro iberoamericano","breadcrumb":{"@id":"https:\/\/www.uartes.edu.ec\/sitio\/fr\/blog\/2022\/07\/26\/en-el-cierre-del-mapeo-critico-colectivo-del-centro-de-guayaquil-cuyos-resultados-se-veran-en-7mo-encuentro-iberoamericano\/#breadcrumb"},"inLanguage":"fr-FR","potentialAction":[{"@type":"ReadAction","target":["https:\/\/www.uartes.edu.ec\/sitio\/fr\/blog\/2022\/07\/26\/en-el-cierre-del-mapeo-critico-colectivo-del-centro-de-guayaquil-cuyos-resultados-se-veran-en-7mo-encuentro-iberoamericano\/"]}]},{"@type":"ImageObject","inLanguage":"fr-FR","@id":"https:\/\/www.uartes.edu.ec\/sitio\/fr\/blog\/2022\/07\/26\/en-el-cierre-del-mapeo-critico-colectivo-del-centro-de-guayaquil-cuyos-resultados-se-veran-en-7mo-encuentro-iberoamericano\/#primaryimage","url":"https:\/\/www.uartes.edu.ec\/sitio\/wp-content\/uploads\/2022\/07\/MAPEO-CRITICO-COLECTIVO-FOTOS-VARIAS-1.jpg","contentUrl":"https:\/\/www.uartes.edu.ec\/sitio\/wp-content\/uploads\/2022\/07\/MAPEO-CRITICO-COLECTIVO-FOTOS-VARIAS-1.jpg","width":2000,"height":1333},{"@type":"BreadcrumbList","@id":"https:\/\/www.uartes.edu.ec\/sitio\/fr\/blog\/2022\/07\/26\/en-el-cierre-del-mapeo-critico-colectivo-del-centro-de-guayaquil-cuyos-resultados-se-veran-en-7mo-encuentro-iberoamericano\/#breadcrumb","itemListElement":[{"@type":"ListItem","position":1,"name":"Inicio","item":"https:\/\/www.uartes.edu.ec\/sitio\/"},{"@type":"ListItem","position":2,"name":"Al cierre del Mapeo Cr\u00edtico Colectivo del Centro de Guayaquil; resultados, en el encuentro iberoamericano"}]},{"@type":"WebSite","@id":"https:\/\/www.uartes.edu.ec\/sitio\/fr\/#website","url":"https:\/\/www.uartes.edu.ec\/sitio\/fr\/","name":"Universidad de las Artes","description":"Sitio oficial de la Universidad Nacional de las Artes del Ecuador","publisher":{"@id":"https:\/\/www.uartes.edu.ec\/sitio\/fr\/#organization"},"potentialAction":[{"@type":"SearchAction","target":{"@type":"EntryPoint","urlTemplate":"https:\/\/www.uartes.edu.ec\/sitio\/fr\/?s={search_term_string}"},"query-input":{"@type":"PropertyValueSpecification","valueRequired":true,"valueName":"search_term_string"}}],"inLanguage":"fr-FR"},{"@type":"Organization","@id":"https:\/\/www.uartes.edu.ec\/sitio\/fr\/#organization","name":"Universidad de las Artes","url":"https:\/\/www.uartes.edu.ec\/sitio\/fr\/","logo":{"@type":"ImageObject","inLanguage":"fr-FR","@id":"https:\/\/www.uartes.edu.ec\/sitio\/fr\/#\/schema\/logo\/image\/","url":"https:\/\/www.uartes.edu.ec\/sitio\/wp-content\/uploads\/2022\/07\/logo-ua-horizontal.png","contentUrl":"https:\/\/www.uartes.edu.ec\/sitio\/wp-content\/uploads\/2022\/07\/logo-ua-horizontal.png","width":800,"height":276,"caption":"Universidad de las Artes"},"image":{"@id":"https:\/\/www.uartes.edu.ec\/sitio\/fr\/#\/schema\/logo\/image\/"},"sameAs":["https:\/\/www.facebook.com\/uartesec","https:\/\/x.com\/uartesec","https:\/\/www.tiktok.com\/@uartesec"]},{"@type":"Person","@id":"https:\/\/www.uartes.edu.ec\/sitio\/fr\/#\/schema\/person\/f33f8c1d2af0d5c80a38c8abf458184a","name":"Universidad de las Artes","image":{"@type":"ImageObject","inLanguage":"fr-FR","@id":"https:\/\/secure.gravatar.com\/avatar\/52e4757902f5cfa5ac52d020e5be83cae5487519154b6c35482fe08d589f3c13?s=96&d=mm&r=g","url":"https:\/\/secure.gravatar.com\/avatar\/52e4757902f5cfa5ac52d020e5be83cae5487519154b6c35482fe08d589f3c13?s=96&d=mm&r=g","contentUrl":"https:\/\/secure.gravatar.com\/avatar\/52e4757902f5cfa5ac52d020e5be83cae5487519154b6c35482fe08d589f3c13?s=96&d=mm&r=g","caption":"Universidad de las Artes"},"url":"https:\/\/www.uartes.edu.ec\/sitio\/fr\/blog\/author\/dircomadm\/"}]}},"uagb_featured_image_src":{"full":["https:\/\/www.uartes.edu.ec\/sitio\/wp-content\/uploads\/2022\/07\/MAPEO-CRITICO-COLECTIVO-FOTOS-VARIAS-1.jpg",2000,1333,false],"thumbnail":["https:\/\/www.uartes.edu.ec\/sitio\/wp-content\/uploads\/2022\/07\/MAPEO-CRITICO-COLECTIVO-FOTOS-VARIAS-1-150x150.jpg",150,150,true],"medium":["https:\/\/www.uartes.edu.ec\/sitio\/wp-content\/uploads\/2022\/07\/MAPEO-CRITICO-COLECTIVO-FOTOS-VARIAS-1-300x200.jpg",300,200,true],"medium_large":["https:\/\/www.uartes.edu.ec\/sitio\/wp-content\/uploads\/2022\/07\/MAPEO-CRITICO-COLECTIVO-FOTOS-VARIAS-1-768x512.jpg",768,512,true],"large":["https:\/\/www.uartes.edu.ec\/sitio\/wp-content\/uploads\/2022\/07\/MAPEO-CRITICO-COLECTIVO-FOTOS-VARIAS-1-644x429.jpg",644,429,true],"1536x1536":["https:\/\/www.uartes.edu.ec\/sitio\/wp-content\/uploads\/2022\/07\/MAPEO-CRITICO-COLECTIVO-FOTOS-VARIAS-1-1536x1024.jpg",1536,1024,true],"2048x2048":["https:\/\/www.uartes.edu.ec\/sitio\/wp-content\/uploads\/2022\/07\/MAPEO-CRITICO-COLECTIVO-FOTOS-VARIAS-1.jpg",2000,1333,false],"trp-custom-language-flag":["https:\/\/www.uartes.edu.ec\/sitio\/wp-content\/uploads\/2022\/07\/MAPEO-CRITICO-COLECTIVO-FOTOS-VARIAS-1.jpg",18,12,false],"htmega_size_585x295":["https:\/\/www.uartes.edu.ec\/sitio\/wp-content\/uploads\/2022\/07\/MAPEO-CRITICO-COLECTIVO-FOTOS-VARIAS-1.jpg",443,295,false],"htmega_size_1170x536":["https:\/\/www.uartes.edu.ec\/sitio\/wp-content\/uploads\/2022\/07\/MAPEO-CRITICO-COLECTIVO-FOTOS-VARIAS-1.jpg",804,536,false],"htmega_size_396x360":["https:\/\/www.uartes.edu.ec\/sitio\/wp-content\/uploads\/2022\/07\/MAPEO-CRITICO-COLECTIVO-FOTOS-VARIAS-1.jpg",396,264,false],"gb-block-post-grid-landscape":["https:\/\/www.uartes.edu.ec\/sitio\/wp-content\/uploads\/2022\/07\/MAPEO-CRITICO-COLECTIVO-FOTOS-VARIAS-1-600x400.jpg",600,400,true],"gb-block-post-grid-square":["https:\/\/www.uartes.edu.ec\/sitio\/wp-content\/uploads\/2022\/07\/MAPEO-CRITICO-COLECTIVO-FOTOS-VARIAS-1-600x600.jpg",600,600,true],"university-hub-thumb":["https:\/\/www.uartes.edu.ec\/sitio\/wp-content\/uploads\/2022\/07\/MAPEO-CRITICO-COLECTIVO-FOTOS-VARIAS-1-400x267.jpg",400,267,true],"mailpoet_newsletter_max":["https:\/\/www.uartes.edu.ec\/sitio\/wp-content\/uploads\/2022\/07\/MAPEO-CRITICO-COLECTIVO-FOTOS-VARIAS-1.jpg",1320,880,false]},"uagb_author_info":{"display_name":"Universidad de las Artes","author_link":"https:\/\/www.uartes.edu.ec\/sitio\/fr\/blog\/author\/dircomadm\/"},"uagb_comment_info":0,"uagb_excerpt":"Es mi\u00e9rcoles 20 de julio y en el CIF del MZ14 estudiantes de la c\u00e1tedra de Gesti\u00f3n Pol\u00edtica de la Cultura de la UArtes analizan junto a Alejandra Pinto, integrante del Colectivo Licuadora Gestora, los ejes del Mapeo Cr\u00edtico Colectivo del Centro de Guayaquil propuesto conjuntamente con Arte Actual FLACSO y la Universidad de las\u2026","featured_image_src":"https:\/\/www.uartes.edu.ec\/sitio\/wp-content\/uploads\/2022\/07\/MAPEO-CRITICO-COLECTIVO-FOTOS-VARIAS-1-600x400.jpg","featured_image_src_square":"https:\/\/www.uartes.edu.ec\/sitio\/wp-content\/uploads\/2022\/07\/MAPEO-CRITICO-COLECTIVO-FOTOS-VARIAS-1-600x600.jpg","author_info":{"display_name":"Universidad de las Artes","author_link":"https:\/\/www.uartes.edu.ec\/sitio\/fr\/blog\/author\/dircomadm\/"},"publishpress_future_workflow_manual_trigger":{"enabledWorkflows":[]},"distributor_meta":false,"distributor_terms":false,"distributor_media":false,"distributor_original_site_name":"Universidad de las Artes","distributor_original_site_url":"https:\/\/www.uartes.edu.ec\/sitio\/fr","push-errors":false,"_links":{"self":[{"href":"https:\/\/www.uartes.edu.ec\/sitio\/fr\/wp-json\/wp\/v2\/posts\/25818","targetHints":{"allow":["GET"]}}],"collection":[{"href":"https:\/\/www.uartes.edu.ec\/sitio\/fr\/wp-json\/wp\/v2\/posts"}],"about":[{"href":"https:\/\/www.uartes.edu.ec\/sitio\/fr\/wp-json\/wp\/v2\/types\/post"}],"author":[{"embeddable":true,"href":"https:\/\/www.uartes.edu.ec\/sitio\/fr\/wp-json\/wp\/v2\/users\/1"}],"replies":[{"embeddable":true,"href":"https:\/\/www.uartes.edu.ec\/sitio\/fr\/wp-json\/wp\/v2\/comments?post=25818"}],"version-history":[{"count":6,"href":"https:\/\/www.uartes.edu.ec\/sitio\/fr\/wp-json\/wp\/v2\/posts\/25818\/revisions"}],"predecessor-version":[{"id":35029,"href":"https:\/\/www.uartes.edu.ec\/sitio\/fr\/wp-json\/wp\/v2\/posts\/25818\/revisions\/35029"}],"wp:featuredmedia":[{"embeddable":true,"href":"https:\/\/www.uartes.edu.ec\/sitio\/fr\/wp-json\/wp\/v2\/media\/25819"}],"wp:attachment":[{"href":"https:\/\/www.uartes.edu.ec\/sitio\/fr\/wp-json\/wp\/v2\/media?parent=25818"}],"wp:term":[{"taxonomy":"category","embeddable":true,"href":"https:\/\/www.uartes.edu.ec\/sitio\/fr\/wp-json\/wp\/v2\/categories?post=25818"},{"taxonomy":"post_tag","embeddable":true,"href":"https:\/\/www.uartes.edu.ec\/sitio\/fr\/wp-json\/wp\/v2\/tags?post=25818"},{"taxonomy":"infouartes","embeddable":true,"href":"https:\/\/www.uartes.edu.ec\/sitio\/fr\/wp-json\/wp\/v2\/infouartes?post=25818"}],"curies":[{"name":"wp","href":"https:\/\/api.w.org\/{rel}","templated":true}]}}