{"id":26042,"date":"2022-08-04T18:00:00","date_gmt":"2022-08-04T23:00:00","guid":{"rendered":"http:\/\/www.uartes.edu.ec\/sitio\/?p=26042"},"modified":"2024-07-04T11:23:13","modified_gmt":"2024-07-04T16:23:13","slug":"la-intervencion-electroacustica-del-campanario-deel-telegrafo-los-hizo-mirar-hacia-la-torre-del-reloj","status":"publish","type":"post","link":"https:\/\/www.uartes.edu.ec\/sitio\/fr\/blog\/2022\/08\/04\/la-intervencion-electroacustica-del-campanario-deel-telegrafo-los-hizo-mirar-hacia-la-torre-del-reloj\/","title":{"rendered":"La intervenci\u00f3n electroac\u00fastica del campanario de El Tel\u00e9grafo nos hizo mirar la torre del patrimonial edificio"},"content":{"rendered":"<p>En los bajos de El Tel\u00e9grafo, varios transe\u00fantes presurosos detuvieron su marcha para buscar con la mirada aquello que escuchaban. \u00bfSon campanadas?, pregunt\u00f3 un ciudadano se\u00f1alando la torre del reloj del patrimonial edificio a un vendedor de mascarillas que dej\u00f3 de vocear su producto, a fin de tambi\u00e9n determinar de qu\u00e9 se trataba.<\/p>\n\n\n\n<p>Como ellos hubo varios otros peatones, e incluso conductores que aprovechando la roja del sem\u00e1foro de 10 de Agosto y Boyac\u00e1 sacaban la cabeza por la ventana para hallar el origen de un sonar de campanas ya olvidado. Unos transitaban por el sector solos, otros en compa\u00f1\u00eda e incluso con ni\u00f1os en brazos. Todos asistiendo curiosos al acontecimiento.<\/p>\n\n\n\n<p>Sucedi\u00f3 a las 13:00 de este jueves 4 de agosto cuando Juan Jos\u00e9 Ripalda, docente de Producci\u00f3n Musical de la Escuela de Artes Sonoras de la UArtes, hizo realidad junto a Gianni Candell, Eddy Romero y Juan Mart\u00edn Sol\u00f3rzano, estudiantes de la misma carrera \u2013itinerario Innovaci\u00f3n y Nuevos Medios\u2013, la intervenci\u00f3n electroac\u00fastica del campanario de El Tel\u00e9grafo, cuyo sonar fuerte, claro y armonioso revivi\u00f3, sin duda, otroras \u00e9pocas.<\/p>\n\n\n<div class=\"wp-block-image\">\n<figure class=\"aligncenter size-large\"><img fetchpriority=\"high\" decoding=\"async\" width=\"644\" height=\"429\" src=\"http:\/\/www.uartes.edu.ec\/sitio\/wp-content\/uploads\/2022\/08\/04-MM-644x429.jpg\" alt=\"\" class=\"wp-image-26046\" srcset=\"https:\/\/www.uartes.edu.ec\/sitio\/wp-content\/uploads\/2022\/08\/04-MM-644x429.jpg 644w, https:\/\/www.uartes.edu.ec\/sitio\/wp-content\/uploads\/2022\/08\/04-MM-300x200.jpg 300w, https:\/\/www.uartes.edu.ec\/sitio\/wp-content\/uploads\/2022\/08\/04-MM-768x512.jpg 768w, https:\/\/www.uartes.edu.ec\/sitio\/wp-content\/uploads\/2022\/08\/04-MM-1536x1024.jpg 1536w, https:\/\/www.uartes.edu.ec\/sitio\/wp-content\/uploads\/2022\/08\/04-MM-600x400.jpg 600w, https:\/\/www.uartes.edu.ec\/sitio\/wp-content\/uploads\/2022\/08\/04-MM-400x267.jpg 400w, https:\/\/www.uartes.edu.ec\/sitio\/wp-content\/uploads\/2022\/08\/04-MM-272x182.jpg 272w, https:\/\/www.uartes.edu.ec\/sitio\/wp-content\/uploads\/2022\/08\/04-MM.jpg 2000w\" sizes=\"(max-width: 644px) 100vw, 644px\" \/><\/figure>\n<\/div>\n\n<div class=\"wp-block-image\">\n<figure class=\"aligncenter size-large\"><img decoding=\"async\" width=\"644\" height=\"429\" src=\"http:\/\/www.uartes.edu.ec\/sitio\/wp-content\/uploads\/2022\/08\/01-MM-644x429.jpg\" alt=\"\" class=\"wp-image-26045\" srcset=\"https:\/\/www.uartes.edu.ec\/sitio\/wp-content\/uploads\/2022\/08\/01-MM-644x429.jpg 644w, https:\/\/www.uartes.edu.ec\/sitio\/wp-content\/uploads\/2022\/08\/01-MM-300x200.jpg 300w, https:\/\/www.uartes.edu.ec\/sitio\/wp-content\/uploads\/2022\/08\/01-MM-768x512.jpg 768w, https:\/\/www.uartes.edu.ec\/sitio\/wp-content\/uploads\/2022\/08\/01-MM-1536x1024.jpg 1536w, https:\/\/www.uartes.edu.ec\/sitio\/wp-content\/uploads\/2022\/08\/01-MM-600x400.jpg 600w, https:\/\/www.uartes.edu.ec\/sitio\/wp-content\/uploads\/2022\/08\/01-MM-400x267.jpg 400w, https:\/\/www.uartes.edu.ec\/sitio\/wp-content\/uploads\/2022\/08\/01-MM-272x182.jpg 272w, https:\/\/www.uartes.edu.ec\/sitio\/wp-content\/uploads\/2022\/08\/01-MM.jpg 2000w\" sizes=\"(max-width: 644px) 100vw, 644px\" \/><figcaption class=\"wp-element-caption\">Foto superior, momentos de la intervenci\u00f3n electroac\u00fastica del campanario de El Tel\u00e9grafo. Sobre estas l\u00edneas, el equipo que hizo realidad la propuesta para la IX Minga Multimedia de Arte y Tecnolog\u00eda (mMAT).<\/figcaption><\/figure>\n<\/div>\n\n\n<p>La propuesta fue parte de las actividades de la cuarta jornada de la Minga Multimedia de Arte y Tecnolog\u00eda (mMAT), organizada por la Universidad de las Artes y la EAS. En ese cuarto d\u00eda de la IX edici\u00f3n de la cita se desarrollaron tambi\u00e9n la conferencia \u201cIn(ter)disciplina \u2013Seminario Permanente ILIA\u2013 Tecnolog\u00edas Creativas Decoloniales: una lectura de la <em>Revista F-ILIA 4,<\/em> con la exposici\u00f3n de Jorge Haro (AR\/ES) y el comentario de Fredy Vallejos (CO); al t\u00e9rmino, el ya posicionado Jueves EAS con un concierto de electr\u00f3nica en vivo + obras mixtas, protagonizado por docentes UArtes.<\/p>\n\n\n\n<p>Ripalda cont\u00f3 que la intervenci\u00f3n electroac\u00fastica del campanario de El Tel\u00e9grafo era el resultado de un proyecto previo y una exploraci\u00f3n en torno a las campanas del patrimonial edificio, donde originalmente funcion\u00f3 el peri\u00f3dico del cual tom\u00f3 su nombre. Hace dos a\u00f1os y antes de que se repararan hicieron mediciones de las notas con Luis Barrie, un ingeniero ac\u00fastico que vino de Chile. As\u00ed determinaron qu\u00e9 notas daban las campanas, qu\u00e9 melod\u00edas, c\u00f3mo era el funcionamiento y cu\u00e1ntos a\u00f1os ten\u00edan. Producto de eso surgi\u00f3 la idea de hacer un concierto de campanas, como los que hace el music\u00f3logo y artista sonoro espa\u00f1ol Llorens Barber en varias ciudades. \u201cLa intenci\u00f3n es recuperarlas, reimaginarlas y reapropiarlas fuera de su contexto original que era dar la hora y tocar su cl\u00e1sica melod\u00eda\u201d, anot\u00f3 el docente.<\/p>\n\n\n\n<p>La propuesta, agreg\u00f3, era experimentar para crear un nuevo hito sonoro en la ciudad. Fue un trabajo que requiri\u00f3 investigaci\u00f3n y fue tambi\u00e9n espont\u00e1neo, respondiendo a inquietudes como cu\u00e1les son los sonidos de la ciudad y c\u00f3mo suena esta.<\/p>\n\n\n<div class=\"wp-block-image\">\n<figure class=\"aligncenter size-large\"><img decoding=\"async\" width=\"644\" height=\"429\" src=\"http:\/\/www.uartes.edu.ec\/sitio\/wp-content\/uploads\/2022\/08\/05-MM-644x429.jpg\" alt=\"\" class=\"wp-image-26047\" srcset=\"https:\/\/www.uartes.edu.ec\/sitio\/wp-content\/uploads\/2022\/08\/05-MM-644x429.jpg 644w, https:\/\/www.uartes.edu.ec\/sitio\/wp-content\/uploads\/2022\/08\/05-MM-300x200.jpg 300w, https:\/\/www.uartes.edu.ec\/sitio\/wp-content\/uploads\/2022\/08\/05-MM-768x512.jpg 768w, https:\/\/www.uartes.edu.ec\/sitio\/wp-content\/uploads\/2022\/08\/05-MM-1536x1024.jpg 1536w, https:\/\/www.uartes.edu.ec\/sitio\/wp-content\/uploads\/2022\/08\/05-MM-600x400.jpg 600w, https:\/\/www.uartes.edu.ec\/sitio\/wp-content\/uploads\/2022\/08\/05-MM-400x267.jpg 400w, https:\/\/www.uartes.edu.ec\/sitio\/wp-content\/uploads\/2022\/08\/05-MM-272x182.jpg 272w, https:\/\/www.uartes.edu.ec\/sitio\/wp-content\/uploads\/2022\/08\/05-MM.jpg 2000w\" sizes=\"(max-width: 644px) 100vw, 644px\" \/><figcaption class=\"wp-element-caption\">Juan Jos\u00e9 Ripalda, docente de la carrera de Producci\u00f3n Musical de la Escuela de Artes Sonoras.<\/figcaption><\/figure>\n<\/div>\n\n<div class=\"wp-block-image\">\n<figure class=\"aligncenter size-medium\"><img loading=\"lazy\" decoding=\"async\" width=\"300\" height=\"300\" src=\"http:\/\/www.uartes.edu.ec\/sitio\/wp-content\/uploads\/2022\/08\/usuario-300x300.jpeg\" alt=\"\" class=\"wp-image-26048\" srcset=\"https:\/\/www.uartes.edu.ec\/sitio\/wp-content\/uploads\/2022\/08\/usuario-300x300.jpeg 300w, https:\/\/www.uartes.edu.ec\/sitio\/wp-content\/uploads\/2022\/08\/usuario-150x150.jpeg 150w, https:\/\/www.uartes.edu.ec\/sitio\/wp-content\/uploads\/2022\/08\/usuario-600x600.jpeg 600w, https:\/\/www.uartes.edu.ec\/sitio\/wp-content\/uploads\/2022\/08\/usuario-100x100.jpeg 100w, https:\/\/www.uartes.edu.ec\/sitio\/wp-content\/uploads\/2022\/08\/usuario-560x560.jpeg 560w\" sizes=\"(max-width: 300px) 100vw, 300px\" \/><figcaption class=\"wp-element-caption\">Un transe\u00fante, quien solo se identific\u00f3 como Carlos, detuvo su marcha para escuchar las campanadas.<\/figcaption><\/figure>\n<\/div>\n\n\n<p>Candell, quien cursa el octavo semestre de Producci\u00f3n Musical, destac\u00f3 que el prop\u00f3sito de la intervenci\u00f3n era resignificar el sonido de las campanas de El Tel\u00e9grafo. \u201cSacarle ese tono colonialista (por ser europeas tienen esa sonoridad) con una sesi\u00f3n de percusi\u00f3n experimental e improvisada\u201d. Con el docente coincidi\u00f3 en que no se hab\u00eda intervenido el campanario en la UArtes; Ripalda dijo conocer de propuestas similares en Cuenca y Quito (de conciertos de campanas) y que estaban indagando si se podr\u00eda hacer lo mismo en la Catedral de Guayaquil, \u201cpensando a la largo plazo de hacer un concierto con los campanarios de las iglesias, de los buques que llegan al puerto, de repente una sesi\u00f3n de viento, un acontecimiento que haga que la ciudad suene. Un evento sui g\u00e9neris que sea m\u00e1s seguido, social, ritual y evolutivo que identifique a la urbe\u201d.<\/p>\n\n\n\n<p>Juan Mart\u00edn Sol\u00f3rzano consider\u00f3 s\u00faper pertinente la intervenci\u00f3n, \u201ccomo para cuestionarse sobre la relaci\u00f3n que se tiene con las campanas como habitante de Guayaquil, siendo un patrimonio sonoro que termina olvidado; es resignificar, pensar y retocarlas\u201d.<\/p>\n\n\n\n<p>En la intervenci\u00f3n del campanario de El Tel\u00e9grafo intervino tambi\u00e9n Jos\u00e9 Medina, quien se encarg\u00f3 del streaming y la transmisi\u00f3n por <em>Radio UArtes, <\/em>mediante una aplicaci\u00f3n estar\u00e1 en el sitio web <a href=\"https:\/\/telecampana.mixlr.com\/\">https:\/\/telecampana.mixlr.com\/<\/a><\/p>\n\n\n\n<p>Juan Jos\u00e9 Ripalda adelant\u00f3 que el proyecto a futuro se llamar\u00e1 justamente telecampana y se tiene pensado hacer una intervenci\u00f3n del campanario y el archivo de El Tel\u00e9grafo a trav\u00e9s de redes sociales, lo cual es el resultado de la investigaci\u00f3n previa que se hizo con el ingeniero Barrie de c\u00f3mo recuperar esa memoria combin\u00e1ndolo con el lenguaje sonoro.<\/p>\n\n\n<div class=\"wp-block-image\">\n<figure class=\"aligncenter size-large\"><img loading=\"lazy\" decoding=\"async\" width=\"644\" height=\"429\" src=\"http:\/\/www.uartes.edu.ec\/sitio\/wp-content\/uploads\/2022\/08\/03-MM-644x429.jpg\" alt=\"\" class=\"wp-image-26043\" srcset=\"https:\/\/www.uartes.edu.ec\/sitio\/wp-content\/uploads\/2022\/08\/03-MM-644x429.jpg 644w, https:\/\/www.uartes.edu.ec\/sitio\/wp-content\/uploads\/2022\/08\/03-MM-300x200.jpg 300w, https:\/\/www.uartes.edu.ec\/sitio\/wp-content\/uploads\/2022\/08\/03-MM-768x512.jpg 768w, https:\/\/www.uartes.edu.ec\/sitio\/wp-content\/uploads\/2022\/08\/03-MM-1536x1024.jpg 1536w, https:\/\/www.uartes.edu.ec\/sitio\/wp-content\/uploads\/2022\/08\/03-MM-600x400.jpg 600w, https:\/\/www.uartes.edu.ec\/sitio\/wp-content\/uploads\/2022\/08\/03-MM-400x267.jpg 400w, https:\/\/www.uartes.edu.ec\/sitio\/wp-content\/uploads\/2022\/08\/03-MM-272x182.jpg 272w, https:\/\/www.uartes.edu.ec\/sitio\/wp-content\/uploads\/2022\/08\/03-MM.jpg 2000w\" sizes=\"(max-width: 644px) 100vw, 644px\" \/><figcaption class=\"wp-element-caption\">Juan Jos\u00e9 Ripalda (izq.), en la intervenci\u00f3n; Jos\u00e9 Medina, en el streaming y transmisi\u00f3n por <em>Radio UArtes.<\/em><\/figcaption><\/figure>\n<\/div>","protected":false},"excerpt":{"rendered":"<p>A las 13:00 de este jueves 4, el docente Juan Jos\u00e9 Ripalda y los estudiantes Gianni Candell, Eddy Romero y Juan Mart\u00edn Sol\u00f3rzano, de la carrera de Producci\u00f3n Musical de la Escuela de Artes Sonoras, hicieron una intervenci\u00f3n electroac\u00fastica del campanario de El Tel\u00e9grafo, cuyo sonar revivi\u00f3, sin duda, otroras \u00e9pocas. Jos\u00e9 Medina, de la misma carrera, los acompa\u00f1\u00f3 en el streaming y la transmisi\u00f3n por Radio UArtes.<\/p>","protected":false},"author":10,"featured_media":26044,"comment_status":"open","ping_status":"open","sticky":false,"template":"","format":"standard","meta":{"_acf_changed":false,"_uag_custom_page_level_css":"","_monsterinsights_skip_tracking":false,"_monsterinsights_sitenote_active":false,"_monsterinsights_sitenote_note":"","_monsterinsights_sitenote_category":0,"cybocfi_hide_featured_image":"","footnotes":""},"categories":[718,150,75,76,284],"tags":[753],"infouartes":[],"class_list":["post-26042","post","type-post","status-publish","format-standard","has-post-thumbnail","hentry","category-2d","category-artes-sonoras","category-docentes","category-estudiantes","category-investigacion","tag-minga-multimedia"],"acf":[],"yoast_head":"<!-- This site is optimized with the Yoast SEO plugin v27.4 - https:\/\/yoast.com\/product\/yoast-seo-wordpress\/ -->\n<title>Universidad de las Artes - La intervenci\u00f3n electroac\u00fastica del campanario de El Tel\u00e9grafo nos hizo mirar la torre del patrimonial edificio<\/title>\n<meta name=\"description\" content=\"Universidad de las Artes - La intervenci\u00f3n electroac\u00fastica del campanario de El Tel\u00e9grafo nos hizo mirar la torre del patrimonial edificio\" \/>\n<meta name=\"robots\" content=\"index, follow, max-snippet:-1, max-image-preview:large, max-video-preview:-1\" \/>\n<link rel=\"canonical\" href=\"https:\/\/www.uartes.edu.ec\/sitio\/fr\/blog\/2022\/08\/04\/la-intervencion-electroacustica-del-campanario-deel-telegrafo-los-hizo-mirar-hacia-la-torre-del-reloj\/\" \/>\n<meta property=\"og:locale\" content=\"fr_FR\" \/>\n<meta property=\"og:type\" content=\"article\" \/>\n<meta property=\"og:title\" content=\"Universidad de las Artes - La intervenci\u00f3n electroac\u00fastica del campanario de El Tel\u00e9grafo nos hizo mirar la torre del patrimonial edificio\" \/>\n<meta property=\"og:description\" content=\"Universidad de las Artes - La intervenci\u00f3n electroac\u00fastica del campanario de El Tel\u00e9grafo nos hizo mirar la torre del patrimonial edificio\" \/>\n<meta property=\"og:url\" content=\"https:\/\/www.uartes.edu.ec\/sitio\/fr\/blog\/2022\/08\/04\/la-intervencion-electroacustica-del-campanario-deel-telegrafo-los-hizo-mirar-hacia-la-torre-del-reloj\/\" \/>\n<meta property=\"og:site_name\" content=\"Universidad de las Artes\" \/>\n<meta property=\"article:publisher\" content=\"https:\/\/www.facebook.com\/uartesec\" \/>\n<meta property=\"article:published_time\" content=\"2022-08-04T23:00:00+00:00\" \/>\n<meta property=\"article:modified_time\" content=\"2024-07-04T16:23:13+00:00\" \/>\n<meta property=\"og:image\" content=\"https:\/\/www.uartes.edu.ec\/sitio\/wp-content\/uploads\/2022\/08\/02-MM.jpg\" \/>\n\t<meta property=\"og:image:width\" content=\"2000\" \/>\n\t<meta property=\"og:image:height\" content=\"1333\" \/>\n\t<meta property=\"og:image:type\" content=\"image\/jpeg\" \/>\n<meta name=\"author\" content=\"ccortez\" \/>\n<meta name=\"twitter:card\" content=\"summary_large_image\" \/>\n<meta name=\"twitter:creator\" content=\"@uartesec\" \/>\n<meta name=\"twitter:site\" content=\"@uartesec\" \/>\n<meta name=\"twitter:label1\" content=\"\u00c9crit par\" \/>\n\t<meta name=\"twitter:data1\" content=\"ccortez\" \/>\n\t<meta name=\"twitter:label2\" content=\"Dur\u00e9e de lecture estim\u00e9e\" \/>\n\t<meta name=\"twitter:data2\" content=\"5 minutes\" \/>\n<script type=\"application\/ld+json\" class=\"yoast-schema-graph\">{\"@context\":\"https:\\\/\\\/schema.org\",\"@graph\":[{\"@type\":\"Article\",\"@id\":\"https:\\\/\\\/www.uartes.edu.ec\\\/sitio\\\/fr\\\/blog\\\/2022\\\/08\\\/04\\\/la-intervencion-electroacustica-del-campanario-deel-telegrafo-los-hizo-mirar-hacia-la-torre-del-reloj\\\/#article\",\"isPartOf\":{\"@id\":\"https:\\\/\\\/www.uartes.edu.ec\\\/sitio\\\/fr\\\/blog\\\/2022\\\/08\\\/04\\\/la-intervencion-electroacustica-del-campanario-deel-telegrafo-los-hizo-mirar-hacia-la-torre-del-reloj\\\/\"},\"author\":{\"name\":\"ccortez\",\"@id\":\"https:\\\/\\\/www.uartes.edu.ec\\\/sitio\\\/fr\\\/#\\\/schema\\\/person\\\/efa1b8275797664fd7f13a79ccc0b1f4\"},\"headline\":\"La intervenci\u00f3n electroac\u00fastica del campanario de El Tel\u00e9grafo nos hizo mirar la torre del patrimonial edificio\",\"datePublished\":\"2022-08-04T23:00:00+00:00\",\"dateModified\":\"2024-07-04T16:23:13+00:00\",\"mainEntityOfPage\":{\"@id\":\"https:\\\/\\\/www.uartes.edu.ec\\\/sitio\\\/fr\\\/blog\\\/2022\\\/08\\\/04\\\/la-intervencion-electroacustica-del-campanario-deel-telegrafo-los-hizo-mirar-hacia-la-torre-del-reloj\\\/\"},\"wordCount\":893,\"commentCount\":0,\"publisher\":{\"@id\":\"https:\\\/\\\/www.uartes.edu.ec\\\/sitio\\\/fr\\\/#organization\"},\"image\":{\"@id\":\"https:\\\/\\\/www.uartes.edu.ec\\\/sitio\\\/fr\\\/blog\\\/2022\\\/08\\\/04\\\/la-intervencion-electroacustica-del-campanario-deel-telegrafo-los-hizo-mirar-hacia-la-torre-del-reloj\\\/#primaryimage\"},\"thumbnailUrl\":\"https:\\\/\\\/www.uartes.edu.ec\\\/sitio\\\/wp-content\\\/uploads\\\/2022\\\/08\\\/02-MM.jpg\",\"keywords\":[\"minga multimedia\"],\"articleSection\":[\"2D\",\"Artes Sonoras\",\"Docentes\",\"Estudiantes\",\"Investigaci\u00f3n\"],\"inLanguage\":\"fr-FR\",\"potentialAction\":[{\"@type\":\"CommentAction\",\"name\":\"Comment\",\"target\":[\"https:\\\/\\\/www.uartes.edu.ec\\\/sitio\\\/fr\\\/blog\\\/2022\\\/08\\\/04\\\/la-intervencion-electroacustica-del-campanario-deel-telegrafo-los-hizo-mirar-hacia-la-torre-del-reloj\\\/#respond\"]}]},{\"@type\":[\"WebPage\",\"ItemPage\"],\"@id\":\"https:\\\/\\\/www.uartes.edu.ec\\\/sitio\\\/fr\\\/blog\\\/2022\\\/08\\\/04\\\/la-intervencion-electroacustica-del-campanario-deel-telegrafo-los-hizo-mirar-hacia-la-torre-del-reloj\\\/\",\"url\":\"https:\\\/\\\/www.uartes.edu.ec\\\/sitio\\\/fr\\\/blog\\\/2022\\\/08\\\/04\\\/la-intervencion-electroacustica-del-campanario-deel-telegrafo-los-hizo-mirar-hacia-la-torre-del-reloj\\\/\",\"name\":\"Universidad de las Artes - La intervenci\u00f3n electroac\u00fastica del campanario de El Tel\u00e9grafo nos hizo mirar la torre del patrimonial edificio\",\"isPartOf\":{\"@id\":\"https:\\\/\\\/www.uartes.edu.ec\\\/sitio\\\/fr\\\/#website\"},\"primaryImageOfPage\":{\"@id\":\"https:\\\/\\\/www.uartes.edu.ec\\\/sitio\\\/fr\\\/blog\\\/2022\\\/08\\\/04\\\/la-intervencion-electroacustica-del-campanario-deel-telegrafo-los-hizo-mirar-hacia-la-torre-del-reloj\\\/#primaryimage\"},\"image\":{\"@id\":\"https:\\\/\\\/www.uartes.edu.ec\\\/sitio\\\/fr\\\/blog\\\/2022\\\/08\\\/04\\\/la-intervencion-electroacustica-del-campanario-deel-telegrafo-los-hizo-mirar-hacia-la-torre-del-reloj\\\/#primaryimage\"},\"thumbnailUrl\":\"https:\\\/\\\/www.uartes.edu.ec\\\/sitio\\\/wp-content\\\/uploads\\\/2022\\\/08\\\/02-MM.jpg\",\"datePublished\":\"2022-08-04T23:00:00+00:00\",\"dateModified\":\"2024-07-04T16:23:13+00:00\",\"description\":\"Universidad de las Artes - La intervenci\u00f3n electroac\u00fastica del campanario de El Tel\u00e9grafo nos hizo mirar la torre del patrimonial edificio\",\"breadcrumb\":{\"@id\":\"https:\\\/\\\/www.uartes.edu.ec\\\/sitio\\\/fr\\\/blog\\\/2022\\\/08\\\/04\\\/la-intervencion-electroacustica-del-campanario-deel-telegrafo-los-hizo-mirar-hacia-la-torre-del-reloj\\\/#breadcrumb\"},\"inLanguage\":\"fr-FR\",\"potentialAction\":[{\"@type\":\"ReadAction\",\"target\":[\"https:\\\/\\\/www.uartes.edu.ec\\\/sitio\\\/fr\\\/blog\\\/2022\\\/08\\\/04\\\/la-intervencion-electroacustica-del-campanario-deel-telegrafo-los-hizo-mirar-hacia-la-torre-del-reloj\\\/\"]}]},{\"@type\":\"ImageObject\",\"inLanguage\":\"fr-FR\",\"@id\":\"https:\\\/\\\/www.uartes.edu.ec\\\/sitio\\\/fr\\\/blog\\\/2022\\\/08\\\/04\\\/la-intervencion-electroacustica-del-campanario-deel-telegrafo-los-hizo-mirar-hacia-la-torre-del-reloj\\\/#primaryimage\",\"url\":\"https:\\\/\\\/www.uartes.edu.ec\\\/sitio\\\/wp-content\\\/uploads\\\/2022\\\/08\\\/02-MM.jpg\",\"contentUrl\":\"https:\\\/\\\/www.uartes.edu.ec\\\/sitio\\\/wp-content\\\/uploads\\\/2022\\\/08\\\/02-MM.jpg\",\"width\":2000,\"height\":1333},{\"@type\":\"BreadcrumbList\",\"@id\":\"https:\\\/\\\/www.uartes.edu.ec\\\/sitio\\\/fr\\\/blog\\\/2022\\\/08\\\/04\\\/la-intervencion-electroacustica-del-campanario-deel-telegrafo-los-hizo-mirar-hacia-la-torre-del-reloj\\\/#breadcrumb\",\"itemListElement\":[{\"@type\":\"ListItem\",\"position\":1,\"name\":\"Inicio\",\"item\":\"https:\\\/\\\/www.uartes.edu.ec\\\/sitio\\\/\"},{\"@type\":\"ListItem\",\"position\":2,\"name\":\"La intervenci\u00f3n electroac\u00fastica del campanario de El Tel\u00e9grafo nos hizo mirar la torre del patrimonial edificio\"}]},{\"@type\":\"WebSite\",\"@id\":\"https:\\\/\\\/www.uartes.edu.ec\\\/sitio\\\/fr\\\/#website\",\"url\":\"https:\\\/\\\/www.uartes.edu.ec\\\/sitio\\\/fr\\\/\",\"name\":\"Universidad de las Artes\",\"description\":\"Sitio oficial de la Universidad Nacional de las Artes del Ecuador\",\"publisher\":{\"@id\":\"https:\\\/\\\/www.uartes.edu.ec\\\/sitio\\\/fr\\\/#organization\"},\"potentialAction\":[{\"@type\":\"SearchAction\",\"target\":{\"@type\":\"EntryPoint\",\"urlTemplate\":\"https:\\\/\\\/www.uartes.edu.ec\\\/sitio\\\/fr\\\/?s={search_term_string}\"},\"query-input\":{\"@type\":\"PropertyValueSpecification\",\"valueRequired\":true,\"valueName\":\"search_term_string\"}}],\"inLanguage\":\"fr-FR\"},{\"@type\":\"Organization\",\"@id\":\"https:\\\/\\\/www.uartes.edu.ec\\\/sitio\\\/fr\\\/#organization\",\"name\":\"Universidad de las Artes\",\"url\":\"https:\\\/\\\/www.uartes.edu.ec\\\/sitio\\\/fr\\\/\",\"logo\":{\"@type\":\"ImageObject\",\"inLanguage\":\"fr-FR\",\"@id\":\"https:\\\/\\\/www.uartes.edu.ec\\\/sitio\\\/fr\\\/#\\\/schema\\\/logo\\\/image\\\/\",\"url\":\"https:\\\/\\\/www.uartes.edu.ec\\\/sitio\\\/wp-content\\\/uploads\\\/2022\\\/07\\\/logo-ua-horizontal.png\",\"contentUrl\":\"https:\\\/\\\/www.uartes.edu.ec\\\/sitio\\\/wp-content\\\/uploads\\\/2022\\\/07\\\/logo-ua-horizontal.png\",\"width\":800,\"height\":276,\"caption\":\"Universidad de las Artes\"},\"image\":{\"@id\":\"https:\\\/\\\/www.uartes.edu.ec\\\/sitio\\\/fr\\\/#\\\/schema\\\/logo\\\/image\\\/\"},\"sameAs\":[\"https:\\\/\\\/www.facebook.com\\\/uartesec\",\"https:\\\/\\\/x.com\\\/uartesec\",\"https:\\\/\\\/www.tiktok.com\\\/@uartesec\"]},{\"@type\":\"Person\",\"@id\":\"https:\\\/\\\/www.uartes.edu.ec\\\/sitio\\\/fr\\\/#\\\/schema\\\/person\\\/efa1b8275797664fd7f13a79ccc0b1f4\",\"name\":\"ccortez\",\"image\":{\"@type\":\"ImageObject\",\"inLanguage\":\"fr-FR\",\"@id\":\"https:\\\/\\\/secure.gravatar.com\\\/avatar\\\/b2a6f664a3ae8e074346ef91775736c5ec479e637ecced6842de9dc98b5da9cd?s=96&d=mm&r=g\",\"url\":\"https:\\\/\\\/secure.gravatar.com\\\/avatar\\\/b2a6f664a3ae8e074346ef91775736c5ec479e637ecced6842de9dc98b5da9cd?s=96&d=mm&r=g\",\"contentUrl\":\"https:\\\/\\\/secure.gravatar.com\\\/avatar\\\/b2a6f664a3ae8e074346ef91775736c5ec479e637ecced6842de9dc98b5da9cd?s=96&d=mm&r=g\",\"caption\":\"ccortez\"},\"url\":\"https:\\\/\\\/www.uartes.edu.ec\\\/sitio\\\/fr\\\/blog\\\/author\\\/ccortez\\\/\"}]}<\/script>\n<!-- \/ Yoast SEO plugin. -->","yoast_head_json":{"title":"Universidad de las Artes - La intervenci\u00f3n electroac\u00fastica del campanario de El Tel\u00e9grafo nos hizo mirar la torre del patrimonial edificio","description":"Universidad de las Artes - La intervenci\u00f3n electroac\u00fastica del campanario de El Tel\u00e9grafo nos hizo mirar la torre del patrimonial edificio","robots":{"index":"index","follow":"follow","max-snippet":"max-snippet:-1","max-image-preview":"max-image-preview:large","max-video-preview":"max-video-preview:-1"},"canonical":"https:\/\/www.uartes.edu.ec\/sitio\/fr\/blog\/2022\/08\/04\/la-intervencion-electroacustica-del-campanario-deel-telegrafo-los-hizo-mirar-hacia-la-torre-del-reloj\/","og_locale":"fr_FR","og_type":"article","og_title":"Universidad de las Artes - La intervenci\u00f3n electroac\u00fastica del campanario de El Tel\u00e9grafo nos hizo mirar la torre del patrimonial edificio","og_description":"Universidad de las Artes - La intervenci\u00f3n electroac\u00fastica del campanario de El Tel\u00e9grafo nos hizo mirar la torre del patrimonial edificio","og_url":"https:\/\/www.uartes.edu.ec\/sitio\/fr\/blog\/2022\/08\/04\/la-intervencion-electroacustica-del-campanario-deel-telegrafo-los-hizo-mirar-hacia-la-torre-del-reloj\/","og_site_name":"Universidad de las Artes","article_publisher":"https:\/\/www.facebook.com\/uartesec","article_published_time":"2022-08-04T23:00:00+00:00","article_modified_time":"2024-07-04T16:23:13+00:00","og_image":[{"width":2000,"height":1333,"url":"https:\/\/www.uartes.edu.ec\/sitio\/wp-content\/uploads\/2022\/08\/02-MM.jpg","type":"image\/jpeg"}],"author":"ccortez","twitter_card":"summary_large_image","twitter_creator":"@uartesec","twitter_site":"@uartesec","twitter_misc":{"\u00c9crit par":"ccortez","Dur\u00e9e de lecture estim\u00e9e":"5 minutes"},"schema":{"@context":"https:\/\/schema.org","@graph":[{"@type":"Article","@id":"https:\/\/www.uartes.edu.ec\/sitio\/fr\/blog\/2022\/08\/04\/la-intervencion-electroacustica-del-campanario-deel-telegrafo-los-hizo-mirar-hacia-la-torre-del-reloj\/#article","isPartOf":{"@id":"https:\/\/www.uartes.edu.ec\/sitio\/fr\/blog\/2022\/08\/04\/la-intervencion-electroacustica-del-campanario-deel-telegrafo-los-hizo-mirar-hacia-la-torre-del-reloj\/"},"author":{"name":"ccortez","@id":"https:\/\/www.uartes.edu.ec\/sitio\/fr\/#\/schema\/person\/efa1b8275797664fd7f13a79ccc0b1f4"},"headline":"La intervenci\u00f3n electroac\u00fastica del campanario de El Tel\u00e9grafo nos hizo mirar la torre del patrimonial edificio","datePublished":"2022-08-04T23:00:00+00:00","dateModified":"2024-07-04T16:23:13+00:00","mainEntityOfPage":{"@id":"https:\/\/www.uartes.edu.ec\/sitio\/fr\/blog\/2022\/08\/04\/la-intervencion-electroacustica-del-campanario-deel-telegrafo-los-hizo-mirar-hacia-la-torre-del-reloj\/"},"wordCount":893,"commentCount":0,"publisher":{"@id":"https:\/\/www.uartes.edu.ec\/sitio\/fr\/#organization"},"image":{"@id":"https:\/\/www.uartes.edu.ec\/sitio\/fr\/blog\/2022\/08\/04\/la-intervencion-electroacustica-del-campanario-deel-telegrafo-los-hizo-mirar-hacia-la-torre-del-reloj\/#primaryimage"},"thumbnailUrl":"https:\/\/www.uartes.edu.ec\/sitio\/wp-content\/uploads\/2022\/08\/02-MM.jpg","keywords":["minga multimedia"],"articleSection":["2D","Artes Sonoras","Docentes","Estudiantes","Investigaci\u00f3n"],"inLanguage":"fr-FR","potentialAction":[{"@type":"CommentAction","name":"Comment","target":["https:\/\/www.uartes.edu.ec\/sitio\/fr\/blog\/2022\/08\/04\/la-intervencion-electroacustica-del-campanario-deel-telegrafo-los-hizo-mirar-hacia-la-torre-del-reloj\/#respond"]}]},{"@type":["WebPage","ItemPage"],"@id":"https:\/\/www.uartes.edu.ec\/sitio\/fr\/blog\/2022\/08\/04\/la-intervencion-electroacustica-del-campanario-deel-telegrafo-los-hizo-mirar-hacia-la-torre-del-reloj\/","url":"https:\/\/www.uartes.edu.ec\/sitio\/fr\/blog\/2022\/08\/04\/la-intervencion-electroacustica-del-campanario-deel-telegrafo-los-hizo-mirar-hacia-la-torre-del-reloj\/","name":"Universidad de las Artes - La intervenci\u00f3n electroac\u00fastica del campanario de El Tel\u00e9grafo nos hizo mirar la torre del patrimonial edificio","isPartOf":{"@id":"https:\/\/www.uartes.edu.ec\/sitio\/fr\/#website"},"primaryImageOfPage":{"@id":"https:\/\/www.uartes.edu.ec\/sitio\/fr\/blog\/2022\/08\/04\/la-intervencion-electroacustica-del-campanario-deel-telegrafo-los-hizo-mirar-hacia-la-torre-del-reloj\/#primaryimage"},"image":{"@id":"https:\/\/www.uartes.edu.ec\/sitio\/fr\/blog\/2022\/08\/04\/la-intervencion-electroacustica-del-campanario-deel-telegrafo-los-hizo-mirar-hacia-la-torre-del-reloj\/#primaryimage"},"thumbnailUrl":"https:\/\/www.uartes.edu.ec\/sitio\/wp-content\/uploads\/2022\/08\/02-MM.jpg","datePublished":"2022-08-04T23:00:00+00:00","dateModified":"2024-07-04T16:23:13+00:00","description":"Universidad de las Artes - La intervenci\u00f3n electroac\u00fastica del campanario de El Tel\u00e9grafo nos hizo mirar la torre del patrimonial edificio","breadcrumb":{"@id":"https:\/\/www.uartes.edu.ec\/sitio\/fr\/blog\/2022\/08\/04\/la-intervencion-electroacustica-del-campanario-deel-telegrafo-los-hizo-mirar-hacia-la-torre-del-reloj\/#breadcrumb"},"inLanguage":"fr-FR","potentialAction":[{"@type":"ReadAction","target":["https:\/\/www.uartes.edu.ec\/sitio\/fr\/blog\/2022\/08\/04\/la-intervencion-electroacustica-del-campanario-deel-telegrafo-los-hizo-mirar-hacia-la-torre-del-reloj\/"]}]},{"@type":"ImageObject","inLanguage":"fr-FR","@id":"https:\/\/www.uartes.edu.ec\/sitio\/fr\/blog\/2022\/08\/04\/la-intervencion-electroacustica-del-campanario-deel-telegrafo-los-hizo-mirar-hacia-la-torre-del-reloj\/#primaryimage","url":"https:\/\/www.uartes.edu.ec\/sitio\/wp-content\/uploads\/2022\/08\/02-MM.jpg","contentUrl":"https:\/\/www.uartes.edu.ec\/sitio\/wp-content\/uploads\/2022\/08\/02-MM.jpg","width":2000,"height":1333},{"@type":"BreadcrumbList","@id":"https:\/\/www.uartes.edu.ec\/sitio\/fr\/blog\/2022\/08\/04\/la-intervencion-electroacustica-del-campanario-deel-telegrafo-los-hizo-mirar-hacia-la-torre-del-reloj\/#breadcrumb","itemListElement":[{"@type":"ListItem","position":1,"name":"Inicio","item":"https:\/\/www.uartes.edu.ec\/sitio\/"},{"@type":"ListItem","position":2,"name":"La intervenci\u00f3n electroac\u00fastica del campanario de El Tel\u00e9grafo nos hizo mirar la torre del patrimonial edificio"}]},{"@type":"WebSite","@id":"https:\/\/www.uartes.edu.ec\/sitio\/fr\/#website","url":"https:\/\/www.uartes.edu.ec\/sitio\/fr\/","name":"Universidad de las Artes","description":"Sitio oficial de la Universidad Nacional de las Artes del Ecuador","publisher":{"@id":"https:\/\/www.uartes.edu.ec\/sitio\/fr\/#organization"},"potentialAction":[{"@type":"SearchAction","target":{"@type":"EntryPoint","urlTemplate":"https:\/\/www.uartes.edu.ec\/sitio\/fr\/?s={search_term_string}"},"query-input":{"@type":"PropertyValueSpecification","valueRequired":true,"valueName":"search_term_string"}}],"inLanguage":"fr-FR"},{"@type":"Organization","@id":"https:\/\/www.uartes.edu.ec\/sitio\/fr\/#organization","name":"Universidad de las Artes","url":"https:\/\/www.uartes.edu.ec\/sitio\/fr\/","logo":{"@type":"ImageObject","inLanguage":"fr-FR","@id":"https:\/\/www.uartes.edu.ec\/sitio\/fr\/#\/schema\/logo\/image\/","url":"https:\/\/www.uartes.edu.ec\/sitio\/wp-content\/uploads\/2022\/07\/logo-ua-horizontal.png","contentUrl":"https:\/\/www.uartes.edu.ec\/sitio\/wp-content\/uploads\/2022\/07\/logo-ua-horizontal.png","width":800,"height":276,"caption":"Universidad de las Artes"},"image":{"@id":"https:\/\/www.uartes.edu.ec\/sitio\/fr\/#\/schema\/logo\/image\/"},"sameAs":["https:\/\/www.facebook.com\/uartesec","https:\/\/x.com\/uartesec","https:\/\/www.tiktok.com\/@uartesec"]},{"@type":"Person","@id":"https:\/\/www.uartes.edu.ec\/sitio\/fr\/#\/schema\/person\/efa1b8275797664fd7f13a79ccc0b1f4","name":"ccortez","image":{"@type":"ImageObject","inLanguage":"fr-FR","@id":"https:\/\/secure.gravatar.com\/avatar\/b2a6f664a3ae8e074346ef91775736c5ec479e637ecced6842de9dc98b5da9cd?s=96&d=mm&r=g","url":"https:\/\/secure.gravatar.com\/avatar\/b2a6f664a3ae8e074346ef91775736c5ec479e637ecced6842de9dc98b5da9cd?s=96&d=mm&r=g","contentUrl":"https:\/\/secure.gravatar.com\/avatar\/b2a6f664a3ae8e074346ef91775736c5ec479e637ecced6842de9dc98b5da9cd?s=96&d=mm&r=g","caption":"ccortez"},"url":"https:\/\/www.uartes.edu.ec\/sitio\/fr\/blog\/author\/ccortez\/"}]}},"uagb_featured_image_src":{"full":["https:\/\/www.uartes.edu.ec\/sitio\/wp-content\/uploads\/2022\/08\/02-MM.jpg",2000,1333,false],"thumbnail":["https:\/\/www.uartes.edu.ec\/sitio\/wp-content\/uploads\/2022\/08\/02-MM-150x150.jpg",150,150,true],"medium":["https:\/\/www.uartes.edu.ec\/sitio\/wp-content\/uploads\/2022\/08\/02-MM-300x200.jpg",300,200,true],"medium_large":["https:\/\/www.uartes.edu.ec\/sitio\/wp-content\/uploads\/2022\/08\/02-MM-768x512.jpg",768,512,true],"large":["https:\/\/www.uartes.edu.ec\/sitio\/wp-content\/uploads\/2022\/08\/02-MM-644x429.jpg",644,429,true],"1536x1536":["https:\/\/www.uartes.edu.ec\/sitio\/wp-content\/uploads\/2022\/08\/02-MM-1536x1024.jpg",1536,1024,true],"2048x2048":["https:\/\/www.uartes.edu.ec\/sitio\/wp-content\/uploads\/2022\/08\/02-MM.jpg",2000,1333,false],"trp-custom-language-flag":["https:\/\/www.uartes.edu.ec\/sitio\/wp-content\/uploads\/2022\/08\/02-MM.jpg",18,12,false],"htmega_size_585x295":["https:\/\/www.uartes.edu.ec\/sitio\/wp-content\/uploads\/2022\/08\/02-MM.jpg",443,295,false],"htmega_size_1170x536":["https:\/\/www.uartes.edu.ec\/sitio\/wp-content\/uploads\/2022\/08\/02-MM.jpg",804,536,false],"htmega_size_396x360":["https:\/\/www.uartes.edu.ec\/sitio\/wp-content\/uploads\/2022\/08\/02-MM.jpg",396,264,false],"gb-block-post-grid-landscape":["https:\/\/www.uartes.edu.ec\/sitio\/wp-content\/uploads\/2022\/08\/02-MM-600x400.jpg",600,400,true],"gb-block-post-grid-square":["https:\/\/www.uartes.edu.ec\/sitio\/wp-content\/uploads\/2022\/08\/02-MM-600x600.jpg",600,600,true],"university-hub-thumb":["https:\/\/www.uartes.edu.ec\/sitio\/wp-content\/uploads\/2022\/08\/02-MM-400x267.jpg",400,267,true]},"uagb_author_info":{"display_name":"ccortez","author_link":"https:\/\/www.uartes.edu.ec\/sitio\/fr\/blog\/author\/ccortez\/"},"uagb_comment_info":0,"uagb_excerpt":"A las 13:00 de este jueves 4, el docente Juan Jos\u00e9 Ripalda y los estudiantes Gianni Candell, Eddy Romero y Juan Mart\u00edn Sol\u00f3rzano, de la carrera de Producci\u00f3n Musical de la Escuela de Artes Sonoras, hicieron una intervenci\u00f3n electroac\u00fastica del campanario de El Tel\u00e9grafo, cuyo sonar revivi\u00f3, sin duda, otroras \u00e9pocas. Jos\u00e9 Medina, de la\u2026","featured_image_src":"https:\/\/www.uartes.edu.ec\/sitio\/wp-content\/uploads\/2022\/08\/02-MM-600x400.jpg","featured_image_src_square":"https:\/\/www.uartes.edu.ec\/sitio\/wp-content\/uploads\/2022\/08\/02-MM-600x600.jpg","author_info":{"display_name":"ccortez","author_link":"https:\/\/www.uartes.edu.ec\/sitio\/fr\/blog\/author\/ccortez\/"},"publishpress_future_workflow_manual_trigger":{"enabledWorkflows":[]},"distributor_meta":false,"distributor_terms":false,"distributor_media":false,"distributor_original_site_name":"Universidad de las Artes","distributor_original_site_url":"https:\/\/www.uartes.edu.ec\/sitio\/fr","push-errors":false,"_links":{"self":[{"href":"https:\/\/www.uartes.edu.ec\/sitio\/fr\/wp-json\/wp\/v2\/posts\/26042","targetHints":{"allow":["GET"]}}],"collection":[{"href":"https:\/\/www.uartes.edu.ec\/sitio\/fr\/wp-json\/wp\/v2\/posts"}],"about":[{"href":"https:\/\/www.uartes.edu.ec\/sitio\/fr\/wp-json\/wp\/v2\/types\/post"}],"author":[{"embeddable":true,"href":"https:\/\/www.uartes.edu.ec\/sitio\/fr\/wp-json\/wp\/v2\/users\/10"}],"replies":[{"embeddable":true,"href":"https:\/\/www.uartes.edu.ec\/sitio\/fr\/wp-json\/wp\/v2\/comments?post=26042"}],"version-history":[{"count":5,"href":"https:\/\/www.uartes.edu.ec\/sitio\/fr\/wp-json\/wp\/v2\/posts\/26042\/revisions"}],"predecessor-version":[{"id":26496,"href":"https:\/\/www.uartes.edu.ec\/sitio\/fr\/wp-json\/wp\/v2\/posts\/26042\/revisions\/26496"}],"wp:featuredmedia":[{"embeddable":true,"href":"https:\/\/www.uartes.edu.ec\/sitio\/fr\/wp-json\/wp\/v2\/media\/26044"}],"wp:attachment":[{"href":"https:\/\/www.uartes.edu.ec\/sitio\/fr\/wp-json\/wp\/v2\/media?parent=26042"}],"wp:term":[{"taxonomy":"category","embeddable":true,"href":"https:\/\/www.uartes.edu.ec\/sitio\/fr\/wp-json\/wp\/v2\/categories?post=26042"},{"taxonomy":"post_tag","embeddable":true,"href":"https:\/\/www.uartes.edu.ec\/sitio\/fr\/wp-json\/wp\/v2\/tags?post=26042"},{"taxonomy":"infouartes","embeddable":true,"href":"https:\/\/www.uartes.edu.ec\/sitio\/fr\/wp-json\/wp\/v2\/infouartes?post=26042"}],"curies":[{"name":"wp","href":"https:\/\/api.w.org\/{rel}","templated":true}]}}