{"id":26066,"date":"2022-08-08T11:33:00","date_gmt":"2022-08-08T16:33:00","guid":{"rendered":"http:\/\/www.uartes.edu.ec\/sitio\/?p=26066"},"modified":"2024-07-04T11:23:13","modified_gmt":"2024-07-04T16:23:13","slug":"uartes-impulso-con-cdh-cepam-y-fundacion-terranueva-la-creacion-de-lidera-escuela-de-liderazgo-social-y-comunitario","status":"publish","type":"post","link":"https:\/\/www.uartes.edu.ec\/sitio\/fr\/blog\/2022\/08\/08\/uartes-impulso-con-cdh-cepam-y-fundacion-terranueva-la-creacion-de-lidera-escuela-de-liderazgo-social-y-comunitario\/","title":{"rendered":"LIDERA, Escuela de Liderazgo Social y Comunitario en marcha; un proyecto de UArtes, CDH, CEPAM y Terranueva"},"content":{"rendered":"<p>La Universidad de las Artes realiz\u00f3 el viernes 5 de agosto, en el espacio Malakita de su campus centro, la presentaci\u00f3n de LIDERA, Escuela de Liderazgo Social y Comunitario creada de manera conjunta con el Comit\u00e9 Permanente de los Derechos Humanos (CDH), el Centro Ecuatoriano para la Promoci\u00f3n y acci\u00f3n de la Mujer (CEPAM) y la Fundaci\u00f3n Terranueva.&nbsp;<\/p>\n\n\n\n<p>Con LIDERA se busca aportar al fortalecimiento de capacidades de lideresas y l\u00edderes sociales y comunitarios, mediante la sensibilizaci\u00f3n y creaci\u00f3n de compromisos colectivos, para incidir en la articulaci\u00f3n de acciones para el bienestar com\u00fan, con enfoque de derechos, se anot\u00f3 durante su lanzamiento.&nbsp;<\/p>\n\n\n\n<p>Nuestra instituci\u00f3n de educaci\u00f3n superior es parte de la propuesta en el marco de los convenios que mantiene con el CDH y el CEPAM. Para LIDERA, se trabaj\u00f3 desde el inicio en el planteamiento de los m\u00f3dulos, de qui\u00e9nes los iban a impartir y qui\u00e9nes ser\u00edan los talleristas. Con las organizaciones involucradas hicieron equipo las direcciones de V\u00ednculo con la Sociedad y Formaci\u00f3n Continua, en cuyas cabezas est\u00e1n las mag\u00edsteres Mar\u00eda Jos\u00e9 Icaza y Sabrina Ibarra, respectivamente, y la Jefatura de Pr\u00e1cticas Preprofesionales, cuya titular es la doctora Janina Su\u00e1rez.&nbsp;<\/p>\n\n\n<div class=\"wp-block-image\">\n<figure class=\"aligncenter size-large\"><img fetchpriority=\"high\" decoding=\"async\" width=\"644\" height=\"429\" src=\"http:\/\/www.uartes.edu.ec\/sitio\/wp-content\/uploads\/2022\/08\/LIDERA-WEB-01-644x429.jpg\" alt=\"\" class=\"wp-image-26287\" srcset=\"https:\/\/www.uartes.edu.ec\/sitio\/wp-content\/uploads\/2022\/08\/LIDERA-WEB-01-644x429.jpg 644w, https:\/\/www.uartes.edu.ec\/sitio\/wp-content\/uploads\/2022\/08\/LIDERA-WEB-01-300x200.jpg 300w, https:\/\/www.uartes.edu.ec\/sitio\/wp-content\/uploads\/2022\/08\/LIDERA-WEB-01-768x512.jpg 768w, https:\/\/www.uartes.edu.ec\/sitio\/wp-content\/uploads\/2022\/08\/LIDERA-WEB-01-1536x1024.jpg 1536w, https:\/\/www.uartes.edu.ec\/sitio\/wp-content\/uploads\/2022\/08\/LIDERA-WEB-01-600x400.jpg 600w, https:\/\/www.uartes.edu.ec\/sitio\/wp-content\/uploads\/2022\/08\/LIDERA-WEB-01-400x267.jpg 400w, https:\/\/www.uartes.edu.ec\/sitio\/wp-content\/uploads\/2022\/08\/LIDERA-WEB-01-272x182.jpg 272w, https:\/\/www.uartes.edu.ec\/sitio\/wp-content\/uploads\/2022\/08\/LIDERA-WEB-01.jpg 2000w\" sizes=\"(max-width: 644px) 100vw, 644px\" \/><\/figure>\n<\/div>\n\n<div class=\"wp-block-image\">\n<figure class=\"aligncenter size-large\"><img decoding=\"async\" width=\"644\" height=\"429\" src=\"http:\/\/www.uartes.edu.ec\/sitio\/wp-content\/uploads\/2022\/08\/LIDERA-WEB-02-644x429.jpg\" alt=\"\" class=\"wp-image-26286\" srcset=\"https:\/\/www.uartes.edu.ec\/sitio\/wp-content\/uploads\/2022\/08\/LIDERA-WEB-02-644x429.jpg 644w, https:\/\/www.uartes.edu.ec\/sitio\/wp-content\/uploads\/2022\/08\/LIDERA-WEB-02-300x200.jpg 300w, https:\/\/www.uartes.edu.ec\/sitio\/wp-content\/uploads\/2022\/08\/LIDERA-WEB-02-768x512.jpg 768w, https:\/\/www.uartes.edu.ec\/sitio\/wp-content\/uploads\/2022\/08\/LIDERA-WEB-02-1536x1024.jpg 1536w, https:\/\/www.uartes.edu.ec\/sitio\/wp-content\/uploads\/2022\/08\/LIDERA-WEB-02-600x400.jpg 600w, https:\/\/www.uartes.edu.ec\/sitio\/wp-content\/uploads\/2022\/08\/LIDERA-WEB-02-400x267.jpg 400w, https:\/\/www.uartes.edu.ec\/sitio\/wp-content\/uploads\/2022\/08\/LIDERA-WEB-02-272x182.jpg 272w, https:\/\/www.uartes.edu.ec\/sitio\/wp-content\/uploads\/2022\/08\/LIDERA-WEB-02.jpg 2000w\" sizes=\"(max-width: 644px) 100vw, 644px\" \/><\/figure>\n<\/div>\n\n\n<p>Cabe indicar que Su\u00e1rez dirige un proyecto de Derechos Humanos, el cual est\u00e1 inscrito en la Direcci\u00f3n de V\u00ednculo con la Sociedad. \u201cEs desde Barrio Acogiente (como se denomina el proyecto) que se plante\u00f3 el desarrollo de la Escuela de Liderazgo Social y Comunitario\u201d, coment\u00f3. &nbsp;<\/p>\n\n\n\n<p>Son cuatro los m\u00f3dulos que, tras su presentaci\u00f3n, se imparten ya desde LIDERA a 30 activistas y dirigentes sociales involucradxs en procesos relacionados con trabajo comunitario en Guayaquil. Sus tem\u00e1ticas son Modelo Econ\u00f3mico de la Ciudad, Nuestros Derechos en la Ciudad\u2013Puerto, Desarrollo Local con Enfoque de G\u00e9nero e Incidencia Pol\u00edtica Feminista. Su modalidad es presencial y se apoya en la plataforma de aprendizaje (moodle) de la Direcci\u00f3n de Educaci\u00f3n Continua UArtes, \u00e1rea que emitir\u00e1 los respectivos certificados a lxs participantes.&nbsp;&nbsp;&nbsp;<\/p>\n\n\n\n<p>La presentaci\u00f3n de este viernes permiti\u00f3 conocer tanto a los docentes como a los 30 activistas que ser\u00e1n parte de la Escuela de Liderazgo Social y Comunitario.\u00a0\u00a0\u00a0<\/p>\n\n\n\n<p>En im\u00e1genes, la presentaci\u00f3n de LIDERA, el inicio de las capacitaciones y, bajo estas l\u00edneas, las reuniones de trabajo entre las direcciones de V\u00ednculo con la Sociedad y Formaci\u00f3n Continua y la Jefatura de PPP con las organizaciones involucradas.<\/p>\n\n\n<div class=\"wp-block-image\">\n<figure class=\"aligncenter size-large\"><img decoding=\"async\" width=\"644\" height=\"429\" src=\"http:\/\/www.uartes.edu.ec\/sitio\/wp-content\/uploads\/2022\/08\/LIDERA-WEB-644x429.jpg\" alt=\"\" class=\"wp-image-26288\" srcset=\"https:\/\/www.uartes.edu.ec\/sitio\/wp-content\/uploads\/2022\/08\/LIDERA-WEB-644x429.jpg 644w, https:\/\/www.uartes.edu.ec\/sitio\/wp-content\/uploads\/2022\/08\/LIDERA-WEB-300x200.jpg 300w, https:\/\/www.uartes.edu.ec\/sitio\/wp-content\/uploads\/2022\/08\/LIDERA-WEB-768x512.jpg 768w, https:\/\/www.uartes.edu.ec\/sitio\/wp-content\/uploads\/2022\/08\/LIDERA-WEB-1536x1024.jpg 1536w, https:\/\/www.uartes.edu.ec\/sitio\/wp-content\/uploads\/2022\/08\/LIDERA-WEB-600x400.jpg 600w, https:\/\/www.uartes.edu.ec\/sitio\/wp-content\/uploads\/2022\/08\/LIDERA-WEB-400x267.jpg 400w, https:\/\/www.uartes.edu.ec\/sitio\/wp-content\/uploads\/2022\/08\/LIDERA-WEB-272x182.jpg 272w, https:\/\/www.uartes.edu.ec\/sitio\/wp-content\/uploads\/2022\/08\/LIDERA-WEB.jpg 2000w\" sizes=\"(max-width: 644px) 100vw, 644px\" \/><\/figure>\n<\/div>","protected":false},"excerpt":{"rendered":"<p>La Universidad de las Artes realiz\u00f3 el viernes 5 de agosto, en el espacio Malakita de su campus centro, la presentaci\u00f3n de LIDERA, Escuela de Liderazgo Social y Comunitario creada con el Comit\u00e9 Permanente de los Derechos Humanos (CDH), el Centro Ecuatoriano para la Promoci\u00f3n y acci\u00f3n de la Mujer (CEPAM) y la Fundaci\u00f3n Terranueva. Treinta activistas y dirigentes sociales participan ya en los m\u00f3dulos.<\/p>","protected":false},"author":10,"featured_media":26285,"comment_status":"open","ping_status":"open","sticky":false,"template":"","format":"standard","meta":{"_acf_changed":false,"_uag_custom_page_level_css":"","_monsterinsights_skip_tracking":false,"_monsterinsights_sitenote_active":false,"_monsterinsights_sitenote_note":"","_monsterinsights_sitenote_category":0,"cybocfi_hide_featured_image":"","footnotes":""},"categories":[714,75,79],"tags":[533],"infouartes":[],"class_list":["post-26066","post","type-post","status-publish","format-standard","has-post-thumbnail","hentry","category-2b","category-docentes","category-vinculo","tag-presentacion"],"acf":[],"yoast_head":"<!-- This site is optimized with the Yoast SEO plugin v27.4 - https:\/\/yoast.com\/product\/yoast-seo-wordpress\/ -->\n<title>Universidad de las Artes - LIDERA, Escuela de Liderazgo Social y Comunitario en marcha; un proyecto de UArtes, CDH, CEPAM y Terranueva<\/title>\n<meta name=\"description\" content=\"Universidad de las Artes - LIDERA, Escuela de Liderazgo Social y Comunitario en marcha; un proyecto de UArtes, CDH, CEPAM y Terranueva\" \/>\n<meta name=\"robots\" content=\"index, follow, max-snippet:-1, max-image-preview:large, max-video-preview:-1\" \/>\n<link rel=\"canonical\" href=\"https:\/\/www.uartes.edu.ec\/sitio\/fr\/blog\/2022\/08\/08\/uartes-impulso-con-cdh-cepam-y-fundacion-terranueva-la-creacion-de-lidera-escuela-de-liderazgo-social-y-comunitario\/\" \/>\n<meta property=\"og:locale\" content=\"fr_FR\" \/>\n<meta property=\"og:type\" content=\"article\" \/>\n<meta property=\"og:title\" content=\"Universidad de las Artes - LIDERA, Escuela de Liderazgo Social y Comunitario en marcha; un proyecto de UArtes, CDH, CEPAM y Terranueva\" \/>\n<meta property=\"og:description\" content=\"Universidad de las Artes - LIDERA, Escuela de Liderazgo Social y Comunitario en marcha; un proyecto de UArtes, CDH, CEPAM y Terranueva\" \/>\n<meta property=\"og:url\" content=\"https:\/\/www.uartes.edu.ec\/sitio\/fr\/blog\/2022\/08\/08\/uartes-impulso-con-cdh-cepam-y-fundacion-terranueva-la-creacion-de-lidera-escuela-de-liderazgo-social-y-comunitario\/\" \/>\n<meta property=\"og:site_name\" content=\"Universidad de las Artes\" \/>\n<meta property=\"article:publisher\" content=\"https:\/\/www.facebook.com\/uartesec\" \/>\n<meta property=\"article:published_time\" content=\"2022-08-08T16:33:00+00:00\" \/>\n<meta property=\"article:modified_time\" content=\"2024-07-04T16:23:13+00:00\" \/>\n<meta property=\"og:image\" content=\"https:\/\/www.uartes.edu.ec\/sitio\/wp-content\/uploads\/2022\/08\/LIDERA-WEB-03.jpg\" \/>\n\t<meta property=\"og:image:width\" content=\"2000\" \/>\n\t<meta property=\"og:image:height\" content=\"1333\" \/>\n\t<meta property=\"og:image:type\" content=\"image\/jpeg\" \/>\n<meta name=\"author\" content=\"ccortez\" \/>\n<meta name=\"twitter:card\" content=\"summary_large_image\" \/>\n<meta name=\"twitter:creator\" content=\"@uartesec\" \/>\n<meta name=\"twitter:site\" content=\"@uartesec\" \/>\n<meta name=\"twitter:label1\" content=\"\u00c9crit par\" \/>\n\t<meta name=\"twitter:data1\" content=\"ccortez\" \/>\n\t<meta name=\"twitter:label2\" content=\"Dur\u00e9e de lecture estim\u00e9e\" \/>\n\t<meta name=\"twitter:data2\" content=\"3 minutes\" \/>\n<script type=\"application\/ld+json\" class=\"yoast-schema-graph\">{\"@context\":\"https:\\\/\\\/schema.org\",\"@graph\":[{\"@type\":\"Article\",\"@id\":\"https:\\\/\\\/www.uartes.edu.ec\\\/sitio\\\/fr\\\/blog\\\/2022\\\/08\\\/08\\\/uartes-impulso-con-cdh-cepam-y-fundacion-terranueva-la-creacion-de-lidera-escuela-de-liderazgo-social-y-comunitario\\\/#article\",\"isPartOf\":{\"@id\":\"https:\\\/\\\/www.uartes.edu.ec\\\/sitio\\\/fr\\\/blog\\\/2022\\\/08\\\/08\\\/uartes-impulso-con-cdh-cepam-y-fundacion-terranueva-la-creacion-de-lidera-escuela-de-liderazgo-social-y-comunitario\\\/\"},\"author\":{\"name\":\"ccortez\",\"@id\":\"https:\\\/\\\/www.uartes.edu.ec\\\/sitio\\\/fr\\\/#\\\/schema\\\/person\\\/efa1b8275797664fd7f13a79ccc0b1f4\"},\"headline\":\"LIDERA, Escuela de Liderazgo Social y Comunitario en marcha; un proyecto de UArtes, CDH, CEPAM y Terranueva\",\"datePublished\":\"2022-08-08T16:33:00+00:00\",\"dateModified\":\"2024-07-04T16:23:13+00:00\",\"mainEntityOfPage\":{\"@id\":\"https:\\\/\\\/www.uartes.edu.ec\\\/sitio\\\/fr\\\/blog\\\/2022\\\/08\\\/08\\\/uartes-impulso-con-cdh-cepam-y-fundacion-terranueva-la-creacion-de-lidera-escuela-de-liderazgo-social-y-comunitario\\\/\"},\"wordCount\":445,\"commentCount\":0,\"publisher\":{\"@id\":\"https:\\\/\\\/www.uartes.edu.ec\\\/sitio\\\/fr\\\/#organization\"},\"image\":{\"@id\":\"https:\\\/\\\/www.uartes.edu.ec\\\/sitio\\\/fr\\\/blog\\\/2022\\\/08\\\/08\\\/uartes-impulso-con-cdh-cepam-y-fundacion-terranueva-la-creacion-de-lidera-escuela-de-liderazgo-social-y-comunitario\\\/#primaryimage\"},\"thumbnailUrl\":\"https:\\\/\\\/www.uartes.edu.ec\\\/sitio\\\/wp-content\\\/uploads\\\/2022\\\/08\\\/LIDERA-WEB-03.jpg\",\"keywords\":[\"presentaci\u00f3n\"],\"articleSection\":[\"2B\",\"Docentes\",\"V\u00ednculo\"],\"inLanguage\":\"fr-FR\",\"potentialAction\":[{\"@type\":\"CommentAction\",\"name\":\"Comment\",\"target\":[\"https:\\\/\\\/www.uartes.edu.ec\\\/sitio\\\/fr\\\/blog\\\/2022\\\/08\\\/08\\\/uartes-impulso-con-cdh-cepam-y-fundacion-terranueva-la-creacion-de-lidera-escuela-de-liderazgo-social-y-comunitario\\\/#respond\"]}]},{\"@type\":[\"WebPage\",\"ItemPage\"],\"@id\":\"https:\\\/\\\/www.uartes.edu.ec\\\/sitio\\\/fr\\\/blog\\\/2022\\\/08\\\/08\\\/uartes-impulso-con-cdh-cepam-y-fundacion-terranueva-la-creacion-de-lidera-escuela-de-liderazgo-social-y-comunitario\\\/\",\"url\":\"https:\\\/\\\/www.uartes.edu.ec\\\/sitio\\\/fr\\\/blog\\\/2022\\\/08\\\/08\\\/uartes-impulso-con-cdh-cepam-y-fundacion-terranueva-la-creacion-de-lidera-escuela-de-liderazgo-social-y-comunitario\\\/\",\"name\":\"Universidad de las Artes - LIDERA, Escuela de Liderazgo Social y Comunitario en marcha; un proyecto de UArtes, CDH, CEPAM y Terranueva\",\"isPartOf\":{\"@id\":\"https:\\\/\\\/www.uartes.edu.ec\\\/sitio\\\/fr\\\/#website\"},\"primaryImageOfPage\":{\"@id\":\"https:\\\/\\\/www.uartes.edu.ec\\\/sitio\\\/fr\\\/blog\\\/2022\\\/08\\\/08\\\/uartes-impulso-con-cdh-cepam-y-fundacion-terranueva-la-creacion-de-lidera-escuela-de-liderazgo-social-y-comunitario\\\/#primaryimage\"},\"image\":{\"@id\":\"https:\\\/\\\/www.uartes.edu.ec\\\/sitio\\\/fr\\\/blog\\\/2022\\\/08\\\/08\\\/uartes-impulso-con-cdh-cepam-y-fundacion-terranueva-la-creacion-de-lidera-escuela-de-liderazgo-social-y-comunitario\\\/#primaryimage\"},\"thumbnailUrl\":\"https:\\\/\\\/www.uartes.edu.ec\\\/sitio\\\/wp-content\\\/uploads\\\/2022\\\/08\\\/LIDERA-WEB-03.jpg\",\"datePublished\":\"2022-08-08T16:33:00+00:00\",\"dateModified\":\"2024-07-04T16:23:13+00:00\",\"description\":\"Universidad de las Artes - LIDERA, Escuela de Liderazgo Social y Comunitario en marcha; un proyecto de UArtes, CDH, CEPAM y Terranueva\",\"breadcrumb\":{\"@id\":\"https:\\\/\\\/www.uartes.edu.ec\\\/sitio\\\/fr\\\/blog\\\/2022\\\/08\\\/08\\\/uartes-impulso-con-cdh-cepam-y-fundacion-terranueva-la-creacion-de-lidera-escuela-de-liderazgo-social-y-comunitario\\\/#breadcrumb\"},\"inLanguage\":\"fr-FR\",\"potentialAction\":[{\"@type\":\"ReadAction\",\"target\":[\"https:\\\/\\\/www.uartes.edu.ec\\\/sitio\\\/fr\\\/blog\\\/2022\\\/08\\\/08\\\/uartes-impulso-con-cdh-cepam-y-fundacion-terranueva-la-creacion-de-lidera-escuela-de-liderazgo-social-y-comunitario\\\/\"]}]},{\"@type\":\"ImageObject\",\"inLanguage\":\"fr-FR\",\"@id\":\"https:\\\/\\\/www.uartes.edu.ec\\\/sitio\\\/fr\\\/blog\\\/2022\\\/08\\\/08\\\/uartes-impulso-con-cdh-cepam-y-fundacion-terranueva-la-creacion-de-lidera-escuela-de-liderazgo-social-y-comunitario\\\/#primaryimage\",\"url\":\"https:\\\/\\\/www.uartes.edu.ec\\\/sitio\\\/wp-content\\\/uploads\\\/2022\\\/08\\\/LIDERA-WEB-03.jpg\",\"contentUrl\":\"https:\\\/\\\/www.uartes.edu.ec\\\/sitio\\\/wp-content\\\/uploads\\\/2022\\\/08\\\/LIDERA-WEB-03.jpg\",\"width\":2000,\"height\":1333},{\"@type\":\"BreadcrumbList\",\"@id\":\"https:\\\/\\\/www.uartes.edu.ec\\\/sitio\\\/fr\\\/blog\\\/2022\\\/08\\\/08\\\/uartes-impulso-con-cdh-cepam-y-fundacion-terranueva-la-creacion-de-lidera-escuela-de-liderazgo-social-y-comunitario\\\/#breadcrumb\",\"itemListElement\":[{\"@type\":\"ListItem\",\"position\":1,\"name\":\"Inicio\",\"item\":\"https:\\\/\\\/www.uartes.edu.ec\\\/sitio\\\/\"},{\"@type\":\"ListItem\",\"position\":2,\"name\":\"LIDERA, Escuela de Liderazgo Social y Comunitario en marcha; un proyecto de UArtes, CDH, CEPAM y Terranueva\"}]},{\"@type\":\"WebSite\",\"@id\":\"https:\\\/\\\/www.uartes.edu.ec\\\/sitio\\\/fr\\\/#website\",\"url\":\"https:\\\/\\\/www.uartes.edu.ec\\\/sitio\\\/fr\\\/\",\"name\":\"Universidad de las Artes\",\"description\":\"Sitio oficial de la Universidad Nacional de las Artes del Ecuador\",\"publisher\":{\"@id\":\"https:\\\/\\\/www.uartes.edu.ec\\\/sitio\\\/fr\\\/#organization\"},\"potentialAction\":[{\"@type\":\"SearchAction\",\"target\":{\"@type\":\"EntryPoint\",\"urlTemplate\":\"https:\\\/\\\/www.uartes.edu.ec\\\/sitio\\\/fr\\\/?s={search_term_string}\"},\"query-input\":{\"@type\":\"PropertyValueSpecification\",\"valueRequired\":true,\"valueName\":\"search_term_string\"}}],\"inLanguage\":\"fr-FR\"},{\"@type\":\"Organization\",\"@id\":\"https:\\\/\\\/www.uartes.edu.ec\\\/sitio\\\/fr\\\/#organization\",\"name\":\"Universidad de las Artes\",\"url\":\"https:\\\/\\\/www.uartes.edu.ec\\\/sitio\\\/fr\\\/\",\"logo\":{\"@type\":\"ImageObject\",\"inLanguage\":\"fr-FR\",\"@id\":\"https:\\\/\\\/www.uartes.edu.ec\\\/sitio\\\/fr\\\/#\\\/schema\\\/logo\\\/image\\\/\",\"url\":\"https:\\\/\\\/www.uartes.edu.ec\\\/sitio\\\/wp-content\\\/uploads\\\/2022\\\/07\\\/logo-ua-horizontal.png\",\"contentUrl\":\"https:\\\/\\\/www.uartes.edu.ec\\\/sitio\\\/wp-content\\\/uploads\\\/2022\\\/07\\\/logo-ua-horizontal.png\",\"width\":800,\"height\":276,\"caption\":\"Universidad de las Artes\"},\"image\":{\"@id\":\"https:\\\/\\\/www.uartes.edu.ec\\\/sitio\\\/fr\\\/#\\\/schema\\\/logo\\\/image\\\/\"},\"sameAs\":[\"https:\\\/\\\/www.facebook.com\\\/uartesec\",\"https:\\\/\\\/x.com\\\/uartesec\",\"https:\\\/\\\/www.tiktok.com\\\/@uartesec\"]},{\"@type\":\"Person\",\"@id\":\"https:\\\/\\\/www.uartes.edu.ec\\\/sitio\\\/fr\\\/#\\\/schema\\\/person\\\/efa1b8275797664fd7f13a79ccc0b1f4\",\"name\":\"ccortez\",\"image\":{\"@type\":\"ImageObject\",\"inLanguage\":\"fr-FR\",\"@id\":\"https:\\\/\\\/secure.gravatar.com\\\/avatar\\\/b2a6f664a3ae8e074346ef91775736c5ec479e637ecced6842de9dc98b5da9cd?s=96&d=mm&r=g\",\"url\":\"https:\\\/\\\/secure.gravatar.com\\\/avatar\\\/b2a6f664a3ae8e074346ef91775736c5ec479e637ecced6842de9dc98b5da9cd?s=96&d=mm&r=g\",\"contentUrl\":\"https:\\\/\\\/secure.gravatar.com\\\/avatar\\\/b2a6f664a3ae8e074346ef91775736c5ec479e637ecced6842de9dc98b5da9cd?s=96&d=mm&r=g\",\"caption\":\"ccortez\"},\"url\":\"https:\\\/\\\/www.uartes.edu.ec\\\/sitio\\\/fr\\\/blog\\\/author\\\/ccortez\\\/\"}]}<\/script>\n<!-- \/ Yoast SEO plugin. -->","yoast_head_json":{"title":"Universidad de las Artes - LIDERA, Escuela de Liderazgo Social y Comunitario en marcha; un proyecto de UArtes, CDH, CEPAM y Terranueva","description":"Universidad de las Artes - LIDERA, Escuela de Liderazgo Social y Comunitario en marcha; un proyecto de UArtes, CDH, CEPAM y Terranueva","robots":{"index":"index","follow":"follow","max-snippet":"max-snippet:-1","max-image-preview":"max-image-preview:large","max-video-preview":"max-video-preview:-1"},"canonical":"https:\/\/www.uartes.edu.ec\/sitio\/fr\/blog\/2022\/08\/08\/uartes-impulso-con-cdh-cepam-y-fundacion-terranueva-la-creacion-de-lidera-escuela-de-liderazgo-social-y-comunitario\/","og_locale":"fr_FR","og_type":"article","og_title":"Universidad de las Artes - LIDERA, Escuela de Liderazgo Social y Comunitario en marcha; un proyecto de UArtes, CDH, CEPAM y Terranueva","og_description":"Universidad de las Artes - LIDERA, Escuela de Liderazgo Social y Comunitario en marcha; un proyecto de UArtes, CDH, CEPAM y Terranueva","og_url":"https:\/\/www.uartes.edu.ec\/sitio\/fr\/blog\/2022\/08\/08\/uartes-impulso-con-cdh-cepam-y-fundacion-terranueva-la-creacion-de-lidera-escuela-de-liderazgo-social-y-comunitario\/","og_site_name":"Universidad de las Artes","article_publisher":"https:\/\/www.facebook.com\/uartesec","article_published_time":"2022-08-08T16:33:00+00:00","article_modified_time":"2024-07-04T16:23:13+00:00","og_image":[{"width":2000,"height":1333,"url":"https:\/\/www.uartes.edu.ec\/sitio\/wp-content\/uploads\/2022\/08\/LIDERA-WEB-03.jpg","type":"image\/jpeg"}],"author":"ccortez","twitter_card":"summary_large_image","twitter_creator":"@uartesec","twitter_site":"@uartesec","twitter_misc":{"\u00c9crit par":"ccortez","Dur\u00e9e de lecture estim\u00e9e":"3 minutes"},"schema":{"@context":"https:\/\/schema.org","@graph":[{"@type":"Article","@id":"https:\/\/www.uartes.edu.ec\/sitio\/fr\/blog\/2022\/08\/08\/uartes-impulso-con-cdh-cepam-y-fundacion-terranueva-la-creacion-de-lidera-escuela-de-liderazgo-social-y-comunitario\/#article","isPartOf":{"@id":"https:\/\/www.uartes.edu.ec\/sitio\/fr\/blog\/2022\/08\/08\/uartes-impulso-con-cdh-cepam-y-fundacion-terranueva-la-creacion-de-lidera-escuela-de-liderazgo-social-y-comunitario\/"},"author":{"name":"ccortez","@id":"https:\/\/www.uartes.edu.ec\/sitio\/fr\/#\/schema\/person\/efa1b8275797664fd7f13a79ccc0b1f4"},"headline":"LIDERA, Escuela de Liderazgo Social y Comunitario en marcha; un proyecto de UArtes, CDH, CEPAM y Terranueva","datePublished":"2022-08-08T16:33:00+00:00","dateModified":"2024-07-04T16:23:13+00:00","mainEntityOfPage":{"@id":"https:\/\/www.uartes.edu.ec\/sitio\/fr\/blog\/2022\/08\/08\/uartes-impulso-con-cdh-cepam-y-fundacion-terranueva-la-creacion-de-lidera-escuela-de-liderazgo-social-y-comunitario\/"},"wordCount":445,"commentCount":0,"publisher":{"@id":"https:\/\/www.uartes.edu.ec\/sitio\/fr\/#organization"},"image":{"@id":"https:\/\/www.uartes.edu.ec\/sitio\/fr\/blog\/2022\/08\/08\/uartes-impulso-con-cdh-cepam-y-fundacion-terranueva-la-creacion-de-lidera-escuela-de-liderazgo-social-y-comunitario\/#primaryimage"},"thumbnailUrl":"https:\/\/www.uartes.edu.ec\/sitio\/wp-content\/uploads\/2022\/08\/LIDERA-WEB-03.jpg","keywords":["presentaci\u00f3n"],"articleSection":["2B","Docentes","V\u00ednculo"],"inLanguage":"fr-FR","potentialAction":[{"@type":"CommentAction","name":"Comment","target":["https:\/\/www.uartes.edu.ec\/sitio\/fr\/blog\/2022\/08\/08\/uartes-impulso-con-cdh-cepam-y-fundacion-terranueva-la-creacion-de-lidera-escuela-de-liderazgo-social-y-comunitario\/#respond"]}]},{"@type":["WebPage","ItemPage"],"@id":"https:\/\/www.uartes.edu.ec\/sitio\/fr\/blog\/2022\/08\/08\/uartes-impulso-con-cdh-cepam-y-fundacion-terranueva-la-creacion-de-lidera-escuela-de-liderazgo-social-y-comunitario\/","url":"https:\/\/www.uartes.edu.ec\/sitio\/fr\/blog\/2022\/08\/08\/uartes-impulso-con-cdh-cepam-y-fundacion-terranueva-la-creacion-de-lidera-escuela-de-liderazgo-social-y-comunitario\/","name":"Universidad de las Artes - LIDERA, Escuela de Liderazgo Social y Comunitario en marcha; un proyecto de UArtes, CDH, CEPAM y Terranueva","isPartOf":{"@id":"https:\/\/www.uartes.edu.ec\/sitio\/fr\/#website"},"primaryImageOfPage":{"@id":"https:\/\/www.uartes.edu.ec\/sitio\/fr\/blog\/2022\/08\/08\/uartes-impulso-con-cdh-cepam-y-fundacion-terranueva-la-creacion-de-lidera-escuela-de-liderazgo-social-y-comunitario\/#primaryimage"},"image":{"@id":"https:\/\/www.uartes.edu.ec\/sitio\/fr\/blog\/2022\/08\/08\/uartes-impulso-con-cdh-cepam-y-fundacion-terranueva-la-creacion-de-lidera-escuela-de-liderazgo-social-y-comunitario\/#primaryimage"},"thumbnailUrl":"https:\/\/www.uartes.edu.ec\/sitio\/wp-content\/uploads\/2022\/08\/LIDERA-WEB-03.jpg","datePublished":"2022-08-08T16:33:00+00:00","dateModified":"2024-07-04T16:23:13+00:00","description":"Universidad de las Artes - LIDERA, Escuela de Liderazgo Social y Comunitario en marcha; un proyecto de UArtes, CDH, CEPAM y Terranueva","breadcrumb":{"@id":"https:\/\/www.uartes.edu.ec\/sitio\/fr\/blog\/2022\/08\/08\/uartes-impulso-con-cdh-cepam-y-fundacion-terranueva-la-creacion-de-lidera-escuela-de-liderazgo-social-y-comunitario\/#breadcrumb"},"inLanguage":"fr-FR","potentialAction":[{"@type":"ReadAction","target":["https:\/\/www.uartes.edu.ec\/sitio\/fr\/blog\/2022\/08\/08\/uartes-impulso-con-cdh-cepam-y-fundacion-terranueva-la-creacion-de-lidera-escuela-de-liderazgo-social-y-comunitario\/"]}]},{"@type":"ImageObject","inLanguage":"fr-FR","@id":"https:\/\/www.uartes.edu.ec\/sitio\/fr\/blog\/2022\/08\/08\/uartes-impulso-con-cdh-cepam-y-fundacion-terranueva-la-creacion-de-lidera-escuela-de-liderazgo-social-y-comunitario\/#primaryimage","url":"https:\/\/www.uartes.edu.ec\/sitio\/wp-content\/uploads\/2022\/08\/LIDERA-WEB-03.jpg","contentUrl":"https:\/\/www.uartes.edu.ec\/sitio\/wp-content\/uploads\/2022\/08\/LIDERA-WEB-03.jpg","width":2000,"height":1333},{"@type":"BreadcrumbList","@id":"https:\/\/www.uartes.edu.ec\/sitio\/fr\/blog\/2022\/08\/08\/uartes-impulso-con-cdh-cepam-y-fundacion-terranueva-la-creacion-de-lidera-escuela-de-liderazgo-social-y-comunitario\/#breadcrumb","itemListElement":[{"@type":"ListItem","position":1,"name":"Inicio","item":"https:\/\/www.uartes.edu.ec\/sitio\/"},{"@type":"ListItem","position":2,"name":"LIDERA, Escuela de Liderazgo Social y Comunitario en marcha; un proyecto de UArtes, CDH, CEPAM y Terranueva"}]},{"@type":"WebSite","@id":"https:\/\/www.uartes.edu.ec\/sitio\/fr\/#website","url":"https:\/\/www.uartes.edu.ec\/sitio\/fr\/","name":"Universidad de las Artes","description":"Sitio oficial de la Universidad Nacional de las Artes del Ecuador","publisher":{"@id":"https:\/\/www.uartes.edu.ec\/sitio\/fr\/#organization"},"potentialAction":[{"@type":"SearchAction","target":{"@type":"EntryPoint","urlTemplate":"https:\/\/www.uartes.edu.ec\/sitio\/fr\/?s={search_term_string}"},"query-input":{"@type":"PropertyValueSpecification","valueRequired":true,"valueName":"search_term_string"}}],"inLanguage":"fr-FR"},{"@type":"Organization","@id":"https:\/\/www.uartes.edu.ec\/sitio\/fr\/#organization","name":"Universidad de las Artes","url":"https:\/\/www.uartes.edu.ec\/sitio\/fr\/","logo":{"@type":"ImageObject","inLanguage":"fr-FR","@id":"https:\/\/www.uartes.edu.ec\/sitio\/fr\/#\/schema\/logo\/image\/","url":"https:\/\/www.uartes.edu.ec\/sitio\/wp-content\/uploads\/2022\/07\/logo-ua-horizontal.png","contentUrl":"https:\/\/www.uartes.edu.ec\/sitio\/wp-content\/uploads\/2022\/07\/logo-ua-horizontal.png","width":800,"height":276,"caption":"Universidad de las Artes"},"image":{"@id":"https:\/\/www.uartes.edu.ec\/sitio\/fr\/#\/schema\/logo\/image\/"},"sameAs":["https:\/\/www.facebook.com\/uartesec","https:\/\/x.com\/uartesec","https:\/\/www.tiktok.com\/@uartesec"]},{"@type":"Person","@id":"https:\/\/www.uartes.edu.ec\/sitio\/fr\/#\/schema\/person\/efa1b8275797664fd7f13a79ccc0b1f4","name":"ccortez","image":{"@type":"ImageObject","inLanguage":"fr-FR","@id":"https:\/\/secure.gravatar.com\/avatar\/b2a6f664a3ae8e074346ef91775736c5ec479e637ecced6842de9dc98b5da9cd?s=96&d=mm&r=g","url":"https:\/\/secure.gravatar.com\/avatar\/b2a6f664a3ae8e074346ef91775736c5ec479e637ecced6842de9dc98b5da9cd?s=96&d=mm&r=g","contentUrl":"https:\/\/secure.gravatar.com\/avatar\/b2a6f664a3ae8e074346ef91775736c5ec479e637ecced6842de9dc98b5da9cd?s=96&d=mm&r=g","caption":"ccortez"},"url":"https:\/\/www.uartes.edu.ec\/sitio\/fr\/blog\/author\/ccortez\/"}]}},"uagb_featured_image_src":{"full":["https:\/\/www.uartes.edu.ec\/sitio\/wp-content\/uploads\/2022\/08\/LIDERA-WEB-03.jpg",2000,1333,false],"thumbnail":["https:\/\/www.uartes.edu.ec\/sitio\/wp-content\/uploads\/2022\/08\/LIDERA-WEB-03-150x150.jpg",150,150,true],"medium":["https:\/\/www.uartes.edu.ec\/sitio\/wp-content\/uploads\/2022\/08\/LIDERA-WEB-03-300x200.jpg",300,200,true],"medium_large":["https:\/\/www.uartes.edu.ec\/sitio\/wp-content\/uploads\/2022\/08\/LIDERA-WEB-03-768x512.jpg",768,512,true],"large":["https:\/\/www.uartes.edu.ec\/sitio\/wp-content\/uploads\/2022\/08\/LIDERA-WEB-03-644x429.jpg",644,429,true],"1536x1536":["https:\/\/www.uartes.edu.ec\/sitio\/wp-content\/uploads\/2022\/08\/LIDERA-WEB-03-1536x1024.jpg",1536,1024,true],"2048x2048":["https:\/\/www.uartes.edu.ec\/sitio\/wp-content\/uploads\/2022\/08\/LIDERA-WEB-03.jpg",2000,1333,false],"trp-custom-language-flag":["https:\/\/www.uartes.edu.ec\/sitio\/wp-content\/uploads\/2022\/08\/LIDERA-WEB-03.jpg",18,12,false],"htmega_size_585x295":["https:\/\/www.uartes.edu.ec\/sitio\/wp-content\/uploads\/2022\/08\/LIDERA-WEB-03.jpg",443,295,false],"htmega_size_1170x536":["https:\/\/www.uartes.edu.ec\/sitio\/wp-content\/uploads\/2022\/08\/LIDERA-WEB-03.jpg",804,536,false],"htmega_size_396x360":["https:\/\/www.uartes.edu.ec\/sitio\/wp-content\/uploads\/2022\/08\/LIDERA-WEB-03.jpg",396,264,false],"gb-block-post-grid-landscape":["https:\/\/www.uartes.edu.ec\/sitio\/wp-content\/uploads\/2022\/08\/LIDERA-WEB-03-600x400.jpg",600,400,true],"gb-block-post-grid-square":["https:\/\/www.uartes.edu.ec\/sitio\/wp-content\/uploads\/2022\/08\/LIDERA-WEB-03-600x600.jpg",600,600,true],"university-hub-thumb":["https:\/\/www.uartes.edu.ec\/sitio\/wp-content\/uploads\/2022\/08\/LIDERA-WEB-03-400x267.jpg",400,267,true]},"uagb_author_info":{"display_name":"ccortez","author_link":"https:\/\/www.uartes.edu.ec\/sitio\/fr\/blog\/author\/ccortez\/"},"uagb_comment_info":0,"uagb_excerpt":"La Universidad de las Artes realiz\u00f3 el viernes 5 de agosto, en el espacio Malakita de su campus centro, la presentaci\u00f3n de LIDERA, Escuela de Liderazgo Social y Comunitario creada con el Comit\u00e9 Permanente de los Derechos Humanos (CDH), el Centro Ecuatoriano para la Promoci\u00f3n y acci\u00f3n de la Mujer (CEPAM) y la Fundaci\u00f3n Terranueva.\u2026","featured_image_src":"https:\/\/www.uartes.edu.ec\/sitio\/wp-content\/uploads\/2022\/08\/LIDERA-WEB-03-600x400.jpg","featured_image_src_square":"https:\/\/www.uartes.edu.ec\/sitio\/wp-content\/uploads\/2022\/08\/LIDERA-WEB-03-600x600.jpg","author_info":{"display_name":"ccortez","author_link":"https:\/\/www.uartes.edu.ec\/sitio\/fr\/blog\/author\/ccortez\/"},"publishpress_future_workflow_manual_trigger":{"enabledWorkflows":[]},"distributor_meta":false,"distributor_terms":false,"distributor_media":false,"distributor_original_site_name":"Universidad de las Artes","distributor_original_site_url":"https:\/\/www.uartes.edu.ec\/sitio\/fr","push-errors":false,"_links":{"self":[{"href":"https:\/\/www.uartes.edu.ec\/sitio\/fr\/wp-json\/wp\/v2\/posts\/26066","targetHints":{"allow":["GET"]}}],"collection":[{"href":"https:\/\/www.uartes.edu.ec\/sitio\/fr\/wp-json\/wp\/v2\/posts"}],"about":[{"href":"https:\/\/www.uartes.edu.ec\/sitio\/fr\/wp-json\/wp\/v2\/types\/post"}],"author":[{"embeddable":true,"href":"https:\/\/www.uartes.edu.ec\/sitio\/fr\/wp-json\/wp\/v2\/users\/10"}],"replies":[{"embeddable":true,"href":"https:\/\/www.uartes.edu.ec\/sitio\/fr\/wp-json\/wp\/v2\/comments?post=26066"}],"version-history":[{"count":13,"href":"https:\/\/www.uartes.edu.ec\/sitio\/fr\/wp-json\/wp\/v2\/posts\/26066\/revisions"}],"predecessor-version":[{"id":26329,"href":"https:\/\/www.uartes.edu.ec\/sitio\/fr\/wp-json\/wp\/v2\/posts\/26066\/revisions\/26329"}],"wp:featuredmedia":[{"embeddable":true,"href":"https:\/\/www.uartes.edu.ec\/sitio\/fr\/wp-json\/wp\/v2\/media\/26285"}],"wp:attachment":[{"href":"https:\/\/www.uartes.edu.ec\/sitio\/fr\/wp-json\/wp\/v2\/media?parent=26066"}],"wp:term":[{"taxonomy":"category","embeddable":true,"href":"https:\/\/www.uartes.edu.ec\/sitio\/fr\/wp-json\/wp\/v2\/categories?post=26066"},{"taxonomy":"post_tag","embeddable":true,"href":"https:\/\/www.uartes.edu.ec\/sitio\/fr\/wp-json\/wp\/v2\/tags?post=26066"},{"taxonomy":"infouartes","embeddable":true,"href":"https:\/\/www.uartes.edu.ec\/sitio\/fr\/wp-json\/wp\/v2\/infouartes?post=26066"}],"curies":[{"name":"wp","href":"https:\/\/api.w.org\/{rel}","templated":true}]}}