{"id":2607,"date":"2018-09-26T10:43:15","date_gmt":"2018-09-26T15:43:15","guid":{"rendered":"http:\/\/www.uartes.edu.ec\/sitio\/?p=2607"},"modified":"2024-07-04T11:53:45","modified_gmt":"2024-07-04T16:53:45","slug":"estudiantes-de-colegio-de-la-ciudad-participan-en-taller-de-cine-juvenil","status":"publish","type":"post","link":"https:\/\/www.uartes.edu.ec\/sitio\/fr\/blog\/2018\/09\/26\/estudiantes-de-colegio-de-la-ciudad-participan-en-taller-de-cine-juvenil\/","title":{"rendered":"Estudiantes de colegio de la ciudad participan en Taller de Cine Juvenil"},"content":{"rendered":"<p>Del 10 al 16 de septiembre de 2018, durante la semana de\nvacaciones estudiantiles del ciclo escolar costa, m\u00e1s de cuarenta estudiantes\nde universidades y colegios de la ciudad de Guayaquil formaron parte del\nproyecto Taller de Cine Juvenil, organizado por estudiantes de la Escuela de Cine\nde la Universidad de las Artes. La agenda de trabajo, ejecutada en la Uartes,\nintegr\u00f3 talleres de: gui\u00f3n &#8211; direcci\u00f3n, fotograf\u00eda, sonido, arte y edici\u00f3n.<\/p>\n\n\n\n<figure class=\"wp-block-image\"><img fetchpriority=\"high\" decoding=\"async\" width=\"1000\" height=\"563\" src=\"http:\/\/www.uartes.edu.ec\/sitio\/wp-content\/uploads\/2018\/09\/DSC04015.jpg\" alt=\"\" class=\"wp-image-2611\" srcset=\"https:\/\/www.uartes.edu.ec\/sitio\/wp-content\/uploads\/2018\/09\/DSC04015.jpg 1000w, https:\/\/www.uartes.edu.ec\/sitio\/wp-content\/uploads\/2018\/09\/DSC04015-300x169.jpg 300w, https:\/\/www.uartes.edu.ec\/sitio\/wp-content\/uploads\/2018\/09\/DSC04015-768x432.jpg 768w\" sizes=\"(max-width: 1000px) 100vw, 1000px\" \/><\/figure>\n\n\n\n<p>Los talleres coordinados por el docente Christian Hidalgo,\nfueron dictados por los estudiantes: Carlett Decker y Nantu Mantilla en\ndirecci\u00f3n y gui\u00f3n; Elizabeth Sig-Tu, Jhon Vinces y Jorge Sacta en sonido;\nGabriela Borbor, Anneliesse Salvatierra y Eduardo Valiente en fotograf\u00eda; Bryan\nArellano y Erick Pachacama en iluminaci\u00f3n; y, el taller de arte fue dirigido\npor Mychaella Su\u00e1rez y Milena Contreras. Las jornadas concluyeron con una clase\nmagistral de edici\u00f3n dictada por los estudiantes Jhon Vinces y Bryan Arellano. Todo\nel proceso tuvo una duraci\u00f3n de 40 horas.<\/p>\n\n\n\n<p>Estos talleres sirvieron de gu\u00eda para la grabaci\u00f3n de dos\ncortometrajes, los que fueron proyectados con mucho \u00e9xito a p\u00fablico abierto el\ndomingo 16 de Septiembre, evento en el que adem\u00e1s los talleristas compartieron\ncon el p\u00fablico su experiencia con el p\u00fablico y recibieron un certificado de\nparticipaci\u00f3n.\u00a0 <\/p>\n\n\n\n<p>Esta experiencia de trabajo permiti\u00f3 a los estudiantes\nacercar a otros j\u00f3venes a la Uartes, generando redes de trabajo con\nexperiencias externas. Este proceso de intercambio de conocimientos se\nmantendr\u00e1 en siguientes ediciones.<\/p>\n\n\n\n<figure class=\"wp-block-image\"><img decoding=\"async\" width=\"1000\" height=\"563\" src=\"http:\/\/www.uartes.edu.ec\/sitio\/wp-content\/uploads\/2018\/09\/DSC04453.jpg\" alt=\"\" class=\"wp-image-2610\" srcset=\"https:\/\/www.uartes.edu.ec\/sitio\/wp-content\/uploads\/2018\/09\/DSC04453.jpg 1000w, https:\/\/www.uartes.edu.ec\/sitio\/wp-content\/uploads\/2018\/09\/DSC04453-300x169.jpg 300w, https:\/\/www.uartes.edu.ec\/sitio\/wp-content\/uploads\/2018\/09\/DSC04453-768x432.jpg 768w\" sizes=\"(max-width: 1000px) 100vw, 1000px\" \/><\/figure>\n\n\n\n<p><\/p>\n\n\n\n<figure class=\"wp-block-image\"><img decoding=\"async\" width=\"1000\" height=\"667\" src=\"http:\/\/www.uartes.edu.ec\/sitio\/wp-content\/uploads\/2018\/09\/IMG_9356.jpg\" alt=\"\" class=\"wp-image-2612\" srcset=\"https:\/\/www.uartes.edu.ec\/sitio\/wp-content\/uploads\/2018\/09\/IMG_9356.jpg 1000w, https:\/\/www.uartes.edu.ec\/sitio\/wp-content\/uploads\/2018\/09\/IMG_9356-300x200.jpg 300w, https:\/\/www.uartes.edu.ec\/sitio\/wp-content\/uploads\/2018\/09\/IMG_9356-768x512.jpg 768w, https:\/\/www.uartes.edu.ec\/sitio\/wp-content\/uploads\/2018\/09\/IMG_9356-272x182.jpg 272w\" sizes=\"(max-width: 1000px) 100vw, 1000px\" \/><\/figure>","protected":false},"excerpt":{"rendered":"<p>Del 10 al 16 de septiembre de 2018, durante la semana de vacaciones estudiantiles del ciclo escolar costa, m\u00e1s de cuarenta estudiantes de universidades y colegios de la ciudad de Guayaquil formaron parte del proyecto Taller de Cine Juvenil, organizado por estudiantes de la Escuela de Cine de la Universidad de las Artes. La agenda [&hellip;]<\/p>\n","protected":false},"author":1,"featured_media":2608,"comment_status":"closed","ping_status":"closed","sticky":false,"template":"","format":"standard","meta":{"_acf_changed":false,"_uag_custom_page_level_css":"","_monsterinsights_skip_tracking":false,"_monsterinsights_sitenote_active":false,"_monsterinsights_sitenote_note":"","_monsterinsights_sitenote_category":0,"cybocfi_hide_featured_image":"","footnotes":""},"categories":[79],"tags":[],"infouartes":[],"class_list":["post-2607","post","type-post","status-publish","format-standard","has-post-thumbnail","hentry","category-vinculo"],"acf":[],"yoast_head":"<!-- This site is optimized with the Yoast SEO plugin v27.4 - https:\/\/yoast.com\/product\/yoast-seo-wordpress\/ -->\n<title>Universidad de las Artes - Estudiantes de colegio de la ciudad participan en Taller de Cine Juvenil<\/title>\n<meta name=\"description\" content=\"Universidad de las Artes - Estudiantes de colegio de la ciudad participan en Taller de Cine Juvenil\" \/>\n<meta name=\"robots\" content=\"index, follow, max-snippet:-1, max-image-preview:large, max-video-preview:-1\" \/>\n<link rel=\"canonical\" href=\"https:\/\/www.uartes.edu.ec\/sitio\/fr\/blog\/2018\/09\/26\/estudiantes-de-colegio-de-la-ciudad-participan-en-taller-de-cine-juvenil\/\" \/>\n<meta property=\"og:locale\" content=\"fr_FR\" \/>\n<meta property=\"og:type\" content=\"article\" \/>\n<meta property=\"og:title\" content=\"Universidad de las Artes - Estudiantes de colegio de la ciudad participan en Taller de Cine Juvenil\" \/>\n<meta property=\"og:description\" content=\"Universidad de las Artes - Estudiantes de colegio de la ciudad participan en Taller de Cine Juvenil\" \/>\n<meta property=\"og:url\" content=\"https:\/\/www.uartes.edu.ec\/sitio\/fr\/blog\/2018\/09\/26\/estudiantes-de-colegio-de-la-ciudad-participan-en-taller-de-cine-juvenil\/\" \/>\n<meta property=\"og:site_name\" content=\"Universidad de las Artes\" \/>\n<meta property=\"article:publisher\" content=\"https:\/\/www.facebook.com\/uartesec\" \/>\n<meta property=\"article:published_time\" content=\"2018-09-26T15:43:15+00:00\" \/>\n<meta property=\"article:modified_time\" content=\"2024-07-04T16:53:45+00:00\" \/>\n<meta property=\"og:image\" content=\"https:\/\/www.uartes.edu.ec\/sitio\/wp-content\/uploads\/2018\/09\/Estudiantes-de-colegios-de-la-ciudad-participan-en-Taller-de-Cine-Juvenil.jpg\" \/>\n\t<meta property=\"og:image:width\" content=\"1132\" \/>\n\t<meta property=\"og:image:height\" content=\"510\" \/>\n\t<meta property=\"og:image:type\" content=\"image\/jpeg\" \/>\n<meta name=\"author\" content=\"Universidad de las Artes\" \/>\n<meta name=\"twitter:card\" content=\"summary_large_image\" \/>\n<meta name=\"twitter:creator\" content=\"@uartesec\" \/>\n<meta name=\"twitter:site\" content=\"@uartesec\" \/>\n<meta name=\"twitter:label1\" content=\"\u00c9crit par\" \/>\n\t<meta name=\"twitter:data1\" content=\"Universidad de las Artes\" \/>\n\t<meta name=\"twitter:label2\" content=\"Dur\u00e9e de lecture estim\u00e9e\" \/>\n\t<meta name=\"twitter:data2\" content=\"1 minute\" \/>\n<script type=\"application\/ld+json\" class=\"yoast-schema-graph\">{\"@context\":\"https:\\\/\\\/schema.org\",\"@graph\":[{\"@type\":\"Article\",\"@id\":\"https:\\\/\\\/www.uartes.edu.ec\\\/sitio\\\/fr\\\/blog\\\/2018\\\/09\\\/26\\\/estudiantes-de-colegio-de-la-ciudad-participan-en-taller-de-cine-juvenil\\\/#article\",\"isPartOf\":{\"@id\":\"https:\\\/\\\/www.uartes.edu.ec\\\/sitio\\\/fr\\\/blog\\\/2018\\\/09\\\/26\\\/estudiantes-de-colegio-de-la-ciudad-participan-en-taller-de-cine-juvenil\\\/\"},\"author\":{\"name\":\"Universidad de las Artes\",\"@id\":\"https:\\\/\\\/www.uartes.edu.ec\\\/sitio\\\/fr\\\/#\\\/schema\\\/person\\\/f33f8c1d2af0d5c80a38c8abf458184a\"},\"headline\":\"Estudiantes de colegio de la ciudad participan en Taller de Cine Juvenil\",\"datePublished\":\"2018-09-26T15:43:15+00:00\",\"dateModified\":\"2024-07-04T16:53:45+00:00\",\"mainEntityOfPage\":{\"@id\":\"https:\\\/\\\/www.uartes.edu.ec\\\/sitio\\\/fr\\\/blog\\\/2018\\\/09\\\/26\\\/estudiantes-de-colegio-de-la-ciudad-participan-en-taller-de-cine-juvenil\\\/\"},\"wordCount\":267,\"publisher\":{\"@id\":\"https:\\\/\\\/www.uartes.edu.ec\\\/sitio\\\/fr\\\/#organization\"},\"image\":{\"@id\":\"https:\\\/\\\/www.uartes.edu.ec\\\/sitio\\\/fr\\\/blog\\\/2018\\\/09\\\/26\\\/estudiantes-de-colegio-de-la-ciudad-participan-en-taller-de-cine-juvenil\\\/#primaryimage\"},\"thumbnailUrl\":\"https:\\\/\\\/www.uartes.edu.ec\\\/sitio\\\/wp-content\\\/uploads\\\/2018\\\/09\\\/Estudiantes-de-colegios-de-la-ciudad-participan-en-Taller-de-Cine-Juvenil.jpg\",\"articleSection\":[\"V\u00ednculo\"],\"inLanguage\":\"fr-FR\"},{\"@type\":[\"WebPage\",\"ItemPage\"],\"@id\":\"https:\\\/\\\/www.uartes.edu.ec\\\/sitio\\\/fr\\\/blog\\\/2018\\\/09\\\/26\\\/estudiantes-de-colegio-de-la-ciudad-participan-en-taller-de-cine-juvenil\\\/\",\"url\":\"https:\\\/\\\/www.uartes.edu.ec\\\/sitio\\\/fr\\\/blog\\\/2018\\\/09\\\/26\\\/estudiantes-de-colegio-de-la-ciudad-participan-en-taller-de-cine-juvenil\\\/\",\"name\":\"Universidad de las Artes - Estudiantes de colegio de la ciudad participan en Taller de Cine Juvenil\",\"isPartOf\":{\"@id\":\"https:\\\/\\\/www.uartes.edu.ec\\\/sitio\\\/fr\\\/#website\"},\"primaryImageOfPage\":{\"@id\":\"https:\\\/\\\/www.uartes.edu.ec\\\/sitio\\\/fr\\\/blog\\\/2018\\\/09\\\/26\\\/estudiantes-de-colegio-de-la-ciudad-participan-en-taller-de-cine-juvenil\\\/#primaryimage\"},\"image\":{\"@id\":\"https:\\\/\\\/www.uartes.edu.ec\\\/sitio\\\/fr\\\/blog\\\/2018\\\/09\\\/26\\\/estudiantes-de-colegio-de-la-ciudad-participan-en-taller-de-cine-juvenil\\\/#primaryimage\"},\"thumbnailUrl\":\"https:\\\/\\\/www.uartes.edu.ec\\\/sitio\\\/wp-content\\\/uploads\\\/2018\\\/09\\\/Estudiantes-de-colegios-de-la-ciudad-participan-en-Taller-de-Cine-Juvenil.jpg\",\"datePublished\":\"2018-09-26T15:43:15+00:00\",\"dateModified\":\"2024-07-04T16:53:45+00:00\",\"description\":\"Universidad de las Artes - Estudiantes de colegio de la ciudad participan en Taller de Cine Juvenil\",\"breadcrumb\":{\"@id\":\"https:\\\/\\\/www.uartes.edu.ec\\\/sitio\\\/fr\\\/blog\\\/2018\\\/09\\\/26\\\/estudiantes-de-colegio-de-la-ciudad-participan-en-taller-de-cine-juvenil\\\/#breadcrumb\"},\"inLanguage\":\"fr-FR\",\"potentialAction\":[{\"@type\":\"ReadAction\",\"target\":[\"https:\\\/\\\/www.uartes.edu.ec\\\/sitio\\\/fr\\\/blog\\\/2018\\\/09\\\/26\\\/estudiantes-de-colegio-de-la-ciudad-participan-en-taller-de-cine-juvenil\\\/\"]}]},{\"@type\":\"ImageObject\",\"inLanguage\":\"fr-FR\",\"@id\":\"https:\\\/\\\/www.uartes.edu.ec\\\/sitio\\\/fr\\\/blog\\\/2018\\\/09\\\/26\\\/estudiantes-de-colegio-de-la-ciudad-participan-en-taller-de-cine-juvenil\\\/#primaryimage\",\"url\":\"https:\\\/\\\/www.uartes.edu.ec\\\/sitio\\\/wp-content\\\/uploads\\\/2018\\\/09\\\/Estudiantes-de-colegios-de-la-ciudad-participan-en-Taller-de-Cine-Juvenil.jpg\",\"contentUrl\":\"https:\\\/\\\/www.uartes.edu.ec\\\/sitio\\\/wp-content\\\/uploads\\\/2018\\\/09\\\/Estudiantes-de-colegios-de-la-ciudad-participan-en-Taller-de-Cine-Juvenil.jpg\",\"width\":1132,\"height\":510},{\"@type\":\"BreadcrumbList\",\"@id\":\"https:\\\/\\\/www.uartes.edu.ec\\\/sitio\\\/fr\\\/blog\\\/2018\\\/09\\\/26\\\/estudiantes-de-colegio-de-la-ciudad-participan-en-taller-de-cine-juvenil\\\/#breadcrumb\",\"itemListElement\":[{\"@type\":\"ListItem\",\"position\":1,\"name\":\"Inicio\",\"item\":\"https:\\\/\\\/www.uartes.edu.ec\\\/sitio\\\/\"},{\"@type\":\"ListItem\",\"position\":2,\"name\":\"Estudiantes de colegio de la ciudad participan en Taller de Cine Juvenil\"}]},{\"@type\":\"WebSite\",\"@id\":\"https:\\\/\\\/www.uartes.edu.ec\\\/sitio\\\/fr\\\/#website\",\"url\":\"https:\\\/\\\/www.uartes.edu.ec\\\/sitio\\\/fr\\\/\",\"name\":\"Universidad de las Artes\",\"description\":\"Sitio oficial de la Universidad Nacional de las Artes del Ecuador\",\"publisher\":{\"@id\":\"https:\\\/\\\/www.uartes.edu.ec\\\/sitio\\\/fr\\\/#organization\"},\"potentialAction\":[{\"@type\":\"SearchAction\",\"target\":{\"@type\":\"EntryPoint\",\"urlTemplate\":\"https:\\\/\\\/www.uartes.edu.ec\\\/sitio\\\/fr\\\/?s={search_term_string}\"},\"query-input\":{\"@type\":\"PropertyValueSpecification\",\"valueRequired\":true,\"valueName\":\"search_term_string\"}}],\"inLanguage\":\"fr-FR\"},{\"@type\":\"Organization\",\"@id\":\"https:\\\/\\\/www.uartes.edu.ec\\\/sitio\\\/fr\\\/#organization\",\"name\":\"Universidad de las Artes\",\"url\":\"https:\\\/\\\/www.uartes.edu.ec\\\/sitio\\\/fr\\\/\",\"logo\":{\"@type\":\"ImageObject\",\"inLanguage\":\"fr-FR\",\"@id\":\"https:\\\/\\\/www.uartes.edu.ec\\\/sitio\\\/fr\\\/#\\\/schema\\\/logo\\\/image\\\/\",\"url\":\"https:\\\/\\\/www.uartes.edu.ec\\\/sitio\\\/wp-content\\\/uploads\\\/2022\\\/07\\\/logo-ua-horizontal.png\",\"contentUrl\":\"https:\\\/\\\/www.uartes.edu.ec\\\/sitio\\\/wp-content\\\/uploads\\\/2022\\\/07\\\/logo-ua-horizontal.png\",\"width\":800,\"height\":276,\"caption\":\"Universidad de las Artes\"},\"image\":{\"@id\":\"https:\\\/\\\/www.uartes.edu.ec\\\/sitio\\\/fr\\\/#\\\/schema\\\/logo\\\/image\\\/\"},\"sameAs\":[\"https:\\\/\\\/www.facebook.com\\\/uartesec\",\"https:\\\/\\\/x.com\\\/uartesec\",\"https:\\\/\\\/www.tiktok.com\\\/@uartesec\"]},{\"@type\":\"Person\",\"@id\":\"https:\\\/\\\/www.uartes.edu.ec\\\/sitio\\\/fr\\\/#\\\/schema\\\/person\\\/f33f8c1d2af0d5c80a38c8abf458184a\",\"name\":\"Universidad de las Artes\",\"image\":{\"@type\":\"ImageObject\",\"inLanguage\":\"fr-FR\",\"@id\":\"https:\\\/\\\/secure.gravatar.com\\\/avatar\\\/52e4757902f5cfa5ac52d020e5be83cae5487519154b6c35482fe08d589f3c13?s=96&d=mm&r=g\",\"url\":\"https:\\\/\\\/secure.gravatar.com\\\/avatar\\\/52e4757902f5cfa5ac52d020e5be83cae5487519154b6c35482fe08d589f3c13?s=96&d=mm&r=g\",\"contentUrl\":\"https:\\\/\\\/secure.gravatar.com\\\/avatar\\\/52e4757902f5cfa5ac52d020e5be83cae5487519154b6c35482fe08d589f3c13?s=96&d=mm&r=g\",\"caption\":\"Universidad de las Artes\"},\"url\":\"https:\\\/\\\/www.uartes.edu.ec\\\/sitio\\\/fr\\\/blog\\\/author\\\/dircomadm\\\/\"}]}<\/script>\n<!-- \/ Yoast SEO plugin. -->","yoast_head_json":{"title":"Universidad de las Artes - Estudiantes de colegio de la ciudad participan en Taller de Cine Juvenil","description":"Universidad de las Artes - Estudiantes de colegio de la ciudad participan en Taller de Cine Juvenil","robots":{"index":"index","follow":"follow","max-snippet":"max-snippet:-1","max-image-preview":"max-image-preview:large","max-video-preview":"max-video-preview:-1"},"canonical":"https:\/\/www.uartes.edu.ec\/sitio\/fr\/blog\/2018\/09\/26\/estudiantes-de-colegio-de-la-ciudad-participan-en-taller-de-cine-juvenil\/","og_locale":"fr_FR","og_type":"article","og_title":"Universidad de las Artes - Estudiantes de colegio de la ciudad participan en Taller de Cine Juvenil","og_description":"Universidad de las Artes - Estudiantes de colegio de la ciudad participan en Taller de Cine Juvenil","og_url":"https:\/\/www.uartes.edu.ec\/sitio\/fr\/blog\/2018\/09\/26\/estudiantes-de-colegio-de-la-ciudad-participan-en-taller-de-cine-juvenil\/","og_site_name":"Universidad de las Artes","article_publisher":"https:\/\/www.facebook.com\/uartesec","article_published_time":"2018-09-26T15:43:15+00:00","article_modified_time":"2024-07-04T16:53:45+00:00","og_image":[{"width":1132,"height":510,"url":"https:\/\/www.uartes.edu.ec\/sitio\/wp-content\/uploads\/2018\/09\/Estudiantes-de-colegios-de-la-ciudad-participan-en-Taller-de-Cine-Juvenil.jpg","type":"image\/jpeg"}],"author":"Universidad de las Artes","twitter_card":"summary_large_image","twitter_creator":"@uartesec","twitter_site":"@uartesec","twitter_misc":{"\u00c9crit par":"Universidad de las Artes","Dur\u00e9e de lecture estim\u00e9e":"1 minute"},"schema":{"@context":"https:\/\/schema.org","@graph":[{"@type":"Article","@id":"https:\/\/www.uartes.edu.ec\/sitio\/fr\/blog\/2018\/09\/26\/estudiantes-de-colegio-de-la-ciudad-participan-en-taller-de-cine-juvenil\/#article","isPartOf":{"@id":"https:\/\/www.uartes.edu.ec\/sitio\/fr\/blog\/2018\/09\/26\/estudiantes-de-colegio-de-la-ciudad-participan-en-taller-de-cine-juvenil\/"},"author":{"name":"Universidad de las Artes","@id":"https:\/\/www.uartes.edu.ec\/sitio\/fr\/#\/schema\/person\/f33f8c1d2af0d5c80a38c8abf458184a"},"headline":"Estudiantes de colegio de la ciudad participan en Taller de Cine Juvenil","datePublished":"2018-09-26T15:43:15+00:00","dateModified":"2024-07-04T16:53:45+00:00","mainEntityOfPage":{"@id":"https:\/\/www.uartes.edu.ec\/sitio\/fr\/blog\/2018\/09\/26\/estudiantes-de-colegio-de-la-ciudad-participan-en-taller-de-cine-juvenil\/"},"wordCount":267,"publisher":{"@id":"https:\/\/www.uartes.edu.ec\/sitio\/fr\/#organization"},"image":{"@id":"https:\/\/www.uartes.edu.ec\/sitio\/fr\/blog\/2018\/09\/26\/estudiantes-de-colegio-de-la-ciudad-participan-en-taller-de-cine-juvenil\/#primaryimage"},"thumbnailUrl":"https:\/\/www.uartes.edu.ec\/sitio\/wp-content\/uploads\/2018\/09\/Estudiantes-de-colegios-de-la-ciudad-participan-en-Taller-de-Cine-Juvenil.jpg","articleSection":["V\u00ednculo"],"inLanguage":"fr-FR"},{"@type":["WebPage","ItemPage"],"@id":"https:\/\/www.uartes.edu.ec\/sitio\/fr\/blog\/2018\/09\/26\/estudiantes-de-colegio-de-la-ciudad-participan-en-taller-de-cine-juvenil\/","url":"https:\/\/www.uartes.edu.ec\/sitio\/fr\/blog\/2018\/09\/26\/estudiantes-de-colegio-de-la-ciudad-participan-en-taller-de-cine-juvenil\/","name":"Universidad de las Artes - Estudiantes de colegio de la ciudad participan en Taller de Cine Juvenil","isPartOf":{"@id":"https:\/\/www.uartes.edu.ec\/sitio\/fr\/#website"},"primaryImageOfPage":{"@id":"https:\/\/www.uartes.edu.ec\/sitio\/fr\/blog\/2018\/09\/26\/estudiantes-de-colegio-de-la-ciudad-participan-en-taller-de-cine-juvenil\/#primaryimage"},"image":{"@id":"https:\/\/www.uartes.edu.ec\/sitio\/fr\/blog\/2018\/09\/26\/estudiantes-de-colegio-de-la-ciudad-participan-en-taller-de-cine-juvenil\/#primaryimage"},"thumbnailUrl":"https:\/\/www.uartes.edu.ec\/sitio\/wp-content\/uploads\/2018\/09\/Estudiantes-de-colegios-de-la-ciudad-participan-en-Taller-de-Cine-Juvenil.jpg","datePublished":"2018-09-26T15:43:15+00:00","dateModified":"2024-07-04T16:53:45+00:00","description":"Universidad de las Artes - Estudiantes de colegio de la ciudad participan en Taller de Cine Juvenil","breadcrumb":{"@id":"https:\/\/www.uartes.edu.ec\/sitio\/fr\/blog\/2018\/09\/26\/estudiantes-de-colegio-de-la-ciudad-participan-en-taller-de-cine-juvenil\/#breadcrumb"},"inLanguage":"fr-FR","potentialAction":[{"@type":"ReadAction","target":["https:\/\/www.uartes.edu.ec\/sitio\/fr\/blog\/2018\/09\/26\/estudiantes-de-colegio-de-la-ciudad-participan-en-taller-de-cine-juvenil\/"]}]},{"@type":"ImageObject","inLanguage":"fr-FR","@id":"https:\/\/www.uartes.edu.ec\/sitio\/fr\/blog\/2018\/09\/26\/estudiantes-de-colegio-de-la-ciudad-participan-en-taller-de-cine-juvenil\/#primaryimage","url":"https:\/\/www.uartes.edu.ec\/sitio\/wp-content\/uploads\/2018\/09\/Estudiantes-de-colegios-de-la-ciudad-participan-en-Taller-de-Cine-Juvenil.jpg","contentUrl":"https:\/\/www.uartes.edu.ec\/sitio\/wp-content\/uploads\/2018\/09\/Estudiantes-de-colegios-de-la-ciudad-participan-en-Taller-de-Cine-Juvenil.jpg","width":1132,"height":510},{"@type":"BreadcrumbList","@id":"https:\/\/www.uartes.edu.ec\/sitio\/fr\/blog\/2018\/09\/26\/estudiantes-de-colegio-de-la-ciudad-participan-en-taller-de-cine-juvenil\/#breadcrumb","itemListElement":[{"@type":"ListItem","position":1,"name":"Inicio","item":"https:\/\/www.uartes.edu.ec\/sitio\/"},{"@type":"ListItem","position":2,"name":"Estudiantes de colegio de la ciudad participan en Taller de Cine Juvenil"}]},{"@type":"WebSite","@id":"https:\/\/www.uartes.edu.ec\/sitio\/fr\/#website","url":"https:\/\/www.uartes.edu.ec\/sitio\/fr\/","name":"Universidad de las Artes","description":"Sitio oficial de la Universidad Nacional de las Artes del Ecuador","publisher":{"@id":"https:\/\/www.uartes.edu.ec\/sitio\/fr\/#organization"},"potentialAction":[{"@type":"SearchAction","target":{"@type":"EntryPoint","urlTemplate":"https:\/\/www.uartes.edu.ec\/sitio\/fr\/?s={search_term_string}"},"query-input":{"@type":"PropertyValueSpecification","valueRequired":true,"valueName":"search_term_string"}}],"inLanguage":"fr-FR"},{"@type":"Organization","@id":"https:\/\/www.uartes.edu.ec\/sitio\/fr\/#organization","name":"Universidad de las Artes","url":"https:\/\/www.uartes.edu.ec\/sitio\/fr\/","logo":{"@type":"ImageObject","inLanguage":"fr-FR","@id":"https:\/\/www.uartes.edu.ec\/sitio\/fr\/#\/schema\/logo\/image\/","url":"https:\/\/www.uartes.edu.ec\/sitio\/wp-content\/uploads\/2022\/07\/logo-ua-horizontal.png","contentUrl":"https:\/\/www.uartes.edu.ec\/sitio\/wp-content\/uploads\/2022\/07\/logo-ua-horizontal.png","width":800,"height":276,"caption":"Universidad de las Artes"},"image":{"@id":"https:\/\/www.uartes.edu.ec\/sitio\/fr\/#\/schema\/logo\/image\/"},"sameAs":["https:\/\/www.facebook.com\/uartesec","https:\/\/x.com\/uartesec","https:\/\/www.tiktok.com\/@uartesec"]},{"@type":"Person","@id":"https:\/\/www.uartes.edu.ec\/sitio\/fr\/#\/schema\/person\/f33f8c1d2af0d5c80a38c8abf458184a","name":"Universidad de las Artes","image":{"@type":"ImageObject","inLanguage":"fr-FR","@id":"https:\/\/secure.gravatar.com\/avatar\/52e4757902f5cfa5ac52d020e5be83cae5487519154b6c35482fe08d589f3c13?s=96&d=mm&r=g","url":"https:\/\/secure.gravatar.com\/avatar\/52e4757902f5cfa5ac52d020e5be83cae5487519154b6c35482fe08d589f3c13?s=96&d=mm&r=g","contentUrl":"https:\/\/secure.gravatar.com\/avatar\/52e4757902f5cfa5ac52d020e5be83cae5487519154b6c35482fe08d589f3c13?s=96&d=mm&r=g","caption":"Universidad de las Artes"},"url":"https:\/\/www.uartes.edu.ec\/sitio\/fr\/blog\/author\/dircomadm\/"}]}},"uagb_featured_image_src":{"full":["https:\/\/www.uartes.edu.ec\/sitio\/wp-content\/uploads\/2018\/09\/Estudiantes-de-colegios-de-la-ciudad-participan-en-Taller-de-Cine-Juvenil.jpg",1132,510,false],"thumbnail":["https:\/\/www.uartes.edu.ec\/sitio\/wp-content\/uploads\/2018\/09\/Estudiantes-de-colegios-de-la-ciudad-participan-en-Taller-de-Cine-Juvenil-150x150.jpg",150,150,true],"medium":["https:\/\/www.uartes.edu.ec\/sitio\/wp-content\/uploads\/2018\/09\/Estudiantes-de-colegios-de-la-ciudad-participan-en-Taller-de-Cine-Juvenil-300x135.jpg",300,135,true],"medium_large":["https:\/\/www.uartes.edu.ec\/sitio\/wp-content\/uploads\/2018\/09\/Estudiantes-de-colegios-de-la-ciudad-participan-en-Taller-de-Cine-Juvenil-768x346.jpg",768,346,true],"large":["https:\/\/www.uartes.edu.ec\/sitio\/wp-content\/uploads\/2018\/09\/Estudiantes-de-colegios-de-la-ciudad-participan-en-Taller-de-Cine-Juvenil-1024x461.jpg",644,290,true],"1536x1536":["https:\/\/www.uartes.edu.ec\/sitio\/wp-content\/uploads\/2018\/09\/Estudiantes-de-colegios-de-la-ciudad-participan-en-Taller-de-Cine-Juvenil.jpg",1132,510,false],"2048x2048":["https:\/\/www.uartes.edu.ec\/sitio\/wp-content\/uploads\/2018\/09\/Estudiantes-de-colegios-de-la-ciudad-participan-en-Taller-de-Cine-Juvenil.jpg",1132,510,false],"trp-custom-language-flag":["https:\/\/www.uartes.edu.ec\/sitio\/wp-content\/uploads\/2018\/09\/Estudiantes-de-colegios-de-la-ciudad-participan-en-Taller-de-Cine-Juvenil.jpg",18,8,false],"htmega_size_585x295":["https:\/\/www.uartes.edu.ec\/sitio\/wp-content\/uploads\/2018\/09\/Estudiantes-de-colegios-de-la-ciudad-participan-en-Taller-de-Cine-Juvenil.jpg",585,264,false],"htmega_size_1170x536":["https:\/\/www.uartes.edu.ec\/sitio\/wp-content\/uploads\/2018\/09\/Estudiantes-de-colegios-de-la-ciudad-participan-en-Taller-de-Cine-Juvenil.jpg",1132,510,false],"htmega_size_396x360":["https:\/\/www.uartes.edu.ec\/sitio\/wp-content\/uploads\/2018\/09\/Estudiantes-de-colegios-de-la-ciudad-participan-en-Taller-de-Cine-Juvenil.jpg",396,178,false],"gb-block-post-grid-landscape":["https:\/\/www.uartes.edu.ec\/sitio\/wp-content\/uploads\/2018\/09\/Estudiantes-de-colegios-de-la-ciudad-participan-en-Taller-de-Cine-Juvenil.jpg",600,270,false],"gb-block-post-grid-square":["https:\/\/www.uartes.edu.ec\/sitio\/wp-content\/uploads\/2018\/09\/Estudiantes-de-colegios-de-la-ciudad-participan-en-Taller-de-Cine-Juvenil.jpg",600,270,false],"university-hub-thumb":["https:\/\/www.uartes.edu.ec\/sitio\/wp-content\/uploads\/2018\/09\/Estudiantes-de-colegios-de-la-ciudad-participan-en-Taller-de-Cine-Juvenil.jpg",400,180,false]},"uagb_author_info":{"display_name":"Universidad de las Artes","author_link":"https:\/\/www.uartes.edu.ec\/sitio\/fr\/blog\/author\/dircomadm\/"},"uagb_comment_info":0,"uagb_excerpt":"Del 10 al 16 de septiembre de 2018, durante la semana de vacaciones estudiantiles del ciclo escolar costa, m\u00e1s de cuarenta estudiantes de universidades y colegios de la ciudad de Guayaquil formaron parte del proyecto Taller de Cine Juvenil, organizado por estudiantes de la Escuela de Cine de la Universidad de las Artes. La agenda\u2026","featured_image_src":"https:\/\/www.uartes.edu.ec\/sitio\/wp-content\/uploads\/2018\/09\/Estudiantes-de-colegios-de-la-ciudad-participan-en-Taller-de-Cine-Juvenil.jpg","featured_image_src_square":"https:\/\/www.uartes.edu.ec\/sitio\/wp-content\/uploads\/2018\/09\/Estudiantes-de-colegios-de-la-ciudad-participan-en-Taller-de-Cine-Juvenil.jpg","author_info":{"display_name":"Universidad de las Artes","author_link":"https:\/\/www.uartes.edu.ec\/sitio\/fr\/blog\/author\/dircomadm\/"},"publishpress_future_workflow_manual_trigger":{"enabledWorkflows":[]},"distributor_meta":false,"distributor_terms":false,"distributor_media":false,"distributor_original_site_name":"Universidad de las Artes","distributor_original_site_url":"https:\/\/www.uartes.edu.ec\/sitio\/fr","push-errors":false,"_links":{"self":[{"href":"https:\/\/www.uartes.edu.ec\/sitio\/fr\/wp-json\/wp\/v2\/posts\/2607","targetHints":{"allow":["GET"]}}],"collection":[{"href":"https:\/\/www.uartes.edu.ec\/sitio\/fr\/wp-json\/wp\/v2\/posts"}],"about":[{"href":"https:\/\/www.uartes.edu.ec\/sitio\/fr\/wp-json\/wp\/v2\/types\/post"}],"author":[{"embeddable":true,"href":"https:\/\/www.uartes.edu.ec\/sitio\/fr\/wp-json\/wp\/v2\/users\/1"}],"replies":[{"embeddable":true,"href":"https:\/\/www.uartes.edu.ec\/sitio\/fr\/wp-json\/wp\/v2\/comments?post=2607"}],"version-history":[{"count":5,"href":"https:\/\/www.uartes.edu.ec\/sitio\/fr\/wp-json\/wp\/v2\/posts\/2607\/revisions"}],"predecessor-version":[{"id":57865,"href":"https:\/\/www.uartes.edu.ec\/sitio\/fr\/wp-json\/wp\/v2\/posts\/2607\/revisions\/57865"}],"wp:featuredmedia":[{"embeddable":true,"href":"https:\/\/www.uartes.edu.ec\/sitio\/fr\/wp-json\/wp\/v2\/media\/2608"}],"wp:attachment":[{"href":"https:\/\/www.uartes.edu.ec\/sitio\/fr\/wp-json\/wp\/v2\/media?parent=2607"}],"wp:term":[{"taxonomy":"category","embeddable":true,"href":"https:\/\/www.uartes.edu.ec\/sitio\/fr\/wp-json\/wp\/v2\/categories?post=2607"},{"taxonomy":"post_tag","embeddable":true,"href":"https:\/\/www.uartes.edu.ec\/sitio\/fr\/wp-json\/wp\/v2\/tags?post=2607"},{"taxonomy":"infouartes","embeddable":true,"href":"https:\/\/www.uartes.edu.ec\/sitio\/fr\/wp-json\/wp\/v2\/infouartes?post=2607"}],"curies":[{"name":"wp","href":"https:\/\/api.w.org\/{rel}","templated":true}]}}