{"id":26380,"date":"2022-08-04T17:53:00","date_gmt":"2022-08-04T22:53:00","guid":{"rendered":"http:\/\/www.uartes.edu.ec\/sitio\/?p=26380"},"modified":"2024-07-04T11:23:13","modified_gmt":"2024-07-04T16:23:13","slug":"escritor-mexicano-adolfo-cordova-en-la-uartes-para-dictar-talleres-de-mediacion-lectora-y-brindar-charla-magistral","status":"publish","type":"post","link":"https:\/\/www.uartes.edu.ec\/sitio\/fr\/blog\/2022\/08\/04\/escritor-mexicano-adolfo-cordova-en-la-uartes-para-dictar-talleres-de-mediacion-lectora-y-brindar-charla-magistral\/","title":{"rendered":"Escritor mexicano Adolfo C\u00f3rdova llega a la UArtes para dictar talleres de mediaci\u00f3n lectora y brindar charla"},"content":{"rendered":"<p>Escritor, periodista, investigador y mediador de lectura mexicano Adolfo C\u00f3rdova visitar\u00e1 la Universidad de las Artes. La doctora Mar\u00eda Alejandra Zambrano, directora de la Escuela de Literatura, se\u00f1ala que arribar\u00e1 para dictar, del 6 al 11 de agosto, una serie de talleres y charlas.&nbsp;<\/p>\n\n\n\n<p>M\u00e1ster en Libros y Literatura Infantil y Juvenil por la Universidad Aut\u00f3noma de Barcelona, Adolfo C\u00f3rdova ha sido becario de la ONU, el FONCA, la Jugendbibliothek en M\u00fanich, el CEPLI en Cuenca, el Centro de las Artes de San Agust\u00edn en Oaxaca y la Fundaci\u00f3n de Cornelia Funke en California. &nbsp;<\/p>\n\n\n\n<p>Por sus libros ha recibido varios reconocimientos, como el Premio Nacional Bellas Artes de Cuento Infantil Juan de la Cabada, Los Mejores del Banco del Libro, The White Ravens y el Premio Bologna Ragazzi. Tambi\u00e9n tiene un blog de periodismo especializado en literatura infantil y juvenil, su direcci\u00f3n es: linternasybosques.com &nbsp;<\/p>\n\n\n\n<p>Las actividades que Adolfo C\u00f3rdova desarrollar\u00e1 en la UArtes tendr\u00e1n lugar en la Sala R\u00eda de la Biblioteca de las Artes, en el Centro de Producci\u00f3n e Innovaci\u00f3n MZ14 y en el Pabell\u00f3n Araceli Gilbert, ubicado en el Palacio de la Gobernaci\u00f3n. &nbsp;<\/p>\n\n\n\n<h3 class=\"wp-block-heading\"><strong>Las actividades en detalle&nbsp;<\/strong><\/h3>\n\n\n\n<p>\u201cEl cuento, con cuentos, de un escritor\u201d, lectura para ni\u00f1os y ni\u00f1as. Ser\u00e1 el s\u00e1bado 6 de agosto, de 11:00 a 13:00, en la Sala R\u00eda.&nbsp;<\/p>\n\n\n\n<p>Taller de mediaci\u00f3n lectora \u00abDetr\u00e1s de la p\u00e1gina: hacia una lectura y mediaci\u00f3n cr\u00edticas de la literatura infantil\u00bb, el lunes 8 de agosto, de 10:00 a 13:00, en la Biblioteca de las Artes. Pre-registro en:&nbsp;<a href=\"https:\/\/forms.office.com\/r\/arK0yd1GjB?fbclid=IwAR2XYeivcOxsPsO1q2K68Oq3_GGlcDwYkKSdqD7i8YmxSd3nqnalMSxXEg4\" target=\"_blank\" rel=\"noreferrer noopener\">https:\/\/forms.office.com\/r\/arK0yd1GjB<\/a>&nbsp;<\/p>\n\n\n\n<p>Charla magistral \u00abContarles es contarlos: terrorismo de Estado y literatura infantil y juvenil en M\u00e9xico y Latinoam\u00e9rica\u00bb, el martes 9 de agosto, de 18:00 a 20:00, en la Sala Patrimonial del MZ14.&nbsp;<\/p>\n\n\n\n<p>\u00abDetr\u00e1s de la p\u00e1gina: hacia una lectura y mediaci\u00f3n cr\u00edticas de la literatura infantil\u00bb, taller de mediaci\u00f3n lectora, el mi\u00e9rcoles 10 de agosto, de 09:00 a 12:00, en el Sal\u00f3n de Usos M\u00faltiples del Pabell\u00f3n Araceli Gilbert. Pre-registro en:&nbsp;<a href=\"https:\/\/forms.office.com\/r\/arK0yd1GjB?fbclid=IwAR2XYeivcOxsPsO1q2K68Oq3_GGlcDwYkKSdqD7i8YmxSd3nqnalMSxXEg4\" target=\"_blank\" rel=\"noreferrer noopener\">https:\/\/forms.office.com\/r\/arK0yd1GjB<\/a>&nbsp;<\/p>\n\n\n\n<p>Las actividades son gratuitas y abiertas al p\u00fablico que desee ser parte de discusiones enriquecedoras en torno a la cultura de las infancias y juventudes. Los talleres de mediaci\u00f3n tendr\u00e1n un cupo limitado. Para registrarse, llenar el formulario:&nbsp;&nbsp;<a href=\"https:\/\/forms.office.com\/r\/arK0yd1GjB\" target=\"_blank\" rel=\"noreferrer noopener\">https:\/\/forms.office.com\/r\/arK0yd1GjB<\/a>&nbsp;<\/p>","protected":false},"excerpt":{"rendered":"<p>\u201cEl cuento, con cuentos, de un escritor\u201d y el taller de mediaci\u00f3n lectora \u00abDetr\u00e1s de la p\u00e1gina: hacia una lectura y mediaci\u00f3n cr\u00edticas de la literatura infantil\u00bb, as\u00ed como la charla magistral \u00abContarles es contarlos: terrorismo de Estado y literatura infantil y juvenil en M\u00e9xico y Latinoam\u00e9rica\u00bb, son algunas de las actividades del escritor mexicano Adolfo C\u00f3rdova en la UArtes.<\/p>","protected":false},"author":10,"featured_media":26381,"comment_status":"open","ping_status":"open","sticky":false,"template":"","format":"standard","meta":{"_acf_changed":false,"_uag_custom_page_level_css":"","_monsterinsights_skip_tracking":false,"_monsterinsights_sitenote_active":false,"_monsterinsights_sitenote_note":"","_monsterinsights_sitenote_category":0,"cybocfi_hide_featured_image":"","footnotes":""},"categories":[716,75,76,175],"tags":[761],"infouartes":[],"class_list":["post-26380","post","type-post","status-publish","format-standard","has-post-thumbnail","hentry","category-1c","category-docentes","category-estudiantes","category-literatura","tag-charlas-y-talleres"],"acf":[],"yoast_head":"<!-- This site is optimized with the Yoast SEO plugin v27.4 - https:\/\/yoast.com\/product\/yoast-seo-wordpress\/ -->\n<title>Universidad de las Artes - Escritor mexicano Adolfo C\u00f3rdova llega a la UArtes para dictar talleres de mediaci\u00f3n lectora y brindar charla<\/title>\n<meta name=\"description\" content=\"Universidad de las Artes - Escritor mexicano Adolfo C\u00f3rdova llega a la UArtes para dictar talleres de mediaci\u00f3n lectora y brindar charla\" \/>\n<meta name=\"robots\" content=\"index, follow, max-snippet:-1, max-image-preview:large, max-video-preview:-1\" \/>\n<link rel=\"canonical\" href=\"https:\/\/www.uartes.edu.ec\/sitio\/fr\/blog\/2022\/08\/04\/escritor-mexicano-adolfo-cordova-en-la-uartes-para-dictar-talleres-de-mediacion-lectora-y-brindar-charla-magistral\/\" \/>\n<meta property=\"og:locale\" content=\"fr_FR\" \/>\n<meta property=\"og:type\" content=\"article\" \/>\n<meta property=\"og:title\" content=\"Universidad de las Artes - Escritor mexicano Adolfo C\u00f3rdova llega a la UArtes para dictar talleres de mediaci\u00f3n lectora y brindar charla\" \/>\n<meta property=\"og:description\" content=\"Universidad de las Artes - Escritor mexicano Adolfo C\u00f3rdova llega a la UArtes para dictar talleres de mediaci\u00f3n lectora y brindar charla\" \/>\n<meta property=\"og:url\" content=\"https:\/\/www.uartes.edu.ec\/sitio\/fr\/blog\/2022\/08\/04\/escritor-mexicano-adolfo-cordova-en-la-uartes-para-dictar-talleres-de-mediacion-lectora-y-brindar-charla-magistral\/\" \/>\n<meta property=\"og:site_name\" content=\"Universidad de las Artes\" \/>\n<meta property=\"article:publisher\" content=\"https:\/\/www.facebook.com\/uartesec\" \/>\n<meta property=\"article:published_time\" content=\"2022-08-04T22:53:00+00:00\" \/>\n<meta property=\"article:modified_time\" content=\"2024-07-04T16:23:13+00:00\" \/>\n<meta property=\"og:image\" content=\"https:\/\/www.uartes.edu.ec\/sitio\/wp-content\/uploads\/2022\/08\/Adolfo-Cordova-foto2.jpg\" \/>\n\t<meta property=\"og:image:width\" content=\"2005\" \/>\n\t<meta property=\"og:image:height\" content=\"1538\" \/>\n\t<meta property=\"og:image:type\" content=\"image\/jpeg\" \/>\n<meta name=\"author\" content=\"ccortez\" \/>\n<meta name=\"twitter:card\" content=\"summary_large_image\" \/>\n<meta name=\"twitter:creator\" content=\"@uartesec\" \/>\n<meta name=\"twitter:site\" content=\"@uartesec\" \/>\n<meta name=\"twitter:label1\" content=\"\u00c9crit par\" \/>\n\t<meta name=\"twitter:data1\" content=\"ccortez\" \/>\n\t<meta name=\"twitter:label2\" content=\"Dur\u00e9e de lecture estim\u00e9e\" \/>\n\t<meta name=\"twitter:data2\" content=\"2 minutes\" \/>\n<script type=\"application\/ld+json\" class=\"yoast-schema-graph\">{\"@context\":\"https:\\\/\\\/schema.org\",\"@graph\":[{\"@type\":\"Article\",\"@id\":\"https:\\\/\\\/www.uartes.edu.ec\\\/sitio\\\/fr\\\/blog\\\/2022\\\/08\\\/04\\\/escritor-mexicano-adolfo-cordova-en-la-uartes-para-dictar-talleres-de-mediacion-lectora-y-brindar-charla-magistral\\\/#article\",\"isPartOf\":{\"@id\":\"https:\\\/\\\/www.uartes.edu.ec\\\/sitio\\\/fr\\\/blog\\\/2022\\\/08\\\/04\\\/escritor-mexicano-adolfo-cordova-en-la-uartes-para-dictar-talleres-de-mediacion-lectora-y-brindar-charla-magistral\\\/\"},\"author\":{\"name\":\"ccortez\",\"@id\":\"https:\\\/\\\/www.uartes.edu.ec\\\/sitio\\\/fr\\\/#\\\/schema\\\/person\\\/efa1b8275797664fd7f13a79ccc0b1f4\"},\"headline\":\"Escritor mexicano Adolfo C\u00f3rdova llega a la UArtes para dictar talleres de mediaci\u00f3n lectora y brindar charla\",\"datePublished\":\"2022-08-04T22:53:00+00:00\",\"dateModified\":\"2024-07-04T16:23:13+00:00\",\"mainEntityOfPage\":{\"@id\":\"https:\\\/\\\/www.uartes.edu.ec\\\/sitio\\\/fr\\\/blog\\\/2022\\\/08\\\/04\\\/escritor-mexicano-adolfo-cordova-en-la-uartes-para-dictar-talleres-de-mediacion-lectora-y-brindar-charla-magistral\\\/\"},\"wordCount\":445,\"commentCount\":0,\"publisher\":{\"@id\":\"https:\\\/\\\/www.uartes.edu.ec\\\/sitio\\\/fr\\\/#organization\"},\"image\":{\"@id\":\"https:\\\/\\\/www.uartes.edu.ec\\\/sitio\\\/fr\\\/blog\\\/2022\\\/08\\\/04\\\/escritor-mexicano-adolfo-cordova-en-la-uartes-para-dictar-talleres-de-mediacion-lectora-y-brindar-charla-magistral\\\/#primaryimage\"},\"thumbnailUrl\":\"https:\\\/\\\/www.uartes.edu.ec\\\/sitio\\\/wp-content\\\/uploads\\\/2022\\\/08\\\/Adolfo-Cordova-foto2.jpg\",\"keywords\":[\"charlas y talleres\"],\"articleSection\":[\"1C\",\"Docentes\",\"Estudiantes\",\"Literatura\"],\"inLanguage\":\"fr-FR\",\"potentialAction\":[{\"@type\":\"CommentAction\",\"name\":\"Comment\",\"target\":[\"https:\\\/\\\/www.uartes.edu.ec\\\/sitio\\\/fr\\\/blog\\\/2022\\\/08\\\/04\\\/escritor-mexicano-adolfo-cordova-en-la-uartes-para-dictar-talleres-de-mediacion-lectora-y-brindar-charla-magistral\\\/#respond\"]}]},{\"@type\":[\"WebPage\",\"ItemPage\"],\"@id\":\"https:\\\/\\\/www.uartes.edu.ec\\\/sitio\\\/fr\\\/blog\\\/2022\\\/08\\\/04\\\/escritor-mexicano-adolfo-cordova-en-la-uartes-para-dictar-talleres-de-mediacion-lectora-y-brindar-charla-magistral\\\/\",\"url\":\"https:\\\/\\\/www.uartes.edu.ec\\\/sitio\\\/fr\\\/blog\\\/2022\\\/08\\\/04\\\/escritor-mexicano-adolfo-cordova-en-la-uartes-para-dictar-talleres-de-mediacion-lectora-y-brindar-charla-magistral\\\/\",\"name\":\"Universidad de las Artes - Escritor mexicano Adolfo C\u00f3rdova llega a la UArtes para dictar talleres de mediaci\u00f3n lectora y brindar charla\",\"isPartOf\":{\"@id\":\"https:\\\/\\\/www.uartes.edu.ec\\\/sitio\\\/fr\\\/#website\"},\"primaryImageOfPage\":{\"@id\":\"https:\\\/\\\/www.uartes.edu.ec\\\/sitio\\\/fr\\\/blog\\\/2022\\\/08\\\/04\\\/escritor-mexicano-adolfo-cordova-en-la-uartes-para-dictar-talleres-de-mediacion-lectora-y-brindar-charla-magistral\\\/#primaryimage\"},\"image\":{\"@id\":\"https:\\\/\\\/www.uartes.edu.ec\\\/sitio\\\/fr\\\/blog\\\/2022\\\/08\\\/04\\\/escritor-mexicano-adolfo-cordova-en-la-uartes-para-dictar-talleres-de-mediacion-lectora-y-brindar-charla-magistral\\\/#primaryimage\"},\"thumbnailUrl\":\"https:\\\/\\\/www.uartes.edu.ec\\\/sitio\\\/wp-content\\\/uploads\\\/2022\\\/08\\\/Adolfo-Cordova-foto2.jpg\",\"datePublished\":\"2022-08-04T22:53:00+00:00\",\"dateModified\":\"2024-07-04T16:23:13+00:00\",\"description\":\"Universidad de las Artes - Escritor mexicano Adolfo C\u00f3rdova llega a la UArtes para dictar talleres de mediaci\u00f3n lectora y brindar charla\",\"breadcrumb\":{\"@id\":\"https:\\\/\\\/www.uartes.edu.ec\\\/sitio\\\/fr\\\/blog\\\/2022\\\/08\\\/04\\\/escritor-mexicano-adolfo-cordova-en-la-uartes-para-dictar-talleres-de-mediacion-lectora-y-brindar-charla-magistral\\\/#breadcrumb\"},\"inLanguage\":\"fr-FR\",\"potentialAction\":[{\"@type\":\"ReadAction\",\"target\":[\"https:\\\/\\\/www.uartes.edu.ec\\\/sitio\\\/fr\\\/blog\\\/2022\\\/08\\\/04\\\/escritor-mexicano-adolfo-cordova-en-la-uartes-para-dictar-talleres-de-mediacion-lectora-y-brindar-charla-magistral\\\/\"]}]},{\"@type\":\"ImageObject\",\"inLanguage\":\"fr-FR\",\"@id\":\"https:\\\/\\\/www.uartes.edu.ec\\\/sitio\\\/fr\\\/blog\\\/2022\\\/08\\\/04\\\/escritor-mexicano-adolfo-cordova-en-la-uartes-para-dictar-talleres-de-mediacion-lectora-y-brindar-charla-magistral\\\/#primaryimage\",\"url\":\"https:\\\/\\\/www.uartes.edu.ec\\\/sitio\\\/wp-content\\\/uploads\\\/2022\\\/08\\\/Adolfo-Cordova-foto2.jpg\",\"contentUrl\":\"https:\\\/\\\/www.uartes.edu.ec\\\/sitio\\\/wp-content\\\/uploads\\\/2022\\\/08\\\/Adolfo-Cordova-foto2.jpg\",\"width\":2005,\"height\":1538},{\"@type\":\"BreadcrumbList\",\"@id\":\"https:\\\/\\\/www.uartes.edu.ec\\\/sitio\\\/fr\\\/blog\\\/2022\\\/08\\\/04\\\/escritor-mexicano-adolfo-cordova-en-la-uartes-para-dictar-talleres-de-mediacion-lectora-y-brindar-charla-magistral\\\/#breadcrumb\",\"itemListElement\":[{\"@type\":\"ListItem\",\"position\":1,\"name\":\"Inicio\",\"item\":\"https:\\\/\\\/www.uartes.edu.ec\\\/sitio\\\/\"},{\"@type\":\"ListItem\",\"position\":2,\"name\":\"Escritor mexicano Adolfo C\u00f3rdova llega a la UArtes para dictar talleres de mediaci\u00f3n lectora y brindar charla\"}]},{\"@type\":\"WebSite\",\"@id\":\"https:\\\/\\\/www.uartes.edu.ec\\\/sitio\\\/fr\\\/#website\",\"url\":\"https:\\\/\\\/www.uartes.edu.ec\\\/sitio\\\/fr\\\/\",\"name\":\"Universidad de las Artes\",\"description\":\"Sitio oficial de la Universidad Nacional de las Artes del Ecuador\",\"publisher\":{\"@id\":\"https:\\\/\\\/www.uartes.edu.ec\\\/sitio\\\/fr\\\/#organization\"},\"potentialAction\":[{\"@type\":\"SearchAction\",\"target\":{\"@type\":\"EntryPoint\",\"urlTemplate\":\"https:\\\/\\\/www.uartes.edu.ec\\\/sitio\\\/fr\\\/?s={search_term_string}\"},\"query-input\":{\"@type\":\"PropertyValueSpecification\",\"valueRequired\":true,\"valueName\":\"search_term_string\"}}],\"inLanguage\":\"fr-FR\"},{\"@type\":\"Organization\",\"@id\":\"https:\\\/\\\/www.uartes.edu.ec\\\/sitio\\\/fr\\\/#organization\",\"name\":\"Universidad de las Artes\",\"url\":\"https:\\\/\\\/www.uartes.edu.ec\\\/sitio\\\/fr\\\/\",\"logo\":{\"@type\":\"ImageObject\",\"inLanguage\":\"fr-FR\",\"@id\":\"https:\\\/\\\/www.uartes.edu.ec\\\/sitio\\\/fr\\\/#\\\/schema\\\/logo\\\/image\\\/\",\"url\":\"https:\\\/\\\/www.uartes.edu.ec\\\/sitio\\\/wp-content\\\/uploads\\\/2022\\\/07\\\/logo-ua-horizontal.png\",\"contentUrl\":\"https:\\\/\\\/www.uartes.edu.ec\\\/sitio\\\/wp-content\\\/uploads\\\/2022\\\/07\\\/logo-ua-horizontal.png\",\"width\":800,\"height\":276,\"caption\":\"Universidad de las Artes\"},\"image\":{\"@id\":\"https:\\\/\\\/www.uartes.edu.ec\\\/sitio\\\/fr\\\/#\\\/schema\\\/logo\\\/image\\\/\"},\"sameAs\":[\"https:\\\/\\\/www.facebook.com\\\/uartesec\",\"https:\\\/\\\/x.com\\\/uartesec\",\"https:\\\/\\\/www.tiktok.com\\\/@uartesec\"]},{\"@type\":\"Person\",\"@id\":\"https:\\\/\\\/www.uartes.edu.ec\\\/sitio\\\/fr\\\/#\\\/schema\\\/person\\\/efa1b8275797664fd7f13a79ccc0b1f4\",\"name\":\"ccortez\",\"image\":{\"@type\":\"ImageObject\",\"inLanguage\":\"fr-FR\",\"@id\":\"https:\\\/\\\/secure.gravatar.com\\\/avatar\\\/b2a6f664a3ae8e074346ef91775736c5ec479e637ecced6842de9dc98b5da9cd?s=96&d=mm&r=g\",\"url\":\"https:\\\/\\\/secure.gravatar.com\\\/avatar\\\/b2a6f664a3ae8e074346ef91775736c5ec479e637ecced6842de9dc98b5da9cd?s=96&d=mm&r=g\",\"contentUrl\":\"https:\\\/\\\/secure.gravatar.com\\\/avatar\\\/b2a6f664a3ae8e074346ef91775736c5ec479e637ecced6842de9dc98b5da9cd?s=96&d=mm&r=g\",\"caption\":\"ccortez\"},\"url\":\"https:\\\/\\\/www.uartes.edu.ec\\\/sitio\\\/fr\\\/blog\\\/author\\\/ccortez\\\/\"}]}<\/script>\n<!-- \/ Yoast SEO plugin. -->","yoast_head_json":{"title":"Universidad de las Artes - Escritor mexicano Adolfo C\u00f3rdova llega a la UArtes para dictar talleres de mediaci\u00f3n lectora y brindar charla","description":"Universidad de las Artes - Escritor mexicano Adolfo C\u00f3rdova llega a la UArtes para dictar talleres de mediaci\u00f3n lectora y brindar charla","robots":{"index":"index","follow":"follow","max-snippet":"max-snippet:-1","max-image-preview":"max-image-preview:large","max-video-preview":"max-video-preview:-1"},"canonical":"https:\/\/www.uartes.edu.ec\/sitio\/fr\/blog\/2022\/08\/04\/escritor-mexicano-adolfo-cordova-en-la-uartes-para-dictar-talleres-de-mediacion-lectora-y-brindar-charla-magistral\/","og_locale":"fr_FR","og_type":"article","og_title":"Universidad de las Artes - Escritor mexicano Adolfo C\u00f3rdova llega a la UArtes para dictar talleres de mediaci\u00f3n lectora y brindar charla","og_description":"Universidad de las Artes - Escritor mexicano Adolfo C\u00f3rdova llega a la UArtes para dictar talleres de mediaci\u00f3n lectora y brindar charla","og_url":"https:\/\/www.uartes.edu.ec\/sitio\/fr\/blog\/2022\/08\/04\/escritor-mexicano-adolfo-cordova-en-la-uartes-para-dictar-talleres-de-mediacion-lectora-y-brindar-charla-magistral\/","og_site_name":"Universidad de las Artes","article_publisher":"https:\/\/www.facebook.com\/uartesec","article_published_time":"2022-08-04T22:53:00+00:00","article_modified_time":"2024-07-04T16:23:13+00:00","og_image":[{"width":2005,"height":1538,"url":"https:\/\/www.uartes.edu.ec\/sitio\/wp-content\/uploads\/2022\/08\/Adolfo-Cordova-foto2.jpg","type":"image\/jpeg"}],"author":"ccortez","twitter_card":"summary_large_image","twitter_creator":"@uartesec","twitter_site":"@uartesec","twitter_misc":{"\u00c9crit par":"ccortez","Dur\u00e9e de lecture estim\u00e9e":"2 minutes"},"schema":{"@context":"https:\/\/schema.org","@graph":[{"@type":"Article","@id":"https:\/\/www.uartes.edu.ec\/sitio\/fr\/blog\/2022\/08\/04\/escritor-mexicano-adolfo-cordova-en-la-uartes-para-dictar-talleres-de-mediacion-lectora-y-brindar-charla-magistral\/#article","isPartOf":{"@id":"https:\/\/www.uartes.edu.ec\/sitio\/fr\/blog\/2022\/08\/04\/escritor-mexicano-adolfo-cordova-en-la-uartes-para-dictar-talleres-de-mediacion-lectora-y-brindar-charla-magistral\/"},"author":{"name":"ccortez","@id":"https:\/\/www.uartes.edu.ec\/sitio\/fr\/#\/schema\/person\/efa1b8275797664fd7f13a79ccc0b1f4"},"headline":"Escritor mexicano Adolfo C\u00f3rdova llega a la UArtes para dictar talleres de mediaci\u00f3n lectora y brindar charla","datePublished":"2022-08-04T22:53:00+00:00","dateModified":"2024-07-04T16:23:13+00:00","mainEntityOfPage":{"@id":"https:\/\/www.uartes.edu.ec\/sitio\/fr\/blog\/2022\/08\/04\/escritor-mexicano-adolfo-cordova-en-la-uartes-para-dictar-talleres-de-mediacion-lectora-y-brindar-charla-magistral\/"},"wordCount":445,"commentCount":0,"publisher":{"@id":"https:\/\/www.uartes.edu.ec\/sitio\/fr\/#organization"},"image":{"@id":"https:\/\/www.uartes.edu.ec\/sitio\/fr\/blog\/2022\/08\/04\/escritor-mexicano-adolfo-cordova-en-la-uartes-para-dictar-talleres-de-mediacion-lectora-y-brindar-charla-magistral\/#primaryimage"},"thumbnailUrl":"https:\/\/www.uartes.edu.ec\/sitio\/wp-content\/uploads\/2022\/08\/Adolfo-Cordova-foto2.jpg","keywords":["charlas y talleres"],"articleSection":["1C","Docentes","Estudiantes","Literatura"],"inLanguage":"fr-FR","potentialAction":[{"@type":"CommentAction","name":"Comment","target":["https:\/\/www.uartes.edu.ec\/sitio\/fr\/blog\/2022\/08\/04\/escritor-mexicano-adolfo-cordova-en-la-uartes-para-dictar-talleres-de-mediacion-lectora-y-brindar-charla-magistral\/#respond"]}]},{"@type":["WebPage","ItemPage"],"@id":"https:\/\/www.uartes.edu.ec\/sitio\/fr\/blog\/2022\/08\/04\/escritor-mexicano-adolfo-cordova-en-la-uartes-para-dictar-talleres-de-mediacion-lectora-y-brindar-charla-magistral\/","url":"https:\/\/www.uartes.edu.ec\/sitio\/fr\/blog\/2022\/08\/04\/escritor-mexicano-adolfo-cordova-en-la-uartes-para-dictar-talleres-de-mediacion-lectora-y-brindar-charla-magistral\/","name":"Universidad de las Artes - Escritor mexicano Adolfo C\u00f3rdova llega a la UArtes para dictar talleres de mediaci\u00f3n lectora y brindar charla","isPartOf":{"@id":"https:\/\/www.uartes.edu.ec\/sitio\/fr\/#website"},"primaryImageOfPage":{"@id":"https:\/\/www.uartes.edu.ec\/sitio\/fr\/blog\/2022\/08\/04\/escritor-mexicano-adolfo-cordova-en-la-uartes-para-dictar-talleres-de-mediacion-lectora-y-brindar-charla-magistral\/#primaryimage"},"image":{"@id":"https:\/\/www.uartes.edu.ec\/sitio\/fr\/blog\/2022\/08\/04\/escritor-mexicano-adolfo-cordova-en-la-uartes-para-dictar-talleres-de-mediacion-lectora-y-brindar-charla-magistral\/#primaryimage"},"thumbnailUrl":"https:\/\/www.uartes.edu.ec\/sitio\/wp-content\/uploads\/2022\/08\/Adolfo-Cordova-foto2.jpg","datePublished":"2022-08-04T22:53:00+00:00","dateModified":"2024-07-04T16:23:13+00:00","description":"Universidad de las Artes - Escritor mexicano Adolfo C\u00f3rdova llega a la UArtes para dictar talleres de mediaci\u00f3n lectora y brindar charla","breadcrumb":{"@id":"https:\/\/www.uartes.edu.ec\/sitio\/fr\/blog\/2022\/08\/04\/escritor-mexicano-adolfo-cordova-en-la-uartes-para-dictar-talleres-de-mediacion-lectora-y-brindar-charla-magistral\/#breadcrumb"},"inLanguage":"fr-FR","potentialAction":[{"@type":"ReadAction","target":["https:\/\/www.uartes.edu.ec\/sitio\/fr\/blog\/2022\/08\/04\/escritor-mexicano-adolfo-cordova-en-la-uartes-para-dictar-talleres-de-mediacion-lectora-y-brindar-charla-magistral\/"]}]},{"@type":"ImageObject","inLanguage":"fr-FR","@id":"https:\/\/www.uartes.edu.ec\/sitio\/fr\/blog\/2022\/08\/04\/escritor-mexicano-adolfo-cordova-en-la-uartes-para-dictar-talleres-de-mediacion-lectora-y-brindar-charla-magistral\/#primaryimage","url":"https:\/\/www.uartes.edu.ec\/sitio\/wp-content\/uploads\/2022\/08\/Adolfo-Cordova-foto2.jpg","contentUrl":"https:\/\/www.uartes.edu.ec\/sitio\/wp-content\/uploads\/2022\/08\/Adolfo-Cordova-foto2.jpg","width":2005,"height":1538},{"@type":"BreadcrumbList","@id":"https:\/\/www.uartes.edu.ec\/sitio\/fr\/blog\/2022\/08\/04\/escritor-mexicano-adolfo-cordova-en-la-uartes-para-dictar-talleres-de-mediacion-lectora-y-brindar-charla-magistral\/#breadcrumb","itemListElement":[{"@type":"ListItem","position":1,"name":"Inicio","item":"https:\/\/www.uartes.edu.ec\/sitio\/"},{"@type":"ListItem","position":2,"name":"Escritor mexicano Adolfo C\u00f3rdova llega a la UArtes para dictar talleres de mediaci\u00f3n lectora y brindar charla"}]},{"@type":"WebSite","@id":"https:\/\/www.uartes.edu.ec\/sitio\/fr\/#website","url":"https:\/\/www.uartes.edu.ec\/sitio\/fr\/","name":"Universidad de las Artes","description":"Sitio oficial de la Universidad Nacional de las Artes del Ecuador","publisher":{"@id":"https:\/\/www.uartes.edu.ec\/sitio\/fr\/#organization"},"potentialAction":[{"@type":"SearchAction","target":{"@type":"EntryPoint","urlTemplate":"https:\/\/www.uartes.edu.ec\/sitio\/fr\/?s={search_term_string}"},"query-input":{"@type":"PropertyValueSpecification","valueRequired":true,"valueName":"search_term_string"}}],"inLanguage":"fr-FR"},{"@type":"Organization","@id":"https:\/\/www.uartes.edu.ec\/sitio\/fr\/#organization","name":"Universidad de las Artes","url":"https:\/\/www.uartes.edu.ec\/sitio\/fr\/","logo":{"@type":"ImageObject","inLanguage":"fr-FR","@id":"https:\/\/www.uartes.edu.ec\/sitio\/fr\/#\/schema\/logo\/image\/","url":"https:\/\/www.uartes.edu.ec\/sitio\/wp-content\/uploads\/2022\/07\/logo-ua-horizontal.png","contentUrl":"https:\/\/www.uartes.edu.ec\/sitio\/wp-content\/uploads\/2022\/07\/logo-ua-horizontal.png","width":800,"height":276,"caption":"Universidad de las Artes"},"image":{"@id":"https:\/\/www.uartes.edu.ec\/sitio\/fr\/#\/schema\/logo\/image\/"},"sameAs":["https:\/\/www.facebook.com\/uartesec","https:\/\/x.com\/uartesec","https:\/\/www.tiktok.com\/@uartesec"]},{"@type":"Person","@id":"https:\/\/www.uartes.edu.ec\/sitio\/fr\/#\/schema\/person\/efa1b8275797664fd7f13a79ccc0b1f4","name":"ccortez","image":{"@type":"ImageObject","inLanguage":"fr-FR","@id":"https:\/\/secure.gravatar.com\/avatar\/b2a6f664a3ae8e074346ef91775736c5ec479e637ecced6842de9dc98b5da9cd?s=96&d=mm&r=g","url":"https:\/\/secure.gravatar.com\/avatar\/b2a6f664a3ae8e074346ef91775736c5ec479e637ecced6842de9dc98b5da9cd?s=96&d=mm&r=g","contentUrl":"https:\/\/secure.gravatar.com\/avatar\/b2a6f664a3ae8e074346ef91775736c5ec479e637ecced6842de9dc98b5da9cd?s=96&d=mm&r=g","caption":"ccortez"},"url":"https:\/\/www.uartes.edu.ec\/sitio\/fr\/blog\/author\/ccortez\/"}]}},"uagb_featured_image_src":{"full":["https:\/\/www.uartes.edu.ec\/sitio\/wp-content\/uploads\/2022\/08\/Adolfo-Cordova-foto2.jpg",2005,1538,false],"thumbnail":["https:\/\/www.uartes.edu.ec\/sitio\/wp-content\/uploads\/2022\/08\/Adolfo-Cordova-foto2-150x150.jpg",150,150,true],"medium":["https:\/\/www.uartes.edu.ec\/sitio\/wp-content\/uploads\/2022\/08\/Adolfo-Cordova-foto2-300x230.jpg",300,230,true],"medium_large":["https:\/\/www.uartes.edu.ec\/sitio\/wp-content\/uploads\/2022\/08\/Adolfo-Cordova-foto2-768x589.jpg",768,589,true],"large":["https:\/\/www.uartes.edu.ec\/sitio\/wp-content\/uploads\/2022\/08\/Adolfo-Cordova-foto2-644x494.jpg",644,494,true],"1536x1536":["https:\/\/www.uartes.edu.ec\/sitio\/wp-content\/uploads\/2022\/08\/Adolfo-Cordova-foto2-1536x1178.jpg",1536,1178,true],"2048x2048":["https:\/\/www.uartes.edu.ec\/sitio\/wp-content\/uploads\/2022\/08\/Adolfo-Cordova-foto2.jpg",2005,1538,false],"trp-custom-language-flag":["https:\/\/www.uartes.edu.ec\/sitio\/wp-content\/uploads\/2022\/08\/Adolfo-Cordova-foto2.jpg",16,12,false],"htmega_size_585x295":["https:\/\/www.uartes.edu.ec\/sitio\/wp-content\/uploads\/2022\/08\/Adolfo-Cordova-foto2.jpg",385,295,false],"htmega_size_1170x536":["https:\/\/www.uartes.edu.ec\/sitio\/wp-content\/uploads\/2022\/08\/Adolfo-Cordova-foto2.jpg",699,536,false],"htmega_size_396x360":["https:\/\/www.uartes.edu.ec\/sitio\/wp-content\/uploads\/2022\/08\/Adolfo-Cordova-foto2.jpg",396,304,false],"gb-block-post-grid-landscape":["https:\/\/www.uartes.edu.ec\/sitio\/wp-content\/uploads\/2022\/08\/Adolfo-Cordova-foto2-600x400.jpg",600,400,true],"gb-block-post-grid-square":["https:\/\/www.uartes.edu.ec\/sitio\/wp-content\/uploads\/2022\/08\/Adolfo-Cordova-foto2-600x600.jpg",600,600,true],"university-hub-thumb":["https:\/\/www.uartes.edu.ec\/sitio\/wp-content\/uploads\/2022\/08\/Adolfo-Cordova-foto2-391x300.jpg",391,300,true]},"uagb_author_info":{"display_name":"ccortez","author_link":"https:\/\/www.uartes.edu.ec\/sitio\/fr\/blog\/author\/ccortez\/"},"uagb_comment_info":0,"uagb_excerpt":"\u201cEl cuento, con cuentos, de un escritor\u201d y el taller de mediaci\u00f3n lectora \"Detr\u00e1s de la p\u00e1gina: hacia una lectura y mediaci\u00f3n cr\u00edticas de la literatura infantil\", as\u00ed como la charla magistral \"Contarles es contarlos: terrorismo de Estado y literatura infantil y juvenil en M\u00e9xico y Latinoam\u00e9rica\", son algunas de las actividades del escritor mexicano\u2026","featured_image_src":"https:\/\/www.uartes.edu.ec\/sitio\/wp-content\/uploads\/2022\/08\/Adolfo-Cordova-foto2-600x400.jpg","featured_image_src_square":"https:\/\/www.uartes.edu.ec\/sitio\/wp-content\/uploads\/2022\/08\/Adolfo-Cordova-foto2-600x600.jpg","author_info":{"display_name":"ccortez","author_link":"https:\/\/www.uartes.edu.ec\/sitio\/fr\/blog\/author\/ccortez\/"},"publishpress_future_workflow_manual_trigger":{"enabledWorkflows":[]},"distributor_meta":false,"distributor_terms":false,"distributor_media":false,"distributor_original_site_name":"Universidad de las Artes","distributor_original_site_url":"https:\/\/www.uartes.edu.ec\/sitio\/fr","push-errors":false,"_links":{"self":[{"href":"https:\/\/www.uartes.edu.ec\/sitio\/fr\/wp-json\/wp\/v2\/posts\/26380","targetHints":{"allow":["GET"]}}],"collection":[{"href":"https:\/\/www.uartes.edu.ec\/sitio\/fr\/wp-json\/wp\/v2\/posts"}],"about":[{"href":"https:\/\/www.uartes.edu.ec\/sitio\/fr\/wp-json\/wp\/v2\/types\/post"}],"author":[{"embeddable":true,"href":"https:\/\/www.uartes.edu.ec\/sitio\/fr\/wp-json\/wp\/v2\/users\/10"}],"replies":[{"embeddable":true,"href":"https:\/\/www.uartes.edu.ec\/sitio\/fr\/wp-json\/wp\/v2\/comments?post=26380"}],"version-history":[{"count":4,"href":"https:\/\/www.uartes.edu.ec\/sitio\/fr\/wp-json\/wp\/v2\/posts\/26380\/revisions"}],"predecessor-version":[{"id":26391,"href":"https:\/\/www.uartes.edu.ec\/sitio\/fr\/wp-json\/wp\/v2\/posts\/26380\/revisions\/26391"}],"wp:featuredmedia":[{"embeddable":true,"href":"https:\/\/www.uartes.edu.ec\/sitio\/fr\/wp-json\/wp\/v2\/media\/26381"}],"wp:attachment":[{"href":"https:\/\/www.uartes.edu.ec\/sitio\/fr\/wp-json\/wp\/v2\/media?parent=26380"}],"wp:term":[{"taxonomy":"category","embeddable":true,"href":"https:\/\/www.uartes.edu.ec\/sitio\/fr\/wp-json\/wp\/v2\/categories?post=26380"},{"taxonomy":"post_tag","embeddable":true,"href":"https:\/\/www.uartes.edu.ec\/sitio\/fr\/wp-json\/wp\/v2\/tags?post=26380"},{"taxonomy":"infouartes","embeddable":true,"href":"https:\/\/www.uartes.edu.ec\/sitio\/fr\/wp-json\/wp\/v2\/infouartes?post=26380"}],"curies":[{"name":"wp","href":"https:\/\/api.w.org\/{rel}","templated":true}]}}