{"id":26636,"date":"2022-08-26T11:10:00","date_gmt":"2022-08-26T16:10:00","guid":{"rendered":"http:\/\/www.uartes.edu.ec\/sitio\/?p=26636"},"modified":"2024-07-04T11:23:09","modified_gmt":"2024-07-04T16:23:09","slug":"docentes-investigadores-de-la-uartes-darana-conocer-los-resultados-de-sus-proyectos","status":"publish","type":"post","link":"https:\/\/www.uartes.edu.ec\/sitio\/fr\/blog\/2022\/08\/26\/docentes-investigadores-de-la-uartes-darana-conocer-los-resultados-de-sus-proyectos\/","title":{"rendered":"Docentes investigadores de la UArtes exponen los resultados de sus indagaciones acad\u00e9micas y art\u00edsticas"},"content":{"rendered":"<p>Impulsado por la Direcci\u00f3n de Pol\u00edticas de Investigaci\u00f3n en Artes, que es parte del Vicerrectorado de Posgrados e Investigaci\u00f3n en Artes, los pasados 23 y 24 de agosto se desarrollaron las dos primeras sesiones del Seminario Proyectos de Investigaci\u00f3n Financiados 2021-2022, concebido como un espacio de encuentro y reflexi\u00f3n para docentes y estudiantes de la Universidad de las Artes para compartir los logros y retos de hacer investigaci\u00f3n y mostrar los productos acad\u00e9micos y art\u00edsticos desarrollados.<\/p>\n\n\n\n<p>Una tercera sesi\u00f3n tendr\u00e1 lugar el pr\u00f3ximo 15 de septiembre, en el Rect\u00e1ngulo (primer piso del Pabell\u00f3n Humberto Salgado, campus centro). Ese d\u00eda, el docente Manuel Sarmiento expondr\u00e1, de 15:00 a 15:45, sobre \u201cEl nombre de las plantas: proyecto de realizaci\u00f3n de documental\u201d, y, de 15:45 a 16:45, har\u00e1 lo propio la docente Mar\u00eda del Pilar Aranda sobre \u201cMateriales para reescribir la(s) historia(s) oficial de la muerte de Jaime Rold\u00f3s, Martha Bucaram y la comitiva presidencial del Ecuador\u201d.<\/p>\n\n\n\n<p>La doctora Ybelice Brice\u00f1o, directora de Pol\u00edticas de Investigaci\u00f3n en Artes, indica que estos proyectos, junto con los otros cuatro ya presentados, son financiados y forman parte de una convocatoria 2021-2022, en cuyas bases se plantearon cu\u00e1les eran las prioridades y el perfil de los postulantes. La idea, agrega, es que fueran siempre de grupos porque se busca fomentar el trabajo en equipo, y no solo contempl\u00f3 la participaci\u00f3n de docentes sino de estudiantes.<\/p>\n\n\n\n<p>\u201cSe recibieron distintas propuestas y se realiz\u00f3 un proceso de evaluaci\u00f3n bastante riguroso que implic\u00f3 varias fases. La primera, una revisi\u00f3n interna por parte del Vicerrectorado de Posgrados e Investigaci\u00f3n en Artes para constatar que cumplieran con los requisitos de la convocatoria. En una segunda fase, los proyectos pasaron de manera an\u00f3nima a un sistema de evaluaci\u00f3n de pares, con la participaci\u00f3n de docentes internos del Comit\u00e9 Consultivo de Investigaci\u00f3n y docentes externos de nuestra base de datos de evaluadores y que son de distintas universidades del pa\u00eds y del exterior\u201d, explica.<\/p>\n\n\n\n<p>Es a partir de esos distintos procesos de evaluaci\u00f3n que se realiz\u00f3 una ponderaci\u00f3n general y se escogieron seis proyectos de investigaci\u00f3n de distintos campos. \u201cSon interdisciplinarios, pues integran los grupos de investigaci\u00f3n docentes de las varias escuelas, unidades y carreras de la universidad. Hay docentes de Artes Sonoras, de Artes Esc\u00e9nicas, de Transversal, de Literatura, de Cine\u2026 Una selecci\u00f3n de proyectos bastante diversa\u201d.<\/p>\n\n\n\n<p>Estos grupos de investigaci\u00f3n trabajaron en sus proyectos durante un a\u00f1o \u201cy la idea es generar con estos procesos y sus productos un espacio de difusi\u00f3n de los resultados, as\u00ed es como surge el seminario\u201d.<\/p>\n\n\n\n<p>Con la presentaci\u00f3n de los dos proyectos en septiembre, se cierra la fase de la convocatoria 2021-2022. Ya se convoc\u00f3 a la del 2022-2023 y hay nuevos equipos seleccionados, indica Brice\u00f1o. Estos est\u00e1n empezando ya a trabajar en las respectivas investigaciones propuestas. Los resultados ser\u00e1n, asimismo, expuestos en un nuevo seminario.<\/p>\n\n\n\n<p>Los proyectos que se presentaron el 23 y 24 de este mes fueron: \u201cCimarr\u00f3nicamente. M\u00fasica, identidad y discurso decolonial en los afrodescendientes en Guayaquil\u201d, dirigido por Ana Carrillo; \u201cDeuda y dinero en la literatura ecuatoriana\u201d, dirigido por Fernando Montenegro; \u201cLaboratorio de improvisaci\u00f3n en danza e interdisciplinariedad\u201d, dirigido por Mar\u00eda Sol Rosero; y, \u201cEcolog\u00edas perform\u00e1ticas: pandemia, extractivismos y reinventivas emergentes\u201d, dirigido por Sara Baranzoni.<\/p>","protected":false},"excerpt":{"rendered":"<p>Impulsado por la Direcci\u00f3n de Pol\u00edticas de Investigaci\u00f3n en Artes, los pasados 23 y 24 de agosto se desarrollaron dos sesiones del Seminario Proyectos de Investigaci\u00f3n Financiados 2021-2022, un espacio de encuentro y reflexi\u00f3n para docentes y estudiantes UArtes para conocer los productos acad\u00e9micos y art\u00edsticos desarrollados. Una tercera sesi\u00f3n del seminario tendr\u00e1 lugar el 15 de septiembre.<\/p>","protected":false},"author":10,"featured_media":26638,"comment_status":"open","ping_status":"open","sticky":false,"template":"","format":"standard","meta":{"_acf_changed":false,"_uag_custom_page_level_css":"","_monsterinsights_skip_tracking":false,"_monsterinsights_sitenote_active":false,"_monsterinsights_sitenote_note":"","_monsterinsights_sitenote_category":0,"cybocfi_hide_featured_image":"","footnotes":""},"categories":[712,80,82,75,76,284],"tags":[740],"infouartes":[],"class_list":["post-26636","post","type-post","status-publish","format-standard","has-post-thumbnail","hentry","category-1a","category-academico","category-artes","category-docentes","category-estudiantes","category-investigacion","tag-seminario"],"acf":[],"yoast_head":"<!-- This site is optimized with the Yoast SEO plugin v27.4 - https:\/\/yoast.com\/product\/yoast-seo-wordpress\/ -->\n<title>Universidad de las Artes - Docentes investigadores de la UArtes exponen los resultados de sus indagaciones acad\u00e9micas y art\u00edsticas<\/title>\n<meta name=\"description\" content=\"Universidad de las Artes - Docentes investigadores de la UArtes exponen los resultados de sus indagaciones acad\u00e9micas y art\u00edsticas\" \/>\n<meta name=\"robots\" content=\"index, follow, max-snippet:-1, max-image-preview:large, max-video-preview:-1\" \/>\n<link rel=\"canonical\" href=\"https:\/\/www.uartes.edu.ec\/sitio\/fr\/blog\/2022\/08\/26\/docentes-investigadores-de-la-uartes-darana-conocer-los-resultados-de-sus-proyectos\/\" \/>\n<meta property=\"og:locale\" content=\"fr_FR\" \/>\n<meta property=\"og:type\" content=\"article\" \/>\n<meta property=\"og:title\" content=\"Universidad de las Artes - Docentes investigadores de la UArtes exponen los resultados de sus indagaciones acad\u00e9micas y art\u00edsticas\" \/>\n<meta property=\"og:description\" content=\"Universidad de las Artes - Docentes investigadores de la UArtes exponen los resultados de sus indagaciones acad\u00e9micas y art\u00edsticas\" \/>\n<meta property=\"og:url\" content=\"https:\/\/www.uartes.edu.ec\/sitio\/fr\/blog\/2022\/08\/26\/docentes-investigadores-de-la-uartes-darana-conocer-los-resultados-de-sus-proyectos\/\" \/>\n<meta property=\"og:site_name\" content=\"Universidad de las Artes\" \/>\n<meta property=\"article:publisher\" content=\"https:\/\/www.facebook.com\/uartesec\" \/>\n<meta property=\"article:published_time\" content=\"2022-08-26T16:10:00+00:00\" \/>\n<meta property=\"article:modified_time\" content=\"2024-07-04T16:23:09+00:00\" \/>\n<meta property=\"og:image\" content=\"https:\/\/www.uartes.edu.ec\/sitio\/wp-content\/uploads\/2022\/08\/seminario1-644x408.png\" \/>\n\t<meta property=\"og:image:width\" content=\"644\" \/>\n\t<meta property=\"og:image:height\" content=\"408\" \/>\n\t<meta property=\"og:image:type\" content=\"image\/png\" \/>\n<meta name=\"author\" content=\"ccortez\" \/>\n<meta name=\"twitter:card\" content=\"summary_large_image\" \/>\n<meta name=\"twitter:creator\" content=\"@uartesec\" \/>\n<meta name=\"twitter:site\" content=\"@uartesec\" \/>\n<meta name=\"twitter:label1\" content=\"\u00c9crit par\" \/>\n\t<meta name=\"twitter:data1\" content=\"ccortez\" \/>\n\t<meta name=\"twitter:label2\" content=\"Dur\u00e9e de lecture estim\u00e9e\" \/>\n\t<meta name=\"twitter:data2\" content=\"3 minutes\" \/>\n<script type=\"application\/ld+json\" class=\"yoast-schema-graph\">{\"@context\":\"https:\\\/\\\/schema.org\",\"@graph\":[{\"@type\":\"Article\",\"@id\":\"https:\\\/\\\/www.uartes.edu.ec\\\/sitio\\\/fr\\\/blog\\\/2022\\\/08\\\/26\\\/docentes-investigadores-de-la-uartes-darana-conocer-los-resultados-de-sus-proyectos\\\/#article\",\"isPartOf\":{\"@id\":\"https:\\\/\\\/www.uartes.edu.ec\\\/sitio\\\/fr\\\/blog\\\/2022\\\/08\\\/26\\\/docentes-investigadores-de-la-uartes-darana-conocer-los-resultados-de-sus-proyectos\\\/\"},\"author\":{\"name\":\"ccortez\",\"@id\":\"https:\\\/\\\/www.uartes.edu.ec\\\/sitio\\\/fr\\\/#\\\/schema\\\/person\\\/efa1b8275797664fd7f13a79ccc0b1f4\"},\"headline\":\"Docentes investigadores de la UArtes exponen los resultados de sus indagaciones acad\u00e9micas y art\u00edsticas\",\"datePublished\":\"2022-08-26T16:10:00+00:00\",\"dateModified\":\"2024-07-04T16:23:09+00:00\",\"mainEntityOfPage\":{\"@id\":\"https:\\\/\\\/www.uartes.edu.ec\\\/sitio\\\/fr\\\/blog\\\/2022\\\/08\\\/26\\\/docentes-investigadores-de-la-uartes-darana-conocer-los-resultados-de-sus-proyectos\\\/\"},\"wordCount\":591,\"commentCount\":0,\"publisher\":{\"@id\":\"https:\\\/\\\/www.uartes.edu.ec\\\/sitio\\\/fr\\\/#organization\"},\"image\":{\"@id\":\"https:\\\/\\\/www.uartes.edu.ec\\\/sitio\\\/fr\\\/blog\\\/2022\\\/08\\\/26\\\/docentes-investigadores-de-la-uartes-darana-conocer-los-resultados-de-sus-proyectos\\\/#primaryimage\"},\"thumbnailUrl\":\"https:\\\/\\\/www.uartes.edu.ec\\\/sitio\\\/wp-content\\\/uploads\\\/2022\\\/08\\\/seminario1.png\",\"keywords\":[\"seminario\"],\"articleSection\":[\"1A\",\"Acad\u00e9mico\",\"Artes\",\"Docentes\",\"Estudiantes\",\"Investigaci\u00f3n\"],\"inLanguage\":\"fr-FR\",\"potentialAction\":[{\"@type\":\"CommentAction\",\"name\":\"Comment\",\"target\":[\"https:\\\/\\\/www.uartes.edu.ec\\\/sitio\\\/fr\\\/blog\\\/2022\\\/08\\\/26\\\/docentes-investigadores-de-la-uartes-darana-conocer-los-resultados-de-sus-proyectos\\\/#respond\"]}]},{\"@type\":[\"WebPage\",\"ItemPage\"],\"@id\":\"https:\\\/\\\/www.uartes.edu.ec\\\/sitio\\\/fr\\\/blog\\\/2022\\\/08\\\/26\\\/docentes-investigadores-de-la-uartes-darana-conocer-los-resultados-de-sus-proyectos\\\/\",\"url\":\"https:\\\/\\\/www.uartes.edu.ec\\\/sitio\\\/fr\\\/blog\\\/2022\\\/08\\\/26\\\/docentes-investigadores-de-la-uartes-darana-conocer-los-resultados-de-sus-proyectos\\\/\",\"name\":\"Universidad de las Artes - Docentes investigadores de la UArtes exponen los resultados de sus indagaciones acad\u00e9micas y art\u00edsticas\",\"isPartOf\":{\"@id\":\"https:\\\/\\\/www.uartes.edu.ec\\\/sitio\\\/fr\\\/#website\"},\"primaryImageOfPage\":{\"@id\":\"https:\\\/\\\/www.uartes.edu.ec\\\/sitio\\\/fr\\\/blog\\\/2022\\\/08\\\/26\\\/docentes-investigadores-de-la-uartes-darana-conocer-los-resultados-de-sus-proyectos\\\/#primaryimage\"},\"image\":{\"@id\":\"https:\\\/\\\/www.uartes.edu.ec\\\/sitio\\\/fr\\\/blog\\\/2022\\\/08\\\/26\\\/docentes-investigadores-de-la-uartes-darana-conocer-los-resultados-de-sus-proyectos\\\/#primaryimage\"},\"thumbnailUrl\":\"https:\\\/\\\/www.uartes.edu.ec\\\/sitio\\\/wp-content\\\/uploads\\\/2022\\\/08\\\/seminario1.png\",\"datePublished\":\"2022-08-26T16:10:00+00:00\",\"dateModified\":\"2024-07-04T16:23:09+00:00\",\"description\":\"Universidad de las Artes - Docentes investigadores de la UArtes exponen los resultados de sus indagaciones acad\u00e9micas y art\u00edsticas\",\"breadcrumb\":{\"@id\":\"https:\\\/\\\/www.uartes.edu.ec\\\/sitio\\\/fr\\\/blog\\\/2022\\\/08\\\/26\\\/docentes-investigadores-de-la-uartes-darana-conocer-los-resultados-de-sus-proyectos\\\/#breadcrumb\"},\"inLanguage\":\"fr-FR\",\"potentialAction\":[{\"@type\":\"ReadAction\",\"target\":[\"https:\\\/\\\/www.uartes.edu.ec\\\/sitio\\\/fr\\\/blog\\\/2022\\\/08\\\/26\\\/docentes-investigadores-de-la-uartes-darana-conocer-los-resultados-de-sus-proyectos\\\/\"]}]},{\"@type\":\"ImageObject\",\"inLanguage\":\"fr-FR\",\"@id\":\"https:\\\/\\\/www.uartes.edu.ec\\\/sitio\\\/fr\\\/blog\\\/2022\\\/08\\\/26\\\/docentes-investigadores-de-la-uartes-darana-conocer-los-resultados-de-sus-proyectos\\\/#primaryimage\",\"url\":\"https:\\\/\\\/www.uartes.edu.ec\\\/sitio\\\/wp-content\\\/uploads\\\/2022\\\/08\\\/seminario1.png\",\"contentUrl\":\"https:\\\/\\\/www.uartes.edu.ec\\\/sitio\\\/wp-content\\\/uploads\\\/2022\\\/08\\\/seminario1.png\",\"width\":1746,\"height\":1106},{\"@type\":\"BreadcrumbList\",\"@id\":\"https:\\\/\\\/www.uartes.edu.ec\\\/sitio\\\/fr\\\/blog\\\/2022\\\/08\\\/26\\\/docentes-investigadores-de-la-uartes-darana-conocer-los-resultados-de-sus-proyectos\\\/#breadcrumb\",\"itemListElement\":[{\"@type\":\"ListItem\",\"position\":1,\"name\":\"Inicio\",\"item\":\"https:\\\/\\\/www.uartes.edu.ec\\\/sitio\\\/\"},{\"@type\":\"ListItem\",\"position\":2,\"name\":\"Docentes investigadores de la UArtes exponen los resultados de sus indagaciones acad\u00e9micas y art\u00edsticas\"}]},{\"@type\":\"WebSite\",\"@id\":\"https:\\\/\\\/www.uartes.edu.ec\\\/sitio\\\/fr\\\/#website\",\"url\":\"https:\\\/\\\/www.uartes.edu.ec\\\/sitio\\\/fr\\\/\",\"name\":\"Universidad de las Artes\",\"description\":\"Sitio oficial de la Universidad Nacional de las Artes del Ecuador\",\"publisher\":{\"@id\":\"https:\\\/\\\/www.uartes.edu.ec\\\/sitio\\\/fr\\\/#organization\"},\"potentialAction\":[{\"@type\":\"SearchAction\",\"target\":{\"@type\":\"EntryPoint\",\"urlTemplate\":\"https:\\\/\\\/www.uartes.edu.ec\\\/sitio\\\/fr\\\/?s={search_term_string}\"},\"query-input\":{\"@type\":\"PropertyValueSpecification\",\"valueRequired\":true,\"valueName\":\"search_term_string\"}}],\"inLanguage\":\"fr-FR\"},{\"@type\":\"Organization\",\"@id\":\"https:\\\/\\\/www.uartes.edu.ec\\\/sitio\\\/fr\\\/#organization\",\"name\":\"Universidad de las Artes\",\"url\":\"https:\\\/\\\/www.uartes.edu.ec\\\/sitio\\\/fr\\\/\",\"logo\":{\"@type\":\"ImageObject\",\"inLanguage\":\"fr-FR\",\"@id\":\"https:\\\/\\\/www.uartes.edu.ec\\\/sitio\\\/fr\\\/#\\\/schema\\\/logo\\\/image\\\/\",\"url\":\"https:\\\/\\\/www.uartes.edu.ec\\\/sitio\\\/wp-content\\\/uploads\\\/2022\\\/07\\\/logo-ua-horizontal.png\",\"contentUrl\":\"https:\\\/\\\/www.uartes.edu.ec\\\/sitio\\\/wp-content\\\/uploads\\\/2022\\\/07\\\/logo-ua-horizontal.png\",\"width\":800,\"height\":276,\"caption\":\"Universidad de las Artes\"},\"image\":{\"@id\":\"https:\\\/\\\/www.uartes.edu.ec\\\/sitio\\\/fr\\\/#\\\/schema\\\/logo\\\/image\\\/\"},\"sameAs\":[\"https:\\\/\\\/www.facebook.com\\\/uartesec\",\"https:\\\/\\\/x.com\\\/uartesec\",\"https:\\\/\\\/www.tiktok.com\\\/@uartesec\"]},{\"@type\":\"Person\",\"@id\":\"https:\\\/\\\/www.uartes.edu.ec\\\/sitio\\\/fr\\\/#\\\/schema\\\/person\\\/efa1b8275797664fd7f13a79ccc0b1f4\",\"name\":\"ccortez\",\"image\":{\"@type\":\"ImageObject\",\"inLanguage\":\"fr-FR\",\"@id\":\"https:\\\/\\\/secure.gravatar.com\\\/avatar\\\/b2a6f664a3ae8e074346ef91775736c5ec479e637ecced6842de9dc98b5da9cd?s=96&d=mm&r=g\",\"url\":\"https:\\\/\\\/secure.gravatar.com\\\/avatar\\\/b2a6f664a3ae8e074346ef91775736c5ec479e637ecced6842de9dc98b5da9cd?s=96&d=mm&r=g\",\"contentUrl\":\"https:\\\/\\\/secure.gravatar.com\\\/avatar\\\/b2a6f664a3ae8e074346ef91775736c5ec479e637ecced6842de9dc98b5da9cd?s=96&d=mm&r=g\",\"caption\":\"ccortez\"},\"url\":\"https:\\\/\\\/www.uartes.edu.ec\\\/sitio\\\/fr\\\/blog\\\/author\\\/ccortez\\\/\"}]}<\/script>\n<!-- \/ Yoast SEO plugin. -->","yoast_head_json":{"title":"Universidad de las Artes - Docentes investigadores de la UArtes exponen los resultados de sus indagaciones acad\u00e9micas y art\u00edsticas","description":"Universidad de las Artes - Docentes investigadores de la UArtes exponen los resultados de sus indagaciones acad\u00e9micas y art\u00edsticas","robots":{"index":"index","follow":"follow","max-snippet":"max-snippet:-1","max-image-preview":"max-image-preview:large","max-video-preview":"max-video-preview:-1"},"canonical":"https:\/\/www.uartes.edu.ec\/sitio\/fr\/blog\/2022\/08\/26\/docentes-investigadores-de-la-uartes-darana-conocer-los-resultados-de-sus-proyectos\/","og_locale":"fr_FR","og_type":"article","og_title":"Universidad de las Artes - Docentes investigadores de la UArtes exponen los resultados de sus indagaciones acad\u00e9micas y art\u00edsticas","og_description":"Universidad de las Artes - Docentes investigadores de la UArtes exponen los resultados de sus indagaciones acad\u00e9micas y art\u00edsticas","og_url":"https:\/\/www.uartes.edu.ec\/sitio\/fr\/blog\/2022\/08\/26\/docentes-investigadores-de-la-uartes-darana-conocer-los-resultados-de-sus-proyectos\/","og_site_name":"Universidad de las Artes","article_publisher":"https:\/\/www.facebook.com\/uartesec","article_published_time":"2022-08-26T16:10:00+00:00","article_modified_time":"2024-07-04T16:23:09+00:00","og_image":[{"width":644,"height":408,"url":"https:\/\/www.uartes.edu.ec\/sitio\/wp-content\/uploads\/2022\/08\/seminario1-644x408.png","type":"image\/png"}],"author":"ccortez","twitter_card":"summary_large_image","twitter_creator":"@uartesec","twitter_site":"@uartesec","twitter_misc":{"\u00c9crit par":"ccortez","Dur\u00e9e de lecture estim\u00e9e":"3 minutes"},"schema":{"@context":"https:\/\/schema.org","@graph":[{"@type":"Article","@id":"https:\/\/www.uartes.edu.ec\/sitio\/fr\/blog\/2022\/08\/26\/docentes-investigadores-de-la-uartes-darana-conocer-los-resultados-de-sus-proyectos\/#article","isPartOf":{"@id":"https:\/\/www.uartes.edu.ec\/sitio\/fr\/blog\/2022\/08\/26\/docentes-investigadores-de-la-uartes-darana-conocer-los-resultados-de-sus-proyectos\/"},"author":{"name":"ccortez","@id":"https:\/\/www.uartes.edu.ec\/sitio\/fr\/#\/schema\/person\/efa1b8275797664fd7f13a79ccc0b1f4"},"headline":"Docentes investigadores de la UArtes exponen los resultados de sus indagaciones acad\u00e9micas y art\u00edsticas","datePublished":"2022-08-26T16:10:00+00:00","dateModified":"2024-07-04T16:23:09+00:00","mainEntityOfPage":{"@id":"https:\/\/www.uartes.edu.ec\/sitio\/fr\/blog\/2022\/08\/26\/docentes-investigadores-de-la-uartes-darana-conocer-los-resultados-de-sus-proyectos\/"},"wordCount":591,"commentCount":0,"publisher":{"@id":"https:\/\/www.uartes.edu.ec\/sitio\/fr\/#organization"},"image":{"@id":"https:\/\/www.uartes.edu.ec\/sitio\/fr\/blog\/2022\/08\/26\/docentes-investigadores-de-la-uartes-darana-conocer-los-resultados-de-sus-proyectos\/#primaryimage"},"thumbnailUrl":"https:\/\/www.uartes.edu.ec\/sitio\/wp-content\/uploads\/2022\/08\/seminario1.png","keywords":["seminario"],"articleSection":["1A","Acad\u00e9mico","Artes","Docentes","Estudiantes","Investigaci\u00f3n"],"inLanguage":"fr-FR","potentialAction":[{"@type":"CommentAction","name":"Comment","target":["https:\/\/www.uartes.edu.ec\/sitio\/fr\/blog\/2022\/08\/26\/docentes-investigadores-de-la-uartes-darana-conocer-los-resultados-de-sus-proyectos\/#respond"]}]},{"@type":["WebPage","ItemPage"],"@id":"https:\/\/www.uartes.edu.ec\/sitio\/fr\/blog\/2022\/08\/26\/docentes-investigadores-de-la-uartes-darana-conocer-los-resultados-de-sus-proyectos\/","url":"https:\/\/www.uartes.edu.ec\/sitio\/fr\/blog\/2022\/08\/26\/docentes-investigadores-de-la-uartes-darana-conocer-los-resultados-de-sus-proyectos\/","name":"Universidad de las Artes - Docentes investigadores de la UArtes exponen los resultados de sus indagaciones acad\u00e9micas y art\u00edsticas","isPartOf":{"@id":"https:\/\/www.uartes.edu.ec\/sitio\/fr\/#website"},"primaryImageOfPage":{"@id":"https:\/\/www.uartes.edu.ec\/sitio\/fr\/blog\/2022\/08\/26\/docentes-investigadores-de-la-uartes-darana-conocer-los-resultados-de-sus-proyectos\/#primaryimage"},"image":{"@id":"https:\/\/www.uartes.edu.ec\/sitio\/fr\/blog\/2022\/08\/26\/docentes-investigadores-de-la-uartes-darana-conocer-los-resultados-de-sus-proyectos\/#primaryimage"},"thumbnailUrl":"https:\/\/www.uartes.edu.ec\/sitio\/wp-content\/uploads\/2022\/08\/seminario1.png","datePublished":"2022-08-26T16:10:00+00:00","dateModified":"2024-07-04T16:23:09+00:00","description":"Universidad de las Artes - Docentes investigadores de la UArtes exponen los resultados de sus indagaciones acad\u00e9micas y art\u00edsticas","breadcrumb":{"@id":"https:\/\/www.uartes.edu.ec\/sitio\/fr\/blog\/2022\/08\/26\/docentes-investigadores-de-la-uartes-darana-conocer-los-resultados-de-sus-proyectos\/#breadcrumb"},"inLanguage":"fr-FR","potentialAction":[{"@type":"ReadAction","target":["https:\/\/www.uartes.edu.ec\/sitio\/fr\/blog\/2022\/08\/26\/docentes-investigadores-de-la-uartes-darana-conocer-los-resultados-de-sus-proyectos\/"]}]},{"@type":"ImageObject","inLanguage":"fr-FR","@id":"https:\/\/www.uartes.edu.ec\/sitio\/fr\/blog\/2022\/08\/26\/docentes-investigadores-de-la-uartes-darana-conocer-los-resultados-de-sus-proyectos\/#primaryimage","url":"https:\/\/www.uartes.edu.ec\/sitio\/wp-content\/uploads\/2022\/08\/seminario1.png","contentUrl":"https:\/\/www.uartes.edu.ec\/sitio\/wp-content\/uploads\/2022\/08\/seminario1.png","width":1746,"height":1106},{"@type":"BreadcrumbList","@id":"https:\/\/www.uartes.edu.ec\/sitio\/fr\/blog\/2022\/08\/26\/docentes-investigadores-de-la-uartes-darana-conocer-los-resultados-de-sus-proyectos\/#breadcrumb","itemListElement":[{"@type":"ListItem","position":1,"name":"Inicio","item":"https:\/\/www.uartes.edu.ec\/sitio\/"},{"@type":"ListItem","position":2,"name":"Docentes investigadores de la UArtes exponen los resultados de sus indagaciones acad\u00e9micas y art\u00edsticas"}]},{"@type":"WebSite","@id":"https:\/\/www.uartes.edu.ec\/sitio\/fr\/#website","url":"https:\/\/www.uartes.edu.ec\/sitio\/fr\/","name":"Universidad de las Artes","description":"Sitio oficial de la Universidad Nacional de las Artes del Ecuador","publisher":{"@id":"https:\/\/www.uartes.edu.ec\/sitio\/fr\/#organization"},"potentialAction":[{"@type":"SearchAction","target":{"@type":"EntryPoint","urlTemplate":"https:\/\/www.uartes.edu.ec\/sitio\/fr\/?s={search_term_string}"},"query-input":{"@type":"PropertyValueSpecification","valueRequired":true,"valueName":"search_term_string"}}],"inLanguage":"fr-FR"},{"@type":"Organization","@id":"https:\/\/www.uartes.edu.ec\/sitio\/fr\/#organization","name":"Universidad de las Artes","url":"https:\/\/www.uartes.edu.ec\/sitio\/fr\/","logo":{"@type":"ImageObject","inLanguage":"fr-FR","@id":"https:\/\/www.uartes.edu.ec\/sitio\/fr\/#\/schema\/logo\/image\/","url":"https:\/\/www.uartes.edu.ec\/sitio\/wp-content\/uploads\/2022\/07\/logo-ua-horizontal.png","contentUrl":"https:\/\/www.uartes.edu.ec\/sitio\/wp-content\/uploads\/2022\/07\/logo-ua-horizontal.png","width":800,"height":276,"caption":"Universidad de las Artes"},"image":{"@id":"https:\/\/www.uartes.edu.ec\/sitio\/fr\/#\/schema\/logo\/image\/"},"sameAs":["https:\/\/www.facebook.com\/uartesec","https:\/\/x.com\/uartesec","https:\/\/www.tiktok.com\/@uartesec"]},{"@type":"Person","@id":"https:\/\/www.uartes.edu.ec\/sitio\/fr\/#\/schema\/person\/efa1b8275797664fd7f13a79ccc0b1f4","name":"ccortez","image":{"@type":"ImageObject","inLanguage":"fr-FR","@id":"https:\/\/secure.gravatar.com\/avatar\/b2a6f664a3ae8e074346ef91775736c5ec479e637ecced6842de9dc98b5da9cd?s=96&d=mm&r=g","url":"https:\/\/secure.gravatar.com\/avatar\/b2a6f664a3ae8e074346ef91775736c5ec479e637ecced6842de9dc98b5da9cd?s=96&d=mm&r=g","contentUrl":"https:\/\/secure.gravatar.com\/avatar\/b2a6f664a3ae8e074346ef91775736c5ec479e637ecced6842de9dc98b5da9cd?s=96&d=mm&r=g","caption":"ccortez"},"url":"https:\/\/www.uartes.edu.ec\/sitio\/fr\/blog\/author\/ccortez\/"}]}},"uagb_featured_image_src":{"full":["https:\/\/www.uartes.edu.ec\/sitio\/wp-content\/uploads\/2022\/08\/seminario1.png",1746,1106,false],"thumbnail":["https:\/\/www.uartes.edu.ec\/sitio\/wp-content\/uploads\/2022\/08\/seminario1-150x150.png",150,150,true],"medium":["https:\/\/www.uartes.edu.ec\/sitio\/wp-content\/uploads\/2022\/08\/seminario1-300x190.png",300,190,true],"medium_large":["https:\/\/www.uartes.edu.ec\/sitio\/wp-content\/uploads\/2022\/08\/seminario1-768x486.png",768,486,true],"large":["https:\/\/www.uartes.edu.ec\/sitio\/wp-content\/uploads\/2022\/08\/seminario1-644x408.png",644,408,true],"1536x1536":["https:\/\/www.uartes.edu.ec\/sitio\/wp-content\/uploads\/2022\/08\/seminario1-1536x973.png",1536,973,true],"2048x2048":["https:\/\/www.uartes.edu.ec\/sitio\/wp-content\/uploads\/2022\/08\/seminario1.png",1746,1106,false],"trp-custom-language-flag":["https:\/\/www.uartes.edu.ec\/sitio\/wp-content\/uploads\/2022\/08\/seminario1.png",18,12,false],"htmega_size_585x295":["https:\/\/www.uartes.edu.ec\/sitio\/wp-content\/uploads\/2022\/08\/seminario1.png",466,295,false],"htmega_size_1170x536":["https:\/\/www.uartes.edu.ec\/sitio\/wp-content\/uploads\/2022\/08\/seminario1.png",846,536,false],"htmega_size_396x360":["https:\/\/www.uartes.edu.ec\/sitio\/wp-content\/uploads\/2022\/08\/seminario1.png",396,251,false],"gb-block-post-grid-landscape":["https:\/\/www.uartes.edu.ec\/sitio\/wp-content\/uploads\/2022\/08\/seminario1-600x400.png",600,400,true],"gb-block-post-grid-square":["https:\/\/www.uartes.edu.ec\/sitio\/wp-content\/uploads\/2022\/08\/seminario1-600x600.png",600,600,true],"university-hub-thumb":["https:\/\/www.uartes.edu.ec\/sitio\/wp-content\/uploads\/2022\/08\/seminario1-400x253.png",400,253,true]},"uagb_author_info":{"display_name":"ccortez","author_link":"https:\/\/www.uartes.edu.ec\/sitio\/fr\/blog\/author\/ccortez\/"},"uagb_comment_info":0,"uagb_excerpt":"Impulsado por la Direcci\u00f3n de Pol\u00edticas de Investigaci\u00f3n en Artes, los pasados 23 y 24 de agosto se desarrollaron dos sesiones del Seminario Proyectos de Investigaci\u00f3n Financiados 2021-2022, un espacio de encuentro y reflexi\u00f3n para docentes y estudiantes UArtes para conocer los productos acad\u00e9micos y art\u00edsticos desarrollados. Una tercera sesi\u00f3n del seminario tendr\u00e1 lugar el\u2026","featured_image_src":"https:\/\/www.uartes.edu.ec\/sitio\/wp-content\/uploads\/2022\/08\/seminario1-600x400.png","featured_image_src_square":"https:\/\/www.uartes.edu.ec\/sitio\/wp-content\/uploads\/2022\/08\/seminario1-600x600.png","author_info":{"display_name":"ccortez","author_link":"https:\/\/www.uartes.edu.ec\/sitio\/fr\/blog\/author\/ccortez\/"},"publishpress_future_workflow_manual_trigger":{"enabledWorkflows":[]},"distributor_meta":false,"distributor_terms":false,"distributor_media":false,"distributor_original_site_name":"Universidad de las Artes","distributor_original_site_url":"https:\/\/www.uartes.edu.ec\/sitio\/fr","push-errors":false,"_links":{"self":[{"href":"https:\/\/www.uartes.edu.ec\/sitio\/fr\/wp-json\/wp\/v2\/posts\/26636","targetHints":{"allow":["GET"]}}],"collection":[{"href":"https:\/\/www.uartes.edu.ec\/sitio\/fr\/wp-json\/wp\/v2\/posts"}],"about":[{"href":"https:\/\/www.uartes.edu.ec\/sitio\/fr\/wp-json\/wp\/v2\/types\/post"}],"author":[{"embeddable":true,"href":"https:\/\/www.uartes.edu.ec\/sitio\/fr\/wp-json\/wp\/v2\/users\/10"}],"replies":[{"embeddable":true,"href":"https:\/\/www.uartes.edu.ec\/sitio\/fr\/wp-json\/wp\/v2\/comments?post=26636"}],"version-history":[{"count":12,"href":"https:\/\/www.uartes.edu.ec\/sitio\/fr\/wp-json\/wp\/v2\/posts\/26636\/revisions"}],"predecessor-version":[{"id":27021,"href":"https:\/\/www.uartes.edu.ec\/sitio\/fr\/wp-json\/wp\/v2\/posts\/26636\/revisions\/27021"}],"wp:featuredmedia":[{"embeddable":true,"href":"https:\/\/www.uartes.edu.ec\/sitio\/fr\/wp-json\/wp\/v2\/media\/26638"}],"wp:attachment":[{"href":"https:\/\/www.uartes.edu.ec\/sitio\/fr\/wp-json\/wp\/v2\/media?parent=26636"}],"wp:term":[{"taxonomy":"category","embeddable":true,"href":"https:\/\/www.uartes.edu.ec\/sitio\/fr\/wp-json\/wp\/v2\/categories?post=26636"},{"taxonomy":"post_tag","embeddable":true,"href":"https:\/\/www.uartes.edu.ec\/sitio\/fr\/wp-json\/wp\/v2\/tags?post=26636"},{"taxonomy":"infouartes","embeddable":true,"href":"https:\/\/www.uartes.edu.ec\/sitio\/fr\/wp-json\/wp\/v2\/infouartes?post=26636"}],"curies":[{"name":"wp","href":"https:\/\/api.w.org\/{rel}","templated":true}]}}