{"id":2669,"date":"2018-10-30T15:09:08","date_gmt":"2018-10-30T20:09:08","guid":{"rendered":"http:\/\/www.uartes.edu.ec\/sitio\/?p=2669"},"modified":"2024-07-04T11:53:43","modified_gmt":"2024-07-04T16:53:43","slug":"talleres-y-nuevas-obras-literarias-destacaron-en-feria-libre-libro","status":"publish","type":"post","link":"https:\/\/www.uartes.edu.ec\/sitio\/fr\/blog\/2018\/10\/30\/talleres-y-nuevas-obras-literarias-destacaron-en-feria-libre-libro\/","title":{"rendered":"Talleres y nuevas obras literarias destacaron en Feria Libre Libro"},"content":{"rendered":"<p>El cuarto Encuentro de Editores y Feria de libros\nindependientes \u201cLibre Libro 2018\u201d finaliz\u00f3 el s\u00e1bado 27 de octubre. Durante 5\nd\u00edas reuni\u00f3, 33 editoriales de 4 pa\u00edses.<\/p>\n\n\n\n<p>Igualmente, se dictaron 34 talleres con m\u00e1s de 30\nexpositores, quienes ofrecieron sus charlas a estudiantes de la UArtes y\np\u00fablico en general<\/p>\n\n\n\n<p>Juan\nMart\u00edn Cueva, director de la Escuela de Cine de la Universidad y Fernando\nMontenegro, director de UArtes ediciones, presentaron el segundo n\u00famero de\n\u201cFuera de Campo\u201d revista de cine, con secciones acad\u00e9micas y miscel\u00e1neas. <\/p>\n\n\n\n<p>Jos\u00e9\nHenrique, literato argentino, se refiri\u00f3 sobre \u201cEl tr\u00f3pico de Hegel\u201d de\nCristian Mitelman: \u201cAqu\u00ed el autor pudo entender todo el esp\u00edritu y la piel de\nHegel\u201d.\nTambi\u00e9n se\npresent\u00f3 \u201cPara comerte mejor\u201d de Giovanna Rivero, novelista boliviana. Rivero\nexpuso \u201cLa mujer que escribi\u00f3 Frankenstein\u201d de Ester Cross. \u201cEste contenido se\npublic\u00f3 en el 2013 y me llamo la atenci\u00f3n por ser una mezcla entre el registro\nhist\u00f3rico y la cr\u00f3nica; pero tambi\u00e9n sobre la intimidad de Mary Shelley\u201d.<\/p>\n\n\n\n<p>Sobre\nla \u201cLa hoguera huyente\u201d del ecuatoriano Abd\u00f3n Ubidia, Ra\u00fal Vallejo director de\nla Escuela de Literatura, resalt\u00f3: \u201cLa estrategia que utiliza Ubidia, es la de\ncontar los sucesos desde el punto de vista de un narrador testigo, el cual\nasiste a la proyecci\u00f3n de una pel\u00edcula, donde vemos el filme con sus ojos y de\nesta manera la narraci\u00f3n gana distanciamiento\u201d. <\/p>\n\n\n\n<p>Las\nescritoras Andrea Crespo, Liliana Colanzi y Cecilia Ansaldo concedieron\nm\u00faltiples conversatorios durante el evento de escritura y de edici\u00f3n.<\/p>\n\n\n\n<p>Ramiro\nNoriega, rector de la Universidad mostr\u00f3 el relato de Santiago Rosero \u201cEl\nfot\u00f3grafo de las tinieblas y otras cr\u00f3nicas de Par\u00eds\u201d, obra que recopila\nperfiles y cr\u00f3nicas del 2010 y 2017, espacio en el que Rosero permaneci\u00f3 en\ndicha ciudad. Posteriormente se expuso el texto \u201cNunca m\u00e1s Amarilis\u201d de Marcelo\nB\u00e1ez, obra con un trabajo de investigaci\u00f3n profundo y un sentido de humor\nhilarante, a trav\u00e9s de la cual se compone la\nbiograf\u00eda de M\u00e1rgara S\u00e1enz, poeta guayaquile\u00f1a, autora del poema \u201cDe Otra vez\nAmarilis\u201d, publicado en 1972.<\/p>\n\n\n\n<p>La\nnovelista ecuatoriana, Gabriela Alem\u00e1n, exhibi\u00f3 \u201cBestiario\u201d de C\u00e9sar D\u00e1vila\nAndrade y adem\u00e1s realiz\u00f3 la conferencia \u201cDe Monstruos y Fakires\u201d.<\/p>\n\n\n\n<p>Clara\nSharupi y Raquel Ant\u00fan (shuaras) y Dora Aguavil (ts\u00e1chila), expusieron lecturas\nde poes\u00eda ind\u00edgena. Asimismo, se dieron las exposiciones de \u201cLa canci\u00f3n sin\nretorno\u201d de Ileana Espinel, \u201cUn final para Benjamin Walter\u201d de Alex Chico;\nmientras, Jorge D\u00e1vila V\u00e1zquez procedi\u00f3 con un conversatorio sobre los \u201cCien\na\u00f1os de C\u00e9sar D\u00e1vila Andrade\u201d y el despliegue de la obra \u201cCumplea\u00f1os\u201d\nprotagonizada por Luciana Grassi.<\/p>\n\n\n\n<p>El\nFinal de la feria se dio con la presentaci\u00f3n del libro de Emilia Andrade \u201cEl\nnido infinito\u201d comentado por Maritza Cino y el taller con actividades para\nni\u00f1os \u201cPicnic de palabras\u201d de Emilia Andrade y Catalina Unigarro.<\/p>","protected":false},"excerpt":{"rendered":"<p>El cuarto Encuentro de Editores y Feria de libros independientes \u201cLibre Libro 2018\u201d finaliz\u00f3 el s\u00e1bado 27 de octubre. Durante 5 d\u00edas reuni\u00f3, 33 editoriales de 4 pa\u00edses. Igualmente, se dictaron 34 talleres con m\u00e1s de 30 expositores, quienes ofrecieron sus charlas a estudiantes de la UArtes y p\u00fablico en general Juan Mart\u00edn Cueva, director [&hellip;]<\/p>\n","protected":false},"author":1,"featured_media":2670,"comment_status":"closed","ping_status":"closed","sticky":false,"template":"","format":"standard","meta":{"_acf_changed":false,"_uag_custom_page_level_css":"","_monsterinsights_skip_tracking":false,"_monsterinsights_sitenote_active":false,"_monsterinsights_sitenote_note":"","_monsterinsights_sitenote_category":0,"cybocfi_hide_featured_image":"","footnotes":""},"categories":[82],"tags":[],"infouartes":[],"class_list":["post-2669","post","type-post","status-publish","format-standard","has-post-thumbnail","hentry","category-artes"],"acf":[],"yoast_head":"<!-- This site is optimized with the Yoast SEO plugin v27.4 - https:\/\/yoast.com\/product\/yoast-seo-wordpress\/ -->\n<title>Universidad de las Artes - Talleres y nuevas obras literarias destacaron en Feria Libre Libro<\/title>\n<meta name=\"description\" content=\"Universidad de las Artes - Talleres y nuevas obras literarias destacaron en Feria Libre Libro\" \/>\n<meta name=\"robots\" content=\"index, follow, max-snippet:-1, max-image-preview:large, max-video-preview:-1\" \/>\n<link rel=\"canonical\" href=\"https:\/\/www.uartes.edu.ec\/sitio\/fr\/blog\/2018\/10\/30\/talleres-y-nuevas-obras-literarias-destacaron-en-feria-libre-libro\/\" \/>\n<meta property=\"og:locale\" content=\"fr_FR\" \/>\n<meta property=\"og:type\" content=\"article\" \/>\n<meta property=\"og:title\" content=\"Universidad de las Artes - Talleres y nuevas obras literarias destacaron en Feria Libre Libro\" \/>\n<meta property=\"og:description\" content=\"Universidad de las Artes - Talleres y nuevas obras literarias destacaron en Feria Libre Libro\" \/>\n<meta property=\"og:url\" content=\"https:\/\/www.uartes.edu.ec\/sitio\/fr\/blog\/2018\/10\/30\/talleres-y-nuevas-obras-literarias-destacaron-en-feria-libre-libro\/\" \/>\n<meta property=\"og:site_name\" content=\"Universidad de las Artes\" \/>\n<meta property=\"article:publisher\" content=\"https:\/\/www.facebook.com\/uartesec\" \/>\n<meta property=\"article:published_time\" content=\"2018-10-30T20:09:08+00:00\" \/>\n<meta property=\"article:modified_time\" content=\"2024-07-04T16:53:43+00:00\" \/>\n<meta property=\"og:image\" content=\"https:\/\/www.uartes.edu.ec\/sitio\/wp-content\/uploads\/2018\/10\/Resumen-LibreLibro-scaled.jpg\" \/>\n\t<meta property=\"og:image:width\" content=\"4104\" \/>\n\t<meta property=\"og:image:height\" content=\"2413\" \/>\n\t<meta property=\"og:image:type\" content=\"image\/jpeg\" \/>\n<meta name=\"author\" content=\"Universidad de las Artes\" \/>\n<meta name=\"twitter:card\" content=\"summary_large_image\" \/>\n<meta name=\"twitter:creator\" content=\"@uartesec\" \/>\n<meta name=\"twitter:site\" content=\"@uartesec\" \/>\n<meta name=\"twitter:label1\" content=\"\u00c9crit par\" \/>\n\t<meta name=\"twitter:data1\" content=\"Universidad de las Artes\" \/>\n\t<meta name=\"twitter:label2\" content=\"Dur\u00e9e de lecture estim\u00e9e\" \/>\n\t<meta name=\"twitter:data2\" content=\"2 minutes\" \/>\n<script type=\"application\/ld+json\" class=\"yoast-schema-graph\">{\"@context\":\"https:\\\/\\\/schema.org\",\"@graph\":[{\"@type\":\"Article\",\"@id\":\"https:\\\/\\\/www.uartes.edu.ec\\\/sitio\\\/fr\\\/blog\\\/2018\\\/10\\\/30\\\/talleres-y-nuevas-obras-literarias-destacaron-en-feria-libre-libro\\\/#article\",\"isPartOf\":{\"@id\":\"https:\\\/\\\/www.uartes.edu.ec\\\/sitio\\\/fr\\\/blog\\\/2018\\\/10\\\/30\\\/talleres-y-nuevas-obras-literarias-destacaron-en-feria-libre-libro\\\/\"},\"author\":{\"name\":\"Universidad de las Artes\",\"@id\":\"https:\\\/\\\/www.uartes.edu.ec\\\/sitio\\\/fr\\\/#\\\/schema\\\/person\\\/f33f8c1d2af0d5c80a38c8abf458184a\"},\"headline\":\"Talleres y nuevas obras literarias destacaron en Feria Libre Libro\",\"datePublished\":\"2018-10-30T20:09:08+00:00\",\"dateModified\":\"2024-07-04T16:53:43+00:00\",\"mainEntityOfPage\":{\"@id\":\"https:\\\/\\\/www.uartes.edu.ec\\\/sitio\\\/fr\\\/blog\\\/2018\\\/10\\\/30\\\/talleres-y-nuevas-obras-literarias-destacaron-en-feria-libre-libro\\\/\"},\"wordCount\":508,\"publisher\":{\"@id\":\"https:\\\/\\\/www.uartes.edu.ec\\\/sitio\\\/fr\\\/#organization\"},\"image\":{\"@id\":\"https:\\\/\\\/www.uartes.edu.ec\\\/sitio\\\/fr\\\/blog\\\/2018\\\/10\\\/30\\\/talleres-y-nuevas-obras-literarias-destacaron-en-feria-libre-libro\\\/#primaryimage\"},\"thumbnailUrl\":\"https:\\\/\\\/www.uartes.edu.ec\\\/sitio\\\/wp-content\\\/uploads\\\/2018\\\/10\\\/Resumen-LibreLibro-scaled.jpg\",\"articleSection\":[\"Artes\"],\"inLanguage\":\"fr-FR\"},{\"@type\":[\"WebPage\",\"ItemPage\"],\"@id\":\"https:\\\/\\\/www.uartes.edu.ec\\\/sitio\\\/fr\\\/blog\\\/2018\\\/10\\\/30\\\/talleres-y-nuevas-obras-literarias-destacaron-en-feria-libre-libro\\\/\",\"url\":\"https:\\\/\\\/www.uartes.edu.ec\\\/sitio\\\/fr\\\/blog\\\/2018\\\/10\\\/30\\\/talleres-y-nuevas-obras-literarias-destacaron-en-feria-libre-libro\\\/\",\"name\":\"Universidad de las Artes - Talleres y nuevas obras literarias destacaron en Feria Libre Libro\",\"isPartOf\":{\"@id\":\"https:\\\/\\\/www.uartes.edu.ec\\\/sitio\\\/fr\\\/#website\"},\"primaryImageOfPage\":{\"@id\":\"https:\\\/\\\/www.uartes.edu.ec\\\/sitio\\\/fr\\\/blog\\\/2018\\\/10\\\/30\\\/talleres-y-nuevas-obras-literarias-destacaron-en-feria-libre-libro\\\/#primaryimage\"},\"image\":{\"@id\":\"https:\\\/\\\/www.uartes.edu.ec\\\/sitio\\\/fr\\\/blog\\\/2018\\\/10\\\/30\\\/talleres-y-nuevas-obras-literarias-destacaron-en-feria-libre-libro\\\/#primaryimage\"},\"thumbnailUrl\":\"https:\\\/\\\/www.uartes.edu.ec\\\/sitio\\\/wp-content\\\/uploads\\\/2018\\\/10\\\/Resumen-LibreLibro-scaled.jpg\",\"datePublished\":\"2018-10-30T20:09:08+00:00\",\"dateModified\":\"2024-07-04T16:53:43+00:00\",\"description\":\"Universidad de las Artes - Talleres y nuevas obras literarias destacaron en Feria Libre Libro\",\"breadcrumb\":{\"@id\":\"https:\\\/\\\/www.uartes.edu.ec\\\/sitio\\\/fr\\\/blog\\\/2018\\\/10\\\/30\\\/talleres-y-nuevas-obras-literarias-destacaron-en-feria-libre-libro\\\/#breadcrumb\"},\"inLanguage\":\"fr-FR\",\"potentialAction\":[{\"@type\":\"ReadAction\",\"target\":[\"https:\\\/\\\/www.uartes.edu.ec\\\/sitio\\\/fr\\\/blog\\\/2018\\\/10\\\/30\\\/talleres-y-nuevas-obras-literarias-destacaron-en-feria-libre-libro\\\/\"]}]},{\"@type\":\"ImageObject\",\"inLanguage\":\"fr-FR\",\"@id\":\"https:\\\/\\\/www.uartes.edu.ec\\\/sitio\\\/fr\\\/blog\\\/2018\\\/10\\\/30\\\/talleres-y-nuevas-obras-literarias-destacaron-en-feria-libre-libro\\\/#primaryimage\",\"url\":\"https:\\\/\\\/www.uartes.edu.ec\\\/sitio\\\/wp-content\\\/uploads\\\/2018\\\/10\\\/Resumen-LibreLibro-scaled.jpg\",\"contentUrl\":\"https:\\\/\\\/www.uartes.edu.ec\\\/sitio\\\/wp-content\\\/uploads\\\/2018\\\/10\\\/Resumen-LibreLibro-scaled.jpg\",\"width\":4104,\"height\":2413},{\"@type\":\"BreadcrumbList\",\"@id\":\"https:\\\/\\\/www.uartes.edu.ec\\\/sitio\\\/fr\\\/blog\\\/2018\\\/10\\\/30\\\/talleres-y-nuevas-obras-literarias-destacaron-en-feria-libre-libro\\\/#breadcrumb\",\"itemListElement\":[{\"@type\":\"ListItem\",\"position\":1,\"name\":\"Inicio\",\"item\":\"https:\\\/\\\/www.uartes.edu.ec\\\/sitio\\\/\"},{\"@type\":\"ListItem\",\"position\":2,\"name\":\"Talleres y nuevas obras literarias destacaron en Feria Libre Libro\"}]},{\"@type\":\"WebSite\",\"@id\":\"https:\\\/\\\/www.uartes.edu.ec\\\/sitio\\\/fr\\\/#website\",\"url\":\"https:\\\/\\\/www.uartes.edu.ec\\\/sitio\\\/fr\\\/\",\"name\":\"Universidad de las Artes\",\"description\":\"Sitio oficial de la Universidad Nacional de las Artes del Ecuador\",\"publisher\":{\"@id\":\"https:\\\/\\\/www.uartes.edu.ec\\\/sitio\\\/fr\\\/#organization\"},\"potentialAction\":[{\"@type\":\"SearchAction\",\"target\":{\"@type\":\"EntryPoint\",\"urlTemplate\":\"https:\\\/\\\/www.uartes.edu.ec\\\/sitio\\\/fr\\\/?s={search_term_string}\"},\"query-input\":{\"@type\":\"PropertyValueSpecification\",\"valueRequired\":true,\"valueName\":\"search_term_string\"}}],\"inLanguage\":\"fr-FR\"},{\"@type\":\"Organization\",\"@id\":\"https:\\\/\\\/www.uartes.edu.ec\\\/sitio\\\/fr\\\/#organization\",\"name\":\"Universidad de las Artes\",\"url\":\"https:\\\/\\\/www.uartes.edu.ec\\\/sitio\\\/fr\\\/\",\"logo\":{\"@type\":\"ImageObject\",\"inLanguage\":\"fr-FR\",\"@id\":\"https:\\\/\\\/www.uartes.edu.ec\\\/sitio\\\/fr\\\/#\\\/schema\\\/logo\\\/image\\\/\",\"url\":\"https:\\\/\\\/www.uartes.edu.ec\\\/sitio\\\/wp-content\\\/uploads\\\/2022\\\/07\\\/logo-ua-horizontal.png\",\"contentUrl\":\"https:\\\/\\\/www.uartes.edu.ec\\\/sitio\\\/wp-content\\\/uploads\\\/2022\\\/07\\\/logo-ua-horizontal.png\",\"width\":800,\"height\":276,\"caption\":\"Universidad de las Artes\"},\"image\":{\"@id\":\"https:\\\/\\\/www.uartes.edu.ec\\\/sitio\\\/fr\\\/#\\\/schema\\\/logo\\\/image\\\/\"},\"sameAs\":[\"https:\\\/\\\/www.facebook.com\\\/uartesec\",\"https:\\\/\\\/x.com\\\/uartesec\",\"https:\\\/\\\/www.tiktok.com\\\/@uartesec\"]},{\"@type\":\"Person\",\"@id\":\"https:\\\/\\\/www.uartes.edu.ec\\\/sitio\\\/fr\\\/#\\\/schema\\\/person\\\/f33f8c1d2af0d5c80a38c8abf458184a\",\"name\":\"Universidad de las Artes\",\"image\":{\"@type\":\"ImageObject\",\"inLanguage\":\"fr-FR\",\"@id\":\"https:\\\/\\\/secure.gravatar.com\\\/avatar\\\/52e4757902f5cfa5ac52d020e5be83cae5487519154b6c35482fe08d589f3c13?s=96&d=mm&r=g\",\"url\":\"https:\\\/\\\/secure.gravatar.com\\\/avatar\\\/52e4757902f5cfa5ac52d020e5be83cae5487519154b6c35482fe08d589f3c13?s=96&d=mm&r=g\",\"contentUrl\":\"https:\\\/\\\/secure.gravatar.com\\\/avatar\\\/52e4757902f5cfa5ac52d020e5be83cae5487519154b6c35482fe08d589f3c13?s=96&d=mm&r=g\",\"caption\":\"Universidad de las Artes\"},\"url\":\"https:\\\/\\\/www.uartes.edu.ec\\\/sitio\\\/fr\\\/blog\\\/author\\\/dircomadm\\\/\"}]}<\/script>\n<!-- \/ Yoast SEO plugin. -->","yoast_head_json":{"title":"Universidad de las Artes - Talleres y nuevas obras literarias destacaron en Feria Libre Libro","description":"Universidad de las Artes - Talleres y nuevas obras literarias destacaron en Feria Libre Libro","robots":{"index":"index","follow":"follow","max-snippet":"max-snippet:-1","max-image-preview":"max-image-preview:large","max-video-preview":"max-video-preview:-1"},"canonical":"https:\/\/www.uartes.edu.ec\/sitio\/fr\/blog\/2018\/10\/30\/talleres-y-nuevas-obras-literarias-destacaron-en-feria-libre-libro\/","og_locale":"fr_FR","og_type":"article","og_title":"Universidad de las Artes - Talleres y nuevas obras literarias destacaron en Feria Libre Libro","og_description":"Universidad de las Artes - Talleres y nuevas obras literarias destacaron en Feria Libre Libro","og_url":"https:\/\/www.uartes.edu.ec\/sitio\/fr\/blog\/2018\/10\/30\/talleres-y-nuevas-obras-literarias-destacaron-en-feria-libre-libro\/","og_site_name":"Universidad de las Artes","article_publisher":"https:\/\/www.facebook.com\/uartesec","article_published_time":"2018-10-30T20:09:08+00:00","article_modified_time":"2024-07-04T16:53:43+00:00","og_image":[{"width":4104,"height":2413,"url":"https:\/\/www.uartes.edu.ec\/sitio\/wp-content\/uploads\/2018\/10\/Resumen-LibreLibro-scaled.jpg","type":"image\/jpeg"}],"author":"Universidad de las Artes","twitter_card":"summary_large_image","twitter_creator":"@uartesec","twitter_site":"@uartesec","twitter_misc":{"\u00c9crit par":"Universidad de las Artes","Dur\u00e9e de lecture estim\u00e9e":"2 minutes"},"schema":{"@context":"https:\/\/schema.org","@graph":[{"@type":"Article","@id":"https:\/\/www.uartes.edu.ec\/sitio\/fr\/blog\/2018\/10\/30\/talleres-y-nuevas-obras-literarias-destacaron-en-feria-libre-libro\/#article","isPartOf":{"@id":"https:\/\/www.uartes.edu.ec\/sitio\/fr\/blog\/2018\/10\/30\/talleres-y-nuevas-obras-literarias-destacaron-en-feria-libre-libro\/"},"author":{"name":"Universidad de las Artes","@id":"https:\/\/www.uartes.edu.ec\/sitio\/fr\/#\/schema\/person\/f33f8c1d2af0d5c80a38c8abf458184a"},"headline":"Talleres y nuevas obras literarias destacaron en Feria Libre Libro","datePublished":"2018-10-30T20:09:08+00:00","dateModified":"2024-07-04T16:53:43+00:00","mainEntityOfPage":{"@id":"https:\/\/www.uartes.edu.ec\/sitio\/fr\/blog\/2018\/10\/30\/talleres-y-nuevas-obras-literarias-destacaron-en-feria-libre-libro\/"},"wordCount":508,"publisher":{"@id":"https:\/\/www.uartes.edu.ec\/sitio\/fr\/#organization"},"image":{"@id":"https:\/\/www.uartes.edu.ec\/sitio\/fr\/blog\/2018\/10\/30\/talleres-y-nuevas-obras-literarias-destacaron-en-feria-libre-libro\/#primaryimage"},"thumbnailUrl":"https:\/\/www.uartes.edu.ec\/sitio\/wp-content\/uploads\/2018\/10\/Resumen-LibreLibro-scaled.jpg","articleSection":["Artes"],"inLanguage":"fr-FR"},{"@type":["WebPage","ItemPage"],"@id":"https:\/\/www.uartes.edu.ec\/sitio\/fr\/blog\/2018\/10\/30\/talleres-y-nuevas-obras-literarias-destacaron-en-feria-libre-libro\/","url":"https:\/\/www.uartes.edu.ec\/sitio\/fr\/blog\/2018\/10\/30\/talleres-y-nuevas-obras-literarias-destacaron-en-feria-libre-libro\/","name":"Universidad de las Artes - Talleres y nuevas obras literarias destacaron en Feria Libre Libro","isPartOf":{"@id":"https:\/\/www.uartes.edu.ec\/sitio\/fr\/#website"},"primaryImageOfPage":{"@id":"https:\/\/www.uartes.edu.ec\/sitio\/fr\/blog\/2018\/10\/30\/talleres-y-nuevas-obras-literarias-destacaron-en-feria-libre-libro\/#primaryimage"},"image":{"@id":"https:\/\/www.uartes.edu.ec\/sitio\/fr\/blog\/2018\/10\/30\/talleres-y-nuevas-obras-literarias-destacaron-en-feria-libre-libro\/#primaryimage"},"thumbnailUrl":"https:\/\/www.uartes.edu.ec\/sitio\/wp-content\/uploads\/2018\/10\/Resumen-LibreLibro-scaled.jpg","datePublished":"2018-10-30T20:09:08+00:00","dateModified":"2024-07-04T16:53:43+00:00","description":"Universidad de las Artes - Talleres y nuevas obras literarias destacaron en Feria Libre Libro","breadcrumb":{"@id":"https:\/\/www.uartes.edu.ec\/sitio\/fr\/blog\/2018\/10\/30\/talleres-y-nuevas-obras-literarias-destacaron-en-feria-libre-libro\/#breadcrumb"},"inLanguage":"fr-FR","potentialAction":[{"@type":"ReadAction","target":["https:\/\/www.uartes.edu.ec\/sitio\/fr\/blog\/2018\/10\/30\/talleres-y-nuevas-obras-literarias-destacaron-en-feria-libre-libro\/"]}]},{"@type":"ImageObject","inLanguage":"fr-FR","@id":"https:\/\/www.uartes.edu.ec\/sitio\/fr\/blog\/2018\/10\/30\/talleres-y-nuevas-obras-literarias-destacaron-en-feria-libre-libro\/#primaryimage","url":"https:\/\/www.uartes.edu.ec\/sitio\/wp-content\/uploads\/2018\/10\/Resumen-LibreLibro-scaled.jpg","contentUrl":"https:\/\/www.uartes.edu.ec\/sitio\/wp-content\/uploads\/2018\/10\/Resumen-LibreLibro-scaled.jpg","width":4104,"height":2413},{"@type":"BreadcrumbList","@id":"https:\/\/www.uartes.edu.ec\/sitio\/fr\/blog\/2018\/10\/30\/talleres-y-nuevas-obras-literarias-destacaron-en-feria-libre-libro\/#breadcrumb","itemListElement":[{"@type":"ListItem","position":1,"name":"Inicio","item":"https:\/\/www.uartes.edu.ec\/sitio\/"},{"@type":"ListItem","position":2,"name":"Talleres y nuevas obras literarias destacaron en Feria Libre Libro"}]},{"@type":"WebSite","@id":"https:\/\/www.uartes.edu.ec\/sitio\/fr\/#website","url":"https:\/\/www.uartes.edu.ec\/sitio\/fr\/","name":"Universidad de las Artes","description":"Sitio oficial de la Universidad Nacional de las Artes del Ecuador","publisher":{"@id":"https:\/\/www.uartes.edu.ec\/sitio\/fr\/#organization"},"potentialAction":[{"@type":"SearchAction","target":{"@type":"EntryPoint","urlTemplate":"https:\/\/www.uartes.edu.ec\/sitio\/fr\/?s={search_term_string}"},"query-input":{"@type":"PropertyValueSpecification","valueRequired":true,"valueName":"search_term_string"}}],"inLanguage":"fr-FR"},{"@type":"Organization","@id":"https:\/\/www.uartes.edu.ec\/sitio\/fr\/#organization","name":"Universidad de las Artes","url":"https:\/\/www.uartes.edu.ec\/sitio\/fr\/","logo":{"@type":"ImageObject","inLanguage":"fr-FR","@id":"https:\/\/www.uartes.edu.ec\/sitio\/fr\/#\/schema\/logo\/image\/","url":"https:\/\/www.uartes.edu.ec\/sitio\/wp-content\/uploads\/2022\/07\/logo-ua-horizontal.png","contentUrl":"https:\/\/www.uartes.edu.ec\/sitio\/wp-content\/uploads\/2022\/07\/logo-ua-horizontal.png","width":800,"height":276,"caption":"Universidad de las Artes"},"image":{"@id":"https:\/\/www.uartes.edu.ec\/sitio\/fr\/#\/schema\/logo\/image\/"},"sameAs":["https:\/\/www.facebook.com\/uartesec","https:\/\/x.com\/uartesec","https:\/\/www.tiktok.com\/@uartesec"]},{"@type":"Person","@id":"https:\/\/www.uartes.edu.ec\/sitio\/fr\/#\/schema\/person\/f33f8c1d2af0d5c80a38c8abf458184a","name":"Universidad de las Artes","image":{"@type":"ImageObject","inLanguage":"fr-FR","@id":"https:\/\/secure.gravatar.com\/avatar\/52e4757902f5cfa5ac52d020e5be83cae5487519154b6c35482fe08d589f3c13?s=96&d=mm&r=g","url":"https:\/\/secure.gravatar.com\/avatar\/52e4757902f5cfa5ac52d020e5be83cae5487519154b6c35482fe08d589f3c13?s=96&d=mm&r=g","contentUrl":"https:\/\/secure.gravatar.com\/avatar\/52e4757902f5cfa5ac52d020e5be83cae5487519154b6c35482fe08d589f3c13?s=96&d=mm&r=g","caption":"Universidad de las Artes"},"url":"https:\/\/www.uartes.edu.ec\/sitio\/fr\/blog\/author\/dircomadm\/"}]}},"uagb_featured_image_src":{"full":["https:\/\/www.uartes.edu.ec\/sitio\/wp-content\/uploads\/2018\/10\/Resumen-LibreLibro-scaled.jpg",4104,2413,false],"thumbnail":["https:\/\/www.uartes.edu.ec\/sitio\/wp-content\/uploads\/2018\/10\/Resumen-LibreLibro-150x150.jpg",150,150,true],"medium":["https:\/\/www.uartes.edu.ec\/sitio\/wp-content\/uploads\/2018\/10\/Resumen-LibreLibro-300x176.jpg",300,176,true],"medium_large":["https:\/\/www.uartes.edu.ec\/sitio\/wp-content\/uploads\/2018\/10\/Resumen-LibreLibro-768x452.jpg",768,452,true],"large":["https:\/\/www.uartes.edu.ec\/sitio\/wp-content\/uploads\/2018\/10\/Resumen-LibreLibro-1024x602.jpg",644,379,true],"1536x1536":["https:\/\/www.uartes.edu.ec\/sitio\/wp-content\/uploads\/2018\/10\/Resumen-LibreLibro-scaled.jpg",1536,903,false],"2048x2048":["https:\/\/www.uartes.edu.ec\/sitio\/wp-content\/uploads\/2018\/10\/Resumen-LibreLibro-scaled.jpg",2048,1204,false],"trp-custom-language-flag":["https:\/\/www.uartes.edu.ec\/sitio\/wp-content\/uploads\/2018\/10\/Resumen-LibreLibro-scaled.jpg",18,12,false],"htmega_size_585x295":["https:\/\/www.uartes.edu.ec\/sitio\/wp-content\/uploads\/2018\/10\/Resumen-LibreLibro-scaled.jpg",502,295,false],"htmega_size_1170x536":["https:\/\/www.uartes.edu.ec\/sitio\/wp-content\/uploads\/2018\/10\/Resumen-LibreLibro-scaled.jpg",912,536,false],"htmega_size_396x360":["https:\/\/www.uartes.edu.ec\/sitio\/wp-content\/uploads\/2018\/10\/Resumen-LibreLibro-scaled.jpg",396,233,false],"gb-block-post-grid-landscape":["https:\/\/www.uartes.edu.ec\/sitio\/wp-content\/uploads\/2018\/10\/Resumen-LibreLibro-scaled.jpg",600,353,false],"gb-block-post-grid-square":["https:\/\/www.uartes.edu.ec\/sitio\/wp-content\/uploads\/2018\/10\/Resumen-LibreLibro-scaled.jpg",600,353,false],"university-hub-thumb":["https:\/\/www.uartes.edu.ec\/sitio\/wp-content\/uploads\/2018\/10\/Resumen-LibreLibro-scaled.jpg",400,235,false]},"uagb_author_info":{"display_name":"Universidad de las Artes","author_link":"https:\/\/www.uartes.edu.ec\/sitio\/fr\/blog\/author\/dircomadm\/"},"uagb_comment_info":0,"uagb_excerpt":"El cuarto Encuentro de Editores y Feria de libros independientes \u201cLibre Libro 2018\u201d finaliz\u00f3 el s\u00e1bado 27 de octubre. Durante 5 d\u00edas reuni\u00f3, 33 editoriales de 4 pa\u00edses. Igualmente, se dictaron 34 talleres con m\u00e1s de 30 expositores, quienes ofrecieron sus charlas a estudiantes de la UArtes y p\u00fablico en general Juan Mart\u00edn Cueva, director\u2026","featured_image_src":"https:\/\/www.uartes.edu.ec\/sitio\/wp-content\/uploads\/2018\/10\/Resumen-LibreLibro-scaled.jpg","featured_image_src_square":"https:\/\/www.uartes.edu.ec\/sitio\/wp-content\/uploads\/2018\/10\/Resumen-LibreLibro-scaled.jpg","author_info":{"display_name":"Universidad de las Artes","author_link":"https:\/\/www.uartes.edu.ec\/sitio\/fr\/blog\/author\/dircomadm\/"},"publishpress_future_workflow_manual_trigger":{"enabledWorkflows":[]},"distributor_meta":false,"distributor_terms":false,"distributor_media":false,"distributor_original_site_name":"Universidad de las Artes","distributor_original_site_url":"https:\/\/www.uartes.edu.ec\/sitio\/fr","push-errors":false,"_links":{"self":[{"href":"https:\/\/www.uartes.edu.ec\/sitio\/fr\/wp-json\/wp\/v2\/posts\/2669","targetHints":{"allow":["GET"]}}],"collection":[{"href":"https:\/\/www.uartes.edu.ec\/sitio\/fr\/wp-json\/wp\/v2\/posts"}],"about":[{"href":"https:\/\/www.uartes.edu.ec\/sitio\/fr\/wp-json\/wp\/v2\/types\/post"}],"author":[{"embeddable":true,"href":"https:\/\/www.uartes.edu.ec\/sitio\/fr\/wp-json\/wp\/v2\/users\/1"}],"replies":[{"embeddable":true,"href":"https:\/\/www.uartes.edu.ec\/sitio\/fr\/wp-json\/wp\/v2\/comments?post=2669"}],"version-history":[{"count":1,"href":"https:\/\/www.uartes.edu.ec\/sitio\/fr\/wp-json\/wp\/v2\/posts\/2669\/revisions"}],"predecessor-version":[{"id":2671,"href":"https:\/\/www.uartes.edu.ec\/sitio\/fr\/wp-json\/wp\/v2\/posts\/2669\/revisions\/2671"}],"wp:featuredmedia":[{"embeddable":true,"href":"https:\/\/www.uartes.edu.ec\/sitio\/fr\/wp-json\/wp\/v2\/media\/2670"}],"wp:attachment":[{"href":"https:\/\/www.uartes.edu.ec\/sitio\/fr\/wp-json\/wp\/v2\/media?parent=2669"}],"wp:term":[{"taxonomy":"category","embeddable":true,"href":"https:\/\/www.uartes.edu.ec\/sitio\/fr\/wp-json\/wp\/v2\/categories?post=2669"},{"taxonomy":"post_tag","embeddable":true,"href":"https:\/\/www.uartes.edu.ec\/sitio\/fr\/wp-json\/wp\/v2\/tags?post=2669"},{"taxonomy":"infouartes","embeddable":true,"href":"https:\/\/www.uartes.edu.ec\/sitio\/fr\/wp-json\/wp\/v2\/infouartes?post=2669"}],"curies":[{"name":"wp","href":"https:\/\/api.w.org\/{rel}","templated":true}]}}