{"id":2672,"date":"2018-10-31T09:22:39","date_gmt":"2018-10-31T14:22:39","guid":{"rendered":"http:\/\/www.uartes.edu.ec\/sitio\/?p=2672"},"modified":"2024-07-04T11:53:43","modified_gmt":"2024-07-04T16:53:43","slug":"firma-de-convenios-internacionales-favoreceran-a-la-universidad-de-las-artes","status":"publish","type":"post","link":"https:\/\/www.uartes.edu.ec\/sitio\/fr\/blog\/2018\/10\/31\/firma-de-convenios-internacionales-favoreceran-a-la-universidad-de-las-artes\/","title":{"rendered":"Firma de convenios internacionales favorecer\u00e1n a estudiantes y docentes de la Universidad de las Artes"},"content":{"rendered":"<p>Ramiro\nNoriega, rector de la Universidad mantuvo reuniones de trabajo en Par\u00eds, junto\na representantes del \u201c<a href=\"http:\/\/www.cnam.eu\/\">Conservatoire\nnational des&nbsp;arts et m\u00e9tiers<\/a>\u201d\n(CNAM), donde se concert\u00f3 sobre la certificaci\u00f3n de profesiones art\u00edsticas y el\ndesarrollo de una maestr\u00eda con doble titulaci\u00f3n. Tambi\u00e9n, recorri\u00f3 las\ninstalaciones de la Filarm\u00f3nica de Par\u00eds, donde se lleva a cabo el proyecto\n\u201cDispositif d\u2019\u00e9ducation musicale et orchestrale \u00e0 vocation sociale\u201d (DEMOS),\ndedicado a la educaci\u00f3n colectiva de m\u00fasica cl\u00e1sica, dirigido a ni\u00f1os con\ndificultades econ\u00f3micas o sociales. En este espacio se trat\u00f3 acerca de la\nvisita de un docente de nuestra instituci\u00f3n a Francia y la asistencia del\npersonal de DEMOS a la UArtes, para impulsar dicho esquema en Ecuador. <\/p>\n\n\n\n<p>As\u00ed\nmismo, se lleg\u00f3 a importantes acuerdos en Bilbao con representantes de Bulegoa (Oficina de arte y conocimiento), Bilbao Arte, y la Universidad del Pa\u00eds\nVasco; adem\u00e1s, se formalizaron las cooperaciones con Azkuna Zentroa y con la\nFacultad de Bellas Artes de la U. del Pa\u00eds Vasco, para residencias art\u00edsticas y\ntem\u00e1ticas acad\u00e9micas, respectivamente. Se pact\u00f3, igualmente, la adhesi\u00f3n de\nBulegoa a la red ILIA con base a sus lineamientos de investigaci\u00f3n cultural.<\/p>","protected":false},"excerpt":{"rendered":"<p>Ramiro Noriega, rector de la Universidad mantuvo reuniones de trabajo en Par\u00eds, junto a representantes del \u201cConservatoire national des&nbsp;arts et m\u00e9tiers\u201d (CNAM), donde se concert\u00f3 sobre la certificaci\u00f3n de profesiones art\u00edsticas y el desarrollo de una maestr\u00eda con doble titulaci\u00f3n. Tambi\u00e9n, recorri\u00f3 las instalaciones de la Filarm\u00f3nica de Par\u00eds, donde se lleva a cabo el [&hellip;]<\/p>\n","protected":false},"author":1,"featured_media":2673,"comment_status":"closed","ping_status":"closed","sticky":false,"template":"","format":"standard","meta":{"_acf_changed":false,"_uag_custom_page_level_css":"","_monsterinsights_skip_tracking":false,"_monsterinsights_sitenote_active":false,"_monsterinsights_sitenote_note":"","_monsterinsights_sitenote_category":0,"cybocfi_hide_featured_image":"","footnotes":""},"categories":[77,84],"tags":[],"infouartes":[],"class_list":["post-2672","post","type-post","status-publish","format-standard","has-post-thumbnail","hentry","category-gestion","category-rectorado"],"acf":[],"yoast_head":"<!-- This site is optimized with the Yoast SEO plugin v27.4 - https:\/\/yoast.com\/product\/yoast-seo-wordpress\/ -->\n<title>Universidad de las Artes - Firma de convenios internacionales favorecer\u00e1n a estudiantes y docentes de la Universidad de las Artes<\/title>\n<meta name=\"description\" content=\"Universidad de las Artes - Firma de convenios internacionales favorecer\u00e1n a estudiantes y docentes de la Universidad de las Artes\" \/>\n<meta name=\"robots\" content=\"index, follow, max-snippet:-1, max-image-preview:large, max-video-preview:-1\" \/>\n<link rel=\"canonical\" href=\"https:\/\/www.uartes.edu.ec\/sitio\/fr\/blog\/2018\/10\/31\/firma-de-convenios-internacionales-favoreceran-a-la-universidad-de-las-artes\/\" \/>\n<meta property=\"og:locale\" content=\"fr_FR\" \/>\n<meta property=\"og:type\" content=\"article\" \/>\n<meta property=\"og:title\" content=\"Universidad de las Artes - Firma de convenios internacionales favorecer\u00e1n a estudiantes y docentes de la Universidad de las Artes\" \/>\n<meta property=\"og:description\" content=\"Universidad de las Artes - Firma de convenios internacionales favorecer\u00e1n a estudiantes y docentes de la Universidad de las Artes\" \/>\n<meta property=\"og:url\" content=\"https:\/\/www.uartes.edu.ec\/sitio\/fr\/blog\/2018\/10\/31\/firma-de-convenios-internacionales-favoreceran-a-la-universidad-de-las-artes\/\" \/>\n<meta property=\"og:site_name\" content=\"Universidad de las Artes\" \/>\n<meta property=\"article:publisher\" content=\"https:\/\/www.facebook.com\/uartesec\" \/>\n<meta property=\"article:published_time\" content=\"2018-10-31T14:22:39+00:00\" \/>\n<meta property=\"article:modified_time\" content=\"2024-07-04T16:53:43+00:00\" \/>\n<meta property=\"og:image\" content=\"https:\/\/www.uartes.edu.ec\/sitio\/wp-content\/uploads\/2018\/10\/Ramiro-Noriega-Rector-UArtes-scaled.jpg\" \/>\n\t<meta property=\"og:image:width\" content=\"2736\" \/>\n\t<meta property=\"og:image:height\" content=\"1536\" \/>\n\t<meta property=\"og:image:type\" content=\"image\/jpeg\" \/>\n<meta name=\"author\" content=\"Universidad de las Artes\" \/>\n<meta name=\"twitter:card\" content=\"summary_large_image\" \/>\n<meta name=\"twitter:creator\" content=\"@uartesec\" \/>\n<meta name=\"twitter:site\" content=\"@uartesec\" \/>\n<meta name=\"twitter:label1\" content=\"\u00c9crit par\" \/>\n\t<meta name=\"twitter:data1\" content=\"Universidad de las Artes\" \/>\n\t<meta name=\"twitter:label2\" content=\"Dur\u00e9e de lecture estim\u00e9e\" \/>\n\t<meta name=\"twitter:data2\" content=\"1 minute\" \/>\n<script type=\"application\/ld+json\" class=\"yoast-schema-graph\">{\"@context\":\"https:\\\/\\\/schema.org\",\"@graph\":[{\"@type\":\"Article\",\"@id\":\"https:\\\/\\\/www.uartes.edu.ec\\\/sitio\\\/fr\\\/blog\\\/2018\\\/10\\\/31\\\/firma-de-convenios-internacionales-favoreceran-a-la-universidad-de-las-artes\\\/#article\",\"isPartOf\":{\"@id\":\"https:\\\/\\\/www.uartes.edu.ec\\\/sitio\\\/fr\\\/blog\\\/2018\\\/10\\\/31\\\/firma-de-convenios-internacionales-favoreceran-a-la-universidad-de-las-artes\\\/\"},\"author\":{\"name\":\"Universidad de las Artes\",\"@id\":\"https:\\\/\\\/www.uartes.edu.ec\\\/sitio\\\/fr\\\/#\\\/schema\\\/person\\\/f33f8c1d2af0d5c80a38c8abf458184a\"},\"headline\":\"Firma de convenios internacionales favorecer\u00e1n a estudiantes y docentes de la Universidad de las Artes\",\"datePublished\":\"2018-10-31T14:22:39+00:00\",\"dateModified\":\"2024-07-04T16:53:43+00:00\",\"mainEntityOfPage\":{\"@id\":\"https:\\\/\\\/www.uartes.edu.ec\\\/sitio\\\/fr\\\/blog\\\/2018\\\/10\\\/31\\\/firma-de-convenios-internacionales-favoreceran-a-la-universidad-de-las-artes\\\/\"},\"wordCount\":228,\"publisher\":{\"@id\":\"https:\\\/\\\/www.uartes.edu.ec\\\/sitio\\\/fr\\\/#organization\"},\"image\":{\"@id\":\"https:\\\/\\\/www.uartes.edu.ec\\\/sitio\\\/fr\\\/blog\\\/2018\\\/10\\\/31\\\/firma-de-convenios-internacionales-favoreceran-a-la-universidad-de-las-artes\\\/#primaryimage\"},\"thumbnailUrl\":\"https:\\\/\\\/www.uartes.edu.ec\\\/sitio\\\/wp-content\\\/uploads\\\/2018\\\/10\\\/Ramiro-Noriega-Rector-UArtes-scaled.jpg\",\"articleSection\":[\"Gesti\u00f3n\",\"Rectorado\"],\"inLanguage\":\"fr-FR\"},{\"@type\":[\"WebPage\",\"ItemPage\"],\"@id\":\"https:\\\/\\\/www.uartes.edu.ec\\\/sitio\\\/fr\\\/blog\\\/2018\\\/10\\\/31\\\/firma-de-convenios-internacionales-favoreceran-a-la-universidad-de-las-artes\\\/\",\"url\":\"https:\\\/\\\/www.uartes.edu.ec\\\/sitio\\\/fr\\\/blog\\\/2018\\\/10\\\/31\\\/firma-de-convenios-internacionales-favoreceran-a-la-universidad-de-las-artes\\\/\",\"name\":\"Universidad de las Artes - Firma de convenios internacionales favorecer\u00e1n a estudiantes y docentes de la Universidad de las Artes\",\"isPartOf\":{\"@id\":\"https:\\\/\\\/www.uartes.edu.ec\\\/sitio\\\/fr\\\/#website\"},\"primaryImageOfPage\":{\"@id\":\"https:\\\/\\\/www.uartes.edu.ec\\\/sitio\\\/fr\\\/blog\\\/2018\\\/10\\\/31\\\/firma-de-convenios-internacionales-favoreceran-a-la-universidad-de-las-artes\\\/#primaryimage\"},\"image\":{\"@id\":\"https:\\\/\\\/www.uartes.edu.ec\\\/sitio\\\/fr\\\/blog\\\/2018\\\/10\\\/31\\\/firma-de-convenios-internacionales-favoreceran-a-la-universidad-de-las-artes\\\/#primaryimage\"},\"thumbnailUrl\":\"https:\\\/\\\/www.uartes.edu.ec\\\/sitio\\\/wp-content\\\/uploads\\\/2018\\\/10\\\/Ramiro-Noriega-Rector-UArtes-scaled.jpg\",\"datePublished\":\"2018-10-31T14:22:39+00:00\",\"dateModified\":\"2024-07-04T16:53:43+00:00\",\"description\":\"Universidad de las Artes - Firma de convenios internacionales favorecer\u00e1n a estudiantes y docentes de la Universidad de las Artes\",\"breadcrumb\":{\"@id\":\"https:\\\/\\\/www.uartes.edu.ec\\\/sitio\\\/fr\\\/blog\\\/2018\\\/10\\\/31\\\/firma-de-convenios-internacionales-favoreceran-a-la-universidad-de-las-artes\\\/#breadcrumb\"},\"inLanguage\":\"fr-FR\",\"potentialAction\":[{\"@type\":\"ReadAction\",\"target\":[\"https:\\\/\\\/www.uartes.edu.ec\\\/sitio\\\/fr\\\/blog\\\/2018\\\/10\\\/31\\\/firma-de-convenios-internacionales-favoreceran-a-la-universidad-de-las-artes\\\/\"]}]},{\"@type\":\"ImageObject\",\"inLanguage\":\"fr-FR\",\"@id\":\"https:\\\/\\\/www.uartes.edu.ec\\\/sitio\\\/fr\\\/blog\\\/2018\\\/10\\\/31\\\/firma-de-convenios-internacionales-favoreceran-a-la-universidad-de-las-artes\\\/#primaryimage\",\"url\":\"https:\\\/\\\/www.uartes.edu.ec\\\/sitio\\\/wp-content\\\/uploads\\\/2018\\\/10\\\/Ramiro-Noriega-Rector-UArtes-scaled.jpg\",\"contentUrl\":\"https:\\\/\\\/www.uartes.edu.ec\\\/sitio\\\/wp-content\\\/uploads\\\/2018\\\/10\\\/Ramiro-Noriega-Rector-UArtes-scaled.jpg\",\"width\":2736,\"height\":1536},{\"@type\":\"BreadcrumbList\",\"@id\":\"https:\\\/\\\/www.uartes.edu.ec\\\/sitio\\\/fr\\\/blog\\\/2018\\\/10\\\/31\\\/firma-de-convenios-internacionales-favoreceran-a-la-universidad-de-las-artes\\\/#breadcrumb\",\"itemListElement\":[{\"@type\":\"ListItem\",\"position\":1,\"name\":\"Inicio\",\"item\":\"https:\\\/\\\/www.uartes.edu.ec\\\/sitio\\\/\"},{\"@type\":\"ListItem\",\"position\":2,\"name\":\"Firma de convenios internacionales favorecer\u00e1n a estudiantes y docentes de la Universidad de las Artes\"}]},{\"@type\":\"WebSite\",\"@id\":\"https:\\\/\\\/www.uartes.edu.ec\\\/sitio\\\/fr\\\/#website\",\"url\":\"https:\\\/\\\/www.uartes.edu.ec\\\/sitio\\\/fr\\\/\",\"name\":\"Universidad de las Artes\",\"description\":\"Sitio oficial de la Universidad Nacional de las Artes del Ecuador\",\"publisher\":{\"@id\":\"https:\\\/\\\/www.uartes.edu.ec\\\/sitio\\\/fr\\\/#organization\"},\"potentialAction\":[{\"@type\":\"SearchAction\",\"target\":{\"@type\":\"EntryPoint\",\"urlTemplate\":\"https:\\\/\\\/www.uartes.edu.ec\\\/sitio\\\/fr\\\/?s={search_term_string}\"},\"query-input\":{\"@type\":\"PropertyValueSpecification\",\"valueRequired\":true,\"valueName\":\"search_term_string\"}}],\"inLanguage\":\"fr-FR\"},{\"@type\":\"Organization\",\"@id\":\"https:\\\/\\\/www.uartes.edu.ec\\\/sitio\\\/fr\\\/#organization\",\"name\":\"Universidad de las Artes\",\"url\":\"https:\\\/\\\/www.uartes.edu.ec\\\/sitio\\\/fr\\\/\",\"logo\":{\"@type\":\"ImageObject\",\"inLanguage\":\"fr-FR\",\"@id\":\"https:\\\/\\\/www.uartes.edu.ec\\\/sitio\\\/fr\\\/#\\\/schema\\\/logo\\\/image\\\/\",\"url\":\"https:\\\/\\\/www.uartes.edu.ec\\\/sitio\\\/wp-content\\\/uploads\\\/2022\\\/07\\\/logo-ua-horizontal.png\",\"contentUrl\":\"https:\\\/\\\/www.uartes.edu.ec\\\/sitio\\\/wp-content\\\/uploads\\\/2022\\\/07\\\/logo-ua-horizontal.png\",\"width\":800,\"height\":276,\"caption\":\"Universidad de las Artes\"},\"image\":{\"@id\":\"https:\\\/\\\/www.uartes.edu.ec\\\/sitio\\\/fr\\\/#\\\/schema\\\/logo\\\/image\\\/\"},\"sameAs\":[\"https:\\\/\\\/www.facebook.com\\\/uartesec\",\"https:\\\/\\\/x.com\\\/uartesec\",\"https:\\\/\\\/www.tiktok.com\\\/@uartesec\"]},{\"@type\":\"Person\",\"@id\":\"https:\\\/\\\/www.uartes.edu.ec\\\/sitio\\\/fr\\\/#\\\/schema\\\/person\\\/f33f8c1d2af0d5c80a38c8abf458184a\",\"name\":\"Universidad de las Artes\",\"image\":{\"@type\":\"ImageObject\",\"inLanguage\":\"fr-FR\",\"@id\":\"https:\\\/\\\/secure.gravatar.com\\\/avatar\\\/52e4757902f5cfa5ac52d020e5be83cae5487519154b6c35482fe08d589f3c13?s=96&d=mm&r=g\",\"url\":\"https:\\\/\\\/secure.gravatar.com\\\/avatar\\\/52e4757902f5cfa5ac52d020e5be83cae5487519154b6c35482fe08d589f3c13?s=96&d=mm&r=g\",\"contentUrl\":\"https:\\\/\\\/secure.gravatar.com\\\/avatar\\\/52e4757902f5cfa5ac52d020e5be83cae5487519154b6c35482fe08d589f3c13?s=96&d=mm&r=g\",\"caption\":\"Universidad de las Artes\"},\"url\":\"https:\\\/\\\/www.uartes.edu.ec\\\/sitio\\\/fr\\\/blog\\\/author\\\/dircomadm\\\/\"}]}<\/script>\n<!-- \/ Yoast SEO plugin. -->","yoast_head_json":{"title":"Universidad de las Artes - Firma de convenios internacionales favorecer\u00e1n a estudiantes y docentes de la Universidad de las Artes","description":"Universidad de las Artes - Firma de convenios internacionales favorecer\u00e1n a estudiantes y docentes de la Universidad de las Artes","robots":{"index":"index","follow":"follow","max-snippet":"max-snippet:-1","max-image-preview":"max-image-preview:large","max-video-preview":"max-video-preview:-1"},"canonical":"https:\/\/www.uartes.edu.ec\/sitio\/fr\/blog\/2018\/10\/31\/firma-de-convenios-internacionales-favoreceran-a-la-universidad-de-las-artes\/","og_locale":"fr_FR","og_type":"article","og_title":"Universidad de las Artes - Firma de convenios internacionales favorecer\u00e1n a estudiantes y docentes de la Universidad de las Artes","og_description":"Universidad de las Artes - Firma de convenios internacionales favorecer\u00e1n a estudiantes y docentes de la Universidad de las Artes","og_url":"https:\/\/www.uartes.edu.ec\/sitio\/fr\/blog\/2018\/10\/31\/firma-de-convenios-internacionales-favoreceran-a-la-universidad-de-las-artes\/","og_site_name":"Universidad de las Artes","article_publisher":"https:\/\/www.facebook.com\/uartesec","article_published_time":"2018-10-31T14:22:39+00:00","article_modified_time":"2024-07-04T16:53:43+00:00","og_image":[{"width":2736,"height":1536,"url":"https:\/\/www.uartes.edu.ec\/sitio\/wp-content\/uploads\/2018\/10\/Ramiro-Noriega-Rector-UArtes-scaled.jpg","type":"image\/jpeg"}],"author":"Universidad de las Artes","twitter_card":"summary_large_image","twitter_creator":"@uartesec","twitter_site":"@uartesec","twitter_misc":{"\u00c9crit par":"Universidad de las Artes","Dur\u00e9e de lecture estim\u00e9e":"1 minute"},"schema":{"@context":"https:\/\/schema.org","@graph":[{"@type":"Article","@id":"https:\/\/www.uartes.edu.ec\/sitio\/fr\/blog\/2018\/10\/31\/firma-de-convenios-internacionales-favoreceran-a-la-universidad-de-las-artes\/#article","isPartOf":{"@id":"https:\/\/www.uartes.edu.ec\/sitio\/fr\/blog\/2018\/10\/31\/firma-de-convenios-internacionales-favoreceran-a-la-universidad-de-las-artes\/"},"author":{"name":"Universidad de las Artes","@id":"https:\/\/www.uartes.edu.ec\/sitio\/fr\/#\/schema\/person\/f33f8c1d2af0d5c80a38c8abf458184a"},"headline":"Firma de convenios internacionales favorecer\u00e1n a estudiantes y docentes de la Universidad de las Artes","datePublished":"2018-10-31T14:22:39+00:00","dateModified":"2024-07-04T16:53:43+00:00","mainEntityOfPage":{"@id":"https:\/\/www.uartes.edu.ec\/sitio\/fr\/blog\/2018\/10\/31\/firma-de-convenios-internacionales-favoreceran-a-la-universidad-de-las-artes\/"},"wordCount":228,"publisher":{"@id":"https:\/\/www.uartes.edu.ec\/sitio\/fr\/#organization"},"image":{"@id":"https:\/\/www.uartes.edu.ec\/sitio\/fr\/blog\/2018\/10\/31\/firma-de-convenios-internacionales-favoreceran-a-la-universidad-de-las-artes\/#primaryimage"},"thumbnailUrl":"https:\/\/www.uartes.edu.ec\/sitio\/wp-content\/uploads\/2018\/10\/Ramiro-Noriega-Rector-UArtes-scaled.jpg","articleSection":["Gesti\u00f3n","Rectorado"],"inLanguage":"fr-FR"},{"@type":["WebPage","ItemPage"],"@id":"https:\/\/www.uartes.edu.ec\/sitio\/fr\/blog\/2018\/10\/31\/firma-de-convenios-internacionales-favoreceran-a-la-universidad-de-las-artes\/","url":"https:\/\/www.uartes.edu.ec\/sitio\/fr\/blog\/2018\/10\/31\/firma-de-convenios-internacionales-favoreceran-a-la-universidad-de-las-artes\/","name":"Universidad de las Artes - Firma de convenios internacionales favorecer\u00e1n a estudiantes y docentes de la Universidad de las Artes","isPartOf":{"@id":"https:\/\/www.uartes.edu.ec\/sitio\/fr\/#website"},"primaryImageOfPage":{"@id":"https:\/\/www.uartes.edu.ec\/sitio\/fr\/blog\/2018\/10\/31\/firma-de-convenios-internacionales-favoreceran-a-la-universidad-de-las-artes\/#primaryimage"},"image":{"@id":"https:\/\/www.uartes.edu.ec\/sitio\/fr\/blog\/2018\/10\/31\/firma-de-convenios-internacionales-favoreceran-a-la-universidad-de-las-artes\/#primaryimage"},"thumbnailUrl":"https:\/\/www.uartes.edu.ec\/sitio\/wp-content\/uploads\/2018\/10\/Ramiro-Noriega-Rector-UArtes-scaled.jpg","datePublished":"2018-10-31T14:22:39+00:00","dateModified":"2024-07-04T16:53:43+00:00","description":"Universidad de las Artes - Firma de convenios internacionales favorecer\u00e1n a estudiantes y docentes de la Universidad de las Artes","breadcrumb":{"@id":"https:\/\/www.uartes.edu.ec\/sitio\/fr\/blog\/2018\/10\/31\/firma-de-convenios-internacionales-favoreceran-a-la-universidad-de-las-artes\/#breadcrumb"},"inLanguage":"fr-FR","potentialAction":[{"@type":"ReadAction","target":["https:\/\/www.uartes.edu.ec\/sitio\/fr\/blog\/2018\/10\/31\/firma-de-convenios-internacionales-favoreceran-a-la-universidad-de-las-artes\/"]}]},{"@type":"ImageObject","inLanguage":"fr-FR","@id":"https:\/\/www.uartes.edu.ec\/sitio\/fr\/blog\/2018\/10\/31\/firma-de-convenios-internacionales-favoreceran-a-la-universidad-de-las-artes\/#primaryimage","url":"https:\/\/www.uartes.edu.ec\/sitio\/wp-content\/uploads\/2018\/10\/Ramiro-Noriega-Rector-UArtes-scaled.jpg","contentUrl":"https:\/\/www.uartes.edu.ec\/sitio\/wp-content\/uploads\/2018\/10\/Ramiro-Noriega-Rector-UArtes-scaled.jpg","width":2736,"height":1536},{"@type":"BreadcrumbList","@id":"https:\/\/www.uartes.edu.ec\/sitio\/fr\/blog\/2018\/10\/31\/firma-de-convenios-internacionales-favoreceran-a-la-universidad-de-las-artes\/#breadcrumb","itemListElement":[{"@type":"ListItem","position":1,"name":"Inicio","item":"https:\/\/www.uartes.edu.ec\/sitio\/"},{"@type":"ListItem","position":2,"name":"Firma de convenios internacionales favorecer\u00e1n a estudiantes y docentes de la Universidad de las Artes"}]},{"@type":"WebSite","@id":"https:\/\/www.uartes.edu.ec\/sitio\/fr\/#website","url":"https:\/\/www.uartes.edu.ec\/sitio\/fr\/","name":"Universidad de las Artes","description":"Sitio oficial de la Universidad Nacional de las Artes del Ecuador","publisher":{"@id":"https:\/\/www.uartes.edu.ec\/sitio\/fr\/#organization"},"potentialAction":[{"@type":"SearchAction","target":{"@type":"EntryPoint","urlTemplate":"https:\/\/www.uartes.edu.ec\/sitio\/fr\/?s={search_term_string}"},"query-input":{"@type":"PropertyValueSpecification","valueRequired":true,"valueName":"search_term_string"}}],"inLanguage":"fr-FR"},{"@type":"Organization","@id":"https:\/\/www.uartes.edu.ec\/sitio\/fr\/#organization","name":"Universidad de las Artes","url":"https:\/\/www.uartes.edu.ec\/sitio\/fr\/","logo":{"@type":"ImageObject","inLanguage":"fr-FR","@id":"https:\/\/www.uartes.edu.ec\/sitio\/fr\/#\/schema\/logo\/image\/","url":"https:\/\/www.uartes.edu.ec\/sitio\/wp-content\/uploads\/2022\/07\/logo-ua-horizontal.png","contentUrl":"https:\/\/www.uartes.edu.ec\/sitio\/wp-content\/uploads\/2022\/07\/logo-ua-horizontal.png","width":800,"height":276,"caption":"Universidad de las Artes"},"image":{"@id":"https:\/\/www.uartes.edu.ec\/sitio\/fr\/#\/schema\/logo\/image\/"},"sameAs":["https:\/\/www.facebook.com\/uartesec","https:\/\/x.com\/uartesec","https:\/\/www.tiktok.com\/@uartesec"]},{"@type":"Person","@id":"https:\/\/www.uartes.edu.ec\/sitio\/fr\/#\/schema\/person\/f33f8c1d2af0d5c80a38c8abf458184a","name":"Universidad de las Artes","image":{"@type":"ImageObject","inLanguage":"fr-FR","@id":"https:\/\/secure.gravatar.com\/avatar\/52e4757902f5cfa5ac52d020e5be83cae5487519154b6c35482fe08d589f3c13?s=96&d=mm&r=g","url":"https:\/\/secure.gravatar.com\/avatar\/52e4757902f5cfa5ac52d020e5be83cae5487519154b6c35482fe08d589f3c13?s=96&d=mm&r=g","contentUrl":"https:\/\/secure.gravatar.com\/avatar\/52e4757902f5cfa5ac52d020e5be83cae5487519154b6c35482fe08d589f3c13?s=96&d=mm&r=g","caption":"Universidad de las Artes"},"url":"https:\/\/www.uartes.edu.ec\/sitio\/fr\/blog\/author\/dircomadm\/"}]}},"uagb_featured_image_src":{"full":["https:\/\/www.uartes.edu.ec\/sitio\/wp-content\/uploads\/2018\/10\/Ramiro-Noriega-Rector-UArtes-scaled.jpg",2736,1536,false],"thumbnail":["https:\/\/www.uartes.edu.ec\/sitio\/wp-content\/uploads\/2018\/10\/Ramiro-Noriega-Rector-UArtes-150x150.jpg",150,150,true],"medium":["https:\/\/www.uartes.edu.ec\/sitio\/wp-content\/uploads\/2018\/10\/Ramiro-Noriega-Rector-UArtes-300x168.jpg",300,168,true],"medium_large":["https:\/\/www.uartes.edu.ec\/sitio\/wp-content\/uploads\/2018\/10\/Ramiro-Noriega-Rector-UArtes-768x431.jpg",768,431,true],"large":["https:\/\/www.uartes.edu.ec\/sitio\/wp-content\/uploads\/2018\/10\/Ramiro-Noriega-Rector-UArtes-1024x575.jpg",644,362,true],"1536x1536":["https:\/\/www.uartes.edu.ec\/sitio\/wp-content\/uploads\/2018\/10\/Ramiro-Noriega-Rector-UArtes-scaled.jpg",1536,862,false],"2048x2048":["https:\/\/www.uartes.edu.ec\/sitio\/wp-content\/uploads\/2018\/10\/Ramiro-Noriega-Rector-UArtes-scaled.jpg",2048,1150,false],"trp-custom-language-flag":["https:\/\/www.uartes.edu.ec\/sitio\/wp-content\/uploads\/2018\/10\/Ramiro-Noriega-Rector-UArtes-scaled.jpg",18,10,false],"htmega_size_585x295":["https:\/\/www.uartes.edu.ec\/sitio\/wp-content\/uploads\/2018\/10\/Ramiro-Noriega-Rector-UArtes-scaled.jpg",525,295,false],"htmega_size_1170x536":["https:\/\/www.uartes.edu.ec\/sitio\/wp-content\/uploads\/2018\/10\/Ramiro-Noriega-Rector-UArtes-scaled.jpg",955,536,false],"htmega_size_396x360":["https:\/\/www.uartes.edu.ec\/sitio\/wp-content\/uploads\/2018\/10\/Ramiro-Noriega-Rector-UArtes-scaled.jpg",396,222,false],"gb-block-post-grid-landscape":["https:\/\/www.uartes.edu.ec\/sitio\/wp-content\/uploads\/2018\/10\/Ramiro-Noriega-Rector-UArtes-scaled.jpg",600,337,false],"gb-block-post-grid-square":["https:\/\/www.uartes.edu.ec\/sitio\/wp-content\/uploads\/2018\/10\/Ramiro-Noriega-Rector-UArtes-scaled.jpg",600,337,false],"university-hub-thumb":["https:\/\/www.uartes.edu.ec\/sitio\/wp-content\/uploads\/2018\/10\/Ramiro-Noriega-Rector-UArtes-scaled.jpg",400,225,false]},"uagb_author_info":{"display_name":"Universidad de las Artes","author_link":"https:\/\/www.uartes.edu.ec\/sitio\/fr\/blog\/author\/dircomadm\/"},"uagb_comment_info":0,"uagb_excerpt":"Ramiro Noriega, rector de la Universidad mantuvo reuniones de trabajo en Par\u00eds, junto a representantes del \u201cConservatoire national des&nbsp;arts et m\u00e9tiers\u201d (CNAM), donde se concert\u00f3 sobre la certificaci\u00f3n de profesiones art\u00edsticas y el desarrollo de una maestr\u00eda con doble titulaci\u00f3n. Tambi\u00e9n, recorri\u00f3 las instalaciones de la Filarm\u00f3nica de Par\u00eds, donde se lleva a cabo el\u2026","featured_image_src":"https:\/\/www.uartes.edu.ec\/sitio\/wp-content\/uploads\/2018\/10\/Ramiro-Noriega-Rector-UArtes-scaled.jpg","featured_image_src_square":"https:\/\/www.uartes.edu.ec\/sitio\/wp-content\/uploads\/2018\/10\/Ramiro-Noriega-Rector-UArtes-scaled.jpg","author_info":{"display_name":"Universidad de las Artes","author_link":"https:\/\/www.uartes.edu.ec\/sitio\/fr\/blog\/author\/dircomadm\/"},"publishpress_future_workflow_manual_trigger":{"enabledWorkflows":[]},"distributor_meta":false,"distributor_terms":false,"distributor_media":false,"distributor_original_site_name":"Universidad de las Artes","distributor_original_site_url":"https:\/\/www.uartes.edu.ec\/sitio\/fr","push-errors":false,"_links":{"self":[{"href":"https:\/\/www.uartes.edu.ec\/sitio\/fr\/wp-json\/wp\/v2\/posts\/2672","targetHints":{"allow":["GET"]}}],"collection":[{"href":"https:\/\/www.uartes.edu.ec\/sitio\/fr\/wp-json\/wp\/v2\/posts"}],"about":[{"href":"https:\/\/www.uartes.edu.ec\/sitio\/fr\/wp-json\/wp\/v2\/types\/post"}],"author":[{"embeddable":true,"href":"https:\/\/www.uartes.edu.ec\/sitio\/fr\/wp-json\/wp\/v2\/users\/1"}],"replies":[{"embeddable":true,"href":"https:\/\/www.uartes.edu.ec\/sitio\/fr\/wp-json\/wp\/v2\/comments?post=2672"}],"version-history":[{"count":3,"href":"https:\/\/www.uartes.edu.ec\/sitio\/fr\/wp-json\/wp\/v2\/posts\/2672\/revisions"}],"predecessor-version":[{"id":2676,"href":"https:\/\/www.uartes.edu.ec\/sitio\/fr\/wp-json\/wp\/v2\/posts\/2672\/revisions\/2676"}],"wp:featuredmedia":[{"embeddable":true,"href":"https:\/\/www.uartes.edu.ec\/sitio\/fr\/wp-json\/wp\/v2\/media\/2673"}],"wp:attachment":[{"href":"https:\/\/www.uartes.edu.ec\/sitio\/fr\/wp-json\/wp\/v2\/media?parent=2672"}],"wp:term":[{"taxonomy":"category","embeddable":true,"href":"https:\/\/www.uartes.edu.ec\/sitio\/fr\/wp-json\/wp\/v2\/categories?post=2672"},{"taxonomy":"post_tag","embeddable":true,"href":"https:\/\/www.uartes.edu.ec\/sitio\/fr\/wp-json\/wp\/v2\/tags?post=2672"},{"taxonomy":"infouartes","embeddable":true,"href":"https:\/\/www.uartes.edu.ec\/sitio\/fr\/wp-json\/wp\/v2\/infouartes?post=2672"}],"curies":[{"name":"wp","href":"https:\/\/api.w.org\/{rel}","templated":true}]}}