{"id":2677,"date":"2018-11-06T16:06:00","date_gmt":"2018-11-06T21:06:00","guid":{"rendered":"http:\/\/www.uartes.edu.ec\/sitio\/?p=2677"},"modified":"2024-07-04T11:53:43","modified_gmt":"2024-07-04T16:53:43","slug":"universidad-de-las-artes-participa-en-conversatorio-sobre-poscolonialidad","status":"publish","type":"post","link":"https:\/\/www.uartes.edu.ec\/sitio\/fr\/blog\/2018\/11\/06\/universidad-de-las-artes-participa-en-conversatorio-sobre-poscolonialidad\/","title":{"rendered":"Universidad de las Artes participa en conversatorio sobre poscolonialidad"},"content":{"rendered":"<p>Ramiro Noriega, rector de la UArtes,\nconcurri\u00f3 el s\u00e1bado 3 de noviembre, a la Sesi\u00f3n Plenaria Anual de la plataforma\nInternational Network for Contemporary Performing Arts (IETM) en M\u00fanich,\nAlemania, e intervino como ponente sobre el tema \u201cPostcolonial Minefields\u201d,\njunto con la Dra. Helena Nassif, directora ejecutiva de la organizaci\u00f3n Al\nMawred- Culture Resource en L\u00edbano y el Dr. Toni Attard, director de Culture\nVenture en Malta. En esta cita participaron alrededor de 300 organizaciones e\ninstituciones de educaci\u00f3n superior en artes.<\/p>\n\n\n\n<p>Noriega indic\u00f3: \u201cHay\nque entender la situaci\u00f3n hist\u00f3rica de Am\u00e9rica Latina, reconocer que vivimos en\nuna etapa republicana, que ha estado signada por un sistema de poder, econ\u00f3mico\ny cultural que corresponde a un modelo importante, que deja en la invisibilidad\nno solo a amplios sectores de la sociedad, sino que va en desmedro de los\nintereses de las diversidades, de eso se puede concluir que el Estado\nrepublicano es un Estado colonial.<\/p>\n\n\n\n<p>Adem\u00e1s a\u00f1adi\u00f3: \u201cEn todos los aspectos, la educaci\u00f3n no da cuenta de las diversidades\nculturales, no incorpora las catorce lenguas, ni las dieciocho pr\u00e1cticas\nculturales ecuatorianas. Uno se puede preguntar al servicio de qu\u00e9 est\u00e1\ndise\u00f1ado ese Estado y podr\u00edamos pensar que se ha\nestablecido una forma de democracia que no es intercultural ni plurinacional\u201d.<\/p>\n\n\n\n<p>\u201cTodo esto se resume en dos pol\u00edticas: una pol\u00edtica convencida, radical, de desarrollo de redes locales, nacionales e internacionales, que a m\u00ed parecer marcan todo el espectro, que es el v\u00ednculo con la comunidad, para decir que la universidad intramuros es pecado mortal. Tiene que ser una universidad porosa, permeable, pero tambi\u00e9n inspirada por el deseo del otro, de la b\u00fasqueda del otro. La otra pol\u00edtica que es crucial de la investigaci\u00f3n y de la pr\u00e1ctica art\u00edstica y de las creatividades, porque sin eso la pedagog\u00eda se vuelve controladora, colonial y conductora. Habr\u00eda que entender que la educaci\u00f3n tradicionalmente fue una herramienta de colonizaci\u00f3n, el sistema educativo normador, disciplinador, no emancipador, por eso el ant\u00eddoto para esa educaci\u00f3n castradora, deformadora de la naturaleza humana, es la pr\u00e1ctica art\u00edstica e investigativa, porque se supone que la educaci\u00f3n ser\u00eda siempre un espacio org\u00e1nico y en movimiento\u201d concluy\u00f3 Noriega.<\/p>\n\n\n\n<p>T\u00e9l\u00e9charger <a href=\"http:\/\/www.uartes.edu.ec\/sitio\/wp-content\/uploads\/2018\/11\/Ponencia-RN-en-IETM-completo.pdf\">aqu\u00ed su ponencia<\/a>.<\/p>","protected":false},"excerpt":{"rendered":"<p>Ramiro Noriega, rector de la UArtes, concurri\u00f3 el s\u00e1bado 3 de noviembre, a la Sesi\u00f3n Plenaria Anual de la plataforma International Network for Contemporary Performing Arts (IETM) en M\u00fanich, Alemania, e intervino como ponente sobre el tema \u201cPostcolonial Minefields\u201d, junto con la Dra. Helena Nassif, directora ejecutiva de la organizaci\u00f3n Al Mawred- Culture Resource en [&hellip;]<\/p>\n","protected":false},"author":1,"featured_media":2680,"comment_status":"closed","ping_status":"closed","sticky":false,"template":"","format":"standard","meta":{"_acf_changed":false,"_uag_custom_page_level_css":"","_monsterinsights_skip_tracking":false,"_monsterinsights_sitenote_active":false,"_monsterinsights_sitenote_note":"","_monsterinsights_sitenote_category":0,"cybocfi_hide_featured_image":"","footnotes":""},"categories":[77,84],"tags":[],"infouartes":[],"class_list":["post-2677","post","type-post","status-publish","format-standard","has-post-thumbnail","hentry","category-gestion","category-rectorado"],"acf":[],"yoast_head":"<!-- This site is optimized with the Yoast SEO plugin v27.4 - https:\/\/yoast.com\/product\/yoast-seo-wordpress\/ -->\n<title>Universidad de las Artes - Universidad de las Artes participa en conversatorio sobre poscolonialidad<\/title>\n<meta name=\"description\" content=\"Universidad de las Artes - Universidad de las Artes participa en conversatorio sobre poscolonialidad\" \/>\n<meta name=\"robots\" content=\"index, follow, max-snippet:-1, max-image-preview:large, max-video-preview:-1\" \/>\n<link rel=\"canonical\" href=\"https:\/\/www.uartes.edu.ec\/sitio\/fr\/blog\/2018\/11\/06\/universidad-de-las-artes-participa-en-conversatorio-sobre-poscolonialidad\/\" \/>\n<meta property=\"og:locale\" content=\"fr_FR\" \/>\n<meta property=\"og:type\" content=\"article\" \/>\n<meta property=\"og:title\" content=\"Universidad de las Artes - Universidad de las Artes participa en conversatorio sobre poscolonialidad\" \/>\n<meta property=\"og:description\" content=\"Universidad de las Artes - Universidad de las Artes participa en conversatorio sobre poscolonialidad\" \/>\n<meta property=\"og:url\" content=\"https:\/\/www.uartes.edu.ec\/sitio\/fr\/blog\/2018\/11\/06\/universidad-de-las-artes-participa-en-conversatorio-sobre-poscolonialidad\/\" \/>\n<meta property=\"og:site_name\" content=\"Universidad de las Artes\" \/>\n<meta property=\"article:publisher\" content=\"https:\/\/www.facebook.com\/uartesec\" \/>\n<meta property=\"article:published_time\" content=\"2018-11-06T21:06:00+00:00\" \/>\n<meta property=\"article:modified_time\" content=\"2024-07-04T16:53:43+00:00\" \/>\n<meta property=\"og:image\" content=\"https:\/\/www.uartes.edu.ec\/sitio\/wp-content\/uploads\/2018\/11\/Ramiro-Munich.jpg\" \/>\n\t<meta property=\"og:image:width\" content=\"960\" \/>\n\t<meta property=\"og:image:height\" content=\"720\" \/>\n\t<meta property=\"og:image:type\" content=\"image\/jpeg\" \/>\n<meta name=\"author\" content=\"Universidad de las Artes\" \/>\n<meta name=\"twitter:card\" content=\"summary_large_image\" \/>\n<meta name=\"twitter:creator\" content=\"@uartesec\" \/>\n<meta name=\"twitter:site\" content=\"@uartesec\" \/>\n<meta name=\"twitter:label1\" content=\"\u00c9crit par\" \/>\n\t<meta name=\"twitter:data1\" content=\"Universidad de las Artes\" \/>\n\t<meta name=\"twitter:label2\" content=\"Dur\u00e9e de lecture estim\u00e9e\" \/>\n\t<meta name=\"twitter:data2\" content=\"2 minutes\" \/>\n<script type=\"application\/ld+json\" class=\"yoast-schema-graph\">{\"@context\":\"https:\\\/\\\/schema.org\",\"@graph\":[{\"@type\":\"Article\",\"@id\":\"https:\\\/\\\/www.uartes.edu.ec\\\/sitio\\\/fr\\\/blog\\\/2018\\\/11\\\/06\\\/universidad-de-las-artes-participa-en-conversatorio-sobre-poscolonialidad\\\/#article\",\"isPartOf\":{\"@id\":\"https:\\\/\\\/www.uartes.edu.ec\\\/sitio\\\/fr\\\/blog\\\/2018\\\/11\\\/06\\\/universidad-de-las-artes-participa-en-conversatorio-sobre-poscolonialidad\\\/\"},\"author\":{\"name\":\"Universidad de las Artes\",\"@id\":\"https:\\\/\\\/www.uartes.edu.ec\\\/sitio\\\/fr\\\/#\\\/schema\\\/person\\\/f33f8c1d2af0d5c80a38c8abf458184a\"},\"headline\":\"Universidad de las Artes participa en conversatorio sobre poscolonialidad\",\"datePublished\":\"2018-11-06T21:06:00+00:00\",\"dateModified\":\"2024-07-04T16:53:43+00:00\",\"mainEntityOfPage\":{\"@id\":\"https:\\\/\\\/www.uartes.edu.ec\\\/sitio\\\/fr\\\/blog\\\/2018\\\/11\\\/06\\\/universidad-de-las-artes-participa-en-conversatorio-sobre-poscolonialidad\\\/\"},\"wordCount\":403,\"publisher\":{\"@id\":\"https:\\\/\\\/www.uartes.edu.ec\\\/sitio\\\/fr\\\/#organization\"},\"image\":{\"@id\":\"https:\\\/\\\/www.uartes.edu.ec\\\/sitio\\\/fr\\\/blog\\\/2018\\\/11\\\/06\\\/universidad-de-las-artes-participa-en-conversatorio-sobre-poscolonialidad\\\/#primaryimage\"},\"thumbnailUrl\":\"https:\\\/\\\/www.uartes.edu.ec\\\/sitio\\\/wp-content\\\/uploads\\\/2018\\\/11\\\/Ramiro-Munich.jpg\",\"articleSection\":[\"Gesti\u00f3n\",\"Rectorado\"],\"inLanguage\":\"fr-FR\"},{\"@type\":[\"WebPage\",\"ItemPage\"],\"@id\":\"https:\\\/\\\/www.uartes.edu.ec\\\/sitio\\\/fr\\\/blog\\\/2018\\\/11\\\/06\\\/universidad-de-las-artes-participa-en-conversatorio-sobre-poscolonialidad\\\/\",\"url\":\"https:\\\/\\\/www.uartes.edu.ec\\\/sitio\\\/fr\\\/blog\\\/2018\\\/11\\\/06\\\/universidad-de-las-artes-participa-en-conversatorio-sobre-poscolonialidad\\\/\",\"name\":\"Universidad de las Artes - Universidad de las Artes participa en conversatorio sobre poscolonialidad\",\"isPartOf\":{\"@id\":\"https:\\\/\\\/www.uartes.edu.ec\\\/sitio\\\/fr\\\/#website\"},\"primaryImageOfPage\":{\"@id\":\"https:\\\/\\\/www.uartes.edu.ec\\\/sitio\\\/fr\\\/blog\\\/2018\\\/11\\\/06\\\/universidad-de-las-artes-participa-en-conversatorio-sobre-poscolonialidad\\\/#primaryimage\"},\"image\":{\"@id\":\"https:\\\/\\\/www.uartes.edu.ec\\\/sitio\\\/fr\\\/blog\\\/2018\\\/11\\\/06\\\/universidad-de-las-artes-participa-en-conversatorio-sobre-poscolonialidad\\\/#primaryimage\"},\"thumbnailUrl\":\"https:\\\/\\\/www.uartes.edu.ec\\\/sitio\\\/wp-content\\\/uploads\\\/2018\\\/11\\\/Ramiro-Munich.jpg\",\"datePublished\":\"2018-11-06T21:06:00+00:00\",\"dateModified\":\"2024-07-04T16:53:43+00:00\",\"description\":\"Universidad de las Artes - Universidad de las Artes participa en conversatorio sobre poscolonialidad\",\"breadcrumb\":{\"@id\":\"https:\\\/\\\/www.uartes.edu.ec\\\/sitio\\\/fr\\\/blog\\\/2018\\\/11\\\/06\\\/universidad-de-las-artes-participa-en-conversatorio-sobre-poscolonialidad\\\/#breadcrumb\"},\"inLanguage\":\"fr-FR\",\"potentialAction\":[{\"@type\":\"ReadAction\",\"target\":[\"https:\\\/\\\/www.uartes.edu.ec\\\/sitio\\\/fr\\\/blog\\\/2018\\\/11\\\/06\\\/universidad-de-las-artes-participa-en-conversatorio-sobre-poscolonialidad\\\/\"]}]},{\"@type\":\"ImageObject\",\"inLanguage\":\"fr-FR\",\"@id\":\"https:\\\/\\\/www.uartes.edu.ec\\\/sitio\\\/fr\\\/blog\\\/2018\\\/11\\\/06\\\/universidad-de-las-artes-participa-en-conversatorio-sobre-poscolonialidad\\\/#primaryimage\",\"url\":\"https:\\\/\\\/www.uartes.edu.ec\\\/sitio\\\/wp-content\\\/uploads\\\/2018\\\/11\\\/Ramiro-Munich.jpg\",\"contentUrl\":\"https:\\\/\\\/www.uartes.edu.ec\\\/sitio\\\/wp-content\\\/uploads\\\/2018\\\/11\\\/Ramiro-Munich.jpg\",\"width\":960,\"height\":720},{\"@type\":\"BreadcrumbList\",\"@id\":\"https:\\\/\\\/www.uartes.edu.ec\\\/sitio\\\/fr\\\/blog\\\/2018\\\/11\\\/06\\\/universidad-de-las-artes-participa-en-conversatorio-sobre-poscolonialidad\\\/#breadcrumb\",\"itemListElement\":[{\"@type\":\"ListItem\",\"position\":1,\"name\":\"Inicio\",\"item\":\"https:\\\/\\\/www.uartes.edu.ec\\\/sitio\\\/\"},{\"@type\":\"ListItem\",\"position\":2,\"name\":\"Universidad de las Artes participa en conversatorio sobre poscolonialidad\"}]},{\"@type\":\"WebSite\",\"@id\":\"https:\\\/\\\/www.uartes.edu.ec\\\/sitio\\\/fr\\\/#website\",\"url\":\"https:\\\/\\\/www.uartes.edu.ec\\\/sitio\\\/fr\\\/\",\"name\":\"Universidad de las Artes\",\"description\":\"Sitio oficial de la Universidad Nacional de las Artes del Ecuador\",\"publisher\":{\"@id\":\"https:\\\/\\\/www.uartes.edu.ec\\\/sitio\\\/fr\\\/#organization\"},\"potentialAction\":[{\"@type\":\"SearchAction\",\"target\":{\"@type\":\"EntryPoint\",\"urlTemplate\":\"https:\\\/\\\/www.uartes.edu.ec\\\/sitio\\\/fr\\\/?s={search_term_string}\"},\"query-input\":{\"@type\":\"PropertyValueSpecification\",\"valueRequired\":true,\"valueName\":\"search_term_string\"}}],\"inLanguage\":\"fr-FR\"},{\"@type\":\"Organization\",\"@id\":\"https:\\\/\\\/www.uartes.edu.ec\\\/sitio\\\/fr\\\/#organization\",\"name\":\"Universidad de las Artes\",\"url\":\"https:\\\/\\\/www.uartes.edu.ec\\\/sitio\\\/fr\\\/\",\"logo\":{\"@type\":\"ImageObject\",\"inLanguage\":\"fr-FR\",\"@id\":\"https:\\\/\\\/www.uartes.edu.ec\\\/sitio\\\/fr\\\/#\\\/schema\\\/logo\\\/image\\\/\",\"url\":\"https:\\\/\\\/www.uartes.edu.ec\\\/sitio\\\/wp-content\\\/uploads\\\/2022\\\/07\\\/logo-ua-horizontal.png\",\"contentUrl\":\"https:\\\/\\\/www.uartes.edu.ec\\\/sitio\\\/wp-content\\\/uploads\\\/2022\\\/07\\\/logo-ua-horizontal.png\",\"width\":800,\"height\":276,\"caption\":\"Universidad de las Artes\"},\"image\":{\"@id\":\"https:\\\/\\\/www.uartes.edu.ec\\\/sitio\\\/fr\\\/#\\\/schema\\\/logo\\\/image\\\/\"},\"sameAs\":[\"https:\\\/\\\/www.facebook.com\\\/uartesec\",\"https:\\\/\\\/x.com\\\/uartesec\",\"https:\\\/\\\/www.tiktok.com\\\/@uartesec\"]},{\"@type\":\"Person\",\"@id\":\"https:\\\/\\\/www.uartes.edu.ec\\\/sitio\\\/fr\\\/#\\\/schema\\\/person\\\/f33f8c1d2af0d5c80a38c8abf458184a\",\"name\":\"Universidad de las Artes\",\"image\":{\"@type\":\"ImageObject\",\"inLanguage\":\"fr-FR\",\"@id\":\"https:\\\/\\\/secure.gravatar.com\\\/avatar\\\/52e4757902f5cfa5ac52d020e5be83cae5487519154b6c35482fe08d589f3c13?s=96&d=mm&r=g\",\"url\":\"https:\\\/\\\/secure.gravatar.com\\\/avatar\\\/52e4757902f5cfa5ac52d020e5be83cae5487519154b6c35482fe08d589f3c13?s=96&d=mm&r=g\",\"contentUrl\":\"https:\\\/\\\/secure.gravatar.com\\\/avatar\\\/52e4757902f5cfa5ac52d020e5be83cae5487519154b6c35482fe08d589f3c13?s=96&d=mm&r=g\",\"caption\":\"Universidad de las Artes\"},\"url\":\"https:\\\/\\\/www.uartes.edu.ec\\\/sitio\\\/fr\\\/blog\\\/author\\\/dircomadm\\\/\"}]}<\/script>\n<!-- \/ Yoast SEO plugin. -->","yoast_head_json":{"title":"Universidad de las Artes - Universidad de las Artes participa en conversatorio sobre poscolonialidad","description":"Universidad de las Artes - Universidad de las Artes participa en conversatorio sobre poscolonialidad","robots":{"index":"index","follow":"follow","max-snippet":"max-snippet:-1","max-image-preview":"max-image-preview:large","max-video-preview":"max-video-preview:-1"},"canonical":"https:\/\/www.uartes.edu.ec\/sitio\/fr\/blog\/2018\/11\/06\/universidad-de-las-artes-participa-en-conversatorio-sobre-poscolonialidad\/","og_locale":"fr_FR","og_type":"article","og_title":"Universidad de las Artes - Universidad de las Artes participa en conversatorio sobre poscolonialidad","og_description":"Universidad de las Artes - Universidad de las Artes participa en conversatorio sobre poscolonialidad","og_url":"https:\/\/www.uartes.edu.ec\/sitio\/fr\/blog\/2018\/11\/06\/universidad-de-las-artes-participa-en-conversatorio-sobre-poscolonialidad\/","og_site_name":"Universidad de las Artes","article_publisher":"https:\/\/www.facebook.com\/uartesec","article_published_time":"2018-11-06T21:06:00+00:00","article_modified_time":"2024-07-04T16:53:43+00:00","og_image":[{"width":960,"height":720,"url":"https:\/\/www.uartes.edu.ec\/sitio\/wp-content\/uploads\/2018\/11\/Ramiro-Munich.jpg","type":"image\/jpeg"}],"author":"Universidad de las Artes","twitter_card":"summary_large_image","twitter_creator":"@uartesec","twitter_site":"@uartesec","twitter_misc":{"\u00c9crit par":"Universidad de las Artes","Dur\u00e9e de lecture estim\u00e9e":"2 minutes"},"schema":{"@context":"https:\/\/schema.org","@graph":[{"@type":"Article","@id":"https:\/\/www.uartes.edu.ec\/sitio\/fr\/blog\/2018\/11\/06\/universidad-de-las-artes-participa-en-conversatorio-sobre-poscolonialidad\/#article","isPartOf":{"@id":"https:\/\/www.uartes.edu.ec\/sitio\/fr\/blog\/2018\/11\/06\/universidad-de-las-artes-participa-en-conversatorio-sobre-poscolonialidad\/"},"author":{"name":"Universidad de las Artes","@id":"https:\/\/www.uartes.edu.ec\/sitio\/fr\/#\/schema\/person\/f33f8c1d2af0d5c80a38c8abf458184a"},"headline":"Universidad de las Artes participa en conversatorio sobre poscolonialidad","datePublished":"2018-11-06T21:06:00+00:00","dateModified":"2024-07-04T16:53:43+00:00","mainEntityOfPage":{"@id":"https:\/\/www.uartes.edu.ec\/sitio\/fr\/blog\/2018\/11\/06\/universidad-de-las-artes-participa-en-conversatorio-sobre-poscolonialidad\/"},"wordCount":403,"publisher":{"@id":"https:\/\/www.uartes.edu.ec\/sitio\/fr\/#organization"},"image":{"@id":"https:\/\/www.uartes.edu.ec\/sitio\/fr\/blog\/2018\/11\/06\/universidad-de-las-artes-participa-en-conversatorio-sobre-poscolonialidad\/#primaryimage"},"thumbnailUrl":"https:\/\/www.uartes.edu.ec\/sitio\/wp-content\/uploads\/2018\/11\/Ramiro-Munich.jpg","articleSection":["Gesti\u00f3n","Rectorado"],"inLanguage":"fr-FR"},{"@type":["WebPage","ItemPage"],"@id":"https:\/\/www.uartes.edu.ec\/sitio\/fr\/blog\/2018\/11\/06\/universidad-de-las-artes-participa-en-conversatorio-sobre-poscolonialidad\/","url":"https:\/\/www.uartes.edu.ec\/sitio\/fr\/blog\/2018\/11\/06\/universidad-de-las-artes-participa-en-conversatorio-sobre-poscolonialidad\/","name":"Universidad de las Artes - Universidad de las Artes participa en conversatorio sobre poscolonialidad","isPartOf":{"@id":"https:\/\/www.uartes.edu.ec\/sitio\/fr\/#website"},"primaryImageOfPage":{"@id":"https:\/\/www.uartes.edu.ec\/sitio\/fr\/blog\/2018\/11\/06\/universidad-de-las-artes-participa-en-conversatorio-sobre-poscolonialidad\/#primaryimage"},"image":{"@id":"https:\/\/www.uartes.edu.ec\/sitio\/fr\/blog\/2018\/11\/06\/universidad-de-las-artes-participa-en-conversatorio-sobre-poscolonialidad\/#primaryimage"},"thumbnailUrl":"https:\/\/www.uartes.edu.ec\/sitio\/wp-content\/uploads\/2018\/11\/Ramiro-Munich.jpg","datePublished":"2018-11-06T21:06:00+00:00","dateModified":"2024-07-04T16:53:43+00:00","description":"Universidad de las Artes - Universidad de las Artes participa en conversatorio sobre poscolonialidad","breadcrumb":{"@id":"https:\/\/www.uartes.edu.ec\/sitio\/fr\/blog\/2018\/11\/06\/universidad-de-las-artes-participa-en-conversatorio-sobre-poscolonialidad\/#breadcrumb"},"inLanguage":"fr-FR","potentialAction":[{"@type":"ReadAction","target":["https:\/\/www.uartes.edu.ec\/sitio\/fr\/blog\/2018\/11\/06\/universidad-de-las-artes-participa-en-conversatorio-sobre-poscolonialidad\/"]}]},{"@type":"ImageObject","inLanguage":"fr-FR","@id":"https:\/\/www.uartes.edu.ec\/sitio\/fr\/blog\/2018\/11\/06\/universidad-de-las-artes-participa-en-conversatorio-sobre-poscolonialidad\/#primaryimage","url":"https:\/\/www.uartes.edu.ec\/sitio\/wp-content\/uploads\/2018\/11\/Ramiro-Munich.jpg","contentUrl":"https:\/\/www.uartes.edu.ec\/sitio\/wp-content\/uploads\/2018\/11\/Ramiro-Munich.jpg","width":960,"height":720},{"@type":"BreadcrumbList","@id":"https:\/\/www.uartes.edu.ec\/sitio\/fr\/blog\/2018\/11\/06\/universidad-de-las-artes-participa-en-conversatorio-sobre-poscolonialidad\/#breadcrumb","itemListElement":[{"@type":"ListItem","position":1,"name":"Inicio","item":"https:\/\/www.uartes.edu.ec\/sitio\/"},{"@type":"ListItem","position":2,"name":"Universidad de las Artes participa en conversatorio sobre poscolonialidad"}]},{"@type":"WebSite","@id":"https:\/\/www.uartes.edu.ec\/sitio\/fr\/#website","url":"https:\/\/www.uartes.edu.ec\/sitio\/fr\/","name":"Universidad de las Artes","description":"Sitio oficial de la Universidad Nacional de las Artes del Ecuador","publisher":{"@id":"https:\/\/www.uartes.edu.ec\/sitio\/fr\/#organization"},"potentialAction":[{"@type":"SearchAction","target":{"@type":"EntryPoint","urlTemplate":"https:\/\/www.uartes.edu.ec\/sitio\/fr\/?s={search_term_string}"},"query-input":{"@type":"PropertyValueSpecification","valueRequired":true,"valueName":"search_term_string"}}],"inLanguage":"fr-FR"},{"@type":"Organization","@id":"https:\/\/www.uartes.edu.ec\/sitio\/fr\/#organization","name":"Universidad de las Artes","url":"https:\/\/www.uartes.edu.ec\/sitio\/fr\/","logo":{"@type":"ImageObject","inLanguage":"fr-FR","@id":"https:\/\/www.uartes.edu.ec\/sitio\/fr\/#\/schema\/logo\/image\/","url":"https:\/\/www.uartes.edu.ec\/sitio\/wp-content\/uploads\/2022\/07\/logo-ua-horizontal.png","contentUrl":"https:\/\/www.uartes.edu.ec\/sitio\/wp-content\/uploads\/2022\/07\/logo-ua-horizontal.png","width":800,"height":276,"caption":"Universidad de las Artes"},"image":{"@id":"https:\/\/www.uartes.edu.ec\/sitio\/fr\/#\/schema\/logo\/image\/"},"sameAs":["https:\/\/www.facebook.com\/uartesec","https:\/\/x.com\/uartesec","https:\/\/www.tiktok.com\/@uartesec"]},{"@type":"Person","@id":"https:\/\/www.uartes.edu.ec\/sitio\/fr\/#\/schema\/person\/f33f8c1d2af0d5c80a38c8abf458184a","name":"Universidad de las Artes","image":{"@type":"ImageObject","inLanguage":"fr-FR","@id":"https:\/\/secure.gravatar.com\/avatar\/52e4757902f5cfa5ac52d020e5be83cae5487519154b6c35482fe08d589f3c13?s=96&d=mm&r=g","url":"https:\/\/secure.gravatar.com\/avatar\/52e4757902f5cfa5ac52d020e5be83cae5487519154b6c35482fe08d589f3c13?s=96&d=mm&r=g","contentUrl":"https:\/\/secure.gravatar.com\/avatar\/52e4757902f5cfa5ac52d020e5be83cae5487519154b6c35482fe08d589f3c13?s=96&d=mm&r=g","caption":"Universidad de las Artes"},"url":"https:\/\/www.uartes.edu.ec\/sitio\/fr\/blog\/author\/dircomadm\/"}]}},"uagb_featured_image_src":{"full":["https:\/\/www.uartes.edu.ec\/sitio\/wp-content\/uploads\/2018\/11\/Ramiro-Munich.jpg",960,720,false],"thumbnail":["https:\/\/www.uartes.edu.ec\/sitio\/wp-content\/uploads\/2018\/11\/Ramiro-Munich-150x150.jpg",150,150,true],"medium":["https:\/\/www.uartes.edu.ec\/sitio\/wp-content\/uploads\/2018\/11\/Ramiro-Munich-300x225.jpg",300,225,true],"medium_large":["https:\/\/www.uartes.edu.ec\/sitio\/wp-content\/uploads\/2018\/11\/Ramiro-Munich-768x576.jpg",768,576,true],"large":["https:\/\/www.uartes.edu.ec\/sitio\/wp-content\/uploads\/2018\/11\/Ramiro-Munich.jpg",644,483,false],"1536x1536":["https:\/\/www.uartes.edu.ec\/sitio\/wp-content\/uploads\/2018\/11\/Ramiro-Munich.jpg",960,720,false],"2048x2048":["https:\/\/www.uartes.edu.ec\/sitio\/wp-content\/uploads\/2018\/11\/Ramiro-Munich.jpg",960,720,false],"trp-custom-language-flag":["https:\/\/www.uartes.edu.ec\/sitio\/wp-content\/uploads\/2018\/11\/Ramiro-Munich.jpg",16,12,false],"htmega_size_585x295":["https:\/\/www.uartes.edu.ec\/sitio\/wp-content\/uploads\/2018\/11\/Ramiro-Munich.jpg",393,295,false],"htmega_size_1170x536":["https:\/\/www.uartes.edu.ec\/sitio\/wp-content\/uploads\/2018\/11\/Ramiro-Munich.jpg",715,536,false],"htmega_size_396x360":["https:\/\/www.uartes.edu.ec\/sitio\/wp-content\/uploads\/2018\/11\/Ramiro-Munich.jpg",396,297,false],"gb-block-post-grid-landscape":["https:\/\/www.uartes.edu.ec\/sitio\/wp-content\/uploads\/2018\/11\/Ramiro-Munich.jpg",533,400,false],"gb-block-post-grid-square":["https:\/\/www.uartes.edu.ec\/sitio\/wp-content\/uploads\/2018\/11\/Ramiro-Munich.jpg",600,450,false],"university-hub-thumb":["https:\/\/www.uartes.edu.ec\/sitio\/wp-content\/uploads\/2018\/11\/Ramiro-Munich.jpg",400,300,false]},"uagb_author_info":{"display_name":"Universidad de las Artes","author_link":"https:\/\/www.uartes.edu.ec\/sitio\/fr\/blog\/author\/dircomadm\/"},"uagb_comment_info":0,"uagb_excerpt":"Ramiro Noriega, rector de la UArtes, concurri\u00f3 el s\u00e1bado 3 de noviembre, a la Sesi\u00f3n Plenaria Anual de la plataforma International Network for Contemporary Performing Arts (IETM) en M\u00fanich, Alemania, e intervino como ponente sobre el tema \u201cPostcolonial Minefields\u201d, junto con la Dra. Helena Nassif, directora ejecutiva de la organizaci\u00f3n Al Mawred- Culture Resource en\u2026","featured_image_src":"https:\/\/www.uartes.edu.ec\/sitio\/wp-content\/uploads\/2018\/11\/Ramiro-Munich.jpg","featured_image_src_square":"https:\/\/www.uartes.edu.ec\/sitio\/wp-content\/uploads\/2018\/11\/Ramiro-Munich.jpg","author_info":{"display_name":"Universidad de las Artes","author_link":"https:\/\/www.uartes.edu.ec\/sitio\/fr\/blog\/author\/dircomadm\/"},"publishpress_future_workflow_manual_trigger":{"enabledWorkflows":[]},"distributor_meta":false,"distributor_terms":false,"distributor_media":false,"distributor_original_site_name":"Universidad de las Artes","distributor_original_site_url":"https:\/\/www.uartes.edu.ec\/sitio\/fr","push-errors":false,"_links":{"self":[{"href":"https:\/\/www.uartes.edu.ec\/sitio\/fr\/wp-json\/wp\/v2\/posts\/2677","targetHints":{"allow":["GET"]}}],"collection":[{"href":"https:\/\/www.uartes.edu.ec\/sitio\/fr\/wp-json\/wp\/v2\/posts"}],"about":[{"href":"https:\/\/www.uartes.edu.ec\/sitio\/fr\/wp-json\/wp\/v2\/types\/post"}],"author":[{"embeddable":true,"href":"https:\/\/www.uartes.edu.ec\/sitio\/fr\/wp-json\/wp\/v2\/users\/1"}],"replies":[{"embeddable":true,"href":"https:\/\/www.uartes.edu.ec\/sitio\/fr\/wp-json\/wp\/v2\/comments?post=2677"}],"version-history":[{"count":2,"href":"https:\/\/www.uartes.edu.ec\/sitio\/fr\/wp-json\/wp\/v2\/posts\/2677\/revisions"}],"predecessor-version":[{"id":2681,"href":"https:\/\/www.uartes.edu.ec\/sitio\/fr\/wp-json\/wp\/v2\/posts\/2677\/revisions\/2681"}],"wp:featuredmedia":[{"embeddable":true,"href":"https:\/\/www.uartes.edu.ec\/sitio\/fr\/wp-json\/wp\/v2\/media\/2680"}],"wp:attachment":[{"href":"https:\/\/www.uartes.edu.ec\/sitio\/fr\/wp-json\/wp\/v2\/media?parent=2677"}],"wp:term":[{"taxonomy":"category","embeddable":true,"href":"https:\/\/www.uartes.edu.ec\/sitio\/fr\/wp-json\/wp\/v2\/categories?post=2677"},{"taxonomy":"post_tag","embeddable":true,"href":"https:\/\/www.uartes.edu.ec\/sitio\/fr\/wp-json\/wp\/v2\/tags?post=2677"},{"taxonomy":"infouartes","embeddable":true,"href":"https:\/\/www.uartes.edu.ec\/sitio\/fr\/wp-json\/wp\/v2\/infouartes?post=2677"}],"curies":[{"name":"wp","href":"https:\/\/api.w.org\/{rel}","templated":true}]}}