{"id":2710,"date":"2018-11-16T11:06:48","date_gmt":"2018-11-16T16:06:48","guid":{"rendered":"http:\/\/www.uartes.edu.ec\/sitio\/?p=2710"},"modified":"2024-07-04T11:53:42","modified_gmt":"2024-07-04T16:53:42","slug":"sesiones-artisticas-con-la-compania-de-artes-escenicos-circulo","status":"publish","type":"post","link":"https:\/\/www.uartes.edu.ec\/sitio\/fr\/blog\/2018\/11\/16\/sesiones-artisticas-con-la-compania-de-artes-escenicos-circulo\/","title":{"rendered":"Sesiones art\u00edsticas con la Compa\u00f1\u00eda de Artes Esc\u00e9nicos C\u00edrculo"},"content":{"rendered":"<p>Como parte del Programa de Acompa\u00f1amiento para el \u00c9xito\nAcad\u00e9mico que organiza la Universidad de las Artes; el Centro de Pr\u00e1cticas Corporales,\nen coordinaci\u00f3n con la Escuela de Artes esc\u00e9nicas de la Universidad de las\nArtes y el departamento de vinculaci\u00f3n con la comunidad,&nbsp;ha organizado el\nencuentro con la Compa\u00f1\u00eda de Artes Esc\u00e9nicas C\u00edrculo,&nbsp;a trav\u00e9s de una\nconferencia sobre la producci\u00f3n art\u00edstica&nbsp;de la compa\u00f1\u00eda&nbsp;y\nuna&nbsp;sesi\u00f3n pr\u00e1ctica de acrobacia para estudiantes de la escuela de Artes\nEsc\u00e9nicas y comunidad en general.<\/p>\n\n\n\n<p>El encuentro abordar\u00e1 la perspectiva personal del artista\nesc\u00e9nico ecuatoriano- chileno Mat\u00edas\nBelmar, sobre el panorama del arte esc\u00e9nico en el pa\u00eds en relaci\u00f3n con sus\ncreaciones art\u00edsticas dedicadas a p\u00fablico familiar y desde su vinculaci\u00f3n con\nla Compa\u00f1\u00eda de Artes Esc\u00e9nicas C\u00edrculo que integra en su po\u00e9tica el lenguaje\ndel circo, el teatro y la m\u00fasica.<\/p>\n\n\n\n<p>La sesi\u00f3n pr\u00e1ctica de acrobacia integrar\u00e1\nuna&nbsp;introducci\u00f3n a la t\u00e9cnica de paradas de mano (pulsadas), como un\nelemento para enriquecer de las posibilidades expresivas del creador esc\u00e9nico.\nLa conferencia, con&nbsp;entrada libre, se realizar\u00e1 en el Edificio Enrique\nT\u00e1bara, aula 201, el jueves 22 de noviembre a las 19h00.<\/p>\n\n\n\n<p>El viernes 23 de noviembre de 18h00 a 21h00 se dar\u00e1\nuna&nbsp;clase para estudiantes de las Escuela de Artes Esc\u00e9nicas de la carrera\nde Creaci\u00f3n Teatral y Comunidad&nbsp;con conocimiento de entrenamiento\nf\u00edsico&nbsp;en el teatro laboratorio de la UArtes campus sur.<\/p>\n\n\n\n<p>Para mayor informaci\u00f3n contactarse al\u00a0correo:\u00a0<a href=\"mailto:practicas.corporales@uartes.edu.ec\">practicas.corporales@uartes.edu.ec<\/a><\/p>\n\n\n\n<p>Foto tomada de <a href=\"http:\/\/www.circoteatro.org\">circoteatro.org<\/a><\/p>","protected":false},"excerpt":{"rendered":"<p>Como parte del Programa de Acompa\u00f1amiento para el \u00c9xito Acad\u00e9mico que organiza la Universidad de las Artes; el Centro de Pr\u00e1cticas Corporales, en coordinaci\u00f3n con la Escuela de Artes esc\u00e9nicas de la Universidad de las Artes y el departamento de vinculaci\u00f3n con la comunidad,&nbsp;ha organizado el encuentro con la Compa\u00f1\u00eda de Artes Esc\u00e9nicas C\u00edrculo,&nbsp;a trav\u00e9s [&hellip;]<\/p>\n","protected":false},"author":1,"featured_media":2711,"comment_status":"closed","ping_status":"closed","sticky":false,"template":"","format":"standard","meta":{"_acf_changed":false,"_uag_custom_page_level_css":"","_monsterinsights_skip_tracking":false,"_monsterinsights_sitenote_active":false,"_monsterinsights_sitenote_note":"","_monsterinsights_sitenote_category":0,"cybocfi_hide_featured_image":"","footnotes":""},"categories":[80],"tags":[],"infouartes":[],"class_list":["post-2710","post","type-post","status-publish","format-standard","has-post-thumbnail","hentry","category-academico"],"acf":[],"yoast_head":"<!-- This site is optimized with the Yoast SEO plugin v27.4 - https:\/\/yoast.com\/product\/yoast-seo-wordpress\/ -->\n<title>Universidad de las Artes - Sesiones art\u00edsticas con la Compa\u00f1\u00eda de Artes Esc\u00e9nicos C\u00edrculo<\/title>\n<meta name=\"description\" content=\"Universidad de las Artes - Sesiones art\u00edsticas con la Compa\u00f1\u00eda de Artes Esc\u00e9nicos C\u00edrculo\" \/>\n<meta name=\"robots\" content=\"index, follow, max-snippet:-1, max-image-preview:large, max-video-preview:-1\" \/>\n<link rel=\"canonical\" href=\"https:\/\/www.uartes.edu.ec\/sitio\/fr\/blog\/2018\/11\/16\/sesiones-artisticas-con-la-compania-de-artes-escenicos-circulo\/\" \/>\n<meta property=\"og:locale\" content=\"fr_FR\" \/>\n<meta property=\"og:type\" content=\"article\" \/>\n<meta property=\"og:title\" content=\"Universidad de las Artes - Sesiones art\u00edsticas con la Compa\u00f1\u00eda de Artes Esc\u00e9nicos C\u00edrculo\" \/>\n<meta property=\"og:description\" content=\"Universidad de las Artes - Sesiones art\u00edsticas con la Compa\u00f1\u00eda de Artes Esc\u00e9nicos C\u00edrculo\" \/>\n<meta property=\"og:url\" content=\"https:\/\/www.uartes.edu.ec\/sitio\/fr\/blog\/2018\/11\/16\/sesiones-artisticas-con-la-compania-de-artes-escenicos-circulo\/\" \/>\n<meta property=\"og:site_name\" content=\"Universidad de las Artes\" \/>\n<meta property=\"article:publisher\" content=\"https:\/\/www.facebook.com\/uartesec\" \/>\n<meta property=\"article:published_time\" content=\"2018-11-16T16:06:48+00:00\" \/>\n<meta property=\"article:modified_time\" content=\"2024-07-04T16:53:42+00:00\" \/>\n<meta property=\"og:image\" content=\"https:\/\/www.uartes.edu.ec\/sitio\/wp-content\/uploads\/2018\/11\/foto-artes-01-scaled.jpg\" \/>\n\t<meta property=\"og:image:width\" content=\"4263\" \/>\n\t<meta property=\"og:image:height\" content=\"2665\" \/>\n\t<meta property=\"og:image:type\" content=\"image\/jpeg\" \/>\n<meta name=\"author\" content=\"Universidad de las Artes\" \/>\n<meta name=\"twitter:card\" content=\"summary_large_image\" \/>\n<meta name=\"twitter:creator\" content=\"@uartesec\" \/>\n<meta name=\"twitter:site\" content=\"@uartesec\" \/>\n<meta name=\"twitter:label1\" content=\"\u00c9crit par\" \/>\n\t<meta name=\"twitter:data1\" content=\"Universidad de las Artes\" \/>\n\t<meta name=\"twitter:label2\" content=\"Dur\u00e9e de lecture estim\u00e9e\" \/>\n\t<meta name=\"twitter:data2\" content=\"1 minute\" \/>\n<script type=\"application\/ld+json\" class=\"yoast-schema-graph\">{\"@context\":\"https:\\\/\\\/schema.org\",\"@graph\":[{\"@type\":\"Article\",\"@id\":\"https:\\\/\\\/www.uartes.edu.ec\\\/sitio\\\/fr\\\/blog\\\/2018\\\/11\\\/16\\\/sesiones-artisticas-con-la-compania-de-artes-escenicos-circulo\\\/#article\",\"isPartOf\":{\"@id\":\"https:\\\/\\\/www.uartes.edu.ec\\\/sitio\\\/fr\\\/blog\\\/2018\\\/11\\\/16\\\/sesiones-artisticas-con-la-compania-de-artes-escenicos-circulo\\\/\"},\"author\":{\"name\":\"Universidad de las Artes\",\"@id\":\"https:\\\/\\\/www.uartes.edu.ec\\\/sitio\\\/fr\\\/#\\\/schema\\\/person\\\/f33f8c1d2af0d5c80a38c8abf458184a\"},\"headline\":\"Sesiones art\u00edsticas con la Compa\u00f1\u00eda de Artes Esc\u00e9nicos C\u00edrculo\",\"datePublished\":\"2018-11-16T16:06:48+00:00\",\"dateModified\":\"2024-07-04T16:53:42+00:00\",\"mainEntityOfPage\":{\"@id\":\"https:\\\/\\\/www.uartes.edu.ec\\\/sitio\\\/fr\\\/blog\\\/2018\\\/11\\\/16\\\/sesiones-artisticas-con-la-compania-de-artes-escenicos-circulo\\\/\"},\"wordCount\":310,\"publisher\":{\"@id\":\"https:\\\/\\\/www.uartes.edu.ec\\\/sitio\\\/fr\\\/#organization\"},\"image\":{\"@id\":\"https:\\\/\\\/www.uartes.edu.ec\\\/sitio\\\/fr\\\/blog\\\/2018\\\/11\\\/16\\\/sesiones-artisticas-con-la-compania-de-artes-escenicos-circulo\\\/#primaryimage\"},\"thumbnailUrl\":\"https:\\\/\\\/www.uartes.edu.ec\\\/sitio\\\/wp-content\\\/uploads\\\/2018\\\/11\\\/foto-artes-01-scaled.jpg\",\"articleSection\":[\"Acad\u00e9mico\"],\"inLanguage\":\"fr-FR\"},{\"@type\":[\"WebPage\",\"ItemPage\"],\"@id\":\"https:\\\/\\\/www.uartes.edu.ec\\\/sitio\\\/fr\\\/blog\\\/2018\\\/11\\\/16\\\/sesiones-artisticas-con-la-compania-de-artes-escenicos-circulo\\\/\",\"url\":\"https:\\\/\\\/www.uartes.edu.ec\\\/sitio\\\/fr\\\/blog\\\/2018\\\/11\\\/16\\\/sesiones-artisticas-con-la-compania-de-artes-escenicos-circulo\\\/\",\"name\":\"Universidad de las Artes - Sesiones art\u00edsticas con la Compa\u00f1\u00eda de Artes Esc\u00e9nicos C\u00edrculo\",\"isPartOf\":{\"@id\":\"https:\\\/\\\/www.uartes.edu.ec\\\/sitio\\\/fr\\\/#website\"},\"primaryImageOfPage\":{\"@id\":\"https:\\\/\\\/www.uartes.edu.ec\\\/sitio\\\/fr\\\/blog\\\/2018\\\/11\\\/16\\\/sesiones-artisticas-con-la-compania-de-artes-escenicos-circulo\\\/#primaryimage\"},\"image\":{\"@id\":\"https:\\\/\\\/www.uartes.edu.ec\\\/sitio\\\/fr\\\/blog\\\/2018\\\/11\\\/16\\\/sesiones-artisticas-con-la-compania-de-artes-escenicos-circulo\\\/#primaryimage\"},\"thumbnailUrl\":\"https:\\\/\\\/www.uartes.edu.ec\\\/sitio\\\/wp-content\\\/uploads\\\/2018\\\/11\\\/foto-artes-01-scaled.jpg\",\"datePublished\":\"2018-11-16T16:06:48+00:00\",\"dateModified\":\"2024-07-04T16:53:42+00:00\",\"description\":\"Universidad de las Artes - Sesiones art\u00edsticas con la Compa\u00f1\u00eda de Artes Esc\u00e9nicos C\u00edrculo\",\"breadcrumb\":{\"@id\":\"https:\\\/\\\/www.uartes.edu.ec\\\/sitio\\\/fr\\\/blog\\\/2018\\\/11\\\/16\\\/sesiones-artisticas-con-la-compania-de-artes-escenicos-circulo\\\/#breadcrumb\"},\"inLanguage\":\"fr-FR\",\"potentialAction\":[{\"@type\":\"ReadAction\",\"target\":[\"https:\\\/\\\/www.uartes.edu.ec\\\/sitio\\\/fr\\\/blog\\\/2018\\\/11\\\/16\\\/sesiones-artisticas-con-la-compania-de-artes-escenicos-circulo\\\/\"]}]},{\"@type\":\"ImageObject\",\"inLanguage\":\"fr-FR\",\"@id\":\"https:\\\/\\\/www.uartes.edu.ec\\\/sitio\\\/fr\\\/blog\\\/2018\\\/11\\\/16\\\/sesiones-artisticas-con-la-compania-de-artes-escenicos-circulo\\\/#primaryimage\",\"url\":\"https:\\\/\\\/www.uartes.edu.ec\\\/sitio\\\/wp-content\\\/uploads\\\/2018\\\/11\\\/foto-artes-01-scaled.jpg\",\"contentUrl\":\"https:\\\/\\\/www.uartes.edu.ec\\\/sitio\\\/wp-content\\\/uploads\\\/2018\\\/11\\\/foto-artes-01-scaled.jpg\",\"width\":4263,\"height\":2665},{\"@type\":\"BreadcrumbList\",\"@id\":\"https:\\\/\\\/www.uartes.edu.ec\\\/sitio\\\/fr\\\/blog\\\/2018\\\/11\\\/16\\\/sesiones-artisticas-con-la-compania-de-artes-escenicos-circulo\\\/#breadcrumb\",\"itemListElement\":[{\"@type\":\"ListItem\",\"position\":1,\"name\":\"Inicio\",\"item\":\"https:\\\/\\\/www.uartes.edu.ec\\\/sitio\\\/\"},{\"@type\":\"ListItem\",\"position\":2,\"name\":\"Sesiones art\u00edsticas con la Compa\u00f1\u00eda de Artes Esc\u00e9nicos C\u00edrculo\"}]},{\"@type\":\"WebSite\",\"@id\":\"https:\\\/\\\/www.uartes.edu.ec\\\/sitio\\\/fr\\\/#website\",\"url\":\"https:\\\/\\\/www.uartes.edu.ec\\\/sitio\\\/fr\\\/\",\"name\":\"Universidad de las Artes\",\"description\":\"Sitio oficial de la Universidad Nacional de las Artes del Ecuador\",\"publisher\":{\"@id\":\"https:\\\/\\\/www.uartes.edu.ec\\\/sitio\\\/fr\\\/#organization\"},\"potentialAction\":[{\"@type\":\"SearchAction\",\"target\":{\"@type\":\"EntryPoint\",\"urlTemplate\":\"https:\\\/\\\/www.uartes.edu.ec\\\/sitio\\\/fr\\\/?s={search_term_string}\"},\"query-input\":{\"@type\":\"PropertyValueSpecification\",\"valueRequired\":true,\"valueName\":\"search_term_string\"}}],\"inLanguage\":\"fr-FR\"},{\"@type\":\"Organization\",\"@id\":\"https:\\\/\\\/www.uartes.edu.ec\\\/sitio\\\/fr\\\/#organization\",\"name\":\"Universidad de las Artes\",\"url\":\"https:\\\/\\\/www.uartes.edu.ec\\\/sitio\\\/fr\\\/\",\"logo\":{\"@type\":\"ImageObject\",\"inLanguage\":\"fr-FR\",\"@id\":\"https:\\\/\\\/www.uartes.edu.ec\\\/sitio\\\/fr\\\/#\\\/schema\\\/logo\\\/image\\\/\",\"url\":\"https:\\\/\\\/www.uartes.edu.ec\\\/sitio\\\/wp-content\\\/uploads\\\/2022\\\/07\\\/logo-ua-horizontal.png\",\"contentUrl\":\"https:\\\/\\\/www.uartes.edu.ec\\\/sitio\\\/wp-content\\\/uploads\\\/2022\\\/07\\\/logo-ua-horizontal.png\",\"width\":800,\"height\":276,\"caption\":\"Universidad de las Artes\"},\"image\":{\"@id\":\"https:\\\/\\\/www.uartes.edu.ec\\\/sitio\\\/fr\\\/#\\\/schema\\\/logo\\\/image\\\/\"},\"sameAs\":[\"https:\\\/\\\/www.facebook.com\\\/uartesec\",\"https:\\\/\\\/x.com\\\/uartesec\",\"https:\\\/\\\/www.tiktok.com\\\/@uartesec\"]},{\"@type\":\"Person\",\"@id\":\"https:\\\/\\\/www.uartes.edu.ec\\\/sitio\\\/fr\\\/#\\\/schema\\\/person\\\/f33f8c1d2af0d5c80a38c8abf458184a\",\"name\":\"Universidad de las Artes\",\"image\":{\"@type\":\"ImageObject\",\"inLanguage\":\"fr-FR\",\"@id\":\"https:\\\/\\\/secure.gravatar.com\\\/avatar\\\/52e4757902f5cfa5ac52d020e5be83cae5487519154b6c35482fe08d589f3c13?s=96&d=mm&r=g\",\"url\":\"https:\\\/\\\/secure.gravatar.com\\\/avatar\\\/52e4757902f5cfa5ac52d020e5be83cae5487519154b6c35482fe08d589f3c13?s=96&d=mm&r=g\",\"contentUrl\":\"https:\\\/\\\/secure.gravatar.com\\\/avatar\\\/52e4757902f5cfa5ac52d020e5be83cae5487519154b6c35482fe08d589f3c13?s=96&d=mm&r=g\",\"caption\":\"Universidad de las Artes\"},\"url\":\"https:\\\/\\\/www.uartes.edu.ec\\\/sitio\\\/fr\\\/blog\\\/author\\\/dircomadm\\\/\"}]}<\/script>\n<!-- \/ Yoast SEO plugin. -->","yoast_head_json":{"title":"Universidad de las Artes - Sesiones art\u00edsticas con la Compa\u00f1\u00eda de Artes Esc\u00e9nicos C\u00edrculo","description":"Universidad de las Artes - Sesiones art\u00edsticas con la Compa\u00f1\u00eda de Artes Esc\u00e9nicos C\u00edrculo","robots":{"index":"index","follow":"follow","max-snippet":"max-snippet:-1","max-image-preview":"max-image-preview:large","max-video-preview":"max-video-preview:-1"},"canonical":"https:\/\/www.uartes.edu.ec\/sitio\/fr\/blog\/2018\/11\/16\/sesiones-artisticas-con-la-compania-de-artes-escenicos-circulo\/","og_locale":"fr_FR","og_type":"article","og_title":"Universidad de las Artes - Sesiones art\u00edsticas con la Compa\u00f1\u00eda de Artes Esc\u00e9nicos C\u00edrculo","og_description":"Universidad de las Artes - Sesiones art\u00edsticas con la Compa\u00f1\u00eda de Artes Esc\u00e9nicos C\u00edrculo","og_url":"https:\/\/www.uartes.edu.ec\/sitio\/fr\/blog\/2018\/11\/16\/sesiones-artisticas-con-la-compania-de-artes-escenicos-circulo\/","og_site_name":"Universidad de las Artes","article_publisher":"https:\/\/www.facebook.com\/uartesec","article_published_time":"2018-11-16T16:06:48+00:00","article_modified_time":"2024-07-04T16:53:42+00:00","og_image":[{"width":4263,"height":2665,"url":"https:\/\/www.uartes.edu.ec\/sitio\/wp-content\/uploads\/2018\/11\/foto-artes-01-scaled.jpg","type":"image\/jpeg"}],"author":"Universidad de las Artes","twitter_card":"summary_large_image","twitter_creator":"@uartesec","twitter_site":"@uartesec","twitter_misc":{"\u00c9crit par":"Universidad de las Artes","Dur\u00e9e de lecture estim\u00e9e":"1 minute"},"schema":{"@context":"https:\/\/schema.org","@graph":[{"@type":"Article","@id":"https:\/\/www.uartes.edu.ec\/sitio\/fr\/blog\/2018\/11\/16\/sesiones-artisticas-con-la-compania-de-artes-escenicos-circulo\/#article","isPartOf":{"@id":"https:\/\/www.uartes.edu.ec\/sitio\/fr\/blog\/2018\/11\/16\/sesiones-artisticas-con-la-compania-de-artes-escenicos-circulo\/"},"author":{"name":"Universidad de las Artes","@id":"https:\/\/www.uartes.edu.ec\/sitio\/fr\/#\/schema\/person\/f33f8c1d2af0d5c80a38c8abf458184a"},"headline":"Sesiones art\u00edsticas con la Compa\u00f1\u00eda de Artes Esc\u00e9nicos C\u00edrculo","datePublished":"2018-11-16T16:06:48+00:00","dateModified":"2024-07-04T16:53:42+00:00","mainEntityOfPage":{"@id":"https:\/\/www.uartes.edu.ec\/sitio\/fr\/blog\/2018\/11\/16\/sesiones-artisticas-con-la-compania-de-artes-escenicos-circulo\/"},"wordCount":310,"publisher":{"@id":"https:\/\/www.uartes.edu.ec\/sitio\/fr\/#organization"},"image":{"@id":"https:\/\/www.uartes.edu.ec\/sitio\/fr\/blog\/2018\/11\/16\/sesiones-artisticas-con-la-compania-de-artes-escenicos-circulo\/#primaryimage"},"thumbnailUrl":"https:\/\/www.uartes.edu.ec\/sitio\/wp-content\/uploads\/2018\/11\/foto-artes-01-scaled.jpg","articleSection":["Acad\u00e9mico"],"inLanguage":"fr-FR"},{"@type":["WebPage","ItemPage"],"@id":"https:\/\/www.uartes.edu.ec\/sitio\/fr\/blog\/2018\/11\/16\/sesiones-artisticas-con-la-compania-de-artes-escenicos-circulo\/","url":"https:\/\/www.uartes.edu.ec\/sitio\/fr\/blog\/2018\/11\/16\/sesiones-artisticas-con-la-compania-de-artes-escenicos-circulo\/","name":"Universidad de las Artes - Sesiones art\u00edsticas con la Compa\u00f1\u00eda de Artes Esc\u00e9nicos C\u00edrculo","isPartOf":{"@id":"https:\/\/www.uartes.edu.ec\/sitio\/fr\/#website"},"primaryImageOfPage":{"@id":"https:\/\/www.uartes.edu.ec\/sitio\/fr\/blog\/2018\/11\/16\/sesiones-artisticas-con-la-compania-de-artes-escenicos-circulo\/#primaryimage"},"image":{"@id":"https:\/\/www.uartes.edu.ec\/sitio\/fr\/blog\/2018\/11\/16\/sesiones-artisticas-con-la-compania-de-artes-escenicos-circulo\/#primaryimage"},"thumbnailUrl":"https:\/\/www.uartes.edu.ec\/sitio\/wp-content\/uploads\/2018\/11\/foto-artes-01-scaled.jpg","datePublished":"2018-11-16T16:06:48+00:00","dateModified":"2024-07-04T16:53:42+00:00","description":"Universidad de las Artes - Sesiones art\u00edsticas con la Compa\u00f1\u00eda de Artes Esc\u00e9nicos C\u00edrculo","breadcrumb":{"@id":"https:\/\/www.uartes.edu.ec\/sitio\/fr\/blog\/2018\/11\/16\/sesiones-artisticas-con-la-compania-de-artes-escenicos-circulo\/#breadcrumb"},"inLanguage":"fr-FR","potentialAction":[{"@type":"ReadAction","target":["https:\/\/www.uartes.edu.ec\/sitio\/fr\/blog\/2018\/11\/16\/sesiones-artisticas-con-la-compania-de-artes-escenicos-circulo\/"]}]},{"@type":"ImageObject","inLanguage":"fr-FR","@id":"https:\/\/www.uartes.edu.ec\/sitio\/fr\/blog\/2018\/11\/16\/sesiones-artisticas-con-la-compania-de-artes-escenicos-circulo\/#primaryimage","url":"https:\/\/www.uartes.edu.ec\/sitio\/wp-content\/uploads\/2018\/11\/foto-artes-01-scaled.jpg","contentUrl":"https:\/\/www.uartes.edu.ec\/sitio\/wp-content\/uploads\/2018\/11\/foto-artes-01-scaled.jpg","width":4263,"height":2665},{"@type":"BreadcrumbList","@id":"https:\/\/www.uartes.edu.ec\/sitio\/fr\/blog\/2018\/11\/16\/sesiones-artisticas-con-la-compania-de-artes-escenicos-circulo\/#breadcrumb","itemListElement":[{"@type":"ListItem","position":1,"name":"Inicio","item":"https:\/\/www.uartes.edu.ec\/sitio\/"},{"@type":"ListItem","position":2,"name":"Sesiones art\u00edsticas con la Compa\u00f1\u00eda de Artes Esc\u00e9nicos C\u00edrculo"}]},{"@type":"WebSite","@id":"https:\/\/www.uartes.edu.ec\/sitio\/fr\/#website","url":"https:\/\/www.uartes.edu.ec\/sitio\/fr\/","name":"Universidad de las Artes","description":"Sitio oficial de la Universidad Nacional de las Artes del Ecuador","publisher":{"@id":"https:\/\/www.uartes.edu.ec\/sitio\/fr\/#organization"},"potentialAction":[{"@type":"SearchAction","target":{"@type":"EntryPoint","urlTemplate":"https:\/\/www.uartes.edu.ec\/sitio\/fr\/?s={search_term_string}"},"query-input":{"@type":"PropertyValueSpecification","valueRequired":true,"valueName":"search_term_string"}}],"inLanguage":"fr-FR"},{"@type":"Organization","@id":"https:\/\/www.uartes.edu.ec\/sitio\/fr\/#organization","name":"Universidad de las Artes","url":"https:\/\/www.uartes.edu.ec\/sitio\/fr\/","logo":{"@type":"ImageObject","inLanguage":"fr-FR","@id":"https:\/\/www.uartes.edu.ec\/sitio\/fr\/#\/schema\/logo\/image\/","url":"https:\/\/www.uartes.edu.ec\/sitio\/wp-content\/uploads\/2022\/07\/logo-ua-horizontal.png","contentUrl":"https:\/\/www.uartes.edu.ec\/sitio\/wp-content\/uploads\/2022\/07\/logo-ua-horizontal.png","width":800,"height":276,"caption":"Universidad de las Artes"},"image":{"@id":"https:\/\/www.uartes.edu.ec\/sitio\/fr\/#\/schema\/logo\/image\/"},"sameAs":["https:\/\/www.facebook.com\/uartesec","https:\/\/x.com\/uartesec","https:\/\/www.tiktok.com\/@uartesec"]},{"@type":"Person","@id":"https:\/\/www.uartes.edu.ec\/sitio\/fr\/#\/schema\/person\/f33f8c1d2af0d5c80a38c8abf458184a","name":"Universidad de las Artes","image":{"@type":"ImageObject","inLanguage":"fr-FR","@id":"https:\/\/secure.gravatar.com\/avatar\/52e4757902f5cfa5ac52d020e5be83cae5487519154b6c35482fe08d589f3c13?s=96&d=mm&r=g","url":"https:\/\/secure.gravatar.com\/avatar\/52e4757902f5cfa5ac52d020e5be83cae5487519154b6c35482fe08d589f3c13?s=96&d=mm&r=g","contentUrl":"https:\/\/secure.gravatar.com\/avatar\/52e4757902f5cfa5ac52d020e5be83cae5487519154b6c35482fe08d589f3c13?s=96&d=mm&r=g","caption":"Universidad de las Artes"},"url":"https:\/\/www.uartes.edu.ec\/sitio\/fr\/blog\/author\/dircomadm\/"}]}},"uagb_featured_image_src":{"full":["https:\/\/www.uartes.edu.ec\/sitio\/wp-content\/uploads\/2018\/11\/foto-artes-01-scaled.jpg",4263,2665,false],"thumbnail":["https:\/\/www.uartes.edu.ec\/sitio\/wp-content\/uploads\/2018\/11\/foto-artes-01-150x150.jpg",150,150,true],"medium":["https:\/\/www.uartes.edu.ec\/sitio\/wp-content\/uploads\/2018\/11\/foto-artes-01-300x188.jpg",300,188,true],"medium_large":["https:\/\/www.uartes.edu.ec\/sitio\/wp-content\/uploads\/2018\/11\/foto-artes-01-768x480.jpg",768,480,true],"large":["https:\/\/www.uartes.edu.ec\/sitio\/wp-content\/uploads\/2018\/11\/foto-artes-01-1024x640.jpg",644,403,true],"1536x1536":["https:\/\/www.uartes.edu.ec\/sitio\/wp-content\/uploads\/2018\/11\/foto-artes-01-scaled.jpg",1536,960,false],"2048x2048":["https:\/\/www.uartes.edu.ec\/sitio\/wp-content\/uploads\/2018\/11\/foto-artes-01-scaled.jpg",2048,1280,false],"trp-custom-language-flag":["https:\/\/www.uartes.edu.ec\/sitio\/wp-content\/uploads\/2018\/11\/foto-artes-01-scaled.jpg",18,12,false],"htmega_size_585x295":["https:\/\/www.uartes.edu.ec\/sitio\/wp-content\/uploads\/2018\/11\/foto-artes-01-scaled.jpg",472,295,false],"htmega_size_1170x536":["https:\/\/www.uartes.edu.ec\/sitio\/wp-content\/uploads\/2018\/11\/foto-artes-01-scaled.jpg",857,536,false],"htmega_size_396x360":["https:\/\/www.uartes.edu.ec\/sitio\/wp-content\/uploads\/2018\/11\/foto-artes-01-scaled.jpg",396,248,false],"gb-block-post-grid-landscape":["https:\/\/www.uartes.edu.ec\/sitio\/wp-content\/uploads\/2018\/11\/foto-artes-01-scaled.jpg",600,375,false],"gb-block-post-grid-square":["https:\/\/www.uartes.edu.ec\/sitio\/wp-content\/uploads\/2018\/11\/foto-artes-01-scaled.jpg",600,375,false],"university-hub-thumb":["https:\/\/www.uartes.edu.ec\/sitio\/wp-content\/uploads\/2018\/11\/foto-artes-01-scaled.jpg",400,250,false],"mailpoet_newsletter_max":["https:\/\/www.uartes.edu.ec\/sitio\/wp-content\/uploads\/2018\/11\/foto-artes-01-scaled.jpg",1320,825,false]},"uagb_author_info":{"display_name":"Universidad de las Artes","author_link":"https:\/\/www.uartes.edu.ec\/sitio\/fr\/blog\/author\/dircomadm\/"},"uagb_comment_info":0,"uagb_excerpt":"Como parte del Programa de Acompa\u00f1amiento para el \u00c9xito Acad\u00e9mico que organiza la Universidad de las Artes; el Centro de Pr\u00e1cticas Corporales, en coordinaci\u00f3n con la Escuela de Artes esc\u00e9nicas de la Universidad de las Artes y el departamento de vinculaci\u00f3n con la comunidad,&nbsp;ha organizado el encuentro con la Compa\u00f1\u00eda de Artes Esc\u00e9nicas C\u00edrculo,&nbsp;a trav\u00e9s\u2026","featured_image_src":"https:\/\/www.uartes.edu.ec\/sitio\/wp-content\/uploads\/2018\/11\/foto-artes-01-scaled.jpg","featured_image_src_square":"https:\/\/www.uartes.edu.ec\/sitio\/wp-content\/uploads\/2018\/11\/foto-artes-01-scaled.jpg","author_info":{"display_name":"Universidad de las Artes","author_link":"https:\/\/www.uartes.edu.ec\/sitio\/fr\/blog\/author\/dircomadm\/"},"publishpress_future_workflow_manual_trigger":{"enabledWorkflows":[]},"distributor_meta":false,"distributor_terms":false,"distributor_media":false,"distributor_original_site_name":"Universidad de las Artes","distributor_original_site_url":"https:\/\/www.uartes.edu.ec\/sitio\/fr","push-errors":false,"_links":{"self":[{"href":"https:\/\/www.uartes.edu.ec\/sitio\/fr\/wp-json\/wp\/v2\/posts\/2710","targetHints":{"allow":["GET"]}}],"collection":[{"href":"https:\/\/www.uartes.edu.ec\/sitio\/fr\/wp-json\/wp\/v2\/posts"}],"about":[{"href":"https:\/\/www.uartes.edu.ec\/sitio\/fr\/wp-json\/wp\/v2\/types\/post"}],"author":[{"embeddable":true,"href":"https:\/\/www.uartes.edu.ec\/sitio\/fr\/wp-json\/wp\/v2\/users\/1"}],"replies":[{"embeddable":true,"href":"https:\/\/www.uartes.edu.ec\/sitio\/fr\/wp-json\/wp\/v2\/comments?post=2710"}],"version-history":[{"count":1,"href":"https:\/\/www.uartes.edu.ec\/sitio\/fr\/wp-json\/wp\/v2\/posts\/2710\/revisions"}],"predecessor-version":[{"id":2712,"href":"https:\/\/www.uartes.edu.ec\/sitio\/fr\/wp-json\/wp\/v2\/posts\/2710\/revisions\/2712"}],"wp:featuredmedia":[{"embeddable":true,"href":"https:\/\/www.uartes.edu.ec\/sitio\/fr\/wp-json\/wp\/v2\/media\/2711"}],"wp:attachment":[{"href":"https:\/\/www.uartes.edu.ec\/sitio\/fr\/wp-json\/wp\/v2\/media?parent=2710"}],"wp:term":[{"taxonomy":"category","embeddable":true,"href":"https:\/\/www.uartes.edu.ec\/sitio\/fr\/wp-json\/wp\/v2\/categories?post=2710"},{"taxonomy":"post_tag","embeddable":true,"href":"https:\/\/www.uartes.edu.ec\/sitio\/fr\/wp-json\/wp\/v2\/tags?post=2710"},{"taxonomy":"infouartes","embeddable":true,"href":"https:\/\/www.uartes.edu.ec\/sitio\/fr\/wp-json\/wp\/v2\/infouartes?post=2710"}],"curies":[{"name":"wp","href":"https:\/\/api.w.org\/{rel}","templated":true}]}}