{"id":2714,"date":"2018-11-19T16:43:08","date_gmt":"2018-11-19T21:43:08","guid":{"rendered":"http:\/\/www.uartes.edu.ec\/sitio\/?p=2714"},"modified":"2024-07-04T11:53:42","modified_gmt":"2024-07-04T16:53:42","slug":"escuela-de-cine-desarrollo-proyecto-con-ninos-y-ninas","status":"publish","type":"post","link":"https:\/\/www.uartes.edu.ec\/sitio\/fr\/blog\/2018\/11\/19\/escuela-de-cine-desarrollo-proyecto-con-ninos-y-ninas\/","title":{"rendered":"Escuela de Cine desarroll\u00f3 proyecto con ni\u00f1os y ni\u00f1as"},"content":{"rendered":"<p>En el marco del proyecto de\nvinculaci\u00f3n con la sociedad \u201cProcesos de educaci\u00f3n en cine ecuatoriano: m\u00e1s\nall\u00e1 de las aulas\u201d, la Escuela de Cine de la Universidad de las Artes,\ndesarroll\u00f3 durante septiembre y octubre de 2018 un taller te\u00f3rico-pr\u00e1ctico de\ncine en la escuela de la Asociaci\u00f3n Comunitaria Hilarte al sur de Guayaquil,\ndirigido a ni\u00f1os y ni\u00f1as de 11 y 12 a\u00f1os, que culmin\u00f3 con la realizaci\u00f3n\ncolectiva de un corto, presentado a la comunidad educativa, y la entrega de\ncertificados de participaci\u00f3n de esta actividad.<\/p>\n\n\n\n<p>Patricia Toro, directora del\nCentro Educativo Hilarte, manifest\u00f3 \u201cAgradecemos&nbsp;que en\nGuayaquil&nbsp;exista una&nbsp;Universidad de las Artes que se vincule con la\ncomunidad, ese v\u00ednculo que se compromete y ense\u00f1a.\u201d<\/p>\n\n\n\n<p>Este espacio de formaci\u00f3n estuvo\nbajo la tutela de la docente Priscila Aguirre y los estudiantes de la Escuela\nde Cine: Kimberlyn Mancilla, Bryan Arellano, Jaime Le\u00f3n y Jennifer Cevallos;\nquienes, en el \u00e1mbito de sus pr\u00e1cticas pre-profesionales de servicio\ncomunitario, compartieron sus conocimientos y experiencias del programa \u201cRural\nde Artes: Artistas sin fronteras\u201d.<\/p>\n\n\n\n<p>En noviembre se tiene previsto\nsubir el corto a la plataforma&nbsp;<em>YouTube<\/em>.\nDurante el 2019 continuar\u00e1n los talleres de apreciaci\u00f3n cinematogr\u00e1fica. Con\nestas actividades la UArtes apuesta por el fortalecimiento de las capacidades\ncon distintas comunidades, en los m\u00e9todos de construcci\u00f3n de conocimientos.<\/p>","protected":false},"excerpt":{"rendered":"<p>En el marco del proyecto de vinculaci\u00f3n con la sociedad \u201cProcesos de educaci\u00f3n en cine ecuatoriano: m\u00e1s all\u00e1 de las aulas\u201d, la Escuela de Cine de la Universidad de las Artes, desarroll\u00f3 durante septiembre y octubre de 2018 un taller te\u00f3rico-pr\u00e1ctico de cine en la escuela de la Asociaci\u00f3n Comunitaria Hilarte al sur de Guayaquil, [&hellip;]<\/p>\n","protected":false},"author":1,"featured_media":2715,"comment_status":"closed","ping_status":"closed","sticky":false,"template":"","format":"standard","meta":{"_acf_changed":false,"_uag_custom_page_level_css":"","_monsterinsights_skip_tracking":false,"_monsterinsights_sitenote_active":false,"_monsterinsights_sitenote_note":"","_monsterinsights_sitenote_category":0,"cybocfi_hide_featured_image":"","footnotes":""},"categories":[79],"tags":[],"infouartes":[],"class_list":["post-2714","post","type-post","status-publish","format-standard","has-post-thumbnail","hentry","category-vinculo"],"acf":[],"yoast_head":"<!-- This site is optimized with the Yoast SEO plugin v27.4 - https:\/\/yoast.com\/product\/yoast-seo-wordpress\/ -->\n<title>Universidad de las Artes - Escuela de Cine desarroll\u00f3 proyecto con ni\u00f1os y ni\u00f1as<\/title>\n<meta name=\"description\" content=\"Universidad de las Artes - Escuela de Cine desarroll\u00f3 proyecto con ni\u00f1os y ni\u00f1as\" \/>\n<meta name=\"robots\" content=\"index, follow, max-snippet:-1, max-image-preview:large, max-video-preview:-1\" \/>\n<link rel=\"canonical\" href=\"https:\/\/www.uartes.edu.ec\/sitio\/fr\/blog\/2018\/11\/19\/escuela-de-cine-desarrollo-proyecto-con-ninos-y-ninas\/\" \/>\n<meta property=\"og:locale\" content=\"fr_FR\" \/>\n<meta property=\"og:type\" content=\"article\" \/>\n<meta property=\"og:title\" content=\"Universidad de las Artes - Escuela de Cine desarroll\u00f3 proyecto con ni\u00f1os y ni\u00f1as\" \/>\n<meta property=\"og:description\" content=\"Universidad de las Artes - Escuela de Cine desarroll\u00f3 proyecto con ni\u00f1os y ni\u00f1as\" \/>\n<meta property=\"og:url\" content=\"https:\/\/www.uartes.edu.ec\/sitio\/fr\/blog\/2018\/11\/19\/escuela-de-cine-desarrollo-proyecto-con-ninos-y-ninas\/\" \/>\n<meta property=\"og:site_name\" content=\"Universidad de las Artes\" \/>\n<meta property=\"article:publisher\" content=\"https:\/\/www.facebook.com\/uartesec\" \/>\n<meta property=\"article:published_time\" content=\"2018-11-19T21:43:08+00:00\" \/>\n<meta property=\"article:modified_time\" content=\"2024-07-04T16:53:42+00:00\" \/>\n<meta property=\"og:image\" content=\"https:\/\/www.uartes.edu.ec\/sitio\/wp-content\/uploads\/2018\/11\/Taller-Cortos-Hilarte-2.jpeg\" \/>\n\t<meta property=\"og:image:width\" content=\"1280\" \/>\n\t<meta property=\"og:image:height\" content=\"720\" \/>\n\t<meta property=\"og:image:type\" content=\"image\/jpeg\" \/>\n<meta name=\"author\" content=\"Universidad de las Artes\" \/>\n<meta name=\"twitter:card\" content=\"summary_large_image\" \/>\n<meta name=\"twitter:creator\" content=\"@uartesec\" \/>\n<meta name=\"twitter:site\" content=\"@uartesec\" \/>\n<meta name=\"twitter:label1\" content=\"\u00c9crit par\" \/>\n\t<meta name=\"twitter:data1\" content=\"Universidad de las Artes\" \/>\n\t<meta name=\"twitter:label2\" content=\"Dur\u00e9e de lecture estim\u00e9e\" \/>\n\t<meta name=\"twitter:data2\" content=\"1 minute\" \/>\n<script type=\"application\/ld+json\" class=\"yoast-schema-graph\">{\"@context\":\"https:\\\/\\\/schema.org\",\"@graph\":[{\"@type\":\"Article\",\"@id\":\"https:\\\/\\\/www.uartes.edu.ec\\\/sitio\\\/fr\\\/blog\\\/2018\\\/11\\\/19\\\/escuela-de-cine-desarrollo-proyecto-con-ninos-y-ninas\\\/#article\",\"isPartOf\":{\"@id\":\"https:\\\/\\\/www.uartes.edu.ec\\\/sitio\\\/fr\\\/blog\\\/2018\\\/11\\\/19\\\/escuela-de-cine-desarrollo-proyecto-con-ninos-y-ninas\\\/\"},\"author\":{\"name\":\"Universidad de las Artes\",\"@id\":\"https:\\\/\\\/www.uartes.edu.ec\\\/sitio\\\/fr\\\/#\\\/schema\\\/person\\\/f33f8c1d2af0d5c80a38c8abf458184a\"},\"headline\":\"Escuela de Cine desarroll\u00f3 proyecto con ni\u00f1os y ni\u00f1as\",\"datePublished\":\"2018-11-19T21:43:08+00:00\",\"dateModified\":\"2024-07-04T16:53:42+00:00\",\"mainEntityOfPage\":{\"@id\":\"https:\\\/\\\/www.uartes.edu.ec\\\/sitio\\\/fr\\\/blog\\\/2018\\\/11\\\/19\\\/escuela-de-cine-desarrollo-proyecto-con-ninos-y-ninas\\\/\"},\"wordCount\":249,\"publisher\":{\"@id\":\"https:\\\/\\\/www.uartes.edu.ec\\\/sitio\\\/fr\\\/#organization\"},\"image\":{\"@id\":\"https:\\\/\\\/www.uartes.edu.ec\\\/sitio\\\/fr\\\/blog\\\/2018\\\/11\\\/19\\\/escuela-de-cine-desarrollo-proyecto-con-ninos-y-ninas\\\/#primaryimage\"},\"thumbnailUrl\":\"https:\\\/\\\/www.uartes.edu.ec\\\/sitio\\\/wp-content\\\/uploads\\\/2018\\\/11\\\/Taller-Cortos-Hilarte-2.jpeg\",\"articleSection\":[\"V\u00ednculo\"],\"inLanguage\":\"fr-FR\"},{\"@type\":[\"WebPage\",\"ItemPage\"],\"@id\":\"https:\\\/\\\/www.uartes.edu.ec\\\/sitio\\\/fr\\\/blog\\\/2018\\\/11\\\/19\\\/escuela-de-cine-desarrollo-proyecto-con-ninos-y-ninas\\\/\",\"url\":\"https:\\\/\\\/www.uartes.edu.ec\\\/sitio\\\/fr\\\/blog\\\/2018\\\/11\\\/19\\\/escuela-de-cine-desarrollo-proyecto-con-ninos-y-ninas\\\/\",\"name\":\"Universidad de las Artes - Escuela de Cine desarroll\u00f3 proyecto con ni\u00f1os y ni\u00f1as\",\"isPartOf\":{\"@id\":\"https:\\\/\\\/www.uartes.edu.ec\\\/sitio\\\/fr\\\/#website\"},\"primaryImageOfPage\":{\"@id\":\"https:\\\/\\\/www.uartes.edu.ec\\\/sitio\\\/fr\\\/blog\\\/2018\\\/11\\\/19\\\/escuela-de-cine-desarrollo-proyecto-con-ninos-y-ninas\\\/#primaryimage\"},\"image\":{\"@id\":\"https:\\\/\\\/www.uartes.edu.ec\\\/sitio\\\/fr\\\/blog\\\/2018\\\/11\\\/19\\\/escuela-de-cine-desarrollo-proyecto-con-ninos-y-ninas\\\/#primaryimage\"},\"thumbnailUrl\":\"https:\\\/\\\/www.uartes.edu.ec\\\/sitio\\\/wp-content\\\/uploads\\\/2018\\\/11\\\/Taller-Cortos-Hilarte-2.jpeg\",\"datePublished\":\"2018-11-19T21:43:08+00:00\",\"dateModified\":\"2024-07-04T16:53:42+00:00\",\"description\":\"Universidad de las Artes - Escuela de Cine desarroll\u00f3 proyecto con ni\u00f1os y ni\u00f1as\",\"breadcrumb\":{\"@id\":\"https:\\\/\\\/www.uartes.edu.ec\\\/sitio\\\/fr\\\/blog\\\/2018\\\/11\\\/19\\\/escuela-de-cine-desarrollo-proyecto-con-ninos-y-ninas\\\/#breadcrumb\"},\"inLanguage\":\"fr-FR\",\"potentialAction\":[{\"@type\":\"ReadAction\",\"target\":[\"https:\\\/\\\/www.uartes.edu.ec\\\/sitio\\\/fr\\\/blog\\\/2018\\\/11\\\/19\\\/escuela-de-cine-desarrollo-proyecto-con-ninos-y-ninas\\\/\"]}]},{\"@type\":\"ImageObject\",\"inLanguage\":\"fr-FR\",\"@id\":\"https:\\\/\\\/www.uartes.edu.ec\\\/sitio\\\/fr\\\/blog\\\/2018\\\/11\\\/19\\\/escuela-de-cine-desarrollo-proyecto-con-ninos-y-ninas\\\/#primaryimage\",\"url\":\"https:\\\/\\\/www.uartes.edu.ec\\\/sitio\\\/wp-content\\\/uploads\\\/2018\\\/11\\\/Taller-Cortos-Hilarte-2.jpeg\",\"contentUrl\":\"https:\\\/\\\/www.uartes.edu.ec\\\/sitio\\\/wp-content\\\/uploads\\\/2018\\\/11\\\/Taller-Cortos-Hilarte-2.jpeg\",\"width\":1280,\"height\":720},{\"@type\":\"BreadcrumbList\",\"@id\":\"https:\\\/\\\/www.uartes.edu.ec\\\/sitio\\\/fr\\\/blog\\\/2018\\\/11\\\/19\\\/escuela-de-cine-desarrollo-proyecto-con-ninos-y-ninas\\\/#breadcrumb\",\"itemListElement\":[{\"@type\":\"ListItem\",\"position\":1,\"name\":\"Inicio\",\"item\":\"https:\\\/\\\/www.uartes.edu.ec\\\/sitio\\\/\"},{\"@type\":\"ListItem\",\"position\":2,\"name\":\"Escuela de Cine desarroll\u00f3 proyecto con ni\u00f1os y ni\u00f1as\"}]},{\"@type\":\"WebSite\",\"@id\":\"https:\\\/\\\/www.uartes.edu.ec\\\/sitio\\\/fr\\\/#website\",\"url\":\"https:\\\/\\\/www.uartes.edu.ec\\\/sitio\\\/fr\\\/\",\"name\":\"Universidad de las Artes\",\"description\":\"Sitio oficial de la Universidad Nacional de las Artes del Ecuador\",\"publisher\":{\"@id\":\"https:\\\/\\\/www.uartes.edu.ec\\\/sitio\\\/fr\\\/#organization\"},\"potentialAction\":[{\"@type\":\"SearchAction\",\"target\":{\"@type\":\"EntryPoint\",\"urlTemplate\":\"https:\\\/\\\/www.uartes.edu.ec\\\/sitio\\\/fr\\\/?s={search_term_string}\"},\"query-input\":{\"@type\":\"PropertyValueSpecification\",\"valueRequired\":true,\"valueName\":\"search_term_string\"}}],\"inLanguage\":\"fr-FR\"},{\"@type\":\"Organization\",\"@id\":\"https:\\\/\\\/www.uartes.edu.ec\\\/sitio\\\/fr\\\/#organization\",\"name\":\"Universidad de las Artes\",\"url\":\"https:\\\/\\\/www.uartes.edu.ec\\\/sitio\\\/fr\\\/\",\"logo\":{\"@type\":\"ImageObject\",\"inLanguage\":\"fr-FR\",\"@id\":\"https:\\\/\\\/www.uartes.edu.ec\\\/sitio\\\/fr\\\/#\\\/schema\\\/logo\\\/image\\\/\",\"url\":\"https:\\\/\\\/www.uartes.edu.ec\\\/sitio\\\/wp-content\\\/uploads\\\/2022\\\/07\\\/logo-ua-horizontal.png\",\"contentUrl\":\"https:\\\/\\\/www.uartes.edu.ec\\\/sitio\\\/wp-content\\\/uploads\\\/2022\\\/07\\\/logo-ua-horizontal.png\",\"width\":800,\"height\":276,\"caption\":\"Universidad de las Artes\"},\"image\":{\"@id\":\"https:\\\/\\\/www.uartes.edu.ec\\\/sitio\\\/fr\\\/#\\\/schema\\\/logo\\\/image\\\/\"},\"sameAs\":[\"https:\\\/\\\/www.facebook.com\\\/uartesec\",\"https:\\\/\\\/x.com\\\/uartesec\",\"https:\\\/\\\/www.tiktok.com\\\/@uartesec\"]},{\"@type\":\"Person\",\"@id\":\"https:\\\/\\\/www.uartes.edu.ec\\\/sitio\\\/fr\\\/#\\\/schema\\\/person\\\/f33f8c1d2af0d5c80a38c8abf458184a\",\"name\":\"Universidad de las Artes\",\"image\":{\"@type\":\"ImageObject\",\"inLanguage\":\"fr-FR\",\"@id\":\"https:\\\/\\\/secure.gravatar.com\\\/avatar\\\/52e4757902f5cfa5ac52d020e5be83cae5487519154b6c35482fe08d589f3c13?s=96&d=mm&r=g\",\"url\":\"https:\\\/\\\/secure.gravatar.com\\\/avatar\\\/52e4757902f5cfa5ac52d020e5be83cae5487519154b6c35482fe08d589f3c13?s=96&d=mm&r=g\",\"contentUrl\":\"https:\\\/\\\/secure.gravatar.com\\\/avatar\\\/52e4757902f5cfa5ac52d020e5be83cae5487519154b6c35482fe08d589f3c13?s=96&d=mm&r=g\",\"caption\":\"Universidad de las Artes\"},\"url\":\"https:\\\/\\\/www.uartes.edu.ec\\\/sitio\\\/fr\\\/blog\\\/author\\\/dircomadm\\\/\"}]}<\/script>\n<!-- \/ Yoast SEO plugin. -->","yoast_head_json":{"title":"Universidad de las Artes - Escuela de Cine desarroll\u00f3 proyecto con ni\u00f1os y ni\u00f1as","description":"Universidad de las Artes - Escuela de Cine desarroll\u00f3 proyecto con ni\u00f1os y ni\u00f1as","robots":{"index":"index","follow":"follow","max-snippet":"max-snippet:-1","max-image-preview":"max-image-preview:large","max-video-preview":"max-video-preview:-1"},"canonical":"https:\/\/www.uartes.edu.ec\/sitio\/fr\/blog\/2018\/11\/19\/escuela-de-cine-desarrollo-proyecto-con-ninos-y-ninas\/","og_locale":"fr_FR","og_type":"article","og_title":"Universidad de las Artes - Escuela de Cine desarroll\u00f3 proyecto con ni\u00f1os y ni\u00f1as","og_description":"Universidad de las Artes - Escuela de Cine desarroll\u00f3 proyecto con ni\u00f1os y ni\u00f1as","og_url":"https:\/\/www.uartes.edu.ec\/sitio\/fr\/blog\/2018\/11\/19\/escuela-de-cine-desarrollo-proyecto-con-ninos-y-ninas\/","og_site_name":"Universidad de las Artes","article_publisher":"https:\/\/www.facebook.com\/uartesec","article_published_time":"2018-11-19T21:43:08+00:00","article_modified_time":"2024-07-04T16:53:42+00:00","og_image":[{"width":1280,"height":720,"url":"https:\/\/www.uartes.edu.ec\/sitio\/wp-content\/uploads\/2018\/11\/Taller-Cortos-Hilarte-2.jpeg","type":"image\/jpeg"}],"author":"Universidad de las Artes","twitter_card":"summary_large_image","twitter_creator":"@uartesec","twitter_site":"@uartesec","twitter_misc":{"\u00c9crit par":"Universidad de las Artes","Dur\u00e9e de lecture estim\u00e9e":"1 minute"},"schema":{"@context":"https:\/\/schema.org","@graph":[{"@type":"Article","@id":"https:\/\/www.uartes.edu.ec\/sitio\/fr\/blog\/2018\/11\/19\/escuela-de-cine-desarrollo-proyecto-con-ninos-y-ninas\/#article","isPartOf":{"@id":"https:\/\/www.uartes.edu.ec\/sitio\/fr\/blog\/2018\/11\/19\/escuela-de-cine-desarrollo-proyecto-con-ninos-y-ninas\/"},"author":{"name":"Universidad de las Artes","@id":"https:\/\/www.uartes.edu.ec\/sitio\/fr\/#\/schema\/person\/f33f8c1d2af0d5c80a38c8abf458184a"},"headline":"Escuela de Cine desarroll\u00f3 proyecto con ni\u00f1os y ni\u00f1as","datePublished":"2018-11-19T21:43:08+00:00","dateModified":"2024-07-04T16:53:42+00:00","mainEntityOfPage":{"@id":"https:\/\/www.uartes.edu.ec\/sitio\/fr\/blog\/2018\/11\/19\/escuela-de-cine-desarrollo-proyecto-con-ninos-y-ninas\/"},"wordCount":249,"publisher":{"@id":"https:\/\/www.uartes.edu.ec\/sitio\/fr\/#organization"},"image":{"@id":"https:\/\/www.uartes.edu.ec\/sitio\/fr\/blog\/2018\/11\/19\/escuela-de-cine-desarrollo-proyecto-con-ninos-y-ninas\/#primaryimage"},"thumbnailUrl":"https:\/\/www.uartes.edu.ec\/sitio\/wp-content\/uploads\/2018\/11\/Taller-Cortos-Hilarte-2.jpeg","articleSection":["V\u00ednculo"],"inLanguage":"fr-FR"},{"@type":["WebPage","ItemPage"],"@id":"https:\/\/www.uartes.edu.ec\/sitio\/fr\/blog\/2018\/11\/19\/escuela-de-cine-desarrollo-proyecto-con-ninos-y-ninas\/","url":"https:\/\/www.uartes.edu.ec\/sitio\/fr\/blog\/2018\/11\/19\/escuela-de-cine-desarrollo-proyecto-con-ninos-y-ninas\/","name":"Universidad de las Artes - Escuela de Cine desarroll\u00f3 proyecto con ni\u00f1os y ni\u00f1as","isPartOf":{"@id":"https:\/\/www.uartes.edu.ec\/sitio\/fr\/#website"},"primaryImageOfPage":{"@id":"https:\/\/www.uartes.edu.ec\/sitio\/fr\/blog\/2018\/11\/19\/escuela-de-cine-desarrollo-proyecto-con-ninos-y-ninas\/#primaryimage"},"image":{"@id":"https:\/\/www.uartes.edu.ec\/sitio\/fr\/blog\/2018\/11\/19\/escuela-de-cine-desarrollo-proyecto-con-ninos-y-ninas\/#primaryimage"},"thumbnailUrl":"https:\/\/www.uartes.edu.ec\/sitio\/wp-content\/uploads\/2018\/11\/Taller-Cortos-Hilarte-2.jpeg","datePublished":"2018-11-19T21:43:08+00:00","dateModified":"2024-07-04T16:53:42+00:00","description":"Universidad de las Artes - Escuela de Cine desarroll\u00f3 proyecto con ni\u00f1os y ni\u00f1as","breadcrumb":{"@id":"https:\/\/www.uartes.edu.ec\/sitio\/fr\/blog\/2018\/11\/19\/escuela-de-cine-desarrollo-proyecto-con-ninos-y-ninas\/#breadcrumb"},"inLanguage":"fr-FR","potentialAction":[{"@type":"ReadAction","target":["https:\/\/www.uartes.edu.ec\/sitio\/fr\/blog\/2018\/11\/19\/escuela-de-cine-desarrollo-proyecto-con-ninos-y-ninas\/"]}]},{"@type":"ImageObject","inLanguage":"fr-FR","@id":"https:\/\/www.uartes.edu.ec\/sitio\/fr\/blog\/2018\/11\/19\/escuela-de-cine-desarrollo-proyecto-con-ninos-y-ninas\/#primaryimage","url":"https:\/\/www.uartes.edu.ec\/sitio\/wp-content\/uploads\/2018\/11\/Taller-Cortos-Hilarte-2.jpeg","contentUrl":"https:\/\/www.uartes.edu.ec\/sitio\/wp-content\/uploads\/2018\/11\/Taller-Cortos-Hilarte-2.jpeg","width":1280,"height":720},{"@type":"BreadcrumbList","@id":"https:\/\/www.uartes.edu.ec\/sitio\/fr\/blog\/2018\/11\/19\/escuela-de-cine-desarrollo-proyecto-con-ninos-y-ninas\/#breadcrumb","itemListElement":[{"@type":"ListItem","position":1,"name":"Inicio","item":"https:\/\/www.uartes.edu.ec\/sitio\/"},{"@type":"ListItem","position":2,"name":"Escuela de Cine desarroll\u00f3 proyecto con ni\u00f1os y ni\u00f1as"}]},{"@type":"WebSite","@id":"https:\/\/www.uartes.edu.ec\/sitio\/fr\/#website","url":"https:\/\/www.uartes.edu.ec\/sitio\/fr\/","name":"Universidad de las Artes","description":"Sitio oficial de la Universidad Nacional de las Artes del Ecuador","publisher":{"@id":"https:\/\/www.uartes.edu.ec\/sitio\/fr\/#organization"},"potentialAction":[{"@type":"SearchAction","target":{"@type":"EntryPoint","urlTemplate":"https:\/\/www.uartes.edu.ec\/sitio\/fr\/?s={search_term_string}"},"query-input":{"@type":"PropertyValueSpecification","valueRequired":true,"valueName":"search_term_string"}}],"inLanguage":"fr-FR"},{"@type":"Organization","@id":"https:\/\/www.uartes.edu.ec\/sitio\/fr\/#organization","name":"Universidad de las Artes","url":"https:\/\/www.uartes.edu.ec\/sitio\/fr\/","logo":{"@type":"ImageObject","inLanguage":"fr-FR","@id":"https:\/\/www.uartes.edu.ec\/sitio\/fr\/#\/schema\/logo\/image\/","url":"https:\/\/www.uartes.edu.ec\/sitio\/wp-content\/uploads\/2022\/07\/logo-ua-horizontal.png","contentUrl":"https:\/\/www.uartes.edu.ec\/sitio\/wp-content\/uploads\/2022\/07\/logo-ua-horizontal.png","width":800,"height":276,"caption":"Universidad de las Artes"},"image":{"@id":"https:\/\/www.uartes.edu.ec\/sitio\/fr\/#\/schema\/logo\/image\/"},"sameAs":["https:\/\/www.facebook.com\/uartesec","https:\/\/x.com\/uartesec","https:\/\/www.tiktok.com\/@uartesec"]},{"@type":"Person","@id":"https:\/\/www.uartes.edu.ec\/sitio\/fr\/#\/schema\/person\/f33f8c1d2af0d5c80a38c8abf458184a","name":"Universidad de las Artes","image":{"@type":"ImageObject","inLanguage":"fr-FR","@id":"https:\/\/secure.gravatar.com\/avatar\/52e4757902f5cfa5ac52d020e5be83cae5487519154b6c35482fe08d589f3c13?s=96&d=mm&r=g","url":"https:\/\/secure.gravatar.com\/avatar\/52e4757902f5cfa5ac52d020e5be83cae5487519154b6c35482fe08d589f3c13?s=96&d=mm&r=g","contentUrl":"https:\/\/secure.gravatar.com\/avatar\/52e4757902f5cfa5ac52d020e5be83cae5487519154b6c35482fe08d589f3c13?s=96&d=mm&r=g","caption":"Universidad de las Artes"},"url":"https:\/\/www.uartes.edu.ec\/sitio\/fr\/blog\/author\/dircomadm\/"}]}},"uagb_featured_image_src":{"full":["https:\/\/www.uartes.edu.ec\/sitio\/wp-content\/uploads\/2018\/11\/Taller-Cortos-Hilarte-2.jpeg",1280,720,false],"thumbnail":["https:\/\/www.uartes.edu.ec\/sitio\/wp-content\/uploads\/2018\/11\/Taller-Cortos-Hilarte-2-150x150.jpeg",150,150,true],"medium":["https:\/\/www.uartes.edu.ec\/sitio\/wp-content\/uploads\/2018\/11\/Taller-Cortos-Hilarte-2-300x169.jpeg",300,169,true],"medium_large":["https:\/\/www.uartes.edu.ec\/sitio\/wp-content\/uploads\/2018\/11\/Taller-Cortos-Hilarte-2-768x432.jpeg",768,432,true],"large":["https:\/\/www.uartes.edu.ec\/sitio\/wp-content\/uploads\/2018\/11\/Taller-Cortos-Hilarte-2-1024x576.jpeg",644,362,true],"1536x1536":["https:\/\/www.uartes.edu.ec\/sitio\/wp-content\/uploads\/2018\/11\/Taller-Cortos-Hilarte-2.jpeg",1280,720,false],"2048x2048":["https:\/\/www.uartes.edu.ec\/sitio\/wp-content\/uploads\/2018\/11\/Taller-Cortos-Hilarte-2.jpeg",1280,720,false],"trp-custom-language-flag":["https:\/\/www.uartes.edu.ec\/sitio\/wp-content\/uploads\/2018\/11\/Taller-Cortos-Hilarte-2.jpeg",18,10,false],"htmega_size_585x295":["https:\/\/www.uartes.edu.ec\/sitio\/wp-content\/uploads\/2018\/11\/Taller-Cortos-Hilarte-2.jpeg",524,295,false],"htmega_size_1170x536":["https:\/\/www.uartes.edu.ec\/sitio\/wp-content\/uploads\/2018\/11\/Taller-Cortos-Hilarte-2.jpeg",953,536,false],"htmega_size_396x360":["https:\/\/www.uartes.edu.ec\/sitio\/wp-content\/uploads\/2018\/11\/Taller-Cortos-Hilarte-2.jpeg",396,223,false],"gb-block-post-grid-landscape":["https:\/\/www.uartes.edu.ec\/sitio\/wp-content\/uploads\/2018\/11\/Taller-Cortos-Hilarte-2.jpeg",600,338,false],"gb-block-post-grid-square":["https:\/\/www.uartes.edu.ec\/sitio\/wp-content\/uploads\/2018\/11\/Taller-Cortos-Hilarte-2.jpeg",600,338,false],"university-hub-thumb":["https:\/\/www.uartes.edu.ec\/sitio\/wp-content\/uploads\/2018\/11\/Taller-Cortos-Hilarte-2.jpeg",400,225,false],"mailpoet_newsletter_max":["https:\/\/www.uartes.edu.ec\/sitio\/wp-content\/uploads\/2018\/11\/Taller-Cortos-Hilarte-2.jpeg",1280,720,false]},"uagb_author_info":{"display_name":"Universidad de las Artes","author_link":"https:\/\/www.uartes.edu.ec\/sitio\/fr\/blog\/author\/dircomadm\/"},"uagb_comment_info":0,"uagb_excerpt":"En el marco del proyecto de vinculaci\u00f3n con la sociedad \u201cProcesos de educaci\u00f3n en cine ecuatoriano: m\u00e1s all\u00e1 de las aulas\u201d, la Escuela de Cine de la Universidad de las Artes, desarroll\u00f3 durante septiembre y octubre de 2018 un taller te\u00f3rico-pr\u00e1ctico de cine en la escuela de la Asociaci\u00f3n Comunitaria Hilarte al sur de Guayaquil,\u2026","featured_image_src":"https:\/\/www.uartes.edu.ec\/sitio\/wp-content\/uploads\/2018\/11\/Taller-Cortos-Hilarte-2.jpeg","featured_image_src_square":"https:\/\/www.uartes.edu.ec\/sitio\/wp-content\/uploads\/2018\/11\/Taller-Cortos-Hilarte-2.jpeg","author_info":{"display_name":"Universidad de las Artes","author_link":"https:\/\/www.uartes.edu.ec\/sitio\/fr\/blog\/author\/dircomadm\/"},"publishpress_future_workflow_manual_trigger":{"enabledWorkflows":[]},"distributor_meta":false,"distributor_terms":false,"distributor_media":false,"distributor_original_site_name":"Universidad de las Artes","distributor_original_site_url":"https:\/\/www.uartes.edu.ec\/sitio\/fr","push-errors":false,"_links":{"self":[{"href":"https:\/\/www.uartes.edu.ec\/sitio\/fr\/wp-json\/wp\/v2\/posts\/2714","targetHints":{"allow":["GET"]}}],"collection":[{"href":"https:\/\/www.uartes.edu.ec\/sitio\/fr\/wp-json\/wp\/v2\/posts"}],"about":[{"href":"https:\/\/www.uartes.edu.ec\/sitio\/fr\/wp-json\/wp\/v2\/types\/post"}],"author":[{"embeddable":true,"href":"https:\/\/www.uartes.edu.ec\/sitio\/fr\/wp-json\/wp\/v2\/users\/1"}],"replies":[{"embeddable":true,"href":"https:\/\/www.uartes.edu.ec\/sitio\/fr\/wp-json\/wp\/v2\/comments?post=2714"}],"version-history":[{"count":1,"href":"https:\/\/www.uartes.edu.ec\/sitio\/fr\/wp-json\/wp\/v2\/posts\/2714\/revisions"}],"predecessor-version":[{"id":2716,"href":"https:\/\/www.uartes.edu.ec\/sitio\/fr\/wp-json\/wp\/v2\/posts\/2714\/revisions\/2716"}],"wp:featuredmedia":[{"embeddable":true,"href":"https:\/\/www.uartes.edu.ec\/sitio\/fr\/wp-json\/wp\/v2\/media\/2715"}],"wp:attachment":[{"href":"https:\/\/www.uartes.edu.ec\/sitio\/fr\/wp-json\/wp\/v2\/media?parent=2714"}],"wp:term":[{"taxonomy":"category","embeddable":true,"href":"https:\/\/www.uartes.edu.ec\/sitio\/fr\/wp-json\/wp\/v2\/categories?post=2714"},{"taxonomy":"post_tag","embeddable":true,"href":"https:\/\/www.uartes.edu.ec\/sitio\/fr\/wp-json\/wp\/v2\/tags?post=2714"},{"taxonomy":"infouartes","embeddable":true,"href":"https:\/\/www.uartes.edu.ec\/sitio\/fr\/wp-json\/wp\/v2\/infouartes?post=2714"}],"curies":[{"name":"wp","href":"https:\/\/api.w.org\/{rel}","templated":true}]}}