{"id":275,"date":"2017-05-15T11:00:41","date_gmt":"2017-05-15T16:00:41","guid":{"rendered":"http:\/\/www.uartes.edu.ec\/infouartes\/?p=275"},"modified":"2024-07-04T11:54:20","modified_gmt":"2024-07-04T16:54:20","slug":"docente-y-administrativos-de-la-uartes-se-capacitan-en-prevencion-de-uso-de-drogas","status":"publish","type":"post","link":"https:\/\/www.uartes.edu.ec\/sitio\/fr\/blog\/2017\/05\/15\/docente-y-administrativos-de-la-uartes-se-capacitan-en-prevencion-de-uso-de-drogas\/","title":{"rendered":"Docente y administrativos se capacitan en prevenci\u00f3n de uso de drogas"},"content":{"rendered":"<p>Personal docente y administrativo de la Universidad de las Artes del Ecuador (UArtes) recibieron capacitaci\u00f3n sobre prevenci\u00f3n en el uso de drogas, como parte del Programa de Prevenci\u00f3n que lleva a delante la Coordinaci\u00f3n de Vida y Derecho del Estudiante (Bienestar Universitario), de la instituci\u00f3n.<\/p>\n<p>La capacitaci\u00f3n se realiz\u00f3 este jueves 4 y viernes 5 de mayo de 2017 con instructores de la Secretaria T\u00e9cnica de Drogas (SETED), en el marco del convenio que mantienen ambas instituciones.<\/p>\n<p>El taller abord\u00f3 la normativa que rige la ley y sobre las pol\u00edticas, programas y protocolos que las Instituciones de Educaci\u00f3n Superior pueden manejar sobre el tema. Una de las pol\u00edticas es la transversalizaci\u00f3n del tema de prevenci\u00f3n en el uso de drogas en la malla curricular de todas las carreras, proyectos puntuales en vinculaci\u00f3n con la comunidad, entre otras.<\/p>\n<p>En este marco se estableci\u00f3 a la Coordinaci\u00f3n de Bienestar Universitario como centro universitario de apoyo y ayuda en relaci\u00f3n al consumo adictivo de sustancias estupefacientes. La Coordinaci\u00f3n continuar\u00e1 dialogando sobre este importante tema con la Comunidad UArtes mediante reuniones, conversatorios, debates, entre otros.<\/p>","protected":false},"excerpt":{"rendered":"<p>Personal docente y administrativo de la Universidad de las Artes del Ecuador (UArtes) recibieron capacitaci\u00f3n sobre prevenci\u00f3n en el uso de drogas, como parte del Programa de Prevenci\u00f3n que lleva a delante la Coordinaci\u00f3n de Vida y Derecho del Estudiante (Bienestar Universitario), de la instituci\u00f3n. La capacitaci\u00f3n se realiz\u00f3 este jueves 4 y viernes 5 [&hellip;]<\/p>\n","protected":false},"author":1,"featured_media":276,"comment_status":"closed","ping_status":"open","sticky":false,"template":"","format":"standard","meta":{"_acf_changed":false,"_uag_custom_page_level_css":"","_monsterinsights_skip_tracking":false,"_monsterinsights_sitenote_active":false,"_monsterinsights_sitenote_note":"","_monsterinsights_sitenote_category":0,"cybocfi_hide_featured_image":"","footnotes":""},"categories":[77],"tags":[],"infouartes":[],"class_list":["post-275","post","type-post","status-publish","format-standard","has-post-thumbnail","hentry","category-gestion"],"acf":[],"yoast_head":"<!-- This site is optimized with the Yoast SEO plugin v27.4 - https:\/\/yoast.com\/product\/yoast-seo-wordpress\/ -->\n<title>Universidad de las Artes - Docente y administrativos se capacitan en prevenci\u00f3n de uso de drogas<\/title>\n<meta name=\"description\" content=\"Universidad de las Artes - Docente y administrativos se capacitan en prevenci\u00f3n de uso de drogas\" \/>\n<meta name=\"robots\" content=\"index, follow, max-snippet:-1, max-image-preview:large, max-video-preview:-1\" \/>\n<link rel=\"canonical\" href=\"https:\/\/www.uartes.edu.ec\/sitio\/fr\/blog\/2017\/05\/15\/docente-y-administrativos-de-la-uartes-se-capacitan-en-prevencion-de-uso-de-drogas\/\" \/>\n<meta property=\"og:locale\" content=\"fr_FR\" \/>\n<meta property=\"og:type\" content=\"article\" \/>\n<meta property=\"og:title\" content=\"Universidad de las Artes - Docente y administrativos se capacitan en prevenci\u00f3n de uso de drogas\" \/>\n<meta property=\"og:description\" content=\"Universidad de las Artes - Docente y administrativos se capacitan en prevenci\u00f3n de uso de drogas\" \/>\n<meta property=\"og:url\" content=\"https:\/\/www.uartes.edu.ec\/sitio\/fr\/blog\/2017\/05\/15\/docente-y-administrativos-de-la-uartes-se-capacitan-en-prevencion-de-uso-de-drogas\/\" \/>\n<meta property=\"og:site_name\" content=\"Universidad de las Artes\" \/>\n<meta property=\"article:publisher\" content=\"https:\/\/www.facebook.com\/uartesec\" \/>\n<meta property=\"article:published_time\" content=\"2017-05-15T16:00:41+00:00\" \/>\n<meta property=\"article:modified_time\" content=\"2024-07-04T16:54:20+00:00\" \/>\n<meta name=\"author\" content=\"Universidad de las Artes\" \/>\n<meta name=\"twitter:card\" content=\"summary_large_image\" \/>\n<meta name=\"twitter:creator\" content=\"@uartesec\" \/>\n<meta name=\"twitter:site\" content=\"@uartesec\" \/>\n<meta name=\"twitter:label1\" content=\"\u00c9crit par\" \/>\n\t<meta name=\"twitter:data1\" content=\"Universidad de las Artes\" \/>\n\t<meta name=\"twitter:label2\" content=\"Dur\u00e9e de lecture estim\u00e9e\" \/>\n\t<meta name=\"twitter:data2\" content=\"1 minute\" \/>\n<script type=\"application\/ld+json\" class=\"yoast-schema-graph\">{\"@context\":\"https:\\\/\\\/schema.org\",\"@graph\":[{\"@type\":\"Article\",\"@id\":\"https:\\\/\\\/www.uartes.edu.ec\\\/sitio\\\/fr\\\/blog\\\/2017\\\/05\\\/15\\\/docente-y-administrativos-de-la-uartes-se-capacitan-en-prevencion-de-uso-de-drogas\\\/#article\",\"isPartOf\":{\"@id\":\"https:\\\/\\\/www.uartes.edu.ec\\\/sitio\\\/fr\\\/blog\\\/2017\\\/05\\\/15\\\/docente-y-administrativos-de-la-uartes-se-capacitan-en-prevencion-de-uso-de-drogas\\\/\"},\"author\":{\"name\":\"Universidad de las Artes\",\"@id\":\"https:\\\/\\\/www.uartes.edu.ec\\\/sitio\\\/fr\\\/#\\\/schema\\\/person\\\/f33f8c1d2af0d5c80a38c8abf458184a\"},\"headline\":\"Docente y administrativos se capacitan en prevenci\u00f3n de uso de drogas\",\"datePublished\":\"2017-05-15T16:00:41+00:00\",\"dateModified\":\"2024-07-04T16:54:20+00:00\",\"mainEntityOfPage\":{\"@id\":\"https:\\\/\\\/www.uartes.edu.ec\\\/sitio\\\/fr\\\/blog\\\/2017\\\/05\\\/15\\\/docente-y-administrativos-de-la-uartes-se-capacitan-en-prevencion-de-uso-de-drogas\\\/\"},\"wordCount\":206,\"publisher\":{\"@id\":\"https:\\\/\\\/www.uartes.edu.ec\\\/sitio\\\/fr\\\/#organization\"},\"image\":{\"@id\":\"https:\\\/\\\/www.uartes.edu.ec\\\/sitio\\\/fr\\\/blog\\\/2017\\\/05\\\/15\\\/docente-y-administrativos-de-la-uartes-se-capacitan-en-prevencion-de-uso-de-drogas\\\/#primaryimage\"},\"thumbnailUrl\":\"\",\"articleSection\":[\"Gesti\u00f3n\"],\"inLanguage\":\"fr-FR\"},{\"@type\":[\"WebPage\",\"ItemPage\"],\"@id\":\"https:\\\/\\\/www.uartes.edu.ec\\\/sitio\\\/fr\\\/blog\\\/2017\\\/05\\\/15\\\/docente-y-administrativos-de-la-uartes-se-capacitan-en-prevencion-de-uso-de-drogas\\\/\",\"url\":\"https:\\\/\\\/www.uartes.edu.ec\\\/sitio\\\/fr\\\/blog\\\/2017\\\/05\\\/15\\\/docente-y-administrativos-de-la-uartes-se-capacitan-en-prevencion-de-uso-de-drogas\\\/\",\"name\":\"Universidad de las Artes - Docente y administrativos se capacitan en prevenci\u00f3n de uso de drogas\",\"isPartOf\":{\"@id\":\"https:\\\/\\\/www.uartes.edu.ec\\\/sitio\\\/fr\\\/#website\"},\"primaryImageOfPage\":{\"@id\":\"https:\\\/\\\/www.uartes.edu.ec\\\/sitio\\\/fr\\\/blog\\\/2017\\\/05\\\/15\\\/docente-y-administrativos-de-la-uartes-se-capacitan-en-prevencion-de-uso-de-drogas\\\/#primaryimage\"},\"image\":{\"@id\":\"https:\\\/\\\/www.uartes.edu.ec\\\/sitio\\\/fr\\\/blog\\\/2017\\\/05\\\/15\\\/docente-y-administrativos-de-la-uartes-se-capacitan-en-prevencion-de-uso-de-drogas\\\/#primaryimage\"},\"thumbnailUrl\":\"\",\"datePublished\":\"2017-05-15T16:00:41+00:00\",\"dateModified\":\"2024-07-04T16:54:20+00:00\",\"description\":\"Universidad de las Artes - Docente y administrativos se capacitan en prevenci\u00f3n de uso de drogas\",\"breadcrumb\":{\"@id\":\"https:\\\/\\\/www.uartes.edu.ec\\\/sitio\\\/fr\\\/blog\\\/2017\\\/05\\\/15\\\/docente-y-administrativos-de-la-uartes-se-capacitan-en-prevencion-de-uso-de-drogas\\\/#breadcrumb\"},\"inLanguage\":\"fr-FR\",\"potentialAction\":[{\"@type\":\"ReadAction\",\"target\":[\"https:\\\/\\\/www.uartes.edu.ec\\\/sitio\\\/fr\\\/blog\\\/2017\\\/05\\\/15\\\/docente-y-administrativos-de-la-uartes-se-capacitan-en-prevencion-de-uso-de-drogas\\\/\"]}]},{\"@type\":\"ImageObject\",\"inLanguage\":\"fr-FR\",\"@id\":\"https:\\\/\\\/www.uartes.edu.ec\\\/sitio\\\/fr\\\/blog\\\/2017\\\/05\\\/15\\\/docente-y-administrativos-de-la-uartes-se-capacitan-en-prevencion-de-uso-de-drogas\\\/#primaryimage\",\"url\":\"\",\"contentUrl\":\"\"},{\"@type\":\"BreadcrumbList\",\"@id\":\"https:\\\/\\\/www.uartes.edu.ec\\\/sitio\\\/fr\\\/blog\\\/2017\\\/05\\\/15\\\/docente-y-administrativos-de-la-uartes-se-capacitan-en-prevencion-de-uso-de-drogas\\\/#breadcrumb\",\"itemListElement\":[{\"@type\":\"ListItem\",\"position\":1,\"name\":\"Inicio\",\"item\":\"https:\\\/\\\/www.uartes.edu.ec\\\/sitio\\\/\"},{\"@type\":\"ListItem\",\"position\":2,\"name\":\"Docente y administrativos se capacitan en prevenci\u00f3n de uso de drogas\"}]},{\"@type\":\"WebSite\",\"@id\":\"https:\\\/\\\/www.uartes.edu.ec\\\/sitio\\\/fr\\\/#website\",\"url\":\"https:\\\/\\\/www.uartes.edu.ec\\\/sitio\\\/fr\\\/\",\"name\":\"Universidad de las Artes\",\"description\":\"Sitio oficial de la Universidad Nacional de las Artes del Ecuador\",\"publisher\":{\"@id\":\"https:\\\/\\\/www.uartes.edu.ec\\\/sitio\\\/fr\\\/#organization\"},\"potentialAction\":[{\"@type\":\"SearchAction\",\"target\":{\"@type\":\"EntryPoint\",\"urlTemplate\":\"https:\\\/\\\/www.uartes.edu.ec\\\/sitio\\\/fr\\\/?s={search_term_string}\"},\"query-input\":{\"@type\":\"PropertyValueSpecification\",\"valueRequired\":true,\"valueName\":\"search_term_string\"}}],\"inLanguage\":\"fr-FR\"},{\"@type\":\"Organization\",\"@id\":\"https:\\\/\\\/www.uartes.edu.ec\\\/sitio\\\/fr\\\/#organization\",\"name\":\"Universidad de las Artes\",\"url\":\"https:\\\/\\\/www.uartes.edu.ec\\\/sitio\\\/fr\\\/\",\"logo\":{\"@type\":\"ImageObject\",\"inLanguage\":\"fr-FR\",\"@id\":\"https:\\\/\\\/www.uartes.edu.ec\\\/sitio\\\/fr\\\/#\\\/schema\\\/logo\\\/image\\\/\",\"url\":\"https:\\\/\\\/www.uartes.edu.ec\\\/sitio\\\/wp-content\\\/uploads\\\/2022\\\/07\\\/logo-ua-horizontal.png\",\"contentUrl\":\"https:\\\/\\\/www.uartes.edu.ec\\\/sitio\\\/wp-content\\\/uploads\\\/2022\\\/07\\\/logo-ua-horizontal.png\",\"width\":800,\"height\":276,\"caption\":\"Universidad de las Artes\"},\"image\":{\"@id\":\"https:\\\/\\\/www.uartes.edu.ec\\\/sitio\\\/fr\\\/#\\\/schema\\\/logo\\\/image\\\/\"},\"sameAs\":[\"https:\\\/\\\/www.facebook.com\\\/uartesec\",\"https:\\\/\\\/x.com\\\/uartesec\",\"https:\\\/\\\/www.tiktok.com\\\/@uartesec\"]},{\"@type\":\"Person\",\"@id\":\"https:\\\/\\\/www.uartes.edu.ec\\\/sitio\\\/fr\\\/#\\\/schema\\\/person\\\/f33f8c1d2af0d5c80a38c8abf458184a\",\"name\":\"Universidad de las Artes\",\"image\":{\"@type\":\"ImageObject\",\"inLanguage\":\"fr-FR\",\"@id\":\"https:\\\/\\\/secure.gravatar.com\\\/avatar\\\/52e4757902f5cfa5ac52d020e5be83cae5487519154b6c35482fe08d589f3c13?s=96&d=mm&r=g\",\"url\":\"https:\\\/\\\/secure.gravatar.com\\\/avatar\\\/52e4757902f5cfa5ac52d020e5be83cae5487519154b6c35482fe08d589f3c13?s=96&d=mm&r=g\",\"contentUrl\":\"https:\\\/\\\/secure.gravatar.com\\\/avatar\\\/52e4757902f5cfa5ac52d020e5be83cae5487519154b6c35482fe08d589f3c13?s=96&d=mm&r=g\",\"caption\":\"Universidad de las Artes\"},\"url\":\"https:\\\/\\\/www.uartes.edu.ec\\\/sitio\\\/fr\\\/blog\\\/author\\\/dircomadm\\\/\"}]}<\/script>\n<!-- \/ Yoast SEO plugin. -->","yoast_head_json":{"title":"Universidad de las Artes - Docente y administrativos se capacitan en prevenci\u00f3n de uso de drogas","description":"Universidad de las Artes - Docente y administrativos se capacitan en prevenci\u00f3n de uso de drogas","robots":{"index":"index","follow":"follow","max-snippet":"max-snippet:-1","max-image-preview":"max-image-preview:large","max-video-preview":"max-video-preview:-1"},"canonical":"https:\/\/www.uartes.edu.ec\/sitio\/fr\/blog\/2017\/05\/15\/docente-y-administrativos-de-la-uartes-se-capacitan-en-prevencion-de-uso-de-drogas\/","og_locale":"fr_FR","og_type":"article","og_title":"Universidad de las Artes - Docente y administrativos se capacitan en prevenci\u00f3n de uso de drogas","og_description":"Universidad de las Artes - Docente y administrativos se capacitan en prevenci\u00f3n de uso de drogas","og_url":"https:\/\/www.uartes.edu.ec\/sitio\/fr\/blog\/2017\/05\/15\/docente-y-administrativos-de-la-uartes-se-capacitan-en-prevencion-de-uso-de-drogas\/","og_site_name":"Universidad de las Artes","article_publisher":"https:\/\/www.facebook.com\/uartesec","article_published_time":"2017-05-15T16:00:41+00:00","article_modified_time":"2024-07-04T16:54:20+00:00","author":"Universidad de las Artes","twitter_card":"summary_large_image","twitter_creator":"@uartesec","twitter_site":"@uartesec","twitter_misc":{"\u00c9crit par":"Universidad de las Artes","Dur\u00e9e de lecture estim\u00e9e":"1 minute"},"schema":{"@context":"https:\/\/schema.org","@graph":[{"@type":"Article","@id":"https:\/\/www.uartes.edu.ec\/sitio\/fr\/blog\/2017\/05\/15\/docente-y-administrativos-de-la-uartes-se-capacitan-en-prevencion-de-uso-de-drogas\/#article","isPartOf":{"@id":"https:\/\/www.uartes.edu.ec\/sitio\/fr\/blog\/2017\/05\/15\/docente-y-administrativos-de-la-uartes-se-capacitan-en-prevencion-de-uso-de-drogas\/"},"author":{"name":"Universidad de las Artes","@id":"https:\/\/www.uartes.edu.ec\/sitio\/fr\/#\/schema\/person\/f33f8c1d2af0d5c80a38c8abf458184a"},"headline":"Docente y administrativos se capacitan en prevenci\u00f3n de uso de drogas","datePublished":"2017-05-15T16:00:41+00:00","dateModified":"2024-07-04T16:54:20+00:00","mainEntityOfPage":{"@id":"https:\/\/www.uartes.edu.ec\/sitio\/fr\/blog\/2017\/05\/15\/docente-y-administrativos-de-la-uartes-se-capacitan-en-prevencion-de-uso-de-drogas\/"},"wordCount":206,"publisher":{"@id":"https:\/\/www.uartes.edu.ec\/sitio\/fr\/#organization"},"image":{"@id":"https:\/\/www.uartes.edu.ec\/sitio\/fr\/blog\/2017\/05\/15\/docente-y-administrativos-de-la-uartes-se-capacitan-en-prevencion-de-uso-de-drogas\/#primaryimage"},"thumbnailUrl":"","articleSection":["Gesti\u00f3n"],"inLanguage":"fr-FR"},{"@type":["WebPage","ItemPage"],"@id":"https:\/\/www.uartes.edu.ec\/sitio\/fr\/blog\/2017\/05\/15\/docente-y-administrativos-de-la-uartes-se-capacitan-en-prevencion-de-uso-de-drogas\/","url":"https:\/\/www.uartes.edu.ec\/sitio\/fr\/blog\/2017\/05\/15\/docente-y-administrativos-de-la-uartes-se-capacitan-en-prevencion-de-uso-de-drogas\/","name":"Universidad de las Artes - Docente y administrativos se capacitan en prevenci\u00f3n de uso de drogas","isPartOf":{"@id":"https:\/\/www.uartes.edu.ec\/sitio\/fr\/#website"},"primaryImageOfPage":{"@id":"https:\/\/www.uartes.edu.ec\/sitio\/fr\/blog\/2017\/05\/15\/docente-y-administrativos-de-la-uartes-se-capacitan-en-prevencion-de-uso-de-drogas\/#primaryimage"},"image":{"@id":"https:\/\/www.uartes.edu.ec\/sitio\/fr\/blog\/2017\/05\/15\/docente-y-administrativos-de-la-uartes-se-capacitan-en-prevencion-de-uso-de-drogas\/#primaryimage"},"thumbnailUrl":"","datePublished":"2017-05-15T16:00:41+00:00","dateModified":"2024-07-04T16:54:20+00:00","description":"Universidad de las Artes - Docente y administrativos se capacitan en prevenci\u00f3n de uso de drogas","breadcrumb":{"@id":"https:\/\/www.uartes.edu.ec\/sitio\/fr\/blog\/2017\/05\/15\/docente-y-administrativos-de-la-uartes-se-capacitan-en-prevencion-de-uso-de-drogas\/#breadcrumb"},"inLanguage":"fr-FR","potentialAction":[{"@type":"ReadAction","target":["https:\/\/www.uartes.edu.ec\/sitio\/fr\/blog\/2017\/05\/15\/docente-y-administrativos-de-la-uartes-se-capacitan-en-prevencion-de-uso-de-drogas\/"]}]},{"@type":"ImageObject","inLanguage":"fr-FR","@id":"https:\/\/www.uartes.edu.ec\/sitio\/fr\/blog\/2017\/05\/15\/docente-y-administrativos-de-la-uartes-se-capacitan-en-prevencion-de-uso-de-drogas\/#primaryimage","url":"","contentUrl":""},{"@type":"BreadcrumbList","@id":"https:\/\/www.uartes.edu.ec\/sitio\/fr\/blog\/2017\/05\/15\/docente-y-administrativos-de-la-uartes-se-capacitan-en-prevencion-de-uso-de-drogas\/#breadcrumb","itemListElement":[{"@type":"ListItem","position":1,"name":"Inicio","item":"https:\/\/www.uartes.edu.ec\/sitio\/"},{"@type":"ListItem","position":2,"name":"Docente y administrativos se capacitan en prevenci\u00f3n de uso de drogas"}]},{"@type":"WebSite","@id":"https:\/\/www.uartes.edu.ec\/sitio\/fr\/#website","url":"https:\/\/www.uartes.edu.ec\/sitio\/fr\/","name":"Universidad de las Artes","description":"Sitio oficial de la Universidad Nacional de las Artes del Ecuador","publisher":{"@id":"https:\/\/www.uartes.edu.ec\/sitio\/fr\/#organization"},"potentialAction":[{"@type":"SearchAction","target":{"@type":"EntryPoint","urlTemplate":"https:\/\/www.uartes.edu.ec\/sitio\/fr\/?s={search_term_string}"},"query-input":{"@type":"PropertyValueSpecification","valueRequired":true,"valueName":"search_term_string"}}],"inLanguage":"fr-FR"},{"@type":"Organization","@id":"https:\/\/www.uartes.edu.ec\/sitio\/fr\/#organization","name":"Universidad de las Artes","url":"https:\/\/www.uartes.edu.ec\/sitio\/fr\/","logo":{"@type":"ImageObject","inLanguage":"fr-FR","@id":"https:\/\/www.uartes.edu.ec\/sitio\/fr\/#\/schema\/logo\/image\/","url":"https:\/\/www.uartes.edu.ec\/sitio\/wp-content\/uploads\/2022\/07\/logo-ua-horizontal.png","contentUrl":"https:\/\/www.uartes.edu.ec\/sitio\/wp-content\/uploads\/2022\/07\/logo-ua-horizontal.png","width":800,"height":276,"caption":"Universidad de las Artes"},"image":{"@id":"https:\/\/www.uartes.edu.ec\/sitio\/fr\/#\/schema\/logo\/image\/"},"sameAs":["https:\/\/www.facebook.com\/uartesec","https:\/\/x.com\/uartesec","https:\/\/www.tiktok.com\/@uartesec"]},{"@type":"Person","@id":"https:\/\/www.uartes.edu.ec\/sitio\/fr\/#\/schema\/person\/f33f8c1d2af0d5c80a38c8abf458184a","name":"Universidad de las Artes","image":{"@type":"ImageObject","inLanguage":"fr-FR","@id":"https:\/\/secure.gravatar.com\/avatar\/52e4757902f5cfa5ac52d020e5be83cae5487519154b6c35482fe08d589f3c13?s=96&d=mm&r=g","url":"https:\/\/secure.gravatar.com\/avatar\/52e4757902f5cfa5ac52d020e5be83cae5487519154b6c35482fe08d589f3c13?s=96&d=mm&r=g","contentUrl":"https:\/\/secure.gravatar.com\/avatar\/52e4757902f5cfa5ac52d020e5be83cae5487519154b6c35482fe08d589f3c13?s=96&d=mm&r=g","caption":"Universidad de las Artes"},"url":"https:\/\/www.uartes.edu.ec\/sitio\/fr\/blog\/author\/dircomadm\/"}]}},"uagb_featured_image_src":{"full":false,"thumbnail":false,"medium":false,"medium_large":false,"large":false,"1536x1536":false,"2048x2048":false,"trp-custom-language-flag":false,"htmega_size_585x295":false,"htmega_size_1170x536":false,"htmega_size_396x360":false,"gb-block-post-grid-landscape":false,"gb-block-post-grid-square":false,"university-hub-thumb":false,"mailpoet_newsletter_max":false},"uagb_author_info":{"display_name":"Universidad de las Artes","author_link":"https:\/\/www.uartes.edu.ec\/sitio\/fr\/blog\/author\/dircomadm\/"},"uagb_comment_info":0,"uagb_excerpt":"Personal docente y administrativo de la Universidad de las Artes del Ecuador (UArtes) recibieron capacitaci\u00f3n sobre prevenci\u00f3n en el uso de drogas, como parte del Programa de Prevenci\u00f3n que lleva a delante la Coordinaci\u00f3n de Vida y Derecho del Estudiante (Bienestar Universitario), de la instituci\u00f3n. La capacitaci\u00f3n se realiz\u00f3 este jueves 4 y viernes 5\u2026","featured_image_src":null,"featured_image_src_square":null,"author_info":{"display_name":"Universidad de las Artes","author_link":"https:\/\/www.uartes.edu.ec\/sitio\/fr\/blog\/author\/dircomadm\/"},"publishpress_future_workflow_manual_trigger":{"enabledWorkflows":[]},"distributor_meta":false,"distributor_terms":false,"distributor_media":false,"distributor_original_site_name":"Universidad de las Artes","distributor_original_site_url":"https:\/\/www.uartes.edu.ec\/sitio\/fr","push-errors":false,"_links":{"self":[{"href":"https:\/\/www.uartes.edu.ec\/sitio\/fr\/wp-json\/wp\/v2\/posts\/275","targetHints":{"allow":["GET"]}}],"collection":[{"href":"https:\/\/www.uartes.edu.ec\/sitio\/fr\/wp-json\/wp\/v2\/posts"}],"about":[{"href":"https:\/\/www.uartes.edu.ec\/sitio\/fr\/wp-json\/wp\/v2\/types\/post"}],"author":[{"embeddable":true,"href":"https:\/\/www.uartes.edu.ec\/sitio\/fr\/wp-json\/wp\/v2\/users\/1"}],"replies":[{"embeddable":true,"href":"https:\/\/www.uartes.edu.ec\/sitio\/fr\/wp-json\/wp\/v2\/comments?post=275"}],"version-history":[{"count":1,"href":"https:\/\/www.uartes.edu.ec\/sitio\/fr\/wp-json\/wp\/v2\/posts\/275\/revisions"}],"predecessor-version":[{"id":58057,"href":"https:\/\/www.uartes.edu.ec\/sitio\/fr\/wp-json\/wp\/v2\/posts\/275\/revisions\/58057"}],"wp:featuredmedia":[{"embeddable":true,"href":"https:\/\/www.uartes.edu.ec\/sitio\/fr\/wp-json\/"}],"wp:attachment":[{"href":"https:\/\/www.uartes.edu.ec\/sitio\/fr\/wp-json\/wp\/v2\/media?parent=275"}],"wp:term":[{"taxonomy":"category","embeddable":true,"href":"https:\/\/www.uartes.edu.ec\/sitio\/fr\/wp-json\/wp\/v2\/categories?post=275"},{"taxonomy":"post_tag","embeddable":true,"href":"https:\/\/www.uartes.edu.ec\/sitio\/fr\/wp-json\/wp\/v2\/tags?post=275"},{"taxonomy":"infouartes","embeddable":true,"href":"https:\/\/www.uartes.edu.ec\/sitio\/fr\/wp-json\/wp\/v2\/infouartes?post=275"}],"curies":[{"name":"wp","href":"https:\/\/api.w.org\/{rel}","templated":true}]}}