{"id":2800,"date":"2019-01-18T14:19:10","date_gmt":"2019-01-18T19:19:10","guid":{"rendered":"http:\/\/www.uartes.edu.ec\/sitio\/?p=2800"},"modified":"2024-07-04T11:53:40","modified_gmt":"2024-07-04T16:53:40","slug":"inauguracion-de-la-biblioteca-de-las-artes-2","status":"publish","type":"post","link":"https:\/\/www.uartes.edu.ec\/sitio\/fr\/blog\/2019\/01\/18\/inauguracion-de-la-biblioteca-de-las-artes-2\/","title":{"rendered":"Inauguraci\u00f3n de la Biblioteca de las Artes"},"content":{"rendered":"<p>El Ministerio de Cultura y Patrimonio y la Universidad de las Artes inauguraron este mi\u00e9rcoles 16 de enero la Biblioteca de las Artes, ubicada en el rehabilitado edificio patrimonial en el que originalmente funcion\u00f3 el Banco de Descuento y hace pocos a\u00f1os la Superintendencia de Compa\u00f1\u00edas, en las calles Aguirre y Pichincha.<\/p>\n<p>La entonaci\u00f3n del Himno Nacional del Ecuador, a cargo de la Orquesta Sinf\u00f3nica de Guayaquil, marc\u00f3 el inicio del acto presidido por el Ministro de Cultura y Patrimonio, Ra\u00fal P\u00e9rez Torres; el Secretario de Educaci\u00f3n Superior, Ciencia, Tecnolog\u00eda e Innovaci\u00f3n (Senescyt), Adri\u00e1n Bonilla; y el rector del alma m\u00e1ter, doctor Ramiro Noriega. Asistieron, adem\u00e1s, personalidades del \u00e1mbito cultural y de las artes, as\u00ed como docentes y estudiantes de la UArtes.<\/p>\n<p>La entrega y apertura de la Biblioteca de las Artes a la comunidad y p\u00fablico en general se da en el contexto de los preparativos y celebraciones del Bicentenario de Independencia de Guayaquil, a cumplirse el 9 de octubre del 2020, con el prop\u00f3sito de que el Puerto Principal se convierta en la capital cultural del Ecuador, de Am\u00e9rica Latina y toda la costa del Pac\u00edfico.<\/p>\n<p>La estudiante Isabel Mac\u00edas, de la Escuela de Literatura, y la docente Charo Franc\u00e9s, ambas de la UArtes, fueron las primeras en expresarse acerca de lo que representa la Biblioteca de las Artes para la comunidad. Mac\u00edas detall\u00f3 su recurso bibliogr\u00e1fico: una colecci\u00f3n general de 40 mil libros, el Archivo Hist\u00f3rico de Diario El Tel\u00e9grafo, con 1.500 tomos impresos desde 1886 hasta la actualidad; un archivo fotogr\u00e1fico con 1.4 millones de im\u00e1genes que cuentan la historia del Ecuador en el siglo XX, los fondos de la Presidencia de la Rep\u00fablica 2007-2017, con 1.394 publicaciones; y Susana Romoleroux con obras de arte, literatura, ensayo, arqueolog\u00eda y antropolog\u00eda<\/p>\n<p>Charo Franc\u00e9s trajo a la memoria a Jorge Luis Borges con el cuento \u201cLa biblioteca de Babel\u201d y resalt\u00f3 con suma emoci\u00f3n el valor de la biblioteca. La posterior lectura de una carta que para la inauguraci\u00f3n envi\u00f3 Katya Kohn, hija de Karl Kohn, el arquitecto nacido en Praga que en la d\u00e9cada del cincuenta levant\u00f3 el edificio patrimonial del Banco de Descuento, tambi\u00e9n gener\u00f3 emociones y marc\u00f3 la intervenci\u00f3n del ministro Ra\u00fal P\u00e9rez Torres, quien agradeci\u00f3 a la comunidad de la UArtes y al presidente Lenin Moreno, \u201ccuyo gobierno tiene como principal objetivo suscitar y fortalecer las expresiones art\u00edsticas, culturales y \u00e9ticas de nuestro pueblo\u201d.<\/p>\n<p>\u201cLa Biblioteca es de ustedes\u201d, anot\u00f3 el ministro. Sus palabras dieron paso a las del secretario del Senescyt, Adri\u00e1n Bonilla, quien mencion\u00f3 que una universidad, una ciudad y las artes no pueden existir sin una biblioteca. UArtes, a\u00f1adi\u00f3, fue construida, dise\u00f1ada y producida para generar posibilidades de crecimiento humano, articulado y vinculado al conocimiento; un espacio de convocatoria a Guayaquil y al arte.<\/p>\n<p>Tras agradecer la asistencia y la labor por quienes estuvieron inmersos en la ejecuci\u00f3n del proyecto, el doctor Ramiro Noriega cit\u00f3 a Federico Garc\u00eda Lorca, quien, en septiembre de 1931, durante la inauguraci\u00f3n de la biblioteca de su pueblo dijo que \u201cno solo de pan vive el hombre\u201d, al respecto el rector de la UArtes acot\u00f3: \u201cEl libro es tan importante como el pan y tal vez m\u00e1s. El libro para Lorca era cuenta de algo que ahora entendemos como la justicia y, tal vez, la verdad\u201d<\/p>\n<p>Visiblemente emocionado, el doctor Noriega resalt\u00f3 que la Biblioteca de las Artes es la primera del Guayas y del pa\u00eds. Por ello y por ser diverso, Guayaquil es ahora el centro del mundo, dijo y agreg\u00f3 que la educaci\u00f3n en las artes es una experiencia in\u00e9dita en la medida en que cuestiona ambas partes: la educaci\u00f3n y las artes. La UArtes \u201ces una universidad indispensable porque aqu\u00ed estamos formando a los j\u00f3venes que liderar\u00e1n esos procesos profundos de transformaci\u00f3n cultural\u201d.<\/p>\n<p>La Orquesta Sinf\u00f3nica de Guayaquil, dirigida por el maestro Dante Santiago Anzolini, cerr\u00f3 la inauguraci\u00f3n de la Biblioteca con magistrales piezas, como la obertura \u201cRomeo y Julieta\u201d de Peter Tchaikovsky.<\/p>\n<p>Dasecarga aqu\u00ed <a href=\"http:\/\/www.uartes.edu.ec\/sitio\/wp-content\/uploads\/2019\/01\/Discurso-Ramiro-Noriega-BA.docx\">el discuro del Rector<\/a>.<\/p>","protected":false},"excerpt":{"rendered":"<p>El Ministerio de Cultura y Patrimonio y la Universidad de las Artes inauguraron este mi\u00e9rcoles 16 de enero la Biblioteca de las Artes, ubicada en el rehabilitado edificio patrimonial en el que originalmente funcion\u00f3 el Banco de Descuento y hace pocos a\u00f1os la Superintendencia de Compa\u00f1\u00edas, en las calles Aguirre y Pichincha. La entonaci\u00f3n del [&hellip;]<\/p>\n","protected":false},"author":1,"featured_media":56529,"comment_status":"closed","ping_status":"closed","sticky":false,"template":"","format":"standard","meta":{"_acf_changed":false,"_uag_custom_page_level_css":"","_monsterinsights_skip_tracking":false,"_monsterinsights_sitenote_active":false,"_monsterinsights_sitenote_note":"","_monsterinsights_sitenote_category":0,"cybocfi_hide_featured_image":"","footnotes":""},"categories":[82,84],"tags":[41],"infouartes":[],"class_list":["post-2800","post","type-post","status-publish","format-standard","has-post-thumbnail","hentry","category-artes","category-rectorado","tag-biblioteca"],"acf":[],"yoast_head":"<!-- This site is optimized with the Yoast SEO plugin v27.4 - https:\/\/yoast.com\/product\/yoast-seo-wordpress\/ -->\n<title>Universidad de las Artes - Inauguraci\u00f3n de la Biblioteca de las Artes<\/title>\n<meta name=\"description\" content=\"Universidad de las Artes - Inauguraci\u00f3n de la Biblioteca de las Artes\" \/>\n<meta name=\"robots\" content=\"index, follow, max-snippet:-1, max-image-preview:large, max-video-preview:-1\" \/>\n<link rel=\"canonical\" href=\"https:\/\/www.uartes.edu.ec\/sitio\/fr\/blog\/2019\/01\/18\/inauguracion-de-la-biblioteca-de-las-artes-2\/\" \/>\n<meta property=\"og:locale\" content=\"fr_FR\" \/>\n<meta property=\"og:type\" content=\"article\" \/>\n<meta property=\"og:title\" content=\"Universidad de las Artes - Inauguraci\u00f3n de la Biblioteca de las Artes\" \/>\n<meta property=\"og:description\" content=\"Universidad de las Artes - Inauguraci\u00f3n de la Biblioteca de las Artes\" \/>\n<meta property=\"og:url\" content=\"https:\/\/www.uartes.edu.ec\/sitio\/fr\/blog\/2019\/01\/18\/inauguracion-de-la-biblioteca-de-las-artes-2\/\" \/>\n<meta property=\"og:site_name\" content=\"Universidad de las Artes\" \/>\n<meta property=\"article:publisher\" content=\"https:\/\/www.facebook.com\/uartesec\" \/>\n<meta property=\"article:published_time\" content=\"2019-01-18T19:19:10+00:00\" \/>\n<meta property=\"article:modified_time\" content=\"2024-07-04T16:53:40+00:00\" \/>\n<meta property=\"og:image\" content=\"https:\/\/www.uartes.edu.ec\/sitio\/wp-content\/uploads\/2019\/01\/inauguracion-de-la-biblioteca-de-las-artes.jpg\" \/>\n\t<meta property=\"og:image:width\" content=\"582\" \/>\n\t<meta property=\"og:image:height\" content=\"270\" \/>\n\t<meta property=\"og:image:type\" content=\"image\/jpeg\" \/>\n<meta name=\"author\" content=\"Universidad de las Artes\" \/>\n<meta name=\"twitter:card\" content=\"summary_large_image\" \/>\n<meta name=\"twitter:creator\" content=\"@uartesec\" \/>\n<meta name=\"twitter:site\" content=\"@uartesec\" \/>\n<meta name=\"twitter:label1\" content=\"\u00c9crit par\" \/>\n\t<meta name=\"twitter:data1\" content=\"Universidad de las Artes\" \/>\n\t<meta name=\"twitter:label2\" content=\"Dur\u00e9e de lecture estim\u00e9e\" \/>\n\t<meta name=\"twitter:data2\" content=\"4 minutes\" \/>\n<script type=\"application\/ld+json\" class=\"yoast-schema-graph\">{\"@context\":\"https:\\\/\\\/schema.org\",\"@graph\":[{\"@type\":\"Article\",\"@id\":\"https:\\\/\\\/www.uartes.edu.ec\\\/sitio\\\/fr\\\/blog\\\/2019\\\/01\\\/18\\\/inauguracion-de-la-biblioteca-de-las-artes-2\\\/#article\",\"isPartOf\":{\"@id\":\"https:\\\/\\\/www.uartes.edu.ec\\\/sitio\\\/fr\\\/blog\\\/2019\\\/01\\\/18\\\/inauguracion-de-la-biblioteca-de-las-artes-2\\\/\"},\"author\":{\"name\":\"Universidad de las Artes\",\"@id\":\"https:\\\/\\\/www.uartes.edu.ec\\\/sitio\\\/fr\\\/#\\\/schema\\\/person\\\/f33f8c1d2af0d5c80a38c8abf458184a\"},\"headline\":\"Inauguraci\u00f3n de la Biblioteca de las Artes\",\"datePublished\":\"2019-01-18T19:19:10+00:00\",\"dateModified\":\"2024-07-04T16:53:40+00:00\",\"mainEntityOfPage\":{\"@id\":\"https:\\\/\\\/www.uartes.edu.ec\\\/sitio\\\/fr\\\/blog\\\/2019\\\/01\\\/18\\\/inauguracion-de-la-biblioteca-de-las-artes-2\\\/\"},\"wordCount\":719,\"publisher\":{\"@id\":\"https:\\\/\\\/www.uartes.edu.ec\\\/sitio\\\/fr\\\/#organization\"},\"image\":{\"@id\":\"https:\\\/\\\/www.uartes.edu.ec\\\/sitio\\\/fr\\\/blog\\\/2019\\\/01\\\/18\\\/inauguracion-de-la-biblioteca-de-las-artes-2\\\/#primaryimage\"},\"thumbnailUrl\":\"https:\\\/\\\/www.uartes.edu.ec\\\/sitio\\\/wp-content\\\/uploads\\\/2019\\\/01\\\/inauguracion-de-la-biblioteca-de-las-artes.jpg\",\"keywords\":[\"biblioteca\"],\"articleSection\":[\"Artes\",\"Rectorado\"],\"inLanguage\":\"fr-FR\"},{\"@type\":[\"WebPage\",\"ItemPage\"],\"@id\":\"https:\\\/\\\/www.uartes.edu.ec\\\/sitio\\\/fr\\\/blog\\\/2019\\\/01\\\/18\\\/inauguracion-de-la-biblioteca-de-las-artes-2\\\/\",\"url\":\"https:\\\/\\\/www.uartes.edu.ec\\\/sitio\\\/fr\\\/blog\\\/2019\\\/01\\\/18\\\/inauguracion-de-la-biblioteca-de-las-artes-2\\\/\",\"name\":\"Universidad de las Artes - Inauguraci\u00f3n de la Biblioteca de las Artes\",\"isPartOf\":{\"@id\":\"https:\\\/\\\/www.uartes.edu.ec\\\/sitio\\\/fr\\\/#website\"},\"primaryImageOfPage\":{\"@id\":\"https:\\\/\\\/www.uartes.edu.ec\\\/sitio\\\/fr\\\/blog\\\/2019\\\/01\\\/18\\\/inauguracion-de-la-biblioteca-de-las-artes-2\\\/#primaryimage\"},\"image\":{\"@id\":\"https:\\\/\\\/www.uartes.edu.ec\\\/sitio\\\/fr\\\/blog\\\/2019\\\/01\\\/18\\\/inauguracion-de-la-biblioteca-de-las-artes-2\\\/#primaryimage\"},\"thumbnailUrl\":\"https:\\\/\\\/www.uartes.edu.ec\\\/sitio\\\/wp-content\\\/uploads\\\/2019\\\/01\\\/inauguracion-de-la-biblioteca-de-las-artes.jpg\",\"datePublished\":\"2019-01-18T19:19:10+00:00\",\"dateModified\":\"2024-07-04T16:53:40+00:00\",\"description\":\"Universidad de las Artes - Inauguraci\u00f3n de la Biblioteca de las Artes\",\"breadcrumb\":{\"@id\":\"https:\\\/\\\/www.uartes.edu.ec\\\/sitio\\\/fr\\\/blog\\\/2019\\\/01\\\/18\\\/inauguracion-de-la-biblioteca-de-las-artes-2\\\/#breadcrumb\"},\"inLanguage\":\"fr-FR\",\"potentialAction\":[{\"@type\":\"ReadAction\",\"target\":[\"https:\\\/\\\/www.uartes.edu.ec\\\/sitio\\\/fr\\\/blog\\\/2019\\\/01\\\/18\\\/inauguracion-de-la-biblioteca-de-las-artes-2\\\/\"]}]},{\"@type\":\"ImageObject\",\"inLanguage\":\"fr-FR\",\"@id\":\"https:\\\/\\\/www.uartes.edu.ec\\\/sitio\\\/fr\\\/blog\\\/2019\\\/01\\\/18\\\/inauguracion-de-la-biblioteca-de-las-artes-2\\\/#primaryimage\",\"url\":\"https:\\\/\\\/www.uartes.edu.ec\\\/sitio\\\/wp-content\\\/uploads\\\/2019\\\/01\\\/inauguracion-de-la-biblioteca-de-las-artes.jpg\",\"contentUrl\":\"https:\\\/\\\/www.uartes.edu.ec\\\/sitio\\\/wp-content\\\/uploads\\\/2019\\\/01\\\/inauguracion-de-la-biblioteca-de-las-artes.jpg\",\"width\":582,\"height\":270},{\"@type\":\"BreadcrumbList\",\"@id\":\"https:\\\/\\\/www.uartes.edu.ec\\\/sitio\\\/fr\\\/blog\\\/2019\\\/01\\\/18\\\/inauguracion-de-la-biblioteca-de-las-artes-2\\\/#breadcrumb\",\"itemListElement\":[{\"@type\":\"ListItem\",\"position\":1,\"name\":\"Inicio\",\"item\":\"https:\\\/\\\/www.uartes.edu.ec\\\/sitio\\\/\"},{\"@type\":\"ListItem\",\"position\":2,\"name\":\"Inauguraci\u00f3n de la Biblioteca de las Artes\"}]},{\"@type\":\"WebSite\",\"@id\":\"https:\\\/\\\/www.uartes.edu.ec\\\/sitio\\\/fr\\\/#website\",\"url\":\"https:\\\/\\\/www.uartes.edu.ec\\\/sitio\\\/fr\\\/\",\"name\":\"Universidad de las Artes\",\"description\":\"Sitio oficial de la Universidad Nacional de las Artes del Ecuador\",\"publisher\":{\"@id\":\"https:\\\/\\\/www.uartes.edu.ec\\\/sitio\\\/fr\\\/#organization\"},\"potentialAction\":[{\"@type\":\"SearchAction\",\"target\":{\"@type\":\"EntryPoint\",\"urlTemplate\":\"https:\\\/\\\/www.uartes.edu.ec\\\/sitio\\\/fr\\\/?s={search_term_string}\"},\"query-input\":{\"@type\":\"PropertyValueSpecification\",\"valueRequired\":true,\"valueName\":\"search_term_string\"}}],\"inLanguage\":\"fr-FR\"},{\"@type\":\"Organization\",\"@id\":\"https:\\\/\\\/www.uartes.edu.ec\\\/sitio\\\/fr\\\/#organization\",\"name\":\"Universidad de las Artes\",\"url\":\"https:\\\/\\\/www.uartes.edu.ec\\\/sitio\\\/fr\\\/\",\"logo\":{\"@type\":\"ImageObject\",\"inLanguage\":\"fr-FR\",\"@id\":\"https:\\\/\\\/www.uartes.edu.ec\\\/sitio\\\/fr\\\/#\\\/schema\\\/logo\\\/image\\\/\",\"url\":\"https:\\\/\\\/www.uartes.edu.ec\\\/sitio\\\/wp-content\\\/uploads\\\/2022\\\/07\\\/logo-ua-horizontal.png\",\"contentUrl\":\"https:\\\/\\\/www.uartes.edu.ec\\\/sitio\\\/wp-content\\\/uploads\\\/2022\\\/07\\\/logo-ua-horizontal.png\",\"width\":800,\"height\":276,\"caption\":\"Universidad de las Artes\"},\"image\":{\"@id\":\"https:\\\/\\\/www.uartes.edu.ec\\\/sitio\\\/fr\\\/#\\\/schema\\\/logo\\\/image\\\/\"},\"sameAs\":[\"https:\\\/\\\/www.facebook.com\\\/uartesec\",\"https:\\\/\\\/x.com\\\/uartesec\",\"https:\\\/\\\/www.tiktok.com\\\/@uartesec\"]},{\"@type\":\"Person\",\"@id\":\"https:\\\/\\\/www.uartes.edu.ec\\\/sitio\\\/fr\\\/#\\\/schema\\\/person\\\/f33f8c1d2af0d5c80a38c8abf458184a\",\"name\":\"Universidad de las Artes\",\"image\":{\"@type\":\"ImageObject\",\"inLanguage\":\"fr-FR\",\"@id\":\"https:\\\/\\\/secure.gravatar.com\\\/avatar\\\/52e4757902f5cfa5ac52d020e5be83cae5487519154b6c35482fe08d589f3c13?s=96&d=mm&r=g\",\"url\":\"https:\\\/\\\/secure.gravatar.com\\\/avatar\\\/52e4757902f5cfa5ac52d020e5be83cae5487519154b6c35482fe08d589f3c13?s=96&d=mm&r=g\",\"contentUrl\":\"https:\\\/\\\/secure.gravatar.com\\\/avatar\\\/52e4757902f5cfa5ac52d020e5be83cae5487519154b6c35482fe08d589f3c13?s=96&d=mm&r=g\",\"caption\":\"Universidad de las Artes\"},\"url\":\"https:\\\/\\\/www.uartes.edu.ec\\\/sitio\\\/fr\\\/blog\\\/author\\\/dircomadm\\\/\"}]}<\/script>\n<!-- \/ Yoast SEO plugin. -->","yoast_head_json":{"title":"Universidad de las Artes - Inauguraci\u00f3n de la Biblioteca de las Artes","description":"Universidad de las Artes - Inauguraci\u00f3n de la Biblioteca de las Artes","robots":{"index":"index","follow":"follow","max-snippet":"max-snippet:-1","max-image-preview":"max-image-preview:large","max-video-preview":"max-video-preview:-1"},"canonical":"https:\/\/www.uartes.edu.ec\/sitio\/fr\/blog\/2019\/01\/18\/inauguracion-de-la-biblioteca-de-las-artes-2\/","og_locale":"fr_FR","og_type":"article","og_title":"Universidad de las Artes - Inauguraci\u00f3n de la Biblioteca de las Artes","og_description":"Universidad de las Artes - Inauguraci\u00f3n de la Biblioteca de las Artes","og_url":"https:\/\/www.uartes.edu.ec\/sitio\/fr\/blog\/2019\/01\/18\/inauguracion-de-la-biblioteca-de-las-artes-2\/","og_site_name":"Universidad de las Artes","article_publisher":"https:\/\/www.facebook.com\/uartesec","article_published_time":"2019-01-18T19:19:10+00:00","article_modified_time":"2024-07-04T16:53:40+00:00","og_image":[{"width":582,"height":270,"url":"https:\/\/www.uartes.edu.ec\/sitio\/wp-content\/uploads\/2019\/01\/inauguracion-de-la-biblioteca-de-las-artes.jpg","type":"image\/jpeg"}],"author":"Universidad de las Artes","twitter_card":"summary_large_image","twitter_creator":"@uartesec","twitter_site":"@uartesec","twitter_misc":{"\u00c9crit par":"Universidad de las Artes","Dur\u00e9e de lecture estim\u00e9e":"4 minutes"},"schema":{"@context":"https:\/\/schema.org","@graph":[{"@type":"Article","@id":"https:\/\/www.uartes.edu.ec\/sitio\/fr\/blog\/2019\/01\/18\/inauguracion-de-la-biblioteca-de-las-artes-2\/#article","isPartOf":{"@id":"https:\/\/www.uartes.edu.ec\/sitio\/fr\/blog\/2019\/01\/18\/inauguracion-de-la-biblioteca-de-las-artes-2\/"},"author":{"name":"Universidad de las Artes","@id":"https:\/\/www.uartes.edu.ec\/sitio\/fr\/#\/schema\/person\/f33f8c1d2af0d5c80a38c8abf458184a"},"headline":"Inauguraci\u00f3n de la Biblioteca de las Artes","datePublished":"2019-01-18T19:19:10+00:00","dateModified":"2024-07-04T16:53:40+00:00","mainEntityOfPage":{"@id":"https:\/\/www.uartes.edu.ec\/sitio\/fr\/blog\/2019\/01\/18\/inauguracion-de-la-biblioteca-de-las-artes-2\/"},"wordCount":719,"publisher":{"@id":"https:\/\/www.uartes.edu.ec\/sitio\/fr\/#organization"},"image":{"@id":"https:\/\/www.uartes.edu.ec\/sitio\/fr\/blog\/2019\/01\/18\/inauguracion-de-la-biblioteca-de-las-artes-2\/#primaryimage"},"thumbnailUrl":"https:\/\/www.uartes.edu.ec\/sitio\/wp-content\/uploads\/2019\/01\/inauguracion-de-la-biblioteca-de-las-artes.jpg","keywords":["biblioteca"],"articleSection":["Artes","Rectorado"],"inLanguage":"fr-FR"},{"@type":["WebPage","ItemPage"],"@id":"https:\/\/www.uartes.edu.ec\/sitio\/fr\/blog\/2019\/01\/18\/inauguracion-de-la-biblioteca-de-las-artes-2\/","url":"https:\/\/www.uartes.edu.ec\/sitio\/fr\/blog\/2019\/01\/18\/inauguracion-de-la-biblioteca-de-las-artes-2\/","name":"Universidad de las Artes - Inauguraci\u00f3n de la Biblioteca de las Artes","isPartOf":{"@id":"https:\/\/www.uartes.edu.ec\/sitio\/fr\/#website"},"primaryImageOfPage":{"@id":"https:\/\/www.uartes.edu.ec\/sitio\/fr\/blog\/2019\/01\/18\/inauguracion-de-la-biblioteca-de-las-artes-2\/#primaryimage"},"image":{"@id":"https:\/\/www.uartes.edu.ec\/sitio\/fr\/blog\/2019\/01\/18\/inauguracion-de-la-biblioteca-de-las-artes-2\/#primaryimage"},"thumbnailUrl":"https:\/\/www.uartes.edu.ec\/sitio\/wp-content\/uploads\/2019\/01\/inauguracion-de-la-biblioteca-de-las-artes.jpg","datePublished":"2019-01-18T19:19:10+00:00","dateModified":"2024-07-04T16:53:40+00:00","description":"Universidad de las Artes - Inauguraci\u00f3n de la Biblioteca de las Artes","breadcrumb":{"@id":"https:\/\/www.uartes.edu.ec\/sitio\/fr\/blog\/2019\/01\/18\/inauguracion-de-la-biblioteca-de-las-artes-2\/#breadcrumb"},"inLanguage":"fr-FR","potentialAction":[{"@type":"ReadAction","target":["https:\/\/www.uartes.edu.ec\/sitio\/fr\/blog\/2019\/01\/18\/inauguracion-de-la-biblioteca-de-las-artes-2\/"]}]},{"@type":"ImageObject","inLanguage":"fr-FR","@id":"https:\/\/www.uartes.edu.ec\/sitio\/fr\/blog\/2019\/01\/18\/inauguracion-de-la-biblioteca-de-las-artes-2\/#primaryimage","url":"https:\/\/www.uartes.edu.ec\/sitio\/wp-content\/uploads\/2019\/01\/inauguracion-de-la-biblioteca-de-las-artes.jpg","contentUrl":"https:\/\/www.uartes.edu.ec\/sitio\/wp-content\/uploads\/2019\/01\/inauguracion-de-la-biblioteca-de-las-artes.jpg","width":582,"height":270},{"@type":"BreadcrumbList","@id":"https:\/\/www.uartes.edu.ec\/sitio\/fr\/blog\/2019\/01\/18\/inauguracion-de-la-biblioteca-de-las-artes-2\/#breadcrumb","itemListElement":[{"@type":"ListItem","position":1,"name":"Inicio","item":"https:\/\/www.uartes.edu.ec\/sitio\/"},{"@type":"ListItem","position":2,"name":"Inauguraci\u00f3n de la Biblioteca de las Artes"}]},{"@type":"WebSite","@id":"https:\/\/www.uartes.edu.ec\/sitio\/fr\/#website","url":"https:\/\/www.uartes.edu.ec\/sitio\/fr\/","name":"Universidad de las Artes","description":"Sitio oficial de la Universidad Nacional de las Artes del Ecuador","publisher":{"@id":"https:\/\/www.uartes.edu.ec\/sitio\/fr\/#organization"},"potentialAction":[{"@type":"SearchAction","target":{"@type":"EntryPoint","urlTemplate":"https:\/\/www.uartes.edu.ec\/sitio\/fr\/?s={search_term_string}"},"query-input":{"@type":"PropertyValueSpecification","valueRequired":true,"valueName":"search_term_string"}}],"inLanguage":"fr-FR"},{"@type":"Organization","@id":"https:\/\/www.uartes.edu.ec\/sitio\/fr\/#organization","name":"Universidad de las Artes","url":"https:\/\/www.uartes.edu.ec\/sitio\/fr\/","logo":{"@type":"ImageObject","inLanguage":"fr-FR","@id":"https:\/\/www.uartes.edu.ec\/sitio\/fr\/#\/schema\/logo\/image\/","url":"https:\/\/www.uartes.edu.ec\/sitio\/wp-content\/uploads\/2022\/07\/logo-ua-horizontal.png","contentUrl":"https:\/\/www.uartes.edu.ec\/sitio\/wp-content\/uploads\/2022\/07\/logo-ua-horizontal.png","width":800,"height":276,"caption":"Universidad de las Artes"},"image":{"@id":"https:\/\/www.uartes.edu.ec\/sitio\/fr\/#\/schema\/logo\/image\/"},"sameAs":["https:\/\/www.facebook.com\/uartesec","https:\/\/x.com\/uartesec","https:\/\/www.tiktok.com\/@uartesec"]},{"@type":"Person","@id":"https:\/\/www.uartes.edu.ec\/sitio\/fr\/#\/schema\/person\/f33f8c1d2af0d5c80a38c8abf458184a","name":"Universidad de las Artes","image":{"@type":"ImageObject","inLanguage":"fr-FR","@id":"https:\/\/secure.gravatar.com\/avatar\/52e4757902f5cfa5ac52d020e5be83cae5487519154b6c35482fe08d589f3c13?s=96&d=mm&r=g","url":"https:\/\/secure.gravatar.com\/avatar\/52e4757902f5cfa5ac52d020e5be83cae5487519154b6c35482fe08d589f3c13?s=96&d=mm&r=g","contentUrl":"https:\/\/secure.gravatar.com\/avatar\/52e4757902f5cfa5ac52d020e5be83cae5487519154b6c35482fe08d589f3c13?s=96&d=mm&r=g","caption":"Universidad de las Artes"},"url":"https:\/\/www.uartes.edu.ec\/sitio\/fr\/blog\/author\/dircomadm\/"}]}},"uagb_featured_image_src":{"full":["https:\/\/www.uartes.edu.ec\/sitio\/wp-content\/uploads\/2019\/01\/inauguracion-de-la-biblioteca-de-las-artes.jpg",582,270,false],"thumbnail":["https:\/\/www.uartes.edu.ec\/sitio\/wp-content\/uploads\/2019\/01\/inauguracion-de-la-biblioteca-de-las-artes-150x150.jpg",150,150,true],"medium":["https:\/\/www.uartes.edu.ec\/sitio\/wp-content\/uploads\/2019\/01\/inauguracion-de-la-biblioteca-de-las-artes-300x139.jpg",300,139,true],"medium_large":["https:\/\/www.uartes.edu.ec\/sitio\/wp-content\/uploads\/2019\/01\/inauguracion-de-la-biblioteca-de-las-artes.jpg",582,270,false],"large":["https:\/\/www.uartes.edu.ec\/sitio\/wp-content\/uploads\/2019\/01\/inauguracion-de-la-biblioteca-de-las-artes.jpg",582,270,false],"1536x1536":["https:\/\/www.uartes.edu.ec\/sitio\/wp-content\/uploads\/2019\/01\/inauguracion-de-la-biblioteca-de-las-artes.jpg",582,270,false],"2048x2048":["https:\/\/www.uartes.edu.ec\/sitio\/wp-content\/uploads\/2019\/01\/inauguracion-de-la-biblioteca-de-las-artes.jpg",582,270,false],"trp-custom-language-flag":["https:\/\/www.uartes.edu.ec\/sitio\/wp-content\/uploads\/2019\/01\/inauguracion-de-la-biblioteca-de-las-artes-18x8.jpg",18,8,true],"htmega_size_585x295":["https:\/\/www.uartes.edu.ec\/sitio\/wp-content\/uploads\/2019\/01\/inauguracion-de-la-biblioteca-de-las-artes.jpg",582,270,false],"htmega_size_1170x536":["https:\/\/www.uartes.edu.ec\/sitio\/wp-content\/uploads\/2019\/01\/inauguracion-de-la-biblioteca-de-las-artes.jpg",582,270,false],"htmega_size_396x360":["https:\/\/www.uartes.edu.ec\/sitio\/wp-content\/uploads\/2019\/01\/inauguracion-de-la-biblioteca-de-las-artes-396x270.jpg",396,270,true],"gb-block-post-grid-landscape":["https:\/\/www.uartes.edu.ec\/sitio\/wp-content\/uploads\/2019\/01\/inauguracion-de-la-biblioteca-de-las-artes.jpg",582,270,false],"gb-block-post-grid-square":["https:\/\/www.uartes.edu.ec\/sitio\/wp-content\/uploads\/2019\/01\/inauguracion-de-la-biblioteca-de-las-artes.jpg",582,270,false],"university-hub-thumb":["https:\/\/www.uartes.edu.ec\/sitio\/wp-content\/uploads\/2019\/01\/inauguracion-de-la-biblioteca-de-las-artes-400x186.jpg",400,186,true]},"uagb_author_info":{"display_name":"Universidad de las Artes","author_link":"https:\/\/www.uartes.edu.ec\/sitio\/fr\/blog\/author\/dircomadm\/"},"uagb_comment_info":0,"uagb_excerpt":"El Ministerio de Cultura y Patrimonio y la Universidad de las Artes inauguraron este mi\u00e9rcoles 16 de enero la Biblioteca de las Artes, ubicada en el rehabilitado edificio patrimonial en el que originalmente funcion\u00f3 el Banco de Descuento y hace pocos a\u00f1os la Superintendencia de Compa\u00f1\u00edas, en las calles Aguirre y Pichincha. La entonaci\u00f3n del\u2026","featured_image_src":"https:\/\/www.uartes.edu.ec\/sitio\/wp-content\/uploads\/2019\/01\/inauguracion-de-la-biblioteca-de-las-artes.jpg","featured_image_src_square":"https:\/\/www.uartes.edu.ec\/sitio\/wp-content\/uploads\/2019\/01\/inauguracion-de-la-biblioteca-de-las-artes.jpg","author_info":{"display_name":"Universidad de las Artes","author_link":"https:\/\/www.uartes.edu.ec\/sitio\/fr\/blog\/author\/dircomadm\/"},"publishpress_future_workflow_manual_trigger":{"enabledWorkflows":[]},"distributor_meta":false,"distributor_terms":false,"distributor_media":false,"distributor_original_site_name":"Universidad de las Artes","distributor_original_site_url":"https:\/\/www.uartes.edu.ec\/sitio\/fr","push-errors":false,"_links":{"self":[{"href":"https:\/\/www.uartes.edu.ec\/sitio\/fr\/wp-json\/wp\/v2\/posts\/2800","targetHints":{"allow":["GET"]}}],"collection":[{"href":"https:\/\/www.uartes.edu.ec\/sitio\/fr\/wp-json\/wp\/v2\/posts"}],"about":[{"href":"https:\/\/www.uartes.edu.ec\/sitio\/fr\/wp-json\/wp\/v2\/types\/post"}],"author":[{"embeddable":true,"href":"https:\/\/www.uartes.edu.ec\/sitio\/fr\/wp-json\/wp\/v2\/users\/1"}],"replies":[{"embeddable":true,"href":"https:\/\/www.uartes.edu.ec\/sitio\/fr\/wp-json\/wp\/v2\/comments?post=2800"}],"version-history":[{"count":2,"href":"https:\/\/www.uartes.edu.ec\/sitio\/fr\/wp-json\/wp\/v2\/posts\/2800\/revisions"}],"predecessor-version":[{"id":2806,"href":"https:\/\/www.uartes.edu.ec\/sitio\/fr\/wp-json\/wp\/v2\/posts\/2800\/revisions\/2806"}],"wp:featuredmedia":[{"embeddable":true,"href":"https:\/\/www.uartes.edu.ec\/sitio\/fr\/wp-json\/wp\/v2\/media\/56529"}],"wp:attachment":[{"href":"https:\/\/www.uartes.edu.ec\/sitio\/fr\/wp-json\/wp\/v2\/media?parent=2800"}],"wp:term":[{"taxonomy":"category","embeddable":true,"href":"https:\/\/www.uartes.edu.ec\/sitio\/fr\/wp-json\/wp\/v2\/categories?post=2800"},{"taxonomy":"post_tag","embeddable":true,"href":"https:\/\/www.uartes.edu.ec\/sitio\/fr\/wp-json\/wp\/v2\/tags?post=2800"},{"taxonomy":"infouartes","embeddable":true,"href":"https:\/\/www.uartes.edu.ec\/sitio\/fr\/wp-json\/wp\/v2\/infouartes?post=2800"}],"curies":[{"name":"wp","href":"https:\/\/api.w.org\/{rel}","templated":true}]}}