{"id":2814,"date":"2019-02-04T16:37:00","date_gmt":"2019-02-04T21:37:00","guid":{"rendered":"http:\/\/www.uartes.edu.ec\/sitio\/?p=2814"},"modified":"2024-07-04T11:53:39","modified_gmt":"2024-07-04T16:53:39","slug":"escuela-de-artes-escenicas-y-sus-propuestas-para-monte-sinai","status":"publish","type":"post","link":"https:\/\/www.uartes.edu.ec\/sitio\/fr\/blog\/2019\/02\/04\/escuela-de-artes-escenicas-y-sus-propuestas-para-monte-sinai\/","title":{"rendered":"Escuela de Artes Esc\u00e9nicas y sus propuestas para Monte Sina\u00ed"},"content":{"rendered":"<p>La III Etapa del Proyecto Monte Sina\u00ed est\u00e1 en marcha. La Escuela de Artes Esc\u00e9nicas de la Universidad de las Artes abri\u00f3 ya la convocatoria para que docentes y estudiantes env\u00eden sus propuestas de talleres que, dirigidos a ni\u00f1@s y adolescentes,\u00a0se desarrollar\u00e1n desde el 4 al 30 de marzo.<\/p>\n<p>La educaci\u00f3n es un bien p\u00fablico y la vinculaci\u00f3n con la sociedad se comprende como una responsabilidad y un derecho de participaci\u00f3n efectiva de la comunidad universitaria en la transformaci\u00f3n social. En este marco, Marcelo Leyton, coordinador del proyecto, se\u00f1ala que el trabajo en comunidad es una suerte de mutuo aprendizaje, donde el pensamiento cr\u00edtico y sensible dan la posibilidad de expandir y compartir <em>in situ<\/em> singulares experiencias creativas.<\/p>\n<p>En esta oportunidad, la participaci\u00f3n de l@s estudiantes representar\u00e1n 60 horas de V\u00ednculo con la Comunidad. Su amplitud y regularidad depender\u00e1 de cada propuesta. La idea es abrir el mayor n\u00famero de talleres posible para conocer el inter\u00e9s que cada uno de ellos despierta. En esta etapa, es importante identificar las necesidades de la comunidad para planificar los procesos que le van a dar continuidad a este proyecto.<\/p>\n<p>Pero, \u00bfc\u00f3mo se gest\u00f3 el Proyecto Monte Sina\u00ed? El acercamiento se dio en enero de 2018 a trav\u00e9s de la Corporaci\u00f3n Hogar de Cristo, que plante\u00f3 el inter\u00e9s de hacer una comedia musical. Es entonces que se decide ir m\u00e1s all\u00e1 y con un taller intensivo de teatro se marc\u00f3 la primera etapa; sucedi\u00f3 en el mes de marzo del a\u00f1o pasado, porque es cuando l@s ni\u00f1@s y j\u00f3venes al tener m\u00e1s tiempo disponible son m\u00e1s vulnerables a los problemas socio-culturales.<\/p>\n<p>A la I Etapa del Proyecto Monte Sina\u00ed asistieron y se mantuvieron alrededor de 40 j\u00f3venes de la comunidad. Al concluir este per\u00edodo, se anunci\u00f3 para junio la II Etapa con la apertura de otro taller con mayor duraci\u00f3n y con la finalidad de crear un grupo y una obra de teatro. Al momento, son 30 los j\u00f3venes que asisten con regularidad los s\u00e1bados para ensayar un montaje que se estrenar\u00e1 a fines de marzo de este a\u00f1o.<\/p>\n<p>Durante los ensayos muchas personas se han acercado y manifestado su inter\u00e9s por nuevos y m\u00e1s talleres. De esta necesidad surge la III Etapa del Proyecto Monte Sina\u00ed y la convocatoria para que las dem\u00e1s escuelas, los docentes y estudiantes de la UArtes hagan sus propuestas.<\/p>\n<p>El Proyecto Monte Sina\u00ed resulta enriquecedor en todos los sentidos, pues l@s chic@s han tenido experiencias tanto en la comunidad como fuera de la ciudad, compartiendo un ejercicio esc\u00e9nico que ha permitido fortalecer la grupalidad. Tambi\u00e9n ha permitido involucrar a sus padres y amigos que est\u00e1n acompa\u00f1ado con muchas expectativas el proceso.<\/p>","protected":false},"excerpt":{"rendered":"<p>La III Etapa del Proyecto Monte Sina\u00ed est\u00e1 en marcha. La Escuela de Artes Esc\u00e9nicas de la Universidad de las Artes abri\u00f3 ya la convocatoria para que docentes y estudiantes env\u00eden sus propuestas de talleres que, dirigidos a ni\u00f1@s y adolescentes,\u00a0se desarrollar\u00e1n desde el 4 al 30 de marzo. La educaci\u00f3n es un bien p\u00fablico [&hellip;]<\/p>\n","protected":false},"author":1,"featured_media":56527,"comment_status":"closed","ping_status":"closed","sticky":false,"template":"","format":"standard","meta":{"_acf_changed":false,"_uag_custom_page_level_css":"","_monsterinsights_skip_tracking":false,"_monsterinsights_sitenote_active":false,"_monsterinsights_sitenote_note":"","_monsterinsights_sitenote_category":0,"cybocfi_hide_featured_image":"","footnotes":""},"categories":[75,77,79],"tags":[],"infouartes":[],"class_list":["post-2814","post","type-post","status-publish","format-standard","has-post-thumbnail","hentry","category-docentes","category-gestion","category-vinculo"],"acf":[],"yoast_head":"<!-- This site is optimized with the Yoast SEO plugin v27.4 - https:\/\/yoast.com\/product\/yoast-seo-wordpress\/ -->\n<title>Universidad de las Artes - Escuela de Artes Esc\u00e9nicas y sus propuestas para Monte Sina\u00ed<\/title>\n<meta name=\"description\" content=\"Universidad de las Artes - Escuela de Artes Esc\u00e9nicas y sus propuestas para Monte Sina\u00ed\" \/>\n<meta name=\"robots\" content=\"index, follow, max-snippet:-1, max-image-preview:large, max-video-preview:-1\" \/>\n<link rel=\"canonical\" href=\"https:\/\/www.uartes.edu.ec\/sitio\/fr\/blog\/2019\/02\/04\/escuela-de-artes-escenicas-y-sus-propuestas-para-monte-sinai\/\" \/>\n<meta property=\"og:locale\" content=\"fr_FR\" \/>\n<meta property=\"og:type\" content=\"article\" \/>\n<meta property=\"og:title\" content=\"Universidad de las Artes - Escuela de Artes Esc\u00e9nicas y sus propuestas para Monte Sina\u00ed\" \/>\n<meta property=\"og:description\" content=\"Universidad de las Artes - Escuela de Artes Esc\u00e9nicas y sus propuestas para Monte Sina\u00ed\" \/>\n<meta property=\"og:url\" content=\"https:\/\/www.uartes.edu.ec\/sitio\/fr\/blog\/2019\/02\/04\/escuela-de-artes-escenicas-y-sus-propuestas-para-monte-sinai\/\" \/>\n<meta property=\"og:site_name\" content=\"Universidad de las Artes\" \/>\n<meta property=\"article:publisher\" content=\"https:\/\/www.facebook.com\/uartesec\" \/>\n<meta property=\"article:published_time\" content=\"2019-02-04T21:37:00+00:00\" \/>\n<meta property=\"article:modified_time\" content=\"2024-07-04T16:53:39+00:00\" \/>\n<meta property=\"og:image\" content=\"https:\/\/www.uartes.edu.ec\/sitio\/wp-content\/uploads\/2019\/02\/escuela-de-artes-escenicas-y-sus-propuestas-para-monte-sinai.jpg\" \/>\n\t<meta property=\"og:image:width\" content=\"582\" \/>\n\t<meta property=\"og:image:height\" content=\"270\" \/>\n\t<meta property=\"og:image:type\" content=\"image\/jpeg\" \/>\n<meta name=\"author\" content=\"Universidad de las Artes\" \/>\n<meta name=\"twitter:card\" content=\"summary_large_image\" \/>\n<meta name=\"twitter:creator\" content=\"@uartesec\" \/>\n<meta name=\"twitter:site\" content=\"@uartesec\" \/>\n<meta name=\"twitter:label1\" content=\"\u00c9crit par\" \/>\n\t<meta name=\"twitter:data1\" content=\"Universidad de las Artes\" \/>\n\t<meta name=\"twitter:label2\" content=\"Dur\u00e9e de lecture estim\u00e9e\" \/>\n\t<meta name=\"twitter:data2\" content=\"2 minutes\" \/>\n<script type=\"application\/ld+json\" class=\"yoast-schema-graph\">{\"@context\":\"https:\\\/\\\/schema.org\",\"@graph\":[{\"@type\":\"Article\",\"@id\":\"https:\\\/\\\/www.uartes.edu.ec\\\/sitio\\\/fr\\\/blog\\\/2019\\\/02\\\/04\\\/escuela-de-artes-escenicas-y-sus-propuestas-para-monte-sinai\\\/#article\",\"isPartOf\":{\"@id\":\"https:\\\/\\\/www.uartes.edu.ec\\\/sitio\\\/fr\\\/blog\\\/2019\\\/02\\\/04\\\/escuela-de-artes-escenicas-y-sus-propuestas-para-monte-sinai\\\/\"},\"author\":{\"name\":\"Universidad de las Artes\",\"@id\":\"https:\\\/\\\/www.uartes.edu.ec\\\/sitio\\\/fr\\\/#\\\/schema\\\/person\\\/f33f8c1d2af0d5c80a38c8abf458184a\"},\"headline\":\"Escuela de Artes Esc\u00e9nicas y sus propuestas para Monte Sina\u00ed\",\"datePublished\":\"2019-02-04T21:37:00+00:00\",\"dateModified\":\"2024-07-04T16:53:39+00:00\",\"mainEntityOfPage\":{\"@id\":\"https:\\\/\\\/www.uartes.edu.ec\\\/sitio\\\/fr\\\/blog\\\/2019\\\/02\\\/04\\\/escuela-de-artes-escenicas-y-sus-propuestas-para-monte-sinai\\\/\"},\"wordCount\":492,\"publisher\":{\"@id\":\"https:\\\/\\\/www.uartes.edu.ec\\\/sitio\\\/fr\\\/#organization\"},\"image\":{\"@id\":\"https:\\\/\\\/www.uartes.edu.ec\\\/sitio\\\/fr\\\/blog\\\/2019\\\/02\\\/04\\\/escuela-de-artes-escenicas-y-sus-propuestas-para-monte-sinai\\\/#primaryimage\"},\"thumbnailUrl\":\"https:\\\/\\\/www.uartes.edu.ec\\\/sitio\\\/wp-content\\\/uploads\\\/2019\\\/02\\\/escuela-de-artes-escenicas-y-sus-propuestas-para-monte-sinai.jpg\",\"articleSection\":[\"Docentes\",\"Gesti\u00f3n\",\"V\u00ednculo\"],\"inLanguage\":\"fr-FR\"},{\"@type\":[\"WebPage\",\"ItemPage\"],\"@id\":\"https:\\\/\\\/www.uartes.edu.ec\\\/sitio\\\/fr\\\/blog\\\/2019\\\/02\\\/04\\\/escuela-de-artes-escenicas-y-sus-propuestas-para-monte-sinai\\\/\",\"url\":\"https:\\\/\\\/www.uartes.edu.ec\\\/sitio\\\/fr\\\/blog\\\/2019\\\/02\\\/04\\\/escuela-de-artes-escenicas-y-sus-propuestas-para-monte-sinai\\\/\",\"name\":\"Universidad de las Artes - Escuela de Artes Esc\u00e9nicas y sus propuestas para Monte Sina\u00ed\",\"isPartOf\":{\"@id\":\"https:\\\/\\\/www.uartes.edu.ec\\\/sitio\\\/fr\\\/#website\"},\"primaryImageOfPage\":{\"@id\":\"https:\\\/\\\/www.uartes.edu.ec\\\/sitio\\\/fr\\\/blog\\\/2019\\\/02\\\/04\\\/escuela-de-artes-escenicas-y-sus-propuestas-para-monte-sinai\\\/#primaryimage\"},\"image\":{\"@id\":\"https:\\\/\\\/www.uartes.edu.ec\\\/sitio\\\/fr\\\/blog\\\/2019\\\/02\\\/04\\\/escuela-de-artes-escenicas-y-sus-propuestas-para-monte-sinai\\\/#primaryimage\"},\"thumbnailUrl\":\"https:\\\/\\\/www.uartes.edu.ec\\\/sitio\\\/wp-content\\\/uploads\\\/2019\\\/02\\\/escuela-de-artes-escenicas-y-sus-propuestas-para-monte-sinai.jpg\",\"datePublished\":\"2019-02-04T21:37:00+00:00\",\"dateModified\":\"2024-07-04T16:53:39+00:00\",\"description\":\"Universidad de las Artes - Escuela de Artes Esc\u00e9nicas y sus propuestas para Monte Sina\u00ed\",\"breadcrumb\":{\"@id\":\"https:\\\/\\\/www.uartes.edu.ec\\\/sitio\\\/fr\\\/blog\\\/2019\\\/02\\\/04\\\/escuela-de-artes-escenicas-y-sus-propuestas-para-monte-sinai\\\/#breadcrumb\"},\"inLanguage\":\"fr-FR\",\"potentialAction\":[{\"@type\":\"ReadAction\",\"target\":[\"https:\\\/\\\/www.uartes.edu.ec\\\/sitio\\\/fr\\\/blog\\\/2019\\\/02\\\/04\\\/escuela-de-artes-escenicas-y-sus-propuestas-para-monte-sinai\\\/\"]}]},{\"@type\":\"ImageObject\",\"inLanguage\":\"fr-FR\",\"@id\":\"https:\\\/\\\/www.uartes.edu.ec\\\/sitio\\\/fr\\\/blog\\\/2019\\\/02\\\/04\\\/escuela-de-artes-escenicas-y-sus-propuestas-para-monte-sinai\\\/#primaryimage\",\"url\":\"https:\\\/\\\/www.uartes.edu.ec\\\/sitio\\\/wp-content\\\/uploads\\\/2019\\\/02\\\/escuela-de-artes-escenicas-y-sus-propuestas-para-monte-sinai.jpg\",\"contentUrl\":\"https:\\\/\\\/www.uartes.edu.ec\\\/sitio\\\/wp-content\\\/uploads\\\/2019\\\/02\\\/escuela-de-artes-escenicas-y-sus-propuestas-para-monte-sinai.jpg\",\"width\":582,\"height\":270},{\"@type\":\"BreadcrumbList\",\"@id\":\"https:\\\/\\\/www.uartes.edu.ec\\\/sitio\\\/fr\\\/blog\\\/2019\\\/02\\\/04\\\/escuela-de-artes-escenicas-y-sus-propuestas-para-monte-sinai\\\/#breadcrumb\",\"itemListElement\":[{\"@type\":\"ListItem\",\"position\":1,\"name\":\"Inicio\",\"item\":\"https:\\\/\\\/www.uartes.edu.ec\\\/sitio\\\/\"},{\"@type\":\"ListItem\",\"position\":2,\"name\":\"Escuela de Artes Esc\u00e9nicas y sus propuestas para Monte Sina\u00ed\"}]},{\"@type\":\"WebSite\",\"@id\":\"https:\\\/\\\/www.uartes.edu.ec\\\/sitio\\\/fr\\\/#website\",\"url\":\"https:\\\/\\\/www.uartes.edu.ec\\\/sitio\\\/fr\\\/\",\"name\":\"Universidad de las Artes\",\"description\":\"Sitio oficial de la Universidad Nacional de las Artes del Ecuador\",\"publisher\":{\"@id\":\"https:\\\/\\\/www.uartes.edu.ec\\\/sitio\\\/fr\\\/#organization\"},\"potentialAction\":[{\"@type\":\"SearchAction\",\"target\":{\"@type\":\"EntryPoint\",\"urlTemplate\":\"https:\\\/\\\/www.uartes.edu.ec\\\/sitio\\\/fr\\\/?s={search_term_string}\"},\"query-input\":{\"@type\":\"PropertyValueSpecification\",\"valueRequired\":true,\"valueName\":\"search_term_string\"}}],\"inLanguage\":\"fr-FR\"},{\"@type\":\"Organization\",\"@id\":\"https:\\\/\\\/www.uartes.edu.ec\\\/sitio\\\/fr\\\/#organization\",\"name\":\"Universidad de las Artes\",\"url\":\"https:\\\/\\\/www.uartes.edu.ec\\\/sitio\\\/fr\\\/\",\"logo\":{\"@type\":\"ImageObject\",\"inLanguage\":\"fr-FR\",\"@id\":\"https:\\\/\\\/www.uartes.edu.ec\\\/sitio\\\/fr\\\/#\\\/schema\\\/logo\\\/image\\\/\",\"url\":\"https:\\\/\\\/www.uartes.edu.ec\\\/sitio\\\/wp-content\\\/uploads\\\/2022\\\/07\\\/logo-ua-horizontal.png\",\"contentUrl\":\"https:\\\/\\\/www.uartes.edu.ec\\\/sitio\\\/wp-content\\\/uploads\\\/2022\\\/07\\\/logo-ua-horizontal.png\",\"width\":800,\"height\":276,\"caption\":\"Universidad de las Artes\"},\"image\":{\"@id\":\"https:\\\/\\\/www.uartes.edu.ec\\\/sitio\\\/fr\\\/#\\\/schema\\\/logo\\\/image\\\/\"},\"sameAs\":[\"https:\\\/\\\/www.facebook.com\\\/uartesec\",\"https:\\\/\\\/x.com\\\/uartesec\",\"https:\\\/\\\/www.tiktok.com\\\/@uartesec\"]},{\"@type\":\"Person\",\"@id\":\"https:\\\/\\\/www.uartes.edu.ec\\\/sitio\\\/fr\\\/#\\\/schema\\\/person\\\/f33f8c1d2af0d5c80a38c8abf458184a\",\"name\":\"Universidad de las Artes\",\"image\":{\"@type\":\"ImageObject\",\"inLanguage\":\"fr-FR\",\"@id\":\"https:\\\/\\\/secure.gravatar.com\\\/avatar\\\/52e4757902f5cfa5ac52d020e5be83cae5487519154b6c35482fe08d589f3c13?s=96&d=mm&r=g\",\"url\":\"https:\\\/\\\/secure.gravatar.com\\\/avatar\\\/52e4757902f5cfa5ac52d020e5be83cae5487519154b6c35482fe08d589f3c13?s=96&d=mm&r=g\",\"contentUrl\":\"https:\\\/\\\/secure.gravatar.com\\\/avatar\\\/52e4757902f5cfa5ac52d020e5be83cae5487519154b6c35482fe08d589f3c13?s=96&d=mm&r=g\",\"caption\":\"Universidad de las Artes\"},\"url\":\"https:\\\/\\\/www.uartes.edu.ec\\\/sitio\\\/fr\\\/blog\\\/author\\\/dircomadm\\\/\"}]}<\/script>\n<!-- \/ Yoast SEO plugin. -->","yoast_head_json":{"title":"Universidad de las Artes - Escuela de Artes Esc\u00e9nicas y sus propuestas para Monte Sina\u00ed","description":"Universidad de las Artes - Escuela de Artes Esc\u00e9nicas y sus propuestas para Monte Sina\u00ed","robots":{"index":"index","follow":"follow","max-snippet":"max-snippet:-1","max-image-preview":"max-image-preview:large","max-video-preview":"max-video-preview:-1"},"canonical":"https:\/\/www.uartes.edu.ec\/sitio\/fr\/blog\/2019\/02\/04\/escuela-de-artes-escenicas-y-sus-propuestas-para-monte-sinai\/","og_locale":"fr_FR","og_type":"article","og_title":"Universidad de las Artes - Escuela de Artes Esc\u00e9nicas y sus propuestas para Monte Sina\u00ed","og_description":"Universidad de las Artes - Escuela de Artes Esc\u00e9nicas y sus propuestas para Monte Sina\u00ed","og_url":"https:\/\/www.uartes.edu.ec\/sitio\/fr\/blog\/2019\/02\/04\/escuela-de-artes-escenicas-y-sus-propuestas-para-monte-sinai\/","og_site_name":"Universidad de las Artes","article_publisher":"https:\/\/www.facebook.com\/uartesec","article_published_time":"2019-02-04T21:37:00+00:00","article_modified_time":"2024-07-04T16:53:39+00:00","og_image":[{"width":582,"height":270,"url":"https:\/\/www.uartes.edu.ec\/sitio\/wp-content\/uploads\/2019\/02\/escuela-de-artes-escenicas-y-sus-propuestas-para-monte-sinai.jpg","type":"image\/jpeg"}],"author":"Universidad de las Artes","twitter_card":"summary_large_image","twitter_creator":"@uartesec","twitter_site":"@uartesec","twitter_misc":{"\u00c9crit par":"Universidad de las Artes","Dur\u00e9e de lecture estim\u00e9e":"2 minutes"},"schema":{"@context":"https:\/\/schema.org","@graph":[{"@type":"Article","@id":"https:\/\/www.uartes.edu.ec\/sitio\/fr\/blog\/2019\/02\/04\/escuela-de-artes-escenicas-y-sus-propuestas-para-monte-sinai\/#article","isPartOf":{"@id":"https:\/\/www.uartes.edu.ec\/sitio\/fr\/blog\/2019\/02\/04\/escuela-de-artes-escenicas-y-sus-propuestas-para-monte-sinai\/"},"author":{"name":"Universidad de las Artes","@id":"https:\/\/www.uartes.edu.ec\/sitio\/fr\/#\/schema\/person\/f33f8c1d2af0d5c80a38c8abf458184a"},"headline":"Escuela de Artes Esc\u00e9nicas y sus propuestas para Monte Sina\u00ed","datePublished":"2019-02-04T21:37:00+00:00","dateModified":"2024-07-04T16:53:39+00:00","mainEntityOfPage":{"@id":"https:\/\/www.uartes.edu.ec\/sitio\/fr\/blog\/2019\/02\/04\/escuela-de-artes-escenicas-y-sus-propuestas-para-monte-sinai\/"},"wordCount":492,"publisher":{"@id":"https:\/\/www.uartes.edu.ec\/sitio\/fr\/#organization"},"image":{"@id":"https:\/\/www.uartes.edu.ec\/sitio\/fr\/blog\/2019\/02\/04\/escuela-de-artes-escenicas-y-sus-propuestas-para-monte-sinai\/#primaryimage"},"thumbnailUrl":"https:\/\/www.uartes.edu.ec\/sitio\/wp-content\/uploads\/2019\/02\/escuela-de-artes-escenicas-y-sus-propuestas-para-monte-sinai.jpg","articleSection":["Docentes","Gesti\u00f3n","V\u00ednculo"],"inLanguage":"fr-FR"},{"@type":["WebPage","ItemPage"],"@id":"https:\/\/www.uartes.edu.ec\/sitio\/fr\/blog\/2019\/02\/04\/escuela-de-artes-escenicas-y-sus-propuestas-para-monte-sinai\/","url":"https:\/\/www.uartes.edu.ec\/sitio\/fr\/blog\/2019\/02\/04\/escuela-de-artes-escenicas-y-sus-propuestas-para-monte-sinai\/","name":"Universidad de las Artes - Escuela de Artes Esc\u00e9nicas y sus propuestas para Monte Sina\u00ed","isPartOf":{"@id":"https:\/\/www.uartes.edu.ec\/sitio\/fr\/#website"},"primaryImageOfPage":{"@id":"https:\/\/www.uartes.edu.ec\/sitio\/fr\/blog\/2019\/02\/04\/escuela-de-artes-escenicas-y-sus-propuestas-para-monte-sinai\/#primaryimage"},"image":{"@id":"https:\/\/www.uartes.edu.ec\/sitio\/fr\/blog\/2019\/02\/04\/escuela-de-artes-escenicas-y-sus-propuestas-para-monte-sinai\/#primaryimage"},"thumbnailUrl":"https:\/\/www.uartes.edu.ec\/sitio\/wp-content\/uploads\/2019\/02\/escuela-de-artes-escenicas-y-sus-propuestas-para-monte-sinai.jpg","datePublished":"2019-02-04T21:37:00+00:00","dateModified":"2024-07-04T16:53:39+00:00","description":"Universidad de las Artes - Escuela de Artes Esc\u00e9nicas y sus propuestas para Monte Sina\u00ed","breadcrumb":{"@id":"https:\/\/www.uartes.edu.ec\/sitio\/fr\/blog\/2019\/02\/04\/escuela-de-artes-escenicas-y-sus-propuestas-para-monte-sinai\/#breadcrumb"},"inLanguage":"fr-FR","potentialAction":[{"@type":"ReadAction","target":["https:\/\/www.uartes.edu.ec\/sitio\/fr\/blog\/2019\/02\/04\/escuela-de-artes-escenicas-y-sus-propuestas-para-monte-sinai\/"]}]},{"@type":"ImageObject","inLanguage":"fr-FR","@id":"https:\/\/www.uartes.edu.ec\/sitio\/fr\/blog\/2019\/02\/04\/escuela-de-artes-escenicas-y-sus-propuestas-para-monte-sinai\/#primaryimage","url":"https:\/\/www.uartes.edu.ec\/sitio\/wp-content\/uploads\/2019\/02\/escuela-de-artes-escenicas-y-sus-propuestas-para-monte-sinai.jpg","contentUrl":"https:\/\/www.uartes.edu.ec\/sitio\/wp-content\/uploads\/2019\/02\/escuela-de-artes-escenicas-y-sus-propuestas-para-monte-sinai.jpg","width":582,"height":270},{"@type":"BreadcrumbList","@id":"https:\/\/www.uartes.edu.ec\/sitio\/fr\/blog\/2019\/02\/04\/escuela-de-artes-escenicas-y-sus-propuestas-para-monte-sinai\/#breadcrumb","itemListElement":[{"@type":"ListItem","position":1,"name":"Inicio","item":"https:\/\/www.uartes.edu.ec\/sitio\/"},{"@type":"ListItem","position":2,"name":"Escuela de Artes Esc\u00e9nicas y sus propuestas para Monte Sina\u00ed"}]},{"@type":"WebSite","@id":"https:\/\/www.uartes.edu.ec\/sitio\/fr\/#website","url":"https:\/\/www.uartes.edu.ec\/sitio\/fr\/","name":"Universidad de las Artes","description":"Sitio oficial de la Universidad Nacional de las Artes del Ecuador","publisher":{"@id":"https:\/\/www.uartes.edu.ec\/sitio\/fr\/#organization"},"potentialAction":[{"@type":"SearchAction","target":{"@type":"EntryPoint","urlTemplate":"https:\/\/www.uartes.edu.ec\/sitio\/fr\/?s={search_term_string}"},"query-input":{"@type":"PropertyValueSpecification","valueRequired":true,"valueName":"search_term_string"}}],"inLanguage":"fr-FR"},{"@type":"Organization","@id":"https:\/\/www.uartes.edu.ec\/sitio\/fr\/#organization","name":"Universidad de las Artes","url":"https:\/\/www.uartes.edu.ec\/sitio\/fr\/","logo":{"@type":"ImageObject","inLanguage":"fr-FR","@id":"https:\/\/www.uartes.edu.ec\/sitio\/fr\/#\/schema\/logo\/image\/","url":"https:\/\/www.uartes.edu.ec\/sitio\/wp-content\/uploads\/2022\/07\/logo-ua-horizontal.png","contentUrl":"https:\/\/www.uartes.edu.ec\/sitio\/wp-content\/uploads\/2022\/07\/logo-ua-horizontal.png","width":800,"height":276,"caption":"Universidad de las Artes"},"image":{"@id":"https:\/\/www.uartes.edu.ec\/sitio\/fr\/#\/schema\/logo\/image\/"},"sameAs":["https:\/\/www.facebook.com\/uartesec","https:\/\/x.com\/uartesec","https:\/\/www.tiktok.com\/@uartesec"]},{"@type":"Person","@id":"https:\/\/www.uartes.edu.ec\/sitio\/fr\/#\/schema\/person\/f33f8c1d2af0d5c80a38c8abf458184a","name":"Universidad de las Artes","image":{"@type":"ImageObject","inLanguage":"fr-FR","@id":"https:\/\/secure.gravatar.com\/avatar\/52e4757902f5cfa5ac52d020e5be83cae5487519154b6c35482fe08d589f3c13?s=96&d=mm&r=g","url":"https:\/\/secure.gravatar.com\/avatar\/52e4757902f5cfa5ac52d020e5be83cae5487519154b6c35482fe08d589f3c13?s=96&d=mm&r=g","contentUrl":"https:\/\/secure.gravatar.com\/avatar\/52e4757902f5cfa5ac52d020e5be83cae5487519154b6c35482fe08d589f3c13?s=96&d=mm&r=g","caption":"Universidad de las Artes"},"url":"https:\/\/www.uartes.edu.ec\/sitio\/fr\/blog\/author\/dircomadm\/"}]}},"uagb_featured_image_src":{"full":["https:\/\/www.uartes.edu.ec\/sitio\/wp-content\/uploads\/2019\/02\/escuela-de-artes-escenicas-y-sus-propuestas-para-monte-sinai.jpg",582,270,false],"thumbnail":["https:\/\/www.uartes.edu.ec\/sitio\/wp-content\/uploads\/2019\/02\/escuela-de-artes-escenicas-y-sus-propuestas-para-monte-sinai-150x150.jpg",150,150,true],"medium":["https:\/\/www.uartes.edu.ec\/sitio\/wp-content\/uploads\/2019\/02\/escuela-de-artes-escenicas-y-sus-propuestas-para-monte-sinai-300x139.jpg",300,139,true],"medium_large":["https:\/\/www.uartes.edu.ec\/sitio\/wp-content\/uploads\/2019\/02\/escuela-de-artes-escenicas-y-sus-propuestas-para-monte-sinai.jpg",582,270,false],"large":["https:\/\/www.uartes.edu.ec\/sitio\/wp-content\/uploads\/2019\/02\/escuela-de-artes-escenicas-y-sus-propuestas-para-monte-sinai.jpg",582,270,false],"1536x1536":["https:\/\/www.uartes.edu.ec\/sitio\/wp-content\/uploads\/2019\/02\/escuela-de-artes-escenicas-y-sus-propuestas-para-monte-sinai.jpg",582,270,false],"2048x2048":["https:\/\/www.uartes.edu.ec\/sitio\/wp-content\/uploads\/2019\/02\/escuela-de-artes-escenicas-y-sus-propuestas-para-monte-sinai.jpg",582,270,false],"trp-custom-language-flag":["https:\/\/www.uartes.edu.ec\/sitio\/wp-content\/uploads\/2019\/02\/escuela-de-artes-escenicas-y-sus-propuestas-para-monte-sinai-18x8.jpg",18,8,true],"htmega_size_585x295":["https:\/\/www.uartes.edu.ec\/sitio\/wp-content\/uploads\/2019\/02\/escuela-de-artes-escenicas-y-sus-propuestas-para-monte-sinai.jpg",582,270,false],"htmega_size_1170x536":["https:\/\/www.uartes.edu.ec\/sitio\/wp-content\/uploads\/2019\/02\/escuela-de-artes-escenicas-y-sus-propuestas-para-monte-sinai.jpg",582,270,false],"htmega_size_396x360":["https:\/\/www.uartes.edu.ec\/sitio\/wp-content\/uploads\/2019\/02\/escuela-de-artes-escenicas-y-sus-propuestas-para-monte-sinai-396x270.jpg",396,270,true],"gb-block-post-grid-landscape":["https:\/\/www.uartes.edu.ec\/sitio\/wp-content\/uploads\/2019\/02\/escuela-de-artes-escenicas-y-sus-propuestas-para-monte-sinai.jpg",582,270,false],"gb-block-post-grid-square":["https:\/\/www.uartes.edu.ec\/sitio\/wp-content\/uploads\/2019\/02\/escuela-de-artes-escenicas-y-sus-propuestas-para-monte-sinai.jpg",582,270,false],"university-hub-thumb":["https:\/\/www.uartes.edu.ec\/sitio\/wp-content\/uploads\/2019\/02\/escuela-de-artes-escenicas-y-sus-propuestas-para-monte-sinai-400x186.jpg",400,186,true]},"uagb_author_info":{"display_name":"Universidad de las Artes","author_link":"https:\/\/www.uartes.edu.ec\/sitio\/fr\/blog\/author\/dircomadm\/"},"uagb_comment_info":0,"uagb_excerpt":"La III Etapa del Proyecto Monte Sina\u00ed est\u00e1 en marcha. La Escuela de Artes Esc\u00e9nicas de la Universidad de las Artes abri\u00f3 ya la convocatoria para que docentes y estudiantes env\u00eden sus propuestas de talleres que, dirigidos a ni\u00f1@s y adolescentes,\u00a0se desarrollar\u00e1n desde el 4 al 30 de marzo. La educaci\u00f3n es un bien p\u00fablico\u2026","featured_image_src":"https:\/\/www.uartes.edu.ec\/sitio\/wp-content\/uploads\/2019\/02\/escuela-de-artes-escenicas-y-sus-propuestas-para-monte-sinai.jpg","featured_image_src_square":"https:\/\/www.uartes.edu.ec\/sitio\/wp-content\/uploads\/2019\/02\/escuela-de-artes-escenicas-y-sus-propuestas-para-monte-sinai.jpg","author_info":{"display_name":"Universidad de las Artes","author_link":"https:\/\/www.uartes.edu.ec\/sitio\/fr\/blog\/author\/dircomadm\/"},"publishpress_future_workflow_manual_trigger":{"enabledWorkflows":[]},"distributor_meta":false,"distributor_terms":false,"distributor_media":false,"distributor_original_site_name":"Universidad de las Artes","distributor_original_site_url":"https:\/\/www.uartes.edu.ec\/sitio\/fr","push-errors":false,"_links":{"self":[{"href":"https:\/\/www.uartes.edu.ec\/sitio\/fr\/wp-json\/wp\/v2\/posts\/2814","targetHints":{"allow":["GET"]}}],"collection":[{"href":"https:\/\/www.uartes.edu.ec\/sitio\/fr\/wp-json\/wp\/v2\/posts"}],"about":[{"href":"https:\/\/www.uartes.edu.ec\/sitio\/fr\/wp-json\/wp\/v2\/types\/post"}],"author":[{"embeddable":true,"href":"https:\/\/www.uartes.edu.ec\/sitio\/fr\/wp-json\/wp\/v2\/users\/1"}],"replies":[{"embeddable":true,"href":"https:\/\/www.uartes.edu.ec\/sitio\/fr\/wp-json\/wp\/v2\/comments?post=2814"}],"version-history":[{"count":1,"href":"https:\/\/www.uartes.edu.ec\/sitio\/fr\/wp-json\/wp\/v2\/posts\/2814\/revisions"}],"predecessor-version":[{"id":2815,"href":"https:\/\/www.uartes.edu.ec\/sitio\/fr\/wp-json\/wp\/v2\/posts\/2814\/revisions\/2815"}],"wp:featuredmedia":[{"embeddable":true,"href":"https:\/\/www.uartes.edu.ec\/sitio\/fr\/wp-json\/wp\/v2\/media\/56527"}],"wp:attachment":[{"href":"https:\/\/www.uartes.edu.ec\/sitio\/fr\/wp-json\/wp\/v2\/media?parent=2814"}],"wp:term":[{"taxonomy":"category","embeddable":true,"href":"https:\/\/www.uartes.edu.ec\/sitio\/fr\/wp-json\/wp\/v2\/categories?post=2814"},{"taxonomy":"post_tag","embeddable":true,"href":"https:\/\/www.uartes.edu.ec\/sitio\/fr\/wp-json\/wp\/v2\/tags?post=2814"},{"taxonomy":"infouartes","embeddable":true,"href":"https:\/\/www.uartes.edu.ec\/sitio\/fr\/wp-json\/wp\/v2\/infouartes?post=2814"}],"curies":[{"name":"wp","href":"https:\/\/api.w.org\/{rel}","templated":true}]}}