{"id":28427,"date":"2022-09-29T16:35:43","date_gmt":"2022-09-29T21:35:43","guid":{"rendered":"http:\/\/www.uartes.edu.ec\/sitio\/?p=28427"},"modified":"2024-07-04T11:22:55","modified_gmt":"2024-07-04T16:22:55","slug":"juan-jose-martinez-estudiante-de-la-eas-gano-mencion-de-oro-en-competencia-aes-lac-2022-argentina","status":"publish","type":"post","link":"https:\/\/www.uartes.edu.ec\/sitio\/fr\/blog\/2022\/09\/29\/juan-jose-martinez-estudiante-de-la-eas-gano-mencion-de-oro-en-competencia-aes-lac-2022-argentina\/","title":{"rendered":"Juan Jos\u00e9 Mart\u00ednez, estudiante de la EAS, gan\u00f3 una Menci\u00f3n de Oro en la competencia AES LAC 2022 Argentina"},"content":{"rendered":"<p>En el 2021 se postul\u00f3 para la competencia AES Colombia. Entonces intervino con una balada, pero no clasific\u00f3. En este 2022, Juan Jos\u00e9 Mart\u00ednez, estudiante de sexto semestre de la carrera de Producci\u00f3n Musical y Sonora de la Universidad de las Artes, decidi\u00f3 volverse a postular en uno de los concursos organizado por la Audio Engineering Society (AES) y logr\u00f3 el primer lugar.<\/p>\n\n\n\n<p>Fue en la Competencia Latinoamericana de Grabaci\u00f3n Estudiantil AES LAC 2022, con sede en Argentina, se\u00f1ala Mart\u00ednez a InfoUArtes, y el reconocimiento que obtuvo fue la Menci\u00f3n de Oro. \u201cEsta vez intervine con un tropipop compuesto por el violinista Andr\u00e9s Garc\u00eda, un buen amigo y m\u00fasico. Hicimos los arreglos, utilizamos mucha percusi\u00f3n y un segmento de metales\u201d, detalla sobre su propuesta, la cual, considera, estuvo tan cargada de una buena vibra ac\u00fastica y energ\u00eda que al jurado le impact\u00f3. \u201cHicieron buenas cr\u00edticas en cuanto a la mezcla. Que estaba soberbia, opinaron\u201d.<\/p>\n\n\n\n<p>Comenta que fueron alrededor de 60 los estudiantes latinoamericanos que participaron en las distintas categor\u00edas de la competencia. Deb\u00edan llegar tres por apartado, los cuales fueron cinco. Mart\u00ednez tom\u00f3 parte en la categor\u00eda Estudio Tradicional y obtuvo la tan ansiada Menci\u00f3n de Oro.<\/p>\n\n\n\n<p>La canci\u00f3n con la que compiti\u00f3 la hizo m\u00e1s o menos por mayo, comenta, de all\u00ed estuvieron hibridando desde el peque\u00f1o estudio que tiene en la Perimetral y luego en los Estudios A y B de la Escuela de Artes Sonoras en el Centro de Producci\u00f3n e Innovaci\u00f3n MZ14.<\/p>\n\n\n\n<p>Mart\u00ednez se manifiesta agradecido con la EAS y con Dar\u00edo D\u00e1valos, alumni y ahora t\u00e9cnico de los estudios de grabaci\u00f3n y aulas multimedia de la UArtes, por el apoyo brindado, pues a pesar de que por los proyectos de titulaci\u00f3n estos ten\u00edan una programaci\u00f3n copada, siempre hubo tiempo y espacio para trabajar en su propuesta. \u201cDar\u00edo est\u00e1 siempre con la docencia en la boca, lo cual es muy bueno porque con el trabajo que \u00e9l desarrolla enfrentamos los temores de llegar a un estudio y estar ya en la pr\u00e1ctica, y obtenemos grandes resultados\u201d.<\/p>\n\n\n\n<p>Que el triunfo logrado con la Menci\u00f3n de Oro en la AES LAC 2022 se lo dedica a su familia, a sus dos hijos, uno de ellos reci\u00e9n nacido, anota y a\u00f1ade que a la carrera que decidi\u00f3 seguir la considera \u201cde continuidad y perseverancia\u201d.<\/p>\n\n\n\n<p>Mart\u00ednez trae a la memoria, adem\u00e1s, el primer lugar que Jonathan Chafla, graduado UArtes, gan\u00f3 en el 2019 en AES Colombia y de las destacadas participaciones que, asimismo, otros estudiantes de la EAS han tenido en competencias internacionales. Saberlos ganadores lo motiv\u00f3 a sondear lo que era la AES y los concursos que realiza en los varios pa\u00edses sedes y Latinoam\u00e9rica. \u201cEs un concurso de much\u00edsimo nivel, agradezco haber estado en uno de esas caracter\u00edsticas y seguir\u00e9 concursando; ir\u00e9 por mucho m\u00e1s\u201d.<\/p>\n\n\n\n<p>Con ese prop\u00f3sito, el estudiante UArtes confiesa que cuando supo los resultados de su participaci\u00f3n empez\u00f3 a pensar ya en el pr\u00f3ximo concurso, igualmente a nivel internacional.<\/p>","protected":false},"excerpt":{"rendered":"<p>El estudiante Juan Jos\u00e9 Mart\u00ednez, quien cursa el sexto semestre de la carrera de Producci\u00f3n Musical y Sonora en la Escuela de Artes Sonoras de la UArtes gan\u00f3 Menci\u00f3n de Oro en la Competencia Latinoamericana de Grabaci\u00f3n Estudiantil AES LAC 2022 Argentina. En el concurso, organizado por Audio Engineering Society, intervino con un tropipop compuesto por el violinista Andr\u00e9s Garc\u00eda.<\/p>","protected":false},"author":10,"featured_media":28428,"comment_status":"open","ping_status":"open","sticky":false,"template":"","format":"standard","meta":{"_acf_changed":false,"_uag_custom_page_level_css":"","_monsterinsights_skip_tracking":false,"_monsterinsights_sitenote_active":false,"_monsterinsights_sitenote_note":"","_monsterinsights_sitenote_category":0,"cybocfi_hide_featured_image":"","footnotes":""},"categories":[713,150,76],"tags":[789],"infouartes":[],"class_list":["post-28427","post","type-post","status-publish","format-standard","has-post-thumbnail","hentry","category-1b","category-artes-sonoras","category-estudiantes","tag-competencia-aes"],"acf":[],"yoast_head":"<!-- This site is optimized with the Yoast SEO plugin v27.4 - https:\/\/yoast.com\/product\/yoast-seo-wordpress\/ -->\n<title>Universidad de las Artes - Juan Jos\u00e9 Mart\u00ednez, estudiante de la EAS, gan\u00f3 una Menci\u00f3n de Oro en la competencia AES LAC 2022 Argentina<\/title>\n<meta name=\"description\" content=\"Universidad de las Artes - Juan Jos\u00e9 Mart\u00ednez, estudiante de la EAS, gan\u00f3 una Menci\u00f3n de Oro en la competencia AES LAC 2022 Argentina\" \/>\n<meta name=\"robots\" content=\"index, follow, max-snippet:-1, max-image-preview:large, max-video-preview:-1\" \/>\n<link rel=\"canonical\" href=\"https:\/\/www.uartes.edu.ec\/sitio\/fr\/blog\/2022\/09\/29\/juan-jose-martinez-estudiante-de-la-eas-gano-mencion-de-oro-en-competencia-aes-lac-2022-argentina\/\" \/>\n<meta property=\"og:locale\" content=\"fr_FR\" \/>\n<meta property=\"og:type\" content=\"article\" \/>\n<meta property=\"og:title\" content=\"Universidad de las Artes - Juan Jos\u00e9 Mart\u00ednez, estudiante de la EAS, gan\u00f3 una Menci\u00f3n de Oro en la competencia AES LAC 2022 Argentina\" \/>\n<meta property=\"og:description\" content=\"Universidad de las Artes - Juan Jos\u00e9 Mart\u00ednez, estudiante de la EAS, gan\u00f3 una Menci\u00f3n de Oro en la competencia AES LAC 2022 Argentina\" \/>\n<meta property=\"og:url\" content=\"https:\/\/www.uartes.edu.ec\/sitio\/fr\/blog\/2022\/09\/29\/juan-jose-martinez-estudiante-de-la-eas-gano-mencion-de-oro-en-competencia-aes-lac-2022-argentina\/\" \/>\n<meta property=\"og:site_name\" content=\"Universidad de las Artes\" \/>\n<meta property=\"article:publisher\" content=\"https:\/\/www.facebook.com\/uartesec\" \/>\n<meta property=\"article:published_time\" content=\"2022-09-29T21:35:43+00:00\" \/>\n<meta property=\"article:modified_time\" content=\"2024-07-04T16:22:55+00:00\" \/>\n<meta property=\"og:image\" content=\"https:\/\/www.uartes.edu.ec\/sitio\/wp-content\/uploads\/2022\/09\/JUAN-JOSE-MARTINES.jpg\" \/>\n\t<meta property=\"og:image:width\" content=\"2000\" \/>\n\t<meta property=\"og:image:height\" content=\"1333\" \/>\n\t<meta property=\"og:image:type\" content=\"image\/jpeg\" \/>\n<meta name=\"author\" content=\"ccortez\" \/>\n<meta name=\"twitter:card\" content=\"summary_large_image\" \/>\n<meta name=\"twitter:creator\" content=\"@uartesec\" \/>\n<meta name=\"twitter:site\" content=\"@uartesec\" \/>\n<meta name=\"twitter:label1\" content=\"\u00c9crit par\" \/>\n\t<meta name=\"twitter:data1\" content=\"ccortez\" \/>\n\t<meta name=\"twitter:label2\" content=\"Dur\u00e9e de lecture estim\u00e9e\" \/>\n\t<meta name=\"twitter:data2\" content=\"3 minutes\" \/>\n<script type=\"application\/ld+json\" class=\"yoast-schema-graph\">{\"@context\":\"https:\\\/\\\/schema.org\",\"@graph\":[{\"@type\":\"Article\",\"@id\":\"https:\\\/\\\/www.uartes.edu.ec\\\/sitio\\\/fr\\\/blog\\\/2022\\\/09\\\/29\\\/juan-jose-martinez-estudiante-de-la-eas-gano-mencion-de-oro-en-competencia-aes-lac-2022-argentina\\\/#article\",\"isPartOf\":{\"@id\":\"https:\\\/\\\/www.uartes.edu.ec\\\/sitio\\\/fr\\\/blog\\\/2022\\\/09\\\/29\\\/juan-jose-martinez-estudiante-de-la-eas-gano-mencion-de-oro-en-competencia-aes-lac-2022-argentina\\\/\"},\"author\":{\"name\":\"ccortez\",\"@id\":\"https:\\\/\\\/www.uartes.edu.ec\\\/sitio\\\/fr\\\/#\\\/schema\\\/person\\\/efa1b8275797664fd7f13a79ccc0b1f4\"},\"headline\":\"Juan Jos\u00e9 Mart\u00ednez, estudiante de la EAS, gan\u00f3 una Menci\u00f3n de Oro en la competencia AES LAC 2022 Argentina\",\"datePublished\":\"2022-09-29T21:35:43+00:00\",\"dateModified\":\"2024-07-04T16:22:55+00:00\",\"mainEntityOfPage\":{\"@id\":\"https:\\\/\\\/www.uartes.edu.ec\\\/sitio\\\/fr\\\/blog\\\/2022\\\/09\\\/29\\\/juan-jose-martinez-estudiante-de-la-eas-gano-mencion-de-oro-en-competencia-aes-lac-2022-argentina\\\/\"},\"wordCount\":554,\"commentCount\":0,\"publisher\":{\"@id\":\"https:\\\/\\\/www.uartes.edu.ec\\\/sitio\\\/fr\\\/#organization\"},\"image\":{\"@id\":\"https:\\\/\\\/www.uartes.edu.ec\\\/sitio\\\/fr\\\/blog\\\/2022\\\/09\\\/29\\\/juan-jose-martinez-estudiante-de-la-eas-gano-mencion-de-oro-en-competencia-aes-lac-2022-argentina\\\/#primaryimage\"},\"thumbnailUrl\":\"https:\\\/\\\/www.uartes.edu.ec\\\/sitio\\\/wp-content\\\/uploads\\\/2022\\\/09\\\/JUAN-JOSE-MARTINES.jpg\",\"keywords\":[\"competencia AES\"],\"articleSection\":[\"1B\",\"Artes Sonoras\",\"Estudiantes\"],\"inLanguage\":\"fr-FR\",\"potentialAction\":[{\"@type\":\"CommentAction\",\"name\":\"Comment\",\"target\":[\"https:\\\/\\\/www.uartes.edu.ec\\\/sitio\\\/fr\\\/blog\\\/2022\\\/09\\\/29\\\/juan-jose-martinez-estudiante-de-la-eas-gano-mencion-de-oro-en-competencia-aes-lac-2022-argentina\\\/#respond\"]}]},{\"@type\":[\"WebPage\",\"ItemPage\"],\"@id\":\"https:\\\/\\\/www.uartes.edu.ec\\\/sitio\\\/fr\\\/blog\\\/2022\\\/09\\\/29\\\/juan-jose-martinez-estudiante-de-la-eas-gano-mencion-de-oro-en-competencia-aes-lac-2022-argentina\\\/\",\"url\":\"https:\\\/\\\/www.uartes.edu.ec\\\/sitio\\\/fr\\\/blog\\\/2022\\\/09\\\/29\\\/juan-jose-martinez-estudiante-de-la-eas-gano-mencion-de-oro-en-competencia-aes-lac-2022-argentina\\\/\",\"name\":\"Universidad de las Artes - Juan Jos\u00e9 Mart\u00ednez, estudiante de la EAS, gan\u00f3 una Menci\u00f3n de Oro en la competencia AES LAC 2022 Argentina\",\"isPartOf\":{\"@id\":\"https:\\\/\\\/www.uartes.edu.ec\\\/sitio\\\/fr\\\/#website\"},\"primaryImageOfPage\":{\"@id\":\"https:\\\/\\\/www.uartes.edu.ec\\\/sitio\\\/fr\\\/blog\\\/2022\\\/09\\\/29\\\/juan-jose-martinez-estudiante-de-la-eas-gano-mencion-de-oro-en-competencia-aes-lac-2022-argentina\\\/#primaryimage\"},\"image\":{\"@id\":\"https:\\\/\\\/www.uartes.edu.ec\\\/sitio\\\/fr\\\/blog\\\/2022\\\/09\\\/29\\\/juan-jose-martinez-estudiante-de-la-eas-gano-mencion-de-oro-en-competencia-aes-lac-2022-argentina\\\/#primaryimage\"},\"thumbnailUrl\":\"https:\\\/\\\/www.uartes.edu.ec\\\/sitio\\\/wp-content\\\/uploads\\\/2022\\\/09\\\/JUAN-JOSE-MARTINES.jpg\",\"datePublished\":\"2022-09-29T21:35:43+00:00\",\"dateModified\":\"2024-07-04T16:22:55+00:00\",\"description\":\"Universidad de las Artes - Juan Jos\u00e9 Mart\u00ednez, estudiante de la EAS, gan\u00f3 una Menci\u00f3n de Oro en la competencia AES LAC 2022 Argentina\",\"breadcrumb\":{\"@id\":\"https:\\\/\\\/www.uartes.edu.ec\\\/sitio\\\/fr\\\/blog\\\/2022\\\/09\\\/29\\\/juan-jose-martinez-estudiante-de-la-eas-gano-mencion-de-oro-en-competencia-aes-lac-2022-argentina\\\/#breadcrumb\"},\"inLanguage\":\"fr-FR\",\"potentialAction\":[{\"@type\":\"ReadAction\",\"target\":[\"https:\\\/\\\/www.uartes.edu.ec\\\/sitio\\\/fr\\\/blog\\\/2022\\\/09\\\/29\\\/juan-jose-martinez-estudiante-de-la-eas-gano-mencion-de-oro-en-competencia-aes-lac-2022-argentina\\\/\"]}]},{\"@type\":\"ImageObject\",\"inLanguage\":\"fr-FR\",\"@id\":\"https:\\\/\\\/www.uartes.edu.ec\\\/sitio\\\/fr\\\/blog\\\/2022\\\/09\\\/29\\\/juan-jose-martinez-estudiante-de-la-eas-gano-mencion-de-oro-en-competencia-aes-lac-2022-argentina\\\/#primaryimage\",\"url\":\"https:\\\/\\\/www.uartes.edu.ec\\\/sitio\\\/wp-content\\\/uploads\\\/2022\\\/09\\\/JUAN-JOSE-MARTINES.jpg\",\"contentUrl\":\"https:\\\/\\\/www.uartes.edu.ec\\\/sitio\\\/wp-content\\\/uploads\\\/2022\\\/09\\\/JUAN-JOSE-MARTINES.jpg\",\"width\":2000,\"height\":1333},{\"@type\":\"BreadcrumbList\",\"@id\":\"https:\\\/\\\/www.uartes.edu.ec\\\/sitio\\\/fr\\\/blog\\\/2022\\\/09\\\/29\\\/juan-jose-martinez-estudiante-de-la-eas-gano-mencion-de-oro-en-competencia-aes-lac-2022-argentina\\\/#breadcrumb\",\"itemListElement\":[{\"@type\":\"ListItem\",\"position\":1,\"name\":\"Inicio\",\"item\":\"https:\\\/\\\/www.uartes.edu.ec\\\/sitio\\\/\"},{\"@type\":\"ListItem\",\"position\":2,\"name\":\"Juan Jos\u00e9 Mart\u00ednez, estudiante de la EAS, gan\u00f3 una Menci\u00f3n de Oro en la competencia AES LAC 2022 Argentina\"}]},{\"@type\":\"WebSite\",\"@id\":\"https:\\\/\\\/www.uartes.edu.ec\\\/sitio\\\/fr\\\/#website\",\"url\":\"https:\\\/\\\/www.uartes.edu.ec\\\/sitio\\\/fr\\\/\",\"name\":\"Universidad de las Artes\",\"description\":\"Sitio oficial de la Universidad Nacional de las Artes del Ecuador\",\"publisher\":{\"@id\":\"https:\\\/\\\/www.uartes.edu.ec\\\/sitio\\\/fr\\\/#organization\"},\"potentialAction\":[{\"@type\":\"SearchAction\",\"target\":{\"@type\":\"EntryPoint\",\"urlTemplate\":\"https:\\\/\\\/www.uartes.edu.ec\\\/sitio\\\/fr\\\/?s={search_term_string}\"},\"query-input\":{\"@type\":\"PropertyValueSpecification\",\"valueRequired\":true,\"valueName\":\"search_term_string\"}}],\"inLanguage\":\"fr-FR\"},{\"@type\":\"Organization\",\"@id\":\"https:\\\/\\\/www.uartes.edu.ec\\\/sitio\\\/fr\\\/#organization\",\"name\":\"Universidad de las Artes\",\"url\":\"https:\\\/\\\/www.uartes.edu.ec\\\/sitio\\\/fr\\\/\",\"logo\":{\"@type\":\"ImageObject\",\"inLanguage\":\"fr-FR\",\"@id\":\"https:\\\/\\\/www.uartes.edu.ec\\\/sitio\\\/fr\\\/#\\\/schema\\\/logo\\\/image\\\/\",\"url\":\"https:\\\/\\\/www.uartes.edu.ec\\\/sitio\\\/wp-content\\\/uploads\\\/2022\\\/07\\\/logo-ua-horizontal.png\",\"contentUrl\":\"https:\\\/\\\/www.uartes.edu.ec\\\/sitio\\\/wp-content\\\/uploads\\\/2022\\\/07\\\/logo-ua-horizontal.png\",\"width\":800,\"height\":276,\"caption\":\"Universidad de las Artes\"},\"image\":{\"@id\":\"https:\\\/\\\/www.uartes.edu.ec\\\/sitio\\\/fr\\\/#\\\/schema\\\/logo\\\/image\\\/\"},\"sameAs\":[\"https:\\\/\\\/www.facebook.com\\\/uartesec\",\"https:\\\/\\\/x.com\\\/uartesec\",\"https:\\\/\\\/www.tiktok.com\\\/@uartesec\"]},{\"@type\":\"Person\",\"@id\":\"https:\\\/\\\/www.uartes.edu.ec\\\/sitio\\\/fr\\\/#\\\/schema\\\/person\\\/efa1b8275797664fd7f13a79ccc0b1f4\",\"name\":\"ccortez\",\"image\":{\"@type\":\"ImageObject\",\"inLanguage\":\"fr-FR\",\"@id\":\"https:\\\/\\\/secure.gravatar.com\\\/avatar\\\/b2a6f664a3ae8e074346ef91775736c5ec479e637ecced6842de9dc98b5da9cd?s=96&d=mm&r=g\",\"url\":\"https:\\\/\\\/secure.gravatar.com\\\/avatar\\\/b2a6f664a3ae8e074346ef91775736c5ec479e637ecced6842de9dc98b5da9cd?s=96&d=mm&r=g\",\"contentUrl\":\"https:\\\/\\\/secure.gravatar.com\\\/avatar\\\/b2a6f664a3ae8e074346ef91775736c5ec479e637ecced6842de9dc98b5da9cd?s=96&d=mm&r=g\",\"caption\":\"ccortez\"},\"url\":\"https:\\\/\\\/www.uartes.edu.ec\\\/sitio\\\/fr\\\/blog\\\/author\\\/ccortez\\\/\"}]}<\/script>\n<!-- \/ Yoast SEO plugin. -->","yoast_head_json":{"title":"Universidad de las Artes - Juan Jos\u00e9 Mart\u00ednez, estudiante de la EAS, gan\u00f3 una Menci\u00f3n de Oro en la competencia AES LAC 2022 Argentina","description":"Universidad de las Artes - Juan Jos\u00e9 Mart\u00ednez, estudiante de la EAS, gan\u00f3 una Menci\u00f3n de Oro en la competencia AES LAC 2022 Argentina","robots":{"index":"index","follow":"follow","max-snippet":"max-snippet:-1","max-image-preview":"max-image-preview:large","max-video-preview":"max-video-preview:-1"},"canonical":"https:\/\/www.uartes.edu.ec\/sitio\/fr\/blog\/2022\/09\/29\/juan-jose-martinez-estudiante-de-la-eas-gano-mencion-de-oro-en-competencia-aes-lac-2022-argentina\/","og_locale":"fr_FR","og_type":"article","og_title":"Universidad de las Artes - Juan Jos\u00e9 Mart\u00ednez, estudiante de la EAS, gan\u00f3 una Menci\u00f3n de Oro en la competencia AES LAC 2022 Argentina","og_description":"Universidad de las Artes - Juan Jos\u00e9 Mart\u00ednez, estudiante de la EAS, gan\u00f3 una Menci\u00f3n de Oro en la competencia AES LAC 2022 Argentina","og_url":"https:\/\/www.uartes.edu.ec\/sitio\/fr\/blog\/2022\/09\/29\/juan-jose-martinez-estudiante-de-la-eas-gano-mencion-de-oro-en-competencia-aes-lac-2022-argentina\/","og_site_name":"Universidad de las Artes","article_publisher":"https:\/\/www.facebook.com\/uartesec","article_published_time":"2022-09-29T21:35:43+00:00","article_modified_time":"2024-07-04T16:22:55+00:00","og_image":[{"width":2000,"height":1333,"url":"https:\/\/www.uartes.edu.ec\/sitio\/wp-content\/uploads\/2022\/09\/JUAN-JOSE-MARTINES.jpg","type":"image\/jpeg"}],"author":"ccortez","twitter_card":"summary_large_image","twitter_creator":"@uartesec","twitter_site":"@uartesec","twitter_misc":{"\u00c9crit par":"ccortez","Dur\u00e9e de lecture estim\u00e9e":"3 minutes"},"schema":{"@context":"https:\/\/schema.org","@graph":[{"@type":"Article","@id":"https:\/\/www.uartes.edu.ec\/sitio\/fr\/blog\/2022\/09\/29\/juan-jose-martinez-estudiante-de-la-eas-gano-mencion-de-oro-en-competencia-aes-lac-2022-argentina\/#article","isPartOf":{"@id":"https:\/\/www.uartes.edu.ec\/sitio\/fr\/blog\/2022\/09\/29\/juan-jose-martinez-estudiante-de-la-eas-gano-mencion-de-oro-en-competencia-aes-lac-2022-argentina\/"},"author":{"name":"ccortez","@id":"https:\/\/www.uartes.edu.ec\/sitio\/fr\/#\/schema\/person\/efa1b8275797664fd7f13a79ccc0b1f4"},"headline":"Juan Jos\u00e9 Mart\u00ednez, estudiante de la EAS, gan\u00f3 una Menci\u00f3n de Oro en la competencia AES LAC 2022 Argentina","datePublished":"2022-09-29T21:35:43+00:00","dateModified":"2024-07-04T16:22:55+00:00","mainEntityOfPage":{"@id":"https:\/\/www.uartes.edu.ec\/sitio\/fr\/blog\/2022\/09\/29\/juan-jose-martinez-estudiante-de-la-eas-gano-mencion-de-oro-en-competencia-aes-lac-2022-argentina\/"},"wordCount":554,"commentCount":0,"publisher":{"@id":"https:\/\/www.uartes.edu.ec\/sitio\/fr\/#organization"},"image":{"@id":"https:\/\/www.uartes.edu.ec\/sitio\/fr\/blog\/2022\/09\/29\/juan-jose-martinez-estudiante-de-la-eas-gano-mencion-de-oro-en-competencia-aes-lac-2022-argentina\/#primaryimage"},"thumbnailUrl":"https:\/\/www.uartes.edu.ec\/sitio\/wp-content\/uploads\/2022\/09\/JUAN-JOSE-MARTINES.jpg","keywords":["competencia AES"],"articleSection":["1B","Artes Sonoras","Estudiantes"],"inLanguage":"fr-FR","potentialAction":[{"@type":"CommentAction","name":"Comment","target":["https:\/\/www.uartes.edu.ec\/sitio\/fr\/blog\/2022\/09\/29\/juan-jose-martinez-estudiante-de-la-eas-gano-mencion-de-oro-en-competencia-aes-lac-2022-argentina\/#respond"]}]},{"@type":["WebPage","ItemPage"],"@id":"https:\/\/www.uartes.edu.ec\/sitio\/fr\/blog\/2022\/09\/29\/juan-jose-martinez-estudiante-de-la-eas-gano-mencion-de-oro-en-competencia-aes-lac-2022-argentina\/","url":"https:\/\/www.uartes.edu.ec\/sitio\/fr\/blog\/2022\/09\/29\/juan-jose-martinez-estudiante-de-la-eas-gano-mencion-de-oro-en-competencia-aes-lac-2022-argentina\/","name":"Universidad de las Artes - Juan Jos\u00e9 Mart\u00ednez, estudiante de la EAS, gan\u00f3 una Menci\u00f3n de Oro en la competencia AES LAC 2022 Argentina","isPartOf":{"@id":"https:\/\/www.uartes.edu.ec\/sitio\/fr\/#website"},"primaryImageOfPage":{"@id":"https:\/\/www.uartes.edu.ec\/sitio\/fr\/blog\/2022\/09\/29\/juan-jose-martinez-estudiante-de-la-eas-gano-mencion-de-oro-en-competencia-aes-lac-2022-argentina\/#primaryimage"},"image":{"@id":"https:\/\/www.uartes.edu.ec\/sitio\/fr\/blog\/2022\/09\/29\/juan-jose-martinez-estudiante-de-la-eas-gano-mencion-de-oro-en-competencia-aes-lac-2022-argentina\/#primaryimage"},"thumbnailUrl":"https:\/\/www.uartes.edu.ec\/sitio\/wp-content\/uploads\/2022\/09\/JUAN-JOSE-MARTINES.jpg","datePublished":"2022-09-29T21:35:43+00:00","dateModified":"2024-07-04T16:22:55+00:00","description":"Universidad de las Artes - Juan Jos\u00e9 Mart\u00ednez, estudiante de la EAS, gan\u00f3 una Menci\u00f3n de Oro en la competencia AES LAC 2022 Argentina","breadcrumb":{"@id":"https:\/\/www.uartes.edu.ec\/sitio\/fr\/blog\/2022\/09\/29\/juan-jose-martinez-estudiante-de-la-eas-gano-mencion-de-oro-en-competencia-aes-lac-2022-argentina\/#breadcrumb"},"inLanguage":"fr-FR","potentialAction":[{"@type":"ReadAction","target":["https:\/\/www.uartes.edu.ec\/sitio\/fr\/blog\/2022\/09\/29\/juan-jose-martinez-estudiante-de-la-eas-gano-mencion-de-oro-en-competencia-aes-lac-2022-argentina\/"]}]},{"@type":"ImageObject","inLanguage":"fr-FR","@id":"https:\/\/www.uartes.edu.ec\/sitio\/fr\/blog\/2022\/09\/29\/juan-jose-martinez-estudiante-de-la-eas-gano-mencion-de-oro-en-competencia-aes-lac-2022-argentina\/#primaryimage","url":"https:\/\/www.uartes.edu.ec\/sitio\/wp-content\/uploads\/2022\/09\/JUAN-JOSE-MARTINES.jpg","contentUrl":"https:\/\/www.uartes.edu.ec\/sitio\/wp-content\/uploads\/2022\/09\/JUAN-JOSE-MARTINES.jpg","width":2000,"height":1333},{"@type":"BreadcrumbList","@id":"https:\/\/www.uartes.edu.ec\/sitio\/fr\/blog\/2022\/09\/29\/juan-jose-martinez-estudiante-de-la-eas-gano-mencion-de-oro-en-competencia-aes-lac-2022-argentina\/#breadcrumb","itemListElement":[{"@type":"ListItem","position":1,"name":"Inicio","item":"https:\/\/www.uartes.edu.ec\/sitio\/"},{"@type":"ListItem","position":2,"name":"Juan Jos\u00e9 Mart\u00ednez, estudiante de la EAS, gan\u00f3 una Menci\u00f3n de Oro en la competencia AES LAC 2022 Argentina"}]},{"@type":"WebSite","@id":"https:\/\/www.uartes.edu.ec\/sitio\/fr\/#website","url":"https:\/\/www.uartes.edu.ec\/sitio\/fr\/","name":"Universidad de las Artes","description":"Sitio oficial de la Universidad Nacional de las Artes del Ecuador","publisher":{"@id":"https:\/\/www.uartes.edu.ec\/sitio\/fr\/#organization"},"potentialAction":[{"@type":"SearchAction","target":{"@type":"EntryPoint","urlTemplate":"https:\/\/www.uartes.edu.ec\/sitio\/fr\/?s={search_term_string}"},"query-input":{"@type":"PropertyValueSpecification","valueRequired":true,"valueName":"search_term_string"}}],"inLanguage":"fr-FR"},{"@type":"Organization","@id":"https:\/\/www.uartes.edu.ec\/sitio\/fr\/#organization","name":"Universidad de las Artes","url":"https:\/\/www.uartes.edu.ec\/sitio\/fr\/","logo":{"@type":"ImageObject","inLanguage":"fr-FR","@id":"https:\/\/www.uartes.edu.ec\/sitio\/fr\/#\/schema\/logo\/image\/","url":"https:\/\/www.uartes.edu.ec\/sitio\/wp-content\/uploads\/2022\/07\/logo-ua-horizontal.png","contentUrl":"https:\/\/www.uartes.edu.ec\/sitio\/wp-content\/uploads\/2022\/07\/logo-ua-horizontal.png","width":800,"height":276,"caption":"Universidad de las Artes"},"image":{"@id":"https:\/\/www.uartes.edu.ec\/sitio\/fr\/#\/schema\/logo\/image\/"},"sameAs":["https:\/\/www.facebook.com\/uartesec","https:\/\/x.com\/uartesec","https:\/\/www.tiktok.com\/@uartesec"]},{"@type":"Person","@id":"https:\/\/www.uartes.edu.ec\/sitio\/fr\/#\/schema\/person\/efa1b8275797664fd7f13a79ccc0b1f4","name":"ccortez","image":{"@type":"ImageObject","inLanguage":"fr-FR","@id":"https:\/\/secure.gravatar.com\/avatar\/b2a6f664a3ae8e074346ef91775736c5ec479e637ecced6842de9dc98b5da9cd?s=96&d=mm&r=g","url":"https:\/\/secure.gravatar.com\/avatar\/b2a6f664a3ae8e074346ef91775736c5ec479e637ecced6842de9dc98b5da9cd?s=96&d=mm&r=g","contentUrl":"https:\/\/secure.gravatar.com\/avatar\/b2a6f664a3ae8e074346ef91775736c5ec479e637ecced6842de9dc98b5da9cd?s=96&d=mm&r=g","caption":"ccortez"},"url":"https:\/\/www.uartes.edu.ec\/sitio\/fr\/blog\/author\/ccortez\/"}]}},"uagb_featured_image_src":{"full":["https:\/\/www.uartes.edu.ec\/sitio\/wp-content\/uploads\/2022\/09\/JUAN-JOSE-MARTINES.jpg",2000,1333,false],"thumbnail":["https:\/\/www.uartes.edu.ec\/sitio\/wp-content\/uploads\/2022\/09\/JUAN-JOSE-MARTINES-150x150.jpg",150,150,true],"medium":["https:\/\/www.uartes.edu.ec\/sitio\/wp-content\/uploads\/2022\/09\/JUAN-JOSE-MARTINES-300x200.jpg",300,200,true],"medium_large":["https:\/\/www.uartes.edu.ec\/sitio\/wp-content\/uploads\/2022\/09\/JUAN-JOSE-MARTINES-768x512.jpg",768,512,true],"large":["https:\/\/www.uartes.edu.ec\/sitio\/wp-content\/uploads\/2022\/09\/JUAN-JOSE-MARTINES-644x429.jpg",644,429,true],"1536x1536":["https:\/\/www.uartes.edu.ec\/sitio\/wp-content\/uploads\/2022\/09\/JUAN-JOSE-MARTINES-1536x1024.jpg",1536,1024,true],"2048x2048":["https:\/\/www.uartes.edu.ec\/sitio\/wp-content\/uploads\/2022\/09\/JUAN-JOSE-MARTINES.jpg",2000,1333,false],"trp-custom-language-flag":["https:\/\/www.uartes.edu.ec\/sitio\/wp-content\/uploads\/2022\/09\/JUAN-JOSE-MARTINES.jpg",18,12,false],"htmega_size_585x295":["https:\/\/www.uartes.edu.ec\/sitio\/wp-content\/uploads\/2022\/09\/JUAN-JOSE-MARTINES.jpg",443,295,false],"htmega_size_1170x536":["https:\/\/www.uartes.edu.ec\/sitio\/wp-content\/uploads\/2022\/09\/JUAN-JOSE-MARTINES.jpg",804,536,false],"htmega_size_396x360":["https:\/\/www.uartes.edu.ec\/sitio\/wp-content\/uploads\/2022\/09\/JUAN-JOSE-MARTINES.jpg",396,264,false],"gb-block-post-grid-landscape":["https:\/\/www.uartes.edu.ec\/sitio\/wp-content\/uploads\/2022\/09\/JUAN-JOSE-MARTINES.jpg",600,400,false],"gb-block-post-grid-square":["https:\/\/www.uartes.edu.ec\/sitio\/wp-content\/uploads\/2022\/09\/JUAN-JOSE-MARTINES.jpg",600,400,false],"university-hub-thumb":["https:\/\/www.uartes.edu.ec\/sitio\/wp-content\/uploads\/2022\/09\/JUAN-JOSE-MARTINES-400x267.jpg",400,267,true],"mailpoet_newsletter_max":["https:\/\/www.uartes.edu.ec\/sitio\/wp-content\/uploads\/2022\/09\/JUAN-JOSE-MARTINES.jpg",1320,880,false]},"uagb_author_info":{"display_name":"ccortez","author_link":"https:\/\/www.uartes.edu.ec\/sitio\/fr\/blog\/author\/ccortez\/"},"uagb_comment_info":0,"uagb_excerpt":"El estudiante Juan Jos\u00e9 Mart\u00ednez, quien cursa el sexto semestre de la carrera de Producci\u00f3n Musical y Sonora en la Escuela de Artes Sonoras de la UArtes gan\u00f3 Menci\u00f3n de Oro en la Competencia Latinoamericana de Grabaci\u00f3n Estudiantil AES LAC 2022 Argentina. En el concurso, organizado por Audio Engineering Society, intervino con un tropipop compuesto\u2026","featured_image_src":"https:\/\/www.uartes.edu.ec\/sitio\/wp-content\/uploads\/2022\/09\/JUAN-JOSE-MARTINES.jpg","featured_image_src_square":"https:\/\/www.uartes.edu.ec\/sitio\/wp-content\/uploads\/2022\/09\/JUAN-JOSE-MARTINES.jpg","author_info":{"display_name":"ccortez","author_link":"https:\/\/www.uartes.edu.ec\/sitio\/fr\/blog\/author\/ccortez\/"},"publishpress_future_workflow_manual_trigger":{"enabledWorkflows":[]},"distributor_meta":false,"distributor_terms":false,"distributor_media":false,"distributor_original_site_name":"Universidad de las Artes","distributor_original_site_url":"https:\/\/www.uartes.edu.ec\/sitio\/fr","push-errors":false,"_links":{"self":[{"href":"https:\/\/www.uartes.edu.ec\/sitio\/fr\/wp-json\/wp\/v2\/posts\/28427","targetHints":{"allow":["GET"]}}],"collection":[{"href":"https:\/\/www.uartes.edu.ec\/sitio\/fr\/wp-json\/wp\/v2\/posts"}],"about":[{"href":"https:\/\/www.uartes.edu.ec\/sitio\/fr\/wp-json\/wp\/v2\/types\/post"}],"author":[{"embeddable":true,"href":"https:\/\/www.uartes.edu.ec\/sitio\/fr\/wp-json\/wp\/v2\/users\/10"}],"replies":[{"embeddable":true,"href":"https:\/\/www.uartes.edu.ec\/sitio\/fr\/wp-json\/wp\/v2\/comments?post=28427"}],"version-history":[{"count":3,"href":"https:\/\/www.uartes.edu.ec\/sitio\/fr\/wp-json\/wp\/v2\/posts\/28427\/revisions"}],"predecessor-version":[{"id":28435,"href":"https:\/\/www.uartes.edu.ec\/sitio\/fr\/wp-json\/wp\/v2\/posts\/28427\/revisions\/28435"}],"wp:featuredmedia":[{"embeddable":true,"href":"https:\/\/www.uartes.edu.ec\/sitio\/fr\/wp-json\/wp\/v2\/media\/28428"}],"wp:attachment":[{"href":"https:\/\/www.uartes.edu.ec\/sitio\/fr\/wp-json\/wp\/v2\/media?parent=28427"}],"wp:term":[{"taxonomy":"category","embeddable":true,"href":"https:\/\/www.uartes.edu.ec\/sitio\/fr\/wp-json\/wp\/v2\/categories?post=28427"},{"taxonomy":"post_tag","embeddable":true,"href":"https:\/\/www.uartes.edu.ec\/sitio\/fr\/wp-json\/wp\/v2\/tags?post=28427"},{"taxonomy":"infouartes","embeddable":true,"href":"https:\/\/www.uartes.edu.ec\/sitio\/fr\/wp-json\/wp\/v2\/infouartes?post=28427"}],"curies":[{"name":"wp","href":"https:\/\/api.w.org\/{rel}","templated":true}]}}