{"id":28482,"date":"2022-09-27T16:20:00","date_gmt":"2022-09-27T21:20:00","guid":{"rendered":"http:\/\/www.uartes.edu.ec\/sitio\/?p=28482"},"modified":"2024-07-04T11:22:55","modified_gmt":"2024-07-04T16:22:55","slug":"la-uartes-participo-en-la-primera-asamblea-territorial-con-miras-a-la-asamblea-plurinacional-de-las-artes-y-las-culturas","status":"publish","type":"post","link":"https:\/\/www.uartes.edu.ec\/sitio\/fr\/blog\/2022\/09\/27\/la-uartes-participo-en-la-primera-asamblea-territorial-con-miras-a-la-asamblea-plurinacional-de-las-artes-y-las-culturas\/","title":{"rendered":"Universidad de las Artes particip\u00f3 en primera asamblea territorial, rumbo a la plurinacional de las artes y culturas"},"content":{"rendered":"<p>La Universidad de las Artes particip\u00f3 en la primera asamblea territorial propuesta por la Sede Nacional de la Casa de las Culturas para consolidar y articular una agenda de trabajo que beneficie al sector cultural y generar as\u00ed, de manera mancomunada, propuestas y necesidades de los artistas, gestores y trabajadoras y trabajadores de las artes y las culturas.<\/p>\n\n\n\n<p>La cita tuvo lugar el s\u00e1bado 24 de septiembre en la Sala MAC de Manta, Manab\u00ed, donde se concentraron alrededor de 130 artistas gestores. Por la UArtes estuvieron los docentes Byron Cevallos, Pedro Mujica y Janina Su\u00e1rez, y Gilda S\u00e1nchez, de Educaci\u00f3n Continua de la Secretar\u00eda de Vinculaci\u00f3n con la Sociedad de nuestra instituci\u00f3n.<\/p>\n\n\n\n<p>La asamblea territorial de Manta marc\u00f3 el inicio de un recorrido que, bajo la propuesta \u201cDiciendo, haciendo\u201d, se extender\u00e1 hasta el 29 de octubre pr\u00f3ximo y llevar\u00e1 a una Asamblea Plurinacional de las Artes y las Culturas. <\/p>\n\n\n\n<p>Las otras sedes matrices son Guayas, cuya reuni\u00f3n se realizar\u00e1 este 30 de septiembre en la Casa de la Cultura Ecuatoriana N\u00facleo del Guayas (CCENG), con la participaci\u00f3n de las provincias de Santa Elena, Los R\u00edos, El Oro y Bol\u00edvar; Pastaza, el 7 de octubre en la Universidad Estatal Amaz\u00f3nica, con la participaci\u00f3n de Napo, Orellana, Sucumb\u00edos, Tungurahua y Morona Santiago; Gal\u00e1pagos, el 12 de octubre en Santa Cruz; Imbabura, el 14 de octubre en la CCENI, participar\u00e1n Pichincha, Cotopaxi y Carchi; y, Azuay, el 29 de octubre en la CCENA, participar\u00e1n Loja, Ca\u00f1ar, Zamora Chinchipe y Chimborazo.<\/p>\n\n\n<div class=\"wp-block-image\">\n<figure class=\"aligncenter size-large\"><img fetchpriority=\"high\" decoding=\"async\" width=\"644\" height=\"429\" src=\"http:\/\/www.uartes.edu.ec\/sitio\/wp-content\/uploads\/2022\/09\/ASAMBLEAS-TERRITORIALES-02-644x429.jpg\" alt=\"\" class=\"wp-image-28487\" srcset=\"https:\/\/www.uartes.edu.ec\/sitio\/wp-content\/uploads\/2022\/09\/ASAMBLEAS-TERRITORIALES-02-644x429.jpg 644w, https:\/\/www.uartes.edu.ec\/sitio\/wp-content\/uploads\/2022\/09\/ASAMBLEAS-TERRITORIALES-02-768x511.jpg 768w, https:\/\/www.uartes.edu.ec\/sitio\/wp-content\/uploads\/2022\/09\/ASAMBLEAS-TERRITORIALES-02.jpg 2000w, https:\/\/www.uartes.edu.ec\/sitio\/wp-content\/uploads\/2022\/09\/ASAMBLEAS-TERRITORIALES-02-600x399.jpg 600w, https:\/\/www.uartes.edu.ec\/sitio\/wp-content\/uploads\/2022\/09\/ASAMBLEAS-TERRITORIALES-02-272x182.jpg 272w\" sizes=\"(max-width: 644px) 100vw, 644px\" \/><\/figure>\n<\/div>\n\n\n<p>En la cita, los trabajadores del arte y de la cultura intervinieron en mesas de trabajo con las tem\u00e1ticas \u201cPriorizaci\u00f3n del sector cultural\u201d, \u201cPresupuestos y financiamiento para la cultura\u201d y \u201cCondiciones de trabajo\u201d. Hicieron escuchar sus voces, se\u00f1al\u00f3 Fidel Intriago, presidente subrogante de la Casa de la Cultura Ecuatoriana Benjam\u00edn Carri\u00f3n, quien destac\u00f3 que la propuesta institucional servir\u00e1 para sentar las bases de mejores d\u00edas para los artistas.<\/p>\n\n\n\n<p>Es de anotar que, en la asamblea territorial, cada mesa de trabajo tuvo un moderador\/a y un relator y que el di\u00e1logo al interior de estas se desarroll\u00f3 en base a tres preguntas orientadoras: \u00bfEn qu\u00e9 aspectos de tu experiencia como trabajador o trabajadora de la cultura has visto vulnerados tus derechos laborales?, \u00bfqu\u00e9 acciones deber\u00edan articularse para que los marcos laborales y de protecci\u00f3n social tengan en cuenta las particularidades del trabajo art\u00edstico y cultural? y \u00bfqu\u00e9 demandas debemos realizar ante el Estado para la garant\u00eda y regularizaci\u00f3n de los derechos laborales de artistas y gestores culturales?<\/p>\n\n\n\n<p>Los debates concluyeron con una plenaria de socializaci\u00f3n de las conclusiones respecto a los puntos de reflexi\u00f3n y las propuestas de cada mesa de trabajo, elementos que ser\u00e1n articulados en un documento general a entregarse en las Gobernaciones o Plataformas Gubernamentales correspondientes.<\/p>\n\n\n<div class=\"wp-block-image\">\n<figure class=\"aligncenter size-large\"><img decoding=\"async\" width=\"644\" height=\"429\" src=\"http:\/\/www.uartes.edu.ec\/sitio\/wp-content\/uploads\/2022\/09\/ASAMBLEAS-TERRITORIALES-03-644x429.jpg\" alt=\"\" class=\"wp-image-28486\" srcset=\"https:\/\/www.uartes.edu.ec\/sitio\/wp-content\/uploads\/2022\/09\/ASAMBLEAS-TERRITORIALES-03-644x429.jpg 644w, https:\/\/www.uartes.edu.ec\/sitio\/wp-content\/uploads\/2022\/09\/ASAMBLEAS-TERRITORIALES-03-768x511.jpg 768w, https:\/\/www.uartes.edu.ec\/sitio\/wp-content\/uploads\/2022\/09\/ASAMBLEAS-TERRITORIALES-03.jpg 2000w, https:\/\/www.uartes.edu.ec\/sitio\/wp-content\/uploads\/2022\/09\/ASAMBLEAS-TERRITORIALES-03-600x399.jpg 600w, https:\/\/www.uartes.edu.ec\/sitio\/wp-content\/uploads\/2022\/09\/ASAMBLEAS-TERRITORIALES-03-272x182.jpg 272w\" sizes=\"(max-width: 644px) 100vw, 644px\" \/><\/figure>\n<\/div>","protected":false},"excerpt":{"rendered":"<p>La Universidad de las Artes particip\u00f3 en la primera asamblea territorial propuesta por la Sede Nacional de la Casa de las Culturas para consolidar y articular una agenda de trabajo que beneficie al sector cultural. Tuvo lugar el s\u00e1bado 24 de septiembre en la Sala MAC de Manta. Por la UArtes intervinieron los docentes Byron Cevallos, Pedro Mujica y Janina Su\u00e1rez, y Gilda S\u00e1nchez, de Educaci\u00f3n Continua.<\/p>","protected":false},"author":10,"featured_media":28485,"comment_status":"open","ping_status":"open","sticky":false,"template":"","format":"standard","meta":{"_acf_changed":false,"_uag_custom_page_level_css":"","_monsterinsights_skip_tracking":false,"_monsterinsights_sitenote_active":false,"_monsterinsights_sitenote_note":"","_monsterinsights_sitenote_category":0,"cybocfi_hide_featured_image":"","footnotes":""},"categories":[714,438,75,77,79],"tags":[790],"infouartes":[],"class_list":["post-28482","post","type-post","status-publish","format-standard","has-post-thumbnail","hentry","category-2b","category-administrativos","category-docentes","category-gestion","category-vinculo","tag-asamblea-territorial"],"acf":[],"yoast_head":"<!-- This site is optimized with the Yoast SEO plugin v27.4 - https:\/\/yoast.com\/product\/yoast-seo-wordpress\/ -->\n<title>Universidad de las Artes - Universidad de las Artes particip\u00f3 en primera asamblea territorial, rumbo a la plurinacional de las artes y culturas<\/title>\n<meta name=\"description\" content=\"Universidad de las Artes - Universidad de las Artes particip\u00f3 en primera asamblea territorial, rumbo a la plurinacional de las artes y culturas\" \/>\n<meta name=\"robots\" content=\"index, follow, max-snippet:-1, max-image-preview:large, max-video-preview:-1\" \/>\n<link rel=\"canonical\" href=\"https:\/\/www.uartes.edu.ec\/sitio\/fr\/blog\/2022\/09\/27\/la-uartes-participo-en-la-primera-asamblea-territorial-con-miras-a-la-asamblea-plurinacional-de-las-artes-y-las-culturas\/\" \/>\n<meta property=\"og:locale\" content=\"fr_FR\" \/>\n<meta property=\"og:type\" content=\"article\" \/>\n<meta property=\"og:title\" content=\"Universidad de las Artes - Universidad de las Artes particip\u00f3 en primera asamblea territorial, rumbo a la plurinacional de las artes y culturas\" \/>\n<meta property=\"og:description\" content=\"Universidad de las Artes - Universidad de las Artes particip\u00f3 en primera asamblea territorial, rumbo a la plurinacional de las artes y culturas\" \/>\n<meta property=\"og:url\" content=\"https:\/\/www.uartes.edu.ec\/sitio\/fr\/blog\/2022\/09\/27\/la-uartes-participo-en-la-primera-asamblea-territorial-con-miras-a-la-asamblea-plurinacional-de-las-artes-y-las-culturas\/\" \/>\n<meta property=\"og:site_name\" content=\"Universidad de las Artes\" \/>\n<meta property=\"article:publisher\" content=\"https:\/\/www.facebook.com\/uartesec\" \/>\n<meta property=\"article:published_time\" content=\"2022-09-27T21:20:00+00:00\" \/>\n<meta property=\"article:modified_time\" content=\"2024-07-04T16:22:55+00:00\" \/>\n<meta property=\"og:image\" content=\"https:\/\/www.uartes.edu.ec\/sitio\/wp-content\/uploads\/2022\/09\/ASAMBLEAS-TERRITORIALES-01.jpg\" \/>\n\t<meta property=\"og:image:width\" content=\"2000\" \/>\n\t<meta property=\"og:image:height\" content=\"1333\" \/>\n\t<meta property=\"og:image:type\" content=\"image\/jpeg\" \/>\n<meta name=\"author\" content=\"ccortez\" \/>\n<meta name=\"twitter:card\" content=\"summary_large_image\" \/>\n<meta name=\"twitter:creator\" content=\"@uartesec\" \/>\n<meta name=\"twitter:site\" content=\"@uartesec\" \/>\n<meta name=\"twitter:label1\" content=\"\u00c9crit par\" \/>\n\t<meta name=\"twitter:data1\" content=\"ccortez\" \/>\n\t<meta name=\"twitter:label2\" content=\"Dur\u00e9e de lecture estim\u00e9e\" \/>\n\t<meta name=\"twitter:data2\" content=\"3 minutes\" \/>\n<script type=\"application\/ld+json\" class=\"yoast-schema-graph\">{\"@context\":\"https:\\\/\\\/schema.org\",\"@graph\":[{\"@type\":\"Article\",\"@id\":\"https:\\\/\\\/www.uartes.edu.ec\\\/sitio\\\/fr\\\/blog\\\/2022\\\/09\\\/27\\\/la-uartes-participo-en-la-primera-asamblea-territorial-con-miras-a-la-asamblea-plurinacional-de-las-artes-y-las-culturas\\\/#article\",\"isPartOf\":{\"@id\":\"https:\\\/\\\/www.uartes.edu.ec\\\/sitio\\\/fr\\\/blog\\\/2022\\\/09\\\/27\\\/la-uartes-participo-en-la-primera-asamblea-territorial-con-miras-a-la-asamblea-plurinacional-de-las-artes-y-las-culturas\\\/\"},\"author\":{\"name\":\"ccortez\",\"@id\":\"https:\\\/\\\/www.uartes.edu.ec\\\/sitio\\\/fr\\\/#\\\/schema\\\/person\\\/efa1b8275797664fd7f13a79ccc0b1f4\"},\"headline\":\"Universidad de las Artes particip\u00f3 en primera asamblea territorial, rumbo a la plurinacional de las artes y culturas\",\"datePublished\":\"2022-09-27T21:20:00+00:00\",\"dateModified\":\"2024-07-04T16:22:55+00:00\",\"mainEntityOfPage\":{\"@id\":\"https:\\\/\\\/www.uartes.edu.ec\\\/sitio\\\/fr\\\/blog\\\/2022\\\/09\\\/27\\\/la-uartes-participo-en-la-primera-asamblea-territorial-con-miras-a-la-asamblea-plurinacional-de-las-artes-y-las-culturas\\\/\"},\"wordCount\":501,\"commentCount\":0,\"publisher\":{\"@id\":\"https:\\\/\\\/www.uartes.edu.ec\\\/sitio\\\/fr\\\/#organization\"},\"image\":{\"@id\":\"https:\\\/\\\/www.uartes.edu.ec\\\/sitio\\\/fr\\\/blog\\\/2022\\\/09\\\/27\\\/la-uartes-participo-en-la-primera-asamblea-territorial-con-miras-a-la-asamblea-plurinacional-de-las-artes-y-las-culturas\\\/#primaryimage\"},\"thumbnailUrl\":\"https:\\\/\\\/www.uartes.edu.ec\\\/sitio\\\/wp-content\\\/uploads\\\/2022\\\/09\\\/ASAMBLEAS-TERRITORIALES-01.jpg\",\"keywords\":[\"asamblea territorial\"],\"articleSection\":[\"2B\",\"Administrativos\",\"Docentes\",\"Gesti\u00f3n\",\"V\u00ednculo\"],\"inLanguage\":\"fr-FR\",\"potentialAction\":[{\"@type\":\"CommentAction\",\"name\":\"Comment\",\"target\":[\"https:\\\/\\\/www.uartes.edu.ec\\\/sitio\\\/fr\\\/blog\\\/2022\\\/09\\\/27\\\/la-uartes-participo-en-la-primera-asamblea-territorial-con-miras-a-la-asamblea-plurinacional-de-las-artes-y-las-culturas\\\/#respond\"]}]},{\"@type\":[\"WebPage\",\"ItemPage\"],\"@id\":\"https:\\\/\\\/www.uartes.edu.ec\\\/sitio\\\/fr\\\/blog\\\/2022\\\/09\\\/27\\\/la-uartes-participo-en-la-primera-asamblea-territorial-con-miras-a-la-asamblea-plurinacional-de-las-artes-y-las-culturas\\\/\",\"url\":\"https:\\\/\\\/www.uartes.edu.ec\\\/sitio\\\/fr\\\/blog\\\/2022\\\/09\\\/27\\\/la-uartes-participo-en-la-primera-asamblea-territorial-con-miras-a-la-asamblea-plurinacional-de-las-artes-y-las-culturas\\\/\",\"name\":\"Universidad de las Artes - Universidad de las Artes particip\u00f3 en primera asamblea territorial, rumbo a la plurinacional de las artes y culturas\",\"isPartOf\":{\"@id\":\"https:\\\/\\\/www.uartes.edu.ec\\\/sitio\\\/fr\\\/#website\"},\"primaryImageOfPage\":{\"@id\":\"https:\\\/\\\/www.uartes.edu.ec\\\/sitio\\\/fr\\\/blog\\\/2022\\\/09\\\/27\\\/la-uartes-participo-en-la-primera-asamblea-territorial-con-miras-a-la-asamblea-plurinacional-de-las-artes-y-las-culturas\\\/#primaryimage\"},\"image\":{\"@id\":\"https:\\\/\\\/www.uartes.edu.ec\\\/sitio\\\/fr\\\/blog\\\/2022\\\/09\\\/27\\\/la-uartes-participo-en-la-primera-asamblea-territorial-con-miras-a-la-asamblea-plurinacional-de-las-artes-y-las-culturas\\\/#primaryimage\"},\"thumbnailUrl\":\"https:\\\/\\\/www.uartes.edu.ec\\\/sitio\\\/wp-content\\\/uploads\\\/2022\\\/09\\\/ASAMBLEAS-TERRITORIALES-01.jpg\",\"datePublished\":\"2022-09-27T21:20:00+00:00\",\"dateModified\":\"2024-07-04T16:22:55+00:00\",\"description\":\"Universidad de las Artes - Universidad de las Artes particip\u00f3 en primera asamblea territorial, rumbo a la plurinacional de las artes y culturas\",\"breadcrumb\":{\"@id\":\"https:\\\/\\\/www.uartes.edu.ec\\\/sitio\\\/fr\\\/blog\\\/2022\\\/09\\\/27\\\/la-uartes-participo-en-la-primera-asamblea-territorial-con-miras-a-la-asamblea-plurinacional-de-las-artes-y-las-culturas\\\/#breadcrumb\"},\"inLanguage\":\"fr-FR\",\"potentialAction\":[{\"@type\":\"ReadAction\",\"target\":[\"https:\\\/\\\/www.uartes.edu.ec\\\/sitio\\\/fr\\\/blog\\\/2022\\\/09\\\/27\\\/la-uartes-participo-en-la-primera-asamblea-territorial-con-miras-a-la-asamblea-plurinacional-de-las-artes-y-las-culturas\\\/\"]}]},{\"@type\":\"ImageObject\",\"inLanguage\":\"fr-FR\",\"@id\":\"https:\\\/\\\/www.uartes.edu.ec\\\/sitio\\\/fr\\\/blog\\\/2022\\\/09\\\/27\\\/la-uartes-participo-en-la-primera-asamblea-territorial-con-miras-a-la-asamblea-plurinacional-de-las-artes-y-las-culturas\\\/#primaryimage\",\"url\":\"https:\\\/\\\/www.uartes.edu.ec\\\/sitio\\\/wp-content\\\/uploads\\\/2022\\\/09\\\/ASAMBLEAS-TERRITORIALES-01.jpg\",\"contentUrl\":\"https:\\\/\\\/www.uartes.edu.ec\\\/sitio\\\/wp-content\\\/uploads\\\/2022\\\/09\\\/ASAMBLEAS-TERRITORIALES-01.jpg\",\"width\":2000,\"height\":1333},{\"@type\":\"BreadcrumbList\",\"@id\":\"https:\\\/\\\/www.uartes.edu.ec\\\/sitio\\\/fr\\\/blog\\\/2022\\\/09\\\/27\\\/la-uartes-participo-en-la-primera-asamblea-territorial-con-miras-a-la-asamblea-plurinacional-de-las-artes-y-las-culturas\\\/#breadcrumb\",\"itemListElement\":[{\"@type\":\"ListItem\",\"position\":1,\"name\":\"Inicio\",\"item\":\"https:\\\/\\\/www.uartes.edu.ec\\\/sitio\\\/\"},{\"@type\":\"ListItem\",\"position\":2,\"name\":\"Universidad de las Artes particip\u00f3 en primera asamblea territorial, rumbo a la plurinacional de las artes y culturas\"}]},{\"@type\":\"WebSite\",\"@id\":\"https:\\\/\\\/www.uartes.edu.ec\\\/sitio\\\/fr\\\/#website\",\"url\":\"https:\\\/\\\/www.uartes.edu.ec\\\/sitio\\\/fr\\\/\",\"name\":\"Universidad de las Artes\",\"description\":\"Sitio oficial de la Universidad Nacional de las Artes del Ecuador\",\"publisher\":{\"@id\":\"https:\\\/\\\/www.uartes.edu.ec\\\/sitio\\\/fr\\\/#organization\"},\"potentialAction\":[{\"@type\":\"SearchAction\",\"target\":{\"@type\":\"EntryPoint\",\"urlTemplate\":\"https:\\\/\\\/www.uartes.edu.ec\\\/sitio\\\/fr\\\/?s={search_term_string}\"},\"query-input\":{\"@type\":\"PropertyValueSpecification\",\"valueRequired\":true,\"valueName\":\"search_term_string\"}}],\"inLanguage\":\"fr-FR\"},{\"@type\":\"Organization\",\"@id\":\"https:\\\/\\\/www.uartes.edu.ec\\\/sitio\\\/fr\\\/#organization\",\"name\":\"Universidad de las Artes\",\"url\":\"https:\\\/\\\/www.uartes.edu.ec\\\/sitio\\\/fr\\\/\",\"logo\":{\"@type\":\"ImageObject\",\"inLanguage\":\"fr-FR\",\"@id\":\"https:\\\/\\\/www.uartes.edu.ec\\\/sitio\\\/fr\\\/#\\\/schema\\\/logo\\\/image\\\/\",\"url\":\"https:\\\/\\\/www.uartes.edu.ec\\\/sitio\\\/wp-content\\\/uploads\\\/2022\\\/07\\\/logo-ua-horizontal.png\",\"contentUrl\":\"https:\\\/\\\/www.uartes.edu.ec\\\/sitio\\\/wp-content\\\/uploads\\\/2022\\\/07\\\/logo-ua-horizontal.png\",\"width\":800,\"height\":276,\"caption\":\"Universidad de las Artes\"},\"image\":{\"@id\":\"https:\\\/\\\/www.uartes.edu.ec\\\/sitio\\\/fr\\\/#\\\/schema\\\/logo\\\/image\\\/\"},\"sameAs\":[\"https:\\\/\\\/www.facebook.com\\\/uartesec\",\"https:\\\/\\\/x.com\\\/uartesec\",\"https:\\\/\\\/www.tiktok.com\\\/@uartesec\"]},{\"@type\":\"Person\",\"@id\":\"https:\\\/\\\/www.uartes.edu.ec\\\/sitio\\\/fr\\\/#\\\/schema\\\/person\\\/efa1b8275797664fd7f13a79ccc0b1f4\",\"name\":\"ccortez\",\"image\":{\"@type\":\"ImageObject\",\"inLanguage\":\"fr-FR\",\"@id\":\"https:\\\/\\\/secure.gravatar.com\\\/avatar\\\/b2a6f664a3ae8e074346ef91775736c5ec479e637ecced6842de9dc98b5da9cd?s=96&d=mm&r=g\",\"url\":\"https:\\\/\\\/secure.gravatar.com\\\/avatar\\\/b2a6f664a3ae8e074346ef91775736c5ec479e637ecced6842de9dc98b5da9cd?s=96&d=mm&r=g\",\"contentUrl\":\"https:\\\/\\\/secure.gravatar.com\\\/avatar\\\/b2a6f664a3ae8e074346ef91775736c5ec479e637ecced6842de9dc98b5da9cd?s=96&d=mm&r=g\",\"caption\":\"ccortez\"},\"url\":\"https:\\\/\\\/www.uartes.edu.ec\\\/sitio\\\/fr\\\/blog\\\/author\\\/ccortez\\\/\"}]}<\/script>\n<!-- \/ Yoast SEO plugin. -->","yoast_head_json":{"title":"Universidad de las Artes - Universidad de las Artes particip\u00f3 en primera asamblea territorial, rumbo a la plurinacional de las artes y culturas","description":"Universidad de las Artes - Universidad de las Artes particip\u00f3 en primera asamblea territorial, rumbo a la plurinacional de las artes y culturas","robots":{"index":"index","follow":"follow","max-snippet":"max-snippet:-1","max-image-preview":"max-image-preview:large","max-video-preview":"max-video-preview:-1"},"canonical":"https:\/\/www.uartes.edu.ec\/sitio\/fr\/blog\/2022\/09\/27\/la-uartes-participo-en-la-primera-asamblea-territorial-con-miras-a-la-asamblea-plurinacional-de-las-artes-y-las-culturas\/","og_locale":"fr_FR","og_type":"article","og_title":"Universidad de las Artes - Universidad de las Artes particip\u00f3 en primera asamblea territorial, rumbo a la plurinacional de las artes y culturas","og_description":"Universidad de las Artes - Universidad de las Artes particip\u00f3 en primera asamblea territorial, rumbo a la plurinacional de las artes y culturas","og_url":"https:\/\/www.uartes.edu.ec\/sitio\/fr\/blog\/2022\/09\/27\/la-uartes-participo-en-la-primera-asamblea-territorial-con-miras-a-la-asamblea-plurinacional-de-las-artes-y-las-culturas\/","og_site_name":"Universidad de las Artes","article_publisher":"https:\/\/www.facebook.com\/uartesec","article_published_time":"2022-09-27T21:20:00+00:00","article_modified_time":"2024-07-04T16:22:55+00:00","og_image":[{"width":2000,"height":1333,"url":"https:\/\/www.uartes.edu.ec\/sitio\/wp-content\/uploads\/2022\/09\/ASAMBLEAS-TERRITORIALES-01.jpg","type":"image\/jpeg"}],"author":"ccortez","twitter_card":"summary_large_image","twitter_creator":"@uartesec","twitter_site":"@uartesec","twitter_misc":{"\u00c9crit par":"ccortez","Dur\u00e9e de lecture estim\u00e9e":"3 minutes"},"schema":{"@context":"https:\/\/schema.org","@graph":[{"@type":"Article","@id":"https:\/\/www.uartes.edu.ec\/sitio\/fr\/blog\/2022\/09\/27\/la-uartes-participo-en-la-primera-asamblea-territorial-con-miras-a-la-asamblea-plurinacional-de-las-artes-y-las-culturas\/#article","isPartOf":{"@id":"https:\/\/www.uartes.edu.ec\/sitio\/fr\/blog\/2022\/09\/27\/la-uartes-participo-en-la-primera-asamblea-territorial-con-miras-a-la-asamblea-plurinacional-de-las-artes-y-las-culturas\/"},"author":{"name":"ccortez","@id":"https:\/\/www.uartes.edu.ec\/sitio\/fr\/#\/schema\/person\/efa1b8275797664fd7f13a79ccc0b1f4"},"headline":"Universidad de las Artes particip\u00f3 en primera asamblea territorial, rumbo a la plurinacional de las artes y culturas","datePublished":"2022-09-27T21:20:00+00:00","dateModified":"2024-07-04T16:22:55+00:00","mainEntityOfPage":{"@id":"https:\/\/www.uartes.edu.ec\/sitio\/fr\/blog\/2022\/09\/27\/la-uartes-participo-en-la-primera-asamblea-territorial-con-miras-a-la-asamblea-plurinacional-de-las-artes-y-las-culturas\/"},"wordCount":501,"commentCount":0,"publisher":{"@id":"https:\/\/www.uartes.edu.ec\/sitio\/fr\/#organization"},"image":{"@id":"https:\/\/www.uartes.edu.ec\/sitio\/fr\/blog\/2022\/09\/27\/la-uartes-participo-en-la-primera-asamblea-territorial-con-miras-a-la-asamblea-plurinacional-de-las-artes-y-las-culturas\/#primaryimage"},"thumbnailUrl":"https:\/\/www.uartes.edu.ec\/sitio\/wp-content\/uploads\/2022\/09\/ASAMBLEAS-TERRITORIALES-01.jpg","keywords":["asamblea territorial"],"articleSection":["2B","Administrativos","Docentes","Gesti\u00f3n","V\u00ednculo"],"inLanguage":"fr-FR","potentialAction":[{"@type":"CommentAction","name":"Comment","target":["https:\/\/www.uartes.edu.ec\/sitio\/fr\/blog\/2022\/09\/27\/la-uartes-participo-en-la-primera-asamblea-territorial-con-miras-a-la-asamblea-plurinacional-de-las-artes-y-las-culturas\/#respond"]}]},{"@type":["WebPage","ItemPage"],"@id":"https:\/\/www.uartes.edu.ec\/sitio\/fr\/blog\/2022\/09\/27\/la-uartes-participo-en-la-primera-asamblea-territorial-con-miras-a-la-asamblea-plurinacional-de-las-artes-y-las-culturas\/","url":"https:\/\/www.uartes.edu.ec\/sitio\/fr\/blog\/2022\/09\/27\/la-uartes-participo-en-la-primera-asamblea-territorial-con-miras-a-la-asamblea-plurinacional-de-las-artes-y-las-culturas\/","name":"Universidad de las Artes - Universidad de las Artes particip\u00f3 en primera asamblea territorial, rumbo a la plurinacional de las artes y culturas","isPartOf":{"@id":"https:\/\/www.uartes.edu.ec\/sitio\/fr\/#website"},"primaryImageOfPage":{"@id":"https:\/\/www.uartes.edu.ec\/sitio\/fr\/blog\/2022\/09\/27\/la-uartes-participo-en-la-primera-asamblea-territorial-con-miras-a-la-asamblea-plurinacional-de-las-artes-y-las-culturas\/#primaryimage"},"image":{"@id":"https:\/\/www.uartes.edu.ec\/sitio\/fr\/blog\/2022\/09\/27\/la-uartes-participo-en-la-primera-asamblea-territorial-con-miras-a-la-asamblea-plurinacional-de-las-artes-y-las-culturas\/#primaryimage"},"thumbnailUrl":"https:\/\/www.uartes.edu.ec\/sitio\/wp-content\/uploads\/2022\/09\/ASAMBLEAS-TERRITORIALES-01.jpg","datePublished":"2022-09-27T21:20:00+00:00","dateModified":"2024-07-04T16:22:55+00:00","description":"Universidad de las Artes - Universidad de las Artes particip\u00f3 en primera asamblea territorial, rumbo a la plurinacional de las artes y culturas","breadcrumb":{"@id":"https:\/\/www.uartes.edu.ec\/sitio\/fr\/blog\/2022\/09\/27\/la-uartes-participo-en-la-primera-asamblea-territorial-con-miras-a-la-asamblea-plurinacional-de-las-artes-y-las-culturas\/#breadcrumb"},"inLanguage":"fr-FR","potentialAction":[{"@type":"ReadAction","target":["https:\/\/www.uartes.edu.ec\/sitio\/fr\/blog\/2022\/09\/27\/la-uartes-participo-en-la-primera-asamblea-territorial-con-miras-a-la-asamblea-plurinacional-de-las-artes-y-las-culturas\/"]}]},{"@type":"ImageObject","inLanguage":"fr-FR","@id":"https:\/\/www.uartes.edu.ec\/sitio\/fr\/blog\/2022\/09\/27\/la-uartes-participo-en-la-primera-asamblea-territorial-con-miras-a-la-asamblea-plurinacional-de-las-artes-y-las-culturas\/#primaryimage","url":"https:\/\/www.uartes.edu.ec\/sitio\/wp-content\/uploads\/2022\/09\/ASAMBLEAS-TERRITORIALES-01.jpg","contentUrl":"https:\/\/www.uartes.edu.ec\/sitio\/wp-content\/uploads\/2022\/09\/ASAMBLEAS-TERRITORIALES-01.jpg","width":2000,"height":1333},{"@type":"BreadcrumbList","@id":"https:\/\/www.uartes.edu.ec\/sitio\/fr\/blog\/2022\/09\/27\/la-uartes-participo-en-la-primera-asamblea-territorial-con-miras-a-la-asamblea-plurinacional-de-las-artes-y-las-culturas\/#breadcrumb","itemListElement":[{"@type":"ListItem","position":1,"name":"Inicio","item":"https:\/\/www.uartes.edu.ec\/sitio\/"},{"@type":"ListItem","position":2,"name":"Universidad de las Artes particip\u00f3 en primera asamblea territorial, rumbo a la plurinacional de las artes y culturas"}]},{"@type":"WebSite","@id":"https:\/\/www.uartes.edu.ec\/sitio\/fr\/#website","url":"https:\/\/www.uartes.edu.ec\/sitio\/fr\/","name":"Universidad de las Artes","description":"Sitio oficial de la Universidad Nacional de las Artes del Ecuador","publisher":{"@id":"https:\/\/www.uartes.edu.ec\/sitio\/fr\/#organization"},"potentialAction":[{"@type":"SearchAction","target":{"@type":"EntryPoint","urlTemplate":"https:\/\/www.uartes.edu.ec\/sitio\/fr\/?s={search_term_string}"},"query-input":{"@type":"PropertyValueSpecification","valueRequired":true,"valueName":"search_term_string"}}],"inLanguage":"fr-FR"},{"@type":"Organization","@id":"https:\/\/www.uartes.edu.ec\/sitio\/fr\/#organization","name":"Universidad de las Artes","url":"https:\/\/www.uartes.edu.ec\/sitio\/fr\/","logo":{"@type":"ImageObject","inLanguage":"fr-FR","@id":"https:\/\/www.uartes.edu.ec\/sitio\/fr\/#\/schema\/logo\/image\/","url":"https:\/\/www.uartes.edu.ec\/sitio\/wp-content\/uploads\/2022\/07\/logo-ua-horizontal.png","contentUrl":"https:\/\/www.uartes.edu.ec\/sitio\/wp-content\/uploads\/2022\/07\/logo-ua-horizontal.png","width":800,"height":276,"caption":"Universidad de las Artes"},"image":{"@id":"https:\/\/www.uartes.edu.ec\/sitio\/fr\/#\/schema\/logo\/image\/"},"sameAs":["https:\/\/www.facebook.com\/uartesec","https:\/\/x.com\/uartesec","https:\/\/www.tiktok.com\/@uartesec"]},{"@type":"Person","@id":"https:\/\/www.uartes.edu.ec\/sitio\/fr\/#\/schema\/person\/efa1b8275797664fd7f13a79ccc0b1f4","name":"ccortez","image":{"@type":"ImageObject","inLanguage":"fr-FR","@id":"https:\/\/secure.gravatar.com\/avatar\/b2a6f664a3ae8e074346ef91775736c5ec479e637ecced6842de9dc98b5da9cd?s=96&d=mm&r=g","url":"https:\/\/secure.gravatar.com\/avatar\/b2a6f664a3ae8e074346ef91775736c5ec479e637ecced6842de9dc98b5da9cd?s=96&d=mm&r=g","contentUrl":"https:\/\/secure.gravatar.com\/avatar\/b2a6f664a3ae8e074346ef91775736c5ec479e637ecced6842de9dc98b5da9cd?s=96&d=mm&r=g","caption":"ccortez"},"url":"https:\/\/www.uartes.edu.ec\/sitio\/fr\/blog\/author\/ccortez\/"}]}},"uagb_featured_image_src":{"full":["https:\/\/www.uartes.edu.ec\/sitio\/wp-content\/uploads\/2022\/09\/ASAMBLEAS-TERRITORIALES-01.jpg",2000,1333,false],"thumbnail":["https:\/\/www.uartes.edu.ec\/sitio\/wp-content\/uploads\/2022\/09\/ASAMBLEAS-TERRITORIALES-01-150x150.jpg",150,150,true],"medium":["https:\/\/www.uartes.edu.ec\/sitio\/wp-content\/uploads\/2022\/09\/ASAMBLEAS-TERRITORIALES-01-300x200.jpg",300,200,true],"medium_large":["https:\/\/www.uartes.edu.ec\/sitio\/wp-content\/uploads\/2022\/09\/ASAMBLEAS-TERRITORIALES-01-768x512.jpg",768,512,true],"large":["https:\/\/www.uartes.edu.ec\/sitio\/wp-content\/uploads\/2022\/09\/ASAMBLEAS-TERRITORIALES-01-644x429.jpg",644,429,true],"1536x1536":["https:\/\/www.uartes.edu.ec\/sitio\/wp-content\/uploads\/2022\/09\/ASAMBLEAS-TERRITORIALES-01-1536x1024.jpg",1536,1024,true],"2048x2048":["https:\/\/www.uartes.edu.ec\/sitio\/wp-content\/uploads\/2022\/09\/ASAMBLEAS-TERRITORIALES-01.jpg",2000,1333,false],"trp-custom-language-flag":["https:\/\/www.uartes.edu.ec\/sitio\/wp-content\/uploads\/2022\/09\/ASAMBLEAS-TERRITORIALES-01.jpg",18,12,false],"htmega_size_585x295":["https:\/\/www.uartes.edu.ec\/sitio\/wp-content\/uploads\/2022\/09\/ASAMBLEAS-TERRITORIALES-01.jpg",443,295,false],"htmega_size_1170x536":["https:\/\/www.uartes.edu.ec\/sitio\/wp-content\/uploads\/2022\/09\/ASAMBLEAS-TERRITORIALES-01.jpg",804,536,false],"htmega_size_396x360":["https:\/\/www.uartes.edu.ec\/sitio\/wp-content\/uploads\/2022\/09\/ASAMBLEAS-TERRITORIALES-01.jpg",396,264,false],"gb-block-post-grid-landscape":["https:\/\/www.uartes.edu.ec\/sitio\/wp-content\/uploads\/2022\/09\/ASAMBLEAS-TERRITORIALES-01.jpg",600,400,false],"gb-block-post-grid-square":["https:\/\/www.uartes.edu.ec\/sitio\/wp-content\/uploads\/2022\/09\/ASAMBLEAS-TERRITORIALES-01.jpg",600,400,false],"university-hub-thumb":["https:\/\/www.uartes.edu.ec\/sitio\/wp-content\/uploads\/2022\/09\/ASAMBLEAS-TERRITORIALES-01-400x267.jpg",400,267,true],"mailpoet_newsletter_max":["https:\/\/www.uartes.edu.ec\/sitio\/wp-content\/uploads\/2022\/09\/ASAMBLEAS-TERRITORIALES-01.jpg",1320,880,false]},"uagb_author_info":{"display_name":"ccortez","author_link":"https:\/\/www.uartes.edu.ec\/sitio\/fr\/blog\/author\/ccortez\/"},"uagb_comment_info":0,"uagb_excerpt":"La Universidad de las Artes particip\u00f3 en la primera asamblea territorial propuesta por la Sede Nacional de la Casa de las Culturas para consolidar y articular una agenda de trabajo que beneficie al sector cultural. Tuvo lugar el s\u00e1bado 24 de septiembre en la Sala MAC de Manta. Por la UArtes intervinieron los docentes Byron\u2026","featured_image_src":"https:\/\/www.uartes.edu.ec\/sitio\/wp-content\/uploads\/2022\/09\/ASAMBLEAS-TERRITORIALES-01.jpg","featured_image_src_square":"https:\/\/www.uartes.edu.ec\/sitio\/wp-content\/uploads\/2022\/09\/ASAMBLEAS-TERRITORIALES-01.jpg","author_info":{"display_name":"ccortez","author_link":"https:\/\/www.uartes.edu.ec\/sitio\/fr\/blog\/author\/ccortez\/"},"publishpress_future_workflow_manual_trigger":{"enabledWorkflows":[]},"distributor_meta":false,"distributor_terms":false,"distributor_media":false,"distributor_original_site_name":"Universidad de las Artes","distributor_original_site_url":"https:\/\/www.uartes.edu.ec\/sitio\/fr","push-errors":false,"_links":{"self":[{"href":"https:\/\/www.uartes.edu.ec\/sitio\/fr\/wp-json\/wp\/v2\/posts\/28482","targetHints":{"allow":["GET"]}}],"collection":[{"href":"https:\/\/www.uartes.edu.ec\/sitio\/fr\/wp-json\/wp\/v2\/posts"}],"about":[{"href":"https:\/\/www.uartes.edu.ec\/sitio\/fr\/wp-json\/wp\/v2\/types\/post"}],"author":[{"embeddable":true,"href":"https:\/\/www.uartes.edu.ec\/sitio\/fr\/wp-json\/wp\/v2\/users\/10"}],"replies":[{"embeddable":true,"href":"https:\/\/www.uartes.edu.ec\/sitio\/fr\/wp-json\/wp\/v2\/comments?post=28482"}],"version-history":[{"count":17,"href":"https:\/\/www.uartes.edu.ec\/sitio\/fr\/wp-json\/wp\/v2\/posts\/28482\/revisions"}],"predecessor-version":[{"id":35540,"href":"https:\/\/www.uartes.edu.ec\/sitio\/fr\/wp-json\/wp\/v2\/posts\/28482\/revisions\/35540"}],"wp:featuredmedia":[{"embeddable":true,"href":"https:\/\/www.uartes.edu.ec\/sitio\/fr\/wp-json\/wp\/v2\/media\/28485"}],"wp:attachment":[{"href":"https:\/\/www.uartes.edu.ec\/sitio\/fr\/wp-json\/wp\/v2\/media?parent=28482"}],"wp:term":[{"taxonomy":"category","embeddable":true,"href":"https:\/\/www.uartes.edu.ec\/sitio\/fr\/wp-json\/wp\/v2\/categories?post=28482"},{"taxonomy":"post_tag","embeddable":true,"href":"https:\/\/www.uartes.edu.ec\/sitio\/fr\/wp-json\/wp\/v2\/tags?post=28482"},{"taxonomy":"infouartes","embeddable":true,"href":"https:\/\/www.uartes.edu.ec\/sitio\/fr\/wp-json\/wp\/v2\/infouartes?post=28482"}],"curies":[{"name":"wp","href":"https:\/\/api.w.org\/{rel}","templated":true}]}}