{"id":28712,"date":"2022-10-07T09:56:29","date_gmt":"2022-10-07T14:56:29","guid":{"rendered":"http:\/\/www.uartes.edu.ec\/sitio\/?p=28712"},"modified":"2024-07-04T11:22:52","modified_gmt":"2024-07-04T16:22:52","slug":"por-primera-vez-la-uartes-inicia-al-proceso-depromocion-de-su-personal-academico-titular","status":"publish","type":"post","link":"https:\/\/www.uartes.edu.ec\/sitio\/fr\/blog\/2022\/10\/07\/por-primera-vez-la-uartes-inicia-al-proceso-depromocion-de-su-personal-academico-titular\/","title":{"rendered":"Por primera vez, la Universidad de las Artes inicia el proceso de promoci\u00f3n de su personal acad\u00e9mico titular"},"content":{"rendered":"<p>El Vicerrectorado Acad\u00e9mico de la Universidad de las Artes, en conjunto con varias unidades administrativas y acad\u00e9micas, dio inicio este 4 de octubre de 2022 a la convocatoria para el proceso de promoci\u00f3n del personal acad\u00e9mico titular. Esto es hist\u00f3rico para la UArtes porque es la primera ocasi\u00f3n en que se logra gestionar el escalafonamiento y porque hace referencia al reconocimiento del personal acad\u00e9mico con la finalidad de promoverlo a un grado escalafonario superior.<\/p>\n\n\n\n<p>Este proceso se encuentra establecido en el Reglamento de Carrera y Escalaf\u00f3n del Personal Acad\u00e9mico del Sistema de Educaci\u00f3n Superior y dem\u00e1s normativa interna de la Universidad de las Artes.<\/p>\n\n\n\n<p>La convocatoria que la UArtes hace desde su Vicerrectorado Acad\u00e9mico est\u00e1 dirigida a todo docente e investigador que haya sido declarado ganador en el respectivo concurso de m\u00e9ritos y oposici\u00f3n.&nbsp; Acorde a un cronograma establecido por la Comisi\u00f3n Especializada de Escalaf\u00f3n Docente, las y los docente e investigadores titulares deber\u00e1n entregar del 11 al 14 de octubre la informaci\u00f3n con todos los requisitos establecidos para la categor\u00eda solicitada para el escalafonamiento, determinados en el Instructivo de la UArtes.<\/p>\n\n\n\n<p>La entrega de la documentaci\u00f3n por las y los candidatos puede hacerse de manera f\u00edsica, debidamente foliada y sumillada en la Direcci\u00f3n de Talento Humano o mediante archivo digital PDF al correo thumano@uartes.edu.ec.<\/p>\n\n\n\n<p>Aquellos(as) candidatos(as) que no entreguen la documentaci\u00f3n en los tiempos determinados, no ser\u00e1n considerados como parte del proceso de promoci\u00f3n.<\/p>\n\n\n\n<p>La recepci\u00f3n de la documentaci\u00f3n en f\u00edsico se realizar\u00e1 en horario administrativo, de 08:00 a 13:00 y de 14:00 a 16:00, en la oficina de Talento Humano, ubicada en el 2do piso del edificio El Tel\u00e9grafo.<\/p>\n\n\n\n<p>Si quieres conocer los principios y objetivo del cuerpo normativo de este proceso, te invitamos a leer el instructivo.<\/p>\n\n\n\n<p><\/p>\n\n\n<section class='__wpdm_gb_section __wpdm_gb_package'><div class='w3eden wpdm_package_shortcode'><!-- WPDM Link Template: Call to Action 4 -->\n\n<div class=\"card c2a4 mt-2 mb-2\">\n    <div class=\"card-body text-center pb-4\">\n        <div class=\"text-center wicon\">\n            <img decoding=\"async\" class=\"wpdm_icon\" alt=\"Ic\u00f4ne\" src=\"https:\/\/www.uartes.edu.ec\/sitio\/wp-content\/plugins\/download-manager\/assets\/file-type-icons\/pdf.svg\" \/>\n        <\/div>\n        <h3 class=\"p-0 m-0 mb-2\"><a style=\"font-weight: 700\" href=\"https:\/\/www.uartes.edu.ec\/sitio\/fr\/download\/ua-ocs-rse-2022-031\/\">UA-OCS-RSE-2022-031 &#8211; Instructivo para la Promoci\u00f3n del Personal Acad\u00e9mico y de Apoyo Acad\u00e9mico Titular<\/a><\/h3>\n        <div class=\"text-muted text-small\"><i class=\"fas fa-hdd\"><\/i> 3.59 MB <i class=\"far fa-arrow-alt-circle-down ml-2\"><\/i> 7730 t\u00e9l\u00e9chargements<\/div>\n    <\/div>\n    <div class=\"card-footer text-center\">\n            <a href=\"https:\/\/www.uartes.edu.ec\/sitio\/fr\/download\/ua-ocs-rse-2022-031\/\" class=\"btn btn-secondary\">View More<\/a>\n            <div class=\"d-button d-inline-block\"><a class='wpdm-download-link download-on-click btn btn-primary btn-sm'  rel='nofollow' href='#' data-downloadurl=\"https:\/\/www.uartes.edu.ec\/sitio\/fr\/download\/ua-ocs-rse-2022-031\/?wpdmdl=23846&#038;refresh=69f121bef35541777410494\">T\u00e9l\u00e9charger<\/a><\/div>\n    <\/div>\n<\/div>\n<style>\n    .w3eden .c2a4   .well.c2a4 .media-body{ font-size: 11pt; }\n    .w3eden .c2a4 .wicon { border-radius: 10px; margin: 5px auto 25px; width: 72px; height: 72px; background: rgba(109, 78, 234, 0.16); padding: 6px; display: flex; align-items: center; justify-content: center; }\n    .w3eden .c2a4 .btn{ border-radius: 50px; font-weight: 500; margin: 0 3px; padding: 0 25px; height: 36px; line-height: 36px; font-size: 12px; }\n<\/style>\n<\/div><\/section>","protected":false},"excerpt":{"rendered":"<p>El Vicerrectorado Acad\u00e9mico de la UArtes, con varias unidades administrativas y acad\u00e9micas, dio inicio este 4 de octubre a la convocatoria para el proceso de promoci\u00f3n del personal acad\u00e9mico titular. Hist\u00f3rico para nuestra IES porque es la primera vez en que se logra gestionar el escalafonamiento y porque hace referencia al reconocimiento del personal acad\u00e9mico para promoverlo a un grado escalafonario superior.<\/p>","protected":false},"author":10,"featured_media":29419,"comment_status":"open","ping_status":"open","sticky":false,"template":"","format":"standard","meta":{"_acf_changed":false,"_uag_custom_page_level_css":"","_monsterinsights_skip_tracking":false,"_monsterinsights_sitenote_active":false,"_monsterinsights_sitenote_note":"","_monsterinsights_sitenote_category":0,"cybocfi_hide_featured_image":"","footnotes":""},"categories":[712,80,75],"tags":[792],"infouartes":[],"class_list":["post-28712","post","type-post","status-publish","format-standard","has-post-thumbnail","hentry","category-1a","category-academico","category-docentes","tag-promocion"],"acf":[],"yoast_head":"<!-- This site is optimized with the Yoast SEO plugin v27.4 - https:\/\/yoast.com\/product\/yoast-seo-wordpress\/ -->\n<title>Universidad de las Artes - Por primera vez, la Universidad de las Artes inicia el proceso de promoci\u00f3n de su personal acad\u00e9mico titular<\/title>\n<meta name=\"description\" content=\"Universidad de las Artes - Por primera vez, la Universidad de las Artes inicia el proceso de promoci\u00f3n de su personal acad\u00e9mico titular\" \/>\n<meta name=\"robots\" content=\"index, follow, max-snippet:-1, max-image-preview:large, max-video-preview:-1\" \/>\n<link rel=\"canonical\" href=\"https:\/\/www.uartes.edu.ec\/sitio\/fr\/blog\/2022\/10\/07\/por-primera-vez-la-uartes-inicia-al-proceso-depromocion-de-su-personal-academico-titular\/\" \/>\n<meta property=\"og:locale\" content=\"fr_FR\" \/>\n<meta property=\"og:type\" content=\"article\" \/>\n<meta property=\"og:title\" content=\"Universidad de las Artes - Por primera vez, la Universidad de las Artes inicia el proceso de promoci\u00f3n de su personal acad\u00e9mico titular\" \/>\n<meta property=\"og:description\" content=\"Universidad de las Artes - Por primera vez, la Universidad de las Artes inicia el proceso de promoci\u00f3n de su personal acad\u00e9mico titular\" \/>\n<meta property=\"og:url\" content=\"https:\/\/www.uartes.edu.ec\/sitio\/fr\/blog\/2022\/10\/07\/por-primera-vez-la-uartes-inicia-al-proceso-depromocion-de-su-personal-academico-titular\/\" \/>\n<meta property=\"og:site_name\" content=\"Universidad de las Artes\" \/>\n<meta property=\"article:publisher\" content=\"https:\/\/www.facebook.com\/uartesec\" \/>\n<meta property=\"article:published_time\" content=\"2022-10-07T14:56:29+00:00\" \/>\n<meta property=\"article:modified_time\" content=\"2024-07-04T16:22:52+00:00\" \/>\n<meta property=\"og:image\" content=\"https:\/\/www.uartes.edu.ec\/sitio\/wp-content\/uploads\/2022\/10\/PERSONAL-ACADE\u0301MICO-TIRULAR.jpg\" \/>\n\t<meta property=\"og:image:width\" content=\"2000\" \/>\n\t<meta property=\"og:image:height\" content=\"1333\" \/>\n\t<meta property=\"og:image:type\" content=\"image\/jpeg\" \/>\n<meta name=\"author\" content=\"ccortez\" \/>\n<meta name=\"twitter:card\" content=\"summary_large_image\" \/>\n<meta name=\"twitter:creator\" content=\"@uartesec\" \/>\n<meta name=\"twitter:site\" content=\"@uartesec\" \/>\n<meta name=\"twitter:label1\" content=\"\u00c9crit par\" \/>\n\t<meta name=\"twitter:data1\" content=\"ccortez\" \/>\n\t<meta name=\"twitter:label2\" content=\"Dur\u00e9e de lecture estim\u00e9e\" \/>\n\t<meta name=\"twitter:data2\" content=\"2 minutes\" \/>\n<script type=\"application\/ld+json\" class=\"yoast-schema-graph\">{\"@context\":\"https:\\\/\\\/schema.org\",\"@graph\":[{\"@type\":\"Article\",\"@id\":\"https:\\\/\\\/www.uartes.edu.ec\\\/sitio\\\/fr\\\/blog\\\/2022\\\/10\\\/07\\\/por-primera-vez-la-uartes-inicia-al-proceso-depromocion-de-su-personal-academico-titular\\\/#article\",\"isPartOf\":{\"@id\":\"https:\\\/\\\/www.uartes.edu.ec\\\/sitio\\\/fr\\\/blog\\\/2022\\\/10\\\/07\\\/por-primera-vez-la-uartes-inicia-al-proceso-depromocion-de-su-personal-academico-titular\\\/\"},\"author\":{\"name\":\"ccortez\",\"@id\":\"https:\\\/\\\/www.uartes.edu.ec\\\/sitio\\\/fr\\\/#\\\/schema\\\/person\\\/efa1b8275797664fd7f13a79ccc0b1f4\"},\"headline\":\"Por primera vez, la Universidad de las Artes inicia el proceso de promoci\u00f3n de su personal acad\u00e9mico titular\",\"datePublished\":\"2022-10-07T14:56:29+00:00\",\"dateModified\":\"2024-07-04T16:22:52+00:00\",\"mainEntityOfPage\":{\"@id\":\"https:\\\/\\\/www.uartes.edu.ec\\\/sitio\\\/fr\\\/blog\\\/2022\\\/10\\\/07\\\/por-primera-vez-la-uartes-inicia-al-proceso-depromocion-de-su-personal-academico-titular\\\/\"},\"wordCount\":337,\"commentCount\":0,\"publisher\":{\"@id\":\"https:\\\/\\\/www.uartes.edu.ec\\\/sitio\\\/fr\\\/#organization\"},\"image\":{\"@id\":\"https:\\\/\\\/www.uartes.edu.ec\\\/sitio\\\/fr\\\/blog\\\/2022\\\/10\\\/07\\\/por-primera-vez-la-uartes-inicia-al-proceso-depromocion-de-su-personal-academico-titular\\\/#primaryimage\"},\"thumbnailUrl\":\"https:\\\/\\\/www.uartes.edu.ec\\\/sitio\\\/wp-content\\\/uploads\\\/2022\\\/10\\\/PERSONAL-ACADE\u0301MICO-TIRULAR.jpg\",\"keywords\":[\"promoci\u00f3n\"],\"articleSection\":[\"1A\",\"Acad\u00e9mico\",\"Docentes\"],\"inLanguage\":\"fr-FR\",\"potentialAction\":[{\"@type\":\"CommentAction\",\"name\":\"Comment\",\"target\":[\"https:\\\/\\\/www.uartes.edu.ec\\\/sitio\\\/fr\\\/blog\\\/2022\\\/10\\\/07\\\/por-primera-vez-la-uartes-inicia-al-proceso-depromocion-de-su-personal-academico-titular\\\/#respond\"]}]},{\"@type\":[\"WebPage\",\"ItemPage\"],\"@id\":\"https:\\\/\\\/www.uartes.edu.ec\\\/sitio\\\/fr\\\/blog\\\/2022\\\/10\\\/07\\\/por-primera-vez-la-uartes-inicia-al-proceso-depromocion-de-su-personal-academico-titular\\\/\",\"url\":\"https:\\\/\\\/www.uartes.edu.ec\\\/sitio\\\/fr\\\/blog\\\/2022\\\/10\\\/07\\\/por-primera-vez-la-uartes-inicia-al-proceso-depromocion-de-su-personal-academico-titular\\\/\",\"name\":\"Universidad de las Artes - Por primera vez, la Universidad de las Artes inicia el proceso de promoci\u00f3n de su personal acad\u00e9mico titular\",\"isPartOf\":{\"@id\":\"https:\\\/\\\/www.uartes.edu.ec\\\/sitio\\\/fr\\\/#website\"},\"primaryImageOfPage\":{\"@id\":\"https:\\\/\\\/www.uartes.edu.ec\\\/sitio\\\/fr\\\/blog\\\/2022\\\/10\\\/07\\\/por-primera-vez-la-uartes-inicia-al-proceso-depromocion-de-su-personal-academico-titular\\\/#primaryimage\"},\"image\":{\"@id\":\"https:\\\/\\\/www.uartes.edu.ec\\\/sitio\\\/fr\\\/blog\\\/2022\\\/10\\\/07\\\/por-primera-vez-la-uartes-inicia-al-proceso-depromocion-de-su-personal-academico-titular\\\/#primaryimage\"},\"thumbnailUrl\":\"https:\\\/\\\/www.uartes.edu.ec\\\/sitio\\\/wp-content\\\/uploads\\\/2022\\\/10\\\/PERSONAL-ACADE\u0301MICO-TIRULAR.jpg\",\"datePublished\":\"2022-10-07T14:56:29+00:00\",\"dateModified\":\"2024-07-04T16:22:52+00:00\",\"description\":\"Universidad de las Artes - Por primera vez, la Universidad de las Artes inicia el proceso de promoci\u00f3n de su personal acad\u00e9mico titular\",\"breadcrumb\":{\"@id\":\"https:\\\/\\\/www.uartes.edu.ec\\\/sitio\\\/fr\\\/blog\\\/2022\\\/10\\\/07\\\/por-primera-vez-la-uartes-inicia-al-proceso-depromocion-de-su-personal-academico-titular\\\/#breadcrumb\"},\"inLanguage\":\"fr-FR\",\"potentialAction\":[{\"@type\":\"ReadAction\",\"target\":[\"https:\\\/\\\/www.uartes.edu.ec\\\/sitio\\\/fr\\\/blog\\\/2022\\\/10\\\/07\\\/por-primera-vez-la-uartes-inicia-al-proceso-depromocion-de-su-personal-academico-titular\\\/\"]}]},{\"@type\":\"ImageObject\",\"inLanguage\":\"fr-FR\",\"@id\":\"https:\\\/\\\/www.uartes.edu.ec\\\/sitio\\\/fr\\\/blog\\\/2022\\\/10\\\/07\\\/por-primera-vez-la-uartes-inicia-al-proceso-depromocion-de-su-personal-academico-titular\\\/#primaryimage\",\"url\":\"https:\\\/\\\/www.uartes.edu.ec\\\/sitio\\\/wp-content\\\/uploads\\\/2022\\\/10\\\/PERSONAL-ACADE\u0301MICO-TIRULAR.jpg\",\"contentUrl\":\"https:\\\/\\\/www.uartes.edu.ec\\\/sitio\\\/wp-content\\\/uploads\\\/2022\\\/10\\\/PERSONAL-ACADE\u0301MICO-TIRULAR.jpg\",\"width\":2000,\"height\":1333},{\"@type\":\"BreadcrumbList\",\"@id\":\"https:\\\/\\\/www.uartes.edu.ec\\\/sitio\\\/fr\\\/blog\\\/2022\\\/10\\\/07\\\/por-primera-vez-la-uartes-inicia-al-proceso-depromocion-de-su-personal-academico-titular\\\/#breadcrumb\",\"itemListElement\":[{\"@type\":\"ListItem\",\"position\":1,\"name\":\"Inicio\",\"item\":\"https:\\\/\\\/www.uartes.edu.ec\\\/sitio\\\/\"},{\"@type\":\"ListItem\",\"position\":2,\"name\":\"Por primera vez, la Universidad de las Artes inicia el proceso de promoci\u00f3n de su personal acad\u00e9mico titular\"}]},{\"@type\":\"WebSite\",\"@id\":\"https:\\\/\\\/www.uartes.edu.ec\\\/sitio\\\/fr\\\/#website\",\"url\":\"https:\\\/\\\/www.uartes.edu.ec\\\/sitio\\\/fr\\\/\",\"name\":\"Universidad de las Artes\",\"description\":\"Sitio oficial de la Universidad Nacional de las Artes del Ecuador\",\"publisher\":{\"@id\":\"https:\\\/\\\/www.uartes.edu.ec\\\/sitio\\\/fr\\\/#organization\"},\"potentialAction\":[{\"@type\":\"SearchAction\",\"target\":{\"@type\":\"EntryPoint\",\"urlTemplate\":\"https:\\\/\\\/www.uartes.edu.ec\\\/sitio\\\/fr\\\/?s={search_term_string}\"},\"query-input\":{\"@type\":\"PropertyValueSpecification\",\"valueRequired\":true,\"valueName\":\"search_term_string\"}}],\"inLanguage\":\"fr-FR\"},{\"@type\":\"Organization\",\"@id\":\"https:\\\/\\\/www.uartes.edu.ec\\\/sitio\\\/fr\\\/#organization\",\"name\":\"Universidad de las Artes\",\"url\":\"https:\\\/\\\/www.uartes.edu.ec\\\/sitio\\\/fr\\\/\",\"logo\":{\"@type\":\"ImageObject\",\"inLanguage\":\"fr-FR\",\"@id\":\"https:\\\/\\\/www.uartes.edu.ec\\\/sitio\\\/fr\\\/#\\\/schema\\\/logo\\\/image\\\/\",\"url\":\"https:\\\/\\\/www.uartes.edu.ec\\\/sitio\\\/wp-content\\\/uploads\\\/2022\\\/07\\\/logo-ua-horizontal.png\",\"contentUrl\":\"https:\\\/\\\/www.uartes.edu.ec\\\/sitio\\\/wp-content\\\/uploads\\\/2022\\\/07\\\/logo-ua-horizontal.png\",\"width\":800,\"height\":276,\"caption\":\"Universidad de las Artes\"},\"image\":{\"@id\":\"https:\\\/\\\/www.uartes.edu.ec\\\/sitio\\\/fr\\\/#\\\/schema\\\/logo\\\/image\\\/\"},\"sameAs\":[\"https:\\\/\\\/www.facebook.com\\\/uartesec\",\"https:\\\/\\\/x.com\\\/uartesec\",\"https:\\\/\\\/www.tiktok.com\\\/@uartesec\"]},{\"@type\":\"Person\",\"@id\":\"https:\\\/\\\/www.uartes.edu.ec\\\/sitio\\\/fr\\\/#\\\/schema\\\/person\\\/efa1b8275797664fd7f13a79ccc0b1f4\",\"name\":\"ccortez\",\"image\":{\"@type\":\"ImageObject\",\"inLanguage\":\"fr-FR\",\"@id\":\"https:\\\/\\\/secure.gravatar.com\\\/avatar\\\/b2a6f664a3ae8e074346ef91775736c5ec479e637ecced6842de9dc98b5da9cd?s=96&d=mm&r=g\",\"url\":\"https:\\\/\\\/secure.gravatar.com\\\/avatar\\\/b2a6f664a3ae8e074346ef91775736c5ec479e637ecced6842de9dc98b5da9cd?s=96&d=mm&r=g\",\"contentUrl\":\"https:\\\/\\\/secure.gravatar.com\\\/avatar\\\/b2a6f664a3ae8e074346ef91775736c5ec479e637ecced6842de9dc98b5da9cd?s=96&d=mm&r=g\",\"caption\":\"ccortez\"},\"url\":\"https:\\\/\\\/www.uartes.edu.ec\\\/sitio\\\/fr\\\/blog\\\/author\\\/ccortez\\\/\"}]}<\/script>\n<!-- \/ Yoast SEO plugin. -->","yoast_head_json":{"title":"Universidad de las Artes - Por primera vez, la Universidad de las Artes inicia el proceso de promoci\u00f3n de su personal acad\u00e9mico titular","description":"Universidad de las Artes - Por primera vez, la Universidad de las Artes inicia el proceso de promoci\u00f3n de su personal acad\u00e9mico titular","robots":{"index":"index","follow":"follow","max-snippet":"max-snippet:-1","max-image-preview":"max-image-preview:large","max-video-preview":"max-video-preview:-1"},"canonical":"https:\/\/www.uartes.edu.ec\/sitio\/fr\/blog\/2022\/10\/07\/por-primera-vez-la-uartes-inicia-al-proceso-depromocion-de-su-personal-academico-titular\/","og_locale":"fr_FR","og_type":"article","og_title":"Universidad de las Artes - Por primera vez, la Universidad de las Artes inicia el proceso de promoci\u00f3n de su personal acad\u00e9mico titular","og_description":"Universidad de las Artes - Por primera vez, la Universidad de las Artes inicia el proceso de promoci\u00f3n de su personal acad\u00e9mico titular","og_url":"https:\/\/www.uartes.edu.ec\/sitio\/fr\/blog\/2022\/10\/07\/por-primera-vez-la-uartes-inicia-al-proceso-depromocion-de-su-personal-academico-titular\/","og_site_name":"Universidad de las Artes","article_publisher":"https:\/\/www.facebook.com\/uartesec","article_published_time":"2022-10-07T14:56:29+00:00","article_modified_time":"2024-07-04T16:22:52+00:00","og_image":[{"width":2000,"height":1333,"url":"https:\/\/www.uartes.edu.ec\/sitio\/wp-content\/uploads\/2022\/10\/PERSONAL-ACADE\u0301MICO-TIRULAR.jpg","type":"image\/jpeg"}],"author":"ccortez","twitter_card":"summary_large_image","twitter_creator":"@uartesec","twitter_site":"@uartesec","twitter_misc":{"\u00c9crit par":"ccortez","Dur\u00e9e de lecture estim\u00e9e":"2 minutes"},"schema":{"@context":"https:\/\/schema.org","@graph":[{"@type":"Article","@id":"https:\/\/www.uartes.edu.ec\/sitio\/fr\/blog\/2022\/10\/07\/por-primera-vez-la-uartes-inicia-al-proceso-depromocion-de-su-personal-academico-titular\/#article","isPartOf":{"@id":"https:\/\/www.uartes.edu.ec\/sitio\/fr\/blog\/2022\/10\/07\/por-primera-vez-la-uartes-inicia-al-proceso-depromocion-de-su-personal-academico-titular\/"},"author":{"name":"ccortez","@id":"https:\/\/www.uartes.edu.ec\/sitio\/fr\/#\/schema\/person\/efa1b8275797664fd7f13a79ccc0b1f4"},"headline":"Por primera vez, la Universidad de las Artes inicia el proceso de promoci\u00f3n de su personal acad\u00e9mico titular","datePublished":"2022-10-07T14:56:29+00:00","dateModified":"2024-07-04T16:22:52+00:00","mainEntityOfPage":{"@id":"https:\/\/www.uartes.edu.ec\/sitio\/fr\/blog\/2022\/10\/07\/por-primera-vez-la-uartes-inicia-al-proceso-depromocion-de-su-personal-academico-titular\/"},"wordCount":337,"commentCount":0,"publisher":{"@id":"https:\/\/www.uartes.edu.ec\/sitio\/fr\/#organization"},"image":{"@id":"https:\/\/www.uartes.edu.ec\/sitio\/fr\/blog\/2022\/10\/07\/por-primera-vez-la-uartes-inicia-al-proceso-depromocion-de-su-personal-academico-titular\/#primaryimage"},"thumbnailUrl":"https:\/\/www.uartes.edu.ec\/sitio\/wp-content\/uploads\/2022\/10\/PERSONAL-ACADE\u0301MICO-TIRULAR.jpg","keywords":["promoci\u00f3n"],"articleSection":["1A","Acad\u00e9mico","Docentes"],"inLanguage":"fr-FR","potentialAction":[{"@type":"CommentAction","name":"Comment","target":["https:\/\/www.uartes.edu.ec\/sitio\/fr\/blog\/2022\/10\/07\/por-primera-vez-la-uartes-inicia-al-proceso-depromocion-de-su-personal-academico-titular\/#respond"]}]},{"@type":["WebPage","ItemPage"],"@id":"https:\/\/www.uartes.edu.ec\/sitio\/fr\/blog\/2022\/10\/07\/por-primera-vez-la-uartes-inicia-al-proceso-depromocion-de-su-personal-academico-titular\/","url":"https:\/\/www.uartes.edu.ec\/sitio\/fr\/blog\/2022\/10\/07\/por-primera-vez-la-uartes-inicia-al-proceso-depromocion-de-su-personal-academico-titular\/","name":"Universidad de las Artes - Por primera vez, la Universidad de las Artes inicia el proceso de promoci\u00f3n de su personal acad\u00e9mico titular","isPartOf":{"@id":"https:\/\/www.uartes.edu.ec\/sitio\/fr\/#website"},"primaryImageOfPage":{"@id":"https:\/\/www.uartes.edu.ec\/sitio\/fr\/blog\/2022\/10\/07\/por-primera-vez-la-uartes-inicia-al-proceso-depromocion-de-su-personal-academico-titular\/#primaryimage"},"image":{"@id":"https:\/\/www.uartes.edu.ec\/sitio\/fr\/blog\/2022\/10\/07\/por-primera-vez-la-uartes-inicia-al-proceso-depromocion-de-su-personal-academico-titular\/#primaryimage"},"thumbnailUrl":"https:\/\/www.uartes.edu.ec\/sitio\/wp-content\/uploads\/2022\/10\/PERSONAL-ACADE\u0301MICO-TIRULAR.jpg","datePublished":"2022-10-07T14:56:29+00:00","dateModified":"2024-07-04T16:22:52+00:00","description":"Universidad de las Artes - Por primera vez, la Universidad de las Artes inicia el proceso de promoci\u00f3n de su personal acad\u00e9mico titular","breadcrumb":{"@id":"https:\/\/www.uartes.edu.ec\/sitio\/fr\/blog\/2022\/10\/07\/por-primera-vez-la-uartes-inicia-al-proceso-depromocion-de-su-personal-academico-titular\/#breadcrumb"},"inLanguage":"fr-FR","potentialAction":[{"@type":"ReadAction","target":["https:\/\/www.uartes.edu.ec\/sitio\/fr\/blog\/2022\/10\/07\/por-primera-vez-la-uartes-inicia-al-proceso-depromocion-de-su-personal-academico-titular\/"]}]},{"@type":"ImageObject","inLanguage":"fr-FR","@id":"https:\/\/www.uartes.edu.ec\/sitio\/fr\/blog\/2022\/10\/07\/por-primera-vez-la-uartes-inicia-al-proceso-depromocion-de-su-personal-academico-titular\/#primaryimage","url":"https:\/\/www.uartes.edu.ec\/sitio\/wp-content\/uploads\/2022\/10\/PERSONAL-ACADE\u0301MICO-TIRULAR.jpg","contentUrl":"https:\/\/www.uartes.edu.ec\/sitio\/wp-content\/uploads\/2022\/10\/PERSONAL-ACADE\u0301MICO-TIRULAR.jpg","width":2000,"height":1333},{"@type":"BreadcrumbList","@id":"https:\/\/www.uartes.edu.ec\/sitio\/fr\/blog\/2022\/10\/07\/por-primera-vez-la-uartes-inicia-al-proceso-depromocion-de-su-personal-academico-titular\/#breadcrumb","itemListElement":[{"@type":"ListItem","position":1,"name":"Inicio","item":"https:\/\/www.uartes.edu.ec\/sitio\/"},{"@type":"ListItem","position":2,"name":"Por primera vez, la Universidad de las Artes inicia el proceso de promoci\u00f3n de su personal acad\u00e9mico titular"}]},{"@type":"WebSite","@id":"https:\/\/www.uartes.edu.ec\/sitio\/fr\/#website","url":"https:\/\/www.uartes.edu.ec\/sitio\/fr\/","name":"Universidad de las Artes","description":"Sitio oficial de la Universidad Nacional de las Artes del Ecuador","publisher":{"@id":"https:\/\/www.uartes.edu.ec\/sitio\/fr\/#organization"},"potentialAction":[{"@type":"SearchAction","target":{"@type":"EntryPoint","urlTemplate":"https:\/\/www.uartes.edu.ec\/sitio\/fr\/?s={search_term_string}"},"query-input":{"@type":"PropertyValueSpecification","valueRequired":true,"valueName":"search_term_string"}}],"inLanguage":"fr-FR"},{"@type":"Organization","@id":"https:\/\/www.uartes.edu.ec\/sitio\/fr\/#organization","name":"Universidad de las Artes","url":"https:\/\/www.uartes.edu.ec\/sitio\/fr\/","logo":{"@type":"ImageObject","inLanguage":"fr-FR","@id":"https:\/\/www.uartes.edu.ec\/sitio\/fr\/#\/schema\/logo\/image\/","url":"https:\/\/www.uartes.edu.ec\/sitio\/wp-content\/uploads\/2022\/07\/logo-ua-horizontal.png","contentUrl":"https:\/\/www.uartes.edu.ec\/sitio\/wp-content\/uploads\/2022\/07\/logo-ua-horizontal.png","width":800,"height":276,"caption":"Universidad de las Artes"},"image":{"@id":"https:\/\/www.uartes.edu.ec\/sitio\/fr\/#\/schema\/logo\/image\/"},"sameAs":["https:\/\/www.facebook.com\/uartesec","https:\/\/x.com\/uartesec","https:\/\/www.tiktok.com\/@uartesec"]},{"@type":"Person","@id":"https:\/\/www.uartes.edu.ec\/sitio\/fr\/#\/schema\/person\/efa1b8275797664fd7f13a79ccc0b1f4","name":"ccortez","image":{"@type":"ImageObject","inLanguage":"fr-FR","@id":"https:\/\/secure.gravatar.com\/avatar\/b2a6f664a3ae8e074346ef91775736c5ec479e637ecced6842de9dc98b5da9cd?s=96&d=mm&r=g","url":"https:\/\/secure.gravatar.com\/avatar\/b2a6f664a3ae8e074346ef91775736c5ec479e637ecced6842de9dc98b5da9cd?s=96&d=mm&r=g","contentUrl":"https:\/\/secure.gravatar.com\/avatar\/b2a6f664a3ae8e074346ef91775736c5ec479e637ecced6842de9dc98b5da9cd?s=96&d=mm&r=g","caption":"ccortez"},"url":"https:\/\/www.uartes.edu.ec\/sitio\/fr\/blog\/author\/ccortez\/"}]}},"uagb_featured_image_src":{"full":["https:\/\/www.uartes.edu.ec\/sitio\/wp-content\/uploads\/2022\/10\/PERSONAL-ACADE\u0301MICO-TIRULAR.jpg",2000,1333,false],"thumbnail":["https:\/\/www.uartes.edu.ec\/sitio\/wp-content\/uploads\/2022\/10\/PERSONAL-ACADE\u0301MICO-TIRULAR-150x150.jpg",150,150,true],"medium":["https:\/\/www.uartes.edu.ec\/sitio\/wp-content\/uploads\/2022\/10\/PERSONAL-ACADE\u0301MICO-TIRULAR-300x200.jpg",300,200,true],"medium_large":["https:\/\/www.uartes.edu.ec\/sitio\/wp-content\/uploads\/2022\/10\/PERSONAL-ACADE\u0301MICO-TIRULAR-768x512.jpg",768,512,true],"large":["https:\/\/www.uartes.edu.ec\/sitio\/wp-content\/uploads\/2022\/10\/PERSONAL-ACADE\u0301MICO-TIRULAR-644x429.jpg",644,429,true],"1536x1536":["https:\/\/www.uartes.edu.ec\/sitio\/wp-content\/uploads\/2022\/10\/PERSONAL-ACADE\u0301MICO-TIRULAR-1536x1024.jpg",1536,1024,true],"2048x2048":["https:\/\/www.uartes.edu.ec\/sitio\/wp-content\/uploads\/2022\/10\/PERSONAL-ACADE\u0301MICO-TIRULAR.jpg",2000,1333,false],"trp-custom-language-flag":["https:\/\/www.uartes.edu.ec\/sitio\/wp-content\/uploads\/2022\/10\/PERSONAL-ACADE\u0301MICO-TIRULAR.jpg",18,12,false],"htmega_size_585x295":["https:\/\/www.uartes.edu.ec\/sitio\/wp-content\/uploads\/2022\/10\/PERSONAL-ACADE\u0301MICO-TIRULAR.jpg",443,295,false],"htmega_size_1170x536":["https:\/\/www.uartes.edu.ec\/sitio\/wp-content\/uploads\/2022\/10\/PERSONAL-ACADE\u0301MICO-TIRULAR.jpg",804,536,false],"htmega_size_396x360":["https:\/\/www.uartes.edu.ec\/sitio\/wp-content\/uploads\/2022\/10\/PERSONAL-ACADE\u0301MICO-TIRULAR.jpg",396,264,false],"gb-block-post-grid-landscape":["https:\/\/www.uartes.edu.ec\/sitio\/wp-content\/uploads\/2022\/10\/PERSONAL-ACADE\u0301MICO-TIRULAR.jpg",600,400,false],"gb-block-post-grid-square":["https:\/\/www.uartes.edu.ec\/sitio\/wp-content\/uploads\/2022\/10\/PERSONAL-ACADE\u0301MICO-TIRULAR.jpg",600,400,false],"university-hub-thumb":["https:\/\/www.uartes.edu.ec\/sitio\/wp-content\/uploads\/2022\/10\/PERSONAL-ACADE\u0301MICO-TIRULAR-400x267.jpg",400,267,true]},"uagb_author_info":{"display_name":"ccortez","author_link":"https:\/\/www.uartes.edu.ec\/sitio\/fr\/blog\/author\/ccortez\/"},"uagb_comment_info":0,"uagb_excerpt":"El Vicerrectorado Acad\u00e9mico de la UArtes, con varias unidades administrativas y acad\u00e9micas, dio inicio este 4 de octubre a la convocatoria para el proceso de promoci\u00f3n del personal acad\u00e9mico titular. Hist\u00f3rico para nuestra IES porque es la primera vez en que se logra gestionar el escalafonamiento y porque hace referencia al reconocimiento del personal acad\u00e9mico\u2026","featured_image_src":"https:\/\/www.uartes.edu.ec\/sitio\/wp-content\/uploads\/2022\/10\/PERSONAL-ACADE\u0301MICO-TIRULAR.jpg","featured_image_src_square":"https:\/\/www.uartes.edu.ec\/sitio\/wp-content\/uploads\/2022\/10\/PERSONAL-ACADE\u0301MICO-TIRULAR.jpg","author_info":{"display_name":"ccortez","author_link":"https:\/\/www.uartes.edu.ec\/sitio\/fr\/blog\/author\/ccortez\/"},"publishpress_future_workflow_manual_trigger":{"enabledWorkflows":[]},"distributor_meta":false,"distributor_terms":false,"distributor_media":false,"distributor_original_site_name":"Universidad de las Artes","distributor_original_site_url":"https:\/\/www.uartes.edu.ec\/sitio\/fr","push-errors":false,"_links":{"self":[{"href":"https:\/\/www.uartes.edu.ec\/sitio\/fr\/wp-json\/wp\/v2\/posts\/28712","targetHints":{"allow":["GET"]}}],"collection":[{"href":"https:\/\/www.uartes.edu.ec\/sitio\/fr\/wp-json\/wp\/v2\/posts"}],"about":[{"href":"https:\/\/www.uartes.edu.ec\/sitio\/fr\/wp-json\/wp\/v2\/types\/post"}],"author":[{"embeddable":true,"href":"https:\/\/www.uartes.edu.ec\/sitio\/fr\/wp-json\/wp\/v2\/users\/10"}],"replies":[{"embeddable":true,"href":"https:\/\/www.uartes.edu.ec\/sitio\/fr\/wp-json\/wp\/v2\/comments?post=28712"}],"version-history":[{"count":12,"href":"https:\/\/www.uartes.edu.ec\/sitio\/fr\/wp-json\/wp\/v2\/posts\/28712\/revisions"}],"predecessor-version":[{"id":28783,"href":"https:\/\/www.uartes.edu.ec\/sitio\/fr\/wp-json\/wp\/v2\/posts\/28712\/revisions\/28783"}],"wp:featuredmedia":[{"embeddable":true,"href":"https:\/\/www.uartes.edu.ec\/sitio\/fr\/wp-json\/wp\/v2\/media\/29419"}],"wp:attachment":[{"href":"https:\/\/www.uartes.edu.ec\/sitio\/fr\/wp-json\/wp\/v2\/media?parent=28712"}],"wp:term":[{"taxonomy":"category","embeddable":true,"href":"https:\/\/www.uartes.edu.ec\/sitio\/fr\/wp-json\/wp\/v2\/categories?post=28712"},{"taxonomy":"post_tag","embeddable":true,"href":"https:\/\/www.uartes.edu.ec\/sitio\/fr\/wp-json\/wp\/v2\/tags?post=28712"},{"taxonomy":"infouartes","embeddable":true,"href":"https:\/\/www.uartes.edu.ec\/sitio\/fr\/wp-json\/wp\/v2\/infouartes?post=28712"}],"curies":[{"name":"wp","href":"https:\/\/api.w.org\/{rel}","templated":true}]}}