{"id":28848,"date":"2022-10-07T17:40:00","date_gmt":"2022-10-07T22:40:00","guid":{"rendered":"http:\/\/www.uartes.edu.ec\/sitio\/?p=28848"},"modified":"2024-07-04T11:22:51","modified_gmt":"2024-07-04T16:22:51","slug":"alumnos-de-la-espol-que-estudian-asignaturas-en-la-uartes-por-programa-de-intercambio-recorrieron-nuestros-espacios","status":"publish","type":"post","link":"https:\/\/www.uartes.edu.ec\/sitio\/fr\/blog\/2022\/10\/07\/alumnos-de-la-espol-que-estudian-asignaturas-en-la-uartes-por-programa-de-intercambio-recorrieron-nuestros-espacios\/","title":{"rendered":"Un recorrido con los alumnos de la Espol que cursan asignaturas en la UArtes por programa de intercambio"},"content":{"rendered":"<p>Isabela Vill\u00f3n y Bryan Asqui son dos de los alumnos de la Escuela Superior Polit\u00e9cnica del Litoral (Espol) que respondieron a la convocatoria del programa de intercambio \u201cMovilidad por las Ciencias y el Arte\u201d propuesta por la Universidad de las Artes y la instituci\u00f3n donde cursan la carrera de Producci\u00f3n de Medios de Comunicaci\u00f3n, para que sus respectivas comunidades estudiantiles pudieran tomar asignaturas de forma gratuita y homologarlas.<\/p>\n\n\n\n<p>En la UArtes, Vill\u00f3n y Asqui est\u00e1n desde el pasado 7 de octubre, recibiendo ella clases de Problemas contempor\u00e1neos del arte y Laboratorio de artes y ciencias, y \u00e9l, las materias Taller para la comunidad y Laboratorio Interdisciplinario. En el primer viernes de estudio para ambos en nuestra universidad, pues vendr\u00e1n una vez por semana, realizaron un recorrido por los pabellones Araceli Gilbert y Pablo Palacio \u2013en la Gobernaci\u00f3n\u2013, la Biblioteca de las Artes y el Centro de Producci\u00f3n e Innovaci\u00f3n MZ14.<\/p>\n\n\n\n<p>La secretaria acad\u00e9mica de la UArtes, Mar\u00eda Jos\u00e9 Bustos, fue quien les hizo la inducci\u00f3n. El encuentro se dio en el campus centro y tras la bienvenida acudieron a la DAESCU (Direcci\u00f3n de Asuntos Estudiantiles y Comunidad Universitaria) y desde all\u00ed se desplazaron por las salas de edici\u00f3n, de grabaci\u00f3n, de esamblaje, de pr\u00e1ctica y experimentaci\u00f3n sonora, las cabinas, los estudios de grabaci\u00f3n, los espacios expositivos\u2026<\/p>\n\n\n\n<p>Asqui y Vill\u00f3n se manifestaron sorprendidos por el equipamiento y la infraestructura de la UArtes, lo cual comentaban entre ellos y con John Pilataxi, tambi\u00e9n estudiante de la Espol, quien dijo no hab\u00eda alcanzado a inscribirse en el programa de intercambio, pero decidi\u00f3 venir con sus compa\u00f1eros para conocer la universidad. Su intenci\u00f3n era ver c\u00f3mo sumarse a la iniciativa, pues ingresar a nuestra instituci\u00f3n de educaci\u00f3n superior fue su primera intenci\u00f3n, mas ya hab\u00eda iniciado el proceso de matriculaci\u00f3n en la Escuela Superior Polit\u00e9cnica y por ello desisti\u00f3.<\/p>\n\n\n<div class=\"wp-block-image\">\n<figure class=\"aligncenter size-large\"><img fetchpriority=\"high\" decoding=\"async\" width=\"644\" height=\"429\" src=\"http:\/\/www.uartes.edu.ec\/sitio\/wp-content\/uploads\/2022\/10\/03-ESTUDIANTES-ESPOL-UARTES-644x429.jpg\" alt=\"\" class=\"wp-image-28850\" srcset=\"https:\/\/www.uartes.edu.ec\/sitio\/wp-content\/uploads\/2022\/10\/03-ESTUDIANTES-ESPOL-UARTES-644x429.jpg 644w, https:\/\/www.uartes.edu.ec\/sitio\/wp-content\/uploads\/2022\/10\/03-ESTUDIANTES-ESPOL-UARTES-300x200.jpg 300w, https:\/\/www.uartes.edu.ec\/sitio\/wp-content\/uploads\/2022\/10\/03-ESTUDIANTES-ESPOL-UARTES-768x512.jpg 768w, https:\/\/www.uartes.edu.ec\/sitio\/wp-content\/uploads\/2022\/10\/03-ESTUDIANTES-ESPOL-UARTES-1536x1024.jpg 1536w, https:\/\/www.uartes.edu.ec\/sitio\/wp-content\/uploads\/2022\/10\/03-ESTUDIANTES-ESPOL-UARTES-600x400.jpg 600w, https:\/\/www.uartes.edu.ec\/sitio\/wp-content\/uploads\/2022\/10\/03-ESTUDIANTES-ESPOL-UARTES-400x267.jpg 400w, https:\/\/www.uartes.edu.ec\/sitio\/wp-content\/uploads\/2022\/10\/03-ESTUDIANTES-ESPOL-UARTES-272x182.jpg 272w, https:\/\/www.uartes.edu.ec\/sitio\/wp-content\/uploads\/2022\/10\/03-ESTUDIANTES-ESPOL-UARTES.jpg 2000w\" sizes=\"(max-width: 644px) 100vw, 644px\" \/><\/figure>\n<\/div>\n\n\n<p>Compa\u00f1ero de Asqui y Vill\u00f3n en la Facultad de Artes y Comunicaci\u00f3n Audiovisual de la Espol, Pilataxi a\u00f1adi\u00f3 estar interesado en la asignatura de Laboratorio de Arte y Ciencias, que hab\u00eda visto la oferta acad\u00e9mica de la UArtes y quiere estudiar Cine.&nbsp;<\/p>\n\n\n\n<p>Durante el recorrido por las instalaciones UArtes, Asqui cont\u00f3 que al enterarse del programa de intercambio se propuso venir para incrementar conocimientos, conocer la universidad y a su comunidad de docentes y estudiantes. Refiri\u00f3 que el ambiente en la Espol era un poco m\u00e1s tenso, \u201cquiz\u00e1s porque vemos materias de ciencias exactas\u201d. En nuestra instituci\u00f3n, en cambio, hall\u00f3 mayor frescura, propia de la libertad creativa. \u201cVemos matem\u00e1ticas, estad\u00edsticas, programaci\u00f3n, emprendimiento\u2026\u201d, indic\u00f3 por su parte Vill\u00f3n, coincidiendo en que aqu\u00ed sent\u00eda menos tensi\u00f3n.<\/p>\n\n\n\n<p>Cabe anotar que el programa de intercambio de estudiantes se da en el marco del convenio de cooperaci\u00f3n interinstitucional suscrito entre UArtes y Espol para aunar esfuerzos en acciones conjuntas en temas de inter\u00e9s rec\u00edproco, en las \u00e1reas de docencia, investigaci\u00f3n, innovaci\u00f3n, vinculaci\u00f3n con la colectividad, asistencia t\u00e9cnica, administrativa, acad\u00e9mica y capacitaci\u00f3n profesional.<\/p>\n\n\n\n<p>Las materias que la UArtes ofrece a Espol son: Historia y Teor\u00eda de las Artes I, Laboratorio de Arte y Tecnolog\u00eda, Est\u00e9tica y Filosof\u00eda de las Artes, Laboratorio en la Comunidad, Laboratorio Interdisciplinario, Debates sobre artes, feminismo y g\u00e9neros, Ciudad, espacio p\u00fablico y Pr\u00e1cticas art\u00edsticas, Ecolog\u00eda y artes, Narrativas audiovisuales, Patrimonio, Luz, color y video, Gesti\u00f3n de bienes culturales, Museolog\u00eda cr\u00edtica y Direcci\u00f3n de fotograf\u00eda.<\/p>\n\n\n\n<p>Y las materias que la Espol ofrece a la UArtes son: Sociolog\u00eda, Historia del Dise\u00f1o Industrial, Teor\u00eda del Dise\u00f1o, Dibujo I, Dibujo II, Dise\u00f1o Digital, Antropolog\u00eda Nutricional, Ciencias de la Sostenibilidad, Emprendimiento e Innovaci\u00f3n, Dise\u00f1o de Producto I, Taller de Dise\u00f1o I, Dise\u00f1o Digital, Dise\u00f1o de Producci\u00f3n, Redacci\u00f3n Creativa, Animaci\u00f3n I, Animaci\u00f3n II, Direcci\u00f3n Audiovisual, Taller de Ilustraci\u00f3n, Fotograf\u00eda Digital y Antropolog\u00eda del Dise\u00f1o.<\/p>","protected":false},"excerpt":{"rendered":"<p>Isabela Vill\u00f3n y Bryan Asqui son dos de los alumnos de la Espol inscritos en \u201cMovilidad por las Ciencias y el Arte\u201d, programa de intercambio de la UArtes y la instituci\u00f3n donde cursan Producci\u00f3n de Medios de Comunicaci\u00f3n, para que sus comunidades puedan tomar asignaturas y homologarlas. La secretaria acad\u00e9mica Mar\u00eda Jos\u00e9 Bustos les hizo una inducci\u00f3n; con ellos John Pilataxi, tambi\u00e9n de la Espol.<\/p>","protected":false},"author":10,"featured_media":44305,"comment_status":"open","ping_status":"open","sticky":false,"template":"","format":"standard","meta":{"_acf_changed":false,"_uag_custom_page_level_css":"","_monsterinsights_skip_tracking":false,"_monsterinsights_sitenote_active":false,"_monsterinsights_sitenote_note":"","_monsterinsights_sitenote_category":0,"cybocfi_hide_featured_image":"","footnotes":""},"categories":[714,76,77,83,79],"tags":[],"infouartes":[],"class_list":["post-28848","post","type-post","status-publish","format-standard","has-post-thumbnail","hentry","category-2b","category-estudiantes","category-gestion","category-sedes","category-vinculo"],"acf":[],"yoast_head":"<!-- This site is optimized with the Yoast SEO plugin v27.4 - https:\/\/yoast.com\/product\/yoast-seo-wordpress\/ -->\n<title>Universidad de las Artes - Un recorrido con los alumnos de la Espol que cursan asignaturas en la UArtes por programa de intercambio<\/title>\n<meta name=\"description\" content=\"Universidad de las Artes - Un recorrido con los alumnos de la Espol que cursan asignaturas en la UArtes por programa de intercambio\" \/>\n<meta name=\"robots\" content=\"index, follow, max-snippet:-1, max-image-preview:large, max-video-preview:-1\" \/>\n<link rel=\"canonical\" href=\"https:\/\/www.uartes.edu.ec\/sitio\/fr\/blog\/2022\/10\/07\/alumnos-de-la-espol-que-estudian-asignaturas-en-la-uartes-por-programa-de-intercambio-recorrieron-nuestros-espacios\/\" \/>\n<meta property=\"og:locale\" content=\"fr_FR\" \/>\n<meta property=\"og:type\" content=\"article\" \/>\n<meta property=\"og:title\" content=\"Universidad de las Artes - Un recorrido con los alumnos de la Espol que cursan asignaturas en la UArtes por programa de intercambio\" \/>\n<meta property=\"og:description\" content=\"Universidad de las Artes - Un recorrido con los alumnos de la Espol que cursan asignaturas en la UArtes por programa de intercambio\" \/>\n<meta property=\"og:url\" content=\"https:\/\/www.uartes.edu.ec\/sitio\/fr\/blog\/2022\/10\/07\/alumnos-de-la-espol-que-estudian-asignaturas-en-la-uartes-por-programa-de-intercambio-recorrieron-nuestros-espacios\/\" \/>\n<meta property=\"og:site_name\" content=\"Universidad de las Artes\" \/>\n<meta property=\"article:publisher\" content=\"https:\/\/www.facebook.com\/uartesec\" \/>\n<meta property=\"article:published_time\" content=\"2022-10-07T22:40:00+00:00\" \/>\n<meta property=\"article:modified_time\" content=\"2024-07-04T16:22:51+00:00\" \/>\n<meta property=\"og:image\" content=\"https:\/\/www.uartes.edu.ec\/sitio\/wp-content\/uploads\/2022\/10\/esp.jpg\" \/>\n\t<meta property=\"og:image:width\" content=\"2000\" \/>\n\t<meta property=\"og:image:height\" content=\"1333\" \/>\n\t<meta property=\"og:image:type\" content=\"image\/jpeg\" \/>\n<meta name=\"author\" content=\"ccortez\" \/>\n<meta name=\"twitter:card\" content=\"summary_large_image\" \/>\n<meta name=\"twitter:creator\" content=\"@uartesec\" \/>\n<meta name=\"twitter:site\" content=\"@uartesec\" \/>\n<meta name=\"twitter:label1\" content=\"\u00c9crit par\" \/>\n\t<meta name=\"twitter:data1\" content=\"ccortez\" \/>\n\t<meta name=\"twitter:label2\" content=\"Dur\u00e9e de lecture estim\u00e9e\" \/>\n\t<meta name=\"twitter:data2\" content=\"4 minutes\" \/>\n<script type=\"application\/ld+json\" class=\"yoast-schema-graph\">{\"@context\":\"https:\\\/\\\/schema.org\",\"@graph\":[{\"@type\":\"Article\",\"@id\":\"https:\\\/\\\/www.uartes.edu.ec\\\/sitio\\\/fr\\\/blog\\\/2022\\\/10\\\/07\\\/alumnos-de-la-espol-que-estudian-asignaturas-en-la-uartes-por-programa-de-intercambio-recorrieron-nuestros-espacios\\\/#article\",\"isPartOf\":{\"@id\":\"https:\\\/\\\/www.uartes.edu.ec\\\/sitio\\\/fr\\\/blog\\\/2022\\\/10\\\/07\\\/alumnos-de-la-espol-que-estudian-asignaturas-en-la-uartes-por-programa-de-intercambio-recorrieron-nuestros-espacios\\\/\"},\"author\":{\"name\":\"ccortez\",\"@id\":\"https:\\\/\\\/www.uartes.edu.ec\\\/sitio\\\/fr\\\/#\\\/schema\\\/person\\\/efa1b8275797664fd7f13a79ccc0b1f4\"},\"headline\":\"Un recorrido con los alumnos de la Espol que cursan asignaturas en la UArtes por programa de intercambio\",\"datePublished\":\"2022-10-07T22:40:00+00:00\",\"dateModified\":\"2024-07-04T16:22:51+00:00\",\"mainEntityOfPage\":{\"@id\":\"https:\\\/\\\/www.uartes.edu.ec\\\/sitio\\\/fr\\\/blog\\\/2022\\\/10\\\/07\\\/alumnos-de-la-espol-que-estudian-asignaturas-en-la-uartes-por-programa-de-intercambio-recorrieron-nuestros-espacios\\\/\"},\"wordCount\":720,\"commentCount\":0,\"publisher\":{\"@id\":\"https:\\\/\\\/www.uartes.edu.ec\\\/sitio\\\/fr\\\/#organization\"},\"image\":{\"@id\":\"https:\\\/\\\/www.uartes.edu.ec\\\/sitio\\\/fr\\\/blog\\\/2022\\\/10\\\/07\\\/alumnos-de-la-espol-que-estudian-asignaturas-en-la-uartes-por-programa-de-intercambio-recorrieron-nuestros-espacios\\\/#primaryimage\"},\"thumbnailUrl\":\"https:\\\/\\\/www.uartes.edu.ec\\\/sitio\\\/wp-content\\\/uploads\\\/2022\\\/10\\\/esp.jpg\",\"articleSection\":[\"2B\",\"Estudiantes\",\"Gesti\u00f3n\",\"Sedes\",\"V\u00ednculo\"],\"inLanguage\":\"fr-FR\",\"potentialAction\":[{\"@type\":\"CommentAction\",\"name\":\"Comment\",\"target\":[\"https:\\\/\\\/www.uartes.edu.ec\\\/sitio\\\/fr\\\/blog\\\/2022\\\/10\\\/07\\\/alumnos-de-la-espol-que-estudian-asignaturas-en-la-uartes-por-programa-de-intercambio-recorrieron-nuestros-espacios\\\/#respond\"]}]},{\"@type\":[\"WebPage\",\"ItemPage\"],\"@id\":\"https:\\\/\\\/www.uartes.edu.ec\\\/sitio\\\/fr\\\/blog\\\/2022\\\/10\\\/07\\\/alumnos-de-la-espol-que-estudian-asignaturas-en-la-uartes-por-programa-de-intercambio-recorrieron-nuestros-espacios\\\/\",\"url\":\"https:\\\/\\\/www.uartes.edu.ec\\\/sitio\\\/fr\\\/blog\\\/2022\\\/10\\\/07\\\/alumnos-de-la-espol-que-estudian-asignaturas-en-la-uartes-por-programa-de-intercambio-recorrieron-nuestros-espacios\\\/\",\"name\":\"Universidad de las Artes - Un recorrido con los alumnos de la Espol que cursan asignaturas en la UArtes por programa de intercambio\",\"isPartOf\":{\"@id\":\"https:\\\/\\\/www.uartes.edu.ec\\\/sitio\\\/fr\\\/#website\"},\"primaryImageOfPage\":{\"@id\":\"https:\\\/\\\/www.uartes.edu.ec\\\/sitio\\\/fr\\\/blog\\\/2022\\\/10\\\/07\\\/alumnos-de-la-espol-que-estudian-asignaturas-en-la-uartes-por-programa-de-intercambio-recorrieron-nuestros-espacios\\\/#primaryimage\"},\"image\":{\"@id\":\"https:\\\/\\\/www.uartes.edu.ec\\\/sitio\\\/fr\\\/blog\\\/2022\\\/10\\\/07\\\/alumnos-de-la-espol-que-estudian-asignaturas-en-la-uartes-por-programa-de-intercambio-recorrieron-nuestros-espacios\\\/#primaryimage\"},\"thumbnailUrl\":\"https:\\\/\\\/www.uartes.edu.ec\\\/sitio\\\/wp-content\\\/uploads\\\/2022\\\/10\\\/esp.jpg\",\"datePublished\":\"2022-10-07T22:40:00+00:00\",\"dateModified\":\"2024-07-04T16:22:51+00:00\",\"description\":\"Universidad de las Artes - Un recorrido con los alumnos de la Espol que cursan asignaturas en la UArtes por programa de intercambio\",\"breadcrumb\":{\"@id\":\"https:\\\/\\\/www.uartes.edu.ec\\\/sitio\\\/fr\\\/blog\\\/2022\\\/10\\\/07\\\/alumnos-de-la-espol-que-estudian-asignaturas-en-la-uartes-por-programa-de-intercambio-recorrieron-nuestros-espacios\\\/#breadcrumb\"},\"inLanguage\":\"fr-FR\",\"potentialAction\":[{\"@type\":\"ReadAction\",\"target\":[\"https:\\\/\\\/www.uartes.edu.ec\\\/sitio\\\/fr\\\/blog\\\/2022\\\/10\\\/07\\\/alumnos-de-la-espol-que-estudian-asignaturas-en-la-uartes-por-programa-de-intercambio-recorrieron-nuestros-espacios\\\/\"]}]},{\"@type\":\"ImageObject\",\"inLanguage\":\"fr-FR\",\"@id\":\"https:\\\/\\\/www.uartes.edu.ec\\\/sitio\\\/fr\\\/blog\\\/2022\\\/10\\\/07\\\/alumnos-de-la-espol-que-estudian-asignaturas-en-la-uartes-por-programa-de-intercambio-recorrieron-nuestros-espacios\\\/#primaryimage\",\"url\":\"https:\\\/\\\/www.uartes.edu.ec\\\/sitio\\\/wp-content\\\/uploads\\\/2022\\\/10\\\/esp.jpg\",\"contentUrl\":\"https:\\\/\\\/www.uartes.edu.ec\\\/sitio\\\/wp-content\\\/uploads\\\/2022\\\/10\\\/esp.jpg\",\"width\":2000,\"height\":1333},{\"@type\":\"BreadcrumbList\",\"@id\":\"https:\\\/\\\/www.uartes.edu.ec\\\/sitio\\\/fr\\\/blog\\\/2022\\\/10\\\/07\\\/alumnos-de-la-espol-que-estudian-asignaturas-en-la-uartes-por-programa-de-intercambio-recorrieron-nuestros-espacios\\\/#breadcrumb\",\"itemListElement\":[{\"@type\":\"ListItem\",\"position\":1,\"name\":\"Inicio\",\"item\":\"https:\\\/\\\/www.uartes.edu.ec\\\/sitio\\\/\"},{\"@type\":\"ListItem\",\"position\":2,\"name\":\"Un recorrido con los alumnos de la Espol que cursan asignaturas en la UArtes por programa de intercambio\"}]},{\"@type\":\"WebSite\",\"@id\":\"https:\\\/\\\/www.uartes.edu.ec\\\/sitio\\\/fr\\\/#website\",\"url\":\"https:\\\/\\\/www.uartes.edu.ec\\\/sitio\\\/fr\\\/\",\"name\":\"Universidad de las Artes\",\"description\":\"Sitio oficial de la Universidad Nacional de las Artes del Ecuador\",\"publisher\":{\"@id\":\"https:\\\/\\\/www.uartes.edu.ec\\\/sitio\\\/fr\\\/#organization\"},\"potentialAction\":[{\"@type\":\"SearchAction\",\"target\":{\"@type\":\"EntryPoint\",\"urlTemplate\":\"https:\\\/\\\/www.uartes.edu.ec\\\/sitio\\\/fr\\\/?s={search_term_string}\"},\"query-input\":{\"@type\":\"PropertyValueSpecification\",\"valueRequired\":true,\"valueName\":\"search_term_string\"}}],\"inLanguage\":\"fr-FR\"},{\"@type\":\"Organization\",\"@id\":\"https:\\\/\\\/www.uartes.edu.ec\\\/sitio\\\/fr\\\/#organization\",\"name\":\"Universidad de las Artes\",\"url\":\"https:\\\/\\\/www.uartes.edu.ec\\\/sitio\\\/fr\\\/\",\"logo\":{\"@type\":\"ImageObject\",\"inLanguage\":\"fr-FR\",\"@id\":\"https:\\\/\\\/www.uartes.edu.ec\\\/sitio\\\/fr\\\/#\\\/schema\\\/logo\\\/image\\\/\",\"url\":\"https:\\\/\\\/www.uartes.edu.ec\\\/sitio\\\/wp-content\\\/uploads\\\/2022\\\/07\\\/logo-ua-horizontal.png\",\"contentUrl\":\"https:\\\/\\\/www.uartes.edu.ec\\\/sitio\\\/wp-content\\\/uploads\\\/2022\\\/07\\\/logo-ua-horizontal.png\",\"width\":800,\"height\":276,\"caption\":\"Universidad de las Artes\"},\"image\":{\"@id\":\"https:\\\/\\\/www.uartes.edu.ec\\\/sitio\\\/fr\\\/#\\\/schema\\\/logo\\\/image\\\/\"},\"sameAs\":[\"https:\\\/\\\/www.facebook.com\\\/uartesec\",\"https:\\\/\\\/x.com\\\/uartesec\",\"https:\\\/\\\/www.tiktok.com\\\/@uartesec\"]},{\"@type\":\"Person\",\"@id\":\"https:\\\/\\\/www.uartes.edu.ec\\\/sitio\\\/fr\\\/#\\\/schema\\\/person\\\/efa1b8275797664fd7f13a79ccc0b1f4\",\"name\":\"ccortez\",\"image\":{\"@type\":\"ImageObject\",\"inLanguage\":\"fr-FR\",\"@id\":\"https:\\\/\\\/secure.gravatar.com\\\/avatar\\\/b2a6f664a3ae8e074346ef91775736c5ec479e637ecced6842de9dc98b5da9cd?s=96&d=mm&r=g\",\"url\":\"https:\\\/\\\/secure.gravatar.com\\\/avatar\\\/b2a6f664a3ae8e074346ef91775736c5ec479e637ecced6842de9dc98b5da9cd?s=96&d=mm&r=g\",\"contentUrl\":\"https:\\\/\\\/secure.gravatar.com\\\/avatar\\\/b2a6f664a3ae8e074346ef91775736c5ec479e637ecced6842de9dc98b5da9cd?s=96&d=mm&r=g\",\"caption\":\"ccortez\"},\"url\":\"https:\\\/\\\/www.uartes.edu.ec\\\/sitio\\\/fr\\\/blog\\\/author\\\/ccortez\\\/\"}]}<\/script>\n<!-- \/ Yoast SEO plugin. -->","yoast_head_json":{"title":"Universidad de las Artes - Un recorrido con los alumnos de la Espol que cursan asignaturas en la UArtes por programa de intercambio","description":"Universidad de las Artes - Un recorrido con los alumnos de la Espol que cursan asignaturas en la UArtes por programa de intercambio","robots":{"index":"index","follow":"follow","max-snippet":"max-snippet:-1","max-image-preview":"max-image-preview:large","max-video-preview":"max-video-preview:-1"},"canonical":"https:\/\/www.uartes.edu.ec\/sitio\/fr\/blog\/2022\/10\/07\/alumnos-de-la-espol-que-estudian-asignaturas-en-la-uartes-por-programa-de-intercambio-recorrieron-nuestros-espacios\/","og_locale":"fr_FR","og_type":"article","og_title":"Universidad de las Artes - Un recorrido con los alumnos de la Espol que cursan asignaturas en la UArtes por programa de intercambio","og_description":"Universidad de las Artes - Un recorrido con los alumnos de la Espol que cursan asignaturas en la UArtes por programa de intercambio","og_url":"https:\/\/www.uartes.edu.ec\/sitio\/fr\/blog\/2022\/10\/07\/alumnos-de-la-espol-que-estudian-asignaturas-en-la-uartes-por-programa-de-intercambio-recorrieron-nuestros-espacios\/","og_site_name":"Universidad de las Artes","article_publisher":"https:\/\/www.facebook.com\/uartesec","article_published_time":"2022-10-07T22:40:00+00:00","article_modified_time":"2024-07-04T16:22:51+00:00","og_image":[{"width":2000,"height":1333,"url":"https:\/\/www.uartes.edu.ec\/sitio\/wp-content\/uploads\/2022\/10\/esp.jpg","type":"image\/jpeg"}],"author":"ccortez","twitter_card":"summary_large_image","twitter_creator":"@uartesec","twitter_site":"@uartesec","twitter_misc":{"\u00c9crit par":"ccortez","Dur\u00e9e de lecture estim\u00e9e":"4 minutes"},"schema":{"@context":"https:\/\/schema.org","@graph":[{"@type":"Article","@id":"https:\/\/www.uartes.edu.ec\/sitio\/fr\/blog\/2022\/10\/07\/alumnos-de-la-espol-que-estudian-asignaturas-en-la-uartes-por-programa-de-intercambio-recorrieron-nuestros-espacios\/#article","isPartOf":{"@id":"https:\/\/www.uartes.edu.ec\/sitio\/fr\/blog\/2022\/10\/07\/alumnos-de-la-espol-que-estudian-asignaturas-en-la-uartes-por-programa-de-intercambio-recorrieron-nuestros-espacios\/"},"author":{"name":"ccortez","@id":"https:\/\/www.uartes.edu.ec\/sitio\/fr\/#\/schema\/person\/efa1b8275797664fd7f13a79ccc0b1f4"},"headline":"Un recorrido con los alumnos de la Espol que cursan asignaturas en la UArtes por programa de intercambio","datePublished":"2022-10-07T22:40:00+00:00","dateModified":"2024-07-04T16:22:51+00:00","mainEntityOfPage":{"@id":"https:\/\/www.uartes.edu.ec\/sitio\/fr\/blog\/2022\/10\/07\/alumnos-de-la-espol-que-estudian-asignaturas-en-la-uartes-por-programa-de-intercambio-recorrieron-nuestros-espacios\/"},"wordCount":720,"commentCount":0,"publisher":{"@id":"https:\/\/www.uartes.edu.ec\/sitio\/fr\/#organization"},"image":{"@id":"https:\/\/www.uartes.edu.ec\/sitio\/fr\/blog\/2022\/10\/07\/alumnos-de-la-espol-que-estudian-asignaturas-en-la-uartes-por-programa-de-intercambio-recorrieron-nuestros-espacios\/#primaryimage"},"thumbnailUrl":"https:\/\/www.uartes.edu.ec\/sitio\/wp-content\/uploads\/2022\/10\/esp.jpg","articleSection":["2B","Estudiantes","Gesti\u00f3n","Sedes","V\u00ednculo"],"inLanguage":"fr-FR","potentialAction":[{"@type":"CommentAction","name":"Comment","target":["https:\/\/www.uartes.edu.ec\/sitio\/fr\/blog\/2022\/10\/07\/alumnos-de-la-espol-que-estudian-asignaturas-en-la-uartes-por-programa-de-intercambio-recorrieron-nuestros-espacios\/#respond"]}]},{"@type":["WebPage","ItemPage"],"@id":"https:\/\/www.uartes.edu.ec\/sitio\/fr\/blog\/2022\/10\/07\/alumnos-de-la-espol-que-estudian-asignaturas-en-la-uartes-por-programa-de-intercambio-recorrieron-nuestros-espacios\/","url":"https:\/\/www.uartes.edu.ec\/sitio\/fr\/blog\/2022\/10\/07\/alumnos-de-la-espol-que-estudian-asignaturas-en-la-uartes-por-programa-de-intercambio-recorrieron-nuestros-espacios\/","name":"Universidad de las Artes - Un recorrido con los alumnos de la Espol que cursan asignaturas en la UArtes por programa de intercambio","isPartOf":{"@id":"https:\/\/www.uartes.edu.ec\/sitio\/fr\/#website"},"primaryImageOfPage":{"@id":"https:\/\/www.uartes.edu.ec\/sitio\/fr\/blog\/2022\/10\/07\/alumnos-de-la-espol-que-estudian-asignaturas-en-la-uartes-por-programa-de-intercambio-recorrieron-nuestros-espacios\/#primaryimage"},"image":{"@id":"https:\/\/www.uartes.edu.ec\/sitio\/fr\/blog\/2022\/10\/07\/alumnos-de-la-espol-que-estudian-asignaturas-en-la-uartes-por-programa-de-intercambio-recorrieron-nuestros-espacios\/#primaryimage"},"thumbnailUrl":"https:\/\/www.uartes.edu.ec\/sitio\/wp-content\/uploads\/2022\/10\/esp.jpg","datePublished":"2022-10-07T22:40:00+00:00","dateModified":"2024-07-04T16:22:51+00:00","description":"Universidad de las Artes - Un recorrido con los alumnos de la Espol que cursan asignaturas en la UArtes por programa de intercambio","breadcrumb":{"@id":"https:\/\/www.uartes.edu.ec\/sitio\/fr\/blog\/2022\/10\/07\/alumnos-de-la-espol-que-estudian-asignaturas-en-la-uartes-por-programa-de-intercambio-recorrieron-nuestros-espacios\/#breadcrumb"},"inLanguage":"fr-FR","potentialAction":[{"@type":"ReadAction","target":["https:\/\/www.uartes.edu.ec\/sitio\/fr\/blog\/2022\/10\/07\/alumnos-de-la-espol-que-estudian-asignaturas-en-la-uartes-por-programa-de-intercambio-recorrieron-nuestros-espacios\/"]}]},{"@type":"ImageObject","inLanguage":"fr-FR","@id":"https:\/\/www.uartes.edu.ec\/sitio\/fr\/blog\/2022\/10\/07\/alumnos-de-la-espol-que-estudian-asignaturas-en-la-uartes-por-programa-de-intercambio-recorrieron-nuestros-espacios\/#primaryimage","url":"https:\/\/www.uartes.edu.ec\/sitio\/wp-content\/uploads\/2022\/10\/esp.jpg","contentUrl":"https:\/\/www.uartes.edu.ec\/sitio\/wp-content\/uploads\/2022\/10\/esp.jpg","width":2000,"height":1333},{"@type":"BreadcrumbList","@id":"https:\/\/www.uartes.edu.ec\/sitio\/fr\/blog\/2022\/10\/07\/alumnos-de-la-espol-que-estudian-asignaturas-en-la-uartes-por-programa-de-intercambio-recorrieron-nuestros-espacios\/#breadcrumb","itemListElement":[{"@type":"ListItem","position":1,"name":"Inicio","item":"https:\/\/www.uartes.edu.ec\/sitio\/"},{"@type":"ListItem","position":2,"name":"Un recorrido con los alumnos de la Espol que cursan asignaturas en la UArtes por programa de intercambio"}]},{"@type":"WebSite","@id":"https:\/\/www.uartes.edu.ec\/sitio\/fr\/#website","url":"https:\/\/www.uartes.edu.ec\/sitio\/fr\/","name":"Universidad de las Artes","description":"Sitio oficial de la Universidad Nacional de las Artes del Ecuador","publisher":{"@id":"https:\/\/www.uartes.edu.ec\/sitio\/fr\/#organization"},"potentialAction":[{"@type":"SearchAction","target":{"@type":"EntryPoint","urlTemplate":"https:\/\/www.uartes.edu.ec\/sitio\/fr\/?s={search_term_string}"},"query-input":{"@type":"PropertyValueSpecification","valueRequired":true,"valueName":"search_term_string"}}],"inLanguage":"fr-FR"},{"@type":"Organization","@id":"https:\/\/www.uartes.edu.ec\/sitio\/fr\/#organization","name":"Universidad de las Artes","url":"https:\/\/www.uartes.edu.ec\/sitio\/fr\/","logo":{"@type":"ImageObject","inLanguage":"fr-FR","@id":"https:\/\/www.uartes.edu.ec\/sitio\/fr\/#\/schema\/logo\/image\/","url":"https:\/\/www.uartes.edu.ec\/sitio\/wp-content\/uploads\/2022\/07\/logo-ua-horizontal.png","contentUrl":"https:\/\/www.uartes.edu.ec\/sitio\/wp-content\/uploads\/2022\/07\/logo-ua-horizontal.png","width":800,"height":276,"caption":"Universidad de las Artes"},"image":{"@id":"https:\/\/www.uartes.edu.ec\/sitio\/fr\/#\/schema\/logo\/image\/"},"sameAs":["https:\/\/www.facebook.com\/uartesec","https:\/\/x.com\/uartesec","https:\/\/www.tiktok.com\/@uartesec"]},{"@type":"Person","@id":"https:\/\/www.uartes.edu.ec\/sitio\/fr\/#\/schema\/person\/efa1b8275797664fd7f13a79ccc0b1f4","name":"ccortez","image":{"@type":"ImageObject","inLanguage":"fr-FR","@id":"https:\/\/secure.gravatar.com\/avatar\/b2a6f664a3ae8e074346ef91775736c5ec479e637ecced6842de9dc98b5da9cd?s=96&d=mm&r=g","url":"https:\/\/secure.gravatar.com\/avatar\/b2a6f664a3ae8e074346ef91775736c5ec479e637ecced6842de9dc98b5da9cd?s=96&d=mm&r=g","contentUrl":"https:\/\/secure.gravatar.com\/avatar\/b2a6f664a3ae8e074346ef91775736c5ec479e637ecced6842de9dc98b5da9cd?s=96&d=mm&r=g","caption":"ccortez"},"url":"https:\/\/www.uartes.edu.ec\/sitio\/fr\/blog\/author\/ccortez\/"}]}},"uagb_featured_image_src":{"full":["https:\/\/www.uartes.edu.ec\/sitio\/wp-content\/uploads\/2022\/10\/esp.jpg",2000,1333,false],"thumbnail":["https:\/\/www.uartes.edu.ec\/sitio\/wp-content\/uploads\/2022\/10\/esp-150x150.jpg",150,150,true],"medium":["https:\/\/www.uartes.edu.ec\/sitio\/wp-content\/uploads\/2022\/10\/esp-300x200.jpg",300,200,true],"medium_large":["https:\/\/www.uartes.edu.ec\/sitio\/wp-content\/uploads\/2022\/10\/esp-768x512.jpg",768,512,true],"large":["https:\/\/www.uartes.edu.ec\/sitio\/wp-content\/uploads\/2022\/10\/esp-644x429.jpg",644,429,true],"1536x1536":["https:\/\/www.uartes.edu.ec\/sitio\/wp-content\/uploads\/2022\/10\/esp-1536x1024.jpg",1536,1024,true],"2048x2048":["https:\/\/www.uartes.edu.ec\/sitio\/wp-content\/uploads\/2022\/10\/esp.jpg",2000,1333,false],"trp-custom-language-flag":["https:\/\/www.uartes.edu.ec\/sitio\/wp-content\/uploads\/2022\/10\/esp.jpg",18,12,false],"htmega_size_585x295":["https:\/\/www.uartes.edu.ec\/sitio\/wp-content\/uploads\/2022\/10\/esp-585x295.jpg",585,295,true],"htmega_size_1170x536":["https:\/\/www.uartes.edu.ec\/sitio\/wp-content\/uploads\/2022\/10\/esp-1170x536.jpg",1170,536,true],"htmega_size_396x360":["https:\/\/www.uartes.edu.ec\/sitio\/wp-content\/uploads\/2022\/10\/esp-396x360.jpg",396,360,true],"gb-block-post-grid-landscape":["https:\/\/www.uartes.edu.ec\/sitio\/wp-content\/uploads\/2022\/10\/esp-600x400.jpg",600,400,true],"gb-block-post-grid-square":["https:\/\/www.uartes.edu.ec\/sitio\/wp-content\/uploads\/2022\/10\/esp-600x600.jpg",600,600,true],"university-hub-thumb":["https:\/\/www.uartes.edu.ec\/sitio\/wp-content\/uploads\/2022\/10\/esp-400x267.jpg",400,267,true],"mailpoet_newsletter_max":["https:\/\/www.uartes.edu.ec\/sitio\/wp-content\/uploads\/2022\/10\/esp.jpg",1320,880,false]},"uagb_author_info":{"display_name":"ccortez","author_link":"https:\/\/www.uartes.edu.ec\/sitio\/fr\/blog\/author\/ccortez\/"},"uagb_comment_info":0,"uagb_excerpt":"Isabela Vill\u00f3n y Bryan Asqui son dos de los alumnos de la Espol inscritos en \u201cMovilidad por las Ciencias y el Arte\u201d, programa de intercambio de la UArtes y la instituci\u00f3n donde cursan Producci\u00f3n de Medios de Comunicaci\u00f3n, para que sus comunidades puedan tomar asignaturas y homologarlas. La secretaria acad\u00e9mica Mar\u00eda Jos\u00e9 Bustos les hizo\u2026","featured_image_src":"https:\/\/www.uartes.edu.ec\/sitio\/wp-content\/uploads\/2022\/10\/esp-600x400.jpg","featured_image_src_square":"https:\/\/www.uartes.edu.ec\/sitio\/wp-content\/uploads\/2022\/10\/esp-600x600.jpg","author_info":{"display_name":"ccortez","author_link":"https:\/\/www.uartes.edu.ec\/sitio\/fr\/blog\/author\/ccortez\/"},"publishpress_future_workflow_manual_trigger":{"enabledWorkflows":[]},"distributor_meta":false,"distributor_terms":false,"distributor_media":false,"distributor_original_site_name":"Universidad de las Artes","distributor_original_site_url":"https:\/\/www.uartes.edu.ec\/sitio\/fr","push-errors":false,"_links":{"self":[{"href":"https:\/\/www.uartes.edu.ec\/sitio\/fr\/wp-json\/wp\/v2\/posts\/28848","targetHints":{"allow":["GET"]}}],"collection":[{"href":"https:\/\/www.uartes.edu.ec\/sitio\/fr\/wp-json\/wp\/v2\/posts"}],"about":[{"href":"https:\/\/www.uartes.edu.ec\/sitio\/fr\/wp-json\/wp\/v2\/types\/post"}],"author":[{"embeddable":true,"href":"https:\/\/www.uartes.edu.ec\/sitio\/fr\/wp-json\/wp\/v2\/users\/10"}],"replies":[{"embeddable":true,"href":"https:\/\/www.uartes.edu.ec\/sitio\/fr\/wp-json\/wp\/v2\/comments?post=28848"}],"version-history":[{"count":14,"href":"https:\/\/www.uartes.edu.ec\/sitio\/fr\/wp-json\/wp\/v2\/posts\/28848\/revisions"}],"predecessor-version":[{"id":28897,"href":"https:\/\/www.uartes.edu.ec\/sitio\/fr\/wp-json\/wp\/v2\/posts\/28848\/revisions\/28897"}],"wp:featuredmedia":[{"embeddable":true,"href":"https:\/\/www.uartes.edu.ec\/sitio\/fr\/wp-json\/wp\/v2\/media\/44305"}],"wp:attachment":[{"href":"https:\/\/www.uartes.edu.ec\/sitio\/fr\/wp-json\/wp\/v2\/media?parent=28848"}],"wp:term":[{"taxonomy":"category","embeddable":true,"href":"https:\/\/www.uartes.edu.ec\/sitio\/fr\/wp-json\/wp\/v2\/categories?post=28848"},{"taxonomy":"post_tag","embeddable":true,"href":"https:\/\/www.uartes.edu.ec\/sitio\/fr\/wp-json\/wp\/v2\/tags?post=28848"},{"taxonomy":"infouartes","embeddable":true,"href":"https:\/\/www.uartes.edu.ec\/sitio\/fr\/wp-json\/wp\/v2\/infouartes?post=28848"}],"curies":[{"name":"wp","href":"https:\/\/api.w.org\/{rel}","templated":true}]}}