{"id":29665,"date":"2022-10-19T14:11:00","date_gmt":"2022-10-19T19:11:00","guid":{"rendered":"http:\/\/www.uartes.edu.ec\/sitio\/?p=29665"},"modified":"2024-07-04T11:22:46","modified_gmt":"2024-07-04T16:22:46","slug":"rondalla-uartes-debuto-en-encuentro-con-la-rondallaguayaquil-y-un-emotivo-repertorio-de-musica-nacional","status":"publish","type":"post","link":"https:\/\/www.uartes.edu.ec\/sitio\/fr\/blog\/2022\/10\/19\/rondalla-uartes-debuto-en-encuentro-con-la-rondallaguayaquil-y-un-emotivo-repertorio-de-musica-nacional\/","title":{"rendered":"Rondalla UArtes debut\u00f3 en encuentro con la Rondalla Guayaquil y brind\u00f3 un emotivo repertorio de m\u00fasica nacional"},"content":{"rendered":"<p>Los pasillos \u201cRomance mi destino\u201d, \u201cAnhelos\u201d, \u201cInvernal\u201d \u201cAcu\u00e9rdate de m\u00ed\u201d y el pasacalle \u201cGuayaquile\u00f1o, madera de guerrero\u201d fue el emotivo repertorio de m\u00fasica nacional que la Rondalla UArtes brind\u00f3 junto con la Rondalla Guayaquil en la inauguraci\u00f3n del 7mo. Encuentro Iberoamericano de Arte, Trabajo y Econom\u00eda, coorganizado por Arte Actual de la FLACSO y la Universidad de las Artes, a trav\u00e9s del Centro de Producci\u00f3n e Innovaci\u00f3n MZ14 y del Instituto Latinoamericano de Investigaci\u00f3n en Artes.<\/p>\n\n\n\n<p>Sucedi\u00f3 este martes 18 de octubre en la Plaza P\u00fablica del MZ14, constituy\u00e9ndose en una intervenci\u00f3n de doble celebraci\u00f3n, pues se inauguraba el encuentro y la Rondalla UArtes, integrada por estudiantes de toda la universidad, debutaba en la escena musical. Ubicados en una parte del balc\u00f3n interno que rodea el primer piso del Centro de Producci\u00f3n e Innovaci\u00f3n, los artistas \u2013ocho guitarristas y cinco cantantes\u2013 hicieron vibrar a los presentes con sus interpretaciones.<\/p>\n\n\n\n<p>En su intervenci\u00f3n, el rector de la UArtes, doctor William Herrera, comparti\u00f3 con la comunidad, los invitados y p\u00fablico en general una rese\u00f1a que el director de la Escuela de Artes Sonoras, Dr. Andrey Astaiza, escribi\u00f3 para la ocasi\u00f3n acerca de nuestra rondalla, su conformaci\u00f3n, lo cual se dio por su iniciativa, y ese compartir de saberes con los m\u00fasicos de la Rondalla Guayaquil.<\/p>\n\n\n<div class=\"wp-block-image\">\n<figure class=\"aligncenter size-large\"><img fetchpriority=\"high\" decoding=\"async\" width=\"644\" height=\"429\" src=\"http:\/\/www.uartes.edu.ec\/sitio\/wp-content\/uploads\/2022\/10\/William-Herrera-NOSOTROS-644x429.jpg\" alt=\"\" class=\"wp-image-29794\" srcset=\"https:\/\/www.uartes.edu.ec\/sitio\/wp-content\/uploads\/2022\/10\/William-Herrera-NOSOTROS-644x429.jpg 644w, https:\/\/www.uartes.edu.ec\/sitio\/wp-content\/uploads\/2022\/10\/William-Herrera-NOSOTROS-768x511.jpg 768w, https:\/\/www.uartes.edu.ec\/sitio\/wp-content\/uploads\/2022\/10\/William-Herrera-NOSOTROS.jpg 2000w, https:\/\/www.uartes.edu.ec\/sitio\/wp-content\/uploads\/2022\/10\/William-Herrera-NOSOTROS-600x399.jpg 600w, https:\/\/www.uartes.edu.ec\/sitio\/wp-content\/uploads\/2022\/10\/William-Herrera-NOSOTROS-272x182.jpg 272w\" sizes=\"(max-width: 644px) 100vw, 644px\" \/><\/figure>\n<\/div>\n\n\n<p>\u201cLa rondalla est\u00e1 formada por m\u00fasicos locales activos en su arte, que transmiten sus conocimientos a nuestros estudiantes en la praxis y la oralidad. El conocimiento musical se da de manera personal y directa entre artista y estudiante. El objeto de estudio es el repertorio de m\u00fasica nacional, que se lo ha ense\u00f1ado de manera oral por varias generaciones. La Escuela de Artes Sonoras y la Universidad de las Artes, de manera general el Centro de Producci\u00f3n e Innovaci\u00f3n MZ14, promueven este tipo de aprendizajes\u201d.<\/p>\n\n\n\n<p>El doctor Herrera concluy\u00f3 la lectura se\u00f1alando que esta es, finalmente, una parte esencial del modelo educativo de la EAS y de la UArtes, conectarnos con la realidad y sus actores. &nbsp;<\/p>\n\n\n\n<p>Cabe indicar que, los arreglos, supervisi\u00f3n y direcci\u00f3n musical de la Rondalla UArtes est\u00e1n a cargo del pianista, compositor, arreglista, director y productor musical ecuatoriano Omar Dom\u00ednguez, docente de la EAS.&nbsp;<\/p>\n\n\n\n<h3 class=\"wp-block-heading\"><strong>Su conformaci\u00f3n, la iniciativa, los prop\u00f3sitos y proyectos<\/strong><\/h3>\n\n\n\n<p>De su creaci\u00f3n y conformaci\u00f3n, \u00e9l se\u00f1ala que a inicios de este 2022 el doctor Astaiza lo convoc\u00f3 para coordinar la integraci\u00f3n de los m\u00fasicos pasilleros profesionales \u2013denominados Lagarteros\u2013 a la Universidad de las Artes. Hubo entonces una reuni\u00f3n entre Pablo Espinoza, m\u00fasico pasillero de amplia trayectoria art\u00edstica y director de la Rondalla Guayaquil, y un grupo de docentes de la UArtes que imparten materias sobre el patrimonio musical del Ecuador, entre ellos el propio director de la EAS, Roberto Moscoso e Ivonne Jerez.<\/p>\n\n\n<div class=\"wp-block-image\">\n<figure class=\"aligncenter size-large\"><img decoding=\"async\" width=\"644\" height=\"429\" src=\"http:\/\/www.uartes.edu.ec\/sitio\/wp-content\/uploads\/2022\/10\/OMAR-RONDALLA-WEB-03-644x429.jpg\" alt=\"\" class=\"wp-image-29681\" srcset=\"https:\/\/www.uartes.edu.ec\/sitio\/wp-content\/uploads\/2022\/10\/OMAR-RONDALLA-WEB-03-644x429.jpg 644w, https:\/\/www.uartes.edu.ec\/sitio\/wp-content\/uploads\/2022\/10\/OMAR-RONDALLA-WEB-03-768x511.jpg 768w, https:\/\/www.uartes.edu.ec\/sitio\/wp-content\/uploads\/2022\/10\/OMAR-RONDALLA-WEB-03.jpg 2000w, https:\/\/www.uartes.edu.ec\/sitio\/wp-content\/uploads\/2022\/10\/OMAR-RONDALLA-WEB-03-600x399.jpg 600w, https:\/\/www.uartes.edu.ec\/sitio\/wp-content\/uploads\/2022\/10\/OMAR-RONDALLA-WEB-03-272x182.jpg 272w\" sizes=\"(max-width: 644px) 100vw, 644px\" \/><\/figure>\n<\/div>\n\n\n<p>En la reuni\u00f3n se acord\u00f3 que la Rondalla Guayaquil, conformada por N\u00e9stor Sell\u00e1n (primera voz), Carlos Guale (primera voz y segunda guitarra), Carlos Gurumendy (requinto y tercera voz), Pablo Espinoza (director musical y segunda guitarra) y Thomas Mor\u00e1n (requinto y tercera voz), contara con un espacio en la UArtes \u201cpara que sea su nueva base o lagartera, como en los tiempos de anta\u00f1o\u201d.<\/p>\n\n\n\n<p>La Escuela de Artes Sonoras, anota Dom\u00ednguez, gestion\u00f3 que los m\u00fasicos ensayaran todos los mi\u00e9rcoles, de 10:00 a 12:30, en el Estudio A ubicado en el MZ14.&nbsp;<\/p>\n\n\n\n<p>\u201cEsta integraci\u00f3n de los m\u00fasicos de la escuela art\u00edstica popular ha permitido que las nuevas generaciones de m\u00fasicos, compositores y cantantes que estudian en la Universidad de las Artes escuchen nuestra m\u00fasica ecuatoriana, conociendo las obras y los estilos musicales, as\u00ed como a nuestros compositores y autores\u201d, expresa Dom\u00ednguez.&nbsp;<\/p>\n\n\n<div class=\"wp-block-image\">\n<figure class=\"aligncenter size-large\"><img decoding=\"async\" width=\"644\" height=\"429\" src=\"http:\/\/www.uartes.edu.ec\/sitio\/wp-content\/uploads\/2022\/10\/OMAR-RONDALLA-WEB-01-644x429.jpg\" alt=\"\" class=\"wp-image-29682\" srcset=\"https:\/\/www.uartes.edu.ec\/sitio\/wp-content\/uploads\/2022\/10\/OMAR-RONDALLA-WEB-01-644x429.jpg 644w, https:\/\/www.uartes.edu.ec\/sitio\/wp-content\/uploads\/2022\/10\/OMAR-RONDALLA-WEB-01-300x200.jpg 300w, https:\/\/www.uartes.edu.ec\/sitio\/wp-content\/uploads\/2022\/10\/OMAR-RONDALLA-WEB-01-768x512.jpg 768w, https:\/\/www.uartes.edu.ec\/sitio\/wp-content\/uploads\/2022\/10\/OMAR-RONDALLA-WEB-01-1536x1024.jpg 1536w, https:\/\/www.uartes.edu.ec\/sitio\/wp-content\/uploads\/2022\/10\/OMAR-RONDALLA-WEB-01-600x400.jpg 600w, https:\/\/www.uartes.edu.ec\/sitio\/wp-content\/uploads\/2022\/10\/OMAR-RONDALLA-WEB-01-400x267.jpg 400w, https:\/\/www.uartes.edu.ec\/sitio\/wp-content\/uploads\/2022\/10\/OMAR-RONDALLA-WEB-01-272x182.jpg 272w, https:\/\/www.uartes.edu.ec\/sitio\/wp-content\/uploads\/2022\/10\/OMAR-RONDALLA-WEB-01.jpg 2000w\" sizes=\"(max-width: 644px) 100vw, 644px\" \/><\/figure>\n<\/div>\n\n\n<p>En septiembre pasado, Astaiza comparti\u00f3 con Dom\u00ednguez la iniciativa de crear la Rondalla UArtes, que estar\u00eda conformada por una selecci\u00f3n de estudiantes de toda la universidad. Se hizo entonces una convocatoria para realizar audiciones a trav\u00e9s de un video corto. El postulante deb\u00eda cantar o interpretar un instrumento, ejecutando una de las obras que se ped\u00eda en los requerimientos de la audici\u00f3n.&nbsp;<\/p>\n\n\n\n<p>Los alumnos seleccionados en este proceso se incorporaron al elenco art\u00edstico de la Rondalla Guayaquil el pasado 12 de octubre, para enriquecerse con el estilo, la energ\u00eda, la entrega, la t\u00e9cnica y el amor a la m\u00fasica ecuatoriana que imprimen los grandes maestros del pasillo.<\/p>\n\n\n\n<p>Como antecedente de su participaci\u00f3n en este proyecto de m\u00fasica nacional, Dom\u00ednguez revela que tiene casi cuatro a\u00f1os impartiendo la c\u00e1tedra libre sobre \u00abHistoria y composici\u00f3n musical del pasillo ecuatoriano\u00bb, asignatura creada para la UArtes.&nbsp;Tambi\u00e9n es coordinador editorial de la revista cient\u00edfica y acad\u00e9mica <em>Sonocordia,<\/em> de la EAS, y director de Asuntos Acad\u00e9micos de la Fundaci\u00f3n Pasillo Ecuatoriano.&nbsp;<\/p>\n\n\n<div class=\"wp-block-image\">\n<figure class=\"aligncenter size-large\"><img loading=\"lazy\" decoding=\"async\" width=\"644\" height=\"429\" src=\"http:\/\/www.uartes.edu.ec\/sitio\/wp-content\/uploads\/2022\/10\/OMAR-RONDALLA-WEB-02-1-644x429.jpg\" alt=\"\" class=\"wp-image-29684\" srcset=\"https:\/\/www.uartes.edu.ec\/sitio\/wp-content\/uploads\/2022\/10\/OMAR-RONDALLA-WEB-02-1-644x429.jpg 644w, https:\/\/www.uartes.edu.ec\/sitio\/wp-content\/uploads\/2022\/10\/OMAR-RONDALLA-WEB-02-1-768x511.jpg 768w, https:\/\/www.uartes.edu.ec\/sitio\/wp-content\/uploads\/2022\/10\/OMAR-RONDALLA-WEB-02-1.jpg 2000w, https:\/\/www.uartes.edu.ec\/sitio\/wp-content\/uploads\/2022\/10\/OMAR-RONDALLA-WEB-02-1-600x399.jpg 600w, https:\/\/www.uartes.edu.ec\/sitio\/wp-content\/uploads\/2022\/10\/OMAR-RONDALLA-WEB-02-1-272x182.jpg 272w\" sizes=\"(max-width: 644px) 100vw, 644px\" \/><\/figure>\n<\/div>\n\n\n<p>Como parte de la difusi\u00f3n de la m\u00fasica ecuatoriana est\u00e1 previsto que la Rondalla Guayaquil grabe en los estudios de la UArtes doce obras de m\u00fasica nacional. Este valioso material contar\u00e1 con la participaci\u00f3n de los estudiantes de la EAS, para que sean ellos quienes comanden la producci\u00f3n musical profesional. Asimismo, se prev\u00e9 la realizaci\u00f3n de un video HD de cada una de las composiciones que se logre grabar, las cuales estar\u00edan disponibles en una lista de reproducci\u00f3n en la cuenta de la EAS en la plataforma YouTube.&nbsp;&nbsp;<\/p>\n\n\n\n<p>Dom\u00ednguez agrega que, como proyecto pr\u00f3ximo de la Rondalla UArtes, se est\u00e1n coordinando conciertos con los estudiantes para realizarlos en varios de nuestros espacios el 14 de diciembre, d\u00eda en que se conmemora al Pasillo Ecuatoriano como Patrimonio de la Humanidad.&nbsp;<\/p>\n\n\n\n<p>Cualquier estudiante que desee formar parte de la Rondalla UArtes puede escribir al correo del docente Dom\u00ednguez: omar.dominguez@uartes.edu.ec para guiarlo en la audici\u00f3n.<\/p>","protected":false},"excerpt":{"rendered":"<p>Con hermosos pasillos y un pasacalle de la m\u00fasica nacional, la Rondalla UArtes debut\u00f3 este martes 18 de octubre. Lo hizo acompa\u00f1ada por la Rondalla Guayaquil en la inauguraci\u00f3n del 7mo. Encuentro Iberoamericano de Arte, Trabajo y Econom\u00eda. La integran estudiantes de la Escuela de Artes Sonoras y de otras escuelas y unidades. Aqu\u00ed te contamos m\u00e1s y si a\u00fan no eres parte, an\u00edmate y participa.<\/p>","protected":false},"author":10,"featured_media":29588,"comment_status":"open","ping_status":"open","sticky":false,"template":"","format":"standard","meta":{"_acf_changed":false,"_uag_custom_page_level_css":"","_monsterinsights_skip_tracking":false,"_monsterinsights_sitenote_active":false,"_monsterinsights_sitenote_note":"","_monsterinsights_sitenote_category":0,"cybocfi_hide_featured_image":"","footnotes":""},"categories":[718,150,75,76],"tags":[817],"infouartes":[],"class_list":["post-29665","post","type-post","status-publish","format-standard","has-post-thumbnail","hentry","category-2d","category-artes-sonoras","category-docentes","category-estudiantes","tag-rondalla-uartes"],"acf":[],"yoast_head":"<!-- This site is optimized with the Yoast SEO plugin v27.4 - https:\/\/yoast.com\/product\/yoast-seo-wordpress\/ -->\n<title>Universidad de las Artes - Rondalla UArtes debut\u00f3 en encuentro con la Rondalla Guayaquil y brind\u00f3 un emotivo repertorio de m\u00fasica nacional<\/title>\n<meta name=\"description\" content=\"Universidad de las Artes - Rondalla UArtes debut\u00f3 en encuentro con la Rondalla Guayaquil y brind\u00f3 un emotivo repertorio de m\u00fasica nacional\" \/>\n<meta name=\"robots\" content=\"index, follow, max-snippet:-1, max-image-preview:large, max-video-preview:-1\" \/>\n<link rel=\"canonical\" href=\"https:\/\/www.uartes.edu.ec\/sitio\/fr\/blog\/2022\/10\/19\/rondalla-uartes-debuto-en-encuentro-con-la-rondallaguayaquil-y-un-emotivo-repertorio-de-musica-nacional\/\" \/>\n<meta property=\"og:locale\" content=\"fr_FR\" \/>\n<meta property=\"og:type\" content=\"article\" \/>\n<meta property=\"og:title\" content=\"Universidad de las Artes - Rondalla UArtes debut\u00f3 en encuentro con la Rondalla Guayaquil y brind\u00f3 un emotivo repertorio de m\u00fasica nacional\" \/>\n<meta property=\"og:description\" content=\"Universidad de las Artes - Rondalla UArtes debut\u00f3 en encuentro con la Rondalla Guayaquil y brind\u00f3 un emotivo repertorio de m\u00fasica nacional\" \/>\n<meta property=\"og:url\" content=\"https:\/\/www.uartes.edu.ec\/sitio\/fr\/blog\/2022\/10\/19\/rondalla-uartes-debuto-en-encuentro-con-la-rondallaguayaquil-y-un-emotivo-repertorio-de-musica-nacional\/\" \/>\n<meta property=\"og:site_name\" content=\"Universidad de las Artes\" \/>\n<meta property=\"article:publisher\" content=\"https:\/\/www.facebook.com\/uartesec\" \/>\n<meta property=\"article:published_time\" content=\"2022-10-19T19:11:00+00:00\" \/>\n<meta property=\"article:modified_time\" content=\"2024-07-04T16:22:46+00:00\" \/>\n<meta property=\"og:image\" content=\"https:\/\/www.uartes.edu.ec\/sitio\/wp-content\/uploads\/2022\/10\/INAUGURACION-RONDALLA-01.jpg\" \/>\n\t<meta property=\"og:image:width\" content=\"2000\" \/>\n\t<meta property=\"og:image:height\" content=\"1333\" \/>\n\t<meta property=\"og:image:type\" content=\"image\/jpeg\" \/>\n<meta name=\"author\" content=\"ccortez\" \/>\n<meta name=\"twitter:card\" content=\"summary_large_image\" \/>\n<meta name=\"twitter:creator\" content=\"@uartesec\" \/>\n<meta name=\"twitter:site\" content=\"@uartesec\" \/>\n<meta name=\"twitter:label1\" content=\"\u00c9crit par\" \/>\n\t<meta name=\"twitter:data1\" content=\"ccortez\" \/>\n\t<meta name=\"twitter:label2\" content=\"Dur\u00e9e de lecture estim\u00e9e\" \/>\n\t<meta name=\"twitter:data2\" content=\"5 minutes\" \/>\n<script type=\"application\/ld+json\" class=\"yoast-schema-graph\">{\"@context\":\"https:\\\/\\\/schema.org\",\"@graph\":[{\"@type\":\"Article\",\"@id\":\"https:\\\/\\\/www.uartes.edu.ec\\\/sitio\\\/fr\\\/blog\\\/2022\\\/10\\\/19\\\/rondalla-uartes-debuto-en-encuentro-con-la-rondallaguayaquil-y-un-emotivo-repertorio-de-musica-nacional\\\/#article\",\"isPartOf\":{\"@id\":\"https:\\\/\\\/www.uartes.edu.ec\\\/sitio\\\/fr\\\/blog\\\/2022\\\/10\\\/19\\\/rondalla-uartes-debuto-en-encuentro-con-la-rondallaguayaquil-y-un-emotivo-repertorio-de-musica-nacional\\\/\"},\"author\":{\"name\":\"ccortez\",\"@id\":\"https:\\\/\\\/www.uartes.edu.ec\\\/sitio\\\/fr\\\/#\\\/schema\\\/person\\\/efa1b8275797664fd7f13a79ccc0b1f4\"},\"headline\":\"Rondalla UArtes debut\u00f3 en encuentro con la Rondalla Guayaquil y brind\u00f3 un emotivo repertorio de m\u00fasica nacional\",\"datePublished\":\"2022-10-19T19:11:00+00:00\",\"dateModified\":\"2024-07-04T16:22:46+00:00\",\"mainEntityOfPage\":{\"@id\":\"https:\\\/\\\/www.uartes.edu.ec\\\/sitio\\\/fr\\\/blog\\\/2022\\\/10\\\/19\\\/rondalla-uartes-debuto-en-encuentro-con-la-rondallaguayaquil-y-un-emotivo-repertorio-de-musica-nacional\\\/\"},\"wordCount\":1027,\"commentCount\":0,\"publisher\":{\"@id\":\"https:\\\/\\\/www.uartes.edu.ec\\\/sitio\\\/fr\\\/#organization\"},\"image\":{\"@id\":\"https:\\\/\\\/www.uartes.edu.ec\\\/sitio\\\/fr\\\/blog\\\/2022\\\/10\\\/19\\\/rondalla-uartes-debuto-en-encuentro-con-la-rondallaguayaquil-y-un-emotivo-repertorio-de-musica-nacional\\\/#primaryimage\"},\"thumbnailUrl\":\"https:\\\/\\\/www.uartes.edu.ec\\\/sitio\\\/wp-content\\\/uploads\\\/2022\\\/10\\\/INAUGURACION-RONDALLA-01.jpg\",\"keywords\":[\"Rondalla UArtes\"],\"articleSection\":[\"2D\",\"Artes Sonoras\",\"Docentes\",\"Estudiantes\"],\"inLanguage\":\"fr-FR\",\"potentialAction\":[{\"@type\":\"CommentAction\",\"name\":\"Comment\",\"target\":[\"https:\\\/\\\/www.uartes.edu.ec\\\/sitio\\\/fr\\\/blog\\\/2022\\\/10\\\/19\\\/rondalla-uartes-debuto-en-encuentro-con-la-rondallaguayaquil-y-un-emotivo-repertorio-de-musica-nacional\\\/#respond\"]}]},{\"@type\":[\"WebPage\",\"ItemPage\"],\"@id\":\"https:\\\/\\\/www.uartes.edu.ec\\\/sitio\\\/fr\\\/blog\\\/2022\\\/10\\\/19\\\/rondalla-uartes-debuto-en-encuentro-con-la-rondallaguayaquil-y-un-emotivo-repertorio-de-musica-nacional\\\/\",\"url\":\"https:\\\/\\\/www.uartes.edu.ec\\\/sitio\\\/fr\\\/blog\\\/2022\\\/10\\\/19\\\/rondalla-uartes-debuto-en-encuentro-con-la-rondallaguayaquil-y-un-emotivo-repertorio-de-musica-nacional\\\/\",\"name\":\"Universidad de las Artes - Rondalla UArtes debut\u00f3 en encuentro con la Rondalla Guayaquil y brind\u00f3 un emotivo repertorio de m\u00fasica nacional\",\"isPartOf\":{\"@id\":\"https:\\\/\\\/www.uartes.edu.ec\\\/sitio\\\/fr\\\/#website\"},\"primaryImageOfPage\":{\"@id\":\"https:\\\/\\\/www.uartes.edu.ec\\\/sitio\\\/fr\\\/blog\\\/2022\\\/10\\\/19\\\/rondalla-uartes-debuto-en-encuentro-con-la-rondallaguayaquil-y-un-emotivo-repertorio-de-musica-nacional\\\/#primaryimage\"},\"image\":{\"@id\":\"https:\\\/\\\/www.uartes.edu.ec\\\/sitio\\\/fr\\\/blog\\\/2022\\\/10\\\/19\\\/rondalla-uartes-debuto-en-encuentro-con-la-rondallaguayaquil-y-un-emotivo-repertorio-de-musica-nacional\\\/#primaryimage\"},\"thumbnailUrl\":\"https:\\\/\\\/www.uartes.edu.ec\\\/sitio\\\/wp-content\\\/uploads\\\/2022\\\/10\\\/INAUGURACION-RONDALLA-01.jpg\",\"datePublished\":\"2022-10-19T19:11:00+00:00\",\"dateModified\":\"2024-07-04T16:22:46+00:00\",\"description\":\"Universidad de las Artes - Rondalla UArtes debut\u00f3 en encuentro con la Rondalla Guayaquil y brind\u00f3 un emotivo repertorio de m\u00fasica nacional\",\"breadcrumb\":{\"@id\":\"https:\\\/\\\/www.uartes.edu.ec\\\/sitio\\\/fr\\\/blog\\\/2022\\\/10\\\/19\\\/rondalla-uartes-debuto-en-encuentro-con-la-rondallaguayaquil-y-un-emotivo-repertorio-de-musica-nacional\\\/#breadcrumb\"},\"inLanguage\":\"fr-FR\",\"potentialAction\":[{\"@type\":\"ReadAction\",\"target\":[\"https:\\\/\\\/www.uartes.edu.ec\\\/sitio\\\/fr\\\/blog\\\/2022\\\/10\\\/19\\\/rondalla-uartes-debuto-en-encuentro-con-la-rondallaguayaquil-y-un-emotivo-repertorio-de-musica-nacional\\\/\"]}]},{\"@type\":\"ImageObject\",\"inLanguage\":\"fr-FR\",\"@id\":\"https:\\\/\\\/www.uartes.edu.ec\\\/sitio\\\/fr\\\/blog\\\/2022\\\/10\\\/19\\\/rondalla-uartes-debuto-en-encuentro-con-la-rondallaguayaquil-y-un-emotivo-repertorio-de-musica-nacional\\\/#primaryimage\",\"url\":\"https:\\\/\\\/www.uartes.edu.ec\\\/sitio\\\/wp-content\\\/uploads\\\/2022\\\/10\\\/INAUGURACION-RONDALLA-01.jpg\",\"contentUrl\":\"https:\\\/\\\/www.uartes.edu.ec\\\/sitio\\\/wp-content\\\/uploads\\\/2022\\\/10\\\/INAUGURACION-RONDALLA-01.jpg\",\"width\":2000,\"height\":1333},{\"@type\":\"BreadcrumbList\",\"@id\":\"https:\\\/\\\/www.uartes.edu.ec\\\/sitio\\\/fr\\\/blog\\\/2022\\\/10\\\/19\\\/rondalla-uartes-debuto-en-encuentro-con-la-rondallaguayaquil-y-un-emotivo-repertorio-de-musica-nacional\\\/#breadcrumb\",\"itemListElement\":[{\"@type\":\"ListItem\",\"position\":1,\"name\":\"Inicio\",\"item\":\"https:\\\/\\\/www.uartes.edu.ec\\\/sitio\\\/\"},{\"@type\":\"ListItem\",\"position\":2,\"name\":\"Rondalla UArtes debut\u00f3 en encuentro con la Rondalla Guayaquil y brind\u00f3 un emotivo repertorio de m\u00fasica nacional\"}]},{\"@type\":\"WebSite\",\"@id\":\"https:\\\/\\\/www.uartes.edu.ec\\\/sitio\\\/fr\\\/#website\",\"url\":\"https:\\\/\\\/www.uartes.edu.ec\\\/sitio\\\/fr\\\/\",\"name\":\"Universidad de las Artes\",\"description\":\"Sitio oficial de la Universidad Nacional de las Artes del Ecuador\",\"publisher\":{\"@id\":\"https:\\\/\\\/www.uartes.edu.ec\\\/sitio\\\/fr\\\/#organization\"},\"potentialAction\":[{\"@type\":\"SearchAction\",\"target\":{\"@type\":\"EntryPoint\",\"urlTemplate\":\"https:\\\/\\\/www.uartes.edu.ec\\\/sitio\\\/fr\\\/?s={search_term_string}\"},\"query-input\":{\"@type\":\"PropertyValueSpecification\",\"valueRequired\":true,\"valueName\":\"search_term_string\"}}],\"inLanguage\":\"fr-FR\"},{\"@type\":\"Organization\",\"@id\":\"https:\\\/\\\/www.uartes.edu.ec\\\/sitio\\\/fr\\\/#organization\",\"name\":\"Universidad de las Artes\",\"url\":\"https:\\\/\\\/www.uartes.edu.ec\\\/sitio\\\/fr\\\/\",\"logo\":{\"@type\":\"ImageObject\",\"inLanguage\":\"fr-FR\",\"@id\":\"https:\\\/\\\/www.uartes.edu.ec\\\/sitio\\\/fr\\\/#\\\/schema\\\/logo\\\/image\\\/\",\"url\":\"https:\\\/\\\/www.uartes.edu.ec\\\/sitio\\\/wp-content\\\/uploads\\\/2022\\\/07\\\/logo-ua-horizontal.png\",\"contentUrl\":\"https:\\\/\\\/www.uartes.edu.ec\\\/sitio\\\/wp-content\\\/uploads\\\/2022\\\/07\\\/logo-ua-horizontal.png\",\"width\":800,\"height\":276,\"caption\":\"Universidad de las Artes\"},\"image\":{\"@id\":\"https:\\\/\\\/www.uartes.edu.ec\\\/sitio\\\/fr\\\/#\\\/schema\\\/logo\\\/image\\\/\"},\"sameAs\":[\"https:\\\/\\\/www.facebook.com\\\/uartesec\",\"https:\\\/\\\/x.com\\\/uartesec\",\"https:\\\/\\\/www.tiktok.com\\\/@uartesec\"]},{\"@type\":\"Person\",\"@id\":\"https:\\\/\\\/www.uartes.edu.ec\\\/sitio\\\/fr\\\/#\\\/schema\\\/person\\\/efa1b8275797664fd7f13a79ccc0b1f4\",\"name\":\"ccortez\",\"image\":{\"@type\":\"ImageObject\",\"inLanguage\":\"fr-FR\",\"@id\":\"https:\\\/\\\/secure.gravatar.com\\\/avatar\\\/b2a6f664a3ae8e074346ef91775736c5ec479e637ecced6842de9dc98b5da9cd?s=96&d=mm&r=g\",\"url\":\"https:\\\/\\\/secure.gravatar.com\\\/avatar\\\/b2a6f664a3ae8e074346ef91775736c5ec479e637ecced6842de9dc98b5da9cd?s=96&d=mm&r=g\",\"contentUrl\":\"https:\\\/\\\/secure.gravatar.com\\\/avatar\\\/b2a6f664a3ae8e074346ef91775736c5ec479e637ecced6842de9dc98b5da9cd?s=96&d=mm&r=g\",\"caption\":\"ccortez\"},\"url\":\"https:\\\/\\\/www.uartes.edu.ec\\\/sitio\\\/fr\\\/blog\\\/author\\\/ccortez\\\/\"}]}<\/script>\n<!-- \/ Yoast SEO plugin. -->","yoast_head_json":{"title":"Universidad de las Artes - Rondalla UArtes debut\u00f3 en encuentro con la Rondalla Guayaquil y brind\u00f3 un emotivo repertorio de m\u00fasica nacional","description":"Universidad de las Artes - Rondalla UArtes debut\u00f3 en encuentro con la Rondalla Guayaquil y brind\u00f3 un emotivo repertorio de m\u00fasica nacional","robots":{"index":"index","follow":"follow","max-snippet":"max-snippet:-1","max-image-preview":"max-image-preview:large","max-video-preview":"max-video-preview:-1"},"canonical":"https:\/\/www.uartes.edu.ec\/sitio\/fr\/blog\/2022\/10\/19\/rondalla-uartes-debuto-en-encuentro-con-la-rondallaguayaquil-y-un-emotivo-repertorio-de-musica-nacional\/","og_locale":"fr_FR","og_type":"article","og_title":"Universidad de las Artes - Rondalla UArtes debut\u00f3 en encuentro con la Rondalla Guayaquil y brind\u00f3 un emotivo repertorio de m\u00fasica nacional","og_description":"Universidad de las Artes - Rondalla UArtes debut\u00f3 en encuentro con la Rondalla Guayaquil y brind\u00f3 un emotivo repertorio de m\u00fasica nacional","og_url":"https:\/\/www.uartes.edu.ec\/sitio\/fr\/blog\/2022\/10\/19\/rondalla-uartes-debuto-en-encuentro-con-la-rondallaguayaquil-y-un-emotivo-repertorio-de-musica-nacional\/","og_site_name":"Universidad de las Artes","article_publisher":"https:\/\/www.facebook.com\/uartesec","article_published_time":"2022-10-19T19:11:00+00:00","article_modified_time":"2024-07-04T16:22:46+00:00","og_image":[{"width":2000,"height":1333,"url":"https:\/\/www.uartes.edu.ec\/sitio\/wp-content\/uploads\/2022\/10\/INAUGURACION-RONDALLA-01.jpg","type":"image\/jpeg"}],"author":"ccortez","twitter_card":"summary_large_image","twitter_creator":"@uartesec","twitter_site":"@uartesec","twitter_misc":{"\u00c9crit par":"ccortez","Dur\u00e9e de lecture estim\u00e9e":"5 minutes"},"schema":{"@context":"https:\/\/schema.org","@graph":[{"@type":"Article","@id":"https:\/\/www.uartes.edu.ec\/sitio\/fr\/blog\/2022\/10\/19\/rondalla-uartes-debuto-en-encuentro-con-la-rondallaguayaquil-y-un-emotivo-repertorio-de-musica-nacional\/#article","isPartOf":{"@id":"https:\/\/www.uartes.edu.ec\/sitio\/fr\/blog\/2022\/10\/19\/rondalla-uartes-debuto-en-encuentro-con-la-rondallaguayaquil-y-un-emotivo-repertorio-de-musica-nacional\/"},"author":{"name":"ccortez","@id":"https:\/\/www.uartes.edu.ec\/sitio\/fr\/#\/schema\/person\/efa1b8275797664fd7f13a79ccc0b1f4"},"headline":"Rondalla UArtes debut\u00f3 en encuentro con la Rondalla Guayaquil y brind\u00f3 un emotivo repertorio de m\u00fasica nacional","datePublished":"2022-10-19T19:11:00+00:00","dateModified":"2024-07-04T16:22:46+00:00","mainEntityOfPage":{"@id":"https:\/\/www.uartes.edu.ec\/sitio\/fr\/blog\/2022\/10\/19\/rondalla-uartes-debuto-en-encuentro-con-la-rondallaguayaquil-y-un-emotivo-repertorio-de-musica-nacional\/"},"wordCount":1027,"commentCount":0,"publisher":{"@id":"https:\/\/www.uartes.edu.ec\/sitio\/fr\/#organization"},"image":{"@id":"https:\/\/www.uartes.edu.ec\/sitio\/fr\/blog\/2022\/10\/19\/rondalla-uartes-debuto-en-encuentro-con-la-rondallaguayaquil-y-un-emotivo-repertorio-de-musica-nacional\/#primaryimage"},"thumbnailUrl":"https:\/\/www.uartes.edu.ec\/sitio\/wp-content\/uploads\/2022\/10\/INAUGURACION-RONDALLA-01.jpg","keywords":["Rondalla UArtes"],"articleSection":["2D","Artes Sonoras","Docentes","Estudiantes"],"inLanguage":"fr-FR","potentialAction":[{"@type":"CommentAction","name":"Comment","target":["https:\/\/www.uartes.edu.ec\/sitio\/fr\/blog\/2022\/10\/19\/rondalla-uartes-debuto-en-encuentro-con-la-rondallaguayaquil-y-un-emotivo-repertorio-de-musica-nacional\/#respond"]}]},{"@type":["WebPage","ItemPage"],"@id":"https:\/\/www.uartes.edu.ec\/sitio\/fr\/blog\/2022\/10\/19\/rondalla-uartes-debuto-en-encuentro-con-la-rondallaguayaquil-y-un-emotivo-repertorio-de-musica-nacional\/","url":"https:\/\/www.uartes.edu.ec\/sitio\/fr\/blog\/2022\/10\/19\/rondalla-uartes-debuto-en-encuentro-con-la-rondallaguayaquil-y-un-emotivo-repertorio-de-musica-nacional\/","name":"Universidad de las Artes - Rondalla UArtes debut\u00f3 en encuentro con la Rondalla Guayaquil y brind\u00f3 un emotivo repertorio de m\u00fasica nacional","isPartOf":{"@id":"https:\/\/www.uartes.edu.ec\/sitio\/fr\/#website"},"primaryImageOfPage":{"@id":"https:\/\/www.uartes.edu.ec\/sitio\/fr\/blog\/2022\/10\/19\/rondalla-uartes-debuto-en-encuentro-con-la-rondallaguayaquil-y-un-emotivo-repertorio-de-musica-nacional\/#primaryimage"},"image":{"@id":"https:\/\/www.uartes.edu.ec\/sitio\/fr\/blog\/2022\/10\/19\/rondalla-uartes-debuto-en-encuentro-con-la-rondallaguayaquil-y-un-emotivo-repertorio-de-musica-nacional\/#primaryimage"},"thumbnailUrl":"https:\/\/www.uartes.edu.ec\/sitio\/wp-content\/uploads\/2022\/10\/INAUGURACION-RONDALLA-01.jpg","datePublished":"2022-10-19T19:11:00+00:00","dateModified":"2024-07-04T16:22:46+00:00","description":"Universidad de las Artes - Rondalla UArtes debut\u00f3 en encuentro con la Rondalla Guayaquil y brind\u00f3 un emotivo repertorio de m\u00fasica nacional","breadcrumb":{"@id":"https:\/\/www.uartes.edu.ec\/sitio\/fr\/blog\/2022\/10\/19\/rondalla-uartes-debuto-en-encuentro-con-la-rondallaguayaquil-y-un-emotivo-repertorio-de-musica-nacional\/#breadcrumb"},"inLanguage":"fr-FR","potentialAction":[{"@type":"ReadAction","target":["https:\/\/www.uartes.edu.ec\/sitio\/fr\/blog\/2022\/10\/19\/rondalla-uartes-debuto-en-encuentro-con-la-rondallaguayaquil-y-un-emotivo-repertorio-de-musica-nacional\/"]}]},{"@type":"ImageObject","inLanguage":"fr-FR","@id":"https:\/\/www.uartes.edu.ec\/sitio\/fr\/blog\/2022\/10\/19\/rondalla-uartes-debuto-en-encuentro-con-la-rondallaguayaquil-y-un-emotivo-repertorio-de-musica-nacional\/#primaryimage","url":"https:\/\/www.uartes.edu.ec\/sitio\/wp-content\/uploads\/2022\/10\/INAUGURACION-RONDALLA-01.jpg","contentUrl":"https:\/\/www.uartes.edu.ec\/sitio\/wp-content\/uploads\/2022\/10\/INAUGURACION-RONDALLA-01.jpg","width":2000,"height":1333},{"@type":"BreadcrumbList","@id":"https:\/\/www.uartes.edu.ec\/sitio\/fr\/blog\/2022\/10\/19\/rondalla-uartes-debuto-en-encuentro-con-la-rondallaguayaquil-y-un-emotivo-repertorio-de-musica-nacional\/#breadcrumb","itemListElement":[{"@type":"ListItem","position":1,"name":"Inicio","item":"https:\/\/www.uartes.edu.ec\/sitio\/"},{"@type":"ListItem","position":2,"name":"Rondalla UArtes debut\u00f3 en encuentro con la Rondalla Guayaquil y brind\u00f3 un emotivo repertorio de m\u00fasica nacional"}]},{"@type":"WebSite","@id":"https:\/\/www.uartes.edu.ec\/sitio\/fr\/#website","url":"https:\/\/www.uartes.edu.ec\/sitio\/fr\/","name":"Universidad de las Artes","description":"Sitio oficial de la Universidad Nacional de las Artes del Ecuador","publisher":{"@id":"https:\/\/www.uartes.edu.ec\/sitio\/fr\/#organization"},"potentialAction":[{"@type":"SearchAction","target":{"@type":"EntryPoint","urlTemplate":"https:\/\/www.uartes.edu.ec\/sitio\/fr\/?s={search_term_string}"},"query-input":{"@type":"PropertyValueSpecification","valueRequired":true,"valueName":"search_term_string"}}],"inLanguage":"fr-FR"},{"@type":"Organization","@id":"https:\/\/www.uartes.edu.ec\/sitio\/fr\/#organization","name":"Universidad de las Artes","url":"https:\/\/www.uartes.edu.ec\/sitio\/fr\/","logo":{"@type":"ImageObject","inLanguage":"fr-FR","@id":"https:\/\/www.uartes.edu.ec\/sitio\/fr\/#\/schema\/logo\/image\/","url":"https:\/\/www.uartes.edu.ec\/sitio\/wp-content\/uploads\/2022\/07\/logo-ua-horizontal.png","contentUrl":"https:\/\/www.uartes.edu.ec\/sitio\/wp-content\/uploads\/2022\/07\/logo-ua-horizontal.png","width":800,"height":276,"caption":"Universidad de las Artes"},"image":{"@id":"https:\/\/www.uartes.edu.ec\/sitio\/fr\/#\/schema\/logo\/image\/"},"sameAs":["https:\/\/www.facebook.com\/uartesec","https:\/\/x.com\/uartesec","https:\/\/www.tiktok.com\/@uartesec"]},{"@type":"Person","@id":"https:\/\/www.uartes.edu.ec\/sitio\/fr\/#\/schema\/person\/efa1b8275797664fd7f13a79ccc0b1f4","name":"ccortez","image":{"@type":"ImageObject","inLanguage":"fr-FR","@id":"https:\/\/secure.gravatar.com\/avatar\/b2a6f664a3ae8e074346ef91775736c5ec479e637ecced6842de9dc98b5da9cd?s=96&d=mm&r=g","url":"https:\/\/secure.gravatar.com\/avatar\/b2a6f664a3ae8e074346ef91775736c5ec479e637ecced6842de9dc98b5da9cd?s=96&d=mm&r=g","contentUrl":"https:\/\/secure.gravatar.com\/avatar\/b2a6f664a3ae8e074346ef91775736c5ec479e637ecced6842de9dc98b5da9cd?s=96&d=mm&r=g","caption":"ccortez"},"url":"https:\/\/www.uartes.edu.ec\/sitio\/fr\/blog\/author\/ccortez\/"}]}},"uagb_featured_image_src":{"full":["https:\/\/www.uartes.edu.ec\/sitio\/wp-content\/uploads\/2022\/10\/INAUGURACION-RONDALLA-01.jpg",2000,1333,false],"thumbnail":["https:\/\/www.uartes.edu.ec\/sitio\/wp-content\/uploads\/2022\/10\/INAUGURACION-RONDALLA-01-150x150.jpg",150,150,true],"medium":["https:\/\/www.uartes.edu.ec\/sitio\/wp-content\/uploads\/2022\/10\/INAUGURACION-RONDALLA-01-300x200.jpg",300,200,true],"medium_large":["https:\/\/www.uartes.edu.ec\/sitio\/wp-content\/uploads\/2022\/10\/INAUGURACION-RONDALLA-01-768x512.jpg",768,512,true],"large":["https:\/\/www.uartes.edu.ec\/sitio\/wp-content\/uploads\/2022\/10\/INAUGURACION-RONDALLA-01-644x429.jpg",644,429,true],"1536x1536":["https:\/\/www.uartes.edu.ec\/sitio\/wp-content\/uploads\/2022\/10\/INAUGURACION-RONDALLA-01-1536x1024.jpg",1536,1024,true],"2048x2048":["https:\/\/www.uartes.edu.ec\/sitio\/wp-content\/uploads\/2022\/10\/INAUGURACION-RONDALLA-01.jpg",2000,1333,false],"trp-custom-language-flag":["https:\/\/www.uartes.edu.ec\/sitio\/wp-content\/uploads\/2022\/10\/INAUGURACION-RONDALLA-01.jpg",18,12,false],"htmega_size_585x295":["https:\/\/www.uartes.edu.ec\/sitio\/wp-content\/uploads\/2022\/10\/INAUGURACION-RONDALLA-01.jpg",443,295,false],"htmega_size_1170x536":["https:\/\/www.uartes.edu.ec\/sitio\/wp-content\/uploads\/2022\/10\/INAUGURACION-RONDALLA-01.jpg",804,536,false],"htmega_size_396x360":["https:\/\/www.uartes.edu.ec\/sitio\/wp-content\/uploads\/2022\/10\/INAUGURACION-RONDALLA-01.jpg",396,264,false],"gb-block-post-grid-landscape":["https:\/\/www.uartes.edu.ec\/sitio\/wp-content\/uploads\/2022\/10\/INAUGURACION-RONDALLA-01.jpg",600,400,false],"gb-block-post-grid-square":["https:\/\/www.uartes.edu.ec\/sitio\/wp-content\/uploads\/2022\/10\/INAUGURACION-RONDALLA-01.jpg",600,400,false],"university-hub-thumb":["https:\/\/www.uartes.edu.ec\/sitio\/wp-content\/uploads\/2022\/10\/INAUGURACION-RONDALLA-01-400x267.jpg",400,267,true],"mailpoet_newsletter_max":["https:\/\/www.uartes.edu.ec\/sitio\/wp-content\/uploads\/2022\/10\/INAUGURACION-RONDALLA-01.jpg",1320,880,false]},"uagb_author_info":{"display_name":"ccortez","author_link":"https:\/\/www.uartes.edu.ec\/sitio\/fr\/blog\/author\/ccortez\/"},"uagb_comment_info":0,"uagb_excerpt":"Con hermosos pasillos y un pasacalle de la m\u00fasica nacional, la Rondalla UArtes debut\u00f3 este martes 18 de octubre. Lo hizo acompa\u00f1ada por la Rondalla Guayaquil en la inauguraci\u00f3n del 7mo. Encuentro Iberoamericano de Arte, Trabajo y Econom\u00eda. La integran estudiantes de la Escuela de Artes Sonoras y de otras escuelas y unidades. Aqu\u00ed te\u2026","featured_image_src":"https:\/\/www.uartes.edu.ec\/sitio\/wp-content\/uploads\/2022\/10\/INAUGURACION-RONDALLA-01.jpg","featured_image_src_square":"https:\/\/www.uartes.edu.ec\/sitio\/wp-content\/uploads\/2022\/10\/INAUGURACION-RONDALLA-01.jpg","author_info":{"display_name":"ccortez","author_link":"https:\/\/www.uartes.edu.ec\/sitio\/fr\/blog\/author\/ccortez\/"},"publishpress_future_workflow_manual_trigger":{"enabledWorkflows":[]},"distributor_meta":false,"distributor_terms":false,"distributor_media":false,"distributor_original_site_name":"Universidad de las Artes","distributor_original_site_url":"https:\/\/www.uartes.edu.ec\/sitio\/fr","push-errors":false,"_links":{"self":[{"href":"https:\/\/www.uartes.edu.ec\/sitio\/fr\/wp-json\/wp\/v2\/posts\/29665","targetHints":{"allow":["GET"]}}],"collection":[{"href":"https:\/\/www.uartes.edu.ec\/sitio\/fr\/wp-json\/wp\/v2\/posts"}],"about":[{"href":"https:\/\/www.uartes.edu.ec\/sitio\/fr\/wp-json\/wp\/v2\/types\/post"}],"author":[{"embeddable":true,"href":"https:\/\/www.uartes.edu.ec\/sitio\/fr\/wp-json\/wp\/v2\/users\/10"}],"replies":[{"embeddable":true,"href":"https:\/\/www.uartes.edu.ec\/sitio\/fr\/wp-json\/wp\/v2\/comments?post=29665"}],"version-history":[{"count":6,"href":"https:\/\/www.uartes.edu.ec\/sitio\/fr\/wp-json\/wp\/v2\/posts\/29665\/revisions"}],"predecessor-version":[{"id":29795,"href":"https:\/\/www.uartes.edu.ec\/sitio\/fr\/wp-json\/wp\/v2\/posts\/29665\/revisions\/29795"}],"wp:featuredmedia":[{"embeddable":true,"href":"https:\/\/www.uartes.edu.ec\/sitio\/fr\/wp-json\/wp\/v2\/media\/29588"}],"wp:attachment":[{"href":"https:\/\/www.uartes.edu.ec\/sitio\/fr\/wp-json\/wp\/v2\/media?parent=29665"}],"wp:term":[{"taxonomy":"category","embeddable":true,"href":"https:\/\/www.uartes.edu.ec\/sitio\/fr\/wp-json\/wp\/v2\/categories?post=29665"},{"taxonomy":"post_tag","embeddable":true,"href":"https:\/\/www.uartes.edu.ec\/sitio\/fr\/wp-json\/wp\/v2\/tags?post=29665"},{"taxonomy":"infouartes","embeddable":true,"href":"https:\/\/www.uartes.edu.ec\/sitio\/fr\/wp-json\/wp\/v2\/infouartes?post=29665"}],"curies":[{"name":"wp","href":"https:\/\/api.w.org\/{rel}","templated":true}]}}