{"id":29742,"date":"2022-10-19T13:20:00","date_gmt":"2022-10-19T18:20:00","guid":{"rendered":"http:\/\/www.uartes.edu.ec\/sitio\/?p=29742"},"modified":"2024-07-04T11:22:46","modified_gmt":"2024-07-04T16:22:46","slug":"la-uartes-esta-en-la-feria-expoeducenter-internacional-ecuador-es-online-y-en-un-clic-conoces-toda-nuestra-oferta-academica","status":"publish","type":"post","link":"https:\/\/www.uartes.edu.ec\/sitio\/fr\/blog\/2022\/10\/19\/la-uartes-esta-en-la-feria-expoeducenter-internacional-ecuador-es-online-y-en-un-clic-conoces-toda-nuestra-oferta-academica\/","title":{"rendered":"UArtes est\u00e1 en la Feria Expoeducenter Internacional; es online y dando un clic conoces nuestra oferta acad\u00e9mica"},"content":{"rendered":"<p>La Universidad de las Artes&nbsp;participa con un stand en la Feria&nbsp;Expoeducenter Internacional Ecuador 2022, que se realiza este jueves 20 y el viernes 21 de octubre en modalidad online. Laura Nivela, licenciada en Literatura por la UArtes y funcionaria de la Secretar\u00eda Acad\u00e9mica, se\u00f1ala que en la cita se brindar\u00e1 una completa informaci\u00f3n sobre nuestras carreras de pre y posgrado, y todas las inquietudes entorno a la malla curricular, asignaturas, planes de estudio, infraestructura, etc.<\/p>\n\n\n\n<p>La Feria Expoeducenter Internacional se realiza con la finalidad de brindar nuevas alternativas de estudio dentro y fuera del pa\u00eds, pues, as\u00ed como la UArtes, tienen participaci\u00f3n otras instituciones de educaci\u00f3n superior del Ecuador y de otros pa\u00edses que, asimismo, dan a conocer sus planes de estudio.<\/p>\n\n\n\n<p>La cita con las universidades se desarrollar\u00e1 en una plataforma inmersiva 3D, donde se encuentran varios stands y dos auditorios para mantener una comunicaci\u00f3n interactiva entre las instituciones y los participantes. El acceso es gratuito y es posible ingresar luego del respectivo registro. El link de acceso es &nbsp;<a href=\"https:\/\/expoeduvirtual.com\/sitio\/landing-ec-2022-es\/\" target=\"_blank\" rel=\"noreferrer noopener\">https:\/\/expoeduvirtual.com\/sitio\/landing-ec-2022-es\/<\/a> &nbsp;<\/p>\n\n\n\n<p>Al campus de la feria se puede ingresar a partir de las 12:00. Una vez en el sitio, los participantes pueden seleccionar la universidad de su inter\u00e9s, ya sea para iniciar una carrera de pregrado o para continuar con alguna maestr\u00eda u otro programa de posgrado. A trav\u00e9s del auditorio se podr\u00e1 mantener di\u00e1logos con representantes de cada una de las instituciones de educaci\u00f3n superior v\u00eda online, a fin de aclarar dudas.<\/p>\n\n\n\n<p>Se podr\u00e1, adem\u00e1s, elegir un avatar para interactuar con los representantes de admisi\u00f3n de las universidades en tiempo real. Son m\u00e1s de quince las instituciones participantes, cada una de ellas expondr\u00e1 sus alternativas, sedes, actividades, etc.<\/p>\n\n\n\n<p>El ingreso en la feria se puede hacer mediante un dispositivo m\u00f3vil, tablet o computadora.<\/p>","protected":false},"excerpt":{"rendered":"<p>La Universidad de las Artes\u00a0participa con un stand en la Feria\u00a0 Expoeducenter Internacional Ecuador 2022, que se realiza este jueves 20 y el viernes 21 de octubre v\u00eda online. Laura Nivela, funcionaria de la Secretar\u00eda Acad\u00e9mica, se\u00f1ala que en la cita se brindar\u00e1 una completa informaci\u00f3n sobre nuestras carreras de pre y posgrado, y todas las inquietudes entorno a la malla curricular, planes de estudio, infraestructura, etc.<\/p>","protected":false},"author":10,"featured_media":29762,"comment_status":"open","ping_status":"open","sticky":false,"template":"","format":"standard","meta":{"_acf_changed":false,"_uag_custom_page_level_css":"","_monsterinsights_skip_tracking":false,"_monsterinsights_sitenote_active":false,"_monsterinsights_sitenote_note":"","_monsterinsights_sitenote_category":0,"cybocfi_hide_featured_image":"","footnotes":""},"categories":[80,83,85],"tags":[818],"infouartes":[],"class_list":["post-29742","post","type-post","status-publish","format-standard","has-post-thumbnail","hentry","category-academico","category-sedes","category-servicios","tag-feria-de-universidades"],"acf":[],"yoast_head":"<!-- This site is optimized with the Yoast SEO plugin v27.4 - https:\/\/yoast.com\/product\/yoast-seo-wordpress\/ -->\n<title>Universidad de las Artes - UArtes est\u00e1 en la Feria Expoeducenter Internacional; es online y dando un clic conoces nuestra oferta acad\u00e9mica<\/title>\n<meta name=\"description\" content=\"Universidad de las Artes - UArtes est\u00e1 en la Feria Expoeducenter Internacional; es online y dando un clic conoces nuestra oferta acad\u00e9mica\" \/>\n<meta name=\"robots\" content=\"index, follow, max-snippet:-1, max-image-preview:large, max-video-preview:-1\" \/>\n<link rel=\"canonical\" href=\"https:\/\/www.uartes.edu.ec\/sitio\/fr\/blog\/2022\/10\/19\/la-uartes-esta-en-la-feria-expoeducenter-internacional-ecuador-es-online-y-en-un-clic-conoces-toda-nuestra-oferta-academica\/\" \/>\n<meta property=\"og:locale\" content=\"fr_FR\" \/>\n<meta property=\"og:type\" content=\"article\" \/>\n<meta property=\"og:title\" content=\"Universidad de las Artes - UArtes est\u00e1 en la Feria Expoeducenter Internacional; es online y dando un clic conoces nuestra oferta acad\u00e9mica\" \/>\n<meta property=\"og:description\" content=\"Universidad de las Artes - UArtes est\u00e1 en la Feria Expoeducenter Internacional; es online y dando un clic conoces nuestra oferta acad\u00e9mica\" \/>\n<meta property=\"og:url\" content=\"https:\/\/www.uartes.edu.ec\/sitio\/fr\/blog\/2022\/10\/19\/la-uartes-esta-en-la-feria-expoeducenter-internacional-ecuador-es-online-y-en-un-clic-conoces-toda-nuestra-oferta-academica\/\" \/>\n<meta property=\"og:site_name\" content=\"Universidad de las Artes\" \/>\n<meta property=\"article:publisher\" content=\"https:\/\/www.facebook.com\/uartesec\" \/>\n<meta property=\"article:published_time\" content=\"2022-10-19T18:20:00+00:00\" \/>\n<meta property=\"article:modified_time\" content=\"2024-07-04T16:22:46+00:00\" \/>\n<meta property=\"og:image\" content=\"https:\/\/www.uartes.edu.ec\/sitio\/wp-content\/uploads\/2022\/10\/FERIA-VIRTUAL-METAVERSO.jpg\" \/>\n\t<meta property=\"og:image:width\" content=\"2000\" \/>\n\t<meta property=\"og:image:height\" content=\"1333\" \/>\n\t<meta property=\"og:image:type\" content=\"image\/jpeg\" \/>\n<meta name=\"author\" content=\"ccortez\" \/>\n<meta name=\"twitter:card\" content=\"summary_large_image\" \/>\n<meta name=\"twitter:creator\" content=\"@uartesec\" \/>\n<meta name=\"twitter:site\" content=\"@uartesec\" \/>\n<meta name=\"twitter:label1\" content=\"\u00c9crit par\" \/>\n\t<meta name=\"twitter:data1\" content=\"ccortez\" \/>\n\t<meta name=\"twitter:label2\" content=\"Dur\u00e9e de lecture estim\u00e9e\" \/>\n\t<meta name=\"twitter:data2\" content=\"2 minutes\" \/>\n<script type=\"application\/ld+json\" class=\"yoast-schema-graph\">{\"@context\":\"https:\\\/\\\/schema.org\",\"@graph\":[{\"@type\":\"Article\",\"@id\":\"https:\\\/\\\/www.uartes.edu.ec\\\/sitio\\\/fr\\\/blog\\\/2022\\\/10\\\/19\\\/la-uartes-esta-en-la-feria-expoeducenter-internacional-ecuador-es-online-y-en-un-clic-conoces-toda-nuestra-oferta-academica\\\/#article\",\"isPartOf\":{\"@id\":\"https:\\\/\\\/www.uartes.edu.ec\\\/sitio\\\/fr\\\/blog\\\/2022\\\/10\\\/19\\\/la-uartes-esta-en-la-feria-expoeducenter-internacional-ecuador-es-online-y-en-un-clic-conoces-toda-nuestra-oferta-academica\\\/\"},\"author\":{\"name\":\"ccortez\",\"@id\":\"https:\\\/\\\/www.uartes.edu.ec\\\/sitio\\\/fr\\\/#\\\/schema\\\/person\\\/efa1b8275797664fd7f13a79ccc0b1f4\"},\"headline\":\"UArtes est\u00e1 en la Feria Expoeducenter Internacional; es online y dando un clic conoces nuestra oferta acad\u00e9mica\",\"datePublished\":\"2022-10-19T18:20:00+00:00\",\"dateModified\":\"2024-07-04T16:22:46+00:00\",\"mainEntityOfPage\":{\"@id\":\"https:\\\/\\\/www.uartes.edu.ec\\\/sitio\\\/fr\\\/blog\\\/2022\\\/10\\\/19\\\/la-uartes-esta-en-la-feria-expoeducenter-internacional-ecuador-es-online-y-en-un-clic-conoces-toda-nuestra-oferta-academica\\\/\"},\"wordCount\":338,\"commentCount\":0,\"publisher\":{\"@id\":\"https:\\\/\\\/www.uartes.edu.ec\\\/sitio\\\/fr\\\/#organization\"},\"image\":{\"@id\":\"https:\\\/\\\/www.uartes.edu.ec\\\/sitio\\\/fr\\\/blog\\\/2022\\\/10\\\/19\\\/la-uartes-esta-en-la-feria-expoeducenter-internacional-ecuador-es-online-y-en-un-clic-conoces-toda-nuestra-oferta-academica\\\/#primaryimage\"},\"thumbnailUrl\":\"https:\\\/\\\/www.uartes.edu.ec\\\/sitio\\\/wp-content\\\/uploads\\\/2022\\\/10\\\/FERIA-VIRTUAL-METAVERSO.jpg\",\"keywords\":[\"feria de universidades\"],\"articleSection\":[\"Acad\u00e9mico\",\"Sedes\",\"Servicios\"],\"inLanguage\":\"fr-FR\",\"potentialAction\":[{\"@type\":\"CommentAction\",\"name\":\"Comment\",\"target\":[\"https:\\\/\\\/www.uartes.edu.ec\\\/sitio\\\/fr\\\/blog\\\/2022\\\/10\\\/19\\\/la-uartes-esta-en-la-feria-expoeducenter-internacional-ecuador-es-online-y-en-un-clic-conoces-toda-nuestra-oferta-academica\\\/#respond\"]}]},{\"@type\":[\"WebPage\",\"ItemPage\"],\"@id\":\"https:\\\/\\\/www.uartes.edu.ec\\\/sitio\\\/fr\\\/blog\\\/2022\\\/10\\\/19\\\/la-uartes-esta-en-la-feria-expoeducenter-internacional-ecuador-es-online-y-en-un-clic-conoces-toda-nuestra-oferta-academica\\\/\",\"url\":\"https:\\\/\\\/www.uartes.edu.ec\\\/sitio\\\/fr\\\/blog\\\/2022\\\/10\\\/19\\\/la-uartes-esta-en-la-feria-expoeducenter-internacional-ecuador-es-online-y-en-un-clic-conoces-toda-nuestra-oferta-academica\\\/\",\"name\":\"Universidad de las Artes - UArtes est\u00e1 en la Feria Expoeducenter Internacional; es online y dando un clic conoces nuestra oferta acad\u00e9mica\",\"isPartOf\":{\"@id\":\"https:\\\/\\\/www.uartes.edu.ec\\\/sitio\\\/fr\\\/#website\"},\"primaryImageOfPage\":{\"@id\":\"https:\\\/\\\/www.uartes.edu.ec\\\/sitio\\\/fr\\\/blog\\\/2022\\\/10\\\/19\\\/la-uartes-esta-en-la-feria-expoeducenter-internacional-ecuador-es-online-y-en-un-clic-conoces-toda-nuestra-oferta-academica\\\/#primaryimage\"},\"image\":{\"@id\":\"https:\\\/\\\/www.uartes.edu.ec\\\/sitio\\\/fr\\\/blog\\\/2022\\\/10\\\/19\\\/la-uartes-esta-en-la-feria-expoeducenter-internacional-ecuador-es-online-y-en-un-clic-conoces-toda-nuestra-oferta-academica\\\/#primaryimage\"},\"thumbnailUrl\":\"https:\\\/\\\/www.uartes.edu.ec\\\/sitio\\\/wp-content\\\/uploads\\\/2022\\\/10\\\/FERIA-VIRTUAL-METAVERSO.jpg\",\"datePublished\":\"2022-10-19T18:20:00+00:00\",\"dateModified\":\"2024-07-04T16:22:46+00:00\",\"description\":\"Universidad de las Artes - UArtes est\u00e1 en la Feria Expoeducenter Internacional; es online y dando un clic conoces nuestra oferta acad\u00e9mica\",\"breadcrumb\":{\"@id\":\"https:\\\/\\\/www.uartes.edu.ec\\\/sitio\\\/fr\\\/blog\\\/2022\\\/10\\\/19\\\/la-uartes-esta-en-la-feria-expoeducenter-internacional-ecuador-es-online-y-en-un-clic-conoces-toda-nuestra-oferta-academica\\\/#breadcrumb\"},\"inLanguage\":\"fr-FR\",\"potentialAction\":[{\"@type\":\"ReadAction\",\"target\":[\"https:\\\/\\\/www.uartes.edu.ec\\\/sitio\\\/fr\\\/blog\\\/2022\\\/10\\\/19\\\/la-uartes-esta-en-la-feria-expoeducenter-internacional-ecuador-es-online-y-en-un-clic-conoces-toda-nuestra-oferta-academica\\\/\"]}]},{\"@type\":\"ImageObject\",\"inLanguage\":\"fr-FR\",\"@id\":\"https:\\\/\\\/www.uartes.edu.ec\\\/sitio\\\/fr\\\/blog\\\/2022\\\/10\\\/19\\\/la-uartes-esta-en-la-feria-expoeducenter-internacional-ecuador-es-online-y-en-un-clic-conoces-toda-nuestra-oferta-academica\\\/#primaryimage\",\"url\":\"https:\\\/\\\/www.uartes.edu.ec\\\/sitio\\\/wp-content\\\/uploads\\\/2022\\\/10\\\/FERIA-VIRTUAL-METAVERSO.jpg\",\"contentUrl\":\"https:\\\/\\\/www.uartes.edu.ec\\\/sitio\\\/wp-content\\\/uploads\\\/2022\\\/10\\\/FERIA-VIRTUAL-METAVERSO.jpg\",\"width\":2000,\"height\":1333},{\"@type\":\"BreadcrumbList\",\"@id\":\"https:\\\/\\\/www.uartes.edu.ec\\\/sitio\\\/fr\\\/blog\\\/2022\\\/10\\\/19\\\/la-uartes-esta-en-la-feria-expoeducenter-internacional-ecuador-es-online-y-en-un-clic-conoces-toda-nuestra-oferta-academica\\\/#breadcrumb\",\"itemListElement\":[{\"@type\":\"ListItem\",\"position\":1,\"name\":\"Inicio\",\"item\":\"https:\\\/\\\/www.uartes.edu.ec\\\/sitio\\\/\"},{\"@type\":\"ListItem\",\"position\":2,\"name\":\"UArtes est\u00e1 en la Feria Expoeducenter Internacional; es online y dando un clic conoces nuestra oferta acad\u00e9mica\"}]},{\"@type\":\"WebSite\",\"@id\":\"https:\\\/\\\/www.uartes.edu.ec\\\/sitio\\\/fr\\\/#website\",\"url\":\"https:\\\/\\\/www.uartes.edu.ec\\\/sitio\\\/fr\\\/\",\"name\":\"Universidad de las Artes\",\"description\":\"Sitio oficial de la Universidad Nacional de las Artes del Ecuador\",\"publisher\":{\"@id\":\"https:\\\/\\\/www.uartes.edu.ec\\\/sitio\\\/fr\\\/#organization\"},\"potentialAction\":[{\"@type\":\"SearchAction\",\"target\":{\"@type\":\"EntryPoint\",\"urlTemplate\":\"https:\\\/\\\/www.uartes.edu.ec\\\/sitio\\\/fr\\\/?s={search_term_string}\"},\"query-input\":{\"@type\":\"PropertyValueSpecification\",\"valueRequired\":true,\"valueName\":\"search_term_string\"}}],\"inLanguage\":\"fr-FR\"},{\"@type\":\"Organization\",\"@id\":\"https:\\\/\\\/www.uartes.edu.ec\\\/sitio\\\/fr\\\/#organization\",\"name\":\"Universidad de las Artes\",\"url\":\"https:\\\/\\\/www.uartes.edu.ec\\\/sitio\\\/fr\\\/\",\"logo\":{\"@type\":\"ImageObject\",\"inLanguage\":\"fr-FR\",\"@id\":\"https:\\\/\\\/www.uartes.edu.ec\\\/sitio\\\/fr\\\/#\\\/schema\\\/logo\\\/image\\\/\",\"url\":\"https:\\\/\\\/www.uartes.edu.ec\\\/sitio\\\/wp-content\\\/uploads\\\/2022\\\/07\\\/logo-ua-horizontal.png\",\"contentUrl\":\"https:\\\/\\\/www.uartes.edu.ec\\\/sitio\\\/wp-content\\\/uploads\\\/2022\\\/07\\\/logo-ua-horizontal.png\",\"width\":800,\"height\":276,\"caption\":\"Universidad de las Artes\"},\"image\":{\"@id\":\"https:\\\/\\\/www.uartes.edu.ec\\\/sitio\\\/fr\\\/#\\\/schema\\\/logo\\\/image\\\/\"},\"sameAs\":[\"https:\\\/\\\/www.facebook.com\\\/uartesec\",\"https:\\\/\\\/x.com\\\/uartesec\",\"https:\\\/\\\/www.tiktok.com\\\/@uartesec\"]},{\"@type\":\"Person\",\"@id\":\"https:\\\/\\\/www.uartes.edu.ec\\\/sitio\\\/fr\\\/#\\\/schema\\\/person\\\/efa1b8275797664fd7f13a79ccc0b1f4\",\"name\":\"ccortez\",\"image\":{\"@type\":\"ImageObject\",\"inLanguage\":\"fr-FR\",\"@id\":\"https:\\\/\\\/secure.gravatar.com\\\/avatar\\\/b2a6f664a3ae8e074346ef91775736c5ec479e637ecced6842de9dc98b5da9cd?s=96&d=mm&r=g\",\"url\":\"https:\\\/\\\/secure.gravatar.com\\\/avatar\\\/b2a6f664a3ae8e074346ef91775736c5ec479e637ecced6842de9dc98b5da9cd?s=96&d=mm&r=g\",\"contentUrl\":\"https:\\\/\\\/secure.gravatar.com\\\/avatar\\\/b2a6f664a3ae8e074346ef91775736c5ec479e637ecced6842de9dc98b5da9cd?s=96&d=mm&r=g\",\"caption\":\"ccortez\"},\"url\":\"https:\\\/\\\/www.uartes.edu.ec\\\/sitio\\\/fr\\\/blog\\\/author\\\/ccortez\\\/\"}]}<\/script>\n<!-- \/ Yoast SEO plugin. -->","yoast_head_json":{"title":"Universidad de las Artes - UArtes est\u00e1 en la Feria Expoeducenter Internacional; es online y dando un clic conoces nuestra oferta acad\u00e9mica","description":"Universidad de las Artes - UArtes est\u00e1 en la Feria Expoeducenter Internacional; es online y dando un clic conoces nuestra oferta acad\u00e9mica","robots":{"index":"index","follow":"follow","max-snippet":"max-snippet:-1","max-image-preview":"max-image-preview:large","max-video-preview":"max-video-preview:-1"},"canonical":"https:\/\/www.uartes.edu.ec\/sitio\/fr\/blog\/2022\/10\/19\/la-uartes-esta-en-la-feria-expoeducenter-internacional-ecuador-es-online-y-en-un-clic-conoces-toda-nuestra-oferta-academica\/","og_locale":"fr_FR","og_type":"article","og_title":"Universidad de las Artes - UArtes est\u00e1 en la Feria Expoeducenter Internacional; es online y dando un clic conoces nuestra oferta acad\u00e9mica","og_description":"Universidad de las Artes - UArtes est\u00e1 en la Feria Expoeducenter Internacional; es online y dando un clic conoces nuestra oferta acad\u00e9mica","og_url":"https:\/\/www.uartes.edu.ec\/sitio\/fr\/blog\/2022\/10\/19\/la-uartes-esta-en-la-feria-expoeducenter-internacional-ecuador-es-online-y-en-un-clic-conoces-toda-nuestra-oferta-academica\/","og_site_name":"Universidad de las Artes","article_publisher":"https:\/\/www.facebook.com\/uartesec","article_published_time":"2022-10-19T18:20:00+00:00","article_modified_time":"2024-07-04T16:22:46+00:00","og_image":[{"width":2000,"height":1333,"url":"https:\/\/www.uartes.edu.ec\/sitio\/wp-content\/uploads\/2022\/10\/FERIA-VIRTUAL-METAVERSO.jpg","type":"image\/jpeg"}],"author":"ccortez","twitter_card":"summary_large_image","twitter_creator":"@uartesec","twitter_site":"@uartesec","twitter_misc":{"\u00c9crit par":"ccortez","Dur\u00e9e de lecture estim\u00e9e":"2 minutes"},"schema":{"@context":"https:\/\/schema.org","@graph":[{"@type":"Article","@id":"https:\/\/www.uartes.edu.ec\/sitio\/fr\/blog\/2022\/10\/19\/la-uartes-esta-en-la-feria-expoeducenter-internacional-ecuador-es-online-y-en-un-clic-conoces-toda-nuestra-oferta-academica\/#article","isPartOf":{"@id":"https:\/\/www.uartes.edu.ec\/sitio\/fr\/blog\/2022\/10\/19\/la-uartes-esta-en-la-feria-expoeducenter-internacional-ecuador-es-online-y-en-un-clic-conoces-toda-nuestra-oferta-academica\/"},"author":{"name":"ccortez","@id":"https:\/\/www.uartes.edu.ec\/sitio\/fr\/#\/schema\/person\/efa1b8275797664fd7f13a79ccc0b1f4"},"headline":"UArtes est\u00e1 en la Feria Expoeducenter Internacional; es online y dando un clic conoces nuestra oferta acad\u00e9mica","datePublished":"2022-10-19T18:20:00+00:00","dateModified":"2024-07-04T16:22:46+00:00","mainEntityOfPage":{"@id":"https:\/\/www.uartes.edu.ec\/sitio\/fr\/blog\/2022\/10\/19\/la-uartes-esta-en-la-feria-expoeducenter-internacional-ecuador-es-online-y-en-un-clic-conoces-toda-nuestra-oferta-academica\/"},"wordCount":338,"commentCount":0,"publisher":{"@id":"https:\/\/www.uartes.edu.ec\/sitio\/fr\/#organization"},"image":{"@id":"https:\/\/www.uartes.edu.ec\/sitio\/fr\/blog\/2022\/10\/19\/la-uartes-esta-en-la-feria-expoeducenter-internacional-ecuador-es-online-y-en-un-clic-conoces-toda-nuestra-oferta-academica\/#primaryimage"},"thumbnailUrl":"https:\/\/www.uartes.edu.ec\/sitio\/wp-content\/uploads\/2022\/10\/FERIA-VIRTUAL-METAVERSO.jpg","keywords":["feria de universidades"],"articleSection":["Acad\u00e9mico","Sedes","Servicios"],"inLanguage":"fr-FR","potentialAction":[{"@type":"CommentAction","name":"Comment","target":["https:\/\/www.uartes.edu.ec\/sitio\/fr\/blog\/2022\/10\/19\/la-uartes-esta-en-la-feria-expoeducenter-internacional-ecuador-es-online-y-en-un-clic-conoces-toda-nuestra-oferta-academica\/#respond"]}]},{"@type":["WebPage","ItemPage"],"@id":"https:\/\/www.uartes.edu.ec\/sitio\/fr\/blog\/2022\/10\/19\/la-uartes-esta-en-la-feria-expoeducenter-internacional-ecuador-es-online-y-en-un-clic-conoces-toda-nuestra-oferta-academica\/","url":"https:\/\/www.uartes.edu.ec\/sitio\/fr\/blog\/2022\/10\/19\/la-uartes-esta-en-la-feria-expoeducenter-internacional-ecuador-es-online-y-en-un-clic-conoces-toda-nuestra-oferta-academica\/","name":"Universidad de las Artes - UArtes est\u00e1 en la Feria Expoeducenter Internacional; es online y dando un clic conoces nuestra oferta acad\u00e9mica","isPartOf":{"@id":"https:\/\/www.uartes.edu.ec\/sitio\/fr\/#website"},"primaryImageOfPage":{"@id":"https:\/\/www.uartes.edu.ec\/sitio\/fr\/blog\/2022\/10\/19\/la-uartes-esta-en-la-feria-expoeducenter-internacional-ecuador-es-online-y-en-un-clic-conoces-toda-nuestra-oferta-academica\/#primaryimage"},"image":{"@id":"https:\/\/www.uartes.edu.ec\/sitio\/fr\/blog\/2022\/10\/19\/la-uartes-esta-en-la-feria-expoeducenter-internacional-ecuador-es-online-y-en-un-clic-conoces-toda-nuestra-oferta-academica\/#primaryimage"},"thumbnailUrl":"https:\/\/www.uartes.edu.ec\/sitio\/wp-content\/uploads\/2022\/10\/FERIA-VIRTUAL-METAVERSO.jpg","datePublished":"2022-10-19T18:20:00+00:00","dateModified":"2024-07-04T16:22:46+00:00","description":"Universidad de las Artes - UArtes est\u00e1 en la Feria Expoeducenter Internacional; es online y dando un clic conoces nuestra oferta acad\u00e9mica","breadcrumb":{"@id":"https:\/\/www.uartes.edu.ec\/sitio\/fr\/blog\/2022\/10\/19\/la-uartes-esta-en-la-feria-expoeducenter-internacional-ecuador-es-online-y-en-un-clic-conoces-toda-nuestra-oferta-academica\/#breadcrumb"},"inLanguage":"fr-FR","potentialAction":[{"@type":"ReadAction","target":["https:\/\/www.uartes.edu.ec\/sitio\/fr\/blog\/2022\/10\/19\/la-uartes-esta-en-la-feria-expoeducenter-internacional-ecuador-es-online-y-en-un-clic-conoces-toda-nuestra-oferta-academica\/"]}]},{"@type":"ImageObject","inLanguage":"fr-FR","@id":"https:\/\/www.uartes.edu.ec\/sitio\/fr\/blog\/2022\/10\/19\/la-uartes-esta-en-la-feria-expoeducenter-internacional-ecuador-es-online-y-en-un-clic-conoces-toda-nuestra-oferta-academica\/#primaryimage","url":"https:\/\/www.uartes.edu.ec\/sitio\/wp-content\/uploads\/2022\/10\/FERIA-VIRTUAL-METAVERSO.jpg","contentUrl":"https:\/\/www.uartes.edu.ec\/sitio\/wp-content\/uploads\/2022\/10\/FERIA-VIRTUAL-METAVERSO.jpg","width":2000,"height":1333},{"@type":"BreadcrumbList","@id":"https:\/\/www.uartes.edu.ec\/sitio\/fr\/blog\/2022\/10\/19\/la-uartes-esta-en-la-feria-expoeducenter-internacional-ecuador-es-online-y-en-un-clic-conoces-toda-nuestra-oferta-academica\/#breadcrumb","itemListElement":[{"@type":"ListItem","position":1,"name":"Inicio","item":"https:\/\/www.uartes.edu.ec\/sitio\/"},{"@type":"ListItem","position":2,"name":"UArtes est\u00e1 en la Feria Expoeducenter Internacional; es online y dando un clic conoces nuestra oferta acad\u00e9mica"}]},{"@type":"WebSite","@id":"https:\/\/www.uartes.edu.ec\/sitio\/fr\/#website","url":"https:\/\/www.uartes.edu.ec\/sitio\/fr\/","name":"Universidad de las Artes","description":"Sitio oficial de la Universidad Nacional de las Artes del Ecuador","publisher":{"@id":"https:\/\/www.uartes.edu.ec\/sitio\/fr\/#organization"},"potentialAction":[{"@type":"SearchAction","target":{"@type":"EntryPoint","urlTemplate":"https:\/\/www.uartes.edu.ec\/sitio\/fr\/?s={search_term_string}"},"query-input":{"@type":"PropertyValueSpecification","valueRequired":true,"valueName":"search_term_string"}}],"inLanguage":"fr-FR"},{"@type":"Organization","@id":"https:\/\/www.uartes.edu.ec\/sitio\/fr\/#organization","name":"Universidad de las Artes","url":"https:\/\/www.uartes.edu.ec\/sitio\/fr\/","logo":{"@type":"ImageObject","inLanguage":"fr-FR","@id":"https:\/\/www.uartes.edu.ec\/sitio\/fr\/#\/schema\/logo\/image\/","url":"https:\/\/www.uartes.edu.ec\/sitio\/wp-content\/uploads\/2022\/07\/logo-ua-horizontal.png","contentUrl":"https:\/\/www.uartes.edu.ec\/sitio\/wp-content\/uploads\/2022\/07\/logo-ua-horizontal.png","width":800,"height":276,"caption":"Universidad de las Artes"},"image":{"@id":"https:\/\/www.uartes.edu.ec\/sitio\/fr\/#\/schema\/logo\/image\/"},"sameAs":["https:\/\/www.facebook.com\/uartesec","https:\/\/x.com\/uartesec","https:\/\/www.tiktok.com\/@uartesec"]},{"@type":"Person","@id":"https:\/\/www.uartes.edu.ec\/sitio\/fr\/#\/schema\/person\/efa1b8275797664fd7f13a79ccc0b1f4","name":"ccortez","image":{"@type":"ImageObject","inLanguage":"fr-FR","@id":"https:\/\/secure.gravatar.com\/avatar\/b2a6f664a3ae8e074346ef91775736c5ec479e637ecced6842de9dc98b5da9cd?s=96&d=mm&r=g","url":"https:\/\/secure.gravatar.com\/avatar\/b2a6f664a3ae8e074346ef91775736c5ec479e637ecced6842de9dc98b5da9cd?s=96&d=mm&r=g","contentUrl":"https:\/\/secure.gravatar.com\/avatar\/b2a6f664a3ae8e074346ef91775736c5ec479e637ecced6842de9dc98b5da9cd?s=96&d=mm&r=g","caption":"ccortez"},"url":"https:\/\/www.uartes.edu.ec\/sitio\/fr\/blog\/author\/ccortez\/"}]}},"uagb_featured_image_src":{"full":["https:\/\/www.uartes.edu.ec\/sitio\/wp-content\/uploads\/2022\/10\/FERIA-VIRTUAL-METAVERSO.jpg",2000,1333,false],"thumbnail":["https:\/\/www.uartes.edu.ec\/sitio\/wp-content\/uploads\/2022\/10\/FERIA-VIRTUAL-METAVERSO-150x150.jpg",150,150,true],"medium":["https:\/\/www.uartes.edu.ec\/sitio\/wp-content\/uploads\/2022\/10\/FERIA-VIRTUAL-METAVERSO-300x200.jpg",300,200,true],"medium_large":["https:\/\/www.uartes.edu.ec\/sitio\/wp-content\/uploads\/2022\/10\/FERIA-VIRTUAL-METAVERSO-768x512.jpg",768,512,true],"large":["https:\/\/www.uartes.edu.ec\/sitio\/wp-content\/uploads\/2022\/10\/FERIA-VIRTUAL-METAVERSO-644x429.jpg",644,429,true],"1536x1536":["https:\/\/www.uartes.edu.ec\/sitio\/wp-content\/uploads\/2022\/10\/FERIA-VIRTUAL-METAVERSO-1536x1024.jpg",1536,1024,true],"2048x2048":["https:\/\/www.uartes.edu.ec\/sitio\/wp-content\/uploads\/2022\/10\/FERIA-VIRTUAL-METAVERSO.jpg",2000,1333,false],"trp-custom-language-flag":["https:\/\/www.uartes.edu.ec\/sitio\/wp-content\/uploads\/2022\/10\/FERIA-VIRTUAL-METAVERSO.jpg",18,12,false],"htmega_size_585x295":["https:\/\/www.uartes.edu.ec\/sitio\/wp-content\/uploads\/2022\/10\/FERIA-VIRTUAL-METAVERSO.jpg",443,295,false],"htmega_size_1170x536":["https:\/\/www.uartes.edu.ec\/sitio\/wp-content\/uploads\/2022\/10\/FERIA-VIRTUAL-METAVERSO.jpg",804,536,false],"htmega_size_396x360":["https:\/\/www.uartes.edu.ec\/sitio\/wp-content\/uploads\/2022\/10\/FERIA-VIRTUAL-METAVERSO.jpg",396,264,false],"gb-block-post-grid-landscape":["https:\/\/www.uartes.edu.ec\/sitio\/wp-content\/uploads\/2022\/10\/FERIA-VIRTUAL-METAVERSO.jpg",600,400,false],"gb-block-post-grid-square":["https:\/\/www.uartes.edu.ec\/sitio\/wp-content\/uploads\/2022\/10\/FERIA-VIRTUAL-METAVERSO.jpg",600,400,false],"university-hub-thumb":["https:\/\/www.uartes.edu.ec\/sitio\/wp-content\/uploads\/2022\/10\/FERIA-VIRTUAL-METAVERSO-400x267.jpg",400,267,true],"mailpoet_newsletter_max":["https:\/\/www.uartes.edu.ec\/sitio\/wp-content\/uploads\/2022\/10\/FERIA-VIRTUAL-METAVERSO.jpg",1320,880,false]},"uagb_author_info":{"display_name":"ccortez","author_link":"https:\/\/www.uartes.edu.ec\/sitio\/fr\/blog\/author\/ccortez\/"},"uagb_comment_info":0,"uagb_excerpt":"La Universidad de las Artes\u00a0participa con un stand en la Feria\u00a0 Expoeducenter Internacional Ecuador 2022, que se realiza este jueves 20 y el viernes 21 de octubre v\u00eda online. Laura Nivela, funcionaria de la Secretar\u00eda Acad\u00e9mica, se\u00f1ala que en la cita se brindar\u00e1 una completa informaci\u00f3n sobre nuestras carreras de pre y posgrado, y todas\u2026","featured_image_src":"https:\/\/www.uartes.edu.ec\/sitio\/wp-content\/uploads\/2022\/10\/FERIA-VIRTUAL-METAVERSO.jpg","featured_image_src_square":"https:\/\/www.uartes.edu.ec\/sitio\/wp-content\/uploads\/2022\/10\/FERIA-VIRTUAL-METAVERSO.jpg","author_info":{"display_name":"ccortez","author_link":"https:\/\/www.uartes.edu.ec\/sitio\/fr\/blog\/author\/ccortez\/"},"publishpress_future_workflow_manual_trigger":{"enabledWorkflows":[]},"distributor_meta":false,"distributor_terms":false,"distributor_media":false,"distributor_original_site_name":"Universidad de las Artes","distributor_original_site_url":"https:\/\/www.uartes.edu.ec\/sitio\/fr","push-errors":false,"_links":{"self":[{"href":"https:\/\/www.uartes.edu.ec\/sitio\/fr\/wp-json\/wp\/v2\/posts\/29742","targetHints":{"allow":["GET"]}}],"collection":[{"href":"https:\/\/www.uartes.edu.ec\/sitio\/fr\/wp-json\/wp\/v2\/posts"}],"about":[{"href":"https:\/\/www.uartes.edu.ec\/sitio\/fr\/wp-json\/wp\/v2\/types\/post"}],"author":[{"embeddable":true,"href":"https:\/\/www.uartes.edu.ec\/sitio\/fr\/wp-json\/wp\/v2\/users\/10"}],"replies":[{"embeddable":true,"href":"https:\/\/www.uartes.edu.ec\/sitio\/fr\/wp-json\/wp\/v2\/comments?post=29742"}],"version-history":[{"count":10,"href":"https:\/\/www.uartes.edu.ec\/sitio\/fr\/wp-json\/wp\/v2\/posts\/29742\/revisions"}],"predecessor-version":[{"id":29788,"href":"https:\/\/www.uartes.edu.ec\/sitio\/fr\/wp-json\/wp\/v2\/posts\/29742\/revisions\/29788"}],"wp:featuredmedia":[{"embeddable":true,"href":"https:\/\/www.uartes.edu.ec\/sitio\/fr\/wp-json\/wp\/v2\/media\/29762"}],"wp:attachment":[{"href":"https:\/\/www.uartes.edu.ec\/sitio\/fr\/wp-json\/wp\/v2\/media?parent=29742"}],"wp:term":[{"taxonomy":"category","embeddable":true,"href":"https:\/\/www.uartes.edu.ec\/sitio\/fr\/wp-json\/wp\/v2\/categories?post=29742"},{"taxonomy":"post_tag","embeddable":true,"href":"https:\/\/www.uartes.edu.ec\/sitio\/fr\/wp-json\/wp\/v2\/tags?post=29742"},{"taxonomy":"infouartes","embeddable":true,"href":"https:\/\/www.uartes.edu.ec\/sitio\/fr\/wp-json\/wp\/v2\/infouartes?post=29742"}],"curies":[{"name":"wp","href":"https:\/\/api.w.org\/{rel}","templated":true}]}}