{"id":29866,"date":"2022-10-21T10:08:12","date_gmt":"2022-10-21T15:08:12","guid":{"rendered":"http:\/\/www.uartes.edu.ec\/sitio\/?p=29866"},"modified":"2024-07-04T11:22:44","modified_gmt":"2024-07-04T16:22:44","slug":"3-dias-de-intercambios-de-educacion-popular-arte-y-territorios-con-manglar-propuesta-interdisciplinar-uartes","status":"publish","type":"post","link":"https:\/\/www.uartes.edu.ec\/sitio\/fr\/blog\/2022\/10\/21\/3-dias-de-intercambios-de-educacion-popular-arte-y-territorios-con-manglar-propuesta-interdisciplinar-uartes\/","title":{"rendered":"3 d\u00edas de intercambios de educaci\u00f3n popular, arte y territorios en Manglar, propuesta interdisciplinar de UArtes"},"content":{"rendered":"<p>Del 24 al 26 de octubre se desarrollar\u00e1 \u201cManglar: Intercambios de educaci\u00f3n popular, artes y territorios\u201d, una propuesta interdisciplinar de la Universidad de las Artes que pretende articularse con organizaciones, colectivos, movimientos socioculturales, educadores\/as, artistas y gestores\/as locales, nacionales e internacionales. En la jornada inaugural y como mesa de apertura se hablar\u00e1 sobre la \u201cVinculaci\u00f3n con la sociedad y calidad de la educaci\u00f3n superior\u201d.<\/p>\n\n\n\n<p>El prop\u00f3sito de este IV Encuentro de Vinculaci\u00f3n con la Sociedad es tejer y construir instancias de aprendizaje colaborativo a trav\u00e9s de di\u00e1logos de saberes y reconocimiento de pr\u00e1cticas y experiencias art\u00edstico-educativas diversas, que contribuyan a la reflexi\u00f3n en torno a la pertinencia del modelo pedag\u00f3gico de la UArtes, las pedagog\u00edas de las artes y la gesti\u00f3n de la funci\u00f3n sustantiva de vinculaci\u00f3n con la sociedad.<\/p>\n\n\n\n<p>Manglar es una propuesta transversal creada desde la carrera de Pedagog\u00eda de las Artes y Humanidades de la Escuela de Literatura de la Universidad de las Artes, junto con las direcciones de Vinculaci\u00f3n con la Sociedad, Educaci\u00f3n Continua y la Jefatura de Pr\u00e1cticas Preprofesionales, que busca generar di\u00e1logos sobre los aportes de la educaci\u00f3n en artes para promover convivencias arm\u00f3nicas y ciudadan\u00edas de paz en contextos diversos.<\/p>\n\n\n\n<p>Las actividades se desarrollar\u00e1n en el Centro de Producci\u00f3n e Innovaci\u00f3n MZ14 el lunes 24 y mi\u00e9rcoles 26, con los temas \u201cUniversidad, territorio y transformaci\u00f3n social\u201d y \u201cCiudades, artes y educaci\u00f3n popular\u201d, respectivamente; y, el martes 25, en la Comuna Engabao de General Villamil Playas, donde se hablar\u00e1 de \u201cRuralidades, saberes y educaci\u00f3n popular\u201d.&nbsp;&nbsp;<\/p>\n\n\n\n<p>Mesas de di\u00e1logo, charlas magistrales, talleres de pr\u00e1cticas socieducativas, presentaciones art\u00edsticas, cortometrajes y cine comunitario son algunas de las actividades programadas para Manglar y en las que intervendr\u00e1n invitados nacionales e internacionales, docentes e investigadores de la UArtes y representantes de universidades locales, quienes compartir\u00e1n sus experiencias con los proyectos de V\u00ednculo con la Comunidad y la educaci\u00f3n en territorio.<\/p>\n\n\n<div class=\"wp-block-image\">\n<figure class=\"aligncenter size-large\"><img fetchpriority=\"high\" decoding=\"async\" width=\"644\" height=\"440\" src=\"http:\/\/www.uartes.edu.ec\/sitio\/wp-content\/uploads\/2022\/10\/Las-tres-644x440.jpg\" alt=\"\" class=\"wp-image-29948\" srcset=\"https:\/\/www.uartes.edu.ec\/sitio\/wp-content\/uploads\/2022\/10\/Las-tres-644x440.jpg 644w, https:\/\/www.uartes.edu.ec\/sitio\/wp-content\/uploads\/2022\/10\/Las-tres-768x525.jpg 768w, https:\/\/www.uartes.edu.ec\/sitio\/wp-content\/uploads\/2022\/10\/Las-tres.jpg 1402w, https:\/\/www.uartes.edu.ec\/sitio\/wp-content\/uploads\/2022\/10\/Las-tres-600x410.jpg 600w\" sizes=\"(max-width: 644px) 100vw, 644px\" \/><figcaption class=\"wp-element-caption\">Lidia Rodr\u00edguez (izq.), Gladys de Oliveira y Rafael Mondrag\u00f3n, invitados internacionales de la cita.<\/figcaption><\/figure>\n<\/div>\n\n\n<p>Mar\u00eda Alejandra Zambrano, directora de la Escuela de Literatura, menciona entre los ponentes &nbsp;internacionales a Lidia Rodr\u00edguez de la Universidad de Buenos Aires (UBA), quien dialogar\u00e1 acerca de la educaci\u00f3n popular desde las instituciones de educaci\u00f3n superior y del trabajo de investigaci\u00f3n en la educaci\u00f3n popular. \u201cHa trabajado mucho en la l\u00ednea del educador Pablo Freire; representante del Movimiento de los Sin Tierra del Brasil, de Belo Horizonte\u201d, refiri\u00f3.<\/p>\n\n\n\n<p>Rodr\u00edguez es doctora en Filosof\u00eda por la Universidad de Par\u00eds VIII, mag\u00edster en Ciencias Sociales por la Facultad Latinoamericana de Ciencias Sociales. (FLACSO), profesora de la Facultad de Filosof\u00eda y Letras de la UBA y codirectora de la maestr\u00eda en Pedagog\u00edas Cr\u00edticas y Problem\u00e1ticas Socioeducativas de la Facultad de Filosof\u00eda y Letras de la UBA.<\/p>\n\n\n\n<p>Tambi\u00e9n Gladys de Oliveira, activista, educadora popular y m\u00fasica; miembro de la coordinaci\u00f3n del Movimiento Sin Tierra (MST-Brasil), sector de cultura y educaci\u00f3n; graduada en Historia, Movimientos sociales del campo, por la Universidad Federal de Para\u00edba-Brasil; y, especialista en Trabajo, educaci\u00f3n y movimientos sociales por la Fundaci\u00f3n Oswaldo Cruz.<\/p>\n\n\n\n<p>Rafael Mondrag\u00f3n Vel\u00e1zquez, investigador del Instituto de Investigaciones Filol\u00f3gicas de la UNAM y colaborador regular en c\u00edrculos de lectura, talleres de educaci\u00f3n popular y experiencias de trabajo cultural comunitario. Entre sus libros est\u00e1 \u201cLa literatura como refugio. Palacios de palabras a lo largo del mundo\u201d (2022) (con Shekoufeh Mohammadi).<\/p>\n\n\n\n<p>La jornada inaugural de este lunes 24 iniciar\u00e1 a las 09:00 con danza contempor\u00e1nea y circo \u201cSilencio interno\u201d de \u00c1lvaro Soto, artista estudiante de la Escuela de Artes Esc\u00e9nicas. De 09:30 a 11:00, la mesa de apertura \u201cVinculaci\u00f3n con la sociedad y calidad de la educaci\u00f3n superior\u201d con las intervenciones del doctor William Herrera, rector de la UArtes; Fidel M\u00e1rquez, consejero del CES (Consejo de Educaci\u00f3n Superior); Juan Aguilar, presidente REUVIC y director de Vinculaci\u00f3n con la Sociedad de la Escuela Superior Polit\u00e9cnica de Chimborazo. Modera: Mar\u00eda Jos\u00e9 Icaza, directora de Vinculaci\u00f3n con la Sociedad de la UArtes.<\/p>\n\n\n\n<p>Descarga la agenda completa aqu\u00ed:<\/p>\n\n\n<section class='__wpdm_gb_section __wpdm_gb_package'><div class='w3eden wpdm_package_shortcode'><!-- WPDM Link Template: Call to Action 3 -->\n\n<div class=\"well c2a3\">\n    <div class=\"media\">\n        <div class=\"mr-3\" align=\"left\">\n            <img decoding=\"async\" class=\"wpdm_icon\" alt=\"Ic\u00f4ne\" src=\"https:\/\/www.uartes.edu.ec\/sitio\/wp-content\/plugins\/download-manager\/assets\/file-type-icons\/pdf.svg\" \/>\n        <\/div>\n        <div class=\"media-body\">\n            <h3 class=\"media-heading\" style=\"padding-top: 0px;border:0px;margin: 0 0 5px 0;font-size:12pt;\">\n                <a style=\"font-weight: 700\" href=\"https:\/\/www.uartes.edu.ec\/sitio\/fr\/download\/agenda-manglar-2022\/\">Agenda Manglar 2022<\/a>\n                <span style=\"font-size:8pt;font-weight:300\" class=\"text-muted ml-4\">\n                    <i class=\"fas fa-hdd mr-1\"><\/i> 404.34 KB\n                    <i class=\"ml-3 far fa-arrow-alt-circle-down mr-1\"><\/i> 1363 t\u00e9l\u00e9chargements\n                <\/span>\n            <\/h3>\n            &#8230;\n        <\/div>\n        <div class=\"ml-3\" align=\"right\">\n            <a class='wpdm-download-link download-on-click btn btn-primary btn-sm'  rel='nofollow' href='#' data-downloadurl=\"https:\/\/www.uartes.edu.ec\/sitio\/fr\/download\/agenda-manglar-2022\/?wpdmdl=29604&#038;refresh=69f143a5d7f391777419173\">T\u00e9l\u00e9charger<\/a>\n        <\/div>\n    <\/div>\n\n<\/div>\n<style>\n    .well.c2a3 .btn {\n        padding: 11px 30px;\n        font-size: 11pt;\n    }\n\n    .well.c2a3 .media-body {\n        font-size: 11pt;\n    }\n\n    .well.c2a3 .wpdm_icon {\n        height: 42px;\n        width: auto;\n    }<\/style>\n<\/div><\/section>","protected":false},"excerpt":{"rendered":"<p>Del 24 al 26 de octubre se desarrollar\u00e1 \u201cManglar: Intercambios de educaci\u00f3n popular, artes y territorios\u201d, una propuesta interdisciplinar de la UArtes que pretende articularse con organizaciones, colectivos, movimientos socioculturales, artistas, educadores y gestores nacionales e internacionales. En la jornada inaugural, se hablar\u00e1 de \u201cVinculaci\u00f3n con la sociedad y calidad de la educaci\u00f3n superior\u201d.<\/p>","protected":false},"author":10,"featured_media":30051,"comment_status":"open","ping_status":"open","sticky":false,"template":"","format":"standard","meta":{"_acf_changed":false,"_uag_custom_page_level_css":"","_monsterinsights_skip_tracking":false,"_monsterinsights_sitenote_active":false,"_monsterinsights_sitenote_note":"","_monsterinsights_sitenote_category":0,"cybocfi_hide_featured_image":"","footnotes":""},"categories":[80,75,76,175,79],"tags":[1204,820],"infouartes":[],"class_list":["post-29866","post","type-post","status-publish","format-standard","has-post-thumbnail","hentry","category-academico","category-docentes","category-estudiantes","category-literatura","category-vinculo","tag-educacion-artistica-intercultural","tag-propuesta-interdisciplinar"],"acf":[],"yoast_head":"<!-- This site is optimized with the Yoast SEO plugin v27.4 - https:\/\/yoast.com\/product\/yoast-seo-wordpress\/ -->\n<title>Universidad de las Artes - 3 d\u00edas de intercambios de educaci\u00f3n popular, arte y territorios en Manglar, propuesta interdisciplinar de UArtes<\/title>\n<meta name=\"description\" content=\"Universidad de las Artes - 3 d\u00edas de intercambios de educaci\u00f3n popular, arte y territorios en Manglar, propuesta interdisciplinar de UArtes\" \/>\n<meta name=\"robots\" content=\"index, follow, max-snippet:-1, max-image-preview:large, max-video-preview:-1\" \/>\n<link rel=\"canonical\" href=\"https:\/\/www.uartes.edu.ec\/sitio\/fr\/blog\/2022\/10\/21\/3-dias-de-intercambios-de-educacion-popular-arte-y-territorios-con-manglar-propuesta-interdisciplinar-uartes\/\" \/>\n<meta property=\"og:locale\" content=\"fr_FR\" \/>\n<meta property=\"og:type\" content=\"article\" \/>\n<meta property=\"og:title\" content=\"Universidad de las Artes - 3 d\u00edas de intercambios de educaci\u00f3n popular, arte y territorios en Manglar, propuesta interdisciplinar de UArtes\" \/>\n<meta property=\"og:description\" content=\"Universidad de las Artes - 3 d\u00edas de intercambios de educaci\u00f3n popular, arte y territorios en Manglar, propuesta interdisciplinar de UArtes\" \/>\n<meta property=\"og:url\" content=\"https:\/\/www.uartes.edu.ec\/sitio\/fr\/blog\/2022\/10\/21\/3-dias-de-intercambios-de-educacion-popular-arte-y-territorios-con-manglar-propuesta-interdisciplinar-uartes\/\" \/>\n<meta property=\"og:site_name\" content=\"Universidad de las Artes\" \/>\n<meta property=\"article:publisher\" content=\"https:\/\/www.facebook.com\/uartesec\" \/>\n<meta property=\"article:published_time\" content=\"2022-10-21T15:08:12+00:00\" \/>\n<meta property=\"article:modified_time\" content=\"2024-07-04T16:22:44+00:00\" \/>\n<meta property=\"og:image\" content=\"https:\/\/www.uartes.edu.ec\/sitio\/wp-content\/uploads\/2022\/10\/MANGLAR-afiche.jpg\" \/>\n\t<meta property=\"og:image:width\" content=\"2000\" \/>\n\t<meta property=\"og:image:height\" content=\"1333\" \/>\n\t<meta property=\"og:image:type\" content=\"image\/jpeg\" \/>\n<meta name=\"author\" content=\"ccortez\" \/>\n<meta name=\"twitter:card\" content=\"summary_large_image\" \/>\n<meta name=\"twitter:creator\" content=\"@uartesec\" \/>\n<meta name=\"twitter:site\" content=\"@uartesec\" \/>\n<meta name=\"twitter:label1\" content=\"\u00c9crit par\" \/>\n\t<meta name=\"twitter:data1\" content=\"ccortez\" \/>\n\t<meta name=\"twitter:label2\" content=\"Dur\u00e9e de lecture estim\u00e9e\" \/>\n\t<meta name=\"twitter:data2\" content=\"4 minutes\" \/>\n<script type=\"application\/ld+json\" class=\"yoast-schema-graph\">{\"@context\":\"https:\\\/\\\/schema.org\",\"@graph\":[{\"@type\":\"Article\",\"@id\":\"https:\\\/\\\/www.uartes.edu.ec\\\/sitio\\\/fr\\\/blog\\\/2022\\\/10\\\/21\\\/3-dias-de-intercambios-de-educacion-popular-arte-y-territorios-con-manglar-propuesta-interdisciplinar-uartes\\\/#article\",\"isPartOf\":{\"@id\":\"https:\\\/\\\/www.uartes.edu.ec\\\/sitio\\\/fr\\\/blog\\\/2022\\\/10\\\/21\\\/3-dias-de-intercambios-de-educacion-popular-arte-y-territorios-con-manglar-propuesta-interdisciplinar-uartes\\\/\"},\"author\":{\"name\":\"ccortez\",\"@id\":\"https:\\\/\\\/www.uartes.edu.ec\\\/sitio\\\/fr\\\/#\\\/schema\\\/person\\\/efa1b8275797664fd7f13a79ccc0b1f4\"},\"headline\":\"3 d\u00edas de intercambios de educaci\u00f3n popular, arte y territorios en Manglar, propuesta interdisciplinar de UArtes\",\"datePublished\":\"2022-10-21T15:08:12+00:00\",\"dateModified\":\"2024-07-04T16:22:44+00:00\",\"mainEntityOfPage\":{\"@id\":\"https:\\\/\\\/www.uartes.edu.ec\\\/sitio\\\/fr\\\/blog\\\/2022\\\/10\\\/21\\\/3-dias-de-intercambios-de-educacion-popular-arte-y-territorios-con-manglar-propuesta-interdisciplinar-uartes\\\/\"},\"wordCount\":740,\"commentCount\":0,\"publisher\":{\"@id\":\"https:\\\/\\\/www.uartes.edu.ec\\\/sitio\\\/fr\\\/#organization\"},\"image\":{\"@id\":\"https:\\\/\\\/www.uartes.edu.ec\\\/sitio\\\/fr\\\/blog\\\/2022\\\/10\\\/21\\\/3-dias-de-intercambios-de-educacion-popular-arte-y-territorios-con-manglar-propuesta-interdisciplinar-uartes\\\/#primaryimage\"},\"thumbnailUrl\":\"https:\\\/\\\/www.uartes.edu.ec\\\/sitio\\\/wp-content\\\/uploads\\\/2022\\\/10\\\/MANGLAR-afiche.jpg\",\"keywords\":[\"educaci\u00f3n art\u00edstica intercultural\",\"propuesta interdisciplinar\"],\"articleSection\":[\"Acad\u00e9mico\",\"Docentes\",\"Estudiantes\",\"Literatura\",\"V\u00ednculo\"],\"inLanguage\":\"fr-FR\",\"potentialAction\":[{\"@type\":\"CommentAction\",\"name\":\"Comment\",\"target\":[\"https:\\\/\\\/www.uartes.edu.ec\\\/sitio\\\/fr\\\/blog\\\/2022\\\/10\\\/21\\\/3-dias-de-intercambios-de-educacion-popular-arte-y-territorios-con-manglar-propuesta-interdisciplinar-uartes\\\/#respond\"]}]},{\"@type\":[\"WebPage\",\"ItemPage\"],\"@id\":\"https:\\\/\\\/www.uartes.edu.ec\\\/sitio\\\/fr\\\/blog\\\/2022\\\/10\\\/21\\\/3-dias-de-intercambios-de-educacion-popular-arte-y-territorios-con-manglar-propuesta-interdisciplinar-uartes\\\/\",\"url\":\"https:\\\/\\\/www.uartes.edu.ec\\\/sitio\\\/fr\\\/blog\\\/2022\\\/10\\\/21\\\/3-dias-de-intercambios-de-educacion-popular-arte-y-territorios-con-manglar-propuesta-interdisciplinar-uartes\\\/\",\"name\":\"Universidad de las Artes - 3 d\u00edas de intercambios de educaci\u00f3n popular, arte y territorios en Manglar, propuesta interdisciplinar de UArtes\",\"isPartOf\":{\"@id\":\"https:\\\/\\\/www.uartes.edu.ec\\\/sitio\\\/fr\\\/#website\"},\"primaryImageOfPage\":{\"@id\":\"https:\\\/\\\/www.uartes.edu.ec\\\/sitio\\\/fr\\\/blog\\\/2022\\\/10\\\/21\\\/3-dias-de-intercambios-de-educacion-popular-arte-y-territorios-con-manglar-propuesta-interdisciplinar-uartes\\\/#primaryimage\"},\"image\":{\"@id\":\"https:\\\/\\\/www.uartes.edu.ec\\\/sitio\\\/fr\\\/blog\\\/2022\\\/10\\\/21\\\/3-dias-de-intercambios-de-educacion-popular-arte-y-territorios-con-manglar-propuesta-interdisciplinar-uartes\\\/#primaryimage\"},\"thumbnailUrl\":\"https:\\\/\\\/www.uartes.edu.ec\\\/sitio\\\/wp-content\\\/uploads\\\/2022\\\/10\\\/MANGLAR-afiche.jpg\",\"datePublished\":\"2022-10-21T15:08:12+00:00\",\"dateModified\":\"2024-07-04T16:22:44+00:00\",\"description\":\"Universidad de las Artes - 3 d\u00edas de intercambios de educaci\u00f3n popular, arte y territorios en Manglar, propuesta interdisciplinar de UArtes\",\"breadcrumb\":{\"@id\":\"https:\\\/\\\/www.uartes.edu.ec\\\/sitio\\\/fr\\\/blog\\\/2022\\\/10\\\/21\\\/3-dias-de-intercambios-de-educacion-popular-arte-y-territorios-con-manglar-propuesta-interdisciplinar-uartes\\\/#breadcrumb\"},\"inLanguage\":\"fr-FR\",\"potentialAction\":[{\"@type\":\"ReadAction\",\"target\":[\"https:\\\/\\\/www.uartes.edu.ec\\\/sitio\\\/fr\\\/blog\\\/2022\\\/10\\\/21\\\/3-dias-de-intercambios-de-educacion-popular-arte-y-territorios-con-manglar-propuesta-interdisciplinar-uartes\\\/\"]}]},{\"@type\":\"ImageObject\",\"inLanguage\":\"fr-FR\",\"@id\":\"https:\\\/\\\/www.uartes.edu.ec\\\/sitio\\\/fr\\\/blog\\\/2022\\\/10\\\/21\\\/3-dias-de-intercambios-de-educacion-popular-arte-y-territorios-con-manglar-propuesta-interdisciplinar-uartes\\\/#primaryimage\",\"url\":\"https:\\\/\\\/www.uartes.edu.ec\\\/sitio\\\/wp-content\\\/uploads\\\/2022\\\/10\\\/MANGLAR-afiche.jpg\",\"contentUrl\":\"https:\\\/\\\/www.uartes.edu.ec\\\/sitio\\\/wp-content\\\/uploads\\\/2022\\\/10\\\/MANGLAR-afiche.jpg\",\"width\":2000,\"height\":1333},{\"@type\":\"BreadcrumbList\",\"@id\":\"https:\\\/\\\/www.uartes.edu.ec\\\/sitio\\\/fr\\\/blog\\\/2022\\\/10\\\/21\\\/3-dias-de-intercambios-de-educacion-popular-arte-y-territorios-con-manglar-propuesta-interdisciplinar-uartes\\\/#breadcrumb\",\"itemListElement\":[{\"@type\":\"ListItem\",\"position\":1,\"name\":\"Inicio\",\"item\":\"https:\\\/\\\/www.uartes.edu.ec\\\/sitio\\\/\"},{\"@type\":\"ListItem\",\"position\":2,\"name\":\"3 d\u00edas de intercambios de educaci\u00f3n popular, arte y territorios en Manglar, propuesta interdisciplinar de UArtes\"}]},{\"@type\":\"WebSite\",\"@id\":\"https:\\\/\\\/www.uartes.edu.ec\\\/sitio\\\/fr\\\/#website\",\"url\":\"https:\\\/\\\/www.uartes.edu.ec\\\/sitio\\\/fr\\\/\",\"name\":\"Universidad de las Artes\",\"description\":\"Sitio oficial de la Universidad Nacional de las Artes del Ecuador\",\"publisher\":{\"@id\":\"https:\\\/\\\/www.uartes.edu.ec\\\/sitio\\\/fr\\\/#organization\"},\"potentialAction\":[{\"@type\":\"SearchAction\",\"target\":{\"@type\":\"EntryPoint\",\"urlTemplate\":\"https:\\\/\\\/www.uartes.edu.ec\\\/sitio\\\/fr\\\/?s={search_term_string}\"},\"query-input\":{\"@type\":\"PropertyValueSpecification\",\"valueRequired\":true,\"valueName\":\"search_term_string\"}}],\"inLanguage\":\"fr-FR\"},{\"@type\":\"Organization\",\"@id\":\"https:\\\/\\\/www.uartes.edu.ec\\\/sitio\\\/fr\\\/#organization\",\"name\":\"Universidad de las Artes\",\"url\":\"https:\\\/\\\/www.uartes.edu.ec\\\/sitio\\\/fr\\\/\",\"logo\":{\"@type\":\"ImageObject\",\"inLanguage\":\"fr-FR\",\"@id\":\"https:\\\/\\\/www.uartes.edu.ec\\\/sitio\\\/fr\\\/#\\\/schema\\\/logo\\\/image\\\/\",\"url\":\"https:\\\/\\\/www.uartes.edu.ec\\\/sitio\\\/wp-content\\\/uploads\\\/2022\\\/07\\\/logo-ua-horizontal.png\",\"contentUrl\":\"https:\\\/\\\/www.uartes.edu.ec\\\/sitio\\\/wp-content\\\/uploads\\\/2022\\\/07\\\/logo-ua-horizontal.png\",\"width\":800,\"height\":276,\"caption\":\"Universidad de las Artes\"},\"image\":{\"@id\":\"https:\\\/\\\/www.uartes.edu.ec\\\/sitio\\\/fr\\\/#\\\/schema\\\/logo\\\/image\\\/\"},\"sameAs\":[\"https:\\\/\\\/www.facebook.com\\\/uartesec\",\"https:\\\/\\\/x.com\\\/uartesec\",\"https:\\\/\\\/www.tiktok.com\\\/@uartesec\"]},{\"@type\":\"Person\",\"@id\":\"https:\\\/\\\/www.uartes.edu.ec\\\/sitio\\\/fr\\\/#\\\/schema\\\/person\\\/efa1b8275797664fd7f13a79ccc0b1f4\",\"name\":\"ccortez\",\"image\":{\"@type\":\"ImageObject\",\"inLanguage\":\"fr-FR\",\"@id\":\"https:\\\/\\\/secure.gravatar.com\\\/avatar\\\/b2a6f664a3ae8e074346ef91775736c5ec479e637ecced6842de9dc98b5da9cd?s=96&d=mm&r=g\",\"url\":\"https:\\\/\\\/secure.gravatar.com\\\/avatar\\\/b2a6f664a3ae8e074346ef91775736c5ec479e637ecced6842de9dc98b5da9cd?s=96&d=mm&r=g\",\"contentUrl\":\"https:\\\/\\\/secure.gravatar.com\\\/avatar\\\/b2a6f664a3ae8e074346ef91775736c5ec479e637ecced6842de9dc98b5da9cd?s=96&d=mm&r=g\",\"caption\":\"ccortez\"},\"url\":\"https:\\\/\\\/www.uartes.edu.ec\\\/sitio\\\/fr\\\/blog\\\/author\\\/ccortez\\\/\"}]}<\/script>\n<!-- \/ Yoast SEO plugin. -->","yoast_head_json":{"title":"Universidad de las Artes - 3 d\u00edas de intercambios de educaci\u00f3n popular, arte y territorios en Manglar, propuesta interdisciplinar de UArtes","description":"Universidad de las Artes - 3 d\u00edas de intercambios de educaci\u00f3n popular, arte y territorios en Manglar, propuesta interdisciplinar de UArtes","robots":{"index":"index","follow":"follow","max-snippet":"max-snippet:-1","max-image-preview":"max-image-preview:large","max-video-preview":"max-video-preview:-1"},"canonical":"https:\/\/www.uartes.edu.ec\/sitio\/fr\/blog\/2022\/10\/21\/3-dias-de-intercambios-de-educacion-popular-arte-y-territorios-con-manglar-propuesta-interdisciplinar-uartes\/","og_locale":"fr_FR","og_type":"article","og_title":"Universidad de las Artes - 3 d\u00edas de intercambios de educaci\u00f3n popular, arte y territorios en Manglar, propuesta interdisciplinar de UArtes","og_description":"Universidad de las Artes - 3 d\u00edas de intercambios de educaci\u00f3n popular, arte y territorios en Manglar, propuesta interdisciplinar de UArtes","og_url":"https:\/\/www.uartes.edu.ec\/sitio\/fr\/blog\/2022\/10\/21\/3-dias-de-intercambios-de-educacion-popular-arte-y-territorios-con-manglar-propuesta-interdisciplinar-uartes\/","og_site_name":"Universidad de las Artes","article_publisher":"https:\/\/www.facebook.com\/uartesec","article_published_time":"2022-10-21T15:08:12+00:00","article_modified_time":"2024-07-04T16:22:44+00:00","og_image":[{"width":2000,"height":1333,"url":"https:\/\/www.uartes.edu.ec\/sitio\/wp-content\/uploads\/2022\/10\/MANGLAR-afiche.jpg","type":"image\/jpeg"}],"author":"ccortez","twitter_card":"summary_large_image","twitter_creator":"@uartesec","twitter_site":"@uartesec","twitter_misc":{"\u00c9crit par":"ccortez","Dur\u00e9e de lecture estim\u00e9e":"4 minutes"},"schema":{"@context":"https:\/\/schema.org","@graph":[{"@type":"Article","@id":"https:\/\/www.uartes.edu.ec\/sitio\/fr\/blog\/2022\/10\/21\/3-dias-de-intercambios-de-educacion-popular-arte-y-territorios-con-manglar-propuesta-interdisciplinar-uartes\/#article","isPartOf":{"@id":"https:\/\/www.uartes.edu.ec\/sitio\/fr\/blog\/2022\/10\/21\/3-dias-de-intercambios-de-educacion-popular-arte-y-territorios-con-manglar-propuesta-interdisciplinar-uartes\/"},"author":{"name":"ccortez","@id":"https:\/\/www.uartes.edu.ec\/sitio\/fr\/#\/schema\/person\/efa1b8275797664fd7f13a79ccc0b1f4"},"headline":"3 d\u00edas de intercambios de educaci\u00f3n popular, arte y territorios en Manglar, propuesta interdisciplinar de UArtes","datePublished":"2022-10-21T15:08:12+00:00","dateModified":"2024-07-04T16:22:44+00:00","mainEntityOfPage":{"@id":"https:\/\/www.uartes.edu.ec\/sitio\/fr\/blog\/2022\/10\/21\/3-dias-de-intercambios-de-educacion-popular-arte-y-territorios-con-manglar-propuesta-interdisciplinar-uartes\/"},"wordCount":740,"commentCount":0,"publisher":{"@id":"https:\/\/www.uartes.edu.ec\/sitio\/fr\/#organization"},"image":{"@id":"https:\/\/www.uartes.edu.ec\/sitio\/fr\/blog\/2022\/10\/21\/3-dias-de-intercambios-de-educacion-popular-arte-y-territorios-con-manglar-propuesta-interdisciplinar-uartes\/#primaryimage"},"thumbnailUrl":"https:\/\/www.uartes.edu.ec\/sitio\/wp-content\/uploads\/2022\/10\/MANGLAR-afiche.jpg","keywords":["educaci\u00f3n art\u00edstica intercultural","propuesta interdisciplinar"],"articleSection":["Acad\u00e9mico","Docentes","Estudiantes","Literatura","V\u00ednculo"],"inLanguage":"fr-FR","potentialAction":[{"@type":"CommentAction","name":"Comment","target":["https:\/\/www.uartes.edu.ec\/sitio\/fr\/blog\/2022\/10\/21\/3-dias-de-intercambios-de-educacion-popular-arte-y-territorios-con-manglar-propuesta-interdisciplinar-uartes\/#respond"]}]},{"@type":["WebPage","ItemPage"],"@id":"https:\/\/www.uartes.edu.ec\/sitio\/fr\/blog\/2022\/10\/21\/3-dias-de-intercambios-de-educacion-popular-arte-y-territorios-con-manglar-propuesta-interdisciplinar-uartes\/","url":"https:\/\/www.uartes.edu.ec\/sitio\/fr\/blog\/2022\/10\/21\/3-dias-de-intercambios-de-educacion-popular-arte-y-territorios-con-manglar-propuesta-interdisciplinar-uartes\/","name":"Universidad de las Artes - 3 d\u00edas de intercambios de educaci\u00f3n popular, arte y territorios en Manglar, propuesta interdisciplinar de UArtes","isPartOf":{"@id":"https:\/\/www.uartes.edu.ec\/sitio\/fr\/#website"},"primaryImageOfPage":{"@id":"https:\/\/www.uartes.edu.ec\/sitio\/fr\/blog\/2022\/10\/21\/3-dias-de-intercambios-de-educacion-popular-arte-y-territorios-con-manglar-propuesta-interdisciplinar-uartes\/#primaryimage"},"image":{"@id":"https:\/\/www.uartes.edu.ec\/sitio\/fr\/blog\/2022\/10\/21\/3-dias-de-intercambios-de-educacion-popular-arte-y-territorios-con-manglar-propuesta-interdisciplinar-uartes\/#primaryimage"},"thumbnailUrl":"https:\/\/www.uartes.edu.ec\/sitio\/wp-content\/uploads\/2022\/10\/MANGLAR-afiche.jpg","datePublished":"2022-10-21T15:08:12+00:00","dateModified":"2024-07-04T16:22:44+00:00","description":"Universidad de las Artes - 3 d\u00edas de intercambios de educaci\u00f3n popular, arte y territorios en Manglar, propuesta interdisciplinar de UArtes","breadcrumb":{"@id":"https:\/\/www.uartes.edu.ec\/sitio\/fr\/blog\/2022\/10\/21\/3-dias-de-intercambios-de-educacion-popular-arte-y-territorios-con-manglar-propuesta-interdisciplinar-uartes\/#breadcrumb"},"inLanguage":"fr-FR","potentialAction":[{"@type":"ReadAction","target":["https:\/\/www.uartes.edu.ec\/sitio\/fr\/blog\/2022\/10\/21\/3-dias-de-intercambios-de-educacion-popular-arte-y-territorios-con-manglar-propuesta-interdisciplinar-uartes\/"]}]},{"@type":"ImageObject","inLanguage":"fr-FR","@id":"https:\/\/www.uartes.edu.ec\/sitio\/fr\/blog\/2022\/10\/21\/3-dias-de-intercambios-de-educacion-popular-arte-y-territorios-con-manglar-propuesta-interdisciplinar-uartes\/#primaryimage","url":"https:\/\/www.uartes.edu.ec\/sitio\/wp-content\/uploads\/2022\/10\/MANGLAR-afiche.jpg","contentUrl":"https:\/\/www.uartes.edu.ec\/sitio\/wp-content\/uploads\/2022\/10\/MANGLAR-afiche.jpg","width":2000,"height":1333},{"@type":"BreadcrumbList","@id":"https:\/\/www.uartes.edu.ec\/sitio\/fr\/blog\/2022\/10\/21\/3-dias-de-intercambios-de-educacion-popular-arte-y-territorios-con-manglar-propuesta-interdisciplinar-uartes\/#breadcrumb","itemListElement":[{"@type":"ListItem","position":1,"name":"Inicio","item":"https:\/\/www.uartes.edu.ec\/sitio\/"},{"@type":"ListItem","position":2,"name":"3 d\u00edas de intercambios de educaci\u00f3n popular, arte y territorios en Manglar, propuesta interdisciplinar de UArtes"}]},{"@type":"WebSite","@id":"https:\/\/www.uartes.edu.ec\/sitio\/fr\/#website","url":"https:\/\/www.uartes.edu.ec\/sitio\/fr\/","name":"Universidad de las Artes","description":"Sitio oficial de la Universidad Nacional de las Artes del Ecuador","publisher":{"@id":"https:\/\/www.uartes.edu.ec\/sitio\/fr\/#organization"},"potentialAction":[{"@type":"SearchAction","target":{"@type":"EntryPoint","urlTemplate":"https:\/\/www.uartes.edu.ec\/sitio\/fr\/?s={search_term_string}"},"query-input":{"@type":"PropertyValueSpecification","valueRequired":true,"valueName":"search_term_string"}}],"inLanguage":"fr-FR"},{"@type":"Organization","@id":"https:\/\/www.uartes.edu.ec\/sitio\/fr\/#organization","name":"Universidad de las Artes","url":"https:\/\/www.uartes.edu.ec\/sitio\/fr\/","logo":{"@type":"ImageObject","inLanguage":"fr-FR","@id":"https:\/\/www.uartes.edu.ec\/sitio\/fr\/#\/schema\/logo\/image\/","url":"https:\/\/www.uartes.edu.ec\/sitio\/wp-content\/uploads\/2022\/07\/logo-ua-horizontal.png","contentUrl":"https:\/\/www.uartes.edu.ec\/sitio\/wp-content\/uploads\/2022\/07\/logo-ua-horizontal.png","width":800,"height":276,"caption":"Universidad de las Artes"},"image":{"@id":"https:\/\/www.uartes.edu.ec\/sitio\/fr\/#\/schema\/logo\/image\/"},"sameAs":["https:\/\/www.facebook.com\/uartesec","https:\/\/x.com\/uartesec","https:\/\/www.tiktok.com\/@uartesec"]},{"@type":"Person","@id":"https:\/\/www.uartes.edu.ec\/sitio\/fr\/#\/schema\/person\/efa1b8275797664fd7f13a79ccc0b1f4","name":"ccortez","image":{"@type":"ImageObject","inLanguage":"fr-FR","@id":"https:\/\/secure.gravatar.com\/avatar\/b2a6f664a3ae8e074346ef91775736c5ec479e637ecced6842de9dc98b5da9cd?s=96&d=mm&r=g","url":"https:\/\/secure.gravatar.com\/avatar\/b2a6f664a3ae8e074346ef91775736c5ec479e637ecced6842de9dc98b5da9cd?s=96&d=mm&r=g","contentUrl":"https:\/\/secure.gravatar.com\/avatar\/b2a6f664a3ae8e074346ef91775736c5ec479e637ecced6842de9dc98b5da9cd?s=96&d=mm&r=g","caption":"ccortez"},"url":"https:\/\/www.uartes.edu.ec\/sitio\/fr\/blog\/author\/ccortez\/"}]}},"uagb_featured_image_src":{"full":["https:\/\/www.uartes.edu.ec\/sitio\/wp-content\/uploads\/2022\/10\/MANGLAR-afiche.jpg",2000,1333,false],"thumbnail":["https:\/\/www.uartes.edu.ec\/sitio\/wp-content\/uploads\/2022\/10\/MANGLAR-afiche-150x150.jpg",150,150,true],"medium":["https:\/\/www.uartes.edu.ec\/sitio\/wp-content\/uploads\/2022\/10\/MANGLAR-afiche-300x200.jpg",300,200,true],"medium_large":["https:\/\/www.uartes.edu.ec\/sitio\/wp-content\/uploads\/2022\/10\/MANGLAR-afiche-768x512.jpg",768,512,true],"large":["https:\/\/www.uartes.edu.ec\/sitio\/wp-content\/uploads\/2022\/10\/MANGLAR-afiche-644x429.jpg",644,429,true],"1536x1536":["https:\/\/www.uartes.edu.ec\/sitio\/wp-content\/uploads\/2022\/10\/MANGLAR-afiche-1536x1024.jpg",1536,1024,true],"2048x2048":["https:\/\/www.uartes.edu.ec\/sitio\/wp-content\/uploads\/2022\/10\/MANGLAR-afiche.jpg",2000,1333,false],"trp-custom-language-flag":["https:\/\/www.uartes.edu.ec\/sitio\/wp-content\/uploads\/2022\/10\/MANGLAR-afiche.jpg",18,12,false],"htmega_size_585x295":["https:\/\/www.uartes.edu.ec\/sitio\/wp-content\/uploads\/2022\/10\/MANGLAR-afiche.jpg",443,295,false],"htmega_size_1170x536":["https:\/\/www.uartes.edu.ec\/sitio\/wp-content\/uploads\/2022\/10\/MANGLAR-afiche.jpg",804,536,false],"htmega_size_396x360":["https:\/\/www.uartes.edu.ec\/sitio\/wp-content\/uploads\/2022\/10\/MANGLAR-afiche.jpg",396,264,false],"gb-block-post-grid-landscape":["https:\/\/www.uartes.edu.ec\/sitio\/wp-content\/uploads\/2022\/10\/MANGLAR-afiche.jpg",600,400,false],"gb-block-post-grid-square":["https:\/\/www.uartes.edu.ec\/sitio\/wp-content\/uploads\/2022\/10\/MANGLAR-afiche.jpg",600,400,false],"university-hub-thumb":["https:\/\/www.uartes.edu.ec\/sitio\/wp-content\/uploads\/2022\/10\/MANGLAR-afiche-400x267.jpg",400,267,true]},"uagb_author_info":{"display_name":"ccortez","author_link":"https:\/\/www.uartes.edu.ec\/sitio\/fr\/blog\/author\/ccortez\/"},"uagb_comment_info":0,"uagb_excerpt":"Del 24 al 26 de octubre se desarrollar\u00e1 \u201cManglar: Intercambios de educaci\u00f3n popular, artes y territorios\u201d, una propuesta interdisciplinar de la UArtes que pretende articularse con organizaciones, colectivos, movimientos socioculturales, artistas, educadores y gestores nacionales e internacionales. En la jornada inaugural, se hablar\u00e1 de \u201cVinculaci\u00f3n con la sociedad y calidad de la educaci\u00f3n superior\u201d.","featured_image_src":"https:\/\/www.uartes.edu.ec\/sitio\/wp-content\/uploads\/2022\/10\/MANGLAR-afiche.jpg","featured_image_src_square":"https:\/\/www.uartes.edu.ec\/sitio\/wp-content\/uploads\/2022\/10\/MANGLAR-afiche.jpg","author_info":{"display_name":"ccortez","author_link":"https:\/\/www.uartes.edu.ec\/sitio\/fr\/blog\/author\/ccortez\/"},"publishpress_future_workflow_manual_trigger":{"enabledWorkflows":[]},"distributor_meta":false,"distributor_terms":false,"distributor_media":false,"distributor_original_site_name":"Universidad de las Artes","distributor_original_site_url":"https:\/\/www.uartes.edu.ec\/sitio\/fr","push-errors":false,"_links":{"self":[{"href":"https:\/\/www.uartes.edu.ec\/sitio\/fr\/wp-json\/wp\/v2\/posts\/29866","targetHints":{"allow":["GET"]}}],"collection":[{"href":"https:\/\/www.uartes.edu.ec\/sitio\/fr\/wp-json\/wp\/v2\/posts"}],"about":[{"href":"https:\/\/www.uartes.edu.ec\/sitio\/fr\/wp-json\/wp\/v2\/types\/post"}],"author":[{"embeddable":true,"href":"https:\/\/www.uartes.edu.ec\/sitio\/fr\/wp-json\/wp\/v2\/users\/10"}],"replies":[{"embeddable":true,"href":"https:\/\/www.uartes.edu.ec\/sitio\/fr\/wp-json\/wp\/v2\/comments?post=29866"}],"version-history":[{"count":13,"href":"https:\/\/www.uartes.edu.ec\/sitio\/fr\/wp-json\/wp\/v2\/posts\/29866\/revisions"}],"predecessor-version":[{"id":35720,"href":"https:\/\/www.uartes.edu.ec\/sitio\/fr\/wp-json\/wp\/v2\/posts\/29866\/revisions\/35720"}],"wp:featuredmedia":[{"embeddable":true,"href":"https:\/\/www.uartes.edu.ec\/sitio\/fr\/wp-json\/wp\/v2\/media\/30051"}],"wp:attachment":[{"href":"https:\/\/www.uartes.edu.ec\/sitio\/fr\/wp-json\/wp\/v2\/media?parent=29866"}],"wp:term":[{"taxonomy":"category","embeddable":true,"href":"https:\/\/www.uartes.edu.ec\/sitio\/fr\/wp-json\/wp\/v2\/categories?post=29866"},{"taxonomy":"post_tag","embeddable":true,"href":"https:\/\/www.uartes.edu.ec\/sitio\/fr\/wp-json\/wp\/v2\/tags?post=29866"},{"taxonomy":"infouartes","embeddable":true,"href":"https:\/\/www.uartes.edu.ec\/sitio\/fr\/wp-json\/wp\/v2\/infouartes?post=29866"}],"curies":[{"name":"wp","href":"https:\/\/api.w.org\/{rel}","templated":true}]}}