{"id":30596,"date":"2022-10-26T20:09:10","date_gmt":"2022-10-27T01:09:10","guid":{"rendered":"http:\/\/www.uartes.edu.ec\/sitio\/?p=30596"},"modified":"2024-07-04T11:22:42","modified_gmt":"2024-07-04T16:22:42","slug":"uartes-con-manglar-en-la-comuna-engabao-para-hablar-de-ruralidades-saberes-y-educacion-popular","status":"publish","type":"post","link":"https:\/\/www.uartes.edu.ec\/sitio\/fr\/blog\/2022\/10\/26\/uartes-con-manglar-en-la-comuna-engabao-para-hablar-de-ruralidades-saberes-y-educacion-popular\/","title":{"rendered":"UArtes, con \u201cManglar\u201d en la Comuna Engabao para hablar de ruralidades, saberes y educaci\u00f3n popular"},"content":{"rendered":"<p>Las actividades del segundo d\u00eda de \u201cManglar: Intercambio de educaci\u00f3n popular, artes y territorios\u201d, que se desarrolla en el marco del IV Encuentro de Vinculaci\u00f3n con la Sociedad, tuvieron lugar este martes 25 de octubre en la Comuna Engabao, ubicada en el cant\u00f3n General Villamil Playas, de la provincia del Guayas.<\/p>\n\n\n\n<p>Concebida como una propuesta transversal creada desde la carrera de Pedagog\u00eda de las Artes y Humanidades (PAH) de la Escuela de Literatura de la Universidad de las Artes, junto con las direcciones de Vinculaci\u00f3n con la Sociedad, Educaci\u00f3n Continua y la Jefatura de Pr\u00e1cticas Preprofesionales, el desplazamiento a territorio tuvo como prop\u00f3sito abordar el eje tem\u00e1tico las \u201cruralidades, los saberes y la educaci\u00f3n popular\u201d. En ese sentido, era necesario acudir hasta la comuna ancestral de Engabao para \u201cgenerar di\u00e1logos sobre los aportes de la educaci\u00f3n en artes para promover convivencias arm\u00f3nicas y ciudadan\u00edas de paz en contextos diversos\u201d. &nbsp;<\/p>\n\n\n\n<p>Como presidente de la Comuna Engabao, Jacinto Panchana fue quien dio la bienvenida a los docentes, estudiantes de varias carreras de la UArtes, no solo de PAH, e invitados locales, nacionales e internacionales que intervienen en \u201cManglar\u201d, inaugurado este lunes 24.<\/p>\n\n\n\n<p>Acorde a la agenda, y como parte de los talleres creativos y procesos comunitarios, se desarrollaron las presentaciones de Engabatucada, agrupaci\u00f3n conformada por ni\u00f1as y ni\u00f1os de Engabao; de un filminuto documental dirigido por Michael Lojano, en el abordaje de la reconstrucci\u00f3n de la identidad y la memoria social; un mural participativo contextualizado; y, un conversatorio con el grupo Enchaquirados y las mujeres tejedoras de coronas mortuorias.<\/p>\n\n\n<div class=\"wp-block-image\">\n<figure class=\"aligncenter size-large\"><img fetchpriority=\"high\" decoding=\"async\" width=\"644\" height=\"429\" src=\"http:\/\/www.uartes.edu.ec\/sitio\/wp-content\/uploads\/2022\/10\/14-MANGLAR-WEB-1-644x429.jpg\" alt=\"\" class=\"wp-image-30599\" srcset=\"https:\/\/www.uartes.edu.ec\/sitio\/wp-content\/uploads\/2022\/10\/14-MANGLAR-WEB-1-644x429.jpg 644w, https:\/\/www.uartes.edu.ec\/sitio\/wp-content\/uploads\/2022\/10\/14-MANGLAR-WEB-1-768x511.jpg 768w, https:\/\/www.uartes.edu.ec\/sitio\/wp-content\/uploads\/2022\/10\/14-MANGLAR-WEB-1.jpg 2000w, https:\/\/www.uartes.edu.ec\/sitio\/wp-content\/uploads\/2022\/10\/14-MANGLAR-WEB-1-600x399.jpg 600w, https:\/\/www.uartes.edu.ec\/sitio\/wp-content\/uploads\/2022\/10\/14-MANGLAR-WEB-1-272x182.jpg 272w\" sizes=\"(max-width: 644px) 100vw, 644px\" \/><\/figure>\n<\/div>\n\n\n<p>Hubo tambi\u00e9n una mesa de di\u00e1logo con Gladys de Oliveira, representante del Movimiento de Trabajadores Rurales Sin Tierra (MST), de Brasil; B\u00e9lgica Chela, directora ejecutiva de Escuelas Radiof\u00f3nicas Populares del Ecuador (ERPE); y, Linver Nazareno Castillo, artista, educador y gestor cultural de Muisne. Como moderador intervino Byron Cevallos, coordinador acad\u00e9mico de la carrera de PAH de la UArtes. Con ellos, Lidia Rodr\u00edguez, docente de la Universidad de Buenos Aires (UBA), y Mario Egas, director de la Escuela de Artes Sonoras de la Universidad de Nari\u00f1o, Colombia.<\/p>\n\n\n\n<p>En di\u00e1logo con InfoUArtes, el tambi\u00e9n docente indic\u00f3 que el encuentro con la Comuna Engabao se dio en el marco de la vinculaci\u00f3n con la sociedad y la pedagog\u00eda de las artes, entendi\u00e9ndose que puede ser integrador y no estar separados, \u201cque hacemos pedagog\u00eda con la comunidad y que aprendemos y ense\u00f1amos artes con la comunidad\u201d.<\/p>\n\n\n\n<p>Engabao es una comuna ancestral que tiene una memoria hist\u00f3rica como descendiente de los&nbsp;Huancavilcas y mucha identidad colectiva en relaci\u00f3n a la comunidad de los pueblos originarios. Los l\u00edderes y las mujeres, expres\u00f3 Cevallos, est\u00e1n permanentemente hablando del cacique Tumbal\u00e1, de la memoria de este personaje y de un pueblo que se mantiene resistencia.<\/p>\n\n\n\n<p>Todo fue sumamente enriquecedor. Hubo el encuentro con las se\u00f1oras de la comunidad que tienen la tradici\u00f3n de hacer coronas mortuorias, flores artesanales por el D\u00eda de los Difuntos, las cuales nos mostraron, refiri\u00f3 Cevallos.<\/p>\n\n\n<div class=\"wp-block-image\">\n<figure class=\"aligncenter size-large\"><img decoding=\"async\" width=\"644\" height=\"429\" src=\"http:\/\/www.uartes.edu.ec\/sitio\/wp-content\/uploads\/2022\/10\/ENGABAO-RESTANTES-2-644x429.jpg\" alt=\"\" class=\"wp-image-30758\" srcset=\"https:\/\/www.uartes.edu.ec\/sitio\/wp-content\/uploads\/2022\/10\/ENGABAO-RESTANTES-2-644x429.jpg 644w, https:\/\/www.uartes.edu.ec\/sitio\/wp-content\/uploads\/2022\/10\/ENGABAO-RESTANTES-2-768x511.jpg 768w, https:\/\/www.uartes.edu.ec\/sitio\/wp-content\/uploads\/2022\/10\/ENGABAO-RESTANTES-2.jpg 2000w, https:\/\/www.uartes.edu.ec\/sitio\/wp-content\/uploads\/2022\/10\/ENGABAO-RESTANTES-2-600x399.jpg 600w, https:\/\/www.uartes.edu.ec\/sitio\/wp-content\/uploads\/2022\/10\/ENGABAO-RESTANTES-2-272x182.jpg 272w\" sizes=\"(max-width: 644px) 100vw, 644px\" \/><\/figure>\n<\/div>\n\n\n<p>En cuanto al di\u00e1logo entablado con los invitados internacionales. Cevallos cont\u00f3 que Panchana, como presidente de la Comuna Engabao, explic\u00f3 lo que esta es. Luego, Gladys de Oliveira, del MST de Brasil, manifest\u00f3 que, si bien este surgi\u00f3 en su pa\u00eds, tiene presencia en los cinco continentes y alrededor de 40 mil miembros en todo el mundo. \u201cEs un movimiento pol\u00edtico, organizado, aut\u00f3nomo; son campesinos que fueron desplazados y despojados de sus tierras, comparti\u00f3 ella, y que llevan m\u00e1s de 60 a\u00f1os en la lucha de sus tierras. Dijo que han pedido una reforma agraria, han influido en la Constituci\u00f3n brasile\u00f1a para que sus territorios sean devueltos\u201d.<\/p>\n\n\n\n<p>Agreg\u00f3 que la participaci\u00f3n de Oliveira, quien ya retorn\u00f3 a Brasil, se dio justamente para generar un debate cr\u00edtico entorno al rol de las artes. \u201cElla es m\u00fasica, nos cant\u00f3, hizo una remembranza de su pueblo y cont\u00f3 que el MST tiene una escuela de artes y que promueve las artes populares como un mecanismo de concientizaci\u00f3n, que haya un despertar, un pensamiento cr\u00edtico y toma de conciencia hacia otras formas de vida: el campo, la agroecolog\u00eda y la vida en comunidad\u201d. &nbsp;<\/p>\n\n\n\n<p>Engabao tambi\u00e9n ha sido un territorio proclive al tr\u00e1fico de tierras, tanto por corporaciones como por intereses personales. Entonces, tambi\u00e9n se registran pugnas por ser un territorio ancestral amparado por la Constituci\u00f3n, probablemente por eso estaban muy conmovidos por los relatos de Oliveira, expres\u00f3 Cevallos.<\/p>\n\n\n\n<p>La siguiente expositora fue B\u00e9lgica Chela, como directora ejecutiva de ERPE, proyecto que surgi\u00f3 en Ecuador hace 60 a\u00f1os con monse\u00f1or Leonidas Proa\u00f1o (+). \u201cUna gran oportunidad que haya podido asistir. Es una mujer ind\u00edgena de la comunidad kichwa de Riobamba, es comunicadora popular y l\u00edder de todo este proceso de alfabetizaci\u00f3n\u201d, dijo Cevallos.<\/p>\n\n\n\n<p>Indic\u00f3 que existe una fundaci\u00f3n que genera permanentemente procesos de educaci\u00f3n y comunicaci\u00f3n comunitaria. Hace todo un proceso de cooperativismo y tiene varios espacios de difusi\u00f3n. \u201cERPES es una de las ra\u00edces de lo que significa la educaci\u00f3n intercultural en el pa\u00eds, que surgi\u00f3 con Dolores Cacuango y Tr\u00e1nsito Amagua\u00f1a\u201d.<\/p>\n\n\n<div class=\"wp-block-image\">\n<figure class=\"aligncenter size-large\"><img decoding=\"async\" width=\"644\" height=\"429\" src=\"http:\/\/www.uartes.edu.ec\/sitio\/wp-content\/uploads\/2022\/10\/ENGABAO-RESTANTES-1-644x429.jpg\" alt=\"\" class=\"wp-image-30759\" srcset=\"https:\/\/www.uartes.edu.ec\/sitio\/wp-content\/uploads\/2022\/10\/ENGABAO-RESTANTES-1-644x429.jpg 644w, https:\/\/www.uartes.edu.ec\/sitio\/wp-content\/uploads\/2022\/10\/ENGABAO-RESTANTES-1-768x511.jpg 768w, https:\/\/www.uartes.edu.ec\/sitio\/wp-content\/uploads\/2022\/10\/ENGABAO-RESTANTES-1.jpg 2000w, https:\/\/www.uartes.edu.ec\/sitio\/wp-content\/uploads\/2022\/10\/ENGABAO-RESTANTES-1-600x399.jpg 600w, https:\/\/www.uartes.edu.ec\/sitio\/wp-content\/uploads\/2022\/10\/ENGABAO-RESTANTES-1-272x182.jpg 272w\" sizes=\"(max-width: 644px) 100vw, 644px\" \/><\/figure>\n<\/div>\n\n\n<p>Otra de las intervenciones que cautiv\u00f3 a los participantes fue la de Linver Nazareno, \u201cun representante de la oralidad afroesmeralde\u00f1a. Nos comparti\u00f3 cuentos, mitos, c\u00e1nticos. Transmiti\u00f3 mucha informaci\u00f3n con una tradici\u00f3n oral incre\u00edble. Un compartir de su memoria y sentir impresionantes\u201d.<\/p>\n\n\n\n<p>Nazareno, a\u00f1adi\u00f3 Cevallos, ense\u00f1\u00f3 sobre las d\u00e9cimas, las redandillas, figuras po\u00e9ticas que viene de la oralidad, que se han transformado en canciones y rimas, con las cuales se transmiten saberes, valores y conocimientos. \u201cHabl\u00f3 del respeto por la naturaleza que est\u00e1 en los pueblos afrodescendientes y el saber compartir\u201d.<\/p>\n\n\n\n<p>\u201cManglar\u201d en Engabao, anot\u00f3 Cevallos, nos permiti\u00f3 reconocer que hay mucho m\u00e1s all\u00e1 de los libros. Muchas veces se piensa que el conocimiento ya est\u00e1 escrito y dado, pero los expositores, sus oralidades e incluso experiencia emp\u00edrica demostraron que no. Eso es precisamente la educaci\u00f3n popular, reconocer que hay otros conocimientos y saberes en las comunidades excluidas e hist\u00f3ricamente marginadas como los afrodescendientes, ind\u00edgenas y campesinos, y c\u00f3mo las artes pueden ser un v\u00ednculo para transformar esa realidad de desigualdad e injusticia.<\/p>","protected":false},"excerpt":{"rendered":"<p>Las actividades del segundo d\u00eda de \u201cManglar: Intercambio de educaci\u00f3n popular, artes y territorios\u201d, que se desarrolla en el marco del IV Encuentro de Vinculaci\u00f3n con la Sociedad, tuvieron lugar este martes 25 de octubre en la Comuna Engabao, ubicada en el cant\u00f3n General Villamil Playas, de la provincia del Guayas. El eje tem\u00e1tico fue las \u201cruralidades, los saberes y la educaci\u00f3n popular\u201d.<\/p>","protected":false},"author":10,"featured_media":30597,"comment_status":"open","ping_status":"open","sticky":false,"template":"","format":"standard","meta":{"_acf_changed":false,"_uag_custom_page_level_css":"","_monsterinsights_skip_tracking":false,"_monsterinsights_sitenote_active":false,"_monsterinsights_sitenote_note":"","_monsterinsights_sitenote_category":0,"cybocfi_hide_featured_image":"","footnotes":""},"categories":[80,82,75,76,284,175,79],"tags":[823],"infouartes":[],"class_list":["post-30596","post","type-post","status-publish","format-standard","has-post-thumbnail","hentry","category-academico","category-artes","category-docentes","category-estudiantes","category-investigacion","category-literatura","category-vinculo","tag-manglar-2"],"acf":[],"yoast_head":"<!-- This site is optimized with the Yoast SEO plugin v27.4 - https:\/\/yoast.com\/product\/yoast-seo-wordpress\/ -->\n<title>Universidad de las Artes - UArtes, con \u201cManglar\u201d en la Comuna Engabao para hablar de ruralidades, saberes y educaci\u00f3n popular<\/title>\n<meta name=\"description\" content=\"Universidad de las Artes - UArtes, con \u201cManglar\u201d en la Comuna Engabao para hablar de ruralidades, saberes y educaci\u00f3n popular\" \/>\n<meta name=\"robots\" content=\"index, follow, max-snippet:-1, max-image-preview:large, max-video-preview:-1\" \/>\n<link rel=\"canonical\" href=\"https:\/\/www.uartes.edu.ec\/sitio\/fr\/blog\/2022\/10\/26\/uartes-con-manglar-en-la-comuna-engabao-para-hablar-de-ruralidades-saberes-y-educacion-popular\/\" \/>\n<meta property=\"og:locale\" content=\"fr_FR\" \/>\n<meta property=\"og:type\" content=\"article\" \/>\n<meta property=\"og:title\" content=\"Universidad de las Artes - UArtes, con \u201cManglar\u201d en la Comuna Engabao para hablar de ruralidades, saberes y educaci\u00f3n popular\" \/>\n<meta property=\"og:description\" content=\"Universidad de las Artes - UArtes, con \u201cManglar\u201d en la Comuna Engabao para hablar de ruralidades, saberes y educaci\u00f3n popular\" \/>\n<meta property=\"og:url\" content=\"https:\/\/www.uartes.edu.ec\/sitio\/fr\/blog\/2022\/10\/26\/uartes-con-manglar-en-la-comuna-engabao-para-hablar-de-ruralidades-saberes-y-educacion-popular\/\" \/>\n<meta property=\"og:site_name\" content=\"Universidad de las Artes\" \/>\n<meta property=\"article:publisher\" content=\"https:\/\/www.facebook.com\/uartesec\" \/>\n<meta property=\"article:published_time\" content=\"2022-10-27T01:09:10+00:00\" \/>\n<meta property=\"article:modified_time\" content=\"2024-07-04T16:22:42+00:00\" \/>\n<meta property=\"og:image\" content=\"https:\/\/www.uartes.edu.ec\/sitio\/wp-content\/uploads\/2022\/10\/13-MANGLAR-WEB.jpg\" \/>\n\t<meta property=\"og:image:width\" content=\"2000\" \/>\n\t<meta property=\"og:image:height\" content=\"1333\" \/>\n\t<meta property=\"og:image:type\" content=\"image\/jpeg\" \/>\n<meta name=\"author\" content=\"ccortez\" \/>\n<meta name=\"twitter:card\" content=\"summary_large_image\" \/>\n<meta name=\"twitter:creator\" content=\"@uartesec\" \/>\n<meta name=\"twitter:site\" content=\"@uartesec\" \/>\n<meta name=\"twitter:label1\" content=\"\u00c9crit par\" \/>\n\t<meta name=\"twitter:data1\" content=\"ccortez\" \/>\n\t<meta name=\"twitter:label2\" content=\"Dur\u00e9e de lecture estim\u00e9e\" \/>\n\t<meta name=\"twitter:data2\" content=\"6 minutes\" \/>\n<script type=\"application\/ld+json\" class=\"yoast-schema-graph\">{\"@context\":\"https:\\\/\\\/schema.org\",\"@graph\":[{\"@type\":\"Article\",\"@id\":\"https:\\\/\\\/www.uartes.edu.ec\\\/sitio\\\/fr\\\/blog\\\/2022\\\/10\\\/26\\\/uartes-con-manglar-en-la-comuna-engabao-para-hablar-de-ruralidades-saberes-y-educacion-popular\\\/#article\",\"isPartOf\":{\"@id\":\"https:\\\/\\\/www.uartes.edu.ec\\\/sitio\\\/fr\\\/blog\\\/2022\\\/10\\\/26\\\/uartes-con-manglar-en-la-comuna-engabao-para-hablar-de-ruralidades-saberes-y-educacion-popular\\\/\"},\"author\":{\"name\":\"ccortez\",\"@id\":\"https:\\\/\\\/www.uartes.edu.ec\\\/sitio\\\/fr\\\/#\\\/schema\\\/person\\\/efa1b8275797664fd7f13a79ccc0b1f4\"},\"headline\":\"UArtes, con \u201cManglar\u201d en la Comuna Engabao para hablar de ruralidades, saberes y educaci\u00f3n popular\",\"datePublished\":\"2022-10-27T01:09:10+00:00\",\"dateModified\":\"2024-07-04T16:22:42+00:00\",\"mainEntityOfPage\":{\"@id\":\"https:\\\/\\\/www.uartes.edu.ec\\\/sitio\\\/fr\\\/blog\\\/2022\\\/10\\\/26\\\/uartes-con-manglar-en-la-comuna-engabao-para-hablar-de-ruralidades-saberes-y-educacion-popular\\\/\"},\"wordCount\":1101,\"commentCount\":0,\"publisher\":{\"@id\":\"https:\\\/\\\/www.uartes.edu.ec\\\/sitio\\\/fr\\\/#organization\"},\"image\":{\"@id\":\"https:\\\/\\\/www.uartes.edu.ec\\\/sitio\\\/fr\\\/blog\\\/2022\\\/10\\\/26\\\/uartes-con-manglar-en-la-comuna-engabao-para-hablar-de-ruralidades-saberes-y-educacion-popular\\\/#primaryimage\"},\"thumbnailUrl\":\"https:\\\/\\\/www.uartes.edu.ec\\\/sitio\\\/wp-content\\\/uploads\\\/2022\\\/10\\\/13-MANGLAR-WEB.jpg\",\"keywords\":[\"&quot;Manglar&quot;\"],\"articleSection\":[\"Acad\u00e9mico\",\"Artes\",\"Docentes\",\"Estudiantes\",\"Investigaci\u00f3n\",\"Literatura\",\"V\u00ednculo\"],\"inLanguage\":\"fr-FR\",\"potentialAction\":[{\"@type\":\"CommentAction\",\"name\":\"Comment\",\"target\":[\"https:\\\/\\\/www.uartes.edu.ec\\\/sitio\\\/fr\\\/blog\\\/2022\\\/10\\\/26\\\/uartes-con-manglar-en-la-comuna-engabao-para-hablar-de-ruralidades-saberes-y-educacion-popular\\\/#respond\"]}]},{\"@type\":[\"WebPage\",\"ItemPage\"],\"@id\":\"https:\\\/\\\/www.uartes.edu.ec\\\/sitio\\\/fr\\\/blog\\\/2022\\\/10\\\/26\\\/uartes-con-manglar-en-la-comuna-engabao-para-hablar-de-ruralidades-saberes-y-educacion-popular\\\/\",\"url\":\"https:\\\/\\\/www.uartes.edu.ec\\\/sitio\\\/fr\\\/blog\\\/2022\\\/10\\\/26\\\/uartes-con-manglar-en-la-comuna-engabao-para-hablar-de-ruralidades-saberes-y-educacion-popular\\\/\",\"name\":\"Universidad de las Artes - UArtes, con \u201cManglar\u201d en la Comuna Engabao para hablar de ruralidades, saberes y educaci\u00f3n popular\",\"isPartOf\":{\"@id\":\"https:\\\/\\\/www.uartes.edu.ec\\\/sitio\\\/fr\\\/#website\"},\"primaryImageOfPage\":{\"@id\":\"https:\\\/\\\/www.uartes.edu.ec\\\/sitio\\\/fr\\\/blog\\\/2022\\\/10\\\/26\\\/uartes-con-manglar-en-la-comuna-engabao-para-hablar-de-ruralidades-saberes-y-educacion-popular\\\/#primaryimage\"},\"image\":{\"@id\":\"https:\\\/\\\/www.uartes.edu.ec\\\/sitio\\\/fr\\\/blog\\\/2022\\\/10\\\/26\\\/uartes-con-manglar-en-la-comuna-engabao-para-hablar-de-ruralidades-saberes-y-educacion-popular\\\/#primaryimage\"},\"thumbnailUrl\":\"https:\\\/\\\/www.uartes.edu.ec\\\/sitio\\\/wp-content\\\/uploads\\\/2022\\\/10\\\/13-MANGLAR-WEB.jpg\",\"datePublished\":\"2022-10-27T01:09:10+00:00\",\"dateModified\":\"2024-07-04T16:22:42+00:00\",\"description\":\"Universidad de las Artes - UArtes, con \u201cManglar\u201d en la Comuna Engabao para hablar de ruralidades, saberes y educaci\u00f3n popular\",\"breadcrumb\":{\"@id\":\"https:\\\/\\\/www.uartes.edu.ec\\\/sitio\\\/fr\\\/blog\\\/2022\\\/10\\\/26\\\/uartes-con-manglar-en-la-comuna-engabao-para-hablar-de-ruralidades-saberes-y-educacion-popular\\\/#breadcrumb\"},\"inLanguage\":\"fr-FR\",\"potentialAction\":[{\"@type\":\"ReadAction\",\"target\":[\"https:\\\/\\\/www.uartes.edu.ec\\\/sitio\\\/fr\\\/blog\\\/2022\\\/10\\\/26\\\/uartes-con-manglar-en-la-comuna-engabao-para-hablar-de-ruralidades-saberes-y-educacion-popular\\\/\"]}]},{\"@type\":\"ImageObject\",\"inLanguage\":\"fr-FR\",\"@id\":\"https:\\\/\\\/www.uartes.edu.ec\\\/sitio\\\/fr\\\/blog\\\/2022\\\/10\\\/26\\\/uartes-con-manglar-en-la-comuna-engabao-para-hablar-de-ruralidades-saberes-y-educacion-popular\\\/#primaryimage\",\"url\":\"https:\\\/\\\/www.uartes.edu.ec\\\/sitio\\\/wp-content\\\/uploads\\\/2022\\\/10\\\/13-MANGLAR-WEB.jpg\",\"contentUrl\":\"https:\\\/\\\/www.uartes.edu.ec\\\/sitio\\\/wp-content\\\/uploads\\\/2022\\\/10\\\/13-MANGLAR-WEB.jpg\",\"width\":2000,\"height\":1333},{\"@type\":\"BreadcrumbList\",\"@id\":\"https:\\\/\\\/www.uartes.edu.ec\\\/sitio\\\/fr\\\/blog\\\/2022\\\/10\\\/26\\\/uartes-con-manglar-en-la-comuna-engabao-para-hablar-de-ruralidades-saberes-y-educacion-popular\\\/#breadcrumb\",\"itemListElement\":[{\"@type\":\"ListItem\",\"position\":1,\"name\":\"Inicio\",\"item\":\"https:\\\/\\\/www.uartes.edu.ec\\\/sitio\\\/\"},{\"@type\":\"ListItem\",\"position\":2,\"name\":\"UArtes, con \u201cManglar\u201d en la Comuna Engabao para hablar de ruralidades, saberes y educaci\u00f3n popular\"}]},{\"@type\":\"WebSite\",\"@id\":\"https:\\\/\\\/www.uartes.edu.ec\\\/sitio\\\/fr\\\/#website\",\"url\":\"https:\\\/\\\/www.uartes.edu.ec\\\/sitio\\\/fr\\\/\",\"name\":\"Universidad de las Artes\",\"description\":\"Sitio oficial de la Universidad Nacional de las Artes del Ecuador\",\"publisher\":{\"@id\":\"https:\\\/\\\/www.uartes.edu.ec\\\/sitio\\\/fr\\\/#organization\"},\"potentialAction\":[{\"@type\":\"SearchAction\",\"target\":{\"@type\":\"EntryPoint\",\"urlTemplate\":\"https:\\\/\\\/www.uartes.edu.ec\\\/sitio\\\/fr\\\/?s={search_term_string}\"},\"query-input\":{\"@type\":\"PropertyValueSpecification\",\"valueRequired\":true,\"valueName\":\"search_term_string\"}}],\"inLanguage\":\"fr-FR\"},{\"@type\":\"Organization\",\"@id\":\"https:\\\/\\\/www.uartes.edu.ec\\\/sitio\\\/fr\\\/#organization\",\"name\":\"Universidad de las Artes\",\"url\":\"https:\\\/\\\/www.uartes.edu.ec\\\/sitio\\\/fr\\\/\",\"logo\":{\"@type\":\"ImageObject\",\"inLanguage\":\"fr-FR\",\"@id\":\"https:\\\/\\\/www.uartes.edu.ec\\\/sitio\\\/fr\\\/#\\\/schema\\\/logo\\\/image\\\/\",\"url\":\"https:\\\/\\\/www.uartes.edu.ec\\\/sitio\\\/wp-content\\\/uploads\\\/2022\\\/07\\\/logo-ua-horizontal.png\",\"contentUrl\":\"https:\\\/\\\/www.uartes.edu.ec\\\/sitio\\\/wp-content\\\/uploads\\\/2022\\\/07\\\/logo-ua-horizontal.png\",\"width\":800,\"height\":276,\"caption\":\"Universidad de las Artes\"},\"image\":{\"@id\":\"https:\\\/\\\/www.uartes.edu.ec\\\/sitio\\\/fr\\\/#\\\/schema\\\/logo\\\/image\\\/\"},\"sameAs\":[\"https:\\\/\\\/www.facebook.com\\\/uartesec\",\"https:\\\/\\\/x.com\\\/uartesec\",\"https:\\\/\\\/www.tiktok.com\\\/@uartesec\"]},{\"@type\":\"Person\",\"@id\":\"https:\\\/\\\/www.uartes.edu.ec\\\/sitio\\\/fr\\\/#\\\/schema\\\/person\\\/efa1b8275797664fd7f13a79ccc0b1f4\",\"name\":\"ccortez\",\"image\":{\"@type\":\"ImageObject\",\"inLanguage\":\"fr-FR\",\"@id\":\"https:\\\/\\\/secure.gravatar.com\\\/avatar\\\/b2a6f664a3ae8e074346ef91775736c5ec479e637ecced6842de9dc98b5da9cd?s=96&d=mm&r=g\",\"url\":\"https:\\\/\\\/secure.gravatar.com\\\/avatar\\\/b2a6f664a3ae8e074346ef91775736c5ec479e637ecced6842de9dc98b5da9cd?s=96&d=mm&r=g\",\"contentUrl\":\"https:\\\/\\\/secure.gravatar.com\\\/avatar\\\/b2a6f664a3ae8e074346ef91775736c5ec479e637ecced6842de9dc98b5da9cd?s=96&d=mm&r=g\",\"caption\":\"ccortez\"},\"url\":\"https:\\\/\\\/www.uartes.edu.ec\\\/sitio\\\/fr\\\/blog\\\/author\\\/ccortez\\\/\"}]}<\/script>\n<!-- \/ Yoast SEO plugin. -->","yoast_head_json":{"title":"Universidad de las Artes - UArtes, con \u201cManglar\u201d en la Comuna Engabao para hablar de ruralidades, saberes y educaci\u00f3n popular","description":"Universidad de las Artes - UArtes, con \u201cManglar\u201d en la Comuna Engabao para hablar de ruralidades, saberes y educaci\u00f3n popular","robots":{"index":"index","follow":"follow","max-snippet":"max-snippet:-1","max-image-preview":"max-image-preview:large","max-video-preview":"max-video-preview:-1"},"canonical":"https:\/\/www.uartes.edu.ec\/sitio\/fr\/blog\/2022\/10\/26\/uartes-con-manglar-en-la-comuna-engabao-para-hablar-de-ruralidades-saberes-y-educacion-popular\/","og_locale":"fr_FR","og_type":"article","og_title":"Universidad de las Artes - UArtes, con \u201cManglar\u201d en la Comuna Engabao para hablar de ruralidades, saberes y educaci\u00f3n popular","og_description":"Universidad de las Artes - UArtes, con \u201cManglar\u201d en la Comuna Engabao para hablar de ruralidades, saberes y educaci\u00f3n popular","og_url":"https:\/\/www.uartes.edu.ec\/sitio\/fr\/blog\/2022\/10\/26\/uartes-con-manglar-en-la-comuna-engabao-para-hablar-de-ruralidades-saberes-y-educacion-popular\/","og_site_name":"Universidad de las Artes","article_publisher":"https:\/\/www.facebook.com\/uartesec","article_published_time":"2022-10-27T01:09:10+00:00","article_modified_time":"2024-07-04T16:22:42+00:00","og_image":[{"width":2000,"height":1333,"url":"https:\/\/www.uartes.edu.ec\/sitio\/wp-content\/uploads\/2022\/10\/13-MANGLAR-WEB.jpg","type":"image\/jpeg"}],"author":"ccortez","twitter_card":"summary_large_image","twitter_creator":"@uartesec","twitter_site":"@uartesec","twitter_misc":{"\u00c9crit par":"ccortez","Dur\u00e9e de lecture estim\u00e9e":"6 minutes"},"schema":{"@context":"https:\/\/schema.org","@graph":[{"@type":"Article","@id":"https:\/\/www.uartes.edu.ec\/sitio\/fr\/blog\/2022\/10\/26\/uartes-con-manglar-en-la-comuna-engabao-para-hablar-de-ruralidades-saberes-y-educacion-popular\/#article","isPartOf":{"@id":"https:\/\/www.uartes.edu.ec\/sitio\/fr\/blog\/2022\/10\/26\/uartes-con-manglar-en-la-comuna-engabao-para-hablar-de-ruralidades-saberes-y-educacion-popular\/"},"author":{"name":"ccortez","@id":"https:\/\/www.uartes.edu.ec\/sitio\/fr\/#\/schema\/person\/efa1b8275797664fd7f13a79ccc0b1f4"},"headline":"UArtes, con \u201cManglar\u201d en la Comuna Engabao para hablar de ruralidades, saberes y educaci\u00f3n popular","datePublished":"2022-10-27T01:09:10+00:00","dateModified":"2024-07-04T16:22:42+00:00","mainEntityOfPage":{"@id":"https:\/\/www.uartes.edu.ec\/sitio\/fr\/blog\/2022\/10\/26\/uartes-con-manglar-en-la-comuna-engabao-para-hablar-de-ruralidades-saberes-y-educacion-popular\/"},"wordCount":1101,"commentCount":0,"publisher":{"@id":"https:\/\/www.uartes.edu.ec\/sitio\/fr\/#organization"},"image":{"@id":"https:\/\/www.uartes.edu.ec\/sitio\/fr\/blog\/2022\/10\/26\/uartes-con-manglar-en-la-comuna-engabao-para-hablar-de-ruralidades-saberes-y-educacion-popular\/#primaryimage"},"thumbnailUrl":"https:\/\/www.uartes.edu.ec\/sitio\/wp-content\/uploads\/2022\/10\/13-MANGLAR-WEB.jpg","keywords":["&quot;Manglar&quot;"],"articleSection":["Acad\u00e9mico","Artes","Docentes","Estudiantes","Investigaci\u00f3n","Literatura","V\u00ednculo"],"inLanguage":"fr-FR","potentialAction":[{"@type":"CommentAction","name":"Comment","target":["https:\/\/www.uartes.edu.ec\/sitio\/fr\/blog\/2022\/10\/26\/uartes-con-manglar-en-la-comuna-engabao-para-hablar-de-ruralidades-saberes-y-educacion-popular\/#respond"]}]},{"@type":["WebPage","ItemPage"],"@id":"https:\/\/www.uartes.edu.ec\/sitio\/fr\/blog\/2022\/10\/26\/uartes-con-manglar-en-la-comuna-engabao-para-hablar-de-ruralidades-saberes-y-educacion-popular\/","url":"https:\/\/www.uartes.edu.ec\/sitio\/fr\/blog\/2022\/10\/26\/uartes-con-manglar-en-la-comuna-engabao-para-hablar-de-ruralidades-saberes-y-educacion-popular\/","name":"Universidad de las Artes - UArtes, con \u201cManglar\u201d en la Comuna Engabao para hablar de ruralidades, saberes y educaci\u00f3n popular","isPartOf":{"@id":"https:\/\/www.uartes.edu.ec\/sitio\/fr\/#website"},"primaryImageOfPage":{"@id":"https:\/\/www.uartes.edu.ec\/sitio\/fr\/blog\/2022\/10\/26\/uartes-con-manglar-en-la-comuna-engabao-para-hablar-de-ruralidades-saberes-y-educacion-popular\/#primaryimage"},"image":{"@id":"https:\/\/www.uartes.edu.ec\/sitio\/fr\/blog\/2022\/10\/26\/uartes-con-manglar-en-la-comuna-engabao-para-hablar-de-ruralidades-saberes-y-educacion-popular\/#primaryimage"},"thumbnailUrl":"https:\/\/www.uartes.edu.ec\/sitio\/wp-content\/uploads\/2022\/10\/13-MANGLAR-WEB.jpg","datePublished":"2022-10-27T01:09:10+00:00","dateModified":"2024-07-04T16:22:42+00:00","description":"Universidad de las Artes - UArtes, con \u201cManglar\u201d en la Comuna Engabao para hablar de ruralidades, saberes y educaci\u00f3n popular","breadcrumb":{"@id":"https:\/\/www.uartes.edu.ec\/sitio\/fr\/blog\/2022\/10\/26\/uartes-con-manglar-en-la-comuna-engabao-para-hablar-de-ruralidades-saberes-y-educacion-popular\/#breadcrumb"},"inLanguage":"fr-FR","potentialAction":[{"@type":"ReadAction","target":["https:\/\/www.uartes.edu.ec\/sitio\/fr\/blog\/2022\/10\/26\/uartes-con-manglar-en-la-comuna-engabao-para-hablar-de-ruralidades-saberes-y-educacion-popular\/"]}]},{"@type":"ImageObject","inLanguage":"fr-FR","@id":"https:\/\/www.uartes.edu.ec\/sitio\/fr\/blog\/2022\/10\/26\/uartes-con-manglar-en-la-comuna-engabao-para-hablar-de-ruralidades-saberes-y-educacion-popular\/#primaryimage","url":"https:\/\/www.uartes.edu.ec\/sitio\/wp-content\/uploads\/2022\/10\/13-MANGLAR-WEB.jpg","contentUrl":"https:\/\/www.uartes.edu.ec\/sitio\/wp-content\/uploads\/2022\/10\/13-MANGLAR-WEB.jpg","width":2000,"height":1333},{"@type":"BreadcrumbList","@id":"https:\/\/www.uartes.edu.ec\/sitio\/fr\/blog\/2022\/10\/26\/uartes-con-manglar-en-la-comuna-engabao-para-hablar-de-ruralidades-saberes-y-educacion-popular\/#breadcrumb","itemListElement":[{"@type":"ListItem","position":1,"name":"Inicio","item":"https:\/\/www.uartes.edu.ec\/sitio\/"},{"@type":"ListItem","position":2,"name":"UArtes, con \u201cManglar\u201d en la Comuna Engabao para hablar de ruralidades, saberes y educaci\u00f3n popular"}]},{"@type":"WebSite","@id":"https:\/\/www.uartes.edu.ec\/sitio\/fr\/#website","url":"https:\/\/www.uartes.edu.ec\/sitio\/fr\/","name":"Universidad de las Artes","description":"Sitio oficial de la Universidad Nacional de las Artes del Ecuador","publisher":{"@id":"https:\/\/www.uartes.edu.ec\/sitio\/fr\/#organization"},"potentialAction":[{"@type":"SearchAction","target":{"@type":"EntryPoint","urlTemplate":"https:\/\/www.uartes.edu.ec\/sitio\/fr\/?s={search_term_string}"},"query-input":{"@type":"PropertyValueSpecification","valueRequired":true,"valueName":"search_term_string"}}],"inLanguage":"fr-FR"},{"@type":"Organization","@id":"https:\/\/www.uartes.edu.ec\/sitio\/fr\/#organization","name":"Universidad de las Artes","url":"https:\/\/www.uartes.edu.ec\/sitio\/fr\/","logo":{"@type":"ImageObject","inLanguage":"fr-FR","@id":"https:\/\/www.uartes.edu.ec\/sitio\/fr\/#\/schema\/logo\/image\/","url":"https:\/\/www.uartes.edu.ec\/sitio\/wp-content\/uploads\/2022\/07\/logo-ua-horizontal.png","contentUrl":"https:\/\/www.uartes.edu.ec\/sitio\/wp-content\/uploads\/2022\/07\/logo-ua-horizontal.png","width":800,"height":276,"caption":"Universidad de las Artes"},"image":{"@id":"https:\/\/www.uartes.edu.ec\/sitio\/fr\/#\/schema\/logo\/image\/"},"sameAs":["https:\/\/www.facebook.com\/uartesec","https:\/\/x.com\/uartesec","https:\/\/www.tiktok.com\/@uartesec"]},{"@type":"Person","@id":"https:\/\/www.uartes.edu.ec\/sitio\/fr\/#\/schema\/person\/efa1b8275797664fd7f13a79ccc0b1f4","name":"ccortez","image":{"@type":"ImageObject","inLanguage":"fr-FR","@id":"https:\/\/secure.gravatar.com\/avatar\/b2a6f664a3ae8e074346ef91775736c5ec479e637ecced6842de9dc98b5da9cd?s=96&d=mm&r=g","url":"https:\/\/secure.gravatar.com\/avatar\/b2a6f664a3ae8e074346ef91775736c5ec479e637ecced6842de9dc98b5da9cd?s=96&d=mm&r=g","contentUrl":"https:\/\/secure.gravatar.com\/avatar\/b2a6f664a3ae8e074346ef91775736c5ec479e637ecced6842de9dc98b5da9cd?s=96&d=mm&r=g","caption":"ccortez"},"url":"https:\/\/www.uartes.edu.ec\/sitio\/fr\/blog\/author\/ccortez\/"}]}},"uagb_featured_image_src":{"full":["https:\/\/www.uartes.edu.ec\/sitio\/wp-content\/uploads\/2022\/10\/13-MANGLAR-WEB.jpg",2000,1333,false],"thumbnail":["https:\/\/www.uartes.edu.ec\/sitio\/wp-content\/uploads\/2022\/10\/13-MANGLAR-WEB-150x150.jpg",150,150,true],"medium":["https:\/\/www.uartes.edu.ec\/sitio\/wp-content\/uploads\/2022\/10\/13-MANGLAR-WEB-300x200.jpg",300,200,true],"medium_large":["https:\/\/www.uartes.edu.ec\/sitio\/wp-content\/uploads\/2022\/10\/13-MANGLAR-WEB-768x512.jpg",768,512,true],"large":["https:\/\/www.uartes.edu.ec\/sitio\/wp-content\/uploads\/2022\/10\/13-MANGLAR-WEB-644x429.jpg",644,429,true],"1536x1536":["https:\/\/www.uartes.edu.ec\/sitio\/wp-content\/uploads\/2022\/10\/13-MANGLAR-WEB-1536x1024.jpg",1536,1024,true],"2048x2048":["https:\/\/www.uartes.edu.ec\/sitio\/wp-content\/uploads\/2022\/10\/13-MANGLAR-WEB.jpg",2000,1333,false],"trp-custom-language-flag":["https:\/\/www.uartes.edu.ec\/sitio\/wp-content\/uploads\/2022\/10\/13-MANGLAR-WEB.jpg",18,12,false],"htmega_size_585x295":["https:\/\/www.uartes.edu.ec\/sitio\/wp-content\/uploads\/2022\/10\/13-MANGLAR-WEB.jpg",443,295,false],"htmega_size_1170x536":["https:\/\/www.uartes.edu.ec\/sitio\/wp-content\/uploads\/2022\/10\/13-MANGLAR-WEB.jpg",804,536,false],"htmega_size_396x360":["https:\/\/www.uartes.edu.ec\/sitio\/wp-content\/uploads\/2022\/10\/13-MANGLAR-WEB.jpg",396,264,false],"gb-block-post-grid-landscape":["https:\/\/www.uartes.edu.ec\/sitio\/wp-content\/uploads\/2022\/10\/13-MANGLAR-WEB.jpg",600,400,false],"gb-block-post-grid-square":["https:\/\/www.uartes.edu.ec\/sitio\/wp-content\/uploads\/2022\/10\/13-MANGLAR-WEB.jpg",600,400,false],"university-hub-thumb":["https:\/\/www.uartes.edu.ec\/sitio\/wp-content\/uploads\/2022\/10\/13-MANGLAR-WEB-400x267.jpg",400,267,true],"mailpoet_newsletter_max":["https:\/\/www.uartes.edu.ec\/sitio\/wp-content\/uploads\/2022\/10\/13-MANGLAR-WEB.jpg",1320,880,false]},"uagb_author_info":{"display_name":"ccortez","author_link":"https:\/\/www.uartes.edu.ec\/sitio\/fr\/blog\/author\/ccortez\/"},"uagb_comment_info":0,"uagb_excerpt":"Las actividades del segundo d\u00eda de \u201cManglar: Intercambio de educaci\u00f3n popular, artes y territorios\u201d, que se desarrolla en el marco del IV Encuentro de Vinculaci\u00f3n con la Sociedad, tuvieron lugar este martes 25 de octubre en la Comuna Engabao, ubicada en el cant\u00f3n General Villamil Playas, de la provincia del Guayas. El eje tem\u00e1tico fue\u2026","featured_image_src":"https:\/\/www.uartes.edu.ec\/sitio\/wp-content\/uploads\/2022\/10\/13-MANGLAR-WEB.jpg","featured_image_src_square":"https:\/\/www.uartes.edu.ec\/sitio\/wp-content\/uploads\/2022\/10\/13-MANGLAR-WEB.jpg","author_info":{"display_name":"ccortez","author_link":"https:\/\/www.uartes.edu.ec\/sitio\/fr\/blog\/author\/ccortez\/"},"publishpress_future_workflow_manual_trigger":{"enabledWorkflows":[]},"distributor_meta":false,"distributor_terms":false,"distributor_media":false,"distributor_original_site_name":"Universidad de las Artes","distributor_original_site_url":"https:\/\/www.uartes.edu.ec\/sitio\/fr","push-errors":false,"_links":{"self":[{"href":"https:\/\/www.uartes.edu.ec\/sitio\/fr\/wp-json\/wp\/v2\/posts\/30596","targetHints":{"allow":["GET"]}}],"collection":[{"href":"https:\/\/www.uartes.edu.ec\/sitio\/fr\/wp-json\/wp\/v2\/posts"}],"about":[{"href":"https:\/\/www.uartes.edu.ec\/sitio\/fr\/wp-json\/wp\/v2\/types\/post"}],"author":[{"embeddable":true,"href":"https:\/\/www.uartes.edu.ec\/sitio\/fr\/wp-json\/wp\/v2\/users\/10"}],"replies":[{"embeddable":true,"href":"https:\/\/www.uartes.edu.ec\/sitio\/fr\/wp-json\/wp\/v2\/comments?post=30596"}],"version-history":[{"count":2,"href":"https:\/\/www.uartes.edu.ec\/sitio\/fr\/wp-json\/wp\/v2\/posts\/30596\/revisions"}],"predecessor-version":[{"id":30760,"href":"https:\/\/www.uartes.edu.ec\/sitio\/fr\/wp-json\/wp\/v2\/posts\/30596\/revisions\/30760"}],"wp:featuredmedia":[{"embeddable":true,"href":"https:\/\/www.uartes.edu.ec\/sitio\/fr\/wp-json\/wp\/v2\/media\/30597"}],"wp:attachment":[{"href":"https:\/\/www.uartes.edu.ec\/sitio\/fr\/wp-json\/wp\/v2\/media?parent=30596"}],"wp:term":[{"taxonomy":"category","embeddable":true,"href":"https:\/\/www.uartes.edu.ec\/sitio\/fr\/wp-json\/wp\/v2\/categories?post=30596"},{"taxonomy":"post_tag","embeddable":true,"href":"https:\/\/www.uartes.edu.ec\/sitio\/fr\/wp-json\/wp\/v2\/tags?post=30596"},{"taxonomy":"infouartes","embeddable":true,"href":"https:\/\/www.uartes.edu.ec\/sitio\/fr\/wp-json\/wp\/v2\/infouartes?post=30596"}],"curies":[{"name":"wp","href":"https:\/\/api.w.org\/{rel}","templated":true}]}}