{"id":30707,"date":"2022-10-26T22:00:00","date_gmt":"2022-10-27T03:00:00","guid":{"rendered":"http:\/\/www.uartes.edu.ec\/sitio\/?p=30707"},"modified":"2024-07-04T11:22:42","modified_gmt":"2024-07-04T16:22:42","slug":"inauguracion-del-iii-encuentro-escenico-unmomento-para-compartir-y-sentir-calor-colectivo","status":"publish","type":"post","link":"https:\/\/www.uartes.edu.ec\/sitio\/fr\/blog\/2022\/10\/26\/inauguracion-del-iii-encuentro-escenico-unmomento-para-compartir-y-sentir-calor-colectivo\/","title":{"rendered":"Inauguraci\u00f3n de la tercera edici\u00f3n del Encuentro Esc\u00e9nico, un momento para compartir y sentir el calor colectivo"},"content":{"rendered":"<p>La inauguraci\u00f3n del III Encuentro Esc\u00e9nico result\u00f3 m\u00e1s que un acto solemne, un momento para compartir, para \u2013como dijo Bertha D\u00edaz, directora de la Escuela de Artes Esc\u00e9nicas, organizadora de la cita\u2013 mantener el deseo de estar juntos y de sentir el calor colectivo.<\/p>\n\n\n\n<p>La actividad tuvo lugar en la terraza del patrimonial edificio El Tel\u00e9grafo y en ese compartir estuvieron presentes los estudiantes y docentes de la escuela, as\u00ed como los invitados nacionales e internacionales que dictan los laboratorios, conversatorios, muestrario de procedimientos y presentaci\u00f3n de obras.<\/p>\n\n\n\n<p>Bertha D\u00edaz en su intervenci\u00f3n dijo que el III Encuentro Esc\u00e9nico, cuyo eje tem\u00e1tico es \u201cLos Procedimientos\u201d, se inici\u00f3 con los laboratorios de Adriana Urrea y Esteban Donoso y que paralelo a estos, en la Sala de Experimentaci\u00f3n Sonora del Centro de Producci\u00f3n e Innovaci\u00f3n MZ14, el mexicano Aristeo Mora estaba haciendo y deshaciendo, imaginando, conversando, practicando la imaginaci\u00f3n que devuelve la posibilidad de reconstituir nuestros afectos con las entrevistas para el proyecto que vamos a ver el viernes en escena, que es \u201cCortar, copiar y pegar\u201d, un ejercicio de dramaturgia en tiempo real.<\/p>\n\n\n<div class=\"wp-block-image\">\n<figure class=\"aligncenter size-large\"><img fetchpriority=\"high\" decoding=\"async\" width=\"644\" height=\"429\" src=\"http:\/\/www.uartes.edu.ec\/sitio\/wp-content\/uploads\/2022\/10\/06-EE-644x429.jpg\" alt=\"\" class=\"wp-image-30710\" srcset=\"https:\/\/www.uartes.edu.ec\/sitio\/wp-content\/uploads\/2022\/10\/06-EE-644x429.jpg 644w, https:\/\/www.uartes.edu.ec\/sitio\/wp-content\/uploads\/2022\/10\/06-EE-768x511.jpg 768w, https:\/\/www.uartes.edu.ec\/sitio\/wp-content\/uploads\/2022\/10\/06-EE.jpg 2000w, https:\/\/www.uartes.edu.ec\/sitio\/wp-content\/uploads\/2022\/10\/06-EE-600x399.jpg 600w, https:\/\/www.uartes.edu.ec\/sitio\/wp-content\/uploads\/2022\/10\/06-EE-272x182.jpg 272w\" sizes=\"(max-width: 644px) 100vw, 644px\" \/><\/figure>\n<\/div>\n\n\n<p>Cont\u00f3 que Margarita Roa, de Colombia, trabaj\u00f3 hasta la medianoche del d\u00eda anterior a la inauguraci\u00f3n preparando el montaje que se ver\u00eda por la noche. \u201cNinguna idea es m\u00eda\u201d abre la franja de obras, dijo D\u00edaz. \u201cVamos, adem\u00e1s, a tener con ella una pr\u00e1ctica de tejer archivos el viernes 29, que tiene un primer pliegue oculto, de 15:00 a 17:00, y que a partir de entonces se abrir\u00e1 para todos\u201d.<\/p>\n\n\n\n<p>Con nosotros tambi\u00e9n est\u00e1 Rafael Santi, docente de la Escuela Artes Esc\u00e9nicas, quien ha estado igualmente preparando montaje y con quien se abrir\u00eda el muestrario de procedimientos, a las 15:00, con \u201cComo te imagino\u201d.<\/p>\n\n\n\n<p>D\u00edaz manifest\u00f3 a los docentes, estudiantes e invitados que se program\u00f3 tener un momento para compartir, pero tambi\u00e9n para contar un poco lo qu\u00e9 significa \u201cLos Procedimientos\u201d. La idea curatorial es pensar cu\u00e1les podr\u00edan ser la diversas operaciones, pr\u00e1cticas que incluyen el acervo procedimental de los artistas para activar sus trabajos vivos, sus escrituras vivas, sus gestos esc\u00e9nicos y que escapan a la normativa metodol\u00f3gica, conocida, familiar y que acepta lo org\u00e1nico de pensar de cada una de las pr\u00e1cticas que ejercemos inaugura tambi\u00e9n procedimientos nuevos o recicla otros, los actualiza, los interfiere, los trasgreden.<\/p>\n\n\n\n<p>La existencia de este encuentro esc\u00e9nico, agreg\u00f3, es tambi\u00e9n pensar en pr\u00e1cticas que desobedecen a los sistemas del pensamiento-acci\u00f3n, que permite desobrarse de los lugares que venimos conociendo como fijos. \u201cNo para negarlos, sino tambi\u00e9n para pensar qu\u00e9 otras l\u00edneas de errancia y de error podemos cometer, podemos generar para delinquir, para entrar a las zonas de desastre, de p\u00e9rdida del eje, para poder familiarizarnos temporalmente con otras posibilidades de sentir la vida y, en ese sentido, sentir el sentido, sentir lo sentido\u201d.<\/p>\n\n\n<div class=\"wp-block-image\">\n<figure class=\"aligncenter size-large\"><img decoding=\"async\" width=\"644\" height=\"429\" src=\"http:\/\/www.uartes.edu.ec\/sitio\/wp-content\/uploads\/2022\/10\/11-EE-644x429.jpg\" alt=\"\" class=\"wp-image-30711\" srcset=\"https:\/\/www.uartes.edu.ec\/sitio\/wp-content\/uploads\/2022\/10\/11-EE-644x429.jpg 644w, https:\/\/www.uartes.edu.ec\/sitio\/wp-content\/uploads\/2022\/10\/11-EE-768x511.jpg 768w, https:\/\/www.uartes.edu.ec\/sitio\/wp-content\/uploads\/2022\/10\/11-EE.jpg 2000w, https:\/\/www.uartes.edu.ec\/sitio\/wp-content\/uploads\/2022\/10\/11-EE-600x399.jpg 600w, https:\/\/www.uartes.edu.ec\/sitio\/wp-content\/uploads\/2022\/10\/11-EE-272x182.jpg 272w\" sizes=\"(max-width: 644px) 100vw, 644px\" \/><\/figure>\n<\/div>\n\n\n<p>La directora de la Escuela de Artes Esc\u00e9nicas pidi\u00f3 a la comunidad que mantengan el deseo de estar juntos. \u201cMe impresiona que somos la escuela m\u00e1s chiquita, pero siempre nuestras actividades est\u00e1n llenas. Nos gusta el calorcito juntos y tenemos que seguir alimentando ese calor colectivo desde la coincidencia, pero tambi\u00e9n desde la disidencia, desde el no reconocimiento de las propuestas o desde el estado de resonancia. Resonancias y disonancias son igualmente bienvenidas en el contexto de la escuela\u201d. <\/p>\n\n\n\n<p>Entonces cedi\u00f3 la palabra a cada uno de los ponentes invitados, nacionales e internacionales. Rafael Santi adelant\u00f3 un poco de lo que iba a desarrollar en el muestrario de procedimientos con \u201cComo te imagino\u201d, el cual, dijo, ser\u00eda un encuentro con un despliegue de los materiales que ha desarrollado. \u201cSe trata de conocer desde el origen, de c\u00f3mo yo abordo desde el origen ese proyecto, desde la idea hasta que llega a la escena\u201d.<\/p>\n\n\n\n<p>El mexicano Aristeo Mora indic\u00f3 que iba a estar jugando, que iba a delinquir como expres\u00f3 la directora de Artes Esc\u00e9nica. \u201cNo s\u00e9 si me dejen, espero que lo podamos hacer y veremos qu\u00e9 pasa\u201d. Y es que \u201cCortar, copiar y pegar\u201d, la propuesta que trajo al III Encuentro Esc\u00e9nico, \u201ces un juego que sirve para escribir falsas biograf\u00edas de personas de las que tenemos poca informaci\u00f3n, que han desaparecido o de quienes nos interesa escarbar en ella\u201d.<\/p>\n\n\n<div class=\"wp-block-image\">\n<figure class=\"aligncenter size-large\"><img decoding=\"async\" width=\"644\" height=\"429\" src=\"http:\/\/www.uartes.edu.ec\/sitio\/wp-content\/uploads\/2022\/10\/08-EE-644x429.jpg\" alt=\"\" class=\"wp-image-30712\" srcset=\"https:\/\/www.uartes.edu.ec\/sitio\/wp-content\/uploads\/2022\/10\/08-EE-644x429.jpg 644w, https:\/\/www.uartes.edu.ec\/sitio\/wp-content\/uploads\/2022\/10\/08-EE-768x511.jpg 768w, https:\/\/www.uartes.edu.ec\/sitio\/wp-content\/uploads\/2022\/10\/08-EE.jpg 2000w, https:\/\/www.uartes.edu.ec\/sitio\/wp-content\/uploads\/2022\/10\/08-EE-600x399.jpg 600w, https:\/\/www.uartes.edu.ec\/sitio\/wp-content\/uploads\/2022\/10\/08-EE-272x182.jpg 272w\" sizes=\"(max-width: 644px) 100vw, 644px\" \/><\/figure>\n<\/div>\n\n\n<p>Mora cont\u00f3 que estaba haciendo una falsa biograf\u00eda de su abuelo paterno, de quien hered\u00f3 el nombre, \u201cy le estoy pidiendo a diferentes personas que me regalen un poquito de lo que recuerdan de la historia de sus abuelos paternos, para con ello cortar, copiar y pegar, hacer una biograf\u00eda e invitarles este viernes 28, a las 19:00, a la Plaza P\u00fablica del MZ14 para que asistan a una cena familiar donde leer\u00e9 la biograf\u00eda que escribo\u201d. El mexicano concluy\u00f3 invitando a la comunidad a las entrevistas que realiza y que era revitalizante estar en el III Encuentro Esc\u00e9nico\u201d.<\/p>\n\n\n\n<p>Esteban Donoso dio igualmente detalles del laboratorio que realiza. \u201cLa idea, si tomamos lo que ocurre ahora, hay muchas cosas sucediendo al mismo tiempo y no nos vamos a dar cuenta de todo. La pregunta es si aquello se registra de alguna manera en\/con\/a trav\u00e9s\/c\u00f3mo piensa el cuerpo, el registro. Lo que estamos haciendo es que a partir de una improvisaci\u00f3n largu\u00edsima volver siempre al mismo lugar y nos pasamos toda la semana rehaciendo lo mismo, lo cual es una tarea imposible\u201d. A\u00f1adi\u00f3 que hay un gesto de ir hacia atr\u00e1s, \u201cal mismo tiempo que vamos creando lo que creemos fue y, a partir de ello, vamos reconstruyendo, recomponiendo, anudando y reanudando otra vez\u201d.<\/p>\n\n\n<div class=\"wp-block-image\">\n<figure class=\"aligncenter size-large\"><img loading=\"lazy\" decoding=\"async\" width=\"644\" height=\"429\" src=\"http:\/\/www.uartes.edu.ec\/sitio\/wp-content\/uploads\/2022\/10\/09-EE-644x429.jpg\" alt=\"\" class=\"wp-image-30713\" srcset=\"https:\/\/www.uartes.edu.ec\/sitio\/wp-content\/uploads\/2022\/10\/09-EE-644x429.jpg 644w, https:\/\/www.uartes.edu.ec\/sitio\/wp-content\/uploads\/2022\/10\/09-EE-768x511.jpg 768w, https:\/\/www.uartes.edu.ec\/sitio\/wp-content\/uploads\/2022\/10\/09-EE.jpg 2000w, https:\/\/www.uartes.edu.ec\/sitio\/wp-content\/uploads\/2022\/10\/09-EE-600x399.jpg 600w, https:\/\/www.uartes.edu.ec\/sitio\/wp-content\/uploads\/2022\/10\/09-EE-272x182.jpg 272w\" sizes=\"(max-width: 644px) 100vw, 644px\" \/><\/figure>\n<\/div>\n\n<div class=\"wp-block-image\">\n<figure class=\"aligncenter size-large\"><img loading=\"lazy\" decoding=\"async\" width=\"644\" height=\"429\" src=\"http:\/\/www.uartes.edu.ec\/sitio\/wp-content\/uploads\/2022\/10\/10-EE-644x429.jpg\" alt=\"\" class=\"wp-image-30714\" srcset=\"https:\/\/www.uartes.edu.ec\/sitio\/wp-content\/uploads\/2022\/10\/10-EE-644x429.jpg 644w, https:\/\/www.uartes.edu.ec\/sitio\/wp-content\/uploads\/2022\/10\/10-EE-768x511.jpg 768w, https:\/\/www.uartes.edu.ec\/sitio\/wp-content\/uploads\/2022\/10\/10-EE.jpg 2000w, https:\/\/www.uartes.edu.ec\/sitio\/wp-content\/uploads\/2022\/10\/10-EE-600x399.jpg 600w, https:\/\/www.uartes.edu.ec\/sitio\/wp-content\/uploads\/2022\/10\/10-EE-272x182.jpg 272w\" sizes=\"(max-width: 644px) 100vw, 644px\" \/><\/figure>\n<\/div>\n\n\n<p>Donoso invit\u00f3 a ver la muestra, que ser\u00e1 volver al mismo punto, la cual tendr\u00e1 lugar el s\u00e1bado 29, a las 15:00, en la Sala Experimental Sonora del MZ14.<\/p>\n\n\n\n<p>Adriana Urrea expres\u00f3 su felicidad de estar en Ecuador y participar en el III Encuentro Esc\u00e9nico de la UArtes. Que ten\u00eda muchas ganas de ver el Pac\u00edfico en la r\u00eda de Guayaquil. Habl\u00f3 de cimarronajes, el taller que empez\u00f3 a dictar, que es todo contra las dominaciones, un \u00e1mbito contra la domesticaci\u00f3n, desde las escrituras expandidas. Se\u00f1al\u00f3 tambi\u00e9n algo de su trayectoria. Lo que ha venido haciendo, anot\u00f3, es liberando la palabra singular de cada uno de sus estudiantes y sus fuerzas como creadores. Vengo a poner esto en juego, a jugar con el grupo que est\u00e1, desdomesticando. &nbsp;&nbsp;&nbsp;&nbsp;&nbsp;&nbsp;<\/p>\n\n\n\n<p>Margarita Roa, de Colombia, dio detalles de la obra que presentar\u00eda por la noche el mismo d\u00eda inaugural de la cita: \u201cNinguna idea es m\u00eda\u201d. \u201cTambi\u00e9n voy a dar un taller corto de tres horas, que es c\u00f3mo tejer archivos. En di\u00e1logo con InfoUArtes, se\u00f1al\u00f3 como sumamente importante estar en III Encuentro de Artes Esc\u00e9nicas \u201cporque me parece fant\u00e1stico el tema Los Procedimientos, que es como lo que est\u00e1 adentro del proceso. Usualmente una obra se puede presentar diez veces, pero la cantidad de tiempo que cuesta ensayar, concebir, crear un proyecto, una producci\u00f3n, una obra es inmenso y mucha veces recoge como una vida o como que ese tiempo de ensayo a veces se descarta pensando simplemente en el producto\u201d.<\/p>\n\n\n\n<p>Roa destac\u00f3 la infraestructura de la UArtes, sus edificios patrimoniales, unos estudiantes atentos y joviales.<\/p>\n\n\n<div class=\"wp-block-image\">\n<figure class=\"aligncenter size-large\"><img loading=\"lazy\" decoding=\"async\" width=\"644\" height=\"429\" src=\"http:\/\/www.uartes.edu.ec\/sitio\/wp-content\/uploads\/2022\/10\/07-EE-644x429.jpg\" alt=\"\" class=\"wp-image-30715\" srcset=\"https:\/\/www.uartes.edu.ec\/sitio\/wp-content\/uploads\/2022\/10\/07-EE-644x429.jpg 644w, https:\/\/www.uartes.edu.ec\/sitio\/wp-content\/uploads\/2022\/10\/07-EE-768x511.jpg 768w, https:\/\/www.uartes.edu.ec\/sitio\/wp-content\/uploads\/2022\/10\/07-EE.jpg 2000w, https:\/\/www.uartes.edu.ec\/sitio\/wp-content\/uploads\/2022\/10\/07-EE-600x399.jpg 600w, https:\/\/www.uartes.edu.ec\/sitio\/wp-content\/uploads\/2022\/10\/07-EE-272x182.jpg 272w\" sizes=\"(max-width: 644px) 100vw, 644px\" \/><\/figure>\n<\/div>","protected":false},"excerpt":{"rendered":"<p>La inauguraci\u00f3n del III Encuentro Esc\u00e9nico result\u00f3 m\u00e1s que un acto solemne, un momento para compartir, para \u2013como dijo Bertha D\u00edaz, directora de la Escuela de Artes Esc\u00e9nicas\u2013 sentir calor colectivo. Tuvo lugar en la terraza del edificio El Tel\u00e9grafo. con estudiantes, docentes e invitados nacionales e internacionales que hasta el s\u00e1bado 29 dar\u00e1n laboratorios, conversatorios, muestrario de procedimientos y obras.<\/p>","protected":false},"author":10,"featured_media":30709,"comment_status":"open","ping_status":"open","sticky":false,"template":"","format":"standard","meta":{"_acf_changed":false,"_uag_custom_page_level_css":"","_monsterinsights_skip_tracking":false,"_monsterinsights_sitenote_active":false,"_monsterinsights_sitenote_note":"","_monsterinsights_sitenote_category":0,"cybocfi_hide_featured_image":"","footnotes":""},"categories":[712,80,159,75,76,284],"tags":[168],"infouartes":[],"class_list":["post-30707","post","type-post","status-publish","format-standard","has-post-thumbnail","hentry","category-1a","category-academico","category-artes-escenicas","category-docentes","category-estudiantes","category-investigacion","tag-encuentro-escenico"],"acf":[],"yoast_head":"<!-- This site is optimized with the Yoast SEO plugin v27.4 - https:\/\/yoast.com\/product\/yoast-seo-wordpress\/ -->\n<title>Universidad de las Artes - Inauguraci\u00f3n de la tercera edici\u00f3n del Encuentro Esc\u00e9nico, un momento para compartir y sentir el calor colectivo<\/title>\n<meta name=\"description\" content=\"Universidad de las Artes - Inauguraci\u00f3n de la tercera edici\u00f3n del Encuentro Esc\u00e9nico, un momento para compartir y sentir el calor colectivo\" \/>\n<meta name=\"robots\" content=\"index, follow, max-snippet:-1, max-image-preview:large, max-video-preview:-1\" \/>\n<link rel=\"canonical\" href=\"https:\/\/www.uartes.edu.ec\/sitio\/fr\/blog\/2022\/10\/26\/inauguracion-del-iii-encuentro-escenico-unmomento-para-compartir-y-sentir-calor-colectivo\/\" \/>\n<meta property=\"og:locale\" content=\"fr_FR\" \/>\n<meta property=\"og:type\" content=\"article\" \/>\n<meta property=\"og:title\" content=\"Universidad de las Artes - Inauguraci\u00f3n de la tercera edici\u00f3n del Encuentro Esc\u00e9nico, un momento para compartir y sentir el calor colectivo\" \/>\n<meta property=\"og:description\" content=\"Universidad de las Artes - Inauguraci\u00f3n de la tercera edici\u00f3n del Encuentro Esc\u00e9nico, un momento para compartir y sentir el calor colectivo\" \/>\n<meta property=\"og:url\" content=\"https:\/\/www.uartes.edu.ec\/sitio\/fr\/blog\/2022\/10\/26\/inauguracion-del-iii-encuentro-escenico-unmomento-para-compartir-y-sentir-calor-colectivo\/\" \/>\n<meta property=\"og:site_name\" content=\"Universidad de las Artes\" \/>\n<meta property=\"article:publisher\" content=\"https:\/\/www.facebook.com\/uartesec\" \/>\n<meta property=\"article:published_time\" content=\"2022-10-27T03:00:00+00:00\" \/>\n<meta property=\"article:modified_time\" content=\"2024-07-04T16:22:42+00:00\" \/>\n<meta property=\"og:image\" content=\"https:\/\/www.uartes.edu.ec\/sitio\/wp-content\/uploads\/2022\/10\/05-EE.jpg\" \/>\n\t<meta property=\"og:image:width\" content=\"2000\" \/>\n\t<meta property=\"og:image:height\" content=\"1333\" \/>\n\t<meta property=\"og:image:type\" content=\"image\/jpeg\" \/>\n<meta name=\"author\" content=\"ccortez\" \/>\n<meta name=\"twitter:card\" content=\"summary_large_image\" \/>\n<meta name=\"twitter:creator\" content=\"@uartesec\" \/>\n<meta name=\"twitter:site\" content=\"@uartesec\" \/>\n<meta name=\"twitter:label1\" content=\"\u00c9crit par\" \/>\n\t<meta name=\"twitter:data1\" content=\"ccortez\" \/>\n\t<meta name=\"twitter:label2\" content=\"Dur\u00e9e de lecture estim\u00e9e\" \/>\n\t<meta name=\"twitter:data2\" content=\"7 minutes\" \/>\n<script type=\"application\/ld+json\" class=\"yoast-schema-graph\">{\"@context\":\"https:\\\/\\\/schema.org\",\"@graph\":[{\"@type\":\"Article\",\"@id\":\"https:\\\/\\\/www.uartes.edu.ec\\\/sitio\\\/fr\\\/blog\\\/2022\\\/10\\\/26\\\/inauguracion-del-iii-encuentro-escenico-unmomento-para-compartir-y-sentir-calor-colectivo\\\/#article\",\"isPartOf\":{\"@id\":\"https:\\\/\\\/www.uartes.edu.ec\\\/sitio\\\/fr\\\/blog\\\/2022\\\/10\\\/26\\\/inauguracion-del-iii-encuentro-escenico-unmomento-para-compartir-y-sentir-calor-colectivo\\\/\"},\"author\":{\"name\":\"ccortez\",\"@id\":\"https:\\\/\\\/www.uartes.edu.ec\\\/sitio\\\/fr\\\/#\\\/schema\\\/person\\\/efa1b8275797664fd7f13a79ccc0b1f4\"},\"headline\":\"Inauguraci\u00f3n de la tercera edici\u00f3n del Encuentro Esc\u00e9nico, un momento para compartir y sentir el calor colectivo\",\"datePublished\":\"2022-10-27T03:00:00+00:00\",\"dateModified\":\"2024-07-04T16:22:42+00:00\",\"mainEntityOfPage\":{\"@id\":\"https:\\\/\\\/www.uartes.edu.ec\\\/sitio\\\/fr\\\/blog\\\/2022\\\/10\\\/26\\\/inauguracion-del-iii-encuentro-escenico-unmomento-para-compartir-y-sentir-calor-colectivo\\\/\"},\"wordCount\":1273,\"commentCount\":0,\"publisher\":{\"@id\":\"https:\\\/\\\/www.uartes.edu.ec\\\/sitio\\\/fr\\\/#organization\"},\"image\":{\"@id\":\"https:\\\/\\\/www.uartes.edu.ec\\\/sitio\\\/fr\\\/blog\\\/2022\\\/10\\\/26\\\/inauguracion-del-iii-encuentro-escenico-unmomento-para-compartir-y-sentir-calor-colectivo\\\/#primaryimage\"},\"thumbnailUrl\":\"https:\\\/\\\/www.uartes.edu.ec\\\/sitio\\\/wp-content\\\/uploads\\\/2022\\\/10\\\/05-EE.jpg\",\"keywords\":[\"encuentro esc\u00e9nico\"],\"articleSection\":[\"1A\",\"Acad\u00e9mico\",\"Artes Esc\u00e9nicas\",\"Docentes\",\"Estudiantes\",\"Investigaci\u00f3n\"],\"inLanguage\":\"fr-FR\",\"potentialAction\":[{\"@type\":\"CommentAction\",\"name\":\"Comment\",\"target\":[\"https:\\\/\\\/www.uartes.edu.ec\\\/sitio\\\/fr\\\/blog\\\/2022\\\/10\\\/26\\\/inauguracion-del-iii-encuentro-escenico-unmomento-para-compartir-y-sentir-calor-colectivo\\\/#respond\"]}]},{\"@type\":[\"WebPage\",\"ItemPage\"],\"@id\":\"https:\\\/\\\/www.uartes.edu.ec\\\/sitio\\\/fr\\\/blog\\\/2022\\\/10\\\/26\\\/inauguracion-del-iii-encuentro-escenico-unmomento-para-compartir-y-sentir-calor-colectivo\\\/\",\"url\":\"https:\\\/\\\/www.uartes.edu.ec\\\/sitio\\\/fr\\\/blog\\\/2022\\\/10\\\/26\\\/inauguracion-del-iii-encuentro-escenico-unmomento-para-compartir-y-sentir-calor-colectivo\\\/\",\"name\":\"Universidad de las Artes - Inauguraci\u00f3n de la tercera edici\u00f3n del Encuentro Esc\u00e9nico, un momento para compartir y sentir el calor colectivo\",\"isPartOf\":{\"@id\":\"https:\\\/\\\/www.uartes.edu.ec\\\/sitio\\\/fr\\\/#website\"},\"primaryImageOfPage\":{\"@id\":\"https:\\\/\\\/www.uartes.edu.ec\\\/sitio\\\/fr\\\/blog\\\/2022\\\/10\\\/26\\\/inauguracion-del-iii-encuentro-escenico-unmomento-para-compartir-y-sentir-calor-colectivo\\\/#primaryimage\"},\"image\":{\"@id\":\"https:\\\/\\\/www.uartes.edu.ec\\\/sitio\\\/fr\\\/blog\\\/2022\\\/10\\\/26\\\/inauguracion-del-iii-encuentro-escenico-unmomento-para-compartir-y-sentir-calor-colectivo\\\/#primaryimage\"},\"thumbnailUrl\":\"https:\\\/\\\/www.uartes.edu.ec\\\/sitio\\\/wp-content\\\/uploads\\\/2022\\\/10\\\/05-EE.jpg\",\"datePublished\":\"2022-10-27T03:00:00+00:00\",\"dateModified\":\"2024-07-04T16:22:42+00:00\",\"description\":\"Universidad de las Artes - Inauguraci\u00f3n de la tercera edici\u00f3n del Encuentro Esc\u00e9nico, un momento para compartir y sentir el calor colectivo\",\"breadcrumb\":{\"@id\":\"https:\\\/\\\/www.uartes.edu.ec\\\/sitio\\\/fr\\\/blog\\\/2022\\\/10\\\/26\\\/inauguracion-del-iii-encuentro-escenico-unmomento-para-compartir-y-sentir-calor-colectivo\\\/#breadcrumb\"},\"inLanguage\":\"fr-FR\",\"potentialAction\":[{\"@type\":\"ReadAction\",\"target\":[\"https:\\\/\\\/www.uartes.edu.ec\\\/sitio\\\/fr\\\/blog\\\/2022\\\/10\\\/26\\\/inauguracion-del-iii-encuentro-escenico-unmomento-para-compartir-y-sentir-calor-colectivo\\\/\"]}]},{\"@type\":\"ImageObject\",\"inLanguage\":\"fr-FR\",\"@id\":\"https:\\\/\\\/www.uartes.edu.ec\\\/sitio\\\/fr\\\/blog\\\/2022\\\/10\\\/26\\\/inauguracion-del-iii-encuentro-escenico-unmomento-para-compartir-y-sentir-calor-colectivo\\\/#primaryimage\",\"url\":\"https:\\\/\\\/www.uartes.edu.ec\\\/sitio\\\/wp-content\\\/uploads\\\/2022\\\/10\\\/05-EE.jpg\",\"contentUrl\":\"https:\\\/\\\/www.uartes.edu.ec\\\/sitio\\\/wp-content\\\/uploads\\\/2022\\\/10\\\/05-EE.jpg\",\"width\":2000,\"height\":1333},{\"@type\":\"BreadcrumbList\",\"@id\":\"https:\\\/\\\/www.uartes.edu.ec\\\/sitio\\\/fr\\\/blog\\\/2022\\\/10\\\/26\\\/inauguracion-del-iii-encuentro-escenico-unmomento-para-compartir-y-sentir-calor-colectivo\\\/#breadcrumb\",\"itemListElement\":[{\"@type\":\"ListItem\",\"position\":1,\"name\":\"Inicio\",\"item\":\"https:\\\/\\\/www.uartes.edu.ec\\\/sitio\\\/\"},{\"@type\":\"ListItem\",\"position\":2,\"name\":\"Inauguraci\u00f3n de la tercera edici\u00f3n del Encuentro Esc\u00e9nico, un momento para compartir y sentir el calor colectivo\"}]},{\"@type\":\"WebSite\",\"@id\":\"https:\\\/\\\/www.uartes.edu.ec\\\/sitio\\\/fr\\\/#website\",\"url\":\"https:\\\/\\\/www.uartes.edu.ec\\\/sitio\\\/fr\\\/\",\"name\":\"Universidad de las Artes\",\"description\":\"Sitio oficial de la Universidad Nacional de las Artes del Ecuador\",\"publisher\":{\"@id\":\"https:\\\/\\\/www.uartes.edu.ec\\\/sitio\\\/fr\\\/#organization\"},\"potentialAction\":[{\"@type\":\"SearchAction\",\"target\":{\"@type\":\"EntryPoint\",\"urlTemplate\":\"https:\\\/\\\/www.uartes.edu.ec\\\/sitio\\\/fr\\\/?s={search_term_string}\"},\"query-input\":{\"@type\":\"PropertyValueSpecification\",\"valueRequired\":true,\"valueName\":\"search_term_string\"}}],\"inLanguage\":\"fr-FR\"},{\"@type\":\"Organization\",\"@id\":\"https:\\\/\\\/www.uartes.edu.ec\\\/sitio\\\/fr\\\/#organization\",\"name\":\"Universidad de las Artes\",\"url\":\"https:\\\/\\\/www.uartes.edu.ec\\\/sitio\\\/fr\\\/\",\"logo\":{\"@type\":\"ImageObject\",\"inLanguage\":\"fr-FR\",\"@id\":\"https:\\\/\\\/www.uartes.edu.ec\\\/sitio\\\/fr\\\/#\\\/schema\\\/logo\\\/image\\\/\",\"url\":\"https:\\\/\\\/www.uartes.edu.ec\\\/sitio\\\/wp-content\\\/uploads\\\/2022\\\/07\\\/logo-ua-horizontal.png\",\"contentUrl\":\"https:\\\/\\\/www.uartes.edu.ec\\\/sitio\\\/wp-content\\\/uploads\\\/2022\\\/07\\\/logo-ua-horizontal.png\",\"width\":800,\"height\":276,\"caption\":\"Universidad de las Artes\"},\"image\":{\"@id\":\"https:\\\/\\\/www.uartes.edu.ec\\\/sitio\\\/fr\\\/#\\\/schema\\\/logo\\\/image\\\/\"},\"sameAs\":[\"https:\\\/\\\/www.facebook.com\\\/uartesec\",\"https:\\\/\\\/x.com\\\/uartesec\",\"https:\\\/\\\/www.tiktok.com\\\/@uartesec\"]},{\"@type\":\"Person\",\"@id\":\"https:\\\/\\\/www.uartes.edu.ec\\\/sitio\\\/fr\\\/#\\\/schema\\\/person\\\/efa1b8275797664fd7f13a79ccc0b1f4\",\"name\":\"ccortez\",\"image\":{\"@type\":\"ImageObject\",\"inLanguage\":\"fr-FR\",\"@id\":\"https:\\\/\\\/secure.gravatar.com\\\/avatar\\\/b2a6f664a3ae8e074346ef91775736c5ec479e637ecced6842de9dc98b5da9cd?s=96&d=mm&r=g\",\"url\":\"https:\\\/\\\/secure.gravatar.com\\\/avatar\\\/b2a6f664a3ae8e074346ef91775736c5ec479e637ecced6842de9dc98b5da9cd?s=96&d=mm&r=g\",\"contentUrl\":\"https:\\\/\\\/secure.gravatar.com\\\/avatar\\\/b2a6f664a3ae8e074346ef91775736c5ec479e637ecced6842de9dc98b5da9cd?s=96&d=mm&r=g\",\"caption\":\"ccortez\"},\"url\":\"https:\\\/\\\/www.uartes.edu.ec\\\/sitio\\\/fr\\\/blog\\\/author\\\/ccortez\\\/\"}]}<\/script>\n<!-- \/ Yoast SEO plugin. -->","yoast_head_json":{"title":"Universidad de las Artes - Inauguraci\u00f3n de la tercera edici\u00f3n del Encuentro Esc\u00e9nico, un momento para compartir y sentir el calor colectivo","description":"Universidad de las Artes - Inauguraci\u00f3n de la tercera edici\u00f3n del Encuentro Esc\u00e9nico, un momento para compartir y sentir el calor colectivo","robots":{"index":"index","follow":"follow","max-snippet":"max-snippet:-1","max-image-preview":"max-image-preview:large","max-video-preview":"max-video-preview:-1"},"canonical":"https:\/\/www.uartes.edu.ec\/sitio\/fr\/blog\/2022\/10\/26\/inauguracion-del-iii-encuentro-escenico-unmomento-para-compartir-y-sentir-calor-colectivo\/","og_locale":"fr_FR","og_type":"article","og_title":"Universidad de las Artes - Inauguraci\u00f3n de la tercera edici\u00f3n del Encuentro Esc\u00e9nico, un momento para compartir y sentir el calor colectivo","og_description":"Universidad de las Artes - Inauguraci\u00f3n de la tercera edici\u00f3n del Encuentro Esc\u00e9nico, un momento para compartir y sentir el calor colectivo","og_url":"https:\/\/www.uartes.edu.ec\/sitio\/fr\/blog\/2022\/10\/26\/inauguracion-del-iii-encuentro-escenico-unmomento-para-compartir-y-sentir-calor-colectivo\/","og_site_name":"Universidad de las Artes","article_publisher":"https:\/\/www.facebook.com\/uartesec","article_published_time":"2022-10-27T03:00:00+00:00","article_modified_time":"2024-07-04T16:22:42+00:00","og_image":[{"width":2000,"height":1333,"url":"https:\/\/www.uartes.edu.ec\/sitio\/wp-content\/uploads\/2022\/10\/05-EE.jpg","type":"image\/jpeg"}],"author":"ccortez","twitter_card":"summary_large_image","twitter_creator":"@uartesec","twitter_site":"@uartesec","twitter_misc":{"\u00c9crit par":"ccortez","Dur\u00e9e de lecture estim\u00e9e":"7 minutes"},"schema":{"@context":"https:\/\/schema.org","@graph":[{"@type":"Article","@id":"https:\/\/www.uartes.edu.ec\/sitio\/fr\/blog\/2022\/10\/26\/inauguracion-del-iii-encuentro-escenico-unmomento-para-compartir-y-sentir-calor-colectivo\/#article","isPartOf":{"@id":"https:\/\/www.uartes.edu.ec\/sitio\/fr\/blog\/2022\/10\/26\/inauguracion-del-iii-encuentro-escenico-unmomento-para-compartir-y-sentir-calor-colectivo\/"},"author":{"name":"ccortez","@id":"https:\/\/www.uartes.edu.ec\/sitio\/fr\/#\/schema\/person\/efa1b8275797664fd7f13a79ccc0b1f4"},"headline":"Inauguraci\u00f3n de la tercera edici\u00f3n del Encuentro Esc\u00e9nico, un momento para compartir y sentir el calor colectivo","datePublished":"2022-10-27T03:00:00+00:00","dateModified":"2024-07-04T16:22:42+00:00","mainEntityOfPage":{"@id":"https:\/\/www.uartes.edu.ec\/sitio\/fr\/blog\/2022\/10\/26\/inauguracion-del-iii-encuentro-escenico-unmomento-para-compartir-y-sentir-calor-colectivo\/"},"wordCount":1273,"commentCount":0,"publisher":{"@id":"https:\/\/www.uartes.edu.ec\/sitio\/fr\/#organization"},"image":{"@id":"https:\/\/www.uartes.edu.ec\/sitio\/fr\/blog\/2022\/10\/26\/inauguracion-del-iii-encuentro-escenico-unmomento-para-compartir-y-sentir-calor-colectivo\/#primaryimage"},"thumbnailUrl":"https:\/\/www.uartes.edu.ec\/sitio\/wp-content\/uploads\/2022\/10\/05-EE.jpg","keywords":["encuentro esc\u00e9nico"],"articleSection":["1A","Acad\u00e9mico","Artes Esc\u00e9nicas","Docentes","Estudiantes","Investigaci\u00f3n"],"inLanguage":"fr-FR","potentialAction":[{"@type":"CommentAction","name":"Comment","target":["https:\/\/www.uartes.edu.ec\/sitio\/fr\/blog\/2022\/10\/26\/inauguracion-del-iii-encuentro-escenico-unmomento-para-compartir-y-sentir-calor-colectivo\/#respond"]}]},{"@type":["WebPage","ItemPage"],"@id":"https:\/\/www.uartes.edu.ec\/sitio\/fr\/blog\/2022\/10\/26\/inauguracion-del-iii-encuentro-escenico-unmomento-para-compartir-y-sentir-calor-colectivo\/","url":"https:\/\/www.uartes.edu.ec\/sitio\/fr\/blog\/2022\/10\/26\/inauguracion-del-iii-encuentro-escenico-unmomento-para-compartir-y-sentir-calor-colectivo\/","name":"Universidad de las Artes - Inauguraci\u00f3n de la tercera edici\u00f3n del Encuentro Esc\u00e9nico, un momento para compartir y sentir el calor colectivo","isPartOf":{"@id":"https:\/\/www.uartes.edu.ec\/sitio\/fr\/#website"},"primaryImageOfPage":{"@id":"https:\/\/www.uartes.edu.ec\/sitio\/fr\/blog\/2022\/10\/26\/inauguracion-del-iii-encuentro-escenico-unmomento-para-compartir-y-sentir-calor-colectivo\/#primaryimage"},"image":{"@id":"https:\/\/www.uartes.edu.ec\/sitio\/fr\/blog\/2022\/10\/26\/inauguracion-del-iii-encuentro-escenico-unmomento-para-compartir-y-sentir-calor-colectivo\/#primaryimage"},"thumbnailUrl":"https:\/\/www.uartes.edu.ec\/sitio\/wp-content\/uploads\/2022\/10\/05-EE.jpg","datePublished":"2022-10-27T03:00:00+00:00","dateModified":"2024-07-04T16:22:42+00:00","description":"Universidad de las Artes - Inauguraci\u00f3n de la tercera edici\u00f3n del Encuentro Esc\u00e9nico, un momento para compartir y sentir el calor colectivo","breadcrumb":{"@id":"https:\/\/www.uartes.edu.ec\/sitio\/fr\/blog\/2022\/10\/26\/inauguracion-del-iii-encuentro-escenico-unmomento-para-compartir-y-sentir-calor-colectivo\/#breadcrumb"},"inLanguage":"fr-FR","potentialAction":[{"@type":"ReadAction","target":["https:\/\/www.uartes.edu.ec\/sitio\/fr\/blog\/2022\/10\/26\/inauguracion-del-iii-encuentro-escenico-unmomento-para-compartir-y-sentir-calor-colectivo\/"]}]},{"@type":"ImageObject","inLanguage":"fr-FR","@id":"https:\/\/www.uartes.edu.ec\/sitio\/fr\/blog\/2022\/10\/26\/inauguracion-del-iii-encuentro-escenico-unmomento-para-compartir-y-sentir-calor-colectivo\/#primaryimage","url":"https:\/\/www.uartes.edu.ec\/sitio\/wp-content\/uploads\/2022\/10\/05-EE.jpg","contentUrl":"https:\/\/www.uartes.edu.ec\/sitio\/wp-content\/uploads\/2022\/10\/05-EE.jpg","width":2000,"height":1333},{"@type":"BreadcrumbList","@id":"https:\/\/www.uartes.edu.ec\/sitio\/fr\/blog\/2022\/10\/26\/inauguracion-del-iii-encuentro-escenico-unmomento-para-compartir-y-sentir-calor-colectivo\/#breadcrumb","itemListElement":[{"@type":"ListItem","position":1,"name":"Inicio","item":"https:\/\/www.uartes.edu.ec\/sitio\/"},{"@type":"ListItem","position":2,"name":"Inauguraci\u00f3n de la tercera edici\u00f3n del Encuentro Esc\u00e9nico, un momento para compartir y sentir el calor colectivo"}]},{"@type":"WebSite","@id":"https:\/\/www.uartes.edu.ec\/sitio\/fr\/#website","url":"https:\/\/www.uartes.edu.ec\/sitio\/fr\/","name":"Universidad de las Artes","description":"Sitio oficial de la Universidad Nacional de las Artes del Ecuador","publisher":{"@id":"https:\/\/www.uartes.edu.ec\/sitio\/fr\/#organization"},"potentialAction":[{"@type":"SearchAction","target":{"@type":"EntryPoint","urlTemplate":"https:\/\/www.uartes.edu.ec\/sitio\/fr\/?s={search_term_string}"},"query-input":{"@type":"PropertyValueSpecification","valueRequired":true,"valueName":"search_term_string"}}],"inLanguage":"fr-FR"},{"@type":"Organization","@id":"https:\/\/www.uartes.edu.ec\/sitio\/fr\/#organization","name":"Universidad de las Artes","url":"https:\/\/www.uartes.edu.ec\/sitio\/fr\/","logo":{"@type":"ImageObject","inLanguage":"fr-FR","@id":"https:\/\/www.uartes.edu.ec\/sitio\/fr\/#\/schema\/logo\/image\/","url":"https:\/\/www.uartes.edu.ec\/sitio\/wp-content\/uploads\/2022\/07\/logo-ua-horizontal.png","contentUrl":"https:\/\/www.uartes.edu.ec\/sitio\/wp-content\/uploads\/2022\/07\/logo-ua-horizontal.png","width":800,"height":276,"caption":"Universidad de las Artes"},"image":{"@id":"https:\/\/www.uartes.edu.ec\/sitio\/fr\/#\/schema\/logo\/image\/"},"sameAs":["https:\/\/www.facebook.com\/uartesec","https:\/\/x.com\/uartesec","https:\/\/www.tiktok.com\/@uartesec"]},{"@type":"Person","@id":"https:\/\/www.uartes.edu.ec\/sitio\/fr\/#\/schema\/person\/efa1b8275797664fd7f13a79ccc0b1f4","name":"ccortez","image":{"@type":"ImageObject","inLanguage":"fr-FR","@id":"https:\/\/secure.gravatar.com\/avatar\/b2a6f664a3ae8e074346ef91775736c5ec479e637ecced6842de9dc98b5da9cd?s=96&d=mm&r=g","url":"https:\/\/secure.gravatar.com\/avatar\/b2a6f664a3ae8e074346ef91775736c5ec479e637ecced6842de9dc98b5da9cd?s=96&d=mm&r=g","contentUrl":"https:\/\/secure.gravatar.com\/avatar\/b2a6f664a3ae8e074346ef91775736c5ec479e637ecced6842de9dc98b5da9cd?s=96&d=mm&r=g","caption":"ccortez"},"url":"https:\/\/www.uartes.edu.ec\/sitio\/fr\/blog\/author\/ccortez\/"}]}},"uagb_featured_image_src":{"full":["https:\/\/www.uartes.edu.ec\/sitio\/wp-content\/uploads\/2022\/10\/05-EE.jpg",2000,1333,false],"thumbnail":["https:\/\/www.uartes.edu.ec\/sitio\/wp-content\/uploads\/2022\/10\/05-EE-150x150.jpg",150,150,true],"medium":["https:\/\/www.uartes.edu.ec\/sitio\/wp-content\/uploads\/2022\/10\/05-EE-300x200.jpg",300,200,true],"medium_large":["https:\/\/www.uartes.edu.ec\/sitio\/wp-content\/uploads\/2022\/10\/05-EE-768x512.jpg",768,512,true],"large":["https:\/\/www.uartes.edu.ec\/sitio\/wp-content\/uploads\/2022\/10\/05-EE-644x429.jpg",644,429,true],"1536x1536":["https:\/\/www.uartes.edu.ec\/sitio\/wp-content\/uploads\/2022\/10\/05-EE-1536x1024.jpg",1536,1024,true],"2048x2048":["https:\/\/www.uartes.edu.ec\/sitio\/wp-content\/uploads\/2022\/10\/05-EE.jpg",2000,1333,false],"trp-custom-language-flag":["https:\/\/www.uartes.edu.ec\/sitio\/wp-content\/uploads\/2022\/10\/05-EE.jpg",18,12,false],"htmega_size_585x295":["https:\/\/www.uartes.edu.ec\/sitio\/wp-content\/uploads\/2022\/10\/05-EE.jpg",443,295,false],"htmega_size_1170x536":["https:\/\/www.uartes.edu.ec\/sitio\/wp-content\/uploads\/2022\/10\/05-EE.jpg",804,536,false],"htmega_size_396x360":["https:\/\/www.uartes.edu.ec\/sitio\/wp-content\/uploads\/2022\/10\/05-EE.jpg",396,264,false],"gb-block-post-grid-landscape":["https:\/\/www.uartes.edu.ec\/sitio\/wp-content\/uploads\/2022\/10\/05-EE.jpg",600,400,false],"gb-block-post-grid-square":["https:\/\/www.uartes.edu.ec\/sitio\/wp-content\/uploads\/2022\/10\/05-EE.jpg",600,400,false],"university-hub-thumb":["https:\/\/www.uartes.edu.ec\/sitio\/wp-content\/uploads\/2022\/10\/05-EE-400x267.jpg",400,267,true],"mailpoet_newsletter_max":["https:\/\/www.uartes.edu.ec\/sitio\/wp-content\/uploads\/2022\/10\/05-EE.jpg",1320,880,false]},"uagb_author_info":{"display_name":"ccortez","author_link":"https:\/\/www.uartes.edu.ec\/sitio\/fr\/blog\/author\/ccortez\/"},"uagb_comment_info":0,"uagb_excerpt":"La inauguraci\u00f3n del III Encuentro Esc\u00e9nico result\u00f3 m\u00e1s que un acto solemne, un momento para compartir, para \u2013como dijo Bertha D\u00edaz, directora de la Escuela de Artes Esc\u00e9nicas\u2013 sentir calor colectivo. Tuvo lugar en la terraza del edificio El Tel\u00e9grafo. con estudiantes, docentes e invitados nacionales e internacionales que hasta el s\u00e1bado 29 dar\u00e1n laboratorios,\u2026","featured_image_src":"https:\/\/www.uartes.edu.ec\/sitio\/wp-content\/uploads\/2022\/10\/05-EE.jpg","featured_image_src_square":"https:\/\/www.uartes.edu.ec\/sitio\/wp-content\/uploads\/2022\/10\/05-EE.jpg","author_info":{"display_name":"ccortez","author_link":"https:\/\/www.uartes.edu.ec\/sitio\/fr\/blog\/author\/ccortez\/"},"publishpress_future_workflow_manual_trigger":{"enabledWorkflows":[]},"distributor_meta":false,"distributor_terms":false,"distributor_media":false,"distributor_original_site_name":"Universidad de las Artes","distributor_original_site_url":"https:\/\/www.uartes.edu.ec\/sitio\/fr","push-errors":false,"_links":{"self":[{"href":"https:\/\/www.uartes.edu.ec\/sitio\/fr\/wp-json\/wp\/v2\/posts\/30707","targetHints":{"allow":["GET"]}}],"collection":[{"href":"https:\/\/www.uartes.edu.ec\/sitio\/fr\/wp-json\/wp\/v2\/posts"}],"about":[{"href":"https:\/\/www.uartes.edu.ec\/sitio\/fr\/wp-json\/wp\/v2\/types\/post"}],"author":[{"embeddable":true,"href":"https:\/\/www.uartes.edu.ec\/sitio\/fr\/wp-json\/wp\/v2\/users\/10"}],"replies":[{"embeddable":true,"href":"https:\/\/www.uartes.edu.ec\/sitio\/fr\/wp-json\/wp\/v2\/comments?post=30707"}],"version-history":[{"count":10,"href":"https:\/\/www.uartes.edu.ec\/sitio\/fr\/wp-json\/wp\/v2\/posts\/30707\/revisions"}],"predecessor-version":[{"id":30772,"href":"https:\/\/www.uartes.edu.ec\/sitio\/fr\/wp-json\/wp\/v2\/posts\/30707\/revisions\/30772"}],"wp:featuredmedia":[{"embeddable":true,"href":"https:\/\/www.uartes.edu.ec\/sitio\/fr\/wp-json\/wp\/v2\/media\/30709"}],"wp:attachment":[{"href":"https:\/\/www.uartes.edu.ec\/sitio\/fr\/wp-json\/wp\/v2\/media?parent=30707"}],"wp:term":[{"taxonomy":"category","embeddable":true,"href":"https:\/\/www.uartes.edu.ec\/sitio\/fr\/wp-json\/wp\/v2\/categories?post=30707"},{"taxonomy":"post_tag","embeddable":true,"href":"https:\/\/www.uartes.edu.ec\/sitio\/fr\/wp-json\/wp\/v2\/tags?post=30707"},{"taxonomy":"infouartes","embeddable":true,"href":"https:\/\/www.uartes.edu.ec\/sitio\/fr\/wp-json\/wp\/v2\/infouartes?post=30707"}],"curies":[{"name":"wp","href":"https:\/\/api.w.org\/{rel}","templated":true}]}}