{"id":31157,"date":"2022-10-19T11:41:00","date_gmt":"2022-10-19T16:41:00","guid":{"rendered":"http:\/\/www.uartes.edu.ec\/sitio\/?p=31157"},"modified":"2024-07-04T11:22:46","modified_gmt":"2024-07-04T16:22:46","slug":"en-conversatorio-pianista-y-maestrante-uartes-amanda-chavez-propone-debatir-en-torno-al-quehacer-musical","status":"publish","type":"post","link":"https:\/\/www.uartes.edu.ec\/sitio\/fr\/blog\/2022\/10\/19\/en-conversatorio-pianista-y-maestrante-uartes-amanda-chavez-propone-debatir-en-torno-al-quehacer-musical\/","title":{"rendered":"En conversatorio, maestrante UArtes Amanda Ch\u00e1vez detalla sus procesos y propone debatir el quehacer musical"},"content":{"rendered":"<p>Amanda Ch\u00e1vez cursa la maestr\u00eda de Composici\u00f3n Musical y Artes Sonoras en la Universidad de las Artes y el pasado 14 de octubre particip\u00f3 junto a la historiadora y m\u00fasica Jenny Estrada y la compositora y pianista Blanca Layana en el conversatorio \u201cCompositoras ecuatorianas: Reflexiones sobre sus retos y desaf\u00edos contempor\u00e1neos\u201d. Este fue parte de las actividades de la sexta edici\u00f3n de Piano ma non solo, organizado por la Escuela de Artes Sonoras.<\/p>\n\n\n\n<p>En su intervenci\u00f3n, Ch\u00e1vez mencion\u00f3 que ante las maestras Estrada y Layana se encontraba frente a sus dos profesiones: la historia y la m\u00fasica, y seguidamente ley\u00f3 un art\u00edculo con breves rasgos de su experiencia como m\u00fasica. \u201cQuiero hablar de mi proceso musical, mi catarsis y retroalimentaci\u00f3n en cuanto a mi experiencia musical\u201d, dijo.&nbsp;<\/p>\n\n\n\n<p>A continuaci\u00f3n un extracto del texto que Amanda Ch\u00e1vez prepar\u00f3 para el conversatorio: Nac\u00ed y crec\u00ed en la ciudad de Guaranda, provincia Bol\u00edvar. Cuando decid\u00ed estudiar m\u00fasica, entr\u00e9 a un conservatorio muy prestigioso de Quito. Mi llamado hacia la m\u00fasica fue estrechamente profundo, sinti\u00e9ndolo ya desde temprana edad; sin embargo, por ser de peque\u00f1a provincia, no pude acercarme a la m\u00fasica prontamente. De ah\u00ed que mi primer v\u00ednculo \u201creal\u201d al piano, en particular, fue cuando cumpl\u00ed 18 a\u00f1os.<\/p>\n\n\n\n<h3 class=\"wp-block-heading\"><strong>Buscando el camino de aprender m\u00fasica<\/strong><\/h3>\n\n\n\n<p>Por aquel entonces, no sab\u00eda nada de m\u00fasica y no entend\u00eda por qu\u00e9 me gustaba tanto. Quer\u00eda hacerlo desde un impulso interno. Desde ese momento fui buscando el camino de \u201caprender m\u00fasica\u201d. Ingres\u00e9 en un sistema de aprendizaje musical muy riguroso: estudiar largas horas diarias para poder \u201ccumplir\u201d con el programa requerido de la escuela musical; tocar obras de los \u201cgrandes compositores universales\u201d de la \u00e9poca barroca, cl\u00e1sica, rom\u00e1ntica, impresionista y contempor\u00e1nea.&nbsp;<\/p>\n\n\n\n<p>&nbsp;As\u00ed pas\u00e9 algunos a\u00f1os estudiando m\u00fasica, sin entender para qu\u00e9 y por qu\u00e9 lo hac\u00eda de ese modo. Mi estudio estaba orientado hacia el cumplimiento de un cronograma institucional, sin ese amor por la m\u00fasica que hab\u00eda descubierto cuando era ni\u00f1a. Comenc\u00e9 entonces a sentir un poco de tedio, ya que la mayor\u00eda de la pr\u00e1ctica musical era t\u00e9cnica pian\u00edstica.<\/p>\n\n\n\n<p>No dejaba de pensar que la m\u00fasica ya no ten\u00eda el mismo sentido primigenio de disfrute (&#8230;). Fui olvidando, en definitiva, el primer impulso instintivo del querer hacer m\u00fasica. Esto se agudiz\u00f3 por el hecho de que todos los espacios educativos en los que llegu\u00e9 a estudiar ten\u00edan una misma metodolog\u00eda. Pese a que hab\u00eda aprendido mucho de t\u00e9cnica musical, lectura musical, armon\u00eda, estilos, etc., no sent\u00eda tranquilidad al momento de tocar el piano. Debido a que me preocupaba el equivocarme, no sent\u00eda gozo con lo que estaba haciendo. En ese entonces descubr\u00ed que algo andaba realmente mal, sin saber si eso radicaba en m\u00ed como persona, o en el sistema educativo musical que recib\u00ed.<\/p>\n\n\n\n<h3 class=\"wp-block-heading\"><strong>Entorno musical no propicia la reflexi\u00f3n<\/strong><\/h3>\n\n\n\n<p>Hay que se\u00f1alar, en primer lugar, que nuestro entorno musical no propicia una reflexi\u00f3n a preguntas relacionadas con el significado de ser m\u00fasico: \u00bfpara qu\u00e9?, \u00bfcon qu\u00e9 objetivo?, \u00bfpara qui\u00e9n? Simplemente se da por sentado que, como m\u00fasicos, debemos transitar toda la formaci\u00f3n musical (\u00e9pocas, compositores, estilos, teor\u00eda musical, t\u00e9cnica, armon\u00eda, etc.) sin ahondar en el acto (&#8230;).<\/p>\n\n\n\n<p>Otro de los problemas originados durante mi desarrollo musical tuvo que ver con la expectativa de \u201chacer carrera\u201d. Esta expresi\u00f3n designa el ideal de acceder a espacios de mayor reconocimiento: tocar en orquestas o grupos de renombre, ganar concursos, acceder a ensambles de mayor nivel, trabajar duro para obtener una recomendaci\u00f3n del profesor, etc.<\/p>\n\n\n\n<p>Hablemos de otro de los aspectos cuestionables de mi proceso de aprendizaje musical. Lo primero que me ense\u00f1aron en los establecimientos educativos fue el ser \u201cint\u00e9rpretes\u201d. Sin embargo, vale la pena preguntarse nuevamente: \u00bfsabemos exactamente qu\u00e9 significa ser int\u00e9rprete de m\u00fasica?, o, por lo menos, \u00bfnos hemos preguntado alguna vez qu\u00e9 significa ser int\u00e9rprete? Obviamente, al no estar explicada la raz\u00f3n de ser int\u00e9rprete, esta actividad tambi\u00e9n se desvi\u00f3 de la raz\u00f3n primordial de hacer m\u00fasica.<\/p>\n\n\n\n<h3 class=\"wp-block-heading\"><strong>Cuestionarnos nuestro quehacer musical<\/strong><\/h3>\n\n\n\n<p>(\u2026) Es verdad que podr\u00edamos abordar muchas cuestiones relacionadas al estudio musical; sin embargo, considero que tratar por lo menos los planteamientos antes expuestos nos llevar\u00e1 a cuestionarnos nuestro quehacer musical. A mi parecer, resulta necesario hacer una profunda reflexi\u00f3n en torno a lo que implica ser m\u00fasico objetivamente, a la finalidad de estudiar m\u00fasica<\/p>\n\n\n\n<p>Porque creemos que en alg\u00fan momento sentimos una atracci\u00f3n profunda por los sonidos, porque se supone que disfrutamos, porque es necesario en nuestras vidas para expresarnos. En fin, lo que planteo es abrir el debate en torno al quehacer musical reflexionar sobre para qu\u00e9, por qu\u00e9 y para qui\u00e9n hacemos m\u00fasica.<\/p>\n\n\n\n<p>En la imagen principal consta la instalaci\u00f3n del conversatorio en la Biblioteca de las Artes. Amanda Ch\u00e1vez (izq.) junto a Jenny Estrada (c) y Blanca Layana. La docente Zoila Cevallos, de la EAS, realiza la presentaci\u00f3n de la actividad.<\/p>","protected":false},"excerpt":{"rendered":"<p>La actividad se dio en el marco de Piano ma non solo y en su intervenci\u00f3n la estudiante de la maestr\u00eda de Composici\u00f3n Musical y Artes Sonoras de la UArtes ley\u00f3 un texto que prepar\u00f3 para detallar su proceso musical. En esa catarsis y retroalimentaci\u00f3n de su experiencia, Amanda Ch\u00e1vez propuso abrir el debate en torno al quehacer musical y reflexionar sobre para qu\u00e9, por qu\u00e9 y para qui\u00e9n hacemos m\u00fasica.<\/p>","protected":false},"author":10,"featured_media":31193,"comment_status":"open","ping_status":"open","sticky":false,"template":"","format":"standard","meta":{"_acf_changed":false,"_uag_custom_page_level_css":"","_monsterinsights_skip_tracking":false,"_monsterinsights_sitenote_active":false,"_monsterinsights_sitenote_note":"","_monsterinsights_sitenote_category":0,"cybocfi_hide_featured_image":"","footnotes":""},"categories":[80,82,284,264],"tags":[557],"infouartes":[],"class_list":["post-31157","post","type-post","status-publish","format-standard","has-post-thumbnail","hentry","category-academico","category-artes","category-investigacion","category-maestrias","tag-conversatorio"],"acf":[],"yoast_head":"<!-- This site is optimized with the Yoast SEO plugin v27.4 - https:\/\/yoast.com\/product\/yoast-seo-wordpress\/ -->\n<title>Universidad de las Artes - En conversatorio, maestrante UArtes Amanda Ch\u00e1vez detalla sus procesos y propone debatir el quehacer musical<\/title>\n<meta name=\"description\" content=\"Universidad de las Artes - En conversatorio, maestrante UArtes Amanda Ch\u00e1vez detalla sus procesos y propone debatir el quehacer musical\" \/>\n<meta name=\"robots\" content=\"index, follow, max-snippet:-1, max-image-preview:large, max-video-preview:-1\" \/>\n<link rel=\"canonical\" href=\"https:\/\/www.uartes.edu.ec\/sitio\/fr\/blog\/2022\/10\/19\/en-conversatorio-pianista-y-maestrante-uartes-amanda-chavez-propone-debatir-en-torno-al-quehacer-musical\/\" \/>\n<meta property=\"og:locale\" content=\"fr_FR\" \/>\n<meta property=\"og:type\" content=\"article\" \/>\n<meta property=\"og:title\" content=\"Universidad de las Artes - En conversatorio, maestrante UArtes Amanda Ch\u00e1vez detalla sus procesos y propone debatir el quehacer musical\" \/>\n<meta property=\"og:description\" content=\"Universidad de las Artes - En conversatorio, maestrante UArtes Amanda Ch\u00e1vez detalla sus procesos y propone debatir el quehacer musical\" \/>\n<meta property=\"og:url\" content=\"https:\/\/www.uartes.edu.ec\/sitio\/fr\/blog\/2022\/10\/19\/en-conversatorio-pianista-y-maestrante-uartes-amanda-chavez-propone-debatir-en-torno-al-quehacer-musical\/\" \/>\n<meta property=\"og:site_name\" content=\"Universidad de las Artes\" \/>\n<meta property=\"article:publisher\" content=\"https:\/\/www.facebook.com\/uartesec\" \/>\n<meta property=\"article:published_time\" content=\"2022-10-19T16:41:00+00:00\" \/>\n<meta property=\"article:modified_time\" content=\"2024-07-04T16:22:46+00:00\" \/>\n<meta property=\"og:image\" content=\"https:\/\/www.uartes.edu.ec\/sitio\/wp-content\/uploads\/2022\/11\/Jenny-Estrada-2-copia-scaled.jpg\" \/>\n\t<meta property=\"og:image:width\" content=\"2560\" \/>\n\t<meta property=\"og:image:height\" content=\"1440\" \/>\n\t<meta property=\"og:image:type\" content=\"image\/jpeg\" \/>\n<meta name=\"author\" content=\"ccortez\" \/>\n<meta name=\"twitter:card\" content=\"summary_large_image\" \/>\n<meta name=\"twitter:creator\" content=\"@uartesec\" \/>\n<meta name=\"twitter:site\" content=\"@uartesec\" \/>\n<meta name=\"twitter:label1\" content=\"\u00c9crit par\" \/>\n\t<meta name=\"twitter:data1\" content=\"ccortez\" \/>\n\t<meta name=\"twitter:label2\" content=\"Dur\u00e9e de lecture estim\u00e9e\" \/>\n\t<meta name=\"twitter:data2\" content=\"4 minutes\" \/>\n<script type=\"application\/ld+json\" class=\"yoast-schema-graph\">{\"@context\":\"https:\\\/\\\/schema.org\",\"@graph\":[{\"@type\":\"Article\",\"@id\":\"https:\\\/\\\/www.uartes.edu.ec\\\/sitio\\\/fr\\\/blog\\\/2022\\\/10\\\/19\\\/en-conversatorio-pianista-y-maestrante-uartes-amanda-chavez-propone-debatir-en-torno-al-quehacer-musical\\\/#article\",\"isPartOf\":{\"@id\":\"https:\\\/\\\/www.uartes.edu.ec\\\/sitio\\\/fr\\\/blog\\\/2022\\\/10\\\/19\\\/en-conversatorio-pianista-y-maestrante-uartes-amanda-chavez-propone-debatir-en-torno-al-quehacer-musical\\\/\"},\"author\":{\"name\":\"ccortez\",\"@id\":\"https:\\\/\\\/www.uartes.edu.ec\\\/sitio\\\/fr\\\/#\\\/schema\\\/person\\\/efa1b8275797664fd7f13a79ccc0b1f4\"},\"headline\":\"En conversatorio, maestrante UArtes Amanda Ch\u00e1vez detalla sus procesos y propone debatir el quehacer musical\",\"datePublished\":\"2022-10-19T16:41:00+00:00\",\"dateModified\":\"2024-07-04T16:22:46+00:00\",\"mainEntityOfPage\":{\"@id\":\"https:\\\/\\\/www.uartes.edu.ec\\\/sitio\\\/fr\\\/blog\\\/2022\\\/10\\\/19\\\/en-conversatorio-pianista-y-maestrante-uartes-amanda-chavez-propone-debatir-en-torno-al-quehacer-musical\\\/\"},\"wordCount\":900,\"commentCount\":0,\"publisher\":{\"@id\":\"https:\\\/\\\/www.uartes.edu.ec\\\/sitio\\\/fr\\\/#organization\"},\"image\":{\"@id\":\"https:\\\/\\\/www.uartes.edu.ec\\\/sitio\\\/fr\\\/blog\\\/2022\\\/10\\\/19\\\/en-conversatorio-pianista-y-maestrante-uartes-amanda-chavez-propone-debatir-en-torno-al-quehacer-musical\\\/#primaryimage\"},\"thumbnailUrl\":\"https:\\\/\\\/www.uartes.edu.ec\\\/sitio\\\/wp-content\\\/uploads\\\/2022\\\/11\\\/Jenny-Estrada-2-copia-scaled.jpg\",\"keywords\":[\"conversatorio\"],\"articleSection\":[\"Acad\u00e9mico\",\"Artes\",\"Investigaci\u00f3n\",\"Maestr\u00edas\"],\"inLanguage\":\"fr-FR\",\"potentialAction\":[{\"@type\":\"CommentAction\",\"name\":\"Comment\",\"target\":[\"https:\\\/\\\/www.uartes.edu.ec\\\/sitio\\\/fr\\\/blog\\\/2022\\\/10\\\/19\\\/en-conversatorio-pianista-y-maestrante-uartes-amanda-chavez-propone-debatir-en-torno-al-quehacer-musical\\\/#respond\"]}]},{\"@type\":[\"WebPage\",\"ItemPage\"],\"@id\":\"https:\\\/\\\/www.uartes.edu.ec\\\/sitio\\\/fr\\\/blog\\\/2022\\\/10\\\/19\\\/en-conversatorio-pianista-y-maestrante-uartes-amanda-chavez-propone-debatir-en-torno-al-quehacer-musical\\\/\",\"url\":\"https:\\\/\\\/www.uartes.edu.ec\\\/sitio\\\/fr\\\/blog\\\/2022\\\/10\\\/19\\\/en-conversatorio-pianista-y-maestrante-uartes-amanda-chavez-propone-debatir-en-torno-al-quehacer-musical\\\/\",\"name\":\"Universidad de las Artes - En conversatorio, maestrante UArtes Amanda Ch\u00e1vez detalla sus procesos y propone debatir el quehacer musical\",\"isPartOf\":{\"@id\":\"https:\\\/\\\/www.uartes.edu.ec\\\/sitio\\\/fr\\\/#website\"},\"primaryImageOfPage\":{\"@id\":\"https:\\\/\\\/www.uartes.edu.ec\\\/sitio\\\/fr\\\/blog\\\/2022\\\/10\\\/19\\\/en-conversatorio-pianista-y-maestrante-uartes-amanda-chavez-propone-debatir-en-torno-al-quehacer-musical\\\/#primaryimage\"},\"image\":{\"@id\":\"https:\\\/\\\/www.uartes.edu.ec\\\/sitio\\\/fr\\\/blog\\\/2022\\\/10\\\/19\\\/en-conversatorio-pianista-y-maestrante-uartes-amanda-chavez-propone-debatir-en-torno-al-quehacer-musical\\\/#primaryimage\"},\"thumbnailUrl\":\"https:\\\/\\\/www.uartes.edu.ec\\\/sitio\\\/wp-content\\\/uploads\\\/2022\\\/11\\\/Jenny-Estrada-2-copia-scaled.jpg\",\"datePublished\":\"2022-10-19T16:41:00+00:00\",\"dateModified\":\"2024-07-04T16:22:46+00:00\",\"description\":\"Universidad de las Artes - En conversatorio, maestrante UArtes Amanda Ch\u00e1vez detalla sus procesos y propone debatir el quehacer musical\",\"breadcrumb\":{\"@id\":\"https:\\\/\\\/www.uartes.edu.ec\\\/sitio\\\/fr\\\/blog\\\/2022\\\/10\\\/19\\\/en-conversatorio-pianista-y-maestrante-uartes-amanda-chavez-propone-debatir-en-torno-al-quehacer-musical\\\/#breadcrumb\"},\"inLanguage\":\"fr-FR\",\"potentialAction\":[{\"@type\":\"ReadAction\",\"target\":[\"https:\\\/\\\/www.uartes.edu.ec\\\/sitio\\\/fr\\\/blog\\\/2022\\\/10\\\/19\\\/en-conversatorio-pianista-y-maestrante-uartes-amanda-chavez-propone-debatir-en-torno-al-quehacer-musical\\\/\"]}]},{\"@type\":\"ImageObject\",\"inLanguage\":\"fr-FR\",\"@id\":\"https:\\\/\\\/www.uartes.edu.ec\\\/sitio\\\/fr\\\/blog\\\/2022\\\/10\\\/19\\\/en-conversatorio-pianista-y-maestrante-uartes-amanda-chavez-propone-debatir-en-torno-al-quehacer-musical\\\/#primaryimage\",\"url\":\"https:\\\/\\\/www.uartes.edu.ec\\\/sitio\\\/wp-content\\\/uploads\\\/2022\\\/11\\\/Jenny-Estrada-2-copia-scaled.jpg\",\"contentUrl\":\"https:\\\/\\\/www.uartes.edu.ec\\\/sitio\\\/wp-content\\\/uploads\\\/2022\\\/11\\\/Jenny-Estrada-2-copia-scaled.jpg\",\"width\":2560,\"height\":1440},{\"@type\":\"BreadcrumbList\",\"@id\":\"https:\\\/\\\/www.uartes.edu.ec\\\/sitio\\\/fr\\\/blog\\\/2022\\\/10\\\/19\\\/en-conversatorio-pianista-y-maestrante-uartes-amanda-chavez-propone-debatir-en-torno-al-quehacer-musical\\\/#breadcrumb\",\"itemListElement\":[{\"@type\":\"ListItem\",\"position\":1,\"name\":\"Inicio\",\"item\":\"https:\\\/\\\/www.uartes.edu.ec\\\/sitio\\\/\"},{\"@type\":\"ListItem\",\"position\":2,\"name\":\"En conversatorio, maestrante UArtes Amanda Ch\u00e1vez detalla sus procesos y propone debatir el quehacer musical\"}]},{\"@type\":\"WebSite\",\"@id\":\"https:\\\/\\\/www.uartes.edu.ec\\\/sitio\\\/fr\\\/#website\",\"url\":\"https:\\\/\\\/www.uartes.edu.ec\\\/sitio\\\/fr\\\/\",\"name\":\"Universidad de las Artes\",\"description\":\"Sitio oficial de la Universidad Nacional de las Artes del Ecuador\",\"publisher\":{\"@id\":\"https:\\\/\\\/www.uartes.edu.ec\\\/sitio\\\/fr\\\/#organization\"},\"potentialAction\":[{\"@type\":\"SearchAction\",\"target\":{\"@type\":\"EntryPoint\",\"urlTemplate\":\"https:\\\/\\\/www.uartes.edu.ec\\\/sitio\\\/fr\\\/?s={search_term_string}\"},\"query-input\":{\"@type\":\"PropertyValueSpecification\",\"valueRequired\":true,\"valueName\":\"search_term_string\"}}],\"inLanguage\":\"fr-FR\"},{\"@type\":\"Organization\",\"@id\":\"https:\\\/\\\/www.uartes.edu.ec\\\/sitio\\\/fr\\\/#organization\",\"name\":\"Universidad de las Artes\",\"url\":\"https:\\\/\\\/www.uartes.edu.ec\\\/sitio\\\/fr\\\/\",\"logo\":{\"@type\":\"ImageObject\",\"inLanguage\":\"fr-FR\",\"@id\":\"https:\\\/\\\/www.uartes.edu.ec\\\/sitio\\\/fr\\\/#\\\/schema\\\/logo\\\/image\\\/\",\"url\":\"https:\\\/\\\/www.uartes.edu.ec\\\/sitio\\\/wp-content\\\/uploads\\\/2022\\\/07\\\/logo-ua-horizontal.png\",\"contentUrl\":\"https:\\\/\\\/www.uartes.edu.ec\\\/sitio\\\/wp-content\\\/uploads\\\/2022\\\/07\\\/logo-ua-horizontal.png\",\"width\":800,\"height\":276,\"caption\":\"Universidad de las Artes\"},\"image\":{\"@id\":\"https:\\\/\\\/www.uartes.edu.ec\\\/sitio\\\/fr\\\/#\\\/schema\\\/logo\\\/image\\\/\"},\"sameAs\":[\"https:\\\/\\\/www.facebook.com\\\/uartesec\",\"https:\\\/\\\/x.com\\\/uartesec\",\"https:\\\/\\\/www.tiktok.com\\\/@uartesec\"]},{\"@type\":\"Person\",\"@id\":\"https:\\\/\\\/www.uartes.edu.ec\\\/sitio\\\/fr\\\/#\\\/schema\\\/person\\\/efa1b8275797664fd7f13a79ccc0b1f4\",\"name\":\"ccortez\",\"image\":{\"@type\":\"ImageObject\",\"inLanguage\":\"fr-FR\",\"@id\":\"https:\\\/\\\/secure.gravatar.com\\\/avatar\\\/b2a6f664a3ae8e074346ef91775736c5ec479e637ecced6842de9dc98b5da9cd?s=96&d=mm&r=g\",\"url\":\"https:\\\/\\\/secure.gravatar.com\\\/avatar\\\/b2a6f664a3ae8e074346ef91775736c5ec479e637ecced6842de9dc98b5da9cd?s=96&d=mm&r=g\",\"contentUrl\":\"https:\\\/\\\/secure.gravatar.com\\\/avatar\\\/b2a6f664a3ae8e074346ef91775736c5ec479e637ecced6842de9dc98b5da9cd?s=96&d=mm&r=g\",\"caption\":\"ccortez\"},\"url\":\"https:\\\/\\\/www.uartes.edu.ec\\\/sitio\\\/fr\\\/blog\\\/author\\\/ccortez\\\/\"}]}<\/script>\n<!-- \/ Yoast SEO plugin. -->","yoast_head_json":{"title":"Universidad de las Artes - En conversatorio, maestrante UArtes Amanda Ch\u00e1vez detalla sus procesos y propone debatir el quehacer musical","description":"Universidad de las Artes - En conversatorio, maestrante UArtes Amanda Ch\u00e1vez detalla sus procesos y propone debatir el quehacer musical","robots":{"index":"index","follow":"follow","max-snippet":"max-snippet:-1","max-image-preview":"max-image-preview:large","max-video-preview":"max-video-preview:-1"},"canonical":"https:\/\/www.uartes.edu.ec\/sitio\/fr\/blog\/2022\/10\/19\/en-conversatorio-pianista-y-maestrante-uartes-amanda-chavez-propone-debatir-en-torno-al-quehacer-musical\/","og_locale":"fr_FR","og_type":"article","og_title":"Universidad de las Artes - En conversatorio, maestrante UArtes Amanda Ch\u00e1vez detalla sus procesos y propone debatir el quehacer musical","og_description":"Universidad de las Artes - En conversatorio, maestrante UArtes Amanda Ch\u00e1vez detalla sus procesos y propone debatir el quehacer musical","og_url":"https:\/\/www.uartes.edu.ec\/sitio\/fr\/blog\/2022\/10\/19\/en-conversatorio-pianista-y-maestrante-uartes-amanda-chavez-propone-debatir-en-torno-al-quehacer-musical\/","og_site_name":"Universidad de las Artes","article_publisher":"https:\/\/www.facebook.com\/uartesec","article_published_time":"2022-10-19T16:41:00+00:00","article_modified_time":"2024-07-04T16:22:46+00:00","og_image":[{"width":2560,"height":1440,"url":"https:\/\/www.uartes.edu.ec\/sitio\/wp-content\/uploads\/2022\/11\/Jenny-Estrada-2-copia-scaled.jpg","type":"image\/jpeg"}],"author":"ccortez","twitter_card":"summary_large_image","twitter_creator":"@uartesec","twitter_site":"@uartesec","twitter_misc":{"\u00c9crit par":"ccortez","Dur\u00e9e de lecture estim\u00e9e":"4 minutes"},"schema":{"@context":"https:\/\/schema.org","@graph":[{"@type":"Article","@id":"https:\/\/www.uartes.edu.ec\/sitio\/fr\/blog\/2022\/10\/19\/en-conversatorio-pianista-y-maestrante-uartes-amanda-chavez-propone-debatir-en-torno-al-quehacer-musical\/#article","isPartOf":{"@id":"https:\/\/www.uartes.edu.ec\/sitio\/fr\/blog\/2022\/10\/19\/en-conversatorio-pianista-y-maestrante-uartes-amanda-chavez-propone-debatir-en-torno-al-quehacer-musical\/"},"author":{"name":"ccortez","@id":"https:\/\/www.uartes.edu.ec\/sitio\/fr\/#\/schema\/person\/efa1b8275797664fd7f13a79ccc0b1f4"},"headline":"En conversatorio, maestrante UArtes Amanda Ch\u00e1vez detalla sus procesos y propone debatir el quehacer musical","datePublished":"2022-10-19T16:41:00+00:00","dateModified":"2024-07-04T16:22:46+00:00","mainEntityOfPage":{"@id":"https:\/\/www.uartes.edu.ec\/sitio\/fr\/blog\/2022\/10\/19\/en-conversatorio-pianista-y-maestrante-uartes-amanda-chavez-propone-debatir-en-torno-al-quehacer-musical\/"},"wordCount":900,"commentCount":0,"publisher":{"@id":"https:\/\/www.uartes.edu.ec\/sitio\/fr\/#organization"},"image":{"@id":"https:\/\/www.uartes.edu.ec\/sitio\/fr\/blog\/2022\/10\/19\/en-conversatorio-pianista-y-maestrante-uartes-amanda-chavez-propone-debatir-en-torno-al-quehacer-musical\/#primaryimage"},"thumbnailUrl":"https:\/\/www.uartes.edu.ec\/sitio\/wp-content\/uploads\/2022\/11\/Jenny-Estrada-2-copia-scaled.jpg","keywords":["conversatorio"],"articleSection":["Acad\u00e9mico","Artes","Investigaci\u00f3n","Maestr\u00edas"],"inLanguage":"fr-FR","potentialAction":[{"@type":"CommentAction","name":"Comment","target":["https:\/\/www.uartes.edu.ec\/sitio\/fr\/blog\/2022\/10\/19\/en-conversatorio-pianista-y-maestrante-uartes-amanda-chavez-propone-debatir-en-torno-al-quehacer-musical\/#respond"]}]},{"@type":["WebPage","ItemPage"],"@id":"https:\/\/www.uartes.edu.ec\/sitio\/fr\/blog\/2022\/10\/19\/en-conversatorio-pianista-y-maestrante-uartes-amanda-chavez-propone-debatir-en-torno-al-quehacer-musical\/","url":"https:\/\/www.uartes.edu.ec\/sitio\/fr\/blog\/2022\/10\/19\/en-conversatorio-pianista-y-maestrante-uartes-amanda-chavez-propone-debatir-en-torno-al-quehacer-musical\/","name":"Universidad de las Artes - En conversatorio, maestrante UArtes Amanda Ch\u00e1vez detalla sus procesos y propone debatir el quehacer musical","isPartOf":{"@id":"https:\/\/www.uartes.edu.ec\/sitio\/fr\/#website"},"primaryImageOfPage":{"@id":"https:\/\/www.uartes.edu.ec\/sitio\/fr\/blog\/2022\/10\/19\/en-conversatorio-pianista-y-maestrante-uartes-amanda-chavez-propone-debatir-en-torno-al-quehacer-musical\/#primaryimage"},"image":{"@id":"https:\/\/www.uartes.edu.ec\/sitio\/fr\/blog\/2022\/10\/19\/en-conversatorio-pianista-y-maestrante-uartes-amanda-chavez-propone-debatir-en-torno-al-quehacer-musical\/#primaryimage"},"thumbnailUrl":"https:\/\/www.uartes.edu.ec\/sitio\/wp-content\/uploads\/2022\/11\/Jenny-Estrada-2-copia-scaled.jpg","datePublished":"2022-10-19T16:41:00+00:00","dateModified":"2024-07-04T16:22:46+00:00","description":"Universidad de las Artes - En conversatorio, maestrante UArtes Amanda Ch\u00e1vez detalla sus procesos y propone debatir el quehacer musical","breadcrumb":{"@id":"https:\/\/www.uartes.edu.ec\/sitio\/fr\/blog\/2022\/10\/19\/en-conversatorio-pianista-y-maestrante-uartes-amanda-chavez-propone-debatir-en-torno-al-quehacer-musical\/#breadcrumb"},"inLanguage":"fr-FR","potentialAction":[{"@type":"ReadAction","target":["https:\/\/www.uartes.edu.ec\/sitio\/fr\/blog\/2022\/10\/19\/en-conversatorio-pianista-y-maestrante-uartes-amanda-chavez-propone-debatir-en-torno-al-quehacer-musical\/"]}]},{"@type":"ImageObject","inLanguage":"fr-FR","@id":"https:\/\/www.uartes.edu.ec\/sitio\/fr\/blog\/2022\/10\/19\/en-conversatorio-pianista-y-maestrante-uartes-amanda-chavez-propone-debatir-en-torno-al-quehacer-musical\/#primaryimage","url":"https:\/\/www.uartes.edu.ec\/sitio\/wp-content\/uploads\/2022\/11\/Jenny-Estrada-2-copia-scaled.jpg","contentUrl":"https:\/\/www.uartes.edu.ec\/sitio\/wp-content\/uploads\/2022\/11\/Jenny-Estrada-2-copia-scaled.jpg","width":2560,"height":1440},{"@type":"BreadcrumbList","@id":"https:\/\/www.uartes.edu.ec\/sitio\/fr\/blog\/2022\/10\/19\/en-conversatorio-pianista-y-maestrante-uartes-amanda-chavez-propone-debatir-en-torno-al-quehacer-musical\/#breadcrumb","itemListElement":[{"@type":"ListItem","position":1,"name":"Inicio","item":"https:\/\/www.uartes.edu.ec\/sitio\/"},{"@type":"ListItem","position":2,"name":"En conversatorio, maestrante UArtes Amanda Ch\u00e1vez detalla sus procesos y propone debatir el quehacer musical"}]},{"@type":"WebSite","@id":"https:\/\/www.uartes.edu.ec\/sitio\/fr\/#website","url":"https:\/\/www.uartes.edu.ec\/sitio\/fr\/","name":"Universidad de las Artes","description":"Sitio oficial de la Universidad Nacional de las Artes del Ecuador","publisher":{"@id":"https:\/\/www.uartes.edu.ec\/sitio\/fr\/#organization"},"potentialAction":[{"@type":"SearchAction","target":{"@type":"EntryPoint","urlTemplate":"https:\/\/www.uartes.edu.ec\/sitio\/fr\/?s={search_term_string}"},"query-input":{"@type":"PropertyValueSpecification","valueRequired":true,"valueName":"search_term_string"}}],"inLanguage":"fr-FR"},{"@type":"Organization","@id":"https:\/\/www.uartes.edu.ec\/sitio\/fr\/#organization","name":"Universidad de las Artes","url":"https:\/\/www.uartes.edu.ec\/sitio\/fr\/","logo":{"@type":"ImageObject","inLanguage":"fr-FR","@id":"https:\/\/www.uartes.edu.ec\/sitio\/fr\/#\/schema\/logo\/image\/","url":"https:\/\/www.uartes.edu.ec\/sitio\/wp-content\/uploads\/2022\/07\/logo-ua-horizontal.png","contentUrl":"https:\/\/www.uartes.edu.ec\/sitio\/wp-content\/uploads\/2022\/07\/logo-ua-horizontal.png","width":800,"height":276,"caption":"Universidad de las Artes"},"image":{"@id":"https:\/\/www.uartes.edu.ec\/sitio\/fr\/#\/schema\/logo\/image\/"},"sameAs":["https:\/\/www.facebook.com\/uartesec","https:\/\/x.com\/uartesec","https:\/\/www.tiktok.com\/@uartesec"]},{"@type":"Person","@id":"https:\/\/www.uartes.edu.ec\/sitio\/fr\/#\/schema\/person\/efa1b8275797664fd7f13a79ccc0b1f4","name":"ccortez","image":{"@type":"ImageObject","inLanguage":"fr-FR","@id":"https:\/\/secure.gravatar.com\/avatar\/b2a6f664a3ae8e074346ef91775736c5ec479e637ecced6842de9dc98b5da9cd?s=96&d=mm&r=g","url":"https:\/\/secure.gravatar.com\/avatar\/b2a6f664a3ae8e074346ef91775736c5ec479e637ecced6842de9dc98b5da9cd?s=96&d=mm&r=g","contentUrl":"https:\/\/secure.gravatar.com\/avatar\/b2a6f664a3ae8e074346ef91775736c5ec479e637ecced6842de9dc98b5da9cd?s=96&d=mm&r=g","caption":"ccortez"},"url":"https:\/\/www.uartes.edu.ec\/sitio\/fr\/blog\/author\/ccortez\/"}]}},"uagb_featured_image_src":{"full":["https:\/\/www.uartes.edu.ec\/sitio\/wp-content\/uploads\/2022\/11\/Jenny-Estrada-2-copia-scaled.jpg",2560,1440,false],"thumbnail":["https:\/\/www.uartes.edu.ec\/sitio\/wp-content\/uploads\/2022\/11\/Jenny-Estrada-2-copia-150x150.jpg",150,150,true],"medium":["https:\/\/www.uartes.edu.ec\/sitio\/wp-content\/uploads\/2022\/11\/Jenny-Estrada-2-copia-300x169.jpg",300,169,true],"medium_large":["https:\/\/www.uartes.edu.ec\/sitio\/wp-content\/uploads\/2022\/11\/Jenny-Estrada-2-copia-768x432.jpg",768,432,true],"large":["https:\/\/www.uartes.edu.ec\/sitio\/wp-content\/uploads\/2022\/11\/Jenny-Estrada-2-copia-644x362.jpg",644,362,true],"1536x1536":["https:\/\/www.uartes.edu.ec\/sitio\/wp-content\/uploads\/2022\/11\/Jenny-Estrada-2-copia-1536x864.jpg",1536,864,true],"2048x2048":["https:\/\/www.uartes.edu.ec\/sitio\/wp-content\/uploads\/2022\/11\/Jenny-Estrada-2-copia-2048x1152.jpg",2048,1152,true],"trp-custom-language-flag":["https:\/\/www.uartes.edu.ec\/sitio\/wp-content\/uploads\/2022\/11\/Jenny-Estrada-2-copia-scaled.jpg",18,10,false],"htmega_size_585x295":["https:\/\/www.uartes.edu.ec\/sitio\/wp-content\/uploads\/2022\/11\/Jenny-Estrada-2-copia-scaled.jpg",524,295,false],"htmega_size_1170x536":["https:\/\/www.uartes.edu.ec\/sitio\/wp-content\/uploads\/2022\/11\/Jenny-Estrada-2-copia-scaled.jpg",953,536,false],"htmega_size_396x360":["https:\/\/www.uartes.edu.ec\/sitio\/wp-content\/uploads\/2022\/11\/Jenny-Estrada-2-copia-scaled.jpg",396,223,false],"gb-block-post-grid-landscape":["https:\/\/www.uartes.edu.ec\/sitio\/wp-content\/uploads\/2022\/11\/Jenny-Estrada-2-copia-scaled.jpg",600,338,false],"gb-block-post-grid-square":["https:\/\/www.uartes.edu.ec\/sitio\/wp-content\/uploads\/2022\/11\/Jenny-Estrada-2-copia-scaled.jpg",600,338,false],"university-hub-thumb":["https:\/\/www.uartes.edu.ec\/sitio\/wp-content\/uploads\/2022\/11\/Jenny-Estrada-2-copia-400x225.jpg",400,225,true]},"uagb_author_info":{"display_name":"ccortez","author_link":"https:\/\/www.uartes.edu.ec\/sitio\/fr\/blog\/author\/ccortez\/"},"uagb_comment_info":0,"uagb_excerpt":"La actividad se dio en el marco de Piano ma non solo y en su intervenci\u00f3n la estudiante de la maestr\u00eda de Composici\u00f3n Musical y Artes Sonoras de la UArtes ley\u00f3 un texto que prepar\u00f3 para detallar su proceso musical. En esa catarsis y retroalimentaci\u00f3n de su experiencia, Amanda Ch\u00e1vez propuso abrir el debate en\u2026","featured_image_src":"https:\/\/www.uartes.edu.ec\/sitio\/wp-content\/uploads\/2022\/11\/Jenny-Estrada-2-copia-scaled.jpg","featured_image_src_square":"https:\/\/www.uartes.edu.ec\/sitio\/wp-content\/uploads\/2022\/11\/Jenny-Estrada-2-copia-scaled.jpg","author_info":{"display_name":"ccortez","author_link":"https:\/\/www.uartes.edu.ec\/sitio\/fr\/blog\/author\/ccortez\/"},"publishpress_future_workflow_manual_trigger":{"enabledWorkflows":[]},"distributor_meta":false,"distributor_terms":false,"distributor_media":false,"distributor_original_site_name":"Universidad de las Artes","distributor_original_site_url":"https:\/\/www.uartes.edu.ec\/sitio\/fr","push-errors":false,"_links":{"self":[{"href":"https:\/\/www.uartes.edu.ec\/sitio\/fr\/wp-json\/wp\/v2\/posts\/31157","targetHints":{"allow":["GET"]}}],"collection":[{"href":"https:\/\/www.uartes.edu.ec\/sitio\/fr\/wp-json\/wp\/v2\/posts"}],"about":[{"href":"https:\/\/www.uartes.edu.ec\/sitio\/fr\/wp-json\/wp\/v2\/types\/post"}],"author":[{"embeddable":true,"href":"https:\/\/www.uartes.edu.ec\/sitio\/fr\/wp-json\/wp\/v2\/users\/10"}],"replies":[{"embeddable":true,"href":"https:\/\/www.uartes.edu.ec\/sitio\/fr\/wp-json\/wp\/v2\/comments?post=31157"}],"version-history":[{"count":11,"href":"https:\/\/www.uartes.edu.ec\/sitio\/fr\/wp-json\/wp\/v2\/posts\/31157\/revisions"}],"predecessor-version":[{"id":31225,"href":"https:\/\/www.uartes.edu.ec\/sitio\/fr\/wp-json\/wp\/v2\/posts\/31157\/revisions\/31225"}],"wp:featuredmedia":[{"embeddable":true,"href":"https:\/\/www.uartes.edu.ec\/sitio\/fr\/wp-json\/wp\/v2\/media\/31193"}],"wp:attachment":[{"href":"https:\/\/www.uartes.edu.ec\/sitio\/fr\/wp-json\/wp\/v2\/media?parent=31157"}],"wp:term":[{"taxonomy":"category","embeddable":true,"href":"https:\/\/www.uartes.edu.ec\/sitio\/fr\/wp-json\/wp\/v2\/categories?post=31157"},{"taxonomy":"post_tag","embeddable":true,"href":"https:\/\/www.uartes.edu.ec\/sitio\/fr\/wp-json\/wp\/v2\/tags?post=31157"},{"taxonomy":"infouartes","embeddable":true,"href":"https:\/\/www.uartes.edu.ec\/sitio\/fr\/wp-json\/wp\/v2\/infouartes?post=31157"}],"curies":[{"name":"wp","href":"https:\/\/api.w.org\/{rel}","templated":true}]}}