{"id":3204,"date":"2019-04-08T16:51:48","date_gmt":"2019-04-08T21:51:48","guid":{"rendered":"http:\/\/www.uartes.edu.ec\/sitio\/blog\/2019\/04\/08\/biblioteca-de-las-artes-tuvo-su-segundo-dialogo\/"},"modified":"2024-07-04T11:51:31","modified_gmt":"2024-07-04T16:51:31","slug":"biblioteca-de-las-artes-tuvo-su-segundo-dialogo","status":"publish","type":"post","link":"https:\/\/www.uartes.edu.ec\/sitio\/fr\/blog\/2019\/04\/08\/biblioteca-de-las-artes-tuvo-su-segundo-dialogo\/","title":{"rendered":"Biblioteca de las Artes tuvo su segundo di\u00e1logo"},"content":{"rendered":"<p>Tal y como se anunci\u00f3 el d\u00eda de la inauguraci\u00f3n del Archivo\nHist\u00f3rico El Tel\u00e9grafo, el pasado 16 de enero, la Biblioteca de las Artes\ndesarroll\u00f3 este jueves 4 de abril el segundo de los di\u00e1logos programados para\nanalizar temas relacionados con la historia, el arte, los fondos bibliogr\u00e1ficos\ny las actividades con las cuales se busca afianzar una mediaci\u00f3n cultural con\nla comunidad.&nbsp;&nbsp; &nbsp;&nbsp;&nbsp;<\/p>\n\n\n\n<p>As\u00ed, a las 19:00, al primer piso de la Biblioteca de las\nArtes lleg\u00f3 un p\u00fablico \u00e1vido por escuchar al historiador \u00c1ngel Emilio Hidalgo y\na la artista visual Aurora Zanabria analizar el tema \u201cArte y Archivo\u201d. Ambos,\ndocentes de maestr\u00edas de la Universidad de las Artes, dieron detalles sobre su\nrelaci\u00f3n con el archivo hist\u00f3rico. <\/p>\n\n\n\n<p>Teniendo como moderadora a Natalia Tamayo, Hidalgo y\nZanabria expusieron sobre su relaci\u00f3n con el Archivo Hist\u00f3rico El Tel\u00e9grafo. La\ndocente de la maestr\u00eda de Fotograf\u00eda y Sociedad en Am\u00e9rica Latina habl\u00f3 de las\nactividades de intervenci\u00f3n desarrolladas con los alumnos de la UArtes y coment\u00f3\nde la adopci\u00f3n del archivo de fotos como objeto de arte, a partir del cual se\npuede crear una nueva representaci\u00f3n y lectura.<\/p>\n\n\n\n<p>Entender la relaci\u00f3n arte y archivo, dijo, permite\nreinterpretar la historia, su capacidad de apertura al p\u00fablico desde otros usos\ny su posibilidad perform\u00e1tica.<\/p>\n\n\n\n<p>\u00c1ngel Emilio Hidalgo, en cambio, habl\u00f3 del archivo hist\u00f3rico,\nen general, como la fuente de informaci\u00f3n que permite al investigador\ndesbaratar la historia oficial en busca de la otra verdad, de quienes desde las\nminor\u00edas o alejados de las \u00e9lites no formaron parte del discurso oficial\nimpreso en medios tradicionales. <\/p>\n\n\n\n<p>Agreg\u00f3 que, como el conjunto de documentos y contenidos organizados\ncronol\u00f3gicamente, es necesario implementar acciones que garanticen la\nconservaci\u00f3n, organizaci\u00f3n y desarrollo de esos fondos documentales que permiten\na los investigadores hist\u00f3ricos buscar esas otras narrativas ocultas. <\/p>\n\n\n\n<p>Hidalgo se\u00f1al\u00f3 el trabajo realizado para el rescate y la\nvisibilidad de fot\u00f3grafos, que con sus im\u00e1genes dejaron sentada la historia\ngr\u00e1fica de Guayaquil a principios del siglo XX.<\/p>\n\n\n\n<p>Luego de las disertaciones hubo preguntas e incluso\ninvestigadores contaron sus experiencias como tales. Hidalgo profundiz\u00f3 en el\ntema y reflexion\u00f3 en que la historia no es un objeto maleable, sino una\ndisciplina que se sirve de los archivos. <\/p>","protected":false},"excerpt":{"rendered":"<p>Se desarroll\u00f3 este jueves 4 de abril el segundo de los di\u00e1logos programados para analizar temas relacionados con la historia, el arte y los fondos bibliogr\u00e1ficos.<\/p>","protected":false},"author":1,"featured_media":3205,"comment_status":"closed","ping_status":"closed","sticky":false,"template":"","format":"standard","meta":{"_acf_changed":false,"_uag_custom_page_level_css":"","_monsterinsights_skip_tracking":false,"_monsterinsights_sitenote_active":false,"_monsterinsights_sitenote_note":"","_monsterinsights_sitenote_category":0,"cybocfi_hide_featured_image":"","footnotes":""},"categories":[80,82],"tags":[41],"infouartes":[],"class_list":["post-3204","post","type-post","status-publish","format-standard","has-post-thumbnail","hentry","category-academico","category-artes","tag-biblioteca"],"acf":[],"yoast_head":"<!-- This site is optimized with the Yoast SEO plugin v27.4 - https:\/\/yoast.com\/product\/yoast-seo-wordpress\/ -->\n<title>Universidad de las Artes - Biblioteca de las Artes tuvo su segundo di\u00e1logo<\/title>\n<meta name=\"description\" content=\"Universidad de las Artes - Biblioteca de las Artes tuvo su segundo di\u00e1logo\" \/>\n<meta name=\"robots\" content=\"index, follow, max-snippet:-1, max-image-preview:large, max-video-preview:-1\" \/>\n<link rel=\"canonical\" href=\"https:\/\/www.uartes.edu.ec\/sitio\/fr\/blog\/2019\/04\/08\/biblioteca-de-las-artes-tuvo-su-segundo-dialogo\/\" \/>\n<meta property=\"og:locale\" content=\"fr_FR\" \/>\n<meta property=\"og:type\" content=\"article\" \/>\n<meta property=\"og:title\" content=\"Universidad de las Artes - Biblioteca de las Artes tuvo su segundo di\u00e1logo\" \/>\n<meta property=\"og:description\" content=\"Universidad de las Artes - Biblioteca de las Artes tuvo su segundo di\u00e1logo\" \/>\n<meta property=\"og:url\" content=\"https:\/\/www.uartes.edu.ec\/sitio\/fr\/blog\/2019\/04\/08\/biblioteca-de-las-artes-tuvo-su-segundo-dialogo\/\" \/>\n<meta property=\"og:site_name\" content=\"Universidad de las Artes\" \/>\n<meta property=\"article:publisher\" content=\"https:\/\/www.facebook.com\/uartesec\" \/>\n<meta property=\"article:published_time\" content=\"2019-04-08T21:51:48+00:00\" \/>\n<meta property=\"article:modified_time\" content=\"2024-07-04T16:51:31+00:00\" \/>\n<meta property=\"og:image\" content=\"https:\/\/www.uartes.edu.ec\/sitio\/wp-content\/uploads\/2019\/04\/Dialogos-Archivo-el-Telegrafo.jpg\" \/>\n\t<meta property=\"og:image:width\" content=\"1500\" \/>\n\t<meta property=\"og:image:height\" content=\"1000\" \/>\n\t<meta property=\"og:image:type\" content=\"image\/jpeg\" \/>\n<meta name=\"author\" content=\"Universidad de las Artes\" \/>\n<meta name=\"twitter:card\" content=\"summary_large_image\" \/>\n<meta name=\"twitter:creator\" content=\"@uartesec\" \/>\n<meta name=\"twitter:site\" content=\"@uartesec\" \/>\n<meta name=\"twitter:label1\" content=\"\u00c9crit par\" \/>\n\t<meta name=\"twitter:data1\" content=\"Universidad de las Artes\" \/>\n\t<meta name=\"twitter:label2\" content=\"Dur\u00e9e de lecture estim\u00e9e\" \/>\n\t<meta name=\"twitter:data2\" content=\"2 minutes\" \/>\n<script type=\"application\/ld+json\" class=\"yoast-schema-graph\">{\"@context\":\"https:\\\/\\\/schema.org\",\"@graph\":[{\"@type\":\"Article\",\"@id\":\"https:\\\/\\\/www.uartes.edu.ec\\\/sitio\\\/fr\\\/blog\\\/2019\\\/04\\\/08\\\/biblioteca-de-las-artes-tuvo-su-segundo-dialogo\\\/#article\",\"isPartOf\":{\"@id\":\"https:\\\/\\\/www.uartes.edu.ec\\\/sitio\\\/fr\\\/blog\\\/2019\\\/04\\\/08\\\/biblioteca-de-las-artes-tuvo-su-segundo-dialogo\\\/\"},\"author\":{\"name\":\"Universidad de las Artes\",\"@id\":\"https:\\\/\\\/www.uartes.edu.ec\\\/sitio\\\/fr\\\/#\\\/schema\\\/person\\\/f33f8c1d2af0d5c80a38c8abf458184a\"},\"headline\":\"Biblioteca de las Artes tuvo su segundo di\u00e1logo\",\"datePublished\":\"2019-04-08T21:51:48+00:00\",\"dateModified\":\"2024-07-04T16:51:31+00:00\",\"mainEntityOfPage\":{\"@id\":\"https:\\\/\\\/www.uartes.edu.ec\\\/sitio\\\/fr\\\/blog\\\/2019\\\/04\\\/08\\\/biblioteca-de-las-artes-tuvo-su-segundo-dialogo\\\/\"},\"wordCount\":413,\"publisher\":{\"@id\":\"https:\\\/\\\/www.uartes.edu.ec\\\/sitio\\\/fr\\\/#organization\"},\"image\":{\"@id\":\"https:\\\/\\\/www.uartes.edu.ec\\\/sitio\\\/fr\\\/blog\\\/2019\\\/04\\\/08\\\/biblioteca-de-las-artes-tuvo-su-segundo-dialogo\\\/#primaryimage\"},\"thumbnailUrl\":\"https:\\\/\\\/www.uartes.edu.ec\\\/sitio\\\/wp-content\\\/uploads\\\/2019\\\/04\\\/Dialogos-Archivo-el-Telegrafo.jpg\",\"keywords\":[\"biblioteca\"],\"articleSection\":[\"Acad\u00e9mico\",\"Artes\"],\"inLanguage\":\"fr-FR\"},{\"@type\":[\"WebPage\",\"ItemPage\"],\"@id\":\"https:\\\/\\\/www.uartes.edu.ec\\\/sitio\\\/fr\\\/blog\\\/2019\\\/04\\\/08\\\/biblioteca-de-las-artes-tuvo-su-segundo-dialogo\\\/\",\"url\":\"https:\\\/\\\/www.uartes.edu.ec\\\/sitio\\\/fr\\\/blog\\\/2019\\\/04\\\/08\\\/biblioteca-de-las-artes-tuvo-su-segundo-dialogo\\\/\",\"name\":\"Universidad de las Artes - Biblioteca de las Artes tuvo su segundo di\u00e1logo\",\"isPartOf\":{\"@id\":\"https:\\\/\\\/www.uartes.edu.ec\\\/sitio\\\/fr\\\/#website\"},\"primaryImageOfPage\":{\"@id\":\"https:\\\/\\\/www.uartes.edu.ec\\\/sitio\\\/fr\\\/blog\\\/2019\\\/04\\\/08\\\/biblioteca-de-las-artes-tuvo-su-segundo-dialogo\\\/#primaryimage\"},\"image\":{\"@id\":\"https:\\\/\\\/www.uartes.edu.ec\\\/sitio\\\/fr\\\/blog\\\/2019\\\/04\\\/08\\\/biblioteca-de-las-artes-tuvo-su-segundo-dialogo\\\/#primaryimage\"},\"thumbnailUrl\":\"https:\\\/\\\/www.uartes.edu.ec\\\/sitio\\\/wp-content\\\/uploads\\\/2019\\\/04\\\/Dialogos-Archivo-el-Telegrafo.jpg\",\"datePublished\":\"2019-04-08T21:51:48+00:00\",\"dateModified\":\"2024-07-04T16:51:31+00:00\",\"description\":\"Universidad de las Artes - Biblioteca de las Artes tuvo su segundo di\u00e1logo\",\"breadcrumb\":{\"@id\":\"https:\\\/\\\/www.uartes.edu.ec\\\/sitio\\\/fr\\\/blog\\\/2019\\\/04\\\/08\\\/biblioteca-de-las-artes-tuvo-su-segundo-dialogo\\\/#breadcrumb\"},\"inLanguage\":\"fr-FR\",\"potentialAction\":[{\"@type\":\"ReadAction\",\"target\":[\"https:\\\/\\\/www.uartes.edu.ec\\\/sitio\\\/fr\\\/blog\\\/2019\\\/04\\\/08\\\/biblioteca-de-las-artes-tuvo-su-segundo-dialogo\\\/\"]}]},{\"@type\":\"ImageObject\",\"inLanguage\":\"fr-FR\",\"@id\":\"https:\\\/\\\/www.uartes.edu.ec\\\/sitio\\\/fr\\\/blog\\\/2019\\\/04\\\/08\\\/biblioteca-de-las-artes-tuvo-su-segundo-dialogo\\\/#primaryimage\",\"url\":\"https:\\\/\\\/www.uartes.edu.ec\\\/sitio\\\/wp-content\\\/uploads\\\/2019\\\/04\\\/Dialogos-Archivo-el-Telegrafo.jpg\",\"contentUrl\":\"https:\\\/\\\/www.uartes.edu.ec\\\/sitio\\\/wp-content\\\/uploads\\\/2019\\\/04\\\/Dialogos-Archivo-el-Telegrafo.jpg\",\"width\":1500,\"height\":1000},{\"@type\":\"BreadcrumbList\",\"@id\":\"https:\\\/\\\/www.uartes.edu.ec\\\/sitio\\\/fr\\\/blog\\\/2019\\\/04\\\/08\\\/biblioteca-de-las-artes-tuvo-su-segundo-dialogo\\\/#breadcrumb\",\"itemListElement\":[{\"@type\":\"ListItem\",\"position\":1,\"name\":\"Inicio\",\"item\":\"https:\\\/\\\/www.uartes.edu.ec\\\/sitio\\\/\"},{\"@type\":\"ListItem\",\"position\":2,\"name\":\"Biblioteca de las Artes tuvo su segundo di\u00e1logo\"}]},{\"@type\":\"WebSite\",\"@id\":\"https:\\\/\\\/www.uartes.edu.ec\\\/sitio\\\/fr\\\/#website\",\"url\":\"https:\\\/\\\/www.uartes.edu.ec\\\/sitio\\\/fr\\\/\",\"name\":\"Universidad de las Artes\",\"description\":\"Sitio oficial de la Universidad Nacional de las Artes del Ecuador\",\"publisher\":{\"@id\":\"https:\\\/\\\/www.uartes.edu.ec\\\/sitio\\\/fr\\\/#organization\"},\"potentialAction\":[{\"@type\":\"SearchAction\",\"target\":{\"@type\":\"EntryPoint\",\"urlTemplate\":\"https:\\\/\\\/www.uartes.edu.ec\\\/sitio\\\/fr\\\/?s={search_term_string}\"},\"query-input\":{\"@type\":\"PropertyValueSpecification\",\"valueRequired\":true,\"valueName\":\"search_term_string\"}}],\"inLanguage\":\"fr-FR\"},{\"@type\":\"Organization\",\"@id\":\"https:\\\/\\\/www.uartes.edu.ec\\\/sitio\\\/fr\\\/#organization\",\"name\":\"Universidad de las Artes\",\"url\":\"https:\\\/\\\/www.uartes.edu.ec\\\/sitio\\\/fr\\\/\",\"logo\":{\"@type\":\"ImageObject\",\"inLanguage\":\"fr-FR\",\"@id\":\"https:\\\/\\\/www.uartes.edu.ec\\\/sitio\\\/fr\\\/#\\\/schema\\\/logo\\\/image\\\/\",\"url\":\"https:\\\/\\\/www.uartes.edu.ec\\\/sitio\\\/wp-content\\\/uploads\\\/2022\\\/07\\\/logo-ua-horizontal.png\",\"contentUrl\":\"https:\\\/\\\/www.uartes.edu.ec\\\/sitio\\\/wp-content\\\/uploads\\\/2022\\\/07\\\/logo-ua-horizontal.png\",\"width\":800,\"height\":276,\"caption\":\"Universidad de las Artes\"},\"image\":{\"@id\":\"https:\\\/\\\/www.uartes.edu.ec\\\/sitio\\\/fr\\\/#\\\/schema\\\/logo\\\/image\\\/\"},\"sameAs\":[\"https:\\\/\\\/www.facebook.com\\\/uartesec\",\"https:\\\/\\\/x.com\\\/uartesec\",\"https:\\\/\\\/www.tiktok.com\\\/@uartesec\"]},{\"@type\":\"Person\",\"@id\":\"https:\\\/\\\/www.uartes.edu.ec\\\/sitio\\\/fr\\\/#\\\/schema\\\/person\\\/f33f8c1d2af0d5c80a38c8abf458184a\",\"name\":\"Universidad de las Artes\",\"image\":{\"@type\":\"ImageObject\",\"inLanguage\":\"fr-FR\",\"@id\":\"https:\\\/\\\/secure.gravatar.com\\\/avatar\\\/52e4757902f5cfa5ac52d020e5be83cae5487519154b6c35482fe08d589f3c13?s=96&d=mm&r=g\",\"url\":\"https:\\\/\\\/secure.gravatar.com\\\/avatar\\\/52e4757902f5cfa5ac52d020e5be83cae5487519154b6c35482fe08d589f3c13?s=96&d=mm&r=g\",\"contentUrl\":\"https:\\\/\\\/secure.gravatar.com\\\/avatar\\\/52e4757902f5cfa5ac52d020e5be83cae5487519154b6c35482fe08d589f3c13?s=96&d=mm&r=g\",\"caption\":\"Universidad de las Artes\"},\"url\":\"https:\\\/\\\/www.uartes.edu.ec\\\/sitio\\\/fr\\\/blog\\\/author\\\/dircomadm\\\/\"}]}<\/script>\n<!-- \/ Yoast SEO plugin. -->","yoast_head_json":{"title":"Universidad de las Artes - Biblioteca de las Artes tuvo su segundo di\u00e1logo","description":"Universidad de las Artes - Biblioteca de las Artes tuvo su segundo di\u00e1logo","robots":{"index":"index","follow":"follow","max-snippet":"max-snippet:-1","max-image-preview":"max-image-preview:large","max-video-preview":"max-video-preview:-1"},"canonical":"https:\/\/www.uartes.edu.ec\/sitio\/fr\/blog\/2019\/04\/08\/biblioteca-de-las-artes-tuvo-su-segundo-dialogo\/","og_locale":"fr_FR","og_type":"article","og_title":"Universidad de las Artes - Biblioteca de las Artes tuvo su segundo di\u00e1logo","og_description":"Universidad de las Artes - Biblioteca de las Artes tuvo su segundo di\u00e1logo","og_url":"https:\/\/www.uartes.edu.ec\/sitio\/fr\/blog\/2019\/04\/08\/biblioteca-de-las-artes-tuvo-su-segundo-dialogo\/","og_site_name":"Universidad de las Artes","article_publisher":"https:\/\/www.facebook.com\/uartesec","article_published_time":"2019-04-08T21:51:48+00:00","article_modified_time":"2024-07-04T16:51:31+00:00","og_image":[{"width":1500,"height":1000,"url":"https:\/\/www.uartes.edu.ec\/sitio\/wp-content\/uploads\/2019\/04\/Dialogos-Archivo-el-Telegrafo.jpg","type":"image\/jpeg"}],"author":"Universidad de las Artes","twitter_card":"summary_large_image","twitter_creator":"@uartesec","twitter_site":"@uartesec","twitter_misc":{"\u00c9crit par":"Universidad de las Artes","Dur\u00e9e de lecture estim\u00e9e":"2 minutes"},"schema":{"@context":"https:\/\/schema.org","@graph":[{"@type":"Article","@id":"https:\/\/www.uartes.edu.ec\/sitio\/fr\/blog\/2019\/04\/08\/biblioteca-de-las-artes-tuvo-su-segundo-dialogo\/#article","isPartOf":{"@id":"https:\/\/www.uartes.edu.ec\/sitio\/fr\/blog\/2019\/04\/08\/biblioteca-de-las-artes-tuvo-su-segundo-dialogo\/"},"author":{"name":"Universidad de las Artes","@id":"https:\/\/www.uartes.edu.ec\/sitio\/fr\/#\/schema\/person\/f33f8c1d2af0d5c80a38c8abf458184a"},"headline":"Biblioteca de las Artes tuvo su segundo di\u00e1logo","datePublished":"2019-04-08T21:51:48+00:00","dateModified":"2024-07-04T16:51:31+00:00","mainEntityOfPage":{"@id":"https:\/\/www.uartes.edu.ec\/sitio\/fr\/blog\/2019\/04\/08\/biblioteca-de-las-artes-tuvo-su-segundo-dialogo\/"},"wordCount":413,"publisher":{"@id":"https:\/\/www.uartes.edu.ec\/sitio\/fr\/#organization"},"image":{"@id":"https:\/\/www.uartes.edu.ec\/sitio\/fr\/blog\/2019\/04\/08\/biblioteca-de-las-artes-tuvo-su-segundo-dialogo\/#primaryimage"},"thumbnailUrl":"https:\/\/www.uartes.edu.ec\/sitio\/wp-content\/uploads\/2019\/04\/Dialogos-Archivo-el-Telegrafo.jpg","keywords":["biblioteca"],"articleSection":["Acad\u00e9mico","Artes"],"inLanguage":"fr-FR"},{"@type":["WebPage","ItemPage"],"@id":"https:\/\/www.uartes.edu.ec\/sitio\/fr\/blog\/2019\/04\/08\/biblioteca-de-las-artes-tuvo-su-segundo-dialogo\/","url":"https:\/\/www.uartes.edu.ec\/sitio\/fr\/blog\/2019\/04\/08\/biblioteca-de-las-artes-tuvo-su-segundo-dialogo\/","name":"Universidad de las Artes - Biblioteca de las Artes tuvo su segundo di\u00e1logo","isPartOf":{"@id":"https:\/\/www.uartes.edu.ec\/sitio\/fr\/#website"},"primaryImageOfPage":{"@id":"https:\/\/www.uartes.edu.ec\/sitio\/fr\/blog\/2019\/04\/08\/biblioteca-de-las-artes-tuvo-su-segundo-dialogo\/#primaryimage"},"image":{"@id":"https:\/\/www.uartes.edu.ec\/sitio\/fr\/blog\/2019\/04\/08\/biblioteca-de-las-artes-tuvo-su-segundo-dialogo\/#primaryimage"},"thumbnailUrl":"https:\/\/www.uartes.edu.ec\/sitio\/wp-content\/uploads\/2019\/04\/Dialogos-Archivo-el-Telegrafo.jpg","datePublished":"2019-04-08T21:51:48+00:00","dateModified":"2024-07-04T16:51:31+00:00","description":"Universidad de las Artes - Biblioteca de las Artes tuvo su segundo di\u00e1logo","breadcrumb":{"@id":"https:\/\/www.uartes.edu.ec\/sitio\/fr\/blog\/2019\/04\/08\/biblioteca-de-las-artes-tuvo-su-segundo-dialogo\/#breadcrumb"},"inLanguage":"fr-FR","potentialAction":[{"@type":"ReadAction","target":["https:\/\/www.uartes.edu.ec\/sitio\/fr\/blog\/2019\/04\/08\/biblioteca-de-las-artes-tuvo-su-segundo-dialogo\/"]}]},{"@type":"ImageObject","inLanguage":"fr-FR","@id":"https:\/\/www.uartes.edu.ec\/sitio\/fr\/blog\/2019\/04\/08\/biblioteca-de-las-artes-tuvo-su-segundo-dialogo\/#primaryimage","url":"https:\/\/www.uartes.edu.ec\/sitio\/wp-content\/uploads\/2019\/04\/Dialogos-Archivo-el-Telegrafo.jpg","contentUrl":"https:\/\/www.uartes.edu.ec\/sitio\/wp-content\/uploads\/2019\/04\/Dialogos-Archivo-el-Telegrafo.jpg","width":1500,"height":1000},{"@type":"BreadcrumbList","@id":"https:\/\/www.uartes.edu.ec\/sitio\/fr\/blog\/2019\/04\/08\/biblioteca-de-las-artes-tuvo-su-segundo-dialogo\/#breadcrumb","itemListElement":[{"@type":"ListItem","position":1,"name":"Inicio","item":"https:\/\/www.uartes.edu.ec\/sitio\/"},{"@type":"ListItem","position":2,"name":"Biblioteca de las Artes tuvo su segundo di\u00e1logo"}]},{"@type":"WebSite","@id":"https:\/\/www.uartes.edu.ec\/sitio\/fr\/#website","url":"https:\/\/www.uartes.edu.ec\/sitio\/fr\/","name":"Universidad de las Artes","description":"Sitio oficial de la Universidad Nacional de las Artes del Ecuador","publisher":{"@id":"https:\/\/www.uartes.edu.ec\/sitio\/fr\/#organization"},"potentialAction":[{"@type":"SearchAction","target":{"@type":"EntryPoint","urlTemplate":"https:\/\/www.uartes.edu.ec\/sitio\/fr\/?s={search_term_string}"},"query-input":{"@type":"PropertyValueSpecification","valueRequired":true,"valueName":"search_term_string"}}],"inLanguage":"fr-FR"},{"@type":"Organization","@id":"https:\/\/www.uartes.edu.ec\/sitio\/fr\/#organization","name":"Universidad de las Artes","url":"https:\/\/www.uartes.edu.ec\/sitio\/fr\/","logo":{"@type":"ImageObject","inLanguage":"fr-FR","@id":"https:\/\/www.uartes.edu.ec\/sitio\/fr\/#\/schema\/logo\/image\/","url":"https:\/\/www.uartes.edu.ec\/sitio\/wp-content\/uploads\/2022\/07\/logo-ua-horizontal.png","contentUrl":"https:\/\/www.uartes.edu.ec\/sitio\/wp-content\/uploads\/2022\/07\/logo-ua-horizontal.png","width":800,"height":276,"caption":"Universidad de las Artes"},"image":{"@id":"https:\/\/www.uartes.edu.ec\/sitio\/fr\/#\/schema\/logo\/image\/"},"sameAs":["https:\/\/www.facebook.com\/uartesec","https:\/\/x.com\/uartesec","https:\/\/www.tiktok.com\/@uartesec"]},{"@type":"Person","@id":"https:\/\/www.uartes.edu.ec\/sitio\/fr\/#\/schema\/person\/f33f8c1d2af0d5c80a38c8abf458184a","name":"Universidad de las Artes","image":{"@type":"ImageObject","inLanguage":"fr-FR","@id":"https:\/\/secure.gravatar.com\/avatar\/52e4757902f5cfa5ac52d020e5be83cae5487519154b6c35482fe08d589f3c13?s=96&d=mm&r=g","url":"https:\/\/secure.gravatar.com\/avatar\/52e4757902f5cfa5ac52d020e5be83cae5487519154b6c35482fe08d589f3c13?s=96&d=mm&r=g","contentUrl":"https:\/\/secure.gravatar.com\/avatar\/52e4757902f5cfa5ac52d020e5be83cae5487519154b6c35482fe08d589f3c13?s=96&d=mm&r=g","caption":"Universidad de las Artes"},"url":"https:\/\/www.uartes.edu.ec\/sitio\/fr\/blog\/author\/dircomadm\/"}]}},"uagb_featured_image_src":{"full":["https:\/\/www.uartes.edu.ec\/sitio\/wp-content\/uploads\/2019\/04\/Dialogos-Archivo-el-Telegrafo.jpg",1500,1000,false],"thumbnail":["https:\/\/www.uartes.edu.ec\/sitio\/wp-content\/uploads\/2019\/04\/Dialogos-Archivo-el-Telegrafo-150x150.jpg",150,150,true],"medium":["https:\/\/www.uartes.edu.ec\/sitio\/wp-content\/uploads\/2019\/04\/Dialogos-Archivo-el-Telegrafo-300x200.jpg",300,200,true],"medium_large":["https:\/\/www.uartes.edu.ec\/sitio\/wp-content\/uploads\/2019\/04\/Dialogos-Archivo-el-Telegrafo-768x512.jpg",768,512,true],"large":["https:\/\/www.uartes.edu.ec\/sitio\/wp-content\/uploads\/2019\/04\/Dialogos-Archivo-el-Telegrafo-644x429.jpg",644,429,true],"1536x1536":["https:\/\/www.uartes.edu.ec\/sitio\/wp-content\/uploads\/2019\/04\/Dialogos-Archivo-el-Telegrafo.jpg",1500,1000,false],"2048x2048":["https:\/\/www.uartes.edu.ec\/sitio\/wp-content\/uploads\/2019\/04\/Dialogos-Archivo-el-Telegrafo.jpg",1500,1000,false],"trp-custom-language-flag":["https:\/\/www.uartes.edu.ec\/sitio\/wp-content\/uploads\/2019\/04\/Dialogos-Archivo-el-Telegrafo.jpg",18,12,false],"htmega_size_585x295":["https:\/\/www.uartes.edu.ec\/sitio\/wp-content\/uploads\/2019\/04\/Dialogos-Archivo-el-Telegrafo.jpg",443,295,false],"htmega_size_1170x536":["https:\/\/www.uartes.edu.ec\/sitio\/wp-content\/uploads\/2019\/04\/Dialogos-Archivo-el-Telegrafo.jpg",804,536,false],"htmega_size_396x360":["https:\/\/www.uartes.edu.ec\/sitio\/wp-content\/uploads\/2019\/04\/Dialogos-Archivo-el-Telegrafo.jpg",396,264,false],"gb-block-post-grid-landscape":["https:\/\/www.uartes.edu.ec\/sitio\/wp-content\/uploads\/2019\/04\/Dialogos-Archivo-el-Telegrafo.jpg",600,400,false],"gb-block-post-grid-square":["https:\/\/www.uartes.edu.ec\/sitio\/wp-content\/uploads\/2019\/04\/Dialogos-Archivo-el-Telegrafo.jpg",600,400,false],"university-hub-thumb":["https:\/\/www.uartes.edu.ec\/sitio\/wp-content\/uploads\/2019\/04\/Dialogos-Archivo-el-Telegrafo.jpg",400,267,false],"mailpoet_newsletter_max":["https:\/\/www.uartes.edu.ec\/sitio\/wp-content\/uploads\/2019\/04\/Dialogos-Archivo-el-Telegrafo.jpg",1320,880,false]},"uagb_author_info":{"display_name":"Universidad de las Artes","author_link":"https:\/\/www.uartes.edu.ec\/sitio\/fr\/blog\/author\/dircomadm\/"},"uagb_comment_info":0,"uagb_excerpt":"Se desarroll\u00f3 este jueves 4 de abril el segundo de los di\u00e1logos programados para analizar temas relacionados con la historia, el arte y los fondos bibliogr\u00e1ficos.","featured_image_src":"https:\/\/www.uartes.edu.ec\/sitio\/wp-content\/uploads\/2019\/04\/Dialogos-Archivo-el-Telegrafo.jpg","featured_image_src_square":"https:\/\/www.uartes.edu.ec\/sitio\/wp-content\/uploads\/2019\/04\/Dialogos-Archivo-el-Telegrafo.jpg","author_info":{"display_name":"Universidad de las Artes","author_link":"https:\/\/www.uartes.edu.ec\/sitio\/fr\/blog\/author\/dircomadm\/"},"publishpress_future_workflow_manual_trigger":{"enabledWorkflows":[]},"distributor_meta":false,"distributor_terms":false,"distributor_media":false,"distributor_original_site_name":"Universidad de las Artes","distributor_original_site_url":"https:\/\/www.uartes.edu.ec\/sitio\/fr","push-errors":false,"_links":{"self":[{"href":"https:\/\/www.uartes.edu.ec\/sitio\/fr\/wp-json\/wp\/v2\/posts\/3204","targetHints":{"allow":["GET"]}}],"collection":[{"href":"https:\/\/www.uartes.edu.ec\/sitio\/fr\/wp-json\/wp\/v2\/posts"}],"about":[{"href":"https:\/\/www.uartes.edu.ec\/sitio\/fr\/wp-json\/wp\/v2\/types\/post"}],"author":[{"embeddable":true,"href":"https:\/\/www.uartes.edu.ec\/sitio\/fr\/wp-json\/wp\/v2\/users\/1"}],"replies":[{"embeddable":true,"href":"https:\/\/www.uartes.edu.ec\/sitio\/fr\/wp-json\/wp\/v2\/comments?post=3204"}],"version-history":[{"count":1,"href":"https:\/\/www.uartes.edu.ec\/sitio\/fr\/wp-json\/wp\/v2\/posts\/3204\/revisions"}],"predecessor-version":[{"id":3206,"href":"https:\/\/www.uartes.edu.ec\/sitio\/fr\/wp-json\/wp\/v2\/posts\/3204\/revisions\/3206"}],"wp:featuredmedia":[{"embeddable":true,"href":"https:\/\/www.uartes.edu.ec\/sitio\/fr\/wp-json\/wp\/v2\/media\/3205"}],"wp:attachment":[{"href":"https:\/\/www.uartes.edu.ec\/sitio\/fr\/wp-json\/wp\/v2\/media?parent=3204"}],"wp:term":[{"taxonomy":"category","embeddable":true,"href":"https:\/\/www.uartes.edu.ec\/sitio\/fr\/wp-json\/wp\/v2\/categories?post=3204"},{"taxonomy":"post_tag","embeddable":true,"href":"https:\/\/www.uartes.edu.ec\/sitio\/fr\/wp-json\/wp\/v2\/tags?post=3204"},{"taxonomy":"infouartes","embeddable":true,"href":"https:\/\/www.uartes.edu.ec\/sitio\/fr\/wp-json\/wp\/v2\/infouartes?post=3204"}],"curies":[{"name":"wp","href":"https:\/\/api.w.org\/{rel}","templated":true}]}}