{"id":3318,"date":"2019-04-24T16:42:27","date_gmt":"2019-04-24T21:42:27","guid":{"rendered":"http:\/\/www.uartes.edu.ec\/sitio\/?p=3318"},"modified":"2024-07-04T11:51:12","modified_gmt":"2024-07-04T16:51:12","slug":"la-ria-se-desbordo-por-el-dia-internacional-del-libro","status":"publish","type":"post","link":"https:\/\/www.uartes.edu.ec\/sitio\/fr\/blog\/2019\/04\/24\/la-ria-se-desbordo-por-el-dia-internacional-del-libro\/","title":{"rendered":"La R\u00eda se desbord\u00f3 por el D\u00eda Internacional del Libro"},"content":{"rendered":"<p>\u201c\u00bfSaben qu\u00e9 d\u00eda es hoy?\u201d les preguntaron a los\naproximadamente 100 ni\u00f1as y ni\u00f1os que el mediod\u00eda de ayer, 23 de abril,\nparticiparon en una actividad a prop\u00f3sito del D\u00eda Internacional del Libro. Justamente,\nla idea es que ellos recordaran la fecha y lo dijeran en coro, sin embargo, su\ninocencia y espontaneidad los llev\u00f3 a gritar solamente: \u201cmaaaarteeees\u201d.<\/p>\n\n\n\n<p>Sucedi\u00f3 en R\u00eda, espacio de creaci\u00f3n y educaci\u00f3n en artes con\nni\u00f1as y ni\u00f1os de la Biblioteca de las Artes que iniciar\u00e1 una serie de eventos\ndel viernes 26 al domingo 28, hasta su inauguraci\u00f3n oficial el pr\u00f3ximo 30 de\nabril. En esta ocasi\u00f3n acogi\u00f3 a estos peque\u00f1os, de 5 a 7 a\u00f1os, del Centro de\nArte Integral Reina de Guayaquil y de la Fundaci\u00f3n Justo y Necesario.<\/p>\n\n\n\n<div class=\"wp-block-image\"><figure class=\"aligncenter\"><img fetchpriority=\"high\" decoding=\"async\" width=\"644\" height=\"429\" src=\"http:\/\/www.uartes.edu.ec\/sitio\/wp-content\/uploads\/2019\/04\/RIA-1-644x429.jpg\" alt=\"\" class=\"wp-image-3320\" srcset=\"https:\/\/www.uartes.edu.ec\/sitio\/wp-content\/uploads\/2019\/04\/RIA-1-644x429.jpg 644w, https:\/\/www.uartes.edu.ec\/sitio\/wp-content\/uploads\/2019\/04\/RIA-1-300x200.jpg 300w, https:\/\/www.uartes.edu.ec\/sitio\/wp-content\/uploads\/2019\/04\/RIA-1-768x512.jpg 768w, https:\/\/www.uartes.edu.ec\/sitio\/wp-content\/uploads\/2019\/04\/RIA-1-400x267.jpg 400w, https:\/\/www.uartes.edu.ec\/sitio\/wp-content\/uploads\/2019\/04\/RIA-1-272x182.jpg 272w, https:\/\/www.uartes.edu.ec\/sitio\/wp-content\/uploads\/2019\/04\/RIA-1.jpg 1500w\" sizes=\"(max-width: 644px) 100vw, 644px\" \/><\/figure><\/div>\n\n\n\n<p>Fueron convocados por ejecutivos de McDonald\u00b4s como parte\ndel programa \u201cDeja que los ni\u00f1os vuelen\u201d, de la Organizaci\u00f3n Let Girls Rise, el\ncual consiste en instalar bibliotecas hechas con pl\u00e1stico reciclado alrededor\ndel pa\u00eds, a fin de acercar a las ni\u00f1as y los ni\u00f1os a la lectura. Son 15\nbibliotecas ecol\u00f3gicas con m\u00e1s de 400 libros las donadas a zonas rurales y\nurbanas de Guayaquil, Quito, Cuenca y Machala.<\/p>\n\n\n\n<p>Un libro gigante, una casita que guardaba varias\npublicaciones \u2013precisamente elaborada de pl\u00e1stico reciclado\u2013 y un escenario\npara la presentaci\u00f3n de t\u00edteres cautivaron la atenci\u00f3n de los 65 ni\u00f1os de la\nFundaci\u00f3n Justo y Necesario, que cursan del segundo al quinto grado y llegaron\ncon cinco profesoras, y a los casi 30 del Centro de Arte Integral, quienes\ncontaron con la compa\u00f1\u00eda de la Reina de Guayaquil 2018, Karime Borja. <\/p>\n\n\n\n<p>\u201cNunca dejen de leer ni de viajar con la imaginaci\u00f3n\u201d, les\ndijo ella antes de leer una de las p\u00e1ginas de \u201cLas aventuras de los mellizos\nTreetop, descubren un diplodocus\u201d, de la autora Cressida Cowell, conocida\nmundialmente por su bestseller \u201cC\u00f3mo entrenar a tu drag\u00f3n\u201d. El libro cuenta las\ndistintas aventuras que viven Alfie, Asha, Tulip y Ted, quienes, gracias a una\nm\u00e1quina del tiempo construida por sus padres y los profesores Pen\u00e9lope y Pablo,\nintegran la primera familia en viajar a trav\u00e9s del tiempo a estudiar la \u00e9poca\nde los dinosaurios.<\/p>\n\n\n\n<p>As\u00ed, con m\u00fasica, t\u00edteres y cuentos se vivi\u00f3 una jornada que\ndej\u00f3 marcada en la retina la inquietud infantil por los libros. Ana Mar\u00eda Gonz\u00e1lez,\ncoordinadora de R\u00eda, calific\u00f3 el momento como un desbordamiento de la\nimaginaci\u00f3n.<\/p>","protected":false},"excerpt":{"rendered":"<p>Fueron convocados por ejecutivos de McDonald\u00b4s como parte del programa \u201cDeja que los ni\u00f1os vuelen\u201d, de la Organizaci\u00f3n Let Girls Rise.<\/p>","protected":false},"author":1,"featured_media":3321,"comment_status":"closed","ping_status":"closed","sticky":false,"template":"","format":"standard","meta":{"_acf_changed":false,"_uag_custom_page_level_css":"","_monsterinsights_skip_tracking":false,"_monsterinsights_sitenote_active":false,"_monsterinsights_sitenote_note":"","_monsterinsights_sitenote_category":0,"cybocfi_hide_featured_image":"","footnotes":""},"categories":[79],"tags":[],"infouartes":[],"class_list":["post-3318","post","type-post","status-publish","format-standard","has-post-thumbnail","hentry","category-vinculo"],"acf":[],"yoast_head":"<!-- This site is optimized with the Yoast SEO plugin v27.4 - https:\/\/yoast.com\/product\/yoast-seo-wordpress\/ -->\n<title>Universidad de las Artes - La R\u00eda se desbord\u00f3 por el D\u00eda Internacional del Libro<\/title>\n<meta name=\"description\" content=\"Universidad de las Artes - La R\u00eda se desbord\u00f3 por el D\u00eda Internacional del Libro\" \/>\n<meta name=\"robots\" content=\"index, follow, max-snippet:-1, max-image-preview:large, max-video-preview:-1\" \/>\n<link rel=\"canonical\" href=\"https:\/\/www.uartes.edu.ec\/sitio\/fr\/blog\/2019\/04\/24\/la-ria-se-desbordo-por-el-dia-internacional-del-libro\/\" \/>\n<meta property=\"og:locale\" content=\"fr_FR\" \/>\n<meta property=\"og:type\" content=\"article\" \/>\n<meta property=\"og:title\" content=\"Universidad de las Artes - La R\u00eda se desbord\u00f3 por el D\u00eda Internacional del Libro\" \/>\n<meta property=\"og:description\" content=\"Universidad de las Artes - La R\u00eda se desbord\u00f3 por el D\u00eda Internacional del Libro\" \/>\n<meta property=\"og:url\" content=\"https:\/\/www.uartes.edu.ec\/sitio\/fr\/blog\/2019\/04\/24\/la-ria-se-desbordo-por-el-dia-internacional-del-libro\/\" \/>\n<meta property=\"og:site_name\" content=\"Universidad de las Artes\" \/>\n<meta property=\"article:publisher\" content=\"https:\/\/www.facebook.com\/uartesec\" \/>\n<meta property=\"article:published_time\" content=\"2019-04-24T21:42:27+00:00\" \/>\n<meta property=\"article:modified_time\" content=\"2024-07-04T16:51:12+00:00\" \/>\n<meta property=\"og:image\" content=\"https:\/\/www.uartes.edu.ec\/sitio\/wp-content\/uploads\/2019\/04\/RIA-2.jpg\" \/>\n\t<meta property=\"og:image:width\" content=\"1500\" \/>\n\t<meta property=\"og:image:height\" content=\"1000\" \/>\n\t<meta property=\"og:image:type\" content=\"image\/jpeg\" \/>\n<meta name=\"author\" content=\"Universidad de las Artes\" \/>\n<meta name=\"twitter:card\" content=\"summary_large_image\" \/>\n<meta name=\"twitter:creator\" content=\"@uartesec\" \/>\n<meta name=\"twitter:site\" content=\"@uartesec\" \/>\n<meta name=\"twitter:label1\" content=\"\u00c9crit par\" \/>\n\t<meta name=\"twitter:data1\" content=\"Universidad de las Artes\" \/>\n\t<meta name=\"twitter:label2\" content=\"Dur\u00e9e de lecture estim\u00e9e\" \/>\n\t<meta name=\"twitter:data2\" content=\"2 minutes\" \/>\n<script type=\"application\/ld+json\" class=\"yoast-schema-graph\">{\"@context\":\"https:\\\/\\\/schema.org\",\"@graph\":[{\"@type\":\"Article\",\"@id\":\"https:\\\/\\\/www.uartes.edu.ec\\\/sitio\\\/fr\\\/blog\\\/2019\\\/04\\\/24\\\/la-ria-se-desbordo-por-el-dia-internacional-del-libro\\\/#article\",\"isPartOf\":{\"@id\":\"https:\\\/\\\/www.uartes.edu.ec\\\/sitio\\\/fr\\\/blog\\\/2019\\\/04\\\/24\\\/la-ria-se-desbordo-por-el-dia-internacional-del-libro\\\/\"},\"author\":{\"name\":\"Universidad de las Artes\",\"@id\":\"https:\\\/\\\/www.uartes.edu.ec\\\/sitio\\\/fr\\\/#\\\/schema\\\/person\\\/f33f8c1d2af0d5c80a38c8abf458184a\"},\"headline\":\"La R\u00eda se desbord\u00f3 por el D\u00eda Internacional del Libro\",\"datePublished\":\"2019-04-24T21:42:27+00:00\",\"dateModified\":\"2024-07-04T16:51:12+00:00\",\"mainEntityOfPage\":{\"@id\":\"https:\\\/\\\/www.uartes.edu.ec\\\/sitio\\\/fr\\\/blog\\\/2019\\\/04\\\/24\\\/la-ria-se-desbordo-por-el-dia-internacional-del-libro\\\/\"},\"wordCount\":441,\"publisher\":{\"@id\":\"https:\\\/\\\/www.uartes.edu.ec\\\/sitio\\\/fr\\\/#organization\"},\"image\":{\"@id\":\"https:\\\/\\\/www.uartes.edu.ec\\\/sitio\\\/fr\\\/blog\\\/2019\\\/04\\\/24\\\/la-ria-se-desbordo-por-el-dia-internacional-del-libro\\\/#primaryimage\"},\"thumbnailUrl\":\"https:\\\/\\\/www.uartes.edu.ec\\\/sitio\\\/wp-content\\\/uploads\\\/2019\\\/04\\\/RIA-2.jpg\",\"articleSection\":[\"V\u00ednculo\"],\"inLanguage\":\"fr-FR\"},{\"@type\":[\"WebPage\",\"ItemPage\"],\"@id\":\"https:\\\/\\\/www.uartes.edu.ec\\\/sitio\\\/fr\\\/blog\\\/2019\\\/04\\\/24\\\/la-ria-se-desbordo-por-el-dia-internacional-del-libro\\\/\",\"url\":\"https:\\\/\\\/www.uartes.edu.ec\\\/sitio\\\/fr\\\/blog\\\/2019\\\/04\\\/24\\\/la-ria-se-desbordo-por-el-dia-internacional-del-libro\\\/\",\"name\":\"Universidad de las Artes - La R\u00eda se desbord\u00f3 por el D\u00eda Internacional del Libro\",\"isPartOf\":{\"@id\":\"https:\\\/\\\/www.uartes.edu.ec\\\/sitio\\\/fr\\\/#website\"},\"primaryImageOfPage\":{\"@id\":\"https:\\\/\\\/www.uartes.edu.ec\\\/sitio\\\/fr\\\/blog\\\/2019\\\/04\\\/24\\\/la-ria-se-desbordo-por-el-dia-internacional-del-libro\\\/#primaryimage\"},\"image\":{\"@id\":\"https:\\\/\\\/www.uartes.edu.ec\\\/sitio\\\/fr\\\/blog\\\/2019\\\/04\\\/24\\\/la-ria-se-desbordo-por-el-dia-internacional-del-libro\\\/#primaryimage\"},\"thumbnailUrl\":\"https:\\\/\\\/www.uartes.edu.ec\\\/sitio\\\/wp-content\\\/uploads\\\/2019\\\/04\\\/RIA-2.jpg\",\"datePublished\":\"2019-04-24T21:42:27+00:00\",\"dateModified\":\"2024-07-04T16:51:12+00:00\",\"description\":\"Universidad de las Artes - La R\u00eda se desbord\u00f3 por el D\u00eda Internacional del Libro\",\"breadcrumb\":{\"@id\":\"https:\\\/\\\/www.uartes.edu.ec\\\/sitio\\\/fr\\\/blog\\\/2019\\\/04\\\/24\\\/la-ria-se-desbordo-por-el-dia-internacional-del-libro\\\/#breadcrumb\"},\"inLanguage\":\"fr-FR\",\"potentialAction\":[{\"@type\":\"ReadAction\",\"target\":[\"https:\\\/\\\/www.uartes.edu.ec\\\/sitio\\\/fr\\\/blog\\\/2019\\\/04\\\/24\\\/la-ria-se-desbordo-por-el-dia-internacional-del-libro\\\/\"]}]},{\"@type\":\"ImageObject\",\"inLanguage\":\"fr-FR\",\"@id\":\"https:\\\/\\\/www.uartes.edu.ec\\\/sitio\\\/fr\\\/blog\\\/2019\\\/04\\\/24\\\/la-ria-se-desbordo-por-el-dia-internacional-del-libro\\\/#primaryimage\",\"url\":\"https:\\\/\\\/www.uartes.edu.ec\\\/sitio\\\/wp-content\\\/uploads\\\/2019\\\/04\\\/RIA-2.jpg\",\"contentUrl\":\"https:\\\/\\\/www.uartes.edu.ec\\\/sitio\\\/wp-content\\\/uploads\\\/2019\\\/04\\\/RIA-2.jpg\",\"width\":1500,\"height\":1000},{\"@type\":\"BreadcrumbList\",\"@id\":\"https:\\\/\\\/www.uartes.edu.ec\\\/sitio\\\/fr\\\/blog\\\/2019\\\/04\\\/24\\\/la-ria-se-desbordo-por-el-dia-internacional-del-libro\\\/#breadcrumb\",\"itemListElement\":[{\"@type\":\"ListItem\",\"position\":1,\"name\":\"Inicio\",\"item\":\"https:\\\/\\\/www.uartes.edu.ec\\\/sitio\\\/\"},{\"@type\":\"ListItem\",\"position\":2,\"name\":\"La R\u00eda se desbord\u00f3 por el D\u00eda Internacional del Libro\"}]},{\"@type\":\"WebSite\",\"@id\":\"https:\\\/\\\/www.uartes.edu.ec\\\/sitio\\\/fr\\\/#website\",\"url\":\"https:\\\/\\\/www.uartes.edu.ec\\\/sitio\\\/fr\\\/\",\"name\":\"Universidad de las Artes\",\"description\":\"Sitio oficial de la Universidad Nacional de las Artes del Ecuador\",\"publisher\":{\"@id\":\"https:\\\/\\\/www.uartes.edu.ec\\\/sitio\\\/fr\\\/#organization\"},\"potentialAction\":[{\"@type\":\"SearchAction\",\"target\":{\"@type\":\"EntryPoint\",\"urlTemplate\":\"https:\\\/\\\/www.uartes.edu.ec\\\/sitio\\\/fr\\\/?s={search_term_string}\"},\"query-input\":{\"@type\":\"PropertyValueSpecification\",\"valueRequired\":true,\"valueName\":\"search_term_string\"}}],\"inLanguage\":\"fr-FR\"},{\"@type\":\"Organization\",\"@id\":\"https:\\\/\\\/www.uartes.edu.ec\\\/sitio\\\/fr\\\/#organization\",\"name\":\"Universidad de las Artes\",\"url\":\"https:\\\/\\\/www.uartes.edu.ec\\\/sitio\\\/fr\\\/\",\"logo\":{\"@type\":\"ImageObject\",\"inLanguage\":\"fr-FR\",\"@id\":\"https:\\\/\\\/www.uartes.edu.ec\\\/sitio\\\/fr\\\/#\\\/schema\\\/logo\\\/image\\\/\",\"url\":\"https:\\\/\\\/www.uartes.edu.ec\\\/sitio\\\/wp-content\\\/uploads\\\/2022\\\/07\\\/logo-ua-horizontal.png\",\"contentUrl\":\"https:\\\/\\\/www.uartes.edu.ec\\\/sitio\\\/wp-content\\\/uploads\\\/2022\\\/07\\\/logo-ua-horizontal.png\",\"width\":800,\"height\":276,\"caption\":\"Universidad de las Artes\"},\"image\":{\"@id\":\"https:\\\/\\\/www.uartes.edu.ec\\\/sitio\\\/fr\\\/#\\\/schema\\\/logo\\\/image\\\/\"},\"sameAs\":[\"https:\\\/\\\/www.facebook.com\\\/uartesec\",\"https:\\\/\\\/x.com\\\/uartesec\",\"https:\\\/\\\/www.tiktok.com\\\/@uartesec\"]},{\"@type\":\"Person\",\"@id\":\"https:\\\/\\\/www.uartes.edu.ec\\\/sitio\\\/fr\\\/#\\\/schema\\\/person\\\/f33f8c1d2af0d5c80a38c8abf458184a\",\"name\":\"Universidad de las Artes\",\"image\":{\"@type\":\"ImageObject\",\"inLanguage\":\"fr-FR\",\"@id\":\"https:\\\/\\\/secure.gravatar.com\\\/avatar\\\/52e4757902f5cfa5ac52d020e5be83cae5487519154b6c35482fe08d589f3c13?s=96&d=mm&r=g\",\"url\":\"https:\\\/\\\/secure.gravatar.com\\\/avatar\\\/52e4757902f5cfa5ac52d020e5be83cae5487519154b6c35482fe08d589f3c13?s=96&d=mm&r=g\",\"contentUrl\":\"https:\\\/\\\/secure.gravatar.com\\\/avatar\\\/52e4757902f5cfa5ac52d020e5be83cae5487519154b6c35482fe08d589f3c13?s=96&d=mm&r=g\",\"caption\":\"Universidad de las Artes\"},\"url\":\"https:\\\/\\\/www.uartes.edu.ec\\\/sitio\\\/fr\\\/blog\\\/author\\\/dircomadm\\\/\"}]}<\/script>\n<!-- \/ Yoast SEO plugin. -->","yoast_head_json":{"title":"Universidad de las Artes - La R\u00eda se desbord\u00f3 por el D\u00eda Internacional del Libro","description":"Universidad de las Artes - La R\u00eda se desbord\u00f3 por el D\u00eda Internacional del Libro","robots":{"index":"index","follow":"follow","max-snippet":"max-snippet:-1","max-image-preview":"max-image-preview:large","max-video-preview":"max-video-preview:-1"},"canonical":"https:\/\/www.uartes.edu.ec\/sitio\/fr\/blog\/2019\/04\/24\/la-ria-se-desbordo-por-el-dia-internacional-del-libro\/","og_locale":"fr_FR","og_type":"article","og_title":"Universidad de las Artes - La R\u00eda se desbord\u00f3 por el D\u00eda Internacional del Libro","og_description":"Universidad de las Artes - La R\u00eda se desbord\u00f3 por el D\u00eda Internacional del Libro","og_url":"https:\/\/www.uartes.edu.ec\/sitio\/fr\/blog\/2019\/04\/24\/la-ria-se-desbordo-por-el-dia-internacional-del-libro\/","og_site_name":"Universidad de las Artes","article_publisher":"https:\/\/www.facebook.com\/uartesec","article_published_time":"2019-04-24T21:42:27+00:00","article_modified_time":"2024-07-04T16:51:12+00:00","og_image":[{"width":1500,"height":1000,"url":"https:\/\/www.uartes.edu.ec\/sitio\/wp-content\/uploads\/2019\/04\/RIA-2.jpg","type":"image\/jpeg"}],"author":"Universidad de las Artes","twitter_card":"summary_large_image","twitter_creator":"@uartesec","twitter_site":"@uartesec","twitter_misc":{"\u00c9crit par":"Universidad de las Artes","Dur\u00e9e de lecture estim\u00e9e":"2 minutes"},"schema":{"@context":"https:\/\/schema.org","@graph":[{"@type":"Article","@id":"https:\/\/www.uartes.edu.ec\/sitio\/fr\/blog\/2019\/04\/24\/la-ria-se-desbordo-por-el-dia-internacional-del-libro\/#article","isPartOf":{"@id":"https:\/\/www.uartes.edu.ec\/sitio\/fr\/blog\/2019\/04\/24\/la-ria-se-desbordo-por-el-dia-internacional-del-libro\/"},"author":{"name":"Universidad de las Artes","@id":"https:\/\/www.uartes.edu.ec\/sitio\/fr\/#\/schema\/person\/f33f8c1d2af0d5c80a38c8abf458184a"},"headline":"La R\u00eda se desbord\u00f3 por el D\u00eda Internacional del Libro","datePublished":"2019-04-24T21:42:27+00:00","dateModified":"2024-07-04T16:51:12+00:00","mainEntityOfPage":{"@id":"https:\/\/www.uartes.edu.ec\/sitio\/fr\/blog\/2019\/04\/24\/la-ria-se-desbordo-por-el-dia-internacional-del-libro\/"},"wordCount":441,"publisher":{"@id":"https:\/\/www.uartes.edu.ec\/sitio\/fr\/#organization"},"image":{"@id":"https:\/\/www.uartes.edu.ec\/sitio\/fr\/blog\/2019\/04\/24\/la-ria-se-desbordo-por-el-dia-internacional-del-libro\/#primaryimage"},"thumbnailUrl":"https:\/\/www.uartes.edu.ec\/sitio\/wp-content\/uploads\/2019\/04\/RIA-2.jpg","articleSection":["V\u00ednculo"],"inLanguage":"fr-FR"},{"@type":["WebPage","ItemPage"],"@id":"https:\/\/www.uartes.edu.ec\/sitio\/fr\/blog\/2019\/04\/24\/la-ria-se-desbordo-por-el-dia-internacional-del-libro\/","url":"https:\/\/www.uartes.edu.ec\/sitio\/fr\/blog\/2019\/04\/24\/la-ria-se-desbordo-por-el-dia-internacional-del-libro\/","name":"Universidad de las Artes - La R\u00eda se desbord\u00f3 por el D\u00eda Internacional del Libro","isPartOf":{"@id":"https:\/\/www.uartes.edu.ec\/sitio\/fr\/#website"},"primaryImageOfPage":{"@id":"https:\/\/www.uartes.edu.ec\/sitio\/fr\/blog\/2019\/04\/24\/la-ria-se-desbordo-por-el-dia-internacional-del-libro\/#primaryimage"},"image":{"@id":"https:\/\/www.uartes.edu.ec\/sitio\/fr\/blog\/2019\/04\/24\/la-ria-se-desbordo-por-el-dia-internacional-del-libro\/#primaryimage"},"thumbnailUrl":"https:\/\/www.uartes.edu.ec\/sitio\/wp-content\/uploads\/2019\/04\/RIA-2.jpg","datePublished":"2019-04-24T21:42:27+00:00","dateModified":"2024-07-04T16:51:12+00:00","description":"Universidad de las Artes - La R\u00eda se desbord\u00f3 por el D\u00eda Internacional del Libro","breadcrumb":{"@id":"https:\/\/www.uartes.edu.ec\/sitio\/fr\/blog\/2019\/04\/24\/la-ria-se-desbordo-por-el-dia-internacional-del-libro\/#breadcrumb"},"inLanguage":"fr-FR","potentialAction":[{"@type":"ReadAction","target":["https:\/\/www.uartes.edu.ec\/sitio\/fr\/blog\/2019\/04\/24\/la-ria-se-desbordo-por-el-dia-internacional-del-libro\/"]}]},{"@type":"ImageObject","inLanguage":"fr-FR","@id":"https:\/\/www.uartes.edu.ec\/sitio\/fr\/blog\/2019\/04\/24\/la-ria-se-desbordo-por-el-dia-internacional-del-libro\/#primaryimage","url":"https:\/\/www.uartes.edu.ec\/sitio\/wp-content\/uploads\/2019\/04\/RIA-2.jpg","contentUrl":"https:\/\/www.uartes.edu.ec\/sitio\/wp-content\/uploads\/2019\/04\/RIA-2.jpg","width":1500,"height":1000},{"@type":"BreadcrumbList","@id":"https:\/\/www.uartes.edu.ec\/sitio\/fr\/blog\/2019\/04\/24\/la-ria-se-desbordo-por-el-dia-internacional-del-libro\/#breadcrumb","itemListElement":[{"@type":"ListItem","position":1,"name":"Inicio","item":"https:\/\/www.uartes.edu.ec\/sitio\/"},{"@type":"ListItem","position":2,"name":"La R\u00eda se desbord\u00f3 por el D\u00eda Internacional del Libro"}]},{"@type":"WebSite","@id":"https:\/\/www.uartes.edu.ec\/sitio\/fr\/#website","url":"https:\/\/www.uartes.edu.ec\/sitio\/fr\/","name":"Universidad de las Artes","description":"Sitio oficial de la Universidad Nacional de las Artes del Ecuador","publisher":{"@id":"https:\/\/www.uartes.edu.ec\/sitio\/fr\/#organization"},"potentialAction":[{"@type":"SearchAction","target":{"@type":"EntryPoint","urlTemplate":"https:\/\/www.uartes.edu.ec\/sitio\/fr\/?s={search_term_string}"},"query-input":{"@type":"PropertyValueSpecification","valueRequired":true,"valueName":"search_term_string"}}],"inLanguage":"fr-FR"},{"@type":"Organization","@id":"https:\/\/www.uartes.edu.ec\/sitio\/fr\/#organization","name":"Universidad de las Artes","url":"https:\/\/www.uartes.edu.ec\/sitio\/fr\/","logo":{"@type":"ImageObject","inLanguage":"fr-FR","@id":"https:\/\/www.uartes.edu.ec\/sitio\/fr\/#\/schema\/logo\/image\/","url":"https:\/\/www.uartes.edu.ec\/sitio\/wp-content\/uploads\/2022\/07\/logo-ua-horizontal.png","contentUrl":"https:\/\/www.uartes.edu.ec\/sitio\/wp-content\/uploads\/2022\/07\/logo-ua-horizontal.png","width":800,"height":276,"caption":"Universidad de las Artes"},"image":{"@id":"https:\/\/www.uartes.edu.ec\/sitio\/fr\/#\/schema\/logo\/image\/"},"sameAs":["https:\/\/www.facebook.com\/uartesec","https:\/\/x.com\/uartesec","https:\/\/www.tiktok.com\/@uartesec"]},{"@type":"Person","@id":"https:\/\/www.uartes.edu.ec\/sitio\/fr\/#\/schema\/person\/f33f8c1d2af0d5c80a38c8abf458184a","name":"Universidad de las Artes","image":{"@type":"ImageObject","inLanguage":"fr-FR","@id":"https:\/\/secure.gravatar.com\/avatar\/52e4757902f5cfa5ac52d020e5be83cae5487519154b6c35482fe08d589f3c13?s=96&d=mm&r=g","url":"https:\/\/secure.gravatar.com\/avatar\/52e4757902f5cfa5ac52d020e5be83cae5487519154b6c35482fe08d589f3c13?s=96&d=mm&r=g","contentUrl":"https:\/\/secure.gravatar.com\/avatar\/52e4757902f5cfa5ac52d020e5be83cae5487519154b6c35482fe08d589f3c13?s=96&d=mm&r=g","caption":"Universidad de las Artes"},"url":"https:\/\/www.uartes.edu.ec\/sitio\/fr\/blog\/author\/dircomadm\/"}]}},"uagb_featured_image_src":{"full":["https:\/\/www.uartes.edu.ec\/sitio\/wp-content\/uploads\/2019\/04\/RIA-2.jpg",1500,1000,false],"thumbnail":["https:\/\/www.uartes.edu.ec\/sitio\/wp-content\/uploads\/2019\/04\/RIA-2-150x150.jpg",150,150,true],"medium":["https:\/\/www.uartes.edu.ec\/sitio\/wp-content\/uploads\/2019\/04\/RIA-2-300x200.jpg",300,200,true],"medium_large":["https:\/\/www.uartes.edu.ec\/sitio\/wp-content\/uploads\/2019\/04\/RIA-2-768x512.jpg",768,512,true],"large":["https:\/\/www.uartes.edu.ec\/sitio\/wp-content\/uploads\/2019\/04\/RIA-2-644x429.jpg",644,429,true],"1536x1536":["https:\/\/www.uartes.edu.ec\/sitio\/wp-content\/uploads\/2019\/04\/RIA-2.jpg",1500,1000,false],"2048x2048":["https:\/\/www.uartes.edu.ec\/sitio\/wp-content\/uploads\/2019\/04\/RIA-2.jpg",1500,1000,false],"trp-custom-language-flag":["https:\/\/www.uartes.edu.ec\/sitio\/wp-content\/uploads\/2019\/04\/RIA-2.jpg",18,12,false],"htmega_size_585x295":["https:\/\/www.uartes.edu.ec\/sitio\/wp-content\/uploads\/2019\/04\/RIA-2.jpg",443,295,false],"htmega_size_1170x536":["https:\/\/www.uartes.edu.ec\/sitio\/wp-content\/uploads\/2019\/04\/RIA-2.jpg",804,536,false],"htmega_size_396x360":["https:\/\/www.uartes.edu.ec\/sitio\/wp-content\/uploads\/2019\/04\/RIA-2.jpg",396,264,false],"gb-block-post-grid-landscape":["https:\/\/www.uartes.edu.ec\/sitio\/wp-content\/uploads\/2019\/04\/RIA-2.jpg",600,400,false],"gb-block-post-grid-square":["https:\/\/www.uartes.edu.ec\/sitio\/wp-content\/uploads\/2019\/04\/RIA-2.jpg",600,400,false],"university-hub-thumb":["https:\/\/www.uartes.edu.ec\/sitio\/wp-content\/uploads\/2019\/04\/RIA-2-400x267.jpg",400,267,true]},"uagb_author_info":{"display_name":"Universidad de las Artes","author_link":"https:\/\/www.uartes.edu.ec\/sitio\/fr\/blog\/author\/dircomadm\/"},"uagb_comment_info":0,"uagb_excerpt":"Fueron convocados por ejecutivos de McDonald\u00b4s como parte del programa \u201cDeja que los ni\u00f1os vuelen\u201d, de la Organizaci\u00f3n Let Girls Rise.","featured_image_src":"https:\/\/www.uartes.edu.ec\/sitio\/wp-content\/uploads\/2019\/04\/RIA-2.jpg","featured_image_src_square":"https:\/\/www.uartes.edu.ec\/sitio\/wp-content\/uploads\/2019\/04\/RIA-2.jpg","author_info":{"display_name":"Universidad de las Artes","author_link":"https:\/\/www.uartes.edu.ec\/sitio\/fr\/blog\/author\/dircomadm\/"},"publishpress_future_workflow_manual_trigger":{"enabledWorkflows":[]},"distributor_meta":false,"distributor_terms":false,"distributor_media":false,"distributor_original_site_name":"Universidad de las Artes","distributor_original_site_url":"https:\/\/www.uartes.edu.ec\/sitio\/fr","push-errors":false,"_links":{"self":[{"href":"https:\/\/www.uartes.edu.ec\/sitio\/fr\/wp-json\/wp\/v2\/posts\/3318","targetHints":{"allow":["GET"]}}],"collection":[{"href":"https:\/\/www.uartes.edu.ec\/sitio\/fr\/wp-json\/wp\/v2\/posts"}],"about":[{"href":"https:\/\/www.uartes.edu.ec\/sitio\/fr\/wp-json\/wp\/v2\/types\/post"}],"author":[{"embeddable":true,"href":"https:\/\/www.uartes.edu.ec\/sitio\/fr\/wp-json\/wp\/v2\/users\/1"}],"replies":[{"embeddable":true,"href":"https:\/\/www.uartes.edu.ec\/sitio\/fr\/wp-json\/wp\/v2\/comments?post=3318"}],"version-history":[{"count":3,"href":"https:\/\/www.uartes.edu.ec\/sitio\/fr\/wp-json\/wp\/v2\/posts\/3318\/revisions"}],"predecessor-version":[{"id":57830,"href":"https:\/\/www.uartes.edu.ec\/sitio\/fr\/wp-json\/wp\/v2\/posts\/3318\/revisions\/57830"}],"wp:featuredmedia":[{"embeddable":true,"href":"https:\/\/www.uartes.edu.ec\/sitio\/fr\/wp-json\/wp\/v2\/media\/3321"}],"wp:attachment":[{"href":"https:\/\/www.uartes.edu.ec\/sitio\/fr\/wp-json\/wp\/v2\/media?parent=3318"}],"wp:term":[{"taxonomy":"category","embeddable":true,"href":"https:\/\/www.uartes.edu.ec\/sitio\/fr\/wp-json\/wp\/v2\/categories?post=3318"},{"taxonomy":"post_tag","embeddable":true,"href":"https:\/\/www.uartes.edu.ec\/sitio\/fr\/wp-json\/wp\/v2\/tags?post=3318"},{"taxonomy":"infouartes","embeddable":true,"href":"https:\/\/www.uartes.edu.ec\/sitio\/fr\/wp-json\/wp\/v2\/infouartes?post=3318"}],"curies":[{"name":"wp","href":"https:\/\/api.w.org\/{rel}","templated":true}]}}