{"id":33219,"date":"2022-11-30T15:34:00","date_gmt":"2022-11-30T20:34:00","guid":{"rendered":"http:\/\/www.uartes.edu.ec\/sitio\/?p=33219"},"modified":"2024-07-04T11:22:29","modified_gmt":"2024-07-04T16:22:29","slug":"comunidad-uartes-y-ciudadania-en-talleres-con-el-gamelan-ensamble-musical-tradicional-indonesio","status":"publish","type":"post","link":"https:\/\/www.uartes.edu.ec\/sitio\/fr\/blog\/2022\/11\/30\/comunidad-uartes-y-ciudadania-en-talleres-con-el-gamelan-ensamble-musical-tradicional-indonesio\/","title":{"rendered":"Comunidad UArtes y ciudadan\u00eda, en talleres para interpretar el Gamel\u00e1n"},"content":{"rendered":"<p>Luego de la suscripci\u00f3n de un convenio entre la Universidad de las Artes y la Embajada de Indonesia en Ecuador, en el marco de la tercera edici\u00f3n de Universos Sonoros organizada por la Escuela de Artes Sonoras, el Gamel\u00e1n tiene su espacio en la Sala de Etnomusicolog\u00eda, ubicada en el MZ14 Centro de Producci\u00f3n e Innovaci\u00f3n. Este es un ensamble musical tradicional indonesio que tendr\u00e1 a la UArtes como su casa durante tres a\u00f1os.<\/p>\n\n\n\n<p>As\u00ed lo se\u00f1ala el acuerdo, que contempla tambi\u00e9n la transmisi\u00f3n de conocimientos para su ejecuci\u00f3n a cargo del indonesio Ngadimin, profesor de Gamel\u00e1n. En ese sentido, por iniciativa de la Escuela de artes Sonoras, con el apoyo de la Jefatura de Pr\u00e1cticas PreProfesionales y la Direcci\u00f3n de V\u00ednculo con la Comunidad, la UArtes abri\u00f3 cuatro espacios para talleres de Gamel\u00e1n. Est\u00e1n dirigidos, anota Andrey Astaiza, director de la EAS, a estudiantes, docentes y administrativos, as\u00ed como a la ciudadan\u00eda en general. Los resultados de esa transferencia de conocimientos se evidenciar\u00e1n en un concierto programado para el 22 de diciembre pr\u00f3ximo.<\/p>\n\n\n\n<p>Los talleres para los estudiantes de la EAS son fundamentales en los estudios de etnomusicolog\u00eda y el ensamble de marimba, agrega Astaiza. Los docentes UArtes, por su parte, vienen desarrollando trabajos de investigaci\u00f3n que nacieron a partir de la presencia del Gamel\u00e1n en nuestra instituci\u00f3n. Meining Cheung e Ivonne Jer\u00e9z, por ejemplo, van a grabar y experimentar la t\u00edmbrica del tradicional instrumento indonesio para sus proyectos de indagaci\u00f3n sonora.<\/p>\n\n\n<div class=\"wp-block-image\">\n<figure class=\"aligncenter size-large\"><img fetchpriority=\"high\" decoding=\"async\" width=\"644\" height=\"429\" src=\"http:\/\/www.uartes.edu.ec\/sitio\/wp-content\/uploads\/2022\/12\/05-GAMELAN-644x429.jpg\" alt=\"\" class=\"wp-image-33221\" srcset=\"https:\/\/www.uartes.edu.ec\/sitio\/wp-content\/uploads\/2022\/12\/05-GAMELAN-644x429.jpg 644w, https:\/\/www.uartes.edu.ec\/sitio\/wp-content\/uploads\/2022\/12\/05-GAMELAN-768x511.jpg 768w, https:\/\/www.uartes.edu.ec\/sitio\/wp-content\/uploads\/2022\/12\/05-GAMELAN.jpg 2000w, https:\/\/www.uartes.edu.ec\/sitio\/wp-content\/uploads\/2022\/12\/05-GAMELAN-600x399.jpg 600w, https:\/\/www.uartes.edu.ec\/sitio\/wp-content\/uploads\/2022\/12\/05-GAMELAN-272x182.jpg 272w\" sizes=\"(max-width: 644px) 100vw, 644px\" \/><\/figure>\n<\/div>\n\n<div class=\"wp-block-image\">\n<figure class=\"aligncenter size-large\"><img decoding=\"async\" width=\"644\" height=\"429\" src=\"http:\/\/www.uartes.edu.ec\/sitio\/wp-content\/uploads\/2022\/12\/02-GAMELAN-644x429.jpg\" alt=\"\" class=\"wp-image-33222\" srcset=\"https:\/\/www.uartes.edu.ec\/sitio\/wp-content\/uploads\/2022\/12\/02-GAMELAN-644x429.jpg 644w, https:\/\/www.uartes.edu.ec\/sitio\/wp-content\/uploads\/2022\/12\/02-GAMELAN-768x511.jpg 768w, https:\/\/www.uartes.edu.ec\/sitio\/wp-content\/uploads\/2022\/12\/02-GAMELAN.jpg 2000w, https:\/\/www.uartes.edu.ec\/sitio\/wp-content\/uploads\/2022\/12\/02-GAMELAN-600x399.jpg 600w, https:\/\/www.uartes.edu.ec\/sitio\/wp-content\/uploads\/2022\/12\/02-GAMELAN-272x182.jpg 272w\" sizes=\"(max-width: 644px) 100vw, 644px\" \/><\/figure>\n<\/div>\n\n\n<p>\u201cHemos logrado que los administrativos, como parte de su desarrollo profesional, tengan la oportunidad de aprender en artes para su mejor desenvolvimiento del lugar en el que trabajan, as\u00ed como lo ha sido la conformaci\u00f3n del coro UArtes. Hacen un trabajo inmenso en la universidad y tienen el derecho de experimentar la educaci\u00f3n en artes y qu\u00e9 mejor con el Gamel\u00e1n que es primo hermano de la marimba\u201d, refiere Astaiza.<\/p>\n\n\n\n<p>El p\u00fablico en general, la comunidad guayaquile\u00f1a, ya viene experimentando con el Gamel\u00e1n en los talleres. Este mi\u00e9rcoles 30 de noviembre estuvieron en la Sala de Etnomusicolog\u00eda habitantes del barrio Juan Montalvo (Noroeste de Guayaquil), donde se desarrolla un proyecto de Vinculaci\u00f3n con la Comunidad, dirigido Janina Su\u00e1rez, docente UArtes y jefa de PPP. Este viernes 2 est\u00e1 programada la presencia de los estudiantes de la instituci\u00f3n educativa Rep\u00fablica de Francia.<\/p>\n\n\n\n<p>\u201cEl profesor Ngadimin se quedar\u00e1 hasta el 23 de diciembre y estamos aprovechando que nos comparta sus conocimientos de tradici\u00f3n oral para que podamos hacer uso del Gamel\u00e1n por los siguientes tres a\u00f1os, que es lo que generosamente la Rep\u00fablica de Indonesia nos ha facilitado\u201d, expresa Astaiza.<\/p>\n\n\n\n<p>Los conocimientos que se comparten son melod\u00edas y ritmos b\u00e1sicos del Gamel\u00e1n, \u201cy principalmente aprender a trabajar en comunidad. La m\u00fasica y el arte son un subproducto del pensamiento individual que se vuelve colectivo\u201d, concluye Astaiza.<\/p>\n\n\n<div class=\"wp-block-image\">\n<figure class=\"aligncenter size-large\"><img decoding=\"async\" width=\"644\" height=\"429\" src=\"http:\/\/www.uartes.edu.ec\/sitio\/wp-content\/uploads\/2022\/12\/07-RECORRIDO-MZ14-BRADLEY-SENESCYT-644x429.jpg\" alt=\"\" class=\"wp-image-33223\" srcset=\"https:\/\/www.uartes.edu.ec\/sitio\/wp-content\/uploads\/2022\/12\/07-RECORRIDO-MZ14-BRADLEY-SENESCYT-644x429.jpg 644w, https:\/\/www.uartes.edu.ec\/sitio\/wp-content\/uploads\/2022\/12\/07-RECORRIDO-MZ14-BRADLEY-SENESCYT-768x511.jpg 768w, https:\/\/www.uartes.edu.ec\/sitio\/wp-content\/uploads\/2022\/12\/07-RECORRIDO-MZ14-BRADLEY-SENESCYT.jpg 2000w, https:\/\/www.uartes.edu.ec\/sitio\/wp-content\/uploads\/2022\/12\/07-RECORRIDO-MZ14-BRADLEY-SENESCYT-600x399.jpg 600w, https:\/\/www.uartes.edu.ec\/sitio\/wp-content\/uploads\/2022\/12\/07-RECORRIDO-MZ14-BRADLEY-SENESCYT-272x182.jpg 272w\" sizes=\"(max-width: 644px) 100vw, 644px\" \/><\/figure>\n<\/div>","protected":false},"excerpt":{"rendered":"<p>Tras la suscripci\u00f3n de un convenio entre la UArtes y la Embajada de Indonesia en Ecuador, en el marco de los Universos Sonoros organizados por la Escuela de Artes Sonoras, el Gamel\u00e1n tiene su espacio en la Sala de Etnomusicolog\u00eda de la EAS, ubicada en el MZ14. El ensamble musical tradicional indonesio estar\u00e1 en la UArtes tres a\u00f1os. Para aprender a ejecutar las piezas que lo componen se han organizado talleres para la comunidad universitaria y ciudadan\u00eda.  <\/p>","protected":false},"author":10,"featured_media":33220,"comment_status":"open","ping_status":"open","sticky":false,"template":"","format":"standard","meta":{"_acf_changed":false,"_uag_custom_page_level_css":"","_monsterinsights_skip_tracking":false,"_monsterinsights_sitenote_active":false,"_monsterinsights_sitenote_note":"","_monsterinsights_sitenote_category":0,"cybocfi_hide_featured_image":"","footnotes":""},"categories":[714,80,438,150,75,76],"tags":[524],"infouartes":[],"class_list":["post-33219","post","type-post","status-publish","format-standard","has-post-thumbnail","hentry","category-2b","category-academico","category-administrativos","category-artes-sonoras","category-docentes","category-estudiantes","tag-talleres"],"acf":[],"yoast_head":"<!-- This site is optimized with the Yoast SEO plugin v27.4 - https:\/\/yoast.com\/product\/yoast-seo-wordpress\/ -->\n<title>Universidad de las Artes - Comunidad UArtes y ciudadan\u00eda, en talleres para interpretar el Gamel\u00e1n<\/title>\n<meta name=\"description\" content=\"Universidad de las Artes - Comunidad UArtes y ciudadan\u00eda, en talleres para interpretar el Gamel\u00e1n\" \/>\n<meta name=\"robots\" content=\"index, follow, max-snippet:-1, max-image-preview:large, max-video-preview:-1\" \/>\n<link rel=\"canonical\" href=\"https:\/\/www.uartes.edu.ec\/sitio\/fr\/blog\/2022\/11\/30\/comunidad-uartes-y-ciudadania-en-talleres-con-el-gamelan-ensamble-musical-tradicional-indonesio\/\" \/>\n<meta property=\"og:locale\" content=\"fr_FR\" \/>\n<meta property=\"og:type\" content=\"article\" \/>\n<meta property=\"og:title\" content=\"Universidad de las Artes - Comunidad UArtes y ciudadan\u00eda, en talleres para interpretar el Gamel\u00e1n\" \/>\n<meta property=\"og:description\" content=\"Universidad de las Artes - Comunidad UArtes y ciudadan\u00eda, en talleres para interpretar el Gamel\u00e1n\" \/>\n<meta property=\"og:url\" content=\"https:\/\/www.uartes.edu.ec\/sitio\/fr\/blog\/2022\/11\/30\/comunidad-uartes-y-ciudadania-en-talleres-con-el-gamelan-ensamble-musical-tradicional-indonesio\/\" \/>\n<meta property=\"og:site_name\" content=\"Universidad de las Artes\" \/>\n<meta property=\"article:publisher\" content=\"https:\/\/www.facebook.com\/uartesec\" \/>\n<meta property=\"article:published_time\" content=\"2022-11-30T20:34:00+00:00\" \/>\n<meta property=\"article:modified_time\" content=\"2024-07-04T16:22:29+00:00\" \/>\n<meta property=\"og:image\" content=\"https:\/\/www.uartes.edu.ec\/sitio\/wp-content\/uploads\/2022\/12\/01-GAMELAN-JUAN-MONTALVO.jpg\" \/>\n\t<meta property=\"og:image:width\" content=\"2000\" \/>\n\t<meta property=\"og:image:height\" content=\"1333\" \/>\n\t<meta property=\"og:image:type\" content=\"image\/jpeg\" \/>\n<meta name=\"author\" content=\"ccortez\" \/>\n<meta name=\"twitter:card\" content=\"summary_large_image\" \/>\n<meta name=\"twitter:creator\" content=\"@uartesec\" \/>\n<meta name=\"twitter:site\" content=\"@uartesec\" \/>\n<meta name=\"twitter:label1\" content=\"\u00c9crit par\" \/>\n\t<meta name=\"twitter:data1\" content=\"ccortez\" \/>\n\t<meta name=\"twitter:label2\" content=\"Dur\u00e9e de lecture estim\u00e9e\" \/>\n\t<meta name=\"twitter:data2\" content=\"3 minutes\" \/>\n<script type=\"application\/ld+json\" class=\"yoast-schema-graph\">{\"@context\":\"https:\\\/\\\/schema.org\",\"@graph\":[{\"@type\":\"Article\",\"@id\":\"https:\\\/\\\/www.uartes.edu.ec\\\/sitio\\\/fr\\\/blog\\\/2022\\\/11\\\/30\\\/comunidad-uartes-y-ciudadania-en-talleres-con-el-gamelan-ensamble-musical-tradicional-indonesio\\\/#article\",\"isPartOf\":{\"@id\":\"https:\\\/\\\/www.uartes.edu.ec\\\/sitio\\\/fr\\\/blog\\\/2022\\\/11\\\/30\\\/comunidad-uartes-y-ciudadania-en-talleres-con-el-gamelan-ensamble-musical-tradicional-indonesio\\\/\"},\"author\":{\"name\":\"ccortez\",\"@id\":\"https:\\\/\\\/www.uartes.edu.ec\\\/sitio\\\/fr\\\/#\\\/schema\\\/person\\\/efa1b8275797664fd7f13a79ccc0b1f4\"},\"headline\":\"Comunidad UArtes y ciudadan\u00eda, en talleres para interpretar el Gamel\u00e1n\",\"datePublished\":\"2022-11-30T20:34:00+00:00\",\"dateModified\":\"2024-07-04T16:22:29+00:00\",\"mainEntityOfPage\":{\"@id\":\"https:\\\/\\\/www.uartes.edu.ec\\\/sitio\\\/fr\\\/blog\\\/2022\\\/11\\\/30\\\/comunidad-uartes-y-ciudadania-en-talleres-con-el-gamelan-ensamble-musical-tradicional-indonesio\\\/\"},\"wordCount\":522,\"commentCount\":0,\"publisher\":{\"@id\":\"https:\\\/\\\/www.uartes.edu.ec\\\/sitio\\\/fr\\\/#organization\"},\"image\":{\"@id\":\"https:\\\/\\\/www.uartes.edu.ec\\\/sitio\\\/fr\\\/blog\\\/2022\\\/11\\\/30\\\/comunidad-uartes-y-ciudadania-en-talleres-con-el-gamelan-ensamble-musical-tradicional-indonesio\\\/#primaryimage\"},\"thumbnailUrl\":\"https:\\\/\\\/www.uartes.edu.ec\\\/sitio\\\/wp-content\\\/uploads\\\/2022\\\/12\\\/01-GAMELAN-JUAN-MONTALVO.jpg\",\"keywords\":[\"talleres\"],\"articleSection\":[\"2B\",\"Acad\u00e9mico\",\"Administrativos\",\"Artes Sonoras\",\"Docentes\",\"Estudiantes\"],\"inLanguage\":\"fr-FR\",\"potentialAction\":[{\"@type\":\"CommentAction\",\"name\":\"Comment\",\"target\":[\"https:\\\/\\\/www.uartes.edu.ec\\\/sitio\\\/fr\\\/blog\\\/2022\\\/11\\\/30\\\/comunidad-uartes-y-ciudadania-en-talleres-con-el-gamelan-ensamble-musical-tradicional-indonesio\\\/#respond\"]}]},{\"@type\":[\"WebPage\",\"ItemPage\"],\"@id\":\"https:\\\/\\\/www.uartes.edu.ec\\\/sitio\\\/fr\\\/blog\\\/2022\\\/11\\\/30\\\/comunidad-uartes-y-ciudadania-en-talleres-con-el-gamelan-ensamble-musical-tradicional-indonesio\\\/\",\"url\":\"https:\\\/\\\/www.uartes.edu.ec\\\/sitio\\\/fr\\\/blog\\\/2022\\\/11\\\/30\\\/comunidad-uartes-y-ciudadania-en-talleres-con-el-gamelan-ensamble-musical-tradicional-indonesio\\\/\",\"name\":\"Universidad de las Artes - Comunidad UArtes y ciudadan\u00eda, en talleres para interpretar el Gamel\u00e1n\",\"isPartOf\":{\"@id\":\"https:\\\/\\\/www.uartes.edu.ec\\\/sitio\\\/fr\\\/#website\"},\"primaryImageOfPage\":{\"@id\":\"https:\\\/\\\/www.uartes.edu.ec\\\/sitio\\\/fr\\\/blog\\\/2022\\\/11\\\/30\\\/comunidad-uartes-y-ciudadania-en-talleres-con-el-gamelan-ensamble-musical-tradicional-indonesio\\\/#primaryimage\"},\"image\":{\"@id\":\"https:\\\/\\\/www.uartes.edu.ec\\\/sitio\\\/fr\\\/blog\\\/2022\\\/11\\\/30\\\/comunidad-uartes-y-ciudadania-en-talleres-con-el-gamelan-ensamble-musical-tradicional-indonesio\\\/#primaryimage\"},\"thumbnailUrl\":\"https:\\\/\\\/www.uartes.edu.ec\\\/sitio\\\/wp-content\\\/uploads\\\/2022\\\/12\\\/01-GAMELAN-JUAN-MONTALVO.jpg\",\"datePublished\":\"2022-11-30T20:34:00+00:00\",\"dateModified\":\"2024-07-04T16:22:29+00:00\",\"description\":\"Universidad de las Artes - Comunidad UArtes y ciudadan\u00eda, en talleres para interpretar el Gamel\u00e1n\",\"breadcrumb\":{\"@id\":\"https:\\\/\\\/www.uartes.edu.ec\\\/sitio\\\/fr\\\/blog\\\/2022\\\/11\\\/30\\\/comunidad-uartes-y-ciudadania-en-talleres-con-el-gamelan-ensamble-musical-tradicional-indonesio\\\/#breadcrumb\"},\"inLanguage\":\"fr-FR\",\"potentialAction\":[{\"@type\":\"ReadAction\",\"target\":[\"https:\\\/\\\/www.uartes.edu.ec\\\/sitio\\\/fr\\\/blog\\\/2022\\\/11\\\/30\\\/comunidad-uartes-y-ciudadania-en-talleres-con-el-gamelan-ensamble-musical-tradicional-indonesio\\\/\"]}]},{\"@type\":\"ImageObject\",\"inLanguage\":\"fr-FR\",\"@id\":\"https:\\\/\\\/www.uartes.edu.ec\\\/sitio\\\/fr\\\/blog\\\/2022\\\/11\\\/30\\\/comunidad-uartes-y-ciudadania-en-talleres-con-el-gamelan-ensamble-musical-tradicional-indonesio\\\/#primaryimage\",\"url\":\"https:\\\/\\\/www.uartes.edu.ec\\\/sitio\\\/wp-content\\\/uploads\\\/2022\\\/12\\\/01-GAMELAN-JUAN-MONTALVO.jpg\",\"contentUrl\":\"https:\\\/\\\/www.uartes.edu.ec\\\/sitio\\\/wp-content\\\/uploads\\\/2022\\\/12\\\/01-GAMELAN-JUAN-MONTALVO.jpg\",\"width\":2000,\"height\":1333},{\"@type\":\"BreadcrumbList\",\"@id\":\"https:\\\/\\\/www.uartes.edu.ec\\\/sitio\\\/fr\\\/blog\\\/2022\\\/11\\\/30\\\/comunidad-uartes-y-ciudadania-en-talleres-con-el-gamelan-ensamble-musical-tradicional-indonesio\\\/#breadcrumb\",\"itemListElement\":[{\"@type\":\"ListItem\",\"position\":1,\"name\":\"Inicio\",\"item\":\"https:\\\/\\\/www.uartes.edu.ec\\\/sitio\\\/\"},{\"@type\":\"ListItem\",\"position\":2,\"name\":\"Comunidad UArtes y ciudadan\u00eda, en talleres para interpretar el Gamel\u00e1n\"}]},{\"@type\":\"WebSite\",\"@id\":\"https:\\\/\\\/www.uartes.edu.ec\\\/sitio\\\/fr\\\/#website\",\"url\":\"https:\\\/\\\/www.uartes.edu.ec\\\/sitio\\\/fr\\\/\",\"name\":\"Universidad de las Artes\",\"description\":\"Sitio oficial de la Universidad Nacional de las Artes del Ecuador\",\"publisher\":{\"@id\":\"https:\\\/\\\/www.uartes.edu.ec\\\/sitio\\\/fr\\\/#organization\"},\"potentialAction\":[{\"@type\":\"SearchAction\",\"target\":{\"@type\":\"EntryPoint\",\"urlTemplate\":\"https:\\\/\\\/www.uartes.edu.ec\\\/sitio\\\/fr\\\/?s={search_term_string}\"},\"query-input\":{\"@type\":\"PropertyValueSpecification\",\"valueRequired\":true,\"valueName\":\"search_term_string\"}}],\"inLanguage\":\"fr-FR\"},{\"@type\":\"Organization\",\"@id\":\"https:\\\/\\\/www.uartes.edu.ec\\\/sitio\\\/fr\\\/#organization\",\"name\":\"Universidad de las Artes\",\"url\":\"https:\\\/\\\/www.uartes.edu.ec\\\/sitio\\\/fr\\\/\",\"logo\":{\"@type\":\"ImageObject\",\"inLanguage\":\"fr-FR\",\"@id\":\"https:\\\/\\\/www.uartes.edu.ec\\\/sitio\\\/fr\\\/#\\\/schema\\\/logo\\\/image\\\/\",\"url\":\"https:\\\/\\\/www.uartes.edu.ec\\\/sitio\\\/wp-content\\\/uploads\\\/2022\\\/07\\\/logo-ua-horizontal.png\",\"contentUrl\":\"https:\\\/\\\/www.uartes.edu.ec\\\/sitio\\\/wp-content\\\/uploads\\\/2022\\\/07\\\/logo-ua-horizontal.png\",\"width\":800,\"height\":276,\"caption\":\"Universidad de las Artes\"},\"image\":{\"@id\":\"https:\\\/\\\/www.uartes.edu.ec\\\/sitio\\\/fr\\\/#\\\/schema\\\/logo\\\/image\\\/\"},\"sameAs\":[\"https:\\\/\\\/www.facebook.com\\\/uartesec\",\"https:\\\/\\\/x.com\\\/uartesec\",\"https:\\\/\\\/www.tiktok.com\\\/@uartesec\"]},{\"@type\":\"Person\",\"@id\":\"https:\\\/\\\/www.uartes.edu.ec\\\/sitio\\\/fr\\\/#\\\/schema\\\/person\\\/efa1b8275797664fd7f13a79ccc0b1f4\",\"name\":\"ccortez\",\"image\":{\"@type\":\"ImageObject\",\"inLanguage\":\"fr-FR\",\"@id\":\"https:\\\/\\\/secure.gravatar.com\\\/avatar\\\/b2a6f664a3ae8e074346ef91775736c5ec479e637ecced6842de9dc98b5da9cd?s=96&d=mm&r=g\",\"url\":\"https:\\\/\\\/secure.gravatar.com\\\/avatar\\\/b2a6f664a3ae8e074346ef91775736c5ec479e637ecced6842de9dc98b5da9cd?s=96&d=mm&r=g\",\"contentUrl\":\"https:\\\/\\\/secure.gravatar.com\\\/avatar\\\/b2a6f664a3ae8e074346ef91775736c5ec479e637ecced6842de9dc98b5da9cd?s=96&d=mm&r=g\",\"caption\":\"ccortez\"},\"url\":\"https:\\\/\\\/www.uartes.edu.ec\\\/sitio\\\/fr\\\/blog\\\/author\\\/ccortez\\\/\"}]}<\/script>\n<!-- \/ Yoast SEO plugin. -->","yoast_head_json":{"title":"Universidad de las Artes - Comunidad UArtes y ciudadan\u00eda, en talleres para interpretar el Gamel\u00e1n","description":"Universidad de las Artes - Comunidad UArtes y ciudadan\u00eda, en talleres para interpretar el Gamel\u00e1n","robots":{"index":"index","follow":"follow","max-snippet":"max-snippet:-1","max-image-preview":"max-image-preview:large","max-video-preview":"max-video-preview:-1"},"canonical":"https:\/\/www.uartes.edu.ec\/sitio\/fr\/blog\/2022\/11\/30\/comunidad-uartes-y-ciudadania-en-talleres-con-el-gamelan-ensamble-musical-tradicional-indonesio\/","og_locale":"fr_FR","og_type":"article","og_title":"Universidad de las Artes - Comunidad UArtes y ciudadan\u00eda, en talleres para interpretar el Gamel\u00e1n","og_description":"Universidad de las Artes - Comunidad UArtes y ciudadan\u00eda, en talleres para interpretar el Gamel\u00e1n","og_url":"https:\/\/www.uartes.edu.ec\/sitio\/fr\/blog\/2022\/11\/30\/comunidad-uartes-y-ciudadania-en-talleres-con-el-gamelan-ensamble-musical-tradicional-indonesio\/","og_site_name":"Universidad de las Artes","article_publisher":"https:\/\/www.facebook.com\/uartesec","article_published_time":"2022-11-30T20:34:00+00:00","article_modified_time":"2024-07-04T16:22:29+00:00","og_image":[{"width":2000,"height":1333,"url":"https:\/\/www.uartes.edu.ec\/sitio\/wp-content\/uploads\/2022\/12\/01-GAMELAN-JUAN-MONTALVO.jpg","type":"image\/jpeg"}],"author":"ccortez","twitter_card":"summary_large_image","twitter_creator":"@uartesec","twitter_site":"@uartesec","twitter_misc":{"\u00c9crit par":"ccortez","Dur\u00e9e de lecture estim\u00e9e":"3 minutes"},"schema":{"@context":"https:\/\/schema.org","@graph":[{"@type":"Article","@id":"https:\/\/www.uartes.edu.ec\/sitio\/fr\/blog\/2022\/11\/30\/comunidad-uartes-y-ciudadania-en-talleres-con-el-gamelan-ensamble-musical-tradicional-indonesio\/#article","isPartOf":{"@id":"https:\/\/www.uartes.edu.ec\/sitio\/fr\/blog\/2022\/11\/30\/comunidad-uartes-y-ciudadania-en-talleres-con-el-gamelan-ensamble-musical-tradicional-indonesio\/"},"author":{"name":"ccortez","@id":"https:\/\/www.uartes.edu.ec\/sitio\/fr\/#\/schema\/person\/efa1b8275797664fd7f13a79ccc0b1f4"},"headline":"Comunidad UArtes y ciudadan\u00eda, en talleres para interpretar el Gamel\u00e1n","datePublished":"2022-11-30T20:34:00+00:00","dateModified":"2024-07-04T16:22:29+00:00","mainEntityOfPage":{"@id":"https:\/\/www.uartes.edu.ec\/sitio\/fr\/blog\/2022\/11\/30\/comunidad-uartes-y-ciudadania-en-talleres-con-el-gamelan-ensamble-musical-tradicional-indonesio\/"},"wordCount":522,"commentCount":0,"publisher":{"@id":"https:\/\/www.uartes.edu.ec\/sitio\/fr\/#organization"},"image":{"@id":"https:\/\/www.uartes.edu.ec\/sitio\/fr\/blog\/2022\/11\/30\/comunidad-uartes-y-ciudadania-en-talleres-con-el-gamelan-ensamble-musical-tradicional-indonesio\/#primaryimage"},"thumbnailUrl":"https:\/\/www.uartes.edu.ec\/sitio\/wp-content\/uploads\/2022\/12\/01-GAMELAN-JUAN-MONTALVO.jpg","keywords":["talleres"],"articleSection":["2B","Acad\u00e9mico","Administrativos","Artes Sonoras","Docentes","Estudiantes"],"inLanguage":"fr-FR","potentialAction":[{"@type":"CommentAction","name":"Comment","target":["https:\/\/www.uartes.edu.ec\/sitio\/fr\/blog\/2022\/11\/30\/comunidad-uartes-y-ciudadania-en-talleres-con-el-gamelan-ensamble-musical-tradicional-indonesio\/#respond"]}]},{"@type":["WebPage","ItemPage"],"@id":"https:\/\/www.uartes.edu.ec\/sitio\/fr\/blog\/2022\/11\/30\/comunidad-uartes-y-ciudadania-en-talleres-con-el-gamelan-ensamble-musical-tradicional-indonesio\/","url":"https:\/\/www.uartes.edu.ec\/sitio\/fr\/blog\/2022\/11\/30\/comunidad-uartes-y-ciudadania-en-talleres-con-el-gamelan-ensamble-musical-tradicional-indonesio\/","name":"Universidad de las Artes - Comunidad UArtes y ciudadan\u00eda, en talleres para interpretar el Gamel\u00e1n","isPartOf":{"@id":"https:\/\/www.uartes.edu.ec\/sitio\/fr\/#website"},"primaryImageOfPage":{"@id":"https:\/\/www.uartes.edu.ec\/sitio\/fr\/blog\/2022\/11\/30\/comunidad-uartes-y-ciudadania-en-talleres-con-el-gamelan-ensamble-musical-tradicional-indonesio\/#primaryimage"},"image":{"@id":"https:\/\/www.uartes.edu.ec\/sitio\/fr\/blog\/2022\/11\/30\/comunidad-uartes-y-ciudadania-en-talleres-con-el-gamelan-ensamble-musical-tradicional-indonesio\/#primaryimage"},"thumbnailUrl":"https:\/\/www.uartes.edu.ec\/sitio\/wp-content\/uploads\/2022\/12\/01-GAMELAN-JUAN-MONTALVO.jpg","datePublished":"2022-11-30T20:34:00+00:00","dateModified":"2024-07-04T16:22:29+00:00","description":"Universidad de las Artes - Comunidad UArtes y ciudadan\u00eda, en talleres para interpretar el Gamel\u00e1n","breadcrumb":{"@id":"https:\/\/www.uartes.edu.ec\/sitio\/fr\/blog\/2022\/11\/30\/comunidad-uartes-y-ciudadania-en-talleres-con-el-gamelan-ensamble-musical-tradicional-indonesio\/#breadcrumb"},"inLanguage":"fr-FR","potentialAction":[{"@type":"ReadAction","target":["https:\/\/www.uartes.edu.ec\/sitio\/fr\/blog\/2022\/11\/30\/comunidad-uartes-y-ciudadania-en-talleres-con-el-gamelan-ensamble-musical-tradicional-indonesio\/"]}]},{"@type":"ImageObject","inLanguage":"fr-FR","@id":"https:\/\/www.uartes.edu.ec\/sitio\/fr\/blog\/2022\/11\/30\/comunidad-uartes-y-ciudadania-en-talleres-con-el-gamelan-ensamble-musical-tradicional-indonesio\/#primaryimage","url":"https:\/\/www.uartes.edu.ec\/sitio\/wp-content\/uploads\/2022\/12\/01-GAMELAN-JUAN-MONTALVO.jpg","contentUrl":"https:\/\/www.uartes.edu.ec\/sitio\/wp-content\/uploads\/2022\/12\/01-GAMELAN-JUAN-MONTALVO.jpg","width":2000,"height":1333},{"@type":"BreadcrumbList","@id":"https:\/\/www.uartes.edu.ec\/sitio\/fr\/blog\/2022\/11\/30\/comunidad-uartes-y-ciudadania-en-talleres-con-el-gamelan-ensamble-musical-tradicional-indonesio\/#breadcrumb","itemListElement":[{"@type":"ListItem","position":1,"name":"Inicio","item":"https:\/\/www.uartes.edu.ec\/sitio\/"},{"@type":"ListItem","position":2,"name":"Comunidad UArtes y ciudadan\u00eda, en talleres para interpretar el Gamel\u00e1n"}]},{"@type":"WebSite","@id":"https:\/\/www.uartes.edu.ec\/sitio\/fr\/#website","url":"https:\/\/www.uartes.edu.ec\/sitio\/fr\/","name":"Universidad de las Artes","description":"Sitio oficial de la Universidad Nacional de las Artes del Ecuador","publisher":{"@id":"https:\/\/www.uartes.edu.ec\/sitio\/fr\/#organization"},"potentialAction":[{"@type":"SearchAction","target":{"@type":"EntryPoint","urlTemplate":"https:\/\/www.uartes.edu.ec\/sitio\/fr\/?s={search_term_string}"},"query-input":{"@type":"PropertyValueSpecification","valueRequired":true,"valueName":"search_term_string"}}],"inLanguage":"fr-FR"},{"@type":"Organization","@id":"https:\/\/www.uartes.edu.ec\/sitio\/fr\/#organization","name":"Universidad de las Artes","url":"https:\/\/www.uartes.edu.ec\/sitio\/fr\/","logo":{"@type":"ImageObject","inLanguage":"fr-FR","@id":"https:\/\/www.uartes.edu.ec\/sitio\/fr\/#\/schema\/logo\/image\/","url":"https:\/\/www.uartes.edu.ec\/sitio\/wp-content\/uploads\/2022\/07\/logo-ua-horizontal.png","contentUrl":"https:\/\/www.uartes.edu.ec\/sitio\/wp-content\/uploads\/2022\/07\/logo-ua-horizontal.png","width":800,"height":276,"caption":"Universidad de las Artes"},"image":{"@id":"https:\/\/www.uartes.edu.ec\/sitio\/fr\/#\/schema\/logo\/image\/"},"sameAs":["https:\/\/www.facebook.com\/uartesec","https:\/\/x.com\/uartesec","https:\/\/www.tiktok.com\/@uartesec"]},{"@type":"Person","@id":"https:\/\/www.uartes.edu.ec\/sitio\/fr\/#\/schema\/person\/efa1b8275797664fd7f13a79ccc0b1f4","name":"ccortez","image":{"@type":"ImageObject","inLanguage":"fr-FR","@id":"https:\/\/secure.gravatar.com\/avatar\/b2a6f664a3ae8e074346ef91775736c5ec479e637ecced6842de9dc98b5da9cd?s=96&d=mm&r=g","url":"https:\/\/secure.gravatar.com\/avatar\/b2a6f664a3ae8e074346ef91775736c5ec479e637ecced6842de9dc98b5da9cd?s=96&d=mm&r=g","contentUrl":"https:\/\/secure.gravatar.com\/avatar\/b2a6f664a3ae8e074346ef91775736c5ec479e637ecced6842de9dc98b5da9cd?s=96&d=mm&r=g","caption":"ccortez"},"url":"https:\/\/www.uartes.edu.ec\/sitio\/fr\/blog\/author\/ccortez\/"}]}},"uagb_featured_image_src":{"full":["https:\/\/www.uartes.edu.ec\/sitio\/wp-content\/uploads\/2022\/12\/01-GAMELAN-JUAN-MONTALVO.jpg",2000,1333,false],"thumbnail":["https:\/\/www.uartes.edu.ec\/sitio\/wp-content\/uploads\/2022\/12\/01-GAMELAN-JUAN-MONTALVO-150x150.jpg",150,150,true],"medium":["https:\/\/www.uartes.edu.ec\/sitio\/wp-content\/uploads\/2022\/12\/01-GAMELAN-JUAN-MONTALVO-300x200.jpg",300,200,true],"medium_large":["https:\/\/www.uartes.edu.ec\/sitio\/wp-content\/uploads\/2022\/12\/01-GAMELAN-JUAN-MONTALVO-768x512.jpg",768,512,true],"large":["https:\/\/www.uartes.edu.ec\/sitio\/wp-content\/uploads\/2022\/12\/01-GAMELAN-JUAN-MONTALVO-644x429.jpg",644,429,true],"1536x1536":["https:\/\/www.uartes.edu.ec\/sitio\/wp-content\/uploads\/2022\/12\/01-GAMELAN-JUAN-MONTALVO-1536x1024.jpg",1536,1024,true],"2048x2048":["https:\/\/www.uartes.edu.ec\/sitio\/wp-content\/uploads\/2022\/12\/01-GAMELAN-JUAN-MONTALVO.jpg",2000,1333,false],"trp-custom-language-flag":["https:\/\/www.uartes.edu.ec\/sitio\/wp-content\/uploads\/2022\/12\/01-GAMELAN-JUAN-MONTALVO.jpg",18,12,false],"htmega_size_585x295":["https:\/\/www.uartes.edu.ec\/sitio\/wp-content\/uploads\/2022\/12\/01-GAMELAN-JUAN-MONTALVO.jpg",443,295,false],"htmega_size_1170x536":["https:\/\/www.uartes.edu.ec\/sitio\/wp-content\/uploads\/2022\/12\/01-GAMELAN-JUAN-MONTALVO.jpg",804,536,false],"htmega_size_396x360":["https:\/\/www.uartes.edu.ec\/sitio\/wp-content\/uploads\/2022\/12\/01-GAMELAN-JUAN-MONTALVO.jpg",396,264,false],"gb-block-post-grid-landscape":["https:\/\/www.uartes.edu.ec\/sitio\/wp-content\/uploads\/2022\/12\/01-GAMELAN-JUAN-MONTALVO-600x400.jpg",600,400,true],"gb-block-post-grid-square":["https:\/\/www.uartes.edu.ec\/sitio\/wp-content\/uploads\/2022\/12\/01-GAMELAN-JUAN-MONTALVO-600x600.jpg",600,600,true],"university-hub-thumb":["https:\/\/www.uartes.edu.ec\/sitio\/wp-content\/uploads\/2022\/12\/01-GAMELAN-JUAN-MONTALVO-400x267.jpg",400,267,true]},"uagb_author_info":{"display_name":"ccortez","author_link":"https:\/\/www.uartes.edu.ec\/sitio\/fr\/blog\/author\/ccortez\/"},"uagb_comment_info":0,"uagb_excerpt":"Tras la suscripci\u00f3n de un convenio entre la UArtes y la Embajada de Indonesia en Ecuador, en el marco de los Universos Sonoros organizados por la Escuela de Artes Sonoras, el Gamel\u00e1n tiene su espacio en la Sala de Etnomusicolog\u00eda de la EAS, ubicada en el MZ14. El ensamble musical tradicional indonesio estar\u00e1 en la\u2026","featured_image_src":"https:\/\/www.uartes.edu.ec\/sitio\/wp-content\/uploads\/2022\/12\/01-GAMELAN-JUAN-MONTALVO-600x400.jpg","featured_image_src_square":"https:\/\/www.uartes.edu.ec\/sitio\/wp-content\/uploads\/2022\/12\/01-GAMELAN-JUAN-MONTALVO-600x600.jpg","author_info":{"display_name":"ccortez","author_link":"https:\/\/www.uartes.edu.ec\/sitio\/fr\/blog\/author\/ccortez\/"},"publishpress_future_workflow_manual_trigger":{"enabledWorkflows":[]},"distributor_meta":false,"distributor_terms":false,"distributor_media":false,"distributor_original_site_name":"Universidad de las Artes","distributor_original_site_url":"https:\/\/www.uartes.edu.ec\/sitio\/fr","push-errors":false,"_links":{"self":[{"href":"https:\/\/www.uartes.edu.ec\/sitio\/fr\/wp-json\/wp\/v2\/posts\/33219","targetHints":{"allow":["GET"]}}],"collection":[{"href":"https:\/\/www.uartes.edu.ec\/sitio\/fr\/wp-json\/wp\/v2\/posts"}],"about":[{"href":"https:\/\/www.uartes.edu.ec\/sitio\/fr\/wp-json\/wp\/v2\/types\/post"}],"author":[{"embeddable":true,"href":"https:\/\/www.uartes.edu.ec\/sitio\/fr\/wp-json\/wp\/v2\/users\/10"}],"replies":[{"embeddable":true,"href":"https:\/\/www.uartes.edu.ec\/sitio\/fr\/wp-json\/wp\/v2\/comments?post=33219"}],"version-history":[{"count":10,"href":"https:\/\/www.uartes.edu.ec\/sitio\/fr\/wp-json\/wp\/v2\/posts\/33219\/revisions"}],"predecessor-version":[{"id":33254,"href":"https:\/\/www.uartes.edu.ec\/sitio\/fr\/wp-json\/wp\/v2\/posts\/33219\/revisions\/33254"}],"wp:featuredmedia":[{"embeddable":true,"href":"https:\/\/www.uartes.edu.ec\/sitio\/fr\/wp-json\/wp\/v2\/media\/33220"}],"wp:attachment":[{"href":"https:\/\/www.uartes.edu.ec\/sitio\/fr\/wp-json\/wp\/v2\/media?parent=33219"}],"wp:term":[{"taxonomy":"category","embeddable":true,"href":"https:\/\/www.uartes.edu.ec\/sitio\/fr\/wp-json\/wp\/v2\/categories?post=33219"},{"taxonomy":"post_tag","embeddable":true,"href":"https:\/\/www.uartes.edu.ec\/sitio\/fr\/wp-json\/wp\/v2\/tags?post=33219"},{"taxonomy":"infouartes","embeddable":true,"href":"https:\/\/www.uartes.edu.ec\/sitio\/fr\/wp-json\/wp\/v2\/infouartes?post=33219"}],"curies":[{"name":"wp","href":"https:\/\/api.w.org\/{rel}","templated":true}]}}