{"id":335,"date":"2017-05-15T11:00:21","date_gmt":"2017-05-15T16:00:21","guid":{"rendered":"http:\/\/www.uartes.edu.ec\/infouartes\/?p=335"},"modified":"2024-07-04T11:54:20","modified_gmt":"2024-07-04T16:54:20","slug":"universidades-del-ecuador-crean-red-para-la-internacionalizacion-de-la-educacion-superior","status":"publish","type":"post","link":"https:\/\/www.uartes.edu.ec\/sitio\/fr\/blog\/2017\/05\/15\/universidades-del-ecuador-crean-red-para-la-internacionalizacion-de-la-educacion-superior\/","title":{"rendered":"Universidades del Ecuador crean la red REIES"},"content":{"rendered":"<p>Rectores de quince Instituciones de Educaci\u00f3n Superior del Ecuador (IES) firmaron el convenio para la creaci\u00f3n de la Red Ecuatoriana para la Internacionalizaci\u00f3n de la Educaci\u00f3n Superior (REIES). La Universidad de las Artes del Ecuador (UArtes), en el marco de su proceso interno de internacionalizaci\u00f3n, forma parte de este acuerdo, suscrito la ma\u00f1ana de este lunes 8 de mayo de 2017, en Quito.<\/p>\n<p>Entre los objetivos del convenio est\u00e1n: aportar a la generaci\u00f3n de pol\u00edticas p\u00fablicas de internacionalizaci\u00f3n para el sistema de educaci\u00f3n superior en el pa\u00eds, promover criterios de est\u00e1ndares de calidad y la creaci\u00f3n de capacidades dentro de las IES ecuatorianas para su internacionalizaci\u00f3n integral, posicionar estrat\u00e9gicamente a la educaci\u00f3n superior ecuatoriana en el contexto acad\u00e9mico global y desarrollar la cooperaci\u00f3n acad\u00e9mica entre las IES para la participaci\u00f3n conjunta en propuestas y proyectos internacionales.<\/p>\n<p>Son miembros de la REIES: la Escuela Polit\u00e9cnica Nacional, la Universidad T\u00e9cnica Particular de Loja, la Universidad de Cuenca, La Universidad Yachay Tech, la Universidad de las Fuerzas Armadas \u2013 ESPE, la Universidad T\u00e9cnica de Manab\u00ed, la Universidad Central del Ecuador, la Escuela Superior Polit\u00e9cnica de Chimborazo, la Universidad T\u00e9cnica de Cotopaxi, la Universidad Regional Aut\u00f3noma de los Andes, la Universidad T\u00e9cnica de Ambato, la Universidad Polit\u00e9cnica Salesiana, la Universidad de Especialidades Esp\u00edritu Santo, la Universidad Nacional de Chimborazo y la Universidad de las Artes del Ecuador.<\/p>\n<p>Otras Instituciones de Educaci\u00f3n Superior del pa\u00eds podr\u00e1n adherirse a la REIES a trav\u00e9s de una carta de adhesi\u00f3n suscrita por el Representante Legal de la instituci\u00f3n interesada.<\/p>","protected":false},"excerpt":{"rendered":"<p>Rectores de quince Instituciones de Educaci\u00f3n Superior del Ecuador (IES) firmaron el convenio para la creaci\u00f3n de la Red Ecuatoriana para la Internacionalizaci\u00f3n de la Educaci\u00f3n Superior (REIES). La Universidad de las Artes del Ecuador (UArtes), en el marco de su proceso interno de internacionalizaci\u00f3n, forma parte de este acuerdo, suscrito la ma\u00f1ana de este [&hellip;]<\/p>\n","protected":false},"author":1,"featured_media":336,"comment_status":"closed","ping_status":"open","sticky":false,"template":"","format":"standard","meta":{"_acf_changed":false,"_uag_custom_page_level_css":"","_monsterinsights_skip_tracking":false,"_monsterinsights_sitenote_active":false,"_monsterinsights_sitenote_note":"","_monsterinsights_sitenote_category":0,"cybocfi_hide_featured_image":"","footnotes":""},"categories":[77],"tags":[],"infouartes":[],"class_list":["post-335","post","type-post","status-publish","format-standard","has-post-thumbnail","hentry","category-gestion"],"acf":[],"yoast_head":"<!-- This site is optimized with the Yoast SEO plugin v27.4 - https:\/\/yoast.com\/product\/yoast-seo-wordpress\/ -->\n<title>Universidad de las Artes - Universidades del Ecuador crean la red REIES<\/title>\n<meta name=\"description\" content=\"Universidad de las Artes - Universidades del Ecuador crean la red REIES\" \/>\n<meta name=\"robots\" content=\"index, follow, max-snippet:-1, max-image-preview:large, max-video-preview:-1\" \/>\n<link rel=\"canonical\" href=\"https:\/\/www.uartes.edu.ec\/sitio\/fr\/blog\/2017\/05\/15\/universidades-del-ecuador-crean-red-para-la-internacionalizacion-de-la-educacion-superior\/\" \/>\n<meta property=\"og:locale\" content=\"fr_FR\" \/>\n<meta property=\"og:type\" content=\"article\" \/>\n<meta property=\"og:title\" content=\"Universidad de las Artes - Universidades del Ecuador crean la red REIES\" \/>\n<meta property=\"og:description\" content=\"Universidad de las Artes - Universidades del Ecuador crean la red REIES\" \/>\n<meta property=\"og:url\" content=\"https:\/\/www.uartes.edu.ec\/sitio\/fr\/blog\/2017\/05\/15\/universidades-del-ecuador-crean-red-para-la-internacionalizacion-de-la-educacion-superior\/\" \/>\n<meta property=\"og:site_name\" content=\"Universidad de las Artes\" \/>\n<meta property=\"article:publisher\" content=\"https:\/\/www.facebook.com\/uartesec\" \/>\n<meta property=\"article:published_time\" content=\"2017-05-15T16:00:21+00:00\" \/>\n<meta property=\"article:modified_time\" content=\"2024-07-04T16:54:20+00:00\" \/>\n<meta name=\"author\" content=\"Universidad de las Artes\" \/>\n<meta name=\"twitter:card\" content=\"summary_large_image\" \/>\n<meta name=\"twitter:creator\" content=\"@uartesec\" \/>\n<meta name=\"twitter:site\" content=\"@uartesec\" \/>\n<meta name=\"twitter:label1\" content=\"\u00c9crit par\" \/>\n\t<meta name=\"twitter:data1\" content=\"Universidad de las Artes\" \/>\n\t<meta name=\"twitter:label2\" content=\"Dur\u00e9e de lecture estim\u00e9e\" \/>\n\t<meta name=\"twitter:data2\" content=\"1 minute\" \/>\n<script type=\"application\/ld+json\" class=\"yoast-schema-graph\">{\"@context\":\"https:\\\/\\\/schema.org\",\"@graph\":[{\"@type\":\"Article\",\"@id\":\"https:\\\/\\\/www.uartes.edu.ec\\\/sitio\\\/fr\\\/blog\\\/2017\\\/05\\\/15\\\/universidades-del-ecuador-crean-red-para-la-internacionalizacion-de-la-educacion-superior\\\/#article\",\"isPartOf\":{\"@id\":\"https:\\\/\\\/www.uartes.edu.ec\\\/sitio\\\/fr\\\/blog\\\/2017\\\/05\\\/15\\\/universidades-del-ecuador-crean-red-para-la-internacionalizacion-de-la-educacion-superior\\\/\"},\"author\":{\"name\":\"Universidad de las Artes\",\"@id\":\"https:\\\/\\\/www.uartes.edu.ec\\\/sitio\\\/fr\\\/#\\\/schema\\\/person\\\/f33f8c1d2af0d5c80a38c8abf458184a\"},\"headline\":\"Universidades del Ecuador crean la red REIES\",\"datePublished\":\"2017-05-15T16:00:21+00:00\",\"dateModified\":\"2024-07-04T16:54:20+00:00\",\"mainEntityOfPage\":{\"@id\":\"https:\\\/\\\/www.uartes.edu.ec\\\/sitio\\\/fr\\\/blog\\\/2017\\\/05\\\/15\\\/universidades-del-ecuador-crean-red-para-la-internacionalizacion-de-la-educacion-superior\\\/\"},\"wordCount\":292,\"publisher\":{\"@id\":\"https:\\\/\\\/www.uartes.edu.ec\\\/sitio\\\/fr\\\/#organization\"},\"image\":{\"@id\":\"https:\\\/\\\/www.uartes.edu.ec\\\/sitio\\\/fr\\\/blog\\\/2017\\\/05\\\/15\\\/universidades-del-ecuador-crean-red-para-la-internacionalizacion-de-la-educacion-superior\\\/#primaryimage\"},\"thumbnailUrl\":\"\",\"articleSection\":[\"Gesti\u00f3n\"],\"inLanguage\":\"fr-FR\"},{\"@type\":[\"WebPage\",\"ItemPage\"],\"@id\":\"https:\\\/\\\/www.uartes.edu.ec\\\/sitio\\\/fr\\\/blog\\\/2017\\\/05\\\/15\\\/universidades-del-ecuador-crean-red-para-la-internacionalizacion-de-la-educacion-superior\\\/\",\"url\":\"https:\\\/\\\/www.uartes.edu.ec\\\/sitio\\\/fr\\\/blog\\\/2017\\\/05\\\/15\\\/universidades-del-ecuador-crean-red-para-la-internacionalizacion-de-la-educacion-superior\\\/\",\"name\":\"Universidad de las Artes - Universidades del Ecuador crean la red REIES\",\"isPartOf\":{\"@id\":\"https:\\\/\\\/www.uartes.edu.ec\\\/sitio\\\/fr\\\/#website\"},\"primaryImageOfPage\":{\"@id\":\"https:\\\/\\\/www.uartes.edu.ec\\\/sitio\\\/fr\\\/blog\\\/2017\\\/05\\\/15\\\/universidades-del-ecuador-crean-red-para-la-internacionalizacion-de-la-educacion-superior\\\/#primaryimage\"},\"image\":{\"@id\":\"https:\\\/\\\/www.uartes.edu.ec\\\/sitio\\\/fr\\\/blog\\\/2017\\\/05\\\/15\\\/universidades-del-ecuador-crean-red-para-la-internacionalizacion-de-la-educacion-superior\\\/#primaryimage\"},\"thumbnailUrl\":\"\",\"datePublished\":\"2017-05-15T16:00:21+00:00\",\"dateModified\":\"2024-07-04T16:54:20+00:00\",\"description\":\"Universidad de las Artes - Universidades del Ecuador crean la red REIES\",\"breadcrumb\":{\"@id\":\"https:\\\/\\\/www.uartes.edu.ec\\\/sitio\\\/fr\\\/blog\\\/2017\\\/05\\\/15\\\/universidades-del-ecuador-crean-red-para-la-internacionalizacion-de-la-educacion-superior\\\/#breadcrumb\"},\"inLanguage\":\"fr-FR\",\"potentialAction\":[{\"@type\":\"ReadAction\",\"target\":[\"https:\\\/\\\/www.uartes.edu.ec\\\/sitio\\\/fr\\\/blog\\\/2017\\\/05\\\/15\\\/universidades-del-ecuador-crean-red-para-la-internacionalizacion-de-la-educacion-superior\\\/\"]}]},{\"@type\":\"ImageObject\",\"inLanguage\":\"fr-FR\",\"@id\":\"https:\\\/\\\/www.uartes.edu.ec\\\/sitio\\\/fr\\\/blog\\\/2017\\\/05\\\/15\\\/universidades-del-ecuador-crean-red-para-la-internacionalizacion-de-la-educacion-superior\\\/#primaryimage\",\"url\":\"\",\"contentUrl\":\"\"},{\"@type\":\"BreadcrumbList\",\"@id\":\"https:\\\/\\\/www.uartes.edu.ec\\\/sitio\\\/fr\\\/blog\\\/2017\\\/05\\\/15\\\/universidades-del-ecuador-crean-red-para-la-internacionalizacion-de-la-educacion-superior\\\/#breadcrumb\",\"itemListElement\":[{\"@type\":\"ListItem\",\"position\":1,\"name\":\"Inicio\",\"item\":\"https:\\\/\\\/www.uartes.edu.ec\\\/sitio\\\/\"},{\"@type\":\"ListItem\",\"position\":2,\"name\":\"Universidades del Ecuador crean la red REIES\"}]},{\"@type\":\"WebSite\",\"@id\":\"https:\\\/\\\/www.uartes.edu.ec\\\/sitio\\\/fr\\\/#website\",\"url\":\"https:\\\/\\\/www.uartes.edu.ec\\\/sitio\\\/fr\\\/\",\"name\":\"Universidad de las Artes\",\"description\":\"Sitio oficial de la Universidad Nacional de las Artes del Ecuador\",\"publisher\":{\"@id\":\"https:\\\/\\\/www.uartes.edu.ec\\\/sitio\\\/fr\\\/#organization\"},\"potentialAction\":[{\"@type\":\"SearchAction\",\"target\":{\"@type\":\"EntryPoint\",\"urlTemplate\":\"https:\\\/\\\/www.uartes.edu.ec\\\/sitio\\\/fr\\\/?s={search_term_string}\"},\"query-input\":{\"@type\":\"PropertyValueSpecification\",\"valueRequired\":true,\"valueName\":\"search_term_string\"}}],\"inLanguage\":\"fr-FR\"},{\"@type\":\"Organization\",\"@id\":\"https:\\\/\\\/www.uartes.edu.ec\\\/sitio\\\/fr\\\/#organization\",\"name\":\"Universidad de las Artes\",\"url\":\"https:\\\/\\\/www.uartes.edu.ec\\\/sitio\\\/fr\\\/\",\"logo\":{\"@type\":\"ImageObject\",\"inLanguage\":\"fr-FR\",\"@id\":\"https:\\\/\\\/www.uartes.edu.ec\\\/sitio\\\/fr\\\/#\\\/schema\\\/logo\\\/image\\\/\",\"url\":\"https:\\\/\\\/www.uartes.edu.ec\\\/sitio\\\/wp-content\\\/uploads\\\/2022\\\/07\\\/logo-ua-horizontal.png\",\"contentUrl\":\"https:\\\/\\\/www.uartes.edu.ec\\\/sitio\\\/wp-content\\\/uploads\\\/2022\\\/07\\\/logo-ua-horizontal.png\",\"width\":800,\"height\":276,\"caption\":\"Universidad de las Artes\"},\"image\":{\"@id\":\"https:\\\/\\\/www.uartes.edu.ec\\\/sitio\\\/fr\\\/#\\\/schema\\\/logo\\\/image\\\/\"},\"sameAs\":[\"https:\\\/\\\/www.facebook.com\\\/uartesec\",\"https:\\\/\\\/x.com\\\/uartesec\",\"https:\\\/\\\/www.tiktok.com\\\/@uartesec\"]},{\"@type\":\"Person\",\"@id\":\"https:\\\/\\\/www.uartes.edu.ec\\\/sitio\\\/fr\\\/#\\\/schema\\\/person\\\/f33f8c1d2af0d5c80a38c8abf458184a\",\"name\":\"Universidad de las Artes\",\"image\":{\"@type\":\"ImageObject\",\"inLanguage\":\"fr-FR\",\"@id\":\"https:\\\/\\\/secure.gravatar.com\\\/avatar\\\/52e4757902f5cfa5ac52d020e5be83cae5487519154b6c35482fe08d589f3c13?s=96&d=mm&r=g\",\"url\":\"https:\\\/\\\/secure.gravatar.com\\\/avatar\\\/52e4757902f5cfa5ac52d020e5be83cae5487519154b6c35482fe08d589f3c13?s=96&d=mm&r=g\",\"contentUrl\":\"https:\\\/\\\/secure.gravatar.com\\\/avatar\\\/52e4757902f5cfa5ac52d020e5be83cae5487519154b6c35482fe08d589f3c13?s=96&d=mm&r=g\",\"caption\":\"Universidad de las Artes\"},\"url\":\"https:\\\/\\\/www.uartes.edu.ec\\\/sitio\\\/fr\\\/blog\\\/author\\\/dircomadm\\\/\"}]}<\/script>\n<!-- \/ Yoast SEO plugin. -->","yoast_head_json":{"title":"Universidad de las Artes - Universidades del Ecuador crean la red REIES","description":"Universidad de las Artes - Universidades del Ecuador crean la red REIES","robots":{"index":"index","follow":"follow","max-snippet":"max-snippet:-1","max-image-preview":"max-image-preview:large","max-video-preview":"max-video-preview:-1"},"canonical":"https:\/\/www.uartes.edu.ec\/sitio\/fr\/blog\/2017\/05\/15\/universidades-del-ecuador-crean-red-para-la-internacionalizacion-de-la-educacion-superior\/","og_locale":"fr_FR","og_type":"article","og_title":"Universidad de las Artes - Universidades del Ecuador crean la red REIES","og_description":"Universidad de las Artes - Universidades del Ecuador crean la red REIES","og_url":"https:\/\/www.uartes.edu.ec\/sitio\/fr\/blog\/2017\/05\/15\/universidades-del-ecuador-crean-red-para-la-internacionalizacion-de-la-educacion-superior\/","og_site_name":"Universidad de las Artes","article_publisher":"https:\/\/www.facebook.com\/uartesec","article_published_time":"2017-05-15T16:00:21+00:00","article_modified_time":"2024-07-04T16:54:20+00:00","author":"Universidad de las Artes","twitter_card":"summary_large_image","twitter_creator":"@uartesec","twitter_site":"@uartesec","twitter_misc":{"\u00c9crit par":"Universidad de las Artes","Dur\u00e9e de lecture estim\u00e9e":"1 minute"},"schema":{"@context":"https:\/\/schema.org","@graph":[{"@type":"Article","@id":"https:\/\/www.uartes.edu.ec\/sitio\/fr\/blog\/2017\/05\/15\/universidades-del-ecuador-crean-red-para-la-internacionalizacion-de-la-educacion-superior\/#article","isPartOf":{"@id":"https:\/\/www.uartes.edu.ec\/sitio\/fr\/blog\/2017\/05\/15\/universidades-del-ecuador-crean-red-para-la-internacionalizacion-de-la-educacion-superior\/"},"author":{"name":"Universidad de las Artes","@id":"https:\/\/www.uartes.edu.ec\/sitio\/fr\/#\/schema\/person\/f33f8c1d2af0d5c80a38c8abf458184a"},"headline":"Universidades del Ecuador crean la red REIES","datePublished":"2017-05-15T16:00:21+00:00","dateModified":"2024-07-04T16:54:20+00:00","mainEntityOfPage":{"@id":"https:\/\/www.uartes.edu.ec\/sitio\/fr\/blog\/2017\/05\/15\/universidades-del-ecuador-crean-red-para-la-internacionalizacion-de-la-educacion-superior\/"},"wordCount":292,"publisher":{"@id":"https:\/\/www.uartes.edu.ec\/sitio\/fr\/#organization"},"image":{"@id":"https:\/\/www.uartes.edu.ec\/sitio\/fr\/blog\/2017\/05\/15\/universidades-del-ecuador-crean-red-para-la-internacionalizacion-de-la-educacion-superior\/#primaryimage"},"thumbnailUrl":"","articleSection":["Gesti\u00f3n"],"inLanguage":"fr-FR"},{"@type":["WebPage","ItemPage"],"@id":"https:\/\/www.uartes.edu.ec\/sitio\/fr\/blog\/2017\/05\/15\/universidades-del-ecuador-crean-red-para-la-internacionalizacion-de-la-educacion-superior\/","url":"https:\/\/www.uartes.edu.ec\/sitio\/fr\/blog\/2017\/05\/15\/universidades-del-ecuador-crean-red-para-la-internacionalizacion-de-la-educacion-superior\/","name":"Universidad de las Artes - Universidades del Ecuador crean la red REIES","isPartOf":{"@id":"https:\/\/www.uartes.edu.ec\/sitio\/fr\/#website"},"primaryImageOfPage":{"@id":"https:\/\/www.uartes.edu.ec\/sitio\/fr\/blog\/2017\/05\/15\/universidades-del-ecuador-crean-red-para-la-internacionalizacion-de-la-educacion-superior\/#primaryimage"},"image":{"@id":"https:\/\/www.uartes.edu.ec\/sitio\/fr\/blog\/2017\/05\/15\/universidades-del-ecuador-crean-red-para-la-internacionalizacion-de-la-educacion-superior\/#primaryimage"},"thumbnailUrl":"","datePublished":"2017-05-15T16:00:21+00:00","dateModified":"2024-07-04T16:54:20+00:00","description":"Universidad de las Artes - Universidades del Ecuador crean la red REIES","breadcrumb":{"@id":"https:\/\/www.uartes.edu.ec\/sitio\/fr\/blog\/2017\/05\/15\/universidades-del-ecuador-crean-red-para-la-internacionalizacion-de-la-educacion-superior\/#breadcrumb"},"inLanguage":"fr-FR","potentialAction":[{"@type":"ReadAction","target":["https:\/\/www.uartes.edu.ec\/sitio\/fr\/blog\/2017\/05\/15\/universidades-del-ecuador-crean-red-para-la-internacionalizacion-de-la-educacion-superior\/"]}]},{"@type":"ImageObject","inLanguage":"fr-FR","@id":"https:\/\/www.uartes.edu.ec\/sitio\/fr\/blog\/2017\/05\/15\/universidades-del-ecuador-crean-red-para-la-internacionalizacion-de-la-educacion-superior\/#primaryimage","url":"","contentUrl":""},{"@type":"BreadcrumbList","@id":"https:\/\/www.uartes.edu.ec\/sitio\/fr\/blog\/2017\/05\/15\/universidades-del-ecuador-crean-red-para-la-internacionalizacion-de-la-educacion-superior\/#breadcrumb","itemListElement":[{"@type":"ListItem","position":1,"name":"Inicio","item":"https:\/\/www.uartes.edu.ec\/sitio\/"},{"@type":"ListItem","position":2,"name":"Universidades del Ecuador crean la red REIES"}]},{"@type":"WebSite","@id":"https:\/\/www.uartes.edu.ec\/sitio\/fr\/#website","url":"https:\/\/www.uartes.edu.ec\/sitio\/fr\/","name":"Universidad de las Artes","description":"Sitio oficial de la Universidad Nacional de las Artes del Ecuador","publisher":{"@id":"https:\/\/www.uartes.edu.ec\/sitio\/fr\/#organization"},"potentialAction":[{"@type":"SearchAction","target":{"@type":"EntryPoint","urlTemplate":"https:\/\/www.uartes.edu.ec\/sitio\/fr\/?s={search_term_string}"},"query-input":{"@type":"PropertyValueSpecification","valueRequired":true,"valueName":"search_term_string"}}],"inLanguage":"fr-FR"},{"@type":"Organization","@id":"https:\/\/www.uartes.edu.ec\/sitio\/fr\/#organization","name":"Universidad de las Artes","url":"https:\/\/www.uartes.edu.ec\/sitio\/fr\/","logo":{"@type":"ImageObject","inLanguage":"fr-FR","@id":"https:\/\/www.uartes.edu.ec\/sitio\/fr\/#\/schema\/logo\/image\/","url":"https:\/\/www.uartes.edu.ec\/sitio\/wp-content\/uploads\/2022\/07\/logo-ua-horizontal.png","contentUrl":"https:\/\/www.uartes.edu.ec\/sitio\/wp-content\/uploads\/2022\/07\/logo-ua-horizontal.png","width":800,"height":276,"caption":"Universidad de las Artes"},"image":{"@id":"https:\/\/www.uartes.edu.ec\/sitio\/fr\/#\/schema\/logo\/image\/"},"sameAs":["https:\/\/www.facebook.com\/uartesec","https:\/\/x.com\/uartesec","https:\/\/www.tiktok.com\/@uartesec"]},{"@type":"Person","@id":"https:\/\/www.uartes.edu.ec\/sitio\/fr\/#\/schema\/person\/f33f8c1d2af0d5c80a38c8abf458184a","name":"Universidad de las Artes","image":{"@type":"ImageObject","inLanguage":"fr-FR","@id":"https:\/\/secure.gravatar.com\/avatar\/52e4757902f5cfa5ac52d020e5be83cae5487519154b6c35482fe08d589f3c13?s=96&d=mm&r=g","url":"https:\/\/secure.gravatar.com\/avatar\/52e4757902f5cfa5ac52d020e5be83cae5487519154b6c35482fe08d589f3c13?s=96&d=mm&r=g","contentUrl":"https:\/\/secure.gravatar.com\/avatar\/52e4757902f5cfa5ac52d020e5be83cae5487519154b6c35482fe08d589f3c13?s=96&d=mm&r=g","caption":"Universidad de las Artes"},"url":"https:\/\/www.uartes.edu.ec\/sitio\/fr\/blog\/author\/dircomadm\/"}]}},"uagb_featured_image_src":{"full":false,"thumbnail":false,"medium":false,"medium_large":false,"large":false,"1536x1536":false,"2048x2048":false,"trp-custom-language-flag":false,"htmega_size_585x295":false,"htmega_size_1170x536":false,"htmega_size_396x360":false,"gb-block-post-grid-landscape":false,"gb-block-post-grid-square":false,"university-hub-thumb":false},"uagb_author_info":{"display_name":"Universidad de las Artes","author_link":"https:\/\/www.uartes.edu.ec\/sitio\/fr\/blog\/author\/dircomadm\/"},"uagb_comment_info":0,"uagb_excerpt":"Rectores de quince Instituciones de Educaci\u00f3n Superior del Ecuador (IES) firmaron el convenio para la creaci\u00f3n de la Red Ecuatoriana para la Internacionalizaci\u00f3n de la Educaci\u00f3n Superior (REIES). La Universidad de las Artes del Ecuador (UArtes), en el marco de su proceso interno de internacionalizaci\u00f3n, forma parte de este acuerdo, suscrito la ma\u00f1ana de este\u2026","featured_image_src":null,"featured_image_src_square":null,"author_info":{"display_name":"Universidad de las Artes","author_link":"https:\/\/www.uartes.edu.ec\/sitio\/fr\/blog\/author\/dircomadm\/"},"publishpress_future_workflow_manual_trigger":{"enabledWorkflows":[]},"distributor_meta":false,"distributor_terms":false,"distributor_media":false,"distributor_original_site_name":"Universidad de las Artes","distributor_original_site_url":"https:\/\/www.uartes.edu.ec\/sitio\/fr","push-errors":false,"_links":{"self":[{"href":"https:\/\/www.uartes.edu.ec\/sitio\/fr\/wp-json\/wp\/v2\/posts\/335","targetHints":{"allow":["GET"]}}],"collection":[{"href":"https:\/\/www.uartes.edu.ec\/sitio\/fr\/wp-json\/wp\/v2\/posts"}],"about":[{"href":"https:\/\/www.uartes.edu.ec\/sitio\/fr\/wp-json\/wp\/v2\/types\/post"}],"author":[{"embeddable":true,"href":"https:\/\/www.uartes.edu.ec\/sitio\/fr\/wp-json\/wp\/v2\/users\/1"}],"replies":[{"embeddable":true,"href":"https:\/\/www.uartes.edu.ec\/sitio\/fr\/wp-json\/wp\/v2\/comments?post=335"}],"version-history":[{"count":1,"href":"https:\/\/www.uartes.edu.ec\/sitio\/fr\/wp-json\/wp\/v2\/posts\/335\/revisions"}],"predecessor-version":[{"id":58060,"href":"https:\/\/www.uartes.edu.ec\/sitio\/fr\/wp-json\/wp\/v2\/posts\/335\/revisions\/58060"}],"wp:featuredmedia":[{"embeddable":true,"href":"https:\/\/www.uartes.edu.ec\/sitio\/fr\/wp-json\/"}],"wp:attachment":[{"href":"https:\/\/www.uartes.edu.ec\/sitio\/fr\/wp-json\/wp\/v2\/media?parent=335"}],"wp:term":[{"taxonomy":"category","embeddable":true,"href":"https:\/\/www.uartes.edu.ec\/sitio\/fr\/wp-json\/wp\/v2\/categories?post=335"},{"taxonomy":"post_tag","embeddable":true,"href":"https:\/\/www.uartes.edu.ec\/sitio\/fr\/wp-json\/wp\/v2\/tags?post=335"},{"taxonomy":"infouartes","embeddable":true,"href":"https:\/\/www.uartes.edu.ec\/sitio\/fr\/wp-json\/wp\/v2\/infouartes?post=335"}],"curies":[{"name":"wp","href":"https:\/\/api.w.org\/{rel}","templated":true}]}}