{"id":33601,"date":"2022-11-21T18:22:15","date_gmt":"2022-11-21T23:22:15","guid":{"rendered":"http:\/\/www.uartes.edu.ec\/sitio\/?p=33601"},"modified":"2024-07-04T11:22:32","modified_gmt":"2024-07-04T16:22:32","slug":"hostal-de-mariposas-la-nueva-novela-juvenil-de-la-escritora-y-docente-uartes-cecilia-velasco","status":"publish","type":"post","link":"https:\/\/www.uartes.edu.ec\/sitio\/fr\/blog\/2022\/11\/21\/hostal-de-mariposas-la-nueva-novela-juvenil-de-la-escritora-y-docente-uartes-cecilia-velasco\/","title":{"rendered":"\u201cHostal de mariposas\u201d, novela juvenil de la escritora y docente Cecilia Velasco tuvo su espacio en Libre Libro"},"content":{"rendered":"<p>Antes de iniciar el di\u00e1logo con la escritora Cecilia Velasco, docente de la Universidad de las Artes, Mar\u00eda Alejandra Zambrano advirti\u00f3 que no se iba a dar el resumen de <em>Hostal de mariposas, <\/em>su m\u00e1s reciente obra. La idea es que vayan, la adquieran y la lean, dijo la directora de la Escuela de Literatura de la UArtes, se\u00f1alando los stands de la feria de Libre Libro, el encuentro con las editoriales independientes que en este 2022 lleg\u00f3 a su edici\u00f3n 8 con la tem\u00e1tica \u201cFronteras Invisibles\u201d.<\/p>\n\n\n\n<p>El encuentro con Velasco, organizado justamente por la Escuela de Literatura, de la que es docente, se registr\u00f3 el 19 de noviembre en la Plaza P\u00fablica del MZ14 Centro de Producci\u00f3n e Innovaci\u00f3n UArtes. Antes de dar detalles del proceso que llevaron a la autora a concebir <em>Hostal de mariposas<\/em>\u201d, se dio cuenta, en una breve biograf\u00eda, de su trayectoria.<\/p>\n\n\n\n<p>Es m\u00e1ster en Literatura por la Pontificia Universidad Cat\u00f3lica del Ecuador. Columnista del desaparecido diario&nbsp;<em>Hoy.<\/em>&nbsp;Ha colaborado con art\u00edculos de opini\u00f3n en los diarios&nbsp;<em>B\u00e2timent El Tel\u00e9grafo<\/em>&nbsp;et&nbsp;<em>El Universo<\/em>&nbsp;y en el portal digital&nbsp;<em>Plan V.<\/em>&nbsp;Condujo el programa radial cultural&nbsp;<em>Esta boca es m\u00eda<\/em>&nbsp;y cre\u00f3 y dirigi\u00f3 la revista de cultura en l\u00ednea&nbsp;<em>T\u00eate \u00e0 T\u00eate.<\/em>&nbsp;Ha sido colaboradora permanente de la revista de teatro&nbsp;<em>El Apuntador<\/em>&nbsp;y de las publicaciones auspiciadas por esta plataforma de investigaci\u00f3n y difusi\u00f3n, tambi\u00e9n en el campo de la cr\u00edtica de arte. Escribe rese\u00f1as de libros y art\u00edculos period\u00edsticos para la revista&nbsp;<em>Mundo Diners&nbsp;<\/em>y conduce el programa&nbsp;<em>La palabra encendida<\/em>, en el Teatro Centro de Arte; lo estren\u00f3 en Quito en 2015 y decidi\u00f3 continuarlo en Guayaquil, donde reside desde hace 5 a\u00f1os.&nbsp;<\/p>\n\n\n<div class=\"wp-block-image\">\n<figure class=\"aligncenter size-large\"><img fetchpriority=\"high\" decoding=\"async\" width=\"644\" height=\"429\" src=\"http:\/\/www.uartes.edu.ec\/sitio\/wp-content\/uploads\/2022\/12\/cecilia-velasco-2-644x429.jpg\" alt=\"\" class=\"wp-image-33603\" srcset=\"https:\/\/www.uartes.edu.ec\/sitio\/wp-content\/uploads\/2022\/12\/cecilia-velasco-2-644x429.jpg 644w, https:\/\/www.uartes.edu.ec\/sitio\/wp-content\/uploads\/2022\/12\/cecilia-velasco-2-768x511.jpg 768w, https:\/\/www.uartes.edu.ec\/sitio\/wp-content\/uploads\/2022\/12\/cecilia-velasco-2.jpg 2000w, https:\/\/www.uartes.edu.ec\/sitio\/wp-content\/uploads\/2022\/12\/cecilia-velasco-2-600x399.jpg 600w, https:\/\/www.uartes.edu.ec\/sitio\/wp-content\/uploads\/2022\/12\/cecilia-velasco-2-272x182.jpg 272w\" sizes=\"(max-width: 644px) 100vw, 644px\" \/><\/figure>\n<\/div>\n\n\n<p>Zambrano tambi\u00e9n dio cuenta de las publicaciones de Cecilia Velasco, entre ellas: los libros infantiles&nbsp;<em>Selva de p\u00e1jaros<\/em>&nbsp;et&nbsp;<em>Rosa Rosita.<\/em>&nbsp;Para p\u00fablico juvenil ha publicado las novelas&nbsp;<em>Domadora de leones&nbsp;<\/em>et&nbsp;<em>Tony.<\/em>&nbsp;Con esta \u00faltima obtuvo en 2010 el Premio Latinoamericano de Literatura Infantil y Juvenil Norma-Fundalectura. En 2017 public\u00f3 la novela&nbsp;<em>El D\u00eda de la Gratitud&nbsp;<\/em>y en los primeros meses de la pandemia por COVID-19 gest\u00f3 el proyecto&nbsp;<em>Historias de cuarentena,<\/em>&nbsp;que consisti\u00f3 en la escritura de seis cuentos para ni\u00f1os, que comparti\u00f3 cada semana en su propia voz mediante videos, con el apoyo de Andarele Casa Editorial. Uno de ellos es&nbsp;<em>Perlita Tropical.<\/em>&nbsp;<\/p>\n\n\n\n<p>Que pudo leer la novela que est\u00e1 presentando antes de que se difundiera, coment\u00f3 Zambrano y para explicarlo hizo un par\u00e9ntesis, mencionando a International Board on Bookd for Young People (IBBY), que es de Suiza y en Ecuador tiene como filial a Gir\u00e1ndula. Esta pide una lista de los 10 mejores libros u obras infantiles y juveniles que representar\u00edan al pa\u00eds para la gran lista que hace cada par de a\u00f1os. Ha tenido el privilegio de ser jurado de estas listas en los \u00faltimos a\u00f1os y la \u00faltima vez que integr\u00f3 uno, le lleg\u00f3 en el grupo de libros <em>Hostal para mariposas<\/em>.<\/p>\n\n\n\n<p>Es una novela para un p\u00fablico juvenil \u201cy ah\u00ed tendr\u00edamos que pensar qu\u00e9 significa un libro para j\u00f3venes\u201d. No es la primera que Cecilia escribe para p\u00fablico juvenil, anot\u00f3 Zambrano y le pregunt\u00f3 a la autora c\u00f3mo lo hace, por qu\u00e9 y qu\u00e9 es literatura juvenil. Antes de responder, Velasco empez\u00f3 agradeciendo la asistencia del p\u00fablico \u201cen s\u00e1bado\u201d y confes\u00f3 que no ten\u00eda muchas respuestas a las inquietudes planteadas. En el 2010 escribi\u00f3 <em>Tony<\/em> \u201cy fue, como dijeron sus hijos, mis 5 minutos de fama por el Premio Latinoamericano que obtuve y me permiti\u00f3 estar en Colombia y M\u00e9xico. Fue como una evocaci\u00f3n de mi propia adolescencia, es un momento de mucha fragilidad. Creo que la cicatrices y las heridas est\u00e1n como m\u00e1s a flor de piel. Creo que nadie es capaz de amar y de arriesgarse con esta entrega y est\u00e1 casi presi\u00f3n como un joven\u201d.<\/p>\n\n\n<div class=\"wp-block-image\">\n<figure class=\"aligncenter size-large\"><img decoding=\"async\" width=\"644\" height=\"362\" src=\"http:\/\/www.uartes.edu.ec\/sitio\/wp-content\/uploads\/2022\/12\/ceciliavelasco1-644x362.jpg\" alt=\"\" class=\"wp-image-33672\" srcset=\"https:\/\/www.uartes.edu.ec\/sitio\/wp-content\/uploads\/2022\/12\/ceciliavelasco1-644x362.jpg 644w, https:\/\/www.uartes.edu.ec\/sitio\/wp-content\/uploads\/2022\/12\/ceciliavelasco1-768x432.jpg 768w, https:\/\/www.uartes.edu.ec\/sitio\/wp-content\/uploads\/2022\/12\/ceciliavelasco1.jpg 1152w, https:\/\/www.uartes.edu.ec\/sitio\/wp-content\/uploads\/2022\/12\/ceciliavelasco1-600x337.jpg 600w\" sizes=\"(max-width: 644px) 100vw, 644px\" \/><\/figure>\n<\/div>\n\n\n<p>Entonces se cont\u00f3 un poquito de <em>Hostal de mariposas.<\/em> La obra cuenta la decisi\u00f3n que toman dos amigas, Matilde y Pancha, de dejar sus casas. \u201c\u00bfY qui\u00e9n no ha querido irse de la suya en alg\u00fan momento?\u201d, pregunt\u00f3 Zambrano. Velasco indic\u00f3 que su novela va acompa\u00f1ando a estas amigas en esta aventura, vamos viendo c\u00f3mo la est\u00e1n planeando, los pasos que pueden dar. Efectivamente se van hacia M\u00e1ncora (Per\u00fa) porque hab\u00edan escuchado que era una tierra de libertad y es con esta idea de que se puede ser libre y hacer lo que con sus familias no pueden que emprenden el viaje. La noticia de que est\u00e1n desaparecidas llega al peri\u00f3dico, y mientras dura el escape se vas sucediendo una serie de situaciones.<\/p>\n\n\n\n<p>Tras leer dos p\u00e1rrafos de su libro, Cecilia Velasco revel\u00f3 que una de las protagonistas manifiesta sentirse \u00abcomo invisible, rara, un poco solitaria, un poco m\u00e1s t\u00edmida, introvertida\u201d. Es hu\u00e9rfana de madre y el crecer solo con su pap\u00e1 hace sentir una crisis de identidad y autoestima que la lleva a irse.<\/p>\n\n\n\n<p>En la historia, refiri\u00f3 Zambrano, hay una parte que resulta dif\u00edcil de leer y es cuando las dos amigas enfrentan un&nbsp;acoso sexual y pregunt\u00f3 a la autora la decisi\u00f3n de incluir esta situaci\u00f3n en la novela. Velasco respondi\u00f3 que no era la intenci\u00f3n de victimizarlas, sino retratar una realidad que est\u00e1 ocurriendo al enfrentar la calle. \u201c(\u2026) Tenemos que aprender a vivir, a sobrevivir, a defendernos, a preservar nuestra val\u00eda\u201d.<\/p>\n\n\n\n<p>Al t\u00e9rmino del di\u00e1logo, Velasco cont\u00f3 que est\u00e1 escribiendo y que tiene el deseo y voluntad de hacerlo. Adelant\u00f3 que trabaja en una novela que est\u00e1 casi lista, que ser\u00e1 \u2013tal vez\u2013 menos inocente, con protagonistas m\u00e1s grandes, pues le interesa abordar c\u00f3mo una mujer es una a los 40 y otra a los 50.<\/p>","protected":false},"excerpt":{"rendered":"<p>Dos amigas toman la decisi\u00f3n de dejar sus casas y emprender el viaje hacia M\u00e1ncora (Per\u00fa), a fin de gozar de una libertad sobre la cual hab\u00edan escuchado y ans\u00edan tener. Son breves rasgos de \u201cHostal de mariposas\u201d, la novela juvenil de la escritora Cecilia Velasco, docente de la Escuela de Literatura, que fue presentada en la edici\u00f3n 8 de Libre Libro, que en este a\u00f1o centr\u00f3 su tem\u00e1tica en las \u00abFronteras Invisibles\u00bb. <\/p>","protected":false},"author":10,"featured_media":33602,"comment_status":"open","ping_status":"open","sticky":false,"template":"","format":"standard","meta":{"_acf_changed":false,"_uag_custom_page_level_css":"","_monsterinsights_skip_tracking":false,"_monsterinsights_sitenote_active":false,"_monsterinsights_sitenote_note":"","_monsterinsights_sitenote_category":0,"cybocfi_hide_featured_image":"","footnotes":""},"categories":[80,75,175],"tags":[793],"infouartes":[],"class_list":["post-33601","post","type-post","status-publish","format-standard","has-post-thumbnail","hentry","category-academico","category-docentes","category-literatura","tag-presentacion-de-obra"],"acf":[],"yoast_head":"<!-- This site is optimized with the Yoast SEO plugin v27.4 - https:\/\/yoast.com\/product\/yoast-seo-wordpress\/ -->\n<title>Universidad de las Artes - \u201cHostal de mariposas\u201d, novela juvenil de la escritora y docente Cecilia Velasco tuvo su espacio en Libre Libro<\/title>\n<meta name=\"description\" content=\"Universidad de las Artes - \u201cHostal de mariposas\u201d, novela juvenil de la escritora y docente Cecilia Velasco tuvo su espacio en Libre Libro\" \/>\n<meta name=\"robots\" content=\"index, follow, max-snippet:-1, max-image-preview:large, max-video-preview:-1\" \/>\n<link rel=\"canonical\" href=\"https:\/\/www.uartes.edu.ec\/sitio\/fr\/blog\/2022\/11\/21\/hostal-de-mariposas-la-nueva-novela-juvenil-de-la-escritora-y-docente-uartes-cecilia-velasco\/\" \/>\n<meta property=\"og:locale\" content=\"fr_FR\" \/>\n<meta property=\"og:type\" content=\"article\" \/>\n<meta property=\"og:title\" content=\"Universidad de las Artes - \u201cHostal de mariposas\u201d, novela juvenil de la escritora y docente Cecilia Velasco tuvo su espacio en Libre Libro\" \/>\n<meta property=\"og:description\" content=\"Universidad de las Artes - \u201cHostal de mariposas\u201d, novela juvenil de la escritora y docente Cecilia Velasco tuvo su espacio en Libre Libro\" \/>\n<meta property=\"og:url\" content=\"https:\/\/www.uartes.edu.ec\/sitio\/fr\/blog\/2022\/11\/21\/hostal-de-mariposas-la-nueva-novela-juvenil-de-la-escritora-y-docente-uartes-cecilia-velasco\/\" \/>\n<meta property=\"og:site_name\" content=\"Universidad de las Artes\" \/>\n<meta property=\"article:publisher\" content=\"https:\/\/www.facebook.com\/uartesec\" \/>\n<meta property=\"article:published_time\" content=\"2022-11-21T23:22:15+00:00\" \/>\n<meta property=\"article:modified_time\" content=\"2024-07-04T16:22:32+00:00\" \/>\n<meta property=\"og:image\" content=\"https:\/\/www.uartes.edu.ec\/sitio\/wp-content\/uploads\/2022\/12\/cecilia-velasco-1.jpg\" \/>\n\t<meta property=\"og:image:width\" content=\"2000\" \/>\n\t<meta property=\"og:image:height\" content=\"1333\" \/>\n\t<meta property=\"og:image:type\" content=\"image\/jpeg\" \/>\n<meta name=\"author\" content=\"ccortez\" \/>\n<meta name=\"twitter:card\" content=\"summary_large_image\" \/>\n<meta name=\"twitter:creator\" content=\"@uartesec\" \/>\n<meta name=\"twitter:site\" content=\"@uartesec\" \/>\n<meta name=\"twitter:label1\" content=\"\u00c9crit par\" \/>\n\t<meta name=\"twitter:data1\" content=\"ccortez\" \/>\n\t<meta name=\"twitter:label2\" content=\"Dur\u00e9e de lecture estim\u00e9e\" \/>\n\t<meta name=\"twitter:data2\" content=\"5 minutes\" \/>\n<script type=\"application\/ld+json\" class=\"yoast-schema-graph\">{\"@context\":\"https:\\\/\\\/schema.org\",\"@graph\":[{\"@type\":\"Article\",\"@id\":\"https:\\\/\\\/www.uartes.edu.ec\\\/sitio\\\/fr\\\/blog\\\/2022\\\/11\\\/21\\\/hostal-de-mariposas-la-nueva-novela-juvenil-de-la-escritora-y-docente-uartes-cecilia-velasco\\\/#article\",\"isPartOf\":{\"@id\":\"https:\\\/\\\/www.uartes.edu.ec\\\/sitio\\\/fr\\\/blog\\\/2022\\\/11\\\/21\\\/hostal-de-mariposas-la-nueva-novela-juvenil-de-la-escritora-y-docente-uartes-cecilia-velasco\\\/\"},\"author\":{\"name\":\"ccortez\",\"@id\":\"https:\\\/\\\/www.uartes.edu.ec\\\/sitio\\\/fr\\\/#\\\/schema\\\/person\\\/efa1b8275797664fd7f13a79ccc0b1f4\"},\"headline\":\"\u201cHostal de mariposas\u201d, novela juvenil de la escritora y docente Cecilia Velasco tuvo su espacio en Libre Libro\",\"datePublished\":\"2022-11-21T23:22:15+00:00\",\"dateModified\":\"2024-07-04T16:22:32+00:00\",\"mainEntityOfPage\":{\"@id\":\"https:\\\/\\\/www.uartes.edu.ec\\\/sitio\\\/fr\\\/blog\\\/2022\\\/11\\\/21\\\/hostal-de-mariposas-la-nueva-novela-juvenil-de-la-escritora-y-docente-uartes-cecilia-velasco\\\/\"},\"wordCount\":1048,\"commentCount\":0,\"publisher\":{\"@id\":\"https:\\\/\\\/www.uartes.edu.ec\\\/sitio\\\/fr\\\/#organization\"},\"image\":{\"@id\":\"https:\\\/\\\/www.uartes.edu.ec\\\/sitio\\\/fr\\\/blog\\\/2022\\\/11\\\/21\\\/hostal-de-mariposas-la-nueva-novela-juvenil-de-la-escritora-y-docente-uartes-cecilia-velasco\\\/#primaryimage\"},\"thumbnailUrl\":\"https:\\\/\\\/www.uartes.edu.ec\\\/sitio\\\/wp-content\\\/uploads\\\/2022\\\/12\\\/cecilia-velasco-1.jpg\",\"keywords\":[\"presentaci\u00f3n de obra\"],\"articleSection\":[\"Acad\u00e9mico\",\"Docentes\",\"Literatura\"],\"inLanguage\":\"fr-FR\",\"potentialAction\":[{\"@type\":\"CommentAction\",\"name\":\"Comment\",\"target\":[\"https:\\\/\\\/www.uartes.edu.ec\\\/sitio\\\/fr\\\/blog\\\/2022\\\/11\\\/21\\\/hostal-de-mariposas-la-nueva-novela-juvenil-de-la-escritora-y-docente-uartes-cecilia-velasco\\\/#respond\"]}]},{\"@type\":[\"WebPage\",\"ItemPage\"],\"@id\":\"https:\\\/\\\/www.uartes.edu.ec\\\/sitio\\\/fr\\\/blog\\\/2022\\\/11\\\/21\\\/hostal-de-mariposas-la-nueva-novela-juvenil-de-la-escritora-y-docente-uartes-cecilia-velasco\\\/\",\"url\":\"https:\\\/\\\/www.uartes.edu.ec\\\/sitio\\\/fr\\\/blog\\\/2022\\\/11\\\/21\\\/hostal-de-mariposas-la-nueva-novela-juvenil-de-la-escritora-y-docente-uartes-cecilia-velasco\\\/\",\"name\":\"Universidad de las Artes - \u201cHostal de mariposas\u201d, novela juvenil de la escritora y docente Cecilia Velasco tuvo su espacio en Libre Libro\",\"isPartOf\":{\"@id\":\"https:\\\/\\\/www.uartes.edu.ec\\\/sitio\\\/fr\\\/#website\"},\"primaryImageOfPage\":{\"@id\":\"https:\\\/\\\/www.uartes.edu.ec\\\/sitio\\\/fr\\\/blog\\\/2022\\\/11\\\/21\\\/hostal-de-mariposas-la-nueva-novela-juvenil-de-la-escritora-y-docente-uartes-cecilia-velasco\\\/#primaryimage\"},\"image\":{\"@id\":\"https:\\\/\\\/www.uartes.edu.ec\\\/sitio\\\/fr\\\/blog\\\/2022\\\/11\\\/21\\\/hostal-de-mariposas-la-nueva-novela-juvenil-de-la-escritora-y-docente-uartes-cecilia-velasco\\\/#primaryimage\"},\"thumbnailUrl\":\"https:\\\/\\\/www.uartes.edu.ec\\\/sitio\\\/wp-content\\\/uploads\\\/2022\\\/12\\\/cecilia-velasco-1.jpg\",\"datePublished\":\"2022-11-21T23:22:15+00:00\",\"dateModified\":\"2024-07-04T16:22:32+00:00\",\"description\":\"Universidad de las Artes - \u201cHostal de mariposas\u201d, novela juvenil de la escritora y docente Cecilia Velasco tuvo su espacio en Libre Libro\",\"breadcrumb\":{\"@id\":\"https:\\\/\\\/www.uartes.edu.ec\\\/sitio\\\/fr\\\/blog\\\/2022\\\/11\\\/21\\\/hostal-de-mariposas-la-nueva-novela-juvenil-de-la-escritora-y-docente-uartes-cecilia-velasco\\\/#breadcrumb\"},\"inLanguage\":\"fr-FR\",\"potentialAction\":[{\"@type\":\"ReadAction\",\"target\":[\"https:\\\/\\\/www.uartes.edu.ec\\\/sitio\\\/fr\\\/blog\\\/2022\\\/11\\\/21\\\/hostal-de-mariposas-la-nueva-novela-juvenil-de-la-escritora-y-docente-uartes-cecilia-velasco\\\/\"]}]},{\"@type\":\"ImageObject\",\"inLanguage\":\"fr-FR\",\"@id\":\"https:\\\/\\\/www.uartes.edu.ec\\\/sitio\\\/fr\\\/blog\\\/2022\\\/11\\\/21\\\/hostal-de-mariposas-la-nueva-novela-juvenil-de-la-escritora-y-docente-uartes-cecilia-velasco\\\/#primaryimage\",\"url\":\"https:\\\/\\\/www.uartes.edu.ec\\\/sitio\\\/wp-content\\\/uploads\\\/2022\\\/12\\\/cecilia-velasco-1.jpg\",\"contentUrl\":\"https:\\\/\\\/www.uartes.edu.ec\\\/sitio\\\/wp-content\\\/uploads\\\/2022\\\/12\\\/cecilia-velasco-1.jpg\",\"width\":2000,\"height\":1333},{\"@type\":\"BreadcrumbList\",\"@id\":\"https:\\\/\\\/www.uartes.edu.ec\\\/sitio\\\/fr\\\/blog\\\/2022\\\/11\\\/21\\\/hostal-de-mariposas-la-nueva-novela-juvenil-de-la-escritora-y-docente-uartes-cecilia-velasco\\\/#breadcrumb\",\"itemListElement\":[{\"@type\":\"ListItem\",\"position\":1,\"name\":\"Inicio\",\"item\":\"https:\\\/\\\/www.uartes.edu.ec\\\/sitio\\\/\"},{\"@type\":\"ListItem\",\"position\":2,\"name\":\"\u201cHostal de mariposas\u201d, novela juvenil de la escritora y docente Cecilia Velasco tuvo su espacio en Libre Libro\"}]},{\"@type\":\"WebSite\",\"@id\":\"https:\\\/\\\/www.uartes.edu.ec\\\/sitio\\\/fr\\\/#website\",\"url\":\"https:\\\/\\\/www.uartes.edu.ec\\\/sitio\\\/fr\\\/\",\"name\":\"Universidad de las Artes\",\"description\":\"Sitio oficial de la Universidad Nacional de las Artes del Ecuador\",\"publisher\":{\"@id\":\"https:\\\/\\\/www.uartes.edu.ec\\\/sitio\\\/fr\\\/#organization\"},\"potentialAction\":[{\"@type\":\"SearchAction\",\"target\":{\"@type\":\"EntryPoint\",\"urlTemplate\":\"https:\\\/\\\/www.uartes.edu.ec\\\/sitio\\\/fr\\\/?s={search_term_string}\"},\"query-input\":{\"@type\":\"PropertyValueSpecification\",\"valueRequired\":true,\"valueName\":\"search_term_string\"}}],\"inLanguage\":\"fr-FR\"},{\"@type\":\"Organization\",\"@id\":\"https:\\\/\\\/www.uartes.edu.ec\\\/sitio\\\/fr\\\/#organization\",\"name\":\"Universidad de las Artes\",\"url\":\"https:\\\/\\\/www.uartes.edu.ec\\\/sitio\\\/fr\\\/\",\"logo\":{\"@type\":\"ImageObject\",\"inLanguage\":\"fr-FR\",\"@id\":\"https:\\\/\\\/www.uartes.edu.ec\\\/sitio\\\/fr\\\/#\\\/schema\\\/logo\\\/image\\\/\",\"url\":\"https:\\\/\\\/www.uartes.edu.ec\\\/sitio\\\/wp-content\\\/uploads\\\/2022\\\/07\\\/logo-ua-horizontal.png\",\"contentUrl\":\"https:\\\/\\\/www.uartes.edu.ec\\\/sitio\\\/wp-content\\\/uploads\\\/2022\\\/07\\\/logo-ua-horizontal.png\",\"width\":800,\"height\":276,\"caption\":\"Universidad de las Artes\"},\"image\":{\"@id\":\"https:\\\/\\\/www.uartes.edu.ec\\\/sitio\\\/fr\\\/#\\\/schema\\\/logo\\\/image\\\/\"},\"sameAs\":[\"https:\\\/\\\/www.facebook.com\\\/uartesec\",\"https:\\\/\\\/x.com\\\/uartesec\",\"https:\\\/\\\/www.tiktok.com\\\/@uartesec\"]},{\"@type\":\"Person\",\"@id\":\"https:\\\/\\\/www.uartes.edu.ec\\\/sitio\\\/fr\\\/#\\\/schema\\\/person\\\/efa1b8275797664fd7f13a79ccc0b1f4\",\"name\":\"ccortez\",\"image\":{\"@type\":\"ImageObject\",\"inLanguage\":\"fr-FR\",\"@id\":\"https:\\\/\\\/secure.gravatar.com\\\/avatar\\\/b2a6f664a3ae8e074346ef91775736c5ec479e637ecced6842de9dc98b5da9cd?s=96&d=mm&r=g\",\"url\":\"https:\\\/\\\/secure.gravatar.com\\\/avatar\\\/b2a6f664a3ae8e074346ef91775736c5ec479e637ecced6842de9dc98b5da9cd?s=96&d=mm&r=g\",\"contentUrl\":\"https:\\\/\\\/secure.gravatar.com\\\/avatar\\\/b2a6f664a3ae8e074346ef91775736c5ec479e637ecced6842de9dc98b5da9cd?s=96&d=mm&r=g\",\"caption\":\"ccortez\"},\"url\":\"https:\\\/\\\/www.uartes.edu.ec\\\/sitio\\\/fr\\\/blog\\\/author\\\/ccortez\\\/\"}]}<\/script>\n<!-- \/ Yoast SEO plugin. -->","yoast_head_json":{"title":"Universidad de las Artes - \u201cHostal de mariposas\u201d, novela juvenil de la escritora y docente Cecilia Velasco tuvo su espacio en Libre Libro","description":"Universidad de las Artes - \u201cHostal de mariposas\u201d, novela juvenil de la escritora y docente Cecilia Velasco tuvo su espacio en Libre Libro","robots":{"index":"index","follow":"follow","max-snippet":"max-snippet:-1","max-image-preview":"max-image-preview:large","max-video-preview":"max-video-preview:-1"},"canonical":"https:\/\/www.uartes.edu.ec\/sitio\/fr\/blog\/2022\/11\/21\/hostal-de-mariposas-la-nueva-novela-juvenil-de-la-escritora-y-docente-uartes-cecilia-velasco\/","og_locale":"fr_FR","og_type":"article","og_title":"Universidad de las Artes - \u201cHostal de mariposas\u201d, novela juvenil de la escritora y docente Cecilia Velasco tuvo su espacio en Libre Libro","og_description":"Universidad de las Artes - \u201cHostal de mariposas\u201d, novela juvenil de la escritora y docente Cecilia Velasco tuvo su espacio en Libre Libro","og_url":"https:\/\/www.uartes.edu.ec\/sitio\/fr\/blog\/2022\/11\/21\/hostal-de-mariposas-la-nueva-novela-juvenil-de-la-escritora-y-docente-uartes-cecilia-velasco\/","og_site_name":"Universidad de las Artes","article_publisher":"https:\/\/www.facebook.com\/uartesec","article_published_time":"2022-11-21T23:22:15+00:00","article_modified_time":"2024-07-04T16:22:32+00:00","og_image":[{"width":2000,"height":1333,"url":"https:\/\/www.uartes.edu.ec\/sitio\/wp-content\/uploads\/2022\/12\/cecilia-velasco-1.jpg","type":"image\/jpeg"}],"author":"ccortez","twitter_card":"summary_large_image","twitter_creator":"@uartesec","twitter_site":"@uartesec","twitter_misc":{"\u00c9crit par":"ccortez","Dur\u00e9e de lecture estim\u00e9e":"5 minutes"},"schema":{"@context":"https:\/\/schema.org","@graph":[{"@type":"Article","@id":"https:\/\/www.uartes.edu.ec\/sitio\/fr\/blog\/2022\/11\/21\/hostal-de-mariposas-la-nueva-novela-juvenil-de-la-escritora-y-docente-uartes-cecilia-velasco\/#article","isPartOf":{"@id":"https:\/\/www.uartes.edu.ec\/sitio\/fr\/blog\/2022\/11\/21\/hostal-de-mariposas-la-nueva-novela-juvenil-de-la-escritora-y-docente-uartes-cecilia-velasco\/"},"author":{"name":"ccortez","@id":"https:\/\/www.uartes.edu.ec\/sitio\/fr\/#\/schema\/person\/efa1b8275797664fd7f13a79ccc0b1f4"},"headline":"\u201cHostal de mariposas\u201d, novela juvenil de la escritora y docente Cecilia Velasco tuvo su espacio en Libre Libro","datePublished":"2022-11-21T23:22:15+00:00","dateModified":"2024-07-04T16:22:32+00:00","mainEntityOfPage":{"@id":"https:\/\/www.uartes.edu.ec\/sitio\/fr\/blog\/2022\/11\/21\/hostal-de-mariposas-la-nueva-novela-juvenil-de-la-escritora-y-docente-uartes-cecilia-velasco\/"},"wordCount":1048,"commentCount":0,"publisher":{"@id":"https:\/\/www.uartes.edu.ec\/sitio\/fr\/#organization"},"image":{"@id":"https:\/\/www.uartes.edu.ec\/sitio\/fr\/blog\/2022\/11\/21\/hostal-de-mariposas-la-nueva-novela-juvenil-de-la-escritora-y-docente-uartes-cecilia-velasco\/#primaryimage"},"thumbnailUrl":"https:\/\/www.uartes.edu.ec\/sitio\/wp-content\/uploads\/2022\/12\/cecilia-velasco-1.jpg","keywords":["presentaci\u00f3n de obra"],"articleSection":["Acad\u00e9mico","Docentes","Literatura"],"inLanguage":"fr-FR","potentialAction":[{"@type":"CommentAction","name":"Comment","target":["https:\/\/www.uartes.edu.ec\/sitio\/fr\/blog\/2022\/11\/21\/hostal-de-mariposas-la-nueva-novela-juvenil-de-la-escritora-y-docente-uartes-cecilia-velasco\/#respond"]}]},{"@type":["WebPage","ItemPage"],"@id":"https:\/\/www.uartes.edu.ec\/sitio\/fr\/blog\/2022\/11\/21\/hostal-de-mariposas-la-nueva-novela-juvenil-de-la-escritora-y-docente-uartes-cecilia-velasco\/","url":"https:\/\/www.uartes.edu.ec\/sitio\/fr\/blog\/2022\/11\/21\/hostal-de-mariposas-la-nueva-novela-juvenil-de-la-escritora-y-docente-uartes-cecilia-velasco\/","name":"Universidad de las Artes - \u201cHostal de mariposas\u201d, novela juvenil de la escritora y docente Cecilia Velasco tuvo su espacio en Libre Libro","isPartOf":{"@id":"https:\/\/www.uartes.edu.ec\/sitio\/fr\/#website"},"primaryImageOfPage":{"@id":"https:\/\/www.uartes.edu.ec\/sitio\/fr\/blog\/2022\/11\/21\/hostal-de-mariposas-la-nueva-novela-juvenil-de-la-escritora-y-docente-uartes-cecilia-velasco\/#primaryimage"},"image":{"@id":"https:\/\/www.uartes.edu.ec\/sitio\/fr\/blog\/2022\/11\/21\/hostal-de-mariposas-la-nueva-novela-juvenil-de-la-escritora-y-docente-uartes-cecilia-velasco\/#primaryimage"},"thumbnailUrl":"https:\/\/www.uartes.edu.ec\/sitio\/wp-content\/uploads\/2022\/12\/cecilia-velasco-1.jpg","datePublished":"2022-11-21T23:22:15+00:00","dateModified":"2024-07-04T16:22:32+00:00","description":"Universidad de las Artes - \u201cHostal de mariposas\u201d, novela juvenil de la escritora y docente Cecilia Velasco tuvo su espacio en Libre Libro","breadcrumb":{"@id":"https:\/\/www.uartes.edu.ec\/sitio\/fr\/blog\/2022\/11\/21\/hostal-de-mariposas-la-nueva-novela-juvenil-de-la-escritora-y-docente-uartes-cecilia-velasco\/#breadcrumb"},"inLanguage":"fr-FR","potentialAction":[{"@type":"ReadAction","target":["https:\/\/www.uartes.edu.ec\/sitio\/fr\/blog\/2022\/11\/21\/hostal-de-mariposas-la-nueva-novela-juvenil-de-la-escritora-y-docente-uartes-cecilia-velasco\/"]}]},{"@type":"ImageObject","inLanguage":"fr-FR","@id":"https:\/\/www.uartes.edu.ec\/sitio\/fr\/blog\/2022\/11\/21\/hostal-de-mariposas-la-nueva-novela-juvenil-de-la-escritora-y-docente-uartes-cecilia-velasco\/#primaryimage","url":"https:\/\/www.uartes.edu.ec\/sitio\/wp-content\/uploads\/2022\/12\/cecilia-velasco-1.jpg","contentUrl":"https:\/\/www.uartes.edu.ec\/sitio\/wp-content\/uploads\/2022\/12\/cecilia-velasco-1.jpg","width":2000,"height":1333},{"@type":"BreadcrumbList","@id":"https:\/\/www.uartes.edu.ec\/sitio\/fr\/blog\/2022\/11\/21\/hostal-de-mariposas-la-nueva-novela-juvenil-de-la-escritora-y-docente-uartes-cecilia-velasco\/#breadcrumb","itemListElement":[{"@type":"ListItem","position":1,"name":"Inicio","item":"https:\/\/www.uartes.edu.ec\/sitio\/"},{"@type":"ListItem","position":2,"name":"\u201cHostal de mariposas\u201d, novela juvenil de la escritora y docente Cecilia Velasco tuvo su espacio en Libre Libro"}]},{"@type":"WebSite","@id":"https:\/\/www.uartes.edu.ec\/sitio\/fr\/#website","url":"https:\/\/www.uartes.edu.ec\/sitio\/fr\/","name":"Universidad de las Artes","description":"Sitio oficial de la Universidad Nacional de las Artes del Ecuador","publisher":{"@id":"https:\/\/www.uartes.edu.ec\/sitio\/fr\/#organization"},"potentialAction":[{"@type":"SearchAction","target":{"@type":"EntryPoint","urlTemplate":"https:\/\/www.uartes.edu.ec\/sitio\/fr\/?s={search_term_string}"},"query-input":{"@type":"PropertyValueSpecification","valueRequired":true,"valueName":"search_term_string"}}],"inLanguage":"fr-FR"},{"@type":"Organization","@id":"https:\/\/www.uartes.edu.ec\/sitio\/fr\/#organization","name":"Universidad de las Artes","url":"https:\/\/www.uartes.edu.ec\/sitio\/fr\/","logo":{"@type":"ImageObject","inLanguage":"fr-FR","@id":"https:\/\/www.uartes.edu.ec\/sitio\/fr\/#\/schema\/logo\/image\/","url":"https:\/\/www.uartes.edu.ec\/sitio\/wp-content\/uploads\/2022\/07\/logo-ua-horizontal.png","contentUrl":"https:\/\/www.uartes.edu.ec\/sitio\/wp-content\/uploads\/2022\/07\/logo-ua-horizontal.png","width":800,"height":276,"caption":"Universidad de las Artes"},"image":{"@id":"https:\/\/www.uartes.edu.ec\/sitio\/fr\/#\/schema\/logo\/image\/"},"sameAs":["https:\/\/www.facebook.com\/uartesec","https:\/\/x.com\/uartesec","https:\/\/www.tiktok.com\/@uartesec"]},{"@type":"Person","@id":"https:\/\/www.uartes.edu.ec\/sitio\/fr\/#\/schema\/person\/efa1b8275797664fd7f13a79ccc0b1f4","name":"ccortez","image":{"@type":"ImageObject","inLanguage":"fr-FR","@id":"https:\/\/secure.gravatar.com\/avatar\/b2a6f664a3ae8e074346ef91775736c5ec479e637ecced6842de9dc98b5da9cd?s=96&d=mm&r=g","url":"https:\/\/secure.gravatar.com\/avatar\/b2a6f664a3ae8e074346ef91775736c5ec479e637ecced6842de9dc98b5da9cd?s=96&d=mm&r=g","contentUrl":"https:\/\/secure.gravatar.com\/avatar\/b2a6f664a3ae8e074346ef91775736c5ec479e637ecced6842de9dc98b5da9cd?s=96&d=mm&r=g","caption":"ccortez"},"url":"https:\/\/www.uartes.edu.ec\/sitio\/fr\/blog\/author\/ccortez\/"}]}},"uagb_featured_image_src":{"full":["https:\/\/www.uartes.edu.ec\/sitio\/wp-content\/uploads\/2022\/12\/cecilia-velasco-1.jpg",2000,1333,false],"thumbnail":["https:\/\/www.uartes.edu.ec\/sitio\/wp-content\/uploads\/2022\/12\/cecilia-velasco-1-150x150.jpg",150,150,true],"medium":["https:\/\/www.uartes.edu.ec\/sitio\/wp-content\/uploads\/2022\/12\/cecilia-velasco-1-300x200.jpg",300,200,true],"medium_large":["https:\/\/www.uartes.edu.ec\/sitio\/wp-content\/uploads\/2022\/12\/cecilia-velasco-1-768x512.jpg",768,512,true],"large":["https:\/\/www.uartes.edu.ec\/sitio\/wp-content\/uploads\/2022\/12\/cecilia-velasco-1-644x429.jpg",644,429,true],"1536x1536":["https:\/\/www.uartes.edu.ec\/sitio\/wp-content\/uploads\/2022\/12\/cecilia-velasco-1-1536x1024.jpg",1536,1024,true],"2048x2048":["https:\/\/www.uartes.edu.ec\/sitio\/wp-content\/uploads\/2022\/12\/cecilia-velasco-1.jpg",2000,1333,false],"trp-custom-language-flag":["https:\/\/www.uartes.edu.ec\/sitio\/wp-content\/uploads\/2022\/12\/cecilia-velasco-1.jpg",18,12,false],"htmega_size_585x295":["https:\/\/www.uartes.edu.ec\/sitio\/wp-content\/uploads\/2022\/12\/cecilia-velasco-1.jpg",443,295,false],"htmega_size_1170x536":["https:\/\/www.uartes.edu.ec\/sitio\/wp-content\/uploads\/2022\/12\/cecilia-velasco-1.jpg",804,536,false],"htmega_size_396x360":["https:\/\/www.uartes.edu.ec\/sitio\/wp-content\/uploads\/2022\/12\/cecilia-velasco-1.jpg",396,264,false],"gb-block-post-grid-landscape":["https:\/\/www.uartes.edu.ec\/sitio\/wp-content\/uploads\/2022\/12\/cecilia-velasco-1-600x400.jpg",600,400,true],"gb-block-post-grid-square":["https:\/\/www.uartes.edu.ec\/sitio\/wp-content\/uploads\/2022\/12\/cecilia-velasco-1-600x600.jpg",600,600,true],"university-hub-thumb":["https:\/\/www.uartes.edu.ec\/sitio\/wp-content\/uploads\/2022\/12\/cecilia-velasco-1-400x267.jpg",400,267,true],"mailpoet_newsletter_max":["https:\/\/www.uartes.edu.ec\/sitio\/wp-content\/uploads\/2022\/12\/cecilia-velasco-1.jpg",1320,880,false]},"uagb_author_info":{"display_name":"ccortez","author_link":"https:\/\/www.uartes.edu.ec\/sitio\/fr\/blog\/author\/ccortez\/"},"uagb_comment_info":0,"uagb_excerpt":"Dos amigas toman la decisi\u00f3n de dejar sus casas y emprender el viaje hacia M\u00e1ncora (Per\u00fa), a fin de gozar de una libertad sobre la cual hab\u00edan escuchado y ans\u00edan tener. Son breves rasgos de \u201cHostal de mariposas\u201d, la novela juvenil de la escritora Cecilia Velasco, docente de la Escuela de Literatura, que fue presentada\u2026","featured_image_src":"https:\/\/www.uartes.edu.ec\/sitio\/wp-content\/uploads\/2022\/12\/cecilia-velasco-1-600x400.jpg","featured_image_src_square":"https:\/\/www.uartes.edu.ec\/sitio\/wp-content\/uploads\/2022\/12\/cecilia-velasco-1-600x600.jpg","author_info":{"display_name":"ccortez","author_link":"https:\/\/www.uartes.edu.ec\/sitio\/fr\/blog\/author\/ccortez\/"},"publishpress_future_workflow_manual_trigger":{"enabledWorkflows":[]},"distributor_meta":false,"distributor_terms":false,"distributor_media":false,"distributor_original_site_name":"Universidad de las Artes","distributor_original_site_url":"https:\/\/www.uartes.edu.ec\/sitio\/fr","push-errors":false,"_links":{"self":[{"href":"https:\/\/www.uartes.edu.ec\/sitio\/fr\/wp-json\/wp\/v2\/posts\/33601","targetHints":{"allow":["GET"]}}],"collection":[{"href":"https:\/\/www.uartes.edu.ec\/sitio\/fr\/wp-json\/wp\/v2\/posts"}],"about":[{"href":"https:\/\/www.uartes.edu.ec\/sitio\/fr\/wp-json\/wp\/v2\/types\/post"}],"author":[{"embeddable":true,"href":"https:\/\/www.uartes.edu.ec\/sitio\/fr\/wp-json\/wp\/v2\/users\/10"}],"replies":[{"embeddable":true,"href":"https:\/\/www.uartes.edu.ec\/sitio\/fr\/wp-json\/wp\/v2\/comments?post=33601"}],"version-history":[{"count":9,"href":"https:\/\/www.uartes.edu.ec\/sitio\/fr\/wp-json\/wp\/v2\/posts\/33601\/revisions"}],"predecessor-version":[{"id":46586,"href":"https:\/\/www.uartes.edu.ec\/sitio\/fr\/wp-json\/wp\/v2\/posts\/33601\/revisions\/46586"}],"wp:featuredmedia":[{"embeddable":true,"href":"https:\/\/www.uartes.edu.ec\/sitio\/fr\/wp-json\/wp\/v2\/media\/33602"}],"wp:attachment":[{"href":"https:\/\/www.uartes.edu.ec\/sitio\/fr\/wp-json\/wp\/v2\/media?parent=33601"}],"wp:term":[{"taxonomy":"category","embeddable":true,"href":"https:\/\/www.uartes.edu.ec\/sitio\/fr\/wp-json\/wp\/v2\/categories?post=33601"},{"taxonomy":"post_tag","embeddable":true,"href":"https:\/\/www.uartes.edu.ec\/sitio\/fr\/wp-json\/wp\/v2\/tags?post=33601"},{"taxonomy":"infouartes","embeddable":true,"href":"https:\/\/www.uartes.edu.ec\/sitio\/fr\/wp-json\/wp\/v2\/infouartes?post=33601"}],"curies":[{"name":"wp","href":"https:\/\/api.w.org\/{rel}","templated":true}]}}