{"id":346,"date":"2017-05-12T09:12:01","date_gmt":"2017-05-12T14:12:01","guid":{"rendered":"http:\/\/www.uartes.edu.ec\/infouartes\/?p=346"},"modified":"2024-07-04T11:54:20","modified_gmt":"2024-07-04T16:54:20","slug":"adriana-maria-rios-investigadora-curadora-y-docente-de-la-uartes","status":"publish","type":"post","link":"https:\/\/www.uartes.edu.ec\/sitio\/fr\/blog\/2017\/05\/12\/adriana-maria-rios-investigadora-curadora-y-docente-de-la-uartes\/","title":{"rendered":"Adriana Mar\u00eda R\u00edos, investigadora, curadora y docente de la UArtes"},"content":{"rendered":"<p>Investigadora, curadora nacida en Cali, Colombia. Ha sido docente en artes visuales con m\u00e1s de trece a\u00f1os de experiencia en coordinaci\u00f3n de programas de educaci\u00f3n y museos, curadur\u00eda art\u00edstica e hist\u00f3rica, montaje de exposiciones, sistematizaci\u00f3n de archivos personales de artistas e instituciones culturales, proyectos editoriales e investigaci\u00f3n en historia del arte universal, arte colombiano y latinoamericano.<\/p>\n<p>Es Maestra en Artes Pl\u00e1sticas licenciada por el Instituto Departamental de Bellas Artes en Cali y cuenta con una maestr\u00eda en Historia y Teor\u00eda del Arte, la Arquitectura y la Ciudad, por la Universidad Nacional de Colombia, Bogot\u00e1.<br \/>\nActualmente es docente en el Departamento Transversal y subdirectora de la Escuela de Artes Visuales de la Universidad de las Artes.<\/p>\n<p><strong>Conoce m\u00e1s de su trabajo:<\/strong><\/p>\n<ul>\n<li><a href=\"http:\/\/www.lugaradudas.org\/#\/exhibiciones\/exhibiciones-home\">Lugar a dudas<\/a><\/li>\n<li><a href=\"http:\/\/muroliquido.blogspot.com.co\/2016\/09\/margarita-ariza-aguilar-exposicion.html\">Muro l\u00edquido<\/a><\/li>\n<li><a href=\"http:\/\/www.burricornio.com\">Burricornio<\/a><\/li>\n<\/ul>\n<p><strong>Premios:<\/strong><\/p>\n<ul>\n<li><strong>Beca de Circulaci\u00f3n Nacional e Internacional para artistas y agentes de las artes visuales, 2005. Ciclo 3. Programa Nacional de Est\u00edmulos. Ministerio de Cultura de Colombia. <\/strong>Circulaci\u00f3n del proyecto <strong>I Encuentro Di\u00e1spora entre las artes y los archivos. <\/strong>Tema central<strong><em>Activaci\u00f3n de archivos y memoria<\/em><\/strong><strong><em>. <\/em><\/strong>Conferencista Pilar Garc\u00eda (M\u00e9xico): <strong><em>\u2019Re-activaci\u00f3n de archivos: el caso del Centro de Documentaci\u00f3n Arkheia. Museo Universitario Arte Contempor\u00e1neo\u2019.<\/em><\/strong><\/li>\n<li><strong>Proyecto participante en el 40 Sal\u00f3n Nacional de Artistas.<br \/>\n<\/strong><strong>Exposici\u00f3n de Curadur\u00edas &#8211; Regi\u00f3n Pac\u00edfico.<br \/>\n<\/strong><strong>Beca de Creaci\u00f3n Curatorial 2005. Sal\u00f3n Regional de Artistas<br \/>\n<\/strong><strong>7 Sal\u00f3n de Octubre. \u2018La Din\u00e1mica del Monumento y la B\u00fasqueda de una Fachada Moderna para Cali: 1910 \u2013 1950\u2019 realizado en conjunto con la historiadora Ana Mar\u00eda G\u00f3mez Garc\u00eda. <\/strong>Abril 28 a Noviembre 26 de 2006. Mapa Teatro de Santa F\u00e9 de Bogot\u00e1.<\/li>\n<li><strong>Proyecto ganador en la categor\u00eda de Curadur\u00eda hist\u00f3rica titulado: \u2018La Din\u00e1mica del Monumento y la B\u00fasqueda de una Fachada Moderna para Cali: 1910 \u2013 1950\u2019 realizado en conjunto con la historiadora Ana Mar\u00eda G\u00f3mez Garc\u00eda.<br \/>\n<\/strong><strong>Beca de Creaci\u00f3n Curatorial 2005. Sal\u00f3n Regional de Artistas<br \/>\n<\/strong><strong>7 Sal\u00f3n de Octubre.<\/strong> C\u00e1mara de Comercio de Cali &#8211; Biblioteca\u00a0 Departamental. Octubre 4 a Noviembre 5 de 2005.Cali.<\/li>\n<li><strong>Tesis participante. Obra fotogr\u00e1fica \u2018Tarjetas de visita\u2019.<br \/>\n<\/strong><strong>Fotogr\u00e1fica Bogot\u00e1: I Encuentro Internacional de Fotograf\u00eda. Evento realizado por FOTOMUSEO<\/strong>. Octubre 5 al Noviembre 15 de 2005. C\u00e1mara de Comercio de Santa F\u00e9 de Bogot\u00e1.<\/li>\n<\/ul>\n<p><strong>\u00a0Proyectos de investigaci\u00f3n, creaci\u00f3n y\/o vinculaci\u00f3n:<\/strong><\/p>\n<ul>\n<li>Proyecto ganador en la categor\u00eda de Curadur\u00eda hist\u00f3rica titulado:<strong> \u2018La Din\u00e1mica del Monumento y la B\u00fasqueda de una Fachada Moderna para Cali: 1910 \u2013 1950\u2019 realizado en conjunto con la historiadora Ana Mar\u00eda G\u00f3mez Garc\u00eda.\u00a0 <\/strong>Beca de Creaci\u00f3n Curatorial 2005. Sal\u00f3n Regional de Artistas. 7 Sal\u00f3n de Octubre. C\u00e1mara de Comercio de Cali &#8211; Biblioteca\u00a0 Departamental. Octubre 4 a Noviembre 5 de 2005.Cali.<\/li>\n<li>Dise\u00f1o curatorial y texto de apertura para la exhibici\u00f3n de<strong><em> \u2018Como Pedro por su casa\u2019.<\/em><\/strong> Vitrina Agosto &#8211; Septiembre de 2012. Fundaci\u00f3n Lugar a Dudas<\/li>\n<li>Dise\u00f1o curatorial para la exposici\u00f3n del <strong>Archivo Hist\u00f3rico Carvajal.<\/strong> Museograf\u00eda: Lorena Diez. Fundaci\u00f3n Carvajal, 2014 &#8211; 2015.<\/li>\n<li>Dise\u00f1o curatorial para la exposici\u00f3n del <strong>Archivo Hist\u00f3rico Carvajal<\/strong>. Traslado sede Carvajal Santa M\u00f3nica. Junio, 2016.<\/li>\n<li>Sistematizaci\u00f3n Archivo Proyecto Blanco Porcelana de la artista Margarita Ariza Aguilar. Mayo de 2016 a la fecha.<\/li>\n<li>\u2018Heredado e imperceptible\u2026\u2019. Archivo Proyecto Blanco Porcelana 2011 \u2013 2015 de la maestra Margarita Ariza Aguilar. Universidad Javeriana Cali. 1 al 19 de Agosto de 2016<\/li>\n<li><a href=\"http:\/\/muroliquido.blogspot.com.co\/2016\/09\/margarita-ariza-aguilar-exposicion.html\">\u2018Heredado e imperceptible\u2026\u2019<\/a>. Archivo Proyecto Blanco Porcelana 2011 \u2013 2015 de la maestra Margarita Ariza Aguilar. Universidad Tecnol\u00f3gica de Pereira. Muro L\u00edquido Biblioteca Jorge Roa Mart\u00ednez. Proyecto Curare Alterno adjunto al 44 Sal\u00f3n Nacional de Artistas A\u00daN, Pereira, 2016. Septiembre 5 al 9 de Octubre de 2016.<\/li>\n<li>Coordinaci\u00f3n de 18 publicaciones para el espacio de exhibici\u00f3n <em>la vitrina<\/em> de la Fundaci\u00f3n Lugar a Dudas (2006-2007). Son textos de mi autor\u00eda: <strong><em>Calcos<\/em> de Fischli &amp; Weiss (instalaciones y videoproyecci\u00f3n), <em>David<\/em> de Miguel \u00c1ngel Rojas 2005 (fotograf\u00eda), <em>Phantom Canyon<\/em> de Stacey Steers (animaci\u00f3n experimental), \u2018<em>Ojal\u00e1 pudiera ver todos los insectos al mismo tiempo\u2019<\/em> de Jorge Acero<\/strong> (artista mencionado Convocatoria lavitrina, video 2007), la publicaci\u00f3n para el mes de Julio 2007 \u2013 I semestre de actividades y la publicaci\u00f3n para el mes de Marzo 2008 \u2013 II semestre de actividades para el espacio de exhibici\u00f3n <a href=\"http:\/\/www.lugaradudas.org\/#\/exhibiciones\/exhibiciones-home\">www.lugaradudas.org<\/a><\/li>\n<li><strong>ERRATA # MUSEOS Y NUEVOS ESCENARIOS DEL ARTE. No. 6.<\/strong><strong>Art\u00edculo <em>\u201cNi es lo mismo ni es igual\u00bb: Un museo con historia, es un museo con experiencia!.<\/em><\/strong><em>\u00a0 <\/em>Fundaci\u00f3n Gilberto \u00c1lzate Avenda\u00f1o. Bogot\u00e1, Diciembre de 2013.<\/li>\n<li><strong>Texto soporte video performance reeditado <em>\u2018Emancipar\u00eda la malpa ida\u2019 <\/em>de Pedro Alc\u00e1ntara Herr\u00e1n (1994). <\/strong>VIII Festival de Performance de Cali, 2012<\/li>\n<li><strong>\u2018Como Pedro por su casa\u2019.<\/strong> Vitrina Agosto &#8211; Septiembre de 2012. Fundaci\u00f3n Lugar a Dudas<\/li>\n<li><strong><em>\u2018La escritura como imagen: el gesto caligr\u00e1fico como radiograf\u00eda de aspectos de vida y obra de la artista colombiana Emma Reyes\u2019.<\/em><\/strong> Autoras: Mar\u00eda del Pilar Vergel Castilla &#8211; Adriana Mar\u00eda R\u00edos D\u00edaz. Consejo de Redacci\u00f3n de Ucoarte. Revista de Teor\u00eda e Historia del Arte de la Universidad de C\u00f3rdoba. Dra. Paula Revenga Dom\u00ednguez. Directora de la Revista Ucoarte Universidad de C\u00f3rdoba (Espa\u00f1a). Universidad de C\u00f3rdoba. Departamento de Historia del Arte, Arqueolog\u00eda y M\u00fasica. \u00c1rea de Historia del Arte.<\/li>\n<li><strong>\u2018<\/strong><strong>Cajones y Dechados: Memoria, Vida y Obra de Emma Reyes\u2019*,<\/strong> adscrito a la Pontificia Universidad Javeriana Cali, junto a la maestra Mar\u00eda del Pilar Vergel. (monograf\u00eda y art\u00edculo)<\/li>\n<li><strong>Publicaci\u00f3n Centro de Estudio de La Sucursal.clo<\/strong> &#8211; espacio de arte contempor\u00e1neo. Cali, Colombia.* 2014-2015<strong>. <\/strong>lasucursal.co<\/li>\n<\/ul>\n<p>*<em>Ambas publicaciones se encuentran en la \u00faltima fase de edici\u00f3n e impresi\u00f3n.<\/em><\/p>\n<p><strong>\u00c1rea de investigaci\u00f3n:<\/strong><\/p>\n<ul>\n<li>Historia del Arte Universal y Latinoamericano<\/li>\n<li>Curadur\u00eda art\u00edstica e hist\u00f3rica<\/li>\n<li>Proyectos Editoriales<\/li>\n<\/ul>\n<p><strong>\u00c1rea de inter\u00e9s: <\/strong><\/p>\n<ul>\n<li>Historia del Arte Universal y Latinoamericano<\/li>\n<li>Arte contempor\u00e1neo<\/li>\n<li>Curadur\u00eda y museograf\u00eda<\/li>\n<li>Coleccionismo<\/li>\n<\/ul>","protected":false},"excerpt":{"rendered":"<p>Investigadora, curadora nacida en Cali, Colombia. Ha sido docente en artes visuales con m\u00e1s de trece a\u00f1os de experiencia en coordinaci\u00f3n de programas de educaci\u00f3n y museos, curadur\u00eda art\u00edstica e hist\u00f3rica, montaje de exposiciones, sistematizaci\u00f3n de archivos personales de artistas e instituciones culturales, proyectos editoriales e investigaci\u00f3n en historia del arte universal, arte colombiano y [&hellip;]<\/p>\n","protected":false},"author":1,"featured_media":348,"comment_status":"closed","ping_status":"open","sticky":false,"template":"","format":"standard","meta":{"_acf_changed":false,"_uag_custom_page_level_css":"","_monsterinsights_skip_tracking":false,"_monsterinsights_sitenote_active":false,"_monsterinsights_sitenote_note":"","_monsterinsights_sitenote_category":0,"cybocfi_hide_featured_image":"","footnotes":""},"categories":[75],"tags":[],"infouartes":[],"class_list":["post-346","post","type-post","status-publish","format-standard","has-post-thumbnail","hentry","category-docentes"],"acf":[],"yoast_head":"<!-- This site is optimized with the Yoast SEO plugin v27.4 - https:\/\/yoast.com\/product\/yoast-seo-wordpress\/ -->\n<title>Universidad de las Artes - Adriana Mar\u00eda R\u00edos, investigadora, curadora y docente de la UArtes<\/title>\n<meta name=\"description\" content=\"Universidad de las Artes - Adriana Mar\u00eda R\u00edos, investigadora, curadora y docente de la UArtes\" \/>\n<meta name=\"robots\" content=\"index, follow, max-snippet:-1, max-image-preview:large, max-video-preview:-1\" \/>\n<link rel=\"canonical\" href=\"https:\/\/www.uartes.edu.ec\/sitio\/fr\/blog\/2017\/05\/12\/adriana-maria-rios-investigadora-curadora-y-docente-de-la-uartes\/\" \/>\n<meta property=\"og:locale\" content=\"fr_FR\" \/>\n<meta property=\"og:type\" content=\"article\" \/>\n<meta property=\"og:title\" content=\"Universidad de las Artes - Adriana Mar\u00eda R\u00edos, investigadora, curadora y docente de la UArtes\" \/>\n<meta property=\"og:description\" content=\"Universidad de las Artes - Adriana Mar\u00eda R\u00edos, investigadora, curadora y docente de la UArtes\" \/>\n<meta property=\"og:url\" content=\"https:\/\/www.uartes.edu.ec\/sitio\/fr\/blog\/2017\/05\/12\/adriana-maria-rios-investigadora-curadora-y-docente-de-la-uartes\/\" \/>\n<meta property=\"og:site_name\" content=\"Universidad de las Artes\" \/>\n<meta property=\"article:publisher\" content=\"https:\/\/www.facebook.com\/uartesec\" \/>\n<meta property=\"article:published_time\" content=\"2017-05-12T14:12:01+00:00\" \/>\n<meta property=\"article:modified_time\" content=\"2024-07-04T16:54:20+00:00\" \/>\n<meta name=\"author\" content=\"Universidad de las Artes\" \/>\n<meta name=\"twitter:card\" content=\"summary_large_image\" \/>\n<meta name=\"twitter:creator\" content=\"@uartesec\" \/>\n<meta name=\"twitter:site\" content=\"@uartesec\" \/>\n<meta name=\"twitter:label1\" content=\"\u00c9crit par\" \/>\n\t<meta name=\"twitter:data1\" content=\"Universidad de las Artes\" \/>\n\t<meta name=\"twitter:label2\" content=\"Dur\u00e9e de lecture estim\u00e9e\" \/>\n\t<meta name=\"twitter:data2\" content=\"5 minutes\" \/>\n<script type=\"application\/ld+json\" class=\"yoast-schema-graph\">{\"@context\":\"https:\\\/\\\/schema.org\",\"@graph\":[{\"@type\":\"Article\",\"@id\":\"https:\\\/\\\/www.uartes.edu.ec\\\/sitio\\\/fr\\\/blog\\\/2017\\\/05\\\/12\\\/adriana-maria-rios-investigadora-curadora-y-docente-de-la-uartes\\\/#article\",\"isPartOf\":{\"@id\":\"https:\\\/\\\/www.uartes.edu.ec\\\/sitio\\\/fr\\\/blog\\\/2017\\\/05\\\/12\\\/adriana-maria-rios-investigadora-curadora-y-docente-de-la-uartes\\\/\"},\"author\":{\"name\":\"Universidad de las Artes\",\"@id\":\"https:\\\/\\\/www.uartes.edu.ec\\\/sitio\\\/fr\\\/#\\\/schema\\\/person\\\/f33f8c1d2af0d5c80a38c8abf458184a\"},\"headline\":\"Adriana Mar\u00eda R\u00edos, investigadora, curadora y docente de la UArtes\",\"datePublished\":\"2017-05-12T14:12:01+00:00\",\"dateModified\":\"2024-07-04T16:54:20+00:00\",\"mainEntityOfPage\":{\"@id\":\"https:\\\/\\\/www.uartes.edu.ec\\\/sitio\\\/fr\\\/blog\\\/2017\\\/05\\\/12\\\/adriana-maria-rios-investigadora-curadora-y-docente-de-la-uartes\\\/\"},\"wordCount\":992,\"publisher\":{\"@id\":\"https:\\\/\\\/www.uartes.edu.ec\\\/sitio\\\/fr\\\/#organization\"},\"image\":{\"@id\":\"https:\\\/\\\/www.uartes.edu.ec\\\/sitio\\\/fr\\\/blog\\\/2017\\\/05\\\/12\\\/adriana-maria-rios-investigadora-curadora-y-docente-de-la-uartes\\\/#primaryimage\"},\"thumbnailUrl\":\"\",\"articleSection\":[\"Docentes\"],\"inLanguage\":\"fr-FR\"},{\"@type\":[\"WebPage\",\"ItemPage\"],\"@id\":\"https:\\\/\\\/www.uartes.edu.ec\\\/sitio\\\/fr\\\/blog\\\/2017\\\/05\\\/12\\\/adriana-maria-rios-investigadora-curadora-y-docente-de-la-uartes\\\/\",\"url\":\"https:\\\/\\\/www.uartes.edu.ec\\\/sitio\\\/fr\\\/blog\\\/2017\\\/05\\\/12\\\/adriana-maria-rios-investigadora-curadora-y-docente-de-la-uartes\\\/\",\"name\":\"Universidad de las Artes - Adriana Mar\u00eda R\u00edos, investigadora, curadora y docente de la UArtes\",\"isPartOf\":{\"@id\":\"https:\\\/\\\/www.uartes.edu.ec\\\/sitio\\\/fr\\\/#website\"},\"primaryImageOfPage\":{\"@id\":\"https:\\\/\\\/www.uartes.edu.ec\\\/sitio\\\/fr\\\/blog\\\/2017\\\/05\\\/12\\\/adriana-maria-rios-investigadora-curadora-y-docente-de-la-uartes\\\/#primaryimage\"},\"image\":{\"@id\":\"https:\\\/\\\/www.uartes.edu.ec\\\/sitio\\\/fr\\\/blog\\\/2017\\\/05\\\/12\\\/adriana-maria-rios-investigadora-curadora-y-docente-de-la-uartes\\\/#primaryimage\"},\"thumbnailUrl\":\"\",\"datePublished\":\"2017-05-12T14:12:01+00:00\",\"dateModified\":\"2024-07-04T16:54:20+00:00\",\"description\":\"Universidad de las Artes - Adriana Mar\u00eda R\u00edos, investigadora, curadora y docente de la UArtes\",\"breadcrumb\":{\"@id\":\"https:\\\/\\\/www.uartes.edu.ec\\\/sitio\\\/fr\\\/blog\\\/2017\\\/05\\\/12\\\/adriana-maria-rios-investigadora-curadora-y-docente-de-la-uartes\\\/#breadcrumb\"},\"inLanguage\":\"fr-FR\",\"potentialAction\":[{\"@type\":\"ReadAction\",\"target\":[\"https:\\\/\\\/www.uartes.edu.ec\\\/sitio\\\/fr\\\/blog\\\/2017\\\/05\\\/12\\\/adriana-maria-rios-investigadora-curadora-y-docente-de-la-uartes\\\/\"]}]},{\"@type\":\"ImageObject\",\"inLanguage\":\"fr-FR\",\"@id\":\"https:\\\/\\\/www.uartes.edu.ec\\\/sitio\\\/fr\\\/blog\\\/2017\\\/05\\\/12\\\/adriana-maria-rios-investigadora-curadora-y-docente-de-la-uartes\\\/#primaryimage\",\"url\":\"\",\"contentUrl\":\"\"},{\"@type\":\"BreadcrumbList\",\"@id\":\"https:\\\/\\\/www.uartes.edu.ec\\\/sitio\\\/fr\\\/blog\\\/2017\\\/05\\\/12\\\/adriana-maria-rios-investigadora-curadora-y-docente-de-la-uartes\\\/#breadcrumb\",\"itemListElement\":[{\"@type\":\"ListItem\",\"position\":1,\"name\":\"Inicio\",\"item\":\"https:\\\/\\\/www.uartes.edu.ec\\\/sitio\\\/\"},{\"@type\":\"ListItem\",\"position\":2,\"name\":\"Adriana Mar\u00eda R\u00edos, investigadora, curadora y docente de la UArtes\"}]},{\"@type\":\"WebSite\",\"@id\":\"https:\\\/\\\/www.uartes.edu.ec\\\/sitio\\\/fr\\\/#website\",\"url\":\"https:\\\/\\\/www.uartes.edu.ec\\\/sitio\\\/fr\\\/\",\"name\":\"Universidad de las Artes\",\"description\":\"Sitio oficial de la Universidad Nacional de las Artes del Ecuador\",\"publisher\":{\"@id\":\"https:\\\/\\\/www.uartes.edu.ec\\\/sitio\\\/fr\\\/#organization\"},\"potentialAction\":[{\"@type\":\"SearchAction\",\"target\":{\"@type\":\"EntryPoint\",\"urlTemplate\":\"https:\\\/\\\/www.uartes.edu.ec\\\/sitio\\\/fr\\\/?s={search_term_string}\"},\"query-input\":{\"@type\":\"PropertyValueSpecification\",\"valueRequired\":true,\"valueName\":\"search_term_string\"}}],\"inLanguage\":\"fr-FR\"},{\"@type\":\"Organization\",\"@id\":\"https:\\\/\\\/www.uartes.edu.ec\\\/sitio\\\/fr\\\/#organization\",\"name\":\"Universidad de las Artes\",\"url\":\"https:\\\/\\\/www.uartes.edu.ec\\\/sitio\\\/fr\\\/\",\"logo\":{\"@type\":\"ImageObject\",\"inLanguage\":\"fr-FR\",\"@id\":\"https:\\\/\\\/www.uartes.edu.ec\\\/sitio\\\/fr\\\/#\\\/schema\\\/logo\\\/image\\\/\",\"url\":\"https:\\\/\\\/www.uartes.edu.ec\\\/sitio\\\/wp-content\\\/uploads\\\/2022\\\/07\\\/logo-ua-horizontal.png\",\"contentUrl\":\"https:\\\/\\\/www.uartes.edu.ec\\\/sitio\\\/wp-content\\\/uploads\\\/2022\\\/07\\\/logo-ua-horizontal.png\",\"width\":800,\"height\":276,\"caption\":\"Universidad de las Artes\"},\"image\":{\"@id\":\"https:\\\/\\\/www.uartes.edu.ec\\\/sitio\\\/fr\\\/#\\\/schema\\\/logo\\\/image\\\/\"},\"sameAs\":[\"https:\\\/\\\/www.facebook.com\\\/uartesec\",\"https:\\\/\\\/x.com\\\/uartesec\",\"https:\\\/\\\/www.tiktok.com\\\/@uartesec\"]},{\"@type\":\"Person\",\"@id\":\"https:\\\/\\\/www.uartes.edu.ec\\\/sitio\\\/fr\\\/#\\\/schema\\\/person\\\/f33f8c1d2af0d5c80a38c8abf458184a\",\"name\":\"Universidad de las Artes\",\"image\":{\"@type\":\"ImageObject\",\"inLanguage\":\"fr-FR\",\"@id\":\"https:\\\/\\\/secure.gravatar.com\\\/avatar\\\/52e4757902f5cfa5ac52d020e5be83cae5487519154b6c35482fe08d589f3c13?s=96&d=mm&r=g\",\"url\":\"https:\\\/\\\/secure.gravatar.com\\\/avatar\\\/52e4757902f5cfa5ac52d020e5be83cae5487519154b6c35482fe08d589f3c13?s=96&d=mm&r=g\",\"contentUrl\":\"https:\\\/\\\/secure.gravatar.com\\\/avatar\\\/52e4757902f5cfa5ac52d020e5be83cae5487519154b6c35482fe08d589f3c13?s=96&d=mm&r=g\",\"caption\":\"Universidad de las Artes\"},\"url\":\"https:\\\/\\\/www.uartes.edu.ec\\\/sitio\\\/fr\\\/blog\\\/author\\\/dircomadm\\\/\"}]}<\/script>\n<!-- \/ Yoast SEO plugin. -->","yoast_head_json":{"title":"Universidad de las Artes - Adriana Mar\u00eda R\u00edos, investigadora, curadora y docente de la UArtes","description":"Universidad de las Artes - Adriana Mar\u00eda R\u00edos, investigadora, curadora y docente de la UArtes","robots":{"index":"index","follow":"follow","max-snippet":"max-snippet:-1","max-image-preview":"max-image-preview:large","max-video-preview":"max-video-preview:-1"},"canonical":"https:\/\/www.uartes.edu.ec\/sitio\/fr\/blog\/2017\/05\/12\/adriana-maria-rios-investigadora-curadora-y-docente-de-la-uartes\/","og_locale":"fr_FR","og_type":"article","og_title":"Universidad de las Artes - Adriana Mar\u00eda R\u00edos, investigadora, curadora y docente de la UArtes","og_description":"Universidad de las Artes - Adriana Mar\u00eda R\u00edos, investigadora, curadora y docente de la UArtes","og_url":"https:\/\/www.uartes.edu.ec\/sitio\/fr\/blog\/2017\/05\/12\/adriana-maria-rios-investigadora-curadora-y-docente-de-la-uartes\/","og_site_name":"Universidad de las Artes","article_publisher":"https:\/\/www.facebook.com\/uartesec","article_published_time":"2017-05-12T14:12:01+00:00","article_modified_time":"2024-07-04T16:54:20+00:00","author":"Universidad de las Artes","twitter_card":"summary_large_image","twitter_creator":"@uartesec","twitter_site":"@uartesec","twitter_misc":{"\u00c9crit par":"Universidad de las Artes","Dur\u00e9e de lecture estim\u00e9e":"5 minutes"},"schema":{"@context":"https:\/\/schema.org","@graph":[{"@type":"Article","@id":"https:\/\/www.uartes.edu.ec\/sitio\/fr\/blog\/2017\/05\/12\/adriana-maria-rios-investigadora-curadora-y-docente-de-la-uartes\/#article","isPartOf":{"@id":"https:\/\/www.uartes.edu.ec\/sitio\/fr\/blog\/2017\/05\/12\/adriana-maria-rios-investigadora-curadora-y-docente-de-la-uartes\/"},"author":{"name":"Universidad de las Artes","@id":"https:\/\/www.uartes.edu.ec\/sitio\/fr\/#\/schema\/person\/f33f8c1d2af0d5c80a38c8abf458184a"},"headline":"Adriana Mar\u00eda R\u00edos, investigadora, curadora y docente de la UArtes","datePublished":"2017-05-12T14:12:01+00:00","dateModified":"2024-07-04T16:54:20+00:00","mainEntityOfPage":{"@id":"https:\/\/www.uartes.edu.ec\/sitio\/fr\/blog\/2017\/05\/12\/adriana-maria-rios-investigadora-curadora-y-docente-de-la-uartes\/"},"wordCount":992,"publisher":{"@id":"https:\/\/www.uartes.edu.ec\/sitio\/fr\/#organization"},"image":{"@id":"https:\/\/www.uartes.edu.ec\/sitio\/fr\/blog\/2017\/05\/12\/adriana-maria-rios-investigadora-curadora-y-docente-de-la-uartes\/#primaryimage"},"thumbnailUrl":"","articleSection":["Docentes"],"inLanguage":"fr-FR"},{"@type":["WebPage","ItemPage"],"@id":"https:\/\/www.uartes.edu.ec\/sitio\/fr\/blog\/2017\/05\/12\/adriana-maria-rios-investigadora-curadora-y-docente-de-la-uartes\/","url":"https:\/\/www.uartes.edu.ec\/sitio\/fr\/blog\/2017\/05\/12\/adriana-maria-rios-investigadora-curadora-y-docente-de-la-uartes\/","name":"Universidad de las Artes - Adriana Mar\u00eda R\u00edos, investigadora, curadora y docente de la UArtes","isPartOf":{"@id":"https:\/\/www.uartes.edu.ec\/sitio\/fr\/#website"},"primaryImageOfPage":{"@id":"https:\/\/www.uartes.edu.ec\/sitio\/fr\/blog\/2017\/05\/12\/adriana-maria-rios-investigadora-curadora-y-docente-de-la-uartes\/#primaryimage"},"image":{"@id":"https:\/\/www.uartes.edu.ec\/sitio\/fr\/blog\/2017\/05\/12\/adriana-maria-rios-investigadora-curadora-y-docente-de-la-uartes\/#primaryimage"},"thumbnailUrl":"","datePublished":"2017-05-12T14:12:01+00:00","dateModified":"2024-07-04T16:54:20+00:00","description":"Universidad de las Artes - Adriana Mar\u00eda R\u00edos, investigadora, curadora y docente de la UArtes","breadcrumb":{"@id":"https:\/\/www.uartes.edu.ec\/sitio\/fr\/blog\/2017\/05\/12\/adriana-maria-rios-investigadora-curadora-y-docente-de-la-uartes\/#breadcrumb"},"inLanguage":"fr-FR","potentialAction":[{"@type":"ReadAction","target":["https:\/\/www.uartes.edu.ec\/sitio\/fr\/blog\/2017\/05\/12\/adriana-maria-rios-investigadora-curadora-y-docente-de-la-uartes\/"]}]},{"@type":"ImageObject","inLanguage":"fr-FR","@id":"https:\/\/www.uartes.edu.ec\/sitio\/fr\/blog\/2017\/05\/12\/adriana-maria-rios-investigadora-curadora-y-docente-de-la-uartes\/#primaryimage","url":"","contentUrl":""},{"@type":"BreadcrumbList","@id":"https:\/\/www.uartes.edu.ec\/sitio\/fr\/blog\/2017\/05\/12\/adriana-maria-rios-investigadora-curadora-y-docente-de-la-uartes\/#breadcrumb","itemListElement":[{"@type":"ListItem","position":1,"name":"Inicio","item":"https:\/\/www.uartes.edu.ec\/sitio\/"},{"@type":"ListItem","position":2,"name":"Adriana Mar\u00eda R\u00edos, investigadora, curadora y docente de la UArtes"}]},{"@type":"WebSite","@id":"https:\/\/www.uartes.edu.ec\/sitio\/fr\/#website","url":"https:\/\/www.uartes.edu.ec\/sitio\/fr\/","name":"Universidad de las Artes","description":"Sitio oficial de la Universidad Nacional de las Artes del Ecuador","publisher":{"@id":"https:\/\/www.uartes.edu.ec\/sitio\/fr\/#organization"},"potentialAction":[{"@type":"SearchAction","target":{"@type":"EntryPoint","urlTemplate":"https:\/\/www.uartes.edu.ec\/sitio\/fr\/?s={search_term_string}"},"query-input":{"@type":"PropertyValueSpecification","valueRequired":true,"valueName":"search_term_string"}}],"inLanguage":"fr-FR"},{"@type":"Organization","@id":"https:\/\/www.uartes.edu.ec\/sitio\/fr\/#organization","name":"Universidad de las Artes","url":"https:\/\/www.uartes.edu.ec\/sitio\/fr\/","logo":{"@type":"ImageObject","inLanguage":"fr-FR","@id":"https:\/\/www.uartes.edu.ec\/sitio\/fr\/#\/schema\/logo\/image\/","url":"https:\/\/www.uartes.edu.ec\/sitio\/wp-content\/uploads\/2022\/07\/logo-ua-horizontal.png","contentUrl":"https:\/\/www.uartes.edu.ec\/sitio\/wp-content\/uploads\/2022\/07\/logo-ua-horizontal.png","width":800,"height":276,"caption":"Universidad de las Artes"},"image":{"@id":"https:\/\/www.uartes.edu.ec\/sitio\/fr\/#\/schema\/logo\/image\/"},"sameAs":["https:\/\/www.facebook.com\/uartesec","https:\/\/x.com\/uartesec","https:\/\/www.tiktok.com\/@uartesec"]},{"@type":"Person","@id":"https:\/\/www.uartes.edu.ec\/sitio\/fr\/#\/schema\/person\/f33f8c1d2af0d5c80a38c8abf458184a","name":"Universidad de las Artes","image":{"@type":"ImageObject","inLanguage":"fr-FR","@id":"https:\/\/secure.gravatar.com\/avatar\/52e4757902f5cfa5ac52d020e5be83cae5487519154b6c35482fe08d589f3c13?s=96&d=mm&r=g","url":"https:\/\/secure.gravatar.com\/avatar\/52e4757902f5cfa5ac52d020e5be83cae5487519154b6c35482fe08d589f3c13?s=96&d=mm&r=g","contentUrl":"https:\/\/secure.gravatar.com\/avatar\/52e4757902f5cfa5ac52d020e5be83cae5487519154b6c35482fe08d589f3c13?s=96&d=mm&r=g","caption":"Universidad de las Artes"},"url":"https:\/\/www.uartes.edu.ec\/sitio\/fr\/blog\/author\/dircomadm\/"}]}},"uagb_featured_image_src":{"full":false,"thumbnail":false,"medium":false,"medium_large":false,"large":false,"1536x1536":false,"2048x2048":false,"trp-custom-language-flag":false,"htmega_size_585x295":false,"htmega_size_1170x536":false,"htmega_size_396x360":false,"gb-block-post-grid-landscape":false,"gb-block-post-grid-square":false,"university-hub-thumb":false},"uagb_author_info":{"display_name":"Universidad de las Artes","author_link":"https:\/\/www.uartes.edu.ec\/sitio\/fr\/blog\/author\/dircomadm\/"},"uagb_comment_info":0,"uagb_excerpt":"Investigadora, curadora nacida en Cali, Colombia. Ha sido docente en artes visuales con m\u00e1s de trece a\u00f1os de experiencia en coordinaci\u00f3n de programas de educaci\u00f3n y museos, curadur\u00eda art\u00edstica e hist\u00f3rica, montaje de exposiciones, sistematizaci\u00f3n de archivos personales de artistas e instituciones culturales, proyectos editoriales e investigaci\u00f3n en historia del arte universal, arte colombiano y\u2026","featured_image_src":null,"featured_image_src_square":null,"author_info":{"display_name":"Universidad de las Artes","author_link":"https:\/\/www.uartes.edu.ec\/sitio\/fr\/blog\/author\/dircomadm\/"},"publishpress_future_workflow_manual_trigger":{"enabledWorkflows":[]},"distributor_meta":false,"distributor_terms":false,"distributor_media":false,"distributor_original_site_name":"Universidad de las Artes","distributor_original_site_url":"https:\/\/www.uartes.edu.ec\/sitio\/fr","push-errors":false,"_links":{"self":[{"href":"https:\/\/www.uartes.edu.ec\/sitio\/fr\/wp-json\/wp\/v2\/posts\/346","targetHints":{"allow":["GET"]}}],"collection":[{"href":"https:\/\/www.uartes.edu.ec\/sitio\/fr\/wp-json\/wp\/v2\/posts"}],"about":[{"href":"https:\/\/www.uartes.edu.ec\/sitio\/fr\/wp-json\/wp\/v2\/types\/post"}],"author":[{"embeddable":true,"href":"https:\/\/www.uartes.edu.ec\/sitio\/fr\/wp-json\/wp\/v2\/users\/1"}],"replies":[{"embeddable":true,"href":"https:\/\/www.uartes.edu.ec\/sitio\/fr\/wp-json\/wp\/v2\/comments?post=346"}],"version-history":[{"count":1,"href":"https:\/\/www.uartes.edu.ec\/sitio\/fr\/wp-json\/wp\/v2\/posts\/346\/revisions"}],"predecessor-version":[{"id":58064,"href":"https:\/\/www.uartes.edu.ec\/sitio\/fr\/wp-json\/wp\/v2\/posts\/346\/revisions\/58064"}],"wp:featuredmedia":[{"embeddable":true,"href":"https:\/\/www.uartes.edu.ec\/sitio\/fr\/wp-json\/"}],"wp:attachment":[{"href":"https:\/\/www.uartes.edu.ec\/sitio\/fr\/wp-json\/wp\/v2\/media?parent=346"}],"wp:term":[{"taxonomy":"category","embeddable":true,"href":"https:\/\/www.uartes.edu.ec\/sitio\/fr\/wp-json\/wp\/v2\/categories?post=346"},{"taxonomy":"post_tag","embeddable":true,"href":"https:\/\/www.uartes.edu.ec\/sitio\/fr\/wp-json\/wp\/v2\/tags?post=346"},{"taxonomy":"infouartes","embeddable":true,"href":"https:\/\/www.uartes.edu.ec\/sitio\/fr\/wp-json\/wp\/v2\/infouartes?post=346"}],"curies":[{"name":"wp","href":"https:\/\/api.w.org\/{rel}","templated":true}]}}