{"id":34621,"date":"2022-12-19T15:56:00","date_gmt":"2022-12-19T20:56:00","guid":{"rendered":"http:\/\/www.uartes.edu.ec\/sitio\/?p=34621"},"modified":"2024-07-04T11:22:18","modified_gmt":"2024-07-04T16:22:18","slug":"en-la-uartes-se-entregaron-certificados-a-los-51-participantes-de-curso-de-kichwa","status":"publish","type":"post","link":"https:\/\/www.uartes.edu.ec\/sitio\/fr\/blog\/2022\/12\/19\/en-la-uartes-se-entregaron-certificados-a-los-51-participantes-de-curso-de-kichwa\/","title":{"rendered":"En la UArtes se entregaron certificados a 51 participantes de curso de kichwa"},"content":{"rendered":"<p>Llegaron de a poco y expectantes, pues a diferencia de otras reuniones mantenidas, en la programada el pasado viernes 16 de diciembre se les entregar\u00eda el certificado de participaci\u00f3n en el curso de kichwa que dictaron Ra\u00fal Aucanshala, Cristian Inguillay, Ra\u00fal Chankawasay y Diana Gual\u00e1n, maestros todos en unidades interculturales biling\u00fces o institutos superiores.<\/p>\n\n\n\n<p>Fueron 51 los participantes de la capacitaci\u00f3n. De c\u00f3mo surgi\u00f3 la iniciativa del curso, la docente UArtes Ana Carrillo es quien da detalles de los inicios, as\u00ed como de su proceso. Indica que se conocieron con unos pocos en la Unidad Educativa Intercultural Biling\u00fce Fernando Daquilema, en una versi\u00f3n de la asignatura Laboratorio en Comunidad, hace unos a\u00f1os.<\/p>\n\n\n\n<p>En junio de este 2022 coincidieron en las calles cuando salieron a protestar en el marco del paro nacional, Entonces se propici\u00f3 el di\u00e1logo sobre los motivos de estar presentes como organizaci\u00f3n en la marcha. Adem\u00e1s de reclamar por las duras condiciones econ\u00f3micas y el incremento de la brecha social, tambi\u00e9n protestaban contra el racismo imperante en la ciudad, el cual se expresaba en las palabras discriminatorias de las autoridades hacia esta poblaci\u00f3n, creando la imagen de que en Guayaquil no hay ind\u00edgenas.<\/p>\n\n\n<div class=\"wp-block-image\">\n<figure class=\"aligncenter size-large\"><img fetchpriority=\"high\" decoding=\"async\" width=\"644\" height=\"429\" src=\"http:\/\/www.uartes.edu.ec\/sitio\/wp-content\/uploads\/2022\/12\/ee-644x429.jpg\" alt=\"\" class=\"wp-image-34623\" srcset=\"https:\/\/www.uartes.edu.ec\/sitio\/wp-content\/uploads\/2022\/12\/ee-644x429.jpg 644w, https:\/\/www.uartes.edu.ec\/sitio\/wp-content\/uploads\/2022\/12\/ee-768x511.jpg 768w, https:\/\/www.uartes.edu.ec\/sitio\/wp-content\/uploads\/2022\/12\/ee.jpg 2000w, https:\/\/www.uartes.edu.ec\/sitio\/wp-content\/uploads\/2022\/12\/ee-600x399.jpg 600w, https:\/\/www.uartes.edu.ec\/sitio\/wp-content\/uploads\/2022\/12\/ee-272x182.jpg 272w\" sizes=\"(max-width: 644px) 100vw, 644px\" \/><\/figure>\n<\/div>\n\n\n<p>De esa manera, agrega Carrillo, se trat\u00f3 de invisibilizar a cerca de 300.000 kichwa hablantes que viven en Guayaquil, desconociendo los aportes que hacen al crecimiento econ\u00f3mico productivo del Puerto y desconociendo tambi\u00e9n la misma historia de toda la ciudad.<\/p>\n\n\n\n<p>\u201cLa conversaci\u00f3n nos llev\u00f3 a inventar los mecanismos para que juntos podamos hacer esfuerzos por el fortalecimiento de la identidad de la poblaci\u00f3n ind\u00edgena que vive en Guayaquil y Dur\u00e1n, como un camino necesario para construir una sociedad de pr\u00e1cticas interculturales efectivas\u201d, refiere.<\/p>\n\n\n\n<p>Justamente, por esa raz\u00f3n, se pens\u00f3 en desarrollar un primer curso para fortalecer el uso y aprendizaje de la lengua materna con estudiantes mayoritariamente ind\u00edgenas del pueblo kichwa de la Costa, teniendo como instructores a los maestros Aucanshala, Inguillay, Chankawasay y Gual\u00e1n.<\/p>\n\n\n\n<p>Fue un curso que entreg\u00f3 certificados a 51 estudiantes, \u201cun paso peque\u00f1o, pero de enorme significado para repensar las pr\u00e1cticas educativas y la necesidad de configurar a la ciudad como un territorio que reafirma su calidad intercultural\u201d, expresa Ana Carrillo, quien coordin\u00f3 la actividad con El\u00edas Valente y Juan Gualli.<\/p>\n\n\n<div class=\"wp-block-image\">\n<figure class=\"aligncenter size-large\"><img decoding=\"async\" width=\"644\" height=\"429\" src=\"http:\/\/www.uartes.edu.ec\/sitio\/wp-content\/uploads\/2022\/12\/ww-644x429.jpg\" alt=\"\" class=\"wp-image-34624\" srcset=\"https:\/\/www.uartes.edu.ec\/sitio\/wp-content\/uploads\/2022\/12\/ww-644x429.jpg 644w, https:\/\/www.uartes.edu.ec\/sitio\/wp-content\/uploads\/2022\/12\/ww-768x511.jpg 768w, https:\/\/www.uartes.edu.ec\/sitio\/wp-content\/uploads\/2022\/12\/ww.jpg 2000w, https:\/\/www.uartes.edu.ec\/sitio\/wp-content\/uploads\/2022\/12\/ww-600x399.jpg 600w, https:\/\/www.uartes.edu.ec\/sitio\/wp-content\/uploads\/2022\/12\/ww-272x182.jpg 272w\" sizes=\"(max-width: 644px) 100vw, 644px\" \/><\/figure>\n<\/div>","protected":false},"excerpt":{"rendered":"<p>En la terraza del patrimonial edificio El Tel\u00e9grafo se realiz\u00f3 el 16 de diciembre la entrega de certificados a los participantes del curso de kichwa dictado por Ra\u00fal Aucanshala, Cristian Inguillay, Ra\u00fal Chankawasay y Diana Gual\u00e1n, maestros en unidades interculturales biling\u00fces o institutos superiores. Ana Carrillo, docente UArtes, da detalles de la actividad, la cual es parte de un proyecto que se impulsa desde nuestra instituci\u00f3n.<\/p>","protected":false},"author":10,"featured_media":34622,"comment_status":"open","ping_status":"open","sticky":false,"template":"","format":"standard","meta":{"_acf_changed":false,"_uag_custom_page_level_css":"","_monsterinsights_skip_tracking":false,"_monsterinsights_sitenote_active":false,"_monsterinsights_sitenote_note":"","_monsterinsights_sitenote_category":0,"cybocfi_hide_featured_image":"","footnotes":""},"categories":[719,77,79],"tags":[538],"infouartes":[],"class_list":["post-34621","post","type-post","status-publish","format-standard","has-post-thumbnail","hentry","category-4d","category-gestion","category-vinculo","tag-capacitacion"],"acf":[],"yoast_head":"<!-- This site is optimized with the Yoast SEO plugin v27.4 - https:\/\/yoast.com\/product\/yoast-seo-wordpress\/ -->\n<title>Universidad de las Artes - En la UArtes se entregaron certificados a 51 participantes de curso de kichwa<\/title>\n<meta name=\"description\" content=\"Universidad de las Artes - En la UArtes se entregaron certificados a 51 participantes de curso de kichwa\" \/>\n<meta name=\"robots\" content=\"index, follow, max-snippet:-1, max-image-preview:large, max-video-preview:-1\" \/>\n<link rel=\"canonical\" href=\"https:\/\/www.uartes.edu.ec\/sitio\/fr\/blog\/2022\/12\/19\/en-la-uartes-se-entregaron-certificados-a-los-51-participantes-de-curso-de-kichwa\/\" \/>\n<meta property=\"og:locale\" content=\"fr_FR\" \/>\n<meta property=\"og:type\" content=\"article\" \/>\n<meta property=\"og:title\" content=\"Universidad de las Artes - En la UArtes se entregaron certificados a 51 participantes de curso de kichwa\" \/>\n<meta property=\"og:description\" content=\"Universidad de las Artes - En la UArtes se entregaron certificados a 51 participantes de curso de kichwa\" \/>\n<meta property=\"og:url\" content=\"https:\/\/www.uartes.edu.ec\/sitio\/fr\/blog\/2022\/12\/19\/en-la-uartes-se-entregaron-certificados-a-los-51-participantes-de-curso-de-kichwa\/\" \/>\n<meta property=\"og:site_name\" content=\"Universidad de las Artes\" \/>\n<meta property=\"article:publisher\" content=\"https:\/\/www.facebook.com\/uartesec\" \/>\n<meta property=\"article:published_time\" content=\"2022-12-19T20:56:00+00:00\" \/>\n<meta property=\"article:modified_time\" content=\"2024-07-04T16:22:18+00:00\" \/>\n<meta property=\"og:image\" content=\"https:\/\/www.uartes.edu.ec\/sitio\/wp-content\/uploads\/2022\/12\/qq.jpg\" \/>\n\t<meta property=\"og:image:width\" content=\"2000\" \/>\n\t<meta property=\"og:image:height\" content=\"1333\" \/>\n\t<meta property=\"og:image:type\" content=\"image\/jpeg\" \/>\n<meta name=\"author\" content=\"ccortez\" \/>\n<meta name=\"twitter:card\" content=\"summary_large_image\" \/>\n<meta name=\"twitter:creator\" content=\"@uartesec\" \/>\n<meta name=\"twitter:site\" content=\"@uartesec\" \/>\n<meta name=\"twitter:label1\" content=\"\u00c9crit par\" \/>\n\t<meta name=\"twitter:data1\" content=\"ccortez\" \/>\n\t<meta name=\"twitter:label2\" content=\"Dur\u00e9e de lecture estim\u00e9e\" \/>\n\t<meta name=\"twitter:data2\" content=\"3 minutes\" \/>\n<script type=\"application\/ld+json\" class=\"yoast-schema-graph\">{\"@context\":\"https:\\\/\\\/schema.org\",\"@graph\":[{\"@type\":\"Article\",\"@id\":\"https:\\\/\\\/www.uartes.edu.ec\\\/sitio\\\/fr\\\/blog\\\/2022\\\/12\\\/19\\\/en-la-uartes-se-entregaron-certificados-a-los-51-participantes-de-curso-de-kichwa\\\/#article\",\"isPartOf\":{\"@id\":\"https:\\\/\\\/www.uartes.edu.ec\\\/sitio\\\/fr\\\/blog\\\/2022\\\/12\\\/19\\\/en-la-uartes-se-entregaron-certificados-a-los-51-participantes-de-curso-de-kichwa\\\/\"},\"author\":{\"name\":\"ccortez\",\"@id\":\"https:\\\/\\\/www.uartes.edu.ec\\\/sitio\\\/fr\\\/#\\\/schema\\\/person\\\/efa1b8275797664fd7f13a79ccc0b1f4\"},\"headline\":\"En la UArtes se entregaron certificados a 51 participantes de curso de kichwa\",\"datePublished\":\"2022-12-19T20:56:00+00:00\",\"dateModified\":\"2024-07-04T16:22:18+00:00\",\"mainEntityOfPage\":{\"@id\":\"https:\\\/\\\/www.uartes.edu.ec\\\/sitio\\\/fr\\\/blog\\\/2022\\\/12\\\/19\\\/en-la-uartes-se-entregaron-certificados-a-los-51-participantes-de-curso-de-kichwa\\\/\"},\"wordCount\":408,\"commentCount\":0,\"publisher\":{\"@id\":\"https:\\\/\\\/www.uartes.edu.ec\\\/sitio\\\/fr\\\/#organization\"},\"image\":{\"@id\":\"https:\\\/\\\/www.uartes.edu.ec\\\/sitio\\\/fr\\\/blog\\\/2022\\\/12\\\/19\\\/en-la-uartes-se-entregaron-certificados-a-los-51-participantes-de-curso-de-kichwa\\\/#primaryimage\"},\"thumbnailUrl\":\"https:\\\/\\\/www.uartes.edu.ec\\\/sitio\\\/wp-content\\\/uploads\\\/2022\\\/12\\\/qq.jpg\",\"keywords\":[\"capacitaci\u00f3n\"],\"articleSection\":[\"4D\",\"Gesti\u00f3n\",\"V\u00ednculo\"],\"inLanguage\":\"fr-FR\",\"potentialAction\":[{\"@type\":\"CommentAction\",\"name\":\"Comment\",\"target\":[\"https:\\\/\\\/www.uartes.edu.ec\\\/sitio\\\/fr\\\/blog\\\/2022\\\/12\\\/19\\\/en-la-uartes-se-entregaron-certificados-a-los-51-participantes-de-curso-de-kichwa\\\/#respond\"]}]},{\"@type\":[\"WebPage\",\"ItemPage\"],\"@id\":\"https:\\\/\\\/www.uartes.edu.ec\\\/sitio\\\/fr\\\/blog\\\/2022\\\/12\\\/19\\\/en-la-uartes-se-entregaron-certificados-a-los-51-participantes-de-curso-de-kichwa\\\/\",\"url\":\"https:\\\/\\\/www.uartes.edu.ec\\\/sitio\\\/fr\\\/blog\\\/2022\\\/12\\\/19\\\/en-la-uartes-se-entregaron-certificados-a-los-51-participantes-de-curso-de-kichwa\\\/\",\"name\":\"Universidad de las Artes - En la UArtes se entregaron certificados a 51 participantes de curso de kichwa\",\"isPartOf\":{\"@id\":\"https:\\\/\\\/www.uartes.edu.ec\\\/sitio\\\/fr\\\/#website\"},\"primaryImageOfPage\":{\"@id\":\"https:\\\/\\\/www.uartes.edu.ec\\\/sitio\\\/fr\\\/blog\\\/2022\\\/12\\\/19\\\/en-la-uartes-se-entregaron-certificados-a-los-51-participantes-de-curso-de-kichwa\\\/#primaryimage\"},\"image\":{\"@id\":\"https:\\\/\\\/www.uartes.edu.ec\\\/sitio\\\/fr\\\/blog\\\/2022\\\/12\\\/19\\\/en-la-uartes-se-entregaron-certificados-a-los-51-participantes-de-curso-de-kichwa\\\/#primaryimage\"},\"thumbnailUrl\":\"https:\\\/\\\/www.uartes.edu.ec\\\/sitio\\\/wp-content\\\/uploads\\\/2022\\\/12\\\/qq.jpg\",\"datePublished\":\"2022-12-19T20:56:00+00:00\",\"dateModified\":\"2024-07-04T16:22:18+00:00\",\"description\":\"Universidad de las Artes - En la UArtes se entregaron certificados a 51 participantes de curso de kichwa\",\"breadcrumb\":{\"@id\":\"https:\\\/\\\/www.uartes.edu.ec\\\/sitio\\\/fr\\\/blog\\\/2022\\\/12\\\/19\\\/en-la-uartes-se-entregaron-certificados-a-los-51-participantes-de-curso-de-kichwa\\\/#breadcrumb\"},\"inLanguage\":\"fr-FR\",\"potentialAction\":[{\"@type\":\"ReadAction\",\"target\":[\"https:\\\/\\\/www.uartes.edu.ec\\\/sitio\\\/fr\\\/blog\\\/2022\\\/12\\\/19\\\/en-la-uartes-se-entregaron-certificados-a-los-51-participantes-de-curso-de-kichwa\\\/\"]}]},{\"@type\":\"ImageObject\",\"inLanguage\":\"fr-FR\",\"@id\":\"https:\\\/\\\/www.uartes.edu.ec\\\/sitio\\\/fr\\\/blog\\\/2022\\\/12\\\/19\\\/en-la-uartes-se-entregaron-certificados-a-los-51-participantes-de-curso-de-kichwa\\\/#primaryimage\",\"url\":\"https:\\\/\\\/www.uartes.edu.ec\\\/sitio\\\/wp-content\\\/uploads\\\/2022\\\/12\\\/qq.jpg\",\"contentUrl\":\"https:\\\/\\\/www.uartes.edu.ec\\\/sitio\\\/wp-content\\\/uploads\\\/2022\\\/12\\\/qq.jpg\",\"width\":2000,\"height\":1333},{\"@type\":\"BreadcrumbList\",\"@id\":\"https:\\\/\\\/www.uartes.edu.ec\\\/sitio\\\/fr\\\/blog\\\/2022\\\/12\\\/19\\\/en-la-uartes-se-entregaron-certificados-a-los-51-participantes-de-curso-de-kichwa\\\/#breadcrumb\",\"itemListElement\":[{\"@type\":\"ListItem\",\"position\":1,\"name\":\"Inicio\",\"item\":\"https:\\\/\\\/www.uartes.edu.ec\\\/sitio\\\/\"},{\"@type\":\"ListItem\",\"position\":2,\"name\":\"En la UArtes se entregaron certificados a 51 participantes de curso de kichwa\"}]},{\"@type\":\"WebSite\",\"@id\":\"https:\\\/\\\/www.uartes.edu.ec\\\/sitio\\\/fr\\\/#website\",\"url\":\"https:\\\/\\\/www.uartes.edu.ec\\\/sitio\\\/fr\\\/\",\"name\":\"Universidad de las Artes\",\"description\":\"Sitio oficial de la Universidad Nacional de las Artes del Ecuador\",\"publisher\":{\"@id\":\"https:\\\/\\\/www.uartes.edu.ec\\\/sitio\\\/fr\\\/#organization\"},\"potentialAction\":[{\"@type\":\"SearchAction\",\"target\":{\"@type\":\"EntryPoint\",\"urlTemplate\":\"https:\\\/\\\/www.uartes.edu.ec\\\/sitio\\\/fr\\\/?s={search_term_string}\"},\"query-input\":{\"@type\":\"PropertyValueSpecification\",\"valueRequired\":true,\"valueName\":\"search_term_string\"}}],\"inLanguage\":\"fr-FR\"},{\"@type\":\"Organization\",\"@id\":\"https:\\\/\\\/www.uartes.edu.ec\\\/sitio\\\/fr\\\/#organization\",\"name\":\"Universidad de las Artes\",\"url\":\"https:\\\/\\\/www.uartes.edu.ec\\\/sitio\\\/fr\\\/\",\"logo\":{\"@type\":\"ImageObject\",\"inLanguage\":\"fr-FR\",\"@id\":\"https:\\\/\\\/www.uartes.edu.ec\\\/sitio\\\/fr\\\/#\\\/schema\\\/logo\\\/image\\\/\",\"url\":\"https:\\\/\\\/www.uartes.edu.ec\\\/sitio\\\/wp-content\\\/uploads\\\/2022\\\/07\\\/logo-ua-horizontal.png\",\"contentUrl\":\"https:\\\/\\\/www.uartes.edu.ec\\\/sitio\\\/wp-content\\\/uploads\\\/2022\\\/07\\\/logo-ua-horizontal.png\",\"width\":800,\"height\":276,\"caption\":\"Universidad de las Artes\"},\"image\":{\"@id\":\"https:\\\/\\\/www.uartes.edu.ec\\\/sitio\\\/fr\\\/#\\\/schema\\\/logo\\\/image\\\/\"},\"sameAs\":[\"https:\\\/\\\/www.facebook.com\\\/uartesec\",\"https:\\\/\\\/x.com\\\/uartesec\",\"https:\\\/\\\/www.tiktok.com\\\/@uartesec\"]},{\"@type\":\"Person\",\"@id\":\"https:\\\/\\\/www.uartes.edu.ec\\\/sitio\\\/fr\\\/#\\\/schema\\\/person\\\/efa1b8275797664fd7f13a79ccc0b1f4\",\"name\":\"ccortez\",\"image\":{\"@type\":\"ImageObject\",\"inLanguage\":\"fr-FR\",\"@id\":\"https:\\\/\\\/secure.gravatar.com\\\/avatar\\\/b2a6f664a3ae8e074346ef91775736c5ec479e637ecced6842de9dc98b5da9cd?s=96&d=mm&r=g\",\"url\":\"https:\\\/\\\/secure.gravatar.com\\\/avatar\\\/b2a6f664a3ae8e074346ef91775736c5ec479e637ecced6842de9dc98b5da9cd?s=96&d=mm&r=g\",\"contentUrl\":\"https:\\\/\\\/secure.gravatar.com\\\/avatar\\\/b2a6f664a3ae8e074346ef91775736c5ec479e637ecced6842de9dc98b5da9cd?s=96&d=mm&r=g\",\"caption\":\"ccortez\"},\"url\":\"https:\\\/\\\/www.uartes.edu.ec\\\/sitio\\\/fr\\\/blog\\\/author\\\/ccortez\\\/\"}]}<\/script>\n<!-- \/ Yoast SEO plugin. -->","yoast_head_json":{"title":"Universidad de las Artes - En la UArtes se entregaron certificados a 51 participantes de curso de kichwa","description":"Universidad de las Artes - En la UArtes se entregaron certificados a 51 participantes de curso de kichwa","robots":{"index":"index","follow":"follow","max-snippet":"max-snippet:-1","max-image-preview":"max-image-preview:large","max-video-preview":"max-video-preview:-1"},"canonical":"https:\/\/www.uartes.edu.ec\/sitio\/fr\/blog\/2022\/12\/19\/en-la-uartes-se-entregaron-certificados-a-los-51-participantes-de-curso-de-kichwa\/","og_locale":"fr_FR","og_type":"article","og_title":"Universidad de las Artes - En la UArtes se entregaron certificados a 51 participantes de curso de kichwa","og_description":"Universidad de las Artes - En la UArtes se entregaron certificados a 51 participantes de curso de kichwa","og_url":"https:\/\/www.uartes.edu.ec\/sitio\/fr\/blog\/2022\/12\/19\/en-la-uartes-se-entregaron-certificados-a-los-51-participantes-de-curso-de-kichwa\/","og_site_name":"Universidad de las Artes","article_publisher":"https:\/\/www.facebook.com\/uartesec","article_published_time":"2022-12-19T20:56:00+00:00","article_modified_time":"2024-07-04T16:22:18+00:00","og_image":[{"width":2000,"height":1333,"url":"https:\/\/www.uartes.edu.ec\/sitio\/wp-content\/uploads\/2022\/12\/qq.jpg","type":"image\/jpeg"}],"author":"ccortez","twitter_card":"summary_large_image","twitter_creator":"@uartesec","twitter_site":"@uartesec","twitter_misc":{"\u00c9crit par":"ccortez","Dur\u00e9e de lecture estim\u00e9e":"3 minutes"},"schema":{"@context":"https:\/\/schema.org","@graph":[{"@type":"Article","@id":"https:\/\/www.uartes.edu.ec\/sitio\/fr\/blog\/2022\/12\/19\/en-la-uartes-se-entregaron-certificados-a-los-51-participantes-de-curso-de-kichwa\/#article","isPartOf":{"@id":"https:\/\/www.uartes.edu.ec\/sitio\/fr\/blog\/2022\/12\/19\/en-la-uartes-se-entregaron-certificados-a-los-51-participantes-de-curso-de-kichwa\/"},"author":{"name":"ccortez","@id":"https:\/\/www.uartes.edu.ec\/sitio\/fr\/#\/schema\/person\/efa1b8275797664fd7f13a79ccc0b1f4"},"headline":"En la UArtes se entregaron certificados a 51 participantes de curso de kichwa","datePublished":"2022-12-19T20:56:00+00:00","dateModified":"2024-07-04T16:22:18+00:00","mainEntityOfPage":{"@id":"https:\/\/www.uartes.edu.ec\/sitio\/fr\/blog\/2022\/12\/19\/en-la-uartes-se-entregaron-certificados-a-los-51-participantes-de-curso-de-kichwa\/"},"wordCount":408,"commentCount":0,"publisher":{"@id":"https:\/\/www.uartes.edu.ec\/sitio\/fr\/#organization"},"image":{"@id":"https:\/\/www.uartes.edu.ec\/sitio\/fr\/blog\/2022\/12\/19\/en-la-uartes-se-entregaron-certificados-a-los-51-participantes-de-curso-de-kichwa\/#primaryimage"},"thumbnailUrl":"https:\/\/www.uartes.edu.ec\/sitio\/wp-content\/uploads\/2022\/12\/qq.jpg","keywords":["capacitaci\u00f3n"],"articleSection":["4D","Gesti\u00f3n","V\u00ednculo"],"inLanguage":"fr-FR","potentialAction":[{"@type":"CommentAction","name":"Comment","target":["https:\/\/www.uartes.edu.ec\/sitio\/fr\/blog\/2022\/12\/19\/en-la-uartes-se-entregaron-certificados-a-los-51-participantes-de-curso-de-kichwa\/#respond"]}]},{"@type":["WebPage","ItemPage"],"@id":"https:\/\/www.uartes.edu.ec\/sitio\/fr\/blog\/2022\/12\/19\/en-la-uartes-se-entregaron-certificados-a-los-51-participantes-de-curso-de-kichwa\/","url":"https:\/\/www.uartes.edu.ec\/sitio\/fr\/blog\/2022\/12\/19\/en-la-uartes-se-entregaron-certificados-a-los-51-participantes-de-curso-de-kichwa\/","name":"Universidad de las Artes - En la UArtes se entregaron certificados a 51 participantes de curso de kichwa","isPartOf":{"@id":"https:\/\/www.uartes.edu.ec\/sitio\/fr\/#website"},"primaryImageOfPage":{"@id":"https:\/\/www.uartes.edu.ec\/sitio\/fr\/blog\/2022\/12\/19\/en-la-uartes-se-entregaron-certificados-a-los-51-participantes-de-curso-de-kichwa\/#primaryimage"},"image":{"@id":"https:\/\/www.uartes.edu.ec\/sitio\/fr\/blog\/2022\/12\/19\/en-la-uartes-se-entregaron-certificados-a-los-51-participantes-de-curso-de-kichwa\/#primaryimage"},"thumbnailUrl":"https:\/\/www.uartes.edu.ec\/sitio\/wp-content\/uploads\/2022\/12\/qq.jpg","datePublished":"2022-12-19T20:56:00+00:00","dateModified":"2024-07-04T16:22:18+00:00","description":"Universidad de las Artes - En la UArtes se entregaron certificados a 51 participantes de curso de kichwa","breadcrumb":{"@id":"https:\/\/www.uartes.edu.ec\/sitio\/fr\/blog\/2022\/12\/19\/en-la-uartes-se-entregaron-certificados-a-los-51-participantes-de-curso-de-kichwa\/#breadcrumb"},"inLanguage":"fr-FR","potentialAction":[{"@type":"ReadAction","target":["https:\/\/www.uartes.edu.ec\/sitio\/fr\/blog\/2022\/12\/19\/en-la-uartes-se-entregaron-certificados-a-los-51-participantes-de-curso-de-kichwa\/"]}]},{"@type":"ImageObject","inLanguage":"fr-FR","@id":"https:\/\/www.uartes.edu.ec\/sitio\/fr\/blog\/2022\/12\/19\/en-la-uartes-se-entregaron-certificados-a-los-51-participantes-de-curso-de-kichwa\/#primaryimage","url":"https:\/\/www.uartes.edu.ec\/sitio\/wp-content\/uploads\/2022\/12\/qq.jpg","contentUrl":"https:\/\/www.uartes.edu.ec\/sitio\/wp-content\/uploads\/2022\/12\/qq.jpg","width":2000,"height":1333},{"@type":"BreadcrumbList","@id":"https:\/\/www.uartes.edu.ec\/sitio\/fr\/blog\/2022\/12\/19\/en-la-uartes-se-entregaron-certificados-a-los-51-participantes-de-curso-de-kichwa\/#breadcrumb","itemListElement":[{"@type":"ListItem","position":1,"name":"Inicio","item":"https:\/\/www.uartes.edu.ec\/sitio\/"},{"@type":"ListItem","position":2,"name":"En la UArtes se entregaron certificados a 51 participantes de curso de kichwa"}]},{"@type":"WebSite","@id":"https:\/\/www.uartes.edu.ec\/sitio\/fr\/#website","url":"https:\/\/www.uartes.edu.ec\/sitio\/fr\/","name":"Universidad de las Artes","description":"Sitio oficial de la Universidad Nacional de las Artes del Ecuador","publisher":{"@id":"https:\/\/www.uartes.edu.ec\/sitio\/fr\/#organization"},"potentialAction":[{"@type":"SearchAction","target":{"@type":"EntryPoint","urlTemplate":"https:\/\/www.uartes.edu.ec\/sitio\/fr\/?s={search_term_string}"},"query-input":{"@type":"PropertyValueSpecification","valueRequired":true,"valueName":"search_term_string"}}],"inLanguage":"fr-FR"},{"@type":"Organization","@id":"https:\/\/www.uartes.edu.ec\/sitio\/fr\/#organization","name":"Universidad de las Artes","url":"https:\/\/www.uartes.edu.ec\/sitio\/fr\/","logo":{"@type":"ImageObject","inLanguage":"fr-FR","@id":"https:\/\/www.uartes.edu.ec\/sitio\/fr\/#\/schema\/logo\/image\/","url":"https:\/\/www.uartes.edu.ec\/sitio\/wp-content\/uploads\/2022\/07\/logo-ua-horizontal.png","contentUrl":"https:\/\/www.uartes.edu.ec\/sitio\/wp-content\/uploads\/2022\/07\/logo-ua-horizontal.png","width":800,"height":276,"caption":"Universidad de las Artes"},"image":{"@id":"https:\/\/www.uartes.edu.ec\/sitio\/fr\/#\/schema\/logo\/image\/"},"sameAs":["https:\/\/www.facebook.com\/uartesec","https:\/\/x.com\/uartesec","https:\/\/www.tiktok.com\/@uartesec"]},{"@type":"Person","@id":"https:\/\/www.uartes.edu.ec\/sitio\/fr\/#\/schema\/person\/efa1b8275797664fd7f13a79ccc0b1f4","name":"ccortez","image":{"@type":"ImageObject","inLanguage":"fr-FR","@id":"https:\/\/secure.gravatar.com\/avatar\/b2a6f664a3ae8e074346ef91775736c5ec479e637ecced6842de9dc98b5da9cd?s=96&d=mm&r=g","url":"https:\/\/secure.gravatar.com\/avatar\/b2a6f664a3ae8e074346ef91775736c5ec479e637ecced6842de9dc98b5da9cd?s=96&d=mm&r=g","contentUrl":"https:\/\/secure.gravatar.com\/avatar\/b2a6f664a3ae8e074346ef91775736c5ec479e637ecced6842de9dc98b5da9cd?s=96&d=mm&r=g","caption":"ccortez"},"url":"https:\/\/www.uartes.edu.ec\/sitio\/fr\/blog\/author\/ccortez\/"}]}},"uagb_featured_image_src":{"full":["https:\/\/www.uartes.edu.ec\/sitio\/wp-content\/uploads\/2022\/12\/qq.jpg",2000,1333,false],"thumbnail":["https:\/\/www.uartes.edu.ec\/sitio\/wp-content\/uploads\/2022\/12\/qq-150x150.jpg",150,150,true],"medium":["https:\/\/www.uartes.edu.ec\/sitio\/wp-content\/uploads\/2022\/12\/qq-300x200.jpg",300,200,true],"medium_large":["https:\/\/www.uartes.edu.ec\/sitio\/wp-content\/uploads\/2022\/12\/qq-768x512.jpg",768,512,true],"large":["https:\/\/www.uartes.edu.ec\/sitio\/wp-content\/uploads\/2022\/12\/qq-644x429.jpg",644,429,true],"1536x1536":["https:\/\/www.uartes.edu.ec\/sitio\/wp-content\/uploads\/2022\/12\/qq-1536x1024.jpg",1536,1024,true],"2048x2048":["https:\/\/www.uartes.edu.ec\/sitio\/wp-content\/uploads\/2022\/12\/qq.jpg",2000,1333,false],"trp-custom-language-flag":["https:\/\/www.uartes.edu.ec\/sitio\/wp-content\/uploads\/2022\/12\/qq.jpg",18,12,false],"htmega_size_585x295":["https:\/\/www.uartes.edu.ec\/sitio\/wp-content\/uploads\/2022\/12\/qq.jpg",443,295,false],"htmega_size_1170x536":["https:\/\/www.uartes.edu.ec\/sitio\/wp-content\/uploads\/2022\/12\/qq.jpg",804,536,false],"htmega_size_396x360":["https:\/\/www.uartes.edu.ec\/sitio\/wp-content\/uploads\/2022\/12\/qq.jpg",396,264,false],"gb-block-post-grid-landscape":["https:\/\/www.uartes.edu.ec\/sitio\/wp-content\/uploads\/2022\/12\/qq-600x400.jpg",600,400,true],"gb-block-post-grid-square":["https:\/\/www.uartes.edu.ec\/sitio\/wp-content\/uploads\/2022\/12\/qq-600x600.jpg",600,600,true],"university-hub-thumb":["https:\/\/www.uartes.edu.ec\/sitio\/wp-content\/uploads\/2022\/12\/qq-400x267.jpg",400,267,true]},"uagb_author_info":{"display_name":"ccortez","author_link":"https:\/\/www.uartes.edu.ec\/sitio\/fr\/blog\/author\/ccortez\/"},"uagb_comment_info":0,"uagb_excerpt":"En la terraza del patrimonial edificio El Tel\u00e9grafo se realiz\u00f3 el 16 de diciembre la entrega de certificados a los participantes del curso de kichwa dictado por Ra\u00fal Aucanshala, Cristian Inguillay, Ra\u00fal Chankawasay y Diana Gual\u00e1n, maestros en unidades interculturales biling\u00fces o institutos superiores. Ana Carrillo, docente UArtes, da detalles de la actividad, la cual\u2026","featured_image_src":"https:\/\/www.uartes.edu.ec\/sitio\/wp-content\/uploads\/2022\/12\/qq-600x400.jpg","featured_image_src_square":"https:\/\/www.uartes.edu.ec\/sitio\/wp-content\/uploads\/2022\/12\/qq-600x600.jpg","author_info":{"display_name":"ccortez","author_link":"https:\/\/www.uartes.edu.ec\/sitio\/fr\/blog\/author\/ccortez\/"},"publishpress_future_workflow_manual_trigger":{"enabledWorkflows":[]},"distributor_meta":false,"distributor_terms":false,"distributor_media":false,"distributor_original_site_name":"Universidad de las Artes","distributor_original_site_url":"https:\/\/www.uartes.edu.ec\/sitio\/fr","push-errors":false,"_links":{"self":[{"href":"https:\/\/www.uartes.edu.ec\/sitio\/fr\/wp-json\/wp\/v2\/posts\/34621","targetHints":{"allow":["GET"]}}],"collection":[{"href":"https:\/\/www.uartes.edu.ec\/sitio\/fr\/wp-json\/wp\/v2\/posts"}],"about":[{"href":"https:\/\/www.uartes.edu.ec\/sitio\/fr\/wp-json\/wp\/v2\/types\/post"}],"author":[{"embeddable":true,"href":"https:\/\/www.uartes.edu.ec\/sitio\/fr\/wp-json\/wp\/v2\/users\/10"}],"replies":[{"embeddable":true,"href":"https:\/\/www.uartes.edu.ec\/sitio\/fr\/wp-json\/wp\/v2\/comments?post=34621"}],"version-history":[{"count":3,"href":"https:\/\/www.uartes.edu.ec\/sitio\/fr\/wp-json\/wp\/v2\/posts\/34621\/revisions"}],"predecessor-version":[{"id":34631,"href":"https:\/\/www.uartes.edu.ec\/sitio\/fr\/wp-json\/wp\/v2\/posts\/34621\/revisions\/34631"}],"wp:featuredmedia":[{"embeddable":true,"href":"https:\/\/www.uartes.edu.ec\/sitio\/fr\/wp-json\/wp\/v2\/media\/34622"}],"wp:attachment":[{"href":"https:\/\/www.uartes.edu.ec\/sitio\/fr\/wp-json\/wp\/v2\/media?parent=34621"}],"wp:term":[{"taxonomy":"category","embeddable":true,"href":"https:\/\/www.uartes.edu.ec\/sitio\/fr\/wp-json\/wp\/v2\/categories?post=34621"},{"taxonomy":"post_tag","embeddable":true,"href":"https:\/\/www.uartes.edu.ec\/sitio\/fr\/wp-json\/wp\/v2\/tags?post=34621"},{"taxonomy":"infouartes","embeddable":true,"href":"https:\/\/www.uartes.edu.ec\/sitio\/fr\/wp-json\/wp\/v2\/infouartes?post=34621"}],"curies":[{"name":"wp","href":"https:\/\/api.w.org\/{rel}","templated":true}]}}