{"id":3475,"date":"2019-05-06T17:16:07","date_gmt":"2019-05-06T22:16:07","guid":{"rendered":"http:\/\/www.uartes.edu.ec\/sitio\/?p=3475"},"modified":"2024-07-04T11:51:11","modified_gmt":"2024-07-04T16:51:11","slug":"musica-algoritmica-en-manos-de-david-barberan","status":"publish","type":"post","link":"https:\/\/www.uartes.edu.ec\/sitio\/fr\/blog\/2019\/05\/06\/musica-algoritmica-en-manos-de-david-barberan\/","title":{"rendered":"M\u00fasica algor\u00edtmica en manos de David Barber\u00e1n"},"content":{"rendered":"<p>David Barber\u00e1n, estudiante de octavo semestre de la\nEscuela de Artes Sonoras, fue seleccionado para participar, en agosto pr\u00f3ximo,\nen el Festival Est\u00e9ticas Expandidas, que se realizar\u00e1 en Colombia.<\/p>\n\n\n\n<p>Est\u00e9ticas\nExpandidas es un espacio de exhibici\u00f3n, educaci\u00f3n y di\u00e1logo para po\u00e9ticas del\narte contempor\u00e1neo que surjan del sonido para expandirse a la visi\u00f3n y el\nespacio. Su objetivo es generar un contexto de creaci\u00f3n, experimentaci\u00f3n e\ninnovaci\u00f3n trans-disciplinar, que favorezca el enriquecimiento colaborativo de\nlas pr\u00e1cticas art\u00edsticas, tecnol\u00f3gicas, cient\u00edficas y de dise\u00f1o.<\/p>\n\n\n\n<p>Y es que desde peque\u00f1o David Barber\u00e1n ha demostrado\ninter\u00e9s en los n\u00fameros, la matem\u00e1tica y la f\u00edsica y ahora ha fusionado ese\ninter\u00e9s con su pasi\u00f3n por la m\u00fasica y las nuevas tecnolog\u00edas. Su proyecto NUM3R0S\n1RRAC10NAL3S (N\u00fameros Irracionales) es un estudio del ritmo por medio de\nc\u00f3digos, donde se utilizan n\u00fameros irracionales. Es decir, n\u00fameros con\ndecimales infinitos, para crear patrones r\u00edtmicos que no son constantes y que\nal tocarlos juntos suenan de una forma diferente. \u201cEs m\u00fasica algor\u00edtmica, con\ntiempos que no son exactos, porque son c\u00e1lculos algor\u00edtmicos de n\u00fameros\nirracionales\u201d, afirma el estudiante de la UArtes.<\/p>\n\n\n\n<p>Este proyecto cuenta con la obra \u201cTerapia para la Ritmofobia #1\u201d, que el pasado viernes 26 de abril se present\u00f3 en la Universidad San Francisco de Quito, en el encuentro multidisciplinar de creaci\u00f3n new media Hausmann 9.0, y \u201cTerapia para la Ritmofobia #2\u201d, que se estrenar\u00e1 en Colombia.<\/p>\n\n\n\n<p>Al momento de su presentaci\u00f3n, David Barber\u00e1n proyecta su\npantalla en vivo para que el p\u00fablico pueda ver la codificaci\u00f3n tambi\u00e9n en vivo.\nEn otras ocasiones, la pantalla proyecta dibujos, trazos y pol\u00edgamos que se\ncrean, al igual que la m\u00fasica, por medio de lenguajes compilados de programaci\u00f3n\nen tiempo real. Por esta raz\u00f3n tiene algo de improvisaci\u00f3n. \u201cLa computadora es\nuna herramienta poderosa para crear. Con este instrumento se mantiene un\ndi\u00e1logo primitivo entre su di\u00e1logo digital y mi di\u00e1logo humano\u201d, afirma. <\/p>\n\n\n\n<p>Por su inter\u00e9s en las nuevas tecnolog\u00edas pudo desarrollar\nen Guayaquil junto a la UArtes TransPiksel, un\nfestival internacional de arte, ciencia y tecnolog\u00eda libre de origen\nnoruego, donde participaron personas de Noruega, Suecia, Espa\u00f1a, Pa\u00edses Bajos,\nRusia, Estados Unidos, M\u00e9xico y Per\u00fa. Durante esa semana de intercambio\nmusical, David Barber\u00e1n y su colectivo presentaron una obra cuadrof\u00f3nica de ensamble\nelectr\u00f3nico con t\u00e9cnicas extendidas para viol\u00edn. Es decir, un concierto que\njunta los sonidos creados desde la computadora y los sonidos emitidos desde un\nviol\u00edn.<\/p>\n\n\n\n<p>\u201cLa\ncomputadora es un nuevo instrumento musical. Siempre pens\u00e9 que se podr\u00eda usar\nla programaci\u00f3n para la creaci\u00f3n de piezas musicales\u201d, indica David Barber\u00e1n.<\/p>","protected":false},"excerpt":{"rendered":"<p>David Barber\u00e1n, estudiante de octavo semestre de la Escuela de Artes Sonoras, fue seleccionado para participar, en agosto pr\u00f3ximo, en el Festival Est\u00e9ticas Expandidas, que se realizar\u00e1 en Colombia. Est\u00e9ticas Expandidas es un espacio de exhibici\u00f3n, educaci\u00f3n y di\u00e1logo para po\u00e9ticas del arte contempor\u00e1neo que surjan del sonido para expandirse a la visi\u00f3n y el [&hellip;]<\/p>\n","protected":false},"author":1,"featured_media":3473,"comment_status":"closed","ping_status":"closed","sticky":false,"template":"","format":"standard","meta":{"_acf_changed":false,"_uag_custom_page_level_css":"","_monsterinsights_skip_tracking":false,"_monsterinsights_sitenote_active":false,"_monsterinsights_sitenote_note":"","_monsterinsights_sitenote_category":0,"cybocfi_hide_featured_image":"","footnotes":""},"categories":[76],"tags":[],"infouartes":[],"class_list":["post-3475","post","type-post","status-publish","format-standard","has-post-thumbnail","hentry","category-estudiantes"],"acf":[],"yoast_head":"<!-- This site is optimized with the Yoast SEO plugin v27.4 - https:\/\/yoast.com\/product\/yoast-seo-wordpress\/ -->\n<title>Universidad de las Artes - M\u00fasica algor\u00edtmica en manos de David Barber\u00e1n<\/title>\n<meta name=\"description\" content=\"Universidad de las Artes - M\u00fasica algor\u00edtmica en manos de David Barber\u00e1n\" \/>\n<meta name=\"robots\" content=\"index, follow, max-snippet:-1, max-image-preview:large, max-video-preview:-1\" \/>\n<link rel=\"canonical\" href=\"https:\/\/www.uartes.edu.ec\/sitio\/fr\/blog\/2019\/05\/06\/musica-algoritmica-en-manos-de-david-barberan\/\" \/>\n<meta property=\"og:locale\" content=\"fr_FR\" \/>\n<meta property=\"og:type\" content=\"article\" \/>\n<meta property=\"og:title\" content=\"Universidad de las Artes - M\u00fasica algor\u00edtmica en manos de David Barber\u00e1n\" \/>\n<meta property=\"og:description\" content=\"Universidad de las Artes - M\u00fasica algor\u00edtmica en manos de David Barber\u00e1n\" \/>\n<meta property=\"og:url\" content=\"https:\/\/www.uartes.edu.ec\/sitio\/fr\/blog\/2019\/05\/06\/musica-algoritmica-en-manos-de-david-barberan\/\" \/>\n<meta property=\"og:site_name\" content=\"Universidad de las Artes\" \/>\n<meta property=\"article:publisher\" content=\"https:\/\/www.facebook.com\/uartesec\" \/>\n<meta property=\"article:published_time\" content=\"2019-05-06T22:16:07+00:00\" \/>\n<meta property=\"article:modified_time\" content=\"2024-07-04T16:51:11+00:00\" \/>\n<meta property=\"og:image\" content=\"https:\/\/www.uartes.edu.ec\/sitio\/wp-content\/uploads\/2019\/05\/IMG_8134.jpg\" \/>\n\t<meta property=\"og:image:width\" content=\"1500\" \/>\n\t<meta property=\"og:image:height\" content=\"1000\" \/>\n\t<meta property=\"og:image:type\" content=\"image\/jpeg\" \/>\n<meta name=\"author\" content=\"Universidad de las Artes\" \/>\n<meta name=\"twitter:card\" content=\"summary_large_image\" \/>\n<meta name=\"twitter:creator\" content=\"@uartesec\" \/>\n<meta name=\"twitter:site\" content=\"@uartesec\" \/>\n<meta name=\"twitter:label1\" content=\"\u00c9crit par\" \/>\n\t<meta name=\"twitter:data1\" content=\"Universidad de las Artes\" \/>\n\t<meta name=\"twitter:label2\" content=\"Dur\u00e9e de lecture estim\u00e9e\" \/>\n\t<meta name=\"twitter:data2\" content=\"2 minutes\" \/>\n<script type=\"application\/ld+json\" class=\"yoast-schema-graph\">{\"@context\":\"https:\\\/\\\/schema.org\",\"@graph\":[{\"@type\":\"Article\",\"@id\":\"https:\\\/\\\/www.uartes.edu.ec\\\/sitio\\\/fr\\\/blog\\\/2019\\\/05\\\/06\\\/musica-algoritmica-en-manos-de-david-barberan\\\/#article\",\"isPartOf\":{\"@id\":\"https:\\\/\\\/www.uartes.edu.ec\\\/sitio\\\/fr\\\/blog\\\/2019\\\/05\\\/06\\\/musica-algoritmica-en-manos-de-david-barberan\\\/\"},\"author\":{\"name\":\"Universidad de las Artes\",\"@id\":\"https:\\\/\\\/www.uartes.edu.ec\\\/sitio\\\/fr\\\/#\\\/schema\\\/person\\\/f33f8c1d2af0d5c80a38c8abf458184a\"},\"headline\":\"M\u00fasica algor\u00edtmica en manos de David Barber\u00e1n\",\"datePublished\":\"2019-05-06T22:16:07+00:00\",\"dateModified\":\"2024-07-04T16:51:11+00:00\",\"mainEntityOfPage\":{\"@id\":\"https:\\\/\\\/www.uartes.edu.ec\\\/sitio\\\/fr\\\/blog\\\/2019\\\/05\\\/06\\\/musica-algoritmica-en-manos-de-david-barberan\\\/\"},\"wordCount\":500,\"publisher\":{\"@id\":\"https:\\\/\\\/www.uartes.edu.ec\\\/sitio\\\/fr\\\/#organization\"},\"image\":{\"@id\":\"https:\\\/\\\/www.uartes.edu.ec\\\/sitio\\\/fr\\\/blog\\\/2019\\\/05\\\/06\\\/musica-algoritmica-en-manos-de-david-barberan\\\/#primaryimage\"},\"thumbnailUrl\":\"https:\\\/\\\/www.uartes.edu.ec\\\/sitio\\\/wp-content\\\/uploads\\\/2019\\\/05\\\/IMG_8134.jpg\",\"articleSection\":[\"Estudiantes\"],\"inLanguage\":\"fr-FR\"},{\"@type\":[\"WebPage\",\"ItemPage\"],\"@id\":\"https:\\\/\\\/www.uartes.edu.ec\\\/sitio\\\/fr\\\/blog\\\/2019\\\/05\\\/06\\\/musica-algoritmica-en-manos-de-david-barberan\\\/\",\"url\":\"https:\\\/\\\/www.uartes.edu.ec\\\/sitio\\\/fr\\\/blog\\\/2019\\\/05\\\/06\\\/musica-algoritmica-en-manos-de-david-barberan\\\/\",\"name\":\"Universidad de las Artes - M\u00fasica algor\u00edtmica en manos de David Barber\u00e1n\",\"isPartOf\":{\"@id\":\"https:\\\/\\\/www.uartes.edu.ec\\\/sitio\\\/fr\\\/#website\"},\"primaryImageOfPage\":{\"@id\":\"https:\\\/\\\/www.uartes.edu.ec\\\/sitio\\\/fr\\\/blog\\\/2019\\\/05\\\/06\\\/musica-algoritmica-en-manos-de-david-barberan\\\/#primaryimage\"},\"image\":{\"@id\":\"https:\\\/\\\/www.uartes.edu.ec\\\/sitio\\\/fr\\\/blog\\\/2019\\\/05\\\/06\\\/musica-algoritmica-en-manos-de-david-barberan\\\/#primaryimage\"},\"thumbnailUrl\":\"https:\\\/\\\/www.uartes.edu.ec\\\/sitio\\\/wp-content\\\/uploads\\\/2019\\\/05\\\/IMG_8134.jpg\",\"datePublished\":\"2019-05-06T22:16:07+00:00\",\"dateModified\":\"2024-07-04T16:51:11+00:00\",\"description\":\"Universidad de las Artes - M\u00fasica algor\u00edtmica en manos de David Barber\u00e1n\",\"breadcrumb\":{\"@id\":\"https:\\\/\\\/www.uartes.edu.ec\\\/sitio\\\/fr\\\/blog\\\/2019\\\/05\\\/06\\\/musica-algoritmica-en-manos-de-david-barberan\\\/#breadcrumb\"},\"inLanguage\":\"fr-FR\",\"potentialAction\":[{\"@type\":\"ReadAction\",\"target\":[\"https:\\\/\\\/www.uartes.edu.ec\\\/sitio\\\/fr\\\/blog\\\/2019\\\/05\\\/06\\\/musica-algoritmica-en-manos-de-david-barberan\\\/\"]}]},{\"@type\":\"ImageObject\",\"inLanguage\":\"fr-FR\",\"@id\":\"https:\\\/\\\/www.uartes.edu.ec\\\/sitio\\\/fr\\\/blog\\\/2019\\\/05\\\/06\\\/musica-algoritmica-en-manos-de-david-barberan\\\/#primaryimage\",\"url\":\"https:\\\/\\\/www.uartes.edu.ec\\\/sitio\\\/wp-content\\\/uploads\\\/2019\\\/05\\\/IMG_8134.jpg\",\"contentUrl\":\"https:\\\/\\\/www.uartes.edu.ec\\\/sitio\\\/wp-content\\\/uploads\\\/2019\\\/05\\\/IMG_8134.jpg\",\"width\":1500,\"height\":1000},{\"@type\":\"BreadcrumbList\",\"@id\":\"https:\\\/\\\/www.uartes.edu.ec\\\/sitio\\\/fr\\\/blog\\\/2019\\\/05\\\/06\\\/musica-algoritmica-en-manos-de-david-barberan\\\/#breadcrumb\",\"itemListElement\":[{\"@type\":\"ListItem\",\"position\":1,\"name\":\"Inicio\",\"item\":\"https:\\\/\\\/www.uartes.edu.ec\\\/sitio\\\/\"},{\"@type\":\"ListItem\",\"position\":2,\"name\":\"M\u00fasica algor\u00edtmica en manos de David Barber\u00e1n\"}]},{\"@type\":\"WebSite\",\"@id\":\"https:\\\/\\\/www.uartes.edu.ec\\\/sitio\\\/fr\\\/#website\",\"url\":\"https:\\\/\\\/www.uartes.edu.ec\\\/sitio\\\/fr\\\/\",\"name\":\"Universidad de las Artes\",\"description\":\"Sitio oficial de la Universidad Nacional de las Artes del Ecuador\",\"publisher\":{\"@id\":\"https:\\\/\\\/www.uartes.edu.ec\\\/sitio\\\/fr\\\/#organization\"},\"potentialAction\":[{\"@type\":\"SearchAction\",\"target\":{\"@type\":\"EntryPoint\",\"urlTemplate\":\"https:\\\/\\\/www.uartes.edu.ec\\\/sitio\\\/fr\\\/?s={search_term_string}\"},\"query-input\":{\"@type\":\"PropertyValueSpecification\",\"valueRequired\":true,\"valueName\":\"search_term_string\"}}],\"inLanguage\":\"fr-FR\"},{\"@type\":\"Organization\",\"@id\":\"https:\\\/\\\/www.uartes.edu.ec\\\/sitio\\\/fr\\\/#organization\",\"name\":\"Universidad de las Artes\",\"url\":\"https:\\\/\\\/www.uartes.edu.ec\\\/sitio\\\/fr\\\/\",\"logo\":{\"@type\":\"ImageObject\",\"inLanguage\":\"fr-FR\",\"@id\":\"https:\\\/\\\/www.uartes.edu.ec\\\/sitio\\\/fr\\\/#\\\/schema\\\/logo\\\/image\\\/\",\"url\":\"https:\\\/\\\/www.uartes.edu.ec\\\/sitio\\\/wp-content\\\/uploads\\\/2022\\\/07\\\/logo-ua-horizontal.png\",\"contentUrl\":\"https:\\\/\\\/www.uartes.edu.ec\\\/sitio\\\/wp-content\\\/uploads\\\/2022\\\/07\\\/logo-ua-horizontal.png\",\"width\":800,\"height\":276,\"caption\":\"Universidad de las Artes\"},\"image\":{\"@id\":\"https:\\\/\\\/www.uartes.edu.ec\\\/sitio\\\/fr\\\/#\\\/schema\\\/logo\\\/image\\\/\"},\"sameAs\":[\"https:\\\/\\\/www.facebook.com\\\/uartesec\",\"https:\\\/\\\/x.com\\\/uartesec\",\"https:\\\/\\\/www.tiktok.com\\\/@uartesec\"]},{\"@type\":\"Person\",\"@id\":\"https:\\\/\\\/www.uartes.edu.ec\\\/sitio\\\/fr\\\/#\\\/schema\\\/person\\\/f33f8c1d2af0d5c80a38c8abf458184a\",\"name\":\"Universidad de las Artes\",\"image\":{\"@type\":\"ImageObject\",\"inLanguage\":\"fr-FR\",\"@id\":\"https:\\\/\\\/secure.gravatar.com\\\/avatar\\\/52e4757902f5cfa5ac52d020e5be83cae5487519154b6c35482fe08d589f3c13?s=96&d=mm&r=g\",\"url\":\"https:\\\/\\\/secure.gravatar.com\\\/avatar\\\/52e4757902f5cfa5ac52d020e5be83cae5487519154b6c35482fe08d589f3c13?s=96&d=mm&r=g\",\"contentUrl\":\"https:\\\/\\\/secure.gravatar.com\\\/avatar\\\/52e4757902f5cfa5ac52d020e5be83cae5487519154b6c35482fe08d589f3c13?s=96&d=mm&r=g\",\"caption\":\"Universidad de las Artes\"},\"url\":\"https:\\\/\\\/www.uartes.edu.ec\\\/sitio\\\/fr\\\/blog\\\/author\\\/dircomadm\\\/\"}]}<\/script>\n<!-- \/ Yoast SEO plugin. -->","yoast_head_json":{"title":"Universidad de las Artes - M\u00fasica algor\u00edtmica en manos de David Barber\u00e1n","description":"Universidad de las Artes - M\u00fasica algor\u00edtmica en manos de David Barber\u00e1n","robots":{"index":"index","follow":"follow","max-snippet":"max-snippet:-1","max-image-preview":"max-image-preview:large","max-video-preview":"max-video-preview:-1"},"canonical":"https:\/\/www.uartes.edu.ec\/sitio\/fr\/blog\/2019\/05\/06\/musica-algoritmica-en-manos-de-david-barberan\/","og_locale":"fr_FR","og_type":"article","og_title":"Universidad de las Artes - M\u00fasica algor\u00edtmica en manos de David Barber\u00e1n","og_description":"Universidad de las Artes - M\u00fasica algor\u00edtmica en manos de David Barber\u00e1n","og_url":"https:\/\/www.uartes.edu.ec\/sitio\/fr\/blog\/2019\/05\/06\/musica-algoritmica-en-manos-de-david-barberan\/","og_site_name":"Universidad de las Artes","article_publisher":"https:\/\/www.facebook.com\/uartesec","article_published_time":"2019-05-06T22:16:07+00:00","article_modified_time":"2024-07-04T16:51:11+00:00","og_image":[{"width":1500,"height":1000,"url":"https:\/\/www.uartes.edu.ec\/sitio\/wp-content\/uploads\/2019\/05\/IMG_8134.jpg","type":"image\/jpeg"}],"author":"Universidad de las Artes","twitter_card":"summary_large_image","twitter_creator":"@uartesec","twitter_site":"@uartesec","twitter_misc":{"\u00c9crit par":"Universidad de las Artes","Dur\u00e9e de lecture estim\u00e9e":"2 minutes"},"schema":{"@context":"https:\/\/schema.org","@graph":[{"@type":"Article","@id":"https:\/\/www.uartes.edu.ec\/sitio\/fr\/blog\/2019\/05\/06\/musica-algoritmica-en-manos-de-david-barberan\/#article","isPartOf":{"@id":"https:\/\/www.uartes.edu.ec\/sitio\/fr\/blog\/2019\/05\/06\/musica-algoritmica-en-manos-de-david-barberan\/"},"author":{"name":"Universidad de las Artes","@id":"https:\/\/www.uartes.edu.ec\/sitio\/fr\/#\/schema\/person\/f33f8c1d2af0d5c80a38c8abf458184a"},"headline":"M\u00fasica algor\u00edtmica en manos de David Barber\u00e1n","datePublished":"2019-05-06T22:16:07+00:00","dateModified":"2024-07-04T16:51:11+00:00","mainEntityOfPage":{"@id":"https:\/\/www.uartes.edu.ec\/sitio\/fr\/blog\/2019\/05\/06\/musica-algoritmica-en-manos-de-david-barberan\/"},"wordCount":500,"publisher":{"@id":"https:\/\/www.uartes.edu.ec\/sitio\/fr\/#organization"},"image":{"@id":"https:\/\/www.uartes.edu.ec\/sitio\/fr\/blog\/2019\/05\/06\/musica-algoritmica-en-manos-de-david-barberan\/#primaryimage"},"thumbnailUrl":"https:\/\/www.uartes.edu.ec\/sitio\/wp-content\/uploads\/2019\/05\/IMG_8134.jpg","articleSection":["Estudiantes"],"inLanguage":"fr-FR"},{"@type":["WebPage","ItemPage"],"@id":"https:\/\/www.uartes.edu.ec\/sitio\/fr\/blog\/2019\/05\/06\/musica-algoritmica-en-manos-de-david-barberan\/","url":"https:\/\/www.uartes.edu.ec\/sitio\/fr\/blog\/2019\/05\/06\/musica-algoritmica-en-manos-de-david-barberan\/","name":"Universidad de las Artes - M\u00fasica algor\u00edtmica en manos de David Barber\u00e1n","isPartOf":{"@id":"https:\/\/www.uartes.edu.ec\/sitio\/fr\/#website"},"primaryImageOfPage":{"@id":"https:\/\/www.uartes.edu.ec\/sitio\/fr\/blog\/2019\/05\/06\/musica-algoritmica-en-manos-de-david-barberan\/#primaryimage"},"image":{"@id":"https:\/\/www.uartes.edu.ec\/sitio\/fr\/blog\/2019\/05\/06\/musica-algoritmica-en-manos-de-david-barberan\/#primaryimage"},"thumbnailUrl":"https:\/\/www.uartes.edu.ec\/sitio\/wp-content\/uploads\/2019\/05\/IMG_8134.jpg","datePublished":"2019-05-06T22:16:07+00:00","dateModified":"2024-07-04T16:51:11+00:00","description":"Universidad de las Artes - M\u00fasica algor\u00edtmica en manos de David Barber\u00e1n","breadcrumb":{"@id":"https:\/\/www.uartes.edu.ec\/sitio\/fr\/blog\/2019\/05\/06\/musica-algoritmica-en-manos-de-david-barberan\/#breadcrumb"},"inLanguage":"fr-FR","potentialAction":[{"@type":"ReadAction","target":["https:\/\/www.uartes.edu.ec\/sitio\/fr\/blog\/2019\/05\/06\/musica-algoritmica-en-manos-de-david-barberan\/"]}]},{"@type":"ImageObject","inLanguage":"fr-FR","@id":"https:\/\/www.uartes.edu.ec\/sitio\/fr\/blog\/2019\/05\/06\/musica-algoritmica-en-manos-de-david-barberan\/#primaryimage","url":"https:\/\/www.uartes.edu.ec\/sitio\/wp-content\/uploads\/2019\/05\/IMG_8134.jpg","contentUrl":"https:\/\/www.uartes.edu.ec\/sitio\/wp-content\/uploads\/2019\/05\/IMG_8134.jpg","width":1500,"height":1000},{"@type":"BreadcrumbList","@id":"https:\/\/www.uartes.edu.ec\/sitio\/fr\/blog\/2019\/05\/06\/musica-algoritmica-en-manos-de-david-barberan\/#breadcrumb","itemListElement":[{"@type":"ListItem","position":1,"name":"Inicio","item":"https:\/\/www.uartes.edu.ec\/sitio\/"},{"@type":"ListItem","position":2,"name":"M\u00fasica algor\u00edtmica en manos de David Barber\u00e1n"}]},{"@type":"WebSite","@id":"https:\/\/www.uartes.edu.ec\/sitio\/fr\/#website","url":"https:\/\/www.uartes.edu.ec\/sitio\/fr\/","name":"Universidad de las Artes","description":"Sitio oficial de la Universidad Nacional de las Artes del Ecuador","publisher":{"@id":"https:\/\/www.uartes.edu.ec\/sitio\/fr\/#organization"},"potentialAction":[{"@type":"SearchAction","target":{"@type":"EntryPoint","urlTemplate":"https:\/\/www.uartes.edu.ec\/sitio\/fr\/?s={search_term_string}"},"query-input":{"@type":"PropertyValueSpecification","valueRequired":true,"valueName":"search_term_string"}}],"inLanguage":"fr-FR"},{"@type":"Organization","@id":"https:\/\/www.uartes.edu.ec\/sitio\/fr\/#organization","name":"Universidad de las Artes","url":"https:\/\/www.uartes.edu.ec\/sitio\/fr\/","logo":{"@type":"ImageObject","inLanguage":"fr-FR","@id":"https:\/\/www.uartes.edu.ec\/sitio\/fr\/#\/schema\/logo\/image\/","url":"https:\/\/www.uartes.edu.ec\/sitio\/wp-content\/uploads\/2022\/07\/logo-ua-horizontal.png","contentUrl":"https:\/\/www.uartes.edu.ec\/sitio\/wp-content\/uploads\/2022\/07\/logo-ua-horizontal.png","width":800,"height":276,"caption":"Universidad de las Artes"},"image":{"@id":"https:\/\/www.uartes.edu.ec\/sitio\/fr\/#\/schema\/logo\/image\/"},"sameAs":["https:\/\/www.facebook.com\/uartesec","https:\/\/x.com\/uartesec","https:\/\/www.tiktok.com\/@uartesec"]},{"@type":"Person","@id":"https:\/\/www.uartes.edu.ec\/sitio\/fr\/#\/schema\/person\/f33f8c1d2af0d5c80a38c8abf458184a","name":"Universidad de las Artes","image":{"@type":"ImageObject","inLanguage":"fr-FR","@id":"https:\/\/secure.gravatar.com\/avatar\/52e4757902f5cfa5ac52d020e5be83cae5487519154b6c35482fe08d589f3c13?s=96&d=mm&r=g","url":"https:\/\/secure.gravatar.com\/avatar\/52e4757902f5cfa5ac52d020e5be83cae5487519154b6c35482fe08d589f3c13?s=96&d=mm&r=g","contentUrl":"https:\/\/secure.gravatar.com\/avatar\/52e4757902f5cfa5ac52d020e5be83cae5487519154b6c35482fe08d589f3c13?s=96&d=mm&r=g","caption":"Universidad de las Artes"},"url":"https:\/\/www.uartes.edu.ec\/sitio\/fr\/blog\/author\/dircomadm\/"}]}},"uagb_featured_image_src":{"full":["https:\/\/www.uartes.edu.ec\/sitio\/wp-content\/uploads\/2019\/05\/IMG_8134.jpg",1500,1000,false],"thumbnail":["https:\/\/www.uartes.edu.ec\/sitio\/wp-content\/uploads\/2019\/05\/IMG_8134-150x150.jpg",150,150,true],"medium":["https:\/\/www.uartes.edu.ec\/sitio\/wp-content\/uploads\/2019\/05\/IMG_8134-300x200.jpg",300,200,true],"medium_large":["https:\/\/www.uartes.edu.ec\/sitio\/wp-content\/uploads\/2019\/05\/IMG_8134-768x512.jpg",768,512,true],"large":["https:\/\/www.uartes.edu.ec\/sitio\/wp-content\/uploads\/2019\/05\/IMG_8134-644x429.jpg",644,429,true],"1536x1536":["https:\/\/www.uartes.edu.ec\/sitio\/wp-content\/uploads\/2019\/05\/IMG_8134.jpg",1500,1000,false],"2048x2048":["https:\/\/www.uartes.edu.ec\/sitio\/wp-content\/uploads\/2019\/05\/IMG_8134.jpg",1500,1000,false],"trp-custom-language-flag":["https:\/\/www.uartes.edu.ec\/sitio\/wp-content\/uploads\/2019\/05\/IMG_8134.jpg",18,12,false],"htmega_size_585x295":["https:\/\/www.uartes.edu.ec\/sitio\/wp-content\/uploads\/2019\/05\/IMG_8134.jpg",443,295,false],"htmega_size_1170x536":["https:\/\/www.uartes.edu.ec\/sitio\/wp-content\/uploads\/2019\/05\/IMG_8134.jpg",804,536,false],"htmega_size_396x360":["https:\/\/www.uartes.edu.ec\/sitio\/wp-content\/uploads\/2019\/05\/IMG_8134.jpg",396,264,false],"gb-block-post-grid-landscape":["https:\/\/www.uartes.edu.ec\/sitio\/wp-content\/uploads\/2019\/05\/IMG_8134.jpg",600,400,false],"gb-block-post-grid-square":["https:\/\/www.uartes.edu.ec\/sitio\/wp-content\/uploads\/2019\/05\/IMG_8134.jpg",600,400,false],"university-hub-thumb":["https:\/\/www.uartes.edu.ec\/sitio\/wp-content\/uploads\/2019\/05\/IMG_8134-400x267.jpg",400,267,true],"mailpoet_newsletter_max":["https:\/\/www.uartes.edu.ec\/sitio\/wp-content\/uploads\/2019\/05\/IMG_8134.jpg",1320,880,false]},"uagb_author_info":{"display_name":"Universidad de las Artes","author_link":"https:\/\/www.uartes.edu.ec\/sitio\/fr\/blog\/author\/dircomadm\/"},"uagb_comment_info":0,"uagb_excerpt":"David Barber\u00e1n, estudiante de octavo semestre de la Escuela de Artes Sonoras, fue seleccionado para participar, en agosto pr\u00f3ximo, en el Festival Est\u00e9ticas Expandidas, que se realizar\u00e1 en Colombia. Est\u00e9ticas Expandidas es un espacio de exhibici\u00f3n, educaci\u00f3n y di\u00e1logo para po\u00e9ticas del arte contempor\u00e1neo que surjan del sonido para expandirse a la visi\u00f3n y el\u2026","featured_image_src":"https:\/\/www.uartes.edu.ec\/sitio\/wp-content\/uploads\/2019\/05\/IMG_8134.jpg","featured_image_src_square":"https:\/\/www.uartes.edu.ec\/sitio\/wp-content\/uploads\/2019\/05\/IMG_8134.jpg","author_info":{"display_name":"Universidad de las Artes","author_link":"https:\/\/www.uartes.edu.ec\/sitio\/fr\/blog\/author\/dircomadm\/"},"publishpress_future_workflow_manual_trigger":{"enabledWorkflows":[]},"distributor_meta":false,"distributor_terms":false,"distributor_media":false,"distributor_original_site_name":"Universidad de las Artes","distributor_original_site_url":"https:\/\/www.uartes.edu.ec\/sitio\/fr","push-errors":false,"_links":{"self":[{"href":"https:\/\/www.uartes.edu.ec\/sitio\/fr\/wp-json\/wp\/v2\/posts\/3475","targetHints":{"allow":["GET"]}}],"collection":[{"href":"https:\/\/www.uartes.edu.ec\/sitio\/fr\/wp-json\/wp\/v2\/posts"}],"about":[{"href":"https:\/\/www.uartes.edu.ec\/sitio\/fr\/wp-json\/wp\/v2\/types\/post"}],"author":[{"embeddable":true,"href":"https:\/\/www.uartes.edu.ec\/sitio\/fr\/wp-json\/wp\/v2\/users\/1"}],"replies":[{"embeddable":true,"href":"https:\/\/www.uartes.edu.ec\/sitio\/fr\/wp-json\/wp\/v2\/comments?post=3475"}],"version-history":[{"count":2,"href":"https:\/\/www.uartes.edu.ec\/sitio\/fr\/wp-json\/wp\/v2\/posts\/3475\/revisions"}],"predecessor-version":[{"id":3477,"href":"https:\/\/www.uartes.edu.ec\/sitio\/fr\/wp-json\/wp\/v2\/posts\/3475\/revisions\/3477"}],"wp:featuredmedia":[{"embeddable":true,"href":"https:\/\/www.uartes.edu.ec\/sitio\/fr\/wp-json\/wp\/v2\/media\/3473"}],"wp:attachment":[{"href":"https:\/\/www.uartes.edu.ec\/sitio\/fr\/wp-json\/wp\/v2\/media?parent=3475"}],"wp:term":[{"taxonomy":"category","embeddable":true,"href":"https:\/\/www.uartes.edu.ec\/sitio\/fr\/wp-json\/wp\/v2\/categories?post=3475"},{"taxonomy":"post_tag","embeddable":true,"href":"https:\/\/www.uartes.edu.ec\/sitio\/fr\/wp-json\/wp\/v2\/tags?post=3475"},{"taxonomy":"infouartes","embeddable":true,"href":"https:\/\/www.uartes.edu.ec\/sitio\/fr\/wp-json\/wp\/v2\/infouartes?post=3475"}],"curies":[{"name":"wp","href":"https:\/\/api.w.org\/{rel}","templated":true}]}}